{"id":5604,"date":"2021-02-05T17:27:16","date_gmt":"2021-02-05T17:27:16","guid":{"rendered":"http:\/\/eldigitaldeasturias.com\/radio\/?p=5604"},"modified":"2021-02-05T17:27:16","modified_gmt":"2021-02-05T17:27:16","slug":"cultura-y-rtpa-presentan-los-programas-seleccionados-en-la-convocatoria-de-ayudas-a-la-produccion-audiovisual","status":"publish","type":"post","link":"https:\/\/eldigitaldeasturias.com\/radio\/cultura-y-rtpa-presentan-los-programas-seleccionados-en-la-convocatoria-de-ayudas-a-la-produccion-audiovisual\/","title":{"rendered":"Cultura y RTPA presentan los programas seleccionados en la convocatoria de ayudas a la producci\u00f3n audiovisual"},"content":{"rendered":"<p><img fetchpriority=\"high\" decoding=\"async\" class=\"alignleft size-medium wp-image-471\" src=\"https:\/\/eldigitaldeasturias.com\/radio\/wp-content\/uploads\/2018\/03\/microphone-2618102_1280-360x240.jpg\" alt=\"\" width=\"360\" height=\"240\" srcset=\"https:\/\/eldigitaldeasturias.com\/radio\/wp-content\/uploads\/2018\/03\/microphone-2618102_1280-360x240.jpg 360w, https:\/\/eldigitaldeasturias.com\/radio\/wp-content\/uploads\/2018\/03\/microphone-2618102_1280-1024x682.jpg 1024w, https:\/\/eldigitaldeasturias.com\/radio\/wp-content\/uploads\/2018\/03\/microphone-2618102_1280-768x512.jpg 768w, https:\/\/eldigitaldeasturias.com\/radio\/wp-content\/uploads\/2018\/03\/microphone-2618102_1280.jpg 1280w\" sizes=\"(max-width: 360px) 100vw, 360px\" \/>La Radio Televisi\u00f3n del Principado (RTPA) empezar\u00e1 a emitir los programas seleccionados en la convocatoria de proyectos de producci\u00f3n audiovisual realizada en agosto por la Consejer\u00eda de Cultura, Pol\u00edtica Lling\u00fc\u00edsitca y Turismo y la cadena con el fin de promocionar el asturiano y el gallego-asturiano. Esta iniciativa servir\u00e1, adem\u00e1s, de est\u00edmulo al sector cultural tras el impacto de la crisis sanitaria.<\/p>\n<p>La convocatoria, a la que el departamento que dirige Berta Pi\u00f1\u00e1n destin\u00f3 130.788 euros, se puso en marcha a trav\u00e9s de la Direcci\u00f3n General de Pol\u00edtica Lling\u00fc\u00edstica con el objetivo de fomentar la creaci\u00f3n de obras audiovisuales de tem\u00e1tica libre para poner en valor la cultura asturiana, impulsar el sector audiovisual y facilitar la creaci\u00f3n de sinergias entre productores y creadores.<\/p>\n<p>\u201cEn el contexto de la crisis sanitaria que viene afectando, entre otros, al sector cultural, la consejer\u00eda promovi\u00f3 esta convocatoria de la mano de la RTPA, optimizando los recursos existentes para un fin que consideramos prioritario: apoyar la cultura en estas circunstancias tan dif\u00edciles\u201d, ha explicado Pi\u00f1\u00e1n.<\/p>\n<p>La consejera tambi\u00e9n ha mostrado su satisfacci\u00f3n por el resultado de la convocatoria, que \u201cpor la diversidad tem\u00e1tica de los programas producidos favorece a los creadores y el empleo, a trav\u00e9s del audiovisual, de diferentes subsectores de la cultura asturiana\u201d.<\/p>\n<p>La titular de Cultura ha a\u00f1adido que la selecci\u00f3n ha resultado muy dif\u00edcil \u201cpor el nivel de los proyectos y por su variedad\u201d. Adem\u00e1s, ha destacado que la convocatoria, con tem\u00e1tica libre, motiv\u00f3 \u201cuna respuesta muy variada\u201d y facilit\u00f3 \u201cque se presentasen propuestas desde programaci\u00f3n infantil, artes esc\u00e9nicas o musicales, hasta iniciativas sobre el patrimonio industrial\u201d.<\/p>\n<p>Pi\u00f1\u00e1n tambi\u00e9n ha valorado que en estos momentos en los que las autoridades sanitarias recomiendan autoconfinarse en la medida de lo posible, \u201cdesde la radio y la televisi\u00f3n p\u00fablicas se ofertan a la ciudadan\u00eda contenidos culturales de calidad en asturiano y gallego-asturiano\u201d.<\/p>\n<h2>Siete producciones distintas<\/h2>\n<p>Fruto de la iniciativa, se pusieron en marcha siete producciones asturianas, cinco para televisi\u00f3n y dos para radio, diferentes entre s\u00ed, y algunas de las cuales se estrenar\u00e1n ya en febrero.<\/p>\n<p>La RPA empezar\u00e1 a emitir hoy, a las 23:30 horas, Al son, una producci\u00f3n de 50 programas en los que se recoge la historia de la m\u00fasica asturiana.<\/p>\n<p>Adem\u00e1s, la radio p\u00fablica programar\u00e1 a partir del pr\u00f3ximo jueves, 4 de febrero, tambi\u00e9n a las 23.30 horas, La ciencia del cuentu, una serie de radioteatro de 15 cap\u00edtulos que recurre a la ficci\u00f3n y a la actualidad para acercar al p\u00fablico al mundo de la ciencia. Esta producci\u00f3n ha contado con la participaci\u00f3n de actores y actrices profesionales de Asturias. Sobre La ciencia del cuentu, la TPA emitir\u00e1 ma\u00f1ana, a las 23:15 horas, un especial en el que se dar\u00e1 a conocer c\u00f3mo se hizo el programa.<\/p>\n<p>En cuanto a las cinco producciones para televisi\u00f3n, TPA comenzar\u00e1 a emitir el 24 de febrero la serie documental Tierra del quesu, que se podr\u00e1 ver los mi\u00e9rcoles a las 22:30 horas. Asimismo, para la programaci\u00f3n especial del 8 de septiembre se anuncia la emisi\u00f3n del documental Patria querida.<\/p>\n<p>La televisi\u00f3n asturiana tiene previsto emitir tambi\u00e9n el programa infantil Animalada Xabaz, la obra de teatro Hansel y Gretel, ganadora del premio Nel Amaro 2018, y 50 semeyes del Patrimoniu Industrial, un conjunto de audiovisuales que retratan con calidad cinematogr\u00e1fica y rigor acad\u00e9mico 50 de los enclaves m\u00e1s relevantes del patrimonio industrial asturiano.<\/p>\n<p>&nbsp;<\/p>\n","protected":false},"excerpt":{"rendered":"<p>La Radio Televisi\u00f3n del Principado (RTPA) empezar\u00e1 a emitir los programas seleccionados en la convocatoria de proyectos de producci\u00f3n audiovisual realizada en agosto por la Consejer\u00eda de Cultura, Pol\u00edtica Lling\u00fc\u00edsitca y Turismo y la cadena con el fin de promocionar el asturiano y el gallego-asturiano. Esta iniciativa servir\u00e1, adem\u00e1s, de est\u00edmulo al sector cultural tras<\/p>\n","protected":false},"author":1,"featured_media":1352,"comment_status":"closed","ping_status":"closed","sticky":false,"template":"","format":"standard","meta":{"footnotes":""},"categories":[1],"tags":[],"class_list":{"0":"post-5604","1":"post","2":"type-post","3":"status-publish","4":"format-standard","5":"has-post-thumbnail","7":"category-noticias"},"aioseo_notices":[],"aioseo_head":"\n\t\t<!-- All in One SEO Pro 4.9.6.2 - aioseo.com -->\n\t<meta name=\"description\" content=\"La Radio Televisi\u00f3n del Principado (RTPA) empezar\u00e1 a emitir los programas seleccionados en la convocatoria de proyectos de producci\u00f3n audiovisual realizada en agosto por la Consejer\u00eda de Cultura, Pol\u00edtica Lling\u00fc\u00edsitca y Turismo y la cadena con el fin de promocionar el asturiano y el gallego-asturiano. Esta iniciativa servir\u00e1, adem\u00e1s, de est\u00edmulo al sector cultural tras\" \/>\n\t<meta name=\"robots\" content=\"max-image-preview:large\" \/>\n\t<meta name=\"author\" content=\"NBAsturias\"\/>\n\t<meta name=\"google-site-verification\" content=\"UA-38556648-1\" \/>\n\t<meta name=\"keywords\" content=\"noticias\" \/>\n\t<link rel=\"canonical\" href=\"https:\/\/eldigitaldeasturias.com\/radio\/cultura-y-rtpa-presentan-los-programas-seleccionados-en-la-convocatoria-de-ayudas-a-la-produccion-audiovisual\/\" \/>\n\t<meta name=\"generator\" content=\"All in One SEO Pro (AIOSEO) 4.9.6.2\" \/>\n\t\t<meta property=\"og:locale\" content=\"es_ES\" \/>\n\t\t<meta property=\"og:site_name\" content=\"El Digital de Asturias | Diario de informaci\u00f3n y noticias\" \/>\n\t\t<meta property=\"og:type\" content=\"article\" \/>\n\t\t<meta property=\"og:title\" content=\"Cultura y RTPA presentan los programas seleccionados en la convocatoria de ayudas a la producci\u00f3n audiovisual | El Digital de Asturias\" \/>\n\t\t<meta property=\"og:description\" content=\"La Radio Televisi\u00f3n del Principado (RTPA) empezar\u00e1 a emitir los programas seleccionados en la convocatoria de proyectos de producci\u00f3n audiovisual realizada en agosto por la Consejer\u00eda de Cultura, Pol\u00edtica Lling\u00fc\u00edsitca y Turismo y la cadena con el fin de promocionar el asturiano y el gallego-asturiano. Esta iniciativa servir\u00e1, adem\u00e1s, de est\u00edmulo al sector cultural tras\" \/>\n\t\t<meta property=\"og:url\" content=\"https:\/\/eldigitaldeasturias.com\/radio\/cultura-y-rtpa-presentan-los-programas-seleccionados-en-la-convocatoria-de-ayudas-a-la-produccion-audiovisual\/\" \/>\n\t\t<meta property=\"og:image\" content=\"https:\/\/eldigitaldeasturias.com\/radio\/wp-content\/uploads\/2018\/10\/technology-785742_960_720.jpg\" \/>\n\t\t<meta property=\"og:image:secure_url\" content=\"https:\/\/eldigitaldeasturias.com\/radio\/wp-content\/uploads\/2018\/10\/technology-785742_960_720.jpg\" \/>\n\t\t<meta property=\"og:image:width\" content=\"960\" \/>\n\t\t<meta property=\"og:image:height\" content=\"640\" \/>\n\t\t<meta property=\"article:published_time\" content=\"2021-02-05T17:27:16+00:00\" \/>\n\t\t<meta property=\"article:modified_time\" content=\"2021-02-05T17:27:16+00:00\" \/>\n\t\t<meta name=\"twitter:card\" content=\"summary_large_image\" \/>\n\t\t<meta name=\"twitter:site\" content=\"@bercodi\" \/>\n\t\t<meta name=\"twitter:title\" content=\"Cultura y RTPA presentan los programas seleccionados en la convocatoria de ayudas a la producci\u00f3n audiovisual | El Digital de Asturias\" \/>\n\t\t<meta name=\"twitter:description\" content=\"La Radio Televisi\u00f3n del Principado (RTPA) empezar\u00e1 a emitir los programas seleccionados en la convocatoria de proyectos de producci\u00f3n audiovisual realizada en agosto por la Consejer\u00eda de Cultura, Pol\u00edtica Lling\u00fc\u00edsitca y Turismo y la cadena con el fin de promocionar el asturiano y el gallego-asturiano. Esta iniciativa servir\u00e1, adem\u00e1s, de est\u00edmulo al sector cultural tras\" \/>\n\t\t<meta name=\"twitter:creator\" content=\"@bercodi\" \/>\n\t\t<meta name=\"twitter:image\" content=\"https:\/\/eldigitaldeasturias.com\/radio\/wp-content\/uploads\/2018\/10\/technology-785742_960_720.jpg\" \/>\n\t\t<script type=\"application\/ld+json\" class=\"aioseo-schema\">\n\t\t\t{\"@context\":\"https:\\\/\\\/schema.org\",\"@graph\":[{\"@type\":\"BreadcrumbList\",\"@id\":\"https:\\\/\\\/eldigitaldeasturias.com\\\/radio\\\/cultura-y-rtpa-presentan-los-programas-seleccionados-en-la-convocatoria-de-ayudas-a-la-produccion-audiovisual\\\/#breadcrumblist\",\"itemListElement\":[{\"@type\":\"ListItem\",\"@id\":\"https:\\\/\\\/eldigitaldeasturias.com\\\/radio#listItem\",\"position\":1,\"name\":\"Inicio\",\"item\":\"https:\\\/\\\/eldigitaldeasturias.com\\\/radio\",\"nextItem\":{\"@type\":\"ListItem\",\"@id\":\"https:\\\/\\\/eldigitaldeasturias.com\\\/radio\\\/category\\\/noticias\\\/#listItem\",\"name\":\"Noticias\"}},{\"@type\":\"ListItem\",\"@id\":\"https:\\\/\\\/eldigitaldeasturias.com\\\/radio\\\/category\\\/noticias\\\/#listItem\",\"position\":2,\"name\":\"Noticias\",\"item\":\"https:\\\/\\\/eldigitaldeasturias.com\\\/radio\\\/category\\\/noticias\\\/\",\"nextItem\":{\"@type\":\"ListItem\",\"@id\":\"https:\\\/\\\/eldigitaldeasturias.com\\\/radio\\\/cultura-y-rtpa-presentan-los-programas-seleccionados-en-la-convocatoria-de-ayudas-a-la-produccion-audiovisual\\\/#listItem\",\"name\":\"Cultura y RTPA presentan los programas seleccionados en la convocatoria de ayudas a la producci\\u00f3n audiovisual\"},\"previousItem\":{\"@type\":\"ListItem\",\"@id\":\"https:\\\/\\\/eldigitaldeasturias.com\\\/radio#listItem\",\"name\":\"Inicio\"}},{\"@type\":\"ListItem\",\"@id\":\"https:\\\/\\\/eldigitaldeasturias.com\\\/radio\\\/cultura-y-rtpa-presentan-los-programas-seleccionados-en-la-convocatoria-de-ayudas-a-la-produccion-audiovisual\\\/#listItem\",\"position\":3,\"name\":\"Cultura y RTPA presentan los programas seleccionados en la convocatoria de ayudas a la producci\\u00f3n audiovisual\",\"previousItem\":{\"@type\":\"ListItem\",\"@id\":\"https:\\\/\\\/eldigitaldeasturias.com\\\/radio\\\/category\\\/noticias\\\/#listItem\",\"name\":\"Noticias\"}}]},{\"@type\":\"NewsArticle\",\"@id\":\"https:\\\/\\\/eldigitaldeasturias.com\\\/radio\\\/cultura-y-rtpa-presentan-los-programas-seleccionados-en-la-convocatoria-de-ayudas-a-la-produccion-audiovisual\\\/#newsarticle\",\"name\":\"Cultura y RTPA presentan los programas seleccionados en la convocatoria de ayudas a la producci\\u00f3n audiovisual | El Digital de Asturias\",\"headline\":\"Cultura y RTPA presentan los programas seleccionados en la convocatoria de ayudas a la producci\\u00f3n audiovisual\",\"author\":{\"@id\":\"https:\\\/\\\/eldigitaldeasturias.com\\\/radio\\\/author\\\/nbasturias\\\/#author\"},\"publisher\":{\"@id\":\"https:\\\/\\\/eldigitaldeasturias.com\\\/radio\\\/#organization\"},\"image\":{\"@type\":\"ImageObject\",\"url\":\"https:\\\/\\\/eldigitaldeasturias.com\\\/radio\\\/wp-content\\\/uploads\\\/2018\\\/10\\\/technology-785742_960_720.jpg\",\"width\":960,\"height\":640},\"datePublished\":\"2021-02-05T17:27:16+01:00\",\"dateModified\":\"2021-02-05T17:27:16+01:00\",\"inLanguage\":\"es-ES\",\"mainEntityOfPage\":{\"@id\":\"https:\\\/\\\/eldigitaldeasturias.com\\\/radio\\\/cultura-y-rtpa-presentan-los-programas-seleccionados-en-la-convocatoria-de-ayudas-a-la-produccion-audiovisual\\\/#webpage\"},\"isPartOf\":{\"@id\":\"https:\\\/\\\/eldigitaldeasturias.com\\\/radio\\\/cultura-y-rtpa-presentan-los-programas-seleccionados-en-la-convocatoria-de-ayudas-a-la-produccion-audiovisual\\\/#webpage\"},\"articleSection\":\"Noticias\",\"dateline\":\"Publicado el febrero 5, 2021.\"},{\"@type\":\"Organization\",\"@id\":\"https:\\\/\\\/eldigitaldeasturias.com\\\/radio\\\/#organization\",\"name\":\"El digital de Asturias Radio\",\"description\":\"Diario de informaci\\u00f3n y noticias\",\"url\":\"https:\\\/\\\/eldigitaldeasturias.com\\\/radio\\\/\",\"telephone\":\"+34652131393\",\"logo\":{\"@type\":\"ImageObject\",\"url\":\"https:\\\/\\\/www.eldigitaldeasturias.com\\\/radio\\\/wp-content\\\/uploads\\\/2021\\\/03\\\/EDA.jpg\",\"@id\":\"https:\\\/\\\/eldigitaldeasturias.com\\\/radio\\\/cultura-y-rtpa-presentan-los-programas-seleccionados-en-la-convocatoria-de-ayudas-a-la-produccion-audiovisual\\\/#organizationLogo\"},\"image\":{\"@id\":\"https:\\\/\\\/eldigitaldeasturias.com\\\/radio\\\/cultura-y-rtpa-presentan-los-programas-seleccionados-en-la-convocatoria-de-ayudas-a-la-produccion-audiovisual\\\/#organizationLogo\"},\"sameAs\":[\"https:\\\/\\\/www.facebook.com\\\/\",\"https:\\\/\\\/x.com\\\/bercodi\",\"https:\\\/\\\/www.instagram.com\\\/\",\"https:\\\/\\\/www.youtube.com\\\/channel\\\/UCZP-2wLEB9Rv6erhFmqVnvg\"]},{\"@type\":\"Person\",\"@id\":\"https:\\\/\\\/eldigitaldeasturias.com\\\/radio\\\/author\\\/nbasturias\\\/#author\",\"url\":\"https:\\\/\\\/eldigitaldeasturias.com\\\/radio\\\/author\\\/nbasturias\\\/\",\"name\":\"NBAsturias\",\"image\":{\"@type\":\"ImageObject\",\"@id\":\"https:\\\/\\\/eldigitaldeasturias.com\\\/radio\\\/cultura-y-rtpa-presentan-los-programas-seleccionados-en-la-convocatoria-de-ayudas-a-la-produccion-audiovisual\\\/#authorImage\",\"url\":\"https:\\\/\\\/secure.gravatar.com\\\/avatar\\\/df2aeffc32bcd13f8d26072ef8a91b623d677766deac7f97ca815868cd41bf5e?s=96&d=mm&r=g\",\"width\":96,\"height\":96,\"caption\":\"NBAsturias\"}},{\"@type\":\"WebPage\",\"@id\":\"https:\\\/\\\/eldigitaldeasturias.com\\\/radio\\\/cultura-y-rtpa-presentan-los-programas-seleccionados-en-la-convocatoria-de-ayudas-a-la-produccion-audiovisual\\\/#webpage\",\"url\":\"https:\\\/\\\/eldigitaldeasturias.com\\\/radio\\\/cultura-y-rtpa-presentan-los-programas-seleccionados-en-la-convocatoria-de-ayudas-a-la-produccion-audiovisual\\\/\",\"name\":\"Cultura y RTPA presentan los programas seleccionados en la convocatoria de ayudas a la producci\\u00f3n audiovisual | El Digital de Asturias\",\"description\":\"La Radio Televisi\\u00f3n del Principado (RTPA) empezar\\u00e1 a emitir los programas seleccionados en la convocatoria de proyectos de producci\\u00f3n audiovisual realizada en agosto por la Consejer\\u00eda de Cultura, Pol\\u00edtica Lling\\u00fc\\u00edsitca y Turismo y la cadena con el fin de promocionar el asturiano y el gallego-asturiano. Esta iniciativa servir\\u00e1, adem\\u00e1s, de est\\u00edmulo al sector cultural tras\",\"inLanguage\":\"es-ES\",\"isPartOf\":{\"@id\":\"https:\\\/\\\/eldigitaldeasturias.com\\\/radio\\\/#website\"},\"breadcrumb\":{\"@id\":\"https:\\\/\\\/eldigitaldeasturias.com\\\/radio\\\/cultura-y-rtpa-presentan-los-programas-seleccionados-en-la-convocatoria-de-ayudas-a-la-produccion-audiovisual\\\/#breadcrumblist\"},\"author\":{\"@id\":\"https:\\\/\\\/eldigitaldeasturias.com\\\/radio\\\/author\\\/nbasturias\\\/#author\"},\"creator\":{\"@id\":\"https:\\\/\\\/eldigitaldeasturias.com\\\/radio\\\/author\\\/nbasturias\\\/#author\"},\"image\":{\"@type\":\"ImageObject\",\"url\":\"https:\\\/\\\/eldigitaldeasturias.com\\\/radio\\\/wp-content\\\/uploads\\\/2018\\\/10\\\/technology-785742_960_720.jpg\",\"@id\":\"https:\\\/\\\/eldigitaldeasturias.com\\\/radio\\\/cultura-y-rtpa-presentan-los-programas-seleccionados-en-la-convocatoria-de-ayudas-a-la-produccion-audiovisual\\\/#mainImage\",\"width\":960,\"height\":640},\"primaryImageOfPage\":{\"@id\":\"https:\\\/\\\/eldigitaldeasturias.com\\\/radio\\\/cultura-y-rtpa-presentan-los-programas-seleccionados-en-la-convocatoria-de-ayudas-a-la-produccion-audiovisual\\\/#mainImage\"},\"datePublished\":\"2021-02-05T17:27:16+01:00\",\"dateModified\":\"2021-02-05T17:27:16+01:00\"},{\"@type\":\"WebSite\",\"@id\":\"https:\\\/\\\/eldigitaldeasturias.com\\\/radio\\\/#website\",\"url\":\"https:\\\/\\\/eldigitaldeasturias.com\\\/radio\\\/\",\"name\":\"El Digital de Asturias\",\"description\":\"Diario de informaci\\u00f3n y noticias\",\"inLanguage\":\"es-ES\",\"publisher\":{\"@id\":\"https:\\\/\\\/eldigitaldeasturias.com\\\/radio\\\/#organization\"}}]}\n\t\t<\/script>\n\t\t<!-- All in One SEO Pro -->\r\n\t\t<title>Cultura y RTPA presentan los programas seleccionados en la convocatoria de ayudas a la producci\u00f3n audiovisual | El Digital de Asturias<\/title>\n\n","aioseo_head_json":{"title":"Cultura y RTPA presentan los programas seleccionados en la convocatoria de ayudas a la producci\u00f3n audiovisual | El Digital de Asturias","description":"La Radio Televisi\u00f3n del Principado (RTPA) empezar\u00e1 a emitir los programas seleccionados en la convocatoria de proyectos de producci\u00f3n audiovisual realizada en agosto por la Consejer\u00eda de Cultura, Pol\u00edtica Lling\u00fc\u00edsitca y Turismo y la cadena con el fin de promocionar el asturiano y el gallego-asturiano. Esta iniciativa servir\u00e1, adem\u00e1s, de est\u00edmulo al sector cultural tras","canonical_url":"https:\/\/eldigitaldeasturias.com\/radio\/cultura-y-rtpa-presentan-los-programas-seleccionados-en-la-convocatoria-de-ayudas-a-la-produccion-audiovisual\/","robots":"max-image-preview:large","keywords":"noticias","webmasterTools":{"google-site-verification":"UA-38556648-1","miscellaneous":""},"schema":{"@context":"https:\/\/schema.org","@graph":[{"@type":"BreadcrumbList","@id":"https:\/\/eldigitaldeasturias.com\/radio\/cultura-y-rtpa-presentan-los-programas-seleccionados-en-la-convocatoria-de-ayudas-a-la-produccion-audiovisual\/#breadcrumblist","itemListElement":[{"@type":"ListItem","@id":"https:\/\/eldigitaldeasturias.com\/radio#listItem","position":1,"name":"Inicio","item":"https:\/\/eldigitaldeasturias.com\/radio","nextItem":{"@type":"ListItem","@id":"https:\/\/eldigitaldeasturias.com\/radio\/category\/noticias\/#listItem","name":"Noticias"}},{"@type":"ListItem","@id":"https:\/\/eldigitaldeasturias.com\/radio\/category\/noticias\/#listItem","position":2,"name":"Noticias","item":"https:\/\/eldigitaldeasturias.com\/radio\/category\/noticias\/","nextItem":{"@type":"ListItem","@id":"https:\/\/eldigitaldeasturias.com\/radio\/cultura-y-rtpa-presentan-los-programas-seleccionados-en-la-convocatoria-de-ayudas-a-la-produccion-audiovisual\/#listItem","name":"Cultura y RTPA presentan los programas seleccionados en la convocatoria de ayudas a la producci\u00f3n audiovisual"},"previousItem":{"@type":"ListItem","@id":"https:\/\/eldigitaldeasturias.com\/radio#listItem","name":"Inicio"}},{"@type":"ListItem","@id":"https:\/\/eldigitaldeasturias.com\/radio\/cultura-y-rtpa-presentan-los-programas-seleccionados-en-la-convocatoria-de-ayudas-a-la-produccion-audiovisual\/#listItem","position":3,"name":"Cultura y RTPA presentan los programas seleccionados en la convocatoria de ayudas a la producci\u00f3n audiovisual","previousItem":{"@type":"ListItem","@id":"https:\/\/eldigitaldeasturias.com\/radio\/category\/noticias\/#listItem","name":"Noticias"}}]},{"@type":"NewsArticle","@id":"https:\/\/eldigitaldeasturias.com\/radio\/cultura-y-rtpa-presentan-los-programas-seleccionados-en-la-convocatoria-de-ayudas-a-la-produccion-audiovisual\/#newsarticle","name":"Cultura y RTPA presentan los programas seleccionados en la convocatoria de ayudas a la producci\u00f3n audiovisual | El Digital de Asturias","headline":"Cultura y RTPA presentan los programas seleccionados en la convocatoria de ayudas a la producci\u00f3n audiovisual","author":{"@id":"https:\/\/eldigitaldeasturias.com\/radio\/author\/nbasturias\/#author"},"publisher":{"@id":"https:\/\/eldigitaldeasturias.com\/radio\/#organization"},"image":{"@type":"ImageObject","url":"https:\/\/eldigitaldeasturias.com\/radio\/wp-content\/uploads\/2018\/10\/technology-785742_960_720.jpg","width":960,"height":640},"datePublished":"2021-02-05T17:27:16+01:00","dateModified":"2021-02-05T17:27:16+01:00","inLanguage":"es-ES","mainEntityOfPage":{"@id":"https:\/\/eldigitaldeasturias.com\/radio\/cultura-y-rtpa-presentan-los-programas-seleccionados-en-la-convocatoria-de-ayudas-a-la-produccion-audiovisual\/#webpage"},"isPartOf":{"@id":"https:\/\/eldigitaldeasturias.com\/radio\/cultura-y-rtpa-presentan-los-programas-seleccionados-en-la-convocatoria-de-ayudas-a-la-produccion-audiovisual\/#webpage"},"articleSection":"Noticias","dateline":"Publicado el febrero 5, 2021."},{"@type":"Organization","@id":"https:\/\/eldigitaldeasturias.com\/radio\/#organization","name":"El digital de Asturias Radio","description":"Diario de informaci\u00f3n y noticias","url":"https:\/\/eldigitaldeasturias.com\/radio\/","telephone":"+34652131393","logo":{"@type":"ImageObject","url":"https:\/\/www.eldigitaldeasturias.com\/radio\/wp-content\/uploads\/2021\/03\/EDA.jpg","@id":"https:\/\/eldigitaldeasturias.com\/radio\/cultura-y-rtpa-presentan-los-programas-seleccionados-en-la-convocatoria-de-ayudas-a-la-produccion-audiovisual\/#organizationLogo"},"image":{"@id":"https:\/\/eldigitaldeasturias.com\/radio\/cultura-y-rtpa-presentan-los-programas-seleccionados-en-la-convocatoria-de-ayudas-a-la-produccion-audiovisual\/#organizationLogo"},"sameAs":["https:\/\/www.facebook.com\/","https:\/\/x.com\/bercodi","https:\/\/www.instagram.com\/","https:\/\/www.youtube.com\/channel\/UCZP-2wLEB9Rv6erhFmqVnvg"]},{"@type":"Person","@id":"https:\/\/eldigitaldeasturias.com\/radio\/author\/nbasturias\/#author","url":"https:\/\/eldigitaldeasturias.com\/radio\/author\/nbasturias\/","name":"NBAsturias","image":{"@type":"ImageObject","@id":"https:\/\/eldigitaldeasturias.com\/radio\/cultura-y-rtpa-presentan-los-programas-seleccionados-en-la-convocatoria-de-ayudas-a-la-produccion-audiovisual\/#authorImage","url":"https:\/\/secure.gravatar.com\/avatar\/df2aeffc32bcd13f8d26072ef8a91b623d677766deac7f97ca815868cd41bf5e?s=96&d=mm&r=g","width":96,"height":96,"caption":"NBAsturias"}},{"@type":"WebPage","@id":"https:\/\/eldigitaldeasturias.com\/radio\/cultura-y-rtpa-presentan-los-programas-seleccionados-en-la-convocatoria-de-ayudas-a-la-produccion-audiovisual\/#webpage","url":"https:\/\/eldigitaldeasturias.com\/radio\/cultura-y-rtpa-presentan-los-programas-seleccionados-en-la-convocatoria-de-ayudas-a-la-produccion-audiovisual\/","name":"Cultura y RTPA presentan los programas seleccionados en la convocatoria de ayudas a la producci\u00f3n audiovisual | El Digital de Asturias","description":"La Radio Televisi\u00f3n del Principado (RTPA) empezar\u00e1 a emitir los programas seleccionados en la convocatoria de proyectos de producci\u00f3n audiovisual realizada en agosto por la Consejer\u00eda de Cultura, Pol\u00edtica Lling\u00fc\u00edsitca y Turismo y la cadena con el fin de promocionar el asturiano y el gallego-asturiano. Esta iniciativa servir\u00e1, adem\u00e1s, de est\u00edmulo al sector cultural tras","inLanguage":"es-ES","isPartOf":{"@id":"https:\/\/eldigitaldeasturias.com\/radio\/#website"},"breadcrumb":{"@id":"https:\/\/eldigitaldeasturias.com\/radio\/cultura-y-rtpa-presentan-los-programas-seleccionados-en-la-convocatoria-de-ayudas-a-la-produccion-audiovisual\/#breadcrumblist"},"author":{"@id":"https:\/\/eldigitaldeasturias.com\/radio\/author\/nbasturias\/#author"},"creator":{"@id":"https:\/\/eldigitaldeasturias.com\/radio\/author\/nbasturias\/#author"},"image":{"@type":"ImageObject","url":"https:\/\/eldigitaldeasturias.com\/radio\/wp-content\/uploads\/2018\/10\/technology-785742_960_720.jpg","@id":"https:\/\/eldigitaldeasturias.com\/radio\/cultura-y-rtpa-presentan-los-programas-seleccionados-en-la-convocatoria-de-ayudas-a-la-produccion-audiovisual\/#mainImage","width":960,"height":640},"primaryImageOfPage":{"@id":"https:\/\/eldigitaldeasturias.com\/radio\/cultura-y-rtpa-presentan-los-programas-seleccionados-en-la-convocatoria-de-ayudas-a-la-produccion-audiovisual\/#mainImage"},"datePublished":"2021-02-05T17:27:16+01:00","dateModified":"2021-02-05T17:27:16+01:00"},{"@type":"WebSite","@id":"https:\/\/eldigitaldeasturias.com\/radio\/#website","url":"https:\/\/eldigitaldeasturias.com\/radio\/","name":"El Digital de Asturias","description":"Diario de informaci\u00f3n y noticias","inLanguage":"es-ES","publisher":{"@id":"https:\/\/eldigitaldeasturias.com\/radio\/#organization"}}]},"og:locale":"es_ES","og:site_name":"El Digital de Asturias | Diario de informaci\u00f3n y noticias","og:type":"article","og:title":"Cultura y RTPA presentan los programas seleccionados en la convocatoria de ayudas a la producci\u00f3n audiovisual | El Digital de Asturias","og:description":"La Radio Televisi\u00f3n del Principado (RTPA) empezar\u00e1 a emitir los programas seleccionados en la convocatoria de proyectos de producci\u00f3n audiovisual realizada en agosto por la Consejer\u00eda de Cultura, Pol\u00edtica Lling\u00fc\u00edsitca y Turismo y la cadena con el fin de promocionar el asturiano y el gallego-asturiano. Esta iniciativa servir\u00e1, adem\u00e1s, de est\u00edmulo al sector cultural tras","og:url":"https:\/\/eldigitaldeasturias.com\/radio\/cultura-y-rtpa-presentan-los-programas-seleccionados-en-la-convocatoria-de-ayudas-a-la-produccion-audiovisual\/","og:image":"https:\/\/eldigitaldeasturias.com\/radio\/wp-content\/uploads\/2018\/10\/technology-785742_960_720.jpg","og:image:secure_url":"https:\/\/eldigitaldeasturias.com\/radio\/wp-content\/uploads\/2018\/10\/technology-785742_960_720.jpg","og:image:width":960,"og:image:height":640,"article:published_time":"2021-02-05T17:27:16+00:00","article:modified_time":"2021-02-05T17:27:16+00:00","twitter:card":"summary_large_image","twitter:site":"@bercodi","twitter:title":"Cultura y RTPA presentan los programas seleccionados en la convocatoria de ayudas a la producci\u00f3n audiovisual | El Digital de Asturias","twitter:description":"La Radio Televisi\u00f3n del Principado (RTPA) empezar\u00e1 a emitir los programas seleccionados en la convocatoria de proyectos de producci\u00f3n audiovisual realizada en agosto por la Consejer\u00eda de Cultura, Pol\u00edtica Lling\u00fc\u00edsitca y Turismo y la cadena con el fin de promocionar el asturiano y el gallego-asturiano. Esta iniciativa servir\u00e1, adem\u00e1s, de est\u00edmulo al sector cultural tras","twitter:creator":"@bercodi","twitter:image":"https:\/\/eldigitaldeasturias.com\/radio\/wp-content\/uploads\/2018\/10\/technology-785742_960_720.jpg"},"aioseo_meta_data":{"post_id":"5604","title":null,"description":null,"keywords":null,"keyphrases":null,"primary_term":null,"canonical_url":null,"og_title":null,"og_description":null,"og_object_type":"default","og_image_type":"default","og_image_url":null,"og_image_width":null,"og_image_height":null,"og_image_custom_url":null,"og_image_custom_fields":null,"og_video":null,"og_custom_url":null,"og_article_section":null,"og_article_tags":null,"twitter_use_og":false,"twitter_card":"default","twitter_image_type":"default","twitter_image_url":null,"twitter_image_custom_url":null,"twitter_image_custom_fields":null,"twitter_title":null,"twitter_description":null,"schema":{"blockGraphs":[],"customGraphs":[],"default":{"data":{"Article":[],"Course":[],"Dataset":[],"FAQPage":[],"Movie":[],"Person":[],"Product":[],"ProductReview":[],"Car":[],"Recipe":[],"Service":[],"SoftwareApplication":[],"WebPage":[]},"graphName":"","isEnabled":true},"graphs":[],"defaultGraph":"","defaultPostTypeGraph":""},"schema_type":null,"schema_type_options":null,"pillar_content":false,"robots_default":true,"robots_noindex":false,"robots_noarchive":false,"robots_nosnippet":false,"robots_nofollow":false,"robots_noimageindex":false,"robots_noodp":false,"robots_notranslate":false,"robots_max_snippet":null,"robots_max_videopreview":null,"robots_max_imagepreview":"large","priority":null,"frequency":null,"location":null,"local_seo":null,"seo_analyzer_scan_date":"2025-08-28 18:08:46","breadcrumb_settings":null,"limit_modified_date":false,"open_ai":null,"ai":null,"created":"2021-03-26 14:35:57","updated":"2025-08-28 18:08:46"},"aioseo_breadcrumb":"<div class=\"aioseo-breadcrumbs\"><span class=\"aioseo-breadcrumb\">\n\t<a href=\"https:\/\/eldigitaldeasturias.com\/radio\" title=\"Inicio\">Inicio<\/a>\n<\/span><span class=\"aioseo-breadcrumb-separator\">&ndash;<\/span><span class=\"aioseo-breadcrumb\">\n\t<a href=\"https:\/\/eldigitaldeasturias.com\/radio\/category\/noticias\/\" title=\"Noticias\">Noticias<\/a>\n<\/span><span class=\"aioseo-breadcrumb-separator\">&ndash;<\/span><span class=\"aioseo-breadcrumb\">\n\tCultura y RTPA presentan los programas seleccionados en la convocatoria de ayudas a la producci\u00f3n audiovisual\n<\/span><\/div>","aioseo_breadcrumb_json":[{"label":"Inicio","link":"https:\/\/eldigitaldeasturias.com\/radio"},{"label":"Noticias","link":"https:\/\/eldigitaldeasturias.com\/radio\/category\/noticias\/"},{"label":"Cultura y RTPA presentan los programas seleccionados en la convocatoria de ayudas a la producci\u00f3n audiovisual","link":"https:\/\/eldigitaldeasturias.com\/radio\/cultura-y-rtpa-presentan-los-programas-seleccionados-en-la-convocatoria-de-ayudas-a-la-produccion-audiovisual\/"}],"_links":{"self":[{"href":"https:\/\/eldigitaldeasturias.com\/radio\/wp-json\/wp\/v2\/posts\/5604","targetHints":{"allow":["GET"]}}],"collection":[{"href":"https:\/\/eldigitaldeasturias.com\/radio\/wp-json\/wp\/v2\/posts"}],"about":[{"href":"https:\/\/eldigitaldeasturias.com\/radio\/wp-json\/wp\/v2\/types\/post"}],"author":[{"embeddable":true,"href":"https:\/\/eldigitaldeasturias.com\/radio\/wp-json\/wp\/v2\/users\/1"}],"replies":[{"embeddable":true,"href":"https:\/\/eldigitaldeasturias.com\/radio\/wp-json\/wp\/v2\/comments?post=5604"}],"version-history":[{"count":0,"href":"https:\/\/eldigitaldeasturias.com\/radio\/wp-json\/wp\/v2\/posts\/5604\/revisions"}],"wp:featuredmedia":[{"embeddable":true,"href":"https:\/\/eldigitaldeasturias.com\/radio\/wp-json\/wp\/v2\/media\/1352"}],"wp:attachment":[{"href":"https:\/\/eldigitaldeasturias.com\/radio\/wp-json\/wp\/v2\/media?parent=5604"}],"wp:term":[{"taxonomy":"category","embeddable":true,"href":"https:\/\/eldigitaldeasturias.com\/radio\/wp-json\/wp\/v2\/categories?post=5604"},{"taxonomy":"post_tag","embeddable":true,"href":"https:\/\/eldigitaldeasturias.com\/radio\/wp-json\/wp\/v2\/tags?post=5604"}],"curies":[{"name":"wp","href":"https:\/\/api.w.org\/{rel}","templated":true}]}}