{"id":5545,"date":"2021-01-24T17:24:29","date_gmt":"2021-01-24T17:24:29","guid":{"rendered":"http:\/\/eldigitaldeasturias.com\/radio\/?p=5545"},"modified":"2021-01-24T17:24:29","modified_gmt":"2021-01-24T17:24:29","slug":"la-industria-del-empapelado-crece-en-alemania","status":"publish","type":"post","link":"https:\/\/eldigitaldeasturias.com\/radio\/la-industria-del-empapelado-crece-en-alemania\/","title":{"rendered":"La industria del empapelado crece en Alemania"},"content":{"rendered":"<figure id=\"attachment_5546\" aria-describedby=\"caption-attachment-5546\" style=\"width: 360px\" class=\"wp-caption alignleft\"><img fetchpriority=\"high\" decoding=\"async\" class=\"wp-image-5546 size-medium\" src=\"https:\/\/eldigitaldeasturias.com\/radio\/wp-content\/uploads\/2021\/01\/papel-360x229.jpg\" alt=\"\" width=\"360\" height=\"229\" srcset=\"https:\/\/eldigitaldeasturias.com\/radio\/wp-content\/uploads\/2021\/01\/papel-360x229.jpg 360w, https:\/\/eldigitaldeasturias.com\/radio\/wp-content\/uploads\/2021\/01\/papel-768x488.jpg 768w, https:\/\/eldigitaldeasturias.com\/radio\/wp-content\/uploads\/2021\/01\/papel.jpg 948w\" sizes=\"(max-width: 360px) 100vw, 360px\" \/><figcaption id=\"caption-attachment-5546\" class=\"wp-caption-text\">Foto: Silas Stein\/dpa<\/figcaption><\/figure>\n<p>D\u00fcsseldorf\/Fr\u00e1ncfort, 24 ene (dpa) &#8211; La industria del empapelado puso fin en Alemania a la tendencia a la baja y logr\u00f3 en 2020 una facturaci\u00f3n de 256 millones de euros (unos 311 millones de d\u00f3lares) en plena pandemia de coronavirus.<\/p>\n<p>En 2019, el sector factur\u00f3 247 millones de euros, una ca\u00edda tras los 266 millones de euros de 2018 y los 288 millones de euros del 2017.<\/p>\n<p>Seg\u00fan el secretario general del Instituto Alem\u00e1n del Papel Pintado, Karsten Brandt, esta evoluci\u00f3n positiva se debe a las restricciones impuestas por la pandemia.<\/p>\n<p>\u00abMucha gente a\u00fan tiene el presupuesto\u00bb para vacaciones y salidas a comer o al cine, pero no lo pueden gastar, se\u00f1al\u00f3 Brandt. Y como las personas est\u00e1n replegadas en sus casas, encaran renovaciones \u00abque quer\u00edan hacer hace tiempo o que quiz\u00e1 hubieran hecho en unos a\u00f1os\u00bb.<\/p>\n<p>Aclar\u00f3 que esta tendencia no beneficia a todos los segmentos de la decoraci\u00f3n interior por igual. El empapelado, especific\u00f3, tiene la ventaja de que es comparativamente barato y se puede colocar sin ayuda.<\/p>\n<p>En el interior, los ingresos en el sector crecieron en 2020 un 12 por ciento, mientras que en el exterior cayeron un dos por ciento. Tomando en cuenta los diversos confinamientos en otros pa\u00edses y la interrupci\u00f3n de las cadenas de suministro, sin embargo, puede considerarse un \u00e9xito el negocio exterior del a\u00f1o pasado, consider\u00f3 Brandt.<\/p>\n<p>Con respecto a este a\u00f1o, la entidad tiene sentimientos encontrados: los mercados de la construcci\u00f3n, actualmente cerrados, pueden poner l\u00edmite a las ganas de renovaci\u00f3n que los alemanes suelen sentir en primavera.<\/p>\n<p>Seg\u00fan Brandt, las ventas online no pueden sustituir la compra presencial. Pero, teniendo en cuenta que las decisiones sobre la renovaci\u00f3n de un hogar suelen demorarse algunas semanas, puede ser que las compras se realicen a fines de febrero o en marzo. \u00abEntonces, pueden llegar a cerrar las cuentas\u00bb, dijo Brandt en referencia al posible levantamiento parcial de las restricciones.<\/p>\n","protected":false},"excerpt":{"rendered":"<p>D\u00fcsseldorf\/Fr\u00e1ncfort, 24 ene (dpa) &#8211; La industria del empapelado puso fin en Alemania a la tendencia a la baja y logr\u00f3 en 2020 una facturaci\u00f3n de 256 millones de euros (unos 311 millones de d\u00f3lares) en plena pandemia de coronavirus. En 2019, el sector factur\u00f3 247 millones de euros, una ca\u00edda tras los 266 millones<\/p>\n","protected":false},"author":1,"featured_media":5546,"comment_status":"closed","ping_status":"closed","sticky":false,"template":"","format":"standard","meta":{"footnotes":""},"categories":[35],"tags":[],"class_list":{"0":"post-5545","1":"post","2":"type-post","3":"status-publish","4":"format-standard","5":"has-post-thumbnail","7":"category-negocios"},"aioseo_notices":[],"aioseo_head":"\n\t\t<!-- All in One SEO Pro 4.9.6.2 - aioseo.com -->\n\t<meta name=\"description\" content=\"D\u00fcsseldorf\/Fr\u00e1ncfort, 24 ene (dpa) - La industria del empapelado puso fin en Alemania a la tendencia a la baja y logr\u00f3 en 2020 una facturaci\u00f3n de 256 millones de euros (unos 311 millones de d\u00f3lares) en plena pandemia de coronavirus. En 2019, el sector factur\u00f3 247 millones de euros, una ca\u00edda tras los 266 millones\" \/>\n\t<meta name=\"robots\" content=\"max-image-preview:large\" \/>\n\t<meta name=\"author\" content=\"NBAsturias\"\/>\n\t<meta name=\"google-site-verification\" content=\"UA-38556648-1\" \/>\n\t<meta name=\"keywords\" content=\"negocios\" \/>\n\t<link rel=\"canonical\" href=\"https:\/\/eldigitaldeasturias.com\/radio\/la-industria-del-empapelado-crece-en-alemania\/\" \/>\n\t<meta name=\"generator\" content=\"All in One SEO Pro (AIOSEO) 4.9.6.2\" \/>\n\t\t<meta property=\"og:locale\" content=\"es_ES\" \/>\n\t\t<meta property=\"og:site_name\" content=\"El Digital de Asturias | Diario de informaci\u00f3n y noticias\" \/>\n\t\t<meta property=\"og:type\" content=\"article\" \/>\n\t\t<meta property=\"og:title\" content=\"La industria del empapelado crece en Alemania | El Digital de Asturias\" \/>\n\t\t<meta property=\"og:description\" content=\"D\u00fcsseldorf\/Fr\u00e1ncfort, 24 ene (dpa) - La industria del empapelado puso fin en Alemania a la tendencia a la baja y logr\u00f3 en 2020 una facturaci\u00f3n de 256 millones de euros (unos 311 millones de d\u00f3lares) en plena pandemia de coronavirus. En 2019, el sector factur\u00f3 247 millones de euros, una ca\u00edda tras los 266 millones\" \/>\n\t\t<meta property=\"og:url\" content=\"https:\/\/eldigitaldeasturias.com\/radio\/la-industria-del-empapelado-crece-en-alemania\/\" \/>\n\t\t<meta property=\"og:image\" content=\"https:\/\/eldigitaldeasturias.com\/radio\/wp-content\/uploads\/2021\/01\/papel.jpg\" \/>\n\t\t<meta property=\"og:image:secure_url\" content=\"https:\/\/eldigitaldeasturias.com\/radio\/wp-content\/uploads\/2021\/01\/papel.jpg\" \/>\n\t\t<meta property=\"og:image:width\" content=\"948\" \/>\n\t\t<meta property=\"og:image:height\" content=\"602\" \/>\n\t\t<meta property=\"article:published_time\" content=\"2021-01-24T17:24:29+00:00\" \/>\n\t\t<meta property=\"article:modified_time\" content=\"2021-01-24T17:24:29+00:00\" \/>\n\t\t<meta name=\"twitter:card\" content=\"summary_large_image\" \/>\n\t\t<meta name=\"twitter:site\" content=\"@bercodi\" \/>\n\t\t<meta name=\"twitter:title\" content=\"La industria del empapelado crece en Alemania | El Digital de Asturias\" \/>\n\t\t<meta name=\"twitter:description\" content=\"D\u00fcsseldorf\/Fr\u00e1ncfort, 24 ene (dpa) - La industria del empapelado puso fin en Alemania a la tendencia a la baja y logr\u00f3 en 2020 una facturaci\u00f3n de 256 millones de euros (unos 311 millones de d\u00f3lares) en plena pandemia de coronavirus. En 2019, el sector factur\u00f3 247 millones de euros, una ca\u00edda tras los 266 millones\" \/>\n\t\t<meta name=\"twitter:creator\" content=\"@bercodi\" \/>\n\t\t<meta name=\"twitter:image\" content=\"https:\/\/eldigitaldeasturias.com\/radio\/wp-content\/uploads\/2021\/01\/papel.jpg\" \/>\n\t\t<script type=\"application\/ld+json\" class=\"aioseo-schema\">\n\t\t\t{\"@context\":\"https:\\\/\\\/schema.org\",\"@graph\":[{\"@type\":\"BreadcrumbList\",\"@id\":\"https:\\\/\\\/eldigitaldeasturias.com\\\/radio\\\/la-industria-del-empapelado-crece-en-alemania\\\/#breadcrumblist\",\"itemListElement\":[{\"@type\":\"ListItem\",\"@id\":\"https:\\\/\\\/eldigitaldeasturias.com\\\/radio#listItem\",\"position\":1,\"name\":\"Inicio\",\"item\":\"https:\\\/\\\/eldigitaldeasturias.com\\\/radio\",\"nextItem\":{\"@type\":\"ListItem\",\"@id\":\"https:\\\/\\\/eldigitaldeasturias.com\\\/radio\\\/category\\\/negocios\\\/#listItem\",\"name\":\"Negocios\"}},{\"@type\":\"ListItem\",\"@id\":\"https:\\\/\\\/eldigitaldeasturias.com\\\/radio\\\/category\\\/negocios\\\/#listItem\",\"position\":2,\"name\":\"Negocios\",\"item\":\"https:\\\/\\\/eldigitaldeasturias.com\\\/radio\\\/category\\\/negocios\\\/\",\"nextItem\":{\"@type\":\"ListItem\",\"@id\":\"https:\\\/\\\/eldigitaldeasturias.com\\\/radio\\\/la-industria-del-empapelado-crece-en-alemania\\\/#listItem\",\"name\":\"La industria del empapelado crece en Alemania\"},\"previousItem\":{\"@type\":\"ListItem\",\"@id\":\"https:\\\/\\\/eldigitaldeasturias.com\\\/radio#listItem\",\"name\":\"Inicio\"}},{\"@type\":\"ListItem\",\"@id\":\"https:\\\/\\\/eldigitaldeasturias.com\\\/radio\\\/la-industria-del-empapelado-crece-en-alemania\\\/#listItem\",\"position\":3,\"name\":\"La industria del empapelado crece en Alemania\",\"previousItem\":{\"@type\":\"ListItem\",\"@id\":\"https:\\\/\\\/eldigitaldeasturias.com\\\/radio\\\/category\\\/negocios\\\/#listItem\",\"name\":\"Negocios\"}}]},{\"@type\":\"NewsArticle\",\"@id\":\"https:\\\/\\\/eldigitaldeasturias.com\\\/radio\\\/la-industria-del-empapelado-crece-en-alemania\\\/#newsarticle\",\"name\":\"La industria del empapelado crece en Alemania | El Digital de Asturias\",\"headline\":\"La industria del empapelado crece en Alemania\",\"author\":{\"@id\":\"https:\\\/\\\/eldigitaldeasturias.com\\\/radio\\\/author\\\/nbasturias\\\/#author\"},\"publisher\":{\"@id\":\"https:\\\/\\\/eldigitaldeasturias.com\\\/radio\\\/#organization\"},\"image\":{\"@type\":\"ImageObject\",\"url\":\"https:\\\/\\\/eldigitaldeasturias.com\\\/radio\\\/wp-content\\\/uploads\\\/2021\\\/01\\\/papel.jpg\",\"width\":948,\"height\":602,\"caption\":\"Foto: Silas Stein\\\/dpa\"},\"datePublished\":\"2021-01-24T17:24:29+01:00\",\"dateModified\":\"2021-01-24T17:24:29+01:00\",\"inLanguage\":\"es-ES\",\"mainEntityOfPage\":{\"@id\":\"https:\\\/\\\/eldigitaldeasturias.com\\\/radio\\\/la-industria-del-empapelado-crece-en-alemania\\\/#webpage\"},\"isPartOf\":{\"@id\":\"https:\\\/\\\/eldigitaldeasturias.com\\\/radio\\\/la-industria-del-empapelado-crece-en-alemania\\\/#webpage\"},\"articleSection\":\"Negocios\",\"dateline\":\"Publicado el enero 24, 2021.\"},{\"@type\":\"Organization\",\"@id\":\"https:\\\/\\\/eldigitaldeasturias.com\\\/radio\\\/#organization\",\"name\":\"El digital de Asturias Radio\",\"description\":\"Diario de informaci\\u00f3n y noticias\",\"url\":\"https:\\\/\\\/eldigitaldeasturias.com\\\/radio\\\/\",\"telephone\":\"+34652131393\",\"logo\":{\"@type\":\"ImageObject\",\"url\":\"https:\\\/\\\/www.eldigitaldeasturias.com\\\/radio\\\/wp-content\\\/uploads\\\/2021\\\/03\\\/EDA.jpg\",\"@id\":\"https:\\\/\\\/eldigitaldeasturias.com\\\/radio\\\/la-industria-del-empapelado-crece-en-alemania\\\/#organizationLogo\"},\"image\":{\"@id\":\"https:\\\/\\\/eldigitaldeasturias.com\\\/radio\\\/la-industria-del-empapelado-crece-en-alemania\\\/#organizationLogo\"},\"sameAs\":[\"https:\\\/\\\/www.facebook.com\\\/\",\"https:\\\/\\\/x.com\\\/bercodi\",\"https:\\\/\\\/www.instagram.com\\\/\",\"https:\\\/\\\/www.youtube.com\\\/channel\\\/UCZP-2wLEB9Rv6erhFmqVnvg\"]},{\"@type\":\"Person\",\"@id\":\"https:\\\/\\\/eldigitaldeasturias.com\\\/radio\\\/author\\\/nbasturias\\\/#author\",\"url\":\"https:\\\/\\\/eldigitaldeasturias.com\\\/radio\\\/author\\\/nbasturias\\\/\",\"name\":\"NBAsturias\",\"image\":{\"@type\":\"ImageObject\",\"@id\":\"https:\\\/\\\/eldigitaldeasturias.com\\\/radio\\\/la-industria-del-empapelado-crece-en-alemania\\\/#authorImage\",\"url\":\"https:\\\/\\\/secure.gravatar.com\\\/avatar\\\/df2aeffc32bcd13f8d26072ef8a91b623d677766deac7f97ca815868cd41bf5e?s=96&d=mm&r=g\",\"width\":96,\"height\":96,\"caption\":\"NBAsturias\"}},{\"@type\":\"WebPage\",\"@id\":\"https:\\\/\\\/eldigitaldeasturias.com\\\/radio\\\/la-industria-del-empapelado-crece-en-alemania\\\/#webpage\",\"url\":\"https:\\\/\\\/eldigitaldeasturias.com\\\/radio\\\/la-industria-del-empapelado-crece-en-alemania\\\/\",\"name\":\"La industria del empapelado crece en Alemania | El Digital de Asturias\",\"description\":\"D\\u00fcsseldorf\\\/Fr\\u00e1ncfort, 24 ene (dpa) - La industria del empapelado puso fin en Alemania a la tendencia a la baja y logr\\u00f3 en 2020 una facturaci\\u00f3n de 256 millones de euros (unos 311 millones de d\\u00f3lares) en plena pandemia de coronavirus. En 2019, el sector factur\\u00f3 247 millones de euros, una ca\\u00edda tras los 266 millones\",\"inLanguage\":\"es-ES\",\"isPartOf\":{\"@id\":\"https:\\\/\\\/eldigitaldeasturias.com\\\/radio\\\/#website\"},\"breadcrumb\":{\"@id\":\"https:\\\/\\\/eldigitaldeasturias.com\\\/radio\\\/la-industria-del-empapelado-crece-en-alemania\\\/#breadcrumblist\"},\"author\":{\"@id\":\"https:\\\/\\\/eldigitaldeasturias.com\\\/radio\\\/author\\\/nbasturias\\\/#author\"},\"creator\":{\"@id\":\"https:\\\/\\\/eldigitaldeasturias.com\\\/radio\\\/author\\\/nbasturias\\\/#author\"},\"image\":{\"@type\":\"ImageObject\",\"url\":\"https:\\\/\\\/eldigitaldeasturias.com\\\/radio\\\/wp-content\\\/uploads\\\/2021\\\/01\\\/papel.jpg\",\"@id\":\"https:\\\/\\\/eldigitaldeasturias.com\\\/radio\\\/la-industria-del-empapelado-crece-en-alemania\\\/#mainImage\",\"width\":948,\"height\":602,\"caption\":\"Foto: Silas Stein\\\/dpa\"},\"primaryImageOfPage\":{\"@id\":\"https:\\\/\\\/eldigitaldeasturias.com\\\/radio\\\/la-industria-del-empapelado-crece-en-alemania\\\/#mainImage\"},\"datePublished\":\"2021-01-24T17:24:29+01:00\",\"dateModified\":\"2021-01-24T17:24:29+01:00\"},{\"@type\":\"WebSite\",\"@id\":\"https:\\\/\\\/eldigitaldeasturias.com\\\/radio\\\/#website\",\"url\":\"https:\\\/\\\/eldigitaldeasturias.com\\\/radio\\\/\",\"name\":\"El Digital de Asturias\",\"description\":\"Diario de informaci\\u00f3n y noticias\",\"inLanguage\":\"es-ES\",\"publisher\":{\"@id\":\"https:\\\/\\\/eldigitaldeasturias.com\\\/radio\\\/#organization\"}}]}\n\t\t<\/script>\n\t\t<!-- All in One SEO Pro -->\r\n\t\t<title>La industria del empapelado crece en Alemania | El Digital de Asturias<\/title>\n\n","aioseo_head_json":{"title":"La industria del empapelado crece en Alemania | El Digital de Asturias","description":"D\u00fcsseldorf\/Fr\u00e1ncfort, 24 ene (dpa) - La industria del empapelado puso fin en Alemania a la tendencia a la baja y logr\u00f3 en 2020 una facturaci\u00f3n de 256 millones de euros (unos 311 millones de d\u00f3lares) en plena pandemia de coronavirus. En 2019, el sector factur\u00f3 247 millones de euros, una ca\u00edda tras los 266 millones","canonical_url":"https:\/\/eldigitaldeasturias.com\/radio\/la-industria-del-empapelado-crece-en-alemania\/","robots":"max-image-preview:large","keywords":"negocios","webmasterTools":{"google-site-verification":"UA-38556648-1","miscellaneous":""},"schema":{"@context":"https:\/\/schema.org","@graph":[{"@type":"BreadcrumbList","@id":"https:\/\/eldigitaldeasturias.com\/radio\/la-industria-del-empapelado-crece-en-alemania\/#breadcrumblist","itemListElement":[{"@type":"ListItem","@id":"https:\/\/eldigitaldeasturias.com\/radio#listItem","position":1,"name":"Inicio","item":"https:\/\/eldigitaldeasturias.com\/radio","nextItem":{"@type":"ListItem","@id":"https:\/\/eldigitaldeasturias.com\/radio\/category\/negocios\/#listItem","name":"Negocios"}},{"@type":"ListItem","@id":"https:\/\/eldigitaldeasturias.com\/radio\/category\/negocios\/#listItem","position":2,"name":"Negocios","item":"https:\/\/eldigitaldeasturias.com\/radio\/category\/negocios\/","nextItem":{"@type":"ListItem","@id":"https:\/\/eldigitaldeasturias.com\/radio\/la-industria-del-empapelado-crece-en-alemania\/#listItem","name":"La industria del empapelado crece en Alemania"},"previousItem":{"@type":"ListItem","@id":"https:\/\/eldigitaldeasturias.com\/radio#listItem","name":"Inicio"}},{"@type":"ListItem","@id":"https:\/\/eldigitaldeasturias.com\/radio\/la-industria-del-empapelado-crece-en-alemania\/#listItem","position":3,"name":"La industria del empapelado crece en Alemania","previousItem":{"@type":"ListItem","@id":"https:\/\/eldigitaldeasturias.com\/radio\/category\/negocios\/#listItem","name":"Negocios"}}]},{"@type":"NewsArticle","@id":"https:\/\/eldigitaldeasturias.com\/radio\/la-industria-del-empapelado-crece-en-alemania\/#newsarticle","name":"La industria del empapelado crece en Alemania | El Digital de Asturias","headline":"La industria del empapelado crece en Alemania","author":{"@id":"https:\/\/eldigitaldeasturias.com\/radio\/author\/nbasturias\/#author"},"publisher":{"@id":"https:\/\/eldigitaldeasturias.com\/radio\/#organization"},"image":{"@type":"ImageObject","url":"https:\/\/eldigitaldeasturias.com\/radio\/wp-content\/uploads\/2021\/01\/papel.jpg","width":948,"height":602,"caption":"Foto: Silas Stein\/dpa"},"datePublished":"2021-01-24T17:24:29+01:00","dateModified":"2021-01-24T17:24:29+01:00","inLanguage":"es-ES","mainEntityOfPage":{"@id":"https:\/\/eldigitaldeasturias.com\/radio\/la-industria-del-empapelado-crece-en-alemania\/#webpage"},"isPartOf":{"@id":"https:\/\/eldigitaldeasturias.com\/radio\/la-industria-del-empapelado-crece-en-alemania\/#webpage"},"articleSection":"Negocios","dateline":"Publicado el enero 24, 2021."},{"@type":"Organization","@id":"https:\/\/eldigitaldeasturias.com\/radio\/#organization","name":"El digital de Asturias Radio","description":"Diario de informaci\u00f3n y noticias","url":"https:\/\/eldigitaldeasturias.com\/radio\/","telephone":"+34652131393","logo":{"@type":"ImageObject","url":"https:\/\/www.eldigitaldeasturias.com\/radio\/wp-content\/uploads\/2021\/03\/EDA.jpg","@id":"https:\/\/eldigitaldeasturias.com\/radio\/la-industria-del-empapelado-crece-en-alemania\/#organizationLogo"},"image":{"@id":"https:\/\/eldigitaldeasturias.com\/radio\/la-industria-del-empapelado-crece-en-alemania\/#organizationLogo"},"sameAs":["https:\/\/www.facebook.com\/","https:\/\/x.com\/bercodi","https:\/\/www.instagram.com\/","https:\/\/www.youtube.com\/channel\/UCZP-2wLEB9Rv6erhFmqVnvg"]},{"@type":"Person","@id":"https:\/\/eldigitaldeasturias.com\/radio\/author\/nbasturias\/#author","url":"https:\/\/eldigitaldeasturias.com\/radio\/author\/nbasturias\/","name":"NBAsturias","image":{"@type":"ImageObject","@id":"https:\/\/eldigitaldeasturias.com\/radio\/la-industria-del-empapelado-crece-en-alemania\/#authorImage","url":"https:\/\/secure.gravatar.com\/avatar\/df2aeffc32bcd13f8d26072ef8a91b623d677766deac7f97ca815868cd41bf5e?s=96&d=mm&r=g","width":96,"height":96,"caption":"NBAsturias"}},{"@type":"WebPage","@id":"https:\/\/eldigitaldeasturias.com\/radio\/la-industria-del-empapelado-crece-en-alemania\/#webpage","url":"https:\/\/eldigitaldeasturias.com\/radio\/la-industria-del-empapelado-crece-en-alemania\/","name":"La industria del empapelado crece en Alemania | El Digital de Asturias","description":"D\u00fcsseldorf\/Fr\u00e1ncfort, 24 ene (dpa) - La industria del empapelado puso fin en Alemania a la tendencia a la baja y logr\u00f3 en 2020 una facturaci\u00f3n de 256 millones de euros (unos 311 millones de d\u00f3lares) en plena pandemia de coronavirus. En 2019, el sector factur\u00f3 247 millones de euros, una ca\u00edda tras los 266 millones","inLanguage":"es-ES","isPartOf":{"@id":"https:\/\/eldigitaldeasturias.com\/radio\/#website"},"breadcrumb":{"@id":"https:\/\/eldigitaldeasturias.com\/radio\/la-industria-del-empapelado-crece-en-alemania\/#breadcrumblist"},"author":{"@id":"https:\/\/eldigitaldeasturias.com\/radio\/author\/nbasturias\/#author"},"creator":{"@id":"https:\/\/eldigitaldeasturias.com\/radio\/author\/nbasturias\/#author"},"image":{"@type":"ImageObject","url":"https:\/\/eldigitaldeasturias.com\/radio\/wp-content\/uploads\/2021\/01\/papel.jpg","@id":"https:\/\/eldigitaldeasturias.com\/radio\/la-industria-del-empapelado-crece-en-alemania\/#mainImage","width":948,"height":602,"caption":"Foto: Silas Stein\/dpa"},"primaryImageOfPage":{"@id":"https:\/\/eldigitaldeasturias.com\/radio\/la-industria-del-empapelado-crece-en-alemania\/#mainImage"},"datePublished":"2021-01-24T17:24:29+01:00","dateModified":"2021-01-24T17:24:29+01:00"},{"@type":"WebSite","@id":"https:\/\/eldigitaldeasturias.com\/radio\/#website","url":"https:\/\/eldigitaldeasturias.com\/radio\/","name":"El Digital de Asturias","description":"Diario de informaci\u00f3n y noticias","inLanguage":"es-ES","publisher":{"@id":"https:\/\/eldigitaldeasturias.com\/radio\/#organization"}}]},"og:locale":"es_ES","og:site_name":"El Digital de Asturias | Diario de informaci\u00f3n y noticias","og:type":"article","og:title":"La industria del empapelado crece en Alemania | El Digital de Asturias","og:description":"D\u00fcsseldorf\/Fr\u00e1ncfort, 24 ene (dpa) - La industria del empapelado puso fin en Alemania a la tendencia a la baja y logr\u00f3 en 2020 una facturaci\u00f3n de 256 millones de euros (unos 311 millones de d\u00f3lares) en plena pandemia de coronavirus. En 2019, el sector factur\u00f3 247 millones de euros, una ca\u00edda tras los 266 millones","og:url":"https:\/\/eldigitaldeasturias.com\/radio\/la-industria-del-empapelado-crece-en-alemania\/","og:image":"https:\/\/eldigitaldeasturias.com\/radio\/wp-content\/uploads\/2021\/01\/papel.jpg","og:image:secure_url":"https:\/\/eldigitaldeasturias.com\/radio\/wp-content\/uploads\/2021\/01\/papel.jpg","og:image:width":948,"og:image:height":602,"article:published_time":"2021-01-24T17:24:29+00:00","article:modified_time":"2021-01-24T17:24:29+00:00","twitter:card":"summary_large_image","twitter:site":"@bercodi","twitter:title":"La industria del empapelado crece en Alemania | El Digital de Asturias","twitter:description":"D\u00fcsseldorf\/Fr\u00e1ncfort, 24 ene (dpa) - La industria del empapelado puso fin en Alemania a la tendencia a la baja y logr\u00f3 en 2020 una facturaci\u00f3n de 256 millones de euros (unos 311 millones de d\u00f3lares) en plena pandemia de coronavirus. En 2019, el sector factur\u00f3 247 millones de euros, una ca\u00edda tras los 266 millones","twitter:creator":"@bercodi","twitter:image":"https:\/\/eldigitaldeasturias.com\/radio\/wp-content\/uploads\/2021\/01\/papel.jpg"},"aioseo_meta_data":{"post_id":"5545","title":null,"description":null,"keywords":null,"keyphrases":null,"primary_term":null,"canonical_url":null,"og_title":null,"og_description":null,"og_object_type":"default","og_image_type":"default","og_image_url":null,"og_image_width":null,"og_image_height":null,"og_image_custom_url":null,"og_image_custom_fields":null,"og_video":null,"og_custom_url":null,"og_article_section":null,"og_article_tags":null,"twitter_use_og":false,"twitter_card":"default","twitter_image_type":"default","twitter_image_url":null,"twitter_image_custom_url":null,"twitter_image_custom_fields":null,"twitter_title":null,"twitter_description":null,"schema":{"blockGraphs":[],"customGraphs":[],"default":{"data":{"Article":[],"Course":[],"Dataset":[],"FAQPage":[],"Movie":[],"Person":[],"Product":[],"ProductReview":[],"Car":[],"Recipe":[],"Service":[],"SoftwareApplication":[],"WebPage":[]},"graphName":"","isEnabled":true},"graphs":[],"defaultGraph":"","defaultPostTypeGraph":""},"schema_type":null,"schema_type_options":null,"pillar_content":false,"robots_default":true,"robots_noindex":false,"robots_noarchive":false,"robots_nosnippet":false,"robots_nofollow":false,"robots_noimageindex":false,"robots_noodp":false,"robots_notranslate":false,"robots_max_snippet":null,"robots_max_videopreview":null,"robots_max_imagepreview":"large","priority":null,"frequency":null,"location":null,"local_seo":null,"seo_analyzer_scan_date":"2025-08-28 18:03:34","breadcrumb_settings":null,"limit_modified_date":false,"open_ai":null,"ai":null,"created":"2021-03-25 10:24:31","updated":"2025-08-28 18:03:34"},"aioseo_breadcrumb":"<div class=\"aioseo-breadcrumbs\"><span class=\"aioseo-breadcrumb\">\n\t<a href=\"https:\/\/eldigitaldeasturias.com\/radio\" title=\"Inicio\">Inicio<\/a>\n<\/span><span class=\"aioseo-breadcrumb-separator\">&ndash;<\/span><span class=\"aioseo-breadcrumb\">\n\t<a href=\"https:\/\/eldigitaldeasturias.com\/radio\/category\/negocios\/\" title=\"Negocios\">Negocios<\/a>\n<\/span><span class=\"aioseo-breadcrumb-separator\">&ndash;<\/span><span class=\"aioseo-breadcrumb\">\n\tLa industria del empapelado crece en Alemania\n<\/span><\/div>","aioseo_breadcrumb_json":[{"label":"Inicio","link":"https:\/\/eldigitaldeasturias.com\/radio"},{"label":"Negocios","link":"https:\/\/eldigitaldeasturias.com\/radio\/category\/negocios\/"},{"label":"La industria del empapelado crece en Alemania","link":"https:\/\/eldigitaldeasturias.com\/radio\/la-industria-del-empapelado-crece-en-alemania\/"}],"_links":{"self":[{"href":"https:\/\/eldigitaldeasturias.com\/radio\/wp-json\/wp\/v2\/posts\/5545","targetHints":{"allow":["GET"]}}],"collection":[{"href":"https:\/\/eldigitaldeasturias.com\/radio\/wp-json\/wp\/v2\/posts"}],"about":[{"href":"https:\/\/eldigitaldeasturias.com\/radio\/wp-json\/wp\/v2\/types\/post"}],"author":[{"embeddable":true,"href":"https:\/\/eldigitaldeasturias.com\/radio\/wp-json\/wp\/v2\/users\/1"}],"replies":[{"embeddable":true,"href":"https:\/\/eldigitaldeasturias.com\/radio\/wp-json\/wp\/v2\/comments?post=5545"}],"version-history":[{"count":0,"href":"https:\/\/eldigitaldeasturias.com\/radio\/wp-json\/wp\/v2\/posts\/5545\/revisions"}],"wp:featuredmedia":[{"embeddable":true,"href":"https:\/\/eldigitaldeasturias.com\/radio\/wp-json\/wp\/v2\/media\/5546"}],"wp:attachment":[{"href":"https:\/\/eldigitaldeasturias.com\/radio\/wp-json\/wp\/v2\/media?parent=5545"}],"wp:term":[{"taxonomy":"category","embeddable":true,"href":"https:\/\/eldigitaldeasturias.com\/radio\/wp-json\/wp\/v2\/categories?post=5545"},{"taxonomy":"post_tag","embeddable":true,"href":"https:\/\/eldigitaldeasturias.com\/radio\/wp-json\/wp\/v2\/tags?post=5545"}],"curies":[{"name":"wp","href":"https:\/\/api.w.org\/{rel}","templated":true}]}}