{"id":5537,"date":"2021-01-24T17:05:32","date_gmt":"2021-01-24T17:05:32","guid":{"rendered":"http:\/\/eldigitaldeasturias.com\/radio\/?p=5537"},"modified":"2021-01-24T17:05:32","modified_gmt":"2021-01-24T17:05:32","slug":"nagelsmann-sin-presion-por-rumores-respecto-a-real-madrid","status":"publish","type":"post","link":"https:\/\/eldigitaldeasturias.com\/radio\/nagelsmann-sin-presion-por-rumores-respecto-a-real-madrid\/","title":{"rendered":"Nagelsmann \u00absin presi\u00f3n\u00bb por rumores respecto a Real Madrid"},"content":{"rendered":"<figure id=\"attachment_5538\" aria-describedby=\"caption-attachment-5538\" style=\"width: 360px\" class=\"wp-caption alignleft\"><img fetchpriority=\"high\" decoding=\"async\" class=\"size-medium wp-image-5538\" src=\"https:\/\/eldigitaldeasturias.com\/radio\/wp-content\/uploads\/2021\/01\/Nagelsmann-360x275.jpg\" alt=\"Nagelsmann\" width=\"360\" height=\"275\" srcset=\"https:\/\/eldigitaldeasturias.com\/radio\/wp-content\/uploads\/2021\/01\/Nagelsmann-360x275.jpg 360w, https:\/\/eldigitaldeasturias.com\/radio\/wp-content\/uploads\/2021\/01\/Nagelsmann-768x586.jpg 768w, https:\/\/eldigitaldeasturias.com\/radio\/wp-content\/uploads\/2021\/01\/Nagelsmann.jpg 812w\" sizes=\"(max-width: 360px) 100vw, 360px\" \/><figcaption id=\"caption-attachment-5538\" class=\"wp-caption-text\">Julian Nagelsmann, t\u00e9cnico del Leipzig. Foto: Tom Weller\/dpa<\/figcaption><\/figure>\n<p>Leipzig (Alemania), 23 ene (dpa) &#8211; El t\u00e9cnico del Leipzig de la Bundesliga, Julian Nagelsmann, reaccion\u00f3 hoy relajado ante rumores sobre un posible fichaje en el Real Madrid, comentando que \u00abhay peores cosas que leer\u00bb en los medios, seg\u00fan se\u00f1al\u00f3 al canal de televisi\u00f3n Sky.<\/p>\n<p>Nagelsmann agreg\u00f3: \u00abPero tambi\u00e9n s\u00e9 que las cosas que salen en los peri\u00f3dicos no siempre son ciertas\u00bb.<\/p>\n<p>Medios de Espa\u00f1a hab\u00edan especulado que el entrenador de 33 a\u00f1os podr\u00eda ser un candidato para suceder al t\u00e9cnico Zinedine Zidane al frente del campe\u00f3n espa\u00f1ol, que \u00faltimamente fue objeto de crecientes cr\u00edticas.<\/p>\n<p>Nagelsmann tiene un contrato con el Leipzig hasta julio de 2023. Supuestamente, los madrile\u00f1os est\u00e1n impresionados por las aptitudes del t\u00e9cnico para impulsar el desarrollo de jugadores y tambi\u00e9n estar\u00edan interesados en el italiano Massimiliano Allegri, de 53 a\u00f1os.<\/p>\n<p>Nagelsmann dej\u00f3 su impronta en el Hoffenheim antes de llevar al Leipzig a las semifinales de la Liga de Campeones. Actualmente, los sajones ocupan el segundo puesto de la Bundesliga y est\u00e1n nuevamente en octavos de final de la Liga de Campeones.<\/p>\n","protected":false},"excerpt":{"rendered":"<p>Leipzig (Alemania), 23 ene (dpa) &#8211; El t\u00e9cnico del Leipzig de la Bundesliga, Julian Nagelsmann, reaccion\u00f3 hoy relajado ante rumores sobre un posible fichaje en el Real Madrid, comentando que \u00abhay peores cosas que leer\u00bb en los medios, seg\u00fan se\u00f1al\u00f3 al canal de televisi\u00f3n Sky. Nagelsmann agreg\u00f3: \u00abPero tambi\u00e9n s\u00e9 que las cosas que salen<\/p>\n","protected":false},"author":1,"featured_media":5538,"comment_status":"closed","ping_status":"closed","sticky":false,"template":"","format":"standard","meta":{"footnotes":""},"categories":[1],"tags":[],"class_list":{"0":"post-5537","1":"post","2":"type-post","3":"status-publish","4":"format-standard","5":"has-post-thumbnail","7":"category-noticias"},"aioseo_notices":[],"aioseo_head":"\n\t\t<!-- All in One SEO Pro 4.9.6.2 - aioseo.com -->\n\t<meta name=\"description\" content=\"Leipzig (Alemania), 23 ene (dpa) - El t\u00e9cnico del Leipzig de la Bundesliga, Julian Nagelsmann, reaccion\u00f3 hoy relajado ante rumores sobre un posible fichaje en el Real Madrid, comentando que &quot;hay peores cosas que leer&quot; en los medios, seg\u00fan se\u00f1al\u00f3 al canal de televisi\u00f3n Sky. Nagelsmann agreg\u00f3: &quot;Pero tambi\u00e9n s\u00e9 que las cosas que salen\" \/>\n\t<meta name=\"robots\" content=\"max-image-preview:large\" \/>\n\t<meta name=\"author\" content=\"NBAsturias\"\/>\n\t<meta name=\"google-site-verification\" content=\"UA-38556648-1\" \/>\n\t<meta name=\"keywords\" content=\"noticias\" \/>\n\t<link rel=\"canonical\" href=\"https:\/\/eldigitaldeasturias.com\/radio\/nagelsmann-sin-presion-por-rumores-respecto-a-real-madrid\/\" \/>\n\t<meta name=\"generator\" content=\"All in One SEO Pro (AIOSEO) 4.9.6.2\" \/>\n\t\t<meta property=\"og:locale\" content=\"es_ES\" \/>\n\t\t<meta property=\"og:site_name\" content=\"El Digital de Asturias | Diario de informaci\u00f3n y noticias\" \/>\n\t\t<meta property=\"og:type\" content=\"article\" \/>\n\t\t<meta property=\"og:title\" content=\"Nagelsmann \u00absin presi\u00f3n\u00bb por rumores respecto a Real Madrid | El Digital de Asturias\" \/>\n\t\t<meta property=\"og:description\" content=\"Leipzig (Alemania), 23 ene (dpa) - El t\u00e9cnico del Leipzig de la Bundesliga, Julian Nagelsmann, reaccion\u00f3 hoy relajado ante rumores sobre un posible fichaje en el Real Madrid, comentando que &quot;hay peores cosas que leer&quot; en los medios, seg\u00fan se\u00f1al\u00f3 al canal de televisi\u00f3n Sky. Nagelsmann agreg\u00f3: &quot;Pero tambi\u00e9n s\u00e9 que las cosas que salen\" \/>\n\t\t<meta property=\"og:url\" content=\"https:\/\/eldigitaldeasturias.com\/radio\/nagelsmann-sin-presion-por-rumores-respecto-a-real-madrid\/\" \/>\n\t\t<meta property=\"og:image\" content=\"https:\/\/eldigitaldeasturias.com\/radio\/wp-content\/uploads\/2021\/01\/Nagelsmann.jpg\" \/>\n\t\t<meta property=\"og:image:secure_url\" content=\"https:\/\/eldigitaldeasturias.com\/radio\/wp-content\/uploads\/2021\/01\/Nagelsmann.jpg\" \/>\n\t\t<meta property=\"og:image:width\" content=\"812\" \/>\n\t\t<meta property=\"og:image:height\" content=\"620\" \/>\n\t\t<meta property=\"article:published_time\" content=\"2021-01-24T17:05:32+00:00\" \/>\n\t\t<meta property=\"article:modified_time\" content=\"2021-01-24T17:05:32+00:00\" \/>\n\t\t<meta name=\"twitter:card\" content=\"summary_large_image\" \/>\n\t\t<meta name=\"twitter:site\" content=\"@bercodi\" \/>\n\t\t<meta name=\"twitter:title\" content=\"Nagelsmann \u00absin presi\u00f3n\u00bb por rumores respecto a Real Madrid | El Digital de Asturias\" \/>\n\t\t<meta name=\"twitter:description\" content=\"Leipzig (Alemania), 23 ene (dpa) - El t\u00e9cnico del Leipzig de la Bundesliga, Julian Nagelsmann, reaccion\u00f3 hoy relajado ante rumores sobre un posible fichaje en el Real Madrid, comentando que &quot;hay peores cosas que leer&quot; en los medios, seg\u00fan se\u00f1al\u00f3 al canal de televisi\u00f3n Sky. Nagelsmann agreg\u00f3: &quot;Pero tambi\u00e9n s\u00e9 que las cosas que salen\" \/>\n\t\t<meta name=\"twitter:creator\" content=\"@bercodi\" \/>\n\t\t<meta name=\"twitter:image\" content=\"https:\/\/eldigitaldeasturias.com\/radio\/wp-content\/uploads\/2021\/01\/Nagelsmann.jpg\" \/>\n\t\t<script type=\"application\/ld+json\" class=\"aioseo-schema\">\n\t\t\t{\"@context\":\"https:\\\/\\\/schema.org\",\"@graph\":[{\"@type\":\"BreadcrumbList\",\"@id\":\"https:\\\/\\\/eldigitaldeasturias.com\\\/radio\\\/nagelsmann-sin-presion-por-rumores-respecto-a-real-madrid\\\/#breadcrumblist\",\"itemListElement\":[{\"@type\":\"ListItem\",\"@id\":\"https:\\\/\\\/eldigitaldeasturias.com\\\/radio#listItem\",\"position\":1,\"name\":\"Inicio\",\"item\":\"https:\\\/\\\/eldigitaldeasturias.com\\\/radio\",\"nextItem\":{\"@type\":\"ListItem\",\"@id\":\"https:\\\/\\\/eldigitaldeasturias.com\\\/radio\\\/category\\\/noticias\\\/#listItem\",\"name\":\"Noticias\"}},{\"@type\":\"ListItem\",\"@id\":\"https:\\\/\\\/eldigitaldeasturias.com\\\/radio\\\/category\\\/noticias\\\/#listItem\",\"position\":2,\"name\":\"Noticias\",\"item\":\"https:\\\/\\\/eldigitaldeasturias.com\\\/radio\\\/category\\\/noticias\\\/\",\"nextItem\":{\"@type\":\"ListItem\",\"@id\":\"https:\\\/\\\/eldigitaldeasturias.com\\\/radio\\\/nagelsmann-sin-presion-por-rumores-respecto-a-real-madrid\\\/#listItem\",\"name\":\"Nagelsmann \\u00absin presi\\u00f3n\\u00bb por rumores respecto a Real Madrid\"},\"previousItem\":{\"@type\":\"ListItem\",\"@id\":\"https:\\\/\\\/eldigitaldeasturias.com\\\/radio#listItem\",\"name\":\"Inicio\"}},{\"@type\":\"ListItem\",\"@id\":\"https:\\\/\\\/eldigitaldeasturias.com\\\/radio\\\/nagelsmann-sin-presion-por-rumores-respecto-a-real-madrid\\\/#listItem\",\"position\":3,\"name\":\"Nagelsmann \\u00absin presi\\u00f3n\\u00bb por rumores respecto a Real Madrid\",\"previousItem\":{\"@type\":\"ListItem\",\"@id\":\"https:\\\/\\\/eldigitaldeasturias.com\\\/radio\\\/category\\\/noticias\\\/#listItem\",\"name\":\"Noticias\"}}]},{\"@type\":\"NewsArticle\",\"@id\":\"https:\\\/\\\/eldigitaldeasturias.com\\\/radio\\\/nagelsmann-sin-presion-por-rumores-respecto-a-real-madrid\\\/#newsarticle\",\"name\":\"Nagelsmann \\u00absin presi\\u00f3n\\u00bb por rumores respecto a Real Madrid | El Digital de Asturias\",\"headline\":\"Nagelsmann \\u00absin presi\\u00f3n\\u00bb por rumores respecto a Real Madrid\",\"author\":{\"@id\":\"https:\\\/\\\/eldigitaldeasturias.com\\\/radio\\\/author\\\/nbasturias\\\/#author\"},\"publisher\":{\"@id\":\"https:\\\/\\\/eldigitaldeasturias.com\\\/radio\\\/#organization\"},\"image\":{\"@type\":\"ImageObject\",\"url\":\"https:\\\/\\\/eldigitaldeasturias.com\\\/radio\\\/wp-content\\\/uploads\\\/2021\\\/01\\\/Nagelsmann.jpg\",\"width\":812,\"height\":620,\"caption\":\"Julian Nagelsmann, t\\u00e9cnico del Leipzig. Foto: Tom Weller\\\/dpa\"},\"datePublished\":\"2021-01-24T17:05:32+01:00\",\"dateModified\":\"2021-01-24T17:05:32+01:00\",\"inLanguage\":\"es-ES\",\"mainEntityOfPage\":{\"@id\":\"https:\\\/\\\/eldigitaldeasturias.com\\\/radio\\\/nagelsmann-sin-presion-por-rumores-respecto-a-real-madrid\\\/#webpage\"},\"isPartOf\":{\"@id\":\"https:\\\/\\\/eldigitaldeasturias.com\\\/radio\\\/nagelsmann-sin-presion-por-rumores-respecto-a-real-madrid\\\/#webpage\"},\"articleSection\":\"Noticias\",\"dateline\":\"Publicado el enero 24, 2021.\"},{\"@type\":\"Organization\",\"@id\":\"https:\\\/\\\/eldigitaldeasturias.com\\\/radio\\\/#organization\",\"name\":\"El digital de Asturias Radio\",\"description\":\"Diario de informaci\\u00f3n y noticias\",\"url\":\"https:\\\/\\\/eldigitaldeasturias.com\\\/radio\\\/\",\"telephone\":\"+34652131393\",\"logo\":{\"@type\":\"ImageObject\",\"url\":\"https:\\\/\\\/www.eldigitaldeasturias.com\\\/radio\\\/wp-content\\\/uploads\\\/2021\\\/03\\\/EDA.jpg\",\"@id\":\"https:\\\/\\\/eldigitaldeasturias.com\\\/radio\\\/nagelsmann-sin-presion-por-rumores-respecto-a-real-madrid\\\/#organizationLogo\"},\"image\":{\"@id\":\"https:\\\/\\\/eldigitaldeasturias.com\\\/radio\\\/nagelsmann-sin-presion-por-rumores-respecto-a-real-madrid\\\/#organizationLogo\"},\"sameAs\":[\"https:\\\/\\\/www.facebook.com\\\/\",\"https:\\\/\\\/x.com\\\/bercodi\",\"https:\\\/\\\/www.instagram.com\\\/\",\"https:\\\/\\\/www.youtube.com\\\/channel\\\/UCZP-2wLEB9Rv6erhFmqVnvg\"]},{\"@type\":\"Person\",\"@id\":\"https:\\\/\\\/eldigitaldeasturias.com\\\/radio\\\/author\\\/nbasturias\\\/#author\",\"url\":\"https:\\\/\\\/eldigitaldeasturias.com\\\/radio\\\/author\\\/nbasturias\\\/\",\"name\":\"NBAsturias\",\"image\":{\"@type\":\"ImageObject\",\"@id\":\"https:\\\/\\\/eldigitaldeasturias.com\\\/radio\\\/nagelsmann-sin-presion-por-rumores-respecto-a-real-madrid\\\/#authorImage\",\"url\":\"https:\\\/\\\/secure.gravatar.com\\\/avatar\\\/df2aeffc32bcd13f8d26072ef8a91b623d677766deac7f97ca815868cd41bf5e?s=96&d=mm&r=g\",\"width\":96,\"height\":96,\"caption\":\"NBAsturias\"}},{\"@type\":\"WebPage\",\"@id\":\"https:\\\/\\\/eldigitaldeasturias.com\\\/radio\\\/nagelsmann-sin-presion-por-rumores-respecto-a-real-madrid\\\/#webpage\",\"url\":\"https:\\\/\\\/eldigitaldeasturias.com\\\/radio\\\/nagelsmann-sin-presion-por-rumores-respecto-a-real-madrid\\\/\",\"name\":\"Nagelsmann \\u00absin presi\\u00f3n\\u00bb por rumores respecto a Real Madrid | El Digital de Asturias\",\"description\":\"Leipzig (Alemania), 23 ene (dpa) - El t\\u00e9cnico del Leipzig de la Bundesliga, Julian Nagelsmann, reaccion\\u00f3 hoy relajado ante rumores sobre un posible fichaje en el Real Madrid, comentando que \\\"hay peores cosas que leer\\\" en los medios, seg\\u00fan se\\u00f1al\\u00f3 al canal de televisi\\u00f3n Sky. Nagelsmann agreg\\u00f3: \\\"Pero tambi\\u00e9n s\\u00e9 que las cosas que salen\",\"inLanguage\":\"es-ES\",\"isPartOf\":{\"@id\":\"https:\\\/\\\/eldigitaldeasturias.com\\\/radio\\\/#website\"},\"breadcrumb\":{\"@id\":\"https:\\\/\\\/eldigitaldeasturias.com\\\/radio\\\/nagelsmann-sin-presion-por-rumores-respecto-a-real-madrid\\\/#breadcrumblist\"},\"author\":{\"@id\":\"https:\\\/\\\/eldigitaldeasturias.com\\\/radio\\\/author\\\/nbasturias\\\/#author\"},\"creator\":{\"@id\":\"https:\\\/\\\/eldigitaldeasturias.com\\\/radio\\\/author\\\/nbasturias\\\/#author\"},\"image\":{\"@type\":\"ImageObject\",\"url\":\"https:\\\/\\\/eldigitaldeasturias.com\\\/radio\\\/wp-content\\\/uploads\\\/2021\\\/01\\\/Nagelsmann.jpg\",\"@id\":\"https:\\\/\\\/eldigitaldeasturias.com\\\/radio\\\/nagelsmann-sin-presion-por-rumores-respecto-a-real-madrid\\\/#mainImage\",\"width\":812,\"height\":620,\"caption\":\"Julian Nagelsmann, t\\u00e9cnico del Leipzig. Foto: Tom Weller\\\/dpa\"},\"primaryImageOfPage\":{\"@id\":\"https:\\\/\\\/eldigitaldeasturias.com\\\/radio\\\/nagelsmann-sin-presion-por-rumores-respecto-a-real-madrid\\\/#mainImage\"},\"datePublished\":\"2021-01-24T17:05:32+01:00\",\"dateModified\":\"2021-01-24T17:05:32+01:00\"},{\"@type\":\"WebSite\",\"@id\":\"https:\\\/\\\/eldigitaldeasturias.com\\\/radio\\\/#website\",\"url\":\"https:\\\/\\\/eldigitaldeasturias.com\\\/radio\\\/\",\"name\":\"El Digital de Asturias\",\"description\":\"Diario de informaci\\u00f3n y noticias\",\"inLanguage\":\"es-ES\",\"publisher\":{\"@id\":\"https:\\\/\\\/eldigitaldeasturias.com\\\/radio\\\/#organization\"}}]}\n\t\t<\/script>\n\t\t<!-- All in One SEO Pro -->\r\n\t\t<title>Nagelsmann \u00absin presi\u00f3n\u00bb por rumores respecto a Real Madrid | El Digital de Asturias<\/title>\n\n","aioseo_head_json":{"title":"Nagelsmann \u00absin presi\u00f3n\u00bb por rumores respecto a Real Madrid | El Digital de Asturias","description":"Leipzig (Alemania), 23 ene (dpa) - El t\u00e9cnico del Leipzig de la Bundesliga, Julian Nagelsmann, reaccion\u00f3 hoy relajado ante rumores sobre un posible fichaje en el Real Madrid, comentando que \"hay peores cosas que leer\" en los medios, seg\u00fan se\u00f1al\u00f3 al canal de televisi\u00f3n Sky. Nagelsmann agreg\u00f3: \"Pero tambi\u00e9n s\u00e9 que las cosas que salen","canonical_url":"https:\/\/eldigitaldeasturias.com\/radio\/nagelsmann-sin-presion-por-rumores-respecto-a-real-madrid\/","robots":"max-image-preview:large","keywords":"noticias","webmasterTools":{"google-site-verification":"UA-38556648-1","miscellaneous":""},"schema":{"@context":"https:\/\/schema.org","@graph":[{"@type":"BreadcrumbList","@id":"https:\/\/eldigitaldeasturias.com\/radio\/nagelsmann-sin-presion-por-rumores-respecto-a-real-madrid\/#breadcrumblist","itemListElement":[{"@type":"ListItem","@id":"https:\/\/eldigitaldeasturias.com\/radio#listItem","position":1,"name":"Inicio","item":"https:\/\/eldigitaldeasturias.com\/radio","nextItem":{"@type":"ListItem","@id":"https:\/\/eldigitaldeasturias.com\/radio\/category\/noticias\/#listItem","name":"Noticias"}},{"@type":"ListItem","@id":"https:\/\/eldigitaldeasturias.com\/radio\/category\/noticias\/#listItem","position":2,"name":"Noticias","item":"https:\/\/eldigitaldeasturias.com\/radio\/category\/noticias\/","nextItem":{"@type":"ListItem","@id":"https:\/\/eldigitaldeasturias.com\/radio\/nagelsmann-sin-presion-por-rumores-respecto-a-real-madrid\/#listItem","name":"Nagelsmann \u00absin presi\u00f3n\u00bb por rumores respecto a Real Madrid"},"previousItem":{"@type":"ListItem","@id":"https:\/\/eldigitaldeasturias.com\/radio#listItem","name":"Inicio"}},{"@type":"ListItem","@id":"https:\/\/eldigitaldeasturias.com\/radio\/nagelsmann-sin-presion-por-rumores-respecto-a-real-madrid\/#listItem","position":3,"name":"Nagelsmann \u00absin presi\u00f3n\u00bb por rumores respecto a Real Madrid","previousItem":{"@type":"ListItem","@id":"https:\/\/eldigitaldeasturias.com\/radio\/category\/noticias\/#listItem","name":"Noticias"}}]},{"@type":"NewsArticle","@id":"https:\/\/eldigitaldeasturias.com\/radio\/nagelsmann-sin-presion-por-rumores-respecto-a-real-madrid\/#newsarticle","name":"Nagelsmann \u00absin presi\u00f3n\u00bb por rumores respecto a Real Madrid | El Digital de Asturias","headline":"Nagelsmann \u00absin presi\u00f3n\u00bb por rumores respecto a Real Madrid","author":{"@id":"https:\/\/eldigitaldeasturias.com\/radio\/author\/nbasturias\/#author"},"publisher":{"@id":"https:\/\/eldigitaldeasturias.com\/radio\/#organization"},"image":{"@type":"ImageObject","url":"https:\/\/eldigitaldeasturias.com\/radio\/wp-content\/uploads\/2021\/01\/Nagelsmann.jpg","width":812,"height":620,"caption":"Julian Nagelsmann, t\u00e9cnico del Leipzig. Foto: Tom Weller\/dpa"},"datePublished":"2021-01-24T17:05:32+01:00","dateModified":"2021-01-24T17:05:32+01:00","inLanguage":"es-ES","mainEntityOfPage":{"@id":"https:\/\/eldigitaldeasturias.com\/radio\/nagelsmann-sin-presion-por-rumores-respecto-a-real-madrid\/#webpage"},"isPartOf":{"@id":"https:\/\/eldigitaldeasturias.com\/radio\/nagelsmann-sin-presion-por-rumores-respecto-a-real-madrid\/#webpage"},"articleSection":"Noticias","dateline":"Publicado el enero 24, 2021."},{"@type":"Organization","@id":"https:\/\/eldigitaldeasturias.com\/radio\/#organization","name":"El digital de Asturias Radio","description":"Diario de informaci\u00f3n y noticias","url":"https:\/\/eldigitaldeasturias.com\/radio\/","telephone":"+34652131393","logo":{"@type":"ImageObject","url":"https:\/\/www.eldigitaldeasturias.com\/radio\/wp-content\/uploads\/2021\/03\/EDA.jpg","@id":"https:\/\/eldigitaldeasturias.com\/radio\/nagelsmann-sin-presion-por-rumores-respecto-a-real-madrid\/#organizationLogo"},"image":{"@id":"https:\/\/eldigitaldeasturias.com\/radio\/nagelsmann-sin-presion-por-rumores-respecto-a-real-madrid\/#organizationLogo"},"sameAs":["https:\/\/www.facebook.com\/","https:\/\/x.com\/bercodi","https:\/\/www.instagram.com\/","https:\/\/www.youtube.com\/channel\/UCZP-2wLEB9Rv6erhFmqVnvg"]},{"@type":"Person","@id":"https:\/\/eldigitaldeasturias.com\/radio\/author\/nbasturias\/#author","url":"https:\/\/eldigitaldeasturias.com\/radio\/author\/nbasturias\/","name":"NBAsturias","image":{"@type":"ImageObject","@id":"https:\/\/eldigitaldeasturias.com\/radio\/nagelsmann-sin-presion-por-rumores-respecto-a-real-madrid\/#authorImage","url":"https:\/\/secure.gravatar.com\/avatar\/df2aeffc32bcd13f8d26072ef8a91b623d677766deac7f97ca815868cd41bf5e?s=96&d=mm&r=g","width":96,"height":96,"caption":"NBAsturias"}},{"@type":"WebPage","@id":"https:\/\/eldigitaldeasturias.com\/radio\/nagelsmann-sin-presion-por-rumores-respecto-a-real-madrid\/#webpage","url":"https:\/\/eldigitaldeasturias.com\/radio\/nagelsmann-sin-presion-por-rumores-respecto-a-real-madrid\/","name":"Nagelsmann \u00absin presi\u00f3n\u00bb por rumores respecto a Real Madrid | El Digital de Asturias","description":"Leipzig (Alemania), 23 ene (dpa) - El t\u00e9cnico del Leipzig de la Bundesliga, Julian Nagelsmann, reaccion\u00f3 hoy relajado ante rumores sobre un posible fichaje en el Real Madrid, comentando que \"hay peores cosas que leer\" en los medios, seg\u00fan se\u00f1al\u00f3 al canal de televisi\u00f3n Sky. Nagelsmann agreg\u00f3: \"Pero tambi\u00e9n s\u00e9 que las cosas que salen","inLanguage":"es-ES","isPartOf":{"@id":"https:\/\/eldigitaldeasturias.com\/radio\/#website"},"breadcrumb":{"@id":"https:\/\/eldigitaldeasturias.com\/radio\/nagelsmann-sin-presion-por-rumores-respecto-a-real-madrid\/#breadcrumblist"},"author":{"@id":"https:\/\/eldigitaldeasturias.com\/radio\/author\/nbasturias\/#author"},"creator":{"@id":"https:\/\/eldigitaldeasturias.com\/radio\/author\/nbasturias\/#author"},"image":{"@type":"ImageObject","url":"https:\/\/eldigitaldeasturias.com\/radio\/wp-content\/uploads\/2021\/01\/Nagelsmann.jpg","@id":"https:\/\/eldigitaldeasturias.com\/radio\/nagelsmann-sin-presion-por-rumores-respecto-a-real-madrid\/#mainImage","width":812,"height":620,"caption":"Julian Nagelsmann, t\u00e9cnico del Leipzig. Foto: Tom Weller\/dpa"},"primaryImageOfPage":{"@id":"https:\/\/eldigitaldeasturias.com\/radio\/nagelsmann-sin-presion-por-rumores-respecto-a-real-madrid\/#mainImage"},"datePublished":"2021-01-24T17:05:32+01:00","dateModified":"2021-01-24T17:05:32+01:00"},{"@type":"WebSite","@id":"https:\/\/eldigitaldeasturias.com\/radio\/#website","url":"https:\/\/eldigitaldeasturias.com\/radio\/","name":"El Digital de Asturias","description":"Diario de informaci\u00f3n y noticias","inLanguage":"es-ES","publisher":{"@id":"https:\/\/eldigitaldeasturias.com\/radio\/#organization"}}]},"og:locale":"es_ES","og:site_name":"El Digital de Asturias | Diario de informaci\u00f3n y noticias","og:type":"article","og:title":"Nagelsmann \u00absin presi\u00f3n\u00bb por rumores respecto a Real Madrid | El Digital de Asturias","og:description":"Leipzig (Alemania), 23 ene (dpa) - El t\u00e9cnico del Leipzig de la Bundesliga, Julian Nagelsmann, reaccion\u00f3 hoy relajado ante rumores sobre un posible fichaje en el Real Madrid, comentando que &quot;hay peores cosas que leer&quot; en los medios, seg\u00fan se\u00f1al\u00f3 al canal de televisi\u00f3n Sky. Nagelsmann agreg\u00f3: &quot;Pero tambi\u00e9n s\u00e9 que las cosas que salen","og:url":"https:\/\/eldigitaldeasturias.com\/radio\/nagelsmann-sin-presion-por-rumores-respecto-a-real-madrid\/","og:image":"https:\/\/eldigitaldeasturias.com\/radio\/wp-content\/uploads\/2021\/01\/Nagelsmann.jpg","og:image:secure_url":"https:\/\/eldigitaldeasturias.com\/radio\/wp-content\/uploads\/2021\/01\/Nagelsmann.jpg","og:image:width":812,"og:image:height":620,"article:published_time":"2021-01-24T17:05:32+00:00","article:modified_time":"2021-01-24T17:05:32+00:00","twitter:card":"summary_large_image","twitter:site":"@bercodi","twitter:title":"Nagelsmann \u00absin presi\u00f3n\u00bb por rumores respecto a Real Madrid | El Digital de Asturias","twitter:description":"Leipzig (Alemania), 23 ene (dpa) - El t\u00e9cnico del Leipzig de la Bundesliga, Julian Nagelsmann, reaccion\u00f3 hoy relajado ante rumores sobre un posible fichaje en el Real Madrid, comentando que &quot;hay peores cosas que leer&quot; en los medios, seg\u00fan se\u00f1al\u00f3 al canal de televisi\u00f3n Sky. Nagelsmann agreg\u00f3: &quot;Pero tambi\u00e9n s\u00e9 que las cosas que salen","twitter:creator":"@bercodi","twitter:image":"https:\/\/eldigitaldeasturias.com\/radio\/wp-content\/uploads\/2021\/01\/Nagelsmann.jpg"},"aioseo_meta_data":{"post_id":"5537","title":null,"description":null,"keywords":null,"keyphrases":null,"primary_term":null,"canonical_url":null,"og_title":null,"og_description":null,"og_object_type":"default","og_image_type":"default","og_image_url":null,"og_image_width":null,"og_image_height":null,"og_image_custom_url":null,"og_image_custom_fields":null,"og_video":null,"og_custom_url":null,"og_article_section":null,"og_article_tags":null,"twitter_use_og":false,"twitter_card":"default","twitter_image_type":"default","twitter_image_url":null,"twitter_image_custom_url":null,"twitter_image_custom_fields":null,"twitter_title":null,"twitter_description":null,"schema":{"blockGraphs":[],"customGraphs":[],"default":{"data":{"Article":[],"Course":[],"Dataset":[],"FAQPage":[],"Movie":[],"Person":[],"Product":[],"ProductReview":[],"Car":[],"Recipe":[],"Service":[],"SoftwareApplication":[],"WebPage":[]},"graphName":"","isEnabled":true},"graphs":[],"defaultGraph":"","defaultPostTypeGraph":""},"schema_type":null,"schema_type_options":null,"pillar_content":false,"robots_default":true,"robots_noindex":false,"robots_noarchive":false,"robots_nosnippet":false,"robots_nofollow":false,"robots_noimageindex":false,"robots_noodp":false,"robots_notranslate":false,"robots_max_snippet":null,"robots_max_videopreview":null,"robots_max_imagepreview":"large","priority":null,"frequency":null,"location":null,"local_seo":null,"seo_analyzer_scan_date":"2025-08-28 18:03:31","breadcrumb_settings":null,"limit_modified_date":false,"open_ai":null,"ai":null,"created":"2021-03-25 20:11:45","updated":"2025-08-28 18:03:31"},"aioseo_breadcrumb":"<div class=\"aioseo-breadcrumbs\"><span class=\"aioseo-breadcrumb\">\n\t<a href=\"https:\/\/eldigitaldeasturias.com\/radio\" title=\"Inicio\">Inicio<\/a>\n<\/span><span class=\"aioseo-breadcrumb-separator\">&ndash;<\/span><span class=\"aioseo-breadcrumb\">\n\t<a href=\"https:\/\/eldigitaldeasturias.com\/radio\/category\/noticias\/\" title=\"Noticias\">Noticias<\/a>\n<\/span><span class=\"aioseo-breadcrumb-separator\">&ndash;<\/span><span class=\"aioseo-breadcrumb\">\n\tNagelsmann \u00absin presi\u00f3n\u00bb por rumores respecto a Real Madrid\n<\/span><\/div>","aioseo_breadcrumb_json":[{"label":"Inicio","link":"https:\/\/eldigitaldeasturias.com\/radio"},{"label":"Noticias","link":"https:\/\/eldigitaldeasturias.com\/radio\/category\/noticias\/"},{"label":"Nagelsmann \u00absin presi\u00f3n\u00bb por rumores respecto a Real Madrid","link":"https:\/\/eldigitaldeasturias.com\/radio\/nagelsmann-sin-presion-por-rumores-respecto-a-real-madrid\/"}],"_links":{"self":[{"href":"https:\/\/eldigitaldeasturias.com\/radio\/wp-json\/wp\/v2\/posts\/5537","targetHints":{"allow":["GET"]}}],"collection":[{"href":"https:\/\/eldigitaldeasturias.com\/radio\/wp-json\/wp\/v2\/posts"}],"about":[{"href":"https:\/\/eldigitaldeasturias.com\/radio\/wp-json\/wp\/v2\/types\/post"}],"author":[{"embeddable":true,"href":"https:\/\/eldigitaldeasturias.com\/radio\/wp-json\/wp\/v2\/users\/1"}],"replies":[{"embeddable":true,"href":"https:\/\/eldigitaldeasturias.com\/radio\/wp-json\/wp\/v2\/comments?post=5537"}],"version-history":[{"count":0,"href":"https:\/\/eldigitaldeasturias.com\/radio\/wp-json\/wp\/v2\/posts\/5537\/revisions"}],"wp:featuredmedia":[{"embeddable":true,"href":"https:\/\/eldigitaldeasturias.com\/radio\/wp-json\/wp\/v2\/media\/5538"}],"wp:attachment":[{"href":"https:\/\/eldigitaldeasturias.com\/radio\/wp-json\/wp\/v2\/media?parent=5537"}],"wp:term":[{"taxonomy":"category","embeddable":true,"href":"https:\/\/eldigitaldeasturias.com\/radio\/wp-json\/wp\/v2\/categories?post=5537"},{"taxonomy":"post_tag","embeddable":true,"href":"https:\/\/eldigitaldeasturias.com\/radio\/wp-json\/wp\/v2\/tags?post=5537"}],"curies":[{"name":"wp","href":"https:\/\/api.w.org\/{rel}","templated":true}]}}