{"id":5508,"date":"2021-01-12T12:59:03","date_gmt":"2021-01-12T12:59:03","guid":{"rendered":"http:\/\/eldigitaldeasturias.com\/radio\/?p=5508"},"modified":"2021-01-12T12:59:03","modified_gmt":"2021-01-12T12:59:03","slug":"el-presidente-de-portugal-da-positivo-por-coronavirus","status":"publish","type":"post","link":"https:\/\/eldigitaldeasturias.com\/radio\/el-presidente-de-portugal-da-positivo-por-coronavirus\/","title":{"rendered":"El presidente de Portugal da positivo por coronavirus"},"content":{"rendered":"<p><img fetchpriority=\"high\" decoding=\"async\" class=\"alignleft size-medium wp-image-5503\" src=\"https:\/\/eldigitaldeasturias.com\/radio\/wp-content\/uploads\/2021\/01\/covid-19-4982910_640-360x240.jpg\" alt=\"\" width=\"360\" height=\"240\" srcset=\"https:\/\/eldigitaldeasturias.com\/radio\/wp-content\/uploads\/2021\/01\/covid-19-4982910_640-360x240.jpg 360w, https:\/\/eldigitaldeasturias.com\/radio\/wp-content\/uploads\/2021\/01\/covid-19-4982910_640.jpg 640w\" sizes=\"(max-width: 360px) 100vw, 360px\" \/>(EP) &#8211; El presidente de Portugal, Marcelo Rebelo de Sousa, ha dado positvo en una prueba del coronavirus, seg\u00fan ha informado la Presidencia lusa en un comunicado.<\/p>\n<p>El mandatario dio negativo el domingo y \u00aba pesar de que el test de ant\u00edgenos de hoy ha sido negativo, se ha sabido ahora, a las 21.40 hroas, que la prueba PCR ha dado positivo\u00bb, explica el comunicado recogido por la prensa lusa.<\/p>\n<p>\u00abEl presidente de la Rep\u00fablica est\u00e1 asintom\u00e1tico y ha hablado con el presidente de la Asamblea de la Rep\u00fablica, al primer ministro y a la ministra de Sanidad\u00bb, a\u00f1ade. Rebelo de Sousa seguir\u00e1 trabajando en el Palacio de Bel\u00e9m, donde \u00abguardar\u00e1 aislamiento profil\u00e1ctico en la zona residencial\u00bb. El presidente portugu\u00e9s ha cancelado as\u00ed toda su agenda de los pr\u00f3ximos d\u00edas.<\/p>\n<p>Este lunes, el Ministerio de Sanidad portugu\u00e9s ha informado de 122 muertes y y 5.604 nuevos contagios para un total de 7.925 v\u00edctimas mortales y 489.293 casos confirmados.<\/p>\n<p>La regi\u00f3n de Lisboa y Valle del Tajo concentra m\u00e1s de 2.100 de los nuevos positivos, mientras que la zona Norte ronda los 1.500 y el Centro se sit\u00faa ligeramente por debajo del millar, seg\u00fan los datos de la Direcci\u00f3n General de Salud.<\/p>\n<p>El alza de los contagios se nota tambi\u00e9n en la cifra de ingresos hospitalarios, ya que hay 3.983 enfermos ingresados, 213 m\u00e1s, y crecen tambi\u00e9n los pacientes en unidades de cuidados intensivos, hasta 567. Las autoridades estiman que hay m\u00e1s de 109.000 casos activos en todo el pa\u00eds.<\/p>\n<p>El Gobierno de Ant\u00f3nio Costa ha restringido la movilidad en los \u00faltimos d\u00edas para tratar de contener la subida de los casos asociada a la Navidad, al tiempo que avanza en la campa\u00f1a de vacunaci\u00f3n. El Ejecutivo ha confirmado que m\u00e1s de 74.000 personas han recibido ya la primera dosis de la vacuna de Pfizer y BioNTech.<\/p>\n","protected":false},"excerpt":{"rendered":"<p>(EP) &#8211; El presidente de Portugal, Marcelo Rebelo de Sousa, ha dado positvo en una prueba del coronavirus, seg\u00fan ha informado la Presidencia lusa en un comunicado. El mandatario dio negativo el domingo y \u00aba pesar de que el test de ant\u00edgenos de hoy ha sido negativo, se ha sabido ahora, a las 21.40 hroas,<\/p>\n","protected":false},"author":1,"featured_media":5503,"comment_status":"closed","ping_status":"closed","sticky":false,"template":"","format":"standard","meta":{"footnotes":""},"categories":[1],"tags":[],"class_list":{"0":"post-5508","1":"post","2":"type-post","3":"status-publish","4":"format-standard","5":"has-post-thumbnail","7":"category-noticias"},"aioseo_notices":[],"aioseo_head":"\n\t\t<!-- All in One SEO Pro 4.9.6.2 - aioseo.com -->\n\t<meta name=\"description\" content=\"(EP) - El presidente de Portugal, Marcelo Rebelo de Sousa, ha dado positvo en una prueba del coronavirus, seg\u00fan ha informado la Presidencia lusa en un comunicado. El mandatario dio negativo el domingo y &quot;a pesar de que el test de ant\u00edgenos de hoy ha sido negativo, se ha sabido ahora, a las 21.40 hroas,\" \/>\n\t<meta name=\"robots\" content=\"max-image-preview:large\" \/>\n\t<meta name=\"author\" content=\"NBAsturias\"\/>\n\t<meta name=\"google-site-verification\" content=\"UA-38556648-1\" \/>\n\t<meta name=\"keywords\" content=\"noticias\" \/>\n\t<link rel=\"canonical\" href=\"https:\/\/eldigitaldeasturias.com\/radio\/el-presidente-de-portugal-da-positivo-por-coronavirus\/\" \/>\n\t<meta name=\"generator\" content=\"All in One SEO Pro (AIOSEO) 4.9.6.2\" \/>\n\t\t<meta property=\"og:locale\" content=\"es_ES\" \/>\n\t\t<meta property=\"og:site_name\" content=\"El Digital de Asturias | Diario de informaci\u00f3n y noticias\" \/>\n\t\t<meta property=\"og:type\" content=\"article\" \/>\n\t\t<meta property=\"og:title\" content=\"El presidente de Portugal da positivo por coronavirus | El Digital de Asturias\" \/>\n\t\t<meta property=\"og:description\" content=\"(EP) - El presidente de Portugal, Marcelo Rebelo de Sousa, ha dado positvo en una prueba del coronavirus, seg\u00fan ha informado la Presidencia lusa en un comunicado. El mandatario dio negativo el domingo y &quot;a pesar de que el test de ant\u00edgenos de hoy ha sido negativo, se ha sabido ahora, a las 21.40 hroas,\" \/>\n\t\t<meta property=\"og:url\" content=\"https:\/\/eldigitaldeasturias.com\/radio\/el-presidente-de-portugal-da-positivo-por-coronavirus\/\" \/>\n\t\t<meta property=\"og:image\" content=\"https:\/\/eldigitaldeasturias.com\/radio\/wp-content\/uploads\/2021\/01\/covid-19-4982910_640.jpg\" \/>\n\t\t<meta property=\"og:image:secure_url\" content=\"https:\/\/eldigitaldeasturias.com\/radio\/wp-content\/uploads\/2021\/01\/covid-19-4982910_640.jpg\" \/>\n\t\t<meta property=\"og:image:width\" content=\"640\" \/>\n\t\t<meta property=\"og:image:height\" content=\"427\" \/>\n\t\t<meta property=\"article:published_time\" content=\"2021-01-12T12:59:03+00:00\" \/>\n\t\t<meta property=\"article:modified_time\" content=\"2021-01-12T12:59:03+00:00\" \/>\n\t\t<meta name=\"twitter:card\" content=\"summary_large_image\" \/>\n\t\t<meta name=\"twitter:site\" content=\"@bercodi\" \/>\n\t\t<meta name=\"twitter:title\" content=\"El presidente de Portugal da positivo por coronavirus | El Digital de Asturias\" \/>\n\t\t<meta name=\"twitter:description\" content=\"(EP) - El presidente de Portugal, Marcelo Rebelo de Sousa, ha dado positvo en una prueba del coronavirus, seg\u00fan ha informado la Presidencia lusa en un comunicado. El mandatario dio negativo el domingo y &quot;a pesar de que el test de ant\u00edgenos de hoy ha sido negativo, se ha sabido ahora, a las 21.40 hroas,\" \/>\n\t\t<meta name=\"twitter:creator\" content=\"@bercodi\" \/>\n\t\t<meta name=\"twitter:image\" content=\"https:\/\/eldigitaldeasturias.com\/radio\/wp-content\/uploads\/2021\/01\/covid-19-4982910_640.jpg\" \/>\n\t\t<script type=\"application\/ld+json\" class=\"aioseo-schema\">\n\t\t\t{\"@context\":\"https:\\\/\\\/schema.org\",\"@graph\":[{\"@type\":\"BreadcrumbList\",\"@id\":\"https:\\\/\\\/eldigitaldeasturias.com\\\/radio\\\/el-presidente-de-portugal-da-positivo-por-coronavirus\\\/#breadcrumblist\",\"itemListElement\":[{\"@type\":\"ListItem\",\"@id\":\"https:\\\/\\\/eldigitaldeasturias.com\\\/radio#listItem\",\"position\":1,\"name\":\"Inicio\",\"item\":\"https:\\\/\\\/eldigitaldeasturias.com\\\/radio\",\"nextItem\":{\"@type\":\"ListItem\",\"@id\":\"https:\\\/\\\/eldigitaldeasturias.com\\\/radio\\\/category\\\/noticias\\\/#listItem\",\"name\":\"Noticias\"}},{\"@type\":\"ListItem\",\"@id\":\"https:\\\/\\\/eldigitaldeasturias.com\\\/radio\\\/category\\\/noticias\\\/#listItem\",\"position\":2,\"name\":\"Noticias\",\"item\":\"https:\\\/\\\/eldigitaldeasturias.com\\\/radio\\\/category\\\/noticias\\\/\",\"nextItem\":{\"@type\":\"ListItem\",\"@id\":\"https:\\\/\\\/eldigitaldeasturias.com\\\/radio\\\/el-presidente-de-portugal-da-positivo-por-coronavirus\\\/#listItem\",\"name\":\"El presidente de Portugal da positivo por coronavirus\"},\"previousItem\":{\"@type\":\"ListItem\",\"@id\":\"https:\\\/\\\/eldigitaldeasturias.com\\\/radio#listItem\",\"name\":\"Inicio\"}},{\"@type\":\"ListItem\",\"@id\":\"https:\\\/\\\/eldigitaldeasturias.com\\\/radio\\\/el-presidente-de-portugal-da-positivo-por-coronavirus\\\/#listItem\",\"position\":3,\"name\":\"El presidente de Portugal da positivo por coronavirus\",\"previousItem\":{\"@type\":\"ListItem\",\"@id\":\"https:\\\/\\\/eldigitaldeasturias.com\\\/radio\\\/category\\\/noticias\\\/#listItem\",\"name\":\"Noticias\"}}]},{\"@type\":\"NewsArticle\",\"@id\":\"https:\\\/\\\/eldigitaldeasturias.com\\\/radio\\\/el-presidente-de-portugal-da-positivo-por-coronavirus\\\/#newsarticle\",\"name\":\"El presidente de Portugal da positivo por coronavirus | El Digital de Asturias\",\"headline\":\"El presidente de Portugal da positivo por coronavirus\",\"author\":{\"@id\":\"https:\\\/\\\/eldigitaldeasturias.com\\\/radio\\\/author\\\/nbasturias\\\/#author\"},\"publisher\":{\"@id\":\"https:\\\/\\\/eldigitaldeasturias.com\\\/radio\\\/#organization\"},\"image\":{\"@type\":\"ImageObject\",\"url\":\"https:\\\/\\\/eldigitaldeasturias.com\\\/radio\\\/wp-content\\\/uploads\\\/2021\\\/01\\\/covid-19-4982910_640.jpg\",\"width\":640,\"height\":427,\"caption\":\"covid-19\"},\"datePublished\":\"2021-01-12T12:59:03+01:00\",\"dateModified\":\"2021-01-12T12:59:03+01:00\",\"inLanguage\":\"es-ES\",\"mainEntityOfPage\":{\"@id\":\"https:\\\/\\\/eldigitaldeasturias.com\\\/radio\\\/el-presidente-de-portugal-da-positivo-por-coronavirus\\\/#webpage\"},\"isPartOf\":{\"@id\":\"https:\\\/\\\/eldigitaldeasturias.com\\\/radio\\\/el-presidente-de-portugal-da-positivo-por-coronavirus\\\/#webpage\"},\"articleSection\":\"Noticias\",\"dateline\":\"Publicado el enero 12, 2021.\"},{\"@type\":\"Organization\",\"@id\":\"https:\\\/\\\/eldigitaldeasturias.com\\\/radio\\\/#organization\",\"name\":\"El digital de Asturias Radio\",\"description\":\"Diario de informaci\\u00f3n y noticias\",\"url\":\"https:\\\/\\\/eldigitaldeasturias.com\\\/radio\\\/\",\"telephone\":\"+34652131393\",\"logo\":{\"@type\":\"ImageObject\",\"url\":\"https:\\\/\\\/www.eldigitaldeasturias.com\\\/radio\\\/wp-content\\\/uploads\\\/2021\\\/03\\\/EDA.jpg\",\"@id\":\"https:\\\/\\\/eldigitaldeasturias.com\\\/radio\\\/el-presidente-de-portugal-da-positivo-por-coronavirus\\\/#organizationLogo\"},\"image\":{\"@id\":\"https:\\\/\\\/eldigitaldeasturias.com\\\/radio\\\/el-presidente-de-portugal-da-positivo-por-coronavirus\\\/#organizationLogo\"},\"sameAs\":[\"https:\\\/\\\/www.facebook.com\\\/\",\"https:\\\/\\\/x.com\\\/bercodi\",\"https:\\\/\\\/www.instagram.com\\\/\",\"https:\\\/\\\/www.youtube.com\\\/channel\\\/UCZP-2wLEB9Rv6erhFmqVnvg\"]},{\"@type\":\"Person\",\"@id\":\"https:\\\/\\\/eldigitaldeasturias.com\\\/radio\\\/author\\\/nbasturias\\\/#author\",\"url\":\"https:\\\/\\\/eldigitaldeasturias.com\\\/radio\\\/author\\\/nbasturias\\\/\",\"name\":\"NBAsturias\",\"image\":{\"@type\":\"ImageObject\",\"@id\":\"https:\\\/\\\/eldigitaldeasturias.com\\\/radio\\\/el-presidente-de-portugal-da-positivo-por-coronavirus\\\/#authorImage\",\"url\":\"https:\\\/\\\/secure.gravatar.com\\\/avatar\\\/df2aeffc32bcd13f8d26072ef8a91b623d677766deac7f97ca815868cd41bf5e?s=96&d=mm&r=g\",\"width\":96,\"height\":96,\"caption\":\"NBAsturias\"}},{\"@type\":\"WebPage\",\"@id\":\"https:\\\/\\\/eldigitaldeasturias.com\\\/radio\\\/el-presidente-de-portugal-da-positivo-por-coronavirus\\\/#webpage\",\"url\":\"https:\\\/\\\/eldigitaldeasturias.com\\\/radio\\\/el-presidente-de-portugal-da-positivo-por-coronavirus\\\/\",\"name\":\"El presidente de Portugal da positivo por coronavirus | El Digital de Asturias\",\"description\":\"(EP) - El presidente de Portugal, Marcelo Rebelo de Sousa, ha dado positvo en una prueba del coronavirus, seg\\u00fan ha informado la Presidencia lusa en un comunicado. El mandatario dio negativo el domingo y \\\"a pesar de que el test de ant\\u00edgenos de hoy ha sido negativo, se ha sabido ahora, a las 21.40 hroas,\",\"inLanguage\":\"es-ES\",\"isPartOf\":{\"@id\":\"https:\\\/\\\/eldigitaldeasturias.com\\\/radio\\\/#website\"},\"breadcrumb\":{\"@id\":\"https:\\\/\\\/eldigitaldeasturias.com\\\/radio\\\/el-presidente-de-portugal-da-positivo-por-coronavirus\\\/#breadcrumblist\"},\"author\":{\"@id\":\"https:\\\/\\\/eldigitaldeasturias.com\\\/radio\\\/author\\\/nbasturias\\\/#author\"},\"creator\":{\"@id\":\"https:\\\/\\\/eldigitaldeasturias.com\\\/radio\\\/author\\\/nbasturias\\\/#author\"},\"image\":{\"@type\":\"ImageObject\",\"url\":\"https:\\\/\\\/eldigitaldeasturias.com\\\/radio\\\/wp-content\\\/uploads\\\/2021\\\/01\\\/covid-19-4982910_640.jpg\",\"@id\":\"https:\\\/\\\/eldigitaldeasturias.com\\\/radio\\\/el-presidente-de-portugal-da-positivo-por-coronavirus\\\/#mainImage\",\"width\":640,\"height\":427,\"caption\":\"covid-19\"},\"primaryImageOfPage\":{\"@id\":\"https:\\\/\\\/eldigitaldeasturias.com\\\/radio\\\/el-presidente-de-portugal-da-positivo-por-coronavirus\\\/#mainImage\"},\"datePublished\":\"2021-01-12T12:59:03+01:00\",\"dateModified\":\"2021-01-12T12:59:03+01:00\"},{\"@type\":\"WebSite\",\"@id\":\"https:\\\/\\\/eldigitaldeasturias.com\\\/radio\\\/#website\",\"url\":\"https:\\\/\\\/eldigitaldeasturias.com\\\/radio\\\/\",\"name\":\"El Digital de Asturias\",\"description\":\"Diario de informaci\\u00f3n y noticias\",\"inLanguage\":\"es-ES\",\"publisher\":{\"@id\":\"https:\\\/\\\/eldigitaldeasturias.com\\\/radio\\\/#organization\"}}]}\n\t\t<\/script>\n\t\t<!-- All in One SEO Pro -->\r\n\t\t<title>El presidente de Portugal da positivo por coronavirus | El Digital de Asturias<\/title>\n\n","aioseo_head_json":{"title":"El presidente de Portugal da positivo por coronavirus | El Digital de Asturias","description":"(EP) - El presidente de Portugal, Marcelo Rebelo de Sousa, ha dado positvo en una prueba del coronavirus, seg\u00fan ha informado la Presidencia lusa en un comunicado. El mandatario dio negativo el domingo y \"a pesar de que el test de ant\u00edgenos de hoy ha sido negativo, se ha sabido ahora, a las 21.40 hroas,","canonical_url":"https:\/\/eldigitaldeasturias.com\/radio\/el-presidente-de-portugal-da-positivo-por-coronavirus\/","robots":"max-image-preview:large","keywords":"noticias","webmasterTools":{"google-site-verification":"UA-38556648-1","miscellaneous":""},"schema":{"@context":"https:\/\/schema.org","@graph":[{"@type":"BreadcrumbList","@id":"https:\/\/eldigitaldeasturias.com\/radio\/el-presidente-de-portugal-da-positivo-por-coronavirus\/#breadcrumblist","itemListElement":[{"@type":"ListItem","@id":"https:\/\/eldigitaldeasturias.com\/radio#listItem","position":1,"name":"Inicio","item":"https:\/\/eldigitaldeasturias.com\/radio","nextItem":{"@type":"ListItem","@id":"https:\/\/eldigitaldeasturias.com\/radio\/category\/noticias\/#listItem","name":"Noticias"}},{"@type":"ListItem","@id":"https:\/\/eldigitaldeasturias.com\/radio\/category\/noticias\/#listItem","position":2,"name":"Noticias","item":"https:\/\/eldigitaldeasturias.com\/radio\/category\/noticias\/","nextItem":{"@type":"ListItem","@id":"https:\/\/eldigitaldeasturias.com\/radio\/el-presidente-de-portugal-da-positivo-por-coronavirus\/#listItem","name":"El presidente de Portugal da positivo por coronavirus"},"previousItem":{"@type":"ListItem","@id":"https:\/\/eldigitaldeasturias.com\/radio#listItem","name":"Inicio"}},{"@type":"ListItem","@id":"https:\/\/eldigitaldeasturias.com\/radio\/el-presidente-de-portugal-da-positivo-por-coronavirus\/#listItem","position":3,"name":"El presidente de Portugal da positivo por coronavirus","previousItem":{"@type":"ListItem","@id":"https:\/\/eldigitaldeasturias.com\/radio\/category\/noticias\/#listItem","name":"Noticias"}}]},{"@type":"NewsArticle","@id":"https:\/\/eldigitaldeasturias.com\/radio\/el-presidente-de-portugal-da-positivo-por-coronavirus\/#newsarticle","name":"El presidente de Portugal da positivo por coronavirus | El Digital de Asturias","headline":"El presidente de Portugal da positivo por coronavirus","author":{"@id":"https:\/\/eldigitaldeasturias.com\/radio\/author\/nbasturias\/#author"},"publisher":{"@id":"https:\/\/eldigitaldeasturias.com\/radio\/#organization"},"image":{"@type":"ImageObject","url":"https:\/\/eldigitaldeasturias.com\/radio\/wp-content\/uploads\/2021\/01\/covid-19-4982910_640.jpg","width":640,"height":427,"caption":"covid-19"},"datePublished":"2021-01-12T12:59:03+01:00","dateModified":"2021-01-12T12:59:03+01:00","inLanguage":"es-ES","mainEntityOfPage":{"@id":"https:\/\/eldigitaldeasturias.com\/radio\/el-presidente-de-portugal-da-positivo-por-coronavirus\/#webpage"},"isPartOf":{"@id":"https:\/\/eldigitaldeasturias.com\/radio\/el-presidente-de-portugal-da-positivo-por-coronavirus\/#webpage"},"articleSection":"Noticias","dateline":"Publicado el enero 12, 2021."},{"@type":"Organization","@id":"https:\/\/eldigitaldeasturias.com\/radio\/#organization","name":"El digital de Asturias Radio","description":"Diario de informaci\u00f3n y noticias","url":"https:\/\/eldigitaldeasturias.com\/radio\/","telephone":"+34652131393","logo":{"@type":"ImageObject","url":"https:\/\/www.eldigitaldeasturias.com\/radio\/wp-content\/uploads\/2021\/03\/EDA.jpg","@id":"https:\/\/eldigitaldeasturias.com\/radio\/el-presidente-de-portugal-da-positivo-por-coronavirus\/#organizationLogo"},"image":{"@id":"https:\/\/eldigitaldeasturias.com\/radio\/el-presidente-de-portugal-da-positivo-por-coronavirus\/#organizationLogo"},"sameAs":["https:\/\/www.facebook.com\/","https:\/\/x.com\/bercodi","https:\/\/www.instagram.com\/","https:\/\/www.youtube.com\/channel\/UCZP-2wLEB9Rv6erhFmqVnvg"]},{"@type":"Person","@id":"https:\/\/eldigitaldeasturias.com\/radio\/author\/nbasturias\/#author","url":"https:\/\/eldigitaldeasturias.com\/radio\/author\/nbasturias\/","name":"NBAsturias","image":{"@type":"ImageObject","@id":"https:\/\/eldigitaldeasturias.com\/radio\/el-presidente-de-portugal-da-positivo-por-coronavirus\/#authorImage","url":"https:\/\/secure.gravatar.com\/avatar\/df2aeffc32bcd13f8d26072ef8a91b623d677766deac7f97ca815868cd41bf5e?s=96&d=mm&r=g","width":96,"height":96,"caption":"NBAsturias"}},{"@type":"WebPage","@id":"https:\/\/eldigitaldeasturias.com\/radio\/el-presidente-de-portugal-da-positivo-por-coronavirus\/#webpage","url":"https:\/\/eldigitaldeasturias.com\/radio\/el-presidente-de-portugal-da-positivo-por-coronavirus\/","name":"El presidente de Portugal da positivo por coronavirus | El Digital de Asturias","description":"(EP) - El presidente de Portugal, Marcelo Rebelo de Sousa, ha dado positvo en una prueba del coronavirus, seg\u00fan ha informado la Presidencia lusa en un comunicado. El mandatario dio negativo el domingo y \"a pesar de que el test de ant\u00edgenos de hoy ha sido negativo, se ha sabido ahora, a las 21.40 hroas,","inLanguage":"es-ES","isPartOf":{"@id":"https:\/\/eldigitaldeasturias.com\/radio\/#website"},"breadcrumb":{"@id":"https:\/\/eldigitaldeasturias.com\/radio\/el-presidente-de-portugal-da-positivo-por-coronavirus\/#breadcrumblist"},"author":{"@id":"https:\/\/eldigitaldeasturias.com\/radio\/author\/nbasturias\/#author"},"creator":{"@id":"https:\/\/eldigitaldeasturias.com\/radio\/author\/nbasturias\/#author"},"image":{"@type":"ImageObject","url":"https:\/\/eldigitaldeasturias.com\/radio\/wp-content\/uploads\/2021\/01\/covid-19-4982910_640.jpg","@id":"https:\/\/eldigitaldeasturias.com\/radio\/el-presidente-de-portugal-da-positivo-por-coronavirus\/#mainImage","width":640,"height":427,"caption":"covid-19"},"primaryImageOfPage":{"@id":"https:\/\/eldigitaldeasturias.com\/radio\/el-presidente-de-portugal-da-positivo-por-coronavirus\/#mainImage"},"datePublished":"2021-01-12T12:59:03+01:00","dateModified":"2021-01-12T12:59:03+01:00"},{"@type":"WebSite","@id":"https:\/\/eldigitaldeasturias.com\/radio\/#website","url":"https:\/\/eldigitaldeasturias.com\/radio\/","name":"El Digital de Asturias","description":"Diario de informaci\u00f3n y noticias","inLanguage":"es-ES","publisher":{"@id":"https:\/\/eldigitaldeasturias.com\/radio\/#organization"}}]},"og:locale":"es_ES","og:site_name":"El Digital de Asturias | Diario de informaci\u00f3n y noticias","og:type":"article","og:title":"El presidente de Portugal da positivo por coronavirus | El Digital de Asturias","og:description":"(EP) - El presidente de Portugal, Marcelo Rebelo de Sousa, ha dado positvo en una prueba del coronavirus, seg\u00fan ha informado la Presidencia lusa en un comunicado. El mandatario dio negativo el domingo y &quot;a pesar de que el test de ant\u00edgenos de hoy ha sido negativo, se ha sabido ahora, a las 21.40 hroas,","og:url":"https:\/\/eldigitaldeasturias.com\/radio\/el-presidente-de-portugal-da-positivo-por-coronavirus\/","og:image":"https:\/\/eldigitaldeasturias.com\/radio\/wp-content\/uploads\/2021\/01\/covid-19-4982910_640.jpg","og:image:secure_url":"https:\/\/eldigitaldeasturias.com\/radio\/wp-content\/uploads\/2021\/01\/covid-19-4982910_640.jpg","og:image:width":640,"og:image:height":427,"article:published_time":"2021-01-12T12:59:03+00:00","article:modified_time":"2021-01-12T12:59:03+00:00","twitter:card":"summary_large_image","twitter:site":"@bercodi","twitter:title":"El presidente de Portugal da positivo por coronavirus | El Digital de Asturias","twitter:description":"(EP) - El presidente de Portugal, Marcelo Rebelo de Sousa, ha dado positvo en una prueba del coronavirus, seg\u00fan ha informado la Presidencia lusa en un comunicado. El mandatario dio negativo el domingo y &quot;a pesar de que el test de ant\u00edgenos de hoy ha sido negativo, se ha sabido ahora, a las 21.40 hroas,","twitter:creator":"@bercodi","twitter:image":"https:\/\/eldigitaldeasturias.com\/radio\/wp-content\/uploads\/2021\/01\/covid-19-4982910_640.jpg"},"aioseo_meta_data":{"post_id":"5508","title":null,"description":null,"keywords":null,"keyphrases":null,"primary_term":null,"canonical_url":null,"og_title":null,"og_description":null,"og_object_type":"default","og_image_type":"default","og_image_url":null,"og_image_width":null,"og_image_height":null,"og_image_custom_url":null,"og_image_custom_fields":null,"og_video":null,"og_custom_url":null,"og_article_section":null,"og_article_tags":null,"twitter_use_og":false,"twitter_card":"default","twitter_image_type":"default","twitter_image_url":null,"twitter_image_custom_url":null,"twitter_image_custom_fields":null,"twitter_title":null,"twitter_description":null,"schema":{"blockGraphs":[],"customGraphs":[],"default":{"data":{"Article":[],"Course":[],"Dataset":[],"FAQPage":[],"Movie":[],"Person":[],"Product":[],"ProductReview":[],"Car":[],"Recipe":[],"Service":[],"SoftwareApplication":[],"WebPage":[]},"graphName":"","isEnabled":true},"graphs":[],"defaultGraph":"","defaultPostTypeGraph":""},"schema_type":null,"schema_type_options":null,"pillar_content":false,"robots_default":true,"robots_noindex":false,"robots_noarchive":false,"robots_nosnippet":false,"robots_nofollow":false,"robots_noimageindex":false,"robots_noodp":false,"robots_notranslate":false,"robots_max_snippet":null,"robots_max_videopreview":null,"robots_max_imagepreview":"large","priority":null,"frequency":null,"location":null,"local_seo":null,"seo_analyzer_scan_date":"2025-08-28 18:00:39","breadcrumb_settings":null,"limit_modified_date":false,"open_ai":null,"ai":null,"created":"2021-03-25 20:11:48","updated":"2025-08-28 18:00:39"},"aioseo_breadcrumb":"<div class=\"aioseo-breadcrumbs\"><span class=\"aioseo-breadcrumb\">\n\t<a href=\"https:\/\/eldigitaldeasturias.com\/radio\" title=\"Inicio\">Inicio<\/a>\n<\/span><span class=\"aioseo-breadcrumb-separator\">&ndash;<\/span><span class=\"aioseo-breadcrumb\">\n\t<a href=\"https:\/\/eldigitaldeasturias.com\/radio\/category\/noticias\/\" title=\"Noticias\">Noticias<\/a>\n<\/span><span class=\"aioseo-breadcrumb-separator\">&ndash;<\/span><span class=\"aioseo-breadcrumb\">\n\tEl presidente de Portugal da positivo por coronavirus\n<\/span><\/div>","aioseo_breadcrumb_json":[{"label":"Inicio","link":"https:\/\/eldigitaldeasturias.com\/radio"},{"label":"Noticias","link":"https:\/\/eldigitaldeasturias.com\/radio\/category\/noticias\/"},{"label":"El presidente de Portugal da positivo por coronavirus","link":"https:\/\/eldigitaldeasturias.com\/radio\/el-presidente-de-portugal-da-positivo-por-coronavirus\/"}],"_links":{"self":[{"href":"https:\/\/eldigitaldeasturias.com\/radio\/wp-json\/wp\/v2\/posts\/5508","targetHints":{"allow":["GET"]}}],"collection":[{"href":"https:\/\/eldigitaldeasturias.com\/radio\/wp-json\/wp\/v2\/posts"}],"about":[{"href":"https:\/\/eldigitaldeasturias.com\/radio\/wp-json\/wp\/v2\/types\/post"}],"author":[{"embeddable":true,"href":"https:\/\/eldigitaldeasturias.com\/radio\/wp-json\/wp\/v2\/users\/1"}],"replies":[{"embeddable":true,"href":"https:\/\/eldigitaldeasturias.com\/radio\/wp-json\/wp\/v2\/comments?post=5508"}],"version-history":[{"count":0,"href":"https:\/\/eldigitaldeasturias.com\/radio\/wp-json\/wp\/v2\/posts\/5508\/revisions"}],"wp:featuredmedia":[{"embeddable":true,"href":"https:\/\/eldigitaldeasturias.com\/radio\/wp-json\/wp\/v2\/media\/5503"}],"wp:attachment":[{"href":"https:\/\/eldigitaldeasturias.com\/radio\/wp-json\/wp\/v2\/media?parent=5508"}],"wp:term":[{"taxonomy":"category","embeddable":true,"href":"https:\/\/eldigitaldeasturias.com\/radio\/wp-json\/wp\/v2\/categories?post=5508"},{"taxonomy":"post_tag","embeddable":true,"href":"https:\/\/eldigitaldeasturias.com\/radio\/wp-json\/wp\/v2\/tags?post=5508"}],"curies":[{"name":"wp","href":"https:\/\/api.w.org\/{rel}","templated":true}]}}