{"id":5496,"date":"2021-01-12T10:29:38","date_gmt":"2021-01-12T10:29:38","guid":{"rendered":"http:\/\/eldigitaldeasturias.com\/radio\/?p=5496"},"modified":"2021-01-12T10:29:38","modified_gmt":"2021-01-12T10:29:38","slug":"iran-retiene-un-petrolero-surcoreano","status":"publish","type":"post","link":"https:\/\/eldigitaldeasturias.com\/radio\/iran-retiene-un-petrolero-surcoreano\/","title":{"rendered":"Ir\u00e1n retiene un petrolero surcoreano"},"content":{"rendered":"<figure id=\"attachment_5497\" aria-describedby=\"caption-attachment-5497\" style=\"width: 360px\" class=\"wp-caption alignleft\"><img fetchpriority=\"high\" decoding=\"async\" class=\"size-medium wp-image-5497\" src=\"https:\/\/eldigitaldeasturias.com\/radio\/wp-content\/uploads\/2021\/01\/petroleros-360x200.jpg\" alt=\"\" width=\"360\" height=\"200\" srcset=\"https:\/\/eldigitaldeasturias.com\/radio\/wp-content\/uploads\/2021\/01\/petroleros-360x200.jpg 360w, https:\/\/eldigitaldeasturias.com\/radio\/wp-content\/uploads\/2021\/01\/petroleros-768x428.jpg 768w, https:\/\/eldigitaldeasturias.com\/radio\/wp-content\/uploads\/2021\/01\/petroleros.jpg 995w\" sizes=\"(max-width: 360px) 100vw, 360px\" \/><figcaption id=\"caption-attachment-5497\" class=\"wp-caption-text\">FOTO: AVN \/ Europa Press<\/figcaption><\/figure>\n<p>(EP) &#8211; El viceministro de Asuntos Exteriores de Ir\u00e1n, Abbas Araghchi, ha asegurado este domingo que la<strong> incautaci\u00f3n de un petrolero surcoreano no est\u00e1 relacionado con la congelaci\u00f3n de divisas y bienes iran\u00edes en el pa\u00eds asi\u00e1tico<\/strong>, sino por una cuesti\u00f3n medioambiental, ya que el buque estaba vertiendo crudo en las costas del golfo P\u00e9rsico.<\/p>\n<p>\u00abEl petrolero fue incautado porque estaba derramando petr\u00f3leo y contaminando el Golfo. Por lo tanto, el tema no es pol\u00edtico sino t\u00e9cnico\u00bb, ha defendido Araghchi durante una reuni\u00f3n con su hom\u00f3logo surcoreano, Choi Jong Kun, celebrada en Teher\u00e1n.<\/p>\n<p>Araghchi ha se\u00f1alado que el buque no abandonar\u00e1 las costas iran\u00edes hasta que la justicia del pa\u00eds se pronuncie y ha sugerido a Se\u00fal que \u00abno deber\u00eda politizar\u00bb esta cuesti\u00f3n y s\u00ed \u00abesperar hasta que la investigaci\u00f3n se complete\u00bb, informa la agencia iran\u00ed ISNA.<\/p>\n<p>Las autoridades de Teher\u00e1n incautaron a principios de mes un petrolero de bandera surcoreana en las costas del golfo P\u00e9rsico iran\u00ed alegando que el buque estaba vertiendo crudo.<\/p>\n<p>Se\u00fal por su parte, ha deslizado que las motivaciones de Teher\u00e1n podr\u00edan estar relacionadas con la congelaci\u00f3n de divisas y bienes iran\u00edes en Corea del Sur, una cuesti\u00f3n que si bien Araghchi ha descartado, tambi\u00e9n ha reconocido que \u00abgenera tensiones\u00bb en las relaciones entre ambos pa\u00edses.<\/p>\n<p><strong>\u00abDurante aproximadamente dos a\u00f1os y medio, los bancos coreanos han estado bloqueando ilegalmente los recursos de divisas de Ir\u00e1n debido al temor de sanciones estadounidenses\u00bb, ha expuesto Araghchi<\/strong>, quien ha condicionado las pr\u00f3ximas relaciones entre ambos a la resoluci\u00f3n de \u00abeste problema\u00bb.<\/p>\n<p>Por su parte, Choi ha afirmado que \u00abCorea del Sur tiene la intenci\u00f3n de restaurar la confianza en las relaciones durante el nuevo a\u00f1o resolviendo los problemas en las relaciones entre los dos pa\u00edses\u00bb, siendo una de las prioridades el poder proporcionar a Ir\u00e1n acceso a sus recursos.<\/p>\n<p>Al menos 8.000 millones de d\u00f3lares (6.500 millones de euros) que Ir\u00e1n dispone en Corea del Sur han sido congelados, seg\u00fan ha denunciado Teher\u00e1n.<\/p>\n","protected":false},"excerpt":{"rendered":"<p>(EP) &#8211; El viceministro de Asuntos Exteriores de Ir\u00e1n, Abbas Araghchi, ha asegurado este domingo que la incautaci\u00f3n de un petrolero surcoreano no est\u00e1 relacionado con la congelaci\u00f3n de divisas y bienes iran\u00edes en el pa\u00eds asi\u00e1tico, sino por una cuesti\u00f3n medioambiental, ya que el buque estaba vertiendo crudo en las costas del golfo P\u00e9rsico.<\/p>\n","protected":false},"author":1,"featured_media":5497,"comment_status":"closed","ping_status":"closed","sticky":false,"template":"","format":"standard","meta":{"footnotes":""},"categories":[1],"tags":[],"class_list":{"0":"post-5496","1":"post","2":"type-post","3":"status-publish","4":"format-standard","5":"has-post-thumbnail","7":"category-noticias"},"aioseo_notices":[],"aioseo_head":"\n\t\t<!-- All in One SEO Pro 4.9.6.2 - aioseo.com -->\n\t<meta name=\"description\" content=\"(EP) - El viceministro de Asuntos Exteriores de Ir\u00e1n, Abbas Araghchi, ha asegurado este domingo que la incautaci\u00f3n de un petrolero surcoreano no est\u00e1 relacionado con la congelaci\u00f3n de divisas y bienes iran\u00edes en el pa\u00eds asi\u00e1tico, sino por una cuesti\u00f3n medioambiental, ya que el buque estaba vertiendo crudo en las costas del golfo P\u00e9rsico.\" \/>\n\t<meta name=\"robots\" content=\"max-image-preview:large\" \/>\n\t<meta name=\"author\" content=\"NBAsturias\"\/>\n\t<meta name=\"google-site-verification\" content=\"UA-38556648-1\" \/>\n\t<meta name=\"keywords\" content=\"noticias\" \/>\n\t<link rel=\"canonical\" href=\"https:\/\/eldigitaldeasturias.com\/radio\/iran-retiene-un-petrolero-surcoreano\/\" \/>\n\t<meta name=\"generator\" content=\"All in One SEO Pro (AIOSEO) 4.9.6.2\" \/>\n\t\t<meta property=\"og:locale\" content=\"es_ES\" \/>\n\t\t<meta property=\"og:site_name\" content=\"El Digital de Asturias | Diario de informaci\u00f3n y noticias\" \/>\n\t\t<meta property=\"og:type\" content=\"article\" \/>\n\t\t<meta property=\"og:title\" content=\"Ir\u00e1n retiene un petrolero surcoreano | El Digital de Asturias\" \/>\n\t\t<meta property=\"og:description\" content=\"(EP) - El viceministro de Asuntos Exteriores de Ir\u00e1n, Abbas Araghchi, ha asegurado este domingo que la incautaci\u00f3n de un petrolero surcoreano no est\u00e1 relacionado con la congelaci\u00f3n de divisas y bienes iran\u00edes en el pa\u00eds asi\u00e1tico, sino por una cuesti\u00f3n medioambiental, ya que el buque estaba vertiendo crudo en las costas del golfo P\u00e9rsico.\" \/>\n\t\t<meta property=\"og:url\" content=\"https:\/\/eldigitaldeasturias.com\/radio\/iran-retiene-un-petrolero-surcoreano\/\" \/>\n\t\t<meta property=\"og:image\" content=\"https:\/\/eldigitaldeasturias.com\/radio\/wp-content\/uploads\/2021\/01\/petroleros.jpg\" \/>\n\t\t<meta property=\"og:image:secure_url\" content=\"https:\/\/eldigitaldeasturias.com\/radio\/wp-content\/uploads\/2021\/01\/petroleros.jpg\" \/>\n\t\t<meta property=\"og:image:width\" content=\"995\" \/>\n\t\t<meta property=\"og:image:height\" content=\"554\" \/>\n\t\t<meta property=\"article:published_time\" content=\"2021-01-12T10:29:38+00:00\" \/>\n\t\t<meta property=\"article:modified_time\" content=\"2021-01-12T10:29:38+00:00\" \/>\n\t\t<meta name=\"twitter:card\" content=\"summary_large_image\" \/>\n\t\t<meta name=\"twitter:site\" content=\"@bercodi\" \/>\n\t\t<meta name=\"twitter:title\" content=\"Ir\u00e1n retiene un petrolero surcoreano | El Digital de Asturias\" \/>\n\t\t<meta name=\"twitter:description\" content=\"(EP) - El viceministro de Asuntos Exteriores de Ir\u00e1n, Abbas Araghchi, ha asegurado este domingo que la incautaci\u00f3n de un petrolero surcoreano no est\u00e1 relacionado con la congelaci\u00f3n de divisas y bienes iran\u00edes en el pa\u00eds asi\u00e1tico, sino por una cuesti\u00f3n medioambiental, ya que el buque estaba vertiendo crudo en las costas del golfo P\u00e9rsico.\" \/>\n\t\t<meta name=\"twitter:creator\" content=\"@bercodi\" \/>\n\t\t<meta name=\"twitter:image\" content=\"https:\/\/eldigitaldeasturias.com\/radio\/wp-content\/uploads\/2021\/01\/petroleros.jpg\" \/>\n\t\t<script type=\"application\/ld+json\" class=\"aioseo-schema\">\n\t\t\t{\"@context\":\"https:\\\/\\\/schema.org\",\"@graph\":[{\"@type\":\"BreadcrumbList\",\"@id\":\"https:\\\/\\\/eldigitaldeasturias.com\\\/radio\\\/iran-retiene-un-petrolero-surcoreano\\\/#breadcrumblist\",\"itemListElement\":[{\"@type\":\"ListItem\",\"@id\":\"https:\\\/\\\/eldigitaldeasturias.com\\\/radio#listItem\",\"position\":1,\"name\":\"Inicio\",\"item\":\"https:\\\/\\\/eldigitaldeasturias.com\\\/radio\",\"nextItem\":{\"@type\":\"ListItem\",\"@id\":\"https:\\\/\\\/eldigitaldeasturias.com\\\/radio\\\/category\\\/noticias\\\/#listItem\",\"name\":\"Noticias\"}},{\"@type\":\"ListItem\",\"@id\":\"https:\\\/\\\/eldigitaldeasturias.com\\\/radio\\\/category\\\/noticias\\\/#listItem\",\"position\":2,\"name\":\"Noticias\",\"item\":\"https:\\\/\\\/eldigitaldeasturias.com\\\/radio\\\/category\\\/noticias\\\/\",\"nextItem\":{\"@type\":\"ListItem\",\"@id\":\"https:\\\/\\\/eldigitaldeasturias.com\\\/radio\\\/iran-retiene-un-petrolero-surcoreano\\\/#listItem\",\"name\":\"Ir\\u00e1n retiene un petrolero surcoreano\"},\"previousItem\":{\"@type\":\"ListItem\",\"@id\":\"https:\\\/\\\/eldigitaldeasturias.com\\\/radio#listItem\",\"name\":\"Inicio\"}},{\"@type\":\"ListItem\",\"@id\":\"https:\\\/\\\/eldigitaldeasturias.com\\\/radio\\\/iran-retiene-un-petrolero-surcoreano\\\/#listItem\",\"position\":3,\"name\":\"Ir\\u00e1n retiene un petrolero surcoreano\",\"previousItem\":{\"@type\":\"ListItem\",\"@id\":\"https:\\\/\\\/eldigitaldeasturias.com\\\/radio\\\/category\\\/noticias\\\/#listItem\",\"name\":\"Noticias\"}}]},{\"@type\":\"NewsArticle\",\"@id\":\"https:\\\/\\\/eldigitaldeasturias.com\\\/radio\\\/iran-retiene-un-petrolero-surcoreano\\\/#newsarticle\",\"name\":\"Ir\\u00e1n retiene un petrolero surcoreano | El Digital de Asturias\",\"headline\":\"Ir\\u00e1n retiene un petrolero surcoreano\",\"author\":{\"@id\":\"https:\\\/\\\/eldigitaldeasturias.com\\\/radio\\\/author\\\/nbasturias\\\/#author\"},\"publisher\":{\"@id\":\"https:\\\/\\\/eldigitaldeasturias.com\\\/radio\\\/#organization\"},\"image\":{\"@type\":\"ImageObject\",\"url\":\"https:\\\/\\\/eldigitaldeasturias.com\\\/radio\\\/wp-content\\\/uploads\\\/2021\\\/01\\\/petroleros.jpg\",\"width\":995,\"height\":554,\"caption\":\"FOTO: AVN \\\/ Europa Press\"},\"datePublished\":\"2021-01-12T10:29:38+01:00\",\"dateModified\":\"2021-01-12T10:29:38+01:00\",\"inLanguage\":\"es-ES\",\"mainEntityOfPage\":{\"@id\":\"https:\\\/\\\/eldigitaldeasturias.com\\\/radio\\\/iran-retiene-un-petrolero-surcoreano\\\/#webpage\"},\"isPartOf\":{\"@id\":\"https:\\\/\\\/eldigitaldeasturias.com\\\/radio\\\/iran-retiene-un-petrolero-surcoreano\\\/#webpage\"},\"articleSection\":\"Noticias\",\"dateline\":\"Publicado el enero 12, 2021.\"},{\"@type\":\"Organization\",\"@id\":\"https:\\\/\\\/eldigitaldeasturias.com\\\/radio\\\/#organization\",\"name\":\"El digital de Asturias Radio\",\"description\":\"Diario de informaci\\u00f3n y noticias\",\"url\":\"https:\\\/\\\/eldigitaldeasturias.com\\\/radio\\\/\",\"telephone\":\"+34652131393\",\"logo\":{\"@type\":\"ImageObject\",\"url\":\"https:\\\/\\\/www.eldigitaldeasturias.com\\\/radio\\\/wp-content\\\/uploads\\\/2021\\\/03\\\/EDA.jpg\",\"@id\":\"https:\\\/\\\/eldigitaldeasturias.com\\\/radio\\\/iran-retiene-un-petrolero-surcoreano\\\/#organizationLogo\"},\"image\":{\"@id\":\"https:\\\/\\\/eldigitaldeasturias.com\\\/radio\\\/iran-retiene-un-petrolero-surcoreano\\\/#organizationLogo\"},\"sameAs\":[\"https:\\\/\\\/www.facebook.com\\\/\",\"https:\\\/\\\/x.com\\\/bercodi\",\"https:\\\/\\\/www.instagram.com\\\/\",\"https:\\\/\\\/www.youtube.com\\\/channel\\\/UCZP-2wLEB9Rv6erhFmqVnvg\"]},{\"@type\":\"Person\",\"@id\":\"https:\\\/\\\/eldigitaldeasturias.com\\\/radio\\\/author\\\/nbasturias\\\/#author\",\"url\":\"https:\\\/\\\/eldigitaldeasturias.com\\\/radio\\\/author\\\/nbasturias\\\/\",\"name\":\"NBAsturias\",\"image\":{\"@type\":\"ImageObject\",\"@id\":\"https:\\\/\\\/eldigitaldeasturias.com\\\/radio\\\/iran-retiene-un-petrolero-surcoreano\\\/#authorImage\",\"url\":\"https:\\\/\\\/secure.gravatar.com\\\/avatar\\\/df2aeffc32bcd13f8d26072ef8a91b623d677766deac7f97ca815868cd41bf5e?s=96&d=mm&r=g\",\"width\":96,\"height\":96,\"caption\":\"NBAsturias\"}},{\"@type\":\"WebPage\",\"@id\":\"https:\\\/\\\/eldigitaldeasturias.com\\\/radio\\\/iran-retiene-un-petrolero-surcoreano\\\/#webpage\",\"url\":\"https:\\\/\\\/eldigitaldeasturias.com\\\/radio\\\/iran-retiene-un-petrolero-surcoreano\\\/\",\"name\":\"Ir\\u00e1n retiene un petrolero surcoreano | El Digital de Asturias\",\"description\":\"(EP) - El viceministro de Asuntos Exteriores de Ir\\u00e1n, Abbas Araghchi, ha asegurado este domingo que la incautaci\\u00f3n de un petrolero surcoreano no est\\u00e1 relacionado con la congelaci\\u00f3n de divisas y bienes iran\\u00edes en el pa\\u00eds asi\\u00e1tico, sino por una cuesti\\u00f3n medioambiental, ya que el buque estaba vertiendo crudo en las costas del golfo P\\u00e9rsico.\",\"inLanguage\":\"es-ES\",\"isPartOf\":{\"@id\":\"https:\\\/\\\/eldigitaldeasturias.com\\\/radio\\\/#website\"},\"breadcrumb\":{\"@id\":\"https:\\\/\\\/eldigitaldeasturias.com\\\/radio\\\/iran-retiene-un-petrolero-surcoreano\\\/#breadcrumblist\"},\"author\":{\"@id\":\"https:\\\/\\\/eldigitaldeasturias.com\\\/radio\\\/author\\\/nbasturias\\\/#author\"},\"creator\":{\"@id\":\"https:\\\/\\\/eldigitaldeasturias.com\\\/radio\\\/author\\\/nbasturias\\\/#author\"},\"image\":{\"@type\":\"ImageObject\",\"url\":\"https:\\\/\\\/eldigitaldeasturias.com\\\/radio\\\/wp-content\\\/uploads\\\/2021\\\/01\\\/petroleros.jpg\",\"@id\":\"https:\\\/\\\/eldigitaldeasturias.com\\\/radio\\\/iran-retiene-un-petrolero-surcoreano\\\/#mainImage\",\"width\":995,\"height\":554,\"caption\":\"FOTO: AVN \\\/ Europa Press\"},\"primaryImageOfPage\":{\"@id\":\"https:\\\/\\\/eldigitaldeasturias.com\\\/radio\\\/iran-retiene-un-petrolero-surcoreano\\\/#mainImage\"},\"datePublished\":\"2021-01-12T10:29:38+01:00\",\"dateModified\":\"2021-01-12T10:29:38+01:00\"},{\"@type\":\"WebSite\",\"@id\":\"https:\\\/\\\/eldigitaldeasturias.com\\\/radio\\\/#website\",\"url\":\"https:\\\/\\\/eldigitaldeasturias.com\\\/radio\\\/\",\"name\":\"El Digital de Asturias\",\"description\":\"Diario de informaci\\u00f3n y noticias\",\"inLanguage\":\"es-ES\",\"publisher\":{\"@id\":\"https:\\\/\\\/eldigitaldeasturias.com\\\/radio\\\/#organization\"}}]}\n\t\t<\/script>\n\t\t<!-- All in One SEO Pro -->\r\n\t\t<title>Ir\u00e1n retiene un petrolero surcoreano | El Digital de Asturias<\/title>\n\n","aioseo_head_json":{"title":"Ir\u00e1n retiene un petrolero surcoreano | El Digital de Asturias","description":"(EP) - El viceministro de Asuntos Exteriores de Ir\u00e1n, Abbas Araghchi, ha asegurado este domingo que la incautaci\u00f3n de un petrolero surcoreano no est\u00e1 relacionado con la congelaci\u00f3n de divisas y bienes iran\u00edes en el pa\u00eds asi\u00e1tico, sino por una cuesti\u00f3n medioambiental, ya que el buque estaba vertiendo crudo en las costas del golfo P\u00e9rsico.","canonical_url":"https:\/\/eldigitaldeasturias.com\/radio\/iran-retiene-un-petrolero-surcoreano\/","robots":"max-image-preview:large","keywords":"noticias","webmasterTools":{"google-site-verification":"UA-38556648-1","miscellaneous":""},"schema":{"@context":"https:\/\/schema.org","@graph":[{"@type":"BreadcrumbList","@id":"https:\/\/eldigitaldeasturias.com\/radio\/iran-retiene-un-petrolero-surcoreano\/#breadcrumblist","itemListElement":[{"@type":"ListItem","@id":"https:\/\/eldigitaldeasturias.com\/radio#listItem","position":1,"name":"Inicio","item":"https:\/\/eldigitaldeasturias.com\/radio","nextItem":{"@type":"ListItem","@id":"https:\/\/eldigitaldeasturias.com\/radio\/category\/noticias\/#listItem","name":"Noticias"}},{"@type":"ListItem","@id":"https:\/\/eldigitaldeasturias.com\/radio\/category\/noticias\/#listItem","position":2,"name":"Noticias","item":"https:\/\/eldigitaldeasturias.com\/radio\/category\/noticias\/","nextItem":{"@type":"ListItem","@id":"https:\/\/eldigitaldeasturias.com\/radio\/iran-retiene-un-petrolero-surcoreano\/#listItem","name":"Ir\u00e1n retiene un petrolero surcoreano"},"previousItem":{"@type":"ListItem","@id":"https:\/\/eldigitaldeasturias.com\/radio#listItem","name":"Inicio"}},{"@type":"ListItem","@id":"https:\/\/eldigitaldeasturias.com\/radio\/iran-retiene-un-petrolero-surcoreano\/#listItem","position":3,"name":"Ir\u00e1n retiene un petrolero surcoreano","previousItem":{"@type":"ListItem","@id":"https:\/\/eldigitaldeasturias.com\/radio\/category\/noticias\/#listItem","name":"Noticias"}}]},{"@type":"NewsArticle","@id":"https:\/\/eldigitaldeasturias.com\/radio\/iran-retiene-un-petrolero-surcoreano\/#newsarticle","name":"Ir\u00e1n retiene un petrolero surcoreano | El Digital de Asturias","headline":"Ir\u00e1n retiene un petrolero surcoreano","author":{"@id":"https:\/\/eldigitaldeasturias.com\/radio\/author\/nbasturias\/#author"},"publisher":{"@id":"https:\/\/eldigitaldeasturias.com\/radio\/#organization"},"image":{"@type":"ImageObject","url":"https:\/\/eldigitaldeasturias.com\/radio\/wp-content\/uploads\/2021\/01\/petroleros.jpg","width":995,"height":554,"caption":"FOTO: AVN \/ Europa Press"},"datePublished":"2021-01-12T10:29:38+01:00","dateModified":"2021-01-12T10:29:38+01:00","inLanguage":"es-ES","mainEntityOfPage":{"@id":"https:\/\/eldigitaldeasturias.com\/radio\/iran-retiene-un-petrolero-surcoreano\/#webpage"},"isPartOf":{"@id":"https:\/\/eldigitaldeasturias.com\/radio\/iran-retiene-un-petrolero-surcoreano\/#webpage"},"articleSection":"Noticias","dateline":"Publicado el enero 12, 2021."},{"@type":"Organization","@id":"https:\/\/eldigitaldeasturias.com\/radio\/#organization","name":"El digital de Asturias Radio","description":"Diario de informaci\u00f3n y noticias","url":"https:\/\/eldigitaldeasturias.com\/radio\/","telephone":"+34652131393","logo":{"@type":"ImageObject","url":"https:\/\/www.eldigitaldeasturias.com\/radio\/wp-content\/uploads\/2021\/03\/EDA.jpg","@id":"https:\/\/eldigitaldeasturias.com\/radio\/iran-retiene-un-petrolero-surcoreano\/#organizationLogo"},"image":{"@id":"https:\/\/eldigitaldeasturias.com\/radio\/iran-retiene-un-petrolero-surcoreano\/#organizationLogo"},"sameAs":["https:\/\/www.facebook.com\/","https:\/\/x.com\/bercodi","https:\/\/www.instagram.com\/","https:\/\/www.youtube.com\/channel\/UCZP-2wLEB9Rv6erhFmqVnvg"]},{"@type":"Person","@id":"https:\/\/eldigitaldeasturias.com\/radio\/author\/nbasturias\/#author","url":"https:\/\/eldigitaldeasturias.com\/radio\/author\/nbasturias\/","name":"NBAsturias","image":{"@type":"ImageObject","@id":"https:\/\/eldigitaldeasturias.com\/radio\/iran-retiene-un-petrolero-surcoreano\/#authorImage","url":"https:\/\/secure.gravatar.com\/avatar\/df2aeffc32bcd13f8d26072ef8a91b623d677766deac7f97ca815868cd41bf5e?s=96&d=mm&r=g","width":96,"height":96,"caption":"NBAsturias"}},{"@type":"WebPage","@id":"https:\/\/eldigitaldeasturias.com\/radio\/iran-retiene-un-petrolero-surcoreano\/#webpage","url":"https:\/\/eldigitaldeasturias.com\/radio\/iran-retiene-un-petrolero-surcoreano\/","name":"Ir\u00e1n retiene un petrolero surcoreano | El Digital de Asturias","description":"(EP) - El viceministro de Asuntos Exteriores de Ir\u00e1n, Abbas Araghchi, ha asegurado este domingo que la incautaci\u00f3n de un petrolero surcoreano no est\u00e1 relacionado con la congelaci\u00f3n de divisas y bienes iran\u00edes en el pa\u00eds asi\u00e1tico, sino por una cuesti\u00f3n medioambiental, ya que el buque estaba vertiendo crudo en las costas del golfo P\u00e9rsico.","inLanguage":"es-ES","isPartOf":{"@id":"https:\/\/eldigitaldeasturias.com\/radio\/#website"},"breadcrumb":{"@id":"https:\/\/eldigitaldeasturias.com\/radio\/iran-retiene-un-petrolero-surcoreano\/#breadcrumblist"},"author":{"@id":"https:\/\/eldigitaldeasturias.com\/radio\/author\/nbasturias\/#author"},"creator":{"@id":"https:\/\/eldigitaldeasturias.com\/radio\/author\/nbasturias\/#author"},"image":{"@type":"ImageObject","url":"https:\/\/eldigitaldeasturias.com\/radio\/wp-content\/uploads\/2021\/01\/petroleros.jpg","@id":"https:\/\/eldigitaldeasturias.com\/radio\/iran-retiene-un-petrolero-surcoreano\/#mainImage","width":995,"height":554,"caption":"FOTO: AVN \/ Europa Press"},"primaryImageOfPage":{"@id":"https:\/\/eldigitaldeasturias.com\/radio\/iran-retiene-un-petrolero-surcoreano\/#mainImage"},"datePublished":"2021-01-12T10:29:38+01:00","dateModified":"2021-01-12T10:29:38+01:00"},{"@type":"WebSite","@id":"https:\/\/eldigitaldeasturias.com\/radio\/#website","url":"https:\/\/eldigitaldeasturias.com\/radio\/","name":"El Digital de Asturias","description":"Diario de informaci\u00f3n y noticias","inLanguage":"es-ES","publisher":{"@id":"https:\/\/eldigitaldeasturias.com\/radio\/#organization"}}]},"og:locale":"es_ES","og:site_name":"El Digital de Asturias | Diario de informaci\u00f3n y noticias","og:type":"article","og:title":"Ir\u00e1n retiene un petrolero surcoreano | El Digital de Asturias","og:description":"(EP) - El viceministro de Asuntos Exteriores de Ir\u00e1n, Abbas Araghchi, ha asegurado este domingo que la incautaci\u00f3n de un petrolero surcoreano no est\u00e1 relacionado con la congelaci\u00f3n de divisas y bienes iran\u00edes en el pa\u00eds asi\u00e1tico, sino por una cuesti\u00f3n medioambiental, ya que el buque estaba vertiendo crudo en las costas del golfo P\u00e9rsico.","og:url":"https:\/\/eldigitaldeasturias.com\/radio\/iran-retiene-un-petrolero-surcoreano\/","og:image":"https:\/\/eldigitaldeasturias.com\/radio\/wp-content\/uploads\/2021\/01\/petroleros.jpg","og:image:secure_url":"https:\/\/eldigitaldeasturias.com\/radio\/wp-content\/uploads\/2021\/01\/petroleros.jpg","og:image:width":995,"og:image:height":554,"article:published_time":"2021-01-12T10:29:38+00:00","article:modified_time":"2021-01-12T10:29:38+00:00","twitter:card":"summary_large_image","twitter:site":"@bercodi","twitter:title":"Ir\u00e1n retiene un petrolero surcoreano | El Digital de Asturias","twitter:description":"(EP) - El viceministro de Asuntos Exteriores de Ir\u00e1n, Abbas Araghchi, ha asegurado este domingo que la incautaci\u00f3n de un petrolero surcoreano no est\u00e1 relacionado con la congelaci\u00f3n de divisas y bienes iran\u00edes en el pa\u00eds asi\u00e1tico, sino por una cuesti\u00f3n medioambiental, ya que el buque estaba vertiendo crudo en las costas del golfo P\u00e9rsico.","twitter:creator":"@bercodi","twitter:image":"https:\/\/eldigitaldeasturias.com\/radio\/wp-content\/uploads\/2021\/01\/petroleros.jpg"},"aioseo_meta_data":{"post_id":"5496","title":null,"description":null,"keywords":null,"keyphrases":null,"primary_term":null,"canonical_url":null,"og_title":null,"og_description":null,"og_object_type":"default","og_image_type":"default","og_image_url":null,"og_image_width":null,"og_image_height":null,"og_image_custom_url":null,"og_image_custom_fields":null,"og_video":null,"og_custom_url":null,"og_article_section":null,"og_article_tags":null,"twitter_use_og":false,"twitter_card":"default","twitter_image_type":"default","twitter_image_url":null,"twitter_image_custom_url":null,"twitter_image_custom_fields":null,"twitter_title":null,"twitter_description":null,"schema":{"blockGraphs":[],"customGraphs":[],"default":{"data":{"Article":[],"Course":[],"Dataset":[],"FAQPage":[],"Movie":[],"Person":[],"Product":[],"ProductReview":[],"Car":[],"Recipe":[],"Service":[],"SoftwareApplication":[],"WebPage":[]},"graphName":"","isEnabled":true},"graphs":[],"defaultGraph":"","defaultPostTypeGraph":""},"schema_type":null,"schema_type_options":null,"pillar_content":false,"robots_default":true,"robots_noindex":false,"robots_noarchive":false,"robots_nosnippet":false,"robots_nofollow":false,"robots_noimageindex":false,"robots_noodp":false,"robots_notranslate":false,"robots_max_snippet":null,"robots_max_videopreview":null,"robots_max_imagepreview":"large","priority":null,"frequency":null,"location":null,"local_seo":null,"seo_analyzer_scan_date":"2025-08-28 17:58:30","breadcrumb_settings":null,"limit_modified_date":false,"open_ai":null,"ai":null,"created":"2021-03-25 16:04:23","updated":"2025-08-28 17:58:30"},"aioseo_breadcrumb":"<div class=\"aioseo-breadcrumbs\"><span class=\"aioseo-breadcrumb\">\n\t<a href=\"https:\/\/eldigitaldeasturias.com\/radio\" title=\"Inicio\">Inicio<\/a>\n<\/span><span class=\"aioseo-breadcrumb-separator\">&ndash;<\/span><span class=\"aioseo-breadcrumb\">\n\t<a href=\"https:\/\/eldigitaldeasturias.com\/radio\/category\/noticias\/\" title=\"Noticias\">Noticias<\/a>\n<\/span><span class=\"aioseo-breadcrumb-separator\">&ndash;<\/span><span class=\"aioseo-breadcrumb\">\n\tIr\u00e1n retiene un petrolero surcoreano\n<\/span><\/div>","aioseo_breadcrumb_json":[{"label":"Inicio","link":"https:\/\/eldigitaldeasturias.com\/radio"},{"label":"Noticias","link":"https:\/\/eldigitaldeasturias.com\/radio\/category\/noticias\/"},{"label":"Ir\u00e1n retiene un petrolero surcoreano","link":"https:\/\/eldigitaldeasturias.com\/radio\/iran-retiene-un-petrolero-surcoreano\/"}],"_links":{"self":[{"href":"https:\/\/eldigitaldeasturias.com\/radio\/wp-json\/wp\/v2\/posts\/5496","targetHints":{"allow":["GET"]}}],"collection":[{"href":"https:\/\/eldigitaldeasturias.com\/radio\/wp-json\/wp\/v2\/posts"}],"about":[{"href":"https:\/\/eldigitaldeasturias.com\/radio\/wp-json\/wp\/v2\/types\/post"}],"author":[{"embeddable":true,"href":"https:\/\/eldigitaldeasturias.com\/radio\/wp-json\/wp\/v2\/users\/1"}],"replies":[{"embeddable":true,"href":"https:\/\/eldigitaldeasturias.com\/radio\/wp-json\/wp\/v2\/comments?post=5496"}],"version-history":[{"count":0,"href":"https:\/\/eldigitaldeasturias.com\/radio\/wp-json\/wp\/v2\/posts\/5496\/revisions"}],"wp:featuredmedia":[{"embeddable":true,"href":"https:\/\/eldigitaldeasturias.com\/radio\/wp-json\/wp\/v2\/media\/5497"}],"wp:attachment":[{"href":"https:\/\/eldigitaldeasturias.com\/radio\/wp-json\/wp\/v2\/media?parent=5496"}],"wp:term":[{"taxonomy":"category","embeddable":true,"href":"https:\/\/eldigitaldeasturias.com\/radio\/wp-json\/wp\/v2\/categories?post=5496"},{"taxonomy":"post_tag","embeddable":true,"href":"https:\/\/eldigitaldeasturias.com\/radio\/wp-json\/wp\/v2\/tags?post=5496"}],"curies":[{"name":"wp","href":"https:\/\/api.w.org\/{rel}","templated":true}]}}