{"id":5446,"date":"2020-12-30T12:54:47","date_gmt":"2020-12-30T12:54:47","guid":{"rendered":"http:\/\/eldigitaldeasturias.com\/radio\/?p=5446"},"modified":"2020-12-30T12:54:47","modified_gmt":"2020-12-30T12:54:47","slug":"finalizados-los-trabajos-de-conservacion-y-mejora-del-rio-la-collada","status":"publish","type":"post","link":"https:\/\/eldigitaldeasturias.com\/radio\/finalizados-los-trabajos-de-conservacion-y-mejora-del-rio-la-collada\/","title":{"rendered":"Finalizados los trabajos de conservaci\u00f3n y mejora del r\u00edo la Collada"},"content":{"rendered":"<p><img fetchpriority=\"high\" decoding=\"async\" class=\"alignleft size-medium wp-image-5447\" src=\"https:\/\/eldigitaldeasturias.com\/radio\/wp-content\/uploads\/2020\/12\/drop-of-water-578897_640-360x240.jpg\" alt=\"\" width=\"360\" height=\"240\" srcset=\"https:\/\/eldigitaldeasturias.com\/radio\/wp-content\/uploads\/2020\/12\/drop-of-water-578897_640-360x240.jpg 360w, https:\/\/eldigitaldeasturias.com\/radio\/wp-content\/uploads\/2020\/12\/drop-of-water-578897_640.jpg 640w\" sizes=\"(max-width: 360px) 100vw, 360px\" \/>(EP) &#8211; La Confederaci\u00f3n Hidrogr\u00e1fica del Cant\u00e1brico ha finalizado los trabajos de acondicionamiento, <strong>conservaci\u00f3n y mejora del r\u00edo la Collada, en el entorno de la localidad de Sisterna, en el t\u00e9rmino municipal asturiano de Ibias<\/strong>.<\/p>\n<p>Se trata de una actuaci\u00f3n realizada de urgencia como consecuencia de las lluvias ca\u00eddas en la segunda semana de diciembre. <strong>Los trabajos consistieron en la retirada de troncos y otros restos vegetales depositados en el cauce del r\u00edo que imped\u00edan el correcto discurrir de las aguas<\/strong>, as\u00ed como la tala de \u00e1rboles secos que ten\u00edan posibilidad de caer y producir posteriores tapones.<\/p>\n<p>Estos trabajos, que han supuesto una inversi\u00f3n de m\u00e1s de 3.000 euros, se realizaron a trav\u00e9s de la empresa p\u00fablica Tragsa dentro del Programa de mantenimiento y conservaci\u00f3n de cauces de la Confederaci\u00f3n Hidrogr\u00e1fica que se desarrolla fuera de las zonas urbanas, en las que las labores de conservaci\u00f3n y mantenimiento de cauces son competencia de los ayuntamientos.<\/p>\n","protected":false},"excerpt":{"rendered":"<p>(EP) &#8211; La Confederaci\u00f3n Hidrogr\u00e1fica del Cant\u00e1brico ha finalizado los trabajos de acondicionamiento, conservaci\u00f3n y mejora del r\u00edo la Collada, en el entorno de la localidad de Sisterna, en el t\u00e9rmino municipal asturiano de Ibias. Se trata de una actuaci\u00f3n realizada de urgencia como consecuencia de las lluvias ca\u00eddas en la segunda semana de diciembre.<\/p>\n","protected":false},"author":1,"featured_media":5447,"comment_status":"closed","ping_status":"closed","sticky":false,"template":"","format":"standard","meta":{"footnotes":""},"categories":[1],"tags":[],"class_list":{"0":"post-5446","1":"post","2":"type-post","3":"status-publish","4":"format-standard","5":"has-post-thumbnail","7":"category-noticias"},"aioseo_notices":[],"aioseo_head":"\n\t\t<!-- All in One SEO Pro 4.9.6.2 - aioseo.com -->\n\t<meta name=\"description\" content=\"(EP) - La Confederaci\u00f3n Hidrogr\u00e1fica del Cant\u00e1brico ha finalizado los trabajos de acondicionamiento, conservaci\u00f3n y mejora del r\u00edo la Collada, en el entorno de la localidad de Sisterna, en el t\u00e9rmino municipal asturiano de Ibias. Se trata de una actuaci\u00f3n realizada de urgencia como consecuencia de las lluvias ca\u00eddas en la segunda semana de diciembre.\" \/>\n\t<meta name=\"robots\" content=\"max-image-preview:large\" \/>\n\t<meta name=\"author\" content=\"NBAsturias\"\/>\n\t<meta name=\"google-site-verification\" content=\"UA-38556648-1\" \/>\n\t<meta name=\"keywords\" content=\"noticias\" \/>\n\t<link rel=\"canonical\" href=\"https:\/\/eldigitaldeasturias.com\/radio\/finalizados-los-trabajos-de-conservacion-y-mejora-del-rio-la-collada\/\" \/>\n\t<meta name=\"generator\" content=\"All in One SEO Pro (AIOSEO) 4.9.6.2\" \/>\n\t\t<meta property=\"og:locale\" content=\"es_ES\" \/>\n\t\t<meta property=\"og:site_name\" content=\"El Digital de Asturias | Diario de informaci\u00f3n y noticias\" \/>\n\t\t<meta property=\"og:type\" content=\"article\" \/>\n\t\t<meta property=\"og:title\" content=\"Finalizados los trabajos de conservaci\u00f3n y mejora del r\u00edo la Collada | El Digital de Asturias\" \/>\n\t\t<meta property=\"og:description\" content=\"(EP) - La Confederaci\u00f3n Hidrogr\u00e1fica del Cant\u00e1brico ha finalizado los trabajos de acondicionamiento, conservaci\u00f3n y mejora del r\u00edo la Collada, en el entorno de la localidad de Sisterna, en el t\u00e9rmino municipal asturiano de Ibias. Se trata de una actuaci\u00f3n realizada de urgencia como consecuencia de las lluvias ca\u00eddas en la segunda semana de diciembre.\" \/>\n\t\t<meta property=\"og:url\" content=\"https:\/\/eldigitaldeasturias.com\/radio\/finalizados-los-trabajos-de-conservacion-y-mejora-del-rio-la-collada\/\" \/>\n\t\t<meta property=\"og:image\" content=\"https:\/\/eldigitaldeasturias.com\/radio\/wp-content\/uploads\/2020\/12\/drop-of-water-578897_640.jpg\" \/>\n\t\t<meta property=\"og:image:secure_url\" content=\"https:\/\/eldigitaldeasturias.com\/radio\/wp-content\/uploads\/2020\/12\/drop-of-water-578897_640.jpg\" \/>\n\t\t<meta property=\"og:image:width\" content=\"640\" \/>\n\t\t<meta property=\"og:image:height\" content=\"426\" \/>\n\t\t<meta property=\"article:published_time\" content=\"2020-12-30T12:54:47+00:00\" \/>\n\t\t<meta property=\"article:modified_time\" content=\"2020-12-30T12:54:47+00:00\" \/>\n\t\t<meta name=\"twitter:card\" content=\"summary_large_image\" \/>\n\t\t<meta name=\"twitter:site\" content=\"@bercodi\" \/>\n\t\t<meta name=\"twitter:title\" content=\"Finalizados los trabajos de conservaci\u00f3n y mejora del r\u00edo la Collada | El Digital de Asturias\" \/>\n\t\t<meta name=\"twitter:description\" content=\"(EP) - La Confederaci\u00f3n Hidrogr\u00e1fica del Cant\u00e1brico ha finalizado los trabajos de acondicionamiento, conservaci\u00f3n y mejora del r\u00edo la Collada, en el entorno de la localidad de Sisterna, en el t\u00e9rmino municipal asturiano de Ibias. Se trata de una actuaci\u00f3n realizada de urgencia como consecuencia de las lluvias ca\u00eddas en la segunda semana de diciembre.\" \/>\n\t\t<meta name=\"twitter:creator\" content=\"@bercodi\" \/>\n\t\t<meta name=\"twitter:image\" content=\"https:\/\/eldigitaldeasturias.com\/radio\/wp-content\/uploads\/2020\/12\/drop-of-water-578897_640.jpg\" \/>\n\t\t<script type=\"application\/ld+json\" class=\"aioseo-schema\">\n\t\t\t{\"@context\":\"https:\\\/\\\/schema.org\",\"@graph\":[{\"@type\":\"BreadcrumbList\",\"@id\":\"https:\\\/\\\/eldigitaldeasturias.com\\\/radio\\\/finalizados-los-trabajos-de-conservacion-y-mejora-del-rio-la-collada\\\/#breadcrumblist\",\"itemListElement\":[{\"@type\":\"ListItem\",\"@id\":\"https:\\\/\\\/eldigitaldeasturias.com\\\/radio#listItem\",\"position\":1,\"name\":\"Inicio\",\"item\":\"https:\\\/\\\/eldigitaldeasturias.com\\\/radio\",\"nextItem\":{\"@type\":\"ListItem\",\"@id\":\"https:\\\/\\\/eldigitaldeasturias.com\\\/radio\\\/category\\\/noticias\\\/#listItem\",\"name\":\"Noticias\"}},{\"@type\":\"ListItem\",\"@id\":\"https:\\\/\\\/eldigitaldeasturias.com\\\/radio\\\/category\\\/noticias\\\/#listItem\",\"position\":2,\"name\":\"Noticias\",\"item\":\"https:\\\/\\\/eldigitaldeasturias.com\\\/radio\\\/category\\\/noticias\\\/\",\"nextItem\":{\"@type\":\"ListItem\",\"@id\":\"https:\\\/\\\/eldigitaldeasturias.com\\\/radio\\\/finalizados-los-trabajos-de-conservacion-y-mejora-del-rio-la-collada\\\/#listItem\",\"name\":\"Finalizados los trabajos de conservaci\\u00f3n y mejora del r\\u00edo la Collada\"},\"previousItem\":{\"@type\":\"ListItem\",\"@id\":\"https:\\\/\\\/eldigitaldeasturias.com\\\/radio#listItem\",\"name\":\"Inicio\"}},{\"@type\":\"ListItem\",\"@id\":\"https:\\\/\\\/eldigitaldeasturias.com\\\/radio\\\/finalizados-los-trabajos-de-conservacion-y-mejora-del-rio-la-collada\\\/#listItem\",\"position\":3,\"name\":\"Finalizados los trabajos de conservaci\\u00f3n y mejora del r\\u00edo la Collada\",\"previousItem\":{\"@type\":\"ListItem\",\"@id\":\"https:\\\/\\\/eldigitaldeasturias.com\\\/radio\\\/category\\\/noticias\\\/#listItem\",\"name\":\"Noticias\"}}]},{\"@type\":\"NewsArticle\",\"@id\":\"https:\\\/\\\/eldigitaldeasturias.com\\\/radio\\\/finalizados-los-trabajos-de-conservacion-y-mejora-del-rio-la-collada\\\/#newsarticle\",\"name\":\"Finalizados los trabajos de conservaci\\u00f3n y mejora del r\\u00edo la Collada | El Digital de Asturias\",\"headline\":\"Finalizados los trabajos de conservaci\\u00f3n y mejora del r\\u00edo la Collada\",\"author\":{\"@id\":\"https:\\\/\\\/eldigitaldeasturias.com\\\/radio\\\/author\\\/nbasturias\\\/#author\"},\"publisher\":{\"@id\":\"https:\\\/\\\/eldigitaldeasturias.com\\\/radio\\\/#organization\"},\"image\":{\"@type\":\"ImageObject\",\"url\":\"https:\\\/\\\/eldigitaldeasturias.com\\\/radio\\\/wp-content\\\/uploads\\\/2020\\\/12\\\/drop-of-water-578897_640.jpg\",\"width\":640,\"height\":426},\"datePublished\":\"2020-12-30T12:54:47+01:00\",\"dateModified\":\"2020-12-30T12:54:47+01:00\",\"inLanguage\":\"es-ES\",\"mainEntityOfPage\":{\"@id\":\"https:\\\/\\\/eldigitaldeasturias.com\\\/radio\\\/finalizados-los-trabajos-de-conservacion-y-mejora-del-rio-la-collada\\\/#webpage\"},\"isPartOf\":{\"@id\":\"https:\\\/\\\/eldigitaldeasturias.com\\\/radio\\\/finalizados-los-trabajos-de-conservacion-y-mejora-del-rio-la-collada\\\/#webpage\"},\"articleSection\":\"Noticias\",\"dateline\":\"Publicado el diciembre 30, 2020.\"},{\"@type\":\"Organization\",\"@id\":\"https:\\\/\\\/eldigitaldeasturias.com\\\/radio\\\/#organization\",\"name\":\"El digital de Asturias Radio\",\"description\":\"Diario de informaci\\u00f3n y noticias\",\"url\":\"https:\\\/\\\/eldigitaldeasturias.com\\\/radio\\\/\",\"telephone\":\"+34652131393\",\"logo\":{\"@type\":\"ImageObject\",\"url\":\"https:\\\/\\\/www.eldigitaldeasturias.com\\\/radio\\\/wp-content\\\/uploads\\\/2021\\\/03\\\/EDA.jpg\",\"@id\":\"https:\\\/\\\/eldigitaldeasturias.com\\\/radio\\\/finalizados-los-trabajos-de-conservacion-y-mejora-del-rio-la-collada\\\/#organizationLogo\"},\"image\":{\"@id\":\"https:\\\/\\\/eldigitaldeasturias.com\\\/radio\\\/finalizados-los-trabajos-de-conservacion-y-mejora-del-rio-la-collada\\\/#organizationLogo\"},\"sameAs\":[\"https:\\\/\\\/www.facebook.com\\\/\",\"https:\\\/\\\/x.com\\\/bercodi\",\"https:\\\/\\\/www.instagram.com\\\/\",\"https:\\\/\\\/www.youtube.com\\\/channel\\\/UCZP-2wLEB9Rv6erhFmqVnvg\"]},{\"@type\":\"Person\",\"@id\":\"https:\\\/\\\/eldigitaldeasturias.com\\\/radio\\\/author\\\/nbasturias\\\/#author\",\"url\":\"https:\\\/\\\/eldigitaldeasturias.com\\\/radio\\\/author\\\/nbasturias\\\/\",\"name\":\"NBAsturias\",\"image\":{\"@type\":\"ImageObject\",\"@id\":\"https:\\\/\\\/eldigitaldeasturias.com\\\/radio\\\/finalizados-los-trabajos-de-conservacion-y-mejora-del-rio-la-collada\\\/#authorImage\",\"url\":\"https:\\\/\\\/secure.gravatar.com\\\/avatar\\\/df2aeffc32bcd13f8d26072ef8a91b623d677766deac7f97ca815868cd41bf5e?s=96&d=mm&r=g\",\"width\":96,\"height\":96,\"caption\":\"NBAsturias\"}},{\"@type\":\"WebPage\",\"@id\":\"https:\\\/\\\/eldigitaldeasturias.com\\\/radio\\\/finalizados-los-trabajos-de-conservacion-y-mejora-del-rio-la-collada\\\/#webpage\",\"url\":\"https:\\\/\\\/eldigitaldeasturias.com\\\/radio\\\/finalizados-los-trabajos-de-conservacion-y-mejora-del-rio-la-collada\\\/\",\"name\":\"Finalizados los trabajos de conservaci\\u00f3n y mejora del r\\u00edo la Collada | El Digital de Asturias\",\"description\":\"(EP) - La Confederaci\\u00f3n Hidrogr\\u00e1fica del Cant\\u00e1brico ha finalizado los trabajos de acondicionamiento, conservaci\\u00f3n y mejora del r\\u00edo la Collada, en el entorno de la localidad de Sisterna, en el t\\u00e9rmino municipal asturiano de Ibias. Se trata de una actuaci\\u00f3n realizada de urgencia como consecuencia de las lluvias ca\\u00eddas en la segunda semana de diciembre.\",\"inLanguage\":\"es-ES\",\"isPartOf\":{\"@id\":\"https:\\\/\\\/eldigitaldeasturias.com\\\/radio\\\/#website\"},\"breadcrumb\":{\"@id\":\"https:\\\/\\\/eldigitaldeasturias.com\\\/radio\\\/finalizados-los-trabajos-de-conservacion-y-mejora-del-rio-la-collada\\\/#breadcrumblist\"},\"author\":{\"@id\":\"https:\\\/\\\/eldigitaldeasturias.com\\\/radio\\\/author\\\/nbasturias\\\/#author\"},\"creator\":{\"@id\":\"https:\\\/\\\/eldigitaldeasturias.com\\\/radio\\\/author\\\/nbasturias\\\/#author\"},\"image\":{\"@type\":\"ImageObject\",\"url\":\"https:\\\/\\\/eldigitaldeasturias.com\\\/radio\\\/wp-content\\\/uploads\\\/2020\\\/12\\\/drop-of-water-578897_640.jpg\",\"@id\":\"https:\\\/\\\/eldigitaldeasturias.com\\\/radio\\\/finalizados-los-trabajos-de-conservacion-y-mejora-del-rio-la-collada\\\/#mainImage\",\"width\":640,\"height\":426},\"primaryImageOfPage\":{\"@id\":\"https:\\\/\\\/eldigitaldeasturias.com\\\/radio\\\/finalizados-los-trabajos-de-conservacion-y-mejora-del-rio-la-collada\\\/#mainImage\"},\"datePublished\":\"2020-12-30T12:54:47+01:00\",\"dateModified\":\"2020-12-30T12:54:47+01:00\"},{\"@type\":\"WebSite\",\"@id\":\"https:\\\/\\\/eldigitaldeasturias.com\\\/radio\\\/#website\",\"url\":\"https:\\\/\\\/eldigitaldeasturias.com\\\/radio\\\/\",\"name\":\"El Digital de Asturias\",\"description\":\"Diario de informaci\\u00f3n y noticias\",\"inLanguage\":\"es-ES\",\"publisher\":{\"@id\":\"https:\\\/\\\/eldigitaldeasturias.com\\\/radio\\\/#organization\"}}]}\n\t\t<\/script>\n\t\t<!-- All in One SEO Pro -->\r\n\t\t<title>Finalizados los trabajos de conservaci\u00f3n y mejora del r\u00edo la Collada | El Digital de Asturias<\/title>\n\n","aioseo_head_json":{"title":"Finalizados los trabajos de conservaci\u00f3n y mejora del r\u00edo la Collada | El Digital de Asturias","description":"(EP) - La Confederaci\u00f3n Hidrogr\u00e1fica del Cant\u00e1brico ha finalizado los trabajos de acondicionamiento, conservaci\u00f3n y mejora del r\u00edo la Collada, en el entorno de la localidad de Sisterna, en el t\u00e9rmino municipal asturiano de Ibias. Se trata de una actuaci\u00f3n realizada de urgencia como consecuencia de las lluvias ca\u00eddas en la segunda semana de diciembre.","canonical_url":"https:\/\/eldigitaldeasturias.com\/radio\/finalizados-los-trabajos-de-conservacion-y-mejora-del-rio-la-collada\/","robots":"max-image-preview:large","keywords":"noticias","webmasterTools":{"google-site-verification":"UA-38556648-1","miscellaneous":""},"schema":{"@context":"https:\/\/schema.org","@graph":[{"@type":"BreadcrumbList","@id":"https:\/\/eldigitaldeasturias.com\/radio\/finalizados-los-trabajos-de-conservacion-y-mejora-del-rio-la-collada\/#breadcrumblist","itemListElement":[{"@type":"ListItem","@id":"https:\/\/eldigitaldeasturias.com\/radio#listItem","position":1,"name":"Inicio","item":"https:\/\/eldigitaldeasturias.com\/radio","nextItem":{"@type":"ListItem","@id":"https:\/\/eldigitaldeasturias.com\/radio\/category\/noticias\/#listItem","name":"Noticias"}},{"@type":"ListItem","@id":"https:\/\/eldigitaldeasturias.com\/radio\/category\/noticias\/#listItem","position":2,"name":"Noticias","item":"https:\/\/eldigitaldeasturias.com\/radio\/category\/noticias\/","nextItem":{"@type":"ListItem","@id":"https:\/\/eldigitaldeasturias.com\/radio\/finalizados-los-trabajos-de-conservacion-y-mejora-del-rio-la-collada\/#listItem","name":"Finalizados los trabajos de conservaci\u00f3n y mejora del r\u00edo la Collada"},"previousItem":{"@type":"ListItem","@id":"https:\/\/eldigitaldeasturias.com\/radio#listItem","name":"Inicio"}},{"@type":"ListItem","@id":"https:\/\/eldigitaldeasturias.com\/radio\/finalizados-los-trabajos-de-conservacion-y-mejora-del-rio-la-collada\/#listItem","position":3,"name":"Finalizados los trabajos de conservaci\u00f3n y mejora del r\u00edo la Collada","previousItem":{"@type":"ListItem","@id":"https:\/\/eldigitaldeasturias.com\/radio\/category\/noticias\/#listItem","name":"Noticias"}}]},{"@type":"NewsArticle","@id":"https:\/\/eldigitaldeasturias.com\/radio\/finalizados-los-trabajos-de-conservacion-y-mejora-del-rio-la-collada\/#newsarticle","name":"Finalizados los trabajos de conservaci\u00f3n y mejora del r\u00edo la Collada | El Digital de Asturias","headline":"Finalizados los trabajos de conservaci\u00f3n y mejora del r\u00edo la Collada","author":{"@id":"https:\/\/eldigitaldeasturias.com\/radio\/author\/nbasturias\/#author"},"publisher":{"@id":"https:\/\/eldigitaldeasturias.com\/radio\/#organization"},"image":{"@type":"ImageObject","url":"https:\/\/eldigitaldeasturias.com\/radio\/wp-content\/uploads\/2020\/12\/drop-of-water-578897_640.jpg","width":640,"height":426},"datePublished":"2020-12-30T12:54:47+01:00","dateModified":"2020-12-30T12:54:47+01:00","inLanguage":"es-ES","mainEntityOfPage":{"@id":"https:\/\/eldigitaldeasturias.com\/radio\/finalizados-los-trabajos-de-conservacion-y-mejora-del-rio-la-collada\/#webpage"},"isPartOf":{"@id":"https:\/\/eldigitaldeasturias.com\/radio\/finalizados-los-trabajos-de-conservacion-y-mejora-del-rio-la-collada\/#webpage"},"articleSection":"Noticias","dateline":"Publicado el diciembre 30, 2020."},{"@type":"Organization","@id":"https:\/\/eldigitaldeasturias.com\/radio\/#organization","name":"El digital de Asturias Radio","description":"Diario de informaci\u00f3n y noticias","url":"https:\/\/eldigitaldeasturias.com\/radio\/","telephone":"+34652131393","logo":{"@type":"ImageObject","url":"https:\/\/www.eldigitaldeasturias.com\/radio\/wp-content\/uploads\/2021\/03\/EDA.jpg","@id":"https:\/\/eldigitaldeasturias.com\/radio\/finalizados-los-trabajos-de-conservacion-y-mejora-del-rio-la-collada\/#organizationLogo"},"image":{"@id":"https:\/\/eldigitaldeasturias.com\/radio\/finalizados-los-trabajos-de-conservacion-y-mejora-del-rio-la-collada\/#organizationLogo"},"sameAs":["https:\/\/www.facebook.com\/","https:\/\/x.com\/bercodi","https:\/\/www.instagram.com\/","https:\/\/www.youtube.com\/channel\/UCZP-2wLEB9Rv6erhFmqVnvg"]},{"@type":"Person","@id":"https:\/\/eldigitaldeasturias.com\/radio\/author\/nbasturias\/#author","url":"https:\/\/eldigitaldeasturias.com\/radio\/author\/nbasturias\/","name":"NBAsturias","image":{"@type":"ImageObject","@id":"https:\/\/eldigitaldeasturias.com\/radio\/finalizados-los-trabajos-de-conservacion-y-mejora-del-rio-la-collada\/#authorImage","url":"https:\/\/secure.gravatar.com\/avatar\/df2aeffc32bcd13f8d26072ef8a91b623d677766deac7f97ca815868cd41bf5e?s=96&d=mm&r=g","width":96,"height":96,"caption":"NBAsturias"}},{"@type":"WebPage","@id":"https:\/\/eldigitaldeasturias.com\/radio\/finalizados-los-trabajos-de-conservacion-y-mejora-del-rio-la-collada\/#webpage","url":"https:\/\/eldigitaldeasturias.com\/radio\/finalizados-los-trabajos-de-conservacion-y-mejora-del-rio-la-collada\/","name":"Finalizados los trabajos de conservaci\u00f3n y mejora del r\u00edo la Collada | El Digital de Asturias","description":"(EP) - La Confederaci\u00f3n Hidrogr\u00e1fica del Cant\u00e1brico ha finalizado los trabajos de acondicionamiento, conservaci\u00f3n y mejora del r\u00edo la Collada, en el entorno de la localidad de Sisterna, en el t\u00e9rmino municipal asturiano de Ibias. Se trata de una actuaci\u00f3n realizada de urgencia como consecuencia de las lluvias ca\u00eddas en la segunda semana de diciembre.","inLanguage":"es-ES","isPartOf":{"@id":"https:\/\/eldigitaldeasturias.com\/radio\/#website"},"breadcrumb":{"@id":"https:\/\/eldigitaldeasturias.com\/radio\/finalizados-los-trabajos-de-conservacion-y-mejora-del-rio-la-collada\/#breadcrumblist"},"author":{"@id":"https:\/\/eldigitaldeasturias.com\/radio\/author\/nbasturias\/#author"},"creator":{"@id":"https:\/\/eldigitaldeasturias.com\/radio\/author\/nbasturias\/#author"},"image":{"@type":"ImageObject","url":"https:\/\/eldigitaldeasturias.com\/radio\/wp-content\/uploads\/2020\/12\/drop-of-water-578897_640.jpg","@id":"https:\/\/eldigitaldeasturias.com\/radio\/finalizados-los-trabajos-de-conservacion-y-mejora-del-rio-la-collada\/#mainImage","width":640,"height":426},"primaryImageOfPage":{"@id":"https:\/\/eldigitaldeasturias.com\/radio\/finalizados-los-trabajos-de-conservacion-y-mejora-del-rio-la-collada\/#mainImage"},"datePublished":"2020-12-30T12:54:47+01:00","dateModified":"2020-12-30T12:54:47+01:00"},{"@type":"WebSite","@id":"https:\/\/eldigitaldeasturias.com\/radio\/#website","url":"https:\/\/eldigitaldeasturias.com\/radio\/","name":"El Digital de Asturias","description":"Diario de informaci\u00f3n y noticias","inLanguage":"es-ES","publisher":{"@id":"https:\/\/eldigitaldeasturias.com\/radio\/#organization"}}]},"og:locale":"es_ES","og:site_name":"El Digital de Asturias | Diario de informaci\u00f3n y noticias","og:type":"article","og:title":"Finalizados los trabajos de conservaci\u00f3n y mejora del r\u00edo la Collada | El Digital de Asturias","og:description":"(EP) - La Confederaci\u00f3n Hidrogr\u00e1fica del Cant\u00e1brico ha finalizado los trabajos de acondicionamiento, conservaci\u00f3n y mejora del r\u00edo la Collada, en el entorno de la localidad de Sisterna, en el t\u00e9rmino municipal asturiano de Ibias. Se trata de una actuaci\u00f3n realizada de urgencia como consecuencia de las lluvias ca\u00eddas en la segunda semana de diciembre.","og:url":"https:\/\/eldigitaldeasturias.com\/radio\/finalizados-los-trabajos-de-conservacion-y-mejora-del-rio-la-collada\/","og:image":"https:\/\/eldigitaldeasturias.com\/radio\/wp-content\/uploads\/2020\/12\/drop-of-water-578897_640.jpg","og:image:secure_url":"https:\/\/eldigitaldeasturias.com\/radio\/wp-content\/uploads\/2020\/12\/drop-of-water-578897_640.jpg","og:image:width":640,"og:image:height":426,"article:published_time":"2020-12-30T12:54:47+00:00","article:modified_time":"2020-12-30T12:54:47+00:00","twitter:card":"summary_large_image","twitter:site":"@bercodi","twitter:title":"Finalizados los trabajos de conservaci\u00f3n y mejora del r\u00edo la Collada | El Digital de Asturias","twitter:description":"(EP) - La Confederaci\u00f3n Hidrogr\u00e1fica del Cant\u00e1brico ha finalizado los trabajos de acondicionamiento, conservaci\u00f3n y mejora del r\u00edo la Collada, en el entorno de la localidad de Sisterna, en el t\u00e9rmino municipal asturiano de Ibias. Se trata de una actuaci\u00f3n realizada de urgencia como consecuencia de las lluvias ca\u00eddas en la segunda semana de diciembre.","twitter:creator":"@bercodi","twitter:image":"https:\/\/eldigitaldeasturias.com\/radio\/wp-content\/uploads\/2020\/12\/drop-of-water-578897_640.jpg"},"aioseo_meta_data":{"post_id":"5446","title":null,"description":null,"keywords":null,"keyphrases":null,"primary_term":null,"canonical_url":null,"og_title":null,"og_description":null,"og_object_type":"default","og_image_type":"default","og_image_url":null,"og_image_width":null,"og_image_height":null,"og_image_custom_url":null,"og_image_custom_fields":null,"og_video":null,"og_custom_url":null,"og_article_section":null,"og_article_tags":null,"twitter_use_og":false,"twitter_card":"default","twitter_image_type":"default","twitter_image_url":null,"twitter_image_custom_url":null,"twitter_image_custom_fields":null,"twitter_title":null,"twitter_description":null,"schema":{"blockGraphs":[],"customGraphs":[],"default":{"data":{"Article":[],"Course":[],"Dataset":[],"FAQPage":[],"Movie":[],"Person":[],"Product":[],"ProductReview":[],"Car":[],"Recipe":[],"Service":[],"SoftwareApplication":[],"WebPage":[]},"graphName":"","isEnabled":true},"graphs":[],"defaultGraph":"","defaultPostTypeGraph":""},"schema_type":null,"schema_type_options":null,"pillar_content":false,"robots_default":true,"robots_noindex":false,"robots_noarchive":false,"robots_nosnippet":false,"robots_nofollow":false,"robots_noimageindex":false,"robots_noodp":false,"robots_notranslate":false,"robots_max_snippet":null,"robots_max_videopreview":null,"robots_max_imagepreview":"large","priority":null,"frequency":null,"location":null,"local_seo":null,"seo_analyzer_scan_date":"2025-08-28 17:53:39","breadcrumb_settings":null,"limit_modified_date":false,"open_ai":null,"ai":null,"created":"2021-03-25 16:47:08","updated":"2025-08-28 17:53:39"},"aioseo_breadcrumb":"<div class=\"aioseo-breadcrumbs\"><span class=\"aioseo-breadcrumb\">\n\t<a href=\"https:\/\/eldigitaldeasturias.com\/radio\" title=\"Inicio\">Inicio<\/a>\n<\/span><span class=\"aioseo-breadcrumb-separator\">&ndash;<\/span><span class=\"aioseo-breadcrumb\">\n\t<a href=\"https:\/\/eldigitaldeasturias.com\/radio\/category\/noticias\/\" title=\"Noticias\">Noticias<\/a>\n<\/span><span class=\"aioseo-breadcrumb-separator\">&ndash;<\/span><span class=\"aioseo-breadcrumb\">\n\tFinalizados los trabajos de conservaci\u00f3n y mejora del r\u00edo la Collada\n<\/span><\/div>","aioseo_breadcrumb_json":[{"label":"Inicio","link":"https:\/\/eldigitaldeasturias.com\/radio"},{"label":"Noticias","link":"https:\/\/eldigitaldeasturias.com\/radio\/category\/noticias\/"},{"label":"Finalizados los trabajos de conservaci\u00f3n y mejora del r\u00edo la Collada","link":"https:\/\/eldigitaldeasturias.com\/radio\/finalizados-los-trabajos-de-conservacion-y-mejora-del-rio-la-collada\/"}],"_links":{"self":[{"href":"https:\/\/eldigitaldeasturias.com\/radio\/wp-json\/wp\/v2\/posts\/5446","targetHints":{"allow":["GET"]}}],"collection":[{"href":"https:\/\/eldigitaldeasturias.com\/radio\/wp-json\/wp\/v2\/posts"}],"about":[{"href":"https:\/\/eldigitaldeasturias.com\/radio\/wp-json\/wp\/v2\/types\/post"}],"author":[{"embeddable":true,"href":"https:\/\/eldigitaldeasturias.com\/radio\/wp-json\/wp\/v2\/users\/1"}],"replies":[{"embeddable":true,"href":"https:\/\/eldigitaldeasturias.com\/radio\/wp-json\/wp\/v2\/comments?post=5446"}],"version-history":[{"count":0,"href":"https:\/\/eldigitaldeasturias.com\/radio\/wp-json\/wp\/v2\/posts\/5446\/revisions"}],"wp:featuredmedia":[{"embeddable":true,"href":"https:\/\/eldigitaldeasturias.com\/radio\/wp-json\/wp\/v2\/media\/5447"}],"wp:attachment":[{"href":"https:\/\/eldigitaldeasturias.com\/radio\/wp-json\/wp\/v2\/media?parent=5446"}],"wp:term":[{"taxonomy":"category","embeddable":true,"href":"https:\/\/eldigitaldeasturias.com\/radio\/wp-json\/wp\/v2\/categories?post=5446"},{"taxonomy":"post_tag","embeddable":true,"href":"https:\/\/eldigitaldeasturias.com\/radio\/wp-json\/wp\/v2\/tags?post=5446"}],"curies":[{"name":"wp","href":"https:\/\/api.w.org\/{rel}","templated":true}]}}