{"id":5440,"date":"2020-12-29T18:50:58","date_gmt":"2020-12-29T18:50:58","guid":{"rendered":"http:\/\/eldigitaldeasturias.com\/radio\/?p=5440"},"modified":"2020-12-29T18:50:58","modified_gmt":"2020-12-29T18:50:58","slug":"2-658-incidentes-desde-la-activacion-del-platerpa-el-sabado","status":"publish","type":"post","link":"https:\/\/eldigitaldeasturias.com\/radio\/2-658-incidentes-desde-la-activacion-del-platerpa-el-sabado\/","title":{"rendered":"2.658 incidentes desde la activaci\u00f3n del Platerpa el s\u00e1bado"},"content":{"rendered":"<figure id=\"attachment_5441\" aria-describedby=\"caption-attachment-5441\" style=\"width: 360px\" class=\"wp-caption alignleft\"><img fetchpriority=\"high\" decoding=\"async\" class=\"size-medium wp-image-5441\" src=\"https:\/\/eldigitaldeasturias.com\/radio\/wp-content\/uploads\/2020\/12\/temporal-360x239.jpg\" alt=\"San Esteban de Pravia\" width=\"360\" height=\"239\" srcset=\"https:\/\/eldigitaldeasturias.com\/radio\/wp-content\/uploads\/2020\/12\/temporal-360x239.jpg 360w, https:\/\/eldigitaldeasturias.com\/radio\/wp-content\/uploads\/2020\/12\/temporal-768x510.jpg 768w, https:\/\/eldigitaldeasturias.com\/radio\/wp-content\/uploads\/2020\/12\/temporal.jpg 808w\" sizes=\"(max-width: 360px) 100vw, 360px\" \/><figcaption id=\"caption-attachment-5441\" class=\"wp-caption-text\">Foto: Jorge Peteiro &#8211; Europa Press<\/figcaption><\/figure>\n<p>(EP) &#8211; El Servicio de Emergencias del Principado de Asturias (SEPA) lleva contabilizados 2.658 incidentes desde la activaci\u00f3n del Plan Territorial de Protecci\u00f3n Civil del Principado de Asturias (PLATERPA), el pasado s\u00e1bado, 26 de diciembre, hasta esta ma\u00f1ana de martes, 29 de diciembre.<\/p>\n<p>Seg\u00fan ha informado el SEPA, la mayor parte de los incidentes registrados han estado relacionados con cortes de carreteras, debido fundamentalmente a la ca\u00edda de \u00e1rboles y peque\u00f1os argayos a la v\u00eda de comunicaci\u00f3n.<\/p>\n<p>Se han contabilizado 179 emergencias relacionadas con los cortes de carreteras, 53 limpiezas de la v\u00eda y 173 retiradas por elementos peligrosos.<\/p>\n<p>La sala del 112 Asturias atendi\u00f3 durante estas horas 6.284 llamadas, de las que 4.304 fueron de emergencia, es decir, relacionadas con alg\u00fan tipo de incidente.<\/p>\n","protected":false},"excerpt":{"rendered":"<p>(EP) &#8211; El Servicio de Emergencias del Principado de Asturias (SEPA) lleva contabilizados 2.658 incidentes desde la activaci\u00f3n del Plan Territorial de Protecci\u00f3n Civil del Principado de Asturias (PLATERPA), el pasado s\u00e1bado, 26 de diciembre, hasta esta ma\u00f1ana de martes, 29 de diciembre. Seg\u00fan ha informado el SEPA, la mayor parte de los incidentes registrados<\/p>\n","protected":false},"author":1,"featured_media":5441,"comment_status":"closed","ping_status":"closed","sticky":false,"template":"","format":"standard","meta":{"footnotes":""},"categories":[1],"tags":[],"class_list":{"0":"post-5440","1":"post","2":"type-post","3":"status-publish","4":"format-standard","5":"has-post-thumbnail","7":"category-noticias"},"aioseo_notices":[],"aioseo_head":"\n\t\t<!-- All in One SEO Pro 4.9.6.2 - aioseo.com -->\n\t<meta name=\"description\" content=\"(EP) - El Servicio de Emergencias del Principado de Asturias (SEPA) lleva contabilizados 2.658 incidentes desde la activaci\u00f3n del Plan Territorial de Protecci\u00f3n Civil del Principado de Asturias (PLATERPA), el pasado s\u00e1bado, 26 de diciembre, hasta esta ma\u00f1ana de martes, 29 de diciembre. Seg\u00fan ha informado el SEPA, la mayor parte de los incidentes registrados\" \/>\n\t<meta name=\"robots\" content=\"max-image-preview:large\" \/>\n\t<meta name=\"author\" content=\"NBAsturias\"\/>\n\t<meta name=\"google-site-verification\" content=\"UA-38556648-1\" \/>\n\t<meta name=\"keywords\" content=\"noticias\" \/>\n\t<link rel=\"canonical\" href=\"https:\/\/eldigitaldeasturias.com\/radio\/2-658-incidentes-desde-la-activacion-del-platerpa-el-sabado\/\" \/>\n\t<meta name=\"generator\" content=\"All in One SEO Pro (AIOSEO) 4.9.6.2\" \/>\n\t\t<meta property=\"og:locale\" content=\"es_ES\" \/>\n\t\t<meta property=\"og:site_name\" content=\"El Digital de Asturias | Diario de informaci\u00f3n y noticias\" \/>\n\t\t<meta property=\"og:type\" content=\"article\" \/>\n\t\t<meta property=\"og:title\" content=\"2.658 incidentes desde la activaci\u00f3n del Platerpa el s\u00e1bado | El Digital de Asturias\" \/>\n\t\t<meta property=\"og:description\" content=\"(EP) - El Servicio de Emergencias del Principado de Asturias (SEPA) lleva contabilizados 2.658 incidentes desde la activaci\u00f3n del Plan Territorial de Protecci\u00f3n Civil del Principado de Asturias (PLATERPA), el pasado s\u00e1bado, 26 de diciembre, hasta esta ma\u00f1ana de martes, 29 de diciembre. Seg\u00fan ha informado el SEPA, la mayor parte de los incidentes registrados\" \/>\n\t\t<meta property=\"og:url\" content=\"https:\/\/eldigitaldeasturias.com\/radio\/2-658-incidentes-desde-la-activacion-del-platerpa-el-sabado\/\" \/>\n\t\t<meta property=\"og:image\" content=\"https:\/\/eldigitaldeasturias.com\/radio\/wp-content\/uploads\/2020\/12\/temporal.jpg\" \/>\n\t\t<meta property=\"og:image:secure_url\" content=\"https:\/\/eldigitaldeasturias.com\/radio\/wp-content\/uploads\/2020\/12\/temporal.jpg\" \/>\n\t\t<meta property=\"og:image:width\" content=\"808\" \/>\n\t\t<meta property=\"og:image:height\" content=\"537\" \/>\n\t\t<meta property=\"article:published_time\" content=\"2020-12-29T18:50:58+00:00\" \/>\n\t\t<meta property=\"article:modified_time\" content=\"2020-12-29T18:50:58+00:00\" \/>\n\t\t<meta name=\"twitter:card\" content=\"summary_large_image\" \/>\n\t\t<meta name=\"twitter:site\" content=\"@bercodi\" \/>\n\t\t<meta name=\"twitter:title\" content=\"2.658 incidentes desde la activaci\u00f3n del Platerpa el s\u00e1bado | El Digital de Asturias\" \/>\n\t\t<meta name=\"twitter:description\" content=\"(EP) - El Servicio de Emergencias del Principado de Asturias (SEPA) lleva contabilizados 2.658 incidentes desde la activaci\u00f3n del Plan Territorial de Protecci\u00f3n Civil del Principado de Asturias (PLATERPA), el pasado s\u00e1bado, 26 de diciembre, hasta esta ma\u00f1ana de martes, 29 de diciembre. Seg\u00fan ha informado el SEPA, la mayor parte de los incidentes registrados\" \/>\n\t\t<meta name=\"twitter:creator\" content=\"@bercodi\" \/>\n\t\t<meta name=\"twitter:image\" content=\"https:\/\/eldigitaldeasturias.com\/radio\/wp-content\/uploads\/2020\/12\/temporal.jpg\" \/>\n\t\t<script type=\"application\/ld+json\" class=\"aioseo-schema\">\n\t\t\t{\"@context\":\"https:\\\/\\\/schema.org\",\"@graph\":[{\"@type\":\"BreadcrumbList\",\"@id\":\"https:\\\/\\\/eldigitaldeasturias.com\\\/radio\\\/2-658-incidentes-desde-la-activacion-del-platerpa-el-sabado\\\/#breadcrumblist\",\"itemListElement\":[{\"@type\":\"ListItem\",\"@id\":\"https:\\\/\\\/eldigitaldeasturias.com\\\/radio#listItem\",\"position\":1,\"name\":\"Inicio\",\"item\":\"https:\\\/\\\/eldigitaldeasturias.com\\\/radio\",\"nextItem\":{\"@type\":\"ListItem\",\"@id\":\"https:\\\/\\\/eldigitaldeasturias.com\\\/radio\\\/category\\\/noticias\\\/#listItem\",\"name\":\"Noticias\"}},{\"@type\":\"ListItem\",\"@id\":\"https:\\\/\\\/eldigitaldeasturias.com\\\/radio\\\/category\\\/noticias\\\/#listItem\",\"position\":2,\"name\":\"Noticias\",\"item\":\"https:\\\/\\\/eldigitaldeasturias.com\\\/radio\\\/category\\\/noticias\\\/\",\"nextItem\":{\"@type\":\"ListItem\",\"@id\":\"https:\\\/\\\/eldigitaldeasturias.com\\\/radio\\\/2-658-incidentes-desde-la-activacion-del-platerpa-el-sabado\\\/#listItem\",\"name\":\"2.658 incidentes desde la activaci\\u00f3n del Platerpa el s\\u00e1bado\"},\"previousItem\":{\"@type\":\"ListItem\",\"@id\":\"https:\\\/\\\/eldigitaldeasturias.com\\\/radio#listItem\",\"name\":\"Inicio\"}},{\"@type\":\"ListItem\",\"@id\":\"https:\\\/\\\/eldigitaldeasturias.com\\\/radio\\\/2-658-incidentes-desde-la-activacion-del-platerpa-el-sabado\\\/#listItem\",\"position\":3,\"name\":\"2.658 incidentes desde la activaci\\u00f3n del Platerpa el s\\u00e1bado\",\"previousItem\":{\"@type\":\"ListItem\",\"@id\":\"https:\\\/\\\/eldigitaldeasturias.com\\\/radio\\\/category\\\/noticias\\\/#listItem\",\"name\":\"Noticias\"}}]},{\"@type\":\"NewsArticle\",\"@id\":\"https:\\\/\\\/eldigitaldeasturias.com\\\/radio\\\/2-658-incidentes-desde-la-activacion-del-platerpa-el-sabado\\\/#newsarticle\",\"name\":\"2.658 incidentes desde la activaci\\u00f3n del Platerpa el s\\u00e1bado | El Digital de Asturias\",\"headline\":\"2.658 incidentes desde la activaci\\u00f3n del Platerpa el s\\u00e1bado\",\"author\":{\"@id\":\"https:\\\/\\\/eldigitaldeasturias.com\\\/radio\\\/author\\\/nbasturias\\\/#author\"},\"publisher\":{\"@id\":\"https:\\\/\\\/eldigitaldeasturias.com\\\/radio\\\/#organization\"},\"image\":{\"@type\":\"ImageObject\",\"url\":\"https:\\\/\\\/eldigitaldeasturias.com\\\/radio\\\/wp-content\\\/uploads\\\/2020\\\/12\\\/temporal.jpg\",\"width\":808,\"height\":537,\"caption\":\"Foto: Jorge Peteiro - Europa Press\"},\"datePublished\":\"2020-12-29T18:50:58+01:00\",\"dateModified\":\"2020-12-29T18:50:58+01:00\",\"inLanguage\":\"es-ES\",\"mainEntityOfPage\":{\"@id\":\"https:\\\/\\\/eldigitaldeasturias.com\\\/radio\\\/2-658-incidentes-desde-la-activacion-del-platerpa-el-sabado\\\/#webpage\"},\"isPartOf\":{\"@id\":\"https:\\\/\\\/eldigitaldeasturias.com\\\/radio\\\/2-658-incidentes-desde-la-activacion-del-platerpa-el-sabado\\\/#webpage\"},\"articleSection\":\"Noticias\",\"dateline\":\"Publicado el diciembre 29, 2020.\"},{\"@type\":\"Organization\",\"@id\":\"https:\\\/\\\/eldigitaldeasturias.com\\\/radio\\\/#organization\",\"name\":\"El digital de Asturias Radio\",\"description\":\"Diario de informaci\\u00f3n y noticias\",\"url\":\"https:\\\/\\\/eldigitaldeasturias.com\\\/radio\\\/\",\"telephone\":\"+34652131393\",\"logo\":{\"@type\":\"ImageObject\",\"url\":\"https:\\\/\\\/www.eldigitaldeasturias.com\\\/radio\\\/wp-content\\\/uploads\\\/2021\\\/03\\\/EDA.jpg\",\"@id\":\"https:\\\/\\\/eldigitaldeasturias.com\\\/radio\\\/2-658-incidentes-desde-la-activacion-del-platerpa-el-sabado\\\/#organizationLogo\"},\"image\":{\"@id\":\"https:\\\/\\\/eldigitaldeasturias.com\\\/radio\\\/2-658-incidentes-desde-la-activacion-del-platerpa-el-sabado\\\/#organizationLogo\"},\"sameAs\":[\"https:\\\/\\\/www.facebook.com\\\/\",\"https:\\\/\\\/x.com\\\/bercodi\",\"https:\\\/\\\/www.instagram.com\\\/\",\"https:\\\/\\\/www.youtube.com\\\/channel\\\/UCZP-2wLEB9Rv6erhFmqVnvg\"]},{\"@type\":\"Person\",\"@id\":\"https:\\\/\\\/eldigitaldeasturias.com\\\/radio\\\/author\\\/nbasturias\\\/#author\",\"url\":\"https:\\\/\\\/eldigitaldeasturias.com\\\/radio\\\/author\\\/nbasturias\\\/\",\"name\":\"NBAsturias\",\"image\":{\"@type\":\"ImageObject\",\"@id\":\"https:\\\/\\\/eldigitaldeasturias.com\\\/radio\\\/2-658-incidentes-desde-la-activacion-del-platerpa-el-sabado\\\/#authorImage\",\"url\":\"https:\\\/\\\/secure.gravatar.com\\\/avatar\\\/df2aeffc32bcd13f8d26072ef8a91b623d677766deac7f97ca815868cd41bf5e?s=96&d=mm&r=g\",\"width\":96,\"height\":96,\"caption\":\"NBAsturias\"}},{\"@type\":\"WebPage\",\"@id\":\"https:\\\/\\\/eldigitaldeasturias.com\\\/radio\\\/2-658-incidentes-desde-la-activacion-del-platerpa-el-sabado\\\/#webpage\",\"url\":\"https:\\\/\\\/eldigitaldeasturias.com\\\/radio\\\/2-658-incidentes-desde-la-activacion-del-platerpa-el-sabado\\\/\",\"name\":\"2.658 incidentes desde la activaci\\u00f3n del Platerpa el s\\u00e1bado | El Digital de Asturias\",\"description\":\"(EP) - El Servicio de Emergencias del Principado de Asturias (SEPA) lleva contabilizados 2.658 incidentes desde la activaci\\u00f3n del Plan Territorial de Protecci\\u00f3n Civil del Principado de Asturias (PLATERPA), el pasado s\\u00e1bado, 26 de diciembre, hasta esta ma\\u00f1ana de martes, 29 de diciembre. Seg\\u00fan ha informado el SEPA, la mayor parte de los incidentes registrados\",\"inLanguage\":\"es-ES\",\"isPartOf\":{\"@id\":\"https:\\\/\\\/eldigitaldeasturias.com\\\/radio\\\/#website\"},\"breadcrumb\":{\"@id\":\"https:\\\/\\\/eldigitaldeasturias.com\\\/radio\\\/2-658-incidentes-desde-la-activacion-del-platerpa-el-sabado\\\/#breadcrumblist\"},\"author\":{\"@id\":\"https:\\\/\\\/eldigitaldeasturias.com\\\/radio\\\/author\\\/nbasturias\\\/#author\"},\"creator\":{\"@id\":\"https:\\\/\\\/eldigitaldeasturias.com\\\/radio\\\/author\\\/nbasturias\\\/#author\"},\"image\":{\"@type\":\"ImageObject\",\"url\":\"https:\\\/\\\/eldigitaldeasturias.com\\\/radio\\\/wp-content\\\/uploads\\\/2020\\\/12\\\/temporal.jpg\",\"@id\":\"https:\\\/\\\/eldigitaldeasturias.com\\\/radio\\\/2-658-incidentes-desde-la-activacion-del-platerpa-el-sabado\\\/#mainImage\",\"width\":808,\"height\":537,\"caption\":\"Foto: Jorge Peteiro - Europa Press\"},\"primaryImageOfPage\":{\"@id\":\"https:\\\/\\\/eldigitaldeasturias.com\\\/radio\\\/2-658-incidentes-desde-la-activacion-del-platerpa-el-sabado\\\/#mainImage\"},\"datePublished\":\"2020-12-29T18:50:58+01:00\",\"dateModified\":\"2020-12-29T18:50:58+01:00\"},{\"@type\":\"WebSite\",\"@id\":\"https:\\\/\\\/eldigitaldeasturias.com\\\/radio\\\/#website\",\"url\":\"https:\\\/\\\/eldigitaldeasturias.com\\\/radio\\\/\",\"name\":\"El Digital de Asturias\",\"description\":\"Diario de informaci\\u00f3n y noticias\",\"inLanguage\":\"es-ES\",\"publisher\":{\"@id\":\"https:\\\/\\\/eldigitaldeasturias.com\\\/radio\\\/#organization\"}}]}\n\t\t<\/script>\n\t\t<!-- All in One SEO Pro -->\r\n\t\t<title>2.658 incidentes desde la activaci\u00f3n del Platerpa el s\u00e1bado | El Digital de Asturias<\/title>\n\n","aioseo_head_json":{"title":"2.658 incidentes desde la activaci\u00f3n del Platerpa el s\u00e1bado | El Digital de Asturias","description":"(EP) - El Servicio de Emergencias del Principado de Asturias (SEPA) lleva contabilizados 2.658 incidentes desde la activaci\u00f3n del Plan Territorial de Protecci\u00f3n Civil del Principado de Asturias (PLATERPA), el pasado s\u00e1bado, 26 de diciembre, hasta esta ma\u00f1ana de martes, 29 de diciembre. Seg\u00fan ha informado el SEPA, la mayor parte de los incidentes registrados","canonical_url":"https:\/\/eldigitaldeasturias.com\/radio\/2-658-incidentes-desde-la-activacion-del-platerpa-el-sabado\/","robots":"max-image-preview:large","keywords":"noticias","webmasterTools":{"google-site-verification":"UA-38556648-1","miscellaneous":""},"schema":{"@context":"https:\/\/schema.org","@graph":[{"@type":"BreadcrumbList","@id":"https:\/\/eldigitaldeasturias.com\/radio\/2-658-incidentes-desde-la-activacion-del-platerpa-el-sabado\/#breadcrumblist","itemListElement":[{"@type":"ListItem","@id":"https:\/\/eldigitaldeasturias.com\/radio#listItem","position":1,"name":"Inicio","item":"https:\/\/eldigitaldeasturias.com\/radio","nextItem":{"@type":"ListItem","@id":"https:\/\/eldigitaldeasturias.com\/radio\/category\/noticias\/#listItem","name":"Noticias"}},{"@type":"ListItem","@id":"https:\/\/eldigitaldeasturias.com\/radio\/category\/noticias\/#listItem","position":2,"name":"Noticias","item":"https:\/\/eldigitaldeasturias.com\/radio\/category\/noticias\/","nextItem":{"@type":"ListItem","@id":"https:\/\/eldigitaldeasturias.com\/radio\/2-658-incidentes-desde-la-activacion-del-platerpa-el-sabado\/#listItem","name":"2.658 incidentes desde la activaci\u00f3n del Platerpa el s\u00e1bado"},"previousItem":{"@type":"ListItem","@id":"https:\/\/eldigitaldeasturias.com\/radio#listItem","name":"Inicio"}},{"@type":"ListItem","@id":"https:\/\/eldigitaldeasturias.com\/radio\/2-658-incidentes-desde-la-activacion-del-platerpa-el-sabado\/#listItem","position":3,"name":"2.658 incidentes desde la activaci\u00f3n del Platerpa el s\u00e1bado","previousItem":{"@type":"ListItem","@id":"https:\/\/eldigitaldeasturias.com\/radio\/category\/noticias\/#listItem","name":"Noticias"}}]},{"@type":"NewsArticle","@id":"https:\/\/eldigitaldeasturias.com\/radio\/2-658-incidentes-desde-la-activacion-del-platerpa-el-sabado\/#newsarticle","name":"2.658 incidentes desde la activaci\u00f3n del Platerpa el s\u00e1bado | El Digital de Asturias","headline":"2.658 incidentes desde la activaci\u00f3n del Platerpa el s\u00e1bado","author":{"@id":"https:\/\/eldigitaldeasturias.com\/radio\/author\/nbasturias\/#author"},"publisher":{"@id":"https:\/\/eldigitaldeasturias.com\/radio\/#organization"},"image":{"@type":"ImageObject","url":"https:\/\/eldigitaldeasturias.com\/radio\/wp-content\/uploads\/2020\/12\/temporal.jpg","width":808,"height":537,"caption":"Foto: Jorge Peteiro - Europa Press"},"datePublished":"2020-12-29T18:50:58+01:00","dateModified":"2020-12-29T18:50:58+01:00","inLanguage":"es-ES","mainEntityOfPage":{"@id":"https:\/\/eldigitaldeasturias.com\/radio\/2-658-incidentes-desde-la-activacion-del-platerpa-el-sabado\/#webpage"},"isPartOf":{"@id":"https:\/\/eldigitaldeasturias.com\/radio\/2-658-incidentes-desde-la-activacion-del-platerpa-el-sabado\/#webpage"},"articleSection":"Noticias","dateline":"Publicado el diciembre 29, 2020."},{"@type":"Organization","@id":"https:\/\/eldigitaldeasturias.com\/radio\/#organization","name":"El digital de Asturias Radio","description":"Diario de informaci\u00f3n y noticias","url":"https:\/\/eldigitaldeasturias.com\/radio\/","telephone":"+34652131393","logo":{"@type":"ImageObject","url":"https:\/\/www.eldigitaldeasturias.com\/radio\/wp-content\/uploads\/2021\/03\/EDA.jpg","@id":"https:\/\/eldigitaldeasturias.com\/radio\/2-658-incidentes-desde-la-activacion-del-platerpa-el-sabado\/#organizationLogo"},"image":{"@id":"https:\/\/eldigitaldeasturias.com\/radio\/2-658-incidentes-desde-la-activacion-del-platerpa-el-sabado\/#organizationLogo"},"sameAs":["https:\/\/www.facebook.com\/","https:\/\/x.com\/bercodi","https:\/\/www.instagram.com\/","https:\/\/www.youtube.com\/channel\/UCZP-2wLEB9Rv6erhFmqVnvg"]},{"@type":"Person","@id":"https:\/\/eldigitaldeasturias.com\/radio\/author\/nbasturias\/#author","url":"https:\/\/eldigitaldeasturias.com\/radio\/author\/nbasturias\/","name":"NBAsturias","image":{"@type":"ImageObject","@id":"https:\/\/eldigitaldeasturias.com\/radio\/2-658-incidentes-desde-la-activacion-del-platerpa-el-sabado\/#authorImage","url":"https:\/\/secure.gravatar.com\/avatar\/df2aeffc32bcd13f8d26072ef8a91b623d677766deac7f97ca815868cd41bf5e?s=96&d=mm&r=g","width":96,"height":96,"caption":"NBAsturias"}},{"@type":"WebPage","@id":"https:\/\/eldigitaldeasturias.com\/radio\/2-658-incidentes-desde-la-activacion-del-platerpa-el-sabado\/#webpage","url":"https:\/\/eldigitaldeasturias.com\/radio\/2-658-incidentes-desde-la-activacion-del-platerpa-el-sabado\/","name":"2.658 incidentes desde la activaci\u00f3n del Platerpa el s\u00e1bado | El Digital de Asturias","description":"(EP) - El Servicio de Emergencias del Principado de Asturias (SEPA) lleva contabilizados 2.658 incidentes desde la activaci\u00f3n del Plan Territorial de Protecci\u00f3n Civil del Principado de Asturias (PLATERPA), el pasado s\u00e1bado, 26 de diciembre, hasta esta ma\u00f1ana de martes, 29 de diciembre. Seg\u00fan ha informado el SEPA, la mayor parte de los incidentes registrados","inLanguage":"es-ES","isPartOf":{"@id":"https:\/\/eldigitaldeasturias.com\/radio\/#website"},"breadcrumb":{"@id":"https:\/\/eldigitaldeasturias.com\/radio\/2-658-incidentes-desde-la-activacion-del-platerpa-el-sabado\/#breadcrumblist"},"author":{"@id":"https:\/\/eldigitaldeasturias.com\/radio\/author\/nbasturias\/#author"},"creator":{"@id":"https:\/\/eldigitaldeasturias.com\/radio\/author\/nbasturias\/#author"},"image":{"@type":"ImageObject","url":"https:\/\/eldigitaldeasturias.com\/radio\/wp-content\/uploads\/2020\/12\/temporal.jpg","@id":"https:\/\/eldigitaldeasturias.com\/radio\/2-658-incidentes-desde-la-activacion-del-platerpa-el-sabado\/#mainImage","width":808,"height":537,"caption":"Foto: Jorge Peteiro - Europa Press"},"primaryImageOfPage":{"@id":"https:\/\/eldigitaldeasturias.com\/radio\/2-658-incidentes-desde-la-activacion-del-platerpa-el-sabado\/#mainImage"},"datePublished":"2020-12-29T18:50:58+01:00","dateModified":"2020-12-29T18:50:58+01:00"},{"@type":"WebSite","@id":"https:\/\/eldigitaldeasturias.com\/radio\/#website","url":"https:\/\/eldigitaldeasturias.com\/radio\/","name":"El Digital de Asturias","description":"Diario de informaci\u00f3n y noticias","inLanguage":"es-ES","publisher":{"@id":"https:\/\/eldigitaldeasturias.com\/radio\/#organization"}}]},"og:locale":"es_ES","og:site_name":"El Digital de Asturias | Diario de informaci\u00f3n y noticias","og:type":"article","og:title":"2.658 incidentes desde la activaci\u00f3n del Platerpa el s\u00e1bado | El Digital de Asturias","og:description":"(EP) - El Servicio de Emergencias del Principado de Asturias (SEPA) lleva contabilizados 2.658 incidentes desde la activaci\u00f3n del Plan Territorial de Protecci\u00f3n Civil del Principado de Asturias (PLATERPA), el pasado s\u00e1bado, 26 de diciembre, hasta esta ma\u00f1ana de martes, 29 de diciembre. Seg\u00fan ha informado el SEPA, la mayor parte de los incidentes registrados","og:url":"https:\/\/eldigitaldeasturias.com\/radio\/2-658-incidentes-desde-la-activacion-del-platerpa-el-sabado\/","og:image":"https:\/\/eldigitaldeasturias.com\/radio\/wp-content\/uploads\/2020\/12\/temporal.jpg","og:image:secure_url":"https:\/\/eldigitaldeasturias.com\/radio\/wp-content\/uploads\/2020\/12\/temporal.jpg","og:image:width":808,"og:image:height":537,"article:published_time":"2020-12-29T18:50:58+00:00","article:modified_time":"2020-12-29T18:50:58+00:00","twitter:card":"summary_large_image","twitter:site":"@bercodi","twitter:title":"2.658 incidentes desde la activaci\u00f3n del Platerpa el s\u00e1bado | El Digital de Asturias","twitter:description":"(EP) - El Servicio de Emergencias del Principado de Asturias (SEPA) lleva contabilizados 2.658 incidentes desde la activaci\u00f3n del Plan Territorial de Protecci\u00f3n Civil del Principado de Asturias (PLATERPA), el pasado s\u00e1bado, 26 de diciembre, hasta esta ma\u00f1ana de martes, 29 de diciembre. Seg\u00fan ha informado el SEPA, la mayor parte de los incidentes registrados","twitter:creator":"@bercodi","twitter:image":"https:\/\/eldigitaldeasturias.com\/radio\/wp-content\/uploads\/2020\/12\/temporal.jpg"},"aioseo_meta_data":{"post_id":"5440","title":null,"description":null,"keywords":null,"keyphrases":null,"primary_term":null,"canonical_url":null,"og_title":null,"og_description":null,"og_object_type":"default","og_image_type":"default","og_image_url":null,"og_image_width":null,"og_image_height":null,"og_image_custom_url":null,"og_image_custom_fields":null,"og_video":null,"og_custom_url":null,"og_article_section":null,"og_article_tags":null,"twitter_use_og":false,"twitter_card":"default","twitter_image_type":"default","twitter_image_url":null,"twitter_image_custom_url":null,"twitter_image_custom_fields":null,"twitter_title":null,"twitter_description":null,"schema":{"blockGraphs":[],"customGraphs":[],"default":{"data":{"Article":[],"Course":[],"Dataset":[],"FAQPage":[],"Movie":[],"Person":[],"Product":[],"ProductReview":[],"Car":[],"Recipe":[],"Service":[],"SoftwareApplication":[],"WebPage":[]},"graphName":"","isEnabled":true},"graphs":[],"defaultGraph":"","defaultPostTypeGraph":""},"schema_type":null,"schema_type_options":null,"pillar_content":false,"robots_default":true,"robots_noindex":false,"robots_noarchive":false,"robots_nosnippet":false,"robots_nofollow":false,"robots_noimageindex":false,"robots_noodp":false,"robots_notranslate":false,"robots_max_snippet":null,"robots_max_videopreview":null,"robots_max_imagepreview":"large","priority":null,"frequency":null,"location":null,"local_seo":null,"seo_analyzer_scan_date":"2025-08-28 17:53:38","breadcrumb_settings":null,"limit_modified_date":false,"open_ai":null,"ai":null,"created":"2021-03-25 16:47:08","updated":"2025-08-28 17:53:38"},"aioseo_breadcrumb":"<div class=\"aioseo-breadcrumbs\"><span class=\"aioseo-breadcrumb\">\n\t<a href=\"https:\/\/eldigitaldeasturias.com\/radio\" title=\"Inicio\">Inicio<\/a>\n<\/span><span class=\"aioseo-breadcrumb-separator\">&ndash;<\/span><span class=\"aioseo-breadcrumb\">\n\t<a href=\"https:\/\/eldigitaldeasturias.com\/radio\/category\/noticias\/\" title=\"Noticias\">Noticias<\/a>\n<\/span><span class=\"aioseo-breadcrumb-separator\">&ndash;<\/span><span class=\"aioseo-breadcrumb\">\n\t2.658 incidentes desde la activaci\u00f3n del Platerpa el s\u00e1bado\n<\/span><\/div>","aioseo_breadcrumb_json":[{"label":"Inicio","link":"https:\/\/eldigitaldeasturias.com\/radio"},{"label":"Noticias","link":"https:\/\/eldigitaldeasturias.com\/radio\/category\/noticias\/"},{"label":"2.658 incidentes desde la activaci\u00f3n del Platerpa el s\u00e1bado","link":"https:\/\/eldigitaldeasturias.com\/radio\/2-658-incidentes-desde-la-activacion-del-platerpa-el-sabado\/"}],"_links":{"self":[{"href":"https:\/\/eldigitaldeasturias.com\/radio\/wp-json\/wp\/v2\/posts\/5440","targetHints":{"allow":["GET"]}}],"collection":[{"href":"https:\/\/eldigitaldeasturias.com\/radio\/wp-json\/wp\/v2\/posts"}],"about":[{"href":"https:\/\/eldigitaldeasturias.com\/radio\/wp-json\/wp\/v2\/types\/post"}],"author":[{"embeddable":true,"href":"https:\/\/eldigitaldeasturias.com\/radio\/wp-json\/wp\/v2\/users\/1"}],"replies":[{"embeddable":true,"href":"https:\/\/eldigitaldeasturias.com\/radio\/wp-json\/wp\/v2\/comments?post=5440"}],"version-history":[{"count":0,"href":"https:\/\/eldigitaldeasturias.com\/radio\/wp-json\/wp\/v2\/posts\/5440\/revisions"}],"wp:featuredmedia":[{"embeddable":true,"href":"https:\/\/eldigitaldeasturias.com\/radio\/wp-json\/wp\/v2\/media\/5441"}],"wp:attachment":[{"href":"https:\/\/eldigitaldeasturias.com\/radio\/wp-json\/wp\/v2\/media?parent=5440"}],"wp:term":[{"taxonomy":"category","embeddable":true,"href":"https:\/\/eldigitaldeasturias.com\/radio\/wp-json\/wp\/v2\/categories?post=5440"},{"taxonomy":"post_tag","embeddable":true,"href":"https:\/\/eldigitaldeasturias.com\/radio\/wp-json\/wp\/v2\/tags?post=5440"}],"curies":[{"name":"wp","href":"https:\/\/api.w.org\/{rel}","templated":true}]}}