{"id":5436,"date":"2020-12-29T10:58:34","date_gmt":"2020-12-29T10:58:34","guid":{"rendered":"http:\/\/eldigitaldeasturias.com\/radio\/?p=5436"},"modified":"2020-12-29T10:58:34","modified_gmt":"2020-12-29T10:58:34","slug":"ano-xacobeo-2021-el-ayuntamiento-de-siero-se-iluminara-de-azul","status":"publish","type":"post","link":"https:\/\/eldigitaldeasturias.com\/radio\/ano-xacobeo-2021-el-ayuntamiento-de-siero-se-iluminara-de-azul\/","title":{"rendered":"A\u00f1o Xacobeo 2021: El Ayuntamiento de Siero se iluminar\u00e1 de azul"},"content":{"rendered":"<p><img fetchpriority=\"high\" decoding=\"async\" class=\"alignleft size-medium wp-image-5351\" src=\"https:\/\/eldigitaldeasturias.com\/radio\/wp-content\/uploads\/2020\/12\/spain-2429231_640-360x240.jpg\" alt=\"\" width=\"360\" height=\"240\" srcset=\"https:\/\/eldigitaldeasturias.com\/radio\/wp-content\/uploads\/2020\/12\/spain-2429231_640-360x240.jpg 360w, https:\/\/eldigitaldeasturias.com\/radio\/wp-content\/uploads\/2020\/12\/spain-2429231_640.jpg 640w\" sizes=\"(max-width: 360px) 100vw, 360px\" \/>(EP) . La Casa Consistorial del Ayuntamiento de Siero, Principado de Asturias, se iluminar\u00e1 este mi\u00e9rcoles, a partir de las 18:00, de color azul sum\u00e1ndose a la celebraci\u00f3n del inicio del A\u00f1o Xacobeo 2021. De esta forma, Siero participa en la campa\u00f1a, en la que estar\u00e1n presentes edificios emblem\u00e1ticos del Principado como la catedral de Oviedo, coincidiendo con la apertura del Xacobeo y de la puerta santa en la catedral de Santiago.<\/p>\n<p>La campa\u00f1a \u00abEnciende el Xacobeo\u00bb comenz\u00f3 este mes de diciembre y contar\u00e1 con la participaci\u00f3n de once autonom\u00edas que iluminar\u00e1n cerca de un centenar de edificios singulares.<\/p>\n<p>La concejala de Turismo de Siero, Ana Rosa Nosti, destac\u00f3 que \u00abes una iniciativa a la que se suman pues el Camino de Santiago forma parte del patrimonio hist\u00f3rico y cultural de Siero\u00bb.<\/p>\n","protected":false},"excerpt":{"rendered":"<p>(EP) . La Casa Consistorial del Ayuntamiento de Siero, Principado de Asturias, se iluminar\u00e1 este mi\u00e9rcoles, a partir de las 18:00, de color azul sum\u00e1ndose a la celebraci\u00f3n del inicio del A\u00f1o Xacobeo 2021. De esta forma, Siero participa en la campa\u00f1a, en la que estar\u00e1n presentes edificios emblem\u00e1ticos del Principado como la catedral de<\/p>\n","protected":false},"author":1,"featured_media":5351,"comment_status":"closed","ping_status":"closed","sticky":false,"template":"","format":"standard","meta":{"footnotes":""},"categories":[1],"tags":[],"class_list":{"0":"post-5436","1":"post","2":"type-post","3":"status-publish","4":"format-standard","5":"has-post-thumbnail","7":"category-noticias"},"aioseo_notices":[],"aioseo_head":"\n\t\t<!-- All in One SEO Pro 4.9.6.2 - aioseo.com -->\n\t<meta name=\"description\" content=\"(EP) . La Casa Consistorial del Ayuntamiento de Siero, Principado de Asturias, se iluminar\u00e1 este mi\u00e9rcoles, a partir de las 18:00, de color azul sum\u00e1ndose a la celebraci\u00f3n del inicio del A\u00f1o Xacobeo 2021. De esta forma, Siero participa en la campa\u00f1a, en la que estar\u00e1n presentes edificios emblem\u00e1ticos del Principado como la catedral de\" \/>\n\t<meta name=\"robots\" content=\"max-image-preview:large\" \/>\n\t<meta name=\"author\" content=\"NBAsturias\"\/>\n\t<meta name=\"google-site-verification\" content=\"UA-38556648-1\" \/>\n\t<meta name=\"keywords\" content=\"noticias\" \/>\n\t<link rel=\"canonical\" href=\"https:\/\/eldigitaldeasturias.com\/radio\/ano-xacobeo-2021-el-ayuntamiento-de-siero-se-iluminara-de-azul\/\" \/>\n\t<meta name=\"generator\" content=\"All in One SEO Pro (AIOSEO) 4.9.6.2\" \/>\n\t\t<meta property=\"og:locale\" content=\"es_ES\" \/>\n\t\t<meta property=\"og:site_name\" content=\"El Digital de Asturias | Diario de informaci\u00f3n y noticias\" \/>\n\t\t<meta property=\"og:type\" content=\"article\" \/>\n\t\t<meta property=\"og:title\" content=\"A\u00f1o Xacobeo 2021: El Ayuntamiento de Siero se iluminar\u00e1 de azul | El Digital de Asturias\" \/>\n\t\t<meta property=\"og:description\" content=\"(EP) . La Casa Consistorial del Ayuntamiento de Siero, Principado de Asturias, se iluminar\u00e1 este mi\u00e9rcoles, a partir de las 18:00, de color azul sum\u00e1ndose a la celebraci\u00f3n del inicio del A\u00f1o Xacobeo 2021. De esta forma, Siero participa en la campa\u00f1a, en la que estar\u00e1n presentes edificios emblem\u00e1ticos del Principado como la catedral de\" \/>\n\t\t<meta property=\"og:url\" content=\"https:\/\/eldigitaldeasturias.com\/radio\/ano-xacobeo-2021-el-ayuntamiento-de-siero-se-iluminara-de-azul\/\" \/>\n\t\t<meta property=\"og:image\" content=\"https:\/\/eldigitaldeasturias.com\/radio\/wp-content\/uploads\/2020\/12\/spain-2429231_640.jpg\" \/>\n\t\t<meta property=\"og:image:secure_url\" content=\"https:\/\/eldigitaldeasturias.com\/radio\/wp-content\/uploads\/2020\/12\/spain-2429231_640.jpg\" \/>\n\t\t<meta property=\"og:image:width\" content=\"640\" \/>\n\t\t<meta property=\"og:image:height\" content=\"426\" \/>\n\t\t<meta property=\"article:published_time\" content=\"2020-12-29T10:58:34+00:00\" \/>\n\t\t<meta property=\"article:modified_time\" content=\"2020-12-29T10:58:34+00:00\" \/>\n\t\t<meta name=\"twitter:card\" content=\"summary_large_image\" \/>\n\t\t<meta name=\"twitter:site\" content=\"@bercodi\" \/>\n\t\t<meta name=\"twitter:title\" content=\"A\u00f1o Xacobeo 2021: El Ayuntamiento de Siero se iluminar\u00e1 de azul | El Digital de Asturias\" \/>\n\t\t<meta name=\"twitter:description\" content=\"(EP) . La Casa Consistorial del Ayuntamiento de Siero, Principado de Asturias, se iluminar\u00e1 este mi\u00e9rcoles, a partir de las 18:00, de color azul sum\u00e1ndose a la celebraci\u00f3n del inicio del A\u00f1o Xacobeo 2021. De esta forma, Siero participa en la campa\u00f1a, en la que estar\u00e1n presentes edificios emblem\u00e1ticos del Principado como la catedral de\" \/>\n\t\t<meta name=\"twitter:creator\" content=\"@bercodi\" \/>\n\t\t<meta name=\"twitter:image\" content=\"https:\/\/eldigitaldeasturias.com\/radio\/wp-content\/uploads\/2020\/12\/spain-2429231_640.jpg\" \/>\n\t\t<script type=\"application\/ld+json\" class=\"aioseo-schema\">\n\t\t\t{\"@context\":\"https:\\\/\\\/schema.org\",\"@graph\":[{\"@type\":\"BreadcrumbList\",\"@id\":\"https:\\\/\\\/eldigitaldeasturias.com\\\/radio\\\/ano-xacobeo-2021-el-ayuntamiento-de-siero-se-iluminara-de-azul\\\/#breadcrumblist\",\"itemListElement\":[{\"@type\":\"ListItem\",\"@id\":\"https:\\\/\\\/eldigitaldeasturias.com\\\/radio#listItem\",\"position\":1,\"name\":\"Inicio\",\"item\":\"https:\\\/\\\/eldigitaldeasturias.com\\\/radio\",\"nextItem\":{\"@type\":\"ListItem\",\"@id\":\"https:\\\/\\\/eldigitaldeasturias.com\\\/radio\\\/category\\\/noticias\\\/#listItem\",\"name\":\"Noticias\"}},{\"@type\":\"ListItem\",\"@id\":\"https:\\\/\\\/eldigitaldeasturias.com\\\/radio\\\/category\\\/noticias\\\/#listItem\",\"position\":2,\"name\":\"Noticias\",\"item\":\"https:\\\/\\\/eldigitaldeasturias.com\\\/radio\\\/category\\\/noticias\\\/\",\"nextItem\":{\"@type\":\"ListItem\",\"@id\":\"https:\\\/\\\/eldigitaldeasturias.com\\\/radio\\\/ano-xacobeo-2021-el-ayuntamiento-de-siero-se-iluminara-de-azul\\\/#listItem\",\"name\":\"A\\u00f1o Xacobeo 2021: El Ayuntamiento de Siero se iluminar\\u00e1 de azul\"},\"previousItem\":{\"@type\":\"ListItem\",\"@id\":\"https:\\\/\\\/eldigitaldeasturias.com\\\/radio#listItem\",\"name\":\"Inicio\"}},{\"@type\":\"ListItem\",\"@id\":\"https:\\\/\\\/eldigitaldeasturias.com\\\/radio\\\/ano-xacobeo-2021-el-ayuntamiento-de-siero-se-iluminara-de-azul\\\/#listItem\",\"position\":3,\"name\":\"A\\u00f1o Xacobeo 2021: El Ayuntamiento de Siero se iluminar\\u00e1 de azul\",\"previousItem\":{\"@type\":\"ListItem\",\"@id\":\"https:\\\/\\\/eldigitaldeasturias.com\\\/radio\\\/category\\\/noticias\\\/#listItem\",\"name\":\"Noticias\"}}]},{\"@type\":\"NewsArticle\",\"@id\":\"https:\\\/\\\/eldigitaldeasturias.com\\\/radio\\\/ano-xacobeo-2021-el-ayuntamiento-de-siero-se-iluminara-de-azul\\\/#newsarticle\",\"name\":\"A\\u00f1o Xacobeo 2021: El Ayuntamiento de Siero se iluminar\\u00e1 de azul | El Digital de Asturias\",\"headline\":\"A\\u00f1o Xacobeo 2021: El Ayuntamiento de Siero se iluminar\\u00e1 de azul\",\"author\":{\"@id\":\"https:\\\/\\\/eldigitaldeasturias.com\\\/radio\\\/author\\\/nbasturias\\\/#author\"},\"publisher\":{\"@id\":\"https:\\\/\\\/eldigitaldeasturias.com\\\/radio\\\/#organization\"},\"image\":{\"@type\":\"ImageObject\",\"url\":\"https:\\\/\\\/eldigitaldeasturias.com\\\/radio\\\/wp-content\\\/uploads\\\/2020\\\/12\\\/spain-2429231_640.jpg\",\"width\":640,\"height\":426},\"datePublished\":\"2020-12-29T10:58:34+01:00\",\"dateModified\":\"2020-12-29T10:58:34+01:00\",\"inLanguage\":\"es-ES\",\"mainEntityOfPage\":{\"@id\":\"https:\\\/\\\/eldigitaldeasturias.com\\\/radio\\\/ano-xacobeo-2021-el-ayuntamiento-de-siero-se-iluminara-de-azul\\\/#webpage\"},\"isPartOf\":{\"@id\":\"https:\\\/\\\/eldigitaldeasturias.com\\\/radio\\\/ano-xacobeo-2021-el-ayuntamiento-de-siero-se-iluminara-de-azul\\\/#webpage\"},\"articleSection\":\"Noticias\",\"dateline\":\"Publicado el diciembre 29, 2020.\"},{\"@type\":\"Organization\",\"@id\":\"https:\\\/\\\/eldigitaldeasturias.com\\\/radio\\\/#organization\",\"name\":\"El digital de Asturias Radio\",\"description\":\"Diario de informaci\\u00f3n y noticias\",\"url\":\"https:\\\/\\\/eldigitaldeasturias.com\\\/radio\\\/\",\"telephone\":\"+34652131393\",\"logo\":{\"@type\":\"ImageObject\",\"url\":\"https:\\\/\\\/www.eldigitaldeasturias.com\\\/radio\\\/wp-content\\\/uploads\\\/2021\\\/03\\\/EDA.jpg\",\"@id\":\"https:\\\/\\\/eldigitaldeasturias.com\\\/radio\\\/ano-xacobeo-2021-el-ayuntamiento-de-siero-se-iluminara-de-azul\\\/#organizationLogo\"},\"image\":{\"@id\":\"https:\\\/\\\/eldigitaldeasturias.com\\\/radio\\\/ano-xacobeo-2021-el-ayuntamiento-de-siero-se-iluminara-de-azul\\\/#organizationLogo\"},\"sameAs\":[\"https:\\\/\\\/www.facebook.com\\\/\",\"https:\\\/\\\/x.com\\\/bercodi\",\"https:\\\/\\\/www.instagram.com\\\/\",\"https:\\\/\\\/www.youtube.com\\\/channel\\\/UCZP-2wLEB9Rv6erhFmqVnvg\"]},{\"@type\":\"Person\",\"@id\":\"https:\\\/\\\/eldigitaldeasturias.com\\\/radio\\\/author\\\/nbasturias\\\/#author\",\"url\":\"https:\\\/\\\/eldigitaldeasturias.com\\\/radio\\\/author\\\/nbasturias\\\/\",\"name\":\"NBAsturias\",\"image\":{\"@type\":\"ImageObject\",\"@id\":\"https:\\\/\\\/eldigitaldeasturias.com\\\/radio\\\/ano-xacobeo-2021-el-ayuntamiento-de-siero-se-iluminara-de-azul\\\/#authorImage\",\"url\":\"https:\\\/\\\/secure.gravatar.com\\\/avatar\\\/df2aeffc32bcd13f8d26072ef8a91b623d677766deac7f97ca815868cd41bf5e?s=96&d=mm&r=g\",\"width\":96,\"height\":96,\"caption\":\"NBAsturias\"}},{\"@type\":\"WebPage\",\"@id\":\"https:\\\/\\\/eldigitaldeasturias.com\\\/radio\\\/ano-xacobeo-2021-el-ayuntamiento-de-siero-se-iluminara-de-azul\\\/#webpage\",\"url\":\"https:\\\/\\\/eldigitaldeasturias.com\\\/radio\\\/ano-xacobeo-2021-el-ayuntamiento-de-siero-se-iluminara-de-azul\\\/\",\"name\":\"A\\u00f1o Xacobeo 2021: El Ayuntamiento de Siero se iluminar\\u00e1 de azul | El Digital de Asturias\",\"description\":\"(EP) . La Casa Consistorial del Ayuntamiento de Siero, Principado de Asturias, se iluminar\\u00e1 este mi\\u00e9rcoles, a partir de las 18:00, de color azul sum\\u00e1ndose a la celebraci\\u00f3n del inicio del A\\u00f1o Xacobeo 2021. De esta forma, Siero participa en la campa\\u00f1a, en la que estar\\u00e1n presentes edificios emblem\\u00e1ticos del Principado como la catedral de\",\"inLanguage\":\"es-ES\",\"isPartOf\":{\"@id\":\"https:\\\/\\\/eldigitaldeasturias.com\\\/radio\\\/#website\"},\"breadcrumb\":{\"@id\":\"https:\\\/\\\/eldigitaldeasturias.com\\\/radio\\\/ano-xacobeo-2021-el-ayuntamiento-de-siero-se-iluminara-de-azul\\\/#breadcrumblist\"},\"author\":{\"@id\":\"https:\\\/\\\/eldigitaldeasturias.com\\\/radio\\\/author\\\/nbasturias\\\/#author\"},\"creator\":{\"@id\":\"https:\\\/\\\/eldigitaldeasturias.com\\\/radio\\\/author\\\/nbasturias\\\/#author\"},\"image\":{\"@type\":\"ImageObject\",\"url\":\"https:\\\/\\\/eldigitaldeasturias.com\\\/radio\\\/wp-content\\\/uploads\\\/2020\\\/12\\\/spain-2429231_640.jpg\",\"@id\":\"https:\\\/\\\/eldigitaldeasturias.com\\\/radio\\\/ano-xacobeo-2021-el-ayuntamiento-de-siero-se-iluminara-de-azul\\\/#mainImage\",\"width\":640,\"height\":426},\"primaryImageOfPage\":{\"@id\":\"https:\\\/\\\/eldigitaldeasturias.com\\\/radio\\\/ano-xacobeo-2021-el-ayuntamiento-de-siero-se-iluminara-de-azul\\\/#mainImage\"},\"datePublished\":\"2020-12-29T10:58:34+01:00\",\"dateModified\":\"2020-12-29T10:58:34+01:00\"},{\"@type\":\"WebSite\",\"@id\":\"https:\\\/\\\/eldigitaldeasturias.com\\\/radio\\\/#website\",\"url\":\"https:\\\/\\\/eldigitaldeasturias.com\\\/radio\\\/\",\"name\":\"El Digital de Asturias\",\"description\":\"Diario de informaci\\u00f3n y noticias\",\"inLanguage\":\"es-ES\",\"publisher\":{\"@id\":\"https:\\\/\\\/eldigitaldeasturias.com\\\/radio\\\/#organization\"}}]}\n\t\t<\/script>\n\t\t<!-- All in One SEO Pro -->\r\n\t\t<title>A\u00f1o Xacobeo 2021: El Ayuntamiento de Siero se iluminar\u00e1 de azul | El Digital de Asturias<\/title>\n\n","aioseo_head_json":{"title":"A\u00f1o Xacobeo 2021: El Ayuntamiento de Siero se iluminar\u00e1 de azul | El Digital de Asturias","description":"(EP) . La Casa Consistorial del Ayuntamiento de Siero, Principado de Asturias, se iluminar\u00e1 este mi\u00e9rcoles, a partir de las 18:00, de color azul sum\u00e1ndose a la celebraci\u00f3n del inicio del A\u00f1o Xacobeo 2021. De esta forma, Siero participa en la campa\u00f1a, en la que estar\u00e1n presentes edificios emblem\u00e1ticos del Principado como la catedral de","canonical_url":"https:\/\/eldigitaldeasturias.com\/radio\/ano-xacobeo-2021-el-ayuntamiento-de-siero-se-iluminara-de-azul\/","robots":"max-image-preview:large","keywords":"noticias","webmasterTools":{"google-site-verification":"UA-38556648-1","miscellaneous":""},"schema":{"@context":"https:\/\/schema.org","@graph":[{"@type":"BreadcrumbList","@id":"https:\/\/eldigitaldeasturias.com\/radio\/ano-xacobeo-2021-el-ayuntamiento-de-siero-se-iluminara-de-azul\/#breadcrumblist","itemListElement":[{"@type":"ListItem","@id":"https:\/\/eldigitaldeasturias.com\/radio#listItem","position":1,"name":"Inicio","item":"https:\/\/eldigitaldeasturias.com\/radio","nextItem":{"@type":"ListItem","@id":"https:\/\/eldigitaldeasturias.com\/radio\/category\/noticias\/#listItem","name":"Noticias"}},{"@type":"ListItem","@id":"https:\/\/eldigitaldeasturias.com\/radio\/category\/noticias\/#listItem","position":2,"name":"Noticias","item":"https:\/\/eldigitaldeasturias.com\/radio\/category\/noticias\/","nextItem":{"@type":"ListItem","@id":"https:\/\/eldigitaldeasturias.com\/radio\/ano-xacobeo-2021-el-ayuntamiento-de-siero-se-iluminara-de-azul\/#listItem","name":"A\u00f1o Xacobeo 2021: El Ayuntamiento de Siero se iluminar\u00e1 de azul"},"previousItem":{"@type":"ListItem","@id":"https:\/\/eldigitaldeasturias.com\/radio#listItem","name":"Inicio"}},{"@type":"ListItem","@id":"https:\/\/eldigitaldeasturias.com\/radio\/ano-xacobeo-2021-el-ayuntamiento-de-siero-se-iluminara-de-azul\/#listItem","position":3,"name":"A\u00f1o Xacobeo 2021: El Ayuntamiento de Siero se iluminar\u00e1 de azul","previousItem":{"@type":"ListItem","@id":"https:\/\/eldigitaldeasturias.com\/radio\/category\/noticias\/#listItem","name":"Noticias"}}]},{"@type":"NewsArticle","@id":"https:\/\/eldigitaldeasturias.com\/radio\/ano-xacobeo-2021-el-ayuntamiento-de-siero-se-iluminara-de-azul\/#newsarticle","name":"A\u00f1o Xacobeo 2021: El Ayuntamiento de Siero se iluminar\u00e1 de azul | El Digital de Asturias","headline":"A\u00f1o Xacobeo 2021: El Ayuntamiento de Siero se iluminar\u00e1 de azul","author":{"@id":"https:\/\/eldigitaldeasturias.com\/radio\/author\/nbasturias\/#author"},"publisher":{"@id":"https:\/\/eldigitaldeasturias.com\/radio\/#organization"},"image":{"@type":"ImageObject","url":"https:\/\/eldigitaldeasturias.com\/radio\/wp-content\/uploads\/2020\/12\/spain-2429231_640.jpg","width":640,"height":426},"datePublished":"2020-12-29T10:58:34+01:00","dateModified":"2020-12-29T10:58:34+01:00","inLanguage":"es-ES","mainEntityOfPage":{"@id":"https:\/\/eldigitaldeasturias.com\/radio\/ano-xacobeo-2021-el-ayuntamiento-de-siero-se-iluminara-de-azul\/#webpage"},"isPartOf":{"@id":"https:\/\/eldigitaldeasturias.com\/radio\/ano-xacobeo-2021-el-ayuntamiento-de-siero-se-iluminara-de-azul\/#webpage"},"articleSection":"Noticias","dateline":"Publicado el diciembre 29, 2020."},{"@type":"Organization","@id":"https:\/\/eldigitaldeasturias.com\/radio\/#organization","name":"El digital de Asturias Radio","description":"Diario de informaci\u00f3n y noticias","url":"https:\/\/eldigitaldeasturias.com\/radio\/","telephone":"+34652131393","logo":{"@type":"ImageObject","url":"https:\/\/www.eldigitaldeasturias.com\/radio\/wp-content\/uploads\/2021\/03\/EDA.jpg","@id":"https:\/\/eldigitaldeasturias.com\/radio\/ano-xacobeo-2021-el-ayuntamiento-de-siero-se-iluminara-de-azul\/#organizationLogo"},"image":{"@id":"https:\/\/eldigitaldeasturias.com\/radio\/ano-xacobeo-2021-el-ayuntamiento-de-siero-se-iluminara-de-azul\/#organizationLogo"},"sameAs":["https:\/\/www.facebook.com\/","https:\/\/x.com\/bercodi","https:\/\/www.instagram.com\/","https:\/\/www.youtube.com\/channel\/UCZP-2wLEB9Rv6erhFmqVnvg"]},{"@type":"Person","@id":"https:\/\/eldigitaldeasturias.com\/radio\/author\/nbasturias\/#author","url":"https:\/\/eldigitaldeasturias.com\/radio\/author\/nbasturias\/","name":"NBAsturias","image":{"@type":"ImageObject","@id":"https:\/\/eldigitaldeasturias.com\/radio\/ano-xacobeo-2021-el-ayuntamiento-de-siero-se-iluminara-de-azul\/#authorImage","url":"https:\/\/secure.gravatar.com\/avatar\/df2aeffc32bcd13f8d26072ef8a91b623d677766deac7f97ca815868cd41bf5e?s=96&d=mm&r=g","width":96,"height":96,"caption":"NBAsturias"}},{"@type":"WebPage","@id":"https:\/\/eldigitaldeasturias.com\/radio\/ano-xacobeo-2021-el-ayuntamiento-de-siero-se-iluminara-de-azul\/#webpage","url":"https:\/\/eldigitaldeasturias.com\/radio\/ano-xacobeo-2021-el-ayuntamiento-de-siero-se-iluminara-de-azul\/","name":"A\u00f1o Xacobeo 2021: El Ayuntamiento de Siero se iluminar\u00e1 de azul | El Digital de Asturias","description":"(EP) . La Casa Consistorial del Ayuntamiento de Siero, Principado de Asturias, se iluminar\u00e1 este mi\u00e9rcoles, a partir de las 18:00, de color azul sum\u00e1ndose a la celebraci\u00f3n del inicio del A\u00f1o Xacobeo 2021. De esta forma, Siero participa en la campa\u00f1a, en la que estar\u00e1n presentes edificios emblem\u00e1ticos del Principado como la catedral de","inLanguage":"es-ES","isPartOf":{"@id":"https:\/\/eldigitaldeasturias.com\/radio\/#website"},"breadcrumb":{"@id":"https:\/\/eldigitaldeasturias.com\/radio\/ano-xacobeo-2021-el-ayuntamiento-de-siero-se-iluminara-de-azul\/#breadcrumblist"},"author":{"@id":"https:\/\/eldigitaldeasturias.com\/radio\/author\/nbasturias\/#author"},"creator":{"@id":"https:\/\/eldigitaldeasturias.com\/radio\/author\/nbasturias\/#author"},"image":{"@type":"ImageObject","url":"https:\/\/eldigitaldeasturias.com\/radio\/wp-content\/uploads\/2020\/12\/spain-2429231_640.jpg","@id":"https:\/\/eldigitaldeasturias.com\/radio\/ano-xacobeo-2021-el-ayuntamiento-de-siero-se-iluminara-de-azul\/#mainImage","width":640,"height":426},"primaryImageOfPage":{"@id":"https:\/\/eldigitaldeasturias.com\/radio\/ano-xacobeo-2021-el-ayuntamiento-de-siero-se-iluminara-de-azul\/#mainImage"},"datePublished":"2020-12-29T10:58:34+01:00","dateModified":"2020-12-29T10:58:34+01:00"},{"@type":"WebSite","@id":"https:\/\/eldigitaldeasturias.com\/radio\/#website","url":"https:\/\/eldigitaldeasturias.com\/radio\/","name":"El Digital de Asturias","description":"Diario de informaci\u00f3n y noticias","inLanguage":"es-ES","publisher":{"@id":"https:\/\/eldigitaldeasturias.com\/radio\/#organization"}}]},"og:locale":"es_ES","og:site_name":"El Digital de Asturias | Diario de informaci\u00f3n y noticias","og:type":"article","og:title":"A\u00f1o Xacobeo 2021: El Ayuntamiento de Siero se iluminar\u00e1 de azul | El Digital de Asturias","og:description":"(EP) . La Casa Consistorial del Ayuntamiento de Siero, Principado de Asturias, se iluminar\u00e1 este mi\u00e9rcoles, a partir de las 18:00, de color azul sum\u00e1ndose a la celebraci\u00f3n del inicio del A\u00f1o Xacobeo 2021. De esta forma, Siero participa en la campa\u00f1a, en la que estar\u00e1n presentes edificios emblem\u00e1ticos del Principado como la catedral de","og:url":"https:\/\/eldigitaldeasturias.com\/radio\/ano-xacobeo-2021-el-ayuntamiento-de-siero-se-iluminara-de-azul\/","og:image":"https:\/\/eldigitaldeasturias.com\/radio\/wp-content\/uploads\/2020\/12\/spain-2429231_640.jpg","og:image:secure_url":"https:\/\/eldigitaldeasturias.com\/radio\/wp-content\/uploads\/2020\/12\/spain-2429231_640.jpg","og:image:width":640,"og:image:height":426,"article:published_time":"2020-12-29T10:58:34+00:00","article:modified_time":"2020-12-29T10:58:34+00:00","twitter:card":"summary_large_image","twitter:site":"@bercodi","twitter:title":"A\u00f1o Xacobeo 2021: El Ayuntamiento de Siero se iluminar\u00e1 de azul | El Digital de Asturias","twitter:description":"(EP) . La Casa Consistorial del Ayuntamiento de Siero, Principado de Asturias, se iluminar\u00e1 este mi\u00e9rcoles, a partir de las 18:00, de color azul sum\u00e1ndose a la celebraci\u00f3n del inicio del A\u00f1o Xacobeo 2021. De esta forma, Siero participa en la campa\u00f1a, en la que estar\u00e1n presentes edificios emblem\u00e1ticos del Principado como la catedral de","twitter:creator":"@bercodi","twitter:image":"https:\/\/eldigitaldeasturias.com\/radio\/wp-content\/uploads\/2020\/12\/spain-2429231_640.jpg"},"aioseo_meta_data":{"post_id":"5436","title":null,"description":null,"keywords":null,"keyphrases":null,"primary_term":null,"canonical_url":null,"og_title":null,"og_description":null,"og_object_type":"default","og_image_type":"default","og_image_url":null,"og_image_width":null,"og_image_height":null,"og_image_custom_url":null,"og_image_custom_fields":null,"og_video":null,"og_custom_url":null,"og_article_section":null,"og_article_tags":null,"twitter_use_og":false,"twitter_card":"default","twitter_image_type":"default","twitter_image_url":null,"twitter_image_custom_url":null,"twitter_image_custom_fields":null,"twitter_title":null,"twitter_description":null,"schema":{"blockGraphs":[],"customGraphs":[],"default":{"data":{"Article":[],"Course":[],"Dataset":[],"FAQPage":[],"Movie":[],"Person":[],"Product":[],"ProductReview":[],"Car":[],"Recipe":[],"Service":[],"SoftwareApplication":[],"WebPage":[]},"graphName":"","isEnabled":true},"graphs":[],"defaultGraph":"","defaultPostTypeGraph":""},"schema_type":null,"schema_type_options":null,"pillar_content":false,"robots_default":true,"robots_noindex":false,"robots_noarchive":false,"robots_nosnippet":false,"robots_nofollow":false,"robots_noimageindex":false,"robots_noodp":false,"robots_notranslate":false,"robots_max_snippet":null,"robots_max_videopreview":null,"robots_max_imagepreview":"large","priority":null,"frequency":null,"location":null,"local_seo":null,"seo_analyzer_scan_date":"2025-08-28 17:53:36","breadcrumb_settings":null,"limit_modified_date":false,"open_ai":null,"ai":null,"created":"2021-03-25 16:47:08","updated":"2025-08-28 17:53:36"},"aioseo_breadcrumb":"<div class=\"aioseo-breadcrumbs\"><span class=\"aioseo-breadcrumb\">\n\t<a href=\"https:\/\/eldigitaldeasturias.com\/radio\" title=\"Inicio\">Inicio<\/a>\n<\/span><span class=\"aioseo-breadcrumb-separator\">&ndash;<\/span><span class=\"aioseo-breadcrumb\">\n\t<a href=\"https:\/\/eldigitaldeasturias.com\/radio\/category\/noticias\/\" title=\"Noticias\">Noticias<\/a>\n<\/span><span class=\"aioseo-breadcrumb-separator\">&ndash;<\/span><span class=\"aioseo-breadcrumb\">\n\tA\u00f1o Xacobeo 2021: El Ayuntamiento de Siero se iluminar\u00e1 de azul\n<\/span><\/div>","aioseo_breadcrumb_json":[{"label":"Inicio","link":"https:\/\/eldigitaldeasturias.com\/radio"},{"label":"Noticias","link":"https:\/\/eldigitaldeasturias.com\/radio\/category\/noticias\/"},{"label":"A\u00f1o Xacobeo 2021: El Ayuntamiento de Siero se iluminar\u00e1 de azul","link":"https:\/\/eldigitaldeasturias.com\/radio\/ano-xacobeo-2021-el-ayuntamiento-de-siero-se-iluminara-de-azul\/"}],"_links":{"self":[{"href":"https:\/\/eldigitaldeasturias.com\/radio\/wp-json\/wp\/v2\/posts\/5436","targetHints":{"allow":["GET"]}}],"collection":[{"href":"https:\/\/eldigitaldeasturias.com\/radio\/wp-json\/wp\/v2\/posts"}],"about":[{"href":"https:\/\/eldigitaldeasturias.com\/radio\/wp-json\/wp\/v2\/types\/post"}],"author":[{"embeddable":true,"href":"https:\/\/eldigitaldeasturias.com\/radio\/wp-json\/wp\/v2\/users\/1"}],"replies":[{"embeddable":true,"href":"https:\/\/eldigitaldeasturias.com\/radio\/wp-json\/wp\/v2\/comments?post=5436"}],"version-history":[{"count":0,"href":"https:\/\/eldigitaldeasturias.com\/radio\/wp-json\/wp\/v2\/posts\/5436\/revisions"}],"wp:featuredmedia":[{"embeddable":true,"href":"https:\/\/eldigitaldeasturias.com\/radio\/wp-json\/wp\/v2\/media\/5351"}],"wp:attachment":[{"href":"https:\/\/eldigitaldeasturias.com\/radio\/wp-json\/wp\/v2\/media?parent=5436"}],"wp:term":[{"taxonomy":"category","embeddable":true,"href":"https:\/\/eldigitaldeasturias.com\/radio\/wp-json\/wp\/v2\/categories?post=5436"},{"taxonomy":"post_tag","embeddable":true,"href":"https:\/\/eldigitaldeasturias.com\/radio\/wp-json\/wp\/v2\/tags?post=5436"}],"curies":[{"name":"wp","href":"https:\/\/api.w.org\/{rel}","templated":true}]}}