{"id":5415,"date":"2020-12-27T21:45:00","date_gmt":"2020-12-27T21:45:00","guid":{"rendered":"http:\/\/eldigitaldeasturias.com\/radio\/?p=5415"},"modified":"2020-12-27T21:45:00","modified_gmt":"2020-12-27T21:45:00","slug":"concierto-de-dixebra-en-el-llar","status":"publish","type":"post","link":"https:\/\/eldigitaldeasturias.com\/radio\/concierto-de-dixebra-en-el-llar\/","title":{"rendered":"Concierto de Dixebra en El Llar"},"content":{"rendered":"<p><img fetchpriority=\"high\" decoding=\"async\" class=\"alignleft size-medium wp-image-5416\" src=\"https:\/\/eldigitaldeasturias.com\/radio\/wp-content\/uploads\/2020\/12\/blur-1851426_640-360x203.jpg\" alt=\"\" width=\"360\" height=\"203\" srcset=\"https:\/\/eldigitaldeasturias.com\/radio\/wp-content\/uploads\/2020\/12\/blur-1851426_640-360x203.jpg 360w, https:\/\/eldigitaldeasturias.com\/radio\/wp-content\/uploads\/2020\/12\/blur-1851426_640-600x337.jpg 600w, https:\/\/eldigitaldeasturias.com\/radio\/wp-content\/uploads\/2020\/12\/blur-1851426_640.jpg 640w\" sizes=\"(max-width: 360px) 100vw, 360px\" \/>(EP) &#8211; El grupo asturiano <strong>Dixebra ofrecer\u00e1 este lunes 28 de diciembre un concierto en el Teatro El Llar<\/strong>, en el municipio de Corvera. Ser\u00e1 a las 19.00 horas.<\/p>\n<p>El espect\u00e1culo est\u00e1 incluido en la programaci\u00f3n navide\u00f1a del <strong>Ayuntamiento de Corvera<\/strong>, con aforo reducido en la sala en aplicaci\u00f3n de los protocolos de seguridad frente al COVID.<\/p>\n<p>Previamente, <strong>el p\u00fablico infantil de Corvera podr\u00e1 el lunes disfrutar de trucos de magia y malabares de la mano de Tonigrafo<\/strong>, a las seis, en el Centro Cultural de Los Campos.<\/p>\n<p>&nbsp;<\/p>\n","protected":false},"excerpt":{"rendered":"<p>(EP) &#8211; El grupo asturiano Dixebra ofrecer\u00e1 este lunes 28 de diciembre un concierto en el Teatro El Llar, en el municipio de Corvera. Ser\u00e1 a las 19.00 horas. El espect\u00e1culo est\u00e1 incluido en la programaci\u00f3n navide\u00f1a del Ayuntamiento de Corvera, con aforo reducido en la sala en aplicaci\u00f3n de los protocolos de seguridad frente<\/p>\n","protected":false},"author":1,"featured_media":5416,"comment_status":"closed","ping_status":"closed","sticky":false,"template":"","format":"standard","meta":{"footnotes":""},"categories":[1],"tags":[],"class_list":{"0":"post-5415","1":"post","2":"type-post","3":"status-publish","4":"format-standard","5":"has-post-thumbnail","7":"category-noticias"},"aioseo_notices":[],"aioseo_head":"\n\t\t<!-- All in One SEO Pro 4.9.6.2 - aioseo.com -->\n\t<meta name=\"description\" content=\"(EP) - El grupo asturiano Dixebra ofrecer\u00e1 este lunes 28 de diciembre un concierto en el Teatro El Llar, en el municipio de Corvera. Ser\u00e1 a las 19.00 horas. El espect\u00e1culo est\u00e1 incluido en la programaci\u00f3n navide\u00f1a del Ayuntamiento de Corvera, con aforo reducido en la sala en aplicaci\u00f3n de los protocolos de seguridad frente\" \/>\n\t<meta name=\"robots\" content=\"max-image-preview:large\" \/>\n\t<meta name=\"author\" content=\"NBAsturias\"\/>\n\t<meta name=\"google-site-verification\" content=\"UA-38556648-1\" \/>\n\t<meta name=\"keywords\" content=\"noticias\" \/>\n\t<link rel=\"canonical\" href=\"https:\/\/eldigitaldeasturias.com\/radio\/concierto-de-dixebra-en-el-llar\/\" \/>\n\t<meta name=\"generator\" content=\"All in One SEO Pro (AIOSEO) 4.9.6.2\" \/>\n\t\t<meta property=\"og:locale\" content=\"es_ES\" \/>\n\t\t<meta property=\"og:site_name\" content=\"El Digital de Asturias | Diario de informaci\u00f3n y noticias\" \/>\n\t\t<meta property=\"og:type\" content=\"article\" \/>\n\t\t<meta property=\"og:title\" content=\"Concierto de Dixebra en El Llar | El Digital de Asturias\" \/>\n\t\t<meta property=\"og:description\" content=\"(EP) - El grupo asturiano Dixebra ofrecer\u00e1 este lunes 28 de diciembre un concierto en el Teatro El Llar, en el municipio de Corvera. Ser\u00e1 a las 19.00 horas. El espect\u00e1culo est\u00e1 incluido en la programaci\u00f3n navide\u00f1a del Ayuntamiento de Corvera, con aforo reducido en la sala en aplicaci\u00f3n de los protocolos de seguridad frente\" \/>\n\t\t<meta property=\"og:url\" content=\"https:\/\/eldigitaldeasturias.com\/radio\/concierto-de-dixebra-en-el-llar\/\" \/>\n\t\t<meta property=\"og:image\" content=\"https:\/\/eldigitaldeasturias.com\/radio\/wp-content\/uploads\/2020\/12\/blur-1851426_640.jpg\" \/>\n\t\t<meta property=\"og:image:secure_url\" content=\"https:\/\/eldigitaldeasturias.com\/radio\/wp-content\/uploads\/2020\/12\/blur-1851426_640.jpg\" \/>\n\t\t<meta property=\"og:image:width\" content=\"640\" \/>\n\t\t<meta property=\"og:image:height\" content=\"360\" \/>\n\t\t<meta property=\"article:published_time\" content=\"2020-12-27T21:45:00+00:00\" \/>\n\t\t<meta property=\"article:modified_time\" content=\"2020-12-27T21:45:00+00:00\" \/>\n\t\t<meta name=\"twitter:card\" content=\"summary_large_image\" \/>\n\t\t<meta name=\"twitter:site\" content=\"@bercodi\" \/>\n\t\t<meta name=\"twitter:title\" content=\"Concierto de Dixebra en El Llar | El Digital de Asturias\" \/>\n\t\t<meta name=\"twitter:description\" content=\"(EP) - El grupo asturiano Dixebra ofrecer\u00e1 este lunes 28 de diciembre un concierto en el Teatro El Llar, en el municipio de Corvera. Ser\u00e1 a las 19.00 horas. El espect\u00e1culo est\u00e1 incluido en la programaci\u00f3n navide\u00f1a del Ayuntamiento de Corvera, con aforo reducido en la sala en aplicaci\u00f3n de los protocolos de seguridad frente\" \/>\n\t\t<meta name=\"twitter:creator\" content=\"@bercodi\" \/>\n\t\t<meta name=\"twitter:image\" content=\"https:\/\/eldigitaldeasturias.com\/radio\/wp-content\/uploads\/2020\/12\/blur-1851426_640.jpg\" \/>\n\t\t<script type=\"application\/ld+json\" class=\"aioseo-schema\">\n\t\t\t{\"@context\":\"https:\\\/\\\/schema.org\",\"@graph\":[{\"@type\":\"BreadcrumbList\",\"@id\":\"https:\\\/\\\/eldigitaldeasturias.com\\\/radio\\\/concierto-de-dixebra-en-el-llar\\\/#breadcrumblist\",\"itemListElement\":[{\"@type\":\"ListItem\",\"@id\":\"https:\\\/\\\/eldigitaldeasturias.com\\\/radio#listItem\",\"position\":1,\"name\":\"Inicio\",\"item\":\"https:\\\/\\\/eldigitaldeasturias.com\\\/radio\",\"nextItem\":{\"@type\":\"ListItem\",\"@id\":\"https:\\\/\\\/eldigitaldeasturias.com\\\/radio\\\/category\\\/noticias\\\/#listItem\",\"name\":\"Noticias\"}},{\"@type\":\"ListItem\",\"@id\":\"https:\\\/\\\/eldigitaldeasturias.com\\\/radio\\\/category\\\/noticias\\\/#listItem\",\"position\":2,\"name\":\"Noticias\",\"item\":\"https:\\\/\\\/eldigitaldeasturias.com\\\/radio\\\/category\\\/noticias\\\/\",\"nextItem\":{\"@type\":\"ListItem\",\"@id\":\"https:\\\/\\\/eldigitaldeasturias.com\\\/radio\\\/concierto-de-dixebra-en-el-llar\\\/#listItem\",\"name\":\"Concierto de Dixebra en El Llar\"},\"previousItem\":{\"@type\":\"ListItem\",\"@id\":\"https:\\\/\\\/eldigitaldeasturias.com\\\/radio#listItem\",\"name\":\"Inicio\"}},{\"@type\":\"ListItem\",\"@id\":\"https:\\\/\\\/eldigitaldeasturias.com\\\/radio\\\/concierto-de-dixebra-en-el-llar\\\/#listItem\",\"position\":3,\"name\":\"Concierto de Dixebra en El Llar\",\"previousItem\":{\"@type\":\"ListItem\",\"@id\":\"https:\\\/\\\/eldigitaldeasturias.com\\\/radio\\\/category\\\/noticias\\\/#listItem\",\"name\":\"Noticias\"}}]},{\"@type\":\"NewsArticle\",\"@id\":\"https:\\\/\\\/eldigitaldeasturias.com\\\/radio\\\/concierto-de-dixebra-en-el-llar\\\/#newsarticle\",\"name\":\"Concierto de Dixebra en El Llar | El Digital de Asturias\",\"headline\":\"Concierto de Dixebra en El Llar\",\"author\":{\"@id\":\"https:\\\/\\\/eldigitaldeasturias.com\\\/radio\\\/author\\\/nbasturias\\\/#author\"},\"publisher\":{\"@id\":\"https:\\\/\\\/eldigitaldeasturias.com\\\/radio\\\/#organization\"},\"image\":{\"@type\":\"ImageObject\",\"url\":\"https:\\\/\\\/eldigitaldeasturias.com\\\/radio\\\/wp-content\\\/uploads\\\/2020\\\/12\\\/blur-1851426_640.jpg\",\"width\":640,\"height\":360},\"datePublished\":\"2020-12-27T21:45:00+01:00\",\"dateModified\":\"2020-12-27T21:45:00+01:00\",\"inLanguage\":\"es-ES\",\"mainEntityOfPage\":{\"@id\":\"https:\\\/\\\/eldigitaldeasturias.com\\\/radio\\\/concierto-de-dixebra-en-el-llar\\\/#webpage\"},\"isPartOf\":{\"@id\":\"https:\\\/\\\/eldigitaldeasturias.com\\\/radio\\\/concierto-de-dixebra-en-el-llar\\\/#webpage\"},\"articleSection\":\"Noticias\",\"dateline\":\"Publicado el diciembre 27, 2020.\"},{\"@type\":\"Organization\",\"@id\":\"https:\\\/\\\/eldigitaldeasturias.com\\\/radio\\\/#organization\",\"name\":\"El digital de Asturias Radio\",\"description\":\"Diario de informaci\\u00f3n y noticias\",\"url\":\"https:\\\/\\\/eldigitaldeasturias.com\\\/radio\\\/\",\"telephone\":\"+34652131393\",\"logo\":{\"@type\":\"ImageObject\",\"url\":\"https:\\\/\\\/www.eldigitaldeasturias.com\\\/radio\\\/wp-content\\\/uploads\\\/2021\\\/03\\\/EDA.jpg\",\"@id\":\"https:\\\/\\\/eldigitaldeasturias.com\\\/radio\\\/concierto-de-dixebra-en-el-llar\\\/#organizationLogo\"},\"image\":{\"@id\":\"https:\\\/\\\/eldigitaldeasturias.com\\\/radio\\\/concierto-de-dixebra-en-el-llar\\\/#organizationLogo\"},\"sameAs\":[\"https:\\\/\\\/www.facebook.com\\\/\",\"https:\\\/\\\/x.com\\\/bercodi\",\"https:\\\/\\\/www.instagram.com\\\/\",\"https:\\\/\\\/www.youtube.com\\\/channel\\\/UCZP-2wLEB9Rv6erhFmqVnvg\"]},{\"@type\":\"Person\",\"@id\":\"https:\\\/\\\/eldigitaldeasturias.com\\\/radio\\\/author\\\/nbasturias\\\/#author\",\"url\":\"https:\\\/\\\/eldigitaldeasturias.com\\\/radio\\\/author\\\/nbasturias\\\/\",\"name\":\"NBAsturias\",\"image\":{\"@type\":\"ImageObject\",\"@id\":\"https:\\\/\\\/eldigitaldeasturias.com\\\/radio\\\/concierto-de-dixebra-en-el-llar\\\/#authorImage\",\"url\":\"https:\\\/\\\/secure.gravatar.com\\\/avatar\\\/df2aeffc32bcd13f8d26072ef8a91b623d677766deac7f97ca815868cd41bf5e?s=96&d=mm&r=g\",\"width\":96,\"height\":96,\"caption\":\"NBAsturias\"}},{\"@type\":\"WebPage\",\"@id\":\"https:\\\/\\\/eldigitaldeasturias.com\\\/radio\\\/concierto-de-dixebra-en-el-llar\\\/#webpage\",\"url\":\"https:\\\/\\\/eldigitaldeasturias.com\\\/radio\\\/concierto-de-dixebra-en-el-llar\\\/\",\"name\":\"Concierto de Dixebra en El Llar | El Digital de Asturias\",\"description\":\"(EP) - El grupo asturiano Dixebra ofrecer\\u00e1 este lunes 28 de diciembre un concierto en el Teatro El Llar, en el municipio de Corvera. Ser\\u00e1 a las 19.00 horas. El espect\\u00e1culo est\\u00e1 incluido en la programaci\\u00f3n navide\\u00f1a del Ayuntamiento de Corvera, con aforo reducido en la sala en aplicaci\\u00f3n de los protocolos de seguridad frente\",\"inLanguage\":\"es-ES\",\"isPartOf\":{\"@id\":\"https:\\\/\\\/eldigitaldeasturias.com\\\/radio\\\/#website\"},\"breadcrumb\":{\"@id\":\"https:\\\/\\\/eldigitaldeasturias.com\\\/radio\\\/concierto-de-dixebra-en-el-llar\\\/#breadcrumblist\"},\"author\":{\"@id\":\"https:\\\/\\\/eldigitaldeasturias.com\\\/radio\\\/author\\\/nbasturias\\\/#author\"},\"creator\":{\"@id\":\"https:\\\/\\\/eldigitaldeasturias.com\\\/radio\\\/author\\\/nbasturias\\\/#author\"},\"image\":{\"@type\":\"ImageObject\",\"url\":\"https:\\\/\\\/eldigitaldeasturias.com\\\/radio\\\/wp-content\\\/uploads\\\/2020\\\/12\\\/blur-1851426_640.jpg\",\"@id\":\"https:\\\/\\\/eldigitaldeasturias.com\\\/radio\\\/concierto-de-dixebra-en-el-llar\\\/#mainImage\",\"width\":640,\"height\":360},\"primaryImageOfPage\":{\"@id\":\"https:\\\/\\\/eldigitaldeasturias.com\\\/radio\\\/concierto-de-dixebra-en-el-llar\\\/#mainImage\"},\"datePublished\":\"2020-12-27T21:45:00+01:00\",\"dateModified\":\"2020-12-27T21:45:00+01:00\"},{\"@type\":\"WebSite\",\"@id\":\"https:\\\/\\\/eldigitaldeasturias.com\\\/radio\\\/#website\",\"url\":\"https:\\\/\\\/eldigitaldeasturias.com\\\/radio\\\/\",\"name\":\"El Digital de Asturias\",\"description\":\"Diario de informaci\\u00f3n y noticias\",\"inLanguage\":\"es-ES\",\"publisher\":{\"@id\":\"https:\\\/\\\/eldigitaldeasturias.com\\\/radio\\\/#organization\"}}]}\n\t\t<\/script>\n\t\t<!-- All in One SEO Pro -->\r\n\t\t<title>Concierto de Dixebra en El Llar | El Digital de Asturias<\/title>\n\n","aioseo_head_json":{"title":"Concierto de Dixebra en El Llar | El Digital de Asturias","description":"(EP) - El grupo asturiano Dixebra ofrecer\u00e1 este lunes 28 de diciembre un concierto en el Teatro El Llar, en el municipio de Corvera. Ser\u00e1 a las 19.00 horas. El espect\u00e1culo est\u00e1 incluido en la programaci\u00f3n navide\u00f1a del Ayuntamiento de Corvera, con aforo reducido en la sala en aplicaci\u00f3n de los protocolos de seguridad frente","canonical_url":"https:\/\/eldigitaldeasturias.com\/radio\/concierto-de-dixebra-en-el-llar\/","robots":"max-image-preview:large","keywords":"noticias","webmasterTools":{"google-site-verification":"UA-38556648-1","miscellaneous":""},"schema":{"@context":"https:\/\/schema.org","@graph":[{"@type":"BreadcrumbList","@id":"https:\/\/eldigitaldeasturias.com\/radio\/concierto-de-dixebra-en-el-llar\/#breadcrumblist","itemListElement":[{"@type":"ListItem","@id":"https:\/\/eldigitaldeasturias.com\/radio#listItem","position":1,"name":"Inicio","item":"https:\/\/eldigitaldeasturias.com\/radio","nextItem":{"@type":"ListItem","@id":"https:\/\/eldigitaldeasturias.com\/radio\/category\/noticias\/#listItem","name":"Noticias"}},{"@type":"ListItem","@id":"https:\/\/eldigitaldeasturias.com\/radio\/category\/noticias\/#listItem","position":2,"name":"Noticias","item":"https:\/\/eldigitaldeasturias.com\/radio\/category\/noticias\/","nextItem":{"@type":"ListItem","@id":"https:\/\/eldigitaldeasturias.com\/radio\/concierto-de-dixebra-en-el-llar\/#listItem","name":"Concierto de Dixebra en El Llar"},"previousItem":{"@type":"ListItem","@id":"https:\/\/eldigitaldeasturias.com\/radio#listItem","name":"Inicio"}},{"@type":"ListItem","@id":"https:\/\/eldigitaldeasturias.com\/radio\/concierto-de-dixebra-en-el-llar\/#listItem","position":3,"name":"Concierto de Dixebra en El Llar","previousItem":{"@type":"ListItem","@id":"https:\/\/eldigitaldeasturias.com\/radio\/category\/noticias\/#listItem","name":"Noticias"}}]},{"@type":"NewsArticle","@id":"https:\/\/eldigitaldeasturias.com\/radio\/concierto-de-dixebra-en-el-llar\/#newsarticle","name":"Concierto de Dixebra en El Llar | El Digital de Asturias","headline":"Concierto de Dixebra en El Llar","author":{"@id":"https:\/\/eldigitaldeasturias.com\/radio\/author\/nbasturias\/#author"},"publisher":{"@id":"https:\/\/eldigitaldeasturias.com\/radio\/#organization"},"image":{"@type":"ImageObject","url":"https:\/\/eldigitaldeasturias.com\/radio\/wp-content\/uploads\/2020\/12\/blur-1851426_640.jpg","width":640,"height":360},"datePublished":"2020-12-27T21:45:00+01:00","dateModified":"2020-12-27T21:45:00+01:00","inLanguage":"es-ES","mainEntityOfPage":{"@id":"https:\/\/eldigitaldeasturias.com\/radio\/concierto-de-dixebra-en-el-llar\/#webpage"},"isPartOf":{"@id":"https:\/\/eldigitaldeasturias.com\/radio\/concierto-de-dixebra-en-el-llar\/#webpage"},"articleSection":"Noticias","dateline":"Publicado el diciembre 27, 2020."},{"@type":"Organization","@id":"https:\/\/eldigitaldeasturias.com\/radio\/#organization","name":"El digital de Asturias Radio","description":"Diario de informaci\u00f3n y noticias","url":"https:\/\/eldigitaldeasturias.com\/radio\/","telephone":"+34652131393","logo":{"@type":"ImageObject","url":"https:\/\/www.eldigitaldeasturias.com\/radio\/wp-content\/uploads\/2021\/03\/EDA.jpg","@id":"https:\/\/eldigitaldeasturias.com\/radio\/concierto-de-dixebra-en-el-llar\/#organizationLogo"},"image":{"@id":"https:\/\/eldigitaldeasturias.com\/radio\/concierto-de-dixebra-en-el-llar\/#organizationLogo"},"sameAs":["https:\/\/www.facebook.com\/","https:\/\/x.com\/bercodi","https:\/\/www.instagram.com\/","https:\/\/www.youtube.com\/channel\/UCZP-2wLEB9Rv6erhFmqVnvg"]},{"@type":"Person","@id":"https:\/\/eldigitaldeasturias.com\/radio\/author\/nbasturias\/#author","url":"https:\/\/eldigitaldeasturias.com\/radio\/author\/nbasturias\/","name":"NBAsturias","image":{"@type":"ImageObject","@id":"https:\/\/eldigitaldeasturias.com\/radio\/concierto-de-dixebra-en-el-llar\/#authorImage","url":"https:\/\/secure.gravatar.com\/avatar\/df2aeffc32bcd13f8d26072ef8a91b623d677766deac7f97ca815868cd41bf5e?s=96&d=mm&r=g","width":96,"height":96,"caption":"NBAsturias"}},{"@type":"WebPage","@id":"https:\/\/eldigitaldeasturias.com\/radio\/concierto-de-dixebra-en-el-llar\/#webpage","url":"https:\/\/eldigitaldeasturias.com\/radio\/concierto-de-dixebra-en-el-llar\/","name":"Concierto de Dixebra en El Llar | El Digital de Asturias","description":"(EP) - El grupo asturiano Dixebra ofrecer\u00e1 este lunes 28 de diciembre un concierto en el Teatro El Llar, en el municipio de Corvera. Ser\u00e1 a las 19.00 horas. El espect\u00e1culo est\u00e1 incluido en la programaci\u00f3n navide\u00f1a del Ayuntamiento de Corvera, con aforo reducido en la sala en aplicaci\u00f3n de los protocolos de seguridad frente","inLanguage":"es-ES","isPartOf":{"@id":"https:\/\/eldigitaldeasturias.com\/radio\/#website"},"breadcrumb":{"@id":"https:\/\/eldigitaldeasturias.com\/radio\/concierto-de-dixebra-en-el-llar\/#breadcrumblist"},"author":{"@id":"https:\/\/eldigitaldeasturias.com\/radio\/author\/nbasturias\/#author"},"creator":{"@id":"https:\/\/eldigitaldeasturias.com\/radio\/author\/nbasturias\/#author"},"image":{"@type":"ImageObject","url":"https:\/\/eldigitaldeasturias.com\/radio\/wp-content\/uploads\/2020\/12\/blur-1851426_640.jpg","@id":"https:\/\/eldigitaldeasturias.com\/radio\/concierto-de-dixebra-en-el-llar\/#mainImage","width":640,"height":360},"primaryImageOfPage":{"@id":"https:\/\/eldigitaldeasturias.com\/radio\/concierto-de-dixebra-en-el-llar\/#mainImage"},"datePublished":"2020-12-27T21:45:00+01:00","dateModified":"2020-12-27T21:45:00+01:00"},{"@type":"WebSite","@id":"https:\/\/eldigitaldeasturias.com\/radio\/#website","url":"https:\/\/eldigitaldeasturias.com\/radio\/","name":"El Digital de Asturias","description":"Diario de informaci\u00f3n y noticias","inLanguage":"es-ES","publisher":{"@id":"https:\/\/eldigitaldeasturias.com\/radio\/#organization"}}]},"og:locale":"es_ES","og:site_name":"El Digital de Asturias | Diario de informaci\u00f3n y noticias","og:type":"article","og:title":"Concierto de Dixebra en El Llar | El Digital de Asturias","og:description":"(EP) - El grupo asturiano Dixebra ofrecer\u00e1 este lunes 28 de diciembre un concierto en el Teatro El Llar, en el municipio de Corvera. Ser\u00e1 a las 19.00 horas. El espect\u00e1culo est\u00e1 incluido en la programaci\u00f3n navide\u00f1a del Ayuntamiento de Corvera, con aforo reducido en la sala en aplicaci\u00f3n de los protocolos de seguridad frente","og:url":"https:\/\/eldigitaldeasturias.com\/radio\/concierto-de-dixebra-en-el-llar\/","og:image":"https:\/\/eldigitaldeasturias.com\/radio\/wp-content\/uploads\/2020\/12\/blur-1851426_640.jpg","og:image:secure_url":"https:\/\/eldigitaldeasturias.com\/radio\/wp-content\/uploads\/2020\/12\/blur-1851426_640.jpg","og:image:width":640,"og:image:height":360,"article:published_time":"2020-12-27T21:45:00+00:00","article:modified_time":"2020-12-27T21:45:00+00:00","twitter:card":"summary_large_image","twitter:site":"@bercodi","twitter:title":"Concierto de Dixebra en El Llar | El Digital de Asturias","twitter:description":"(EP) - El grupo asturiano Dixebra ofrecer\u00e1 este lunes 28 de diciembre un concierto en el Teatro El Llar, en el municipio de Corvera. Ser\u00e1 a las 19.00 horas. El espect\u00e1culo est\u00e1 incluido en la programaci\u00f3n navide\u00f1a del Ayuntamiento de Corvera, con aforo reducido en la sala en aplicaci\u00f3n de los protocolos de seguridad frente","twitter:creator":"@bercodi","twitter:image":"https:\/\/eldigitaldeasturias.com\/radio\/wp-content\/uploads\/2020\/12\/blur-1851426_640.jpg"},"aioseo_meta_data":{"post_id":"5415","title":null,"description":null,"keywords":null,"keyphrases":null,"primary_term":null,"canonical_url":null,"og_title":null,"og_description":null,"og_object_type":"default","og_image_type":"default","og_image_url":null,"og_image_width":null,"og_image_height":null,"og_image_custom_url":null,"og_image_custom_fields":null,"og_video":null,"og_custom_url":null,"og_article_section":null,"og_article_tags":null,"twitter_use_og":false,"twitter_card":"default","twitter_image_type":"default","twitter_image_url":null,"twitter_image_custom_url":null,"twitter_image_custom_fields":null,"twitter_title":null,"twitter_description":null,"schema":{"blockGraphs":[],"customGraphs":[],"default":{"data":{"Article":[],"Course":[],"Dataset":[],"FAQPage":[],"Movie":[],"Person":[],"Product":[],"ProductReview":[],"Car":[],"Recipe":[],"Service":[],"SoftwareApplication":[],"WebPage":[]},"graphName":"","isEnabled":true},"graphs":[],"defaultGraph":"","defaultPostTypeGraph":""},"schema_type":null,"schema_type_options":null,"pillar_content":false,"robots_default":true,"robots_noindex":false,"robots_noarchive":false,"robots_nosnippet":false,"robots_nofollow":false,"robots_noimageindex":false,"robots_noodp":false,"robots_notranslate":false,"robots_max_snippet":null,"robots_max_videopreview":null,"robots_max_imagepreview":"large","priority":null,"frequency":null,"location":null,"local_seo":null,"seo_analyzer_scan_date":"2025-08-28 17:49:28","breadcrumb_settings":null,"limit_modified_date":false,"open_ai":null,"ai":null,"created":"2021-03-28 12:47:22","updated":"2025-08-28 17:49:28"},"aioseo_breadcrumb":"<div class=\"aioseo-breadcrumbs\"><span class=\"aioseo-breadcrumb\">\n\t<a href=\"https:\/\/eldigitaldeasturias.com\/radio\" title=\"Inicio\">Inicio<\/a>\n<\/span><span class=\"aioseo-breadcrumb-separator\">&ndash;<\/span><span class=\"aioseo-breadcrumb\">\n\t<a href=\"https:\/\/eldigitaldeasturias.com\/radio\/category\/noticias\/\" title=\"Noticias\">Noticias<\/a>\n<\/span><span class=\"aioseo-breadcrumb-separator\">&ndash;<\/span><span class=\"aioseo-breadcrumb\">\n\tConcierto de Dixebra en El Llar\n<\/span><\/div>","aioseo_breadcrumb_json":[{"label":"Inicio","link":"https:\/\/eldigitaldeasturias.com\/radio"},{"label":"Noticias","link":"https:\/\/eldigitaldeasturias.com\/radio\/category\/noticias\/"},{"label":"Concierto de Dixebra en El Llar","link":"https:\/\/eldigitaldeasturias.com\/radio\/concierto-de-dixebra-en-el-llar\/"}],"_links":{"self":[{"href":"https:\/\/eldigitaldeasturias.com\/radio\/wp-json\/wp\/v2\/posts\/5415","targetHints":{"allow":["GET"]}}],"collection":[{"href":"https:\/\/eldigitaldeasturias.com\/radio\/wp-json\/wp\/v2\/posts"}],"about":[{"href":"https:\/\/eldigitaldeasturias.com\/radio\/wp-json\/wp\/v2\/types\/post"}],"author":[{"embeddable":true,"href":"https:\/\/eldigitaldeasturias.com\/radio\/wp-json\/wp\/v2\/users\/1"}],"replies":[{"embeddable":true,"href":"https:\/\/eldigitaldeasturias.com\/radio\/wp-json\/wp\/v2\/comments?post=5415"}],"version-history":[{"count":0,"href":"https:\/\/eldigitaldeasturias.com\/radio\/wp-json\/wp\/v2\/posts\/5415\/revisions"}],"wp:featuredmedia":[{"embeddable":true,"href":"https:\/\/eldigitaldeasturias.com\/radio\/wp-json\/wp\/v2\/media\/5416"}],"wp:attachment":[{"href":"https:\/\/eldigitaldeasturias.com\/radio\/wp-json\/wp\/v2\/media?parent=5415"}],"wp:term":[{"taxonomy":"category","embeddable":true,"href":"https:\/\/eldigitaldeasturias.com\/radio\/wp-json\/wp\/v2\/categories?post=5415"},{"taxonomy":"post_tag","embeddable":true,"href":"https:\/\/eldigitaldeasturias.com\/radio\/wp-json\/wp\/v2\/tags?post=5415"}],"curies":[{"name":"wp","href":"https:\/\/api.w.org\/{rel}","templated":true}]}}