{"id":5409,"date":"2020-12-27T13:19:30","date_gmt":"2020-12-27T13:19:30","guid":{"rendered":"http:\/\/eldigitaldeasturias.com\/radio\/?p=5409"},"modified":"2020-12-27T13:19:30","modified_gmt":"2020-12-27T13:19:30","slug":"dieciocho-parcelas-reservadas-en-el-poligono-industrial-de-bobes","status":"publish","type":"post","link":"https:\/\/eldigitaldeasturias.com\/radio\/dieciocho-parcelas-reservadas-en-el-poligono-industrial-de-bobes\/","title":{"rendered":"Dieciocho parcelas reservadas en el pol\u00edgono industrial de Bobes"},"content":{"rendered":"<figure id=\"attachment_5410\" aria-describedby=\"caption-attachment-5410\" style=\"width: 360px\" class=\"wp-caption alignleft\"><img fetchpriority=\"high\" decoding=\"async\" class=\"size-medium wp-image-5410\" src=\"https:\/\/eldigitaldeasturias.com\/radio\/wp-content\/uploads\/2020\/12\/Bobes-360x250.jpg\" alt=\"\" width=\"360\" height=\"250\" srcset=\"https:\/\/eldigitaldeasturias.com\/radio\/wp-content\/uploads\/2020\/12\/Bobes-360x250.jpg 360w, https:\/\/eldigitaldeasturias.com\/radio\/wp-content\/uploads\/2020\/12\/Bobes.jpg 761w\" sizes=\"(max-width: 360px) 100vw, 360px\" \/><figcaption id=\"caption-attachment-5410\" class=\"wp-caption-text\">Parcelas del pol\u00edgono industrial de Bobes &#8211; SOGEPSA<\/figcaption><\/figure>\n<p>(EP) &#8211; Un total de 18 parcelas, de las 109 que se est\u00e1n comercializando en una primera fase, ya han sido reservadas por distintas compa\u00f1\u00edas en el pol\u00edgono industrial de Bobes, en Siero, Principado de Asturias.<\/p>\n<p>Seg\u00fan han confirmado a Europa Press fuentes de la Sociedad y Promoci\u00f3n del Suelo de Asturias (Sogepsa), esas 18 parcelas reservadas con una superficie en su conjunto de 78.111 metros cuadrados que representa, aproximadamente, el 25% de la superficie de parcela neta en esta primera fase. Existe un 15% adicional de solicitudes interesadas sin reserva firme.<\/p>\n<p>Desde la Sociedad, sin embargo, <strong>han evitado informar sobre la cantidad de dinero que supone la venta de esas parcelas<\/strong>, as\u00ed como identificar a las compa\u00f1\u00edas que van a asentarse en Bobes, tras la compra de las parcelas.<\/p>\n<p>\u00abLas empresas que han efectuado reservas firmes se corresponden con los sectores de la construcci\u00f3n y obra civil, productos de limpieza, transporte y log\u00edstica, suministros a hosteler\u00eda, pinturas y maderas\u00bb, se han limitado a decir, sin dar nombres. Fuentes del Ayuntamiento de Siero consultadas tampoco han querido concretar las compa\u00f1\u00edas que se van a instalar en el pol\u00edgono.<\/p>\n<p>Tampoco han aclarado si las compa\u00f1\u00edas que all\u00ed se ubican reciben alg\u00fan tipo de subvenci\u00f3n o ayuda, indicando que ese tipo de cuestiones las gestiona directamente al Instituto de Desarrollo Econ\u00f3mico del Principado de Asturias (Idepa).<\/p>\n<p>Las obras de urbanizaci\u00f3n de la primera fase del \u00e1rea industrial de Bobes finalizaron a mediados del mes de julio del presente a\u00f1o. Desde Sogepsa explican que a fecha 29 de julio de 2020 solicit\u00f3 del Ayuntamiento de Siero la recepci\u00f3n de las obras de urbanizaci\u00f3n de la primera fase , que tiene una superficie de parcela neta disponible de 315.188 metros cuadrados.<\/p>\n<p>La previsi\u00f3n es iniciar las obras de urbanizaci\u00f3n de la segunda fase en el momento en el que la comercializaci\u00f3n de la primera parte alcance un porcentaje de ventas determinado que podr\u00eda establecerse en una horquilla entre el 60-70%. De tal forma que el desarrollo de ambas fases se suceda en el tiempo y permita mantener una oferta continuada de suelo industrial.<\/p>\n<p>Aunque desde Sogepsa aclaran que la comercializaci\u00f3n de las parcelas se lleva directamente por Sogepsa, explican que en los pasos de venta de las parcelas se incluye una solicitud del suelo que ha de ser evaluada por el Idepa para considerar si la actividad puede optar al precio establecido como referencia media. Si el resultado de la evaluaci\u00f3n es positivo, se procede a la formalizaci\u00f3n de la venta, con una escritura p\u00fablica.<\/p>\n<p>ACCIONARIADO DE SOGEPSA<br \/>\nSogepsa es una sociedad que genera suelo urbanizado tanto para uso residencial como industrial y que presta servicios de consultor\u00eda y asesoramiento urban\u00edstico desde 1985. Fue creada a instancias del Gobierno del Principado de Asturias como una sociedad de capital mixto, con aportaciones del sector p\u00fablico y privado. Es una sociedad mercantil de derecho privado.<\/p>\n<p>As\u00ed, el 45% del accionariado de Sogepsa corresponde al Principado de Asturias, el 13% a ayuntamientos (32 consistorios) y el 42% al sector privado. El presidente del consejo de administraci\u00f3n de Sogepsa es el vicepresidente y Consejero de Administraci\u00f3n Auton\u00f3mica, Medio Ambiente y Cambio Clim\u00e1tico, Juan Manuel Cofi\u00f1o.<\/p>\n","protected":false},"excerpt":{"rendered":"<p>(EP) &#8211; Un total de 18 parcelas, de las 109 que se est\u00e1n comercializando en una primera fase, ya han sido reservadas por distintas compa\u00f1\u00edas en el pol\u00edgono industrial de Bobes, en Siero, Principado de Asturias. Seg\u00fan han confirmado a Europa Press fuentes de la Sociedad y Promoci\u00f3n del Suelo de Asturias (Sogepsa), esas 18<\/p>\n","protected":false},"author":1,"featured_media":5410,"comment_status":"closed","ping_status":"closed","sticky":false,"template":"","format":"standard","meta":{"footnotes":""},"categories":[35],"tags":[],"class_list":{"0":"post-5409","1":"post","2":"type-post","3":"status-publish","4":"format-standard","5":"has-post-thumbnail","7":"category-negocios"},"aioseo_notices":[],"aioseo_head":"\n\t\t<!-- All in One SEO Pro 4.9.6.2 - aioseo.com -->\n\t<meta name=\"description\" content=\"(EP) - Un total de 18 parcelas, de las 109 que se est\u00e1n comercializando en una primera fase, ya han sido reservadas por distintas compa\u00f1\u00edas en el pol\u00edgono industrial de Bobes, en Siero, Principado de Asturias. Seg\u00fan han confirmado a Europa Press fuentes de la Sociedad y Promoci\u00f3n del Suelo de Asturias (Sogepsa), esas 18\" \/>\n\t<meta name=\"robots\" content=\"max-image-preview:large\" \/>\n\t<meta name=\"author\" content=\"NBAsturias\"\/>\n\t<meta name=\"google-site-verification\" content=\"UA-38556648-1\" \/>\n\t<meta name=\"keywords\" content=\"negocios\" \/>\n\t<link rel=\"canonical\" href=\"https:\/\/eldigitaldeasturias.com\/radio\/dieciocho-parcelas-reservadas-en-el-poligono-industrial-de-bobes\/\" \/>\n\t<meta name=\"generator\" content=\"All in One SEO Pro (AIOSEO) 4.9.6.2\" \/>\n\t\t<meta property=\"og:locale\" content=\"es_ES\" \/>\n\t\t<meta property=\"og:site_name\" content=\"El Digital de Asturias | Diario de informaci\u00f3n y noticias\" \/>\n\t\t<meta property=\"og:type\" content=\"article\" \/>\n\t\t<meta property=\"og:title\" content=\"Dieciocho parcelas reservadas en el pol\u00edgono industrial de Bobes | El Digital de Asturias\" \/>\n\t\t<meta property=\"og:description\" content=\"(EP) - Un total de 18 parcelas, de las 109 que se est\u00e1n comercializando en una primera fase, ya han sido reservadas por distintas compa\u00f1\u00edas en el pol\u00edgono industrial de Bobes, en Siero, Principado de Asturias. Seg\u00fan han confirmado a Europa Press fuentes de la Sociedad y Promoci\u00f3n del Suelo de Asturias (Sogepsa), esas 18\" \/>\n\t\t<meta property=\"og:url\" content=\"https:\/\/eldigitaldeasturias.com\/radio\/dieciocho-parcelas-reservadas-en-el-poligono-industrial-de-bobes\/\" \/>\n\t\t<meta property=\"og:image\" content=\"https:\/\/eldigitaldeasturias.com\/radio\/wp-content\/uploads\/2020\/12\/Bobes.jpg\" \/>\n\t\t<meta property=\"og:image:secure_url\" content=\"https:\/\/eldigitaldeasturias.com\/radio\/wp-content\/uploads\/2020\/12\/Bobes.jpg\" \/>\n\t\t<meta property=\"og:image:width\" content=\"761\" \/>\n\t\t<meta property=\"og:image:height\" content=\"529\" \/>\n\t\t<meta property=\"article:published_time\" content=\"2020-12-27T13:19:30+00:00\" \/>\n\t\t<meta property=\"article:modified_time\" content=\"2020-12-27T13:19:30+00:00\" \/>\n\t\t<meta name=\"twitter:card\" content=\"summary_large_image\" \/>\n\t\t<meta name=\"twitter:site\" content=\"@bercodi\" \/>\n\t\t<meta name=\"twitter:title\" content=\"Dieciocho parcelas reservadas en el pol\u00edgono industrial de Bobes | El Digital de Asturias\" \/>\n\t\t<meta name=\"twitter:description\" content=\"(EP) - Un total de 18 parcelas, de las 109 que se est\u00e1n comercializando en una primera fase, ya han sido reservadas por distintas compa\u00f1\u00edas en el pol\u00edgono industrial de Bobes, en Siero, Principado de Asturias. Seg\u00fan han confirmado a Europa Press fuentes de la Sociedad y Promoci\u00f3n del Suelo de Asturias (Sogepsa), esas 18\" \/>\n\t\t<meta name=\"twitter:creator\" content=\"@bercodi\" \/>\n\t\t<meta name=\"twitter:image\" content=\"https:\/\/eldigitaldeasturias.com\/radio\/wp-content\/uploads\/2020\/12\/Bobes.jpg\" \/>\n\t\t<script type=\"application\/ld+json\" class=\"aioseo-schema\">\n\t\t\t{\"@context\":\"https:\\\/\\\/schema.org\",\"@graph\":[{\"@type\":\"BreadcrumbList\",\"@id\":\"https:\\\/\\\/eldigitaldeasturias.com\\\/radio\\\/dieciocho-parcelas-reservadas-en-el-poligono-industrial-de-bobes\\\/#breadcrumblist\",\"itemListElement\":[{\"@type\":\"ListItem\",\"@id\":\"https:\\\/\\\/eldigitaldeasturias.com\\\/radio#listItem\",\"position\":1,\"name\":\"Inicio\",\"item\":\"https:\\\/\\\/eldigitaldeasturias.com\\\/radio\",\"nextItem\":{\"@type\":\"ListItem\",\"@id\":\"https:\\\/\\\/eldigitaldeasturias.com\\\/radio\\\/category\\\/negocios\\\/#listItem\",\"name\":\"Negocios\"}},{\"@type\":\"ListItem\",\"@id\":\"https:\\\/\\\/eldigitaldeasturias.com\\\/radio\\\/category\\\/negocios\\\/#listItem\",\"position\":2,\"name\":\"Negocios\",\"item\":\"https:\\\/\\\/eldigitaldeasturias.com\\\/radio\\\/category\\\/negocios\\\/\",\"nextItem\":{\"@type\":\"ListItem\",\"@id\":\"https:\\\/\\\/eldigitaldeasturias.com\\\/radio\\\/dieciocho-parcelas-reservadas-en-el-poligono-industrial-de-bobes\\\/#listItem\",\"name\":\"Dieciocho parcelas reservadas en el pol\\u00edgono industrial de Bobes\"},\"previousItem\":{\"@type\":\"ListItem\",\"@id\":\"https:\\\/\\\/eldigitaldeasturias.com\\\/radio#listItem\",\"name\":\"Inicio\"}},{\"@type\":\"ListItem\",\"@id\":\"https:\\\/\\\/eldigitaldeasturias.com\\\/radio\\\/dieciocho-parcelas-reservadas-en-el-poligono-industrial-de-bobes\\\/#listItem\",\"position\":3,\"name\":\"Dieciocho parcelas reservadas en el pol\\u00edgono industrial de Bobes\",\"previousItem\":{\"@type\":\"ListItem\",\"@id\":\"https:\\\/\\\/eldigitaldeasturias.com\\\/radio\\\/category\\\/negocios\\\/#listItem\",\"name\":\"Negocios\"}}]},{\"@type\":\"NewsArticle\",\"@id\":\"https:\\\/\\\/eldigitaldeasturias.com\\\/radio\\\/dieciocho-parcelas-reservadas-en-el-poligono-industrial-de-bobes\\\/#newsarticle\",\"name\":\"Dieciocho parcelas reservadas en el pol\\u00edgono industrial de Bobes | El Digital de Asturias\",\"headline\":\"Dieciocho parcelas reservadas en el pol\\u00edgono industrial de Bobes\",\"author\":{\"@id\":\"https:\\\/\\\/eldigitaldeasturias.com\\\/radio\\\/author\\\/nbasturias\\\/#author\"},\"publisher\":{\"@id\":\"https:\\\/\\\/eldigitaldeasturias.com\\\/radio\\\/#organization\"},\"image\":{\"@type\":\"ImageObject\",\"url\":\"https:\\\/\\\/eldigitaldeasturias.com\\\/radio\\\/wp-content\\\/uploads\\\/2020\\\/12\\\/Bobes.jpg\",\"width\":761,\"height\":529,\"caption\":\"Parcelas del pol\\u00edgono industrial de Bobes - SOGEPSA\"},\"datePublished\":\"2020-12-27T13:19:30+01:00\",\"dateModified\":\"2020-12-27T13:19:30+01:00\",\"inLanguage\":\"es-ES\",\"mainEntityOfPage\":{\"@id\":\"https:\\\/\\\/eldigitaldeasturias.com\\\/radio\\\/dieciocho-parcelas-reservadas-en-el-poligono-industrial-de-bobes\\\/#webpage\"},\"isPartOf\":{\"@id\":\"https:\\\/\\\/eldigitaldeasturias.com\\\/radio\\\/dieciocho-parcelas-reservadas-en-el-poligono-industrial-de-bobes\\\/#webpage\"},\"articleSection\":\"Negocios\",\"dateline\":\"Publicado el diciembre 27, 2020.\"},{\"@type\":\"Organization\",\"@id\":\"https:\\\/\\\/eldigitaldeasturias.com\\\/radio\\\/#organization\",\"name\":\"El digital de Asturias Radio\",\"description\":\"Diario de informaci\\u00f3n y noticias\",\"url\":\"https:\\\/\\\/eldigitaldeasturias.com\\\/radio\\\/\",\"telephone\":\"+34652131393\",\"logo\":{\"@type\":\"ImageObject\",\"url\":\"https:\\\/\\\/www.eldigitaldeasturias.com\\\/radio\\\/wp-content\\\/uploads\\\/2021\\\/03\\\/EDA.jpg\",\"@id\":\"https:\\\/\\\/eldigitaldeasturias.com\\\/radio\\\/dieciocho-parcelas-reservadas-en-el-poligono-industrial-de-bobes\\\/#organizationLogo\"},\"image\":{\"@id\":\"https:\\\/\\\/eldigitaldeasturias.com\\\/radio\\\/dieciocho-parcelas-reservadas-en-el-poligono-industrial-de-bobes\\\/#organizationLogo\"},\"sameAs\":[\"https:\\\/\\\/www.facebook.com\\\/\",\"https:\\\/\\\/x.com\\\/bercodi\",\"https:\\\/\\\/www.instagram.com\\\/\",\"https:\\\/\\\/www.youtube.com\\\/channel\\\/UCZP-2wLEB9Rv6erhFmqVnvg\"]},{\"@type\":\"Person\",\"@id\":\"https:\\\/\\\/eldigitaldeasturias.com\\\/radio\\\/author\\\/nbasturias\\\/#author\",\"url\":\"https:\\\/\\\/eldigitaldeasturias.com\\\/radio\\\/author\\\/nbasturias\\\/\",\"name\":\"NBAsturias\",\"image\":{\"@type\":\"ImageObject\",\"@id\":\"https:\\\/\\\/eldigitaldeasturias.com\\\/radio\\\/dieciocho-parcelas-reservadas-en-el-poligono-industrial-de-bobes\\\/#authorImage\",\"url\":\"https:\\\/\\\/secure.gravatar.com\\\/avatar\\\/df2aeffc32bcd13f8d26072ef8a91b623d677766deac7f97ca815868cd41bf5e?s=96&d=mm&r=g\",\"width\":96,\"height\":96,\"caption\":\"NBAsturias\"}},{\"@type\":\"WebPage\",\"@id\":\"https:\\\/\\\/eldigitaldeasturias.com\\\/radio\\\/dieciocho-parcelas-reservadas-en-el-poligono-industrial-de-bobes\\\/#webpage\",\"url\":\"https:\\\/\\\/eldigitaldeasturias.com\\\/radio\\\/dieciocho-parcelas-reservadas-en-el-poligono-industrial-de-bobes\\\/\",\"name\":\"Dieciocho parcelas reservadas en el pol\\u00edgono industrial de Bobes | El Digital de Asturias\",\"description\":\"(EP) - Un total de 18 parcelas, de las 109 que se est\\u00e1n comercializando en una primera fase, ya han sido reservadas por distintas compa\\u00f1\\u00edas en el pol\\u00edgono industrial de Bobes, en Siero, Principado de Asturias. Seg\\u00fan han confirmado a Europa Press fuentes de la Sociedad y Promoci\\u00f3n del Suelo de Asturias (Sogepsa), esas 18\",\"inLanguage\":\"es-ES\",\"isPartOf\":{\"@id\":\"https:\\\/\\\/eldigitaldeasturias.com\\\/radio\\\/#website\"},\"breadcrumb\":{\"@id\":\"https:\\\/\\\/eldigitaldeasturias.com\\\/radio\\\/dieciocho-parcelas-reservadas-en-el-poligono-industrial-de-bobes\\\/#breadcrumblist\"},\"author\":{\"@id\":\"https:\\\/\\\/eldigitaldeasturias.com\\\/radio\\\/author\\\/nbasturias\\\/#author\"},\"creator\":{\"@id\":\"https:\\\/\\\/eldigitaldeasturias.com\\\/radio\\\/author\\\/nbasturias\\\/#author\"},\"image\":{\"@type\":\"ImageObject\",\"url\":\"https:\\\/\\\/eldigitaldeasturias.com\\\/radio\\\/wp-content\\\/uploads\\\/2020\\\/12\\\/Bobes.jpg\",\"@id\":\"https:\\\/\\\/eldigitaldeasturias.com\\\/radio\\\/dieciocho-parcelas-reservadas-en-el-poligono-industrial-de-bobes\\\/#mainImage\",\"width\":761,\"height\":529,\"caption\":\"Parcelas del pol\\u00edgono industrial de Bobes - SOGEPSA\"},\"primaryImageOfPage\":{\"@id\":\"https:\\\/\\\/eldigitaldeasturias.com\\\/radio\\\/dieciocho-parcelas-reservadas-en-el-poligono-industrial-de-bobes\\\/#mainImage\"},\"datePublished\":\"2020-12-27T13:19:30+01:00\",\"dateModified\":\"2020-12-27T13:19:30+01:00\"},{\"@type\":\"WebSite\",\"@id\":\"https:\\\/\\\/eldigitaldeasturias.com\\\/radio\\\/#website\",\"url\":\"https:\\\/\\\/eldigitaldeasturias.com\\\/radio\\\/\",\"name\":\"El Digital de Asturias\",\"description\":\"Diario de informaci\\u00f3n y noticias\",\"inLanguage\":\"es-ES\",\"publisher\":{\"@id\":\"https:\\\/\\\/eldigitaldeasturias.com\\\/radio\\\/#organization\"}}]}\n\t\t<\/script>\n\t\t<!-- All in One SEO Pro -->\r\n\t\t<title>Dieciocho parcelas reservadas en el pol\u00edgono industrial de Bobes | El Digital de Asturias<\/title>\n\n","aioseo_head_json":{"title":"Dieciocho parcelas reservadas en el pol\u00edgono industrial de Bobes | El Digital de Asturias","description":"(EP) - Un total de 18 parcelas, de las 109 que se est\u00e1n comercializando en una primera fase, ya han sido reservadas por distintas compa\u00f1\u00edas en el pol\u00edgono industrial de Bobes, en Siero, Principado de Asturias. Seg\u00fan han confirmado a Europa Press fuentes de la Sociedad y Promoci\u00f3n del Suelo de Asturias (Sogepsa), esas 18","canonical_url":"https:\/\/eldigitaldeasturias.com\/radio\/dieciocho-parcelas-reservadas-en-el-poligono-industrial-de-bobes\/","robots":"max-image-preview:large","keywords":"negocios","webmasterTools":{"google-site-verification":"UA-38556648-1","miscellaneous":""},"schema":{"@context":"https:\/\/schema.org","@graph":[{"@type":"BreadcrumbList","@id":"https:\/\/eldigitaldeasturias.com\/radio\/dieciocho-parcelas-reservadas-en-el-poligono-industrial-de-bobes\/#breadcrumblist","itemListElement":[{"@type":"ListItem","@id":"https:\/\/eldigitaldeasturias.com\/radio#listItem","position":1,"name":"Inicio","item":"https:\/\/eldigitaldeasturias.com\/radio","nextItem":{"@type":"ListItem","@id":"https:\/\/eldigitaldeasturias.com\/radio\/category\/negocios\/#listItem","name":"Negocios"}},{"@type":"ListItem","@id":"https:\/\/eldigitaldeasturias.com\/radio\/category\/negocios\/#listItem","position":2,"name":"Negocios","item":"https:\/\/eldigitaldeasturias.com\/radio\/category\/negocios\/","nextItem":{"@type":"ListItem","@id":"https:\/\/eldigitaldeasturias.com\/radio\/dieciocho-parcelas-reservadas-en-el-poligono-industrial-de-bobes\/#listItem","name":"Dieciocho parcelas reservadas en el pol\u00edgono industrial de Bobes"},"previousItem":{"@type":"ListItem","@id":"https:\/\/eldigitaldeasturias.com\/radio#listItem","name":"Inicio"}},{"@type":"ListItem","@id":"https:\/\/eldigitaldeasturias.com\/radio\/dieciocho-parcelas-reservadas-en-el-poligono-industrial-de-bobes\/#listItem","position":3,"name":"Dieciocho parcelas reservadas en el pol\u00edgono industrial de Bobes","previousItem":{"@type":"ListItem","@id":"https:\/\/eldigitaldeasturias.com\/radio\/category\/negocios\/#listItem","name":"Negocios"}}]},{"@type":"NewsArticle","@id":"https:\/\/eldigitaldeasturias.com\/radio\/dieciocho-parcelas-reservadas-en-el-poligono-industrial-de-bobes\/#newsarticle","name":"Dieciocho parcelas reservadas en el pol\u00edgono industrial de Bobes | El Digital de Asturias","headline":"Dieciocho parcelas reservadas en el pol\u00edgono industrial de Bobes","author":{"@id":"https:\/\/eldigitaldeasturias.com\/radio\/author\/nbasturias\/#author"},"publisher":{"@id":"https:\/\/eldigitaldeasturias.com\/radio\/#organization"},"image":{"@type":"ImageObject","url":"https:\/\/eldigitaldeasturias.com\/radio\/wp-content\/uploads\/2020\/12\/Bobes.jpg","width":761,"height":529,"caption":"Parcelas del pol\u00edgono industrial de Bobes - SOGEPSA"},"datePublished":"2020-12-27T13:19:30+01:00","dateModified":"2020-12-27T13:19:30+01:00","inLanguage":"es-ES","mainEntityOfPage":{"@id":"https:\/\/eldigitaldeasturias.com\/radio\/dieciocho-parcelas-reservadas-en-el-poligono-industrial-de-bobes\/#webpage"},"isPartOf":{"@id":"https:\/\/eldigitaldeasturias.com\/radio\/dieciocho-parcelas-reservadas-en-el-poligono-industrial-de-bobes\/#webpage"},"articleSection":"Negocios","dateline":"Publicado el diciembre 27, 2020."},{"@type":"Organization","@id":"https:\/\/eldigitaldeasturias.com\/radio\/#organization","name":"El digital de Asturias Radio","description":"Diario de informaci\u00f3n y noticias","url":"https:\/\/eldigitaldeasturias.com\/radio\/","telephone":"+34652131393","logo":{"@type":"ImageObject","url":"https:\/\/www.eldigitaldeasturias.com\/radio\/wp-content\/uploads\/2021\/03\/EDA.jpg","@id":"https:\/\/eldigitaldeasturias.com\/radio\/dieciocho-parcelas-reservadas-en-el-poligono-industrial-de-bobes\/#organizationLogo"},"image":{"@id":"https:\/\/eldigitaldeasturias.com\/radio\/dieciocho-parcelas-reservadas-en-el-poligono-industrial-de-bobes\/#organizationLogo"},"sameAs":["https:\/\/www.facebook.com\/","https:\/\/x.com\/bercodi","https:\/\/www.instagram.com\/","https:\/\/www.youtube.com\/channel\/UCZP-2wLEB9Rv6erhFmqVnvg"]},{"@type":"Person","@id":"https:\/\/eldigitaldeasturias.com\/radio\/author\/nbasturias\/#author","url":"https:\/\/eldigitaldeasturias.com\/radio\/author\/nbasturias\/","name":"NBAsturias","image":{"@type":"ImageObject","@id":"https:\/\/eldigitaldeasturias.com\/radio\/dieciocho-parcelas-reservadas-en-el-poligono-industrial-de-bobes\/#authorImage","url":"https:\/\/secure.gravatar.com\/avatar\/df2aeffc32bcd13f8d26072ef8a91b623d677766deac7f97ca815868cd41bf5e?s=96&d=mm&r=g","width":96,"height":96,"caption":"NBAsturias"}},{"@type":"WebPage","@id":"https:\/\/eldigitaldeasturias.com\/radio\/dieciocho-parcelas-reservadas-en-el-poligono-industrial-de-bobes\/#webpage","url":"https:\/\/eldigitaldeasturias.com\/radio\/dieciocho-parcelas-reservadas-en-el-poligono-industrial-de-bobes\/","name":"Dieciocho parcelas reservadas en el pol\u00edgono industrial de Bobes | El Digital de Asturias","description":"(EP) - Un total de 18 parcelas, de las 109 que se est\u00e1n comercializando en una primera fase, ya han sido reservadas por distintas compa\u00f1\u00edas en el pol\u00edgono industrial de Bobes, en Siero, Principado de Asturias. Seg\u00fan han confirmado a Europa Press fuentes de la Sociedad y Promoci\u00f3n del Suelo de Asturias (Sogepsa), esas 18","inLanguage":"es-ES","isPartOf":{"@id":"https:\/\/eldigitaldeasturias.com\/radio\/#website"},"breadcrumb":{"@id":"https:\/\/eldigitaldeasturias.com\/radio\/dieciocho-parcelas-reservadas-en-el-poligono-industrial-de-bobes\/#breadcrumblist"},"author":{"@id":"https:\/\/eldigitaldeasturias.com\/radio\/author\/nbasturias\/#author"},"creator":{"@id":"https:\/\/eldigitaldeasturias.com\/radio\/author\/nbasturias\/#author"},"image":{"@type":"ImageObject","url":"https:\/\/eldigitaldeasturias.com\/radio\/wp-content\/uploads\/2020\/12\/Bobes.jpg","@id":"https:\/\/eldigitaldeasturias.com\/radio\/dieciocho-parcelas-reservadas-en-el-poligono-industrial-de-bobes\/#mainImage","width":761,"height":529,"caption":"Parcelas del pol\u00edgono industrial de Bobes - SOGEPSA"},"primaryImageOfPage":{"@id":"https:\/\/eldigitaldeasturias.com\/radio\/dieciocho-parcelas-reservadas-en-el-poligono-industrial-de-bobes\/#mainImage"},"datePublished":"2020-12-27T13:19:30+01:00","dateModified":"2020-12-27T13:19:30+01:00"},{"@type":"WebSite","@id":"https:\/\/eldigitaldeasturias.com\/radio\/#website","url":"https:\/\/eldigitaldeasturias.com\/radio\/","name":"El Digital de Asturias","description":"Diario de informaci\u00f3n y noticias","inLanguage":"es-ES","publisher":{"@id":"https:\/\/eldigitaldeasturias.com\/radio\/#organization"}}]},"og:locale":"es_ES","og:site_name":"El Digital de Asturias | Diario de informaci\u00f3n y noticias","og:type":"article","og:title":"Dieciocho parcelas reservadas en el pol\u00edgono industrial de Bobes | El Digital de Asturias","og:description":"(EP) - Un total de 18 parcelas, de las 109 que se est\u00e1n comercializando en una primera fase, ya han sido reservadas por distintas compa\u00f1\u00edas en el pol\u00edgono industrial de Bobes, en Siero, Principado de Asturias. Seg\u00fan han confirmado a Europa Press fuentes de la Sociedad y Promoci\u00f3n del Suelo de Asturias (Sogepsa), esas 18","og:url":"https:\/\/eldigitaldeasturias.com\/radio\/dieciocho-parcelas-reservadas-en-el-poligono-industrial-de-bobes\/","og:image":"https:\/\/eldigitaldeasturias.com\/radio\/wp-content\/uploads\/2020\/12\/Bobes.jpg","og:image:secure_url":"https:\/\/eldigitaldeasturias.com\/radio\/wp-content\/uploads\/2020\/12\/Bobes.jpg","og:image:width":761,"og:image:height":529,"article:published_time":"2020-12-27T13:19:30+00:00","article:modified_time":"2020-12-27T13:19:30+00:00","twitter:card":"summary_large_image","twitter:site":"@bercodi","twitter:title":"Dieciocho parcelas reservadas en el pol\u00edgono industrial de Bobes | El Digital de Asturias","twitter:description":"(EP) - Un total de 18 parcelas, de las 109 que se est\u00e1n comercializando en una primera fase, ya han sido reservadas por distintas compa\u00f1\u00edas en el pol\u00edgono industrial de Bobes, en Siero, Principado de Asturias. Seg\u00fan han confirmado a Europa Press fuentes de la Sociedad y Promoci\u00f3n del Suelo de Asturias (Sogepsa), esas 18","twitter:creator":"@bercodi","twitter:image":"https:\/\/eldigitaldeasturias.com\/radio\/wp-content\/uploads\/2020\/12\/Bobes.jpg"},"aioseo_meta_data":{"post_id":"5409","title":null,"description":null,"keywords":null,"keyphrases":null,"primary_term":null,"canonical_url":null,"og_title":null,"og_description":null,"og_object_type":"default","og_image_type":"default","og_image_url":null,"og_image_width":null,"og_image_height":null,"og_image_custom_url":null,"og_image_custom_fields":null,"og_video":null,"og_custom_url":null,"og_article_section":null,"og_article_tags":null,"twitter_use_og":false,"twitter_card":"default","twitter_image_type":"default","twitter_image_url":null,"twitter_image_custom_url":null,"twitter_image_custom_fields":null,"twitter_title":null,"twitter_description":null,"schema":{"blockGraphs":[],"customGraphs":[],"default":{"data":{"Article":[],"Course":[],"Dataset":[],"FAQPage":[],"Movie":[],"Person":[],"Product":[],"ProductReview":[],"Car":[],"Recipe":[],"Service":[],"SoftwareApplication":[],"WebPage":[]},"graphName":"","isEnabled":true},"graphs":[],"defaultGraph":"","defaultPostTypeGraph":""},"schema_type":null,"schema_type_options":null,"pillar_content":false,"robots_default":true,"robots_noindex":false,"robots_noarchive":false,"robots_nosnippet":false,"robots_nofollow":false,"robots_noimageindex":false,"robots_noodp":false,"robots_notranslate":false,"robots_max_snippet":null,"robots_max_videopreview":null,"robots_max_imagepreview":"large","priority":null,"frequency":null,"location":null,"local_seo":null,"seo_analyzer_scan_date":"2025-08-28 17:49:26","breadcrumb_settings":null,"limit_modified_date":false,"open_ai":null,"ai":null,"created":"2021-03-26 00:17:26","updated":"2025-08-28 17:49:26"},"aioseo_breadcrumb":"<div class=\"aioseo-breadcrumbs\"><span class=\"aioseo-breadcrumb\">\n\t<a href=\"https:\/\/eldigitaldeasturias.com\/radio\" title=\"Inicio\">Inicio<\/a>\n<\/span><span class=\"aioseo-breadcrumb-separator\">&ndash;<\/span><span class=\"aioseo-breadcrumb\">\n\t<a href=\"https:\/\/eldigitaldeasturias.com\/radio\/category\/negocios\/\" title=\"Negocios\">Negocios<\/a>\n<\/span><span class=\"aioseo-breadcrumb-separator\">&ndash;<\/span><span class=\"aioseo-breadcrumb\">\n\tDieciocho parcelas reservadas en el pol\u00edgono industrial de Bobes\n<\/span><\/div>","aioseo_breadcrumb_json":[{"label":"Inicio","link":"https:\/\/eldigitaldeasturias.com\/radio"},{"label":"Negocios","link":"https:\/\/eldigitaldeasturias.com\/radio\/category\/negocios\/"},{"label":"Dieciocho parcelas reservadas en el pol\u00edgono industrial de Bobes","link":"https:\/\/eldigitaldeasturias.com\/radio\/dieciocho-parcelas-reservadas-en-el-poligono-industrial-de-bobes\/"}],"_links":{"self":[{"href":"https:\/\/eldigitaldeasturias.com\/radio\/wp-json\/wp\/v2\/posts\/5409","targetHints":{"allow":["GET"]}}],"collection":[{"href":"https:\/\/eldigitaldeasturias.com\/radio\/wp-json\/wp\/v2\/posts"}],"about":[{"href":"https:\/\/eldigitaldeasturias.com\/radio\/wp-json\/wp\/v2\/types\/post"}],"author":[{"embeddable":true,"href":"https:\/\/eldigitaldeasturias.com\/radio\/wp-json\/wp\/v2\/users\/1"}],"replies":[{"embeddable":true,"href":"https:\/\/eldigitaldeasturias.com\/radio\/wp-json\/wp\/v2\/comments?post=5409"}],"version-history":[{"count":0,"href":"https:\/\/eldigitaldeasturias.com\/radio\/wp-json\/wp\/v2\/posts\/5409\/revisions"}],"wp:featuredmedia":[{"embeddable":true,"href":"https:\/\/eldigitaldeasturias.com\/radio\/wp-json\/wp\/v2\/media\/5410"}],"wp:attachment":[{"href":"https:\/\/eldigitaldeasturias.com\/radio\/wp-json\/wp\/v2\/media?parent=5409"}],"wp:term":[{"taxonomy":"category","embeddable":true,"href":"https:\/\/eldigitaldeasturias.com\/radio\/wp-json\/wp\/v2\/categories?post=5409"},{"taxonomy":"post_tag","embeddable":true,"href":"https:\/\/eldigitaldeasturias.com\/radio\/wp-json\/wp\/v2\/tags?post=5409"}],"curies":[{"name":"wp","href":"https:\/\/api.w.org\/{rel}","templated":true}]}}