{"id":5403,"date":"2020-12-26T22:58:43","date_gmt":"2020-12-26T22:58:43","guid":{"rendered":"http:\/\/eldigitaldeasturias.com\/radio\/?p=5403"},"modified":"2020-12-26T22:58:43","modified_gmt":"2020-12-26T22:58:43","slug":"el-plan-de-choque-de-dependencia-aumenta-la-tramitacion-electronica-de-derechos-sociales","status":"publish","type":"post","link":"https:\/\/eldigitaldeasturias.com\/radio\/el-plan-de-choque-de-dependencia-aumenta-la-tramitacion-electronica-de-derechos-sociales\/","title":{"rendered":"El plan de choque de dependencia aumenta la tramitaci\u00f3n electr\u00f3nica de Derechos Sociales"},"content":{"rendered":"<figure id=\"attachment_5404\" aria-describedby=\"caption-attachment-5404\" style=\"width: 360px\" class=\"wp-caption alignleft\"><img fetchpriority=\"high\" decoding=\"async\" class=\"size-medium wp-image-5404\" src=\"https:\/\/eldigitaldeasturias.com\/radio\/wp-content\/uploads\/2020\/12\/Principado-360x252.jpg\" alt=\"\" width=\"360\" height=\"252\" srcset=\"https:\/\/eldigitaldeasturias.com\/radio\/wp-content\/uploads\/2020\/12\/Principado-360x252.jpg 360w, https:\/\/eldigitaldeasturias.com\/radio\/wp-content\/uploads\/2020\/12\/Principado.jpg 698w\" sizes=\"(max-width: 360px) 100vw, 360px\" \/><figcaption id=\"caption-attachment-5404\" class=\"wp-caption-text\">Melania \u00c1lvarez &#8211; GOBIERNO DE ASTURIAS<\/figcaption><\/figure>\n<p>(EP) &#8211; El Gobierno de Asturias ha informado que el plan de choque de dependencia ha aumentado la tramitaci\u00f3n electr\u00f3nica en la Consejer\u00eda de Derechos Sociales y Bienestar, con 429.398 expedientes electr\u00f3nicos gestionados y 26.941 resueltos hasta mediados de este mes. Estos datos sit\u00faan al departamento que dirige Melania \u00c1lvarez a la cabeza de la Administraci\u00f3n en gesti\u00f3n electr\u00f3nica.<\/p>\n<p>La agilidad de la tramitaci\u00f3n se refleja tambi\u00e9n en el aumento del n\u00famero de personas beneficiarias, que ha aumentado un 14,4% este a\u00f1o, hasta superar las 24.000, seg\u00fan el Ejecutivo auton\u00f3mico.<\/p>\n<p>\u00abEstas cifras reflejan el esfuerzo y la capacidad de respuesta de un equipo comprometido con la sociedad asturiana, que ha sabido estar a la altura de una situaci\u00f3n extraordinaria sin olvidar ni un momento la gesti\u00f3n ordinaria\u00bb, ha dicho la consejera Melania \u00c1lvarez, que agradece el esfuerzo de todo el personal que trabaja en Derechos Sociales.<\/p>\n<p>Durante el primer estado de alarma, decretado entre el 14 de marzo y el 21 de junio, se produjo un aumento en el n\u00famero de expedientes relacionados con el sistema de la dependencia y con el salario social b\u00e1sico. Fue precisamente la tramitaci\u00f3n electr\u00f3nica lo que permiti\u00f3 dar respuesta al incremento. Adem\u00e1s, Asturias fue la comunidad en la que m\u00e1s crecieron las valoraciones en ese periodo. Concretamente, 777 personas se incorporaron al sistema durante esos tres meses.<\/p>\n<p>El plan de choque de dependencia, que tiene como objetivo que todos los expedientes se resuelvan en plazo, fue la primera medida anunciada por la consejera de Derechos Sociales esta legislatura. Desde su puesta en marcha, a finales de 2019, la lista de espera se redujo un 38,52%.<\/p>\n<p>Para ello, se increment\u00f3 en un 37% el personal que trabaja en la tramitaci\u00f3n de estos expedientes con dos programas de refuerzo de 9 y 22 empleados p\u00fablicos, que continuar\u00e1n durante todo 2021, cuando se pondr\u00e1n en marcha las \u00faltimas iniciativas que incluye este plan.<\/p>\n","protected":false},"excerpt":{"rendered":"<p>(EP) &#8211; El Gobierno de Asturias ha informado que el plan de choque de dependencia ha aumentado la tramitaci\u00f3n electr\u00f3nica en la Consejer\u00eda de Derechos Sociales y Bienestar, con 429.398 expedientes electr\u00f3nicos gestionados y 26.941 resueltos hasta mediados de este mes. Estos datos sit\u00faan al departamento que dirige Melania \u00c1lvarez a la cabeza de la<\/p>\n","protected":false},"author":1,"featured_media":5404,"comment_status":"closed","ping_status":"closed","sticky":false,"template":"","format":"standard","meta":{"footnotes":""},"categories":[1],"tags":[],"class_list":{"0":"post-5403","1":"post","2":"type-post","3":"status-publish","4":"format-standard","5":"has-post-thumbnail","7":"category-noticias"},"aioseo_notices":[],"aioseo_head":"\n\t\t<!-- All in One SEO Pro 4.9.6.2 - aioseo.com -->\n\t<meta name=\"description\" content=\"(EP) - El Gobierno de Asturias ha informado que el plan de choque de dependencia ha aumentado la tramitaci\u00f3n electr\u00f3nica en la Consejer\u00eda de Derechos Sociales y Bienestar, con 429.398 expedientes electr\u00f3nicos gestionados y 26.941 resueltos hasta mediados de este mes. Estos datos sit\u00faan al departamento que dirige Melania \u00c1lvarez a la cabeza de la\" \/>\n\t<meta name=\"robots\" content=\"max-image-preview:large\" \/>\n\t<meta name=\"author\" content=\"NBAsturias\"\/>\n\t<meta name=\"google-site-verification\" content=\"UA-38556648-1\" \/>\n\t<meta name=\"keywords\" content=\"noticias\" \/>\n\t<link rel=\"canonical\" href=\"https:\/\/eldigitaldeasturias.com\/radio\/el-plan-de-choque-de-dependencia-aumenta-la-tramitacion-electronica-de-derechos-sociales\/\" \/>\n\t<meta name=\"generator\" content=\"All in One SEO Pro (AIOSEO) 4.9.6.2\" \/>\n\t\t<meta property=\"og:locale\" content=\"es_ES\" \/>\n\t\t<meta property=\"og:site_name\" content=\"El Digital de Asturias | Diario de informaci\u00f3n y noticias\" \/>\n\t\t<meta property=\"og:type\" content=\"article\" \/>\n\t\t<meta property=\"og:title\" content=\"El plan de choque de dependencia aumenta la tramitaci\u00f3n electr\u00f3nica de Derechos Sociales | El Digital de Asturias\" \/>\n\t\t<meta property=\"og:description\" content=\"(EP) - El Gobierno de Asturias ha informado que el plan de choque de dependencia ha aumentado la tramitaci\u00f3n electr\u00f3nica en la Consejer\u00eda de Derechos Sociales y Bienestar, con 429.398 expedientes electr\u00f3nicos gestionados y 26.941 resueltos hasta mediados de este mes. Estos datos sit\u00faan al departamento que dirige Melania \u00c1lvarez a la cabeza de la\" \/>\n\t\t<meta property=\"og:url\" content=\"https:\/\/eldigitaldeasturias.com\/radio\/el-plan-de-choque-de-dependencia-aumenta-la-tramitacion-electronica-de-derechos-sociales\/\" \/>\n\t\t<meta property=\"og:image\" content=\"https:\/\/eldigitaldeasturias.com\/radio\/wp-content\/uploads\/2020\/12\/Principado.jpg\" \/>\n\t\t<meta property=\"og:image:secure_url\" content=\"https:\/\/eldigitaldeasturias.com\/radio\/wp-content\/uploads\/2020\/12\/Principado.jpg\" \/>\n\t\t<meta property=\"og:image:width\" content=\"698\" \/>\n\t\t<meta property=\"og:image:height\" content=\"488\" \/>\n\t\t<meta property=\"article:published_time\" content=\"2020-12-26T22:58:43+00:00\" \/>\n\t\t<meta property=\"article:modified_time\" content=\"2020-12-26T22:58:43+00:00\" \/>\n\t\t<meta name=\"twitter:card\" content=\"summary_large_image\" \/>\n\t\t<meta name=\"twitter:site\" content=\"@bercodi\" \/>\n\t\t<meta name=\"twitter:title\" content=\"El plan de choque de dependencia aumenta la tramitaci\u00f3n electr\u00f3nica de Derechos Sociales | El Digital de Asturias\" \/>\n\t\t<meta name=\"twitter:description\" content=\"(EP) - El Gobierno de Asturias ha informado que el plan de choque de dependencia ha aumentado la tramitaci\u00f3n electr\u00f3nica en la Consejer\u00eda de Derechos Sociales y Bienestar, con 429.398 expedientes electr\u00f3nicos gestionados y 26.941 resueltos hasta mediados de este mes. Estos datos sit\u00faan al departamento que dirige Melania \u00c1lvarez a la cabeza de la\" \/>\n\t\t<meta name=\"twitter:creator\" content=\"@bercodi\" \/>\n\t\t<meta name=\"twitter:image\" content=\"https:\/\/eldigitaldeasturias.com\/radio\/wp-content\/uploads\/2020\/12\/Principado.jpg\" \/>\n\t\t<script type=\"application\/ld+json\" class=\"aioseo-schema\">\n\t\t\t{\"@context\":\"https:\\\/\\\/schema.org\",\"@graph\":[{\"@type\":\"BreadcrumbList\",\"@id\":\"https:\\\/\\\/eldigitaldeasturias.com\\\/radio\\\/el-plan-de-choque-de-dependencia-aumenta-la-tramitacion-electronica-de-derechos-sociales\\\/#breadcrumblist\",\"itemListElement\":[{\"@type\":\"ListItem\",\"@id\":\"https:\\\/\\\/eldigitaldeasturias.com\\\/radio#listItem\",\"position\":1,\"name\":\"Inicio\",\"item\":\"https:\\\/\\\/eldigitaldeasturias.com\\\/radio\",\"nextItem\":{\"@type\":\"ListItem\",\"@id\":\"https:\\\/\\\/eldigitaldeasturias.com\\\/radio\\\/category\\\/noticias\\\/#listItem\",\"name\":\"Noticias\"}},{\"@type\":\"ListItem\",\"@id\":\"https:\\\/\\\/eldigitaldeasturias.com\\\/radio\\\/category\\\/noticias\\\/#listItem\",\"position\":2,\"name\":\"Noticias\",\"item\":\"https:\\\/\\\/eldigitaldeasturias.com\\\/radio\\\/category\\\/noticias\\\/\",\"nextItem\":{\"@type\":\"ListItem\",\"@id\":\"https:\\\/\\\/eldigitaldeasturias.com\\\/radio\\\/el-plan-de-choque-de-dependencia-aumenta-la-tramitacion-electronica-de-derechos-sociales\\\/#listItem\",\"name\":\"El plan de choque de dependencia aumenta la tramitaci\\u00f3n electr\\u00f3nica de Derechos Sociales\"},\"previousItem\":{\"@type\":\"ListItem\",\"@id\":\"https:\\\/\\\/eldigitaldeasturias.com\\\/radio#listItem\",\"name\":\"Inicio\"}},{\"@type\":\"ListItem\",\"@id\":\"https:\\\/\\\/eldigitaldeasturias.com\\\/radio\\\/el-plan-de-choque-de-dependencia-aumenta-la-tramitacion-electronica-de-derechos-sociales\\\/#listItem\",\"position\":3,\"name\":\"El plan de choque de dependencia aumenta la tramitaci\\u00f3n electr\\u00f3nica de Derechos Sociales\",\"previousItem\":{\"@type\":\"ListItem\",\"@id\":\"https:\\\/\\\/eldigitaldeasturias.com\\\/radio\\\/category\\\/noticias\\\/#listItem\",\"name\":\"Noticias\"}}]},{\"@type\":\"NewsArticle\",\"@id\":\"https:\\\/\\\/eldigitaldeasturias.com\\\/radio\\\/el-plan-de-choque-de-dependencia-aumenta-la-tramitacion-electronica-de-derechos-sociales\\\/#newsarticle\",\"name\":\"El plan de choque de dependencia aumenta la tramitaci\\u00f3n electr\\u00f3nica de Derechos Sociales | El Digital de Asturias\",\"headline\":\"El plan de choque de dependencia aumenta la tramitaci\\u00f3n electr\\u00f3nica de Derechos Sociales\",\"author\":{\"@id\":\"https:\\\/\\\/eldigitaldeasturias.com\\\/radio\\\/author\\\/nbasturias\\\/#author\"},\"publisher\":{\"@id\":\"https:\\\/\\\/eldigitaldeasturias.com\\\/radio\\\/#organization\"},\"image\":{\"@type\":\"ImageObject\",\"url\":\"https:\\\/\\\/eldigitaldeasturias.com\\\/radio\\\/wp-content\\\/uploads\\\/2020\\\/12\\\/Principado.jpg\",\"width\":698,\"height\":488,\"caption\":\"Melania \\u00c1lvarez - GOBIERNO DE ASTURIAS\"},\"datePublished\":\"2020-12-26T22:58:43+01:00\",\"dateModified\":\"2020-12-26T22:58:43+01:00\",\"inLanguage\":\"es-ES\",\"mainEntityOfPage\":{\"@id\":\"https:\\\/\\\/eldigitaldeasturias.com\\\/radio\\\/el-plan-de-choque-de-dependencia-aumenta-la-tramitacion-electronica-de-derechos-sociales\\\/#webpage\"},\"isPartOf\":{\"@id\":\"https:\\\/\\\/eldigitaldeasturias.com\\\/radio\\\/el-plan-de-choque-de-dependencia-aumenta-la-tramitacion-electronica-de-derechos-sociales\\\/#webpage\"},\"articleSection\":\"Noticias\",\"dateline\":\"Publicado el diciembre 26, 2020.\"},{\"@type\":\"Organization\",\"@id\":\"https:\\\/\\\/eldigitaldeasturias.com\\\/radio\\\/#organization\",\"name\":\"El digital de Asturias Radio\",\"description\":\"Diario de informaci\\u00f3n y noticias\",\"url\":\"https:\\\/\\\/eldigitaldeasturias.com\\\/radio\\\/\",\"telephone\":\"+34652131393\",\"logo\":{\"@type\":\"ImageObject\",\"url\":\"https:\\\/\\\/www.eldigitaldeasturias.com\\\/radio\\\/wp-content\\\/uploads\\\/2021\\\/03\\\/EDA.jpg\",\"@id\":\"https:\\\/\\\/eldigitaldeasturias.com\\\/radio\\\/el-plan-de-choque-de-dependencia-aumenta-la-tramitacion-electronica-de-derechos-sociales\\\/#organizationLogo\"},\"image\":{\"@id\":\"https:\\\/\\\/eldigitaldeasturias.com\\\/radio\\\/el-plan-de-choque-de-dependencia-aumenta-la-tramitacion-electronica-de-derechos-sociales\\\/#organizationLogo\"},\"sameAs\":[\"https:\\\/\\\/www.facebook.com\\\/\",\"https:\\\/\\\/x.com\\\/bercodi\",\"https:\\\/\\\/www.instagram.com\\\/\",\"https:\\\/\\\/www.youtube.com\\\/channel\\\/UCZP-2wLEB9Rv6erhFmqVnvg\"]},{\"@type\":\"Person\",\"@id\":\"https:\\\/\\\/eldigitaldeasturias.com\\\/radio\\\/author\\\/nbasturias\\\/#author\",\"url\":\"https:\\\/\\\/eldigitaldeasturias.com\\\/radio\\\/author\\\/nbasturias\\\/\",\"name\":\"NBAsturias\",\"image\":{\"@type\":\"ImageObject\",\"@id\":\"https:\\\/\\\/eldigitaldeasturias.com\\\/radio\\\/el-plan-de-choque-de-dependencia-aumenta-la-tramitacion-electronica-de-derechos-sociales\\\/#authorImage\",\"url\":\"https:\\\/\\\/secure.gravatar.com\\\/avatar\\\/df2aeffc32bcd13f8d26072ef8a91b623d677766deac7f97ca815868cd41bf5e?s=96&d=mm&r=g\",\"width\":96,\"height\":96,\"caption\":\"NBAsturias\"}},{\"@type\":\"WebPage\",\"@id\":\"https:\\\/\\\/eldigitaldeasturias.com\\\/radio\\\/el-plan-de-choque-de-dependencia-aumenta-la-tramitacion-electronica-de-derechos-sociales\\\/#webpage\",\"url\":\"https:\\\/\\\/eldigitaldeasturias.com\\\/radio\\\/el-plan-de-choque-de-dependencia-aumenta-la-tramitacion-electronica-de-derechos-sociales\\\/\",\"name\":\"El plan de choque de dependencia aumenta la tramitaci\\u00f3n electr\\u00f3nica de Derechos Sociales | El Digital de Asturias\",\"description\":\"(EP) - El Gobierno de Asturias ha informado que el plan de choque de dependencia ha aumentado la tramitaci\\u00f3n electr\\u00f3nica en la Consejer\\u00eda de Derechos Sociales y Bienestar, con 429.398 expedientes electr\\u00f3nicos gestionados y 26.941 resueltos hasta mediados de este mes. Estos datos sit\\u00faan al departamento que dirige Melania \\u00c1lvarez a la cabeza de la\",\"inLanguage\":\"es-ES\",\"isPartOf\":{\"@id\":\"https:\\\/\\\/eldigitaldeasturias.com\\\/radio\\\/#website\"},\"breadcrumb\":{\"@id\":\"https:\\\/\\\/eldigitaldeasturias.com\\\/radio\\\/el-plan-de-choque-de-dependencia-aumenta-la-tramitacion-electronica-de-derechos-sociales\\\/#breadcrumblist\"},\"author\":{\"@id\":\"https:\\\/\\\/eldigitaldeasturias.com\\\/radio\\\/author\\\/nbasturias\\\/#author\"},\"creator\":{\"@id\":\"https:\\\/\\\/eldigitaldeasturias.com\\\/radio\\\/author\\\/nbasturias\\\/#author\"},\"image\":{\"@type\":\"ImageObject\",\"url\":\"https:\\\/\\\/eldigitaldeasturias.com\\\/radio\\\/wp-content\\\/uploads\\\/2020\\\/12\\\/Principado.jpg\",\"@id\":\"https:\\\/\\\/eldigitaldeasturias.com\\\/radio\\\/el-plan-de-choque-de-dependencia-aumenta-la-tramitacion-electronica-de-derechos-sociales\\\/#mainImage\",\"width\":698,\"height\":488,\"caption\":\"Melania \\u00c1lvarez - GOBIERNO DE ASTURIAS\"},\"primaryImageOfPage\":{\"@id\":\"https:\\\/\\\/eldigitaldeasturias.com\\\/radio\\\/el-plan-de-choque-de-dependencia-aumenta-la-tramitacion-electronica-de-derechos-sociales\\\/#mainImage\"},\"datePublished\":\"2020-12-26T22:58:43+01:00\",\"dateModified\":\"2020-12-26T22:58:43+01:00\"},{\"@type\":\"WebSite\",\"@id\":\"https:\\\/\\\/eldigitaldeasturias.com\\\/radio\\\/#website\",\"url\":\"https:\\\/\\\/eldigitaldeasturias.com\\\/radio\\\/\",\"name\":\"El Digital de Asturias\",\"description\":\"Diario de informaci\\u00f3n y noticias\",\"inLanguage\":\"es-ES\",\"publisher\":{\"@id\":\"https:\\\/\\\/eldigitaldeasturias.com\\\/radio\\\/#organization\"}}]}\n\t\t<\/script>\n\t\t<!-- All in One SEO Pro -->\r\n\t\t<title>El plan de choque de dependencia aumenta la tramitaci\u00f3n electr\u00f3nica de Derechos Sociales | El Digital de Asturias<\/title>\n\n","aioseo_head_json":{"title":"El plan de choque de dependencia aumenta la tramitaci\u00f3n electr\u00f3nica de Derechos Sociales | El Digital de Asturias","description":"(EP) - El Gobierno de Asturias ha informado que el plan de choque de dependencia ha aumentado la tramitaci\u00f3n electr\u00f3nica en la Consejer\u00eda de Derechos Sociales y Bienestar, con 429.398 expedientes electr\u00f3nicos gestionados y 26.941 resueltos hasta mediados de este mes. Estos datos sit\u00faan al departamento que dirige Melania \u00c1lvarez a la cabeza de la","canonical_url":"https:\/\/eldigitaldeasturias.com\/radio\/el-plan-de-choque-de-dependencia-aumenta-la-tramitacion-electronica-de-derechos-sociales\/","robots":"max-image-preview:large","keywords":"noticias","webmasterTools":{"google-site-verification":"UA-38556648-1","miscellaneous":""},"schema":{"@context":"https:\/\/schema.org","@graph":[{"@type":"BreadcrumbList","@id":"https:\/\/eldigitaldeasturias.com\/radio\/el-plan-de-choque-de-dependencia-aumenta-la-tramitacion-electronica-de-derechos-sociales\/#breadcrumblist","itemListElement":[{"@type":"ListItem","@id":"https:\/\/eldigitaldeasturias.com\/radio#listItem","position":1,"name":"Inicio","item":"https:\/\/eldigitaldeasturias.com\/radio","nextItem":{"@type":"ListItem","@id":"https:\/\/eldigitaldeasturias.com\/radio\/category\/noticias\/#listItem","name":"Noticias"}},{"@type":"ListItem","@id":"https:\/\/eldigitaldeasturias.com\/radio\/category\/noticias\/#listItem","position":2,"name":"Noticias","item":"https:\/\/eldigitaldeasturias.com\/radio\/category\/noticias\/","nextItem":{"@type":"ListItem","@id":"https:\/\/eldigitaldeasturias.com\/radio\/el-plan-de-choque-de-dependencia-aumenta-la-tramitacion-electronica-de-derechos-sociales\/#listItem","name":"El plan de choque de dependencia aumenta la tramitaci\u00f3n electr\u00f3nica de Derechos Sociales"},"previousItem":{"@type":"ListItem","@id":"https:\/\/eldigitaldeasturias.com\/radio#listItem","name":"Inicio"}},{"@type":"ListItem","@id":"https:\/\/eldigitaldeasturias.com\/radio\/el-plan-de-choque-de-dependencia-aumenta-la-tramitacion-electronica-de-derechos-sociales\/#listItem","position":3,"name":"El plan de choque de dependencia aumenta la tramitaci\u00f3n electr\u00f3nica de Derechos Sociales","previousItem":{"@type":"ListItem","@id":"https:\/\/eldigitaldeasturias.com\/radio\/category\/noticias\/#listItem","name":"Noticias"}}]},{"@type":"NewsArticle","@id":"https:\/\/eldigitaldeasturias.com\/radio\/el-plan-de-choque-de-dependencia-aumenta-la-tramitacion-electronica-de-derechos-sociales\/#newsarticle","name":"El plan de choque de dependencia aumenta la tramitaci\u00f3n electr\u00f3nica de Derechos Sociales | El Digital de Asturias","headline":"El plan de choque de dependencia aumenta la tramitaci\u00f3n electr\u00f3nica de Derechos Sociales","author":{"@id":"https:\/\/eldigitaldeasturias.com\/radio\/author\/nbasturias\/#author"},"publisher":{"@id":"https:\/\/eldigitaldeasturias.com\/radio\/#organization"},"image":{"@type":"ImageObject","url":"https:\/\/eldigitaldeasturias.com\/radio\/wp-content\/uploads\/2020\/12\/Principado.jpg","width":698,"height":488,"caption":"Melania \u00c1lvarez - GOBIERNO DE ASTURIAS"},"datePublished":"2020-12-26T22:58:43+01:00","dateModified":"2020-12-26T22:58:43+01:00","inLanguage":"es-ES","mainEntityOfPage":{"@id":"https:\/\/eldigitaldeasturias.com\/radio\/el-plan-de-choque-de-dependencia-aumenta-la-tramitacion-electronica-de-derechos-sociales\/#webpage"},"isPartOf":{"@id":"https:\/\/eldigitaldeasturias.com\/radio\/el-plan-de-choque-de-dependencia-aumenta-la-tramitacion-electronica-de-derechos-sociales\/#webpage"},"articleSection":"Noticias","dateline":"Publicado el diciembre 26, 2020."},{"@type":"Organization","@id":"https:\/\/eldigitaldeasturias.com\/radio\/#organization","name":"El digital de Asturias Radio","description":"Diario de informaci\u00f3n y noticias","url":"https:\/\/eldigitaldeasturias.com\/radio\/","telephone":"+34652131393","logo":{"@type":"ImageObject","url":"https:\/\/www.eldigitaldeasturias.com\/radio\/wp-content\/uploads\/2021\/03\/EDA.jpg","@id":"https:\/\/eldigitaldeasturias.com\/radio\/el-plan-de-choque-de-dependencia-aumenta-la-tramitacion-electronica-de-derechos-sociales\/#organizationLogo"},"image":{"@id":"https:\/\/eldigitaldeasturias.com\/radio\/el-plan-de-choque-de-dependencia-aumenta-la-tramitacion-electronica-de-derechos-sociales\/#organizationLogo"},"sameAs":["https:\/\/www.facebook.com\/","https:\/\/x.com\/bercodi","https:\/\/www.instagram.com\/","https:\/\/www.youtube.com\/channel\/UCZP-2wLEB9Rv6erhFmqVnvg"]},{"@type":"Person","@id":"https:\/\/eldigitaldeasturias.com\/radio\/author\/nbasturias\/#author","url":"https:\/\/eldigitaldeasturias.com\/radio\/author\/nbasturias\/","name":"NBAsturias","image":{"@type":"ImageObject","@id":"https:\/\/eldigitaldeasturias.com\/radio\/el-plan-de-choque-de-dependencia-aumenta-la-tramitacion-electronica-de-derechos-sociales\/#authorImage","url":"https:\/\/secure.gravatar.com\/avatar\/df2aeffc32bcd13f8d26072ef8a91b623d677766deac7f97ca815868cd41bf5e?s=96&d=mm&r=g","width":96,"height":96,"caption":"NBAsturias"}},{"@type":"WebPage","@id":"https:\/\/eldigitaldeasturias.com\/radio\/el-plan-de-choque-de-dependencia-aumenta-la-tramitacion-electronica-de-derechos-sociales\/#webpage","url":"https:\/\/eldigitaldeasturias.com\/radio\/el-plan-de-choque-de-dependencia-aumenta-la-tramitacion-electronica-de-derechos-sociales\/","name":"El plan de choque de dependencia aumenta la tramitaci\u00f3n electr\u00f3nica de Derechos Sociales | El Digital de Asturias","description":"(EP) - El Gobierno de Asturias ha informado que el plan de choque de dependencia ha aumentado la tramitaci\u00f3n electr\u00f3nica en la Consejer\u00eda de Derechos Sociales y Bienestar, con 429.398 expedientes electr\u00f3nicos gestionados y 26.941 resueltos hasta mediados de este mes. Estos datos sit\u00faan al departamento que dirige Melania \u00c1lvarez a la cabeza de la","inLanguage":"es-ES","isPartOf":{"@id":"https:\/\/eldigitaldeasturias.com\/radio\/#website"},"breadcrumb":{"@id":"https:\/\/eldigitaldeasturias.com\/radio\/el-plan-de-choque-de-dependencia-aumenta-la-tramitacion-electronica-de-derechos-sociales\/#breadcrumblist"},"author":{"@id":"https:\/\/eldigitaldeasturias.com\/radio\/author\/nbasturias\/#author"},"creator":{"@id":"https:\/\/eldigitaldeasturias.com\/radio\/author\/nbasturias\/#author"},"image":{"@type":"ImageObject","url":"https:\/\/eldigitaldeasturias.com\/radio\/wp-content\/uploads\/2020\/12\/Principado.jpg","@id":"https:\/\/eldigitaldeasturias.com\/radio\/el-plan-de-choque-de-dependencia-aumenta-la-tramitacion-electronica-de-derechos-sociales\/#mainImage","width":698,"height":488,"caption":"Melania \u00c1lvarez - GOBIERNO DE ASTURIAS"},"primaryImageOfPage":{"@id":"https:\/\/eldigitaldeasturias.com\/radio\/el-plan-de-choque-de-dependencia-aumenta-la-tramitacion-electronica-de-derechos-sociales\/#mainImage"},"datePublished":"2020-12-26T22:58:43+01:00","dateModified":"2020-12-26T22:58:43+01:00"},{"@type":"WebSite","@id":"https:\/\/eldigitaldeasturias.com\/radio\/#website","url":"https:\/\/eldigitaldeasturias.com\/radio\/","name":"El Digital de Asturias","description":"Diario de informaci\u00f3n y noticias","inLanguage":"es-ES","publisher":{"@id":"https:\/\/eldigitaldeasturias.com\/radio\/#organization"}}]},"og:locale":"es_ES","og:site_name":"El Digital de Asturias | Diario de informaci\u00f3n y noticias","og:type":"article","og:title":"El plan de choque de dependencia aumenta la tramitaci\u00f3n electr\u00f3nica de Derechos Sociales | El Digital de Asturias","og:description":"(EP) - El Gobierno de Asturias ha informado que el plan de choque de dependencia ha aumentado la tramitaci\u00f3n electr\u00f3nica en la Consejer\u00eda de Derechos Sociales y Bienestar, con 429.398 expedientes electr\u00f3nicos gestionados y 26.941 resueltos hasta mediados de este mes. Estos datos sit\u00faan al departamento que dirige Melania \u00c1lvarez a la cabeza de la","og:url":"https:\/\/eldigitaldeasturias.com\/radio\/el-plan-de-choque-de-dependencia-aumenta-la-tramitacion-electronica-de-derechos-sociales\/","og:image":"https:\/\/eldigitaldeasturias.com\/radio\/wp-content\/uploads\/2020\/12\/Principado.jpg","og:image:secure_url":"https:\/\/eldigitaldeasturias.com\/radio\/wp-content\/uploads\/2020\/12\/Principado.jpg","og:image:width":698,"og:image:height":488,"article:published_time":"2020-12-26T22:58:43+00:00","article:modified_time":"2020-12-26T22:58:43+00:00","twitter:card":"summary_large_image","twitter:site":"@bercodi","twitter:title":"El plan de choque de dependencia aumenta la tramitaci\u00f3n electr\u00f3nica de Derechos Sociales | El Digital de Asturias","twitter:description":"(EP) - El Gobierno de Asturias ha informado que el plan de choque de dependencia ha aumentado la tramitaci\u00f3n electr\u00f3nica en la Consejer\u00eda de Derechos Sociales y Bienestar, con 429.398 expedientes electr\u00f3nicos gestionados y 26.941 resueltos hasta mediados de este mes. Estos datos sit\u00faan al departamento que dirige Melania \u00c1lvarez a la cabeza de la","twitter:creator":"@bercodi","twitter:image":"https:\/\/eldigitaldeasturias.com\/radio\/wp-content\/uploads\/2020\/12\/Principado.jpg"},"aioseo_meta_data":{"post_id":"5403","title":null,"description":null,"keywords":null,"keyphrases":null,"primary_term":null,"canonical_url":null,"og_title":null,"og_description":null,"og_object_type":"default","og_image_type":"default","og_image_url":null,"og_image_width":null,"og_image_height":null,"og_image_custom_url":null,"og_image_custom_fields":null,"og_video":null,"og_custom_url":null,"og_article_section":null,"og_article_tags":null,"twitter_use_og":false,"twitter_card":"default","twitter_image_type":"default","twitter_image_url":null,"twitter_image_custom_url":null,"twitter_image_custom_fields":null,"twitter_title":null,"twitter_description":null,"schema":{"blockGraphs":[],"customGraphs":[],"default":{"data":{"Article":[],"Course":[],"Dataset":[],"FAQPage":[],"Movie":[],"Person":[],"Product":[],"ProductReview":[],"Car":[],"Recipe":[],"Service":[],"SoftwareApplication":[],"WebPage":[]},"graphName":"","isEnabled":true},"graphs":[],"defaultGraph":"","defaultPostTypeGraph":""},"schema_type":null,"schema_type_options":null,"pillar_content":false,"robots_default":true,"robots_noindex":false,"robots_noarchive":false,"robots_nosnippet":false,"robots_nofollow":false,"robots_noimageindex":false,"robots_noodp":false,"robots_notranslate":false,"robots_max_snippet":null,"robots_max_videopreview":null,"robots_max_imagepreview":"large","priority":null,"frequency":null,"location":null,"local_seo":null,"seo_analyzer_scan_date":"2025-08-28 17:49:23","breadcrumb_settings":null,"limit_modified_date":false,"open_ai":null,"ai":null,"created":"2021-03-28 12:47:22","updated":"2025-08-28 17:49:23"},"aioseo_breadcrumb":"<div class=\"aioseo-breadcrumbs\"><span class=\"aioseo-breadcrumb\">\n\t<a href=\"https:\/\/eldigitaldeasturias.com\/radio\" title=\"Inicio\">Inicio<\/a>\n<\/span><span class=\"aioseo-breadcrumb-separator\">&ndash;<\/span><span class=\"aioseo-breadcrumb\">\n\t<a href=\"https:\/\/eldigitaldeasturias.com\/radio\/category\/noticias\/\" title=\"Noticias\">Noticias<\/a>\n<\/span><span class=\"aioseo-breadcrumb-separator\">&ndash;<\/span><span class=\"aioseo-breadcrumb\">\n\tEl plan de choque de dependencia aumenta la tramitaci\u00f3n electr\u00f3nica de Derechos Sociales\n<\/span><\/div>","aioseo_breadcrumb_json":[{"label":"Inicio","link":"https:\/\/eldigitaldeasturias.com\/radio"},{"label":"Noticias","link":"https:\/\/eldigitaldeasturias.com\/radio\/category\/noticias\/"},{"label":"El plan de choque de dependencia aumenta la tramitaci\u00f3n electr\u00f3nica de Derechos Sociales","link":"https:\/\/eldigitaldeasturias.com\/radio\/el-plan-de-choque-de-dependencia-aumenta-la-tramitacion-electronica-de-derechos-sociales\/"}],"_links":{"self":[{"href":"https:\/\/eldigitaldeasturias.com\/radio\/wp-json\/wp\/v2\/posts\/5403","targetHints":{"allow":["GET"]}}],"collection":[{"href":"https:\/\/eldigitaldeasturias.com\/radio\/wp-json\/wp\/v2\/posts"}],"about":[{"href":"https:\/\/eldigitaldeasturias.com\/radio\/wp-json\/wp\/v2\/types\/post"}],"author":[{"embeddable":true,"href":"https:\/\/eldigitaldeasturias.com\/radio\/wp-json\/wp\/v2\/users\/1"}],"replies":[{"embeddable":true,"href":"https:\/\/eldigitaldeasturias.com\/radio\/wp-json\/wp\/v2\/comments?post=5403"}],"version-history":[{"count":0,"href":"https:\/\/eldigitaldeasturias.com\/radio\/wp-json\/wp\/v2\/posts\/5403\/revisions"}],"wp:featuredmedia":[{"embeddable":true,"href":"https:\/\/eldigitaldeasturias.com\/radio\/wp-json\/wp\/v2\/media\/5404"}],"wp:attachment":[{"href":"https:\/\/eldigitaldeasturias.com\/radio\/wp-json\/wp\/v2\/media?parent=5403"}],"wp:term":[{"taxonomy":"category","embeddable":true,"href":"https:\/\/eldigitaldeasturias.com\/radio\/wp-json\/wp\/v2\/categories?post=5403"},{"taxonomy":"post_tag","embeddable":true,"href":"https:\/\/eldigitaldeasturias.com\/radio\/wp-json\/wp\/v2\/tags?post=5403"}],"curies":[{"name":"wp","href":"https:\/\/api.w.org\/{rel}","templated":true}]}}