{"id":5400,"date":"2020-12-26T22:44:20","date_gmt":"2020-12-26T22:44:20","guid":{"rendered":"http:\/\/eldigitaldeasturias.com\/radio\/?p=5400"},"modified":"2020-12-26T22:44:20","modified_gmt":"2020-12-26T22:44:20","slug":"las-primeras-dosis-de-la-vacuna-de-pfizer-ya-estan-en-espana","status":"publish","type":"post","link":"https:\/\/eldigitaldeasturias.com\/radio\/las-primeras-dosis-de-la-vacuna-de-pfizer-ya-estan-en-espana\/","title":{"rendered":"Las primeras dosis de la vacuna de Pfizer ya est\u00e1n en Espa\u00f1a"},"content":{"rendered":"<p><img fetchpriority=\"high\" decoding=\"async\" class=\"alignleft size-medium wp-image-5401\" src=\"https:\/\/eldigitaldeasturias.com\/radio\/wp-content\/uploads\/2020\/12\/coronavirus-4957673_640-360x240.jpg\" alt=\"\" width=\"360\" height=\"240\" srcset=\"https:\/\/eldigitaldeasturias.com\/radio\/wp-content\/uploads\/2020\/12\/coronavirus-4957673_640-360x240.jpg 360w, https:\/\/eldigitaldeasturias.com\/radio\/wp-content\/uploads\/2020\/12\/coronavirus-4957673_640.jpg 640w\" sizes=\"(max-width: 360px) 100vw, 360px\" \/>(EP) -Las primeras dosis de la vacuna frente al Covid-19 desarrollada por la compa\u00f1\u00eda Pfizer ya han llegado a Espa\u00f1a y se encuentran en un almac\u00e9n de Guadalajara desde donde se repartir\u00e1n en las pr\u00f3ximas horas de forma equitativa entre los puntos designados por todas las comunidades y ciudades aut\u00f3nomas para comenzar ma\u00f1ana la vacunaci\u00f3n.<\/p>\n<p>A las 07.29 horas de este s\u00e1bado, el cami\u00f3n que las transportaba desde B\u00e9lgica lleg\u00f3 al almac\u00e9n de Guadalajara, seg\u00fan ha informado el Ministerio de Sanidad.<\/p>\n<p>T\u00e9cnicos de la Agencia Espa\u00f1ola del Medicamento y Productos Sanitarios (AEMPS) firmar\u00e1n en los pr\u00f3ximos minutos la recepci\u00f3n de esta primera entrega con los lotes de la vacuna desarrollada por los laboratorios Pfizer y BioNTech, destinados a los pa\u00edses de la Uni\u00f3n Europea y que salieron el mi\u00e9rcoles en contenedores t\u00e9rmicos de la planta belga de Puurs.<\/p>\n<p>Dichas dosis se repartir\u00e1n en las pr\u00f3ximas horas de forma equitativa entre los puntos designados por todas las comunidades y ciudades aut\u00f3nomas con el objetivo de que ma\u00f1ana domingo comience la vacunaci\u00f3n en toda Espa\u00f1a.<\/p>\n<p>La Uni\u00f3n Europea iniciar\u00e1 as\u00ed la vacunaci\u00f3n este domingo 27 de diciembre, en una estrategia coordinada y acordada entre los estados miembros tras la adquisici\u00f3n de manera conjunta de las vacunas frente al virus.<\/p>\n<p>Ma\u00f1ana se inicia la primera de las tres etapas establecidas en la Estrategia de Vacunaci\u00f3n contra el Covid en Espa\u00f1a y que prioriza cuatro grupos de poblaci\u00f3n: los residentes y personal sanitario y sociosanitario en residencias de personas mayores y con discapacidad; el personal sanitario de primera l\u00ednea; otro personal sanitario y sociosanitario y grandes dependientes no institucionalizados.<\/p>\n<p>A partir del lunes se enviar\u00e1, en total, una media de 350.000 dosis a las comunidades aut\u00f3nomas con una periodicidad semanal. En las pr\u00f3ximas doce semanas, Espa\u00f1a recibir\u00e1 4.591.275 dosis de esta vacuna de Pfizer con las que se conseguir\u00e1 inmunizar a 2.295.638 personas, con lo que se cubrir\u00eda la primera etapa de la Estrategia de vacunaci\u00f3n contra el Covid-19 en Espa\u00f1a.<\/p>\n","protected":false},"excerpt":{"rendered":"<p>(EP) -Las primeras dosis de la vacuna frente al Covid-19 desarrollada por la compa\u00f1\u00eda Pfizer ya han llegado a Espa\u00f1a y se encuentran en un almac\u00e9n de Guadalajara desde donde se repartir\u00e1n en las pr\u00f3ximas horas de forma equitativa entre los puntos designados por todas las comunidades y ciudades aut\u00f3nomas para comenzar ma\u00f1ana la vacunaci\u00f3n.<\/p>\n","protected":false},"author":1,"featured_media":5401,"comment_status":"closed","ping_status":"closed","sticky":false,"template":"","format":"standard","meta":{"footnotes":""},"categories":[1],"tags":[],"class_list":{"0":"post-5400","1":"post","2":"type-post","3":"status-publish","4":"format-standard","5":"has-post-thumbnail","7":"category-noticias"},"aioseo_notices":[],"aioseo_head":"\n\t\t<!-- All in One SEO Pro 4.9.6.2 - aioseo.com -->\n\t<meta name=\"description\" content=\"(EP) -Las primeras dosis de la vacuna frente al Covid-19 desarrollada por la compa\u00f1\u00eda Pfizer ya han llegado a Espa\u00f1a y se encuentran en un almac\u00e9n de Guadalajara desde donde se repartir\u00e1n en las pr\u00f3ximas horas de forma equitativa entre los puntos designados por todas las comunidades y ciudades aut\u00f3nomas para comenzar ma\u00f1ana la vacunaci\u00f3n.\" \/>\n\t<meta name=\"robots\" content=\"max-image-preview:large\" \/>\n\t<meta name=\"author\" content=\"NBAsturias\"\/>\n\t<meta name=\"google-site-verification\" content=\"UA-38556648-1\" \/>\n\t<meta name=\"keywords\" content=\"noticias\" \/>\n\t<link rel=\"canonical\" href=\"https:\/\/eldigitaldeasturias.com\/radio\/las-primeras-dosis-de-la-vacuna-de-pfizer-ya-estan-en-espana\/\" \/>\n\t<meta name=\"generator\" content=\"All in One SEO Pro (AIOSEO) 4.9.6.2\" \/>\n\t\t<meta property=\"og:locale\" content=\"es_ES\" \/>\n\t\t<meta property=\"og:site_name\" content=\"El Digital de Asturias | Diario de informaci\u00f3n y noticias\" \/>\n\t\t<meta property=\"og:type\" content=\"article\" \/>\n\t\t<meta property=\"og:title\" content=\"Las primeras dosis de la vacuna de Pfizer ya est\u00e1n en Espa\u00f1a | El Digital de Asturias\" \/>\n\t\t<meta property=\"og:description\" content=\"(EP) -Las primeras dosis de la vacuna frente al Covid-19 desarrollada por la compa\u00f1\u00eda Pfizer ya han llegado a Espa\u00f1a y se encuentran en un almac\u00e9n de Guadalajara desde donde se repartir\u00e1n en las pr\u00f3ximas horas de forma equitativa entre los puntos designados por todas las comunidades y ciudades aut\u00f3nomas para comenzar ma\u00f1ana la vacunaci\u00f3n.\" \/>\n\t\t<meta property=\"og:url\" content=\"https:\/\/eldigitaldeasturias.com\/radio\/las-primeras-dosis-de-la-vacuna-de-pfizer-ya-estan-en-espana\/\" \/>\n\t\t<meta property=\"og:image\" content=\"https:\/\/eldigitaldeasturias.com\/radio\/wp-content\/uploads\/2020\/12\/coronavirus-4957673_640.jpg\" \/>\n\t\t<meta property=\"og:image:secure_url\" content=\"https:\/\/eldigitaldeasturias.com\/radio\/wp-content\/uploads\/2020\/12\/coronavirus-4957673_640.jpg\" \/>\n\t\t<meta property=\"og:image:width\" content=\"640\" \/>\n\t\t<meta property=\"og:image:height\" content=\"427\" \/>\n\t\t<meta property=\"article:published_time\" content=\"2020-12-26T22:44:20+00:00\" \/>\n\t\t<meta property=\"article:modified_time\" content=\"2020-12-26T22:44:20+00:00\" \/>\n\t\t<meta name=\"twitter:card\" content=\"summary_large_image\" \/>\n\t\t<meta name=\"twitter:site\" content=\"@bercodi\" \/>\n\t\t<meta name=\"twitter:title\" content=\"Las primeras dosis de la vacuna de Pfizer ya est\u00e1n en Espa\u00f1a | El Digital de Asturias\" \/>\n\t\t<meta name=\"twitter:description\" content=\"(EP) -Las primeras dosis de la vacuna frente al Covid-19 desarrollada por la compa\u00f1\u00eda Pfizer ya han llegado a Espa\u00f1a y se encuentran en un almac\u00e9n de Guadalajara desde donde se repartir\u00e1n en las pr\u00f3ximas horas de forma equitativa entre los puntos designados por todas las comunidades y ciudades aut\u00f3nomas para comenzar ma\u00f1ana la vacunaci\u00f3n.\" \/>\n\t\t<meta name=\"twitter:creator\" content=\"@bercodi\" \/>\n\t\t<meta name=\"twitter:image\" content=\"https:\/\/eldigitaldeasturias.com\/radio\/wp-content\/uploads\/2020\/12\/coronavirus-4957673_640.jpg\" \/>\n\t\t<script type=\"application\/ld+json\" class=\"aioseo-schema\">\n\t\t\t{\"@context\":\"https:\\\/\\\/schema.org\",\"@graph\":[{\"@type\":\"BreadcrumbList\",\"@id\":\"https:\\\/\\\/eldigitaldeasturias.com\\\/radio\\\/las-primeras-dosis-de-la-vacuna-de-pfizer-ya-estan-en-espana\\\/#breadcrumblist\",\"itemListElement\":[{\"@type\":\"ListItem\",\"@id\":\"https:\\\/\\\/eldigitaldeasturias.com\\\/radio#listItem\",\"position\":1,\"name\":\"Inicio\",\"item\":\"https:\\\/\\\/eldigitaldeasturias.com\\\/radio\",\"nextItem\":{\"@type\":\"ListItem\",\"@id\":\"https:\\\/\\\/eldigitaldeasturias.com\\\/radio\\\/category\\\/noticias\\\/#listItem\",\"name\":\"Noticias\"}},{\"@type\":\"ListItem\",\"@id\":\"https:\\\/\\\/eldigitaldeasturias.com\\\/radio\\\/category\\\/noticias\\\/#listItem\",\"position\":2,\"name\":\"Noticias\",\"item\":\"https:\\\/\\\/eldigitaldeasturias.com\\\/radio\\\/category\\\/noticias\\\/\",\"nextItem\":{\"@type\":\"ListItem\",\"@id\":\"https:\\\/\\\/eldigitaldeasturias.com\\\/radio\\\/las-primeras-dosis-de-la-vacuna-de-pfizer-ya-estan-en-espana\\\/#listItem\",\"name\":\"Las primeras dosis de la vacuna de Pfizer ya est\\u00e1n en Espa\\u00f1a\"},\"previousItem\":{\"@type\":\"ListItem\",\"@id\":\"https:\\\/\\\/eldigitaldeasturias.com\\\/radio#listItem\",\"name\":\"Inicio\"}},{\"@type\":\"ListItem\",\"@id\":\"https:\\\/\\\/eldigitaldeasturias.com\\\/radio\\\/las-primeras-dosis-de-la-vacuna-de-pfizer-ya-estan-en-espana\\\/#listItem\",\"position\":3,\"name\":\"Las primeras dosis de la vacuna de Pfizer ya est\\u00e1n en Espa\\u00f1a\",\"previousItem\":{\"@type\":\"ListItem\",\"@id\":\"https:\\\/\\\/eldigitaldeasturias.com\\\/radio\\\/category\\\/noticias\\\/#listItem\",\"name\":\"Noticias\"}}]},{\"@type\":\"NewsArticle\",\"@id\":\"https:\\\/\\\/eldigitaldeasturias.com\\\/radio\\\/las-primeras-dosis-de-la-vacuna-de-pfizer-ya-estan-en-espana\\\/#newsarticle\",\"name\":\"Las primeras dosis de la vacuna de Pfizer ya est\\u00e1n en Espa\\u00f1a | El Digital de Asturias\",\"headline\":\"Las primeras dosis de la vacuna de Pfizer ya est\\u00e1n en Espa\\u00f1a\",\"author\":{\"@id\":\"https:\\\/\\\/eldigitaldeasturias.com\\\/radio\\\/author\\\/nbasturias\\\/#author\"},\"publisher\":{\"@id\":\"https:\\\/\\\/eldigitaldeasturias.com\\\/radio\\\/#organization\"},\"image\":{\"@type\":\"ImageObject\",\"url\":\"https:\\\/\\\/eldigitaldeasturias.com\\\/radio\\\/wp-content\\\/uploads\\\/2020\\\/12\\\/coronavirus-4957673_640.jpg\",\"width\":640,\"height\":427},\"datePublished\":\"2020-12-26T22:44:20+01:00\",\"dateModified\":\"2020-12-26T22:44:20+01:00\",\"inLanguage\":\"es-ES\",\"mainEntityOfPage\":{\"@id\":\"https:\\\/\\\/eldigitaldeasturias.com\\\/radio\\\/las-primeras-dosis-de-la-vacuna-de-pfizer-ya-estan-en-espana\\\/#webpage\"},\"isPartOf\":{\"@id\":\"https:\\\/\\\/eldigitaldeasturias.com\\\/radio\\\/las-primeras-dosis-de-la-vacuna-de-pfizer-ya-estan-en-espana\\\/#webpage\"},\"articleSection\":\"Noticias\",\"dateline\":\"Publicado el diciembre 26, 2020.\"},{\"@type\":\"Organization\",\"@id\":\"https:\\\/\\\/eldigitaldeasturias.com\\\/radio\\\/#organization\",\"name\":\"El digital de Asturias Radio\",\"description\":\"Diario de informaci\\u00f3n y noticias\",\"url\":\"https:\\\/\\\/eldigitaldeasturias.com\\\/radio\\\/\",\"telephone\":\"+34652131393\",\"logo\":{\"@type\":\"ImageObject\",\"url\":\"https:\\\/\\\/www.eldigitaldeasturias.com\\\/radio\\\/wp-content\\\/uploads\\\/2021\\\/03\\\/EDA.jpg\",\"@id\":\"https:\\\/\\\/eldigitaldeasturias.com\\\/radio\\\/las-primeras-dosis-de-la-vacuna-de-pfizer-ya-estan-en-espana\\\/#organizationLogo\"},\"image\":{\"@id\":\"https:\\\/\\\/eldigitaldeasturias.com\\\/radio\\\/las-primeras-dosis-de-la-vacuna-de-pfizer-ya-estan-en-espana\\\/#organizationLogo\"},\"sameAs\":[\"https:\\\/\\\/www.facebook.com\\\/\",\"https:\\\/\\\/x.com\\\/bercodi\",\"https:\\\/\\\/www.instagram.com\\\/\",\"https:\\\/\\\/www.youtube.com\\\/channel\\\/UCZP-2wLEB9Rv6erhFmqVnvg\"]},{\"@type\":\"Person\",\"@id\":\"https:\\\/\\\/eldigitaldeasturias.com\\\/radio\\\/author\\\/nbasturias\\\/#author\",\"url\":\"https:\\\/\\\/eldigitaldeasturias.com\\\/radio\\\/author\\\/nbasturias\\\/\",\"name\":\"NBAsturias\",\"image\":{\"@type\":\"ImageObject\",\"@id\":\"https:\\\/\\\/eldigitaldeasturias.com\\\/radio\\\/las-primeras-dosis-de-la-vacuna-de-pfizer-ya-estan-en-espana\\\/#authorImage\",\"url\":\"https:\\\/\\\/secure.gravatar.com\\\/avatar\\\/df2aeffc32bcd13f8d26072ef8a91b623d677766deac7f97ca815868cd41bf5e?s=96&d=mm&r=g\",\"width\":96,\"height\":96,\"caption\":\"NBAsturias\"}},{\"@type\":\"WebPage\",\"@id\":\"https:\\\/\\\/eldigitaldeasturias.com\\\/radio\\\/las-primeras-dosis-de-la-vacuna-de-pfizer-ya-estan-en-espana\\\/#webpage\",\"url\":\"https:\\\/\\\/eldigitaldeasturias.com\\\/radio\\\/las-primeras-dosis-de-la-vacuna-de-pfizer-ya-estan-en-espana\\\/\",\"name\":\"Las primeras dosis de la vacuna de Pfizer ya est\\u00e1n en Espa\\u00f1a | El Digital de Asturias\",\"description\":\"(EP) -Las primeras dosis de la vacuna frente al Covid-19 desarrollada por la compa\\u00f1\\u00eda Pfizer ya han llegado a Espa\\u00f1a y se encuentran en un almac\\u00e9n de Guadalajara desde donde se repartir\\u00e1n en las pr\\u00f3ximas horas de forma equitativa entre los puntos designados por todas las comunidades y ciudades aut\\u00f3nomas para comenzar ma\\u00f1ana la vacunaci\\u00f3n.\",\"inLanguage\":\"es-ES\",\"isPartOf\":{\"@id\":\"https:\\\/\\\/eldigitaldeasturias.com\\\/radio\\\/#website\"},\"breadcrumb\":{\"@id\":\"https:\\\/\\\/eldigitaldeasturias.com\\\/radio\\\/las-primeras-dosis-de-la-vacuna-de-pfizer-ya-estan-en-espana\\\/#breadcrumblist\"},\"author\":{\"@id\":\"https:\\\/\\\/eldigitaldeasturias.com\\\/radio\\\/author\\\/nbasturias\\\/#author\"},\"creator\":{\"@id\":\"https:\\\/\\\/eldigitaldeasturias.com\\\/radio\\\/author\\\/nbasturias\\\/#author\"},\"image\":{\"@type\":\"ImageObject\",\"url\":\"https:\\\/\\\/eldigitaldeasturias.com\\\/radio\\\/wp-content\\\/uploads\\\/2020\\\/12\\\/coronavirus-4957673_640.jpg\",\"@id\":\"https:\\\/\\\/eldigitaldeasturias.com\\\/radio\\\/las-primeras-dosis-de-la-vacuna-de-pfizer-ya-estan-en-espana\\\/#mainImage\",\"width\":640,\"height\":427},\"primaryImageOfPage\":{\"@id\":\"https:\\\/\\\/eldigitaldeasturias.com\\\/radio\\\/las-primeras-dosis-de-la-vacuna-de-pfizer-ya-estan-en-espana\\\/#mainImage\"},\"datePublished\":\"2020-12-26T22:44:20+01:00\",\"dateModified\":\"2020-12-26T22:44:20+01:00\"},{\"@type\":\"WebSite\",\"@id\":\"https:\\\/\\\/eldigitaldeasturias.com\\\/radio\\\/#website\",\"url\":\"https:\\\/\\\/eldigitaldeasturias.com\\\/radio\\\/\",\"name\":\"El Digital de Asturias\",\"description\":\"Diario de informaci\\u00f3n y noticias\",\"inLanguage\":\"es-ES\",\"publisher\":{\"@id\":\"https:\\\/\\\/eldigitaldeasturias.com\\\/radio\\\/#organization\"}}]}\n\t\t<\/script>\n\t\t<!-- All in One SEO Pro -->\r\n\t\t<title>Las primeras dosis de la vacuna de Pfizer ya est\u00e1n en Espa\u00f1a | El Digital de Asturias<\/title>\n\n","aioseo_head_json":{"title":"Las primeras dosis de la vacuna de Pfizer ya est\u00e1n en Espa\u00f1a | El Digital de Asturias","description":"(EP) -Las primeras dosis de la vacuna frente al Covid-19 desarrollada por la compa\u00f1\u00eda Pfizer ya han llegado a Espa\u00f1a y se encuentran en un almac\u00e9n de Guadalajara desde donde se repartir\u00e1n en las pr\u00f3ximas horas de forma equitativa entre los puntos designados por todas las comunidades y ciudades aut\u00f3nomas para comenzar ma\u00f1ana la vacunaci\u00f3n.","canonical_url":"https:\/\/eldigitaldeasturias.com\/radio\/las-primeras-dosis-de-la-vacuna-de-pfizer-ya-estan-en-espana\/","robots":"max-image-preview:large","keywords":"noticias","webmasterTools":{"google-site-verification":"UA-38556648-1","miscellaneous":""},"schema":{"@context":"https:\/\/schema.org","@graph":[{"@type":"BreadcrumbList","@id":"https:\/\/eldigitaldeasturias.com\/radio\/las-primeras-dosis-de-la-vacuna-de-pfizer-ya-estan-en-espana\/#breadcrumblist","itemListElement":[{"@type":"ListItem","@id":"https:\/\/eldigitaldeasturias.com\/radio#listItem","position":1,"name":"Inicio","item":"https:\/\/eldigitaldeasturias.com\/radio","nextItem":{"@type":"ListItem","@id":"https:\/\/eldigitaldeasturias.com\/radio\/category\/noticias\/#listItem","name":"Noticias"}},{"@type":"ListItem","@id":"https:\/\/eldigitaldeasturias.com\/radio\/category\/noticias\/#listItem","position":2,"name":"Noticias","item":"https:\/\/eldigitaldeasturias.com\/radio\/category\/noticias\/","nextItem":{"@type":"ListItem","@id":"https:\/\/eldigitaldeasturias.com\/radio\/las-primeras-dosis-de-la-vacuna-de-pfizer-ya-estan-en-espana\/#listItem","name":"Las primeras dosis de la vacuna de Pfizer ya est\u00e1n en Espa\u00f1a"},"previousItem":{"@type":"ListItem","@id":"https:\/\/eldigitaldeasturias.com\/radio#listItem","name":"Inicio"}},{"@type":"ListItem","@id":"https:\/\/eldigitaldeasturias.com\/radio\/las-primeras-dosis-de-la-vacuna-de-pfizer-ya-estan-en-espana\/#listItem","position":3,"name":"Las primeras dosis de la vacuna de Pfizer ya est\u00e1n en Espa\u00f1a","previousItem":{"@type":"ListItem","@id":"https:\/\/eldigitaldeasturias.com\/radio\/category\/noticias\/#listItem","name":"Noticias"}}]},{"@type":"NewsArticle","@id":"https:\/\/eldigitaldeasturias.com\/radio\/las-primeras-dosis-de-la-vacuna-de-pfizer-ya-estan-en-espana\/#newsarticle","name":"Las primeras dosis de la vacuna de Pfizer ya est\u00e1n en Espa\u00f1a | El Digital de Asturias","headline":"Las primeras dosis de la vacuna de Pfizer ya est\u00e1n en Espa\u00f1a","author":{"@id":"https:\/\/eldigitaldeasturias.com\/radio\/author\/nbasturias\/#author"},"publisher":{"@id":"https:\/\/eldigitaldeasturias.com\/radio\/#organization"},"image":{"@type":"ImageObject","url":"https:\/\/eldigitaldeasturias.com\/radio\/wp-content\/uploads\/2020\/12\/coronavirus-4957673_640.jpg","width":640,"height":427},"datePublished":"2020-12-26T22:44:20+01:00","dateModified":"2020-12-26T22:44:20+01:00","inLanguage":"es-ES","mainEntityOfPage":{"@id":"https:\/\/eldigitaldeasturias.com\/radio\/las-primeras-dosis-de-la-vacuna-de-pfizer-ya-estan-en-espana\/#webpage"},"isPartOf":{"@id":"https:\/\/eldigitaldeasturias.com\/radio\/las-primeras-dosis-de-la-vacuna-de-pfizer-ya-estan-en-espana\/#webpage"},"articleSection":"Noticias","dateline":"Publicado el diciembre 26, 2020."},{"@type":"Organization","@id":"https:\/\/eldigitaldeasturias.com\/radio\/#organization","name":"El digital de Asturias Radio","description":"Diario de informaci\u00f3n y noticias","url":"https:\/\/eldigitaldeasturias.com\/radio\/","telephone":"+34652131393","logo":{"@type":"ImageObject","url":"https:\/\/www.eldigitaldeasturias.com\/radio\/wp-content\/uploads\/2021\/03\/EDA.jpg","@id":"https:\/\/eldigitaldeasturias.com\/radio\/las-primeras-dosis-de-la-vacuna-de-pfizer-ya-estan-en-espana\/#organizationLogo"},"image":{"@id":"https:\/\/eldigitaldeasturias.com\/radio\/las-primeras-dosis-de-la-vacuna-de-pfizer-ya-estan-en-espana\/#organizationLogo"},"sameAs":["https:\/\/www.facebook.com\/","https:\/\/x.com\/bercodi","https:\/\/www.instagram.com\/","https:\/\/www.youtube.com\/channel\/UCZP-2wLEB9Rv6erhFmqVnvg"]},{"@type":"Person","@id":"https:\/\/eldigitaldeasturias.com\/radio\/author\/nbasturias\/#author","url":"https:\/\/eldigitaldeasturias.com\/radio\/author\/nbasturias\/","name":"NBAsturias","image":{"@type":"ImageObject","@id":"https:\/\/eldigitaldeasturias.com\/radio\/las-primeras-dosis-de-la-vacuna-de-pfizer-ya-estan-en-espana\/#authorImage","url":"https:\/\/secure.gravatar.com\/avatar\/df2aeffc32bcd13f8d26072ef8a91b623d677766deac7f97ca815868cd41bf5e?s=96&d=mm&r=g","width":96,"height":96,"caption":"NBAsturias"}},{"@type":"WebPage","@id":"https:\/\/eldigitaldeasturias.com\/radio\/las-primeras-dosis-de-la-vacuna-de-pfizer-ya-estan-en-espana\/#webpage","url":"https:\/\/eldigitaldeasturias.com\/radio\/las-primeras-dosis-de-la-vacuna-de-pfizer-ya-estan-en-espana\/","name":"Las primeras dosis de la vacuna de Pfizer ya est\u00e1n en Espa\u00f1a | El Digital de Asturias","description":"(EP) -Las primeras dosis de la vacuna frente al Covid-19 desarrollada por la compa\u00f1\u00eda Pfizer ya han llegado a Espa\u00f1a y se encuentran en un almac\u00e9n de Guadalajara desde donde se repartir\u00e1n en las pr\u00f3ximas horas de forma equitativa entre los puntos designados por todas las comunidades y ciudades aut\u00f3nomas para comenzar ma\u00f1ana la vacunaci\u00f3n.","inLanguage":"es-ES","isPartOf":{"@id":"https:\/\/eldigitaldeasturias.com\/radio\/#website"},"breadcrumb":{"@id":"https:\/\/eldigitaldeasturias.com\/radio\/las-primeras-dosis-de-la-vacuna-de-pfizer-ya-estan-en-espana\/#breadcrumblist"},"author":{"@id":"https:\/\/eldigitaldeasturias.com\/radio\/author\/nbasturias\/#author"},"creator":{"@id":"https:\/\/eldigitaldeasturias.com\/radio\/author\/nbasturias\/#author"},"image":{"@type":"ImageObject","url":"https:\/\/eldigitaldeasturias.com\/radio\/wp-content\/uploads\/2020\/12\/coronavirus-4957673_640.jpg","@id":"https:\/\/eldigitaldeasturias.com\/radio\/las-primeras-dosis-de-la-vacuna-de-pfizer-ya-estan-en-espana\/#mainImage","width":640,"height":427},"primaryImageOfPage":{"@id":"https:\/\/eldigitaldeasturias.com\/radio\/las-primeras-dosis-de-la-vacuna-de-pfizer-ya-estan-en-espana\/#mainImage"},"datePublished":"2020-12-26T22:44:20+01:00","dateModified":"2020-12-26T22:44:20+01:00"},{"@type":"WebSite","@id":"https:\/\/eldigitaldeasturias.com\/radio\/#website","url":"https:\/\/eldigitaldeasturias.com\/radio\/","name":"El Digital de Asturias","description":"Diario de informaci\u00f3n y noticias","inLanguage":"es-ES","publisher":{"@id":"https:\/\/eldigitaldeasturias.com\/radio\/#organization"}}]},"og:locale":"es_ES","og:site_name":"El Digital de Asturias | Diario de informaci\u00f3n y noticias","og:type":"article","og:title":"Las primeras dosis de la vacuna de Pfizer ya est\u00e1n en Espa\u00f1a | El Digital de Asturias","og:description":"(EP) -Las primeras dosis de la vacuna frente al Covid-19 desarrollada por la compa\u00f1\u00eda Pfizer ya han llegado a Espa\u00f1a y se encuentran en un almac\u00e9n de Guadalajara desde donde se repartir\u00e1n en las pr\u00f3ximas horas de forma equitativa entre los puntos designados por todas las comunidades y ciudades aut\u00f3nomas para comenzar ma\u00f1ana la vacunaci\u00f3n.","og:url":"https:\/\/eldigitaldeasturias.com\/radio\/las-primeras-dosis-de-la-vacuna-de-pfizer-ya-estan-en-espana\/","og:image":"https:\/\/eldigitaldeasturias.com\/radio\/wp-content\/uploads\/2020\/12\/coronavirus-4957673_640.jpg","og:image:secure_url":"https:\/\/eldigitaldeasturias.com\/radio\/wp-content\/uploads\/2020\/12\/coronavirus-4957673_640.jpg","og:image:width":640,"og:image:height":427,"article:published_time":"2020-12-26T22:44:20+00:00","article:modified_time":"2020-12-26T22:44:20+00:00","twitter:card":"summary_large_image","twitter:site":"@bercodi","twitter:title":"Las primeras dosis de la vacuna de Pfizer ya est\u00e1n en Espa\u00f1a | El Digital de Asturias","twitter:description":"(EP) -Las primeras dosis de la vacuna frente al Covid-19 desarrollada por la compa\u00f1\u00eda Pfizer ya han llegado a Espa\u00f1a y se encuentran en un almac\u00e9n de Guadalajara desde donde se repartir\u00e1n en las pr\u00f3ximas horas de forma equitativa entre los puntos designados por todas las comunidades y ciudades aut\u00f3nomas para comenzar ma\u00f1ana la vacunaci\u00f3n.","twitter:creator":"@bercodi","twitter:image":"https:\/\/eldigitaldeasturias.com\/radio\/wp-content\/uploads\/2020\/12\/coronavirus-4957673_640.jpg"},"aioseo_meta_data":{"post_id":"5400","title":null,"description":null,"keywords":null,"keyphrases":null,"primary_term":null,"canonical_url":null,"og_title":null,"og_description":null,"og_object_type":"default","og_image_type":"default","og_image_url":null,"og_image_width":null,"og_image_height":null,"og_image_custom_url":null,"og_image_custom_fields":null,"og_video":null,"og_custom_url":null,"og_article_section":null,"og_article_tags":null,"twitter_use_og":false,"twitter_card":"default","twitter_image_type":"default","twitter_image_url":null,"twitter_image_custom_url":null,"twitter_image_custom_fields":null,"twitter_title":null,"twitter_description":null,"schema":{"blockGraphs":[],"customGraphs":[],"default":{"data":{"Article":[],"Course":[],"Dataset":[],"FAQPage":[],"Movie":[],"Person":[],"Product":[],"ProductReview":[],"Car":[],"Recipe":[],"Service":[],"SoftwareApplication":[],"WebPage":[]},"graphName":"","isEnabled":true},"graphs":[],"defaultGraph":"","defaultPostTypeGraph":""},"schema_type":null,"schema_type_options":null,"pillar_content":false,"robots_default":true,"robots_noindex":false,"robots_noarchive":false,"robots_nosnippet":false,"robots_nofollow":false,"robots_noimageindex":false,"robots_noodp":false,"robots_notranslate":false,"robots_max_snippet":null,"robots_max_videopreview":null,"robots_max_imagepreview":"large","priority":null,"frequency":null,"location":null,"local_seo":null,"seo_analyzer_scan_date":"2025-08-28 17:48:05","breadcrumb_settings":null,"limit_modified_date":false,"open_ai":null,"ai":null,"created":"2021-03-28 12:47:22","updated":"2025-08-28 17:48:05"},"aioseo_breadcrumb":"<div class=\"aioseo-breadcrumbs\"><span class=\"aioseo-breadcrumb\">\n\t<a href=\"https:\/\/eldigitaldeasturias.com\/radio\" title=\"Inicio\">Inicio<\/a>\n<\/span><span class=\"aioseo-breadcrumb-separator\">&ndash;<\/span><span class=\"aioseo-breadcrumb\">\n\t<a href=\"https:\/\/eldigitaldeasturias.com\/radio\/category\/noticias\/\" title=\"Noticias\">Noticias<\/a>\n<\/span><span class=\"aioseo-breadcrumb-separator\">&ndash;<\/span><span class=\"aioseo-breadcrumb\">\n\tLas primeras dosis de la vacuna de Pfizer ya est\u00e1n en Espa\u00f1a\n<\/span><\/div>","aioseo_breadcrumb_json":[{"label":"Inicio","link":"https:\/\/eldigitaldeasturias.com\/radio"},{"label":"Noticias","link":"https:\/\/eldigitaldeasturias.com\/radio\/category\/noticias\/"},{"label":"Las primeras dosis de la vacuna de Pfizer ya est\u00e1n en Espa\u00f1a","link":"https:\/\/eldigitaldeasturias.com\/radio\/las-primeras-dosis-de-la-vacuna-de-pfizer-ya-estan-en-espana\/"}],"_links":{"self":[{"href":"https:\/\/eldigitaldeasturias.com\/radio\/wp-json\/wp\/v2\/posts\/5400","targetHints":{"allow":["GET"]}}],"collection":[{"href":"https:\/\/eldigitaldeasturias.com\/radio\/wp-json\/wp\/v2\/posts"}],"about":[{"href":"https:\/\/eldigitaldeasturias.com\/radio\/wp-json\/wp\/v2\/types\/post"}],"author":[{"embeddable":true,"href":"https:\/\/eldigitaldeasturias.com\/radio\/wp-json\/wp\/v2\/users\/1"}],"replies":[{"embeddable":true,"href":"https:\/\/eldigitaldeasturias.com\/radio\/wp-json\/wp\/v2\/comments?post=5400"}],"version-history":[{"count":0,"href":"https:\/\/eldigitaldeasturias.com\/radio\/wp-json\/wp\/v2\/posts\/5400\/revisions"}],"wp:featuredmedia":[{"embeddable":true,"href":"https:\/\/eldigitaldeasturias.com\/radio\/wp-json\/wp\/v2\/media\/5401"}],"wp:attachment":[{"href":"https:\/\/eldigitaldeasturias.com\/radio\/wp-json\/wp\/v2\/media?parent=5400"}],"wp:term":[{"taxonomy":"category","embeddable":true,"href":"https:\/\/eldigitaldeasturias.com\/radio\/wp-json\/wp\/v2\/categories?post=5400"},{"taxonomy":"post_tag","embeddable":true,"href":"https:\/\/eldigitaldeasturias.com\/radio\/wp-json\/wp\/v2\/tags?post=5400"}],"curies":[{"name":"wp","href":"https:\/\/api.w.org\/{rel}","templated":true}]}}