{"id":5392,"date":"2020-12-26T19:56:20","date_gmt":"2020-12-26T19:56:20","guid":{"rendered":"http:\/\/eldigitaldeasturias.com\/radio\/?p=5392"},"modified":"2020-12-26T19:56:20","modified_gmt":"2020-12-26T19:56:20","slug":"predif-impulsa-una-campana-para-dar-a-conocer-la-asistencia-personal","status":"publish","type":"post","link":"https:\/\/eldigitaldeasturias.com\/radio\/predif-impulsa-una-campana-para-dar-a-conocer-la-asistencia-personal\/","title":{"rendered":"Predif impulsa una campa\u00f1a para dar a conocer la asistencia personal"},"content":{"rendered":"<p><img fetchpriority=\"high\" decoding=\"async\" class=\"alignleft size-medium wp-image-1352\" src=\"https:\/\/eldigitaldeasturias.com\/radio\/wp-content\/uploads\/2018\/10\/technology-785742_960_720-360x240.jpg\" alt=\"\" width=\"360\" height=\"240\" srcset=\"https:\/\/eldigitaldeasturias.com\/radio\/wp-content\/uploads\/2018\/10\/technology-785742_960_720-360x240.jpg 360w, https:\/\/eldigitaldeasturias.com\/radio\/wp-content\/uploads\/2018\/10\/technology-785742_960_720-768x512.jpg 768w, https:\/\/eldigitaldeasturias.com\/radio\/wp-content\/uploads\/2018\/10\/technology-785742_960_720.jpg 960w\" sizes=\"(max-width: 360px) 100vw, 360px\" \/>(EP) &#8211; La Plataforma Representativa Estatal de Personas con Discapacidad F\u00edsica y Org\u00e1nica en el Principado de Asturias, Predif Principado de Asturias, ha lanzado la campa\u00f1a de comunicaci\u00f3n &#8216;Da un impulso a tu vida con la asistencia personal&#8217;, con el objetivo de dar a conocer en la comunidad esta figura profesional, as\u00ed como informar a los ciudadanos de d\u00f3nde acudir para solicitar el servicio.<\/p>\n<p>La campa\u00f1a, financiada por Fundaci\u00f3n ONCE y que se est\u00e1 desarrollando en todo el territorio nacional, incluye materiales gr\u00e1ficos y audiovisuales destinados a personas con discapacidad, personas mayores y menores con discapacidad.<\/p>\n<p>Seg\u00fan explican desde Predif, en el tiempo de pandemia, la asistencia personal ha demostrado ser una herramienta que permite vivir de manera segura y aut\u00f3noma en el entorno habitual, con el apoyo necesario para continuar con las actividades diarias de cada persona.<\/p>\n","protected":false},"excerpt":{"rendered":"<p>(EP) &#8211; La Plataforma Representativa Estatal de Personas con Discapacidad F\u00edsica y Org\u00e1nica en el Principado de Asturias, Predif Principado de Asturias, ha lanzado la campa\u00f1a de comunicaci\u00f3n &#8216;Da un impulso a tu vida con la asistencia personal&#8217;, con el objetivo de dar a conocer en la comunidad esta figura profesional, as\u00ed como informar a<\/p>\n","protected":false},"author":1,"featured_media":1352,"comment_status":"closed","ping_status":"closed","sticky":false,"template":"","format":"standard","meta":{"footnotes":""},"categories":[1],"tags":[],"class_list":{"0":"post-5392","1":"post","2":"type-post","3":"status-publish","4":"format-standard","5":"has-post-thumbnail","7":"category-noticias"},"aioseo_notices":[],"aioseo_head":"\n\t\t<!-- All in One SEO Pro 4.9.6.2 - aioseo.com -->\n\t<meta name=\"description\" content=\"(EP) - La Plataforma Representativa Estatal de Personas con Discapacidad F\u00edsica y Org\u00e1nica en el Principado de Asturias, Predif Principado de Asturias, ha lanzado la campa\u00f1a de comunicaci\u00f3n &#039;Da un impulso a tu vida con la asistencia personal&#039;, con el objetivo de dar a conocer en la comunidad esta figura profesional, as\u00ed como informar a\" \/>\n\t<meta name=\"robots\" content=\"max-image-preview:large\" \/>\n\t<meta name=\"author\" content=\"NBAsturias\"\/>\n\t<meta name=\"google-site-verification\" content=\"UA-38556648-1\" \/>\n\t<meta name=\"keywords\" content=\"noticias\" \/>\n\t<link rel=\"canonical\" href=\"https:\/\/eldigitaldeasturias.com\/radio\/predif-impulsa-una-campana-para-dar-a-conocer-la-asistencia-personal\/\" \/>\n\t<meta name=\"generator\" content=\"All in One SEO Pro (AIOSEO) 4.9.6.2\" \/>\n\t\t<meta property=\"og:locale\" content=\"es_ES\" \/>\n\t\t<meta property=\"og:site_name\" content=\"El Digital de Asturias | Diario de informaci\u00f3n y noticias\" \/>\n\t\t<meta property=\"og:type\" content=\"article\" \/>\n\t\t<meta property=\"og:title\" content=\"Predif impulsa una campa\u00f1a para dar a conocer la asistencia personal | El Digital de Asturias\" \/>\n\t\t<meta property=\"og:description\" content=\"(EP) - La Plataforma Representativa Estatal de Personas con Discapacidad F\u00edsica y Org\u00e1nica en el Principado de Asturias, Predif Principado de Asturias, ha lanzado la campa\u00f1a de comunicaci\u00f3n &#039;Da un impulso a tu vida con la asistencia personal&#039;, con el objetivo de dar a conocer en la comunidad esta figura profesional, as\u00ed como informar a\" \/>\n\t\t<meta property=\"og:url\" content=\"https:\/\/eldigitaldeasturias.com\/radio\/predif-impulsa-una-campana-para-dar-a-conocer-la-asistencia-personal\/\" \/>\n\t\t<meta property=\"og:image\" content=\"https:\/\/eldigitaldeasturias.com\/radio\/wp-content\/uploads\/2018\/10\/technology-785742_960_720.jpg\" \/>\n\t\t<meta property=\"og:image:secure_url\" content=\"https:\/\/eldigitaldeasturias.com\/radio\/wp-content\/uploads\/2018\/10\/technology-785742_960_720.jpg\" \/>\n\t\t<meta property=\"og:image:width\" content=\"960\" \/>\n\t\t<meta property=\"og:image:height\" content=\"640\" \/>\n\t\t<meta property=\"article:published_time\" content=\"2020-12-26T19:56:20+00:00\" \/>\n\t\t<meta property=\"article:modified_time\" content=\"2020-12-26T19:56:20+00:00\" \/>\n\t\t<meta name=\"twitter:card\" content=\"summary_large_image\" \/>\n\t\t<meta name=\"twitter:site\" content=\"@bercodi\" \/>\n\t\t<meta name=\"twitter:title\" content=\"Predif impulsa una campa\u00f1a para dar a conocer la asistencia personal | El Digital de Asturias\" \/>\n\t\t<meta name=\"twitter:description\" content=\"(EP) - La Plataforma Representativa Estatal de Personas con Discapacidad F\u00edsica y Org\u00e1nica en el Principado de Asturias, Predif Principado de Asturias, ha lanzado la campa\u00f1a de comunicaci\u00f3n &#039;Da un impulso a tu vida con la asistencia personal&#039;, con el objetivo de dar a conocer en la comunidad esta figura profesional, as\u00ed como informar a\" \/>\n\t\t<meta name=\"twitter:creator\" content=\"@bercodi\" \/>\n\t\t<meta name=\"twitter:image\" content=\"https:\/\/eldigitaldeasturias.com\/radio\/wp-content\/uploads\/2018\/10\/technology-785742_960_720.jpg\" \/>\n\t\t<script type=\"application\/ld+json\" class=\"aioseo-schema\">\n\t\t\t{\"@context\":\"https:\\\/\\\/schema.org\",\"@graph\":[{\"@type\":\"BreadcrumbList\",\"@id\":\"https:\\\/\\\/eldigitaldeasturias.com\\\/radio\\\/predif-impulsa-una-campana-para-dar-a-conocer-la-asistencia-personal\\\/#breadcrumblist\",\"itemListElement\":[{\"@type\":\"ListItem\",\"@id\":\"https:\\\/\\\/eldigitaldeasturias.com\\\/radio#listItem\",\"position\":1,\"name\":\"Inicio\",\"item\":\"https:\\\/\\\/eldigitaldeasturias.com\\\/radio\",\"nextItem\":{\"@type\":\"ListItem\",\"@id\":\"https:\\\/\\\/eldigitaldeasturias.com\\\/radio\\\/category\\\/noticias\\\/#listItem\",\"name\":\"Noticias\"}},{\"@type\":\"ListItem\",\"@id\":\"https:\\\/\\\/eldigitaldeasturias.com\\\/radio\\\/category\\\/noticias\\\/#listItem\",\"position\":2,\"name\":\"Noticias\",\"item\":\"https:\\\/\\\/eldigitaldeasturias.com\\\/radio\\\/category\\\/noticias\\\/\",\"nextItem\":{\"@type\":\"ListItem\",\"@id\":\"https:\\\/\\\/eldigitaldeasturias.com\\\/radio\\\/predif-impulsa-una-campana-para-dar-a-conocer-la-asistencia-personal\\\/#listItem\",\"name\":\"Predif impulsa una campa\\u00f1a para dar a conocer la asistencia personal\"},\"previousItem\":{\"@type\":\"ListItem\",\"@id\":\"https:\\\/\\\/eldigitaldeasturias.com\\\/radio#listItem\",\"name\":\"Inicio\"}},{\"@type\":\"ListItem\",\"@id\":\"https:\\\/\\\/eldigitaldeasturias.com\\\/radio\\\/predif-impulsa-una-campana-para-dar-a-conocer-la-asistencia-personal\\\/#listItem\",\"position\":3,\"name\":\"Predif impulsa una campa\\u00f1a para dar a conocer la asistencia personal\",\"previousItem\":{\"@type\":\"ListItem\",\"@id\":\"https:\\\/\\\/eldigitaldeasturias.com\\\/radio\\\/category\\\/noticias\\\/#listItem\",\"name\":\"Noticias\"}}]},{\"@type\":\"NewsArticle\",\"@id\":\"https:\\\/\\\/eldigitaldeasturias.com\\\/radio\\\/predif-impulsa-una-campana-para-dar-a-conocer-la-asistencia-personal\\\/#newsarticle\",\"name\":\"Predif impulsa una campa\\u00f1a para dar a conocer la asistencia personal | El Digital de Asturias\",\"headline\":\"Predif impulsa una campa\\u00f1a para dar a conocer la asistencia personal\",\"author\":{\"@id\":\"https:\\\/\\\/eldigitaldeasturias.com\\\/radio\\\/author\\\/nbasturias\\\/#author\"},\"publisher\":{\"@id\":\"https:\\\/\\\/eldigitaldeasturias.com\\\/radio\\\/#organization\"},\"image\":{\"@type\":\"ImageObject\",\"url\":\"https:\\\/\\\/eldigitaldeasturias.com\\\/radio\\\/wp-content\\\/uploads\\\/2018\\\/10\\\/technology-785742_960_720.jpg\",\"width\":960,\"height\":640},\"datePublished\":\"2020-12-26T19:56:20+01:00\",\"dateModified\":\"2020-12-26T19:56:20+01:00\",\"inLanguage\":\"es-ES\",\"mainEntityOfPage\":{\"@id\":\"https:\\\/\\\/eldigitaldeasturias.com\\\/radio\\\/predif-impulsa-una-campana-para-dar-a-conocer-la-asistencia-personal\\\/#webpage\"},\"isPartOf\":{\"@id\":\"https:\\\/\\\/eldigitaldeasturias.com\\\/radio\\\/predif-impulsa-una-campana-para-dar-a-conocer-la-asistencia-personal\\\/#webpage\"},\"articleSection\":\"Noticias\",\"dateline\":\"Publicado el diciembre 26, 2020.\"},{\"@type\":\"Organization\",\"@id\":\"https:\\\/\\\/eldigitaldeasturias.com\\\/radio\\\/#organization\",\"name\":\"El digital de Asturias Radio\",\"description\":\"Diario de informaci\\u00f3n y noticias\",\"url\":\"https:\\\/\\\/eldigitaldeasturias.com\\\/radio\\\/\",\"telephone\":\"+34652131393\",\"logo\":{\"@type\":\"ImageObject\",\"url\":\"https:\\\/\\\/www.eldigitaldeasturias.com\\\/radio\\\/wp-content\\\/uploads\\\/2021\\\/03\\\/EDA.jpg\",\"@id\":\"https:\\\/\\\/eldigitaldeasturias.com\\\/radio\\\/predif-impulsa-una-campana-para-dar-a-conocer-la-asistencia-personal\\\/#organizationLogo\"},\"image\":{\"@id\":\"https:\\\/\\\/eldigitaldeasturias.com\\\/radio\\\/predif-impulsa-una-campana-para-dar-a-conocer-la-asistencia-personal\\\/#organizationLogo\"},\"sameAs\":[\"https:\\\/\\\/www.facebook.com\\\/\",\"https:\\\/\\\/x.com\\\/bercodi\",\"https:\\\/\\\/www.instagram.com\\\/\",\"https:\\\/\\\/www.youtube.com\\\/channel\\\/UCZP-2wLEB9Rv6erhFmqVnvg\"]},{\"@type\":\"Person\",\"@id\":\"https:\\\/\\\/eldigitaldeasturias.com\\\/radio\\\/author\\\/nbasturias\\\/#author\",\"url\":\"https:\\\/\\\/eldigitaldeasturias.com\\\/radio\\\/author\\\/nbasturias\\\/\",\"name\":\"NBAsturias\",\"image\":{\"@type\":\"ImageObject\",\"@id\":\"https:\\\/\\\/eldigitaldeasturias.com\\\/radio\\\/predif-impulsa-una-campana-para-dar-a-conocer-la-asistencia-personal\\\/#authorImage\",\"url\":\"https:\\\/\\\/secure.gravatar.com\\\/avatar\\\/df2aeffc32bcd13f8d26072ef8a91b623d677766deac7f97ca815868cd41bf5e?s=96&d=mm&r=g\",\"width\":96,\"height\":96,\"caption\":\"NBAsturias\"}},{\"@type\":\"WebPage\",\"@id\":\"https:\\\/\\\/eldigitaldeasturias.com\\\/radio\\\/predif-impulsa-una-campana-para-dar-a-conocer-la-asistencia-personal\\\/#webpage\",\"url\":\"https:\\\/\\\/eldigitaldeasturias.com\\\/radio\\\/predif-impulsa-una-campana-para-dar-a-conocer-la-asistencia-personal\\\/\",\"name\":\"Predif impulsa una campa\\u00f1a para dar a conocer la asistencia personal | El Digital de Asturias\",\"description\":\"(EP) - La Plataforma Representativa Estatal de Personas con Discapacidad F\\u00edsica y Org\\u00e1nica en el Principado de Asturias, Predif Principado de Asturias, ha lanzado la campa\\u00f1a de comunicaci\\u00f3n 'Da un impulso a tu vida con la asistencia personal', con el objetivo de dar a conocer en la comunidad esta figura profesional, as\\u00ed como informar a\",\"inLanguage\":\"es-ES\",\"isPartOf\":{\"@id\":\"https:\\\/\\\/eldigitaldeasturias.com\\\/radio\\\/#website\"},\"breadcrumb\":{\"@id\":\"https:\\\/\\\/eldigitaldeasturias.com\\\/radio\\\/predif-impulsa-una-campana-para-dar-a-conocer-la-asistencia-personal\\\/#breadcrumblist\"},\"author\":{\"@id\":\"https:\\\/\\\/eldigitaldeasturias.com\\\/radio\\\/author\\\/nbasturias\\\/#author\"},\"creator\":{\"@id\":\"https:\\\/\\\/eldigitaldeasturias.com\\\/radio\\\/author\\\/nbasturias\\\/#author\"},\"image\":{\"@type\":\"ImageObject\",\"url\":\"https:\\\/\\\/eldigitaldeasturias.com\\\/radio\\\/wp-content\\\/uploads\\\/2018\\\/10\\\/technology-785742_960_720.jpg\",\"@id\":\"https:\\\/\\\/eldigitaldeasturias.com\\\/radio\\\/predif-impulsa-una-campana-para-dar-a-conocer-la-asistencia-personal\\\/#mainImage\",\"width\":960,\"height\":640},\"primaryImageOfPage\":{\"@id\":\"https:\\\/\\\/eldigitaldeasturias.com\\\/radio\\\/predif-impulsa-una-campana-para-dar-a-conocer-la-asistencia-personal\\\/#mainImage\"},\"datePublished\":\"2020-12-26T19:56:20+01:00\",\"dateModified\":\"2020-12-26T19:56:20+01:00\"},{\"@type\":\"WebSite\",\"@id\":\"https:\\\/\\\/eldigitaldeasturias.com\\\/radio\\\/#website\",\"url\":\"https:\\\/\\\/eldigitaldeasturias.com\\\/radio\\\/\",\"name\":\"El Digital de Asturias\",\"description\":\"Diario de informaci\\u00f3n y noticias\",\"inLanguage\":\"es-ES\",\"publisher\":{\"@id\":\"https:\\\/\\\/eldigitaldeasturias.com\\\/radio\\\/#organization\"}}]}\n\t\t<\/script>\n\t\t<!-- All in One SEO Pro -->\r\n\t\t<title>Predif impulsa una campa\u00f1a para dar a conocer la asistencia personal | El Digital de Asturias<\/title>\n\n","aioseo_head_json":{"title":"Predif impulsa una campa\u00f1a para dar a conocer la asistencia personal | El Digital de Asturias","description":"(EP) - La Plataforma Representativa Estatal de Personas con Discapacidad F\u00edsica y Org\u00e1nica en el Principado de Asturias, Predif Principado de Asturias, ha lanzado la campa\u00f1a de comunicaci\u00f3n 'Da un impulso a tu vida con la asistencia personal', con el objetivo de dar a conocer en la comunidad esta figura profesional, as\u00ed como informar a","canonical_url":"https:\/\/eldigitaldeasturias.com\/radio\/predif-impulsa-una-campana-para-dar-a-conocer-la-asistencia-personal\/","robots":"max-image-preview:large","keywords":"noticias","webmasterTools":{"google-site-verification":"UA-38556648-1","miscellaneous":""},"schema":{"@context":"https:\/\/schema.org","@graph":[{"@type":"BreadcrumbList","@id":"https:\/\/eldigitaldeasturias.com\/radio\/predif-impulsa-una-campana-para-dar-a-conocer-la-asistencia-personal\/#breadcrumblist","itemListElement":[{"@type":"ListItem","@id":"https:\/\/eldigitaldeasturias.com\/radio#listItem","position":1,"name":"Inicio","item":"https:\/\/eldigitaldeasturias.com\/radio","nextItem":{"@type":"ListItem","@id":"https:\/\/eldigitaldeasturias.com\/radio\/category\/noticias\/#listItem","name":"Noticias"}},{"@type":"ListItem","@id":"https:\/\/eldigitaldeasturias.com\/radio\/category\/noticias\/#listItem","position":2,"name":"Noticias","item":"https:\/\/eldigitaldeasturias.com\/radio\/category\/noticias\/","nextItem":{"@type":"ListItem","@id":"https:\/\/eldigitaldeasturias.com\/radio\/predif-impulsa-una-campana-para-dar-a-conocer-la-asistencia-personal\/#listItem","name":"Predif impulsa una campa\u00f1a para dar a conocer la asistencia personal"},"previousItem":{"@type":"ListItem","@id":"https:\/\/eldigitaldeasturias.com\/radio#listItem","name":"Inicio"}},{"@type":"ListItem","@id":"https:\/\/eldigitaldeasturias.com\/radio\/predif-impulsa-una-campana-para-dar-a-conocer-la-asistencia-personal\/#listItem","position":3,"name":"Predif impulsa una campa\u00f1a para dar a conocer la asistencia personal","previousItem":{"@type":"ListItem","@id":"https:\/\/eldigitaldeasturias.com\/radio\/category\/noticias\/#listItem","name":"Noticias"}}]},{"@type":"NewsArticle","@id":"https:\/\/eldigitaldeasturias.com\/radio\/predif-impulsa-una-campana-para-dar-a-conocer-la-asistencia-personal\/#newsarticle","name":"Predif impulsa una campa\u00f1a para dar a conocer la asistencia personal | El Digital de Asturias","headline":"Predif impulsa una campa\u00f1a para dar a conocer la asistencia personal","author":{"@id":"https:\/\/eldigitaldeasturias.com\/radio\/author\/nbasturias\/#author"},"publisher":{"@id":"https:\/\/eldigitaldeasturias.com\/radio\/#organization"},"image":{"@type":"ImageObject","url":"https:\/\/eldigitaldeasturias.com\/radio\/wp-content\/uploads\/2018\/10\/technology-785742_960_720.jpg","width":960,"height":640},"datePublished":"2020-12-26T19:56:20+01:00","dateModified":"2020-12-26T19:56:20+01:00","inLanguage":"es-ES","mainEntityOfPage":{"@id":"https:\/\/eldigitaldeasturias.com\/radio\/predif-impulsa-una-campana-para-dar-a-conocer-la-asistencia-personal\/#webpage"},"isPartOf":{"@id":"https:\/\/eldigitaldeasturias.com\/radio\/predif-impulsa-una-campana-para-dar-a-conocer-la-asistencia-personal\/#webpage"},"articleSection":"Noticias","dateline":"Publicado el diciembre 26, 2020."},{"@type":"Organization","@id":"https:\/\/eldigitaldeasturias.com\/radio\/#organization","name":"El digital de Asturias Radio","description":"Diario de informaci\u00f3n y noticias","url":"https:\/\/eldigitaldeasturias.com\/radio\/","telephone":"+34652131393","logo":{"@type":"ImageObject","url":"https:\/\/www.eldigitaldeasturias.com\/radio\/wp-content\/uploads\/2021\/03\/EDA.jpg","@id":"https:\/\/eldigitaldeasturias.com\/radio\/predif-impulsa-una-campana-para-dar-a-conocer-la-asistencia-personal\/#organizationLogo"},"image":{"@id":"https:\/\/eldigitaldeasturias.com\/radio\/predif-impulsa-una-campana-para-dar-a-conocer-la-asistencia-personal\/#organizationLogo"},"sameAs":["https:\/\/www.facebook.com\/","https:\/\/x.com\/bercodi","https:\/\/www.instagram.com\/","https:\/\/www.youtube.com\/channel\/UCZP-2wLEB9Rv6erhFmqVnvg"]},{"@type":"Person","@id":"https:\/\/eldigitaldeasturias.com\/radio\/author\/nbasturias\/#author","url":"https:\/\/eldigitaldeasturias.com\/radio\/author\/nbasturias\/","name":"NBAsturias","image":{"@type":"ImageObject","@id":"https:\/\/eldigitaldeasturias.com\/radio\/predif-impulsa-una-campana-para-dar-a-conocer-la-asistencia-personal\/#authorImage","url":"https:\/\/secure.gravatar.com\/avatar\/df2aeffc32bcd13f8d26072ef8a91b623d677766deac7f97ca815868cd41bf5e?s=96&d=mm&r=g","width":96,"height":96,"caption":"NBAsturias"}},{"@type":"WebPage","@id":"https:\/\/eldigitaldeasturias.com\/radio\/predif-impulsa-una-campana-para-dar-a-conocer-la-asistencia-personal\/#webpage","url":"https:\/\/eldigitaldeasturias.com\/radio\/predif-impulsa-una-campana-para-dar-a-conocer-la-asistencia-personal\/","name":"Predif impulsa una campa\u00f1a para dar a conocer la asistencia personal | El Digital de Asturias","description":"(EP) - La Plataforma Representativa Estatal de Personas con Discapacidad F\u00edsica y Org\u00e1nica en el Principado de Asturias, Predif Principado de Asturias, ha lanzado la campa\u00f1a de comunicaci\u00f3n 'Da un impulso a tu vida con la asistencia personal', con el objetivo de dar a conocer en la comunidad esta figura profesional, as\u00ed como informar a","inLanguage":"es-ES","isPartOf":{"@id":"https:\/\/eldigitaldeasturias.com\/radio\/#website"},"breadcrumb":{"@id":"https:\/\/eldigitaldeasturias.com\/radio\/predif-impulsa-una-campana-para-dar-a-conocer-la-asistencia-personal\/#breadcrumblist"},"author":{"@id":"https:\/\/eldigitaldeasturias.com\/radio\/author\/nbasturias\/#author"},"creator":{"@id":"https:\/\/eldigitaldeasturias.com\/radio\/author\/nbasturias\/#author"},"image":{"@type":"ImageObject","url":"https:\/\/eldigitaldeasturias.com\/radio\/wp-content\/uploads\/2018\/10\/technology-785742_960_720.jpg","@id":"https:\/\/eldigitaldeasturias.com\/radio\/predif-impulsa-una-campana-para-dar-a-conocer-la-asistencia-personal\/#mainImage","width":960,"height":640},"primaryImageOfPage":{"@id":"https:\/\/eldigitaldeasturias.com\/radio\/predif-impulsa-una-campana-para-dar-a-conocer-la-asistencia-personal\/#mainImage"},"datePublished":"2020-12-26T19:56:20+01:00","dateModified":"2020-12-26T19:56:20+01:00"},{"@type":"WebSite","@id":"https:\/\/eldigitaldeasturias.com\/radio\/#website","url":"https:\/\/eldigitaldeasturias.com\/radio\/","name":"El Digital de Asturias","description":"Diario de informaci\u00f3n y noticias","inLanguage":"es-ES","publisher":{"@id":"https:\/\/eldigitaldeasturias.com\/radio\/#organization"}}]},"og:locale":"es_ES","og:site_name":"El Digital de Asturias | Diario de informaci\u00f3n y noticias","og:type":"article","og:title":"Predif impulsa una campa\u00f1a para dar a conocer la asistencia personal | El Digital de Asturias","og:description":"(EP) - La Plataforma Representativa Estatal de Personas con Discapacidad F\u00edsica y Org\u00e1nica en el Principado de Asturias, Predif Principado de Asturias, ha lanzado la campa\u00f1a de comunicaci\u00f3n 'Da un impulso a tu vida con la asistencia personal', con el objetivo de dar a conocer en la comunidad esta figura profesional, as\u00ed como informar a","og:url":"https:\/\/eldigitaldeasturias.com\/radio\/predif-impulsa-una-campana-para-dar-a-conocer-la-asistencia-personal\/","og:image":"https:\/\/eldigitaldeasturias.com\/radio\/wp-content\/uploads\/2018\/10\/technology-785742_960_720.jpg","og:image:secure_url":"https:\/\/eldigitaldeasturias.com\/radio\/wp-content\/uploads\/2018\/10\/technology-785742_960_720.jpg","og:image:width":960,"og:image:height":640,"article:published_time":"2020-12-26T19:56:20+00:00","article:modified_time":"2020-12-26T19:56:20+00:00","twitter:card":"summary_large_image","twitter:site":"@bercodi","twitter:title":"Predif impulsa una campa\u00f1a para dar a conocer la asistencia personal | El Digital de Asturias","twitter:description":"(EP) - La Plataforma Representativa Estatal de Personas con Discapacidad F\u00edsica y Org\u00e1nica en el Principado de Asturias, Predif Principado de Asturias, ha lanzado la campa\u00f1a de comunicaci\u00f3n 'Da un impulso a tu vida con la asistencia personal', con el objetivo de dar a conocer en la comunidad esta figura profesional, as\u00ed como informar a","twitter:creator":"@bercodi","twitter:image":"https:\/\/eldigitaldeasturias.com\/radio\/wp-content\/uploads\/2018\/10\/technology-785742_960_720.jpg"},"aioseo_meta_data":{"post_id":"5392","title":null,"description":null,"keywords":null,"keyphrases":null,"primary_term":null,"canonical_url":null,"og_title":null,"og_description":null,"og_object_type":"default","og_image_type":"default","og_image_url":null,"og_image_width":null,"og_image_height":null,"og_image_custom_url":null,"og_image_custom_fields":null,"og_video":null,"og_custom_url":null,"og_article_section":null,"og_article_tags":null,"twitter_use_og":false,"twitter_card":"default","twitter_image_type":"default","twitter_image_url":null,"twitter_image_custom_url":null,"twitter_image_custom_fields":null,"twitter_title":null,"twitter_description":null,"schema":{"blockGraphs":[],"customGraphs":[],"default":{"data":{"Article":[],"Course":[],"Dataset":[],"FAQPage":[],"Movie":[],"Person":[],"Product":[],"ProductReview":[],"Car":[],"Recipe":[],"Service":[],"SoftwareApplication":[],"WebPage":[]},"graphName":"","isEnabled":true},"graphs":[],"defaultGraph":"","defaultPostTypeGraph":""},"schema_type":null,"schema_type_options":null,"pillar_content":false,"robots_default":true,"robots_noindex":false,"robots_noarchive":false,"robots_nosnippet":false,"robots_nofollow":false,"robots_noimageindex":false,"robots_noodp":false,"robots_notranslate":false,"robots_max_snippet":null,"robots_max_videopreview":null,"robots_max_imagepreview":"large","priority":null,"frequency":null,"location":null,"local_seo":null,"seo_analyzer_scan_date":"2025-08-28 17:48:02","breadcrumb_settings":null,"limit_modified_date":false,"open_ai":null,"ai":null,"created":"2021-03-28 03:34:34","updated":"2025-08-28 17:48:02"},"aioseo_breadcrumb":"<div class=\"aioseo-breadcrumbs\"><span class=\"aioseo-breadcrumb\">\n\t<a href=\"https:\/\/eldigitaldeasturias.com\/radio\" title=\"Inicio\">Inicio<\/a>\n<\/span><span class=\"aioseo-breadcrumb-separator\">&ndash;<\/span><span class=\"aioseo-breadcrumb\">\n\t<a href=\"https:\/\/eldigitaldeasturias.com\/radio\/category\/noticias\/\" title=\"Noticias\">Noticias<\/a>\n<\/span><span class=\"aioseo-breadcrumb-separator\">&ndash;<\/span><span class=\"aioseo-breadcrumb\">\n\tPredif impulsa una campa\u00f1a para dar a conocer la asistencia personal\n<\/span><\/div>","aioseo_breadcrumb_json":[{"label":"Inicio","link":"https:\/\/eldigitaldeasturias.com\/radio"},{"label":"Noticias","link":"https:\/\/eldigitaldeasturias.com\/radio\/category\/noticias\/"},{"label":"Predif impulsa una campa\u00f1a para dar a conocer la asistencia personal","link":"https:\/\/eldigitaldeasturias.com\/radio\/predif-impulsa-una-campana-para-dar-a-conocer-la-asistencia-personal\/"}],"_links":{"self":[{"href":"https:\/\/eldigitaldeasturias.com\/radio\/wp-json\/wp\/v2\/posts\/5392","targetHints":{"allow":["GET"]}}],"collection":[{"href":"https:\/\/eldigitaldeasturias.com\/radio\/wp-json\/wp\/v2\/posts"}],"about":[{"href":"https:\/\/eldigitaldeasturias.com\/radio\/wp-json\/wp\/v2\/types\/post"}],"author":[{"embeddable":true,"href":"https:\/\/eldigitaldeasturias.com\/radio\/wp-json\/wp\/v2\/users\/1"}],"replies":[{"embeddable":true,"href":"https:\/\/eldigitaldeasturias.com\/radio\/wp-json\/wp\/v2\/comments?post=5392"}],"version-history":[{"count":0,"href":"https:\/\/eldigitaldeasturias.com\/radio\/wp-json\/wp\/v2\/posts\/5392\/revisions"}],"wp:featuredmedia":[{"embeddable":true,"href":"https:\/\/eldigitaldeasturias.com\/radio\/wp-json\/wp\/v2\/media\/1352"}],"wp:attachment":[{"href":"https:\/\/eldigitaldeasturias.com\/radio\/wp-json\/wp\/v2\/media?parent=5392"}],"wp:term":[{"taxonomy":"category","embeddable":true,"href":"https:\/\/eldigitaldeasturias.com\/radio\/wp-json\/wp\/v2\/categories?post=5392"},{"taxonomy":"post_tag","embeddable":true,"href":"https:\/\/eldigitaldeasturias.com\/radio\/wp-json\/wp\/v2\/tags?post=5392"}],"curies":[{"name":"wp","href":"https:\/\/api.w.org\/{rel}","templated":true}]}}