{"id":5387,"date":"2020-12-26T19:40:23","date_gmt":"2020-12-26T19:40:23","guid":{"rendered":"http:\/\/eldigitaldeasturias.com\/radio\/?p=5387"},"modified":"2020-12-26T19:40:23","modified_gmt":"2020-12-26T19:40:23","slug":"la-calle-la-muralla-y-el-acceso-a-la-cuesta-de-la-molinera-cortadas-al-trafico-en-aviles","status":"publish","type":"post","link":"https:\/\/eldigitaldeasturias.com\/radio\/la-calle-la-muralla-y-el-acceso-a-la-cuesta-de-la-molinera-cortadas-al-trafico-en-aviles\/","title":{"rendered":"La calle La Muralla y el acceso a la cuesta de La Molinera, cortadas al tr\u00e1fico en Avil\u00e9s"},"content":{"rendered":"<p><img fetchpriority=\"high\" decoding=\"async\" class=\"alignleft size-medium wp-image-1352\" src=\"https:\/\/eldigitaldeasturias.com\/radio\/wp-content\/uploads\/2018\/10\/technology-785742_960_720-360x240.jpg\" alt=\"\" width=\"360\" height=\"240\" srcset=\"https:\/\/eldigitaldeasturias.com\/radio\/wp-content\/uploads\/2018\/10\/technology-785742_960_720-360x240.jpg 360w, https:\/\/eldigitaldeasturias.com\/radio\/wp-content\/uploads\/2018\/10\/technology-785742_960_720-768x512.jpg 768w, https:\/\/eldigitaldeasturias.com\/radio\/wp-content\/uploads\/2018\/10\/technology-785742_960_720.jpg 960w\" sizes=\"(max-width: 360px) 100vw, 360px\" \/>(EP) &#8211; La calle de La Muralla y el acceso a la cuesta de La Molinera, en Avil\u00e9s, Asturias, quedar\u00e1n cortadas al tr\u00e1fico durante siete jornadas. Ser\u00e1 en los d\u00edas 28, 29 y 30 de diciembre, y 4, 5, 7 y 8 de enero, seg\u00fan ha informado el Ayuntamiento de Avil\u00e9s.<\/p>\n<p>El corte, que tambi\u00e9n supone la prohibici\u00f3n de estacionamiento en las mismas fechas, es necesario para ejecutar las obras de renovaci\u00f3n de pavimentos en ambas v\u00edas, enmarcadas en la reurbanizaci\u00f3n del entorno del parque del Muelle.<\/p>\n<p>Los trabajos consistir\u00e1n en la ejecuci\u00f3n de labores de fresado, extendido y compactado de capa bituminosa de rodadura y acabado mediante impresi\u00f3n del remate de los pavimentos, adem\u00e1s de la aplicaci\u00f3n de hormig\u00f3n impreso en el acceso a la cuesta de La Molinera.<\/p>\n<p>Con estos trabajos se dar\u00eda fin a la ejecuci\u00f3n de pavimentos dentro del proyecto para la renovaci\u00f3n de las calles Emile Robin, Pedro Men\u00e9ndez y La Muralla. \u00danicamente quedar\u00edan pendientes los trabajos de instalaci\u00f3n de mobiliario urbano, remates y limpieza de obra.<\/p>\n<p>Durante el corte de la calle La Muralla y la cuesta de La Molinera, el acceso de los veh\u00edculos autorizados a las calles de La Fruta y San Bernardo se realizar\u00e1 desde la calle La C\u00e1mara. Acceder\u00e1n por la calle San Bernardo, que invierte su actual sentido de circulaci\u00f3n, y saldr\u00e1n por la calle de La Fruta, descendiendo por La C\u00e1mara, y girando hacia la izquierda en la calle Cabru\u00f1ana.<\/p>\n","protected":false},"excerpt":{"rendered":"<p>(EP) &#8211; La calle de La Muralla y el acceso a la cuesta de La Molinera, en Avil\u00e9s, Asturias, quedar\u00e1n cortadas al tr\u00e1fico durante siete jornadas. Ser\u00e1 en los d\u00edas 28, 29 y 30 de diciembre, y 4, 5, 7 y 8 de enero, seg\u00fan ha informado el Ayuntamiento de Avil\u00e9s. El corte, que tambi\u00e9n<\/p>\n","protected":false},"author":1,"featured_media":1352,"comment_status":"closed","ping_status":"closed","sticky":false,"template":"","format":"standard","meta":{"footnotes":""},"categories":[1],"tags":[],"class_list":{"0":"post-5387","1":"post","2":"type-post","3":"status-publish","4":"format-standard","5":"has-post-thumbnail","7":"category-noticias"},"aioseo_notices":[],"aioseo_head":"\n\t\t<!-- All in One SEO Pro 4.9.6.2 - aioseo.com -->\n\t<meta name=\"description\" content=\"(EP) - La calle de La Muralla y el acceso a la cuesta de La Molinera, en Avil\u00e9s, Asturias, quedar\u00e1n cortadas al tr\u00e1fico durante siete jornadas. Ser\u00e1 en los d\u00edas 28, 29 y 30 de diciembre, y 4, 5, 7 y 8 de enero, seg\u00fan ha informado el Ayuntamiento de Avil\u00e9s. El corte, que tambi\u00e9n\" \/>\n\t<meta name=\"robots\" content=\"max-image-preview:large\" \/>\n\t<meta name=\"author\" content=\"NBAsturias\"\/>\n\t<meta name=\"google-site-verification\" content=\"UA-38556648-1\" \/>\n\t<meta name=\"keywords\" content=\"noticias\" \/>\n\t<link rel=\"canonical\" href=\"https:\/\/eldigitaldeasturias.com\/radio\/la-calle-la-muralla-y-el-acceso-a-la-cuesta-de-la-molinera-cortadas-al-trafico-en-aviles\/\" \/>\n\t<meta name=\"generator\" content=\"All in One SEO Pro (AIOSEO) 4.9.6.2\" \/>\n\t\t<meta property=\"og:locale\" content=\"es_ES\" \/>\n\t\t<meta property=\"og:site_name\" content=\"El Digital de Asturias | Diario de informaci\u00f3n y noticias\" \/>\n\t\t<meta property=\"og:type\" content=\"article\" \/>\n\t\t<meta property=\"og:title\" content=\"La calle La Muralla y el acceso a la cuesta de La Molinera, cortadas al tr\u00e1fico en Avil\u00e9s | El Digital de Asturias\" \/>\n\t\t<meta property=\"og:description\" content=\"(EP) - La calle de La Muralla y el acceso a la cuesta de La Molinera, en Avil\u00e9s, Asturias, quedar\u00e1n cortadas al tr\u00e1fico durante siete jornadas. Ser\u00e1 en los d\u00edas 28, 29 y 30 de diciembre, y 4, 5, 7 y 8 de enero, seg\u00fan ha informado el Ayuntamiento de Avil\u00e9s. El corte, que tambi\u00e9n\" \/>\n\t\t<meta property=\"og:url\" content=\"https:\/\/eldigitaldeasturias.com\/radio\/la-calle-la-muralla-y-el-acceso-a-la-cuesta-de-la-molinera-cortadas-al-trafico-en-aviles\/\" \/>\n\t\t<meta property=\"og:image\" content=\"https:\/\/eldigitaldeasturias.com\/radio\/wp-content\/uploads\/2018\/10\/technology-785742_960_720.jpg\" \/>\n\t\t<meta property=\"og:image:secure_url\" content=\"https:\/\/eldigitaldeasturias.com\/radio\/wp-content\/uploads\/2018\/10\/technology-785742_960_720.jpg\" \/>\n\t\t<meta property=\"og:image:width\" content=\"960\" \/>\n\t\t<meta property=\"og:image:height\" content=\"640\" \/>\n\t\t<meta property=\"article:published_time\" content=\"2020-12-26T19:40:23+00:00\" \/>\n\t\t<meta property=\"article:modified_time\" content=\"2020-12-26T19:40:23+00:00\" \/>\n\t\t<meta name=\"twitter:card\" content=\"summary_large_image\" \/>\n\t\t<meta name=\"twitter:site\" content=\"@bercodi\" \/>\n\t\t<meta name=\"twitter:title\" content=\"La calle La Muralla y el acceso a la cuesta de La Molinera, cortadas al tr\u00e1fico en Avil\u00e9s | El Digital de Asturias\" \/>\n\t\t<meta name=\"twitter:description\" content=\"(EP) - La calle de La Muralla y el acceso a la cuesta de La Molinera, en Avil\u00e9s, Asturias, quedar\u00e1n cortadas al tr\u00e1fico durante siete jornadas. Ser\u00e1 en los d\u00edas 28, 29 y 30 de diciembre, y 4, 5, 7 y 8 de enero, seg\u00fan ha informado el Ayuntamiento de Avil\u00e9s. El corte, que tambi\u00e9n\" \/>\n\t\t<meta name=\"twitter:creator\" content=\"@bercodi\" \/>\n\t\t<meta name=\"twitter:image\" content=\"https:\/\/eldigitaldeasturias.com\/radio\/wp-content\/uploads\/2018\/10\/technology-785742_960_720.jpg\" \/>\n\t\t<script type=\"application\/ld+json\" class=\"aioseo-schema\">\n\t\t\t{\"@context\":\"https:\\\/\\\/schema.org\",\"@graph\":[{\"@type\":\"BreadcrumbList\",\"@id\":\"https:\\\/\\\/eldigitaldeasturias.com\\\/radio\\\/la-calle-la-muralla-y-el-acceso-a-la-cuesta-de-la-molinera-cortadas-al-trafico-en-aviles\\\/#breadcrumblist\",\"itemListElement\":[{\"@type\":\"ListItem\",\"@id\":\"https:\\\/\\\/eldigitaldeasturias.com\\\/radio#listItem\",\"position\":1,\"name\":\"Inicio\",\"item\":\"https:\\\/\\\/eldigitaldeasturias.com\\\/radio\",\"nextItem\":{\"@type\":\"ListItem\",\"@id\":\"https:\\\/\\\/eldigitaldeasturias.com\\\/radio\\\/category\\\/noticias\\\/#listItem\",\"name\":\"Noticias\"}},{\"@type\":\"ListItem\",\"@id\":\"https:\\\/\\\/eldigitaldeasturias.com\\\/radio\\\/category\\\/noticias\\\/#listItem\",\"position\":2,\"name\":\"Noticias\",\"item\":\"https:\\\/\\\/eldigitaldeasturias.com\\\/radio\\\/category\\\/noticias\\\/\",\"nextItem\":{\"@type\":\"ListItem\",\"@id\":\"https:\\\/\\\/eldigitaldeasturias.com\\\/radio\\\/la-calle-la-muralla-y-el-acceso-a-la-cuesta-de-la-molinera-cortadas-al-trafico-en-aviles\\\/#listItem\",\"name\":\"La calle La Muralla y el acceso a la cuesta de La Molinera, cortadas al tr\\u00e1fico en Avil\\u00e9s\"},\"previousItem\":{\"@type\":\"ListItem\",\"@id\":\"https:\\\/\\\/eldigitaldeasturias.com\\\/radio#listItem\",\"name\":\"Inicio\"}},{\"@type\":\"ListItem\",\"@id\":\"https:\\\/\\\/eldigitaldeasturias.com\\\/radio\\\/la-calle-la-muralla-y-el-acceso-a-la-cuesta-de-la-molinera-cortadas-al-trafico-en-aviles\\\/#listItem\",\"position\":3,\"name\":\"La calle La Muralla y el acceso a la cuesta de La Molinera, cortadas al tr\\u00e1fico en Avil\\u00e9s\",\"previousItem\":{\"@type\":\"ListItem\",\"@id\":\"https:\\\/\\\/eldigitaldeasturias.com\\\/radio\\\/category\\\/noticias\\\/#listItem\",\"name\":\"Noticias\"}}]},{\"@type\":\"NewsArticle\",\"@id\":\"https:\\\/\\\/eldigitaldeasturias.com\\\/radio\\\/la-calle-la-muralla-y-el-acceso-a-la-cuesta-de-la-molinera-cortadas-al-trafico-en-aviles\\\/#newsarticle\",\"name\":\"La calle La Muralla y el acceso a la cuesta de La Molinera, cortadas al tr\\u00e1fico en Avil\\u00e9s | El Digital de Asturias\",\"headline\":\"La calle La Muralla y el acceso a la cuesta de La Molinera, cortadas al tr\\u00e1fico en Avil\\u00e9s\",\"author\":{\"@id\":\"https:\\\/\\\/eldigitaldeasturias.com\\\/radio\\\/author\\\/nbasturias\\\/#author\"},\"publisher\":{\"@id\":\"https:\\\/\\\/eldigitaldeasturias.com\\\/radio\\\/#organization\"},\"image\":{\"@type\":\"ImageObject\",\"url\":\"https:\\\/\\\/eldigitaldeasturias.com\\\/radio\\\/wp-content\\\/uploads\\\/2018\\\/10\\\/technology-785742_960_720.jpg\",\"width\":960,\"height\":640},\"datePublished\":\"2020-12-26T19:40:23+01:00\",\"dateModified\":\"2020-12-26T19:40:23+01:00\",\"inLanguage\":\"es-ES\",\"mainEntityOfPage\":{\"@id\":\"https:\\\/\\\/eldigitaldeasturias.com\\\/radio\\\/la-calle-la-muralla-y-el-acceso-a-la-cuesta-de-la-molinera-cortadas-al-trafico-en-aviles\\\/#webpage\"},\"isPartOf\":{\"@id\":\"https:\\\/\\\/eldigitaldeasturias.com\\\/radio\\\/la-calle-la-muralla-y-el-acceso-a-la-cuesta-de-la-molinera-cortadas-al-trafico-en-aviles\\\/#webpage\"},\"articleSection\":\"Noticias\",\"dateline\":\"Publicado el diciembre 26, 2020.\"},{\"@type\":\"Organization\",\"@id\":\"https:\\\/\\\/eldigitaldeasturias.com\\\/radio\\\/#organization\",\"name\":\"El digital de Asturias Radio\",\"description\":\"Diario de informaci\\u00f3n y noticias\",\"url\":\"https:\\\/\\\/eldigitaldeasturias.com\\\/radio\\\/\",\"telephone\":\"+34652131393\",\"logo\":{\"@type\":\"ImageObject\",\"url\":\"https:\\\/\\\/www.eldigitaldeasturias.com\\\/radio\\\/wp-content\\\/uploads\\\/2021\\\/03\\\/EDA.jpg\",\"@id\":\"https:\\\/\\\/eldigitaldeasturias.com\\\/radio\\\/la-calle-la-muralla-y-el-acceso-a-la-cuesta-de-la-molinera-cortadas-al-trafico-en-aviles\\\/#organizationLogo\"},\"image\":{\"@id\":\"https:\\\/\\\/eldigitaldeasturias.com\\\/radio\\\/la-calle-la-muralla-y-el-acceso-a-la-cuesta-de-la-molinera-cortadas-al-trafico-en-aviles\\\/#organizationLogo\"},\"sameAs\":[\"https:\\\/\\\/www.facebook.com\\\/\",\"https:\\\/\\\/x.com\\\/bercodi\",\"https:\\\/\\\/www.instagram.com\\\/\",\"https:\\\/\\\/www.youtube.com\\\/channel\\\/UCZP-2wLEB9Rv6erhFmqVnvg\"]},{\"@type\":\"Person\",\"@id\":\"https:\\\/\\\/eldigitaldeasturias.com\\\/radio\\\/author\\\/nbasturias\\\/#author\",\"url\":\"https:\\\/\\\/eldigitaldeasturias.com\\\/radio\\\/author\\\/nbasturias\\\/\",\"name\":\"NBAsturias\",\"image\":{\"@type\":\"ImageObject\",\"@id\":\"https:\\\/\\\/eldigitaldeasturias.com\\\/radio\\\/la-calle-la-muralla-y-el-acceso-a-la-cuesta-de-la-molinera-cortadas-al-trafico-en-aviles\\\/#authorImage\",\"url\":\"https:\\\/\\\/secure.gravatar.com\\\/avatar\\\/df2aeffc32bcd13f8d26072ef8a91b623d677766deac7f97ca815868cd41bf5e?s=96&d=mm&r=g\",\"width\":96,\"height\":96,\"caption\":\"NBAsturias\"}},{\"@type\":\"WebPage\",\"@id\":\"https:\\\/\\\/eldigitaldeasturias.com\\\/radio\\\/la-calle-la-muralla-y-el-acceso-a-la-cuesta-de-la-molinera-cortadas-al-trafico-en-aviles\\\/#webpage\",\"url\":\"https:\\\/\\\/eldigitaldeasturias.com\\\/radio\\\/la-calle-la-muralla-y-el-acceso-a-la-cuesta-de-la-molinera-cortadas-al-trafico-en-aviles\\\/\",\"name\":\"La calle La Muralla y el acceso a la cuesta de La Molinera, cortadas al tr\\u00e1fico en Avil\\u00e9s | El Digital de Asturias\",\"description\":\"(EP) - La calle de La Muralla y el acceso a la cuesta de La Molinera, en Avil\\u00e9s, Asturias, quedar\\u00e1n cortadas al tr\\u00e1fico durante siete jornadas. Ser\\u00e1 en los d\\u00edas 28, 29 y 30 de diciembre, y 4, 5, 7 y 8 de enero, seg\\u00fan ha informado el Ayuntamiento de Avil\\u00e9s. El corte, que tambi\\u00e9n\",\"inLanguage\":\"es-ES\",\"isPartOf\":{\"@id\":\"https:\\\/\\\/eldigitaldeasturias.com\\\/radio\\\/#website\"},\"breadcrumb\":{\"@id\":\"https:\\\/\\\/eldigitaldeasturias.com\\\/radio\\\/la-calle-la-muralla-y-el-acceso-a-la-cuesta-de-la-molinera-cortadas-al-trafico-en-aviles\\\/#breadcrumblist\"},\"author\":{\"@id\":\"https:\\\/\\\/eldigitaldeasturias.com\\\/radio\\\/author\\\/nbasturias\\\/#author\"},\"creator\":{\"@id\":\"https:\\\/\\\/eldigitaldeasturias.com\\\/radio\\\/author\\\/nbasturias\\\/#author\"},\"image\":{\"@type\":\"ImageObject\",\"url\":\"https:\\\/\\\/eldigitaldeasturias.com\\\/radio\\\/wp-content\\\/uploads\\\/2018\\\/10\\\/technology-785742_960_720.jpg\",\"@id\":\"https:\\\/\\\/eldigitaldeasturias.com\\\/radio\\\/la-calle-la-muralla-y-el-acceso-a-la-cuesta-de-la-molinera-cortadas-al-trafico-en-aviles\\\/#mainImage\",\"width\":960,\"height\":640},\"primaryImageOfPage\":{\"@id\":\"https:\\\/\\\/eldigitaldeasturias.com\\\/radio\\\/la-calle-la-muralla-y-el-acceso-a-la-cuesta-de-la-molinera-cortadas-al-trafico-en-aviles\\\/#mainImage\"},\"datePublished\":\"2020-12-26T19:40:23+01:00\",\"dateModified\":\"2020-12-26T19:40:23+01:00\"},{\"@type\":\"WebSite\",\"@id\":\"https:\\\/\\\/eldigitaldeasturias.com\\\/radio\\\/#website\",\"url\":\"https:\\\/\\\/eldigitaldeasturias.com\\\/radio\\\/\",\"name\":\"El Digital de Asturias\",\"description\":\"Diario de informaci\\u00f3n y noticias\",\"inLanguage\":\"es-ES\",\"publisher\":{\"@id\":\"https:\\\/\\\/eldigitaldeasturias.com\\\/radio\\\/#organization\"}}]}\n\t\t<\/script>\n\t\t<!-- All in One SEO Pro -->\r\n\t\t<title>La calle La Muralla y el acceso a la cuesta de La Molinera, cortadas al tr\u00e1fico en Avil\u00e9s | El Digital de Asturias<\/title>\n\n","aioseo_head_json":{"title":"La calle La Muralla y el acceso a la cuesta de La Molinera, cortadas al tr\u00e1fico en Avil\u00e9s | El Digital de Asturias","description":"(EP) - La calle de La Muralla y el acceso a la cuesta de La Molinera, en Avil\u00e9s, Asturias, quedar\u00e1n cortadas al tr\u00e1fico durante siete jornadas. Ser\u00e1 en los d\u00edas 28, 29 y 30 de diciembre, y 4, 5, 7 y 8 de enero, seg\u00fan ha informado el Ayuntamiento de Avil\u00e9s. El corte, que tambi\u00e9n","canonical_url":"https:\/\/eldigitaldeasturias.com\/radio\/la-calle-la-muralla-y-el-acceso-a-la-cuesta-de-la-molinera-cortadas-al-trafico-en-aviles\/","robots":"max-image-preview:large","keywords":"noticias","webmasterTools":{"google-site-verification":"UA-38556648-1","miscellaneous":""},"schema":{"@context":"https:\/\/schema.org","@graph":[{"@type":"BreadcrumbList","@id":"https:\/\/eldigitaldeasturias.com\/radio\/la-calle-la-muralla-y-el-acceso-a-la-cuesta-de-la-molinera-cortadas-al-trafico-en-aviles\/#breadcrumblist","itemListElement":[{"@type":"ListItem","@id":"https:\/\/eldigitaldeasturias.com\/radio#listItem","position":1,"name":"Inicio","item":"https:\/\/eldigitaldeasturias.com\/radio","nextItem":{"@type":"ListItem","@id":"https:\/\/eldigitaldeasturias.com\/radio\/category\/noticias\/#listItem","name":"Noticias"}},{"@type":"ListItem","@id":"https:\/\/eldigitaldeasturias.com\/radio\/category\/noticias\/#listItem","position":2,"name":"Noticias","item":"https:\/\/eldigitaldeasturias.com\/radio\/category\/noticias\/","nextItem":{"@type":"ListItem","@id":"https:\/\/eldigitaldeasturias.com\/radio\/la-calle-la-muralla-y-el-acceso-a-la-cuesta-de-la-molinera-cortadas-al-trafico-en-aviles\/#listItem","name":"La calle La Muralla y el acceso a la cuesta de La Molinera, cortadas al tr\u00e1fico en Avil\u00e9s"},"previousItem":{"@type":"ListItem","@id":"https:\/\/eldigitaldeasturias.com\/radio#listItem","name":"Inicio"}},{"@type":"ListItem","@id":"https:\/\/eldigitaldeasturias.com\/radio\/la-calle-la-muralla-y-el-acceso-a-la-cuesta-de-la-molinera-cortadas-al-trafico-en-aviles\/#listItem","position":3,"name":"La calle La Muralla y el acceso a la cuesta de La Molinera, cortadas al tr\u00e1fico en Avil\u00e9s","previousItem":{"@type":"ListItem","@id":"https:\/\/eldigitaldeasturias.com\/radio\/category\/noticias\/#listItem","name":"Noticias"}}]},{"@type":"NewsArticle","@id":"https:\/\/eldigitaldeasturias.com\/radio\/la-calle-la-muralla-y-el-acceso-a-la-cuesta-de-la-molinera-cortadas-al-trafico-en-aviles\/#newsarticle","name":"La calle La Muralla y el acceso a la cuesta de La Molinera, cortadas al tr\u00e1fico en Avil\u00e9s | El Digital de Asturias","headline":"La calle La Muralla y el acceso a la cuesta de La Molinera, cortadas al tr\u00e1fico en Avil\u00e9s","author":{"@id":"https:\/\/eldigitaldeasturias.com\/radio\/author\/nbasturias\/#author"},"publisher":{"@id":"https:\/\/eldigitaldeasturias.com\/radio\/#organization"},"image":{"@type":"ImageObject","url":"https:\/\/eldigitaldeasturias.com\/radio\/wp-content\/uploads\/2018\/10\/technology-785742_960_720.jpg","width":960,"height":640},"datePublished":"2020-12-26T19:40:23+01:00","dateModified":"2020-12-26T19:40:23+01:00","inLanguage":"es-ES","mainEntityOfPage":{"@id":"https:\/\/eldigitaldeasturias.com\/radio\/la-calle-la-muralla-y-el-acceso-a-la-cuesta-de-la-molinera-cortadas-al-trafico-en-aviles\/#webpage"},"isPartOf":{"@id":"https:\/\/eldigitaldeasturias.com\/radio\/la-calle-la-muralla-y-el-acceso-a-la-cuesta-de-la-molinera-cortadas-al-trafico-en-aviles\/#webpage"},"articleSection":"Noticias","dateline":"Publicado el diciembre 26, 2020."},{"@type":"Organization","@id":"https:\/\/eldigitaldeasturias.com\/radio\/#organization","name":"El digital de Asturias Radio","description":"Diario de informaci\u00f3n y noticias","url":"https:\/\/eldigitaldeasturias.com\/radio\/","telephone":"+34652131393","logo":{"@type":"ImageObject","url":"https:\/\/www.eldigitaldeasturias.com\/radio\/wp-content\/uploads\/2021\/03\/EDA.jpg","@id":"https:\/\/eldigitaldeasturias.com\/radio\/la-calle-la-muralla-y-el-acceso-a-la-cuesta-de-la-molinera-cortadas-al-trafico-en-aviles\/#organizationLogo"},"image":{"@id":"https:\/\/eldigitaldeasturias.com\/radio\/la-calle-la-muralla-y-el-acceso-a-la-cuesta-de-la-molinera-cortadas-al-trafico-en-aviles\/#organizationLogo"},"sameAs":["https:\/\/www.facebook.com\/","https:\/\/x.com\/bercodi","https:\/\/www.instagram.com\/","https:\/\/www.youtube.com\/channel\/UCZP-2wLEB9Rv6erhFmqVnvg"]},{"@type":"Person","@id":"https:\/\/eldigitaldeasturias.com\/radio\/author\/nbasturias\/#author","url":"https:\/\/eldigitaldeasturias.com\/radio\/author\/nbasturias\/","name":"NBAsturias","image":{"@type":"ImageObject","@id":"https:\/\/eldigitaldeasturias.com\/radio\/la-calle-la-muralla-y-el-acceso-a-la-cuesta-de-la-molinera-cortadas-al-trafico-en-aviles\/#authorImage","url":"https:\/\/secure.gravatar.com\/avatar\/df2aeffc32bcd13f8d26072ef8a91b623d677766deac7f97ca815868cd41bf5e?s=96&d=mm&r=g","width":96,"height":96,"caption":"NBAsturias"}},{"@type":"WebPage","@id":"https:\/\/eldigitaldeasturias.com\/radio\/la-calle-la-muralla-y-el-acceso-a-la-cuesta-de-la-molinera-cortadas-al-trafico-en-aviles\/#webpage","url":"https:\/\/eldigitaldeasturias.com\/radio\/la-calle-la-muralla-y-el-acceso-a-la-cuesta-de-la-molinera-cortadas-al-trafico-en-aviles\/","name":"La calle La Muralla y el acceso a la cuesta de La Molinera, cortadas al tr\u00e1fico en Avil\u00e9s | El Digital de Asturias","description":"(EP) - La calle de La Muralla y el acceso a la cuesta de La Molinera, en Avil\u00e9s, Asturias, quedar\u00e1n cortadas al tr\u00e1fico durante siete jornadas. Ser\u00e1 en los d\u00edas 28, 29 y 30 de diciembre, y 4, 5, 7 y 8 de enero, seg\u00fan ha informado el Ayuntamiento de Avil\u00e9s. El corte, que tambi\u00e9n","inLanguage":"es-ES","isPartOf":{"@id":"https:\/\/eldigitaldeasturias.com\/radio\/#website"},"breadcrumb":{"@id":"https:\/\/eldigitaldeasturias.com\/radio\/la-calle-la-muralla-y-el-acceso-a-la-cuesta-de-la-molinera-cortadas-al-trafico-en-aviles\/#breadcrumblist"},"author":{"@id":"https:\/\/eldigitaldeasturias.com\/radio\/author\/nbasturias\/#author"},"creator":{"@id":"https:\/\/eldigitaldeasturias.com\/radio\/author\/nbasturias\/#author"},"image":{"@type":"ImageObject","url":"https:\/\/eldigitaldeasturias.com\/radio\/wp-content\/uploads\/2018\/10\/technology-785742_960_720.jpg","@id":"https:\/\/eldigitaldeasturias.com\/radio\/la-calle-la-muralla-y-el-acceso-a-la-cuesta-de-la-molinera-cortadas-al-trafico-en-aviles\/#mainImage","width":960,"height":640},"primaryImageOfPage":{"@id":"https:\/\/eldigitaldeasturias.com\/radio\/la-calle-la-muralla-y-el-acceso-a-la-cuesta-de-la-molinera-cortadas-al-trafico-en-aviles\/#mainImage"},"datePublished":"2020-12-26T19:40:23+01:00","dateModified":"2020-12-26T19:40:23+01:00"},{"@type":"WebSite","@id":"https:\/\/eldigitaldeasturias.com\/radio\/#website","url":"https:\/\/eldigitaldeasturias.com\/radio\/","name":"El Digital de Asturias","description":"Diario de informaci\u00f3n y noticias","inLanguage":"es-ES","publisher":{"@id":"https:\/\/eldigitaldeasturias.com\/radio\/#organization"}}]},"og:locale":"es_ES","og:site_name":"El Digital de Asturias | Diario de informaci\u00f3n y noticias","og:type":"article","og:title":"La calle La Muralla y el acceso a la cuesta de La Molinera, cortadas al tr\u00e1fico en Avil\u00e9s | El Digital de Asturias","og:description":"(EP) - La calle de La Muralla y el acceso a la cuesta de La Molinera, en Avil\u00e9s, Asturias, quedar\u00e1n cortadas al tr\u00e1fico durante siete jornadas. Ser\u00e1 en los d\u00edas 28, 29 y 30 de diciembre, y 4, 5, 7 y 8 de enero, seg\u00fan ha informado el Ayuntamiento de Avil\u00e9s. El corte, que tambi\u00e9n","og:url":"https:\/\/eldigitaldeasturias.com\/radio\/la-calle-la-muralla-y-el-acceso-a-la-cuesta-de-la-molinera-cortadas-al-trafico-en-aviles\/","og:image":"https:\/\/eldigitaldeasturias.com\/radio\/wp-content\/uploads\/2018\/10\/technology-785742_960_720.jpg","og:image:secure_url":"https:\/\/eldigitaldeasturias.com\/radio\/wp-content\/uploads\/2018\/10\/technology-785742_960_720.jpg","og:image:width":960,"og:image:height":640,"article:published_time":"2020-12-26T19:40:23+00:00","article:modified_time":"2020-12-26T19:40:23+00:00","twitter:card":"summary_large_image","twitter:site":"@bercodi","twitter:title":"La calle La Muralla y el acceso a la cuesta de La Molinera, cortadas al tr\u00e1fico en Avil\u00e9s | El Digital de Asturias","twitter:description":"(EP) - La calle de La Muralla y el acceso a la cuesta de La Molinera, en Avil\u00e9s, Asturias, quedar\u00e1n cortadas al tr\u00e1fico durante siete jornadas. Ser\u00e1 en los d\u00edas 28, 29 y 30 de diciembre, y 4, 5, 7 y 8 de enero, seg\u00fan ha informado el Ayuntamiento de Avil\u00e9s. El corte, que tambi\u00e9n","twitter:creator":"@bercodi","twitter:image":"https:\/\/eldigitaldeasturias.com\/radio\/wp-content\/uploads\/2018\/10\/technology-785742_960_720.jpg"},"aioseo_meta_data":{"post_id":"5387","title":null,"description":null,"keywords":null,"keyphrases":null,"primary_term":null,"canonical_url":null,"og_title":null,"og_description":null,"og_object_type":"default","og_image_type":"default","og_image_url":null,"og_image_width":null,"og_image_height":null,"og_image_custom_url":null,"og_image_custom_fields":null,"og_video":null,"og_custom_url":null,"og_article_section":null,"og_article_tags":null,"twitter_use_og":false,"twitter_card":"default","twitter_image_type":"default","twitter_image_url":null,"twitter_image_custom_url":null,"twitter_image_custom_fields":null,"twitter_title":null,"twitter_description":null,"schema":{"blockGraphs":[],"customGraphs":[],"default":{"data":{"Article":[],"Course":[],"Dataset":[],"FAQPage":[],"Movie":[],"Person":[],"Product":[],"ProductReview":[],"Car":[],"Recipe":[],"Service":[],"SoftwareApplication":[],"WebPage":[]},"graphName":"","isEnabled":true},"graphs":[],"defaultGraph":"","defaultPostTypeGraph":""},"schema_type":null,"schema_type_options":null,"pillar_content":false,"robots_default":true,"robots_noindex":false,"robots_noarchive":false,"robots_nosnippet":false,"robots_nofollow":false,"robots_noimageindex":false,"robots_noodp":false,"robots_notranslate":false,"robots_max_snippet":null,"robots_max_videopreview":null,"robots_max_imagepreview":"large","priority":null,"frequency":null,"location":null,"local_seo":null,"seo_analyzer_scan_date":"2025-08-28 17:46:31","breadcrumb_settings":null,"limit_modified_date":false,"open_ai":null,"ai":null,"created":"2021-03-28 12:47:22","updated":"2025-08-28 17:46:31"},"aioseo_breadcrumb":"<div class=\"aioseo-breadcrumbs\"><span class=\"aioseo-breadcrumb\">\n\t<a href=\"https:\/\/eldigitaldeasturias.com\/radio\" title=\"Inicio\">Inicio<\/a>\n<\/span><span class=\"aioseo-breadcrumb-separator\">&ndash;<\/span><span class=\"aioseo-breadcrumb\">\n\t<a href=\"https:\/\/eldigitaldeasturias.com\/radio\/category\/noticias\/\" title=\"Noticias\">Noticias<\/a>\n<\/span><span class=\"aioseo-breadcrumb-separator\">&ndash;<\/span><span class=\"aioseo-breadcrumb\">\n\tLa calle La Muralla y el acceso a la cuesta de La Molinera, cortadas al tr\u00e1fico en Avil\u00e9s\n<\/span><\/div>","aioseo_breadcrumb_json":[{"label":"Inicio","link":"https:\/\/eldigitaldeasturias.com\/radio"},{"label":"Noticias","link":"https:\/\/eldigitaldeasturias.com\/radio\/category\/noticias\/"},{"label":"La calle La Muralla y el acceso a la cuesta de La Molinera, cortadas al tr\u00e1fico en Avil\u00e9s","link":"https:\/\/eldigitaldeasturias.com\/radio\/la-calle-la-muralla-y-el-acceso-a-la-cuesta-de-la-molinera-cortadas-al-trafico-en-aviles\/"}],"_links":{"self":[{"href":"https:\/\/eldigitaldeasturias.com\/radio\/wp-json\/wp\/v2\/posts\/5387","targetHints":{"allow":["GET"]}}],"collection":[{"href":"https:\/\/eldigitaldeasturias.com\/radio\/wp-json\/wp\/v2\/posts"}],"about":[{"href":"https:\/\/eldigitaldeasturias.com\/radio\/wp-json\/wp\/v2\/types\/post"}],"author":[{"embeddable":true,"href":"https:\/\/eldigitaldeasturias.com\/radio\/wp-json\/wp\/v2\/users\/1"}],"replies":[{"embeddable":true,"href":"https:\/\/eldigitaldeasturias.com\/radio\/wp-json\/wp\/v2\/comments?post=5387"}],"version-history":[{"count":0,"href":"https:\/\/eldigitaldeasturias.com\/radio\/wp-json\/wp\/v2\/posts\/5387\/revisions"}],"wp:featuredmedia":[{"embeddable":true,"href":"https:\/\/eldigitaldeasturias.com\/radio\/wp-json\/wp\/v2\/media\/1352"}],"wp:attachment":[{"href":"https:\/\/eldigitaldeasturias.com\/radio\/wp-json\/wp\/v2\/media?parent=5387"}],"wp:term":[{"taxonomy":"category","embeddable":true,"href":"https:\/\/eldigitaldeasturias.com\/radio\/wp-json\/wp\/v2\/categories?post=5387"},{"taxonomy":"post_tag","embeddable":true,"href":"https:\/\/eldigitaldeasturias.com\/radio\/wp-json\/wp\/v2\/tags?post=5387"}],"curies":[{"name":"wp","href":"https:\/\/api.w.org\/{rel}","templated":true}]}}