{"id":5369,"date":"2020-12-25T13:48:56","date_gmt":"2020-12-25T13:48:56","guid":{"rendered":"http:\/\/eldigitaldeasturias.com\/radio\/?p=5369"},"modified":"2020-12-25T13:48:56","modified_gmt":"2020-12-25T13:48:56","slug":"creada-la-catedra-de-finanzas-sostenibles","status":"publish","type":"post","link":"https:\/\/eldigitaldeasturias.com\/radio\/creada-la-catedra-de-finanzas-sostenibles\/","title":{"rendered":"Creada la C\u00e1tedra de Finanzas Sostenibles"},"content":{"rendered":"<figure id=\"attachment_5370\" aria-describedby=\"caption-attachment-5370\" style=\"width: 360px\" class=\"wp-caption alignleft\"><img fetchpriority=\"high\" decoding=\"async\" class=\"size-medium wp-image-5370\" src=\"https:\/\/eldigitaldeasturias.com\/radio\/wp-content\/uploads\/2020\/12\/Universidad-360x240.jpg\" alt=\"UNIVERSIDAD DE OVIEDO\" width=\"360\" height=\"240\" srcset=\"https:\/\/eldigitaldeasturias.com\/radio\/wp-content\/uploads\/2020\/12\/Universidad-360x240.jpg 360w, https:\/\/eldigitaldeasturias.com\/radio\/wp-content\/uploads\/2020\/12\/Universidad.jpg 729w\" sizes=\"(max-width: 360px) 100vw, 360px\" \/><figcaption id=\"caption-attachment-5370\" class=\"wp-caption-text\">FOTO: UNIVERSIDAD DE OVIEDO<\/figcaption><\/figure>\n<p>(EP) &#8211; El rector de la Universidad de Oviedo, Santiago Garc\u00eda Granda, y el director general del Sabadell Herrero y subdirector general del Banco Sabadell han firmado el martes el convenio de constituci\u00f3n de la &#8216;C\u00e1tedra SABADELL de Finanzas Sostenibles&#8217;.<\/p>\n<p>Los principales objetivos de este acuerdo, que tiene una vigencia inicial de dos a\u00f1os, son el estudio de acciones y herramientas que permitan alinear la actividad financiera, en las pol\u00edticas de minimizaci\u00f3n de da\u00f1os y la adopci\u00f3n de medidas preventivas contra los perjuicios causados por el cambio clim\u00e1tico, as\u00ed como el cumplimiento de los Objetivos de Desarrollo Sostenible (ODS) de la ONU, recogidos en la Agenda 2030 de Naciones Unidas.<\/p>\n<p>Otro objetivo prioritario de la nueva c\u00e1tedra es \u00abapoyar el proceso de acreditaci\u00f3n internacional\u00bb de la Facultad de Econom\u00eda y Empresa ante la Association to Advance Collegiate Schools of Business (AACBS), seg\u00fan ha informado la Universidad en nota de prensa.<\/p>\n<p>Para lograrlo, ambas instituciones pondr\u00e1n en marcha actividades de colaboraci\u00f3n docente en cursos de formaci\u00f3n, programas de especializaci\u00f3n, grados, postgrados y jornadas.<\/p>\n<p>Asimismo, fomentar\u00e1n las pr\u00e1cticas remuneradas de estudiantes, fundamentalmente de grado, las actividades formativas de participaci\u00f3n abierta dirigidas a toda la comunidad universitaria, y la promoci\u00f3n de actividades de divulgaci\u00f3n y transferencia del conocimiento.<\/p>\n<p>Seg\u00fan ha explicado Pablo Junceda, en Banco Sabadell han introducido en su agenda los Objetivos de Desarrollo Sostenible y el \u00abfirme compromiso\u00bb con la Agenda 2030 como gu\u00edas para integrar el desarrollo sostenible en su estrategia interna.<\/p>\n<p>\u00abEsta nueva c\u00e1tedra de Finanzas Sostenibles que la Universidad de Oviedo pone en marcha con nuestra colaboraci\u00f3n es para nosotros una oportunidad de aportar valor ante uno de los mayores retos que nuestra sociedad tiene por delante\u00bb, ha se\u00f1alado.<\/p>\n<p>La nueva c\u00e1tedra, la \u00faltima de las seis que firma la Facultad de Econom\u00eda y Empresa de la universidad asturiana, estar\u00e1 dirigida por la vicedecana de Asuntos Econ\u00f3micos y Relaciones con la Empresa, Susana P\u00e9rez L\u00f3pez, y cuenta con una dotaci\u00f3n anual de 5.000 euros.<\/p>\n<p>Con esta firma la Universidad de Oviedo alcanza 36 c\u00e1tedras en vigor, diez de ellas firmadas en 2020.<\/p>\n","protected":false},"excerpt":{"rendered":"<p>(EP) &#8211; El rector de la Universidad de Oviedo, Santiago Garc\u00eda Granda, y el director general del Sabadell Herrero y subdirector general del Banco Sabadell han firmado el martes el convenio de constituci\u00f3n de la &#8216;C\u00e1tedra SABADELL de Finanzas Sostenibles&#8217;. Los principales objetivos de este acuerdo, que tiene una vigencia inicial de dos a\u00f1os, son<\/p>\n","protected":false},"author":1,"featured_media":5370,"comment_status":"closed","ping_status":"closed","sticky":false,"template":"","format":"standard","meta":{"footnotes":""},"categories":[1],"tags":[],"class_list":{"0":"post-5369","1":"post","2":"type-post","3":"status-publish","4":"format-standard","5":"has-post-thumbnail","7":"category-noticias"},"aioseo_notices":[],"aioseo_head":"\n\t\t<!-- All in One SEO Pro 4.9.6.2 - aioseo.com -->\n\t<meta name=\"description\" content=\"(EP) - El rector de la Universidad de Oviedo, Santiago Garc\u00eda Granda, y el director general del Sabadell Herrero y subdirector general del Banco Sabadell han firmado el martes el convenio de constituci\u00f3n de la &#039;C\u00e1tedra SABADELL de Finanzas Sostenibles&#039;. Los principales objetivos de este acuerdo, que tiene una vigencia inicial de dos a\u00f1os, son\" \/>\n\t<meta name=\"robots\" content=\"max-image-preview:large\" \/>\n\t<meta name=\"author\" content=\"NBAsturias\"\/>\n\t<meta name=\"google-site-verification\" content=\"UA-38556648-1\" \/>\n\t<meta name=\"keywords\" content=\"noticias\" \/>\n\t<link rel=\"canonical\" href=\"https:\/\/eldigitaldeasturias.com\/radio\/creada-la-catedra-de-finanzas-sostenibles\/\" \/>\n\t<meta name=\"generator\" content=\"All in One SEO Pro (AIOSEO) 4.9.6.2\" \/>\n\t\t<meta property=\"og:locale\" content=\"es_ES\" \/>\n\t\t<meta property=\"og:site_name\" content=\"El Digital de Asturias | Diario de informaci\u00f3n y noticias\" \/>\n\t\t<meta property=\"og:type\" content=\"article\" \/>\n\t\t<meta property=\"og:title\" content=\"Creada la C\u00e1tedra de Finanzas Sostenibles | El Digital de Asturias\" \/>\n\t\t<meta property=\"og:description\" content=\"(EP) - El rector de la Universidad de Oviedo, Santiago Garc\u00eda Granda, y el director general del Sabadell Herrero y subdirector general del Banco Sabadell han firmado el martes el convenio de constituci\u00f3n de la &#039;C\u00e1tedra SABADELL de Finanzas Sostenibles&#039;. Los principales objetivos de este acuerdo, que tiene una vigencia inicial de dos a\u00f1os, son\" \/>\n\t\t<meta property=\"og:url\" content=\"https:\/\/eldigitaldeasturias.com\/radio\/creada-la-catedra-de-finanzas-sostenibles\/\" \/>\n\t\t<meta property=\"og:image\" content=\"https:\/\/eldigitaldeasturias.com\/radio\/wp-content\/uploads\/2020\/12\/Universidad.jpg\" \/>\n\t\t<meta property=\"og:image:secure_url\" content=\"https:\/\/eldigitaldeasturias.com\/radio\/wp-content\/uploads\/2020\/12\/Universidad.jpg\" \/>\n\t\t<meta property=\"og:image:width\" content=\"729\" \/>\n\t\t<meta property=\"og:image:height\" content=\"485\" \/>\n\t\t<meta property=\"article:published_time\" content=\"2020-12-25T13:48:56+00:00\" \/>\n\t\t<meta property=\"article:modified_time\" content=\"2020-12-25T13:48:56+00:00\" \/>\n\t\t<meta name=\"twitter:card\" content=\"summary_large_image\" \/>\n\t\t<meta name=\"twitter:site\" content=\"@bercodi\" \/>\n\t\t<meta name=\"twitter:title\" content=\"Creada la C\u00e1tedra de Finanzas Sostenibles | El Digital de Asturias\" \/>\n\t\t<meta name=\"twitter:description\" content=\"(EP) - El rector de la Universidad de Oviedo, Santiago Garc\u00eda Granda, y el director general del Sabadell Herrero y subdirector general del Banco Sabadell han firmado el martes el convenio de constituci\u00f3n de la &#039;C\u00e1tedra SABADELL de Finanzas Sostenibles&#039;. Los principales objetivos de este acuerdo, que tiene una vigencia inicial de dos a\u00f1os, son\" \/>\n\t\t<meta name=\"twitter:creator\" content=\"@bercodi\" \/>\n\t\t<meta name=\"twitter:image\" content=\"https:\/\/eldigitaldeasturias.com\/radio\/wp-content\/uploads\/2020\/12\/Universidad.jpg\" \/>\n\t\t<script type=\"application\/ld+json\" class=\"aioseo-schema\">\n\t\t\t{\"@context\":\"https:\\\/\\\/schema.org\",\"@graph\":[{\"@type\":\"BreadcrumbList\",\"@id\":\"https:\\\/\\\/eldigitaldeasturias.com\\\/radio\\\/creada-la-catedra-de-finanzas-sostenibles\\\/#breadcrumblist\",\"itemListElement\":[{\"@type\":\"ListItem\",\"@id\":\"https:\\\/\\\/eldigitaldeasturias.com\\\/radio#listItem\",\"position\":1,\"name\":\"Inicio\",\"item\":\"https:\\\/\\\/eldigitaldeasturias.com\\\/radio\",\"nextItem\":{\"@type\":\"ListItem\",\"@id\":\"https:\\\/\\\/eldigitaldeasturias.com\\\/radio\\\/category\\\/noticias\\\/#listItem\",\"name\":\"Noticias\"}},{\"@type\":\"ListItem\",\"@id\":\"https:\\\/\\\/eldigitaldeasturias.com\\\/radio\\\/category\\\/noticias\\\/#listItem\",\"position\":2,\"name\":\"Noticias\",\"item\":\"https:\\\/\\\/eldigitaldeasturias.com\\\/radio\\\/category\\\/noticias\\\/\",\"nextItem\":{\"@type\":\"ListItem\",\"@id\":\"https:\\\/\\\/eldigitaldeasturias.com\\\/radio\\\/creada-la-catedra-de-finanzas-sostenibles\\\/#listItem\",\"name\":\"Creada la C\\u00e1tedra de Finanzas Sostenibles\"},\"previousItem\":{\"@type\":\"ListItem\",\"@id\":\"https:\\\/\\\/eldigitaldeasturias.com\\\/radio#listItem\",\"name\":\"Inicio\"}},{\"@type\":\"ListItem\",\"@id\":\"https:\\\/\\\/eldigitaldeasturias.com\\\/radio\\\/creada-la-catedra-de-finanzas-sostenibles\\\/#listItem\",\"position\":3,\"name\":\"Creada la C\\u00e1tedra de Finanzas Sostenibles\",\"previousItem\":{\"@type\":\"ListItem\",\"@id\":\"https:\\\/\\\/eldigitaldeasturias.com\\\/radio\\\/category\\\/noticias\\\/#listItem\",\"name\":\"Noticias\"}}]},{\"@type\":\"NewsArticle\",\"@id\":\"https:\\\/\\\/eldigitaldeasturias.com\\\/radio\\\/creada-la-catedra-de-finanzas-sostenibles\\\/#newsarticle\",\"name\":\"Creada la C\\u00e1tedra de Finanzas Sostenibles | El Digital de Asturias\",\"headline\":\"Creada la C\\u00e1tedra de Finanzas Sostenibles\",\"author\":{\"@id\":\"https:\\\/\\\/eldigitaldeasturias.com\\\/radio\\\/author\\\/nbasturias\\\/#author\"},\"publisher\":{\"@id\":\"https:\\\/\\\/eldigitaldeasturias.com\\\/radio\\\/#organization\"},\"image\":{\"@type\":\"ImageObject\",\"url\":\"https:\\\/\\\/eldigitaldeasturias.com\\\/radio\\\/wp-content\\\/uploads\\\/2020\\\/12\\\/Universidad.jpg\",\"width\":729,\"height\":485,\"caption\":\"FOTO: UNIVERSIDAD DE OVIEDO\"},\"datePublished\":\"2020-12-25T13:48:56+01:00\",\"dateModified\":\"2020-12-25T13:48:56+01:00\",\"inLanguage\":\"es-ES\",\"mainEntityOfPage\":{\"@id\":\"https:\\\/\\\/eldigitaldeasturias.com\\\/radio\\\/creada-la-catedra-de-finanzas-sostenibles\\\/#webpage\"},\"isPartOf\":{\"@id\":\"https:\\\/\\\/eldigitaldeasturias.com\\\/radio\\\/creada-la-catedra-de-finanzas-sostenibles\\\/#webpage\"},\"articleSection\":\"Noticias\",\"dateline\":\"Publicado el diciembre 25, 2020.\"},{\"@type\":\"Organization\",\"@id\":\"https:\\\/\\\/eldigitaldeasturias.com\\\/radio\\\/#organization\",\"name\":\"El digital de Asturias Radio\",\"description\":\"Diario de informaci\\u00f3n y noticias\",\"url\":\"https:\\\/\\\/eldigitaldeasturias.com\\\/radio\\\/\",\"telephone\":\"+34652131393\",\"logo\":{\"@type\":\"ImageObject\",\"url\":\"https:\\\/\\\/www.eldigitaldeasturias.com\\\/radio\\\/wp-content\\\/uploads\\\/2021\\\/03\\\/EDA.jpg\",\"@id\":\"https:\\\/\\\/eldigitaldeasturias.com\\\/radio\\\/creada-la-catedra-de-finanzas-sostenibles\\\/#organizationLogo\"},\"image\":{\"@id\":\"https:\\\/\\\/eldigitaldeasturias.com\\\/radio\\\/creada-la-catedra-de-finanzas-sostenibles\\\/#organizationLogo\"},\"sameAs\":[\"https:\\\/\\\/www.facebook.com\\\/\",\"https:\\\/\\\/x.com\\\/bercodi\",\"https:\\\/\\\/www.instagram.com\\\/\",\"https:\\\/\\\/www.youtube.com\\\/channel\\\/UCZP-2wLEB9Rv6erhFmqVnvg\"]},{\"@type\":\"Person\",\"@id\":\"https:\\\/\\\/eldigitaldeasturias.com\\\/radio\\\/author\\\/nbasturias\\\/#author\",\"url\":\"https:\\\/\\\/eldigitaldeasturias.com\\\/radio\\\/author\\\/nbasturias\\\/\",\"name\":\"NBAsturias\",\"image\":{\"@type\":\"ImageObject\",\"@id\":\"https:\\\/\\\/eldigitaldeasturias.com\\\/radio\\\/creada-la-catedra-de-finanzas-sostenibles\\\/#authorImage\",\"url\":\"https:\\\/\\\/secure.gravatar.com\\\/avatar\\\/df2aeffc32bcd13f8d26072ef8a91b623d677766deac7f97ca815868cd41bf5e?s=96&d=mm&r=g\",\"width\":96,\"height\":96,\"caption\":\"NBAsturias\"}},{\"@type\":\"WebPage\",\"@id\":\"https:\\\/\\\/eldigitaldeasturias.com\\\/radio\\\/creada-la-catedra-de-finanzas-sostenibles\\\/#webpage\",\"url\":\"https:\\\/\\\/eldigitaldeasturias.com\\\/radio\\\/creada-la-catedra-de-finanzas-sostenibles\\\/\",\"name\":\"Creada la C\\u00e1tedra de Finanzas Sostenibles | El Digital de Asturias\",\"description\":\"(EP) - El rector de la Universidad de Oviedo, Santiago Garc\\u00eda Granda, y el director general del Sabadell Herrero y subdirector general del Banco Sabadell han firmado el martes el convenio de constituci\\u00f3n de la 'C\\u00e1tedra SABADELL de Finanzas Sostenibles'. Los principales objetivos de este acuerdo, que tiene una vigencia inicial de dos a\\u00f1os, son\",\"inLanguage\":\"es-ES\",\"isPartOf\":{\"@id\":\"https:\\\/\\\/eldigitaldeasturias.com\\\/radio\\\/#website\"},\"breadcrumb\":{\"@id\":\"https:\\\/\\\/eldigitaldeasturias.com\\\/radio\\\/creada-la-catedra-de-finanzas-sostenibles\\\/#breadcrumblist\"},\"author\":{\"@id\":\"https:\\\/\\\/eldigitaldeasturias.com\\\/radio\\\/author\\\/nbasturias\\\/#author\"},\"creator\":{\"@id\":\"https:\\\/\\\/eldigitaldeasturias.com\\\/radio\\\/author\\\/nbasturias\\\/#author\"},\"image\":{\"@type\":\"ImageObject\",\"url\":\"https:\\\/\\\/eldigitaldeasturias.com\\\/radio\\\/wp-content\\\/uploads\\\/2020\\\/12\\\/Universidad.jpg\",\"@id\":\"https:\\\/\\\/eldigitaldeasturias.com\\\/radio\\\/creada-la-catedra-de-finanzas-sostenibles\\\/#mainImage\",\"width\":729,\"height\":485,\"caption\":\"FOTO: UNIVERSIDAD DE OVIEDO\"},\"primaryImageOfPage\":{\"@id\":\"https:\\\/\\\/eldigitaldeasturias.com\\\/radio\\\/creada-la-catedra-de-finanzas-sostenibles\\\/#mainImage\"},\"datePublished\":\"2020-12-25T13:48:56+01:00\",\"dateModified\":\"2020-12-25T13:48:56+01:00\"},{\"@type\":\"WebSite\",\"@id\":\"https:\\\/\\\/eldigitaldeasturias.com\\\/radio\\\/#website\",\"url\":\"https:\\\/\\\/eldigitaldeasturias.com\\\/radio\\\/\",\"name\":\"El Digital de Asturias\",\"description\":\"Diario de informaci\\u00f3n y noticias\",\"inLanguage\":\"es-ES\",\"publisher\":{\"@id\":\"https:\\\/\\\/eldigitaldeasturias.com\\\/radio\\\/#organization\"}}]}\n\t\t<\/script>\n\t\t<!-- All in One SEO Pro -->\r\n\t\t<title>Creada la C\u00e1tedra de Finanzas Sostenibles | El Digital de Asturias<\/title>\n\n","aioseo_head_json":{"title":"Creada la C\u00e1tedra de Finanzas Sostenibles | El Digital de Asturias","description":"(EP) - El rector de la Universidad de Oviedo, Santiago Garc\u00eda Granda, y el director general del Sabadell Herrero y subdirector general del Banco Sabadell han firmado el martes el convenio de constituci\u00f3n de la 'C\u00e1tedra SABADELL de Finanzas Sostenibles'. Los principales objetivos de este acuerdo, que tiene una vigencia inicial de dos a\u00f1os, son","canonical_url":"https:\/\/eldigitaldeasturias.com\/radio\/creada-la-catedra-de-finanzas-sostenibles\/","robots":"max-image-preview:large","keywords":"noticias","webmasterTools":{"google-site-verification":"UA-38556648-1","miscellaneous":""},"schema":{"@context":"https:\/\/schema.org","@graph":[{"@type":"BreadcrumbList","@id":"https:\/\/eldigitaldeasturias.com\/radio\/creada-la-catedra-de-finanzas-sostenibles\/#breadcrumblist","itemListElement":[{"@type":"ListItem","@id":"https:\/\/eldigitaldeasturias.com\/radio#listItem","position":1,"name":"Inicio","item":"https:\/\/eldigitaldeasturias.com\/radio","nextItem":{"@type":"ListItem","@id":"https:\/\/eldigitaldeasturias.com\/radio\/category\/noticias\/#listItem","name":"Noticias"}},{"@type":"ListItem","@id":"https:\/\/eldigitaldeasturias.com\/radio\/category\/noticias\/#listItem","position":2,"name":"Noticias","item":"https:\/\/eldigitaldeasturias.com\/radio\/category\/noticias\/","nextItem":{"@type":"ListItem","@id":"https:\/\/eldigitaldeasturias.com\/radio\/creada-la-catedra-de-finanzas-sostenibles\/#listItem","name":"Creada la C\u00e1tedra de Finanzas Sostenibles"},"previousItem":{"@type":"ListItem","@id":"https:\/\/eldigitaldeasturias.com\/radio#listItem","name":"Inicio"}},{"@type":"ListItem","@id":"https:\/\/eldigitaldeasturias.com\/radio\/creada-la-catedra-de-finanzas-sostenibles\/#listItem","position":3,"name":"Creada la C\u00e1tedra de Finanzas Sostenibles","previousItem":{"@type":"ListItem","@id":"https:\/\/eldigitaldeasturias.com\/radio\/category\/noticias\/#listItem","name":"Noticias"}}]},{"@type":"NewsArticle","@id":"https:\/\/eldigitaldeasturias.com\/radio\/creada-la-catedra-de-finanzas-sostenibles\/#newsarticle","name":"Creada la C\u00e1tedra de Finanzas Sostenibles | El Digital de Asturias","headline":"Creada la C\u00e1tedra de Finanzas Sostenibles","author":{"@id":"https:\/\/eldigitaldeasturias.com\/radio\/author\/nbasturias\/#author"},"publisher":{"@id":"https:\/\/eldigitaldeasturias.com\/radio\/#organization"},"image":{"@type":"ImageObject","url":"https:\/\/eldigitaldeasturias.com\/radio\/wp-content\/uploads\/2020\/12\/Universidad.jpg","width":729,"height":485,"caption":"FOTO: UNIVERSIDAD DE OVIEDO"},"datePublished":"2020-12-25T13:48:56+01:00","dateModified":"2020-12-25T13:48:56+01:00","inLanguage":"es-ES","mainEntityOfPage":{"@id":"https:\/\/eldigitaldeasturias.com\/radio\/creada-la-catedra-de-finanzas-sostenibles\/#webpage"},"isPartOf":{"@id":"https:\/\/eldigitaldeasturias.com\/radio\/creada-la-catedra-de-finanzas-sostenibles\/#webpage"},"articleSection":"Noticias","dateline":"Publicado el diciembre 25, 2020."},{"@type":"Organization","@id":"https:\/\/eldigitaldeasturias.com\/radio\/#organization","name":"El digital de Asturias Radio","description":"Diario de informaci\u00f3n y noticias","url":"https:\/\/eldigitaldeasturias.com\/radio\/","telephone":"+34652131393","logo":{"@type":"ImageObject","url":"https:\/\/www.eldigitaldeasturias.com\/radio\/wp-content\/uploads\/2021\/03\/EDA.jpg","@id":"https:\/\/eldigitaldeasturias.com\/radio\/creada-la-catedra-de-finanzas-sostenibles\/#organizationLogo"},"image":{"@id":"https:\/\/eldigitaldeasturias.com\/radio\/creada-la-catedra-de-finanzas-sostenibles\/#organizationLogo"},"sameAs":["https:\/\/www.facebook.com\/","https:\/\/x.com\/bercodi","https:\/\/www.instagram.com\/","https:\/\/www.youtube.com\/channel\/UCZP-2wLEB9Rv6erhFmqVnvg"]},{"@type":"Person","@id":"https:\/\/eldigitaldeasturias.com\/radio\/author\/nbasturias\/#author","url":"https:\/\/eldigitaldeasturias.com\/radio\/author\/nbasturias\/","name":"NBAsturias","image":{"@type":"ImageObject","@id":"https:\/\/eldigitaldeasturias.com\/radio\/creada-la-catedra-de-finanzas-sostenibles\/#authorImage","url":"https:\/\/secure.gravatar.com\/avatar\/df2aeffc32bcd13f8d26072ef8a91b623d677766deac7f97ca815868cd41bf5e?s=96&d=mm&r=g","width":96,"height":96,"caption":"NBAsturias"}},{"@type":"WebPage","@id":"https:\/\/eldigitaldeasturias.com\/radio\/creada-la-catedra-de-finanzas-sostenibles\/#webpage","url":"https:\/\/eldigitaldeasturias.com\/radio\/creada-la-catedra-de-finanzas-sostenibles\/","name":"Creada la C\u00e1tedra de Finanzas Sostenibles | El Digital de Asturias","description":"(EP) - El rector de la Universidad de Oviedo, Santiago Garc\u00eda Granda, y el director general del Sabadell Herrero y subdirector general del Banco Sabadell han firmado el martes el convenio de constituci\u00f3n de la 'C\u00e1tedra SABADELL de Finanzas Sostenibles'. Los principales objetivos de este acuerdo, que tiene una vigencia inicial de dos a\u00f1os, son","inLanguage":"es-ES","isPartOf":{"@id":"https:\/\/eldigitaldeasturias.com\/radio\/#website"},"breadcrumb":{"@id":"https:\/\/eldigitaldeasturias.com\/radio\/creada-la-catedra-de-finanzas-sostenibles\/#breadcrumblist"},"author":{"@id":"https:\/\/eldigitaldeasturias.com\/radio\/author\/nbasturias\/#author"},"creator":{"@id":"https:\/\/eldigitaldeasturias.com\/radio\/author\/nbasturias\/#author"},"image":{"@type":"ImageObject","url":"https:\/\/eldigitaldeasturias.com\/radio\/wp-content\/uploads\/2020\/12\/Universidad.jpg","@id":"https:\/\/eldigitaldeasturias.com\/radio\/creada-la-catedra-de-finanzas-sostenibles\/#mainImage","width":729,"height":485,"caption":"FOTO: UNIVERSIDAD DE OVIEDO"},"primaryImageOfPage":{"@id":"https:\/\/eldigitaldeasturias.com\/radio\/creada-la-catedra-de-finanzas-sostenibles\/#mainImage"},"datePublished":"2020-12-25T13:48:56+01:00","dateModified":"2020-12-25T13:48:56+01:00"},{"@type":"WebSite","@id":"https:\/\/eldigitaldeasturias.com\/radio\/#website","url":"https:\/\/eldigitaldeasturias.com\/radio\/","name":"El Digital de Asturias","description":"Diario de informaci\u00f3n y noticias","inLanguage":"es-ES","publisher":{"@id":"https:\/\/eldigitaldeasturias.com\/radio\/#organization"}}]},"og:locale":"es_ES","og:site_name":"El Digital de Asturias | Diario de informaci\u00f3n y noticias","og:type":"article","og:title":"Creada la C\u00e1tedra de Finanzas Sostenibles | El Digital de Asturias","og:description":"(EP) - El rector de la Universidad de Oviedo, Santiago Garc\u00eda Granda, y el director general del Sabadell Herrero y subdirector general del Banco Sabadell han firmado el martes el convenio de constituci\u00f3n de la 'C\u00e1tedra SABADELL de Finanzas Sostenibles'. Los principales objetivos de este acuerdo, que tiene una vigencia inicial de dos a\u00f1os, son","og:url":"https:\/\/eldigitaldeasturias.com\/radio\/creada-la-catedra-de-finanzas-sostenibles\/","og:image":"https:\/\/eldigitaldeasturias.com\/radio\/wp-content\/uploads\/2020\/12\/Universidad.jpg","og:image:secure_url":"https:\/\/eldigitaldeasturias.com\/radio\/wp-content\/uploads\/2020\/12\/Universidad.jpg","og:image:width":729,"og:image:height":485,"article:published_time":"2020-12-25T13:48:56+00:00","article:modified_time":"2020-12-25T13:48:56+00:00","twitter:card":"summary_large_image","twitter:site":"@bercodi","twitter:title":"Creada la C\u00e1tedra de Finanzas Sostenibles | El Digital de Asturias","twitter:description":"(EP) - El rector de la Universidad de Oviedo, Santiago Garc\u00eda Granda, y el director general del Sabadell Herrero y subdirector general del Banco Sabadell han firmado el martes el convenio de constituci\u00f3n de la 'C\u00e1tedra SABADELL de Finanzas Sostenibles'. Los principales objetivos de este acuerdo, que tiene una vigencia inicial de dos a\u00f1os, son","twitter:creator":"@bercodi","twitter:image":"https:\/\/eldigitaldeasturias.com\/radio\/wp-content\/uploads\/2020\/12\/Universidad.jpg"},"aioseo_meta_data":{"post_id":"5369","title":null,"description":null,"keywords":null,"keyphrases":null,"primary_term":null,"canonical_url":null,"og_title":null,"og_description":null,"og_object_type":"default","og_image_type":"default","og_image_url":null,"og_image_width":null,"og_image_height":null,"og_image_custom_url":null,"og_image_custom_fields":null,"og_video":null,"og_custom_url":null,"og_article_section":null,"og_article_tags":null,"twitter_use_og":false,"twitter_card":"default","twitter_image_type":"default","twitter_image_url":null,"twitter_image_custom_url":null,"twitter_image_custom_fields":null,"twitter_title":null,"twitter_description":null,"schema":{"blockGraphs":[],"customGraphs":[],"default":{"data":{"Article":[],"Course":[],"Dataset":[],"FAQPage":[],"Movie":[],"Person":[],"Product":[],"ProductReview":[],"Car":[],"Recipe":[],"Service":[],"SoftwareApplication":[],"WebPage":[]},"graphName":"","isEnabled":true},"graphs":[],"defaultGraph":"","defaultPostTypeGraph":""},"schema_type":null,"schema_type_options":null,"pillar_content":false,"robots_default":true,"robots_noindex":false,"robots_noarchive":false,"robots_nosnippet":false,"robots_nofollow":false,"robots_noimageindex":false,"robots_noodp":false,"robots_notranslate":false,"robots_max_snippet":null,"robots_max_videopreview":null,"robots_max_imagepreview":"large","priority":null,"frequency":null,"location":null,"local_seo":null,"seo_analyzer_scan_date":"2025-08-28 17:44:32","breadcrumb_settings":null,"limit_modified_date":false,"open_ai":null,"ai":null,"created":"2021-03-27 12:43:53","updated":"2025-08-28 17:44:32"},"aioseo_breadcrumb":"<div class=\"aioseo-breadcrumbs\"><span class=\"aioseo-breadcrumb\">\n\t<a href=\"https:\/\/eldigitaldeasturias.com\/radio\" title=\"Inicio\">Inicio<\/a>\n<\/span><span class=\"aioseo-breadcrumb-separator\">&ndash;<\/span><span class=\"aioseo-breadcrumb\">\n\t<a href=\"https:\/\/eldigitaldeasturias.com\/radio\/category\/noticias\/\" title=\"Noticias\">Noticias<\/a>\n<\/span><span class=\"aioseo-breadcrumb-separator\">&ndash;<\/span><span class=\"aioseo-breadcrumb\">\n\tCreada la C\u00e1tedra de Finanzas Sostenibles\n<\/span><\/div>","aioseo_breadcrumb_json":[{"label":"Inicio","link":"https:\/\/eldigitaldeasturias.com\/radio"},{"label":"Noticias","link":"https:\/\/eldigitaldeasturias.com\/radio\/category\/noticias\/"},{"label":"Creada la C\u00e1tedra de Finanzas Sostenibles","link":"https:\/\/eldigitaldeasturias.com\/radio\/creada-la-catedra-de-finanzas-sostenibles\/"}],"_links":{"self":[{"href":"https:\/\/eldigitaldeasturias.com\/radio\/wp-json\/wp\/v2\/posts\/5369","targetHints":{"allow":["GET"]}}],"collection":[{"href":"https:\/\/eldigitaldeasturias.com\/radio\/wp-json\/wp\/v2\/posts"}],"about":[{"href":"https:\/\/eldigitaldeasturias.com\/radio\/wp-json\/wp\/v2\/types\/post"}],"author":[{"embeddable":true,"href":"https:\/\/eldigitaldeasturias.com\/radio\/wp-json\/wp\/v2\/users\/1"}],"replies":[{"embeddable":true,"href":"https:\/\/eldigitaldeasturias.com\/radio\/wp-json\/wp\/v2\/comments?post=5369"}],"version-history":[{"count":0,"href":"https:\/\/eldigitaldeasturias.com\/radio\/wp-json\/wp\/v2\/posts\/5369\/revisions"}],"wp:featuredmedia":[{"embeddable":true,"href":"https:\/\/eldigitaldeasturias.com\/radio\/wp-json\/wp\/v2\/media\/5370"}],"wp:attachment":[{"href":"https:\/\/eldigitaldeasturias.com\/radio\/wp-json\/wp\/v2\/media?parent=5369"}],"wp:term":[{"taxonomy":"category","embeddable":true,"href":"https:\/\/eldigitaldeasturias.com\/radio\/wp-json\/wp\/v2\/categories?post=5369"},{"taxonomy":"post_tag","embeddable":true,"href":"https:\/\/eldigitaldeasturias.com\/radio\/wp-json\/wp\/v2\/tags?post=5369"}],"curies":[{"name":"wp","href":"https:\/\/api.w.org\/{rel}","templated":true}]}}