{"id":5367,"date":"2020-12-25T13:44:52","date_gmt":"2020-12-25T13:44:52","guid":{"rendered":"http:\/\/eldigitaldeasturias.com\/radio\/?p=5367"},"modified":"2020-12-25T13:44:52","modified_gmt":"2020-12-25T13:44:52","slug":"150-000-asturianos-podrian-estar-vacunados-en-el-primer-trimestre-de-2021","status":"publish","type":"post","link":"https:\/\/eldigitaldeasturias.com\/radio\/150-000-asturianos-podrian-estar-vacunados-en-el-primer-trimestre-de-2021\/","title":{"rendered":"150.000 asturianos podr\u00edan estar vacunados en el primer trimestre de 2021"},"content":{"rendered":"<p><img fetchpriority=\"high\" decoding=\"async\" class=\"alignleft size-medium wp-image-4110\" src=\"https:\/\/eldigitaldeasturias.com\/radio\/wp-content\/uploads\/2020\/04\/covid-19-4960246_640-360x194.jpg\" alt=\"\" width=\"360\" height=\"194\" srcset=\"https:\/\/eldigitaldeasturias.com\/radio\/wp-content\/uploads\/2020\/04\/covid-19-4960246_640-360x194.jpg 360w, https:\/\/eldigitaldeasturias.com\/radio\/wp-content\/uploads\/2020\/04\/covid-19-4960246_640.jpg 640w\" sizes=\"(max-width: 360px) 100vw, 360px\" \/>(EP) &#8211; El Principado de Asturias tiene toda la log\u00edstica preparada para poder iniciar la vacunaci\u00f3n contra la Covid 19. As\u00ed, este domingo un total de 148 profesionales repartidos en 50 equipos, cada uno de los cuales contar\u00e1 con una enfermera, empezar\u00e1n a vacunar en los geri\u00e1tricos asturianos e ir\u00e1n creando el registro de inmunizados. Los profesionales recibir\u00e1n formaci\u00f3n para poder llevar a cabo ambas tareas. En el primer trimestre esperan que se haya vacunado a unas 150.000 personas.<\/p>\n<p>As\u00ed lo han explicado este martes en rueda de prensa el director general de Salud P\u00fablica, Rafael Cofi\u00f1o; la directora gerente del Sespa, Concepci\u00f3n Saavedra, y el jefe del Servicio de Vigilancia Epidemiol\u00f3gica, Ismael Huerta.<\/p>\n<p>\u00abNo vamos a tener todas las dosis que nos gustar\u00eda desde el primer momento, las tendremos de manera paulatina y continuada en el tiempo y llegaremos a tener m\u00e1s que suficiente para vacunar a toda la poblaci\u00f3n espa\u00f1ola, pero al principio llegar\u00e1n pocas dosis por eso se ha dise\u00f1ado una estrategia de vacunaci\u00f3n\u00bb, ha manifestado Huerta.<\/p>\n<p>As\u00ed la vacunaci\u00f3n se llevar\u00e1 a cabo seg\u00fan la estrategia dise\u00f1ada junto al Ministerio que establece cuatro grupos prioritarios. El grupo uno incluye a residentes y personal sanitario y sociosanitario que trabaja en residencias de personas mayores y de atenci\u00f3n a grandes dependientes mientras que en el segundo grupo se enmarca el personal de primera l\u00ednea en el \u00e1mbito sanitario y sociosanitario. En el tercero, otro personal sanitario y sociosanitario. Y en el cuarto, \u00faltimo en esta primera fase, las personas consideradas como grandes dependientes.<\/p>\n<p>Los responsables de Salud del Principado han indicado que est\u00e1n en contacto permanente con Bienestar Social que les est\u00e1 facilitando todos los datos para llevar a cabo la vacunaci\u00f3n en ese primer grupo y tambi\u00e9n se ha hablado ya con los responsables de las residencias y geri\u00e1tricos, tanto p\u00fablicas como privadas.<\/p>\n<p>Han insistido en que la planificaci\u00f3n \u00abdebe ser muy exquisita\u00bb y cada dosis saldr\u00e1 del punto central \u00abpr\u00e1cticamente con el nombre y apellido de su destinatario\u00bb. As\u00ed, en el primer grupo se calcula que se vacunar\u00e1 a 23.000 personas entre residentes y personal sociosanitario a los que habr\u00e1 que sumar al personal de los dispositivos de centros de d\u00eda.<\/p>\n<p>\u00abRealmente no sabremos cuantas personas de este grupo se vacunar\u00e1n hasta que no recibamos la revisi\u00f3n de las listas por parte de las residencias y hasta que vayamos all\u00ed y lo hagamos\u00bb, ha indicado Huerta que ha explicado que la negativa a la vacunaci\u00f3n va a quedar registrada porque se quiere conocer la motivaci\u00f3n, pero ser\u00e1 una cuesti\u00f3n a reflejar en el historial cl\u00ednico de esa persona. Adem\u00e1s esa negativa a vacunarse no excluye que luego esas personas si puedan recibir la vacuna.<\/p>\n<p>Saavedra ha indicado que aun no han decidido en que residencias arrancar\u00e1 la vacunaci\u00f3n, pero ser\u00e1 \u00aben las que tengan un mayor n\u00famero de usuarios y mayor vulnerabilidad\u00bb. \u00abA\u00fan estamos cerrando el n\u00famero de dosis con las que contaremos en los primeros d\u00edas. La vacunaci\u00f3n quiz\u00e1s arrancar\u00e1 por Gij\u00f3n y Oviedo pero no est\u00e1 decidido\u00bb, ha dicho.<\/p>\n<p>150.000 PERSONAS VACUNADAS EN EL PRIMER TRIMESTRE<\/p>\n<p>Seg\u00fan las previsiones de Salud, se plantea que en el primer trimestre del a\u00f1o se pueda llevar a cabo la vacunaci\u00f3n de la poblaci\u00f3n perteneciente a esos cuatro grupos estipulados lo que supondr\u00edan entre 130.000 y 150.000 personas, aunque todo depender\u00e1 de si llegan o no m\u00e1s dosis de las previstas. A partir de ah\u00ed se comenzar\u00eda a vacunar a la poblaci\u00f3n general, que se har\u00eda atendiendo a los tramos de edad.<\/p>\n<p>\u00abSe pondr\u00e1 en marcha una campa\u00f1a similar a la de la gripe de este a\u00f1o. Ser\u00e1 una campa\u00f1a proactiva, donde Salud ir\u00e1 llamando a los ciudadanos seg\u00fan su vulnerabilidad y riesgo\u00bb, ha dicho Saavedra que ha insistido en que har\u00e1n todos los esfuerzos posibles y llevar\u00e1n a cabo una vacunaci\u00f3n en horario de ma\u00f1ana y tarde y todos los d\u00edas de la semana incluidos domingos y festivos.<\/p>\n<p>SITUACI\u00d3N DE M\u00c1XIMA TENSI\u00d3N<\/p>\n<p>Rafael Cofi\u00f1o ha manifestado que no debemos olvidar que ahora y en los pr\u00f3ximos d\u00edas la situaci\u00f3n en Asturias es de \u00abm\u00e1xima tensi\u00f3n\u00bb, con cifras favorables en cuanto a incidencia pero con mucha poblaci\u00f3n susceptible de ser a\u00fan contagiada y con la posibilidad de mayor riesgo de interaci\u00f3n social que podr\u00eda llevar la regi\u00f3n a \u00abtormenta perfecta\u00bb.<\/p>\n<p>Por ello ha insistido en la necesidad de poder completar la vacunaci\u00f3n a la poblaci\u00f3n m\u00e1s vulnerable en un corto espacio de tiempo, de manera que podamos atajar e impedir una tercera ola.<\/p>\n<p>\u00abLa mejor forma de celebrar la Navidad este a\u00f1o es no celebrarla. Vacunarse supone no s\u00f3lo una protecci\u00f3n individual sino tambi\u00e9n una protecci\u00f3n colectiva, supone mayor protecci\u00f3n en t\u00e9rminos de salud pero tambi\u00e9n sociales y econ\u00f3micos\u00bb, ha dicho.<\/p>\n<p>Huerta por su parte ha querido destacar la seguridad de la vacuna que se va a empezar a aplicar el pr\u00f3ximo domingo y ha indicado que los efectos secundarios pasan por \u00abmolestias locales en el lugar de la aplicaci\u00f3n y puede dar alg\u00fan otro como cansancio, dolor muscular o fiebre, pero son efectos moderados que duran uno o dos d\u00edas y desaparecen pudiendo tratarse con analg\u00e9sico\u00bb. \u00abSon vacunas de alta eficacia, del 95% al 93% y con mucha seguridad\u00bb, ha dicho.<\/p>\n<p>SITUACI\u00d3N ASISTENCIAL<\/p>\n<p>Durante la rueda de prensa Concepci\u00f3n Saaverdra ha hecho un repaso por la situaci\u00f3n asistencial de la regi\u00f3n, dejando claro que aunque las cifras puedan hacer pensar que la segunda ola est\u00e1 tocando su fin, la situaci\u00f3n a\u00fan es compleja ya que todav\u00eda hay 368 pacientes Covid ingresados en planta y 79 en UCI con una estancia media alta, por lo tanto hasta principios de enero no se ver\u00e1 descenso UCI.<\/p>\n<p>\u00abEstamos en un equilibrio muy d\u00e9bil y ya trabajamos en un plan de contingencia de cara a una la tercera ola con previsi\u00f3n de aumento de afectados para mediados de enero\u00bb, ha indicado Saavedra.<\/p>\n<p>Ha dicho que la UCI sigue siendo el nivel m\u00e1s preocupante en estos momentos, ya que a los 79 pacientes Covid hay que sumar los 35 pacientes no Covid. El pico de hospitalizaciones en UCI se registr\u00f3 el 17 de noviembre con un total de 144 pacientes Covid.<\/p>\n","protected":false},"excerpt":{"rendered":"<p>(EP) &#8211; El Principado de Asturias tiene toda la log\u00edstica preparada para poder iniciar la vacunaci\u00f3n contra la Covid 19. As\u00ed, este domingo un total de 148 profesionales repartidos en 50 equipos, cada uno de los cuales contar\u00e1 con una enfermera, empezar\u00e1n a vacunar en los geri\u00e1tricos asturianos e ir\u00e1n creando el registro de inmunizados.<\/p>\n","protected":false},"author":1,"featured_media":4405,"comment_status":"closed","ping_status":"closed","sticky":false,"template":"","format":"standard","meta":{"footnotes":""},"categories":[1],"tags":[],"class_list":{"0":"post-5367","1":"post","2":"type-post","3":"status-publish","4":"format-standard","5":"has-post-thumbnail","7":"category-noticias"},"aioseo_notices":[],"aioseo_head":"\n\t\t<!-- All in One SEO Pro 4.9.6.2 - aioseo.com -->\n\t<meta name=\"description\" content=\"(EP) - El Principado de Asturias tiene toda la log\u00edstica preparada para poder iniciar la vacunaci\u00f3n contra la Covid 19. As\u00ed, este domingo un total de 148 profesionales repartidos en 50 equipos, cada uno de los cuales contar\u00e1 con una enfermera, empezar\u00e1n a vacunar en los geri\u00e1tricos asturianos e ir\u00e1n creando el registro de inmunizados.\" \/>\n\t<meta name=\"robots\" content=\"max-image-preview:large\" \/>\n\t<meta name=\"author\" content=\"NBAsturias\"\/>\n\t<meta name=\"google-site-verification\" content=\"UA-38556648-1\" \/>\n\t<meta name=\"keywords\" content=\"noticias\" \/>\n\t<link rel=\"canonical\" href=\"https:\/\/eldigitaldeasturias.com\/radio\/150-000-asturianos-podrian-estar-vacunados-en-el-primer-trimestre-de-2021\/\" \/>\n\t<meta name=\"generator\" content=\"All in One SEO Pro (AIOSEO) 4.9.6.2\" \/>\n\t\t<meta property=\"og:locale\" content=\"es_ES\" \/>\n\t\t<meta property=\"og:site_name\" content=\"El Digital de Asturias | Diario de informaci\u00f3n y noticias\" \/>\n\t\t<meta property=\"og:type\" content=\"article\" \/>\n\t\t<meta property=\"og:title\" content=\"150.000 asturianos podr\u00edan estar vacunados en el primer trimestre de 2021 | El Digital de Asturias\" \/>\n\t\t<meta property=\"og:description\" content=\"(EP) - El Principado de Asturias tiene toda la log\u00edstica preparada para poder iniciar la vacunaci\u00f3n contra la Covid 19. As\u00ed, este domingo un total de 148 profesionales repartidos en 50 equipos, cada uno de los cuales contar\u00e1 con una enfermera, empezar\u00e1n a vacunar en los geri\u00e1tricos asturianos e ir\u00e1n creando el registro de inmunizados.\" \/>\n\t\t<meta property=\"og:url\" content=\"https:\/\/eldigitaldeasturias.com\/radio\/150-000-asturianos-podrian-estar-vacunados-en-el-primer-trimestre-de-2021\/\" \/>\n\t\t<meta property=\"og:image\" content=\"https:\/\/eldigitaldeasturias.com\/radio\/wp-content\/uploads\/2020\/06\/connection-4884862_640.jpg\" \/>\n\t\t<meta property=\"og:image:secure_url\" content=\"https:\/\/eldigitaldeasturias.com\/radio\/wp-content\/uploads\/2020\/06\/connection-4884862_640.jpg\" \/>\n\t\t<meta property=\"og:image:width\" content=\"640\" \/>\n\t\t<meta property=\"og:image:height\" content=\"436\" \/>\n\t\t<meta property=\"article:published_time\" content=\"2020-12-25T13:44:52+00:00\" \/>\n\t\t<meta property=\"article:modified_time\" content=\"2020-12-25T13:44:52+00:00\" \/>\n\t\t<meta name=\"twitter:card\" content=\"summary_large_image\" \/>\n\t\t<meta name=\"twitter:site\" content=\"@bercodi\" \/>\n\t\t<meta name=\"twitter:title\" content=\"150.000 asturianos podr\u00edan estar vacunados en el primer trimestre de 2021 | El Digital de Asturias\" \/>\n\t\t<meta name=\"twitter:description\" content=\"(EP) - El Principado de Asturias tiene toda la log\u00edstica preparada para poder iniciar la vacunaci\u00f3n contra la Covid 19. As\u00ed, este domingo un total de 148 profesionales repartidos en 50 equipos, cada uno de los cuales contar\u00e1 con una enfermera, empezar\u00e1n a vacunar en los geri\u00e1tricos asturianos e ir\u00e1n creando el registro de inmunizados.\" \/>\n\t\t<meta name=\"twitter:creator\" content=\"@bercodi\" \/>\n\t\t<meta name=\"twitter:image\" content=\"https:\/\/eldigitaldeasturias.com\/radio\/wp-content\/uploads\/2020\/06\/connection-4884862_640.jpg\" \/>\n\t\t<script type=\"application\/ld+json\" class=\"aioseo-schema\">\n\t\t\t{\"@context\":\"https:\\\/\\\/schema.org\",\"@graph\":[{\"@type\":\"BreadcrumbList\",\"@id\":\"https:\\\/\\\/eldigitaldeasturias.com\\\/radio\\\/150-000-asturianos-podrian-estar-vacunados-en-el-primer-trimestre-de-2021\\\/#breadcrumblist\",\"itemListElement\":[{\"@type\":\"ListItem\",\"@id\":\"https:\\\/\\\/eldigitaldeasturias.com\\\/radio#listItem\",\"position\":1,\"name\":\"Inicio\",\"item\":\"https:\\\/\\\/eldigitaldeasturias.com\\\/radio\",\"nextItem\":{\"@type\":\"ListItem\",\"@id\":\"https:\\\/\\\/eldigitaldeasturias.com\\\/radio\\\/category\\\/noticias\\\/#listItem\",\"name\":\"Noticias\"}},{\"@type\":\"ListItem\",\"@id\":\"https:\\\/\\\/eldigitaldeasturias.com\\\/radio\\\/category\\\/noticias\\\/#listItem\",\"position\":2,\"name\":\"Noticias\",\"item\":\"https:\\\/\\\/eldigitaldeasturias.com\\\/radio\\\/category\\\/noticias\\\/\",\"nextItem\":{\"@type\":\"ListItem\",\"@id\":\"https:\\\/\\\/eldigitaldeasturias.com\\\/radio\\\/150-000-asturianos-podrian-estar-vacunados-en-el-primer-trimestre-de-2021\\\/#listItem\",\"name\":\"150.000 asturianos podr\\u00edan estar vacunados en el primer trimestre de 2021\"},\"previousItem\":{\"@type\":\"ListItem\",\"@id\":\"https:\\\/\\\/eldigitaldeasturias.com\\\/radio#listItem\",\"name\":\"Inicio\"}},{\"@type\":\"ListItem\",\"@id\":\"https:\\\/\\\/eldigitaldeasturias.com\\\/radio\\\/150-000-asturianos-podrian-estar-vacunados-en-el-primer-trimestre-de-2021\\\/#listItem\",\"position\":3,\"name\":\"150.000 asturianos podr\\u00edan estar vacunados en el primer trimestre de 2021\",\"previousItem\":{\"@type\":\"ListItem\",\"@id\":\"https:\\\/\\\/eldigitaldeasturias.com\\\/radio\\\/category\\\/noticias\\\/#listItem\",\"name\":\"Noticias\"}}]},{\"@type\":\"NewsArticle\",\"@id\":\"https:\\\/\\\/eldigitaldeasturias.com\\\/radio\\\/150-000-asturianos-podrian-estar-vacunados-en-el-primer-trimestre-de-2021\\\/#newsarticle\",\"name\":\"150.000 asturianos podr\\u00edan estar vacunados en el primer trimestre de 2021 | El Digital de Asturias\",\"headline\":\"150.000 asturianos podr\\u00edan estar vacunados en el primer trimestre de 2021\",\"author\":{\"@id\":\"https:\\\/\\\/eldigitaldeasturias.com\\\/radio\\\/author\\\/nbasturias\\\/#author\"},\"publisher\":{\"@id\":\"https:\\\/\\\/eldigitaldeasturias.com\\\/radio\\\/#organization\"},\"image\":{\"@type\":\"ImageObject\",\"url\":\"https:\\\/\\\/eldigitaldeasturias.com\\\/radio\\\/wp-content\\\/uploads\\\/2020\\\/06\\\/connection-4884862_640.jpg\",\"width\":640,\"height\":436},\"datePublished\":\"2020-12-25T13:44:52+01:00\",\"dateModified\":\"2020-12-25T13:44:52+01:00\",\"inLanguage\":\"es-ES\",\"mainEntityOfPage\":{\"@id\":\"https:\\\/\\\/eldigitaldeasturias.com\\\/radio\\\/150-000-asturianos-podrian-estar-vacunados-en-el-primer-trimestre-de-2021\\\/#webpage\"},\"isPartOf\":{\"@id\":\"https:\\\/\\\/eldigitaldeasturias.com\\\/radio\\\/150-000-asturianos-podrian-estar-vacunados-en-el-primer-trimestre-de-2021\\\/#webpage\"},\"articleSection\":\"Noticias\",\"dateline\":\"Publicado el diciembre 25, 2020.\"},{\"@type\":\"Organization\",\"@id\":\"https:\\\/\\\/eldigitaldeasturias.com\\\/radio\\\/#organization\",\"name\":\"El digital de Asturias Radio\",\"description\":\"Diario de informaci\\u00f3n y noticias\",\"url\":\"https:\\\/\\\/eldigitaldeasturias.com\\\/radio\\\/\",\"telephone\":\"+34652131393\",\"logo\":{\"@type\":\"ImageObject\",\"url\":\"https:\\\/\\\/www.eldigitaldeasturias.com\\\/radio\\\/wp-content\\\/uploads\\\/2021\\\/03\\\/EDA.jpg\",\"@id\":\"https:\\\/\\\/eldigitaldeasturias.com\\\/radio\\\/150-000-asturianos-podrian-estar-vacunados-en-el-primer-trimestre-de-2021\\\/#organizationLogo\"},\"image\":{\"@id\":\"https:\\\/\\\/eldigitaldeasturias.com\\\/radio\\\/150-000-asturianos-podrian-estar-vacunados-en-el-primer-trimestre-de-2021\\\/#organizationLogo\"},\"sameAs\":[\"https:\\\/\\\/www.facebook.com\\\/\",\"https:\\\/\\\/x.com\\\/bercodi\",\"https:\\\/\\\/www.instagram.com\\\/\",\"https:\\\/\\\/www.youtube.com\\\/channel\\\/UCZP-2wLEB9Rv6erhFmqVnvg\"]},{\"@type\":\"Person\",\"@id\":\"https:\\\/\\\/eldigitaldeasturias.com\\\/radio\\\/author\\\/nbasturias\\\/#author\",\"url\":\"https:\\\/\\\/eldigitaldeasturias.com\\\/radio\\\/author\\\/nbasturias\\\/\",\"name\":\"NBAsturias\",\"image\":{\"@type\":\"ImageObject\",\"@id\":\"https:\\\/\\\/eldigitaldeasturias.com\\\/radio\\\/150-000-asturianos-podrian-estar-vacunados-en-el-primer-trimestre-de-2021\\\/#authorImage\",\"url\":\"https:\\\/\\\/secure.gravatar.com\\\/avatar\\\/df2aeffc32bcd13f8d26072ef8a91b623d677766deac7f97ca815868cd41bf5e?s=96&d=mm&r=g\",\"width\":96,\"height\":96,\"caption\":\"NBAsturias\"}},{\"@type\":\"WebPage\",\"@id\":\"https:\\\/\\\/eldigitaldeasturias.com\\\/radio\\\/150-000-asturianos-podrian-estar-vacunados-en-el-primer-trimestre-de-2021\\\/#webpage\",\"url\":\"https:\\\/\\\/eldigitaldeasturias.com\\\/radio\\\/150-000-asturianos-podrian-estar-vacunados-en-el-primer-trimestre-de-2021\\\/\",\"name\":\"150.000 asturianos podr\\u00edan estar vacunados en el primer trimestre de 2021 | El Digital de Asturias\",\"description\":\"(EP) - El Principado de Asturias tiene toda la log\\u00edstica preparada para poder iniciar la vacunaci\\u00f3n contra la Covid 19. As\\u00ed, este domingo un total de 148 profesionales repartidos en 50 equipos, cada uno de los cuales contar\\u00e1 con una enfermera, empezar\\u00e1n a vacunar en los geri\\u00e1tricos asturianos e ir\\u00e1n creando el registro de inmunizados.\",\"inLanguage\":\"es-ES\",\"isPartOf\":{\"@id\":\"https:\\\/\\\/eldigitaldeasturias.com\\\/radio\\\/#website\"},\"breadcrumb\":{\"@id\":\"https:\\\/\\\/eldigitaldeasturias.com\\\/radio\\\/150-000-asturianos-podrian-estar-vacunados-en-el-primer-trimestre-de-2021\\\/#breadcrumblist\"},\"author\":{\"@id\":\"https:\\\/\\\/eldigitaldeasturias.com\\\/radio\\\/author\\\/nbasturias\\\/#author\"},\"creator\":{\"@id\":\"https:\\\/\\\/eldigitaldeasturias.com\\\/radio\\\/author\\\/nbasturias\\\/#author\"},\"image\":{\"@type\":\"ImageObject\",\"url\":\"https:\\\/\\\/eldigitaldeasturias.com\\\/radio\\\/wp-content\\\/uploads\\\/2020\\\/06\\\/connection-4884862_640.jpg\",\"@id\":\"https:\\\/\\\/eldigitaldeasturias.com\\\/radio\\\/150-000-asturianos-podrian-estar-vacunados-en-el-primer-trimestre-de-2021\\\/#mainImage\",\"width\":640,\"height\":436},\"primaryImageOfPage\":{\"@id\":\"https:\\\/\\\/eldigitaldeasturias.com\\\/radio\\\/150-000-asturianos-podrian-estar-vacunados-en-el-primer-trimestre-de-2021\\\/#mainImage\"},\"datePublished\":\"2020-12-25T13:44:52+01:00\",\"dateModified\":\"2020-12-25T13:44:52+01:00\"},{\"@type\":\"WebSite\",\"@id\":\"https:\\\/\\\/eldigitaldeasturias.com\\\/radio\\\/#website\",\"url\":\"https:\\\/\\\/eldigitaldeasturias.com\\\/radio\\\/\",\"name\":\"El Digital de Asturias\",\"description\":\"Diario de informaci\\u00f3n y noticias\",\"inLanguage\":\"es-ES\",\"publisher\":{\"@id\":\"https:\\\/\\\/eldigitaldeasturias.com\\\/radio\\\/#organization\"}}]}\n\t\t<\/script>\n\t\t<!-- All in One SEO Pro -->\r\n\t\t<title>150.000 asturianos podr\u00edan estar vacunados en el primer trimestre de 2021 | El Digital de Asturias<\/title>\n\n","aioseo_head_json":{"title":"150.000 asturianos podr\u00edan estar vacunados en el primer trimestre de 2021 | El Digital de Asturias","description":"(EP) - El Principado de Asturias tiene toda la log\u00edstica preparada para poder iniciar la vacunaci\u00f3n contra la Covid 19. As\u00ed, este domingo un total de 148 profesionales repartidos en 50 equipos, cada uno de los cuales contar\u00e1 con una enfermera, empezar\u00e1n a vacunar en los geri\u00e1tricos asturianos e ir\u00e1n creando el registro de inmunizados.","canonical_url":"https:\/\/eldigitaldeasturias.com\/radio\/150-000-asturianos-podrian-estar-vacunados-en-el-primer-trimestre-de-2021\/","robots":"max-image-preview:large","keywords":"noticias","webmasterTools":{"google-site-verification":"UA-38556648-1","miscellaneous":""},"schema":{"@context":"https:\/\/schema.org","@graph":[{"@type":"BreadcrumbList","@id":"https:\/\/eldigitaldeasturias.com\/radio\/150-000-asturianos-podrian-estar-vacunados-en-el-primer-trimestre-de-2021\/#breadcrumblist","itemListElement":[{"@type":"ListItem","@id":"https:\/\/eldigitaldeasturias.com\/radio#listItem","position":1,"name":"Inicio","item":"https:\/\/eldigitaldeasturias.com\/radio","nextItem":{"@type":"ListItem","@id":"https:\/\/eldigitaldeasturias.com\/radio\/category\/noticias\/#listItem","name":"Noticias"}},{"@type":"ListItem","@id":"https:\/\/eldigitaldeasturias.com\/radio\/category\/noticias\/#listItem","position":2,"name":"Noticias","item":"https:\/\/eldigitaldeasturias.com\/radio\/category\/noticias\/","nextItem":{"@type":"ListItem","@id":"https:\/\/eldigitaldeasturias.com\/radio\/150-000-asturianos-podrian-estar-vacunados-en-el-primer-trimestre-de-2021\/#listItem","name":"150.000 asturianos podr\u00edan estar vacunados en el primer trimestre de 2021"},"previousItem":{"@type":"ListItem","@id":"https:\/\/eldigitaldeasturias.com\/radio#listItem","name":"Inicio"}},{"@type":"ListItem","@id":"https:\/\/eldigitaldeasturias.com\/radio\/150-000-asturianos-podrian-estar-vacunados-en-el-primer-trimestre-de-2021\/#listItem","position":3,"name":"150.000 asturianos podr\u00edan estar vacunados en el primer trimestre de 2021","previousItem":{"@type":"ListItem","@id":"https:\/\/eldigitaldeasturias.com\/radio\/category\/noticias\/#listItem","name":"Noticias"}}]},{"@type":"NewsArticle","@id":"https:\/\/eldigitaldeasturias.com\/radio\/150-000-asturianos-podrian-estar-vacunados-en-el-primer-trimestre-de-2021\/#newsarticle","name":"150.000 asturianos podr\u00edan estar vacunados en el primer trimestre de 2021 | El Digital de Asturias","headline":"150.000 asturianos podr\u00edan estar vacunados en el primer trimestre de 2021","author":{"@id":"https:\/\/eldigitaldeasturias.com\/radio\/author\/nbasturias\/#author"},"publisher":{"@id":"https:\/\/eldigitaldeasturias.com\/radio\/#organization"},"image":{"@type":"ImageObject","url":"https:\/\/eldigitaldeasturias.com\/radio\/wp-content\/uploads\/2020\/06\/connection-4884862_640.jpg","width":640,"height":436},"datePublished":"2020-12-25T13:44:52+01:00","dateModified":"2020-12-25T13:44:52+01:00","inLanguage":"es-ES","mainEntityOfPage":{"@id":"https:\/\/eldigitaldeasturias.com\/radio\/150-000-asturianos-podrian-estar-vacunados-en-el-primer-trimestre-de-2021\/#webpage"},"isPartOf":{"@id":"https:\/\/eldigitaldeasturias.com\/radio\/150-000-asturianos-podrian-estar-vacunados-en-el-primer-trimestre-de-2021\/#webpage"},"articleSection":"Noticias","dateline":"Publicado el diciembre 25, 2020."},{"@type":"Organization","@id":"https:\/\/eldigitaldeasturias.com\/radio\/#organization","name":"El digital de Asturias Radio","description":"Diario de informaci\u00f3n y noticias","url":"https:\/\/eldigitaldeasturias.com\/radio\/","telephone":"+34652131393","logo":{"@type":"ImageObject","url":"https:\/\/www.eldigitaldeasturias.com\/radio\/wp-content\/uploads\/2021\/03\/EDA.jpg","@id":"https:\/\/eldigitaldeasturias.com\/radio\/150-000-asturianos-podrian-estar-vacunados-en-el-primer-trimestre-de-2021\/#organizationLogo"},"image":{"@id":"https:\/\/eldigitaldeasturias.com\/radio\/150-000-asturianos-podrian-estar-vacunados-en-el-primer-trimestre-de-2021\/#organizationLogo"},"sameAs":["https:\/\/www.facebook.com\/","https:\/\/x.com\/bercodi","https:\/\/www.instagram.com\/","https:\/\/www.youtube.com\/channel\/UCZP-2wLEB9Rv6erhFmqVnvg"]},{"@type":"Person","@id":"https:\/\/eldigitaldeasturias.com\/radio\/author\/nbasturias\/#author","url":"https:\/\/eldigitaldeasturias.com\/radio\/author\/nbasturias\/","name":"NBAsturias","image":{"@type":"ImageObject","@id":"https:\/\/eldigitaldeasturias.com\/radio\/150-000-asturianos-podrian-estar-vacunados-en-el-primer-trimestre-de-2021\/#authorImage","url":"https:\/\/secure.gravatar.com\/avatar\/df2aeffc32bcd13f8d26072ef8a91b623d677766deac7f97ca815868cd41bf5e?s=96&d=mm&r=g","width":96,"height":96,"caption":"NBAsturias"}},{"@type":"WebPage","@id":"https:\/\/eldigitaldeasturias.com\/radio\/150-000-asturianos-podrian-estar-vacunados-en-el-primer-trimestre-de-2021\/#webpage","url":"https:\/\/eldigitaldeasturias.com\/radio\/150-000-asturianos-podrian-estar-vacunados-en-el-primer-trimestre-de-2021\/","name":"150.000 asturianos podr\u00edan estar vacunados en el primer trimestre de 2021 | El Digital de Asturias","description":"(EP) - El Principado de Asturias tiene toda la log\u00edstica preparada para poder iniciar la vacunaci\u00f3n contra la Covid 19. As\u00ed, este domingo un total de 148 profesionales repartidos en 50 equipos, cada uno de los cuales contar\u00e1 con una enfermera, empezar\u00e1n a vacunar en los geri\u00e1tricos asturianos e ir\u00e1n creando el registro de inmunizados.","inLanguage":"es-ES","isPartOf":{"@id":"https:\/\/eldigitaldeasturias.com\/radio\/#website"},"breadcrumb":{"@id":"https:\/\/eldigitaldeasturias.com\/radio\/150-000-asturianos-podrian-estar-vacunados-en-el-primer-trimestre-de-2021\/#breadcrumblist"},"author":{"@id":"https:\/\/eldigitaldeasturias.com\/radio\/author\/nbasturias\/#author"},"creator":{"@id":"https:\/\/eldigitaldeasturias.com\/radio\/author\/nbasturias\/#author"},"image":{"@type":"ImageObject","url":"https:\/\/eldigitaldeasturias.com\/radio\/wp-content\/uploads\/2020\/06\/connection-4884862_640.jpg","@id":"https:\/\/eldigitaldeasturias.com\/radio\/150-000-asturianos-podrian-estar-vacunados-en-el-primer-trimestre-de-2021\/#mainImage","width":640,"height":436},"primaryImageOfPage":{"@id":"https:\/\/eldigitaldeasturias.com\/radio\/150-000-asturianos-podrian-estar-vacunados-en-el-primer-trimestre-de-2021\/#mainImage"},"datePublished":"2020-12-25T13:44:52+01:00","dateModified":"2020-12-25T13:44:52+01:00"},{"@type":"WebSite","@id":"https:\/\/eldigitaldeasturias.com\/radio\/#website","url":"https:\/\/eldigitaldeasturias.com\/radio\/","name":"El Digital de Asturias","description":"Diario de informaci\u00f3n y noticias","inLanguage":"es-ES","publisher":{"@id":"https:\/\/eldigitaldeasturias.com\/radio\/#organization"}}]},"og:locale":"es_ES","og:site_name":"El Digital de Asturias | Diario de informaci\u00f3n y noticias","og:type":"article","og:title":"150.000 asturianos podr\u00edan estar vacunados en el primer trimestre de 2021 | El Digital de Asturias","og:description":"(EP) - El Principado de Asturias tiene toda la log\u00edstica preparada para poder iniciar la vacunaci\u00f3n contra la Covid 19. As\u00ed, este domingo un total de 148 profesionales repartidos en 50 equipos, cada uno de los cuales contar\u00e1 con una enfermera, empezar\u00e1n a vacunar en los geri\u00e1tricos asturianos e ir\u00e1n creando el registro de inmunizados.","og:url":"https:\/\/eldigitaldeasturias.com\/radio\/150-000-asturianos-podrian-estar-vacunados-en-el-primer-trimestre-de-2021\/","og:image":"https:\/\/eldigitaldeasturias.com\/radio\/wp-content\/uploads\/2020\/06\/connection-4884862_640.jpg","og:image:secure_url":"https:\/\/eldigitaldeasturias.com\/radio\/wp-content\/uploads\/2020\/06\/connection-4884862_640.jpg","og:image:width":640,"og:image:height":436,"article:published_time":"2020-12-25T13:44:52+00:00","article:modified_time":"2020-12-25T13:44:52+00:00","twitter:card":"summary_large_image","twitter:site":"@bercodi","twitter:title":"150.000 asturianos podr\u00edan estar vacunados en el primer trimestre de 2021 | El Digital de Asturias","twitter:description":"(EP) - El Principado de Asturias tiene toda la log\u00edstica preparada para poder iniciar la vacunaci\u00f3n contra la Covid 19. As\u00ed, este domingo un total de 148 profesionales repartidos en 50 equipos, cada uno de los cuales contar\u00e1 con una enfermera, empezar\u00e1n a vacunar en los geri\u00e1tricos asturianos e ir\u00e1n creando el registro de inmunizados.","twitter:creator":"@bercodi","twitter:image":"https:\/\/eldigitaldeasturias.com\/radio\/wp-content\/uploads\/2020\/06\/connection-4884862_640.jpg"},"aioseo_meta_data":{"post_id":"5367","title":null,"description":null,"keywords":null,"keyphrases":null,"primary_term":null,"canonical_url":null,"og_title":null,"og_description":null,"og_object_type":"default","og_image_type":"default","og_image_url":null,"og_image_width":null,"og_image_height":null,"og_image_custom_url":null,"og_image_custom_fields":null,"og_video":null,"og_custom_url":null,"og_article_section":null,"og_article_tags":null,"twitter_use_og":false,"twitter_card":"default","twitter_image_type":"default","twitter_image_url":null,"twitter_image_custom_url":null,"twitter_image_custom_fields":null,"twitter_title":null,"twitter_description":null,"schema":{"blockGraphs":[],"customGraphs":[],"default":{"data":{"Article":[],"Course":[],"Dataset":[],"FAQPage":[],"Movie":[],"Person":[],"Product":[],"ProductReview":[],"Car":[],"Recipe":[],"Service":[],"SoftwareApplication":[],"WebPage":[]},"graphName":"","isEnabled":true},"graphs":[],"defaultGraph":"","defaultPostTypeGraph":""},"schema_type":null,"schema_type_options":null,"pillar_content":false,"robots_default":true,"robots_noindex":false,"robots_noarchive":false,"robots_nosnippet":false,"robots_nofollow":false,"robots_noimageindex":false,"robots_noodp":false,"robots_notranslate":false,"robots_max_snippet":null,"robots_max_videopreview":null,"robots_max_imagepreview":"large","priority":null,"frequency":null,"location":null,"local_seo":null,"seo_analyzer_scan_date":"2025-08-28 17:44:31","breadcrumb_settings":null,"limit_modified_date":false,"open_ai":null,"ai":null,"created":"2021-03-27 12:43:53","updated":"2025-08-28 17:44:31"},"aioseo_breadcrumb":"<div class=\"aioseo-breadcrumbs\"><span class=\"aioseo-breadcrumb\">\n\t<a href=\"https:\/\/eldigitaldeasturias.com\/radio\" title=\"Inicio\">Inicio<\/a>\n<\/span><span class=\"aioseo-breadcrumb-separator\">&ndash;<\/span><span class=\"aioseo-breadcrumb\">\n\t<a href=\"https:\/\/eldigitaldeasturias.com\/radio\/category\/noticias\/\" title=\"Noticias\">Noticias<\/a>\n<\/span><span class=\"aioseo-breadcrumb-separator\">&ndash;<\/span><span class=\"aioseo-breadcrumb\">\n\t150.000 asturianos podr\u00edan estar vacunados en el primer trimestre de 2021\n<\/span><\/div>","aioseo_breadcrumb_json":[{"label":"Inicio","link":"https:\/\/eldigitaldeasturias.com\/radio"},{"label":"Noticias","link":"https:\/\/eldigitaldeasturias.com\/radio\/category\/noticias\/"},{"label":"150.000 asturianos podr\u00edan estar vacunados en el primer trimestre de 2021","link":"https:\/\/eldigitaldeasturias.com\/radio\/150-000-asturianos-podrian-estar-vacunados-en-el-primer-trimestre-de-2021\/"}],"_links":{"self":[{"href":"https:\/\/eldigitaldeasturias.com\/radio\/wp-json\/wp\/v2\/posts\/5367","targetHints":{"allow":["GET"]}}],"collection":[{"href":"https:\/\/eldigitaldeasturias.com\/radio\/wp-json\/wp\/v2\/posts"}],"about":[{"href":"https:\/\/eldigitaldeasturias.com\/radio\/wp-json\/wp\/v2\/types\/post"}],"author":[{"embeddable":true,"href":"https:\/\/eldigitaldeasturias.com\/radio\/wp-json\/wp\/v2\/users\/1"}],"replies":[{"embeddable":true,"href":"https:\/\/eldigitaldeasturias.com\/radio\/wp-json\/wp\/v2\/comments?post=5367"}],"version-history":[{"count":0,"href":"https:\/\/eldigitaldeasturias.com\/radio\/wp-json\/wp\/v2\/posts\/5367\/revisions"}],"wp:featuredmedia":[{"embeddable":true,"href":"https:\/\/eldigitaldeasturias.com\/radio\/wp-json\/wp\/v2\/media\/4405"}],"wp:attachment":[{"href":"https:\/\/eldigitaldeasturias.com\/radio\/wp-json\/wp\/v2\/media?parent=5367"}],"wp:term":[{"taxonomy":"category","embeddable":true,"href":"https:\/\/eldigitaldeasturias.com\/radio\/wp-json\/wp\/v2\/categories?post=5367"},{"taxonomy":"post_tag","embeddable":true,"href":"https:\/\/eldigitaldeasturias.com\/radio\/wp-json\/wp\/v2\/tags?post=5367"}],"curies":[{"name":"wp","href":"https:\/\/api.w.org\/{rel}","templated":true}]}}