{"id":5358,"date":"2020-12-25T13:08:32","date_gmt":"2020-12-25T13:08:32","guid":{"rendered":"http:\/\/eldigitaldeasturias.com\/radio\/?p=5358"},"modified":"2020-12-25T13:08:32","modified_gmt":"2020-12-25T13:08:32","slug":"alfredo-canteli-yo-hubiera-protegido-la-hosteleria","status":"publish","type":"post","link":"https:\/\/eldigitaldeasturias.com\/radio\/alfredo-canteli-yo-hubiera-protegido-la-hosteleria\/","title":{"rendered":"Alfredo Canteli: \u00abYo hubiera protegido la hosteler\u00eda\u00bb"},"content":{"rendered":"<figure id=\"attachment_5359\" aria-describedby=\"caption-attachment-5359\" style=\"width: 360px\" class=\"wp-caption alignleft\"><img fetchpriority=\"high\" decoding=\"async\" class=\"size-medium wp-image-5359\" src=\"https:\/\/eldigitaldeasturias.com\/radio\/wp-content\/uploads\/2020\/12\/Oviedo-EP-360x270.jpg\" alt=\"Alcalde de Oviedo\" width=\"360\" height=\"270\" srcset=\"https:\/\/eldigitaldeasturias.com\/radio\/wp-content\/uploads\/2020\/12\/Oviedo-EP-360x270.jpg 360w, https:\/\/eldigitaldeasturias.com\/radio\/wp-content\/uploads\/2020\/12\/Oviedo-EP.jpg 635w\" sizes=\"(max-width: 360px) 100vw, 360px\" \/><figcaption id=\"caption-attachment-5359\" class=\"wp-caption-text\">El alcalde de Oviedo, Alfredo Canteli &#8211; AYUNTAMIENTO DE OVIEDO<\/figcaption><\/figure>\n<p>(EP) &#8211; El alcalde de Oviedo, Principado de Asturias, el &#8216;popular&#8217; Alfredo Canteli, ha se\u00f1alado este lunes que las nuevas restricciones del Principado para Navidad son \u00abexcesivamente restrictivas\u00bb y que \u00e9l \u00abhubiera protegido la hosteler\u00eda\u00bb.<\/p>\n<p>En declaraciones a los medios Canteli ha sido interrogado sobre las medidas del Gobierno de Asturias anunciadas este lunes, donde se limita los encuentros de las fiestas navide\u00f1as a un m\u00e1ximo de seis personas y toque de queda se fija a las 00.30 horas en Nochebuena y Nochevieja, exclusivamente para facilitar el regreso al domicilio.<\/p>\n<p>Unas normas que para el alcalde son \u00abexcesivamente restrictivas\u00bb. \u00abLa sanidad y las normas est\u00e1n para respetarlas, pero nunca se pueden dictar normas de esta envergadura olvid\u00e1ndose de la hosteler\u00eda\u00bb, ha se\u00f1alado Canteli.<\/p>\n<p>\u00abSiempre proclamo el respeto a todas las normas sanitarias y que salgamos a la calle con mucha responsabilidad, pero no se pueden tomar las decisiones sin pensar el da\u00f1o que hacen a la econom\u00eda\u00bb, ha se\u00f1alado, para sentenciar que \u00e9l \u00abhubiera protegido la hosteler\u00eda en un d\u00eda clave para ellos\u00bb.<\/p>\n<p>As\u00ed lo ha indicado el alcalde durante un acto de puesta en marcha de varias fuentes en el Campo de San Francisco, en el que ha estado acompa\u00f1ado del concejal de Urbanismo e Infraestructuras, Ignacio Cuesta, y el concejal de Parques y Jardines y Servicios B\u00e1sicos, Gerardo Antu\u00f1a.<\/p>\n<p>Un acto que ha definido como la \u00abprimera piedra\u00bb en al recuperaci\u00f3n del Campo, al que van a sumar el aguaducho y el kiosco de la m\u00fasica a lo largo de este a\u00f1o, adem\u00e1s de obras como bordillos.<\/p>\n","protected":false},"excerpt":{"rendered":"<p>(EP) &#8211; El alcalde de Oviedo, Principado de Asturias, el &#8216;popular&#8217; Alfredo Canteli, ha se\u00f1alado este lunes que las nuevas restricciones del Principado para Navidad son \u00abexcesivamente restrictivas\u00bb y que \u00e9l \u00abhubiera protegido la hosteler\u00eda\u00bb. En declaraciones a los medios Canteli ha sido interrogado sobre las medidas del Gobierno de Asturias anunciadas este lunes, donde<\/p>\n","protected":false},"author":1,"featured_media":5359,"comment_status":"closed","ping_status":"closed","sticky":false,"template":"","format":"standard","meta":{"footnotes":""},"categories":[1],"tags":[],"class_list":{"0":"post-5358","1":"post","2":"type-post","3":"status-publish","4":"format-standard","5":"has-post-thumbnail","7":"category-noticias"},"aioseo_notices":[],"aioseo_head":"\n\t\t<!-- All in One SEO Pro 4.9.6.2 - aioseo.com -->\n\t<meta name=\"description\" content=\"(EP) - El alcalde de Oviedo, Principado de Asturias, el &#039;popular&#039; Alfredo Canteli, ha se\u00f1alado este lunes que las nuevas restricciones del Principado para Navidad son &quot;excesivamente restrictivas&quot; y que \u00e9l &quot;hubiera protegido la hosteler\u00eda&quot;. En declaraciones a los medios Canteli ha sido interrogado sobre las medidas del Gobierno de Asturias anunciadas este lunes, donde\" \/>\n\t<meta name=\"robots\" content=\"max-image-preview:large\" \/>\n\t<meta name=\"author\" content=\"NBAsturias\"\/>\n\t<meta name=\"google-site-verification\" content=\"UA-38556648-1\" \/>\n\t<meta name=\"keywords\" content=\"noticias\" \/>\n\t<link rel=\"canonical\" href=\"https:\/\/eldigitaldeasturias.com\/radio\/alfredo-canteli-yo-hubiera-protegido-la-hosteleria\/\" \/>\n\t<meta name=\"generator\" content=\"All in One SEO Pro (AIOSEO) 4.9.6.2\" \/>\n\t\t<meta property=\"og:locale\" content=\"es_ES\" \/>\n\t\t<meta property=\"og:site_name\" content=\"El Digital de Asturias | Diario de informaci\u00f3n y noticias\" \/>\n\t\t<meta property=\"og:type\" content=\"article\" \/>\n\t\t<meta property=\"og:title\" content=\"Alfredo Canteli: \u00abYo hubiera protegido la hosteler\u00eda\u00bb | El Digital de Asturias\" \/>\n\t\t<meta property=\"og:description\" content=\"(EP) - El alcalde de Oviedo, Principado de Asturias, el &#039;popular&#039; Alfredo Canteli, ha se\u00f1alado este lunes que las nuevas restricciones del Principado para Navidad son &quot;excesivamente restrictivas&quot; y que \u00e9l &quot;hubiera protegido la hosteler\u00eda&quot;. En declaraciones a los medios Canteli ha sido interrogado sobre las medidas del Gobierno de Asturias anunciadas este lunes, donde\" \/>\n\t\t<meta property=\"og:url\" content=\"https:\/\/eldigitaldeasturias.com\/radio\/alfredo-canteli-yo-hubiera-protegido-la-hosteleria\/\" \/>\n\t\t<meta property=\"og:image\" content=\"https:\/\/eldigitaldeasturias.com\/radio\/wp-content\/uploads\/2020\/12\/Oviedo-EP.jpg\" \/>\n\t\t<meta property=\"og:image:secure_url\" content=\"https:\/\/eldigitaldeasturias.com\/radio\/wp-content\/uploads\/2020\/12\/Oviedo-EP.jpg\" \/>\n\t\t<meta property=\"og:image:width\" content=\"635\" \/>\n\t\t<meta property=\"og:image:height\" content=\"476\" \/>\n\t\t<meta property=\"article:published_time\" content=\"2020-12-25T13:08:32+00:00\" \/>\n\t\t<meta property=\"article:modified_time\" content=\"2020-12-25T13:08:32+00:00\" \/>\n\t\t<meta name=\"twitter:card\" content=\"summary_large_image\" \/>\n\t\t<meta name=\"twitter:site\" content=\"@bercodi\" \/>\n\t\t<meta name=\"twitter:title\" content=\"Alfredo Canteli: \u00abYo hubiera protegido la hosteler\u00eda\u00bb | El Digital de Asturias\" \/>\n\t\t<meta name=\"twitter:description\" content=\"(EP) - El alcalde de Oviedo, Principado de Asturias, el &#039;popular&#039; Alfredo Canteli, ha se\u00f1alado este lunes que las nuevas restricciones del Principado para Navidad son &quot;excesivamente restrictivas&quot; y que \u00e9l &quot;hubiera protegido la hosteler\u00eda&quot;. En declaraciones a los medios Canteli ha sido interrogado sobre las medidas del Gobierno de Asturias anunciadas este lunes, donde\" \/>\n\t\t<meta name=\"twitter:creator\" content=\"@bercodi\" \/>\n\t\t<meta name=\"twitter:image\" content=\"https:\/\/eldigitaldeasturias.com\/radio\/wp-content\/uploads\/2020\/12\/Oviedo-EP.jpg\" \/>\n\t\t<script type=\"application\/ld+json\" class=\"aioseo-schema\">\n\t\t\t{\"@context\":\"https:\\\/\\\/schema.org\",\"@graph\":[{\"@type\":\"BreadcrumbList\",\"@id\":\"https:\\\/\\\/eldigitaldeasturias.com\\\/radio\\\/alfredo-canteli-yo-hubiera-protegido-la-hosteleria\\\/#breadcrumblist\",\"itemListElement\":[{\"@type\":\"ListItem\",\"@id\":\"https:\\\/\\\/eldigitaldeasturias.com\\\/radio#listItem\",\"position\":1,\"name\":\"Inicio\",\"item\":\"https:\\\/\\\/eldigitaldeasturias.com\\\/radio\",\"nextItem\":{\"@type\":\"ListItem\",\"@id\":\"https:\\\/\\\/eldigitaldeasturias.com\\\/radio\\\/category\\\/noticias\\\/#listItem\",\"name\":\"Noticias\"}},{\"@type\":\"ListItem\",\"@id\":\"https:\\\/\\\/eldigitaldeasturias.com\\\/radio\\\/category\\\/noticias\\\/#listItem\",\"position\":2,\"name\":\"Noticias\",\"item\":\"https:\\\/\\\/eldigitaldeasturias.com\\\/radio\\\/category\\\/noticias\\\/\",\"nextItem\":{\"@type\":\"ListItem\",\"@id\":\"https:\\\/\\\/eldigitaldeasturias.com\\\/radio\\\/alfredo-canteli-yo-hubiera-protegido-la-hosteleria\\\/#listItem\",\"name\":\"Alfredo Canteli: \\u00abYo hubiera protegido la hosteler\\u00eda\\u00bb\"},\"previousItem\":{\"@type\":\"ListItem\",\"@id\":\"https:\\\/\\\/eldigitaldeasturias.com\\\/radio#listItem\",\"name\":\"Inicio\"}},{\"@type\":\"ListItem\",\"@id\":\"https:\\\/\\\/eldigitaldeasturias.com\\\/radio\\\/alfredo-canteli-yo-hubiera-protegido-la-hosteleria\\\/#listItem\",\"position\":3,\"name\":\"Alfredo Canteli: \\u00abYo hubiera protegido la hosteler\\u00eda\\u00bb\",\"previousItem\":{\"@type\":\"ListItem\",\"@id\":\"https:\\\/\\\/eldigitaldeasturias.com\\\/radio\\\/category\\\/noticias\\\/#listItem\",\"name\":\"Noticias\"}}]},{\"@type\":\"NewsArticle\",\"@id\":\"https:\\\/\\\/eldigitaldeasturias.com\\\/radio\\\/alfredo-canteli-yo-hubiera-protegido-la-hosteleria\\\/#newsarticle\",\"name\":\"Alfredo Canteli: \\u00abYo hubiera protegido la hosteler\\u00eda\\u00bb | El Digital de Asturias\",\"headline\":\"Alfredo Canteli: \\u00abYo hubiera protegido la hosteler\\u00eda\\u00bb\",\"author\":{\"@id\":\"https:\\\/\\\/eldigitaldeasturias.com\\\/radio\\\/author\\\/nbasturias\\\/#author\"},\"publisher\":{\"@id\":\"https:\\\/\\\/eldigitaldeasturias.com\\\/radio\\\/#organization\"},\"image\":{\"@type\":\"ImageObject\",\"url\":\"https:\\\/\\\/eldigitaldeasturias.com\\\/radio\\\/wp-content\\\/uploads\\\/2020\\\/12\\\/Oviedo-EP.jpg\",\"width\":635,\"height\":476,\"caption\":\"El alcalde de Oviedo, Alfredo Canteli - AYUNTAMIENTO DE OVIEDO\"},\"datePublished\":\"2020-12-25T13:08:32+01:00\",\"dateModified\":\"2020-12-25T13:08:32+01:00\",\"inLanguage\":\"es-ES\",\"mainEntityOfPage\":{\"@id\":\"https:\\\/\\\/eldigitaldeasturias.com\\\/radio\\\/alfredo-canteli-yo-hubiera-protegido-la-hosteleria\\\/#webpage\"},\"isPartOf\":{\"@id\":\"https:\\\/\\\/eldigitaldeasturias.com\\\/radio\\\/alfredo-canteli-yo-hubiera-protegido-la-hosteleria\\\/#webpage\"},\"articleSection\":\"Noticias\",\"dateline\":\"Publicado el diciembre 25, 2020.\"},{\"@type\":\"Organization\",\"@id\":\"https:\\\/\\\/eldigitaldeasturias.com\\\/radio\\\/#organization\",\"name\":\"El digital de Asturias Radio\",\"description\":\"Diario de informaci\\u00f3n y noticias\",\"url\":\"https:\\\/\\\/eldigitaldeasturias.com\\\/radio\\\/\",\"telephone\":\"+34652131393\",\"logo\":{\"@type\":\"ImageObject\",\"url\":\"https:\\\/\\\/www.eldigitaldeasturias.com\\\/radio\\\/wp-content\\\/uploads\\\/2021\\\/03\\\/EDA.jpg\",\"@id\":\"https:\\\/\\\/eldigitaldeasturias.com\\\/radio\\\/alfredo-canteli-yo-hubiera-protegido-la-hosteleria\\\/#organizationLogo\"},\"image\":{\"@id\":\"https:\\\/\\\/eldigitaldeasturias.com\\\/radio\\\/alfredo-canteli-yo-hubiera-protegido-la-hosteleria\\\/#organizationLogo\"},\"sameAs\":[\"https:\\\/\\\/www.facebook.com\\\/\",\"https:\\\/\\\/x.com\\\/bercodi\",\"https:\\\/\\\/www.instagram.com\\\/\",\"https:\\\/\\\/www.youtube.com\\\/channel\\\/UCZP-2wLEB9Rv6erhFmqVnvg\"]},{\"@type\":\"Person\",\"@id\":\"https:\\\/\\\/eldigitaldeasturias.com\\\/radio\\\/author\\\/nbasturias\\\/#author\",\"url\":\"https:\\\/\\\/eldigitaldeasturias.com\\\/radio\\\/author\\\/nbasturias\\\/\",\"name\":\"NBAsturias\",\"image\":{\"@type\":\"ImageObject\",\"@id\":\"https:\\\/\\\/eldigitaldeasturias.com\\\/radio\\\/alfredo-canteli-yo-hubiera-protegido-la-hosteleria\\\/#authorImage\",\"url\":\"https:\\\/\\\/secure.gravatar.com\\\/avatar\\\/df2aeffc32bcd13f8d26072ef8a91b623d677766deac7f97ca815868cd41bf5e?s=96&d=mm&r=g\",\"width\":96,\"height\":96,\"caption\":\"NBAsturias\"}},{\"@type\":\"WebPage\",\"@id\":\"https:\\\/\\\/eldigitaldeasturias.com\\\/radio\\\/alfredo-canteli-yo-hubiera-protegido-la-hosteleria\\\/#webpage\",\"url\":\"https:\\\/\\\/eldigitaldeasturias.com\\\/radio\\\/alfredo-canteli-yo-hubiera-protegido-la-hosteleria\\\/\",\"name\":\"Alfredo Canteli: \\u00abYo hubiera protegido la hosteler\\u00eda\\u00bb | El Digital de Asturias\",\"description\":\"(EP) - El alcalde de Oviedo, Principado de Asturias, el 'popular' Alfredo Canteli, ha se\\u00f1alado este lunes que las nuevas restricciones del Principado para Navidad son \\\"excesivamente restrictivas\\\" y que \\u00e9l \\\"hubiera protegido la hosteler\\u00eda\\\". En declaraciones a los medios Canteli ha sido interrogado sobre las medidas del Gobierno de Asturias anunciadas este lunes, donde\",\"inLanguage\":\"es-ES\",\"isPartOf\":{\"@id\":\"https:\\\/\\\/eldigitaldeasturias.com\\\/radio\\\/#website\"},\"breadcrumb\":{\"@id\":\"https:\\\/\\\/eldigitaldeasturias.com\\\/radio\\\/alfredo-canteli-yo-hubiera-protegido-la-hosteleria\\\/#breadcrumblist\"},\"author\":{\"@id\":\"https:\\\/\\\/eldigitaldeasturias.com\\\/radio\\\/author\\\/nbasturias\\\/#author\"},\"creator\":{\"@id\":\"https:\\\/\\\/eldigitaldeasturias.com\\\/radio\\\/author\\\/nbasturias\\\/#author\"},\"image\":{\"@type\":\"ImageObject\",\"url\":\"https:\\\/\\\/eldigitaldeasturias.com\\\/radio\\\/wp-content\\\/uploads\\\/2020\\\/12\\\/Oviedo-EP.jpg\",\"@id\":\"https:\\\/\\\/eldigitaldeasturias.com\\\/radio\\\/alfredo-canteli-yo-hubiera-protegido-la-hosteleria\\\/#mainImage\",\"width\":635,\"height\":476,\"caption\":\"El alcalde de Oviedo, Alfredo Canteli - AYUNTAMIENTO DE OVIEDO\"},\"primaryImageOfPage\":{\"@id\":\"https:\\\/\\\/eldigitaldeasturias.com\\\/radio\\\/alfredo-canteli-yo-hubiera-protegido-la-hosteleria\\\/#mainImage\"},\"datePublished\":\"2020-12-25T13:08:32+01:00\",\"dateModified\":\"2020-12-25T13:08:32+01:00\"},{\"@type\":\"WebSite\",\"@id\":\"https:\\\/\\\/eldigitaldeasturias.com\\\/radio\\\/#website\",\"url\":\"https:\\\/\\\/eldigitaldeasturias.com\\\/radio\\\/\",\"name\":\"El Digital de Asturias\",\"description\":\"Diario de informaci\\u00f3n y noticias\",\"inLanguage\":\"es-ES\",\"publisher\":{\"@id\":\"https:\\\/\\\/eldigitaldeasturias.com\\\/radio\\\/#organization\"}}]}\n\t\t<\/script>\n\t\t<!-- All in One SEO Pro -->\r\n\t\t<title>Alfredo Canteli: \u00abYo hubiera protegido la hosteler\u00eda\u00bb | El Digital de Asturias<\/title>\n\n","aioseo_head_json":{"title":"Alfredo Canteli: \u00abYo hubiera protegido la hosteler\u00eda\u00bb | El Digital de Asturias","description":"(EP) - El alcalde de Oviedo, Principado de Asturias, el 'popular' Alfredo Canteli, ha se\u00f1alado este lunes que las nuevas restricciones del Principado para Navidad son \"excesivamente restrictivas\" y que \u00e9l \"hubiera protegido la hosteler\u00eda\". En declaraciones a los medios Canteli ha sido interrogado sobre las medidas del Gobierno de Asturias anunciadas este lunes, donde","canonical_url":"https:\/\/eldigitaldeasturias.com\/radio\/alfredo-canteli-yo-hubiera-protegido-la-hosteleria\/","robots":"max-image-preview:large","keywords":"noticias","webmasterTools":{"google-site-verification":"UA-38556648-1","miscellaneous":""},"schema":{"@context":"https:\/\/schema.org","@graph":[{"@type":"BreadcrumbList","@id":"https:\/\/eldigitaldeasturias.com\/radio\/alfredo-canteli-yo-hubiera-protegido-la-hosteleria\/#breadcrumblist","itemListElement":[{"@type":"ListItem","@id":"https:\/\/eldigitaldeasturias.com\/radio#listItem","position":1,"name":"Inicio","item":"https:\/\/eldigitaldeasturias.com\/radio","nextItem":{"@type":"ListItem","@id":"https:\/\/eldigitaldeasturias.com\/radio\/category\/noticias\/#listItem","name":"Noticias"}},{"@type":"ListItem","@id":"https:\/\/eldigitaldeasturias.com\/radio\/category\/noticias\/#listItem","position":2,"name":"Noticias","item":"https:\/\/eldigitaldeasturias.com\/radio\/category\/noticias\/","nextItem":{"@type":"ListItem","@id":"https:\/\/eldigitaldeasturias.com\/radio\/alfredo-canteli-yo-hubiera-protegido-la-hosteleria\/#listItem","name":"Alfredo Canteli: \u00abYo hubiera protegido la hosteler\u00eda\u00bb"},"previousItem":{"@type":"ListItem","@id":"https:\/\/eldigitaldeasturias.com\/radio#listItem","name":"Inicio"}},{"@type":"ListItem","@id":"https:\/\/eldigitaldeasturias.com\/radio\/alfredo-canteli-yo-hubiera-protegido-la-hosteleria\/#listItem","position":3,"name":"Alfredo Canteli: \u00abYo hubiera protegido la hosteler\u00eda\u00bb","previousItem":{"@type":"ListItem","@id":"https:\/\/eldigitaldeasturias.com\/radio\/category\/noticias\/#listItem","name":"Noticias"}}]},{"@type":"NewsArticle","@id":"https:\/\/eldigitaldeasturias.com\/radio\/alfredo-canteli-yo-hubiera-protegido-la-hosteleria\/#newsarticle","name":"Alfredo Canteli: \u00abYo hubiera protegido la hosteler\u00eda\u00bb | El Digital de Asturias","headline":"Alfredo Canteli: \u00abYo hubiera protegido la hosteler\u00eda\u00bb","author":{"@id":"https:\/\/eldigitaldeasturias.com\/radio\/author\/nbasturias\/#author"},"publisher":{"@id":"https:\/\/eldigitaldeasturias.com\/radio\/#organization"},"image":{"@type":"ImageObject","url":"https:\/\/eldigitaldeasturias.com\/radio\/wp-content\/uploads\/2020\/12\/Oviedo-EP.jpg","width":635,"height":476,"caption":"El alcalde de Oviedo, Alfredo Canteli - AYUNTAMIENTO DE OVIEDO"},"datePublished":"2020-12-25T13:08:32+01:00","dateModified":"2020-12-25T13:08:32+01:00","inLanguage":"es-ES","mainEntityOfPage":{"@id":"https:\/\/eldigitaldeasturias.com\/radio\/alfredo-canteli-yo-hubiera-protegido-la-hosteleria\/#webpage"},"isPartOf":{"@id":"https:\/\/eldigitaldeasturias.com\/radio\/alfredo-canteli-yo-hubiera-protegido-la-hosteleria\/#webpage"},"articleSection":"Noticias","dateline":"Publicado el diciembre 25, 2020."},{"@type":"Organization","@id":"https:\/\/eldigitaldeasturias.com\/radio\/#organization","name":"El digital de Asturias Radio","description":"Diario de informaci\u00f3n y noticias","url":"https:\/\/eldigitaldeasturias.com\/radio\/","telephone":"+34652131393","logo":{"@type":"ImageObject","url":"https:\/\/www.eldigitaldeasturias.com\/radio\/wp-content\/uploads\/2021\/03\/EDA.jpg","@id":"https:\/\/eldigitaldeasturias.com\/radio\/alfredo-canteli-yo-hubiera-protegido-la-hosteleria\/#organizationLogo"},"image":{"@id":"https:\/\/eldigitaldeasturias.com\/radio\/alfredo-canteli-yo-hubiera-protegido-la-hosteleria\/#organizationLogo"},"sameAs":["https:\/\/www.facebook.com\/","https:\/\/x.com\/bercodi","https:\/\/www.instagram.com\/","https:\/\/www.youtube.com\/channel\/UCZP-2wLEB9Rv6erhFmqVnvg"]},{"@type":"Person","@id":"https:\/\/eldigitaldeasturias.com\/radio\/author\/nbasturias\/#author","url":"https:\/\/eldigitaldeasturias.com\/radio\/author\/nbasturias\/","name":"NBAsturias","image":{"@type":"ImageObject","@id":"https:\/\/eldigitaldeasturias.com\/radio\/alfredo-canteli-yo-hubiera-protegido-la-hosteleria\/#authorImage","url":"https:\/\/secure.gravatar.com\/avatar\/df2aeffc32bcd13f8d26072ef8a91b623d677766deac7f97ca815868cd41bf5e?s=96&d=mm&r=g","width":96,"height":96,"caption":"NBAsturias"}},{"@type":"WebPage","@id":"https:\/\/eldigitaldeasturias.com\/radio\/alfredo-canteli-yo-hubiera-protegido-la-hosteleria\/#webpage","url":"https:\/\/eldigitaldeasturias.com\/radio\/alfredo-canteli-yo-hubiera-protegido-la-hosteleria\/","name":"Alfredo Canteli: \u00abYo hubiera protegido la hosteler\u00eda\u00bb | El Digital de Asturias","description":"(EP) - El alcalde de Oviedo, Principado de Asturias, el 'popular' Alfredo Canteli, ha se\u00f1alado este lunes que las nuevas restricciones del Principado para Navidad son \"excesivamente restrictivas\" y que \u00e9l \"hubiera protegido la hosteler\u00eda\". En declaraciones a los medios Canteli ha sido interrogado sobre las medidas del Gobierno de Asturias anunciadas este lunes, donde","inLanguage":"es-ES","isPartOf":{"@id":"https:\/\/eldigitaldeasturias.com\/radio\/#website"},"breadcrumb":{"@id":"https:\/\/eldigitaldeasturias.com\/radio\/alfredo-canteli-yo-hubiera-protegido-la-hosteleria\/#breadcrumblist"},"author":{"@id":"https:\/\/eldigitaldeasturias.com\/radio\/author\/nbasturias\/#author"},"creator":{"@id":"https:\/\/eldigitaldeasturias.com\/radio\/author\/nbasturias\/#author"},"image":{"@type":"ImageObject","url":"https:\/\/eldigitaldeasturias.com\/radio\/wp-content\/uploads\/2020\/12\/Oviedo-EP.jpg","@id":"https:\/\/eldigitaldeasturias.com\/radio\/alfredo-canteli-yo-hubiera-protegido-la-hosteleria\/#mainImage","width":635,"height":476,"caption":"El alcalde de Oviedo, Alfredo Canteli - AYUNTAMIENTO DE OVIEDO"},"primaryImageOfPage":{"@id":"https:\/\/eldigitaldeasturias.com\/radio\/alfredo-canteli-yo-hubiera-protegido-la-hosteleria\/#mainImage"},"datePublished":"2020-12-25T13:08:32+01:00","dateModified":"2020-12-25T13:08:32+01:00"},{"@type":"WebSite","@id":"https:\/\/eldigitaldeasturias.com\/radio\/#website","url":"https:\/\/eldigitaldeasturias.com\/radio\/","name":"El Digital de Asturias","description":"Diario de informaci\u00f3n y noticias","inLanguage":"es-ES","publisher":{"@id":"https:\/\/eldigitaldeasturias.com\/radio\/#organization"}}]},"og:locale":"es_ES","og:site_name":"El Digital de Asturias | Diario de informaci\u00f3n y noticias","og:type":"article","og:title":"Alfredo Canteli: \u00abYo hubiera protegido la hosteler\u00eda\u00bb | El Digital de Asturias","og:description":"(EP) - El alcalde de Oviedo, Principado de Asturias, el 'popular' Alfredo Canteli, ha se\u00f1alado este lunes que las nuevas restricciones del Principado para Navidad son &quot;excesivamente restrictivas&quot; y que \u00e9l &quot;hubiera protegido la hosteler\u00eda&quot;. En declaraciones a los medios Canteli ha sido interrogado sobre las medidas del Gobierno de Asturias anunciadas este lunes, donde","og:url":"https:\/\/eldigitaldeasturias.com\/radio\/alfredo-canteli-yo-hubiera-protegido-la-hosteleria\/","og:image":"https:\/\/eldigitaldeasturias.com\/radio\/wp-content\/uploads\/2020\/12\/Oviedo-EP.jpg","og:image:secure_url":"https:\/\/eldigitaldeasturias.com\/radio\/wp-content\/uploads\/2020\/12\/Oviedo-EP.jpg","og:image:width":635,"og:image:height":476,"article:published_time":"2020-12-25T13:08:32+00:00","article:modified_time":"2020-12-25T13:08:32+00:00","twitter:card":"summary_large_image","twitter:site":"@bercodi","twitter:title":"Alfredo Canteli: \u00abYo hubiera protegido la hosteler\u00eda\u00bb | El Digital de Asturias","twitter:description":"(EP) - El alcalde de Oviedo, Principado de Asturias, el 'popular' Alfredo Canteli, ha se\u00f1alado este lunes que las nuevas restricciones del Principado para Navidad son &quot;excesivamente restrictivas&quot; y que \u00e9l &quot;hubiera protegido la hosteler\u00eda&quot;. En declaraciones a los medios Canteli ha sido interrogado sobre las medidas del Gobierno de Asturias anunciadas este lunes, donde","twitter:creator":"@bercodi","twitter:image":"https:\/\/eldigitaldeasturias.com\/radio\/wp-content\/uploads\/2020\/12\/Oviedo-EP.jpg"},"aioseo_meta_data":{"post_id":"5358","title":null,"description":null,"keywords":null,"keyphrases":null,"primary_term":null,"canonical_url":null,"og_title":null,"og_description":null,"og_object_type":"default","og_image_type":"default","og_image_url":null,"og_image_width":null,"og_image_height":null,"og_image_custom_url":null,"og_image_custom_fields":null,"og_video":null,"og_custom_url":null,"og_article_section":null,"og_article_tags":null,"twitter_use_og":false,"twitter_card":"default","twitter_image_type":"default","twitter_image_url":null,"twitter_image_custom_url":null,"twitter_image_custom_fields":null,"twitter_title":null,"twitter_description":null,"schema":{"blockGraphs":[],"customGraphs":[],"default":{"data":{"Article":[],"Course":[],"Dataset":[],"FAQPage":[],"Movie":[],"Person":[],"Product":[],"ProductReview":[],"Car":[],"Recipe":[],"Service":[],"SoftwareApplication":[],"WebPage":[]},"graphName":"","isEnabled":true},"graphs":[],"defaultGraph":"","defaultPostTypeGraph":""},"schema_type":null,"schema_type_options":null,"pillar_content":false,"robots_default":true,"robots_noindex":false,"robots_noarchive":false,"robots_nosnippet":false,"robots_nofollow":false,"robots_noimageindex":false,"robots_noodp":false,"robots_notranslate":false,"robots_max_snippet":null,"robots_max_videopreview":null,"robots_max_imagepreview":"large","priority":null,"frequency":null,"location":null,"local_seo":null,"seo_analyzer_scan_date":"2025-08-28 17:44:27","breadcrumb_settings":null,"limit_modified_date":false,"open_ai":null,"ai":null,"created":"2021-03-27 12:43:53","updated":"2025-08-28 17:44:27"},"aioseo_breadcrumb":"<div class=\"aioseo-breadcrumbs\"><span class=\"aioseo-breadcrumb\">\n\t<a href=\"https:\/\/eldigitaldeasturias.com\/radio\" title=\"Inicio\">Inicio<\/a>\n<\/span><span class=\"aioseo-breadcrumb-separator\">&ndash;<\/span><span class=\"aioseo-breadcrumb\">\n\t<a href=\"https:\/\/eldigitaldeasturias.com\/radio\/category\/noticias\/\" title=\"Noticias\">Noticias<\/a>\n<\/span><span class=\"aioseo-breadcrumb-separator\">&ndash;<\/span><span class=\"aioseo-breadcrumb\">\n\tAlfredo Canteli: \u00abYo hubiera protegido la hosteler\u00eda\u00bb\n<\/span><\/div>","aioseo_breadcrumb_json":[{"label":"Inicio","link":"https:\/\/eldigitaldeasturias.com\/radio"},{"label":"Noticias","link":"https:\/\/eldigitaldeasturias.com\/radio\/category\/noticias\/"},{"label":"Alfredo Canteli: \u00abYo hubiera protegido la hosteler\u00eda\u00bb","link":"https:\/\/eldigitaldeasturias.com\/radio\/alfredo-canteli-yo-hubiera-protegido-la-hosteleria\/"}],"_links":{"self":[{"href":"https:\/\/eldigitaldeasturias.com\/radio\/wp-json\/wp\/v2\/posts\/5358","targetHints":{"allow":["GET"]}}],"collection":[{"href":"https:\/\/eldigitaldeasturias.com\/radio\/wp-json\/wp\/v2\/posts"}],"about":[{"href":"https:\/\/eldigitaldeasturias.com\/radio\/wp-json\/wp\/v2\/types\/post"}],"author":[{"embeddable":true,"href":"https:\/\/eldigitaldeasturias.com\/radio\/wp-json\/wp\/v2\/users\/1"}],"replies":[{"embeddable":true,"href":"https:\/\/eldigitaldeasturias.com\/radio\/wp-json\/wp\/v2\/comments?post=5358"}],"version-history":[{"count":0,"href":"https:\/\/eldigitaldeasturias.com\/radio\/wp-json\/wp\/v2\/posts\/5358\/revisions"}],"wp:featuredmedia":[{"embeddable":true,"href":"https:\/\/eldigitaldeasturias.com\/radio\/wp-json\/wp\/v2\/media\/5359"}],"wp:attachment":[{"href":"https:\/\/eldigitaldeasturias.com\/radio\/wp-json\/wp\/v2\/media?parent=5358"}],"wp:term":[{"taxonomy":"category","embeddable":true,"href":"https:\/\/eldigitaldeasturias.com\/radio\/wp-json\/wp\/v2\/categories?post=5358"},{"taxonomy":"post_tag","embeddable":true,"href":"https:\/\/eldigitaldeasturias.com\/radio\/wp-json\/wp\/v2\/tags?post=5358"}],"curies":[{"name":"wp","href":"https:\/\/api.w.org\/{rel}","templated":true}]}}