{"id":5353,"date":"2020-12-25T13:01:05","date_gmt":"2020-12-25T13:01:05","guid":{"rendered":"http:\/\/eldigitaldeasturias.com\/radio\/?p=5353"},"modified":"2020-12-25T13:01:05","modified_gmt":"2020-12-25T13:01:05","slug":"el-principado-comienza-a-pagar-las-ayudas-a-los-sectores-mas-afectados","status":"publish","type":"post","link":"https:\/\/eldigitaldeasturias.com\/radio\/el-principado-comienza-a-pagar-las-ayudas-a-los-sectores-mas-afectados\/","title":{"rendered":"El Principado comienza a pagar las ayudas a los sectores m\u00e1s afectados"},"content":{"rendered":"<p><img fetchpriority=\"high\" decoding=\"async\" class=\"alignleft size-medium wp-image-5354\" src=\"https:\/\/eldigitaldeasturias.com\/radio\/wp-content\/uploads\/2020\/12\/writing-828911_640-360x240.jpg\" alt=\"\" width=\"360\" height=\"240\" srcset=\"https:\/\/eldigitaldeasturias.com\/radio\/wp-content\/uploads\/2020\/12\/writing-828911_640-360x240.jpg 360w, https:\/\/eldigitaldeasturias.com\/radio\/wp-content\/uploads\/2020\/12\/writing-828911_640.jpg 640w\" sizes=\"(max-width: 360px) 100vw, 360px\" \/>(EP) &#8211; El Gobierno de Asturias ha iniciado el abono de las ayudas convocadas el mes pasado para paliar los efectos de la crisis sanitaria en los sectores m\u00e1s afectados: aut\u00f3nomos y pymes del peque\u00f1o comercio, la hosteler\u00eda, la cultura y el deporte.<\/p>\n<p>Los primeros documentos de pago que se han emitido van destinados a los comercios. En concreto, inicialmente se abonar\u00e1n 3.159 ayudas que movilizar\u00e1n m\u00e1s de cinco millones de euros. Los siguientes en cobrar ser\u00e1n los negocios tur\u00edsticos.<\/p>\n<p>En total, el Principado ha recibido para las diferentes convocatorias 14.100 solicitudes, que suman 28 millones. Las peticiones se distribuyen en 4.562 de comercio, 7.992 de turismo, 746 de cultura, 625 de deporte y 175 de distribuidores de bebida.<\/p>\n<p>Las subvenciones que concede el Principado se organizan en cuatro tramos, en funci\u00f3n del n\u00famero de trabajadores que tenga cada establecimiento o servicio: 1.500 euros para aut\u00f3nomos sin trabajadores, 2.000 euros para quienes tengan entre 1 y 4 empleados, 3.000 euros para quienes tengan entre 5 y 9 trabajadores y 4.000 euros para quienes tengan 10 empleados o m\u00e1s.<\/p>\n<p>En el caso particular del ocio nocturno, las cifras anteriores se ver\u00e1n incrementadas para aut\u00f3nomos y pymes que hayan permanecido cerrados desde el 18 de agosto hasta el 1 de noviembre, a raz\u00f3n de 1.500 euros por cada mensualidad completa. De tal manera que, por ejemplo, si se trata de un profesional por cuenta propia sin asalariados, percibir\u00e1 una ayuda de 4.500 euros, y si se trata de una empresa o aut\u00f3nomo con m\u00e1s de 10 trabajadores, recibir\u00e1 7.000.<\/p>\n","protected":false},"excerpt":{"rendered":"<p>(EP) &#8211; El Gobierno de Asturias ha iniciado el abono de las ayudas convocadas el mes pasado para paliar los efectos de la crisis sanitaria en los sectores m\u00e1s afectados: aut\u00f3nomos y pymes del peque\u00f1o comercio, la hosteler\u00eda, la cultura y el deporte. Los primeros documentos de pago que se han emitido van destinados a<\/p>\n","protected":false},"author":1,"featured_media":5354,"comment_status":"closed","ping_status":"closed","sticky":false,"template":"","format":"standard","meta":{"footnotes":""},"categories":[1],"tags":[],"class_list":{"0":"post-5353","1":"post","2":"type-post","3":"status-publish","4":"format-standard","5":"has-post-thumbnail","7":"category-noticias"},"aioseo_notices":[],"aioseo_head":"\n\t\t<!-- All in One SEO Pro 4.9.6.2 - aioseo.com -->\n\t<meta name=\"description\" content=\"(EP) - El Gobierno de Asturias ha iniciado el abono de las ayudas convocadas el mes pasado para paliar los efectos de la crisis sanitaria en los sectores m\u00e1s afectados: aut\u00f3nomos y pymes del peque\u00f1o comercio, la hosteler\u00eda, la cultura y el deporte. Los primeros documentos de pago que se han emitido van destinados a\" \/>\n\t<meta name=\"robots\" content=\"max-image-preview:large\" \/>\n\t<meta name=\"author\" content=\"NBAsturias\"\/>\n\t<meta name=\"google-site-verification\" content=\"UA-38556648-1\" \/>\n\t<meta name=\"keywords\" content=\"noticias\" \/>\n\t<link rel=\"canonical\" href=\"https:\/\/eldigitaldeasturias.com\/radio\/el-principado-comienza-a-pagar-las-ayudas-a-los-sectores-mas-afectados\/\" \/>\n\t<meta name=\"generator\" content=\"All in One SEO Pro (AIOSEO) 4.9.6.2\" \/>\n\t\t<meta property=\"og:locale\" content=\"es_ES\" \/>\n\t\t<meta property=\"og:site_name\" content=\"El Digital de Asturias | Diario de informaci\u00f3n y noticias\" \/>\n\t\t<meta property=\"og:type\" content=\"article\" \/>\n\t\t<meta property=\"og:title\" content=\"El Principado comienza a pagar las ayudas a los sectores m\u00e1s afectados | El Digital de Asturias\" \/>\n\t\t<meta property=\"og:description\" content=\"(EP) - El Gobierno de Asturias ha iniciado el abono de las ayudas convocadas el mes pasado para paliar los efectos de la crisis sanitaria en los sectores m\u00e1s afectados: aut\u00f3nomos y pymes del peque\u00f1o comercio, la hosteler\u00eda, la cultura y el deporte. Los primeros documentos de pago que se han emitido van destinados a\" \/>\n\t\t<meta property=\"og:url\" content=\"https:\/\/eldigitaldeasturias.com\/radio\/el-principado-comienza-a-pagar-las-ayudas-a-los-sectores-mas-afectados\/\" \/>\n\t\t<meta property=\"og:image\" content=\"https:\/\/eldigitaldeasturias.com\/radio\/wp-content\/uploads\/2020\/12\/writing-828911_640.jpg\" \/>\n\t\t<meta property=\"og:image:secure_url\" content=\"https:\/\/eldigitaldeasturias.com\/radio\/wp-content\/uploads\/2020\/12\/writing-828911_640.jpg\" \/>\n\t\t<meta property=\"og:image:width\" content=\"640\" \/>\n\t\t<meta property=\"og:image:height\" content=\"426\" \/>\n\t\t<meta property=\"article:published_time\" content=\"2020-12-25T13:01:05+00:00\" \/>\n\t\t<meta property=\"article:modified_time\" content=\"2020-12-25T13:01:05+00:00\" \/>\n\t\t<meta name=\"twitter:card\" content=\"summary_large_image\" \/>\n\t\t<meta name=\"twitter:site\" content=\"@bercodi\" \/>\n\t\t<meta name=\"twitter:title\" content=\"El Principado comienza a pagar las ayudas a los sectores m\u00e1s afectados | El Digital de Asturias\" \/>\n\t\t<meta name=\"twitter:description\" content=\"(EP) - El Gobierno de Asturias ha iniciado el abono de las ayudas convocadas el mes pasado para paliar los efectos de la crisis sanitaria en los sectores m\u00e1s afectados: aut\u00f3nomos y pymes del peque\u00f1o comercio, la hosteler\u00eda, la cultura y el deporte. Los primeros documentos de pago que se han emitido van destinados a\" \/>\n\t\t<meta name=\"twitter:creator\" content=\"@bercodi\" \/>\n\t\t<meta name=\"twitter:image\" content=\"https:\/\/eldigitaldeasturias.com\/radio\/wp-content\/uploads\/2020\/12\/writing-828911_640.jpg\" \/>\n\t\t<script type=\"application\/ld+json\" class=\"aioseo-schema\">\n\t\t\t{\"@context\":\"https:\\\/\\\/schema.org\",\"@graph\":[{\"@type\":\"BreadcrumbList\",\"@id\":\"https:\\\/\\\/eldigitaldeasturias.com\\\/radio\\\/el-principado-comienza-a-pagar-las-ayudas-a-los-sectores-mas-afectados\\\/#breadcrumblist\",\"itemListElement\":[{\"@type\":\"ListItem\",\"@id\":\"https:\\\/\\\/eldigitaldeasturias.com\\\/radio#listItem\",\"position\":1,\"name\":\"Inicio\",\"item\":\"https:\\\/\\\/eldigitaldeasturias.com\\\/radio\",\"nextItem\":{\"@type\":\"ListItem\",\"@id\":\"https:\\\/\\\/eldigitaldeasturias.com\\\/radio\\\/category\\\/noticias\\\/#listItem\",\"name\":\"Noticias\"}},{\"@type\":\"ListItem\",\"@id\":\"https:\\\/\\\/eldigitaldeasturias.com\\\/radio\\\/category\\\/noticias\\\/#listItem\",\"position\":2,\"name\":\"Noticias\",\"item\":\"https:\\\/\\\/eldigitaldeasturias.com\\\/radio\\\/category\\\/noticias\\\/\",\"nextItem\":{\"@type\":\"ListItem\",\"@id\":\"https:\\\/\\\/eldigitaldeasturias.com\\\/radio\\\/el-principado-comienza-a-pagar-las-ayudas-a-los-sectores-mas-afectados\\\/#listItem\",\"name\":\"El Principado comienza a pagar las ayudas a los sectores m\\u00e1s afectados\"},\"previousItem\":{\"@type\":\"ListItem\",\"@id\":\"https:\\\/\\\/eldigitaldeasturias.com\\\/radio#listItem\",\"name\":\"Inicio\"}},{\"@type\":\"ListItem\",\"@id\":\"https:\\\/\\\/eldigitaldeasturias.com\\\/radio\\\/el-principado-comienza-a-pagar-las-ayudas-a-los-sectores-mas-afectados\\\/#listItem\",\"position\":3,\"name\":\"El Principado comienza a pagar las ayudas a los sectores m\\u00e1s afectados\",\"previousItem\":{\"@type\":\"ListItem\",\"@id\":\"https:\\\/\\\/eldigitaldeasturias.com\\\/radio\\\/category\\\/noticias\\\/#listItem\",\"name\":\"Noticias\"}}]},{\"@type\":\"NewsArticle\",\"@id\":\"https:\\\/\\\/eldigitaldeasturias.com\\\/radio\\\/el-principado-comienza-a-pagar-las-ayudas-a-los-sectores-mas-afectados\\\/#newsarticle\",\"name\":\"El Principado comienza a pagar las ayudas a los sectores m\\u00e1s afectados | El Digital de Asturias\",\"headline\":\"El Principado comienza a pagar las ayudas a los sectores m\\u00e1s afectados\",\"author\":{\"@id\":\"https:\\\/\\\/eldigitaldeasturias.com\\\/radio\\\/author\\\/nbasturias\\\/#author\"},\"publisher\":{\"@id\":\"https:\\\/\\\/eldigitaldeasturias.com\\\/radio\\\/#organization\"},\"image\":{\"@type\":\"ImageObject\",\"url\":\"https:\\\/\\\/eldigitaldeasturias.com\\\/radio\\\/wp-content\\\/uploads\\\/2020\\\/12\\\/writing-828911_640.jpg\",\"width\":640,\"height\":426},\"datePublished\":\"2020-12-25T13:01:05+01:00\",\"dateModified\":\"2020-12-25T13:01:05+01:00\",\"inLanguage\":\"es-ES\",\"mainEntityOfPage\":{\"@id\":\"https:\\\/\\\/eldigitaldeasturias.com\\\/radio\\\/el-principado-comienza-a-pagar-las-ayudas-a-los-sectores-mas-afectados\\\/#webpage\"},\"isPartOf\":{\"@id\":\"https:\\\/\\\/eldigitaldeasturias.com\\\/radio\\\/el-principado-comienza-a-pagar-las-ayudas-a-los-sectores-mas-afectados\\\/#webpage\"},\"articleSection\":\"Noticias\",\"dateline\":\"Publicado el diciembre 25, 2020.\"},{\"@type\":\"Organization\",\"@id\":\"https:\\\/\\\/eldigitaldeasturias.com\\\/radio\\\/#organization\",\"name\":\"El digital de Asturias Radio\",\"description\":\"Diario de informaci\\u00f3n y noticias\",\"url\":\"https:\\\/\\\/eldigitaldeasturias.com\\\/radio\\\/\",\"telephone\":\"+34652131393\",\"logo\":{\"@type\":\"ImageObject\",\"url\":\"https:\\\/\\\/www.eldigitaldeasturias.com\\\/radio\\\/wp-content\\\/uploads\\\/2021\\\/03\\\/EDA.jpg\",\"@id\":\"https:\\\/\\\/eldigitaldeasturias.com\\\/radio\\\/el-principado-comienza-a-pagar-las-ayudas-a-los-sectores-mas-afectados\\\/#organizationLogo\"},\"image\":{\"@id\":\"https:\\\/\\\/eldigitaldeasturias.com\\\/radio\\\/el-principado-comienza-a-pagar-las-ayudas-a-los-sectores-mas-afectados\\\/#organizationLogo\"},\"sameAs\":[\"https:\\\/\\\/www.facebook.com\\\/\",\"https:\\\/\\\/x.com\\\/bercodi\",\"https:\\\/\\\/www.instagram.com\\\/\",\"https:\\\/\\\/www.youtube.com\\\/channel\\\/UCZP-2wLEB9Rv6erhFmqVnvg\"]},{\"@type\":\"Person\",\"@id\":\"https:\\\/\\\/eldigitaldeasturias.com\\\/radio\\\/author\\\/nbasturias\\\/#author\",\"url\":\"https:\\\/\\\/eldigitaldeasturias.com\\\/radio\\\/author\\\/nbasturias\\\/\",\"name\":\"NBAsturias\",\"image\":{\"@type\":\"ImageObject\",\"@id\":\"https:\\\/\\\/eldigitaldeasturias.com\\\/radio\\\/el-principado-comienza-a-pagar-las-ayudas-a-los-sectores-mas-afectados\\\/#authorImage\",\"url\":\"https:\\\/\\\/secure.gravatar.com\\\/avatar\\\/df2aeffc32bcd13f8d26072ef8a91b623d677766deac7f97ca815868cd41bf5e?s=96&d=mm&r=g\",\"width\":96,\"height\":96,\"caption\":\"NBAsturias\"}},{\"@type\":\"WebPage\",\"@id\":\"https:\\\/\\\/eldigitaldeasturias.com\\\/radio\\\/el-principado-comienza-a-pagar-las-ayudas-a-los-sectores-mas-afectados\\\/#webpage\",\"url\":\"https:\\\/\\\/eldigitaldeasturias.com\\\/radio\\\/el-principado-comienza-a-pagar-las-ayudas-a-los-sectores-mas-afectados\\\/\",\"name\":\"El Principado comienza a pagar las ayudas a los sectores m\\u00e1s afectados | El Digital de Asturias\",\"description\":\"(EP) - El Gobierno de Asturias ha iniciado el abono de las ayudas convocadas el mes pasado para paliar los efectos de la crisis sanitaria en los sectores m\\u00e1s afectados: aut\\u00f3nomos y pymes del peque\\u00f1o comercio, la hosteler\\u00eda, la cultura y el deporte. Los primeros documentos de pago que se han emitido van destinados a\",\"inLanguage\":\"es-ES\",\"isPartOf\":{\"@id\":\"https:\\\/\\\/eldigitaldeasturias.com\\\/radio\\\/#website\"},\"breadcrumb\":{\"@id\":\"https:\\\/\\\/eldigitaldeasturias.com\\\/radio\\\/el-principado-comienza-a-pagar-las-ayudas-a-los-sectores-mas-afectados\\\/#breadcrumblist\"},\"author\":{\"@id\":\"https:\\\/\\\/eldigitaldeasturias.com\\\/radio\\\/author\\\/nbasturias\\\/#author\"},\"creator\":{\"@id\":\"https:\\\/\\\/eldigitaldeasturias.com\\\/radio\\\/author\\\/nbasturias\\\/#author\"},\"image\":{\"@type\":\"ImageObject\",\"url\":\"https:\\\/\\\/eldigitaldeasturias.com\\\/radio\\\/wp-content\\\/uploads\\\/2020\\\/12\\\/writing-828911_640.jpg\",\"@id\":\"https:\\\/\\\/eldigitaldeasturias.com\\\/radio\\\/el-principado-comienza-a-pagar-las-ayudas-a-los-sectores-mas-afectados\\\/#mainImage\",\"width\":640,\"height\":426},\"primaryImageOfPage\":{\"@id\":\"https:\\\/\\\/eldigitaldeasturias.com\\\/radio\\\/el-principado-comienza-a-pagar-las-ayudas-a-los-sectores-mas-afectados\\\/#mainImage\"},\"datePublished\":\"2020-12-25T13:01:05+01:00\",\"dateModified\":\"2020-12-25T13:01:05+01:00\"},{\"@type\":\"WebSite\",\"@id\":\"https:\\\/\\\/eldigitaldeasturias.com\\\/radio\\\/#website\",\"url\":\"https:\\\/\\\/eldigitaldeasturias.com\\\/radio\\\/\",\"name\":\"El Digital de Asturias\",\"description\":\"Diario de informaci\\u00f3n y noticias\",\"inLanguage\":\"es-ES\",\"publisher\":{\"@id\":\"https:\\\/\\\/eldigitaldeasturias.com\\\/radio\\\/#organization\"}}]}\n\t\t<\/script>\n\t\t<!-- All in One SEO Pro -->\r\n\t\t<title>El Principado comienza a pagar las ayudas a los sectores m\u00e1s afectados | El Digital de Asturias<\/title>\n\n","aioseo_head_json":{"title":"El Principado comienza a pagar las ayudas a los sectores m\u00e1s afectados | El Digital de Asturias","description":"(EP) - El Gobierno de Asturias ha iniciado el abono de las ayudas convocadas el mes pasado para paliar los efectos de la crisis sanitaria en los sectores m\u00e1s afectados: aut\u00f3nomos y pymes del peque\u00f1o comercio, la hosteler\u00eda, la cultura y el deporte. Los primeros documentos de pago que se han emitido van destinados a","canonical_url":"https:\/\/eldigitaldeasturias.com\/radio\/el-principado-comienza-a-pagar-las-ayudas-a-los-sectores-mas-afectados\/","robots":"max-image-preview:large","keywords":"noticias","webmasterTools":{"google-site-verification":"UA-38556648-1","miscellaneous":""},"schema":{"@context":"https:\/\/schema.org","@graph":[{"@type":"BreadcrumbList","@id":"https:\/\/eldigitaldeasturias.com\/radio\/el-principado-comienza-a-pagar-las-ayudas-a-los-sectores-mas-afectados\/#breadcrumblist","itemListElement":[{"@type":"ListItem","@id":"https:\/\/eldigitaldeasturias.com\/radio#listItem","position":1,"name":"Inicio","item":"https:\/\/eldigitaldeasturias.com\/radio","nextItem":{"@type":"ListItem","@id":"https:\/\/eldigitaldeasturias.com\/radio\/category\/noticias\/#listItem","name":"Noticias"}},{"@type":"ListItem","@id":"https:\/\/eldigitaldeasturias.com\/radio\/category\/noticias\/#listItem","position":2,"name":"Noticias","item":"https:\/\/eldigitaldeasturias.com\/radio\/category\/noticias\/","nextItem":{"@type":"ListItem","@id":"https:\/\/eldigitaldeasturias.com\/radio\/el-principado-comienza-a-pagar-las-ayudas-a-los-sectores-mas-afectados\/#listItem","name":"El Principado comienza a pagar las ayudas a los sectores m\u00e1s afectados"},"previousItem":{"@type":"ListItem","@id":"https:\/\/eldigitaldeasturias.com\/radio#listItem","name":"Inicio"}},{"@type":"ListItem","@id":"https:\/\/eldigitaldeasturias.com\/radio\/el-principado-comienza-a-pagar-las-ayudas-a-los-sectores-mas-afectados\/#listItem","position":3,"name":"El Principado comienza a pagar las ayudas a los sectores m\u00e1s afectados","previousItem":{"@type":"ListItem","@id":"https:\/\/eldigitaldeasturias.com\/radio\/category\/noticias\/#listItem","name":"Noticias"}}]},{"@type":"NewsArticle","@id":"https:\/\/eldigitaldeasturias.com\/radio\/el-principado-comienza-a-pagar-las-ayudas-a-los-sectores-mas-afectados\/#newsarticle","name":"El Principado comienza a pagar las ayudas a los sectores m\u00e1s afectados | El Digital de Asturias","headline":"El Principado comienza a pagar las ayudas a los sectores m\u00e1s afectados","author":{"@id":"https:\/\/eldigitaldeasturias.com\/radio\/author\/nbasturias\/#author"},"publisher":{"@id":"https:\/\/eldigitaldeasturias.com\/radio\/#organization"},"image":{"@type":"ImageObject","url":"https:\/\/eldigitaldeasturias.com\/radio\/wp-content\/uploads\/2020\/12\/writing-828911_640.jpg","width":640,"height":426},"datePublished":"2020-12-25T13:01:05+01:00","dateModified":"2020-12-25T13:01:05+01:00","inLanguage":"es-ES","mainEntityOfPage":{"@id":"https:\/\/eldigitaldeasturias.com\/radio\/el-principado-comienza-a-pagar-las-ayudas-a-los-sectores-mas-afectados\/#webpage"},"isPartOf":{"@id":"https:\/\/eldigitaldeasturias.com\/radio\/el-principado-comienza-a-pagar-las-ayudas-a-los-sectores-mas-afectados\/#webpage"},"articleSection":"Noticias","dateline":"Publicado el diciembre 25, 2020."},{"@type":"Organization","@id":"https:\/\/eldigitaldeasturias.com\/radio\/#organization","name":"El digital de Asturias Radio","description":"Diario de informaci\u00f3n y noticias","url":"https:\/\/eldigitaldeasturias.com\/radio\/","telephone":"+34652131393","logo":{"@type":"ImageObject","url":"https:\/\/www.eldigitaldeasturias.com\/radio\/wp-content\/uploads\/2021\/03\/EDA.jpg","@id":"https:\/\/eldigitaldeasturias.com\/radio\/el-principado-comienza-a-pagar-las-ayudas-a-los-sectores-mas-afectados\/#organizationLogo"},"image":{"@id":"https:\/\/eldigitaldeasturias.com\/radio\/el-principado-comienza-a-pagar-las-ayudas-a-los-sectores-mas-afectados\/#organizationLogo"},"sameAs":["https:\/\/www.facebook.com\/","https:\/\/x.com\/bercodi","https:\/\/www.instagram.com\/","https:\/\/www.youtube.com\/channel\/UCZP-2wLEB9Rv6erhFmqVnvg"]},{"@type":"Person","@id":"https:\/\/eldigitaldeasturias.com\/radio\/author\/nbasturias\/#author","url":"https:\/\/eldigitaldeasturias.com\/radio\/author\/nbasturias\/","name":"NBAsturias","image":{"@type":"ImageObject","@id":"https:\/\/eldigitaldeasturias.com\/radio\/el-principado-comienza-a-pagar-las-ayudas-a-los-sectores-mas-afectados\/#authorImage","url":"https:\/\/secure.gravatar.com\/avatar\/df2aeffc32bcd13f8d26072ef8a91b623d677766deac7f97ca815868cd41bf5e?s=96&d=mm&r=g","width":96,"height":96,"caption":"NBAsturias"}},{"@type":"WebPage","@id":"https:\/\/eldigitaldeasturias.com\/radio\/el-principado-comienza-a-pagar-las-ayudas-a-los-sectores-mas-afectados\/#webpage","url":"https:\/\/eldigitaldeasturias.com\/radio\/el-principado-comienza-a-pagar-las-ayudas-a-los-sectores-mas-afectados\/","name":"El Principado comienza a pagar las ayudas a los sectores m\u00e1s afectados | El Digital de Asturias","description":"(EP) - El Gobierno de Asturias ha iniciado el abono de las ayudas convocadas el mes pasado para paliar los efectos de la crisis sanitaria en los sectores m\u00e1s afectados: aut\u00f3nomos y pymes del peque\u00f1o comercio, la hosteler\u00eda, la cultura y el deporte. Los primeros documentos de pago que se han emitido van destinados a","inLanguage":"es-ES","isPartOf":{"@id":"https:\/\/eldigitaldeasturias.com\/radio\/#website"},"breadcrumb":{"@id":"https:\/\/eldigitaldeasturias.com\/radio\/el-principado-comienza-a-pagar-las-ayudas-a-los-sectores-mas-afectados\/#breadcrumblist"},"author":{"@id":"https:\/\/eldigitaldeasturias.com\/radio\/author\/nbasturias\/#author"},"creator":{"@id":"https:\/\/eldigitaldeasturias.com\/radio\/author\/nbasturias\/#author"},"image":{"@type":"ImageObject","url":"https:\/\/eldigitaldeasturias.com\/radio\/wp-content\/uploads\/2020\/12\/writing-828911_640.jpg","@id":"https:\/\/eldigitaldeasturias.com\/radio\/el-principado-comienza-a-pagar-las-ayudas-a-los-sectores-mas-afectados\/#mainImage","width":640,"height":426},"primaryImageOfPage":{"@id":"https:\/\/eldigitaldeasturias.com\/radio\/el-principado-comienza-a-pagar-las-ayudas-a-los-sectores-mas-afectados\/#mainImage"},"datePublished":"2020-12-25T13:01:05+01:00","dateModified":"2020-12-25T13:01:05+01:00"},{"@type":"WebSite","@id":"https:\/\/eldigitaldeasturias.com\/radio\/#website","url":"https:\/\/eldigitaldeasturias.com\/radio\/","name":"El Digital de Asturias","description":"Diario de informaci\u00f3n y noticias","inLanguage":"es-ES","publisher":{"@id":"https:\/\/eldigitaldeasturias.com\/radio\/#organization"}}]},"og:locale":"es_ES","og:site_name":"El Digital de Asturias | Diario de informaci\u00f3n y noticias","og:type":"article","og:title":"El Principado comienza a pagar las ayudas a los sectores m\u00e1s afectados | El Digital de Asturias","og:description":"(EP) - El Gobierno de Asturias ha iniciado el abono de las ayudas convocadas el mes pasado para paliar los efectos de la crisis sanitaria en los sectores m\u00e1s afectados: aut\u00f3nomos y pymes del peque\u00f1o comercio, la hosteler\u00eda, la cultura y el deporte. Los primeros documentos de pago que se han emitido van destinados a","og:url":"https:\/\/eldigitaldeasturias.com\/radio\/el-principado-comienza-a-pagar-las-ayudas-a-los-sectores-mas-afectados\/","og:image":"https:\/\/eldigitaldeasturias.com\/radio\/wp-content\/uploads\/2020\/12\/writing-828911_640.jpg","og:image:secure_url":"https:\/\/eldigitaldeasturias.com\/radio\/wp-content\/uploads\/2020\/12\/writing-828911_640.jpg","og:image:width":640,"og:image:height":426,"article:published_time":"2020-12-25T13:01:05+00:00","article:modified_time":"2020-12-25T13:01:05+00:00","twitter:card":"summary_large_image","twitter:site":"@bercodi","twitter:title":"El Principado comienza a pagar las ayudas a los sectores m\u00e1s afectados | El Digital de Asturias","twitter:description":"(EP) - El Gobierno de Asturias ha iniciado el abono de las ayudas convocadas el mes pasado para paliar los efectos de la crisis sanitaria en los sectores m\u00e1s afectados: aut\u00f3nomos y pymes del peque\u00f1o comercio, la hosteler\u00eda, la cultura y el deporte. Los primeros documentos de pago que se han emitido van destinados a","twitter:creator":"@bercodi","twitter:image":"https:\/\/eldigitaldeasturias.com\/radio\/wp-content\/uploads\/2020\/12\/writing-828911_640.jpg"},"aioseo_meta_data":{"post_id":"5353","title":null,"description":null,"keywords":null,"keyphrases":null,"primary_term":null,"canonical_url":null,"og_title":null,"og_description":null,"og_object_type":"default","og_image_type":"default","og_image_url":null,"og_image_width":null,"og_image_height":null,"og_image_custom_url":null,"og_image_custom_fields":null,"og_video":null,"og_custom_url":null,"og_article_section":null,"og_article_tags":null,"twitter_use_og":false,"twitter_card":"default","twitter_image_type":"default","twitter_image_url":null,"twitter_image_custom_url":null,"twitter_image_custom_fields":null,"twitter_title":null,"twitter_description":null,"schema":{"blockGraphs":[],"customGraphs":[],"default":{"data":{"Article":[],"Course":[],"Dataset":[],"FAQPage":[],"Movie":[],"Person":[],"Product":[],"ProductReview":[],"Car":[],"Recipe":[],"Service":[],"SoftwareApplication":[],"WebPage":[]},"graphName":"","isEnabled":true},"graphs":[],"defaultGraph":"","defaultPostTypeGraph":""},"schema_type":null,"schema_type_options":null,"pillar_content":false,"robots_default":true,"robots_noindex":false,"robots_noarchive":false,"robots_nosnippet":false,"robots_nofollow":false,"robots_noimageindex":false,"robots_noodp":false,"robots_notranslate":false,"robots_max_snippet":null,"robots_max_videopreview":null,"robots_max_imagepreview":"large","priority":null,"frequency":null,"location":null,"local_seo":null,"seo_analyzer_scan_date":"2025-08-28 17:43:17","breadcrumb_settings":null,"limit_modified_date":false,"open_ai":null,"ai":null,"created":"2021-03-27 12:43:53","updated":"2025-08-28 17:43:17"},"aioseo_breadcrumb":"<div class=\"aioseo-breadcrumbs\"><span class=\"aioseo-breadcrumb\">\n\t<a href=\"https:\/\/eldigitaldeasturias.com\/radio\" title=\"Inicio\">Inicio<\/a>\n<\/span><span class=\"aioseo-breadcrumb-separator\">&ndash;<\/span><span class=\"aioseo-breadcrumb\">\n\t<a href=\"https:\/\/eldigitaldeasturias.com\/radio\/category\/noticias\/\" title=\"Noticias\">Noticias<\/a>\n<\/span><span class=\"aioseo-breadcrumb-separator\">&ndash;<\/span><span class=\"aioseo-breadcrumb\">\n\tEl Principado comienza a pagar las ayudas a los sectores m\u00e1s afectados\n<\/span><\/div>","aioseo_breadcrumb_json":[{"label":"Inicio","link":"https:\/\/eldigitaldeasturias.com\/radio"},{"label":"Noticias","link":"https:\/\/eldigitaldeasturias.com\/radio\/category\/noticias\/"},{"label":"El Principado comienza a pagar las ayudas a los sectores m\u00e1s afectados","link":"https:\/\/eldigitaldeasturias.com\/radio\/el-principado-comienza-a-pagar-las-ayudas-a-los-sectores-mas-afectados\/"}],"_links":{"self":[{"href":"https:\/\/eldigitaldeasturias.com\/radio\/wp-json\/wp\/v2\/posts\/5353","targetHints":{"allow":["GET"]}}],"collection":[{"href":"https:\/\/eldigitaldeasturias.com\/radio\/wp-json\/wp\/v2\/posts"}],"about":[{"href":"https:\/\/eldigitaldeasturias.com\/radio\/wp-json\/wp\/v2\/types\/post"}],"author":[{"embeddable":true,"href":"https:\/\/eldigitaldeasturias.com\/radio\/wp-json\/wp\/v2\/users\/1"}],"replies":[{"embeddable":true,"href":"https:\/\/eldigitaldeasturias.com\/radio\/wp-json\/wp\/v2\/comments?post=5353"}],"version-history":[{"count":0,"href":"https:\/\/eldigitaldeasturias.com\/radio\/wp-json\/wp\/v2\/posts\/5353\/revisions"}],"wp:featuredmedia":[{"embeddable":true,"href":"https:\/\/eldigitaldeasturias.com\/radio\/wp-json\/wp\/v2\/media\/5354"}],"wp:attachment":[{"href":"https:\/\/eldigitaldeasturias.com\/radio\/wp-json\/wp\/v2\/media?parent=5353"}],"wp:term":[{"taxonomy":"category","embeddable":true,"href":"https:\/\/eldigitaldeasturias.com\/radio\/wp-json\/wp\/v2\/categories?post=5353"},{"taxonomy":"post_tag","embeddable":true,"href":"https:\/\/eldigitaldeasturias.com\/radio\/wp-json\/wp\/v2\/tags?post=5353"}],"curies":[{"name":"wp","href":"https:\/\/api.w.org\/{rel}","templated":true}]}}