{"id":5345,"date":"2020-12-24T20:45:20","date_gmt":"2020-12-24T20:45:20","guid":{"rendered":"http:\/\/eldigitaldeasturias.com\/radio\/?p=5345"},"modified":"2020-12-24T20:45:20","modified_gmt":"2020-12-24T20:45:20","slug":"el-principado-abre-al-trafico-el-corredor-del-narcea","status":"publish","type":"post","link":"https:\/\/eldigitaldeasturias.com\/radio\/el-principado-abre-al-trafico-el-corredor-del-narcea\/","title":{"rendered":"El Principado abre al tr\u00e1fico el corredor del Narcea"},"content":{"rendered":"<figure id=\"attachment_5346\" aria-describedby=\"caption-attachment-5346\" style=\"width: 242px\" class=\"wp-caption alignleft\"><img fetchpriority=\"high\" decoding=\"async\" class=\"size-medium wp-image-5346\" src=\"https:\/\/eldigitaldeasturias.com\/radio\/wp-content\/uploads\/2020\/12\/Narcea-Asturias-242x300.jpg\" alt=\"Narcea - Asturias\" width=\"242\" height=\"300\" srcset=\"https:\/\/eldigitaldeasturias.com\/radio\/wp-content\/uploads\/2020\/12\/Narcea-Asturias-242x300.jpg 242w, https:\/\/eldigitaldeasturias.com\/radio\/wp-content\/uploads\/2020\/12\/Narcea-Asturias.jpg 498w\" sizes=\"(max-width: 242px) 100vw, 242px\" \/><figcaption id=\"caption-attachment-5346\" class=\"wp-caption-text\">Imagen del desprendimiento. &#8211; AYUNTAMIENTO DE CANGAS.<\/figcaption><\/figure>\n<p>(EP) &#8211; La Consejer\u00eda asturiana de Medio Rural y Cohesi\u00f3n Territorial abrir\u00e1 al tr\u00e1fico este jueves, en torno al mediod\u00eda, uno de los carriles del corredor del Narcea (AS-15) a la altura del embalse de Calabazos, en el concejo de Tineo. La v\u00eda permanece cortada desde el d\u00eda 6 por un argayo que provoc\u00f3 un desprendimiento sobre la calzada y afect\u00f3 a la estabilidad de la ladera.<\/p>\n<p>La Viceconsejer\u00eda de Infraestructuras ha supervisado este mi\u00e9rcoles la voladura controlada de una roca de considerables dimensiones, situada a la altura del kil\u00f3metro 22, con el objetivo de dividirla en pedazos, eliminar los fragmentos del talud y, una vez revisada la zona, poder reabrir el corredor a la circulaci\u00f3n, que en la actualidad se encuentra restringida a emergencias.<\/p>\n<p>Seg\u00fan ha informado el Ejecutivo en nota de prensa, en concreto se han perforado 18 barrenos y volado 25 metros c\u00fabicos de roca.<\/p>\n<p>La empresa especializada Perforaciones Noroeste S.A. ha culminado esta misma semana un proyecto t\u00e9cnicamente complejo y que en apenas unas horas ha recibido las preceptivas autorizaciones de la Direcci\u00f3n General de Energ\u00eda, Miner\u00eda y Reactivaci\u00f3n de la Consejer\u00eda de Industria y de la Delegaci\u00f3n del Gobierno en Asturias.<\/p>\n<p>Una vez despejada la v\u00eda, la reapertura de uno de los carriles de esta carretera, que une Cornellana con el puerto de Cerredo, se llevar\u00e1 a cabo con las medidas de seguridad precisas para terminar de estabilizar la ladera y construir una pantalla de protecci\u00f3n ante desprendimientos.<\/p>\n<p>Adem\u00e1s, la Direcci\u00f3n General de Infraestructuras Viarias y Portuarias contin\u00faa trabajando en 14 actuaciones de emergencia que afectan a trece v\u00edas y que han obligado a movilizar cerca de 1,5 millones por los efectos del temporal del puente de la Constituci\u00f3n.<\/p>\n","protected":false},"excerpt":{"rendered":"<p>(EP) &#8211; La Consejer\u00eda asturiana de Medio Rural y Cohesi\u00f3n Territorial abrir\u00e1 al tr\u00e1fico este jueves, en torno al mediod\u00eda, uno de los carriles del corredor del Narcea (AS-15) a la altura del embalse de Calabazos, en el concejo de Tineo. La v\u00eda permanece cortada desde el d\u00eda 6 por un argayo que provoc\u00f3 un<\/p>\n","protected":false},"author":1,"featured_media":5346,"comment_status":"closed","ping_status":"closed","sticky":false,"template":"","format":"standard","meta":{"footnotes":""},"categories":[1],"tags":[],"class_list":{"0":"post-5345","1":"post","2":"type-post","3":"status-publish","4":"format-standard","5":"has-post-thumbnail","7":"category-noticias"},"aioseo_notices":[],"aioseo_head":"\n\t\t<!-- All in One SEO Pro 4.9.6.2 - aioseo.com -->\n\t<meta name=\"description\" content=\"(EP) - La Consejer\u00eda asturiana de Medio Rural y Cohesi\u00f3n Territorial abrir\u00e1 al tr\u00e1fico este jueves, en torno al mediod\u00eda, uno de los carriles del corredor del Narcea (AS-15) a la altura del embalse de Calabazos, en el concejo de Tineo. La v\u00eda permanece cortada desde el d\u00eda 6 por un argayo que provoc\u00f3 un\" \/>\n\t<meta name=\"robots\" content=\"max-image-preview:large\" \/>\n\t<meta name=\"author\" content=\"NBAsturias\"\/>\n\t<meta name=\"google-site-verification\" content=\"UA-38556648-1\" \/>\n\t<meta name=\"keywords\" content=\"noticias\" \/>\n\t<link rel=\"canonical\" href=\"https:\/\/eldigitaldeasturias.com\/radio\/el-principado-abre-al-trafico-el-corredor-del-narcea\/\" \/>\n\t<meta name=\"generator\" content=\"All in One SEO Pro (AIOSEO) 4.9.6.2\" \/>\n\t\t<meta property=\"og:locale\" content=\"es_ES\" \/>\n\t\t<meta property=\"og:site_name\" content=\"El Digital de Asturias | Diario de informaci\u00f3n y noticias\" \/>\n\t\t<meta property=\"og:type\" content=\"article\" \/>\n\t\t<meta property=\"og:title\" content=\"El Principado abre al tr\u00e1fico el corredor del Narcea | El Digital de Asturias\" \/>\n\t\t<meta property=\"og:description\" content=\"(EP) - La Consejer\u00eda asturiana de Medio Rural y Cohesi\u00f3n Territorial abrir\u00e1 al tr\u00e1fico este jueves, en torno al mediod\u00eda, uno de los carriles del corredor del Narcea (AS-15) a la altura del embalse de Calabazos, en el concejo de Tineo. La v\u00eda permanece cortada desde el d\u00eda 6 por un argayo que provoc\u00f3 un\" \/>\n\t\t<meta property=\"og:url\" content=\"https:\/\/eldigitaldeasturias.com\/radio\/el-principado-abre-al-trafico-el-corredor-del-narcea\/\" \/>\n\t\t<meta property=\"og:image\" content=\"https:\/\/eldigitaldeasturias.com\/radio\/wp-content\/uploads\/2020\/12\/Narcea-Asturias.jpg\" \/>\n\t\t<meta property=\"og:image:secure_url\" content=\"https:\/\/eldigitaldeasturias.com\/radio\/wp-content\/uploads\/2020\/12\/Narcea-Asturias.jpg\" \/>\n\t\t<meta property=\"og:image:width\" content=\"498\" \/>\n\t\t<meta property=\"og:image:height\" content=\"618\" \/>\n\t\t<meta property=\"article:published_time\" content=\"2020-12-24T20:45:20+00:00\" \/>\n\t\t<meta property=\"article:modified_time\" content=\"2020-12-24T20:45:20+00:00\" \/>\n\t\t<meta name=\"twitter:card\" content=\"summary_large_image\" \/>\n\t\t<meta name=\"twitter:site\" content=\"@bercodi\" \/>\n\t\t<meta name=\"twitter:title\" content=\"El Principado abre al tr\u00e1fico el corredor del Narcea | El Digital de Asturias\" \/>\n\t\t<meta name=\"twitter:description\" content=\"(EP) - La Consejer\u00eda asturiana de Medio Rural y Cohesi\u00f3n Territorial abrir\u00e1 al tr\u00e1fico este jueves, en torno al mediod\u00eda, uno de los carriles del corredor del Narcea (AS-15) a la altura del embalse de Calabazos, en el concejo de Tineo. La v\u00eda permanece cortada desde el d\u00eda 6 por un argayo que provoc\u00f3 un\" \/>\n\t\t<meta name=\"twitter:creator\" content=\"@bercodi\" \/>\n\t\t<meta name=\"twitter:image\" content=\"https:\/\/eldigitaldeasturias.com\/radio\/wp-content\/uploads\/2020\/12\/Narcea-Asturias.jpg\" \/>\n\t\t<script type=\"application\/ld+json\" class=\"aioseo-schema\">\n\t\t\t{\"@context\":\"https:\\\/\\\/schema.org\",\"@graph\":[{\"@type\":\"BreadcrumbList\",\"@id\":\"https:\\\/\\\/eldigitaldeasturias.com\\\/radio\\\/el-principado-abre-al-trafico-el-corredor-del-narcea\\\/#breadcrumblist\",\"itemListElement\":[{\"@type\":\"ListItem\",\"@id\":\"https:\\\/\\\/eldigitaldeasturias.com\\\/radio#listItem\",\"position\":1,\"name\":\"Inicio\",\"item\":\"https:\\\/\\\/eldigitaldeasturias.com\\\/radio\",\"nextItem\":{\"@type\":\"ListItem\",\"@id\":\"https:\\\/\\\/eldigitaldeasturias.com\\\/radio\\\/category\\\/noticias\\\/#listItem\",\"name\":\"Noticias\"}},{\"@type\":\"ListItem\",\"@id\":\"https:\\\/\\\/eldigitaldeasturias.com\\\/radio\\\/category\\\/noticias\\\/#listItem\",\"position\":2,\"name\":\"Noticias\",\"item\":\"https:\\\/\\\/eldigitaldeasturias.com\\\/radio\\\/category\\\/noticias\\\/\",\"nextItem\":{\"@type\":\"ListItem\",\"@id\":\"https:\\\/\\\/eldigitaldeasturias.com\\\/radio\\\/el-principado-abre-al-trafico-el-corredor-del-narcea\\\/#listItem\",\"name\":\"El Principado abre al tr\\u00e1fico el corredor del Narcea\"},\"previousItem\":{\"@type\":\"ListItem\",\"@id\":\"https:\\\/\\\/eldigitaldeasturias.com\\\/radio#listItem\",\"name\":\"Inicio\"}},{\"@type\":\"ListItem\",\"@id\":\"https:\\\/\\\/eldigitaldeasturias.com\\\/radio\\\/el-principado-abre-al-trafico-el-corredor-del-narcea\\\/#listItem\",\"position\":3,\"name\":\"El Principado abre al tr\\u00e1fico el corredor del Narcea\",\"previousItem\":{\"@type\":\"ListItem\",\"@id\":\"https:\\\/\\\/eldigitaldeasturias.com\\\/radio\\\/category\\\/noticias\\\/#listItem\",\"name\":\"Noticias\"}}]},{\"@type\":\"NewsArticle\",\"@id\":\"https:\\\/\\\/eldigitaldeasturias.com\\\/radio\\\/el-principado-abre-al-trafico-el-corredor-del-narcea\\\/#newsarticle\",\"name\":\"El Principado abre al tr\\u00e1fico el corredor del Narcea | El Digital de Asturias\",\"headline\":\"El Principado abre al tr\\u00e1fico el corredor del Narcea\",\"author\":{\"@id\":\"https:\\\/\\\/eldigitaldeasturias.com\\\/radio\\\/author\\\/nbasturias\\\/#author\"},\"publisher\":{\"@id\":\"https:\\\/\\\/eldigitaldeasturias.com\\\/radio\\\/#organization\"},\"image\":{\"@type\":\"ImageObject\",\"url\":\"https:\\\/\\\/eldigitaldeasturias.com\\\/radio\\\/wp-content\\\/uploads\\\/2020\\\/12\\\/Narcea-Asturias.jpg\",\"width\":498,\"height\":618,\"caption\":\"Imagen del desprendimiento. - AYUNTAMIENTO DE CANGAS.\"},\"datePublished\":\"2020-12-24T20:45:20+01:00\",\"dateModified\":\"2020-12-24T20:45:20+01:00\",\"inLanguage\":\"es-ES\",\"mainEntityOfPage\":{\"@id\":\"https:\\\/\\\/eldigitaldeasturias.com\\\/radio\\\/el-principado-abre-al-trafico-el-corredor-del-narcea\\\/#webpage\"},\"isPartOf\":{\"@id\":\"https:\\\/\\\/eldigitaldeasturias.com\\\/radio\\\/el-principado-abre-al-trafico-el-corredor-del-narcea\\\/#webpage\"},\"articleSection\":\"Noticias\",\"dateline\":\"Publicado el diciembre 24, 2020.\"},{\"@type\":\"Organization\",\"@id\":\"https:\\\/\\\/eldigitaldeasturias.com\\\/radio\\\/#organization\",\"name\":\"El digital de Asturias Radio\",\"description\":\"Diario de informaci\\u00f3n y noticias\",\"url\":\"https:\\\/\\\/eldigitaldeasturias.com\\\/radio\\\/\",\"telephone\":\"+34652131393\",\"logo\":{\"@type\":\"ImageObject\",\"url\":\"https:\\\/\\\/www.eldigitaldeasturias.com\\\/radio\\\/wp-content\\\/uploads\\\/2021\\\/03\\\/EDA.jpg\",\"@id\":\"https:\\\/\\\/eldigitaldeasturias.com\\\/radio\\\/el-principado-abre-al-trafico-el-corredor-del-narcea\\\/#organizationLogo\"},\"image\":{\"@id\":\"https:\\\/\\\/eldigitaldeasturias.com\\\/radio\\\/el-principado-abre-al-trafico-el-corredor-del-narcea\\\/#organizationLogo\"},\"sameAs\":[\"https:\\\/\\\/www.facebook.com\\\/\",\"https:\\\/\\\/x.com\\\/bercodi\",\"https:\\\/\\\/www.instagram.com\\\/\",\"https:\\\/\\\/www.youtube.com\\\/channel\\\/UCZP-2wLEB9Rv6erhFmqVnvg\"]},{\"@type\":\"Person\",\"@id\":\"https:\\\/\\\/eldigitaldeasturias.com\\\/radio\\\/author\\\/nbasturias\\\/#author\",\"url\":\"https:\\\/\\\/eldigitaldeasturias.com\\\/radio\\\/author\\\/nbasturias\\\/\",\"name\":\"NBAsturias\",\"image\":{\"@type\":\"ImageObject\",\"@id\":\"https:\\\/\\\/eldigitaldeasturias.com\\\/radio\\\/el-principado-abre-al-trafico-el-corredor-del-narcea\\\/#authorImage\",\"url\":\"https:\\\/\\\/secure.gravatar.com\\\/avatar\\\/df2aeffc32bcd13f8d26072ef8a91b623d677766deac7f97ca815868cd41bf5e?s=96&d=mm&r=g\",\"width\":96,\"height\":96,\"caption\":\"NBAsturias\"}},{\"@type\":\"WebPage\",\"@id\":\"https:\\\/\\\/eldigitaldeasturias.com\\\/radio\\\/el-principado-abre-al-trafico-el-corredor-del-narcea\\\/#webpage\",\"url\":\"https:\\\/\\\/eldigitaldeasturias.com\\\/radio\\\/el-principado-abre-al-trafico-el-corredor-del-narcea\\\/\",\"name\":\"El Principado abre al tr\\u00e1fico el corredor del Narcea | El Digital de Asturias\",\"description\":\"(EP) - La Consejer\\u00eda asturiana de Medio Rural y Cohesi\\u00f3n Territorial abrir\\u00e1 al tr\\u00e1fico este jueves, en torno al mediod\\u00eda, uno de los carriles del corredor del Narcea (AS-15) a la altura del embalse de Calabazos, en el concejo de Tineo. La v\\u00eda permanece cortada desde el d\\u00eda 6 por un argayo que provoc\\u00f3 un\",\"inLanguage\":\"es-ES\",\"isPartOf\":{\"@id\":\"https:\\\/\\\/eldigitaldeasturias.com\\\/radio\\\/#website\"},\"breadcrumb\":{\"@id\":\"https:\\\/\\\/eldigitaldeasturias.com\\\/radio\\\/el-principado-abre-al-trafico-el-corredor-del-narcea\\\/#breadcrumblist\"},\"author\":{\"@id\":\"https:\\\/\\\/eldigitaldeasturias.com\\\/radio\\\/author\\\/nbasturias\\\/#author\"},\"creator\":{\"@id\":\"https:\\\/\\\/eldigitaldeasturias.com\\\/radio\\\/author\\\/nbasturias\\\/#author\"},\"image\":{\"@type\":\"ImageObject\",\"url\":\"https:\\\/\\\/eldigitaldeasturias.com\\\/radio\\\/wp-content\\\/uploads\\\/2020\\\/12\\\/Narcea-Asturias.jpg\",\"@id\":\"https:\\\/\\\/eldigitaldeasturias.com\\\/radio\\\/el-principado-abre-al-trafico-el-corredor-del-narcea\\\/#mainImage\",\"width\":498,\"height\":618,\"caption\":\"Imagen del desprendimiento. - AYUNTAMIENTO DE CANGAS.\"},\"primaryImageOfPage\":{\"@id\":\"https:\\\/\\\/eldigitaldeasturias.com\\\/radio\\\/el-principado-abre-al-trafico-el-corredor-del-narcea\\\/#mainImage\"},\"datePublished\":\"2020-12-24T20:45:20+01:00\",\"dateModified\":\"2020-12-24T20:45:20+01:00\"},{\"@type\":\"WebSite\",\"@id\":\"https:\\\/\\\/eldigitaldeasturias.com\\\/radio\\\/#website\",\"url\":\"https:\\\/\\\/eldigitaldeasturias.com\\\/radio\\\/\",\"name\":\"El Digital de Asturias\",\"description\":\"Diario de informaci\\u00f3n y noticias\",\"inLanguage\":\"es-ES\",\"publisher\":{\"@id\":\"https:\\\/\\\/eldigitaldeasturias.com\\\/radio\\\/#organization\"}}]}\n\t\t<\/script>\n\t\t<!-- All in One SEO Pro -->\r\n\t\t<title>El Principado abre al tr\u00e1fico el corredor del Narcea | El Digital de Asturias<\/title>\n\n","aioseo_head_json":{"title":"El Principado abre al tr\u00e1fico el corredor del Narcea | El Digital de Asturias","description":"(EP) - La Consejer\u00eda asturiana de Medio Rural y Cohesi\u00f3n Territorial abrir\u00e1 al tr\u00e1fico este jueves, en torno al mediod\u00eda, uno de los carriles del corredor del Narcea (AS-15) a la altura del embalse de Calabazos, en el concejo de Tineo. La v\u00eda permanece cortada desde el d\u00eda 6 por un argayo que provoc\u00f3 un","canonical_url":"https:\/\/eldigitaldeasturias.com\/radio\/el-principado-abre-al-trafico-el-corredor-del-narcea\/","robots":"max-image-preview:large","keywords":"noticias","webmasterTools":{"google-site-verification":"UA-38556648-1","miscellaneous":""},"schema":{"@context":"https:\/\/schema.org","@graph":[{"@type":"BreadcrumbList","@id":"https:\/\/eldigitaldeasturias.com\/radio\/el-principado-abre-al-trafico-el-corredor-del-narcea\/#breadcrumblist","itemListElement":[{"@type":"ListItem","@id":"https:\/\/eldigitaldeasturias.com\/radio#listItem","position":1,"name":"Inicio","item":"https:\/\/eldigitaldeasturias.com\/radio","nextItem":{"@type":"ListItem","@id":"https:\/\/eldigitaldeasturias.com\/radio\/category\/noticias\/#listItem","name":"Noticias"}},{"@type":"ListItem","@id":"https:\/\/eldigitaldeasturias.com\/radio\/category\/noticias\/#listItem","position":2,"name":"Noticias","item":"https:\/\/eldigitaldeasturias.com\/radio\/category\/noticias\/","nextItem":{"@type":"ListItem","@id":"https:\/\/eldigitaldeasturias.com\/radio\/el-principado-abre-al-trafico-el-corredor-del-narcea\/#listItem","name":"El Principado abre al tr\u00e1fico el corredor del Narcea"},"previousItem":{"@type":"ListItem","@id":"https:\/\/eldigitaldeasturias.com\/radio#listItem","name":"Inicio"}},{"@type":"ListItem","@id":"https:\/\/eldigitaldeasturias.com\/radio\/el-principado-abre-al-trafico-el-corredor-del-narcea\/#listItem","position":3,"name":"El Principado abre al tr\u00e1fico el corredor del Narcea","previousItem":{"@type":"ListItem","@id":"https:\/\/eldigitaldeasturias.com\/radio\/category\/noticias\/#listItem","name":"Noticias"}}]},{"@type":"NewsArticle","@id":"https:\/\/eldigitaldeasturias.com\/radio\/el-principado-abre-al-trafico-el-corredor-del-narcea\/#newsarticle","name":"El Principado abre al tr\u00e1fico el corredor del Narcea | El Digital de Asturias","headline":"El Principado abre al tr\u00e1fico el corredor del Narcea","author":{"@id":"https:\/\/eldigitaldeasturias.com\/radio\/author\/nbasturias\/#author"},"publisher":{"@id":"https:\/\/eldigitaldeasturias.com\/radio\/#organization"},"image":{"@type":"ImageObject","url":"https:\/\/eldigitaldeasturias.com\/radio\/wp-content\/uploads\/2020\/12\/Narcea-Asturias.jpg","width":498,"height":618,"caption":"Imagen del desprendimiento. - AYUNTAMIENTO DE CANGAS."},"datePublished":"2020-12-24T20:45:20+01:00","dateModified":"2020-12-24T20:45:20+01:00","inLanguage":"es-ES","mainEntityOfPage":{"@id":"https:\/\/eldigitaldeasturias.com\/radio\/el-principado-abre-al-trafico-el-corredor-del-narcea\/#webpage"},"isPartOf":{"@id":"https:\/\/eldigitaldeasturias.com\/radio\/el-principado-abre-al-trafico-el-corredor-del-narcea\/#webpage"},"articleSection":"Noticias","dateline":"Publicado el diciembre 24, 2020."},{"@type":"Organization","@id":"https:\/\/eldigitaldeasturias.com\/radio\/#organization","name":"El digital de Asturias Radio","description":"Diario de informaci\u00f3n y noticias","url":"https:\/\/eldigitaldeasturias.com\/radio\/","telephone":"+34652131393","logo":{"@type":"ImageObject","url":"https:\/\/www.eldigitaldeasturias.com\/radio\/wp-content\/uploads\/2021\/03\/EDA.jpg","@id":"https:\/\/eldigitaldeasturias.com\/radio\/el-principado-abre-al-trafico-el-corredor-del-narcea\/#organizationLogo"},"image":{"@id":"https:\/\/eldigitaldeasturias.com\/radio\/el-principado-abre-al-trafico-el-corredor-del-narcea\/#organizationLogo"},"sameAs":["https:\/\/www.facebook.com\/","https:\/\/x.com\/bercodi","https:\/\/www.instagram.com\/","https:\/\/www.youtube.com\/channel\/UCZP-2wLEB9Rv6erhFmqVnvg"]},{"@type":"Person","@id":"https:\/\/eldigitaldeasturias.com\/radio\/author\/nbasturias\/#author","url":"https:\/\/eldigitaldeasturias.com\/radio\/author\/nbasturias\/","name":"NBAsturias","image":{"@type":"ImageObject","@id":"https:\/\/eldigitaldeasturias.com\/radio\/el-principado-abre-al-trafico-el-corredor-del-narcea\/#authorImage","url":"https:\/\/secure.gravatar.com\/avatar\/df2aeffc32bcd13f8d26072ef8a91b623d677766deac7f97ca815868cd41bf5e?s=96&d=mm&r=g","width":96,"height":96,"caption":"NBAsturias"}},{"@type":"WebPage","@id":"https:\/\/eldigitaldeasturias.com\/radio\/el-principado-abre-al-trafico-el-corredor-del-narcea\/#webpage","url":"https:\/\/eldigitaldeasturias.com\/radio\/el-principado-abre-al-trafico-el-corredor-del-narcea\/","name":"El Principado abre al tr\u00e1fico el corredor del Narcea | El Digital de Asturias","description":"(EP) - La Consejer\u00eda asturiana de Medio Rural y Cohesi\u00f3n Territorial abrir\u00e1 al tr\u00e1fico este jueves, en torno al mediod\u00eda, uno de los carriles del corredor del Narcea (AS-15) a la altura del embalse de Calabazos, en el concejo de Tineo. La v\u00eda permanece cortada desde el d\u00eda 6 por un argayo que provoc\u00f3 un","inLanguage":"es-ES","isPartOf":{"@id":"https:\/\/eldigitaldeasturias.com\/radio\/#website"},"breadcrumb":{"@id":"https:\/\/eldigitaldeasturias.com\/radio\/el-principado-abre-al-trafico-el-corredor-del-narcea\/#breadcrumblist"},"author":{"@id":"https:\/\/eldigitaldeasturias.com\/radio\/author\/nbasturias\/#author"},"creator":{"@id":"https:\/\/eldigitaldeasturias.com\/radio\/author\/nbasturias\/#author"},"image":{"@type":"ImageObject","url":"https:\/\/eldigitaldeasturias.com\/radio\/wp-content\/uploads\/2020\/12\/Narcea-Asturias.jpg","@id":"https:\/\/eldigitaldeasturias.com\/radio\/el-principado-abre-al-trafico-el-corredor-del-narcea\/#mainImage","width":498,"height":618,"caption":"Imagen del desprendimiento. - AYUNTAMIENTO DE CANGAS."},"primaryImageOfPage":{"@id":"https:\/\/eldigitaldeasturias.com\/radio\/el-principado-abre-al-trafico-el-corredor-del-narcea\/#mainImage"},"datePublished":"2020-12-24T20:45:20+01:00","dateModified":"2020-12-24T20:45:20+01:00"},{"@type":"WebSite","@id":"https:\/\/eldigitaldeasturias.com\/radio\/#website","url":"https:\/\/eldigitaldeasturias.com\/radio\/","name":"El Digital de Asturias","description":"Diario de informaci\u00f3n y noticias","inLanguage":"es-ES","publisher":{"@id":"https:\/\/eldigitaldeasturias.com\/radio\/#organization"}}]},"og:locale":"es_ES","og:site_name":"El Digital de Asturias | Diario de informaci\u00f3n y noticias","og:type":"article","og:title":"El Principado abre al tr\u00e1fico el corredor del Narcea | El Digital de Asturias","og:description":"(EP) - La Consejer\u00eda asturiana de Medio Rural y Cohesi\u00f3n Territorial abrir\u00e1 al tr\u00e1fico este jueves, en torno al mediod\u00eda, uno de los carriles del corredor del Narcea (AS-15) a la altura del embalse de Calabazos, en el concejo de Tineo. La v\u00eda permanece cortada desde el d\u00eda 6 por un argayo que provoc\u00f3 un","og:url":"https:\/\/eldigitaldeasturias.com\/radio\/el-principado-abre-al-trafico-el-corredor-del-narcea\/","og:image":"https:\/\/eldigitaldeasturias.com\/radio\/wp-content\/uploads\/2020\/12\/Narcea-Asturias.jpg","og:image:secure_url":"https:\/\/eldigitaldeasturias.com\/radio\/wp-content\/uploads\/2020\/12\/Narcea-Asturias.jpg","og:image:width":498,"og:image:height":618,"article:published_time":"2020-12-24T20:45:20+00:00","article:modified_time":"2020-12-24T20:45:20+00:00","twitter:card":"summary_large_image","twitter:site":"@bercodi","twitter:title":"El Principado abre al tr\u00e1fico el corredor del Narcea | El Digital de Asturias","twitter:description":"(EP) - La Consejer\u00eda asturiana de Medio Rural y Cohesi\u00f3n Territorial abrir\u00e1 al tr\u00e1fico este jueves, en torno al mediod\u00eda, uno de los carriles del corredor del Narcea (AS-15) a la altura del embalse de Calabazos, en el concejo de Tineo. La v\u00eda permanece cortada desde el d\u00eda 6 por un argayo que provoc\u00f3 un","twitter:creator":"@bercodi","twitter:image":"https:\/\/eldigitaldeasturias.com\/radio\/wp-content\/uploads\/2020\/12\/Narcea-Asturias.jpg"},"aioseo_meta_data":{"post_id":"5345","title":null,"description":null,"keywords":null,"keyphrases":null,"primary_term":null,"canonical_url":null,"og_title":null,"og_description":null,"og_object_type":"default","og_image_type":"default","og_image_url":null,"og_image_width":null,"og_image_height":null,"og_image_custom_url":null,"og_image_custom_fields":null,"og_video":null,"og_custom_url":null,"og_article_section":null,"og_article_tags":null,"twitter_use_og":false,"twitter_card":"default","twitter_image_type":"default","twitter_image_url":null,"twitter_image_custom_url":null,"twitter_image_custom_fields":null,"twitter_title":null,"twitter_description":null,"schema":{"blockGraphs":[],"customGraphs":[],"default":{"data":{"Article":[],"Course":[],"Dataset":[],"FAQPage":[],"Movie":[],"Person":[],"Product":[],"ProductReview":[],"Car":[],"Recipe":[],"Service":[],"SoftwareApplication":[],"WebPage":[]},"graphName":"","isEnabled":true},"graphs":[],"defaultGraph":"","defaultPostTypeGraph":""},"schema_type":null,"schema_type_options":null,"pillar_content":false,"robots_default":true,"robots_noindex":false,"robots_noarchive":false,"robots_nosnippet":false,"robots_nofollow":false,"robots_noimageindex":false,"robots_noodp":false,"robots_notranslate":false,"robots_max_snippet":null,"robots_max_videopreview":null,"robots_max_imagepreview":"large","priority":null,"frequency":null,"location":null,"local_seo":null,"seo_analyzer_scan_date":"2025-08-28 17:43:11","breadcrumb_settings":null,"limit_modified_date":false,"open_ai":null,"ai":null,"created":"2021-03-27 12:43:53","updated":"2025-08-28 17:43:11"},"aioseo_breadcrumb":"<div class=\"aioseo-breadcrumbs\"><span class=\"aioseo-breadcrumb\">\n\t<a href=\"https:\/\/eldigitaldeasturias.com\/radio\" title=\"Inicio\">Inicio<\/a>\n<\/span><span class=\"aioseo-breadcrumb-separator\">&ndash;<\/span><span class=\"aioseo-breadcrumb\">\n\t<a href=\"https:\/\/eldigitaldeasturias.com\/radio\/category\/noticias\/\" title=\"Noticias\">Noticias<\/a>\n<\/span><span class=\"aioseo-breadcrumb-separator\">&ndash;<\/span><span class=\"aioseo-breadcrumb\">\n\tEl Principado abre al tr\u00e1fico el corredor del Narcea\n<\/span><\/div>","aioseo_breadcrumb_json":[{"label":"Inicio","link":"https:\/\/eldigitaldeasturias.com\/radio"},{"label":"Noticias","link":"https:\/\/eldigitaldeasturias.com\/radio\/category\/noticias\/"},{"label":"El Principado abre al tr\u00e1fico el corredor del Narcea","link":"https:\/\/eldigitaldeasturias.com\/radio\/el-principado-abre-al-trafico-el-corredor-del-narcea\/"}],"_links":{"self":[{"href":"https:\/\/eldigitaldeasturias.com\/radio\/wp-json\/wp\/v2\/posts\/5345","targetHints":{"allow":["GET"]}}],"collection":[{"href":"https:\/\/eldigitaldeasturias.com\/radio\/wp-json\/wp\/v2\/posts"}],"about":[{"href":"https:\/\/eldigitaldeasturias.com\/radio\/wp-json\/wp\/v2\/types\/post"}],"author":[{"embeddable":true,"href":"https:\/\/eldigitaldeasturias.com\/radio\/wp-json\/wp\/v2\/users\/1"}],"replies":[{"embeddable":true,"href":"https:\/\/eldigitaldeasturias.com\/radio\/wp-json\/wp\/v2\/comments?post=5345"}],"version-history":[{"count":0,"href":"https:\/\/eldigitaldeasturias.com\/radio\/wp-json\/wp\/v2\/posts\/5345\/revisions"}],"wp:featuredmedia":[{"embeddable":true,"href":"https:\/\/eldigitaldeasturias.com\/radio\/wp-json\/wp\/v2\/media\/5346"}],"wp:attachment":[{"href":"https:\/\/eldigitaldeasturias.com\/radio\/wp-json\/wp\/v2\/media?parent=5345"}],"wp:term":[{"taxonomy":"category","embeddable":true,"href":"https:\/\/eldigitaldeasturias.com\/radio\/wp-json\/wp\/v2\/categories?post=5345"},{"taxonomy":"post_tag","embeddable":true,"href":"https:\/\/eldigitaldeasturias.com\/radio\/wp-json\/wp\/v2\/tags?post=5345"}],"curies":[{"name":"wp","href":"https:\/\/api.w.org\/{rel}","templated":true}]}}