{"id":5343,"date":"2020-12-24T16:41:11","date_gmt":"2020-12-24T16:41:11","guid":{"rendered":"http:\/\/eldigitaldeasturias.com\/radio\/?p=5343"},"modified":"2020-12-24T16:41:11","modified_gmt":"2020-12-24T16:41:11","slug":"la-alcaldesa-de-gijon-propone-ayudar-a-feriantes-o-agencias-de-viaje","status":"publish","type":"post","link":"https:\/\/eldigitaldeasturias.com\/radio\/la-alcaldesa-de-gijon-propone-ayudar-a-feriantes-o-agencias-de-viaje\/","title":{"rendered":"La alcaldesa de Gij\u00f3n propone ayudar a feriantes o agencias de viaje"},"content":{"rendered":"<p><img fetchpriority=\"high\" decoding=\"async\" class=\"alignleft size-medium wp-image-4993\" src=\"https:\/\/eldigitaldeasturias.com\/radio\/wp-content\/uploads\/2020\/08\/coronavirus-4914026_640-360x203.jpg\" alt=\"\" width=\"360\" height=\"203\" srcset=\"https:\/\/eldigitaldeasturias.com\/radio\/wp-content\/uploads\/2020\/08\/coronavirus-4914026_640-360x203.jpg 360w, https:\/\/eldigitaldeasturias.com\/radio\/wp-content\/uploads\/2020\/08\/coronavirus-4914026_640-600x337.jpg 600w, https:\/\/eldigitaldeasturias.com\/radio\/wp-content\/uploads\/2020\/08\/coronavirus-4914026_640.jpg 640w\" sizes=\"(max-width: 360px) 100vw, 360px\" \/>(EP) -La alcaldesa de Gij\u00f3n, Ana Gonz\u00e1lez (PSOE), ha abogado este lunes por que, ahora que se est\u00e1n haciendo planes espec\u00edficos desde el Estado y Gobierno del Principado, el Ayuntamiento perfilara algo dirigido a peque\u00f1os \u00absubsectores olvidados\u00bb.<\/p>\n<p>As\u00ed lo ha indicado, en declaraciones a los medios de comunicaci\u00f3n tras la toma de posesi\u00f3n de la nueva secretaria municipal, a los que ha dado de ejemplo los feriantes o agencias de viajes.<\/p>\n<p>\u00abYo estoy preocupada\u00bb, ha reconocido la regidora gijonesa sobre la situaci\u00f3n de estos subsectores que, seg\u00fan ella, se han quedado fuera de las ayudas dadas para cubrir p\u00e9rdidas por el impacto de las medidas de la COVID-19.<\/p>\n<p>La alcaldesa ha animado, en este sentido, a ser conscientes de que lo est\u00e1n pasando \u00aba\u00fan peor\u00bb, con relaci\u00f3n a que siempre se tiende a pensar en comercio y hosteler\u00eda como los m\u00e1s afectados, cuando otros tambi\u00e9n lo est\u00e1n.<\/p>\n<p>Algo que ha relacionado con el debate que se est\u00e1 teniendo en el marco de la concertaci\u00f3n social acerca de la propuesta del Gobierno local de poner en marcha unos bonos de ayuda al consumo, donde la Administraci\u00f3n local abonar\u00eda una parte de las compras.<\/p>\n<p>Estos bonos tendr\u00e1n distintas cuant\u00edas, ya que, seg\u00fan palabras de la alcaldesa, no es lo mismo irse a tomar un caf\u00e9 que a cenar o ir a un espect\u00e1culo. Distinta cuant\u00eda, adem\u00e1s, porque se van a dirigir a distintas realidades, seg\u00fan ella.<\/p>\n<p>A este respecto, ha aludido a la diferente visi\u00f3n que hay entre quien conforma el acuerdo de concertaci\u00f3n social, si bien cree que poco a poco se van limando asperezas y la medida va ganando adeptos, aunque haya quien cree que el pacto local no sea el marco adecuado.<\/p>\n<p>Gonz\u00e1lez ha incidido en que ayudas a los sectores m\u00e1s afectados por la pandemia ya las hay, pero estas exigen unos requisitos que igual no todo el mundo puede cumplir.<\/p>\n<p>A su modo de ver, son requisitos \u00abmuy estrictos\u00bb. Sin embargo, el sistema de bonos puede llegar a todo el mundo y a sectores que lo ten\u00edan m\u00e1s complicado para acceder a una ayuda.<\/p>\n<p>Es por ello que ha considerado que la idea de los bonos es positiva y \u00abmuy redistributiva\u00bb, ya que llega a mucha gente. Una medida que ya se ha puesto en marcha en otros lugares, gobernados por distintos signos pol\u00edticos.<\/p>\n<p>La alcaldesa ha indicado que con la Renta Social Municipal hab\u00eda 300 comercios adheridos y con las recientes ayudas directas aprobadas m\u00e1s de un centenar. Sin embargo, con los bonos el efecto econ\u00f3mico es \u00abmultiplicador\u00bb porque a lo que pone el Ayuntamiento se suma lo que pone el consumidor.<\/p>\n","protected":false},"excerpt":{"rendered":"<p>(EP) -La alcaldesa de Gij\u00f3n, Ana Gonz\u00e1lez (PSOE), ha abogado este lunes por que, ahora que se est\u00e1n haciendo planes espec\u00edficos desde el Estado y Gobierno del Principado, el Ayuntamiento perfilara algo dirigido a peque\u00f1os \u00absubsectores olvidados\u00bb. As\u00ed lo ha indicado, en declaraciones a los medios de comunicaci\u00f3n tras la toma de posesi\u00f3n de la<\/p>\n","protected":false},"author":1,"featured_media":4993,"comment_status":"closed","ping_status":"closed","sticky":false,"template":"","format":"standard","meta":{"footnotes":""},"categories":[1],"tags":[],"class_list":{"0":"post-5343","1":"post","2":"type-post","3":"status-publish","4":"format-standard","5":"has-post-thumbnail","7":"category-noticias"},"aioseo_notices":[],"aioseo_head":"\n\t\t<!-- All in One SEO Pro 4.9.6.2 - aioseo.com -->\n\t<meta name=\"description\" content=\"(EP) -La alcaldesa de Gij\u00f3n, Ana Gonz\u00e1lez (PSOE), ha abogado este lunes por que, ahora que se est\u00e1n haciendo planes espec\u00edficos desde el Estado y Gobierno del Principado, el Ayuntamiento perfilara algo dirigido a peque\u00f1os &quot;subsectores olvidados&quot;. As\u00ed lo ha indicado, en declaraciones a los medios de comunicaci\u00f3n tras la toma de posesi\u00f3n de la\" \/>\n\t<meta name=\"robots\" content=\"max-image-preview:large\" \/>\n\t<meta name=\"author\" content=\"NBAsturias\"\/>\n\t<meta name=\"google-site-verification\" content=\"UA-38556648-1\" \/>\n\t<meta name=\"keywords\" content=\"noticias\" \/>\n\t<link rel=\"canonical\" href=\"https:\/\/eldigitaldeasturias.com\/radio\/la-alcaldesa-de-gijon-propone-ayudar-a-feriantes-o-agencias-de-viaje\/\" \/>\n\t<meta name=\"generator\" content=\"All in One SEO Pro (AIOSEO) 4.9.6.2\" \/>\n\t\t<meta property=\"og:locale\" content=\"es_ES\" \/>\n\t\t<meta property=\"og:site_name\" content=\"El Digital de Asturias | Diario de informaci\u00f3n y noticias\" \/>\n\t\t<meta property=\"og:type\" content=\"article\" \/>\n\t\t<meta property=\"og:title\" content=\"La alcaldesa de Gij\u00f3n propone ayudar a feriantes o agencias de viaje | El Digital de Asturias\" \/>\n\t\t<meta property=\"og:description\" content=\"(EP) -La alcaldesa de Gij\u00f3n, Ana Gonz\u00e1lez (PSOE), ha abogado este lunes por que, ahora que se est\u00e1n haciendo planes espec\u00edficos desde el Estado y Gobierno del Principado, el Ayuntamiento perfilara algo dirigido a peque\u00f1os &quot;subsectores olvidados&quot;. As\u00ed lo ha indicado, en declaraciones a los medios de comunicaci\u00f3n tras la toma de posesi\u00f3n de la\" \/>\n\t\t<meta property=\"og:url\" content=\"https:\/\/eldigitaldeasturias.com\/radio\/la-alcaldesa-de-gijon-propone-ayudar-a-feriantes-o-agencias-de-viaje\/\" \/>\n\t\t<meta property=\"og:image\" content=\"https:\/\/eldigitaldeasturias.com\/radio\/wp-content\/uploads\/2020\/08\/coronavirus-4914026_640.jpg\" \/>\n\t\t<meta property=\"og:image:secure_url\" content=\"https:\/\/eldigitaldeasturias.com\/radio\/wp-content\/uploads\/2020\/08\/coronavirus-4914026_640.jpg\" \/>\n\t\t<meta property=\"og:image:width\" content=\"640\" \/>\n\t\t<meta property=\"og:image:height\" content=\"360\" \/>\n\t\t<meta property=\"article:published_time\" content=\"2020-12-24T16:41:11+00:00\" \/>\n\t\t<meta property=\"article:modified_time\" content=\"2020-12-24T16:41:11+00:00\" \/>\n\t\t<meta name=\"twitter:card\" content=\"summary_large_image\" \/>\n\t\t<meta name=\"twitter:site\" content=\"@bercodi\" \/>\n\t\t<meta name=\"twitter:title\" content=\"La alcaldesa de Gij\u00f3n propone ayudar a feriantes o agencias de viaje | El Digital de Asturias\" \/>\n\t\t<meta name=\"twitter:description\" content=\"(EP) -La alcaldesa de Gij\u00f3n, Ana Gonz\u00e1lez (PSOE), ha abogado este lunes por que, ahora que se est\u00e1n haciendo planes espec\u00edficos desde el Estado y Gobierno del Principado, el Ayuntamiento perfilara algo dirigido a peque\u00f1os &quot;subsectores olvidados&quot;. As\u00ed lo ha indicado, en declaraciones a los medios de comunicaci\u00f3n tras la toma de posesi\u00f3n de la\" \/>\n\t\t<meta name=\"twitter:creator\" content=\"@bercodi\" \/>\n\t\t<meta name=\"twitter:image\" content=\"https:\/\/eldigitaldeasturias.com\/radio\/wp-content\/uploads\/2020\/08\/coronavirus-4914026_640.jpg\" \/>\n\t\t<script type=\"application\/ld+json\" class=\"aioseo-schema\">\n\t\t\t{\"@context\":\"https:\\\/\\\/schema.org\",\"@graph\":[{\"@type\":\"BreadcrumbList\",\"@id\":\"https:\\\/\\\/eldigitaldeasturias.com\\\/radio\\\/la-alcaldesa-de-gijon-propone-ayudar-a-feriantes-o-agencias-de-viaje\\\/#breadcrumblist\",\"itemListElement\":[{\"@type\":\"ListItem\",\"@id\":\"https:\\\/\\\/eldigitaldeasturias.com\\\/radio#listItem\",\"position\":1,\"name\":\"Inicio\",\"item\":\"https:\\\/\\\/eldigitaldeasturias.com\\\/radio\",\"nextItem\":{\"@type\":\"ListItem\",\"@id\":\"https:\\\/\\\/eldigitaldeasturias.com\\\/radio\\\/category\\\/noticias\\\/#listItem\",\"name\":\"Noticias\"}},{\"@type\":\"ListItem\",\"@id\":\"https:\\\/\\\/eldigitaldeasturias.com\\\/radio\\\/category\\\/noticias\\\/#listItem\",\"position\":2,\"name\":\"Noticias\",\"item\":\"https:\\\/\\\/eldigitaldeasturias.com\\\/radio\\\/category\\\/noticias\\\/\",\"nextItem\":{\"@type\":\"ListItem\",\"@id\":\"https:\\\/\\\/eldigitaldeasturias.com\\\/radio\\\/la-alcaldesa-de-gijon-propone-ayudar-a-feriantes-o-agencias-de-viaje\\\/#listItem\",\"name\":\"La alcaldesa de Gij\\u00f3n propone ayudar a feriantes o agencias de viaje\"},\"previousItem\":{\"@type\":\"ListItem\",\"@id\":\"https:\\\/\\\/eldigitaldeasturias.com\\\/radio#listItem\",\"name\":\"Inicio\"}},{\"@type\":\"ListItem\",\"@id\":\"https:\\\/\\\/eldigitaldeasturias.com\\\/radio\\\/la-alcaldesa-de-gijon-propone-ayudar-a-feriantes-o-agencias-de-viaje\\\/#listItem\",\"position\":3,\"name\":\"La alcaldesa de Gij\\u00f3n propone ayudar a feriantes o agencias de viaje\",\"previousItem\":{\"@type\":\"ListItem\",\"@id\":\"https:\\\/\\\/eldigitaldeasturias.com\\\/radio\\\/category\\\/noticias\\\/#listItem\",\"name\":\"Noticias\"}}]},{\"@type\":\"NewsArticle\",\"@id\":\"https:\\\/\\\/eldigitaldeasturias.com\\\/radio\\\/la-alcaldesa-de-gijon-propone-ayudar-a-feriantes-o-agencias-de-viaje\\\/#newsarticle\",\"name\":\"La alcaldesa de Gij\\u00f3n propone ayudar a feriantes o agencias de viaje | El Digital de Asturias\",\"headline\":\"La alcaldesa de Gij\\u00f3n propone ayudar a feriantes o agencias de viaje\",\"author\":{\"@id\":\"https:\\\/\\\/eldigitaldeasturias.com\\\/radio\\\/author\\\/nbasturias\\\/#author\"},\"publisher\":{\"@id\":\"https:\\\/\\\/eldigitaldeasturias.com\\\/radio\\\/#organization\"},\"image\":{\"@type\":\"ImageObject\",\"url\":\"https:\\\/\\\/eldigitaldeasturias.com\\\/radio\\\/wp-content\\\/uploads\\\/2020\\\/08\\\/coronavirus-4914026_640.jpg\",\"width\":640,\"height\":360},\"datePublished\":\"2020-12-24T16:41:11+01:00\",\"dateModified\":\"2020-12-24T16:41:11+01:00\",\"inLanguage\":\"es-ES\",\"mainEntityOfPage\":{\"@id\":\"https:\\\/\\\/eldigitaldeasturias.com\\\/radio\\\/la-alcaldesa-de-gijon-propone-ayudar-a-feriantes-o-agencias-de-viaje\\\/#webpage\"},\"isPartOf\":{\"@id\":\"https:\\\/\\\/eldigitaldeasturias.com\\\/radio\\\/la-alcaldesa-de-gijon-propone-ayudar-a-feriantes-o-agencias-de-viaje\\\/#webpage\"},\"articleSection\":\"Noticias\",\"dateline\":\"Publicado el diciembre 24, 2020.\"},{\"@type\":\"Organization\",\"@id\":\"https:\\\/\\\/eldigitaldeasturias.com\\\/radio\\\/#organization\",\"name\":\"El digital de Asturias Radio\",\"description\":\"Diario de informaci\\u00f3n y noticias\",\"url\":\"https:\\\/\\\/eldigitaldeasturias.com\\\/radio\\\/\",\"telephone\":\"+34652131393\",\"logo\":{\"@type\":\"ImageObject\",\"url\":\"https:\\\/\\\/www.eldigitaldeasturias.com\\\/radio\\\/wp-content\\\/uploads\\\/2021\\\/03\\\/EDA.jpg\",\"@id\":\"https:\\\/\\\/eldigitaldeasturias.com\\\/radio\\\/la-alcaldesa-de-gijon-propone-ayudar-a-feriantes-o-agencias-de-viaje\\\/#organizationLogo\"},\"image\":{\"@id\":\"https:\\\/\\\/eldigitaldeasturias.com\\\/radio\\\/la-alcaldesa-de-gijon-propone-ayudar-a-feriantes-o-agencias-de-viaje\\\/#organizationLogo\"},\"sameAs\":[\"https:\\\/\\\/www.facebook.com\\\/\",\"https:\\\/\\\/x.com\\\/bercodi\",\"https:\\\/\\\/www.instagram.com\\\/\",\"https:\\\/\\\/www.youtube.com\\\/channel\\\/UCZP-2wLEB9Rv6erhFmqVnvg\"]},{\"@type\":\"Person\",\"@id\":\"https:\\\/\\\/eldigitaldeasturias.com\\\/radio\\\/author\\\/nbasturias\\\/#author\",\"url\":\"https:\\\/\\\/eldigitaldeasturias.com\\\/radio\\\/author\\\/nbasturias\\\/\",\"name\":\"NBAsturias\",\"image\":{\"@type\":\"ImageObject\",\"@id\":\"https:\\\/\\\/eldigitaldeasturias.com\\\/radio\\\/la-alcaldesa-de-gijon-propone-ayudar-a-feriantes-o-agencias-de-viaje\\\/#authorImage\",\"url\":\"https:\\\/\\\/secure.gravatar.com\\\/avatar\\\/df2aeffc32bcd13f8d26072ef8a91b623d677766deac7f97ca815868cd41bf5e?s=96&d=mm&r=g\",\"width\":96,\"height\":96,\"caption\":\"NBAsturias\"}},{\"@type\":\"WebPage\",\"@id\":\"https:\\\/\\\/eldigitaldeasturias.com\\\/radio\\\/la-alcaldesa-de-gijon-propone-ayudar-a-feriantes-o-agencias-de-viaje\\\/#webpage\",\"url\":\"https:\\\/\\\/eldigitaldeasturias.com\\\/radio\\\/la-alcaldesa-de-gijon-propone-ayudar-a-feriantes-o-agencias-de-viaje\\\/\",\"name\":\"La alcaldesa de Gij\\u00f3n propone ayudar a feriantes o agencias de viaje | El Digital de Asturias\",\"description\":\"(EP) -La alcaldesa de Gij\\u00f3n, Ana Gonz\\u00e1lez (PSOE), ha abogado este lunes por que, ahora que se est\\u00e1n haciendo planes espec\\u00edficos desde el Estado y Gobierno del Principado, el Ayuntamiento perfilara algo dirigido a peque\\u00f1os \\\"subsectores olvidados\\\". As\\u00ed lo ha indicado, en declaraciones a los medios de comunicaci\\u00f3n tras la toma de posesi\\u00f3n de la\",\"inLanguage\":\"es-ES\",\"isPartOf\":{\"@id\":\"https:\\\/\\\/eldigitaldeasturias.com\\\/radio\\\/#website\"},\"breadcrumb\":{\"@id\":\"https:\\\/\\\/eldigitaldeasturias.com\\\/radio\\\/la-alcaldesa-de-gijon-propone-ayudar-a-feriantes-o-agencias-de-viaje\\\/#breadcrumblist\"},\"author\":{\"@id\":\"https:\\\/\\\/eldigitaldeasturias.com\\\/radio\\\/author\\\/nbasturias\\\/#author\"},\"creator\":{\"@id\":\"https:\\\/\\\/eldigitaldeasturias.com\\\/radio\\\/author\\\/nbasturias\\\/#author\"},\"image\":{\"@type\":\"ImageObject\",\"url\":\"https:\\\/\\\/eldigitaldeasturias.com\\\/radio\\\/wp-content\\\/uploads\\\/2020\\\/08\\\/coronavirus-4914026_640.jpg\",\"@id\":\"https:\\\/\\\/eldigitaldeasturias.com\\\/radio\\\/la-alcaldesa-de-gijon-propone-ayudar-a-feriantes-o-agencias-de-viaje\\\/#mainImage\",\"width\":640,\"height\":360},\"primaryImageOfPage\":{\"@id\":\"https:\\\/\\\/eldigitaldeasturias.com\\\/radio\\\/la-alcaldesa-de-gijon-propone-ayudar-a-feriantes-o-agencias-de-viaje\\\/#mainImage\"},\"datePublished\":\"2020-12-24T16:41:11+01:00\",\"dateModified\":\"2020-12-24T16:41:11+01:00\"},{\"@type\":\"WebSite\",\"@id\":\"https:\\\/\\\/eldigitaldeasturias.com\\\/radio\\\/#website\",\"url\":\"https:\\\/\\\/eldigitaldeasturias.com\\\/radio\\\/\",\"name\":\"El Digital de Asturias\",\"description\":\"Diario de informaci\\u00f3n y noticias\",\"inLanguage\":\"es-ES\",\"publisher\":{\"@id\":\"https:\\\/\\\/eldigitaldeasturias.com\\\/radio\\\/#organization\"}}]}\n\t\t<\/script>\n\t\t<!-- All in One SEO Pro -->\r\n\t\t<title>La alcaldesa de Gij\u00f3n propone ayudar a feriantes o agencias de viaje | El Digital de Asturias<\/title>\n\n","aioseo_head_json":{"title":"La alcaldesa de Gij\u00f3n propone ayudar a feriantes o agencias de viaje | El Digital de Asturias","description":"(EP) -La alcaldesa de Gij\u00f3n, Ana Gonz\u00e1lez (PSOE), ha abogado este lunes por que, ahora que se est\u00e1n haciendo planes espec\u00edficos desde el Estado y Gobierno del Principado, el Ayuntamiento perfilara algo dirigido a peque\u00f1os \"subsectores olvidados\". As\u00ed lo ha indicado, en declaraciones a los medios de comunicaci\u00f3n tras la toma de posesi\u00f3n de la","canonical_url":"https:\/\/eldigitaldeasturias.com\/radio\/la-alcaldesa-de-gijon-propone-ayudar-a-feriantes-o-agencias-de-viaje\/","robots":"max-image-preview:large","keywords":"noticias","webmasterTools":{"google-site-verification":"UA-38556648-1","miscellaneous":""},"schema":{"@context":"https:\/\/schema.org","@graph":[{"@type":"BreadcrumbList","@id":"https:\/\/eldigitaldeasturias.com\/radio\/la-alcaldesa-de-gijon-propone-ayudar-a-feriantes-o-agencias-de-viaje\/#breadcrumblist","itemListElement":[{"@type":"ListItem","@id":"https:\/\/eldigitaldeasturias.com\/radio#listItem","position":1,"name":"Inicio","item":"https:\/\/eldigitaldeasturias.com\/radio","nextItem":{"@type":"ListItem","@id":"https:\/\/eldigitaldeasturias.com\/radio\/category\/noticias\/#listItem","name":"Noticias"}},{"@type":"ListItem","@id":"https:\/\/eldigitaldeasturias.com\/radio\/category\/noticias\/#listItem","position":2,"name":"Noticias","item":"https:\/\/eldigitaldeasturias.com\/radio\/category\/noticias\/","nextItem":{"@type":"ListItem","@id":"https:\/\/eldigitaldeasturias.com\/radio\/la-alcaldesa-de-gijon-propone-ayudar-a-feriantes-o-agencias-de-viaje\/#listItem","name":"La alcaldesa de Gij\u00f3n propone ayudar a feriantes o agencias de viaje"},"previousItem":{"@type":"ListItem","@id":"https:\/\/eldigitaldeasturias.com\/radio#listItem","name":"Inicio"}},{"@type":"ListItem","@id":"https:\/\/eldigitaldeasturias.com\/radio\/la-alcaldesa-de-gijon-propone-ayudar-a-feriantes-o-agencias-de-viaje\/#listItem","position":3,"name":"La alcaldesa de Gij\u00f3n propone ayudar a feriantes o agencias de viaje","previousItem":{"@type":"ListItem","@id":"https:\/\/eldigitaldeasturias.com\/radio\/category\/noticias\/#listItem","name":"Noticias"}}]},{"@type":"NewsArticle","@id":"https:\/\/eldigitaldeasturias.com\/radio\/la-alcaldesa-de-gijon-propone-ayudar-a-feriantes-o-agencias-de-viaje\/#newsarticle","name":"La alcaldesa de Gij\u00f3n propone ayudar a feriantes o agencias de viaje | El Digital de Asturias","headline":"La alcaldesa de Gij\u00f3n propone ayudar a feriantes o agencias de viaje","author":{"@id":"https:\/\/eldigitaldeasturias.com\/radio\/author\/nbasturias\/#author"},"publisher":{"@id":"https:\/\/eldigitaldeasturias.com\/radio\/#organization"},"image":{"@type":"ImageObject","url":"https:\/\/eldigitaldeasturias.com\/radio\/wp-content\/uploads\/2020\/08\/coronavirus-4914026_640.jpg","width":640,"height":360},"datePublished":"2020-12-24T16:41:11+01:00","dateModified":"2020-12-24T16:41:11+01:00","inLanguage":"es-ES","mainEntityOfPage":{"@id":"https:\/\/eldigitaldeasturias.com\/radio\/la-alcaldesa-de-gijon-propone-ayudar-a-feriantes-o-agencias-de-viaje\/#webpage"},"isPartOf":{"@id":"https:\/\/eldigitaldeasturias.com\/radio\/la-alcaldesa-de-gijon-propone-ayudar-a-feriantes-o-agencias-de-viaje\/#webpage"},"articleSection":"Noticias","dateline":"Publicado el diciembre 24, 2020."},{"@type":"Organization","@id":"https:\/\/eldigitaldeasturias.com\/radio\/#organization","name":"El digital de Asturias Radio","description":"Diario de informaci\u00f3n y noticias","url":"https:\/\/eldigitaldeasturias.com\/radio\/","telephone":"+34652131393","logo":{"@type":"ImageObject","url":"https:\/\/www.eldigitaldeasturias.com\/radio\/wp-content\/uploads\/2021\/03\/EDA.jpg","@id":"https:\/\/eldigitaldeasturias.com\/radio\/la-alcaldesa-de-gijon-propone-ayudar-a-feriantes-o-agencias-de-viaje\/#organizationLogo"},"image":{"@id":"https:\/\/eldigitaldeasturias.com\/radio\/la-alcaldesa-de-gijon-propone-ayudar-a-feriantes-o-agencias-de-viaje\/#organizationLogo"},"sameAs":["https:\/\/www.facebook.com\/","https:\/\/x.com\/bercodi","https:\/\/www.instagram.com\/","https:\/\/www.youtube.com\/channel\/UCZP-2wLEB9Rv6erhFmqVnvg"]},{"@type":"Person","@id":"https:\/\/eldigitaldeasturias.com\/radio\/author\/nbasturias\/#author","url":"https:\/\/eldigitaldeasturias.com\/radio\/author\/nbasturias\/","name":"NBAsturias","image":{"@type":"ImageObject","@id":"https:\/\/eldigitaldeasturias.com\/radio\/la-alcaldesa-de-gijon-propone-ayudar-a-feriantes-o-agencias-de-viaje\/#authorImage","url":"https:\/\/secure.gravatar.com\/avatar\/df2aeffc32bcd13f8d26072ef8a91b623d677766deac7f97ca815868cd41bf5e?s=96&d=mm&r=g","width":96,"height":96,"caption":"NBAsturias"}},{"@type":"WebPage","@id":"https:\/\/eldigitaldeasturias.com\/radio\/la-alcaldesa-de-gijon-propone-ayudar-a-feriantes-o-agencias-de-viaje\/#webpage","url":"https:\/\/eldigitaldeasturias.com\/radio\/la-alcaldesa-de-gijon-propone-ayudar-a-feriantes-o-agencias-de-viaje\/","name":"La alcaldesa de Gij\u00f3n propone ayudar a feriantes o agencias de viaje | El Digital de Asturias","description":"(EP) -La alcaldesa de Gij\u00f3n, Ana Gonz\u00e1lez (PSOE), ha abogado este lunes por que, ahora que se est\u00e1n haciendo planes espec\u00edficos desde el Estado y Gobierno del Principado, el Ayuntamiento perfilara algo dirigido a peque\u00f1os \"subsectores olvidados\". As\u00ed lo ha indicado, en declaraciones a los medios de comunicaci\u00f3n tras la toma de posesi\u00f3n de la","inLanguage":"es-ES","isPartOf":{"@id":"https:\/\/eldigitaldeasturias.com\/radio\/#website"},"breadcrumb":{"@id":"https:\/\/eldigitaldeasturias.com\/radio\/la-alcaldesa-de-gijon-propone-ayudar-a-feriantes-o-agencias-de-viaje\/#breadcrumblist"},"author":{"@id":"https:\/\/eldigitaldeasturias.com\/radio\/author\/nbasturias\/#author"},"creator":{"@id":"https:\/\/eldigitaldeasturias.com\/radio\/author\/nbasturias\/#author"},"image":{"@type":"ImageObject","url":"https:\/\/eldigitaldeasturias.com\/radio\/wp-content\/uploads\/2020\/08\/coronavirus-4914026_640.jpg","@id":"https:\/\/eldigitaldeasturias.com\/radio\/la-alcaldesa-de-gijon-propone-ayudar-a-feriantes-o-agencias-de-viaje\/#mainImage","width":640,"height":360},"primaryImageOfPage":{"@id":"https:\/\/eldigitaldeasturias.com\/radio\/la-alcaldesa-de-gijon-propone-ayudar-a-feriantes-o-agencias-de-viaje\/#mainImage"},"datePublished":"2020-12-24T16:41:11+01:00","dateModified":"2020-12-24T16:41:11+01:00"},{"@type":"WebSite","@id":"https:\/\/eldigitaldeasturias.com\/radio\/#website","url":"https:\/\/eldigitaldeasturias.com\/radio\/","name":"El Digital de Asturias","description":"Diario de informaci\u00f3n y noticias","inLanguage":"es-ES","publisher":{"@id":"https:\/\/eldigitaldeasturias.com\/radio\/#organization"}}]},"og:locale":"es_ES","og:site_name":"El Digital de Asturias | Diario de informaci\u00f3n y noticias","og:type":"article","og:title":"La alcaldesa de Gij\u00f3n propone ayudar a feriantes o agencias de viaje | El Digital de Asturias","og:description":"(EP) -La alcaldesa de Gij\u00f3n, Ana Gonz\u00e1lez (PSOE), ha abogado este lunes por que, ahora que se est\u00e1n haciendo planes espec\u00edficos desde el Estado y Gobierno del Principado, el Ayuntamiento perfilara algo dirigido a peque\u00f1os &quot;subsectores olvidados&quot;. As\u00ed lo ha indicado, en declaraciones a los medios de comunicaci\u00f3n tras la toma de posesi\u00f3n de la","og:url":"https:\/\/eldigitaldeasturias.com\/radio\/la-alcaldesa-de-gijon-propone-ayudar-a-feriantes-o-agencias-de-viaje\/","og:image":"https:\/\/eldigitaldeasturias.com\/radio\/wp-content\/uploads\/2020\/08\/coronavirus-4914026_640.jpg","og:image:secure_url":"https:\/\/eldigitaldeasturias.com\/radio\/wp-content\/uploads\/2020\/08\/coronavirus-4914026_640.jpg","og:image:width":640,"og:image:height":360,"article:published_time":"2020-12-24T16:41:11+00:00","article:modified_time":"2020-12-24T16:41:11+00:00","twitter:card":"summary_large_image","twitter:site":"@bercodi","twitter:title":"La alcaldesa de Gij\u00f3n propone ayudar a feriantes o agencias de viaje | El Digital de Asturias","twitter:description":"(EP) -La alcaldesa de Gij\u00f3n, Ana Gonz\u00e1lez (PSOE), ha abogado este lunes por que, ahora que se est\u00e1n haciendo planes espec\u00edficos desde el Estado y Gobierno del Principado, el Ayuntamiento perfilara algo dirigido a peque\u00f1os &quot;subsectores olvidados&quot;. As\u00ed lo ha indicado, en declaraciones a los medios de comunicaci\u00f3n tras la toma de posesi\u00f3n de la","twitter:creator":"@bercodi","twitter:image":"https:\/\/eldigitaldeasturias.com\/radio\/wp-content\/uploads\/2020\/08\/coronavirus-4914026_640.jpg"},"aioseo_meta_data":{"post_id":"5343","title":null,"description":null,"keywords":null,"keyphrases":null,"primary_term":null,"canonical_url":null,"og_title":null,"og_description":null,"og_object_type":"default","og_image_type":"default","og_image_url":null,"og_image_width":null,"og_image_height":null,"og_image_custom_url":null,"og_image_custom_fields":null,"og_video":null,"og_custom_url":null,"og_article_section":null,"og_article_tags":null,"twitter_use_og":false,"twitter_card":"default","twitter_image_type":"default","twitter_image_url":null,"twitter_image_custom_url":null,"twitter_image_custom_fields":null,"twitter_title":null,"twitter_description":null,"schema":{"blockGraphs":[],"customGraphs":[],"default":{"data":{"Article":[],"Course":[],"Dataset":[],"FAQPage":[],"Movie":[],"Person":[],"Product":[],"ProductReview":[],"Car":[],"Recipe":[],"Service":[],"SoftwareApplication":[],"WebPage":[]},"graphName":"","isEnabled":true},"graphs":[],"defaultGraph":"","defaultPostTypeGraph":""},"schema_type":null,"schema_type_options":null,"pillar_content":false,"robots_default":true,"robots_noindex":false,"robots_noarchive":false,"robots_nosnippet":false,"robots_nofollow":false,"robots_noimageindex":false,"robots_noodp":false,"robots_notranslate":false,"robots_max_snippet":null,"robots_max_videopreview":null,"robots_max_imagepreview":"large","priority":null,"frequency":null,"location":null,"local_seo":null,"seo_analyzer_scan_date":"2025-08-28 17:42:00","breadcrumb_settings":null,"limit_modified_date":false,"open_ai":null,"ai":null,"created":"2021-03-25 19:29:48","updated":"2025-08-28 17:42:00"},"aioseo_breadcrumb":"<div class=\"aioseo-breadcrumbs\"><span class=\"aioseo-breadcrumb\">\n\t<a href=\"https:\/\/eldigitaldeasturias.com\/radio\" title=\"Inicio\">Inicio<\/a>\n<\/span><span class=\"aioseo-breadcrumb-separator\">&ndash;<\/span><span class=\"aioseo-breadcrumb\">\n\t<a href=\"https:\/\/eldigitaldeasturias.com\/radio\/category\/noticias\/\" title=\"Noticias\">Noticias<\/a>\n<\/span><span class=\"aioseo-breadcrumb-separator\">&ndash;<\/span><span class=\"aioseo-breadcrumb\">\n\tLa alcaldesa de Gij\u00f3n propone ayudar a feriantes o agencias de viaje\n<\/span><\/div>","aioseo_breadcrumb_json":[{"label":"Inicio","link":"https:\/\/eldigitaldeasturias.com\/radio"},{"label":"Noticias","link":"https:\/\/eldigitaldeasturias.com\/radio\/category\/noticias\/"},{"label":"La alcaldesa de Gij\u00f3n propone ayudar a feriantes o agencias de viaje","link":"https:\/\/eldigitaldeasturias.com\/radio\/la-alcaldesa-de-gijon-propone-ayudar-a-feriantes-o-agencias-de-viaje\/"}],"_links":{"self":[{"href":"https:\/\/eldigitaldeasturias.com\/radio\/wp-json\/wp\/v2\/posts\/5343","targetHints":{"allow":["GET"]}}],"collection":[{"href":"https:\/\/eldigitaldeasturias.com\/radio\/wp-json\/wp\/v2\/posts"}],"about":[{"href":"https:\/\/eldigitaldeasturias.com\/radio\/wp-json\/wp\/v2\/types\/post"}],"author":[{"embeddable":true,"href":"https:\/\/eldigitaldeasturias.com\/radio\/wp-json\/wp\/v2\/users\/1"}],"replies":[{"embeddable":true,"href":"https:\/\/eldigitaldeasturias.com\/radio\/wp-json\/wp\/v2\/comments?post=5343"}],"version-history":[{"count":0,"href":"https:\/\/eldigitaldeasturias.com\/radio\/wp-json\/wp\/v2\/posts\/5343\/revisions"}],"wp:featuredmedia":[{"embeddable":true,"href":"https:\/\/eldigitaldeasturias.com\/radio\/wp-json\/wp\/v2\/media\/4993"}],"wp:attachment":[{"href":"https:\/\/eldigitaldeasturias.com\/radio\/wp-json\/wp\/v2\/media?parent=5343"}],"wp:term":[{"taxonomy":"category","embeddable":true,"href":"https:\/\/eldigitaldeasturias.com\/radio\/wp-json\/wp\/v2\/categories?post=5343"},{"taxonomy":"post_tag","embeddable":true,"href":"https:\/\/eldigitaldeasturias.com\/radio\/wp-json\/wp\/v2\/tags?post=5343"}],"curies":[{"name":"wp","href":"https:\/\/api.w.org\/{rel}","templated":true}]}}