{"id":5341,"date":"2020-12-24T14:49:16","date_gmt":"2020-12-24T14:49:16","guid":{"rendered":"http:\/\/eldigitaldeasturias.com\/radio\/?p=5341"},"modified":"2020-12-24T14:49:16","modified_gmt":"2020-12-24T14:49:16","slug":"nueva-edicion-de-los-premios-oh","status":"publish","type":"post","link":"https:\/\/eldigitaldeasturias.com\/radio\/nueva-edicion-de-los-premios-oh\/","title":{"rendered":"Nueva edici\u00f3n de los &#8216;Premios Oh!&#8217;"},"content":{"rendered":"<p><img fetchpriority=\"high\" decoding=\"async\" class=\"alignleft size-medium wp-image-1352\" src=\"https:\/\/eldigitaldeasturias.com\/radio\/wp-content\/uploads\/2018\/10\/technology-785742_960_720-360x240.jpg\" alt=\"\" width=\"360\" height=\"240\" srcset=\"https:\/\/eldigitaldeasturias.com\/radio\/wp-content\/uploads\/2018\/10\/technology-785742_960_720-360x240.jpg 360w, https:\/\/eldigitaldeasturias.com\/radio\/wp-content\/uploads\/2018\/10\/technology-785742_960_720-768x512.jpg 768w, https:\/\/eldigitaldeasturias.com\/radio\/wp-content\/uploads\/2018\/10\/technology-785742_960_720.jpg 960w\" sizes=\"(max-width: 360px) 100vw, 360px\" \/>(EP) &#8211; Escenasturias ha convocado la 12\u00aa edici\u00f3n de los &#8216;Premios Oh!&#8217; de las Artes Esc\u00e9nicas de Asturias, que reconocen anualmente el talento de los profesionales de los escenarios asturianos. Escenasturias tiene previsto realizar el acto de entrega en el Teatro Jovellanos de Gij\u00f3n el D\u00eda Mundial del Teatro, el 27 de marzo de 2021, si las condiciones de la pandemia por COVID-19 lo permiten.<\/p>\n<p>Seg\u00fan ha informado la organizaci\u00f3n en nota de prensa, los premios tienen doce categor\u00edas, once de ellas a concurso: Mejor Espect\u00e1culo, Mejor Espect\u00e1culo para la Infancia, Mejor Direcci\u00f3n, Mejor Int\u00e9rprete Masculino de Teatro o Danza, Mejor Int\u00e9rprete Femenina de Teatro o Danza, Mejor Autor\u00eda o Coreograf\u00eda, Mejor Producci\u00f3n, Mejor Composici\u00f3n Original o Espacio Sonoro, Mejor Escenograf\u00eda o Espacio Esc\u00e9nico, Mejor Indumentaria o Caracterizaci\u00f3n y Mejor Dise\u00f1o de Iluminaci\u00f3n.<\/p>\n<p>El galard\u00f3n fuera de competici\u00f3n, el Premio Oh! de Honor, ser\u00e1 otorgado por la asamblea de Escenasturias a la persona o entidad que destaque por su relevancia o trayectoria profesional.<\/p>\n<p>A estos galardones podr\u00e1n concurrir las empresas productoras o compa\u00f1\u00edas profesionales de danza y teatro de Asturias y todos los espect\u00e1culos deber\u00e1n haber sido exhibidos en Asturias y estrenados entre el 1 de septiembre de 2019 y el 31 de diciembre de 2020.<\/p>\n<p>El plazo de recepci\u00f3n de candidaturas ya ha comenzado y finaliza el pr\u00f3ximo 5 de enero de 2021.<\/p>\n","protected":false},"excerpt":{"rendered":"<p>(EP) &#8211; Escenasturias ha convocado la 12\u00aa edici\u00f3n de los &#8216;Premios Oh!&#8217; de las Artes Esc\u00e9nicas de Asturias, que reconocen anualmente el talento de los profesionales de los escenarios asturianos. Escenasturias tiene previsto realizar el acto de entrega en el Teatro Jovellanos de Gij\u00f3n el D\u00eda Mundial del Teatro, el 27 de marzo de 2021,<\/p>\n","protected":false},"author":1,"featured_media":1352,"comment_status":"closed","ping_status":"closed","sticky":false,"template":"","format":"standard","meta":{"footnotes":""},"categories":[1],"tags":[],"class_list":{"0":"post-5341","1":"post","2":"type-post","3":"status-publish","4":"format-standard","5":"has-post-thumbnail","7":"category-noticias"},"aioseo_notices":[],"aioseo_head":"\n\t\t<!-- All in One SEO Pro 4.9.6.2 - aioseo.com -->\n\t<meta name=\"description\" content=\"(EP) - Escenasturias ha convocado la 12\u00aa edici\u00f3n de los &#039;Premios Oh!&#039; de las Artes Esc\u00e9nicas de Asturias, que reconocen anualmente el talento de los profesionales de los escenarios asturianos. Escenasturias tiene previsto realizar el acto de entrega en el Teatro Jovellanos de Gij\u00f3n el D\u00eda Mundial del Teatro, el 27 de marzo de 2021,\" \/>\n\t<meta name=\"robots\" content=\"max-image-preview:large\" \/>\n\t<meta name=\"author\" content=\"NBAsturias\"\/>\n\t<meta name=\"google-site-verification\" content=\"UA-38556648-1\" \/>\n\t<meta name=\"keywords\" content=\"noticias\" \/>\n\t<link rel=\"canonical\" href=\"https:\/\/eldigitaldeasturias.com\/radio\/nueva-edicion-de-los-premios-oh\/\" \/>\n\t<meta name=\"generator\" content=\"All in One SEO Pro (AIOSEO) 4.9.6.2\" \/>\n\t\t<meta property=\"og:locale\" content=\"es_ES\" \/>\n\t\t<meta property=\"og:site_name\" content=\"El Digital de Asturias | Diario de informaci\u00f3n y noticias\" \/>\n\t\t<meta property=\"og:type\" content=\"article\" \/>\n\t\t<meta property=\"og:title\" content=\"Nueva edici\u00f3n de los \u2018Premios Oh!\u2019 | El Digital de Asturias\" \/>\n\t\t<meta property=\"og:description\" content=\"(EP) - Escenasturias ha convocado la 12\u00aa edici\u00f3n de los &#039;Premios Oh!&#039; de las Artes Esc\u00e9nicas de Asturias, que reconocen anualmente el talento de los profesionales de los escenarios asturianos. Escenasturias tiene previsto realizar el acto de entrega en el Teatro Jovellanos de Gij\u00f3n el D\u00eda Mundial del Teatro, el 27 de marzo de 2021,\" \/>\n\t\t<meta property=\"og:url\" content=\"https:\/\/eldigitaldeasturias.com\/radio\/nueva-edicion-de-los-premios-oh\/\" \/>\n\t\t<meta property=\"og:image\" content=\"https:\/\/eldigitaldeasturias.com\/radio\/wp-content\/uploads\/2018\/10\/technology-785742_960_720.jpg\" \/>\n\t\t<meta property=\"og:image:secure_url\" content=\"https:\/\/eldigitaldeasturias.com\/radio\/wp-content\/uploads\/2018\/10\/technology-785742_960_720.jpg\" \/>\n\t\t<meta property=\"og:image:width\" content=\"960\" \/>\n\t\t<meta property=\"og:image:height\" content=\"640\" \/>\n\t\t<meta property=\"article:published_time\" content=\"2020-12-24T14:49:16+00:00\" \/>\n\t\t<meta property=\"article:modified_time\" content=\"2020-12-24T14:49:16+00:00\" \/>\n\t\t<meta name=\"twitter:card\" content=\"summary_large_image\" \/>\n\t\t<meta name=\"twitter:site\" content=\"@bercodi\" \/>\n\t\t<meta name=\"twitter:title\" content=\"Nueva edici\u00f3n de los \u2018Premios Oh!\u2019 | El Digital de Asturias\" \/>\n\t\t<meta name=\"twitter:description\" content=\"(EP) - Escenasturias ha convocado la 12\u00aa edici\u00f3n de los &#039;Premios Oh!&#039; de las Artes Esc\u00e9nicas de Asturias, que reconocen anualmente el talento de los profesionales de los escenarios asturianos. Escenasturias tiene previsto realizar el acto de entrega en el Teatro Jovellanos de Gij\u00f3n el D\u00eda Mundial del Teatro, el 27 de marzo de 2021,\" \/>\n\t\t<meta name=\"twitter:creator\" content=\"@bercodi\" \/>\n\t\t<meta name=\"twitter:image\" content=\"https:\/\/eldigitaldeasturias.com\/radio\/wp-content\/uploads\/2018\/10\/technology-785742_960_720.jpg\" \/>\n\t\t<script type=\"application\/ld+json\" class=\"aioseo-schema\">\n\t\t\t{\"@context\":\"https:\\\/\\\/schema.org\",\"@graph\":[{\"@type\":\"BreadcrumbList\",\"@id\":\"https:\\\/\\\/eldigitaldeasturias.com\\\/radio\\\/nueva-edicion-de-los-premios-oh\\\/#breadcrumblist\",\"itemListElement\":[{\"@type\":\"ListItem\",\"@id\":\"https:\\\/\\\/eldigitaldeasturias.com\\\/radio#listItem\",\"position\":1,\"name\":\"Inicio\",\"item\":\"https:\\\/\\\/eldigitaldeasturias.com\\\/radio\",\"nextItem\":{\"@type\":\"ListItem\",\"@id\":\"https:\\\/\\\/eldigitaldeasturias.com\\\/radio\\\/category\\\/noticias\\\/#listItem\",\"name\":\"Noticias\"}},{\"@type\":\"ListItem\",\"@id\":\"https:\\\/\\\/eldigitaldeasturias.com\\\/radio\\\/category\\\/noticias\\\/#listItem\",\"position\":2,\"name\":\"Noticias\",\"item\":\"https:\\\/\\\/eldigitaldeasturias.com\\\/radio\\\/category\\\/noticias\\\/\",\"nextItem\":{\"@type\":\"ListItem\",\"@id\":\"https:\\\/\\\/eldigitaldeasturias.com\\\/radio\\\/nueva-edicion-de-los-premios-oh\\\/#listItem\",\"name\":\"Nueva edici\\u00f3n de los &#8216;Premios Oh!&#8217;\"},\"previousItem\":{\"@type\":\"ListItem\",\"@id\":\"https:\\\/\\\/eldigitaldeasturias.com\\\/radio#listItem\",\"name\":\"Inicio\"}},{\"@type\":\"ListItem\",\"@id\":\"https:\\\/\\\/eldigitaldeasturias.com\\\/radio\\\/nueva-edicion-de-los-premios-oh\\\/#listItem\",\"position\":3,\"name\":\"Nueva edici\\u00f3n de los &#8216;Premios Oh!&#8217;\",\"previousItem\":{\"@type\":\"ListItem\",\"@id\":\"https:\\\/\\\/eldigitaldeasturias.com\\\/radio\\\/category\\\/noticias\\\/#listItem\",\"name\":\"Noticias\"}}]},{\"@type\":\"NewsArticle\",\"@id\":\"https:\\\/\\\/eldigitaldeasturias.com\\\/radio\\\/nueva-edicion-de-los-premios-oh\\\/#newsarticle\",\"name\":\"Nueva edici\\u00f3n de los \\u2018Premios Oh!\\u2019 | El Digital de Asturias\",\"headline\":\"Nueva edici\\u00f3n de los &#8216;Premios Oh!&#8217;\",\"author\":{\"@id\":\"https:\\\/\\\/eldigitaldeasturias.com\\\/radio\\\/author\\\/nbasturias\\\/#author\"},\"publisher\":{\"@id\":\"https:\\\/\\\/eldigitaldeasturias.com\\\/radio\\\/#organization\"},\"image\":{\"@type\":\"ImageObject\",\"url\":\"https:\\\/\\\/eldigitaldeasturias.com\\\/radio\\\/wp-content\\\/uploads\\\/2018\\\/10\\\/technology-785742_960_720.jpg\",\"width\":960,\"height\":640},\"datePublished\":\"2020-12-24T14:49:16+01:00\",\"dateModified\":\"2020-12-24T14:49:16+01:00\",\"inLanguage\":\"es-ES\",\"mainEntityOfPage\":{\"@id\":\"https:\\\/\\\/eldigitaldeasturias.com\\\/radio\\\/nueva-edicion-de-los-premios-oh\\\/#webpage\"},\"isPartOf\":{\"@id\":\"https:\\\/\\\/eldigitaldeasturias.com\\\/radio\\\/nueva-edicion-de-los-premios-oh\\\/#webpage\"},\"articleSection\":\"Noticias\",\"dateline\":\"Publicado el diciembre 24, 2020.\"},{\"@type\":\"Organization\",\"@id\":\"https:\\\/\\\/eldigitaldeasturias.com\\\/radio\\\/#organization\",\"name\":\"El digital de Asturias Radio\",\"description\":\"Diario de informaci\\u00f3n y noticias\",\"url\":\"https:\\\/\\\/eldigitaldeasturias.com\\\/radio\\\/\",\"telephone\":\"+34652131393\",\"logo\":{\"@type\":\"ImageObject\",\"url\":\"https:\\\/\\\/www.eldigitaldeasturias.com\\\/radio\\\/wp-content\\\/uploads\\\/2021\\\/03\\\/EDA.jpg\",\"@id\":\"https:\\\/\\\/eldigitaldeasturias.com\\\/radio\\\/nueva-edicion-de-los-premios-oh\\\/#organizationLogo\"},\"image\":{\"@id\":\"https:\\\/\\\/eldigitaldeasturias.com\\\/radio\\\/nueva-edicion-de-los-premios-oh\\\/#organizationLogo\"},\"sameAs\":[\"https:\\\/\\\/www.facebook.com\\\/\",\"https:\\\/\\\/x.com\\\/bercodi\",\"https:\\\/\\\/www.instagram.com\\\/\",\"https:\\\/\\\/www.youtube.com\\\/channel\\\/UCZP-2wLEB9Rv6erhFmqVnvg\"]},{\"@type\":\"Person\",\"@id\":\"https:\\\/\\\/eldigitaldeasturias.com\\\/radio\\\/author\\\/nbasturias\\\/#author\",\"url\":\"https:\\\/\\\/eldigitaldeasturias.com\\\/radio\\\/author\\\/nbasturias\\\/\",\"name\":\"NBAsturias\",\"image\":{\"@type\":\"ImageObject\",\"@id\":\"https:\\\/\\\/eldigitaldeasturias.com\\\/radio\\\/nueva-edicion-de-los-premios-oh\\\/#authorImage\",\"url\":\"https:\\\/\\\/secure.gravatar.com\\\/avatar\\\/df2aeffc32bcd13f8d26072ef8a91b623d677766deac7f97ca815868cd41bf5e?s=96&d=mm&r=g\",\"width\":96,\"height\":96,\"caption\":\"NBAsturias\"}},{\"@type\":\"WebPage\",\"@id\":\"https:\\\/\\\/eldigitaldeasturias.com\\\/radio\\\/nueva-edicion-de-los-premios-oh\\\/#webpage\",\"url\":\"https:\\\/\\\/eldigitaldeasturias.com\\\/radio\\\/nueva-edicion-de-los-premios-oh\\\/\",\"name\":\"Nueva edici\\u00f3n de los \\u2018Premios Oh!\\u2019 | El Digital de Asturias\",\"description\":\"(EP) - Escenasturias ha convocado la 12\\u00aa edici\\u00f3n de los 'Premios Oh!' de las Artes Esc\\u00e9nicas de Asturias, que reconocen anualmente el talento de los profesionales de los escenarios asturianos. Escenasturias tiene previsto realizar el acto de entrega en el Teatro Jovellanos de Gij\\u00f3n el D\\u00eda Mundial del Teatro, el 27 de marzo de 2021,\",\"inLanguage\":\"es-ES\",\"isPartOf\":{\"@id\":\"https:\\\/\\\/eldigitaldeasturias.com\\\/radio\\\/#website\"},\"breadcrumb\":{\"@id\":\"https:\\\/\\\/eldigitaldeasturias.com\\\/radio\\\/nueva-edicion-de-los-premios-oh\\\/#breadcrumblist\"},\"author\":{\"@id\":\"https:\\\/\\\/eldigitaldeasturias.com\\\/radio\\\/author\\\/nbasturias\\\/#author\"},\"creator\":{\"@id\":\"https:\\\/\\\/eldigitaldeasturias.com\\\/radio\\\/author\\\/nbasturias\\\/#author\"},\"image\":{\"@type\":\"ImageObject\",\"url\":\"https:\\\/\\\/eldigitaldeasturias.com\\\/radio\\\/wp-content\\\/uploads\\\/2018\\\/10\\\/technology-785742_960_720.jpg\",\"@id\":\"https:\\\/\\\/eldigitaldeasturias.com\\\/radio\\\/nueva-edicion-de-los-premios-oh\\\/#mainImage\",\"width\":960,\"height\":640},\"primaryImageOfPage\":{\"@id\":\"https:\\\/\\\/eldigitaldeasturias.com\\\/radio\\\/nueva-edicion-de-los-premios-oh\\\/#mainImage\"},\"datePublished\":\"2020-12-24T14:49:16+01:00\",\"dateModified\":\"2020-12-24T14:49:16+01:00\"},{\"@type\":\"WebSite\",\"@id\":\"https:\\\/\\\/eldigitaldeasturias.com\\\/radio\\\/#website\",\"url\":\"https:\\\/\\\/eldigitaldeasturias.com\\\/radio\\\/\",\"name\":\"El Digital de Asturias\",\"description\":\"Diario de informaci\\u00f3n y noticias\",\"inLanguage\":\"es-ES\",\"publisher\":{\"@id\":\"https:\\\/\\\/eldigitaldeasturias.com\\\/radio\\\/#organization\"}}]}\n\t\t<\/script>\n\t\t<!-- All in One SEO Pro -->\r\n\t\t<title>Nueva edici\u00f3n de los \u2018Premios Oh!\u2019 | El Digital de Asturias<\/title>\n\n","aioseo_head_json":{"title":"Nueva edici\u00f3n de los \u2018Premios Oh!\u2019 | El Digital de Asturias","description":"(EP) - Escenasturias ha convocado la 12\u00aa edici\u00f3n de los 'Premios Oh!' de las Artes Esc\u00e9nicas de Asturias, que reconocen anualmente el talento de los profesionales de los escenarios asturianos. Escenasturias tiene previsto realizar el acto de entrega en el Teatro Jovellanos de Gij\u00f3n el D\u00eda Mundial del Teatro, el 27 de marzo de 2021,","canonical_url":"https:\/\/eldigitaldeasturias.com\/radio\/nueva-edicion-de-los-premios-oh\/","robots":"max-image-preview:large","keywords":"noticias","webmasterTools":{"google-site-verification":"UA-38556648-1","miscellaneous":""},"schema":{"@context":"https:\/\/schema.org","@graph":[{"@type":"BreadcrumbList","@id":"https:\/\/eldigitaldeasturias.com\/radio\/nueva-edicion-de-los-premios-oh\/#breadcrumblist","itemListElement":[{"@type":"ListItem","@id":"https:\/\/eldigitaldeasturias.com\/radio#listItem","position":1,"name":"Inicio","item":"https:\/\/eldigitaldeasturias.com\/radio","nextItem":{"@type":"ListItem","@id":"https:\/\/eldigitaldeasturias.com\/radio\/category\/noticias\/#listItem","name":"Noticias"}},{"@type":"ListItem","@id":"https:\/\/eldigitaldeasturias.com\/radio\/category\/noticias\/#listItem","position":2,"name":"Noticias","item":"https:\/\/eldigitaldeasturias.com\/radio\/category\/noticias\/","nextItem":{"@type":"ListItem","@id":"https:\/\/eldigitaldeasturias.com\/radio\/nueva-edicion-de-los-premios-oh\/#listItem","name":"Nueva edici\u00f3n de los &#8216;Premios Oh!&#8217;"},"previousItem":{"@type":"ListItem","@id":"https:\/\/eldigitaldeasturias.com\/radio#listItem","name":"Inicio"}},{"@type":"ListItem","@id":"https:\/\/eldigitaldeasturias.com\/radio\/nueva-edicion-de-los-premios-oh\/#listItem","position":3,"name":"Nueva edici\u00f3n de los &#8216;Premios Oh!&#8217;","previousItem":{"@type":"ListItem","@id":"https:\/\/eldigitaldeasturias.com\/radio\/category\/noticias\/#listItem","name":"Noticias"}}]},{"@type":"NewsArticle","@id":"https:\/\/eldigitaldeasturias.com\/radio\/nueva-edicion-de-los-premios-oh\/#newsarticle","name":"Nueva edici\u00f3n de los \u2018Premios Oh!\u2019 | El Digital de Asturias","headline":"Nueva edici\u00f3n de los &#8216;Premios Oh!&#8217;","author":{"@id":"https:\/\/eldigitaldeasturias.com\/radio\/author\/nbasturias\/#author"},"publisher":{"@id":"https:\/\/eldigitaldeasturias.com\/radio\/#organization"},"image":{"@type":"ImageObject","url":"https:\/\/eldigitaldeasturias.com\/radio\/wp-content\/uploads\/2018\/10\/technology-785742_960_720.jpg","width":960,"height":640},"datePublished":"2020-12-24T14:49:16+01:00","dateModified":"2020-12-24T14:49:16+01:00","inLanguage":"es-ES","mainEntityOfPage":{"@id":"https:\/\/eldigitaldeasturias.com\/radio\/nueva-edicion-de-los-premios-oh\/#webpage"},"isPartOf":{"@id":"https:\/\/eldigitaldeasturias.com\/radio\/nueva-edicion-de-los-premios-oh\/#webpage"},"articleSection":"Noticias","dateline":"Publicado el diciembre 24, 2020."},{"@type":"Organization","@id":"https:\/\/eldigitaldeasturias.com\/radio\/#organization","name":"El digital de Asturias Radio","description":"Diario de informaci\u00f3n y noticias","url":"https:\/\/eldigitaldeasturias.com\/radio\/","telephone":"+34652131393","logo":{"@type":"ImageObject","url":"https:\/\/www.eldigitaldeasturias.com\/radio\/wp-content\/uploads\/2021\/03\/EDA.jpg","@id":"https:\/\/eldigitaldeasturias.com\/radio\/nueva-edicion-de-los-premios-oh\/#organizationLogo"},"image":{"@id":"https:\/\/eldigitaldeasturias.com\/radio\/nueva-edicion-de-los-premios-oh\/#organizationLogo"},"sameAs":["https:\/\/www.facebook.com\/","https:\/\/x.com\/bercodi","https:\/\/www.instagram.com\/","https:\/\/www.youtube.com\/channel\/UCZP-2wLEB9Rv6erhFmqVnvg"]},{"@type":"Person","@id":"https:\/\/eldigitaldeasturias.com\/radio\/author\/nbasturias\/#author","url":"https:\/\/eldigitaldeasturias.com\/radio\/author\/nbasturias\/","name":"NBAsturias","image":{"@type":"ImageObject","@id":"https:\/\/eldigitaldeasturias.com\/radio\/nueva-edicion-de-los-premios-oh\/#authorImage","url":"https:\/\/secure.gravatar.com\/avatar\/df2aeffc32bcd13f8d26072ef8a91b623d677766deac7f97ca815868cd41bf5e?s=96&d=mm&r=g","width":96,"height":96,"caption":"NBAsturias"}},{"@type":"WebPage","@id":"https:\/\/eldigitaldeasturias.com\/radio\/nueva-edicion-de-los-premios-oh\/#webpage","url":"https:\/\/eldigitaldeasturias.com\/radio\/nueva-edicion-de-los-premios-oh\/","name":"Nueva edici\u00f3n de los \u2018Premios Oh!\u2019 | El Digital de Asturias","description":"(EP) - Escenasturias ha convocado la 12\u00aa edici\u00f3n de los 'Premios Oh!' de las Artes Esc\u00e9nicas de Asturias, que reconocen anualmente el talento de los profesionales de los escenarios asturianos. Escenasturias tiene previsto realizar el acto de entrega en el Teatro Jovellanos de Gij\u00f3n el D\u00eda Mundial del Teatro, el 27 de marzo de 2021,","inLanguage":"es-ES","isPartOf":{"@id":"https:\/\/eldigitaldeasturias.com\/radio\/#website"},"breadcrumb":{"@id":"https:\/\/eldigitaldeasturias.com\/radio\/nueva-edicion-de-los-premios-oh\/#breadcrumblist"},"author":{"@id":"https:\/\/eldigitaldeasturias.com\/radio\/author\/nbasturias\/#author"},"creator":{"@id":"https:\/\/eldigitaldeasturias.com\/radio\/author\/nbasturias\/#author"},"image":{"@type":"ImageObject","url":"https:\/\/eldigitaldeasturias.com\/radio\/wp-content\/uploads\/2018\/10\/technology-785742_960_720.jpg","@id":"https:\/\/eldigitaldeasturias.com\/radio\/nueva-edicion-de-los-premios-oh\/#mainImage","width":960,"height":640},"primaryImageOfPage":{"@id":"https:\/\/eldigitaldeasturias.com\/radio\/nueva-edicion-de-los-premios-oh\/#mainImage"},"datePublished":"2020-12-24T14:49:16+01:00","dateModified":"2020-12-24T14:49:16+01:00"},{"@type":"WebSite","@id":"https:\/\/eldigitaldeasturias.com\/radio\/#website","url":"https:\/\/eldigitaldeasturias.com\/radio\/","name":"El Digital de Asturias","description":"Diario de informaci\u00f3n y noticias","inLanguage":"es-ES","publisher":{"@id":"https:\/\/eldigitaldeasturias.com\/radio\/#organization"}}]},"og:locale":"es_ES","og:site_name":"El Digital de Asturias | Diario de informaci\u00f3n y noticias","og:type":"article","og:title":"Nueva edici\u00f3n de los \u2018Premios Oh!\u2019 | El Digital de Asturias","og:description":"(EP) - Escenasturias ha convocado la 12\u00aa edici\u00f3n de los 'Premios Oh!' de las Artes Esc\u00e9nicas de Asturias, que reconocen anualmente el talento de los profesionales de los escenarios asturianos. Escenasturias tiene previsto realizar el acto de entrega en el Teatro Jovellanos de Gij\u00f3n el D\u00eda Mundial del Teatro, el 27 de marzo de 2021,","og:url":"https:\/\/eldigitaldeasturias.com\/radio\/nueva-edicion-de-los-premios-oh\/","og:image":"https:\/\/eldigitaldeasturias.com\/radio\/wp-content\/uploads\/2018\/10\/technology-785742_960_720.jpg","og:image:secure_url":"https:\/\/eldigitaldeasturias.com\/radio\/wp-content\/uploads\/2018\/10\/technology-785742_960_720.jpg","og:image:width":960,"og:image:height":640,"article:published_time":"2020-12-24T14:49:16+00:00","article:modified_time":"2020-12-24T14:49:16+00:00","twitter:card":"summary_large_image","twitter:site":"@bercodi","twitter:title":"Nueva edici\u00f3n de los \u2018Premios Oh!\u2019 | El Digital de Asturias","twitter:description":"(EP) - Escenasturias ha convocado la 12\u00aa edici\u00f3n de los 'Premios Oh!' de las Artes Esc\u00e9nicas de Asturias, que reconocen anualmente el talento de los profesionales de los escenarios asturianos. Escenasturias tiene previsto realizar el acto de entrega en el Teatro Jovellanos de Gij\u00f3n el D\u00eda Mundial del Teatro, el 27 de marzo de 2021,","twitter:creator":"@bercodi","twitter:image":"https:\/\/eldigitaldeasturias.com\/radio\/wp-content\/uploads\/2018\/10\/technology-785742_960_720.jpg"},"aioseo_meta_data":{"post_id":"5341","title":null,"description":null,"keywords":null,"keyphrases":null,"primary_term":null,"canonical_url":null,"og_title":null,"og_description":null,"og_object_type":"default","og_image_type":"default","og_image_url":null,"og_image_width":null,"og_image_height":null,"og_image_custom_url":null,"og_image_custom_fields":null,"og_video":null,"og_custom_url":null,"og_article_section":null,"og_article_tags":null,"twitter_use_og":false,"twitter_card":"default","twitter_image_type":"default","twitter_image_url":null,"twitter_image_custom_url":null,"twitter_image_custom_fields":null,"twitter_title":null,"twitter_description":null,"schema":{"blockGraphs":[],"customGraphs":[],"default":{"data":{"Article":[],"Course":[],"Dataset":[],"FAQPage":[],"Movie":[],"Person":[],"Product":[],"ProductReview":[],"Car":[],"Recipe":[],"Service":[],"SoftwareApplication":[],"WebPage":[]},"graphName":"","isEnabled":true},"graphs":[],"defaultGraph":"","defaultPostTypeGraph":""},"schema_type":null,"schema_type_options":null,"pillar_content":false,"robots_default":true,"robots_noindex":false,"robots_noarchive":false,"robots_nosnippet":false,"robots_nofollow":false,"robots_noimageindex":false,"robots_noodp":false,"robots_notranslate":false,"robots_max_snippet":null,"robots_max_videopreview":null,"robots_max_imagepreview":"large","priority":null,"frequency":null,"location":null,"local_seo":null,"seo_analyzer_scan_date":"2025-08-28 17:41:59","breadcrumb_settings":null,"limit_modified_date":false,"open_ai":null,"ai":null,"created":"2021-03-27 12:43:53","updated":"2025-08-28 17:41:59"},"aioseo_breadcrumb":"<div class=\"aioseo-breadcrumbs\"><span class=\"aioseo-breadcrumb\">\n\t<a href=\"https:\/\/eldigitaldeasturias.com\/radio\" title=\"Inicio\">Inicio<\/a>\n<\/span><span class=\"aioseo-breadcrumb-separator\">&ndash;<\/span><span class=\"aioseo-breadcrumb\">\n\t<a href=\"https:\/\/eldigitaldeasturias.com\/radio\/category\/noticias\/\" title=\"Noticias\">Noticias<\/a>\n<\/span><span class=\"aioseo-breadcrumb-separator\">&ndash;<\/span><span class=\"aioseo-breadcrumb\">\n\tNueva edici\u00f3n de los \u2018Premios Oh!\u2019\n<\/span><\/div>","aioseo_breadcrumb_json":[{"label":"Inicio","link":"https:\/\/eldigitaldeasturias.com\/radio"},{"label":"Noticias","link":"https:\/\/eldigitaldeasturias.com\/radio\/category\/noticias\/"},{"label":"Nueva edici\u00f3n de los &#8216;Premios Oh!&#8217;","link":"https:\/\/eldigitaldeasturias.com\/radio\/nueva-edicion-de-los-premios-oh\/"}],"_links":{"self":[{"href":"https:\/\/eldigitaldeasturias.com\/radio\/wp-json\/wp\/v2\/posts\/5341","targetHints":{"allow":["GET"]}}],"collection":[{"href":"https:\/\/eldigitaldeasturias.com\/radio\/wp-json\/wp\/v2\/posts"}],"about":[{"href":"https:\/\/eldigitaldeasturias.com\/radio\/wp-json\/wp\/v2\/types\/post"}],"author":[{"embeddable":true,"href":"https:\/\/eldigitaldeasturias.com\/radio\/wp-json\/wp\/v2\/users\/1"}],"replies":[{"embeddable":true,"href":"https:\/\/eldigitaldeasturias.com\/radio\/wp-json\/wp\/v2\/comments?post=5341"}],"version-history":[{"count":0,"href":"https:\/\/eldigitaldeasturias.com\/radio\/wp-json\/wp\/v2\/posts\/5341\/revisions"}],"wp:featuredmedia":[{"embeddable":true,"href":"https:\/\/eldigitaldeasturias.com\/radio\/wp-json\/wp\/v2\/media\/1352"}],"wp:attachment":[{"href":"https:\/\/eldigitaldeasturias.com\/radio\/wp-json\/wp\/v2\/media?parent=5341"}],"wp:term":[{"taxonomy":"category","embeddable":true,"href":"https:\/\/eldigitaldeasturias.com\/radio\/wp-json\/wp\/v2\/categories?post=5341"},{"taxonomy":"post_tag","embeddable":true,"href":"https:\/\/eldigitaldeasturias.com\/radio\/wp-json\/wp\/v2\/tags?post=5341"}],"curies":[{"name":"wp","href":"https:\/\/api.w.org\/{rel}","templated":true}]}}