{"id":5337,"date":"2020-12-24T14:40:18","date_gmt":"2020-12-24T14:40:18","guid":{"rendered":"http:\/\/eldigitaldeasturias.com\/radio\/?p=5337"},"modified":"2020-12-24T14:40:18","modified_gmt":"2020-12-24T14:40:18","slug":"illa-pide-coordinacion-europea-para-la-cepa-britanica","status":"publish","type":"post","link":"https:\/\/eldigitaldeasturias.com\/radio\/illa-pide-coordinacion-europea-para-la-cepa-britanica\/","title":{"rendered":"Illa pide coordinaci\u00f3n europea para la cepa brit\u00e1nica"},"content":{"rendered":"<p><img fetchpriority=\"high\" decoding=\"async\" class=\"alignleft size-medium wp-image-4110\" src=\"https:\/\/eldigitaldeasturias.com\/radio\/wp-content\/uploads\/2020\/04\/covid-19-4960246_640-360x194.jpg\" alt=\"\" width=\"360\" height=\"194\" srcset=\"https:\/\/eldigitaldeasturias.com\/radio\/wp-content\/uploads\/2020\/04\/covid-19-4960246_640-360x194.jpg 360w, https:\/\/eldigitaldeasturias.com\/radio\/wp-content\/uploads\/2020\/04\/covid-19-4960246_640.jpg 640w\" sizes=\"(max-width: 360px) 100vw, 360px\" \/>(EP) &#8211; El ministro de Sanidad, Salvador Illa, ha apostado por la coordinaci\u00f3n europea para decidir sobre la nueva cepa de coronavirus de Reino Unido, y ha asegurado que en Espa\u00f1a \u00abno hay constancia\u00bb de que haya presencia de esta cepa.<\/p>\n<p>En una entrevista en Rac1 recogida por Europa Press, ha explicado que este lunes a las 11 horas habr\u00e1 una reuni\u00f3n a nivel europeo para tomar una decisi\u00f3n, despu\u00e9s de que pa\u00edses como Alemania, Francia, Pa\u00edses Bajos e Italia hayan decidido cancelar los vuelos con Reino Unido, y ha avisado que Espa\u00f1a es el segundo pa\u00eds de la UE en n\u00famero de cepas de Covid-19 y el quinto o sexto del mundo.<\/p>\n<p>\u00abHemos apostado por estas medidas sean coordinadas. Es bueno que haya una respuesta coordinada a nivel europeo\u00bb, ha destacado el ministro, que ha asegurado que se est\u00e1n reforzando los controles de entrada a Espa\u00f1a y que la vacuna tambi\u00e9n ser\u00e1 efectiva con esta cepa del coronavirus.<\/p>\n","protected":false},"excerpt":{"rendered":"<p>(EP) &#8211; El ministro de Sanidad, Salvador Illa, ha apostado por la coordinaci\u00f3n europea para decidir sobre la nueva cepa de coronavirus de Reino Unido, y ha asegurado que en Espa\u00f1a \u00abno hay constancia\u00bb de que haya presencia de esta cepa. En una entrevista en Rac1 recogida por Europa Press, ha explicado que este lunes<\/p>\n","protected":false},"author":1,"featured_media":4110,"comment_status":"closed","ping_status":"closed","sticky":false,"template":"","format":"standard","meta":{"footnotes":""},"categories":[1],"tags":[],"class_list":{"0":"post-5337","1":"post","2":"type-post","3":"status-publish","4":"format-standard","5":"has-post-thumbnail","7":"category-noticias"},"aioseo_notices":[],"aioseo_head":"\n\t\t<!-- All in One SEO Pro 4.9.6.2 - aioseo.com -->\n\t<meta name=\"description\" content=\"(EP) - El ministro de Sanidad, Salvador Illa, ha apostado por la coordinaci\u00f3n europea para decidir sobre la nueva cepa de coronavirus de Reino Unido, y ha asegurado que en Espa\u00f1a &quot;no hay constancia&quot; de que haya presencia de esta cepa. En una entrevista en Rac1 recogida por Europa Press, ha explicado que este lunes\" \/>\n\t<meta name=\"robots\" content=\"max-image-preview:large\" \/>\n\t<meta name=\"author\" content=\"NBAsturias\"\/>\n\t<meta name=\"google-site-verification\" content=\"UA-38556648-1\" \/>\n\t<meta name=\"keywords\" content=\"noticias\" \/>\n\t<link rel=\"canonical\" href=\"https:\/\/eldigitaldeasturias.com\/radio\/illa-pide-coordinacion-europea-para-la-cepa-britanica\/\" \/>\n\t<meta name=\"generator\" content=\"All in One SEO Pro (AIOSEO) 4.9.6.2\" \/>\n\t\t<meta property=\"og:locale\" content=\"es_ES\" \/>\n\t\t<meta property=\"og:site_name\" content=\"El Digital de Asturias | Diario de informaci\u00f3n y noticias\" \/>\n\t\t<meta property=\"og:type\" content=\"article\" \/>\n\t\t<meta property=\"og:title\" content=\"Illa pide coordinaci\u00f3n europea para la cepa brit\u00e1nica | El Digital de Asturias\" \/>\n\t\t<meta property=\"og:description\" content=\"(EP) - El ministro de Sanidad, Salvador Illa, ha apostado por la coordinaci\u00f3n europea para decidir sobre la nueva cepa de coronavirus de Reino Unido, y ha asegurado que en Espa\u00f1a &quot;no hay constancia&quot; de que haya presencia de esta cepa. En una entrevista en Rac1 recogida por Europa Press, ha explicado que este lunes\" \/>\n\t\t<meta property=\"og:url\" content=\"https:\/\/eldigitaldeasturias.com\/radio\/illa-pide-coordinacion-europea-para-la-cepa-britanica\/\" \/>\n\t\t<meta property=\"og:image\" content=\"https:\/\/eldigitaldeasturias.com\/radio\/wp-content\/uploads\/2020\/04\/covid-19-4960246_640.jpg\" \/>\n\t\t<meta property=\"og:image:secure_url\" content=\"https:\/\/eldigitaldeasturias.com\/radio\/wp-content\/uploads\/2020\/04\/covid-19-4960246_640.jpg\" \/>\n\t\t<meta property=\"og:image:width\" content=\"640\" \/>\n\t\t<meta property=\"og:image:height\" content=\"344\" \/>\n\t\t<meta property=\"article:published_time\" content=\"2020-12-24T14:40:18+00:00\" \/>\n\t\t<meta property=\"article:modified_time\" content=\"2020-12-24T14:40:18+00:00\" \/>\n\t\t<meta name=\"twitter:card\" content=\"summary_large_image\" \/>\n\t\t<meta name=\"twitter:site\" content=\"@bercodi\" \/>\n\t\t<meta name=\"twitter:title\" content=\"Illa pide coordinaci\u00f3n europea para la cepa brit\u00e1nica | El Digital de Asturias\" \/>\n\t\t<meta name=\"twitter:description\" content=\"(EP) - El ministro de Sanidad, Salvador Illa, ha apostado por la coordinaci\u00f3n europea para decidir sobre la nueva cepa de coronavirus de Reino Unido, y ha asegurado que en Espa\u00f1a &quot;no hay constancia&quot; de que haya presencia de esta cepa. En una entrevista en Rac1 recogida por Europa Press, ha explicado que este lunes\" \/>\n\t\t<meta name=\"twitter:creator\" content=\"@bercodi\" \/>\n\t\t<meta name=\"twitter:image\" content=\"https:\/\/eldigitaldeasturias.com\/radio\/wp-content\/uploads\/2020\/04\/covid-19-4960246_640.jpg\" \/>\n\t\t<script type=\"application\/ld+json\" class=\"aioseo-schema\">\n\t\t\t{\"@context\":\"https:\\\/\\\/schema.org\",\"@graph\":[{\"@type\":\"BreadcrumbList\",\"@id\":\"https:\\\/\\\/eldigitaldeasturias.com\\\/radio\\\/illa-pide-coordinacion-europea-para-la-cepa-britanica\\\/#breadcrumblist\",\"itemListElement\":[{\"@type\":\"ListItem\",\"@id\":\"https:\\\/\\\/eldigitaldeasturias.com\\\/radio#listItem\",\"position\":1,\"name\":\"Inicio\",\"item\":\"https:\\\/\\\/eldigitaldeasturias.com\\\/radio\",\"nextItem\":{\"@type\":\"ListItem\",\"@id\":\"https:\\\/\\\/eldigitaldeasturias.com\\\/radio\\\/category\\\/noticias\\\/#listItem\",\"name\":\"Noticias\"}},{\"@type\":\"ListItem\",\"@id\":\"https:\\\/\\\/eldigitaldeasturias.com\\\/radio\\\/category\\\/noticias\\\/#listItem\",\"position\":2,\"name\":\"Noticias\",\"item\":\"https:\\\/\\\/eldigitaldeasturias.com\\\/radio\\\/category\\\/noticias\\\/\",\"nextItem\":{\"@type\":\"ListItem\",\"@id\":\"https:\\\/\\\/eldigitaldeasturias.com\\\/radio\\\/illa-pide-coordinacion-europea-para-la-cepa-britanica\\\/#listItem\",\"name\":\"Illa pide coordinaci\\u00f3n europea para la cepa brit\\u00e1nica\"},\"previousItem\":{\"@type\":\"ListItem\",\"@id\":\"https:\\\/\\\/eldigitaldeasturias.com\\\/radio#listItem\",\"name\":\"Inicio\"}},{\"@type\":\"ListItem\",\"@id\":\"https:\\\/\\\/eldigitaldeasturias.com\\\/radio\\\/illa-pide-coordinacion-europea-para-la-cepa-britanica\\\/#listItem\",\"position\":3,\"name\":\"Illa pide coordinaci\\u00f3n europea para la cepa brit\\u00e1nica\",\"previousItem\":{\"@type\":\"ListItem\",\"@id\":\"https:\\\/\\\/eldigitaldeasturias.com\\\/radio\\\/category\\\/noticias\\\/#listItem\",\"name\":\"Noticias\"}}]},{\"@type\":\"NewsArticle\",\"@id\":\"https:\\\/\\\/eldigitaldeasturias.com\\\/radio\\\/illa-pide-coordinacion-europea-para-la-cepa-britanica\\\/#newsarticle\",\"name\":\"Illa pide coordinaci\\u00f3n europea para la cepa brit\\u00e1nica | El Digital de Asturias\",\"headline\":\"Illa pide coordinaci\\u00f3n europea para la cepa brit\\u00e1nica\",\"author\":{\"@id\":\"https:\\\/\\\/eldigitaldeasturias.com\\\/radio\\\/author\\\/nbasturias\\\/#author\"},\"publisher\":{\"@id\":\"https:\\\/\\\/eldigitaldeasturias.com\\\/radio\\\/#organization\"},\"image\":{\"@type\":\"ImageObject\",\"url\":\"https:\\\/\\\/eldigitaldeasturias.com\\\/radio\\\/wp-content\\\/uploads\\\/2020\\\/04\\\/covid-19-4960246_640.jpg\",\"width\":640,\"height\":344},\"datePublished\":\"2020-12-24T14:40:18+01:00\",\"dateModified\":\"2020-12-24T14:40:18+01:00\",\"inLanguage\":\"es-ES\",\"mainEntityOfPage\":{\"@id\":\"https:\\\/\\\/eldigitaldeasturias.com\\\/radio\\\/illa-pide-coordinacion-europea-para-la-cepa-britanica\\\/#webpage\"},\"isPartOf\":{\"@id\":\"https:\\\/\\\/eldigitaldeasturias.com\\\/radio\\\/illa-pide-coordinacion-europea-para-la-cepa-britanica\\\/#webpage\"},\"articleSection\":\"Noticias\",\"dateline\":\"Publicado el diciembre 24, 2020.\"},{\"@type\":\"Organization\",\"@id\":\"https:\\\/\\\/eldigitaldeasturias.com\\\/radio\\\/#organization\",\"name\":\"El digital de Asturias Radio\",\"description\":\"Diario de informaci\\u00f3n y noticias\",\"url\":\"https:\\\/\\\/eldigitaldeasturias.com\\\/radio\\\/\",\"telephone\":\"+34652131393\",\"logo\":{\"@type\":\"ImageObject\",\"url\":\"https:\\\/\\\/www.eldigitaldeasturias.com\\\/radio\\\/wp-content\\\/uploads\\\/2021\\\/03\\\/EDA.jpg\",\"@id\":\"https:\\\/\\\/eldigitaldeasturias.com\\\/radio\\\/illa-pide-coordinacion-europea-para-la-cepa-britanica\\\/#organizationLogo\"},\"image\":{\"@id\":\"https:\\\/\\\/eldigitaldeasturias.com\\\/radio\\\/illa-pide-coordinacion-europea-para-la-cepa-britanica\\\/#organizationLogo\"},\"sameAs\":[\"https:\\\/\\\/www.facebook.com\\\/\",\"https:\\\/\\\/x.com\\\/bercodi\",\"https:\\\/\\\/www.instagram.com\\\/\",\"https:\\\/\\\/www.youtube.com\\\/channel\\\/UCZP-2wLEB9Rv6erhFmqVnvg\"]},{\"@type\":\"Person\",\"@id\":\"https:\\\/\\\/eldigitaldeasturias.com\\\/radio\\\/author\\\/nbasturias\\\/#author\",\"url\":\"https:\\\/\\\/eldigitaldeasturias.com\\\/radio\\\/author\\\/nbasturias\\\/\",\"name\":\"NBAsturias\",\"image\":{\"@type\":\"ImageObject\",\"@id\":\"https:\\\/\\\/eldigitaldeasturias.com\\\/radio\\\/illa-pide-coordinacion-europea-para-la-cepa-britanica\\\/#authorImage\",\"url\":\"https:\\\/\\\/secure.gravatar.com\\\/avatar\\\/df2aeffc32bcd13f8d26072ef8a91b623d677766deac7f97ca815868cd41bf5e?s=96&d=mm&r=g\",\"width\":96,\"height\":96,\"caption\":\"NBAsturias\"}},{\"@type\":\"WebPage\",\"@id\":\"https:\\\/\\\/eldigitaldeasturias.com\\\/radio\\\/illa-pide-coordinacion-europea-para-la-cepa-britanica\\\/#webpage\",\"url\":\"https:\\\/\\\/eldigitaldeasturias.com\\\/radio\\\/illa-pide-coordinacion-europea-para-la-cepa-britanica\\\/\",\"name\":\"Illa pide coordinaci\\u00f3n europea para la cepa brit\\u00e1nica | El Digital de Asturias\",\"description\":\"(EP) - El ministro de Sanidad, Salvador Illa, ha apostado por la coordinaci\\u00f3n europea para decidir sobre la nueva cepa de coronavirus de Reino Unido, y ha asegurado que en Espa\\u00f1a \\\"no hay constancia\\\" de que haya presencia de esta cepa. En una entrevista en Rac1 recogida por Europa Press, ha explicado que este lunes\",\"inLanguage\":\"es-ES\",\"isPartOf\":{\"@id\":\"https:\\\/\\\/eldigitaldeasturias.com\\\/radio\\\/#website\"},\"breadcrumb\":{\"@id\":\"https:\\\/\\\/eldigitaldeasturias.com\\\/radio\\\/illa-pide-coordinacion-europea-para-la-cepa-britanica\\\/#breadcrumblist\"},\"author\":{\"@id\":\"https:\\\/\\\/eldigitaldeasturias.com\\\/radio\\\/author\\\/nbasturias\\\/#author\"},\"creator\":{\"@id\":\"https:\\\/\\\/eldigitaldeasturias.com\\\/radio\\\/author\\\/nbasturias\\\/#author\"},\"image\":{\"@type\":\"ImageObject\",\"url\":\"https:\\\/\\\/eldigitaldeasturias.com\\\/radio\\\/wp-content\\\/uploads\\\/2020\\\/04\\\/covid-19-4960246_640.jpg\",\"@id\":\"https:\\\/\\\/eldigitaldeasturias.com\\\/radio\\\/illa-pide-coordinacion-europea-para-la-cepa-britanica\\\/#mainImage\",\"width\":640,\"height\":344},\"primaryImageOfPage\":{\"@id\":\"https:\\\/\\\/eldigitaldeasturias.com\\\/radio\\\/illa-pide-coordinacion-europea-para-la-cepa-britanica\\\/#mainImage\"},\"datePublished\":\"2020-12-24T14:40:18+01:00\",\"dateModified\":\"2020-12-24T14:40:18+01:00\"},{\"@type\":\"WebSite\",\"@id\":\"https:\\\/\\\/eldigitaldeasturias.com\\\/radio\\\/#website\",\"url\":\"https:\\\/\\\/eldigitaldeasturias.com\\\/radio\\\/\",\"name\":\"El Digital de Asturias\",\"description\":\"Diario de informaci\\u00f3n y noticias\",\"inLanguage\":\"es-ES\",\"publisher\":{\"@id\":\"https:\\\/\\\/eldigitaldeasturias.com\\\/radio\\\/#organization\"}}]}\n\t\t<\/script>\n\t\t<!-- All in One SEO Pro -->\r\n\t\t<title>Illa pide coordinaci\u00f3n europea para la cepa brit\u00e1nica | El Digital de Asturias<\/title>\n\n","aioseo_head_json":{"title":"Illa pide coordinaci\u00f3n europea para la cepa brit\u00e1nica | El Digital de Asturias","description":"(EP) - El ministro de Sanidad, Salvador Illa, ha apostado por la coordinaci\u00f3n europea para decidir sobre la nueva cepa de coronavirus de Reino Unido, y ha asegurado que en Espa\u00f1a \"no hay constancia\" de que haya presencia de esta cepa. En una entrevista en Rac1 recogida por Europa Press, ha explicado que este lunes","canonical_url":"https:\/\/eldigitaldeasturias.com\/radio\/illa-pide-coordinacion-europea-para-la-cepa-britanica\/","robots":"max-image-preview:large","keywords":"noticias","webmasterTools":{"google-site-verification":"UA-38556648-1","miscellaneous":""},"schema":{"@context":"https:\/\/schema.org","@graph":[{"@type":"BreadcrumbList","@id":"https:\/\/eldigitaldeasturias.com\/radio\/illa-pide-coordinacion-europea-para-la-cepa-britanica\/#breadcrumblist","itemListElement":[{"@type":"ListItem","@id":"https:\/\/eldigitaldeasturias.com\/radio#listItem","position":1,"name":"Inicio","item":"https:\/\/eldigitaldeasturias.com\/radio","nextItem":{"@type":"ListItem","@id":"https:\/\/eldigitaldeasturias.com\/radio\/category\/noticias\/#listItem","name":"Noticias"}},{"@type":"ListItem","@id":"https:\/\/eldigitaldeasturias.com\/radio\/category\/noticias\/#listItem","position":2,"name":"Noticias","item":"https:\/\/eldigitaldeasturias.com\/radio\/category\/noticias\/","nextItem":{"@type":"ListItem","@id":"https:\/\/eldigitaldeasturias.com\/radio\/illa-pide-coordinacion-europea-para-la-cepa-britanica\/#listItem","name":"Illa pide coordinaci\u00f3n europea para la cepa brit\u00e1nica"},"previousItem":{"@type":"ListItem","@id":"https:\/\/eldigitaldeasturias.com\/radio#listItem","name":"Inicio"}},{"@type":"ListItem","@id":"https:\/\/eldigitaldeasturias.com\/radio\/illa-pide-coordinacion-europea-para-la-cepa-britanica\/#listItem","position":3,"name":"Illa pide coordinaci\u00f3n europea para la cepa brit\u00e1nica","previousItem":{"@type":"ListItem","@id":"https:\/\/eldigitaldeasturias.com\/radio\/category\/noticias\/#listItem","name":"Noticias"}}]},{"@type":"NewsArticle","@id":"https:\/\/eldigitaldeasturias.com\/radio\/illa-pide-coordinacion-europea-para-la-cepa-britanica\/#newsarticle","name":"Illa pide coordinaci\u00f3n europea para la cepa brit\u00e1nica | El Digital de Asturias","headline":"Illa pide coordinaci\u00f3n europea para la cepa brit\u00e1nica","author":{"@id":"https:\/\/eldigitaldeasturias.com\/radio\/author\/nbasturias\/#author"},"publisher":{"@id":"https:\/\/eldigitaldeasturias.com\/radio\/#organization"},"image":{"@type":"ImageObject","url":"https:\/\/eldigitaldeasturias.com\/radio\/wp-content\/uploads\/2020\/04\/covid-19-4960246_640.jpg","width":640,"height":344},"datePublished":"2020-12-24T14:40:18+01:00","dateModified":"2020-12-24T14:40:18+01:00","inLanguage":"es-ES","mainEntityOfPage":{"@id":"https:\/\/eldigitaldeasturias.com\/radio\/illa-pide-coordinacion-europea-para-la-cepa-britanica\/#webpage"},"isPartOf":{"@id":"https:\/\/eldigitaldeasturias.com\/radio\/illa-pide-coordinacion-europea-para-la-cepa-britanica\/#webpage"},"articleSection":"Noticias","dateline":"Publicado el diciembre 24, 2020."},{"@type":"Organization","@id":"https:\/\/eldigitaldeasturias.com\/radio\/#organization","name":"El digital de Asturias Radio","description":"Diario de informaci\u00f3n y noticias","url":"https:\/\/eldigitaldeasturias.com\/radio\/","telephone":"+34652131393","logo":{"@type":"ImageObject","url":"https:\/\/www.eldigitaldeasturias.com\/radio\/wp-content\/uploads\/2021\/03\/EDA.jpg","@id":"https:\/\/eldigitaldeasturias.com\/radio\/illa-pide-coordinacion-europea-para-la-cepa-britanica\/#organizationLogo"},"image":{"@id":"https:\/\/eldigitaldeasturias.com\/radio\/illa-pide-coordinacion-europea-para-la-cepa-britanica\/#organizationLogo"},"sameAs":["https:\/\/www.facebook.com\/","https:\/\/x.com\/bercodi","https:\/\/www.instagram.com\/","https:\/\/www.youtube.com\/channel\/UCZP-2wLEB9Rv6erhFmqVnvg"]},{"@type":"Person","@id":"https:\/\/eldigitaldeasturias.com\/radio\/author\/nbasturias\/#author","url":"https:\/\/eldigitaldeasturias.com\/radio\/author\/nbasturias\/","name":"NBAsturias","image":{"@type":"ImageObject","@id":"https:\/\/eldigitaldeasturias.com\/radio\/illa-pide-coordinacion-europea-para-la-cepa-britanica\/#authorImage","url":"https:\/\/secure.gravatar.com\/avatar\/df2aeffc32bcd13f8d26072ef8a91b623d677766deac7f97ca815868cd41bf5e?s=96&d=mm&r=g","width":96,"height":96,"caption":"NBAsturias"}},{"@type":"WebPage","@id":"https:\/\/eldigitaldeasturias.com\/radio\/illa-pide-coordinacion-europea-para-la-cepa-britanica\/#webpage","url":"https:\/\/eldigitaldeasturias.com\/radio\/illa-pide-coordinacion-europea-para-la-cepa-britanica\/","name":"Illa pide coordinaci\u00f3n europea para la cepa brit\u00e1nica | El Digital de Asturias","description":"(EP) - El ministro de Sanidad, Salvador Illa, ha apostado por la coordinaci\u00f3n europea para decidir sobre la nueva cepa de coronavirus de Reino Unido, y ha asegurado que en Espa\u00f1a \"no hay constancia\" de que haya presencia de esta cepa. En una entrevista en Rac1 recogida por Europa Press, ha explicado que este lunes","inLanguage":"es-ES","isPartOf":{"@id":"https:\/\/eldigitaldeasturias.com\/radio\/#website"},"breadcrumb":{"@id":"https:\/\/eldigitaldeasturias.com\/radio\/illa-pide-coordinacion-europea-para-la-cepa-britanica\/#breadcrumblist"},"author":{"@id":"https:\/\/eldigitaldeasturias.com\/radio\/author\/nbasturias\/#author"},"creator":{"@id":"https:\/\/eldigitaldeasturias.com\/radio\/author\/nbasturias\/#author"},"image":{"@type":"ImageObject","url":"https:\/\/eldigitaldeasturias.com\/radio\/wp-content\/uploads\/2020\/04\/covid-19-4960246_640.jpg","@id":"https:\/\/eldigitaldeasturias.com\/radio\/illa-pide-coordinacion-europea-para-la-cepa-britanica\/#mainImage","width":640,"height":344},"primaryImageOfPage":{"@id":"https:\/\/eldigitaldeasturias.com\/radio\/illa-pide-coordinacion-europea-para-la-cepa-britanica\/#mainImage"},"datePublished":"2020-12-24T14:40:18+01:00","dateModified":"2020-12-24T14:40:18+01:00"},{"@type":"WebSite","@id":"https:\/\/eldigitaldeasturias.com\/radio\/#website","url":"https:\/\/eldigitaldeasturias.com\/radio\/","name":"El Digital de Asturias","description":"Diario de informaci\u00f3n y noticias","inLanguage":"es-ES","publisher":{"@id":"https:\/\/eldigitaldeasturias.com\/radio\/#organization"}}]},"og:locale":"es_ES","og:site_name":"El Digital de Asturias | Diario de informaci\u00f3n y noticias","og:type":"article","og:title":"Illa pide coordinaci\u00f3n europea para la cepa brit\u00e1nica | El Digital de Asturias","og:description":"(EP) - El ministro de Sanidad, Salvador Illa, ha apostado por la coordinaci\u00f3n europea para decidir sobre la nueva cepa de coronavirus de Reino Unido, y ha asegurado que en Espa\u00f1a &quot;no hay constancia&quot; de que haya presencia de esta cepa. En una entrevista en Rac1 recogida por Europa Press, ha explicado que este lunes","og:url":"https:\/\/eldigitaldeasturias.com\/radio\/illa-pide-coordinacion-europea-para-la-cepa-britanica\/","og:image":"https:\/\/eldigitaldeasturias.com\/radio\/wp-content\/uploads\/2020\/04\/covid-19-4960246_640.jpg","og:image:secure_url":"https:\/\/eldigitaldeasturias.com\/radio\/wp-content\/uploads\/2020\/04\/covid-19-4960246_640.jpg","og:image:width":640,"og:image:height":344,"article:published_time":"2020-12-24T14:40:18+00:00","article:modified_time":"2020-12-24T14:40:18+00:00","twitter:card":"summary_large_image","twitter:site":"@bercodi","twitter:title":"Illa pide coordinaci\u00f3n europea para la cepa brit\u00e1nica | El Digital de Asturias","twitter:description":"(EP) - El ministro de Sanidad, Salvador Illa, ha apostado por la coordinaci\u00f3n europea para decidir sobre la nueva cepa de coronavirus de Reino Unido, y ha asegurado que en Espa\u00f1a &quot;no hay constancia&quot; de que haya presencia de esta cepa. En una entrevista en Rac1 recogida por Europa Press, ha explicado que este lunes","twitter:creator":"@bercodi","twitter:image":"https:\/\/eldigitaldeasturias.com\/radio\/wp-content\/uploads\/2020\/04\/covid-19-4960246_640.jpg"},"aioseo_meta_data":{"post_id":"5337","title":null,"description":null,"keywords":null,"keyphrases":null,"primary_term":null,"canonical_url":null,"og_title":null,"og_description":null,"og_object_type":"default","og_image_type":"default","og_image_url":null,"og_image_width":null,"og_image_height":null,"og_image_custom_url":null,"og_image_custom_fields":null,"og_video":null,"og_custom_url":null,"og_article_section":null,"og_article_tags":null,"twitter_use_og":false,"twitter_card":"default","twitter_image_type":"default","twitter_image_url":null,"twitter_image_custom_url":null,"twitter_image_custom_fields":null,"twitter_title":null,"twitter_description":null,"schema":{"blockGraphs":[],"customGraphs":[],"default":{"data":{"Article":[],"Course":[],"Dataset":[],"FAQPage":[],"Movie":[],"Person":[],"Product":[],"ProductReview":[],"Car":[],"Recipe":[],"Service":[],"SoftwareApplication":[],"WebPage":[]},"graphName":"","isEnabled":true},"graphs":[],"defaultGraph":"","defaultPostTypeGraph":""},"schema_type":null,"schema_type_options":null,"pillar_content":false,"robots_default":true,"robots_noindex":false,"robots_noarchive":false,"robots_nosnippet":false,"robots_nofollow":false,"robots_noimageindex":false,"robots_noodp":false,"robots_notranslate":false,"robots_max_snippet":null,"robots_max_videopreview":null,"robots_max_imagepreview":"large","priority":null,"frequency":null,"location":null,"local_seo":null,"seo_analyzer_scan_date":"2025-08-28 17:41:57","breadcrumb_settings":null,"limit_modified_date":false,"open_ai":null,"ai":null,"created":"2021-03-27 01:34:48","updated":"2025-08-28 17:41:57"},"aioseo_breadcrumb":"<div class=\"aioseo-breadcrumbs\"><span class=\"aioseo-breadcrumb\">\n\t<a href=\"https:\/\/eldigitaldeasturias.com\/radio\" title=\"Inicio\">Inicio<\/a>\n<\/span><span class=\"aioseo-breadcrumb-separator\">&ndash;<\/span><span class=\"aioseo-breadcrumb\">\n\t<a href=\"https:\/\/eldigitaldeasturias.com\/radio\/category\/noticias\/\" title=\"Noticias\">Noticias<\/a>\n<\/span><span class=\"aioseo-breadcrumb-separator\">&ndash;<\/span><span class=\"aioseo-breadcrumb\">\n\tIlla pide coordinaci\u00f3n europea para la cepa brit\u00e1nica\n<\/span><\/div>","aioseo_breadcrumb_json":[{"label":"Inicio","link":"https:\/\/eldigitaldeasturias.com\/radio"},{"label":"Noticias","link":"https:\/\/eldigitaldeasturias.com\/radio\/category\/noticias\/"},{"label":"Illa pide coordinaci\u00f3n europea para la cepa brit\u00e1nica","link":"https:\/\/eldigitaldeasturias.com\/radio\/illa-pide-coordinacion-europea-para-la-cepa-britanica\/"}],"_links":{"self":[{"href":"https:\/\/eldigitaldeasturias.com\/radio\/wp-json\/wp\/v2\/posts\/5337","targetHints":{"allow":["GET"]}}],"collection":[{"href":"https:\/\/eldigitaldeasturias.com\/radio\/wp-json\/wp\/v2\/posts"}],"about":[{"href":"https:\/\/eldigitaldeasturias.com\/radio\/wp-json\/wp\/v2\/types\/post"}],"author":[{"embeddable":true,"href":"https:\/\/eldigitaldeasturias.com\/radio\/wp-json\/wp\/v2\/users\/1"}],"replies":[{"embeddable":true,"href":"https:\/\/eldigitaldeasturias.com\/radio\/wp-json\/wp\/v2\/comments?post=5337"}],"version-history":[{"count":0,"href":"https:\/\/eldigitaldeasturias.com\/radio\/wp-json\/wp\/v2\/posts\/5337\/revisions"}],"wp:featuredmedia":[{"embeddable":true,"href":"https:\/\/eldigitaldeasturias.com\/radio\/wp-json\/wp\/v2\/media\/4110"}],"wp:attachment":[{"href":"https:\/\/eldigitaldeasturias.com\/radio\/wp-json\/wp\/v2\/media?parent=5337"}],"wp:term":[{"taxonomy":"category","embeddable":true,"href":"https:\/\/eldigitaldeasturias.com\/radio\/wp-json\/wp\/v2\/categories?post=5337"},{"taxonomy":"post_tag","embeddable":true,"href":"https:\/\/eldigitaldeasturias.com\/radio\/wp-json\/wp\/v2\/tags?post=5337"}],"curies":[{"name":"wp","href":"https:\/\/api.w.org\/{rel}","templated":true}]}}