{"id":5333,"date":"2020-12-24T13:31:30","date_gmt":"2020-12-24T13:31:30","guid":{"rendered":"http:\/\/eldigitaldeasturias.com\/radio\/?p=5333"},"modified":"2020-12-24T13:31:30","modified_gmt":"2020-12-24T13:31:30","slug":"pumares-barbon-debe-liderar-a-toda-la-sociedad-asturiana","status":"publish","type":"post","link":"https:\/\/eldigitaldeasturias.com\/radio\/pumares-barbon-debe-liderar-a-toda-la-sociedad-asturiana\/","title":{"rendered":"Pumares: \u201cBarb\u00f3n debe liderar a toda la sociedad asturiana\u201d"},"content":{"rendered":"<figure id=\"attachment_5334\" aria-describedby=\"caption-attachment-5334\" style=\"width: 360px\" class=\"wp-caption alignleft\"><img fetchpriority=\"high\" decoding=\"async\" class=\"size-medium wp-image-5334\" src=\"https:\/\/eldigitaldeasturias.com\/radio\/wp-content\/uploads\/2020\/12\/Pumares-360x281.jpg\" alt=\"Pumares\" width=\"360\" height=\"281\" srcset=\"https:\/\/eldigitaldeasturias.com\/radio\/wp-content\/uploads\/2020\/12\/Pumares-360x281.jpg 360w, https:\/\/eldigitaldeasturias.com\/radio\/wp-content\/uploads\/2020\/12\/Pumares.jpg 641w\" sizes=\"(max-width: 360px) 100vw, 360px\" \/><figcaption id=\"caption-attachment-5334\" class=\"wp-caption-text\">FOTO: ARMANDO ALVAREZ &#8211; EP<\/figcaption><\/figure>\n<p>(EP) &#8211; El portavoz de Foro en la Junta General, Adri\u00e1n Pumares, ha instado este lunes al presidente asturiano, el socialista Adri\u00e1n Barb\u00f3n, exigir que el Gobierno central deje de discriminar al Principado y su industria.<\/p>\n<p>En nota de prensa, Pumares sostiene que el Presidente del Principado de Asturias, Adri\u00e1n Barb\u00f3n, \u00abdebe ponerse al frente y liderar a toda la sociedad asturiana, empezando por los 45 diputados de la Junta General, para exigir al Gobierno de Espa\u00f1a que deje de discriminar al Principado de Asturias, trat\u00e1ndonos como una Comunidad Aut\u00f3noma de segunda\u00bb.<\/p>\n<p>\u00abEl Estatuto de las electrointensivas reci\u00e9n aprobado no solo mantiene la discriminaci\u00f3n de la industria asturiana con respecto al resto de pa\u00edses de la Uni\u00f3n Europea, sino que tambi\u00e9n hace que nuestra industria sea menos competitiva que la de otras comunidades aut\u00f3nomas\u00bb, a\u00f1ade.<\/p>\n<p>Asimismo, sostiene que el Gobierno central ha aprobado un estatuto de las electrointensivas \u00abteniendo en cuenta, en lugar de las necesidades del conjunto de la industria espa\u00f1ola, los votos que son necesarios para que Pedro S\u00e1nchez siga en La Moncloa\u00bb.<\/p>\n<p>Con todo, asegura que \u00abes imprescindible un arancel medioambiental en la Uni\u00f3n Europea que permita a los productos producidos por nuestra industria competir en igualdad de condiciones con los que se realizan fuera de la Uni\u00f3n Europea, y que soportan unos costes ambientales mucho menores\u00bb.<\/p>\n","protected":false},"excerpt":{"rendered":"<p>(EP) &#8211; El portavoz de Foro en la Junta General, Adri\u00e1n Pumares, ha instado este lunes al presidente asturiano, el socialista Adri\u00e1n Barb\u00f3n, exigir que el Gobierno central deje de discriminar al Principado y su industria. En nota de prensa, Pumares sostiene que el Presidente del Principado de Asturias, Adri\u00e1n Barb\u00f3n, \u00abdebe ponerse al frente<\/p>\n","protected":false},"author":1,"featured_media":5334,"comment_status":"closed","ping_status":"closed","sticky":false,"template":"","format":"standard","meta":{"footnotes":""},"categories":[1],"tags":[],"class_list":{"0":"post-5333","1":"post","2":"type-post","3":"status-publish","4":"format-standard","5":"has-post-thumbnail","7":"category-noticias"},"aioseo_notices":[],"aioseo_head":"\n\t\t<!-- All in One SEO Pro 4.9.6.2 - aioseo.com -->\n\t<meta name=\"description\" content=\"(EP) - El portavoz de Foro en la Junta General, Adri\u00e1n Pumares, ha instado este lunes al presidente asturiano, el socialista Adri\u00e1n Barb\u00f3n, exigir que el Gobierno central deje de discriminar al Principado y su industria. En nota de prensa, Pumares sostiene que el Presidente del Principado de Asturias, Adri\u00e1n Barb\u00f3n, &quot;debe ponerse al frente\" \/>\n\t<meta name=\"robots\" content=\"max-image-preview:large\" \/>\n\t<meta name=\"author\" content=\"NBAsturias\"\/>\n\t<meta name=\"google-site-verification\" content=\"UA-38556648-1\" \/>\n\t<meta name=\"keywords\" content=\"noticias\" \/>\n\t<link rel=\"canonical\" href=\"https:\/\/eldigitaldeasturias.com\/radio\/pumares-barbon-debe-liderar-a-toda-la-sociedad-asturiana\/\" \/>\n\t<meta name=\"generator\" content=\"All in One SEO Pro (AIOSEO) 4.9.6.2\" \/>\n\t\t<meta property=\"og:locale\" content=\"es_ES\" \/>\n\t\t<meta property=\"og:site_name\" content=\"El Digital de Asturias | Diario de informaci\u00f3n y noticias\" \/>\n\t\t<meta property=\"og:type\" content=\"article\" \/>\n\t\t<meta property=\"og:title\" content=\"Pumares: \u201cBarb\u00f3n debe liderar a toda la sociedad asturiana\u201d | El Digital de Asturias\" \/>\n\t\t<meta property=\"og:description\" content=\"(EP) - El portavoz de Foro en la Junta General, Adri\u00e1n Pumares, ha instado este lunes al presidente asturiano, el socialista Adri\u00e1n Barb\u00f3n, exigir que el Gobierno central deje de discriminar al Principado y su industria. En nota de prensa, Pumares sostiene que el Presidente del Principado de Asturias, Adri\u00e1n Barb\u00f3n, &quot;debe ponerse al frente\" \/>\n\t\t<meta property=\"og:url\" content=\"https:\/\/eldigitaldeasturias.com\/radio\/pumares-barbon-debe-liderar-a-toda-la-sociedad-asturiana\/\" \/>\n\t\t<meta property=\"og:image\" content=\"https:\/\/eldigitaldeasturias.com\/radio\/wp-content\/uploads\/2020\/12\/Pumares.jpg\" \/>\n\t\t<meta property=\"og:image:secure_url\" content=\"https:\/\/eldigitaldeasturias.com\/radio\/wp-content\/uploads\/2020\/12\/Pumares.jpg\" \/>\n\t\t<meta property=\"og:image:width\" content=\"641\" \/>\n\t\t<meta property=\"og:image:height\" content=\"501\" \/>\n\t\t<meta property=\"article:published_time\" content=\"2020-12-24T13:31:30+00:00\" \/>\n\t\t<meta property=\"article:modified_time\" content=\"2020-12-24T13:31:30+00:00\" \/>\n\t\t<meta name=\"twitter:card\" content=\"summary_large_image\" \/>\n\t\t<meta name=\"twitter:site\" content=\"@bercodi\" \/>\n\t\t<meta name=\"twitter:title\" content=\"Pumares: \u201cBarb\u00f3n debe liderar a toda la sociedad asturiana\u201d | El Digital de Asturias\" \/>\n\t\t<meta name=\"twitter:description\" content=\"(EP) - El portavoz de Foro en la Junta General, Adri\u00e1n Pumares, ha instado este lunes al presidente asturiano, el socialista Adri\u00e1n Barb\u00f3n, exigir que el Gobierno central deje de discriminar al Principado y su industria. En nota de prensa, Pumares sostiene que el Presidente del Principado de Asturias, Adri\u00e1n Barb\u00f3n, &quot;debe ponerse al frente\" \/>\n\t\t<meta name=\"twitter:creator\" content=\"@bercodi\" \/>\n\t\t<meta name=\"twitter:image\" content=\"https:\/\/eldigitaldeasturias.com\/radio\/wp-content\/uploads\/2020\/12\/Pumares.jpg\" \/>\n\t\t<script type=\"application\/ld+json\" class=\"aioseo-schema\">\n\t\t\t{\"@context\":\"https:\\\/\\\/schema.org\",\"@graph\":[{\"@type\":\"BreadcrumbList\",\"@id\":\"https:\\\/\\\/eldigitaldeasturias.com\\\/radio\\\/pumares-barbon-debe-liderar-a-toda-la-sociedad-asturiana\\\/#breadcrumblist\",\"itemListElement\":[{\"@type\":\"ListItem\",\"@id\":\"https:\\\/\\\/eldigitaldeasturias.com\\\/radio#listItem\",\"position\":1,\"name\":\"Inicio\",\"item\":\"https:\\\/\\\/eldigitaldeasturias.com\\\/radio\",\"nextItem\":{\"@type\":\"ListItem\",\"@id\":\"https:\\\/\\\/eldigitaldeasturias.com\\\/radio\\\/category\\\/noticias\\\/#listItem\",\"name\":\"Noticias\"}},{\"@type\":\"ListItem\",\"@id\":\"https:\\\/\\\/eldigitaldeasturias.com\\\/radio\\\/category\\\/noticias\\\/#listItem\",\"position\":2,\"name\":\"Noticias\",\"item\":\"https:\\\/\\\/eldigitaldeasturias.com\\\/radio\\\/category\\\/noticias\\\/\",\"nextItem\":{\"@type\":\"ListItem\",\"@id\":\"https:\\\/\\\/eldigitaldeasturias.com\\\/radio\\\/pumares-barbon-debe-liderar-a-toda-la-sociedad-asturiana\\\/#listItem\",\"name\":\"Pumares: \\u201cBarb\\u00f3n debe liderar a toda la sociedad asturiana\\u201d\"},\"previousItem\":{\"@type\":\"ListItem\",\"@id\":\"https:\\\/\\\/eldigitaldeasturias.com\\\/radio#listItem\",\"name\":\"Inicio\"}},{\"@type\":\"ListItem\",\"@id\":\"https:\\\/\\\/eldigitaldeasturias.com\\\/radio\\\/pumares-barbon-debe-liderar-a-toda-la-sociedad-asturiana\\\/#listItem\",\"position\":3,\"name\":\"Pumares: \\u201cBarb\\u00f3n debe liderar a toda la sociedad asturiana\\u201d\",\"previousItem\":{\"@type\":\"ListItem\",\"@id\":\"https:\\\/\\\/eldigitaldeasturias.com\\\/radio\\\/category\\\/noticias\\\/#listItem\",\"name\":\"Noticias\"}}]},{\"@type\":\"NewsArticle\",\"@id\":\"https:\\\/\\\/eldigitaldeasturias.com\\\/radio\\\/pumares-barbon-debe-liderar-a-toda-la-sociedad-asturiana\\\/#newsarticle\",\"name\":\"Pumares: \\u201cBarb\\u00f3n debe liderar a toda la sociedad asturiana\\u201d | El Digital de Asturias\",\"headline\":\"Pumares: \\u201cBarb\\u00f3n debe liderar a toda la sociedad asturiana\\u201d\",\"author\":{\"@id\":\"https:\\\/\\\/eldigitaldeasturias.com\\\/radio\\\/author\\\/nbasturias\\\/#author\"},\"publisher\":{\"@id\":\"https:\\\/\\\/eldigitaldeasturias.com\\\/radio\\\/#organization\"},\"image\":{\"@type\":\"ImageObject\",\"url\":\"https:\\\/\\\/eldigitaldeasturias.com\\\/radio\\\/wp-content\\\/uploads\\\/2020\\\/12\\\/Pumares.jpg\",\"width\":641,\"height\":501,\"caption\":\"FOTO: ARMANDO ALVAREZ - EP\"},\"datePublished\":\"2020-12-24T13:31:30+01:00\",\"dateModified\":\"2020-12-24T13:31:30+01:00\",\"inLanguage\":\"es-ES\",\"mainEntityOfPage\":{\"@id\":\"https:\\\/\\\/eldigitaldeasturias.com\\\/radio\\\/pumares-barbon-debe-liderar-a-toda-la-sociedad-asturiana\\\/#webpage\"},\"isPartOf\":{\"@id\":\"https:\\\/\\\/eldigitaldeasturias.com\\\/radio\\\/pumares-barbon-debe-liderar-a-toda-la-sociedad-asturiana\\\/#webpage\"},\"articleSection\":\"Noticias\",\"dateline\":\"Publicado el diciembre 24, 2020.\"},{\"@type\":\"Organization\",\"@id\":\"https:\\\/\\\/eldigitaldeasturias.com\\\/radio\\\/#organization\",\"name\":\"El digital de Asturias Radio\",\"description\":\"Diario de informaci\\u00f3n y noticias\",\"url\":\"https:\\\/\\\/eldigitaldeasturias.com\\\/radio\\\/\",\"telephone\":\"+34652131393\",\"logo\":{\"@type\":\"ImageObject\",\"url\":\"https:\\\/\\\/www.eldigitaldeasturias.com\\\/radio\\\/wp-content\\\/uploads\\\/2021\\\/03\\\/EDA.jpg\",\"@id\":\"https:\\\/\\\/eldigitaldeasturias.com\\\/radio\\\/pumares-barbon-debe-liderar-a-toda-la-sociedad-asturiana\\\/#organizationLogo\"},\"image\":{\"@id\":\"https:\\\/\\\/eldigitaldeasturias.com\\\/radio\\\/pumares-barbon-debe-liderar-a-toda-la-sociedad-asturiana\\\/#organizationLogo\"},\"sameAs\":[\"https:\\\/\\\/www.facebook.com\\\/\",\"https:\\\/\\\/x.com\\\/bercodi\",\"https:\\\/\\\/www.instagram.com\\\/\",\"https:\\\/\\\/www.youtube.com\\\/channel\\\/UCZP-2wLEB9Rv6erhFmqVnvg\"]},{\"@type\":\"Person\",\"@id\":\"https:\\\/\\\/eldigitaldeasturias.com\\\/radio\\\/author\\\/nbasturias\\\/#author\",\"url\":\"https:\\\/\\\/eldigitaldeasturias.com\\\/radio\\\/author\\\/nbasturias\\\/\",\"name\":\"NBAsturias\",\"image\":{\"@type\":\"ImageObject\",\"@id\":\"https:\\\/\\\/eldigitaldeasturias.com\\\/radio\\\/pumares-barbon-debe-liderar-a-toda-la-sociedad-asturiana\\\/#authorImage\",\"url\":\"https:\\\/\\\/secure.gravatar.com\\\/avatar\\\/df2aeffc32bcd13f8d26072ef8a91b623d677766deac7f97ca815868cd41bf5e?s=96&d=mm&r=g\",\"width\":96,\"height\":96,\"caption\":\"NBAsturias\"}},{\"@type\":\"WebPage\",\"@id\":\"https:\\\/\\\/eldigitaldeasturias.com\\\/radio\\\/pumares-barbon-debe-liderar-a-toda-la-sociedad-asturiana\\\/#webpage\",\"url\":\"https:\\\/\\\/eldigitaldeasturias.com\\\/radio\\\/pumares-barbon-debe-liderar-a-toda-la-sociedad-asturiana\\\/\",\"name\":\"Pumares: \\u201cBarb\\u00f3n debe liderar a toda la sociedad asturiana\\u201d | El Digital de Asturias\",\"description\":\"(EP) - El portavoz de Foro en la Junta General, Adri\\u00e1n Pumares, ha instado este lunes al presidente asturiano, el socialista Adri\\u00e1n Barb\\u00f3n, exigir que el Gobierno central deje de discriminar al Principado y su industria. En nota de prensa, Pumares sostiene que el Presidente del Principado de Asturias, Adri\\u00e1n Barb\\u00f3n, \\\"debe ponerse al frente\",\"inLanguage\":\"es-ES\",\"isPartOf\":{\"@id\":\"https:\\\/\\\/eldigitaldeasturias.com\\\/radio\\\/#website\"},\"breadcrumb\":{\"@id\":\"https:\\\/\\\/eldigitaldeasturias.com\\\/radio\\\/pumares-barbon-debe-liderar-a-toda-la-sociedad-asturiana\\\/#breadcrumblist\"},\"author\":{\"@id\":\"https:\\\/\\\/eldigitaldeasturias.com\\\/radio\\\/author\\\/nbasturias\\\/#author\"},\"creator\":{\"@id\":\"https:\\\/\\\/eldigitaldeasturias.com\\\/radio\\\/author\\\/nbasturias\\\/#author\"},\"image\":{\"@type\":\"ImageObject\",\"url\":\"https:\\\/\\\/eldigitaldeasturias.com\\\/radio\\\/wp-content\\\/uploads\\\/2020\\\/12\\\/Pumares.jpg\",\"@id\":\"https:\\\/\\\/eldigitaldeasturias.com\\\/radio\\\/pumares-barbon-debe-liderar-a-toda-la-sociedad-asturiana\\\/#mainImage\",\"width\":641,\"height\":501,\"caption\":\"FOTO: ARMANDO ALVAREZ - EP\"},\"primaryImageOfPage\":{\"@id\":\"https:\\\/\\\/eldigitaldeasturias.com\\\/radio\\\/pumares-barbon-debe-liderar-a-toda-la-sociedad-asturiana\\\/#mainImage\"},\"datePublished\":\"2020-12-24T13:31:30+01:00\",\"dateModified\":\"2020-12-24T13:31:30+01:00\"},{\"@type\":\"WebSite\",\"@id\":\"https:\\\/\\\/eldigitaldeasturias.com\\\/radio\\\/#website\",\"url\":\"https:\\\/\\\/eldigitaldeasturias.com\\\/radio\\\/\",\"name\":\"El Digital de Asturias\",\"description\":\"Diario de informaci\\u00f3n y noticias\",\"inLanguage\":\"es-ES\",\"publisher\":{\"@id\":\"https:\\\/\\\/eldigitaldeasturias.com\\\/radio\\\/#organization\"}}]}\n\t\t<\/script>\n\t\t<!-- All in One SEO Pro -->\r\n\t\t<title>Pumares: \u201cBarb\u00f3n debe liderar a toda la sociedad asturiana\u201d | El Digital de Asturias<\/title>\n\n","aioseo_head_json":{"title":"Pumares: \u201cBarb\u00f3n debe liderar a toda la sociedad asturiana\u201d | El Digital de Asturias","description":"(EP) - El portavoz de Foro en la Junta General, Adri\u00e1n Pumares, ha instado este lunes al presidente asturiano, el socialista Adri\u00e1n Barb\u00f3n, exigir que el Gobierno central deje de discriminar al Principado y su industria. En nota de prensa, Pumares sostiene que el Presidente del Principado de Asturias, Adri\u00e1n Barb\u00f3n, \"debe ponerse al frente","canonical_url":"https:\/\/eldigitaldeasturias.com\/radio\/pumares-barbon-debe-liderar-a-toda-la-sociedad-asturiana\/","robots":"max-image-preview:large","keywords":"noticias","webmasterTools":{"google-site-verification":"UA-38556648-1","miscellaneous":""},"schema":{"@context":"https:\/\/schema.org","@graph":[{"@type":"BreadcrumbList","@id":"https:\/\/eldigitaldeasturias.com\/radio\/pumares-barbon-debe-liderar-a-toda-la-sociedad-asturiana\/#breadcrumblist","itemListElement":[{"@type":"ListItem","@id":"https:\/\/eldigitaldeasturias.com\/radio#listItem","position":1,"name":"Inicio","item":"https:\/\/eldigitaldeasturias.com\/radio","nextItem":{"@type":"ListItem","@id":"https:\/\/eldigitaldeasturias.com\/radio\/category\/noticias\/#listItem","name":"Noticias"}},{"@type":"ListItem","@id":"https:\/\/eldigitaldeasturias.com\/radio\/category\/noticias\/#listItem","position":2,"name":"Noticias","item":"https:\/\/eldigitaldeasturias.com\/radio\/category\/noticias\/","nextItem":{"@type":"ListItem","@id":"https:\/\/eldigitaldeasturias.com\/radio\/pumares-barbon-debe-liderar-a-toda-la-sociedad-asturiana\/#listItem","name":"Pumares: \u201cBarb\u00f3n debe liderar a toda la sociedad asturiana\u201d"},"previousItem":{"@type":"ListItem","@id":"https:\/\/eldigitaldeasturias.com\/radio#listItem","name":"Inicio"}},{"@type":"ListItem","@id":"https:\/\/eldigitaldeasturias.com\/radio\/pumares-barbon-debe-liderar-a-toda-la-sociedad-asturiana\/#listItem","position":3,"name":"Pumares: \u201cBarb\u00f3n debe liderar a toda la sociedad asturiana\u201d","previousItem":{"@type":"ListItem","@id":"https:\/\/eldigitaldeasturias.com\/radio\/category\/noticias\/#listItem","name":"Noticias"}}]},{"@type":"NewsArticle","@id":"https:\/\/eldigitaldeasturias.com\/radio\/pumares-barbon-debe-liderar-a-toda-la-sociedad-asturiana\/#newsarticle","name":"Pumares: \u201cBarb\u00f3n debe liderar a toda la sociedad asturiana\u201d | El Digital de Asturias","headline":"Pumares: \u201cBarb\u00f3n debe liderar a toda la sociedad asturiana\u201d","author":{"@id":"https:\/\/eldigitaldeasturias.com\/radio\/author\/nbasturias\/#author"},"publisher":{"@id":"https:\/\/eldigitaldeasturias.com\/radio\/#organization"},"image":{"@type":"ImageObject","url":"https:\/\/eldigitaldeasturias.com\/radio\/wp-content\/uploads\/2020\/12\/Pumares.jpg","width":641,"height":501,"caption":"FOTO: ARMANDO ALVAREZ - EP"},"datePublished":"2020-12-24T13:31:30+01:00","dateModified":"2020-12-24T13:31:30+01:00","inLanguage":"es-ES","mainEntityOfPage":{"@id":"https:\/\/eldigitaldeasturias.com\/radio\/pumares-barbon-debe-liderar-a-toda-la-sociedad-asturiana\/#webpage"},"isPartOf":{"@id":"https:\/\/eldigitaldeasturias.com\/radio\/pumares-barbon-debe-liderar-a-toda-la-sociedad-asturiana\/#webpage"},"articleSection":"Noticias","dateline":"Publicado el diciembre 24, 2020."},{"@type":"Organization","@id":"https:\/\/eldigitaldeasturias.com\/radio\/#organization","name":"El digital de Asturias Radio","description":"Diario de informaci\u00f3n y noticias","url":"https:\/\/eldigitaldeasturias.com\/radio\/","telephone":"+34652131393","logo":{"@type":"ImageObject","url":"https:\/\/www.eldigitaldeasturias.com\/radio\/wp-content\/uploads\/2021\/03\/EDA.jpg","@id":"https:\/\/eldigitaldeasturias.com\/radio\/pumares-barbon-debe-liderar-a-toda-la-sociedad-asturiana\/#organizationLogo"},"image":{"@id":"https:\/\/eldigitaldeasturias.com\/radio\/pumares-barbon-debe-liderar-a-toda-la-sociedad-asturiana\/#organizationLogo"},"sameAs":["https:\/\/www.facebook.com\/","https:\/\/x.com\/bercodi","https:\/\/www.instagram.com\/","https:\/\/www.youtube.com\/channel\/UCZP-2wLEB9Rv6erhFmqVnvg"]},{"@type":"Person","@id":"https:\/\/eldigitaldeasturias.com\/radio\/author\/nbasturias\/#author","url":"https:\/\/eldigitaldeasturias.com\/radio\/author\/nbasturias\/","name":"NBAsturias","image":{"@type":"ImageObject","@id":"https:\/\/eldigitaldeasturias.com\/radio\/pumares-barbon-debe-liderar-a-toda-la-sociedad-asturiana\/#authorImage","url":"https:\/\/secure.gravatar.com\/avatar\/df2aeffc32bcd13f8d26072ef8a91b623d677766deac7f97ca815868cd41bf5e?s=96&d=mm&r=g","width":96,"height":96,"caption":"NBAsturias"}},{"@type":"WebPage","@id":"https:\/\/eldigitaldeasturias.com\/radio\/pumares-barbon-debe-liderar-a-toda-la-sociedad-asturiana\/#webpage","url":"https:\/\/eldigitaldeasturias.com\/radio\/pumares-barbon-debe-liderar-a-toda-la-sociedad-asturiana\/","name":"Pumares: \u201cBarb\u00f3n debe liderar a toda la sociedad asturiana\u201d | El Digital de Asturias","description":"(EP) - El portavoz de Foro en la Junta General, Adri\u00e1n Pumares, ha instado este lunes al presidente asturiano, el socialista Adri\u00e1n Barb\u00f3n, exigir que el Gobierno central deje de discriminar al Principado y su industria. En nota de prensa, Pumares sostiene que el Presidente del Principado de Asturias, Adri\u00e1n Barb\u00f3n, \"debe ponerse al frente","inLanguage":"es-ES","isPartOf":{"@id":"https:\/\/eldigitaldeasturias.com\/radio\/#website"},"breadcrumb":{"@id":"https:\/\/eldigitaldeasturias.com\/radio\/pumares-barbon-debe-liderar-a-toda-la-sociedad-asturiana\/#breadcrumblist"},"author":{"@id":"https:\/\/eldigitaldeasturias.com\/radio\/author\/nbasturias\/#author"},"creator":{"@id":"https:\/\/eldigitaldeasturias.com\/radio\/author\/nbasturias\/#author"},"image":{"@type":"ImageObject","url":"https:\/\/eldigitaldeasturias.com\/radio\/wp-content\/uploads\/2020\/12\/Pumares.jpg","@id":"https:\/\/eldigitaldeasturias.com\/radio\/pumares-barbon-debe-liderar-a-toda-la-sociedad-asturiana\/#mainImage","width":641,"height":501,"caption":"FOTO: ARMANDO ALVAREZ - EP"},"primaryImageOfPage":{"@id":"https:\/\/eldigitaldeasturias.com\/radio\/pumares-barbon-debe-liderar-a-toda-la-sociedad-asturiana\/#mainImage"},"datePublished":"2020-12-24T13:31:30+01:00","dateModified":"2020-12-24T13:31:30+01:00"},{"@type":"WebSite","@id":"https:\/\/eldigitaldeasturias.com\/radio\/#website","url":"https:\/\/eldigitaldeasturias.com\/radio\/","name":"El Digital de Asturias","description":"Diario de informaci\u00f3n y noticias","inLanguage":"es-ES","publisher":{"@id":"https:\/\/eldigitaldeasturias.com\/radio\/#organization"}}]},"og:locale":"es_ES","og:site_name":"El Digital de Asturias | Diario de informaci\u00f3n y noticias","og:type":"article","og:title":"Pumares: \u201cBarb\u00f3n debe liderar a toda la sociedad asturiana\u201d | El Digital de Asturias","og:description":"(EP) - El portavoz de Foro en la Junta General, Adri\u00e1n Pumares, ha instado este lunes al presidente asturiano, el socialista Adri\u00e1n Barb\u00f3n, exigir que el Gobierno central deje de discriminar al Principado y su industria. En nota de prensa, Pumares sostiene que el Presidente del Principado de Asturias, Adri\u00e1n Barb\u00f3n, &quot;debe ponerse al frente","og:url":"https:\/\/eldigitaldeasturias.com\/radio\/pumares-barbon-debe-liderar-a-toda-la-sociedad-asturiana\/","og:image":"https:\/\/eldigitaldeasturias.com\/radio\/wp-content\/uploads\/2020\/12\/Pumares.jpg","og:image:secure_url":"https:\/\/eldigitaldeasturias.com\/radio\/wp-content\/uploads\/2020\/12\/Pumares.jpg","og:image:width":641,"og:image:height":501,"article:published_time":"2020-12-24T13:31:30+00:00","article:modified_time":"2020-12-24T13:31:30+00:00","twitter:card":"summary_large_image","twitter:site":"@bercodi","twitter:title":"Pumares: \u201cBarb\u00f3n debe liderar a toda la sociedad asturiana\u201d | El Digital de Asturias","twitter:description":"(EP) - El portavoz de Foro en la Junta General, Adri\u00e1n Pumares, ha instado este lunes al presidente asturiano, el socialista Adri\u00e1n Barb\u00f3n, exigir que el Gobierno central deje de discriminar al Principado y su industria. En nota de prensa, Pumares sostiene que el Presidente del Principado de Asturias, Adri\u00e1n Barb\u00f3n, &quot;debe ponerse al frente","twitter:creator":"@bercodi","twitter:image":"https:\/\/eldigitaldeasturias.com\/radio\/wp-content\/uploads\/2020\/12\/Pumares.jpg"},"aioseo_meta_data":{"post_id":"5333","title":null,"description":null,"keywords":null,"keyphrases":null,"primary_term":null,"canonical_url":null,"og_title":null,"og_description":null,"og_object_type":"default","og_image_type":"default","og_image_url":null,"og_image_width":null,"og_image_height":null,"og_image_custom_url":null,"og_image_custom_fields":null,"og_video":null,"og_custom_url":null,"og_article_section":null,"og_article_tags":null,"twitter_use_og":false,"twitter_card":"default","twitter_image_type":"default","twitter_image_url":null,"twitter_image_custom_url":null,"twitter_image_custom_fields":null,"twitter_title":null,"twitter_description":null,"schema":{"blockGraphs":[],"customGraphs":[],"default":{"data":{"Article":[],"Course":[],"Dataset":[],"FAQPage":[],"Movie":[],"Person":[],"Product":[],"ProductReview":[],"Car":[],"Recipe":[],"Service":[],"SoftwareApplication":[],"WebPage":[]},"graphName":"","isEnabled":true},"graphs":[],"defaultGraph":"","defaultPostTypeGraph":""},"schema_type":null,"schema_type_options":null,"pillar_content":false,"robots_default":true,"robots_noindex":false,"robots_noarchive":false,"robots_nosnippet":false,"robots_nofollow":false,"robots_noimageindex":false,"robots_noodp":false,"robots_notranslate":false,"robots_max_snippet":null,"robots_max_videopreview":null,"robots_max_imagepreview":"large","priority":null,"frequency":null,"location":null,"local_seo":null,"seo_analyzer_scan_date":"2025-08-28 17:41:56","breadcrumb_settings":null,"limit_modified_date":false,"open_ai":null,"ai":null,"created":"2021-03-25 11:32:22","updated":"2025-08-28 17:41:56"},"aioseo_breadcrumb":"<div class=\"aioseo-breadcrumbs\"><span class=\"aioseo-breadcrumb\">\n\t<a href=\"https:\/\/eldigitaldeasturias.com\/radio\" title=\"Inicio\">Inicio<\/a>\n<\/span><span class=\"aioseo-breadcrumb-separator\">&ndash;<\/span><span class=\"aioseo-breadcrumb\">\n\t<a href=\"https:\/\/eldigitaldeasturias.com\/radio\/category\/noticias\/\" title=\"Noticias\">Noticias<\/a>\n<\/span><span class=\"aioseo-breadcrumb-separator\">&ndash;<\/span><span class=\"aioseo-breadcrumb\">\n\tPumares: \u201cBarb\u00f3n debe liderar a toda la sociedad asturiana\u201d\n<\/span><\/div>","aioseo_breadcrumb_json":[{"label":"Inicio","link":"https:\/\/eldigitaldeasturias.com\/radio"},{"label":"Noticias","link":"https:\/\/eldigitaldeasturias.com\/radio\/category\/noticias\/"},{"label":"Pumares: \u201cBarb\u00f3n debe liderar a toda la sociedad asturiana\u201d","link":"https:\/\/eldigitaldeasturias.com\/radio\/pumares-barbon-debe-liderar-a-toda-la-sociedad-asturiana\/"}],"_links":{"self":[{"href":"https:\/\/eldigitaldeasturias.com\/radio\/wp-json\/wp\/v2\/posts\/5333","targetHints":{"allow":["GET"]}}],"collection":[{"href":"https:\/\/eldigitaldeasturias.com\/radio\/wp-json\/wp\/v2\/posts"}],"about":[{"href":"https:\/\/eldigitaldeasturias.com\/radio\/wp-json\/wp\/v2\/types\/post"}],"author":[{"embeddable":true,"href":"https:\/\/eldigitaldeasturias.com\/radio\/wp-json\/wp\/v2\/users\/1"}],"replies":[{"embeddable":true,"href":"https:\/\/eldigitaldeasturias.com\/radio\/wp-json\/wp\/v2\/comments?post=5333"}],"version-history":[{"count":0,"href":"https:\/\/eldigitaldeasturias.com\/radio\/wp-json\/wp\/v2\/posts\/5333\/revisions"}],"wp:featuredmedia":[{"embeddable":true,"href":"https:\/\/eldigitaldeasturias.com\/radio\/wp-json\/wp\/v2\/media\/5334"}],"wp:attachment":[{"href":"https:\/\/eldigitaldeasturias.com\/radio\/wp-json\/wp\/v2\/media?parent=5333"}],"wp:term":[{"taxonomy":"category","embeddable":true,"href":"https:\/\/eldigitaldeasturias.com\/radio\/wp-json\/wp\/v2\/categories?post=5333"},{"taxonomy":"post_tag","embeddable":true,"href":"https:\/\/eldigitaldeasturias.com\/radio\/wp-json\/wp\/v2\/tags?post=5333"}],"curies":[{"name":"wp","href":"https:\/\/api.w.org\/{rel}","templated":true}]}}