{"id":5330,"date":"2020-12-24T13:04:18","date_gmt":"2020-12-24T13:04:18","guid":{"rendered":"http:\/\/eldigitaldeasturias.com\/radio\/?p=5330"},"modified":"2020-12-24T13:04:18","modified_gmt":"2020-12-24T13:04:18","slug":"descenso-en-asturias-de-las-ventas-del-sector-servicios","status":"publish","type":"post","link":"https:\/\/eldigitaldeasturias.com\/radio\/descenso-en-asturias-de-las-ventas-del-sector-servicios\/","title":{"rendered":"Descenso en Asturias de las ventas del sector servicios"},"content":{"rendered":"<figure id=\"attachment_5331\" aria-describedby=\"caption-attachment-5331\" style=\"width: 360px\" class=\"wp-caption alignleft\"><img fetchpriority=\"high\" decoding=\"async\" class=\"size-medium wp-image-5331\" src=\"https:\/\/eldigitaldeasturias.com\/radio\/wp-content\/uploads\/2020\/12\/comercio-360x264.jpg\" alt=\"Comercio Oviedo\" width=\"360\" height=\"264\" srcset=\"https:\/\/eldigitaldeasturias.com\/radio\/wp-content\/uploads\/2020\/12\/comercio-360x264.jpg 360w, https:\/\/eldigitaldeasturias.com\/radio\/wp-content\/uploads\/2020\/12\/comercio.jpg 646w\" sizes=\"(max-width: 360px) 100vw, 360px\" \/><figcaption id=\"caption-attachment-5331\" class=\"wp-caption-text\">Foto: EUROPA PRESS &#8211; Archivo<\/figcaption><\/figure>\n<p>(EP) &#8211; El sector servicios ha registrado un descenso de su facturaci\u00f3n del 10,3% en octubre en Asturias, mientras que a nivel nacional la ca\u00edda ha sido del 14% respecto al mismo mes de 2019, ampliando en algo m\u00e1s de un punto la ca\u00edda que experiment\u00f3 en septiembre (-12,7%), seg\u00fan ha informado este lunes el Instituto Nacional de Estad\u00edstica (INE).<\/p>\n<p>Con el descenso de octubre, los servicios encadenan ocho meses consecutivos de retrocesos interanuales como consecuencia de la pandemia y sus efectos sobre la econom\u00eda.<\/p>\n<p>Los sectores m\u00e1s afectados por esta crisis contin\u00faan siendo los relacionados con el turismo. As\u00ed, las mayores ca\u00eddas interanuales de la facturaci\u00f3n se producen en las actividades de agencias de viajes (-87,3%), servicios de alojamiento (-78,5%) y transporte a\u00e9reo (-69,2%).<\/p>\n<p>En t\u00e9rminos mensuales y en datos corregidos de estacionalidad y calendario, el sector servicios registr\u00f3 en octubre un avance mensual de su facturaci\u00f3n del 2,9%, tasa superior a la de septiembre, cuando subi\u00f3 un 1,7%. Es el segundo mes consecutivo en el que aumentan las ventas del sector.<\/p>\n<p>Este repunte de la facturaci\u00f3n mensual se debe tanto al avance de las ventas del comercio (+2,5%), como al aumento registrado en los otros servicios, que facturaron en octubre un 3,1% m\u00e1s que en septiembre.<\/p>\n<p>Dentro de los otros servicios la hosteler\u00eda sigue siendo el sector que m\u00e1s sufre la pandemia: sus ventas en octubre se desplomaron un 8,1% en relaci\u00f3n a septiembre, notando as\u00ed el efecto de los rebrotes surgidos tras el verano y de las restricciones adoptadas para frenarlos.<\/p>\n<p>Pese al efecto de los expedientes de regulaci\u00f3n temporal de empleo (ERTE), la ocupaci\u00f3n en el sector servicios retrocedi\u00f3 en octubre un 5,2% en tasa interanual, una d\u00e9cimas m\u00e1s que en septiembre, destacando nuevamente la ca\u00edda del empleo en la hosteler\u00eda (-16,9%).<\/p>\n","protected":false},"excerpt":{"rendered":"<p>(EP) &#8211; El sector servicios ha registrado un descenso de su facturaci\u00f3n del 10,3% en octubre en Asturias, mientras que a nivel nacional la ca\u00edda ha sido del 14% respecto al mismo mes de 2019, ampliando en algo m\u00e1s de un punto la ca\u00edda que experiment\u00f3 en septiembre (-12,7%), seg\u00fan ha informado este lunes el<\/p>\n","protected":false},"author":1,"featured_media":5331,"comment_status":"closed","ping_status":"closed","sticky":false,"template":"","format":"standard","meta":{"footnotes":""},"categories":[35],"tags":[],"class_list":{"0":"post-5330","1":"post","2":"type-post","3":"status-publish","4":"format-standard","5":"has-post-thumbnail","7":"category-negocios"},"aioseo_notices":[],"aioseo_head":"\n\t\t<!-- All in One SEO Pro 4.9.6.2 - aioseo.com -->\n\t<meta name=\"description\" content=\"(EP) - El sector servicios ha registrado un descenso de su facturaci\u00f3n del 10,3% en octubre en Asturias, mientras que a nivel nacional la ca\u00edda ha sido del 14% respecto al mismo mes de 2019, ampliando en algo m\u00e1s de un punto la ca\u00edda que experiment\u00f3 en septiembre (-12,7%), seg\u00fan ha informado este lunes el\" \/>\n\t<meta name=\"robots\" content=\"max-image-preview:large\" \/>\n\t<meta name=\"author\" content=\"NBAsturias\"\/>\n\t<meta name=\"google-site-verification\" content=\"UA-38556648-1\" \/>\n\t<meta name=\"keywords\" content=\"negocios\" \/>\n\t<link rel=\"canonical\" href=\"https:\/\/eldigitaldeasturias.com\/radio\/descenso-en-asturias-de-las-ventas-del-sector-servicios\/\" \/>\n\t<meta name=\"generator\" content=\"All in One SEO Pro (AIOSEO) 4.9.6.2\" \/>\n\t\t<meta property=\"og:locale\" content=\"es_ES\" \/>\n\t\t<meta property=\"og:site_name\" content=\"El Digital de Asturias | Diario de informaci\u00f3n y noticias\" \/>\n\t\t<meta property=\"og:type\" content=\"article\" \/>\n\t\t<meta property=\"og:title\" content=\"Descenso en Asturias de las ventas del sector servicios | El Digital de Asturias\" \/>\n\t\t<meta property=\"og:description\" content=\"(EP) - El sector servicios ha registrado un descenso de su facturaci\u00f3n del 10,3% en octubre en Asturias, mientras que a nivel nacional la ca\u00edda ha sido del 14% respecto al mismo mes de 2019, ampliando en algo m\u00e1s de un punto la ca\u00edda que experiment\u00f3 en septiembre (-12,7%), seg\u00fan ha informado este lunes el\" \/>\n\t\t<meta property=\"og:url\" content=\"https:\/\/eldigitaldeasturias.com\/radio\/descenso-en-asturias-de-las-ventas-del-sector-servicios\/\" \/>\n\t\t<meta property=\"og:image\" content=\"https:\/\/eldigitaldeasturias.com\/radio\/wp-content\/uploads\/2020\/12\/comercio.jpg\" \/>\n\t\t<meta property=\"og:image:secure_url\" content=\"https:\/\/eldigitaldeasturias.com\/radio\/wp-content\/uploads\/2020\/12\/comercio.jpg\" \/>\n\t\t<meta property=\"og:image:width\" content=\"646\" \/>\n\t\t<meta property=\"og:image:height\" content=\"474\" \/>\n\t\t<meta property=\"article:published_time\" content=\"2020-12-24T13:04:18+00:00\" \/>\n\t\t<meta property=\"article:modified_time\" content=\"2020-12-24T13:04:18+00:00\" \/>\n\t\t<meta name=\"twitter:card\" content=\"summary_large_image\" \/>\n\t\t<meta name=\"twitter:site\" content=\"@bercodi\" \/>\n\t\t<meta name=\"twitter:title\" content=\"Descenso en Asturias de las ventas del sector servicios | El Digital de Asturias\" \/>\n\t\t<meta name=\"twitter:description\" content=\"(EP) - El sector servicios ha registrado un descenso de su facturaci\u00f3n del 10,3% en octubre en Asturias, mientras que a nivel nacional la ca\u00edda ha sido del 14% respecto al mismo mes de 2019, ampliando en algo m\u00e1s de un punto la ca\u00edda que experiment\u00f3 en septiembre (-12,7%), seg\u00fan ha informado este lunes el\" \/>\n\t\t<meta name=\"twitter:creator\" content=\"@bercodi\" \/>\n\t\t<meta name=\"twitter:image\" content=\"https:\/\/eldigitaldeasturias.com\/radio\/wp-content\/uploads\/2020\/12\/comercio.jpg\" \/>\n\t\t<script type=\"application\/ld+json\" class=\"aioseo-schema\">\n\t\t\t{\"@context\":\"https:\\\/\\\/schema.org\",\"@graph\":[{\"@type\":\"BreadcrumbList\",\"@id\":\"https:\\\/\\\/eldigitaldeasturias.com\\\/radio\\\/descenso-en-asturias-de-las-ventas-del-sector-servicios\\\/#breadcrumblist\",\"itemListElement\":[{\"@type\":\"ListItem\",\"@id\":\"https:\\\/\\\/eldigitaldeasturias.com\\\/radio#listItem\",\"position\":1,\"name\":\"Inicio\",\"item\":\"https:\\\/\\\/eldigitaldeasturias.com\\\/radio\",\"nextItem\":{\"@type\":\"ListItem\",\"@id\":\"https:\\\/\\\/eldigitaldeasturias.com\\\/radio\\\/category\\\/negocios\\\/#listItem\",\"name\":\"Negocios\"}},{\"@type\":\"ListItem\",\"@id\":\"https:\\\/\\\/eldigitaldeasturias.com\\\/radio\\\/category\\\/negocios\\\/#listItem\",\"position\":2,\"name\":\"Negocios\",\"item\":\"https:\\\/\\\/eldigitaldeasturias.com\\\/radio\\\/category\\\/negocios\\\/\",\"nextItem\":{\"@type\":\"ListItem\",\"@id\":\"https:\\\/\\\/eldigitaldeasturias.com\\\/radio\\\/descenso-en-asturias-de-las-ventas-del-sector-servicios\\\/#listItem\",\"name\":\"Descenso en Asturias de las ventas del sector servicios\"},\"previousItem\":{\"@type\":\"ListItem\",\"@id\":\"https:\\\/\\\/eldigitaldeasturias.com\\\/radio#listItem\",\"name\":\"Inicio\"}},{\"@type\":\"ListItem\",\"@id\":\"https:\\\/\\\/eldigitaldeasturias.com\\\/radio\\\/descenso-en-asturias-de-las-ventas-del-sector-servicios\\\/#listItem\",\"position\":3,\"name\":\"Descenso en Asturias de las ventas del sector servicios\",\"previousItem\":{\"@type\":\"ListItem\",\"@id\":\"https:\\\/\\\/eldigitaldeasturias.com\\\/radio\\\/category\\\/negocios\\\/#listItem\",\"name\":\"Negocios\"}}]},{\"@type\":\"NewsArticle\",\"@id\":\"https:\\\/\\\/eldigitaldeasturias.com\\\/radio\\\/descenso-en-asturias-de-las-ventas-del-sector-servicios\\\/#newsarticle\",\"name\":\"Descenso en Asturias de las ventas del sector servicios | El Digital de Asturias\",\"headline\":\"Descenso en Asturias de las ventas del sector servicios\",\"author\":{\"@id\":\"https:\\\/\\\/eldigitaldeasturias.com\\\/radio\\\/author\\\/nbasturias\\\/#author\"},\"publisher\":{\"@id\":\"https:\\\/\\\/eldigitaldeasturias.com\\\/radio\\\/#organization\"},\"image\":{\"@type\":\"ImageObject\",\"url\":\"https:\\\/\\\/eldigitaldeasturias.com\\\/radio\\\/wp-content\\\/uploads\\\/2020\\\/12\\\/comercio.jpg\",\"width\":646,\"height\":474,\"caption\":\"Foto: EUROPA PRESS - Archivo\"},\"datePublished\":\"2020-12-24T13:04:18+01:00\",\"dateModified\":\"2020-12-24T13:04:18+01:00\",\"inLanguage\":\"es-ES\",\"mainEntityOfPage\":{\"@id\":\"https:\\\/\\\/eldigitaldeasturias.com\\\/radio\\\/descenso-en-asturias-de-las-ventas-del-sector-servicios\\\/#webpage\"},\"isPartOf\":{\"@id\":\"https:\\\/\\\/eldigitaldeasturias.com\\\/radio\\\/descenso-en-asturias-de-las-ventas-del-sector-servicios\\\/#webpage\"},\"articleSection\":\"Negocios\",\"dateline\":\"Publicado el diciembre 24, 2020.\"},{\"@type\":\"Organization\",\"@id\":\"https:\\\/\\\/eldigitaldeasturias.com\\\/radio\\\/#organization\",\"name\":\"El digital de Asturias Radio\",\"description\":\"Diario de informaci\\u00f3n y noticias\",\"url\":\"https:\\\/\\\/eldigitaldeasturias.com\\\/radio\\\/\",\"telephone\":\"+34652131393\",\"logo\":{\"@type\":\"ImageObject\",\"url\":\"https:\\\/\\\/www.eldigitaldeasturias.com\\\/radio\\\/wp-content\\\/uploads\\\/2021\\\/03\\\/EDA.jpg\",\"@id\":\"https:\\\/\\\/eldigitaldeasturias.com\\\/radio\\\/descenso-en-asturias-de-las-ventas-del-sector-servicios\\\/#organizationLogo\"},\"image\":{\"@id\":\"https:\\\/\\\/eldigitaldeasturias.com\\\/radio\\\/descenso-en-asturias-de-las-ventas-del-sector-servicios\\\/#organizationLogo\"},\"sameAs\":[\"https:\\\/\\\/www.facebook.com\\\/\",\"https:\\\/\\\/x.com\\\/bercodi\",\"https:\\\/\\\/www.instagram.com\\\/\",\"https:\\\/\\\/www.youtube.com\\\/channel\\\/UCZP-2wLEB9Rv6erhFmqVnvg\"]},{\"@type\":\"Person\",\"@id\":\"https:\\\/\\\/eldigitaldeasturias.com\\\/radio\\\/author\\\/nbasturias\\\/#author\",\"url\":\"https:\\\/\\\/eldigitaldeasturias.com\\\/radio\\\/author\\\/nbasturias\\\/\",\"name\":\"NBAsturias\",\"image\":{\"@type\":\"ImageObject\",\"@id\":\"https:\\\/\\\/eldigitaldeasturias.com\\\/radio\\\/descenso-en-asturias-de-las-ventas-del-sector-servicios\\\/#authorImage\",\"url\":\"https:\\\/\\\/secure.gravatar.com\\\/avatar\\\/df2aeffc32bcd13f8d26072ef8a91b623d677766deac7f97ca815868cd41bf5e?s=96&d=mm&r=g\",\"width\":96,\"height\":96,\"caption\":\"NBAsturias\"}},{\"@type\":\"WebPage\",\"@id\":\"https:\\\/\\\/eldigitaldeasturias.com\\\/radio\\\/descenso-en-asturias-de-las-ventas-del-sector-servicios\\\/#webpage\",\"url\":\"https:\\\/\\\/eldigitaldeasturias.com\\\/radio\\\/descenso-en-asturias-de-las-ventas-del-sector-servicios\\\/\",\"name\":\"Descenso en Asturias de las ventas del sector servicios | El Digital de Asturias\",\"description\":\"(EP) - El sector servicios ha registrado un descenso de su facturaci\\u00f3n del 10,3% en octubre en Asturias, mientras que a nivel nacional la ca\\u00edda ha sido del 14% respecto al mismo mes de 2019, ampliando en algo m\\u00e1s de un punto la ca\\u00edda que experiment\\u00f3 en septiembre (-12,7%), seg\\u00fan ha informado este lunes el\",\"inLanguage\":\"es-ES\",\"isPartOf\":{\"@id\":\"https:\\\/\\\/eldigitaldeasturias.com\\\/radio\\\/#website\"},\"breadcrumb\":{\"@id\":\"https:\\\/\\\/eldigitaldeasturias.com\\\/radio\\\/descenso-en-asturias-de-las-ventas-del-sector-servicios\\\/#breadcrumblist\"},\"author\":{\"@id\":\"https:\\\/\\\/eldigitaldeasturias.com\\\/radio\\\/author\\\/nbasturias\\\/#author\"},\"creator\":{\"@id\":\"https:\\\/\\\/eldigitaldeasturias.com\\\/radio\\\/author\\\/nbasturias\\\/#author\"},\"image\":{\"@type\":\"ImageObject\",\"url\":\"https:\\\/\\\/eldigitaldeasturias.com\\\/radio\\\/wp-content\\\/uploads\\\/2020\\\/12\\\/comercio.jpg\",\"@id\":\"https:\\\/\\\/eldigitaldeasturias.com\\\/radio\\\/descenso-en-asturias-de-las-ventas-del-sector-servicios\\\/#mainImage\",\"width\":646,\"height\":474,\"caption\":\"Foto: EUROPA PRESS - Archivo\"},\"primaryImageOfPage\":{\"@id\":\"https:\\\/\\\/eldigitaldeasturias.com\\\/radio\\\/descenso-en-asturias-de-las-ventas-del-sector-servicios\\\/#mainImage\"},\"datePublished\":\"2020-12-24T13:04:18+01:00\",\"dateModified\":\"2020-12-24T13:04:18+01:00\"},{\"@type\":\"WebSite\",\"@id\":\"https:\\\/\\\/eldigitaldeasturias.com\\\/radio\\\/#website\",\"url\":\"https:\\\/\\\/eldigitaldeasturias.com\\\/radio\\\/\",\"name\":\"El Digital de Asturias\",\"description\":\"Diario de informaci\\u00f3n y noticias\",\"inLanguage\":\"es-ES\",\"publisher\":{\"@id\":\"https:\\\/\\\/eldigitaldeasturias.com\\\/radio\\\/#organization\"}}]}\n\t\t<\/script>\n\t\t<!-- All in One SEO Pro -->\r\n\t\t<title>Descenso en Asturias de las ventas del sector servicios | El Digital de Asturias<\/title>\n\n","aioseo_head_json":{"title":"Descenso en Asturias de las ventas del sector servicios | El Digital de Asturias","description":"(EP) - El sector servicios ha registrado un descenso de su facturaci\u00f3n del 10,3% en octubre en Asturias, mientras que a nivel nacional la ca\u00edda ha sido del 14% respecto al mismo mes de 2019, ampliando en algo m\u00e1s de un punto la ca\u00edda que experiment\u00f3 en septiembre (-12,7%), seg\u00fan ha informado este lunes el","canonical_url":"https:\/\/eldigitaldeasturias.com\/radio\/descenso-en-asturias-de-las-ventas-del-sector-servicios\/","robots":"max-image-preview:large","keywords":"negocios","webmasterTools":{"google-site-verification":"UA-38556648-1","miscellaneous":""},"schema":{"@context":"https:\/\/schema.org","@graph":[{"@type":"BreadcrumbList","@id":"https:\/\/eldigitaldeasturias.com\/radio\/descenso-en-asturias-de-las-ventas-del-sector-servicios\/#breadcrumblist","itemListElement":[{"@type":"ListItem","@id":"https:\/\/eldigitaldeasturias.com\/radio#listItem","position":1,"name":"Inicio","item":"https:\/\/eldigitaldeasturias.com\/radio","nextItem":{"@type":"ListItem","@id":"https:\/\/eldigitaldeasturias.com\/radio\/category\/negocios\/#listItem","name":"Negocios"}},{"@type":"ListItem","@id":"https:\/\/eldigitaldeasturias.com\/radio\/category\/negocios\/#listItem","position":2,"name":"Negocios","item":"https:\/\/eldigitaldeasturias.com\/radio\/category\/negocios\/","nextItem":{"@type":"ListItem","@id":"https:\/\/eldigitaldeasturias.com\/radio\/descenso-en-asturias-de-las-ventas-del-sector-servicios\/#listItem","name":"Descenso en Asturias de las ventas del sector servicios"},"previousItem":{"@type":"ListItem","@id":"https:\/\/eldigitaldeasturias.com\/radio#listItem","name":"Inicio"}},{"@type":"ListItem","@id":"https:\/\/eldigitaldeasturias.com\/radio\/descenso-en-asturias-de-las-ventas-del-sector-servicios\/#listItem","position":3,"name":"Descenso en Asturias de las ventas del sector servicios","previousItem":{"@type":"ListItem","@id":"https:\/\/eldigitaldeasturias.com\/radio\/category\/negocios\/#listItem","name":"Negocios"}}]},{"@type":"NewsArticle","@id":"https:\/\/eldigitaldeasturias.com\/radio\/descenso-en-asturias-de-las-ventas-del-sector-servicios\/#newsarticle","name":"Descenso en Asturias de las ventas del sector servicios | El Digital de Asturias","headline":"Descenso en Asturias de las ventas del sector servicios","author":{"@id":"https:\/\/eldigitaldeasturias.com\/radio\/author\/nbasturias\/#author"},"publisher":{"@id":"https:\/\/eldigitaldeasturias.com\/radio\/#organization"},"image":{"@type":"ImageObject","url":"https:\/\/eldigitaldeasturias.com\/radio\/wp-content\/uploads\/2020\/12\/comercio.jpg","width":646,"height":474,"caption":"Foto: EUROPA PRESS - Archivo"},"datePublished":"2020-12-24T13:04:18+01:00","dateModified":"2020-12-24T13:04:18+01:00","inLanguage":"es-ES","mainEntityOfPage":{"@id":"https:\/\/eldigitaldeasturias.com\/radio\/descenso-en-asturias-de-las-ventas-del-sector-servicios\/#webpage"},"isPartOf":{"@id":"https:\/\/eldigitaldeasturias.com\/radio\/descenso-en-asturias-de-las-ventas-del-sector-servicios\/#webpage"},"articleSection":"Negocios","dateline":"Publicado el diciembre 24, 2020."},{"@type":"Organization","@id":"https:\/\/eldigitaldeasturias.com\/radio\/#organization","name":"El digital de Asturias Radio","description":"Diario de informaci\u00f3n y noticias","url":"https:\/\/eldigitaldeasturias.com\/radio\/","telephone":"+34652131393","logo":{"@type":"ImageObject","url":"https:\/\/www.eldigitaldeasturias.com\/radio\/wp-content\/uploads\/2021\/03\/EDA.jpg","@id":"https:\/\/eldigitaldeasturias.com\/radio\/descenso-en-asturias-de-las-ventas-del-sector-servicios\/#organizationLogo"},"image":{"@id":"https:\/\/eldigitaldeasturias.com\/radio\/descenso-en-asturias-de-las-ventas-del-sector-servicios\/#organizationLogo"},"sameAs":["https:\/\/www.facebook.com\/","https:\/\/x.com\/bercodi","https:\/\/www.instagram.com\/","https:\/\/www.youtube.com\/channel\/UCZP-2wLEB9Rv6erhFmqVnvg"]},{"@type":"Person","@id":"https:\/\/eldigitaldeasturias.com\/radio\/author\/nbasturias\/#author","url":"https:\/\/eldigitaldeasturias.com\/radio\/author\/nbasturias\/","name":"NBAsturias","image":{"@type":"ImageObject","@id":"https:\/\/eldigitaldeasturias.com\/radio\/descenso-en-asturias-de-las-ventas-del-sector-servicios\/#authorImage","url":"https:\/\/secure.gravatar.com\/avatar\/df2aeffc32bcd13f8d26072ef8a91b623d677766deac7f97ca815868cd41bf5e?s=96&d=mm&r=g","width":96,"height":96,"caption":"NBAsturias"}},{"@type":"WebPage","@id":"https:\/\/eldigitaldeasturias.com\/radio\/descenso-en-asturias-de-las-ventas-del-sector-servicios\/#webpage","url":"https:\/\/eldigitaldeasturias.com\/radio\/descenso-en-asturias-de-las-ventas-del-sector-servicios\/","name":"Descenso en Asturias de las ventas del sector servicios | El Digital de Asturias","description":"(EP) - El sector servicios ha registrado un descenso de su facturaci\u00f3n del 10,3% en octubre en Asturias, mientras que a nivel nacional la ca\u00edda ha sido del 14% respecto al mismo mes de 2019, ampliando en algo m\u00e1s de un punto la ca\u00edda que experiment\u00f3 en septiembre (-12,7%), seg\u00fan ha informado este lunes el","inLanguage":"es-ES","isPartOf":{"@id":"https:\/\/eldigitaldeasturias.com\/radio\/#website"},"breadcrumb":{"@id":"https:\/\/eldigitaldeasturias.com\/radio\/descenso-en-asturias-de-las-ventas-del-sector-servicios\/#breadcrumblist"},"author":{"@id":"https:\/\/eldigitaldeasturias.com\/radio\/author\/nbasturias\/#author"},"creator":{"@id":"https:\/\/eldigitaldeasturias.com\/radio\/author\/nbasturias\/#author"},"image":{"@type":"ImageObject","url":"https:\/\/eldigitaldeasturias.com\/radio\/wp-content\/uploads\/2020\/12\/comercio.jpg","@id":"https:\/\/eldigitaldeasturias.com\/radio\/descenso-en-asturias-de-las-ventas-del-sector-servicios\/#mainImage","width":646,"height":474,"caption":"Foto: EUROPA PRESS - Archivo"},"primaryImageOfPage":{"@id":"https:\/\/eldigitaldeasturias.com\/radio\/descenso-en-asturias-de-las-ventas-del-sector-servicios\/#mainImage"},"datePublished":"2020-12-24T13:04:18+01:00","dateModified":"2020-12-24T13:04:18+01:00"},{"@type":"WebSite","@id":"https:\/\/eldigitaldeasturias.com\/radio\/#website","url":"https:\/\/eldigitaldeasturias.com\/radio\/","name":"El Digital de Asturias","description":"Diario de informaci\u00f3n y noticias","inLanguage":"es-ES","publisher":{"@id":"https:\/\/eldigitaldeasturias.com\/radio\/#organization"}}]},"og:locale":"es_ES","og:site_name":"El Digital de Asturias | Diario de informaci\u00f3n y noticias","og:type":"article","og:title":"Descenso en Asturias de las ventas del sector servicios | El Digital de Asturias","og:description":"(EP) - El sector servicios ha registrado un descenso de su facturaci\u00f3n del 10,3% en octubre en Asturias, mientras que a nivel nacional la ca\u00edda ha sido del 14% respecto al mismo mes de 2019, ampliando en algo m\u00e1s de un punto la ca\u00edda que experiment\u00f3 en septiembre (-12,7%), seg\u00fan ha informado este lunes el","og:url":"https:\/\/eldigitaldeasturias.com\/radio\/descenso-en-asturias-de-las-ventas-del-sector-servicios\/","og:image":"https:\/\/eldigitaldeasturias.com\/radio\/wp-content\/uploads\/2020\/12\/comercio.jpg","og:image:secure_url":"https:\/\/eldigitaldeasturias.com\/radio\/wp-content\/uploads\/2020\/12\/comercio.jpg","og:image:width":646,"og:image:height":474,"article:published_time":"2020-12-24T13:04:18+00:00","article:modified_time":"2020-12-24T13:04:18+00:00","twitter:card":"summary_large_image","twitter:site":"@bercodi","twitter:title":"Descenso en Asturias de las ventas del sector servicios | El Digital de Asturias","twitter:description":"(EP) - El sector servicios ha registrado un descenso de su facturaci\u00f3n del 10,3% en octubre en Asturias, mientras que a nivel nacional la ca\u00edda ha sido del 14% respecto al mismo mes de 2019, ampliando en algo m\u00e1s de un punto la ca\u00edda que experiment\u00f3 en septiembre (-12,7%), seg\u00fan ha informado este lunes el","twitter:creator":"@bercodi","twitter:image":"https:\/\/eldigitaldeasturias.com\/radio\/wp-content\/uploads\/2020\/12\/comercio.jpg"},"aioseo_meta_data":{"post_id":"5330","title":null,"description":null,"keywords":null,"keyphrases":null,"primary_term":null,"canonical_url":null,"og_title":null,"og_description":null,"og_object_type":"default","og_image_type":"default","og_image_url":null,"og_image_width":null,"og_image_height":null,"og_image_custom_url":null,"og_image_custom_fields":null,"og_video":null,"og_custom_url":null,"og_article_section":null,"og_article_tags":null,"twitter_use_og":false,"twitter_card":"default","twitter_image_type":"default","twitter_image_url":null,"twitter_image_custom_url":null,"twitter_image_custom_fields":null,"twitter_title":null,"twitter_description":null,"schema":{"blockGraphs":[],"customGraphs":[],"default":{"data":{"Article":[],"Course":[],"Dataset":[],"FAQPage":[],"Movie":[],"Person":[],"Product":[],"ProductReview":[],"Car":[],"Recipe":[],"Service":[],"SoftwareApplication":[],"WebPage":[]},"graphName":"","isEnabled":true},"graphs":[],"defaultGraph":"","defaultPostTypeGraph":""},"schema_type":null,"schema_type_options":null,"pillar_content":false,"robots_default":true,"robots_noindex":false,"robots_noarchive":false,"robots_nosnippet":false,"robots_nofollow":false,"robots_noimageindex":false,"robots_noodp":false,"robots_notranslate":false,"robots_max_snippet":null,"robots_max_videopreview":null,"robots_max_imagepreview":"large","priority":null,"frequency":null,"location":null,"local_seo":null,"seo_analyzer_scan_date":"2025-08-28 17:39:28","breadcrumb_settings":null,"limit_modified_date":false,"open_ai":null,"ai":null,"created":"2021-03-26 00:17:26","updated":"2025-08-28 17:39:28"},"aioseo_breadcrumb":"<div class=\"aioseo-breadcrumbs\"><span class=\"aioseo-breadcrumb\">\n\t<a href=\"https:\/\/eldigitaldeasturias.com\/radio\" title=\"Inicio\">Inicio<\/a>\n<\/span><span class=\"aioseo-breadcrumb-separator\">&ndash;<\/span><span class=\"aioseo-breadcrumb\">\n\t<a href=\"https:\/\/eldigitaldeasturias.com\/radio\/category\/negocios\/\" title=\"Negocios\">Negocios<\/a>\n<\/span><span class=\"aioseo-breadcrumb-separator\">&ndash;<\/span><span class=\"aioseo-breadcrumb\">\n\tDescenso en Asturias de las ventas del sector servicios\n<\/span><\/div>","aioseo_breadcrumb_json":[{"label":"Inicio","link":"https:\/\/eldigitaldeasturias.com\/radio"},{"label":"Negocios","link":"https:\/\/eldigitaldeasturias.com\/radio\/category\/negocios\/"},{"label":"Descenso en Asturias de las ventas del sector servicios","link":"https:\/\/eldigitaldeasturias.com\/radio\/descenso-en-asturias-de-las-ventas-del-sector-servicios\/"}],"_links":{"self":[{"href":"https:\/\/eldigitaldeasturias.com\/radio\/wp-json\/wp\/v2\/posts\/5330","targetHints":{"allow":["GET"]}}],"collection":[{"href":"https:\/\/eldigitaldeasturias.com\/radio\/wp-json\/wp\/v2\/posts"}],"about":[{"href":"https:\/\/eldigitaldeasturias.com\/radio\/wp-json\/wp\/v2\/types\/post"}],"author":[{"embeddable":true,"href":"https:\/\/eldigitaldeasturias.com\/radio\/wp-json\/wp\/v2\/users\/1"}],"replies":[{"embeddable":true,"href":"https:\/\/eldigitaldeasturias.com\/radio\/wp-json\/wp\/v2\/comments?post=5330"}],"version-history":[{"count":0,"href":"https:\/\/eldigitaldeasturias.com\/radio\/wp-json\/wp\/v2\/posts\/5330\/revisions"}],"wp:featuredmedia":[{"embeddable":true,"href":"https:\/\/eldigitaldeasturias.com\/radio\/wp-json\/wp\/v2\/media\/5331"}],"wp:attachment":[{"href":"https:\/\/eldigitaldeasturias.com\/radio\/wp-json\/wp\/v2\/media?parent=5330"}],"wp:term":[{"taxonomy":"category","embeddable":true,"href":"https:\/\/eldigitaldeasturias.com\/radio\/wp-json\/wp\/v2\/categories?post=5330"},{"taxonomy":"post_tag","embeddable":true,"href":"https:\/\/eldigitaldeasturias.com\/radio\/wp-json\/wp\/v2\/tags?post=5330"}],"curies":[{"name":"wp","href":"https:\/\/api.w.org\/{rel}","templated":true}]}}