{"id":5327,"date":"2020-12-24T13:00:14","date_gmt":"2020-12-24T13:00:14","guid":{"rendered":"http:\/\/eldigitaldeasturias.com\/radio\/?p=5327"},"modified":"2020-12-24T13:00:14","modified_gmt":"2020-12-24T13:00:14","slug":"barbon-muestra-su-preocupacion-ante-la-nueva-cepa","status":"publish","type":"post","link":"https:\/\/eldigitaldeasturias.com\/radio\/barbon-muestra-su-preocupacion-ante-la-nueva-cepa\/","title":{"rendered":"Barb\u00f3n muestra su preocupaci\u00f3n ante la \u00abnueva cepa\u00bb"},"content":{"rendered":"<figure id=\"attachment_5328\" aria-describedby=\"caption-attachment-5328\" style=\"width: 360px\" class=\"wp-caption alignleft\"><img fetchpriority=\"high\" decoding=\"async\" class=\"size-medium wp-image-5328\" src=\"https:\/\/eldigitaldeasturias.com\/radio\/wp-content\/uploads\/2020\/12\/Barbon-360x293.jpg\" alt=\"El presidente del Principado\" width=\"360\" height=\"293\" srcset=\"https:\/\/eldigitaldeasturias.com\/radio\/wp-content\/uploads\/2020\/12\/Barbon-360x293.jpg 360w, https:\/\/eldigitaldeasturias.com\/radio\/wp-content\/uploads\/2020\/12\/Barbon.jpg 587w\" sizes=\"(max-width: 360px) 100vw, 360px\" \/><figcaption id=\"caption-attachment-5328\" class=\"wp-caption-text\">Adri\u00e1n Barb\u00f3n, en una imagen de archivo &#8211; EUROPA PRESS<\/figcaption><\/figure>\n<p>(EP) &#8211; El presidente del Gobierno asturiano, el socialista Adri\u00e1n Barb\u00f3n, ha mostrado en su perfil de redes sociales en la noche del domingo su preocupaci\u00f3n ante la \u00abnueva cepa\u00bb de coronavirus que \u00abest\u00e1 desatando la alarma en toda Europa\u00bb. \u00abPor los datos que llegan del Reino Unido, parece ser mucho m\u00e1s contagiosa que la conocida hasta el momento\u00bb, ha indicado en su cuenta de Facebook.<\/p>\n<p>Ante las consideraciones del dirigente asturiano, han sido varios los usuarios que han reclamado la suspensi\u00f3n de las conexiones a\u00e9reas entre Londres y Asturias. A este respecto, Barb\u00f3n ha contestado aclarando que el Gobierno de Asturias \u00abno tiene competencias para cerrar conexiones a\u00e9reas, ni el aeropuerto ni el espacio a\u00e9reo espa\u00f1ol\u00bb.<\/p>\n<p>El Gobierno de Espa\u00f1a anunci\u00f3 el domingo que, ante la aparici\u00f3n de una nueva cepa de coronavirus en Reino Unido, reforzar\u00e1 en aeropuertos y puertos el control de verificaci\u00f3n de pruebas PCR a las personas que procedan del pa\u00eds.<\/p>\n<p>Seg\u00fan el presidente de Asturias, la nueva variante del virus aparece en un momento \u00abmuy complejo\u00bb, en el que \u00abno ha finalizado la segunda ola de la pandemia y ya se ha iniciado la tercera\u00bb.<\/p>\n<p>\u00abSi ya era necesario reforzar las precauciones por la llegada de la Navidad, la nueva cepa nos sit\u00faa en una situaci\u00f3n de m\u00e1xima alarma, porque podr\u00eda desembocar en una tercera ola a\u00fan m\u00e1s dura y dram\u00e1tica\u00bb, alerta Barb\u00f3n.<\/p>\n<p>El Gobierno de Espa\u00f1a ha insistidoen que defender\u00e1 la necesidad de adoptar medidas coordinadas sobre los vuelos procedentes del Reino Unido en la reuni\u00f3n de expertos del mecanismo de la UE de Respuesta Pol\u00edtica Integrada a las Crisis (RPIC)<\/p>\n","protected":false},"excerpt":{"rendered":"<p>(EP) &#8211; El presidente del Gobierno asturiano, el socialista Adri\u00e1n Barb\u00f3n, ha mostrado en su perfil de redes sociales en la noche del domingo su preocupaci\u00f3n ante la \u00abnueva cepa\u00bb de coronavirus que \u00abest\u00e1 desatando la alarma en toda Europa\u00bb. \u00abPor los datos que llegan del Reino Unido, parece ser mucho m\u00e1s contagiosa que la<\/p>\n","protected":false},"author":1,"featured_media":5328,"comment_status":"closed","ping_status":"closed","sticky":false,"template":"","format":"standard","meta":{"footnotes":""},"categories":[1],"tags":[],"class_list":{"0":"post-5327","1":"post","2":"type-post","3":"status-publish","4":"format-standard","5":"has-post-thumbnail","7":"category-noticias"},"aioseo_notices":[],"aioseo_head":"\n\t\t<!-- All in One SEO Pro 4.9.6.2 - aioseo.com -->\n\t<meta name=\"description\" content=\"(EP) - El presidente del Gobierno asturiano, el socialista Adri\u00e1n Barb\u00f3n, ha mostrado en su perfil de redes sociales en la noche del domingo su preocupaci\u00f3n ante la &quot;nueva cepa&quot; de coronavirus que &quot;est\u00e1 desatando la alarma en toda Europa&quot;. &quot;Por los datos que llegan del Reino Unido, parece ser mucho m\u00e1s contagiosa que la\" \/>\n\t<meta name=\"robots\" content=\"max-image-preview:large\" \/>\n\t<meta name=\"author\" content=\"NBAsturias\"\/>\n\t<meta name=\"google-site-verification\" content=\"UA-38556648-1\" \/>\n\t<meta name=\"keywords\" content=\"noticias\" \/>\n\t<link rel=\"canonical\" href=\"https:\/\/eldigitaldeasturias.com\/radio\/barbon-muestra-su-preocupacion-ante-la-nueva-cepa\/\" \/>\n\t<meta name=\"generator\" content=\"All in One SEO Pro (AIOSEO) 4.9.6.2\" \/>\n\t\t<meta property=\"og:locale\" content=\"es_ES\" \/>\n\t\t<meta property=\"og:site_name\" content=\"El Digital de Asturias | Diario de informaci\u00f3n y noticias\" \/>\n\t\t<meta property=\"og:type\" content=\"article\" \/>\n\t\t<meta property=\"og:title\" content=\"Barb\u00f3n muestra su preocupaci\u00f3n ante la \u00abnueva cepa\u00bb | El Digital de Asturias\" \/>\n\t\t<meta property=\"og:description\" content=\"(EP) - El presidente del Gobierno asturiano, el socialista Adri\u00e1n Barb\u00f3n, ha mostrado en su perfil de redes sociales en la noche del domingo su preocupaci\u00f3n ante la &quot;nueva cepa&quot; de coronavirus que &quot;est\u00e1 desatando la alarma en toda Europa&quot;. &quot;Por los datos que llegan del Reino Unido, parece ser mucho m\u00e1s contagiosa que la\" \/>\n\t\t<meta property=\"og:url\" content=\"https:\/\/eldigitaldeasturias.com\/radio\/barbon-muestra-su-preocupacion-ante-la-nueva-cepa\/\" \/>\n\t\t<meta property=\"og:image\" content=\"https:\/\/eldigitaldeasturias.com\/radio\/wp-content\/uploads\/2020\/12\/Barbon.jpg\" \/>\n\t\t<meta property=\"og:image:secure_url\" content=\"https:\/\/eldigitaldeasturias.com\/radio\/wp-content\/uploads\/2020\/12\/Barbon.jpg\" \/>\n\t\t<meta property=\"og:image:width\" content=\"587\" \/>\n\t\t<meta property=\"og:image:height\" content=\"478\" \/>\n\t\t<meta property=\"article:published_time\" content=\"2020-12-24T13:00:14+00:00\" \/>\n\t\t<meta property=\"article:modified_time\" content=\"2020-12-24T13:00:14+00:00\" \/>\n\t\t<meta name=\"twitter:card\" content=\"summary_large_image\" \/>\n\t\t<meta name=\"twitter:site\" content=\"@bercodi\" \/>\n\t\t<meta name=\"twitter:title\" content=\"Barb\u00f3n muestra su preocupaci\u00f3n ante la \u00abnueva cepa\u00bb | El Digital de Asturias\" \/>\n\t\t<meta name=\"twitter:description\" content=\"(EP) - El presidente del Gobierno asturiano, el socialista Adri\u00e1n Barb\u00f3n, ha mostrado en su perfil de redes sociales en la noche del domingo su preocupaci\u00f3n ante la &quot;nueva cepa&quot; de coronavirus que &quot;est\u00e1 desatando la alarma en toda Europa&quot;. &quot;Por los datos que llegan del Reino Unido, parece ser mucho m\u00e1s contagiosa que la\" \/>\n\t\t<meta name=\"twitter:creator\" content=\"@bercodi\" \/>\n\t\t<meta name=\"twitter:image\" content=\"https:\/\/eldigitaldeasturias.com\/radio\/wp-content\/uploads\/2020\/12\/Barbon.jpg\" \/>\n\t\t<script type=\"application\/ld+json\" class=\"aioseo-schema\">\n\t\t\t{\"@context\":\"https:\\\/\\\/schema.org\",\"@graph\":[{\"@type\":\"BreadcrumbList\",\"@id\":\"https:\\\/\\\/eldigitaldeasturias.com\\\/radio\\\/barbon-muestra-su-preocupacion-ante-la-nueva-cepa\\\/#breadcrumblist\",\"itemListElement\":[{\"@type\":\"ListItem\",\"@id\":\"https:\\\/\\\/eldigitaldeasturias.com\\\/radio#listItem\",\"position\":1,\"name\":\"Inicio\",\"item\":\"https:\\\/\\\/eldigitaldeasturias.com\\\/radio\",\"nextItem\":{\"@type\":\"ListItem\",\"@id\":\"https:\\\/\\\/eldigitaldeasturias.com\\\/radio\\\/category\\\/noticias\\\/#listItem\",\"name\":\"Noticias\"}},{\"@type\":\"ListItem\",\"@id\":\"https:\\\/\\\/eldigitaldeasturias.com\\\/radio\\\/category\\\/noticias\\\/#listItem\",\"position\":2,\"name\":\"Noticias\",\"item\":\"https:\\\/\\\/eldigitaldeasturias.com\\\/radio\\\/category\\\/noticias\\\/\",\"nextItem\":{\"@type\":\"ListItem\",\"@id\":\"https:\\\/\\\/eldigitaldeasturias.com\\\/radio\\\/barbon-muestra-su-preocupacion-ante-la-nueva-cepa\\\/#listItem\",\"name\":\"Barb\\u00f3n muestra su preocupaci\\u00f3n ante la \\u00abnueva cepa\\u00bb\"},\"previousItem\":{\"@type\":\"ListItem\",\"@id\":\"https:\\\/\\\/eldigitaldeasturias.com\\\/radio#listItem\",\"name\":\"Inicio\"}},{\"@type\":\"ListItem\",\"@id\":\"https:\\\/\\\/eldigitaldeasturias.com\\\/radio\\\/barbon-muestra-su-preocupacion-ante-la-nueva-cepa\\\/#listItem\",\"position\":3,\"name\":\"Barb\\u00f3n muestra su preocupaci\\u00f3n ante la \\u00abnueva cepa\\u00bb\",\"previousItem\":{\"@type\":\"ListItem\",\"@id\":\"https:\\\/\\\/eldigitaldeasturias.com\\\/radio\\\/category\\\/noticias\\\/#listItem\",\"name\":\"Noticias\"}}]},{\"@type\":\"NewsArticle\",\"@id\":\"https:\\\/\\\/eldigitaldeasturias.com\\\/radio\\\/barbon-muestra-su-preocupacion-ante-la-nueva-cepa\\\/#newsarticle\",\"name\":\"Barb\\u00f3n muestra su preocupaci\\u00f3n ante la \\u00abnueva cepa\\u00bb | El Digital de Asturias\",\"headline\":\"Barb\\u00f3n muestra su preocupaci\\u00f3n ante la \\u00abnueva cepa\\u00bb\",\"author\":{\"@id\":\"https:\\\/\\\/eldigitaldeasturias.com\\\/radio\\\/author\\\/nbasturias\\\/#author\"},\"publisher\":{\"@id\":\"https:\\\/\\\/eldigitaldeasturias.com\\\/radio\\\/#organization\"},\"image\":{\"@type\":\"ImageObject\",\"url\":\"https:\\\/\\\/eldigitaldeasturias.com\\\/radio\\\/wp-content\\\/uploads\\\/2020\\\/12\\\/Barbon.jpg\",\"width\":587,\"height\":478,\"caption\":\"El presidente del Principado, Adri\\u00e1n Barb\\u00f3n, en una imagen de archivo - EUROPA PRESS\"},\"datePublished\":\"2020-12-24T13:00:14+01:00\",\"dateModified\":\"2020-12-24T13:00:14+01:00\",\"inLanguage\":\"es-ES\",\"mainEntityOfPage\":{\"@id\":\"https:\\\/\\\/eldigitaldeasturias.com\\\/radio\\\/barbon-muestra-su-preocupacion-ante-la-nueva-cepa\\\/#webpage\"},\"isPartOf\":{\"@id\":\"https:\\\/\\\/eldigitaldeasturias.com\\\/radio\\\/barbon-muestra-su-preocupacion-ante-la-nueva-cepa\\\/#webpage\"},\"articleSection\":\"Noticias\",\"dateline\":\"Publicado el diciembre 24, 2020.\"},{\"@type\":\"Organization\",\"@id\":\"https:\\\/\\\/eldigitaldeasturias.com\\\/radio\\\/#organization\",\"name\":\"El digital de Asturias Radio\",\"description\":\"Diario de informaci\\u00f3n y noticias\",\"url\":\"https:\\\/\\\/eldigitaldeasturias.com\\\/radio\\\/\",\"telephone\":\"+34652131393\",\"logo\":{\"@type\":\"ImageObject\",\"url\":\"https:\\\/\\\/www.eldigitaldeasturias.com\\\/radio\\\/wp-content\\\/uploads\\\/2021\\\/03\\\/EDA.jpg\",\"@id\":\"https:\\\/\\\/eldigitaldeasturias.com\\\/radio\\\/barbon-muestra-su-preocupacion-ante-la-nueva-cepa\\\/#organizationLogo\"},\"image\":{\"@id\":\"https:\\\/\\\/eldigitaldeasturias.com\\\/radio\\\/barbon-muestra-su-preocupacion-ante-la-nueva-cepa\\\/#organizationLogo\"},\"sameAs\":[\"https:\\\/\\\/www.facebook.com\\\/\",\"https:\\\/\\\/x.com\\\/bercodi\",\"https:\\\/\\\/www.instagram.com\\\/\",\"https:\\\/\\\/www.youtube.com\\\/channel\\\/UCZP-2wLEB9Rv6erhFmqVnvg\"]},{\"@type\":\"Person\",\"@id\":\"https:\\\/\\\/eldigitaldeasturias.com\\\/radio\\\/author\\\/nbasturias\\\/#author\",\"url\":\"https:\\\/\\\/eldigitaldeasturias.com\\\/radio\\\/author\\\/nbasturias\\\/\",\"name\":\"NBAsturias\",\"image\":{\"@type\":\"ImageObject\",\"@id\":\"https:\\\/\\\/eldigitaldeasturias.com\\\/radio\\\/barbon-muestra-su-preocupacion-ante-la-nueva-cepa\\\/#authorImage\",\"url\":\"https:\\\/\\\/secure.gravatar.com\\\/avatar\\\/df2aeffc32bcd13f8d26072ef8a91b623d677766deac7f97ca815868cd41bf5e?s=96&d=mm&r=g\",\"width\":96,\"height\":96,\"caption\":\"NBAsturias\"}},{\"@type\":\"WebPage\",\"@id\":\"https:\\\/\\\/eldigitaldeasturias.com\\\/radio\\\/barbon-muestra-su-preocupacion-ante-la-nueva-cepa\\\/#webpage\",\"url\":\"https:\\\/\\\/eldigitaldeasturias.com\\\/radio\\\/barbon-muestra-su-preocupacion-ante-la-nueva-cepa\\\/\",\"name\":\"Barb\\u00f3n muestra su preocupaci\\u00f3n ante la \\u00abnueva cepa\\u00bb | El Digital de Asturias\",\"description\":\"(EP) - El presidente del Gobierno asturiano, el socialista Adri\\u00e1n Barb\\u00f3n, ha mostrado en su perfil de redes sociales en la noche del domingo su preocupaci\\u00f3n ante la \\\"nueva cepa\\\" de coronavirus que \\\"est\\u00e1 desatando la alarma en toda Europa\\\". \\\"Por los datos que llegan del Reino Unido, parece ser mucho m\\u00e1s contagiosa que la\",\"inLanguage\":\"es-ES\",\"isPartOf\":{\"@id\":\"https:\\\/\\\/eldigitaldeasturias.com\\\/radio\\\/#website\"},\"breadcrumb\":{\"@id\":\"https:\\\/\\\/eldigitaldeasturias.com\\\/radio\\\/barbon-muestra-su-preocupacion-ante-la-nueva-cepa\\\/#breadcrumblist\"},\"author\":{\"@id\":\"https:\\\/\\\/eldigitaldeasturias.com\\\/radio\\\/author\\\/nbasturias\\\/#author\"},\"creator\":{\"@id\":\"https:\\\/\\\/eldigitaldeasturias.com\\\/radio\\\/author\\\/nbasturias\\\/#author\"},\"image\":{\"@type\":\"ImageObject\",\"url\":\"https:\\\/\\\/eldigitaldeasturias.com\\\/radio\\\/wp-content\\\/uploads\\\/2020\\\/12\\\/Barbon.jpg\",\"@id\":\"https:\\\/\\\/eldigitaldeasturias.com\\\/radio\\\/barbon-muestra-su-preocupacion-ante-la-nueva-cepa\\\/#mainImage\",\"width\":587,\"height\":478,\"caption\":\"El presidente del Principado, Adri\\u00e1n Barb\\u00f3n, en una imagen de archivo - EUROPA PRESS\"},\"primaryImageOfPage\":{\"@id\":\"https:\\\/\\\/eldigitaldeasturias.com\\\/radio\\\/barbon-muestra-su-preocupacion-ante-la-nueva-cepa\\\/#mainImage\"},\"datePublished\":\"2020-12-24T13:00:14+01:00\",\"dateModified\":\"2020-12-24T13:00:14+01:00\"},{\"@type\":\"WebSite\",\"@id\":\"https:\\\/\\\/eldigitaldeasturias.com\\\/radio\\\/#website\",\"url\":\"https:\\\/\\\/eldigitaldeasturias.com\\\/radio\\\/\",\"name\":\"El Digital de Asturias\",\"description\":\"Diario de informaci\\u00f3n y noticias\",\"inLanguage\":\"es-ES\",\"publisher\":{\"@id\":\"https:\\\/\\\/eldigitaldeasturias.com\\\/radio\\\/#organization\"}}]}\n\t\t<\/script>\n\t\t<!-- All in One SEO Pro -->\r\n\t\t<title>Barb\u00f3n muestra su preocupaci\u00f3n ante la \u00abnueva cepa\u00bb | El Digital de Asturias<\/title>\n\n","aioseo_head_json":{"title":"Barb\u00f3n muestra su preocupaci\u00f3n ante la \u00abnueva cepa\u00bb | El Digital de Asturias","description":"(EP) - El presidente del Gobierno asturiano, el socialista Adri\u00e1n Barb\u00f3n, ha mostrado en su perfil de redes sociales en la noche del domingo su preocupaci\u00f3n ante la \"nueva cepa\" de coronavirus que \"est\u00e1 desatando la alarma en toda Europa\". \"Por los datos que llegan del Reino Unido, parece ser mucho m\u00e1s contagiosa que la","canonical_url":"https:\/\/eldigitaldeasturias.com\/radio\/barbon-muestra-su-preocupacion-ante-la-nueva-cepa\/","robots":"max-image-preview:large","keywords":"noticias","webmasterTools":{"google-site-verification":"UA-38556648-1","miscellaneous":""},"schema":{"@context":"https:\/\/schema.org","@graph":[{"@type":"BreadcrumbList","@id":"https:\/\/eldigitaldeasturias.com\/radio\/barbon-muestra-su-preocupacion-ante-la-nueva-cepa\/#breadcrumblist","itemListElement":[{"@type":"ListItem","@id":"https:\/\/eldigitaldeasturias.com\/radio#listItem","position":1,"name":"Inicio","item":"https:\/\/eldigitaldeasturias.com\/radio","nextItem":{"@type":"ListItem","@id":"https:\/\/eldigitaldeasturias.com\/radio\/category\/noticias\/#listItem","name":"Noticias"}},{"@type":"ListItem","@id":"https:\/\/eldigitaldeasturias.com\/radio\/category\/noticias\/#listItem","position":2,"name":"Noticias","item":"https:\/\/eldigitaldeasturias.com\/radio\/category\/noticias\/","nextItem":{"@type":"ListItem","@id":"https:\/\/eldigitaldeasturias.com\/radio\/barbon-muestra-su-preocupacion-ante-la-nueva-cepa\/#listItem","name":"Barb\u00f3n muestra su preocupaci\u00f3n ante la \u00abnueva cepa\u00bb"},"previousItem":{"@type":"ListItem","@id":"https:\/\/eldigitaldeasturias.com\/radio#listItem","name":"Inicio"}},{"@type":"ListItem","@id":"https:\/\/eldigitaldeasturias.com\/radio\/barbon-muestra-su-preocupacion-ante-la-nueva-cepa\/#listItem","position":3,"name":"Barb\u00f3n muestra su preocupaci\u00f3n ante la \u00abnueva cepa\u00bb","previousItem":{"@type":"ListItem","@id":"https:\/\/eldigitaldeasturias.com\/radio\/category\/noticias\/#listItem","name":"Noticias"}}]},{"@type":"NewsArticle","@id":"https:\/\/eldigitaldeasturias.com\/radio\/barbon-muestra-su-preocupacion-ante-la-nueva-cepa\/#newsarticle","name":"Barb\u00f3n muestra su preocupaci\u00f3n ante la \u00abnueva cepa\u00bb | El Digital de Asturias","headline":"Barb\u00f3n muestra su preocupaci\u00f3n ante la \u00abnueva cepa\u00bb","author":{"@id":"https:\/\/eldigitaldeasturias.com\/radio\/author\/nbasturias\/#author"},"publisher":{"@id":"https:\/\/eldigitaldeasturias.com\/radio\/#organization"},"image":{"@type":"ImageObject","url":"https:\/\/eldigitaldeasturias.com\/radio\/wp-content\/uploads\/2020\/12\/Barbon.jpg","width":587,"height":478,"caption":"El presidente del Principado, Adri\u00e1n Barb\u00f3n, en una imagen de archivo - EUROPA PRESS"},"datePublished":"2020-12-24T13:00:14+01:00","dateModified":"2020-12-24T13:00:14+01:00","inLanguage":"es-ES","mainEntityOfPage":{"@id":"https:\/\/eldigitaldeasturias.com\/radio\/barbon-muestra-su-preocupacion-ante-la-nueva-cepa\/#webpage"},"isPartOf":{"@id":"https:\/\/eldigitaldeasturias.com\/radio\/barbon-muestra-su-preocupacion-ante-la-nueva-cepa\/#webpage"},"articleSection":"Noticias","dateline":"Publicado el diciembre 24, 2020."},{"@type":"Organization","@id":"https:\/\/eldigitaldeasturias.com\/radio\/#organization","name":"El digital de Asturias Radio","description":"Diario de informaci\u00f3n y noticias","url":"https:\/\/eldigitaldeasturias.com\/radio\/","telephone":"+34652131393","logo":{"@type":"ImageObject","url":"https:\/\/www.eldigitaldeasturias.com\/radio\/wp-content\/uploads\/2021\/03\/EDA.jpg","@id":"https:\/\/eldigitaldeasturias.com\/radio\/barbon-muestra-su-preocupacion-ante-la-nueva-cepa\/#organizationLogo"},"image":{"@id":"https:\/\/eldigitaldeasturias.com\/radio\/barbon-muestra-su-preocupacion-ante-la-nueva-cepa\/#organizationLogo"},"sameAs":["https:\/\/www.facebook.com\/","https:\/\/x.com\/bercodi","https:\/\/www.instagram.com\/","https:\/\/www.youtube.com\/channel\/UCZP-2wLEB9Rv6erhFmqVnvg"]},{"@type":"Person","@id":"https:\/\/eldigitaldeasturias.com\/radio\/author\/nbasturias\/#author","url":"https:\/\/eldigitaldeasturias.com\/radio\/author\/nbasturias\/","name":"NBAsturias","image":{"@type":"ImageObject","@id":"https:\/\/eldigitaldeasturias.com\/radio\/barbon-muestra-su-preocupacion-ante-la-nueva-cepa\/#authorImage","url":"https:\/\/secure.gravatar.com\/avatar\/df2aeffc32bcd13f8d26072ef8a91b623d677766deac7f97ca815868cd41bf5e?s=96&d=mm&r=g","width":96,"height":96,"caption":"NBAsturias"}},{"@type":"WebPage","@id":"https:\/\/eldigitaldeasturias.com\/radio\/barbon-muestra-su-preocupacion-ante-la-nueva-cepa\/#webpage","url":"https:\/\/eldigitaldeasturias.com\/radio\/barbon-muestra-su-preocupacion-ante-la-nueva-cepa\/","name":"Barb\u00f3n muestra su preocupaci\u00f3n ante la \u00abnueva cepa\u00bb | El Digital de Asturias","description":"(EP) - El presidente del Gobierno asturiano, el socialista Adri\u00e1n Barb\u00f3n, ha mostrado en su perfil de redes sociales en la noche del domingo su preocupaci\u00f3n ante la \"nueva cepa\" de coronavirus que \"est\u00e1 desatando la alarma en toda Europa\". \"Por los datos que llegan del Reino Unido, parece ser mucho m\u00e1s contagiosa que la","inLanguage":"es-ES","isPartOf":{"@id":"https:\/\/eldigitaldeasturias.com\/radio\/#website"},"breadcrumb":{"@id":"https:\/\/eldigitaldeasturias.com\/radio\/barbon-muestra-su-preocupacion-ante-la-nueva-cepa\/#breadcrumblist"},"author":{"@id":"https:\/\/eldigitaldeasturias.com\/radio\/author\/nbasturias\/#author"},"creator":{"@id":"https:\/\/eldigitaldeasturias.com\/radio\/author\/nbasturias\/#author"},"image":{"@type":"ImageObject","url":"https:\/\/eldigitaldeasturias.com\/radio\/wp-content\/uploads\/2020\/12\/Barbon.jpg","@id":"https:\/\/eldigitaldeasturias.com\/radio\/barbon-muestra-su-preocupacion-ante-la-nueva-cepa\/#mainImage","width":587,"height":478,"caption":"El presidente del Principado, Adri\u00e1n Barb\u00f3n, en una imagen de archivo - EUROPA PRESS"},"primaryImageOfPage":{"@id":"https:\/\/eldigitaldeasturias.com\/radio\/barbon-muestra-su-preocupacion-ante-la-nueva-cepa\/#mainImage"},"datePublished":"2020-12-24T13:00:14+01:00","dateModified":"2020-12-24T13:00:14+01:00"},{"@type":"WebSite","@id":"https:\/\/eldigitaldeasturias.com\/radio\/#website","url":"https:\/\/eldigitaldeasturias.com\/radio\/","name":"El Digital de Asturias","description":"Diario de informaci\u00f3n y noticias","inLanguage":"es-ES","publisher":{"@id":"https:\/\/eldigitaldeasturias.com\/radio\/#organization"}}]},"og:locale":"es_ES","og:site_name":"El Digital de Asturias | Diario de informaci\u00f3n y noticias","og:type":"article","og:title":"Barb\u00f3n muestra su preocupaci\u00f3n ante la \u00abnueva cepa\u00bb | El Digital de Asturias","og:description":"(EP) - El presidente del Gobierno asturiano, el socialista Adri\u00e1n Barb\u00f3n, ha mostrado en su perfil de redes sociales en la noche del domingo su preocupaci\u00f3n ante la &quot;nueva cepa&quot; de coronavirus que &quot;est\u00e1 desatando la alarma en toda Europa&quot;. &quot;Por los datos que llegan del Reino Unido, parece ser mucho m\u00e1s contagiosa que la","og:url":"https:\/\/eldigitaldeasturias.com\/radio\/barbon-muestra-su-preocupacion-ante-la-nueva-cepa\/","og:image":"https:\/\/eldigitaldeasturias.com\/radio\/wp-content\/uploads\/2020\/12\/Barbon.jpg","og:image:secure_url":"https:\/\/eldigitaldeasturias.com\/radio\/wp-content\/uploads\/2020\/12\/Barbon.jpg","og:image:width":587,"og:image:height":478,"article:published_time":"2020-12-24T13:00:14+00:00","article:modified_time":"2020-12-24T13:00:14+00:00","twitter:card":"summary_large_image","twitter:site":"@bercodi","twitter:title":"Barb\u00f3n muestra su preocupaci\u00f3n ante la \u00abnueva cepa\u00bb | El Digital de Asturias","twitter:description":"(EP) - El presidente del Gobierno asturiano, el socialista Adri\u00e1n Barb\u00f3n, ha mostrado en su perfil de redes sociales en la noche del domingo su preocupaci\u00f3n ante la &quot;nueva cepa&quot; de coronavirus que &quot;est\u00e1 desatando la alarma en toda Europa&quot;. &quot;Por los datos que llegan del Reino Unido, parece ser mucho m\u00e1s contagiosa que la","twitter:creator":"@bercodi","twitter:image":"https:\/\/eldigitaldeasturias.com\/radio\/wp-content\/uploads\/2020\/12\/Barbon.jpg"},"aioseo_meta_data":{"post_id":"5327","title":null,"description":null,"keywords":null,"keyphrases":null,"primary_term":null,"canonical_url":null,"og_title":null,"og_description":null,"og_object_type":"default","og_image_type":"default","og_image_url":null,"og_image_width":null,"og_image_height":null,"og_image_custom_url":null,"og_image_custom_fields":null,"og_video":null,"og_custom_url":null,"og_article_section":null,"og_article_tags":null,"twitter_use_og":false,"twitter_card":"default","twitter_image_type":"default","twitter_image_url":null,"twitter_image_custom_url":null,"twitter_image_custom_fields":null,"twitter_title":null,"twitter_description":null,"schema":{"blockGraphs":[],"customGraphs":[],"default":{"data":{"Article":[],"Course":[],"Dataset":[],"FAQPage":[],"Movie":[],"Person":[],"Product":[],"ProductReview":[],"Car":[],"Recipe":[],"Service":[],"SoftwareApplication":[],"WebPage":[]},"graphName":"","isEnabled":true},"graphs":[],"defaultGraph":"","defaultPostTypeGraph":""},"schema_type":null,"schema_type_options":null,"pillar_content":false,"robots_default":true,"robots_noindex":false,"robots_noarchive":false,"robots_nosnippet":false,"robots_nofollow":false,"robots_noimageindex":false,"robots_noodp":false,"robots_notranslate":false,"robots_max_snippet":null,"robots_max_videopreview":null,"robots_max_imagepreview":"large","priority":null,"frequency":null,"location":null,"local_seo":null,"seo_analyzer_scan_date":"2025-08-28 17:39:27","breadcrumb_settings":null,"limit_modified_date":false,"open_ai":null,"ai":null,"created":"2021-03-25 11:32:22","updated":"2025-08-28 17:39:27"},"aioseo_breadcrumb":"<div class=\"aioseo-breadcrumbs\"><span class=\"aioseo-breadcrumb\">\n\t<a href=\"https:\/\/eldigitaldeasturias.com\/radio\" title=\"Inicio\">Inicio<\/a>\n<\/span><span class=\"aioseo-breadcrumb-separator\">&ndash;<\/span><span class=\"aioseo-breadcrumb\">\n\t<a href=\"https:\/\/eldigitaldeasturias.com\/radio\/category\/noticias\/\" title=\"Noticias\">Noticias<\/a>\n<\/span><span class=\"aioseo-breadcrumb-separator\">&ndash;<\/span><span class=\"aioseo-breadcrumb\">\n\tBarb\u00f3n muestra su preocupaci\u00f3n ante la \u00abnueva cepa\u00bb\n<\/span><\/div>","aioseo_breadcrumb_json":[{"label":"Inicio","link":"https:\/\/eldigitaldeasturias.com\/radio"},{"label":"Noticias","link":"https:\/\/eldigitaldeasturias.com\/radio\/category\/noticias\/"},{"label":"Barb\u00f3n muestra su preocupaci\u00f3n ante la \u00abnueva cepa\u00bb","link":"https:\/\/eldigitaldeasturias.com\/radio\/barbon-muestra-su-preocupacion-ante-la-nueva-cepa\/"}],"_links":{"self":[{"href":"https:\/\/eldigitaldeasturias.com\/radio\/wp-json\/wp\/v2\/posts\/5327","targetHints":{"allow":["GET"]}}],"collection":[{"href":"https:\/\/eldigitaldeasturias.com\/radio\/wp-json\/wp\/v2\/posts"}],"about":[{"href":"https:\/\/eldigitaldeasturias.com\/radio\/wp-json\/wp\/v2\/types\/post"}],"author":[{"embeddable":true,"href":"https:\/\/eldigitaldeasturias.com\/radio\/wp-json\/wp\/v2\/users\/1"}],"replies":[{"embeddable":true,"href":"https:\/\/eldigitaldeasturias.com\/radio\/wp-json\/wp\/v2\/comments?post=5327"}],"version-history":[{"count":0,"href":"https:\/\/eldigitaldeasturias.com\/radio\/wp-json\/wp\/v2\/posts\/5327\/revisions"}],"wp:featuredmedia":[{"embeddable":true,"href":"https:\/\/eldigitaldeasturias.com\/radio\/wp-json\/wp\/v2\/media\/5328"}],"wp:attachment":[{"href":"https:\/\/eldigitaldeasturias.com\/radio\/wp-json\/wp\/v2\/media?parent=5327"}],"wp:term":[{"taxonomy":"category","embeddable":true,"href":"https:\/\/eldigitaldeasturias.com\/radio\/wp-json\/wp\/v2\/categories?post=5327"},{"taxonomy":"post_tag","embeddable":true,"href":"https:\/\/eldigitaldeasturias.com\/radio\/wp-json\/wp\/v2\/tags?post=5327"}],"curies":[{"name":"wp","href":"https:\/\/api.w.org\/{rel}","templated":true}]}}