{"id":5277,"date":"2020-11-10T18:10:53","date_gmt":"2020-11-10T18:10:53","guid":{"rendered":"http:\/\/www.eldigitaldeasturias.com\/radio\/?p=5277"},"modified":"2020-11-10T18:10:53","modified_gmt":"2020-11-10T18:10:53","slug":"alianzas-empresariales-propiedades-y-proyectos-audiovisuales","status":"publish","type":"post","link":"https:\/\/eldigitaldeasturias.com\/radio\/alianzas-empresariales-propiedades-y-proyectos-audiovisuales\/","title":{"rendered":"Alianzas empresariales: Propiedades y proyectos audiovisuales"},"content":{"rendered":"<p><strong><img fetchpriority=\"high\" decoding=\"async\" class=\"alignleft size-medium wp-image-5278\" src=\"http:\/\/www.eldigitaldeasturias.com\/radio\/wp-content\/uploads\/2020\/11\/startup-593341_640-360x240.jpg\" alt=\"\" width=\"360\" height=\"240\" srcset=\"https:\/\/eldigitaldeasturias.com\/radio\/wp-content\/uploads\/2020\/11\/startup-593341_640-360x240.jpg 360w, https:\/\/eldigitaldeasturias.com\/radio\/wp-content\/uploads\/2020\/11\/startup-593341_640.jpg 640w\" sizes=\"(max-width: 360px) 100vw, 360px\" \/>Los negocios y las peque\u00f1as empresas viven un momento de actualizaci\u00f3n, digitalizaci\u00f3n y cambios<\/strong>; los nuevos retos han llegado para todos los sectores, y por eso es importante <strong>crear estrategias de mercado que permitan llegar a nuevos clientes<\/strong> y a su vez buscar nuevos consumidores finales. Hoy en d\u00eda tambi\u00e9n es necesario crear sinergias para poder optimizar y compartir recursos e ideas; todo trabajo en equipo, las alianzas bien elaboradas y el uso de las nuevas tecnolog\u00edas pueden llevarnos lejos; <strong>no debemos olvidar que lo m\u00e1s importante de todo proyecto no es ser emprendedor<\/strong>, es saber ser continuador de las ideas y no quedarse atr\u00e1s.<\/p>\n<p>Una <a title=\"empresa de gesti\u00f3n y administraci\u00f3n de propiedades\" href=\"https:\/\/balamrealty.com\/\" target=\"_blank\" rel=\"noopener noreferrer\"><span style=\"color: #ff6600;\"><strong>empresa de gesti\u00f3n y administraci\u00f3n de propiedades<\/strong><\/span><\/a> puede unir sus fuerzas con una <a title=\"productora audiovisual de v\u00eddeos en Girona\" href=\"https:\/\/www.rawvideo.es\/\" target=\"_blank\" rel=\"noopener noreferrer\"><span style=\"color: #ff6600;\"><strong>productora audiovisual de videos en Girona<\/strong><\/span><\/a>, <strong>\u00bfQu\u00e9 tienen en com\u00fan?<\/strong>, muchas m\u00e1s cosas de las que en un principio podemos creer, ambas pueden trabajar conjuntamente de varios modos y pueden establecer una alianza empresarial que a medio y largo plazo ser\u00e1 rentable y positiva para ambas.<\/p>\n<h3>Campa\u00f1as publicitarias<\/h3>\n<p>Cuando una empresa desea mostrar sus servicios lo puede hacer varias formas, <strong>por una parte tenemos la publicidad en radio<\/strong>, efectiva y cercana, est\u00e1s campa\u00f1as nos pueden servir para abrir un nuevo mercado local, regional o nacional, o para que nuestra marca est\u00e9 m\u00e1s presente en la vida de muchas personas, con un buen slogan, una cu\u00f1a publicitaria fresca, directa y bien creada, y con una continuidad en el tiempo \u201cla marca\u201d puede llegar a ser parte de la vida de miles de personas, todo depender\u00e1 del sector al que nos queramos dirigir, el horario en el que queramos anunciar el producto y de la estaci\u00f3n de radio que se elija.<\/p>\n<p><strong>Los videos corporativos son muy importantes hoy en d\u00eda<\/strong>, una marca necesita posicionamiento en la red, y pueden ser usados en comunicados, notas de prensa o en sus canales de video de sitios web de todo tipo, <strong>lo ideal es buscar siempre medios o soportes en los que puedan encajar con total naturalidad<\/strong>; adem\u00e1s tambi\u00e9n se pueden usar dichos videos en medios locales o espec\u00edficos, los canales tem\u00e1ticos; apostar por un producto audiovisual nos puede ayudar a crear nuevas oportunidades y con ellos podremos ofrecer una imagen moderna, din\u00e1mica y elegante de nuestra empresa.<\/p>\n<p>Tambi\u00e9n tenemos la opci\u00f3n de crear sitios web en los que no solamente se ofrezca informaci\u00f3n comercial pura y dura, los consejos para clientes, inversores y la creaci\u00f3n de debates o tertulias en las que varios expertos hablen sobre los temas o novedades del sector necesitan de una elaboraci\u00f3n, producci\u00f3n y distribuci\u00f3n, <strong>una productora siempre sabr\u00e1 orientarte, y ser\u00e1 la encargada de crear una pieza a medida que pueda cumplir con las expectativas<\/strong>.<\/p>\n<p>Una productora siempre necesita <strong>espacios o viviendas para crear videos <\/strong>musicales, empresariales o para la grabaci\u00f3n de programas, y<strong> la empresa de administraci\u00f3n y gesti\u00f3n de propiedades puede colaborar con ella alquilando o cediendo ubicaciones<\/strong> que luego llegar\u00e1n a miles de personas, una casa o una urbanizaci\u00f3n bonita pueden ser el lugar perfecto para la grabaci\u00f3n de videos, <strong>la productora podr\u00e1 crear su proyecto y de manera indirecta la propiedad tambi\u00e9n ser\u00e1 publicitada captando la atenci\u00f3n de clientes<\/strong>.<\/p>\n<h2>Resultados<\/h2>\n<p>Con los ejemplos que te hemos mencionado podemos ver como ambas empresas, <strong>gesti\u00f3n y administraci\u00f3n de propiedades por una parte y productora audiovisual se encuentran y pueden realizar un trabajo en com\u00fan retroaliment\u00e1ndose<\/strong>, ofreciendo un servicio a sus diferentes clientes y colaborando entre ellas.<\/p>\n<p>El resultado no tardar\u00e1 en llegar, pero para ello tambi\u00e9n necesitamos tener una buena idea y tener claro lo que deseamos mostrar al consumidor, y lo que varias empresas pueden aportar.<\/p>\n<p><strong><em>Hoy en d\u00eda la creatividad no tiene l\u00edmites ni fronteras\u2026<\/em><\/strong><\/p>\n<p>&nbsp;<\/p>\n","protected":false},"excerpt":{"rendered":"<p>Los negocios y las peque\u00f1as empresas viven un momento de actualizaci\u00f3n, digitalizaci\u00f3n y cambios; los nuevos retos han llegado para todos los sectores, y por eso es importante crear estrategias de mercado que permitan llegar a nuevos clientes y a su vez buscar nuevos consumidores finales. Hoy en d\u00eda tambi\u00e9n es necesario crear sinergias para<\/p>\n","protected":false},"author":1,"featured_media":5278,"comment_status":"closed","ping_status":"closed","sticky":false,"template":"","format":"standard","meta":{"footnotes":""},"categories":[35],"tags":[],"class_list":{"0":"post-5277","1":"post","2":"type-post","3":"status-publish","4":"format-standard","5":"has-post-thumbnail","7":"category-negocios"},"aioseo_notices":[],"aioseo_head":"\n\t\t<!-- All in One SEO Pro 4.9.6.2 - aioseo.com -->\n\t<meta name=\"description\" content=\"Los negocios y las peque\u00f1as empresas viven un momento de actualizaci\u00f3n, digitalizaci\u00f3n y cambios; los nuevos retos han llegado para todos los sectores, y por eso es importante crear estrategias de mercado que permitan llegar a nuevos clientes y a su vez buscar nuevos consumidores finales. Hoy en d\u00eda tambi\u00e9n es necesario crear sinergias para\" \/>\n\t<meta name=\"robots\" content=\"max-image-preview:large\" \/>\n\t<meta name=\"author\" content=\"NBAsturias\"\/>\n\t<meta name=\"google-site-verification\" content=\"UA-38556648-1\" \/>\n\t<meta name=\"keywords\" content=\"negocios\" \/>\n\t<link rel=\"canonical\" href=\"https:\/\/eldigitaldeasturias.com\/radio\/alianzas-empresariales-propiedades-y-proyectos-audiovisuales\/\" \/>\n\t<meta name=\"generator\" content=\"All in One SEO Pro (AIOSEO) 4.9.6.2\" \/>\n\t\t<meta property=\"og:locale\" content=\"es_ES\" \/>\n\t\t<meta property=\"og:site_name\" content=\"El Digital de Asturias | Diario de informaci\u00f3n y noticias\" \/>\n\t\t<meta property=\"og:type\" content=\"article\" \/>\n\t\t<meta property=\"og:title\" content=\"Alianzas empresariales: Propiedades y proyectos audiovisuales | El Digital de Asturias\" \/>\n\t\t<meta property=\"og:description\" content=\"Los negocios y las peque\u00f1as empresas viven un momento de actualizaci\u00f3n, digitalizaci\u00f3n y cambios; los nuevos retos han llegado para todos los sectores, y por eso es importante crear estrategias de mercado que permitan llegar a nuevos clientes y a su vez buscar nuevos consumidores finales. Hoy en d\u00eda tambi\u00e9n es necesario crear sinergias para\" \/>\n\t\t<meta property=\"og:url\" content=\"https:\/\/eldigitaldeasturias.com\/radio\/alianzas-empresariales-propiedades-y-proyectos-audiovisuales\/\" \/>\n\t\t<meta property=\"og:image\" content=\"https:\/\/eldigitaldeasturias.com\/radio\/wp-content\/uploads\/2020\/11\/startup-593341_640.jpg\" \/>\n\t\t<meta property=\"og:image:secure_url\" content=\"https:\/\/eldigitaldeasturias.com\/radio\/wp-content\/uploads\/2020\/11\/startup-593341_640.jpg\" \/>\n\t\t<meta property=\"og:image:width\" content=\"640\" \/>\n\t\t<meta property=\"og:image:height\" content=\"426\" \/>\n\t\t<meta property=\"article:published_time\" content=\"2020-11-10T18:10:53+00:00\" \/>\n\t\t<meta property=\"article:modified_time\" content=\"2020-11-10T18:10:53+00:00\" \/>\n\t\t<meta name=\"twitter:card\" content=\"summary_large_image\" \/>\n\t\t<meta name=\"twitter:site\" content=\"@bercodi\" \/>\n\t\t<meta name=\"twitter:title\" content=\"Alianzas empresariales: Propiedades y proyectos audiovisuales | El Digital de Asturias\" \/>\n\t\t<meta name=\"twitter:description\" content=\"Los negocios y las peque\u00f1as empresas viven un momento de actualizaci\u00f3n, digitalizaci\u00f3n y cambios; los nuevos retos han llegado para todos los sectores, y por eso es importante crear estrategias de mercado que permitan llegar a nuevos clientes y a su vez buscar nuevos consumidores finales. Hoy en d\u00eda tambi\u00e9n es necesario crear sinergias para\" \/>\n\t\t<meta name=\"twitter:creator\" content=\"@bercodi\" \/>\n\t\t<meta name=\"twitter:image\" content=\"https:\/\/eldigitaldeasturias.com\/radio\/wp-content\/uploads\/2020\/11\/startup-593341_640.jpg\" \/>\n\t\t<script type=\"application\/ld+json\" class=\"aioseo-schema\">\n\t\t\t{\"@context\":\"https:\\\/\\\/schema.org\",\"@graph\":[{\"@type\":\"BreadcrumbList\",\"@id\":\"https:\\\/\\\/eldigitaldeasturias.com\\\/radio\\\/alianzas-empresariales-propiedades-y-proyectos-audiovisuales\\\/#breadcrumblist\",\"itemListElement\":[{\"@type\":\"ListItem\",\"@id\":\"https:\\\/\\\/eldigitaldeasturias.com\\\/radio#listItem\",\"position\":1,\"name\":\"Inicio\",\"item\":\"https:\\\/\\\/eldigitaldeasturias.com\\\/radio\",\"nextItem\":{\"@type\":\"ListItem\",\"@id\":\"https:\\\/\\\/eldigitaldeasturias.com\\\/radio\\\/category\\\/negocios\\\/#listItem\",\"name\":\"Negocios\"}},{\"@type\":\"ListItem\",\"@id\":\"https:\\\/\\\/eldigitaldeasturias.com\\\/radio\\\/category\\\/negocios\\\/#listItem\",\"position\":2,\"name\":\"Negocios\",\"item\":\"https:\\\/\\\/eldigitaldeasturias.com\\\/radio\\\/category\\\/negocios\\\/\",\"nextItem\":{\"@type\":\"ListItem\",\"@id\":\"https:\\\/\\\/eldigitaldeasturias.com\\\/radio\\\/alianzas-empresariales-propiedades-y-proyectos-audiovisuales\\\/#listItem\",\"name\":\"Alianzas empresariales: Propiedades y proyectos audiovisuales\"},\"previousItem\":{\"@type\":\"ListItem\",\"@id\":\"https:\\\/\\\/eldigitaldeasturias.com\\\/radio#listItem\",\"name\":\"Inicio\"}},{\"@type\":\"ListItem\",\"@id\":\"https:\\\/\\\/eldigitaldeasturias.com\\\/radio\\\/alianzas-empresariales-propiedades-y-proyectos-audiovisuales\\\/#listItem\",\"position\":3,\"name\":\"Alianzas empresariales: Propiedades y proyectos audiovisuales\",\"previousItem\":{\"@type\":\"ListItem\",\"@id\":\"https:\\\/\\\/eldigitaldeasturias.com\\\/radio\\\/category\\\/negocios\\\/#listItem\",\"name\":\"Negocios\"}}]},{\"@type\":\"NewsArticle\",\"@id\":\"https:\\\/\\\/eldigitaldeasturias.com\\\/radio\\\/alianzas-empresariales-propiedades-y-proyectos-audiovisuales\\\/#newsarticle\",\"name\":\"Alianzas empresariales: Propiedades y proyectos audiovisuales | El Digital de Asturias\",\"headline\":\"Alianzas empresariales: Propiedades y proyectos audiovisuales\",\"author\":{\"@id\":\"https:\\\/\\\/eldigitaldeasturias.com\\\/radio\\\/author\\\/nbasturias\\\/#author\"},\"publisher\":{\"@id\":\"https:\\\/\\\/eldigitaldeasturias.com\\\/radio\\\/#organization\"},\"image\":{\"@type\":\"ImageObject\",\"url\":\"https:\\\/\\\/eldigitaldeasturias.com\\\/radio\\\/wp-content\\\/uploads\\\/2020\\\/11\\\/startup-593341_640.jpg\",\"width\":640,\"height\":426},\"datePublished\":\"2020-11-10T18:10:53+01:00\",\"dateModified\":\"2020-11-10T18:10:53+01:00\",\"inLanguage\":\"es-ES\",\"mainEntityOfPage\":{\"@id\":\"https:\\\/\\\/eldigitaldeasturias.com\\\/radio\\\/alianzas-empresariales-propiedades-y-proyectos-audiovisuales\\\/#webpage\"},\"isPartOf\":{\"@id\":\"https:\\\/\\\/eldigitaldeasturias.com\\\/radio\\\/alianzas-empresariales-propiedades-y-proyectos-audiovisuales\\\/#webpage\"},\"articleSection\":\"Negocios\",\"dateline\":\"Publicado el noviembre 10, 2020.\"},{\"@type\":\"Organization\",\"@id\":\"https:\\\/\\\/eldigitaldeasturias.com\\\/radio\\\/#organization\",\"name\":\"El digital de Asturias Radio\",\"description\":\"Diario de informaci\\u00f3n y noticias\",\"url\":\"https:\\\/\\\/eldigitaldeasturias.com\\\/radio\\\/\",\"telephone\":\"+34652131393\",\"logo\":{\"@type\":\"ImageObject\",\"url\":\"https:\\\/\\\/www.eldigitaldeasturias.com\\\/radio\\\/wp-content\\\/uploads\\\/2021\\\/03\\\/EDA.jpg\",\"@id\":\"https:\\\/\\\/eldigitaldeasturias.com\\\/radio\\\/alianzas-empresariales-propiedades-y-proyectos-audiovisuales\\\/#organizationLogo\"},\"image\":{\"@id\":\"https:\\\/\\\/eldigitaldeasturias.com\\\/radio\\\/alianzas-empresariales-propiedades-y-proyectos-audiovisuales\\\/#organizationLogo\"},\"sameAs\":[\"https:\\\/\\\/www.facebook.com\\\/\",\"https:\\\/\\\/x.com\\\/bercodi\",\"https:\\\/\\\/www.instagram.com\\\/\",\"https:\\\/\\\/www.youtube.com\\\/channel\\\/UCZP-2wLEB9Rv6erhFmqVnvg\"]},{\"@type\":\"Person\",\"@id\":\"https:\\\/\\\/eldigitaldeasturias.com\\\/radio\\\/author\\\/nbasturias\\\/#author\",\"url\":\"https:\\\/\\\/eldigitaldeasturias.com\\\/radio\\\/author\\\/nbasturias\\\/\",\"name\":\"NBAsturias\",\"image\":{\"@type\":\"ImageObject\",\"@id\":\"https:\\\/\\\/eldigitaldeasturias.com\\\/radio\\\/alianzas-empresariales-propiedades-y-proyectos-audiovisuales\\\/#authorImage\",\"url\":\"https:\\\/\\\/secure.gravatar.com\\\/avatar\\\/df2aeffc32bcd13f8d26072ef8a91b623d677766deac7f97ca815868cd41bf5e?s=96&d=mm&r=g\",\"width\":96,\"height\":96,\"caption\":\"NBAsturias\"}},{\"@type\":\"WebPage\",\"@id\":\"https:\\\/\\\/eldigitaldeasturias.com\\\/radio\\\/alianzas-empresariales-propiedades-y-proyectos-audiovisuales\\\/#webpage\",\"url\":\"https:\\\/\\\/eldigitaldeasturias.com\\\/radio\\\/alianzas-empresariales-propiedades-y-proyectos-audiovisuales\\\/\",\"name\":\"Alianzas empresariales: Propiedades y proyectos audiovisuales | El Digital de Asturias\",\"description\":\"Los negocios y las peque\\u00f1as empresas viven un momento de actualizaci\\u00f3n, digitalizaci\\u00f3n y cambios; los nuevos retos han llegado para todos los sectores, y por eso es importante crear estrategias de mercado que permitan llegar a nuevos clientes y a su vez buscar nuevos consumidores finales. Hoy en d\\u00eda tambi\\u00e9n es necesario crear sinergias para\",\"inLanguage\":\"es-ES\",\"isPartOf\":{\"@id\":\"https:\\\/\\\/eldigitaldeasturias.com\\\/radio\\\/#website\"},\"breadcrumb\":{\"@id\":\"https:\\\/\\\/eldigitaldeasturias.com\\\/radio\\\/alianzas-empresariales-propiedades-y-proyectos-audiovisuales\\\/#breadcrumblist\"},\"author\":{\"@id\":\"https:\\\/\\\/eldigitaldeasturias.com\\\/radio\\\/author\\\/nbasturias\\\/#author\"},\"creator\":{\"@id\":\"https:\\\/\\\/eldigitaldeasturias.com\\\/radio\\\/author\\\/nbasturias\\\/#author\"},\"image\":{\"@type\":\"ImageObject\",\"url\":\"https:\\\/\\\/eldigitaldeasturias.com\\\/radio\\\/wp-content\\\/uploads\\\/2020\\\/11\\\/startup-593341_640.jpg\",\"@id\":\"https:\\\/\\\/eldigitaldeasturias.com\\\/radio\\\/alianzas-empresariales-propiedades-y-proyectos-audiovisuales\\\/#mainImage\",\"width\":640,\"height\":426},\"primaryImageOfPage\":{\"@id\":\"https:\\\/\\\/eldigitaldeasturias.com\\\/radio\\\/alianzas-empresariales-propiedades-y-proyectos-audiovisuales\\\/#mainImage\"},\"datePublished\":\"2020-11-10T18:10:53+01:00\",\"dateModified\":\"2020-11-10T18:10:53+01:00\"},{\"@type\":\"WebSite\",\"@id\":\"https:\\\/\\\/eldigitaldeasturias.com\\\/radio\\\/#website\",\"url\":\"https:\\\/\\\/eldigitaldeasturias.com\\\/radio\\\/\",\"name\":\"El Digital de Asturias\",\"description\":\"Diario de informaci\\u00f3n y noticias\",\"inLanguage\":\"es-ES\",\"publisher\":{\"@id\":\"https:\\\/\\\/eldigitaldeasturias.com\\\/radio\\\/#organization\"}}]}\n\t\t<\/script>\n\t\t<!-- All in One SEO Pro -->\r\n\t\t<title>Alianzas empresariales: Propiedades y proyectos audiovisuales | El Digital de Asturias<\/title>\n\n","aioseo_head_json":{"title":"Alianzas empresariales: Propiedades y proyectos audiovisuales | El Digital de Asturias","description":"Los negocios y las peque\u00f1as empresas viven un momento de actualizaci\u00f3n, digitalizaci\u00f3n y cambios; los nuevos retos han llegado para todos los sectores, y por eso es importante crear estrategias de mercado que permitan llegar a nuevos clientes y a su vez buscar nuevos consumidores finales. Hoy en d\u00eda tambi\u00e9n es necesario crear sinergias para","canonical_url":"https:\/\/eldigitaldeasturias.com\/radio\/alianzas-empresariales-propiedades-y-proyectos-audiovisuales\/","robots":"max-image-preview:large","keywords":"negocios","webmasterTools":{"google-site-verification":"UA-38556648-1","miscellaneous":""},"schema":{"@context":"https:\/\/schema.org","@graph":[{"@type":"BreadcrumbList","@id":"https:\/\/eldigitaldeasturias.com\/radio\/alianzas-empresariales-propiedades-y-proyectos-audiovisuales\/#breadcrumblist","itemListElement":[{"@type":"ListItem","@id":"https:\/\/eldigitaldeasturias.com\/radio#listItem","position":1,"name":"Inicio","item":"https:\/\/eldigitaldeasturias.com\/radio","nextItem":{"@type":"ListItem","@id":"https:\/\/eldigitaldeasturias.com\/radio\/category\/negocios\/#listItem","name":"Negocios"}},{"@type":"ListItem","@id":"https:\/\/eldigitaldeasturias.com\/radio\/category\/negocios\/#listItem","position":2,"name":"Negocios","item":"https:\/\/eldigitaldeasturias.com\/radio\/category\/negocios\/","nextItem":{"@type":"ListItem","@id":"https:\/\/eldigitaldeasturias.com\/radio\/alianzas-empresariales-propiedades-y-proyectos-audiovisuales\/#listItem","name":"Alianzas empresariales: Propiedades y proyectos audiovisuales"},"previousItem":{"@type":"ListItem","@id":"https:\/\/eldigitaldeasturias.com\/radio#listItem","name":"Inicio"}},{"@type":"ListItem","@id":"https:\/\/eldigitaldeasturias.com\/radio\/alianzas-empresariales-propiedades-y-proyectos-audiovisuales\/#listItem","position":3,"name":"Alianzas empresariales: Propiedades y proyectos audiovisuales","previousItem":{"@type":"ListItem","@id":"https:\/\/eldigitaldeasturias.com\/radio\/category\/negocios\/#listItem","name":"Negocios"}}]},{"@type":"NewsArticle","@id":"https:\/\/eldigitaldeasturias.com\/radio\/alianzas-empresariales-propiedades-y-proyectos-audiovisuales\/#newsarticle","name":"Alianzas empresariales: Propiedades y proyectos audiovisuales | El Digital de Asturias","headline":"Alianzas empresariales: Propiedades y proyectos audiovisuales","author":{"@id":"https:\/\/eldigitaldeasturias.com\/radio\/author\/nbasturias\/#author"},"publisher":{"@id":"https:\/\/eldigitaldeasturias.com\/radio\/#organization"},"image":{"@type":"ImageObject","url":"https:\/\/eldigitaldeasturias.com\/radio\/wp-content\/uploads\/2020\/11\/startup-593341_640.jpg","width":640,"height":426},"datePublished":"2020-11-10T18:10:53+01:00","dateModified":"2020-11-10T18:10:53+01:00","inLanguage":"es-ES","mainEntityOfPage":{"@id":"https:\/\/eldigitaldeasturias.com\/radio\/alianzas-empresariales-propiedades-y-proyectos-audiovisuales\/#webpage"},"isPartOf":{"@id":"https:\/\/eldigitaldeasturias.com\/radio\/alianzas-empresariales-propiedades-y-proyectos-audiovisuales\/#webpage"},"articleSection":"Negocios","dateline":"Publicado el noviembre 10, 2020."},{"@type":"Organization","@id":"https:\/\/eldigitaldeasturias.com\/radio\/#organization","name":"El digital de Asturias Radio","description":"Diario de informaci\u00f3n y noticias","url":"https:\/\/eldigitaldeasturias.com\/radio\/","telephone":"+34652131393","logo":{"@type":"ImageObject","url":"https:\/\/www.eldigitaldeasturias.com\/radio\/wp-content\/uploads\/2021\/03\/EDA.jpg","@id":"https:\/\/eldigitaldeasturias.com\/radio\/alianzas-empresariales-propiedades-y-proyectos-audiovisuales\/#organizationLogo"},"image":{"@id":"https:\/\/eldigitaldeasturias.com\/radio\/alianzas-empresariales-propiedades-y-proyectos-audiovisuales\/#organizationLogo"},"sameAs":["https:\/\/www.facebook.com\/","https:\/\/x.com\/bercodi","https:\/\/www.instagram.com\/","https:\/\/www.youtube.com\/channel\/UCZP-2wLEB9Rv6erhFmqVnvg"]},{"@type":"Person","@id":"https:\/\/eldigitaldeasturias.com\/radio\/author\/nbasturias\/#author","url":"https:\/\/eldigitaldeasturias.com\/radio\/author\/nbasturias\/","name":"NBAsturias","image":{"@type":"ImageObject","@id":"https:\/\/eldigitaldeasturias.com\/radio\/alianzas-empresariales-propiedades-y-proyectos-audiovisuales\/#authorImage","url":"https:\/\/secure.gravatar.com\/avatar\/df2aeffc32bcd13f8d26072ef8a91b623d677766deac7f97ca815868cd41bf5e?s=96&d=mm&r=g","width":96,"height":96,"caption":"NBAsturias"}},{"@type":"WebPage","@id":"https:\/\/eldigitaldeasturias.com\/radio\/alianzas-empresariales-propiedades-y-proyectos-audiovisuales\/#webpage","url":"https:\/\/eldigitaldeasturias.com\/radio\/alianzas-empresariales-propiedades-y-proyectos-audiovisuales\/","name":"Alianzas empresariales: Propiedades y proyectos audiovisuales | El Digital de Asturias","description":"Los negocios y las peque\u00f1as empresas viven un momento de actualizaci\u00f3n, digitalizaci\u00f3n y cambios; los nuevos retos han llegado para todos los sectores, y por eso es importante crear estrategias de mercado que permitan llegar a nuevos clientes y a su vez buscar nuevos consumidores finales. Hoy en d\u00eda tambi\u00e9n es necesario crear sinergias para","inLanguage":"es-ES","isPartOf":{"@id":"https:\/\/eldigitaldeasturias.com\/radio\/#website"},"breadcrumb":{"@id":"https:\/\/eldigitaldeasturias.com\/radio\/alianzas-empresariales-propiedades-y-proyectos-audiovisuales\/#breadcrumblist"},"author":{"@id":"https:\/\/eldigitaldeasturias.com\/radio\/author\/nbasturias\/#author"},"creator":{"@id":"https:\/\/eldigitaldeasturias.com\/radio\/author\/nbasturias\/#author"},"image":{"@type":"ImageObject","url":"https:\/\/eldigitaldeasturias.com\/radio\/wp-content\/uploads\/2020\/11\/startup-593341_640.jpg","@id":"https:\/\/eldigitaldeasturias.com\/radio\/alianzas-empresariales-propiedades-y-proyectos-audiovisuales\/#mainImage","width":640,"height":426},"primaryImageOfPage":{"@id":"https:\/\/eldigitaldeasturias.com\/radio\/alianzas-empresariales-propiedades-y-proyectos-audiovisuales\/#mainImage"},"datePublished":"2020-11-10T18:10:53+01:00","dateModified":"2020-11-10T18:10:53+01:00"},{"@type":"WebSite","@id":"https:\/\/eldigitaldeasturias.com\/radio\/#website","url":"https:\/\/eldigitaldeasturias.com\/radio\/","name":"El Digital de Asturias","description":"Diario de informaci\u00f3n y noticias","inLanguage":"es-ES","publisher":{"@id":"https:\/\/eldigitaldeasturias.com\/radio\/#organization"}}]},"og:locale":"es_ES","og:site_name":"El Digital de Asturias | Diario de informaci\u00f3n y noticias","og:type":"article","og:title":"Alianzas empresariales: Propiedades y proyectos audiovisuales | El Digital de Asturias","og:description":"Los negocios y las peque\u00f1as empresas viven un momento de actualizaci\u00f3n, digitalizaci\u00f3n y cambios; los nuevos retos han llegado para todos los sectores, y por eso es importante crear estrategias de mercado que permitan llegar a nuevos clientes y a su vez buscar nuevos consumidores finales. Hoy en d\u00eda tambi\u00e9n es necesario crear sinergias para","og:url":"https:\/\/eldigitaldeasturias.com\/radio\/alianzas-empresariales-propiedades-y-proyectos-audiovisuales\/","og:image":"https:\/\/eldigitaldeasturias.com\/radio\/wp-content\/uploads\/2020\/11\/startup-593341_640.jpg","og:image:secure_url":"https:\/\/eldigitaldeasturias.com\/radio\/wp-content\/uploads\/2020\/11\/startup-593341_640.jpg","og:image:width":640,"og:image:height":426,"article:published_time":"2020-11-10T18:10:53+00:00","article:modified_time":"2020-11-10T18:10:53+00:00","twitter:card":"summary_large_image","twitter:site":"@bercodi","twitter:title":"Alianzas empresariales: Propiedades y proyectos audiovisuales | El Digital de Asturias","twitter:description":"Los negocios y las peque\u00f1as empresas viven un momento de actualizaci\u00f3n, digitalizaci\u00f3n y cambios; los nuevos retos han llegado para todos los sectores, y por eso es importante crear estrategias de mercado que permitan llegar a nuevos clientes y a su vez buscar nuevos consumidores finales. Hoy en d\u00eda tambi\u00e9n es necesario crear sinergias para","twitter:creator":"@bercodi","twitter:image":"https:\/\/eldigitaldeasturias.com\/radio\/wp-content\/uploads\/2020\/11\/startup-593341_640.jpg"},"aioseo_meta_data":{"post_id":"5277","title":null,"description":"","keywords":"","keyphrases":null,"primary_term":null,"canonical_url":"","og_title":null,"og_description":null,"og_object_type":"default","og_image_type":"default","og_image_url":null,"og_image_width":null,"og_image_height":null,"og_image_custom_url":null,"og_image_custom_fields":null,"og_video":null,"og_custom_url":null,"og_article_section":null,"og_article_tags":null,"twitter_use_og":false,"twitter_card":"default","twitter_image_type":"default","twitter_image_url":null,"twitter_image_custom_url":null,"twitter_image_custom_fields":null,"twitter_title":null,"twitter_description":null,"schema":{"blockGraphs":[],"customGraphs":[],"default":{"data":{"Article":[],"Course":[],"Dataset":[],"FAQPage":[],"Movie":[],"Person":[],"Product":[],"ProductReview":[],"Car":[],"Recipe":[],"Service":[],"SoftwareApplication":[],"WebPage":[]},"graphName":"","isEnabled":true},"graphs":[],"defaultGraph":"","defaultPostTypeGraph":""},"schema_type":null,"schema_type_options":null,"pillar_content":false,"robots_default":true,"robots_noindex":false,"robots_noarchive":false,"robots_nosnippet":false,"robots_nofollow":false,"robots_noimageindex":false,"robots_noodp":false,"robots_notranslate":false,"robots_max_snippet":null,"robots_max_videopreview":null,"robots_max_imagepreview":"large","priority":null,"frequency":null,"location":null,"local_seo":null,"seo_analyzer_scan_date":"2025-08-28 17:37:28","breadcrumb_settings":null,"limit_modified_date":false,"open_ai":null,"ai":null,"created":"2021-03-26 00:17:26","updated":"2025-08-28 17:37:28"},"aioseo_breadcrumb":"<div class=\"aioseo-breadcrumbs\"><span class=\"aioseo-breadcrumb\">\n\t<a href=\"https:\/\/eldigitaldeasturias.com\/radio\" title=\"Inicio\">Inicio<\/a>\n<\/span><span class=\"aioseo-breadcrumb-separator\">&ndash;<\/span><span class=\"aioseo-breadcrumb\">\n\t<a href=\"https:\/\/eldigitaldeasturias.com\/radio\/category\/negocios\/\" title=\"Negocios\">Negocios<\/a>\n<\/span><span class=\"aioseo-breadcrumb-separator\">&ndash;<\/span><span class=\"aioseo-breadcrumb\">\n\tAlianzas empresariales: Propiedades y proyectos audiovisuales\n<\/span><\/div>","aioseo_breadcrumb_json":[{"label":"Inicio","link":"https:\/\/eldigitaldeasturias.com\/radio"},{"label":"Negocios","link":"https:\/\/eldigitaldeasturias.com\/radio\/category\/negocios\/"},{"label":"Alianzas empresariales: Propiedades y proyectos audiovisuales","link":"https:\/\/eldigitaldeasturias.com\/radio\/alianzas-empresariales-propiedades-y-proyectos-audiovisuales\/"}],"_links":{"self":[{"href":"https:\/\/eldigitaldeasturias.com\/radio\/wp-json\/wp\/v2\/posts\/5277","targetHints":{"allow":["GET"]}}],"collection":[{"href":"https:\/\/eldigitaldeasturias.com\/radio\/wp-json\/wp\/v2\/posts"}],"about":[{"href":"https:\/\/eldigitaldeasturias.com\/radio\/wp-json\/wp\/v2\/types\/post"}],"author":[{"embeddable":true,"href":"https:\/\/eldigitaldeasturias.com\/radio\/wp-json\/wp\/v2\/users\/1"}],"replies":[{"embeddable":true,"href":"https:\/\/eldigitaldeasturias.com\/radio\/wp-json\/wp\/v2\/comments?post=5277"}],"version-history":[{"count":0,"href":"https:\/\/eldigitaldeasturias.com\/radio\/wp-json\/wp\/v2\/posts\/5277\/revisions"}],"wp:featuredmedia":[{"embeddable":true,"href":"https:\/\/eldigitaldeasturias.com\/radio\/wp-json\/wp\/v2\/media\/5278"}],"wp:attachment":[{"href":"https:\/\/eldigitaldeasturias.com\/radio\/wp-json\/wp\/v2\/media?parent=5277"}],"wp:term":[{"taxonomy":"category","embeddable":true,"href":"https:\/\/eldigitaldeasturias.com\/radio\/wp-json\/wp\/v2\/categories?post=5277"},{"taxonomy":"post_tag","embeddable":true,"href":"https:\/\/eldigitaldeasturias.com\/radio\/wp-json\/wp\/v2\/tags?post=5277"}],"curies":[{"name":"wp","href":"https:\/\/api.w.org\/{rel}","templated":true}]}}