{"id":5261,"date":"2020-11-03T16:14:31","date_gmt":"2020-11-03T16:14:31","guid":{"rendered":"http:\/\/www.eldigitaldeasturias.com\/radio\/?p=5261"},"modified":"2020-11-03T16:14:31","modified_gmt":"2020-11-03T16:14:31","slug":"merkel-advierte-el-virus-castiga-las-medias-tintas","status":"publish","type":"post","link":"https:\/\/eldigitaldeasturias.com\/radio\/merkel-advierte-el-virus-castiga-las-medias-tintas\/","title":{"rendered":"Merkel advierte: \u00abEl virus castiga las medias tintas\u00bb"},"content":{"rendered":"<figure id=\"attachment_5262\" aria-describedby=\"caption-attachment-5262\" style=\"width: 360px\" class=\"wp-caption alignleft\"><img fetchpriority=\"high\" decoding=\"async\" class=\"wp-image-5262 size-medium\" src=\"http:\/\/www.eldigitaldeasturias.com\/radio\/wp-content\/uploads\/2020\/11\/DRESDE-360x235.jpg\" alt=\"\" width=\"360\" height=\"235\" srcset=\"https:\/\/eldigitaldeasturias.com\/radio\/wp-content\/uploads\/2020\/11\/DRESDE-360x235.jpg 360w, https:\/\/eldigitaldeasturias.com\/radio\/wp-content\/uploads\/2020\/11\/DRESDE-768x502.jpg 768w, https:\/\/eldigitaldeasturias.com\/radio\/wp-content\/uploads\/2020\/11\/DRESDE.jpg 1002w\" sizes=\"(max-width: 360px) 100vw, 360px\" \/><figcaption id=\"caption-attachment-5262\" class=\"wp-caption-text\">Sillas y mesas vac\u00edas en la plaza de Neumarkt junto a la iglesia Frauenkirche de Dresde. Foto: Sebastian Kahnert\/dpa-Zentralbild\/dpa<\/figcaption><\/figure>\n<p>Berl\u00edn, 2 nov (dpa) &#8211; La canciller alemana, Angela Merkel, inst\u00f3 hoy a la poblaci\u00f3n a acatar el confinamiento parcial que rige por el mes de noviembre para romper la segunda ola de infecciones de coronavirus y evitar el colapso del sistema sanitario.<\/p>\n<p>\u00abQue este gran esfuerzo conjunto sirva de algo en el mes de noviembre depende no solo de las reglas, sino sobre todo de si estas reglas se cumplen\u00bb, dijo Merkel en la conferencia de prensa al t\u00e9rmino de una reuni\u00f3n de ministros en Berl\u00edn.<\/p>\n<p>\u00abDepende de todos y cada uno de nosotros hacer de este noviembre nuestro \u00e9xito conjunto, un punto de inflexi\u00f3n para la trazabilidad de la pandemia\u00bb, insisti\u00f3.<\/p>\n<p>\u00abEl virus castiga las medias tintas\u00bb, advirti\u00f3 a sus conciudadanos al pedirles que reduzcan sensiblemente los contactos personales y prometi\u00f3 un \u00abdiciembre tolerable\u00bb en caso de conseguir frenar con \u00e9xito la disparada de casos.<\/p>\n<p>Alemania entr\u00f3 hoy en una fase de confinamiento parcial de cuatro semanas. Desde la medianoche est\u00e1n cerrados los hoteles y restaurantes, cines, museos, teatros y otras instalaciones de ocio.<\/p>\n<p>En la mayor\u00eda de los 16 estados federados del pa\u00eds, las reuniones al aire libre se limitan a los miembros de no m\u00e1s de dos hogares, con un m\u00e1ximo de diez personas. En algunas regiones esto tambi\u00e9n se aplica a las reuniones en el hogar.<\/p>\n<p>Tambi\u00e9n est\u00e1 prohibida la asistencia de espectadores a los partidos de f\u00fatbol de la Bundesliga, no se practicar\u00e1 el deporte amateur y se cerrar\u00e1n los gimnasios, piscinas, estudios de cosm\u00e9tica, salones de masaje y estudios de tatuaje.<\/p>\n<p>A diferencia de la primera ronda de restricciones a principios de a\u00f1o, las escuelas y jardines de infantes permanecer\u00e1n abiertos, junto con la mayor\u00eda de las tiendas y peluquer\u00edas. Los restaurantes podr\u00e1n servir comida para llevar durante esta fase de confinamiento parcial.<\/p>\n<p>Merkel defendi\u00f3 el cierre de los restaurantes y bares en noviembre y volvi\u00f3 a prometer ayuda r\u00e1pida a los afectados. El Gobierno alem\u00e1n anunci\u00f3 d\u00edas atr\u00e1s que pondr\u00e1 a disposici\u00f3n 10.000 millones de euros (11.600 millones de d\u00f3lares) adicionales para cubrir la mayor\u00eda de los ingresos perdidos durante noviembre.<\/p>\n<p>La canciller no quiso aventurar un pron\u00f3stico sobre c\u00f3mo continuar\u00edan las cosas despu\u00e9s del par\u00f3n de cuatro semanas y anunci\u00f3 que habr\u00eda otra reuni\u00f3n con los primeros ministros regionales el 16 de este mes.<\/p>\n<p>Al mismo tiempo previno que si las medidas que se han tomado no son suficientes para reducir significativamente el n\u00famero de nuevas infecciones podr\u00edan ser impuestas restricciones adicionales. \u00abEn cualquier caso, intentaremos pol\u00edticamente hacer todo lo posible para mantenerlo limitado a noviembre\u00bb, prometi\u00f3.<\/p>\n<p>Merkel subray\u00f3 que aun cuando las nuevas medidas surtan el efecto deseado, se deber\u00e1n seguir respetando las normas de higiene y distancia. Esto tambi\u00e9n se aplicar\u00e1 a la Navidad: \u00abSer\u00e1 una Navidad en condiciones de coronavirus, pero no deber\u00eda ser una Navidad en soledad\u00bb.<\/p>\n<p>Actualmente, Alemania registra diariamente muchas m\u00e1s infecciones de coronavirus que al inicio de la pandemia en marzo y abril, aunque las pruebas han aumentado considerablemente desde entonces.<\/p>\n<p>El factor decisivo es la llamada incidencia de siete d\u00edas, es decir, cu\u00e1ntas personas por cada 100.000 habitantes se infectan en una semana. Actualmente este valor es de 127,8.<\/p>\n<p>\u00abTenemos que volver a bajar al rango por debajo de 50\u00bb, dijo Merkel, explicando que solo entonces las autoridades sanitarias podr\u00e1n rastrear exhaustivamente las cadenas de infecci\u00f3n y luego romperlas.<\/p>\n<p>Merkel sostuvo que lo contrario, el pa\u00eds enfila hacia una situaci\u00f3n de emergencia sanitaria. \u00abEsto es un crecimiento exponencial y nos dirigimos a situaciones de emergencia aguda en nuestros hospitales a un ritmo cada vez mayor\u00bb.<\/p>\n<p>El Instituto Robert Koch, el organismo alem\u00e1n de enfermedades infecciosas, report\u00f3 hoy 12.097 nuevos casos de infecciones por coronavirus en 24 horas, lo que eleva el n\u00famero total de casos desde el inicio de la pandemia a 545.027. El n\u00famero de muertes tambi\u00e9n creci\u00f3 en 49, para alcanzar un total de 10.530.<\/p>\n","protected":false},"excerpt":{"rendered":"<p>Berl\u00edn, 2 nov (dpa) &#8211; La canciller alemana, Angela Merkel, inst\u00f3 hoy a la poblaci\u00f3n a acatar el confinamiento parcial que rige por el mes de noviembre para romper la segunda ola de infecciones de coronavirus y evitar el colapso del sistema sanitario. \u00abQue este gran esfuerzo conjunto sirva de algo en el mes de<\/p>\n","protected":false},"author":1,"featured_media":5262,"comment_status":"closed","ping_status":"closed","sticky":false,"template":"","format":"standard","meta":{"footnotes":""},"categories":[1],"tags":[],"class_list":{"0":"post-5261","1":"post","2":"type-post","3":"status-publish","4":"format-standard","5":"has-post-thumbnail","7":"category-noticias"},"aioseo_notices":[],"aioseo_head":"\n\t\t<!-- All in One SEO Pro 4.9.6.2 - aioseo.com -->\n\t<meta name=\"description\" content=\"Berl\u00edn, 2 nov (dpa) - La canciller alemana, Angela Merkel, inst\u00f3 hoy a la poblaci\u00f3n a acatar el confinamiento parcial que rige por el mes de noviembre para romper la segunda ola de infecciones de coronavirus y evitar el colapso del sistema sanitario. &quot;Que este gran esfuerzo conjunto sirva de algo en el mes de\" \/>\n\t<meta name=\"robots\" content=\"max-image-preview:large\" \/>\n\t<meta name=\"author\" content=\"NBAsturias\"\/>\n\t<meta name=\"google-site-verification\" content=\"UA-38556648-1\" \/>\n\t<meta name=\"keywords\" content=\"noticias\" \/>\n\t<link rel=\"canonical\" href=\"https:\/\/eldigitaldeasturias.com\/radio\/merkel-advierte-el-virus-castiga-las-medias-tintas\/\" \/>\n\t<meta name=\"generator\" content=\"All in One SEO Pro (AIOSEO) 4.9.6.2\" \/>\n\t\t<meta property=\"og:locale\" content=\"es_ES\" \/>\n\t\t<meta property=\"og:site_name\" content=\"El Digital de Asturias | Diario de informaci\u00f3n y noticias\" \/>\n\t\t<meta property=\"og:type\" content=\"article\" \/>\n\t\t<meta property=\"og:title\" content=\"Merkel advierte: \u00abEl virus castiga las medias tintas\u00bb | El Digital de Asturias\" \/>\n\t\t<meta property=\"og:description\" content=\"Berl\u00edn, 2 nov (dpa) - La canciller alemana, Angela Merkel, inst\u00f3 hoy a la poblaci\u00f3n a acatar el confinamiento parcial que rige por el mes de noviembre para romper la segunda ola de infecciones de coronavirus y evitar el colapso del sistema sanitario. &quot;Que este gran esfuerzo conjunto sirva de algo en el mes de\" \/>\n\t\t<meta property=\"og:url\" content=\"https:\/\/eldigitaldeasturias.com\/radio\/merkel-advierte-el-virus-castiga-las-medias-tintas\/\" \/>\n\t\t<meta property=\"og:image\" content=\"https:\/\/eldigitaldeasturias.com\/radio\/wp-content\/uploads\/2020\/11\/DRESDE.jpg\" \/>\n\t\t<meta property=\"og:image:secure_url\" content=\"https:\/\/eldigitaldeasturias.com\/radio\/wp-content\/uploads\/2020\/11\/DRESDE.jpg\" \/>\n\t\t<meta property=\"og:image:width\" content=\"1002\" \/>\n\t\t<meta property=\"og:image:height\" content=\"655\" \/>\n\t\t<meta property=\"article:published_time\" content=\"2020-11-03T16:14:31+00:00\" \/>\n\t\t<meta property=\"article:modified_time\" content=\"2020-11-03T16:14:31+00:00\" \/>\n\t\t<meta name=\"twitter:card\" content=\"summary_large_image\" \/>\n\t\t<meta name=\"twitter:site\" content=\"@bercodi\" \/>\n\t\t<meta name=\"twitter:title\" content=\"Merkel advierte: \u00abEl virus castiga las medias tintas\u00bb | El Digital de Asturias\" \/>\n\t\t<meta name=\"twitter:description\" content=\"Berl\u00edn, 2 nov (dpa) - La canciller alemana, Angela Merkel, inst\u00f3 hoy a la poblaci\u00f3n a acatar el confinamiento parcial que rige por el mes de noviembre para romper la segunda ola de infecciones de coronavirus y evitar el colapso del sistema sanitario. &quot;Que este gran esfuerzo conjunto sirva de algo en el mes de\" \/>\n\t\t<meta name=\"twitter:creator\" content=\"@bercodi\" \/>\n\t\t<meta name=\"twitter:image\" content=\"https:\/\/eldigitaldeasturias.com\/radio\/wp-content\/uploads\/2020\/11\/DRESDE.jpg\" \/>\n\t\t<script type=\"application\/ld+json\" class=\"aioseo-schema\">\n\t\t\t{\"@context\":\"https:\\\/\\\/schema.org\",\"@graph\":[{\"@type\":\"BreadcrumbList\",\"@id\":\"https:\\\/\\\/eldigitaldeasturias.com\\\/radio\\\/merkel-advierte-el-virus-castiga-las-medias-tintas\\\/#breadcrumblist\",\"itemListElement\":[{\"@type\":\"ListItem\",\"@id\":\"https:\\\/\\\/eldigitaldeasturias.com\\\/radio#listItem\",\"position\":1,\"name\":\"Inicio\",\"item\":\"https:\\\/\\\/eldigitaldeasturias.com\\\/radio\",\"nextItem\":{\"@type\":\"ListItem\",\"@id\":\"https:\\\/\\\/eldigitaldeasturias.com\\\/radio\\\/category\\\/noticias\\\/#listItem\",\"name\":\"Noticias\"}},{\"@type\":\"ListItem\",\"@id\":\"https:\\\/\\\/eldigitaldeasturias.com\\\/radio\\\/category\\\/noticias\\\/#listItem\",\"position\":2,\"name\":\"Noticias\",\"item\":\"https:\\\/\\\/eldigitaldeasturias.com\\\/radio\\\/category\\\/noticias\\\/\",\"nextItem\":{\"@type\":\"ListItem\",\"@id\":\"https:\\\/\\\/eldigitaldeasturias.com\\\/radio\\\/merkel-advierte-el-virus-castiga-las-medias-tintas\\\/#listItem\",\"name\":\"Merkel advierte: \\u00abEl virus castiga las medias tintas\\u00bb\"},\"previousItem\":{\"@type\":\"ListItem\",\"@id\":\"https:\\\/\\\/eldigitaldeasturias.com\\\/radio#listItem\",\"name\":\"Inicio\"}},{\"@type\":\"ListItem\",\"@id\":\"https:\\\/\\\/eldigitaldeasturias.com\\\/radio\\\/merkel-advierte-el-virus-castiga-las-medias-tintas\\\/#listItem\",\"position\":3,\"name\":\"Merkel advierte: \\u00abEl virus castiga las medias tintas\\u00bb\",\"previousItem\":{\"@type\":\"ListItem\",\"@id\":\"https:\\\/\\\/eldigitaldeasturias.com\\\/radio\\\/category\\\/noticias\\\/#listItem\",\"name\":\"Noticias\"}}]},{\"@type\":\"NewsArticle\",\"@id\":\"https:\\\/\\\/eldigitaldeasturias.com\\\/radio\\\/merkel-advierte-el-virus-castiga-las-medias-tintas\\\/#newsarticle\",\"name\":\"Merkel advierte: \\u00abEl virus castiga las medias tintas\\u00bb | El Digital de Asturias\",\"headline\":\"Merkel advierte: \\u00abEl virus castiga las medias tintas\\u00bb\",\"author\":{\"@id\":\"https:\\\/\\\/eldigitaldeasturias.com\\\/radio\\\/author\\\/nbasturias\\\/#author\"},\"publisher\":{\"@id\":\"https:\\\/\\\/eldigitaldeasturias.com\\\/radio\\\/#organization\"},\"image\":{\"@type\":\"ImageObject\",\"url\":\"https:\\\/\\\/eldigitaldeasturias.com\\\/radio\\\/wp-content\\\/uploads\\\/2020\\\/11\\\/DRESDE.jpg\",\"width\":1002,\"height\":655,\"caption\":\"Sillas y mesas vac\\u00edas en la plaza de Neumarkt junto a la iglesia Frauenkirche de Dresde. Foto: Sebastian Kahnert\\\/dpa-Zentralbild\\\/dpa\"},\"datePublished\":\"2020-11-03T16:14:31+01:00\",\"dateModified\":\"2020-11-03T16:14:31+01:00\",\"inLanguage\":\"es-ES\",\"mainEntityOfPage\":{\"@id\":\"https:\\\/\\\/eldigitaldeasturias.com\\\/radio\\\/merkel-advierte-el-virus-castiga-las-medias-tintas\\\/#webpage\"},\"isPartOf\":{\"@id\":\"https:\\\/\\\/eldigitaldeasturias.com\\\/radio\\\/merkel-advierte-el-virus-castiga-las-medias-tintas\\\/#webpage\"},\"articleSection\":\"Noticias\",\"dateline\":\"Publicado el noviembre 3, 2020.\"},{\"@type\":\"Organization\",\"@id\":\"https:\\\/\\\/eldigitaldeasturias.com\\\/radio\\\/#organization\",\"name\":\"El digital de Asturias Radio\",\"description\":\"Diario de informaci\\u00f3n y noticias\",\"url\":\"https:\\\/\\\/eldigitaldeasturias.com\\\/radio\\\/\",\"telephone\":\"+34652131393\",\"logo\":{\"@type\":\"ImageObject\",\"url\":\"https:\\\/\\\/www.eldigitaldeasturias.com\\\/radio\\\/wp-content\\\/uploads\\\/2021\\\/03\\\/EDA.jpg\",\"@id\":\"https:\\\/\\\/eldigitaldeasturias.com\\\/radio\\\/merkel-advierte-el-virus-castiga-las-medias-tintas\\\/#organizationLogo\"},\"image\":{\"@id\":\"https:\\\/\\\/eldigitaldeasturias.com\\\/radio\\\/merkel-advierte-el-virus-castiga-las-medias-tintas\\\/#organizationLogo\"},\"sameAs\":[\"https:\\\/\\\/www.facebook.com\\\/\",\"https:\\\/\\\/x.com\\\/bercodi\",\"https:\\\/\\\/www.instagram.com\\\/\",\"https:\\\/\\\/www.youtube.com\\\/channel\\\/UCZP-2wLEB9Rv6erhFmqVnvg\"]},{\"@type\":\"Person\",\"@id\":\"https:\\\/\\\/eldigitaldeasturias.com\\\/radio\\\/author\\\/nbasturias\\\/#author\",\"url\":\"https:\\\/\\\/eldigitaldeasturias.com\\\/radio\\\/author\\\/nbasturias\\\/\",\"name\":\"NBAsturias\",\"image\":{\"@type\":\"ImageObject\",\"@id\":\"https:\\\/\\\/eldigitaldeasturias.com\\\/radio\\\/merkel-advierte-el-virus-castiga-las-medias-tintas\\\/#authorImage\",\"url\":\"https:\\\/\\\/secure.gravatar.com\\\/avatar\\\/df2aeffc32bcd13f8d26072ef8a91b623d677766deac7f97ca815868cd41bf5e?s=96&d=mm&r=g\",\"width\":96,\"height\":96,\"caption\":\"NBAsturias\"}},{\"@type\":\"WebPage\",\"@id\":\"https:\\\/\\\/eldigitaldeasturias.com\\\/radio\\\/merkel-advierte-el-virus-castiga-las-medias-tintas\\\/#webpage\",\"url\":\"https:\\\/\\\/eldigitaldeasturias.com\\\/radio\\\/merkel-advierte-el-virus-castiga-las-medias-tintas\\\/\",\"name\":\"Merkel advierte: \\u00abEl virus castiga las medias tintas\\u00bb | El Digital de Asturias\",\"description\":\"Berl\\u00edn, 2 nov (dpa) - La canciller alemana, Angela Merkel, inst\\u00f3 hoy a la poblaci\\u00f3n a acatar el confinamiento parcial que rige por el mes de noviembre para romper la segunda ola de infecciones de coronavirus y evitar el colapso del sistema sanitario. \\\"Que este gran esfuerzo conjunto sirva de algo en el mes de\",\"inLanguage\":\"es-ES\",\"isPartOf\":{\"@id\":\"https:\\\/\\\/eldigitaldeasturias.com\\\/radio\\\/#website\"},\"breadcrumb\":{\"@id\":\"https:\\\/\\\/eldigitaldeasturias.com\\\/radio\\\/merkel-advierte-el-virus-castiga-las-medias-tintas\\\/#breadcrumblist\"},\"author\":{\"@id\":\"https:\\\/\\\/eldigitaldeasturias.com\\\/radio\\\/author\\\/nbasturias\\\/#author\"},\"creator\":{\"@id\":\"https:\\\/\\\/eldigitaldeasturias.com\\\/radio\\\/author\\\/nbasturias\\\/#author\"},\"image\":{\"@type\":\"ImageObject\",\"url\":\"https:\\\/\\\/eldigitaldeasturias.com\\\/radio\\\/wp-content\\\/uploads\\\/2020\\\/11\\\/DRESDE.jpg\",\"@id\":\"https:\\\/\\\/eldigitaldeasturias.com\\\/radio\\\/merkel-advierte-el-virus-castiga-las-medias-tintas\\\/#mainImage\",\"width\":1002,\"height\":655,\"caption\":\"Sillas y mesas vac\\u00edas en la plaza de Neumarkt junto a la iglesia Frauenkirche de Dresde. Foto: Sebastian Kahnert\\\/dpa-Zentralbild\\\/dpa\"},\"primaryImageOfPage\":{\"@id\":\"https:\\\/\\\/eldigitaldeasturias.com\\\/radio\\\/merkel-advierte-el-virus-castiga-las-medias-tintas\\\/#mainImage\"},\"datePublished\":\"2020-11-03T16:14:31+01:00\",\"dateModified\":\"2020-11-03T16:14:31+01:00\"},{\"@type\":\"WebSite\",\"@id\":\"https:\\\/\\\/eldigitaldeasturias.com\\\/radio\\\/#website\",\"url\":\"https:\\\/\\\/eldigitaldeasturias.com\\\/radio\\\/\",\"name\":\"El Digital de Asturias\",\"description\":\"Diario de informaci\\u00f3n y noticias\",\"inLanguage\":\"es-ES\",\"publisher\":{\"@id\":\"https:\\\/\\\/eldigitaldeasturias.com\\\/radio\\\/#organization\"}}]}\n\t\t<\/script>\n\t\t<!-- All in One SEO Pro -->\r\n\t\t<title>Merkel advierte: \u00abEl virus castiga las medias tintas\u00bb | El Digital de Asturias<\/title>\n\n","aioseo_head_json":{"title":"Merkel advierte: \u00abEl virus castiga las medias tintas\u00bb | El Digital de Asturias","description":"Berl\u00edn, 2 nov (dpa) - La canciller alemana, Angela Merkel, inst\u00f3 hoy a la poblaci\u00f3n a acatar el confinamiento parcial que rige por el mes de noviembre para romper la segunda ola de infecciones de coronavirus y evitar el colapso del sistema sanitario. \"Que este gran esfuerzo conjunto sirva de algo en el mes de","canonical_url":"https:\/\/eldigitaldeasturias.com\/radio\/merkel-advierte-el-virus-castiga-las-medias-tintas\/","robots":"max-image-preview:large","keywords":"noticias","webmasterTools":{"google-site-verification":"UA-38556648-1","miscellaneous":""},"schema":{"@context":"https:\/\/schema.org","@graph":[{"@type":"BreadcrumbList","@id":"https:\/\/eldigitaldeasturias.com\/radio\/merkel-advierte-el-virus-castiga-las-medias-tintas\/#breadcrumblist","itemListElement":[{"@type":"ListItem","@id":"https:\/\/eldigitaldeasturias.com\/radio#listItem","position":1,"name":"Inicio","item":"https:\/\/eldigitaldeasturias.com\/radio","nextItem":{"@type":"ListItem","@id":"https:\/\/eldigitaldeasturias.com\/radio\/category\/noticias\/#listItem","name":"Noticias"}},{"@type":"ListItem","@id":"https:\/\/eldigitaldeasturias.com\/radio\/category\/noticias\/#listItem","position":2,"name":"Noticias","item":"https:\/\/eldigitaldeasturias.com\/radio\/category\/noticias\/","nextItem":{"@type":"ListItem","@id":"https:\/\/eldigitaldeasturias.com\/radio\/merkel-advierte-el-virus-castiga-las-medias-tintas\/#listItem","name":"Merkel advierte: \u00abEl virus castiga las medias tintas\u00bb"},"previousItem":{"@type":"ListItem","@id":"https:\/\/eldigitaldeasturias.com\/radio#listItem","name":"Inicio"}},{"@type":"ListItem","@id":"https:\/\/eldigitaldeasturias.com\/radio\/merkel-advierte-el-virus-castiga-las-medias-tintas\/#listItem","position":3,"name":"Merkel advierte: \u00abEl virus castiga las medias tintas\u00bb","previousItem":{"@type":"ListItem","@id":"https:\/\/eldigitaldeasturias.com\/radio\/category\/noticias\/#listItem","name":"Noticias"}}]},{"@type":"NewsArticle","@id":"https:\/\/eldigitaldeasturias.com\/radio\/merkel-advierte-el-virus-castiga-las-medias-tintas\/#newsarticle","name":"Merkel advierte: \u00abEl virus castiga las medias tintas\u00bb | El Digital de Asturias","headline":"Merkel advierte: \u00abEl virus castiga las medias tintas\u00bb","author":{"@id":"https:\/\/eldigitaldeasturias.com\/radio\/author\/nbasturias\/#author"},"publisher":{"@id":"https:\/\/eldigitaldeasturias.com\/radio\/#organization"},"image":{"@type":"ImageObject","url":"https:\/\/eldigitaldeasturias.com\/radio\/wp-content\/uploads\/2020\/11\/DRESDE.jpg","width":1002,"height":655,"caption":"Sillas y mesas vac\u00edas en la plaza de Neumarkt junto a la iglesia Frauenkirche de Dresde. Foto: Sebastian Kahnert\/dpa-Zentralbild\/dpa"},"datePublished":"2020-11-03T16:14:31+01:00","dateModified":"2020-11-03T16:14:31+01:00","inLanguage":"es-ES","mainEntityOfPage":{"@id":"https:\/\/eldigitaldeasturias.com\/radio\/merkel-advierte-el-virus-castiga-las-medias-tintas\/#webpage"},"isPartOf":{"@id":"https:\/\/eldigitaldeasturias.com\/radio\/merkel-advierte-el-virus-castiga-las-medias-tintas\/#webpage"},"articleSection":"Noticias","dateline":"Publicado el noviembre 3, 2020."},{"@type":"Organization","@id":"https:\/\/eldigitaldeasturias.com\/radio\/#organization","name":"El digital de Asturias Radio","description":"Diario de informaci\u00f3n y noticias","url":"https:\/\/eldigitaldeasturias.com\/radio\/","telephone":"+34652131393","logo":{"@type":"ImageObject","url":"https:\/\/www.eldigitaldeasturias.com\/radio\/wp-content\/uploads\/2021\/03\/EDA.jpg","@id":"https:\/\/eldigitaldeasturias.com\/radio\/merkel-advierte-el-virus-castiga-las-medias-tintas\/#organizationLogo"},"image":{"@id":"https:\/\/eldigitaldeasturias.com\/radio\/merkel-advierte-el-virus-castiga-las-medias-tintas\/#organizationLogo"},"sameAs":["https:\/\/www.facebook.com\/","https:\/\/x.com\/bercodi","https:\/\/www.instagram.com\/","https:\/\/www.youtube.com\/channel\/UCZP-2wLEB9Rv6erhFmqVnvg"]},{"@type":"Person","@id":"https:\/\/eldigitaldeasturias.com\/radio\/author\/nbasturias\/#author","url":"https:\/\/eldigitaldeasturias.com\/radio\/author\/nbasturias\/","name":"NBAsturias","image":{"@type":"ImageObject","@id":"https:\/\/eldigitaldeasturias.com\/radio\/merkel-advierte-el-virus-castiga-las-medias-tintas\/#authorImage","url":"https:\/\/secure.gravatar.com\/avatar\/df2aeffc32bcd13f8d26072ef8a91b623d677766deac7f97ca815868cd41bf5e?s=96&d=mm&r=g","width":96,"height":96,"caption":"NBAsturias"}},{"@type":"WebPage","@id":"https:\/\/eldigitaldeasturias.com\/radio\/merkel-advierte-el-virus-castiga-las-medias-tintas\/#webpage","url":"https:\/\/eldigitaldeasturias.com\/radio\/merkel-advierte-el-virus-castiga-las-medias-tintas\/","name":"Merkel advierte: \u00abEl virus castiga las medias tintas\u00bb | El Digital de Asturias","description":"Berl\u00edn, 2 nov (dpa) - La canciller alemana, Angela Merkel, inst\u00f3 hoy a la poblaci\u00f3n a acatar el confinamiento parcial que rige por el mes de noviembre para romper la segunda ola de infecciones de coronavirus y evitar el colapso del sistema sanitario. \"Que este gran esfuerzo conjunto sirva de algo en el mes de","inLanguage":"es-ES","isPartOf":{"@id":"https:\/\/eldigitaldeasturias.com\/radio\/#website"},"breadcrumb":{"@id":"https:\/\/eldigitaldeasturias.com\/radio\/merkel-advierte-el-virus-castiga-las-medias-tintas\/#breadcrumblist"},"author":{"@id":"https:\/\/eldigitaldeasturias.com\/radio\/author\/nbasturias\/#author"},"creator":{"@id":"https:\/\/eldigitaldeasturias.com\/radio\/author\/nbasturias\/#author"},"image":{"@type":"ImageObject","url":"https:\/\/eldigitaldeasturias.com\/radio\/wp-content\/uploads\/2020\/11\/DRESDE.jpg","@id":"https:\/\/eldigitaldeasturias.com\/radio\/merkel-advierte-el-virus-castiga-las-medias-tintas\/#mainImage","width":1002,"height":655,"caption":"Sillas y mesas vac\u00edas en la plaza de Neumarkt junto a la iglesia Frauenkirche de Dresde. Foto: Sebastian Kahnert\/dpa-Zentralbild\/dpa"},"primaryImageOfPage":{"@id":"https:\/\/eldigitaldeasturias.com\/radio\/merkel-advierte-el-virus-castiga-las-medias-tintas\/#mainImage"},"datePublished":"2020-11-03T16:14:31+01:00","dateModified":"2020-11-03T16:14:31+01:00"},{"@type":"WebSite","@id":"https:\/\/eldigitaldeasturias.com\/radio\/#website","url":"https:\/\/eldigitaldeasturias.com\/radio\/","name":"El Digital de Asturias","description":"Diario de informaci\u00f3n y noticias","inLanguage":"es-ES","publisher":{"@id":"https:\/\/eldigitaldeasturias.com\/radio\/#organization"}}]},"og:locale":"es_ES","og:site_name":"El Digital de Asturias | Diario de informaci\u00f3n y noticias","og:type":"article","og:title":"Merkel advierte: \u00abEl virus castiga las medias tintas\u00bb | El Digital de Asturias","og:description":"Berl\u00edn, 2 nov (dpa) - La canciller alemana, Angela Merkel, inst\u00f3 hoy a la poblaci\u00f3n a acatar el confinamiento parcial que rige por el mes de noviembre para romper la segunda ola de infecciones de coronavirus y evitar el colapso del sistema sanitario. &quot;Que este gran esfuerzo conjunto sirva de algo en el mes de","og:url":"https:\/\/eldigitaldeasturias.com\/radio\/merkel-advierte-el-virus-castiga-las-medias-tintas\/","og:image":"https:\/\/eldigitaldeasturias.com\/radio\/wp-content\/uploads\/2020\/11\/DRESDE.jpg","og:image:secure_url":"https:\/\/eldigitaldeasturias.com\/radio\/wp-content\/uploads\/2020\/11\/DRESDE.jpg","og:image:width":1002,"og:image:height":655,"article:published_time":"2020-11-03T16:14:31+00:00","article:modified_time":"2020-11-03T16:14:31+00:00","twitter:card":"summary_large_image","twitter:site":"@bercodi","twitter:title":"Merkel advierte: \u00abEl virus castiga las medias tintas\u00bb | El Digital de Asturias","twitter:description":"Berl\u00edn, 2 nov (dpa) - La canciller alemana, Angela Merkel, inst\u00f3 hoy a la poblaci\u00f3n a acatar el confinamiento parcial que rige por el mes de noviembre para romper la segunda ola de infecciones de coronavirus y evitar el colapso del sistema sanitario. &quot;Que este gran esfuerzo conjunto sirva de algo en el mes de","twitter:creator":"@bercodi","twitter:image":"https:\/\/eldigitaldeasturias.com\/radio\/wp-content\/uploads\/2020\/11\/DRESDE.jpg"},"aioseo_meta_data":{"post_id":"5261","title":null,"description":"","keywords":"","keyphrases":null,"primary_term":null,"canonical_url":"","og_title":null,"og_description":null,"og_object_type":"default","og_image_type":"default","og_image_url":null,"og_image_width":null,"og_image_height":null,"og_image_custom_url":null,"og_image_custom_fields":null,"og_video":null,"og_custom_url":null,"og_article_section":null,"og_article_tags":null,"twitter_use_og":false,"twitter_card":"default","twitter_image_type":"default","twitter_image_url":null,"twitter_image_custom_url":null,"twitter_image_custom_fields":null,"twitter_title":null,"twitter_description":null,"schema":{"blockGraphs":[],"customGraphs":[],"default":{"data":{"Article":[],"Course":[],"Dataset":[],"FAQPage":[],"Movie":[],"Person":[],"Product":[],"ProductReview":[],"Car":[],"Recipe":[],"Service":[],"SoftwareApplication":[],"WebPage":[]},"graphName":"","isEnabled":true},"graphs":[],"defaultGraph":"","defaultPostTypeGraph":""},"schema_type":null,"schema_type_options":null,"pillar_content":false,"robots_default":true,"robots_noindex":false,"robots_noarchive":false,"robots_nosnippet":false,"robots_nofollow":false,"robots_noimageindex":false,"robots_noodp":false,"robots_notranslate":false,"robots_max_snippet":null,"robots_max_videopreview":null,"robots_max_imagepreview":"large","priority":null,"frequency":null,"location":null,"local_seo":null,"seo_analyzer_scan_date":"2025-08-28 17:36:09","breadcrumb_settings":null,"limit_modified_date":false,"open_ai":null,"ai":null,"created":"2021-03-25 11:32:22","updated":"2025-08-28 17:36:09"},"aioseo_breadcrumb":"<div class=\"aioseo-breadcrumbs\"><span class=\"aioseo-breadcrumb\">\n\t<a href=\"https:\/\/eldigitaldeasturias.com\/radio\" title=\"Inicio\">Inicio<\/a>\n<\/span><span class=\"aioseo-breadcrumb-separator\">&ndash;<\/span><span class=\"aioseo-breadcrumb\">\n\t<a href=\"https:\/\/eldigitaldeasturias.com\/radio\/category\/noticias\/\" title=\"Noticias\">Noticias<\/a>\n<\/span><span class=\"aioseo-breadcrumb-separator\">&ndash;<\/span><span class=\"aioseo-breadcrumb\">\n\tMerkel advierte: \u00abEl virus castiga las medias tintas\u00bb\n<\/span><\/div>","aioseo_breadcrumb_json":[{"label":"Inicio","link":"https:\/\/eldigitaldeasturias.com\/radio"},{"label":"Noticias","link":"https:\/\/eldigitaldeasturias.com\/radio\/category\/noticias\/"},{"label":"Merkel advierte: \u00abEl virus castiga las medias tintas\u00bb","link":"https:\/\/eldigitaldeasturias.com\/radio\/merkel-advierte-el-virus-castiga-las-medias-tintas\/"}],"_links":{"self":[{"href":"https:\/\/eldigitaldeasturias.com\/radio\/wp-json\/wp\/v2\/posts\/5261","targetHints":{"allow":["GET"]}}],"collection":[{"href":"https:\/\/eldigitaldeasturias.com\/radio\/wp-json\/wp\/v2\/posts"}],"about":[{"href":"https:\/\/eldigitaldeasturias.com\/radio\/wp-json\/wp\/v2\/types\/post"}],"author":[{"embeddable":true,"href":"https:\/\/eldigitaldeasturias.com\/radio\/wp-json\/wp\/v2\/users\/1"}],"replies":[{"embeddable":true,"href":"https:\/\/eldigitaldeasturias.com\/radio\/wp-json\/wp\/v2\/comments?post=5261"}],"version-history":[{"count":0,"href":"https:\/\/eldigitaldeasturias.com\/radio\/wp-json\/wp\/v2\/posts\/5261\/revisions"}],"wp:featuredmedia":[{"embeddable":true,"href":"https:\/\/eldigitaldeasturias.com\/radio\/wp-json\/wp\/v2\/media\/5262"}],"wp:attachment":[{"href":"https:\/\/eldigitaldeasturias.com\/radio\/wp-json\/wp\/v2\/media?parent=5261"}],"wp:term":[{"taxonomy":"category","embeddable":true,"href":"https:\/\/eldigitaldeasturias.com\/radio\/wp-json\/wp\/v2\/categories?post=5261"},{"taxonomy":"post_tag","embeddable":true,"href":"https:\/\/eldigitaldeasturias.com\/radio\/wp-json\/wp\/v2\/tags?post=5261"}],"curies":[{"name":"wp","href":"https:\/\/api.w.org\/{rel}","templated":true}]}}