{"id":5251,"date":"2020-10-31T12:22:15","date_gmt":"2020-10-31T12:22:15","guid":{"rendered":"http:\/\/www.eldigitaldeasturias.com\/radio\/?p=5251"},"modified":"2020-10-31T12:22:15","modified_gmt":"2020-10-31T12:22:15","slug":"comunicado-de-psicologos-por-la-salud-y-la-verdad-espana","status":"publish","type":"post","link":"https:\/\/eldigitaldeasturias.com\/radio\/comunicado-de-psicologos-por-la-salud-y-la-verdad-espana\/","title":{"rendered":"COMUNICADO DE PSIC\u00d3LOGOS POR LA SALUD Y LA VERDAD ESPA\u00d1A"},"content":{"rendered":"<p><img fetchpriority=\"high\" decoding=\"async\" class=\"alignleft size-medium wp-image-4993\" src=\"http:\/\/www.eldigitaldeasturias.com\/radio\/wp-content\/uploads\/2020\/08\/coronavirus-4914026_640-360x203.jpg\" alt=\"\" width=\"360\" height=\"203\" srcset=\"https:\/\/eldigitaldeasturias.com\/radio\/wp-content\/uploads\/2020\/08\/coronavirus-4914026_640-360x203.jpg 360w, https:\/\/eldigitaldeasturias.com\/radio\/wp-content\/uploads\/2020\/08\/coronavirus-4914026_640-600x337.jpg 600w, https:\/\/eldigitaldeasturias.com\/radio\/wp-content\/uploads\/2020\/08\/coronavirus-4914026_640.jpg 640w\" sizes=\"(max-width: 360px) 100vw, 360px\" \/>Los m\u00e1s de 50 psic\u00f3logos integrantes del colectivo \u201cPsic\u00f3logos por la salud y la verdad\u201d, formados, conviene resaltarlo, en diferentes \u00e1reas incluyendo conocimientos sobre\u00a0psicolog\u00eda cl\u00ednica, psicolog\u00eda de la salud, estad\u00edstica, metodolog\u00eda experimental, teor\u00edas\u00a0del aprendizaje, comunicaci\u00f3n eficaz, psicolog\u00eda social y grupal, entre otros.<\/p>\n<p><strong>Expresamos <\/strong>nuestro rechazo y malestar ante los actuales acontecimientos, las\u00a0iatrog\u00e9nicas y desproporcionadas medidas vigentes hacia personas sanas (dados los\u00a0datos epidemiol\u00f3gicos actuales, siendo en septiembre de 2020 el s\u00edndrome denominado\u00a0Covid-19 la quinta causa de muerte en Espa\u00f1a). Medidas como las restricciones de\u00a0movimiento y actividad, los confinamientos, o la obligatoriedad del uso generalizado de\u00a0mascarillas desde los 6 a\u00f1os de edad, se est\u00e1n aplicando de forma irresponsable, a lo\u00a0que hay que a\u00f1adir problemas de salud por patolog\u00edas desatendidas, incremento de\u00a0trastornos y problemas psicol\u00f3gicos, suicidios, violencia intrafamiliar y desempleo.<\/p>\n<p>Por ello <strong>exigimos <\/strong>la intermediaci\u00f3n de las asociaciones colegiales profesionales para\u00a0instar a las autoridades al cese de las medidas restrictivas, y empezar a corregir con ello\u00a0el rumbo de los nefastos acontecimientos.<\/p>\n<p>De insistir en las medidas, consideramos inaceptable el prorrogarlas sin al menos realizar\u00a0los siguientes cambios que deben ser considerados como requisitos m\u00ednimos necesarios:<\/p>\n<ul>\n<li>La p\u00fablica disposici\u00f3n de los nombres y datos curriculares de las personas que conforman el comit\u00e9 o autoridades sanitarias responsables de las decisiones t\u00e9cnicas.<\/li>\n<\/ul>\n<ul>\n<li>La p\u00fablica disposici\u00f3n de los informes t\u00e9cnicos que avalan las medidas actualmente vigentes, diferentes a las adoptadas por otros pa\u00edses miembros de la UE, y del mundo, con especial \u00e9nfasis en las relacionadas con:<\/li>\n<\/ul>\n<p>o Contagiosidad real de los llamados asintom\u00e1ticos.<\/p>\n<p>o La obligatoriedad del uso de mascarillas para personas asintom\u00e1ticas, con\u00a0su baremaci\u00f3n riesgos \/ beneficios en distintos grupos poblacionales y\u00a0para diferentes contextos \/ situaciones.<\/p>\n<p>o A este respecto recomendamos consultar los numerosos estudios\u00a0contradictorios con el paradigma actual reflejados en Swiss Policy\u00a0Research (SPR)\u00a0(<a href=\"https:\/\/swprs.org\/hechos-sobre-covid-19\/\" target=\"_blank\" rel=\"noopener noreferrer\"><span style=\"color: #ff6600;\"><strong>https:\/\/swprs.org\/hechos-sobre-covid-19\/<\/strong><\/span><\/a>).<\/p>\n<ul>\n<li>La p\u00fablica disposici\u00f3n de las conclusiones sobre las autopsias realizadas, especialmente las m\u00e1s recientes (septiembre\/octubre 2020).<\/li>\n<\/ul>\n<ul>\n<li>Ante las dudas fundadas realizadas por diferentes m\u00e9dicos sobre la posible relaci\u00f3n de la sintomatolog\u00eda Covid19 con intoxicaci\u00f3n por cadmio, e intoxicaci\u00f3n por exposici\u00f3n radiol\u00f3gica, solicitamos la p\u00fablica disposici\u00f3n de informes al <strong>COMUNICADO DE PSIC\u00d3LOGOS POR LA SALUD Y LA VERDAD ESPA\u00d1A<\/strong><\/li>\n<\/ul>\n<p><a href=\"https:\/\/psicologosporlasaludylaverdad.wordpress.com\/\" target=\"_blank\" rel=\"noopener noreferrer\"><span style=\"color: #ff6600;\"><strong>https:\/\/psicologosporlasaludylaverdad.wordpress.com\/<\/strong><\/span><\/a><\/p>\n<p><strong>psicologosporlasaludylaverdad@protonmail.com<\/strong><\/p>\n","protected":false},"excerpt":{"rendered":"<p>Los m\u00e1s de 50 psic\u00f3logos integrantes del colectivo \u201cPsic\u00f3logos por la salud y la verdad\u201d, formados, conviene resaltarlo, en diferentes \u00e1reas incluyendo conocimientos sobre\u00a0psicolog\u00eda cl\u00ednica, psicolog\u00eda de la salud, estad\u00edstica, metodolog\u00eda experimental, teor\u00edas\u00a0del aprendizaje, comunicaci\u00f3n eficaz, psicolog\u00eda social y grupal, entre otros. Expresamos nuestro rechazo y malestar ante los actuales acontecimientos, las\u00a0iatrog\u00e9nicas y desproporcionadas medidas<\/p>\n","protected":false},"author":1,"featured_media":4993,"comment_status":"closed","ping_status":"closed","sticky":false,"template":"","format":"standard","meta":{"footnotes":""},"categories":[1],"tags":[],"class_list":{"0":"post-5251","1":"post","2":"type-post","3":"status-publish","4":"format-standard","5":"has-post-thumbnail","7":"category-noticias"},"aioseo_notices":[],"aioseo_head":"\n\t\t<!-- All in One SEO Pro 4.9.6.2 - aioseo.com -->\n\t<meta name=\"description\" content=\"Los m\u00e1s de 50 psic\u00f3logos integrantes del colectivo \u201cPsic\u00f3logos por la salud y la verdad\u201d, formados, conviene resaltarlo, en diferentes \u00e1reas incluyendo conocimientos sobre psicolog\u00eda cl\u00ednica, psicolog\u00eda de la salud, estad\u00edstica, metodolog\u00eda experimental, teor\u00edas del aprendizaje, comunicaci\u00f3n eficaz, psicolog\u00eda social y grupal, entre otros. Expresamos nuestro rechazo y malestar ante los actuales acontecimientos, las iatrog\u00e9nicas y desproporcionadas medidas\" \/>\n\t<meta name=\"robots\" content=\"max-image-preview:large\" \/>\n\t<meta name=\"author\" content=\"NBAsturias\"\/>\n\t<meta name=\"google-site-verification\" content=\"UA-38556648-1\" \/>\n\t<meta name=\"keywords\" content=\"noticias\" \/>\n\t<link rel=\"canonical\" href=\"https:\/\/eldigitaldeasturias.com\/radio\/comunicado-de-psicologos-por-la-salud-y-la-verdad-espana\/\" \/>\n\t<meta name=\"generator\" content=\"All in One SEO Pro (AIOSEO) 4.9.6.2\" \/>\n\t\t<meta property=\"og:locale\" content=\"es_ES\" \/>\n\t\t<meta property=\"og:site_name\" content=\"El Digital de Asturias | Diario de informaci\u00f3n y noticias\" \/>\n\t\t<meta property=\"og:type\" content=\"article\" \/>\n\t\t<meta property=\"og:title\" content=\"COMUNICADO DE PSIC\u00d3LOGOS POR LA SALUD Y LA VERDAD ESPA\u00d1A | El Digital de Asturias\" \/>\n\t\t<meta property=\"og:description\" content=\"Los m\u00e1s de 50 psic\u00f3logos integrantes del colectivo \u201cPsic\u00f3logos por la salud y la verdad\u201d, formados, conviene resaltarlo, en diferentes \u00e1reas incluyendo conocimientos sobre psicolog\u00eda cl\u00ednica, psicolog\u00eda de la salud, estad\u00edstica, metodolog\u00eda experimental, teor\u00edas del aprendizaje, comunicaci\u00f3n eficaz, psicolog\u00eda social y grupal, entre otros. Expresamos nuestro rechazo y malestar ante los actuales acontecimientos, las iatrog\u00e9nicas y desproporcionadas medidas\" \/>\n\t\t<meta property=\"og:url\" content=\"https:\/\/eldigitaldeasturias.com\/radio\/comunicado-de-psicologos-por-la-salud-y-la-verdad-espana\/\" \/>\n\t\t<meta property=\"og:image\" content=\"https:\/\/eldigitaldeasturias.com\/radio\/wp-content\/uploads\/2020\/08\/coronavirus-4914026_640.jpg\" \/>\n\t\t<meta property=\"og:image:secure_url\" content=\"https:\/\/eldigitaldeasturias.com\/radio\/wp-content\/uploads\/2020\/08\/coronavirus-4914026_640.jpg\" \/>\n\t\t<meta property=\"og:image:width\" content=\"640\" \/>\n\t\t<meta property=\"og:image:height\" content=\"360\" \/>\n\t\t<meta property=\"article:published_time\" content=\"2020-10-31T12:22:15+00:00\" \/>\n\t\t<meta property=\"article:modified_time\" content=\"2020-10-31T12:22:15+00:00\" \/>\n\t\t<meta name=\"twitter:card\" content=\"summary_large_image\" \/>\n\t\t<meta name=\"twitter:site\" content=\"@bercodi\" \/>\n\t\t<meta name=\"twitter:title\" content=\"COMUNICADO DE PSIC\u00d3LOGOS POR LA SALUD Y LA VERDAD ESPA\u00d1A | El Digital de Asturias\" \/>\n\t\t<meta name=\"twitter:description\" content=\"Los m\u00e1s de 50 psic\u00f3logos integrantes del colectivo \u201cPsic\u00f3logos por la salud y la verdad\u201d, formados, conviene resaltarlo, en diferentes \u00e1reas incluyendo conocimientos sobre psicolog\u00eda cl\u00ednica, psicolog\u00eda de la salud, estad\u00edstica, metodolog\u00eda experimental, teor\u00edas del aprendizaje, comunicaci\u00f3n eficaz, psicolog\u00eda social y grupal, entre otros. Expresamos nuestro rechazo y malestar ante los actuales acontecimientos, las iatrog\u00e9nicas y desproporcionadas medidas\" \/>\n\t\t<meta name=\"twitter:creator\" content=\"@bercodi\" \/>\n\t\t<meta name=\"twitter:image\" content=\"https:\/\/eldigitaldeasturias.com\/radio\/wp-content\/uploads\/2020\/08\/coronavirus-4914026_640.jpg\" \/>\n\t\t<script type=\"application\/ld+json\" class=\"aioseo-schema\">\n\t\t\t{\"@context\":\"https:\\\/\\\/schema.org\",\"@graph\":[{\"@type\":\"BreadcrumbList\",\"@id\":\"https:\\\/\\\/eldigitaldeasturias.com\\\/radio\\\/comunicado-de-psicologos-por-la-salud-y-la-verdad-espana\\\/#breadcrumblist\",\"itemListElement\":[{\"@type\":\"ListItem\",\"@id\":\"https:\\\/\\\/eldigitaldeasturias.com\\\/radio#listItem\",\"position\":1,\"name\":\"Inicio\",\"item\":\"https:\\\/\\\/eldigitaldeasturias.com\\\/radio\",\"nextItem\":{\"@type\":\"ListItem\",\"@id\":\"https:\\\/\\\/eldigitaldeasturias.com\\\/radio\\\/category\\\/noticias\\\/#listItem\",\"name\":\"Noticias\"}},{\"@type\":\"ListItem\",\"@id\":\"https:\\\/\\\/eldigitaldeasturias.com\\\/radio\\\/category\\\/noticias\\\/#listItem\",\"position\":2,\"name\":\"Noticias\",\"item\":\"https:\\\/\\\/eldigitaldeasturias.com\\\/radio\\\/category\\\/noticias\\\/\",\"nextItem\":{\"@type\":\"ListItem\",\"@id\":\"https:\\\/\\\/eldigitaldeasturias.com\\\/radio\\\/comunicado-de-psicologos-por-la-salud-y-la-verdad-espana\\\/#listItem\",\"name\":\"COMUNICADO DE PSIC\\u00d3LOGOS POR LA SALUD Y LA VERDAD ESPA\\u00d1A\"},\"previousItem\":{\"@type\":\"ListItem\",\"@id\":\"https:\\\/\\\/eldigitaldeasturias.com\\\/radio#listItem\",\"name\":\"Inicio\"}},{\"@type\":\"ListItem\",\"@id\":\"https:\\\/\\\/eldigitaldeasturias.com\\\/radio\\\/comunicado-de-psicologos-por-la-salud-y-la-verdad-espana\\\/#listItem\",\"position\":3,\"name\":\"COMUNICADO DE PSIC\\u00d3LOGOS POR LA SALUD Y LA VERDAD ESPA\\u00d1A\",\"previousItem\":{\"@type\":\"ListItem\",\"@id\":\"https:\\\/\\\/eldigitaldeasturias.com\\\/radio\\\/category\\\/noticias\\\/#listItem\",\"name\":\"Noticias\"}}]},{\"@type\":\"NewsArticle\",\"@id\":\"https:\\\/\\\/eldigitaldeasturias.com\\\/radio\\\/comunicado-de-psicologos-por-la-salud-y-la-verdad-espana\\\/#newsarticle\",\"name\":\"COMUNICADO DE PSIC\\u00d3LOGOS POR LA SALUD Y LA VERDAD ESPA\\u00d1A | El Digital de Asturias\",\"headline\":\"COMUNICADO DE PSIC\\u00d3LOGOS POR LA SALUD Y LA VERDAD ESPA\\u00d1A\",\"author\":{\"@id\":\"https:\\\/\\\/eldigitaldeasturias.com\\\/radio\\\/author\\\/nbasturias\\\/#author\"},\"publisher\":{\"@id\":\"https:\\\/\\\/eldigitaldeasturias.com\\\/radio\\\/#organization\"},\"image\":{\"@type\":\"ImageObject\",\"url\":\"https:\\\/\\\/eldigitaldeasturias.com\\\/radio\\\/wp-content\\\/uploads\\\/2020\\\/08\\\/coronavirus-4914026_640.jpg\",\"width\":640,\"height\":360},\"datePublished\":\"2020-10-31T12:22:15+01:00\",\"dateModified\":\"2020-10-31T12:22:15+01:00\",\"inLanguage\":\"es-ES\",\"mainEntityOfPage\":{\"@id\":\"https:\\\/\\\/eldigitaldeasturias.com\\\/radio\\\/comunicado-de-psicologos-por-la-salud-y-la-verdad-espana\\\/#webpage\"},\"isPartOf\":{\"@id\":\"https:\\\/\\\/eldigitaldeasturias.com\\\/radio\\\/comunicado-de-psicologos-por-la-salud-y-la-verdad-espana\\\/#webpage\"},\"articleSection\":\"Noticias\",\"dateline\":\"Publicado el octubre 31, 2020.\"},{\"@type\":\"Organization\",\"@id\":\"https:\\\/\\\/eldigitaldeasturias.com\\\/radio\\\/#organization\",\"name\":\"El digital de Asturias Radio\",\"description\":\"Diario de informaci\\u00f3n y noticias\",\"url\":\"https:\\\/\\\/eldigitaldeasturias.com\\\/radio\\\/\",\"telephone\":\"+34652131393\",\"logo\":{\"@type\":\"ImageObject\",\"url\":\"https:\\\/\\\/www.eldigitaldeasturias.com\\\/radio\\\/wp-content\\\/uploads\\\/2021\\\/03\\\/EDA.jpg\",\"@id\":\"https:\\\/\\\/eldigitaldeasturias.com\\\/radio\\\/comunicado-de-psicologos-por-la-salud-y-la-verdad-espana\\\/#organizationLogo\"},\"image\":{\"@id\":\"https:\\\/\\\/eldigitaldeasturias.com\\\/radio\\\/comunicado-de-psicologos-por-la-salud-y-la-verdad-espana\\\/#organizationLogo\"},\"sameAs\":[\"https:\\\/\\\/www.facebook.com\\\/\",\"https:\\\/\\\/x.com\\\/bercodi\",\"https:\\\/\\\/www.instagram.com\\\/\",\"https:\\\/\\\/www.youtube.com\\\/channel\\\/UCZP-2wLEB9Rv6erhFmqVnvg\"]},{\"@type\":\"Person\",\"@id\":\"https:\\\/\\\/eldigitaldeasturias.com\\\/radio\\\/author\\\/nbasturias\\\/#author\",\"url\":\"https:\\\/\\\/eldigitaldeasturias.com\\\/radio\\\/author\\\/nbasturias\\\/\",\"name\":\"NBAsturias\",\"image\":{\"@type\":\"ImageObject\",\"@id\":\"https:\\\/\\\/eldigitaldeasturias.com\\\/radio\\\/comunicado-de-psicologos-por-la-salud-y-la-verdad-espana\\\/#authorImage\",\"url\":\"https:\\\/\\\/secure.gravatar.com\\\/avatar\\\/df2aeffc32bcd13f8d26072ef8a91b623d677766deac7f97ca815868cd41bf5e?s=96&d=mm&r=g\",\"width\":96,\"height\":96,\"caption\":\"NBAsturias\"}},{\"@type\":\"WebPage\",\"@id\":\"https:\\\/\\\/eldigitaldeasturias.com\\\/radio\\\/comunicado-de-psicologos-por-la-salud-y-la-verdad-espana\\\/#webpage\",\"url\":\"https:\\\/\\\/eldigitaldeasturias.com\\\/radio\\\/comunicado-de-psicologos-por-la-salud-y-la-verdad-espana\\\/\",\"name\":\"COMUNICADO DE PSIC\\u00d3LOGOS POR LA SALUD Y LA VERDAD ESPA\\u00d1A | El Digital de Asturias\",\"description\":\"Los m\\u00e1s de 50 psic\\u00f3logos integrantes del colectivo \\u201cPsic\\u00f3logos por la salud y la verdad\\u201d, formados, conviene resaltarlo, en diferentes \\u00e1reas incluyendo conocimientos sobre psicolog\\u00eda cl\\u00ednica, psicolog\\u00eda de la salud, estad\\u00edstica, metodolog\\u00eda experimental, teor\\u00edas del aprendizaje, comunicaci\\u00f3n eficaz, psicolog\\u00eda social y grupal, entre otros. Expresamos nuestro rechazo y malestar ante los actuales acontecimientos, las iatrog\\u00e9nicas y desproporcionadas medidas\",\"inLanguage\":\"es-ES\",\"isPartOf\":{\"@id\":\"https:\\\/\\\/eldigitaldeasturias.com\\\/radio\\\/#website\"},\"breadcrumb\":{\"@id\":\"https:\\\/\\\/eldigitaldeasturias.com\\\/radio\\\/comunicado-de-psicologos-por-la-salud-y-la-verdad-espana\\\/#breadcrumblist\"},\"author\":{\"@id\":\"https:\\\/\\\/eldigitaldeasturias.com\\\/radio\\\/author\\\/nbasturias\\\/#author\"},\"creator\":{\"@id\":\"https:\\\/\\\/eldigitaldeasturias.com\\\/radio\\\/author\\\/nbasturias\\\/#author\"},\"image\":{\"@type\":\"ImageObject\",\"url\":\"https:\\\/\\\/eldigitaldeasturias.com\\\/radio\\\/wp-content\\\/uploads\\\/2020\\\/08\\\/coronavirus-4914026_640.jpg\",\"@id\":\"https:\\\/\\\/eldigitaldeasturias.com\\\/radio\\\/comunicado-de-psicologos-por-la-salud-y-la-verdad-espana\\\/#mainImage\",\"width\":640,\"height\":360},\"primaryImageOfPage\":{\"@id\":\"https:\\\/\\\/eldigitaldeasturias.com\\\/radio\\\/comunicado-de-psicologos-por-la-salud-y-la-verdad-espana\\\/#mainImage\"},\"datePublished\":\"2020-10-31T12:22:15+01:00\",\"dateModified\":\"2020-10-31T12:22:15+01:00\"},{\"@type\":\"WebSite\",\"@id\":\"https:\\\/\\\/eldigitaldeasturias.com\\\/radio\\\/#website\",\"url\":\"https:\\\/\\\/eldigitaldeasturias.com\\\/radio\\\/\",\"name\":\"El Digital de Asturias\",\"description\":\"Diario de informaci\\u00f3n y noticias\",\"inLanguage\":\"es-ES\",\"publisher\":{\"@id\":\"https:\\\/\\\/eldigitaldeasturias.com\\\/radio\\\/#organization\"}}]}\n\t\t<\/script>\n\t\t<!-- All in One SEO Pro -->\r\n\t\t<title>COMUNICADO DE PSIC\u00d3LOGOS POR LA SALUD Y LA VERDAD ESPA\u00d1A | El Digital de Asturias<\/title>\n\n","aioseo_head_json":{"title":"COMUNICADO DE PSIC\u00d3LOGOS POR LA SALUD Y LA VERDAD ESPA\u00d1A | El Digital de Asturias","description":"Los m\u00e1s de 50 psic\u00f3logos integrantes del colectivo \u201cPsic\u00f3logos por la salud y la verdad\u201d, formados, conviene resaltarlo, en diferentes \u00e1reas incluyendo conocimientos sobre psicolog\u00eda cl\u00ednica, psicolog\u00eda de la salud, estad\u00edstica, metodolog\u00eda experimental, teor\u00edas del aprendizaje, comunicaci\u00f3n eficaz, psicolog\u00eda social y grupal, entre otros. Expresamos nuestro rechazo y malestar ante los actuales acontecimientos, las iatrog\u00e9nicas y desproporcionadas medidas","canonical_url":"https:\/\/eldigitaldeasturias.com\/radio\/comunicado-de-psicologos-por-la-salud-y-la-verdad-espana\/","robots":"max-image-preview:large","keywords":"noticias","webmasterTools":{"google-site-verification":"UA-38556648-1","miscellaneous":""},"schema":{"@context":"https:\/\/schema.org","@graph":[{"@type":"BreadcrumbList","@id":"https:\/\/eldigitaldeasturias.com\/radio\/comunicado-de-psicologos-por-la-salud-y-la-verdad-espana\/#breadcrumblist","itemListElement":[{"@type":"ListItem","@id":"https:\/\/eldigitaldeasturias.com\/radio#listItem","position":1,"name":"Inicio","item":"https:\/\/eldigitaldeasturias.com\/radio","nextItem":{"@type":"ListItem","@id":"https:\/\/eldigitaldeasturias.com\/radio\/category\/noticias\/#listItem","name":"Noticias"}},{"@type":"ListItem","@id":"https:\/\/eldigitaldeasturias.com\/radio\/category\/noticias\/#listItem","position":2,"name":"Noticias","item":"https:\/\/eldigitaldeasturias.com\/radio\/category\/noticias\/","nextItem":{"@type":"ListItem","@id":"https:\/\/eldigitaldeasturias.com\/radio\/comunicado-de-psicologos-por-la-salud-y-la-verdad-espana\/#listItem","name":"COMUNICADO DE PSIC\u00d3LOGOS POR LA SALUD Y LA VERDAD ESPA\u00d1A"},"previousItem":{"@type":"ListItem","@id":"https:\/\/eldigitaldeasturias.com\/radio#listItem","name":"Inicio"}},{"@type":"ListItem","@id":"https:\/\/eldigitaldeasturias.com\/radio\/comunicado-de-psicologos-por-la-salud-y-la-verdad-espana\/#listItem","position":3,"name":"COMUNICADO DE PSIC\u00d3LOGOS POR LA SALUD Y LA VERDAD ESPA\u00d1A","previousItem":{"@type":"ListItem","@id":"https:\/\/eldigitaldeasturias.com\/radio\/category\/noticias\/#listItem","name":"Noticias"}}]},{"@type":"NewsArticle","@id":"https:\/\/eldigitaldeasturias.com\/radio\/comunicado-de-psicologos-por-la-salud-y-la-verdad-espana\/#newsarticle","name":"COMUNICADO DE PSIC\u00d3LOGOS POR LA SALUD Y LA VERDAD ESPA\u00d1A | El Digital de Asturias","headline":"COMUNICADO DE PSIC\u00d3LOGOS POR LA SALUD Y LA VERDAD ESPA\u00d1A","author":{"@id":"https:\/\/eldigitaldeasturias.com\/radio\/author\/nbasturias\/#author"},"publisher":{"@id":"https:\/\/eldigitaldeasturias.com\/radio\/#organization"},"image":{"@type":"ImageObject","url":"https:\/\/eldigitaldeasturias.com\/radio\/wp-content\/uploads\/2020\/08\/coronavirus-4914026_640.jpg","width":640,"height":360},"datePublished":"2020-10-31T12:22:15+01:00","dateModified":"2020-10-31T12:22:15+01:00","inLanguage":"es-ES","mainEntityOfPage":{"@id":"https:\/\/eldigitaldeasturias.com\/radio\/comunicado-de-psicologos-por-la-salud-y-la-verdad-espana\/#webpage"},"isPartOf":{"@id":"https:\/\/eldigitaldeasturias.com\/radio\/comunicado-de-psicologos-por-la-salud-y-la-verdad-espana\/#webpage"},"articleSection":"Noticias","dateline":"Publicado el octubre 31, 2020."},{"@type":"Organization","@id":"https:\/\/eldigitaldeasturias.com\/radio\/#organization","name":"El digital de Asturias Radio","description":"Diario de informaci\u00f3n y noticias","url":"https:\/\/eldigitaldeasturias.com\/radio\/","telephone":"+34652131393","logo":{"@type":"ImageObject","url":"https:\/\/www.eldigitaldeasturias.com\/radio\/wp-content\/uploads\/2021\/03\/EDA.jpg","@id":"https:\/\/eldigitaldeasturias.com\/radio\/comunicado-de-psicologos-por-la-salud-y-la-verdad-espana\/#organizationLogo"},"image":{"@id":"https:\/\/eldigitaldeasturias.com\/radio\/comunicado-de-psicologos-por-la-salud-y-la-verdad-espana\/#organizationLogo"},"sameAs":["https:\/\/www.facebook.com\/","https:\/\/x.com\/bercodi","https:\/\/www.instagram.com\/","https:\/\/www.youtube.com\/channel\/UCZP-2wLEB9Rv6erhFmqVnvg"]},{"@type":"Person","@id":"https:\/\/eldigitaldeasturias.com\/radio\/author\/nbasturias\/#author","url":"https:\/\/eldigitaldeasturias.com\/radio\/author\/nbasturias\/","name":"NBAsturias","image":{"@type":"ImageObject","@id":"https:\/\/eldigitaldeasturias.com\/radio\/comunicado-de-psicologos-por-la-salud-y-la-verdad-espana\/#authorImage","url":"https:\/\/secure.gravatar.com\/avatar\/df2aeffc32bcd13f8d26072ef8a91b623d677766deac7f97ca815868cd41bf5e?s=96&d=mm&r=g","width":96,"height":96,"caption":"NBAsturias"}},{"@type":"WebPage","@id":"https:\/\/eldigitaldeasturias.com\/radio\/comunicado-de-psicologos-por-la-salud-y-la-verdad-espana\/#webpage","url":"https:\/\/eldigitaldeasturias.com\/radio\/comunicado-de-psicologos-por-la-salud-y-la-verdad-espana\/","name":"COMUNICADO DE PSIC\u00d3LOGOS POR LA SALUD Y LA VERDAD ESPA\u00d1A | El Digital de Asturias","description":"Los m\u00e1s de 50 psic\u00f3logos integrantes del colectivo \u201cPsic\u00f3logos por la salud y la verdad\u201d, formados, conviene resaltarlo, en diferentes \u00e1reas incluyendo conocimientos sobre psicolog\u00eda cl\u00ednica, psicolog\u00eda de la salud, estad\u00edstica, metodolog\u00eda experimental, teor\u00edas del aprendizaje, comunicaci\u00f3n eficaz, psicolog\u00eda social y grupal, entre otros. Expresamos nuestro rechazo y malestar ante los actuales acontecimientos, las iatrog\u00e9nicas y desproporcionadas medidas","inLanguage":"es-ES","isPartOf":{"@id":"https:\/\/eldigitaldeasturias.com\/radio\/#website"},"breadcrumb":{"@id":"https:\/\/eldigitaldeasturias.com\/radio\/comunicado-de-psicologos-por-la-salud-y-la-verdad-espana\/#breadcrumblist"},"author":{"@id":"https:\/\/eldigitaldeasturias.com\/radio\/author\/nbasturias\/#author"},"creator":{"@id":"https:\/\/eldigitaldeasturias.com\/radio\/author\/nbasturias\/#author"},"image":{"@type":"ImageObject","url":"https:\/\/eldigitaldeasturias.com\/radio\/wp-content\/uploads\/2020\/08\/coronavirus-4914026_640.jpg","@id":"https:\/\/eldigitaldeasturias.com\/radio\/comunicado-de-psicologos-por-la-salud-y-la-verdad-espana\/#mainImage","width":640,"height":360},"primaryImageOfPage":{"@id":"https:\/\/eldigitaldeasturias.com\/radio\/comunicado-de-psicologos-por-la-salud-y-la-verdad-espana\/#mainImage"},"datePublished":"2020-10-31T12:22:15+01:00","dateModified":"2020-10-31T12:22:15+01:00"},{"@type":"WebSite","@id":"https:\/\/eldigitaldeasturias.com\/radio\/#website","url":"https:\/\/eldigitaldeasturias.com\/radio\/","name":"El Digital de Asturias","description":"Diario de informaci\u00f3n y noticias","inLanguage":"es-ES","publisher":{"@id":"https:\/\/eldigitaldeasturias.com\/radio\/#organization"}}]},"og:locale":"es_ES","og:site_name":"El Digital de Asturias | Diario de informaci\u00f3n y noticias","og:type":"article","og:title":"COMUNICADO DE PSIC\u00d3LOGOS POR LA SALUD Y LA VERDAD ESPA\u00d1A | El Digital de Asturias","og:description":"Los m\u00e1s de 50 psic\u00f3logos integrantes del colectivo \u201cPsic\u00f3logos por la salud y la verdad\u201d, formados, conviene resaltarlo, en diferentes \u00e1reas incluyendo conocimientos sobre psicolog\u00eda cl\u00ednica, psicolog\u00eda de la salud, estad\u00edstica, metodolog\u00eda experimental, teor\u00edas del aprendizaje, comunicaci\u00f3n eficaz, psicolog\u00eda social y grupal, entre otros. Expresamos nuestro rechazo y malestar ante los actuales acontecimientos, las iatrog\u00e9nicas y desproporcionadas medidas","og:url":"https:\/\/eldigitaldeasturias.com\/radio\/comunicado-de-psicologos-por-la-salud-y-la-verdad-espana\/","og:image":"https:\/\/eldigitaldeasturias.com\/radio\/wp-content\/uploads\/2020\/08\/coronavirus-4914026_640.jpg","og:image:secure_url":"https:\/\/eldigitaldeasturias.com\/radio\/wp-content\/uploads\/2020\/08\/coronavirus-4914026_640.jpg","og:image:width":640,"og:image:height":360,"article:published_time":"2020-10-31T12:22:15+00:00","article:modified_time":"2020-10-31T12:22:15+00:00","twitter:card":"summary_large_image","twitter:site":"@bercodi","twitter:title":"COMUNICADO DE PSIC\u00d3LOGOS POR LA SALUD Y LA VERDAD ESPA\u00d1A | El Digital de Asturias","twitter:description":"Los m\u00e1s de 50 psic\u00f3logos integrantes del colectivo \u201cPsic\u00f3logos por la salud y la verdad\u201d, formados, conviene resaltarlo, en diferentes \u00e1reas incluyendo conocimientos sobre psicolog\u00eda cl\u00ednica, psicolog\u00eda de la salud, estad\u00edstica, metodolog\u00eda experimental, teor\u00edas del aprendizaje, comunicaci\u00f3n eficaz, psicolog\u00eda social y grupal, entre otros. Expresamos nuestro rechazo y malestar ante los actuales acontecimientos, las iatrog\u00e9nicas y desproporcionadas medidas","twitter:creator":"@bercodi","twitter:image":"https:\/\/eldigitaldeasturias.com\/radio\/wp-content\/uploads\/2020\/08\/coronavirus-4914026_640.jpg"},"aioseo_meta_data":{"post_id":"5251","title":null,"description":"","keywords":"","keyphrases":null,"primary_term":null,"canonical_url":"","og_title":null,"og_description":null,"og_object_type":"default","og_image_type":"default","og_image_url":null,"og_image_width":null,"og_image_height":null,"og_image_custom_url":null,"og_image_custom_fields":null,"og_video":null,"og_custom_url":null,"og_article_section":null,"og_article_tags":null,"twitter_use_og":false,"twitter_card":"default","twitter_image_type":"default","twitter_image_url":null,"twitter_image_custom_url":null,"twitter_image_custom_fields":null,"twitter_title":null,"twitter_description":null,"schema":{"blockGraphs":[],"customGraphs":[],"default":{"data":{"Article":[],"Course":[],"Dataset":[],"FAQPage":[],"Movie":[],"Person":[],"Product":[],"ProductReview":[],"Car":[],"Recipe":[],"Service":[],"SoftwareApplication":[],"WebPage":[]},"graphName":"","isEnabled":true},"graphs":[]},"schema_type":null,"schema_type_options":null,"pillar_content":false,"robots_default":true,"robots_noindex":false,"robots_noarchive":false,"robots_nosnippet":false,"robots_nofollow":false,"robots_noimageindex":false,"robots_noodp":false,"robots_notranslate":false,"robots_max_snippet":null,"robots_max_videopreview":null,"robots_max_imagepreview":"large","priority":null,"frequency":null,"location":null,"local_seo":null,"seo_analyzer_scan_date":"2025-08-28 17:36:04","breadcrumb_settings":null,"limit_modified_date":false,"open_ai":null,"ai":null,"created":"2021-03-25 11:32:22","updated":"2025-08-28 17:36:04"},"aioseo_breadcrumb":"<div class=\"aioseo-breadcrumbs\"><span class=\"aioseo-breadcrumb\">\n\t<a href=\"https:\/\/eldigitaldeasturias.com\/radio\" title=\"Inicio\">Inicio<\/a>\n<\/span><span class=\"aioseo-breadcrumb-separator\">&ndash;<\/span><span class=\"aioseo-breadcrumb\">\n\t<a href=\"https:\/\/eldigitaldeasturias.com\/radio\/category\/noticias\/\" title=\"Noticias\">Noticias<\/a>\n<\/span><span class=\"aioseo-breadcrumb-separator\">&ndash;<\/span><span class=\"aioseo-breadcrumb\">\n\tCOMUNICADO DE PSIC\u00d3LOGOS POR LA SALUD Y LA VERDAD ESPA\u00d1A\n<\/span><\/div>","aioseo_breadcrumb_json":[{"label":"Inicio","link":"https:\/\/eldigitaldeasturias.com\/radio"},{"label":"Noticias","link":"https:\/\/eldigitaldeasturias.com\/radio\/category\/noticias\/"},{"label":"COMUNICADO DE PSIC\u00d3LOGOS POR LA SALUD Y LA VERDAD ESPA\u00d1A","link":"https:\/\/eldigitaldeasturias.com\/radio\/comunicado-de-psicologos-por-la-salud-y-la-verdad-espana\/"}],"_links":{"self":[{"href":"https:\/\/eldigitaldeasturias.com\/radio\/wp-json\/wp\/v2\/posts\/5251","targetHints":{"allow":["GET"]}}],"collection":[{"href":"https:\/\/eldigitaldeasturias.com\/radio\/wp-json\/wp\/v2\/posts"}],"about":[{"href":"https:\/\/eldigitaldeasturias.com\/radio\/wp-json\/wp\/v2\/types\/post"}],"author":[{"embeddable":true,"href":"https:\/\/eldigitaldeasturias.com\/radio\/wp-json\/wp\/v2\/users\/1"}],"replies":[{"embeddable":true,"href":"https:\/\/eldigitaldeasturias.com\/radio\/wp-json\/wp\/v2\/comments?post=5251"}],"version-history":[{"count":0,"href":"https:\/\/eldigitaldeasturias.com\/radio\/wp-json\/wp\/v2\/posts\/5251\/revisions"}],"wp:featuredmedia":[{"embeddable":true,"href":"https:\/\/eldigitaldeasturias.com\/radio\/wp-json\/wp\/v2\/media\/4993"}],"wp:attachment":[{"href":"https:\/\/eldigitaldeasturias.com\/radio\/wp-json\/wp\/v2\/media?parent=5251"}],"wp:term":[{"taxonomy":"category","embeddable":true,"href":"https:\/\/eldigitaldeasturias.com\/radio\/wp-json\/wp\/v2\/categories?post=5251"},{"taxonomy":"post_tag","embeddable":true,"href":"https:\/\/eldigitaldeasturias.com\/radio\/wp-json\/wp\/v2\/tags?post=5251"}],"curies":[{"name":"wp","href":"https:\/\/api.w.org\/{rel}","templated":true}]}}