{"id":5247,"date":"2020-10-27T09:49:52","date_gmt":"2020-10-27T09:49:52","guid":{"rendered":"http:\/\/www.eldigitaldeasturias.com\/radio\/?p=5247"},"modified":"2020-10-27T09:49:52","modified_gmt":"2020-10-27T09:49:52","slug":"reabre-la-iglesia-de-friedrichswerder","status":"publish","type":"post","link":"https:\/\/eldigitaldeasturias.com\/radio\/reabre-la-iglesia-de-friedrichswerder\/","title":{"rendered":"Reabre la iglesia de Friedrichswerder"},"content":{"rendered":"<figure id=\"attachment_5248\" aria-describedby=\"caption-attachment-5248\" style=\"width: 360px\" class=\"wp-caption alignleft\"><img fetchpriority=\"high\" decoding=\"async\" class=\"size-medium wp-image-5248\" src=\"http:\/\/www.eldigitaldeasturias.com\/radio\/wp-content\/uploads\/2020\/10\/iglesia-de-Friedrichswerder-360x231.jpg\" alt=\"\" width=\"360\" height=\"231\" srcset=\"https:\/\/eldigitaldeasturias.com\/radio\/wp-content\/uploads\/2020\/10\/iglesia-de-Friedrichswerder-360x231.jpg 360w, https:\/\/eldigitaldeasturias.com\/radio\/wp-content\/uploads\/2020\/10\/iglesia-de-Friedrichswerder-768x493.jpg 768w, https:\/\/eldigitaldeasturias.com\/radio\/wp-content\/uploads\/2020\/10\/iglesia-de-Friedrichswerder.jpg 1017w\" sizes=\"(max-width: 360px) 100vw, 360px\" \/><figcaption id=\"caption-attachment-5248\" class=\"wp-caption-text\">Parte de la exposici\u00f3n \u00abIdeal y forma, esculturas del siglo XIX de la colecci\u00f3n de la Galer\u00eda Nacional\u00bb, mostrada en la la iglesia de Friedrichswerder. Foto: Bernd von Jutrczenka\/dpa<\/figcaption><\/figure>\n<p>Berl\u00edn, 26 oct (dpa) &#8211; La iglesia de Friedrichswerder volver\u00e1 a ser parte de los Museos Estatales de Berl\u00edn a partir de ma\u00f1ana con la exposici\u00f3n especial \u00abIdeal y forma, esculturas del siglo XIX de la colecci\u00f3n de la Galer\u00eda Nacional\u00bb.<\/p>\n<p>El templo religioso, con su interior originalmente conservado tal como fuera dise\u00f1ado por el arquitecto prusiano Karl Friedrich Schinkel (1781-1841), volver\u00e1 a funcionar durante los pr\u00f3ximos a\u00f1os como dependencia de la Antigua Galer\u00eda Nacional en la vecina Isla de los Museos.<\/p>\n<p>De las alrededor de 2.100 esculturas pertenecientes a la colecci\u00f3n del museo, unas 50 ser\u00e1n exhibidas a partir de ma\u00f1ana en la nave de la iglesia inundada por luces. Las piezas de bronce, yeso, m\u00e1rmol o terracota se extienden desde el neoclasicimo hasta el Imperio alem\u00e1n.<\/p>\n<p>La curadora Yvette Deseyve tambi\u00e9n utiliza el generoso espacio para yuxtaposiciones interesantes. As\u00ed, por ejemplo, dos grupos de Adolf Br\u00fctt (1855-1939) y Reinhold Begas (1831-1911) muestran dos enfoques muy diferentes de la representaci\u00f3n de Eva con sus hijos Ca\u00edn y Abel.<\/p>\n<p>Mientras que Begas parece ver ya instalado el mal en Ca\u00edn en la expresi\u00f3n del rostro y la postura corporal, en el caso de Br\u00fctt ambos ni\u00f1os solo son reconocibles por las apenas visibles diferencias de tama\u00f1o.<\/p>\n<p>Con esta exposici\u00f3n especial, la iglesia de Friedrichswerder vuelve a estar abierta al p\u00fablico en el centro de la capital alemana, luego de permanecer ocho a\u00f1os cerrada para la realizaci\u00f3n de amplios trabajos de refacci\u00f3n.<\/p>\n<p>Schinkel construy\u00f3 el edificio entre 1824 y 1830 en ladrillo, al mismo tiempo que se erig\u00eda su Museo Antiguo en la Isla de los Museos.<\/p>\n<p>Luego de padecer graves da\u00f1os durante la Segunda Guerra Mundial, la iglesia de exterior neog\u00f3tico debi\u00f3 ser extensamente reparada entre 1979 y 1986.<\/p>\n<p>Y posteriormente, a causa de construcciones en las cercan\u00edas, volvieron a ocasionarse da\u00f1os tan graves que el templo debi\u00f3 ser nuevamente sometido a restauraciones desde 2012.<\/p>\n","protected":false},"excerpt":{"rendered":"<p>Berl\u00edn, 26 oct (dpa) &#8211; La iglesia de Friedrichswerder volver\u00e1 a ser parte de los Museos Estatales de Berl\u00edn a partir de ma\u00f1ana con la exposici\u00f3n especial \u00abIdeal y forma, esculturas del siglo XIX de la colecci\u00f3n de la Galer\u00eda Nacional\u00bb. El templo religioso, con su interior originalmente conservado tal como fuera dise\u00f1ado por el<\/p>\n","protected":false},"author":1,"featured_media":5248,"comment_status":"closed","ping_status":"closed","sticky":false,"template":"","format":"standard","meta":{"footnotes":""},"categories":[34],"tags":[],"class_list":{"0":"post-5247","1":"post","2":"type-post","3":"status-publish","4":"format-standard","5":"has-post-thumbnail","7":"category-turismo"},"aioseo_notices":[],"aioseo_head":"\n\t\t<!-- All in One SEO Pro 4.9.6.2 - aioseo.com -->\n\t<meta name=\"description\" content=\"Berl\u00edn, 26 oct (dpa) - La iglesia de Friedrichswerder volver\u00e1 a ser parte de los Museos Estatales de Berl\u00edn a partir de ma\u00f1ana con la exposici\u00f3n especial &quot;Ideal y forma, esculturas del siglo XIX de la colecci\u00f3n de la Galer\u00eda Nacional&quot;. El templo religioso, con su interior originalmente conservado tal como fuera dise\u00f1ado por el\" \/>\n\t<meta name=\"robots\" content=\"max-image-preview:large\" \/>\n\t<meta name=\"author\" content=\"NBAsturias\"\/>\n\t<meta name=\"google-site-verification\" content=\"UA-38556648-1\" \/>\n\t<meta name=\"keywords\" content=\"turismo\" \/>\n\t<link rel=\"canonical\" href=\"https:\/\/eldigitaldeasturias.com\/radio\/reabre-la-iglesia-de-friedrichswerder\/\" \/>\n\t<meta name=\"generator\" content=\"All in One SEO Pro (AIOSEO) 4.9.6.2\" \/>\n\t\t<meta property=\"og:locale\" content=\"es_ES\" \/>\n\t\t<meta property=\"og:site_name\" content=\"El Digital de Asturias | Diario de informaci\u00f3n y noticias\" \/>\n\t\t<meta property=\"og:type\" content=\"article\" \/>\n\t\t<meta property=\"og:title\" content=\"Reabre la iglesia de Friedrichswerder | El Digital de Asturias\" \/>\n\t\t<meta property=\"og:description\" content=\"Berl\u00edn, 26 oct (dpa) - La iglesia de Friedrichswerder volver\u00e1 a ser parte de los Museos Estatales de Berl\u00edn a partir de ma\u00f1ana con la exposici\u00f3n especial &quot;Ideal y forma, esculturas del siglo XIX de la colecci\u00f3n de la Galer\u00eda Nacional&quot;. El templo religioso, con su interior originalmente conservado tal como fuera dise\u00f1ado por el\" \/>\n\t\t<meta property=\"og:url\" content=\"https:\/\/eldigitaldeasturias.com\/radio\/reabre-la-iglesia-de-friedrichswerder\/\" \/>\n\t\t<meta property=\"og:image\" content=\"https:\/\/eldigitaldeasturias.com\/radio\/wp-content\/uploads\/2020\/10\/iglesia-de-Friedrichswerder.jpg\" \/>\n\t\t<meta property=\"og:image:secure_url\" content=\"https:\/\/eldigitaldeasturias.com\/radio\/wp-content\/uploads\/2020\/10\/iglesia-de-Friedrichswerder.jpg\" \/>\n\t\t<meta property=\"og:image:width\" content=\"1017\" \/>\n\t\t<meta property=\"og:image:height\" content=\"653\" \/>\n\t\t<meta property=\"article:published_time\" content=\"2020-10-27T09:49:52+00:00\" \/>\n\t\t<meta property=\"article:modified_time\" content=\"2020-10-27T09:49:52+00:00\" \/>\n\t\t<meta name=\"twitter:card\" content=\"summary_large_image\" \/>\n\t\t<meta name=\"twitter:site\" content=\"@bercodi\" \/>\n\t\t<meta name=\"twitter:title\" content=\"Reabre la iglesia de Friedrichswerder | El Digital de Asturias\" \/>\n\t\t<meta name=\"twitter:description\" content=\"Berl\u00edn, 26 oct (dpa) - La iglesia de Friedrichswerder volver\u00e1 a ser parte de los Museos Estatales de Berl\u00edn a partir de ma\u00f1ana con la exposici\u00f3n especial &quot;Ideal y forma, esculturas del siglo XIX de la colecci\u00f3n de la Galer\u00eda Nacional&quot;. El templo religioso, con su interior originalmente conservado tal como fuera dise\u00f1ado por el\" \/>\n\t\t<meta name=\"twitter:creator\" content=\"@bercodi\" \/>\n\t\t<meta name=\"twitter:image\" content=\"https:\/\/eldigitaldeasturias.com\/radio\/wp-content\/uploads\/2020\/10\/iglesia-de-Friedrichswerder.jpg\" \/>\n\t\t<script type=\"application\/ld+json\" class=\"aioseo-schema\">\n\t\t\t{\"@context\":\"https:\\\/\\\/schema.org\",\"@graph\":[{\"@type\":\"BreadcrumbList\",\"@id\":\"https:\\\/\\\/eldigitaldeasturias.com\\\/radio\\\/reabre-la-iglesia-de-friedrichswerder\\\/#breadcrumblist\",\"itemListElement\":[{\"@type\":\"ListItem\",\"@id\":\"https:\\\/\\\/eldigitaldeasturias.com\\\/radio#listItem\",\"position\":1,\"name\":\"Inicio\",\"item\":\"https:\\\/\\\/eldigitaldeasturias.com\\\/radio\",\"nextItem\":{\"@type\":\"ListItem\",\"@id\":\"https:\\\/\\\/eldigitaldeasturias.com\\\/radio\\\/category\\\/turismo\\\/#listItem\",\"name\":\"Turismo\"}},{\"@type\":\"ListItem\",\"@id\":\"https:\\\/\\\/eldigitaldeasturias.com\\\/radio\\\/category\\\/turismo\\\/#listItem\",\"position\":2,\"name\":\"Turismo\",\"item\":\"https:\\\/\\\/eldigitaldeasturias.com\\\/radio\\\/category\\\/turismo\\\/\",\"nextItem\":{\"@type\":\"ListItem\",\"@id\":\"https:\\\/\\\/eldigitaldeasturias.com\\\/radio\\\/reabre-la-iglesia-de-friedrichswerder\\\/#listItem\",\"name\":\"Reabre la iglesia de Friedrichswerder\"},\"previousItem\":{\"@type\":\"ListItem\",\"@id\":\"https:\\\/\\\/eldigitaldeasturias.com\\\/radio#listItem\",\"name\":\"Inicio\"}},{\"@type\":\"ListItem\",\"@id\":\"https:\\\/\\\/eldigitaldeasturias.com\\\/radio\\\/reabre-la-iglesia-de-friedrichswerder\\\/#listItem\",\"position\":3,\"name\":\"Reabre la iglesia de Friedrichswerder\",\"previousItem\":{\"@type\":\"ListItem\",\"@id\":\"https:\\\/\\\/eldigitaldeasturias.com\\\/radio\\\/category\\\/turismo\\\/#listItem\",\"name\":\"Turismo\"}}]},{\"@type\":\"NewsArticle\",\"@id\":\"https:\\\/\\\/eldigitaldeasturias.com\\\/radio\\\/reabre-la-iglesia-de-friedrichswerder\\\/#newsarticle\",\"name\":\"Reabre la iglesia de Friedrichswerder | El Digital de Asturias\",\"headline\":\"Reabre la iglesia de Friedrichswerder\",\"author\":{\"@id\":\"https:\\\/\\\/eldigitaldeasturias.com\\\/radio\\\/author\\\/nbasturias\\\/#author\"},\"publisher\":{\"@id\":\"https:\\\/\\\/eldigitaldeasturias.com\\\/radio\\\/#organization\"},\"image\":{\"@type\":\"ImageObject\",\"url\":\"https:\\\/\\\/eldigitaldeasturias.com\\\/radio\\\/wp-content\\\/uploads\\\/2020\\\/10\\\/iglesia-de-Friedrichswerder.jpg\",\"width\":1017,\"height\":653,\"caption\":\"Parte de la exposici\\u00f3n \\\"Ideal y forma, esculturas del siglo XIX de la colecci\\u00f3n de la Galer\\u00eda Nacional\\\", mostrada en la la iglesia de Friedrichswerder. Foto: Bernd von Jutrczenka\\\/dpa\"},\"datePublished\":\"2020-10-27T09:49:52+01:00\",\"dateModified\":\"2020-10-27T09:49:52+01:00\",\"inLanguage\":\"es-ES\",\"mainEntityOfPage\":{\"@id\":\"https:\\\/\\\/eldigitaldeasturias.com\\\/radio\\\/reabre-la-iglesia-de-friedrichswerder\\\/#webpage\"},\"isPartOf\":{\"@id\":\"https:\\\/\\\/eldigitaldeasturias.com\\\/radio\\\/reabre-la-iglesia-de-friedrichswerder\\\/#webpage\"},\"articleSection\":\"Turismo\",\"dateline\":\"Publicado el octubre 27, 2020.\"},{\"@type\":\"Organization\",\"@id\":\"https:\\\/\\\/eldigitaldeasturias.com\\\/radio\\\/#organization\",\"name\":\"El digital de Asturias Radio\",\"description\":\"Diario de informaci\\u00f3n y noticias\",\"url\":\"https:\\\/\\\/eldigitaldeasturias.com\\\/radio\\\/\",\"telephone\":\"+34652131393\",\"logo\":{\"@type\":\"ImageObject\",\"url\":\"https:\\\/\\\/www.eldigitaldeasturias.com\\\/radio\\\/wp-content\\\/uploads\\\/2021\\\/03\\\/EDA.jpg\",\"@id\":\"https:\\\/\\\/eldigitaldeasturias.com\\\/radio\\\/reabre-la-iglesia-de-friedrichswerder\\\/#organizationLogo\"},\"image\":{\"@id\":\"https:\\\/\\\/eldigitaldeasturias.com\\\/radio\\\/reabre-la-iglesia-de-friedrichswerder\\\/#organizationLogo\"},\"sameAs\":[\"https:\\\/\\\/www.facebook.com\\\/\",\"https:\\\/\\\/x.com\\\/bercodi\",\"https:\\\/\\\/www.instagram.com\\\/\",\"https:\\\/\\\/www.youtube.com\\\/channel\\\/UCZP-2wLEB9Rv6erhFmqVnvg\"]},{\"@type\":\"Person\",\"@id\":\"https:\\\/\\\/eldigitaldeasturias.com\\\/radio\\\/author\\\/nbasturias\\\/#author\",\"url\":\"https:\\\/\\\/eldigitaldeasturias.com\\\/radio\\\/author\\\/nbasturias\\\/\",\"name\":\"NBAsturias\",\"image\":{\"@type\":\"ImageObject\",\"@id\":\"https:\\\/\\\/eldigitaldeasturias.com\\\/radio\\\/reabre-la-iglesia-de-friedrichswerder\\\/#authorImage\",\"url\":\"https:\\\/\\\/secure.gravatar.com\\\/avatar\\\/df2aeffc32bcd13f8d26072ef8a91b623d677766deac7f97ca815868cd41bf5e?s=96&d=mm&r=g\",\"width\":96,\"height\":96,\"caption\":\"NBAsturias\"}},{\"@type\":\"WebPage\",\"@id\":\"https:\\\/\\\/eldigitaldeasturias.com\\\/radio\\\/reabre-la-iglesia-de-friedrichswerder\\\/#webpage\",\"url\":\"https:\\\/\\\/eldigitaldeasturias.com\\\/radio\\\/reabre-la-iglesia-de-friedrichswerder\\\/\",\"name\":\"Reabre la iglesia de Friedrichswerder | El Digital de Asturias\",\"description\":\"Berl\\u00edn, 26 oct (dpa) - La iglesia de Friedrichswerder volver\\u00e1 a ser parte de los Museos Estatales de Berl\\u00edn a partir de ma\\u00f1ana con la exposici\\u00f3n especial \\\"Ideal y forma, esculturas del siglo XIX de la colecci\\u00f3n de la Galer\\u00eda Nacional\\\". El templo religioso, con su interior originalmente conservado tal como fuera dise\\u00f1ado por el\",\"inLanguage\":\"es-ES\",\"isPartOf\":{\"@id\":\"https:\\\/\\\/eldigitaldeasturias.com\\\/radio\\\/#website\"},\"breadcrumb\":{\"@id\":\"https:\\\/\\\/eldigitaldeasturias.com\\\/radio\\\/reabre-la-iglesia-de-friedrichswerder\\\/#breadcrumblist\"},\"author\":{\"@id\":\"https:\\\/\\\/eldigitaldeasturias.com\\\/radio\\\/author\\\/nbasturias\\\/#author\"},\"creator\":{\"@id\":\"https:\\\/\\\/eldigitaldeasturias.com\\\/radio\\\/author\\\/nbasturias\\\/#author\"},\"image\":{\"@type\":\"ImageObject\",\"url\":\"https:\\\/\\\/eldigitaldeasturias.com\\\/radio\\\/wp-content\\\/uploads\\\/2020\\\/10\\\/iglesia-de-Friedrichswerder.jpg\",\"@id\":\"https:\\\/\\\/eldigitaldeasturias.com\\\/radio\\\/reabre-la-iglesia-de-friedrichswerder\\\/#mainImage\",\"width\":1017,\"height\":653,\"caption\":\"Parte de la exposici\\u00f3n \\\"Ideal y forma, esculturas del siglo XIX de la colecci\\u00f3n de la Galer\\u00eda Nacional\\\", mostrada en la la iglesia de Friedrichswerder. Foto: Bernd von Jutrczenka\\\/dpa\"},\"primaryImageOfPage\":{\"@id\":\"https:\\\/\\\/eldigitaldeasturias.com\\\/radio\\\/reabre-la-iglesia-de-friedrichswerder\\\/#mainImage\"},\"datePublished\":\"2020-10-27T09:49:52+01:00\",\"dateModified\":\"2020-10-27T09:49:52+01:00\"},{\"@type\":\"WebSite\",\"@id\":\"https:\\\/\\\/eldigitaldeasturias.com\\\/radio\\\/#website\",\"url\":\"https:\\\/\\\/eldigitaldeasturias.com\\\/radio\\\/\",\"name\":\"El Digital de Asturias\",\"description\":\"Diario de informaci\\u00f3n y noticias\",\"inLanguage\":\"es-ES\",\"publisher\":{\"@id\":\"https:\\\/\\\/eldigitaldeasturias.com\\\/radio\\\/#organization\"}}]}\n\t\t<\/script>\n\t\t<!-- All in One SEO Pro -->\r\n\t\t<title>Reabre la iglesia de Friedrichswerder | El Digital de Asturias<\/title>\n\n","aioseo_head_json":{"title":"Reabre la iglesia de Friedrichswerder | El Digital de Asturias","description":"Berl\u00edn, 26 oct (dpa) - La iglesia de Friedrichswerder volver\u00e1 a ser parte de los Museos Estatales de Berl\u00edn a partir de ma\u00f1ana con la exposici\u00f3n especial \"Ideal y forma, esculturas del siglo XIX de la colecci\u00f3n de la Galer\u00eda Nacional\". El templo religioso, con su interior originalmente conservado tal como fuera dise\u00f1ado por el","canonical_url":"https:\/\/eldigitaldeasturias.com\/radio\/reabre-la-iglesia-de-friedrichswerder\/","robots":"max-image-preview:large","keywords":"turismo","webmasterTools":{"google-site-verification":"UA-38556648-1","miscellaneous":""},"schema":{"@context":"https:\/\/schema.org","@graph":[{"@type":"BreadcrumbList","@id":"https:\/\/eldigitaldeasturias.com\/radio\/reabre-la-iglesia-de-friedrichswerder\/#breadcrumblist","itemListElement":[{"@type":"ListItem","@id":"https:\/\/eldigitaldeasturias.com\/radio#listItem","position":1,"name":"Inicio","item":"https:\/\/eldigitaldeasturias.com\/radio","nextItem":{"@type":"ListItem","@id":"https:\/\/eldigitaldeasturias.com\/radio\/category\/turismo\/#listItem","name":"Turismo"}},{"@type":"ListItem","@id":"https:\/\/eldigitaldeasturias.com\/radio\/category\/turismo\/#listItem","position":2,"name":"Turismo","item":"https:\/\/eldigitaldeasturias.com\/radio\/category\/turismo\/","nextItem":{"@type":"ListItem","@id":"https:\/\/eldigitaldeasturias.com\/radio\/reabre-la-iglesia-de-friedrichswerder\/#listItem","name":"Reabre la iglesia de Friedrichswerder"},"previousItem":{"@type":"ListItem","@id":"https:\/\/eldigitaldeasturias.com\/radio#listItem","name":"Inicio"}},{"@type":"ListItem","@id":"https:\/\/eldigitaldeasturias.com\/radio\/reabre-la-iglesia-de-friedrichswerder\/#listItem","position":3,"name":"Reabre la iglesia de Friedrichswerder","previousItem":{"@type":"ListItem","@id":"https:\/\/eldigitaldeasturias.com\/radio\/category\/turismo\/#listItem","name":"Turismo"}}]},{"@type":"NewsArticle","@id":"https:\/\/eldigitaldeasturias.com\/radio\/reabre-la-iglesia-de-friedrichswerder\/#newsarticle","name":"Reabre la iglesia de Friedrichswerder | El Digital de Asturias","headline":"Reabre la iglesia de Friedrichswerder","author":{"@id":"https:\/\/eldigitaldeasturias.com\/radio\/author\/nbasturias\/#author"},"publisher":{"@id":"https:\/\/eldigitaldeasturias.com\/radio\/#organization"},"image":{"@type":"ImageObject","url":"https:\/\/eldigitaldeasturias.com\/radio\/wp-content\/uploads\/2020\/10\/iglesia-de-Friedrichswerder.jpg","width":1017,"height":653,"caption":"Parte de la exposici\u00f3n \"Ideal y forma, esculturas del siglo XIX de la colecci\u00f3n de la Galer\u00eda Nacional\", mostrada en la la iglesia de Friedrichswerder. Foto: Bernd von Jutrczenka\/dpa"},"datePublished":"2020-10-27T09:49:52+01:00","dateModified":"2020-10-27T09:49:52+01:00","inLanguage":"es-ES","mainEntityOfPage":{"@id":"https:\/\/eldigitaldeasturias.com\/radio\/reabre-la-iglesia-de-friedrichswerder\/#webpage"},"isPartOf":{"@id":"https:\/\/eldigitaldeasturias.com\/radio\/reabre-la-iglesia-de-friedrichswerder\/#webpage"},"articleSection":"Turismo","dateline":"Publicado el octubre 27, 2020."},{"@type":"Organization","@id":"https:\/\/eldigitaldeasturias.com\/radio\/#organization","name":"El digital de Asturias Radio","description":"Diario de informaci\u00f3n y noticias","url":"https:\/\/eldigitaldeasturias.com\/radio\/","telephone":"+34652131393","logo":{"@type":"ImageObject","url":"https:\/\/www.eldigitaldeasturias.com\/radio\/wp-content\/uploads\/2021\/03\/EDA.jpg","@id":"https:\/\/eldigitaldeasturias.com\/radio\/reabre-la-iglesia-de-friedrichswerder\/#organizationLogo"},"image":{"@id":"https:\/\/eldigitaldeasturias.com\/radio\/reabre-la-iglesia-de-friedrichswerder\/#organizationLogo"},"sameAs":["https:\/\/www.facebook.com\/","https:\/\/x.com\/bercodi","https:\/\/www.instagram.com\/","https:\/\/www.youtube.com\/channel\/UCZP-2wLEB9Rv6erhFmqVnvg"]},{"@type":"Person","@id":"https:\/\/eldigitaldeasturias.com\/radio\/author\/nbasturias\/#author","url":"https:\/\/eldigitaldeasturias.com\/radio\/author\/nbasturias\/","name":"NBAsturias","image":{"@type":"ImageObject","@id":"https:\/\/eldigitaldeasturias.com\/radio\/reabre-la-iglesia-de-friedrichswerder\/#authorImage","url":"https:\/\/secure.gravatar.com\/avatar\/df2aeffc32bcd13f8d26072ef8a91b623d677766deac7f97ca815868cd41bf5e?s=96&d=mm&r=g","width":96,"height":96,"caption":"NBAsturias"}},{"@type":"WebPage","@id":"https:\/\/eldigitaldeasturias.com\/radio\/reabre-la-iglesia-de-friedrichswerder\/#webpage","url":"https:\/\/eldigitaldeasturias.com\/radio\/reabre-la-iglesia-de-friedrichswerder\/","name":"Reabre la iglesia de Friedrichswerder | El Digital de Asturias","description":"Berl\u00edn, 26 oct (dpa) - La iglesia de Friedrichswerder volver\u00e1 a ser parte de los Museos Estatales de Berl\u00edn a partir de ma\u00f1ana con la exposici\u00f3n especial \"Ideal y forma, esculturas del siglo XIX de la colecci\u00f3n de la Galer\u00eda Nacional\". El templo religioso, con su interior originalmente conservado tal como fuera dise\u00f1ado por el","inLanguage":"es-ES","isPartOf":{"@id":"https:\/\/eldigitaldeasturias.com\/radio\/#website"},"breadcrumb":{"@id":"https:\/\/eldigitaldeasturias.com\/radio\/reabre-la-iglesia-de-friedrichswerder\/#breadcrumblist"},"author":{"@id":"https:\/\/eldigitaldeasturias.com\/radio\/author\/nbasturias\/#author"},"creator":{"@id":"https:\/\/eldigitaldeasturias.com\/radio\/author\/nbasturias\/#author"},"image":{"@type":"ImageObject","url":"https:\/\/eldigitaldeasturias.com\/radio\/wp-content\/uploads\/2020\/10\/iglesia-de-Friedrichswerder.jpg","@id":"https:\/\/eldigitaldeasturias.com\/radio\/reabre-la-iglesia-de-friedrichswerder\/#mainImage","width":1017,"height":653,"caption":"Parte de la exposici\u00f3n \"Ideal y forma, esculturas del siglo XIX de la colecci\u00f3n de la Galer\u00eda Nacional\", mostrada en la la iglesia de Friedrichswerder. Foto: Bernd von Jutrczenka\/dpa"},"primaryImageOfPage":{"@id":"https:\/\/eldigitaldeasturias.com\/radio\/reabre-la-iglesia-de-friedrichswerder\/#mainImage"},"datePublished":"2020-10-27T09:49:52+01:00","dateModified":"2020-10-27T09:49:52+01:00"},{"@type":"WebSite","@id":"https:\/\/eldigitaldeasturias.com\/radio\/#website","url":"https:\/\/eldigitaldeasturias.com\/radio\/","name":"El Digital de Asturias","description":"Diario de informaci\u00f3n y noticias","inLanguage":"es-ES","publisher":{"@id":"https:\/\/eldigitaldeasturias.com\/radio\/#organization"}}]},"og:locale":"es_ES","og:site_name":"El Digital de Asturias | Diario de informaci\u00f3n y noticias","og:type":"article","og:title":"Reabre la iglesia de Friedrichswerder | El Digital de Asturias","og:description":"Berl\u00edn, 26 oct (dpa) - La iglesia de Friedrichswerder volver\u00e1 a ser parte de los Museos Estatales de Berl\u00edn a partir de ma\u00f1ana con la exposici\u00f3n especial &quot;Ideal y forma, esculturas del siglo XIX de la colecci\u00f3n de la Galer\u00eda Nacional&quot;. El templo religioso, con su interior originalmente conservado tal como fuera dise\u00f1ado por el","og:url":"https:\/\/eldigitaldeasturias.com\/radio\/reabre-la-iglesia-de-friedrichswerder\/","og:image":"https:\/\/eldigitaldeasturias.com\/radio\/wp-content\/uploads\/2020\/10\/iglesia-de-Friedrichswerder.jpg","og:image:secure_url":"https:\/\/eldigitaldeasturias.com\/radio\/wp-content\/uploads\/2020\/10\/iglesia-de-Friedrichswerder.jpg","og:image:width":1017,"og:image:height":653,"article:published_time":"2020-10-27T09:49:52+00:00","article:modified_time":"2020-10-27T09:49:52+00:00","twitter:card":"summary_large_image","twitter:site":"@bercodi","twitter:title":"Reabre la iglesia de Friedrichswerder | El Digital de Asturias","twitter:description":"Berl\u00edn, 26 oct (dpa) - La iglesia de Friedrichswerder volver\u00e1 a ser parte de los Museos Estatales de Berl\u00edn a partir de ma\u00f1ana con la exposici\u00f3n especial &quot;Ideal y forma, esculturas del siglo XIX de la colecci\u00f3n de la Galer\u00eda Nacional&quot;. El templo religioso, con su interior originalmente conservado tal como fuera dise\u00f1ado por el","twitter:creator":"@bercodi","twitter:image":"https:\/\/eldigitaldeasturias.com\/radio\/wp-content\/uploads\/2020\/10\/iglesia-de-Friedrichswerder.jpg"},"aioseo_meta_data":{"post_id":"5247","title":null,"description":"","keywords":"","keyphrases":null,"primary_term":null,"canonical_url":"","og_title":null,"og_description":null,"og_object_type":"default","og_image_type":"default","og_image_url":null,"og_image_width":null,"og_image_height":null,"og_image_custom_url":null,"og_image_custom_fields":null,"og_video":null,"og_custom_url":null,"og_article_section":null,"og_article_tags":null,"twitter_use_og":false,"twitter_card":"default","twitter_image_type":"default","twitter_image_url":null,"twitter_image_custom_url":null,"twitter_image_custom_fields":null,"twitter_title":null,"twitter_description":null,"schema":{"blockGraphs":[],"customGraphs":[],"default":{"data":{"Article":[],"Course":[],"Dataset":[],"FAQPage":[],"Movie":[],"Person":[],"Product":[],"ProductReview":[],"Car":[],"Recipe":[],"Service":[],"SoftwareApplication":[],"WebPage":[]},"graphName":"","isEnabled":true},"graphs":[],"defaultGraph":"","defaultPostTypeGraph":""},"schema_type":null,"schema_type_options":null,"pillar_content":false,"robots_default":true,"robots_noindex":false,"robots_noarchive":false,"robots_nosnippet":false,"robots_nofollow":false,"robots_noimageindex":false,"robots_noodp":false,"robots_notranslate":false,"robots_max_snippet":null,"robots_max_videopreview":null,"robots_max_imagepreview":"large","priority":null,"frequency":null,"location":null,"local_seo":null,"seo_analyzer_scan_date":"2025-08-28 17:36:01","breadcrumb_settings":null,"limit_modified_date":false,"open_ai":null,"ai":null,"created":"2021-03-25 11:08:57","updated":"2025-08-28 17:36:01"},"aioseo_breadcrumb":"<div class=\"aioseo-breadcrumbs\"><span class=\"aioseo-breadcrumb\">\n\t<a href=\"https:\/\/eldigitaldeasturias.com\/radio\" title=\"Inicio\">Inicio<\/a>\n<\/span><span class=\"aioseo-breadcrumb-separator\">&ndash;<\/span><span class=\"aioseo-breadcrumb\">\n\t<a href=\"https:\/\/eldigitaldeasturias.com\/radio\/category\/turismo\/\" title=\"Turismo\">Turismo<\/a>\n<\/span><span class=\"aioseo-breadcrumb-separator\">&ndash;<\/span><span class=\"aioseo-breadcrumb\">\n\tReabre la iglesia de Friedrichswerder\n<\/span><\/div>","aioseo_breadcrumb_json":[{"label":"Inicio","link":"https:\/\/eldigitaldeasturias.com\/radio"},{"label":"Turismo","link":"https:\/\/eldigitaldeasturias.com\/radio\/category\/turismo\/"},{"label":"Reabre la iglesia de Friedrichswerder","link":"https:\/\/eldigitaldeasturias.com\/radio\/reabre-la-iglesia-de-friedrichswerder\/"}],"_links":{"self":[{"href":"https:\/\/eldigitaldeasturias.com\/radio\/wp-json\/wp\/v2\/posts\/5247","targetHints":{"allow":["GET"]}}],"collection":[{"href":"https:\/\/eldigitaldeasturias.com\/radio\/wp-json\/wp\/v2\/posts"}],"about":[{"href":"https:\/\/eldigitaldeasturias.com\/radio\/wp-json\/wp\/v2\/types\/post"}],"author":[{"embeddable":true,"href":"https:\/\/eldigitaldeasturias.com\/radio\/wp-json\/wp\/v2\/users\/1"}],"replies":[{"embeddable":true,"href":"https:\/\/eldigitaldeasturias.com\/radio\/wp-json\/wp\/v2\/comments?post=5247"}],"version-history":[{"count":0,"href":"https:\/\/eldigitaldeasturias.com\/radio\/wp-json\/wp\/v2\/posts\/5247\/revisions"}],"wp:featuredmedia":[{"embeddable":true,"href":"https:\/\/eldigitaldeasturias.com\/radio\/wp-json\/wp\/v2\/media\/5248"}],"wp:attachment":[{"href":"https:\/\/eldigitaldeasturias.com\/radio\/wp-json\/wp\/v2\/media?parent=5247"}],"wp:term":[{"taxonomy":"category","embeddable":true,"href":"https:\/\/eldigitaldeasturias.com\/radio\/wp-json\/wp\/v2\/categories?post=5247"},{"taxonomy":"post_tag","embeddable":true,"href":"https:\/\/eldigitaldeasturias.com\/radio\/wp-json\/wp\/v2\/tags?post=5247"}],"curies":[{"name":"wp","href":"https:\/\/api.w.org\/{rel}","templated":true}]}}