{"id":5224,"date":"2020-10-25T14:37:24","date_gmt":"2020-10-25T14:37:24","guid":{"rendered":"http:\/\/www.eldigitaldeasturias.com\/radio\/?p=5224"},"modified":"2020-10-25T14:37:24","modified_gmt":"2020-10-25T14:37:24","slug":"reunion-entre-principado-y-adansi","status":"publish","type":"post","link":"https:\/\/eldigitaldeasturias.com\/radio\/reunion-entre-principado-y-adansi\/","title":{"rendered":"Reuni\u00f3n entre Principado y Adansi"},"content":{"rendered":"<p><img fetchpriority=\"high\" decoding=\"async\" class=\"alignleft size-medium wp-image-5225\" src=\"http:\/\/www.eldigitaldeasturias.com\/radio\/wp-content\/uploads\/2020\/10\/Asturias-1536251020-360x226.jpg\" alt=\"\" width=\"360\" height=\"226\" srcset=\"https:\/\/eldigitaldeasturias.com\/radio\/wp-content\/uploads\/2020\/10\/Asturias-1536251020-360x226.jpg 360w, https:\/\/eldigitaldeasturias.com\/radio\/wp-content\/uploads\/2020\/10\/Asturias-1536251020-1024x642.jpg 1024w, https:\/\/eldigitaldeasturias.com\/radio\/wp-content\/uploads\/2020\/10\/Asturias-1536251020-768x482.jpg 768w, https:\/\/eldigitaldeasturias.com\/radio\/wp-content\/uploads\/2020\/10\/Asturias-1536251020.jpg 1087w\" sizes=\"(max-width: 360px) 100vw, 360px\" \/>La consejera de Educaci\u00f3n, Carmen Su\u00e1rez, y la directora general de Ordenaci\u00f3n, Evaluaci\u00f3n y Equidad Educativa, Paula Garc\u00eda, <strong>se han reunido recientemente con la presidenta de la Asociaci\u00f3n de Familiares y personas con Autismo<\/strong> (Adansi), Carmen de la Rosa, y con su directora, M\u00f3nica Fern\u00e1ndez Prada, dentro de la ronda de contactos iniciados para intensificar la comunicaci\u00f3n con la comunidad educativa.<\/p>\n<p>Continuando con las reuniones mantenidas en los \u00faltimos meses, tanto presenciales como por videoconferencia, el objetivo es profundizar en el an\u00e1lisis de las necesidades del alumnado con necesidades especiales.<\/p>\n<p>Se ha consensuado un calendario de trabajo entre la entidad y la consejer\u00eda, y se ha establecido que siguiente reuni\u00f3n se celebre la \u00faltima semana de octubre.<\/p>\n<p>&nbsp;<\/p>\n","protected":false},"excerpt":{"rendered":"<p>La consejera de Educaci\u00f3n, Carmen Su\u00e1rez, y la directora general de Ordenaci\u00f3n, Evaluaci\u00f3n y Equidad Educativa, Paula Garc\u00eda, se han reunido recientemente con la presidenta de la Asociaci\u00f3n de Familiares y personas con Autismo (Adansi), Carmen de la Rosa, y con su directora, M\u00f3nica Fern\u00e1ndez Prada, dentro de la ronda de contactos iniciados para intensificar<\/p>\n","protected":false},"author":1,"featured_media":5225,"comment_status":"closed","ping_status":"closed","sticky":false,"template":"","format":"standard","meta":{"footnotes":""},"categories":[1],"tags":[],"class_list":{"0":"post-5224","1":"post","2":"type-post","3":"status-publish","4":"format-standard","5":"has-post-thumbnail","7":"category-noticias"},"aioseo_notices":[],"aioseo_head":"\n\t\t<!-- All in One SEO Pro 4.9.6.2 - aioseo.com -->\n\t<meta name=\"description\" content=\"La consejera de Educaci\u00f3n, Carmen Su\u00e1rez, y la directora general de Ordenaci\u00f3n, Evaluaci\u00f3n y Equidad Educativa, Paula Garc\u00eda, se han reunido recientemente con la presidenta de la Asociaci\u00f3n de Familiares y personas con Autismo (Adansi), Carmen de la Rosa, y con su directora, M\u00f3nica Fern\u00e1ndez Prada, dentro de la ronda de contactos iniciados para intensificar\" \/>\n\t<meta name=\"robots\" content=\"max-image-preview:large\" \/>\n\t<meta name=\"author\" content=\"NBAsturias\"\/>\n\t<meta name=\"google-site-verification\" content=\"UA-38556648-1\" \/>\n\t<meta name=\"keywords\" content=\"noticias\" \/>\n\t<link rel=\"canonical\" href=\"https:\/\/eldigitaldeasturias.com\/radio\/reunion-entre-principado-y-adansi\/\" \/>\n\t<meta name=\"generator\" content=\"All in One SEO Pro (AIOSEO) 4.9.6.2\" \/>\n\t\t<meta property=\"og:locale\" content=\"es_ES\" \/>\n\t\t<meta property=\"og:site_name\" content=\"El Digital de Asturias | Diario de informaci\u00f3n y noticias\" \/>\n\t\t<meta property=\"og:type\" content=\"article\" \/>\n\t\t<meta property=\"og:title\" content=\"Reuni\u00f3n entre Principado y Adansi | El Digital de Asturias\" \/>\n\t\t<meta property=\"og:description\" content=\"La consejera de Educaci\u00f3n, Carmen Su\u00e1rez, y la directora general de Ordenaci\u00f3n, Evaluaci\u00f3n y Equidad Educativa, Paula Garc\u00eda, se han reunido recientemente con la presidenta de la Asociaci\u00f3n de Familiares y personas con Autismo (Adansi), Carmen de la Rosa, y con su directora, M\u00f3nica Fern\u00e1ndez Prada, dentro de la ronda de contactos iniciados para intensificar\" \/>\n\t\t<meta property=\"og:url\" content=\"https:\/\/eldigitaldeasturias.com\/radio\/reunion-entre-principado-y-adansi\/\" \/>\n\t\t<meta property=\"og:image\" content=\"https:\/\/eldigitaldeasturias.com\/radio\/wp-content\/uploads\/2020\/10\/Asturias-1536251020.jpg\" \/>\n\t\t<meta property=\"og:image:secure_url\" content=\"https:\/\/eldigitaldeasturias.com\/radio\/wp-content\/uploads\/2020\/10\/Asturias-1536251020.jpg\" \/>\n\t\t<meta property=\"og:image:width\" content=\"1087\" \/>\n\t\t<meta property=\"og:image:height\" content=\"682\" \/>\n\t\t<meta property=\"article:published_time\" content=\"2020-10-25T14:37:24+00:00\" \/>\n\t\t<meta property=\"article:modified_time\" content=\"2020-10-25T14:37:24+00:00\" \/>\n\t\t<meta name=\"twitter:card\" content=\"summary_large_image\" \/>\n\t\t<meta name=\"twitter:site\" content=\"@bercodi\" \/>\n\t\t<meta name=\"twitter:title\" content=\"Reuni\u00f3n entre Principado y Adansi | El Digital de Asturias\" \/>\n\t\t<meta name=\"twitter:description\" content=\"La consejera de Educaci\u00f3n, Carmen Su\u00e1rez, y la directora general de Ordenaci\u00f3n, Evaluaci\u00f3n y Equidad Educativa, Paula Garc\u00eda, se han reunido recientemente con la presidenta de la Asociaci\u00f3n de Familiares y personas con Autismo (Adansi), Carmen de la Rosa, y con su directora, M\u00f3nica Fern\u00e1ndez Prada, dentro de la ronda de contactos iniciados para intensificar\" \/>\n\t\t<meta name=\"twitter:creator\" content=\"@bercodi\" \/>\n\t\t<meta name=\"twitter:image\" content=\"https:\/\/eldigitaldeasturias.com\/radio\/wp-content\/uploads\/2020\/10\/Asturias-1536251020.jpg\" \/>\n\t\t<script type=\"application\/ld+json\" class=\"aioseo-schema\">\n\t\t\t{\"@context\":\"https:\\\/\\\/schema.org\",\"@graph\":[{\"@type\":\"BreadcrumbList\",\"@id\":\"https:\\\/\\\/eldigitaldeasturias.com\\\/radio\\\/reunion-entre-principado-y-adansi\\\/#breadcrumblist\",\"itemListElement\":[{\"@type\":\"ListItem\",\"@id\":\"https:\\\/\\\/eldigitaldeasturias.com\\\/radio#listItem\",\"position\":1,\"name\":\"Inicio\",\"item\":\"https:\\\/\\\/eldigitaldeasturias.com\\\/radio\",\"nextItem\":{\"@type\":\"ListItem\",\"@id\":\"https:\\\/\\\/eldigitaldeasturias.com\\\/radio\\\/category\\\/noticias\\\/#listItem\",\"name\":\"Noticias\"}},{\"@type\":\"ListItem\",\"@id\":\"https:\\\/\\\/eldigitaldeasturias.com\\\/radio\\\/category\\\/noticias\\\/#listItem\",\"position\":2,\"name\":\"Noticias\",\"item\":\"https:\\\/\\\/eldigitaldeasturias.com\\\/radio\\\/category\\\/noticias\\\/\",\"nextItem\":{\"@type\":\"ListItem\",\"@id\":\"https:\\\/\\\/eldigitaldeasturias.com\\\/radio\\\/reunion-entre-principado-y-adansi\\\/#listItem\",\"name\":\"Reuni\\u00f3n entre Principado y Adansi\"},\"previousItem\":{\"@type\":\"ListItem\",\"@id\":\"https:\\\/\\\/eldigitaldeasturias.com\\\/radio#listItem\",\"name\":\"Inicio\"}},{\"@type\":\"ListItem\",\"@id\":\"https:\\\/\\\/eldigitaldeasturias.com\\\/radio\\\/reunion-entre-principado-y-adansi\\\/#listItem\",\"position\":3,\"name\":\"Reuni\\u00f3n entre Principado y Adansi\",\"previousItem\":{\"@type\":\"ListItem\",\"@id\":\"https:\\\/\\\/eldigitaldeasturias.com\\\/radio\\\/category\\\/noticias\\\/#listItem\",\"name\":\"Noticias\"}}]},{\"@type\":\"NewsArticle\",\"@id\":\"https:\\\/\\\/eldigitaldeasturias.com\\\/radio\\\/reunion-entre-principado-y-adansi\\\/#newsarticle\",\"name\":\"Reuni\\u00f3n entre Principado y Adansi | El Digital de Asturias\",\"headline\":\"Reuni\\u00f3n entre Principado y Adansi\",\"author\":{\"@id\":\"https:\\\/\\\/eldigitaldeasturias.com\\\/radio\\\/author\\\/nbasturias\\\/#author\"},\"publisher\":{\"@id\":\"https:\\\/\\\/eldigitaldeasturias.com\\\/radio\\\/#organization\"},\"image\":{\"@type\":\"ImageObject\",\"url\":\"https:\\\/\\\/eldigitaldeasturias.com\\\/radio\\\/wp-content\\\/uploads\\\/2020\\\/10\\\/Asturias-1536251020.jpg\",\"width\":1087,\"height\":682},\"datePublished\":\"2020-10-25T14:37:24+01:00\",\"dateModified\":\"2020-10-25T14:37:24+01:00\",\"inLanguage\":\"es-ES\",\"mainEntityOfPage\":{\"@id\":\"https:\\\/\\\/eldigitaldeasturias.com\\\/radio\\\/reunion-entre-principado-y-adansi\\\/#webpage\"},\"isPartOf\":{\"@id\":\"https:\\\/\\\/eldigitaldeasturias.com\\\/radio\\\/reunion-entre-principado-y-adansi\\\/#webpage\"},\"articleSection\":\"Noticias\",\"dateline\":\"Publicado el octubre 25, 2020.\"},{\"@type\":\"Organization\",\"@id\":\"https:\\\/\\\/eldigitaldeasturias.com\\\/radio\\\/#organization\",\"name\":\"El digital de Asturias Radio\",\"description\":\"Diario de informaci\\u00f3n y noticias\",\"url\":\"https:\\\/\\\/eldigitaldeasturias.com\\\/radio\\\/\",\"telephone\":\"+34652131393\",\"logo\":{\"@type\":\"ImageObject\",\"url\":\"https:\\\/\\\/www.eldigitaldeasturias.com\\\/radio\\\/wp-content\\\/uploads\\\/2021\\\/03\\\/EDA.jpg\",\"@id\":\"https:\\\/\\\/eldigitaldeasturias.com\\\/radio\\\/reunion-entre-principado-y-adansi\\\/#organizationLogo\"},\"image\":{\"@id\":\"https:\\\/\\\/eldigitaldeasturias.com\\\/radio\\\/reunion-entre-principado-y-adansi\\\/#organizationLogo\"},\"sameAs\":[\"https:\\\/\\\/www.facebook.com\\\/\",\"https:\\\/\\\/x.com\\\/bercodi\",\"https:\\\/\\\/www.instagram.com\\\/\",\"https:\\\/\\\/www.youtube.com\\\/channel\\\/UCZP-2wLEB9Rv6erhFmqVnvg\"]},{\"@type\":\"Person\",\"@id\":\"https:\\\/\\\/eldigitaldeasturias.com\\\/radio\\\/author\\\/nbasturias\\\/#author\",\"url\":\"https:\\\/\\\/eldigitaldeasturias.com\\\/radio\\\/author\\\/nbasturias\\\/\",\"name\":\"NBAsturias\",\"image\":{\"@type\":\"ImageObject\",\"@id\":\"https:\\\/\\\/eldigitaldeasturias.com\\\/radio\\\/reunion-entre-principado-y-adansi\\\/#authorImage\",\"url\":\"https:\\\/\\\/secure.gravatar.com\\\/avatar\\\/df2aeffc32bcd13f8d26072ef8a91b623d677766deac7f97ca815868cd41bf5e?s=96&d=mm&r=g\",\"width\":96,\"height\":96,\"caption\":\"NBAsturias\"}},{\"@type\":\"WebPage\",\"@id\":\"https:\\\/\\\/eldigitaldeasturias.com\\\/radio\\\/reunion-entre-principado-y-adansi\\\/#webpage\",\"url\":\"https:\\\/\\\/eldigitaldeasturias.com\\\/radio\\\/reunion-entre-principado-y-adansi\\\/\",\"name\":\"Reuni\\u00f3n entre Principado y Adansi | El Digital de Asturias\",\"description\":\"La consejera de Educaci\\u00f3n, Carmen Su\\u00e1rez, y la directora general de Ordenaci\\u00f3n, Evaluaci\\u00f3n y Equidad Educativa, Paula Garc\\u00eda, se han reunido recientemente con la presidenta de la Asociaci\\u00f3n de Familiares y personas con Autismo (Adansi), Carmen de la Rosa, y con su directora, M\\u00f3nica Fern\\u00e1ndez Prada, dentro de la ronda de contactos iniciados para intensificar\",\"inLanguage\":\"es-ES\",\"isPartOf\":{\"@id\":\"https:\\\/\\\/eldigitaldeasturias.com\\\/radio\\\/#website\"},\"breadcrumb\":{\"@id\":\"https:\\\/\\\/eldigitaldeasturias.com\\\/radio\\\/reunion-entre-principado-y-adansi\\\/#breadcrumblist\"},\"author\":{\"@id\":\"https:\\\/\\\/eldigitaldeasturias.com\\\/radio\\\/author\\\/nbasturias\\\/#author\"},\"creator\":{\"@id\":\"https:\\\/\\\/eldigitaldeasturias.com\\\/radio\\\/author\\\/nbasturias\\\/#author\"},\"image\":{\"@type\":\"ImageObject\",\"url\":\"https:\\\/\\\/eldigitaldeasturias.com\\\/radio\\\/wp-content\\\/uploads\\\/2020\\\/10\\\/Asturias-1536251020.jpg\",\"@id\":\"https:\\\/\\\/eldigitaldeasturias.com\\\/radio\\\/reunion-entre-principado-y-adansi\\\/#mainImage\",\"width\":1087,\"height\":682},\"primaryImageOfPage\":{\"@id\":\"https:\\\/\\\/eldigitaldeasturias.com\\\/radio\\\/reunion-entre-principado-y-adansi\\\/#mainImage\"},\"datePublished\":\"2020-10-25T14:37:24+01:00\",\"dateModified\":\"2020-10-25T14:37:24+01:00\"},{\"@type\":\"WebSite\",\"@id\":\"https:\\\/\\\/eldigitaldeasturias.com\\\/radio\\\/#website\",\"url\":\"https:\\\/\\\/eldigitaldeasturias.com\\\/radio\\\/\",\"name\":\"El Digital de Asturias\",\"description\":\"Diario de informaci\\u00f3n y noticias\",\"inLanguage\":\"es-ES\",\"publisher\":{\"@id\":\"https:\\\/\\\/eldigitaldeasturias.com\\\/radio\\\/#organization\"}}]}\n\t\t<\/script>\n\t\t<!-- All in One SEO Pro -->\r\n\t\t<title>Reuni\u00f3n entre Principado y Adansi | El Digital de Asturias<\/title>\n\n","aioseo_head_json":{"title":"Reuni\u00f3n entre Principado y Adansi | El Digital de Asturias","description":"La consejera de Educaci\u00f3n, Carmen Su\u00e1rez, y la directora general de Ordenaci\u00f3n, Evaluaci\u00f3n y Equidad Educativa, Paula Garc\u00eda, se han reunido recientemente con la presidenta de la Asociaci\u00f3n de Familiares y personas con Autismo (Adansi), Carmen de la Rosa, y con su directora, M\u00f3nica Fern\u00e1ndez Prada, dentro de la ronda de contactos iniciados para intensificar","canonical_url":"https:\/\/eldigitaldeasturias.com\/radio\/reunion-entre-principado-y-adansi\/","robots":"max-image-preview:large","keywords":"noticias","webmasterTools":{"google-site-verification":"UA-38556648-1","miscellaneous":""},"schema":{"@context":"https:\/\/schema.org","@graph":[{"@type":"BreadcrumbList","@id":"https:\/\/eldigitaldeasturias.com\/radio\/reunion-entre-principado-y-adansi\/#breadcrumblist","itemListElement":[{"@type":"ListItem","@id":"https:\/\/eldigitaldeasturias.com\/radio#listItem","position":1,"name":"Inicio","item":"https:\/\/eldigitaldeasturias.com\/radio","nextItem":{"@type":"ListItem","@id":"https:\/\/eldigitaldeasturias.com\/radio\/category\/noticias\/#listItem","name":"Noticias"}},{"@type":"ListItem","@id":"https:\/\/eldigitaldeasturias.com\/radio\/category\/noticias\/#listItem","position":2,"name":"Noticias","item":"https:\/\/eldigitaldeasturias.com\/radio\/category\/noticias\/","nextItem":{"@type":"ListItem","@id":"https:\/\/eldigitaldeasturias.com\/radio\/reunion-entre-principado-y-adansi\/#listItem","name":"Reuni\u00f3n entre Principado y Adansi"},"previousItem":{"@type":"ListItem","@id":"https:\/\/eldigitaldeasturias.com\/radio#listItem","name":"Inicio"}},{"@type":"ListItem","@id":"https:\/\/eldigitaldeasturias.com\/radio\/reunion-entre-principado-y-adansi\/#listItem","position":3,"name":"Reuni\u00f3n entre Principado y Adansi","previousItem":{"@type":"ListItem","@id":"https:\/\/eldigitaldeasturias.com\/radio\/category\/noticias\/#listItem","name":"Noticias"}}]},{"@type":"NewsArticle","@id":"https:\/\/eldigitaldeasturias.com\/radio\/reunion-entre-principado-y-adansi\/#newsarticle","name":"Reuni\u00f3n entre Principado y Adansi | El Digital de Asturias","headline":"Reuni\u00f3n entre Principado y Adansi","author":{"@id":"https:\/\/eldigitaldeasturias.com\/radio\/author\/nbasturias\/#author"},"publisher":{"@id":"https:\/\/eldigitaldeasturias.com\/radio\/#organization"},"image":{"@type":"ImageObject","url":"https:\/\/eldigitaldeasturias.com\/radio\/wp-content\/uploads\/2020\/10\/Asturias-1536251020.jpg","width":1087,"height":682},"datePublished":"2020-10-25T14:37:24+01:00","dateModified":"2020-10-25T14:37:24+01:00","inLanguage":"es-ES","mainEntityOfPage":{"@id":"https:\/\/eldigitaldeasturias.com\/radio\/reunion-entre-principado-y-adansi\/#webpage"},"isPartOf":{"@id":"https:\/\/eldigitaldeasturias.com\/radio\/reunion-entre-principado-y-adansi\/#webpage"},"articleSection":"Noticias","dateline":"Publicado el octubre 25, 2020."},{"@type":"Organization","@id":"https:\/\/eldigitaldeasturias.com\/radio\/#organization","name":"El digital de Asturias Radio","description":"Diario de informaci\u00f3n y noticias","url":"https:\/\/eldigitaldeasturias.com\/radio\/","telephone":"+34652131393","logo":{"@type":"ImageObject","url":"https:\/\/www.eldigitaldeasturias.com\/radio\/wp-content\/uploads\/2021\/03\/EDA.jpg","@id":"https:\/\/eldigitaldeasturias.com\/radio\/reunion-entre-principado-y-adansi\/#organizationLogo"},"image":{"@id":"https:\/\/eldigitaldeasturias.com\/radio\/reunion-entre-principado-y-adansi\/#organizationLogo"},"sameAs":["https:\/\/www.facebook.com\/","https:\/\/x.com\/bercodi","https:\/\/www.instagram.com\/","https:\/\/www.youtube.com\/channel\/UCZP-2wLEB9Rv6erhFmqVnvg"]},{"@type":"Person","@id":"https:\/\/eldigitaldeasturias.com\/radio\/author\/nbasturias\/#author","url":"https:\/\/eldigitaldeasturias.com\/radio\/author\/nbasturias\/","name":"NBAsturias","image":{"@type":"ImageObject","@id":"https:\/\/eldigitaldeasturias.com\/radio\/reunion-entre-principado-y-adansi\/#authorImage","url":"https:\/\/secure.gravatar.com\/avatar\/df2aeffc32bcd13f8d26072ef8a91b623d677766deac7f97ca815868cd41bf5e?s=96&d=mm&r=g","width":96,"height":96,"caption":"NBAsturias"}},{"@type":"WebPage","@id":"https:\/\/eldigitaldeasturias.com\/radio\/reunion-entre-principado-y-adansi\/#webpage","url":"https:\/\/eldigitaldeasturias.com\/radio\/reunion-entre-principado-y-adansi\/","name":"Reuni\u00f3n entre Principado y Adansi | El Digital de Asturias","description":"La consejera de Educaci\u00f3n, Carmen Su\u00e1rez, y la directora general de Ordenaci\u00f3n, Evaluaci\u00f3n y Equidad Educativa, Paula Garc\u00eda, se han reunido recientemente con la presidenta de la Asociaci\u00f3n de Familiares y personas con Autismo (Adansi), Carmen de la Rosa, y con su directora, M\u00f3nica Fern\u00e1ndez Prada, dentro de la ronda de contactos iniciados para intensificar","inLanguage":"es-ES","isPartOf":{"@id":"https:\/\/eldigitaldeasturias.com\/radio\/#website"},"breadcrumb":{"@id":"https:\/\/eldigitaldeasturias.com\/radio\/reunion-entre-principado-y-adansi\/#breadcrumblist"},"author":{"@id":"https:\/\/eldigitaldeasturias.com\/radio\/author\/nbasturias\/#author"},"creator":{"@id":"https:\/\/eldigitaldeasturias.com\/radio\/author\/nbasturias\/#author"},"image":{"@type":"ImageObject","url":"https:\/\/eldigitaldeasturias.com\/radio\/wp-content\/uploads\/2020\/10\/Asturias-1536251020.jpg","@id":"https:\/\/eldigitaldeasturias.com\/radio\/reunion-entre-principado-y-adansi\/#mainImage","width":1087,"height":682},"primaryImageOfPage":{"@id":"https:\/\/eldigitaldeasturias.com\/radio\/reunion-entre-principado-y-adansi\/#mainImage"},"datePublished":"2020-10-25T14:37:24+01:00","dateModified":"2020-10-25T14:37:24+01:00"},{"@type":"WebSite","@id":"https:\/\/eldigitaldeasturias.com\/radio\/#website","url":"https:\/\/eldigitaldeasturias.com\/radio\/","name":"El Digital de Asturias","description":"Diario de informaci\u00f3n y noticias","inLanguage":"es-ES","publisher":{"@id":"https:\/\/eldigitaldeasturias.com\/radio\/#organization"}}]},"og:locale":"es_ES","og:site_name":"El Digital de Asturias | Diario de informaci\u00f3n y noticias","og:type":"article","og:title":"Reuni\u00f3n entre Principado y Adansi | El Digital de Asturias","og:description":"La consejera de Educaci\u00f3n, Carmen Su\u00e1rez, y la directora general de Ordenaci\u00f3n, Evaluaci\u00f3n y Equidad Educativa, Paula Garc\u00eda, se han reunido recientemente con la presidenta de la Asociaci\u00f3n de Familiares y personas con Autismo (Adansi), Carmen de la Rosa, y con su directora, M\u00f3nica Fern\u00e1ndez Prada, dentro de la ronda de contactos iniciados para intensificar","og:url":"https:\/\/eldigitaldeasturias.com\/radio\/reunion-entre-principado-y-adansi\/","og:image":"https:\/\/eldigitaldeasturias.com\/radio\/wp-content\/uploads\/2020\/10\/Asturias-1536251020.jpg","og:image:secure_url":"https:\/\/eldigitaldeasturias.com\/radio\/wp-content\/uploads\/2020\/10\/Asturias-1536251020.jpg","og:image:width":1087,"og:image:height":682,"article:published_time":"2020-10-25T14:37:24+00:00","article:modified_time":"2020-10-25T14:37:24+00:00","twitter:card":"summary_large_image","twitter:site":"@bercodi","twitter:title":"Reuni\u00f3n entre Principado y Adansi | El Digital de Asturias","twitter:description":"La consejera de Educaci\u00f3n, Carmen Su\u00e1rez, y la directora general de Ordenaci\u00f3n, Evaluaci\u00f3n y Equidad Educativa, Paula Garc\u00eda, se han reunido recientemente con la presidenta de la Asociaci\u00f3n de Familiares y personas con Autismo (Adansi), Carmen de la Rosa, y con su directora, M\u00f3nica Fern\u00e1ndez Prada, dentro de la ronda de contactos iniciados para intensificar","twitter:creator":"@bercodi","twitter:image":"https:\/\/eldigitaldeasturias.com\/radio\/wp-content\/uploads\/2020\/10\/Asturias-1536251020.jpg"},"aioseo_meta_data":{"post_id":"5224","title":null,"description":"","keywords":"","keyphrases":null,"primary_term":null,"canonical_url":"","og_title":null,"og_description":null,"og_object_type":"default","og_image_type":"default","og_image_url":null,"og_image_width":null,"og_image_height":null,"og_image_custom_url":null,"og_image_custom_fields":null,"og_video":null,"og_custom_url":null,"og_article_section":null,"og_article_tags":null,"twitter_use_og":false,"twitter_card":"default","twitter_image_type":"default","twitter_image_url":null,"twitter_image_custom_url":null,"twitter_image_custom_fields":null,"twitter_title":null,"twitter_description":null,"schema":{"blockGraphs":[],"customGraphs":[],"default":{"data":{"Article":[],"Course":[],"Dataset":[],"FAQPage":[],"Movie":[],"Person":[],"Product":[],"ProductReview":[],"Car":[],"Recipe":[],"Service":[],"SoftwareApplication":[],"WebPage":[]},"graphName":"","isEnabled":true},"graphs":[],"defaultGraph":"","defaultPostTypeGraph":""},"schema_type":null,"schema_type_options":null,"pillar_content":false,"robots_default":true,"robots_noindex":false,"robots_noarchive":false,"robots_nosnippet":false,"robots_nofollow":false,"robots_noimageindex":false,"robots_noodp":false,"robots_notranslate":false,"robots_max_snippet":null,"robots_max_videopreview":null,"robots_max_imagepreview":"large","priority":null,"frequency":null,"location":null,"local_seo":null,"seo_analyzer_scan_date":"2025-08-28 17:34:46","breadcrumb_settings":null,"limit_modified_date":false,"open_ai":null,"ai":null,"created":"2021-03-25 11:32:22","updated":"2025-08-28 17:34:46"},"aioseo_breadcrumb":"<div class=\"aioseo-breadcrumbs\"><span class=\"aioseo-breadcrumb\">\n\t<a href=\"https:\/\/eldigitaldeasturias.com\/radio\" title=\"Inicio\">Inicio<\/a>\n<\/span><span class=\"aioseo-breadcrumb-separator\">&ndash;<\/span><span class=\"aioseo-breadcrumb\">\n\t<a href=\"https:\/\/eldigitaldeasturias.com\/radio\/category\/noticias\/\" title=\"Noticias\">Noticias<\/a>\n<\/span><span class=\"aioseo-breadcrumb-separator\">&ndash;<\/span><span class=\"aioseo-breadcrumb\">\n\tReuni\u00f3n entre Principado y Adansi\n<\/span><\/div>","aioseo_breadcrumb_json":[{"label":"Inicio","link":"https:\/\/eldigitaldeasturias.com\/radio"},{"label":"Noticias","link":"https:\/\/eldigitaldeasturias.com\/radio\/category\/noticias\/"},{"label":"Reuni\u00f3n entre Principado y Adansi","link":"https:\/\/eldigitaldeasturias.com\/radio\/reunion-entre-principado-y-adansi\/"}],"_links":{"self":[{"href":"https:\/\/eldigitaldeasturias.com\/radio\/wp-json\/wp\/v2\/posts\/5224","targetHints":{"allow":["GET"]}}],"collection":[{"href":"https:\/\/eldigitaldeasturias.com\/radio\/wp-json\/wp\/v2\/posts"}],"about":[{"href":"https:\/\/eldigitaldeasturias.com\/radio\/wp-json\/wp\/v2\/types\/post"}],"author":[{"embeddable":true,"href":"https:\/\/eldigitaldeasturias.com\/radio\/wp-json\/wp\/v2\/users\/1"}],"replies":[{"embeddable":true,"href":"https:\/\/eldigitaldeasturias.com\/radio\/wp-json\/wp\/v2\/comments?post=5224"}],"version-history":[{"count":0,"href":"https:\/\/eldigitaldeasturias.com\/radio\/wp-json\/wp\/v2\/posts\/5224\/revisions"}],"wp:featuredmedia":[{"embeddable":true,"href":"https:\/\/eldigitaldeasturias.com\/radio\/wp-json\/wp\/v2\/media\/5225"}],"wp:attachment":[{"href":"https:\/\/eldigitaldeasturias.com\/radio\/wp-json\/wp\/v2\/media?parent=5224"}],"wp:term":[{"taxonomy":"category","embeddable":true,"href":"https:\/\/eldigitaldeasturias.com\/radio\/wp-json\/wp\/v2\/categories?post=5224"},{"taxonomy":"post_tag","embeddable":true,"href":"https:\/\/eldigitaldeasturias.com\/radio\/wp-json\/wp\/v2\/tags?post=5224"}],"curies":[{"name":"wp","href":"https:\/\/api.w.org\/{rel}","templated":true}]}}