{"id":5216,"date":"2020-10-19T12:53:31","date_gmt":"2020-10-19T12:53:31","guid":{"rendered":"http:\/\/www.eldigitaldeasturias.com\/radio\/?p=5216"},"modified":"2020-10-26T23:26:12","modified_gmt":"2020-10-26T23:26:12","slug":"condena-por-estafa-y-falsedad-en-documento-para-carlos-vicente-el-impulsor-de-lasser-eolica","status":"publish","type":"post","link":"https:\/\/eldigitaldeasturias.com\/radio\/condena-por-estafa-y-falsedad-en-documento-para-carlos-vicente-el-impulsor-de-lasser-eolica\/","title":{"rendered":"Condena por estafa y falsedad en documento para Carlos Vicente, el impulsor de Lasser E\u00f3lica"},"content":{"rendered":"<p><i><span style=\"font-weight: 400;\"><img decoding=\"async\" class=\"alignleft size-medium wp-image-5217\" src=\"http:\/\/www.eldigitaldeasturias.com\/radio\/wp-content\/uploads\/2020\/10\/lasser-360x134.jpg\" alt=\"\" width=\"360\" height=\"134\" srcset=\"https:\/\/eldigitaldeasturias.com\/radio\/wp-content\/uploads\/2020\/10\/lasser-360x134.jpg 360w, https:\/\/eldigitaldeasturias.com\/radio\/wp-content\/uploads\/2020\/10\/lasser.jpg 536w\" sizes=\"(max-width: 360px) 100vw, 360px\" \/>Nuevo golpe para <a href=\"https:\/\/www.alertadigital.com\/2020\/10\/19\/condena-por-estafa-y-falsedad-en-documento-para-carlos-vicente-el-impulsor-de-lasser-eolica\/\" target=\"_blank\" rel=\"noopener noreferrer\"><span style=\"color: #ff6600;\"><strong>Lasser Eolica<\/strong><\/span><\/a>. El Juzgado de lo Penal n\u00ba 7 de Zaragoza ya ha dictado sentencia por el juicio contra Carlos Vicente Claver\u00eda, en la que condena a 8 meses de prisi\u00f3n y pago de multa y costas, por los delitos de estafa y falsedad en documento mercantil.\u00a0<\/span><\/i><\/p>\n<p><i><span style=\"font-weight: 400;\">La condena, que es firme, ha sido inferior a la solicitada por las acusaciones, ya que el condenado reconoci\u00f3 la comisi\u00f3n de los hechos que le imputaban tanto el Ministerio Fiscal, como la acusaci\u00f3n particular, y procedi\u00f3 con car\u00e1cter previo al juicio a reparar la responsabilidad civil que se le exig\u00eda.<\/span><\/i><\/p>\n<p><i><span style=\"font-weight: 400;\">Los hechos enjuiciados se produjeron en la empresa de instalaciones de torres que administraba el Sr. Vicente Claver\u00eda la cual pas\u00f3 por dificultades, que concluyeron con la solicitud de un concurso de acreedores dejando a muchos proveedores sin cobrar, incluyendo empleados y administraciones p\u00fablicas.<\/span><\/i><\/p>\n<p><i><span style=\"font-weight: 400;\">Lasser E\u00f3lica es una divisi\u00f3n del Grupo Lasser presentada en el mercado en 2017, con el ahora condenado, Carlos Vicente, como director de proyectos.\u00a0<\/span><\/i><\/p>\n<p><i><span style=\"font-weight: 400;\">A pesar de no tener experiencia previa en instalaciones e\u00f3licas, y de que el director de proyectos ven\u00eda de una quiebra en el sector, la divisi\u00f3n creci\u00f3 r\u00e1pidamente apoyada por acuerdos con empresas de renombre como DNV-GL o NRG Systems.\u00a0<\/span><\/i><\/p>\n<p><i><span style=\"font-weight: 400;\">El crecimiento se fundament\u00f3 en una pol\u00edtica de precios agresivos que las empresas tradicionales del sector no pod\u00edan sostener.<\/span><\/i><\/p>\n<p>&nbsp;<\/p>\n","protected":false},"excerpt":{"rendered":"<p>Nuevo golpe para Lasser Eolica. El Juzgado de lo Penal n\u00ba 7 de Zaragoza ya ha dictado sentencia por el juicio contra Carlos Vicente Claver\u00eda, en la que condena a 8 meses de prisi\u00f3n y pago de multa y costas, por los delitos de estafa y falsedad en documento mercantil.\u00a0 La condena, que es firme,<\/p>\n","protected":false},"author":1,"featured_media":5217,"comment_status":"closed","ping_status":"closed","sticky":false,"template":"","format":"standard","meta":{"footnotes":""},"categories":[1],"tags":[],"class_list":{"0":"post-5216","1":"post","2":"type-post","3":"status-publish","4":"format-standard","5":"has-post-thumbnail","7":"category-noticias"},"aioseo_notices":[],"aioseo_head":"\n\t\t<!-- All in One SEO Pro 4.9.6.2 - aioseo.com -->\n\t<meta name=\"description\" content=\"Nuevo golpe para Lasser Eolica. El Juzgado de lo Penal n\u00ba 7 de Zaragoza ya ha dictado sentencia por el juicio contra Carlos Vicente Claver\u00eda, en la que condena a 8 meses de prisi\u00f3n y pago de multa y costas, por los delitos de estafa y falsedad en documento mercantil. La condena, que es firme,\" \/>\n\t<meta name=\"robots\" content=\"max-image-preview:large\" \/>\n\t<meta name=\"author\" content=\"NBAsturias\"\/>\n\t<meta name=\"google-site-verification\" content=\"UA-38556648-1\" \/>\n\t<meta name=\"keywords\" content=\"noticias\" \/>\n\t<link rel=\"canonical\" href=\"https:\/\/eldigitaldeasturias.com\/radio\/condena-por-estafa-y-falsedad-en-documento-para-carlos-vicente-el-impulsor-de-lasser-eolica\/\" \/>\n\t<meta name=\"generator\" content=\"All in One SEO Pro (AIOSEO) 4.9.6.2\" \/>\n\t\t<meta property=\"og:locale\" content=\"es_ES\" \/>\n\t\t<meta property=\"og:site_name\" content=\"El Digital de Asturias | Diario de informaci\u00f3n y noticias\" \/>\n\t\t<meta property=\"og:type\" content=\"article\" \/>\n\t\t<meta property=\"og:title\" content=\"Condena por estafa y falsedad en documento para Carlos Vicente, el impulsor de Lasser E\u00f3lica | El Digital de Asturias\" \/>\n\t\t<meta property=\"og:description\" content=\"Nuevo golpe para Lasser Eolica. El Juzgado de lo Penal n\u00ba 7 de Zaragoza ya ha dictado sentencia por el juicio contra Carlos Vicente Claver\u00eda, en la que condena a 8 meses de prisi\u00f3n y pago de multa y costas, por los delitos de estafa y falsedad en documento mercantil. La condena, que es firme,\" \/>\n\t\t<meta property=\"og:url\" content=\"https:\/\/eldigitaldeasturias.com\/radio\/condena-por-estafa-y-falsedad-en-documento-para-carlos-vicente-el-impulsor-de-lasser-eolica\/\" \/>\n\t\t<meta property=\"og:image\" content=\"https:\/\/eldigitaldeasturias.com\/radio\/wp-content\/uploads\/2020\/10\/lasser.jpg\" \/>\n\t\t<meta property=\"og:image:secure_url\" content=\"https:\/\/eldigitaldeasturias.com\/radio\/wp-content\/uploads\/2020\/10\/lasser.jpg\" \/>\n\t\t<meta property=\"og:image:width\" content=\"536\" \/>\n\t\t<meta property=\"og:image:height\" content=\"200\" \/>\n\t\t<meta property=\"article:published_time\" content=\"2020-10-19T12:53:31+00:00\" \/>\n\t\t<meta property=\"article:modified_time\" content=\"2020-10-26T23:26:12+00:00\" \/>\n\t\t<meta name=\"twitter:card\" content=\"summary_large_image\" \/>\n\t\t<meta name=\"twitter:site\" content=\"@bercodi\" \/>\n\t\t<meta name=\"twitter:title\" content=\"Condena por estafa y falsedad en documento para Carlos Vicente, el impulsor de Lasser E\u00f3lica | El Digital de Asturias\" \/>\n\t\t<meta name=\"twitter:description\" content=\"Nuevo golpe para Lasser Eolica. El Juzgado de lo Penal n\u00ba 7 de Zaragoza ya ha dictado sentencia por el juicio contra Carlos Vicente Claver\u00eda, en la que condena a 8 meses de prisi\u00f3n y pago de multa y costas, por los delitos de estafa y falsedad en documento mercantil. La condena, que es firme,\" \/>\n\t\t<meta name=\"twitter:creator\" content=\"@bercodi\" \/>\n\t\t<meta name=\"twitter:image\" content=\"https:\/\/eldigitaldeasturias.com\/radio\/wp-content\/uploads\/2020\/10\/lasser.jpg\" \/>\n\t\t<script type=\"application\/ld+json\" class=\"aioseo-schema\">\n\t\t\t{\"@context\":\"https:\\\/\\\/schema.org\",\"@graph\":[{\"@type\":\"BreadcrumbList\",\"@id\":\"https:\\\/\\\/eldigitaldeasturias.com\\\/radio\\\/condena-por-estafa-y-falsedad-en-documento-para-carlos-vicente-el-impulsor-de-lasser-eolica\\\/#breadcrumblist\",\"itemListElement\":[{\"@type\":\"ListItem\",\"@id\":\"https:\\\/\\\/eldigitaldeasturias.com\\\/radio#listItem\",\"position\":1,\"name\":\"Inicio\",\"item\":\"https:\\\/\\\/eldigitaldeasturias.com\\\/radio\",\"nextItem\":{\"@type\":\"ListItem\",\"@id\":\"https:\\\/\\\/eldigitaldeasturias.com\\\/radio\\\/category\\\/noticias\\\/#listItem\",\"name\":\"Noticias\"}},{\"@type\":\"ListItem\",\"@id\":\"https:\\\/\\\/eldigitaldeasturias.com\\\/radio\\\/category\\\/noticias\\\/#listItem\",\"position\":2,\"name\":\"Noticias\",\"item\":\"https:\\\/\\\/eldigitaldeasturias.com\\\/radio\\\/category\\\/noticias\\\/\",\"nextItem\":{\"@type\":\"ListItem\",\"@id\":\"https:\\\/\\\/eldigitaldeasturias.com\\\/radio\\\/condena-por-estafa-y-falsedad-en-documento-para-carlos-vicente-el-impulsor-de-lasser-eolica\\\/#listItem\",\"name\":\"Condena por estafa y falsedad en documento para Carlos Vicente, el impulsor de Lasser E\\u00f3lica\"},\"previousItem\":{\"@type\":\"ListItem\",\"@id\":\"https:\\\/\\\/eldigitaldeasturias.com\\\/radio#listItem\",\"name\":\"Inicio\"}},{\"@type\":\"ListItem\",\"@id\":\"https:\\\/\\\/eldigitaldeasturias.com\\\/radio\\\/condena-por-estafa-y-falsedad-en-documento-para-carlos-vicente-el-impulsor-de-lasser-eolica\\\/#listItem\",\"position\":3,\"name\":\"Condena por estafa y falsedad en documento para Carlos Vicente, el impulsor de Lasser E\\u00f3lica\",\"previousItem\":{\"@type\":\"ListItem\",\"@id\":\"https:\\\/\\\/eldigitaldeasturias.com\\\/radio\\\/category\\\/noticias\\\/#listItem\",\"name\":\"Noticias\"}}]},{\"@type\":\"NewsArticle\",\"@id\":\"https:\\\/\\\/eldigitaldeasturias.com\\\/radio\\\/condena-por-estafa-y-falsedad-en-documento-para-carlos-vicente-el-impulsor-de-lasser-eolica\\\/#newsarticle\",\"name\":\"Condena por estafa y falsedad en documento para Carlos Vicente, el impulsor de Lasser E\\u00f3lica | El Digital de Asturias\",\"headline\":\"Condena por estafa y falsedad en documento para Carlos Vicente, el impulsor de Lasser E\\u00f3lica\",\"author\":{\"@id\":\"https:\\\/\\\/eldigitaldeasturias.com\\\/radio\\\/author\\\/nbasturias\\\/#author\"},\"publisher\":{\"@id\":\"https:\\\/\\\/eldigitaldeasturias.com\\\/radio\\\/#organization\"},\"image\":{\"@type\":\"ImageObject\",\"url\":\"https:\\\/\\\/eldigitaldeasturias.com\\\/radio\\\/wp-content\\\/uploads\\\/2020\\\/10\\\/lasser.jpg\",\"width\":536,\"height\":200},\"datePublished\":\"2020-10-19T12:53:31+02:00\",\"dateModified\":\"2020-10-26T23:26:12+01:00\",\"inLanguage\":\"es-ES\",\"mainEntityOfPage\":{\"@id\":\"https:\\\/\\\/eldigitaldeasturias.com\\\/radio\\\/condena-por-estafa-y-falsedad-en-documento-para-carlos-vicente-el-impulsor-de-lasser-eolica\\\/#webpage\"},\"isPartOf\":{\"@id\":\"https:\\\/\\\/eldigitaldeasturias.com\\\/radio\\\/condena-por-estafa-y-falsedad-en-documento-para-carlos-vicente-el-impulsor-de-lasser-eolica\\\/#webpage\"},\"articleSection\":\"Noticias\",\"dateline\":\"Publicado el octubre 19, 2020.\"},{\"@type\":\"Organization\",\"@id\":\"https:\\\/\\\/eldigitaldeasturias.com\\\/radio\\\/#organization\",\"name\":\"El digital de Asturias Radio\",\"description\":\"Diario de informaci\\u00f3n y noticias\",\"url\":\"https:\\\/\\\/eldigitaldeasturias.com\\\/radio\\\/\",\"telephone\":\"+34652131393\",\"logo\":{\"@type\":\"ImageObject\",\"url\":\"https:\\\/\\\/www.eldigitaldeasturias.com\\\/radio\\\/wp-content\\\/uploads\\\/2021\\\/03\\\/EDA.jpg\",\"@id\":\"https:\\\/\\\/eldigitaldeasturias.com\\\/radio\\\/condena-por-estafa-y-falsedad-en-documento-para-carlos-vicente-el-impulsor-de-lasser-eolica\\\/#organizationLogo\"},\"image\":{\"@id\":\"https:\\\/\\\/eldigitaldeasturias.com\\\/radio\\\/condena-por-estafa-y-falsedad-en-documento-para-carlos-vicente-el-impulsor-de-lasser-eolica\\\/#organizationLogo\"},\"sameAs\":[\"https:\\\/\\\/www.facebook.com\\\/\",\"https:\\\/\\\/x.com\\\/bercodi\",\"https:\\\/\\\/www.instagram.com\\\/\",\"https:\\\/\\\/www.youtube.com\\\/channel\\\/UCZP-2wLEB9Rv6erhFmqVnvg\"]},{\"@type\":\"Person\",\"@id\":\"https:\\\/\\\/eldigitaldeasturias.com\\\/radio\\\/author\\\/nbasturias\\\/#author\",\"url\":\"https:\\\/\\\/eldigitaldeasturias.com\\\/radio\\\/author\\\/nbasturias\\\/\",\"name\":\"NBAsturias\",\"image\":{\"@type\":\"ImageObject\",\"@id\":\"https:\\\/\\\/eldigitaldeasturias.com\\\/radio\\\/condena-por-estafa-y-falsedad-en-documento-para-carlos-vicente-el-impulsor-de-lasser-eolica\\\/#authorImage\",\"url\":\"https:\\\/\\\/secure.gravatar.com\\\/avatar\\\/df2aeffc32bcd13f8d26072ef8a91b623d677766deac7f97ca815868cd41bf5e?s=96&d=mm&r=g\",\"width\":96,\"height\":96,\"caption\":\"NBAsturias\"}},{\"@type\":\"WebPage\",\"@id\":\"https:\\\/\\\/eldigitaldeasturias.com\\\/radio\\\/condena-por-estafa-y-falsedad-en-documento-para-carlos-vicente-el-impulsor-de-lasser-eolica\\\/#webpage\",\"url\":\"https:\\\/\\\/eldigitaldeasturias.com\\\/radio\\\/condena-por-estafa-y-falsedad-en-documento-para-carlos-vicente-el-impulsor-de-lasser-eolica\\\/\",\"name\":\"Condena por estafa y falsedad en documento para Carlos Vicente, el impulsor de Lasser E\\u00f3lica | El Digital de Asturias\",\"description\":\"Nuevo golpe para Lasser Eolica. El Juzgado de lo Penal n\\u00ba 7 de Zaragoza ya ha dictado sentencia por el juicio contra Carlos Vicente Claver\\u00eda, en la que condena a 8 meses de prisi\\u00f3n y pago de multa y costas, por los delitos de estafa y falsedad en documento mercantil. La condena, que es firme,\",\"inLanguage\":\"es-ES\",\"isPartOf\":{\"@id\":\"https:\\\/\\\/eldigitaldeasturias.com\\\/radio\\\/#website\"},\"breadcrumb\":{\"@id\":\"https:\\\/\\\/eldigitaldeasturias.com\\\/radio\\\/condena-por-estafa-y-falsedad-en-documento-para-carlos-vicente-el-impulsor-de-lasser-eolica\\\/#breadcrumblist\"},\"author\":{\"@id\":\"https:\\\/\\\/eldigitaldeasturias.com\\\/radio\\\/author\\\/nbasturias\\\/#author\"},\"creator\":{\"@id\":\"https:\\\/\\\/eldigitaldeasturias.com\\\/radio\\\/author\\\/nbasturias\\\/#author\"},\"image\":{\"@type\":\"ImageObject\",\"url\":\"https:\\\/\\\/eldigitaldeasturias.com\\\/radio\\\/wp-content\\\/uploads\\\/2020\\\/10\\\/lasser.jpg\",\"@id\":\"https:\\\/\\\/eldigitaldeasturias.com\\\/radio\\\/condena-por-estafa-y-falsedad-en-documento-para-carlos-vicente-el-impulsor-de-lasser-eolica\\\/#mainImage\",\"width\":536,\"height\":200},\"primaryImageOfPage\":{\"@id\":\"https:\\\/\\\/eldigitaldeasturias.com\\\/radio\\\/condena-por-estafa-y-falsedad-en-documento-para-carlos-vicente-el-impulsor-de-lasser-eolica\\\/#mainImage\"},\"datePublished\":\"2020-10-19T12:53:31+02:00\",\"dateModified\":\"2020-10-26T23:26:12+01:00\"},{\"@type\":\"WebSite\",\"@id\":\"https:\\\/\\\/eldigitaldeasturias.com\\\/radio\\\/#website\",\"url\":\"https:\\\/\\\/eldigitaldeasturias.com\\\/radio\\\/\",\"name\":\"El Digital de Asturias\",\"description\":\"Diario de informaci\\u00f3n y noticias\",\"inLanguage\":\"es-ES\",\"publisher\":{\"@id\":\"https:\\\/\\\/eldigitaldeasturias.com\\\/radio\\\/#organization\"}}]}\n\t\t<\/script>\n\t\t<!-- All in One SEO Pro -->\r\n\t\t<title>Condena por estafa y falsedad en documento para Carlos Vicente, el impulsor de Lasser E\u00f3lica | El Digital de Asturias<\/title>\n\n","aioseo_head_json":{"title":"Condena por estafa y falsedad en documento para Carlos Vicente, el impulsor de Lasser E\u00f3lica | El Digital de Asturias","description":"Nuevo golpe para Lasser Eolica. El Juzgado de lo Penal n\u00ba 7 de Zaragoza ya ha dictado sentencia por el juicio contra Carlos Vicente Claver\u00eda, en la que condena a 8 meses de prisi\u00f3n y pago de multa y costas, por los delitos de estafa y falsedad en documento mercantil. La condena, que es firme,","canonical_url":"https:\/\/eldigitaldeasturias.com\/radio\/condena-por-estafa-y-falsedad-en-documento-para-carlos-vicente-el-impulsor-de-lasser-eolica\/","robots":"max-image-preview:large","keywords":"noticias","webmasterTools":{"google-site-verification":"UA-38556648-1","miscellaneous":""},"schema":{"@context":"https:\/\/schema.org","@graph":[{"@type":"BreadcrumbList","@id":"https:\/\/eldigitaldeasturias.com\/radio\/condena-por-estafa-y-falsedad-en-documento-para-carlos-vicente-el-impulsor-de-lasser-eolica\/#breadcrumblist","itemListElement":[{"@type":"ListItem","@id":"https:\/\/eldigitaldeasturias.com\/radio#listItem","position":1,"name":"Inicio","item":"https:\/\/eldigitaldeasturias.com\/radio","nextItem":{"@type":"ListItem","@id":"https:\/\/eldigitaldeasturias.com\/radio\/category\/noticias\/#listItem","name":"Noticias"}},{"@type":"ListItem","@id":"https:\/\/eldigitaldeasturias.com\/radio\/category\/noticias\/#listItem","position":2,"name":"Noticias","item":"https:\/\/eldigitaldeasturias.com\/radio\/category\/noticias\/","nextItem":{"@type":"ListItem","@id":"https:\/\/eldigitaldeasturias.com\/radio\/condena-por-estafa-y-falsedad-en-documento-para-carlos-vicente-el-impulsor-de-lasser-eolica\/#listItem","name":"Condena por estafa y falsedad en documento para Carlos Vicente, el impulsor de Lasser E\u00f3lica"},"previousItem":{"@type":"ListItem","@id":"https:\/\/eldigitaldeasturias.com\/radio#listItem","name":"Inicio"}},{"@type":"ListItem","@id":"https:\/\/eldigitaldeasturias.com\/radio\/condena-por-estafa-y-falsedad-en-documento-para-carlos-vicente-el-impulsor-de-lasser-eolica\/#listItem","position":3,"name":"Condena por estafa y falsedad en documento para Carlos Vicente, el impulsor de Lasser E\u00f3lica","previousItem":{"@type":"ListItem","@id":"https:\/\/eldigitaldeasturias.com\/radio\/category\/noticias\/#listItem","name":"Noticias"}}]},{"@type":"NewsArticle","@id":"https:\/\/eldigitaldeasturias.com\/radio\/condena-por-estafa-y-falsedad-en-documento-para-carlos-vicente-el-impulsor-de-lasser-eolica\/#newsarticle","name":"Condena por estafa y falsedad en documento para Carlos Vicente, el impulsor de Lasser E\u00f3lica | El Digital de Asturias","headline":"Condena por estafa y falsedad en documento para Carlos Vicente, el impulsor de Lasser E\u00f3lica","author":{"@id":"https:\/\/eldigitaldeasturias.com\/radio\/author\/nbasturias\/#author"},"publisher":{"@id":"https:\/\/eldigitaldeasturias.com\/radio\/#organization"},"image":{"@type":"ImageObject","url":"https:\/\/eldigitaldeasturias.com\/radio\/wp-content\/uploads\/2020\/10\/lasser.jpg","width":536,"height":200},"datePublished":"2020-10-19T12:53:31+02:00","dateModified":"2020-10-26T23:26:12+01:00","inLanguage":"es-ES","mainEntityOfPage":{"@id":"https:\/\/eldigitaldeasturias.com\/radio\/condena-por-estafa-y-falsedad-en-documento-para-carlos-vicente-el-impulsor-de-lasser-eolica\/#webpage"},"isPartOf":{"@id":"https:\/\/eldigitaldeasturias.com\/radio\/condena-por-estafa-y-falsedad-en-documento-para-carlos-vicente-el-impulsor-de-lasser-eolica\/#webpage"},"articleSection":"Noticias","dateline":"Publicado el octubre 19, 2020."},{"@type":"Organization","@id":"https:\/\/eldigitaldeasturias.com\/radio\/#organization","name":"El digital de Asturias Radio","description":"Diario de informaci\u00f3n y noticias","url":"https:\/\/eldigitaldeasturias.com\/radio\/","telephone":"+34652131393","logo":{"@type":"ImageObject","url":"https:\/\/www.eldigitaldeasturias.com\/radio\/wp-content\/uploads\/2021\/03\/EDA.jpg","@id":"https:\/\/eldigitaldeasturias.com\/radio\/condena-por-estafa-y-falsedad-en-documento-para-carlos-vicente-el-impulsor-de-lasser-eolica\/#organizationLogo"},"image":{"@id":"https:\/\/eldigitaldeasturias.com\/radio\/condena-por-estafa-y-falsedad-en-documento-para-carlos-vicente-el-impulsor-de-lasser-eolica\/#organizationLogo"},"sameAs":["https:\/\/www.facebook.com\/","https:\/\/x.com\/bercodi","https:\/\/www.instagram.com\/","https:\/\/www.youtube.com\/channel\/UCZP-2wLEB9Rv6erhFmqVnvg"]},{"@type":"Person","@id":"https:\/\/eldigitaldeasturias.com\/radio\/author\/nbasturias\/#author","url":"https:\/\/eldigitaldeasturias.com\/radio\/author\/nbasturias\/","name":"NBAsturias","image":{"@type":"ImageObject","@id":"https:\/\/eldigitaldeasturias.com\/radio\/condena-por-estafa-y-falsedad-en-documento-para-carlos-vicente-el-impulsor-de-lasser-eolica\/#authorImage","url":"https:\/\/secure.gravatar.com\/avatar\/df2aeffc32bcd13f8d26072ef8a91b623d677766deac7f97ca815868cd41bf5e?s=96&d=mm&r=g","width":96,"height":96,"caption":"NBAsturias"}},{"@type":"WebPage","@id":"https:\/\/eldigitaldeasturias.com\/radio\/condena-por-estafa-y-falsedad-en-documento-para-carlos-vicente-el-impulsor-de-lasser-eolica\/#webpage","url":"https:\/\/eldigitaldeasturias.com\/radio\/condena-por-estafa-y-falsedad-en-documento-para-carlos-vicente-el-impulsor-de-lasser-eolica\/","name":"Condena por estafa y falsedad en documento para Carlos Vicente, el impulsor de Lasser E\u00f3lica | El Digital de Asturias","description":"Nuevo golpe para Lasser Eolica. El Juzgado de lo Penal n\u00ba 7 de Zaragoza ya ha dictado sentencia por el juicio contra Carlos Vicente Claver\u00eda, en la que condena a 8 meses de prisi\u00f3n y pago de multa y costas, por los delitos de estafa y falsedad en documento mercantil. La condena, que es firme,","inLanguage":"es-ES","isPartOf":{"@id":"https:\/\/eldigitaldeasturias.com\/radio\/#website"},"breadcrumb":{"@id":"https:\/\/eldigitaldeasturias.com\/radio\/condena-por-estafa-y-falsedad-en-documento-para-carlos-vicente-el-impulsor-de-lasser-eolica\/#breadcrumblist"},"author":{"@id":"https:\/\/eldigitaldeasturias.com\/radio\/author\/nbasturias\/#author"},"creator":{"@id":"https:\/\/eldigitaldeasturias.com\/radio\/author\/nbasturias\/#author"},"image":{"@type":"ImageObject","url":"https:\/\/eldigitaldeasturias.com\/radio\/wp-content\/uploads\/2020\/10\/lasser.jpg","@id":"https:\/\/eldigitaldeasturias.com\/radio\/condena-por-estafa-y-falsedad-en-documento-para-carlos-vicente-el-impulsor-de-lasser-eolica\/#mainImage","width":536,"height":200},"primaryImageOfPage":{"@id":"https:\/\/eldigitaldeasturias.com\/radio\/condena-por-estafa-y-falsedad-en-documento-para-carlos-vicente-el-impulsor-de-lasser-eolica\/#mainImage"},"datePublished":"2020-10-19T12:53:31+02:00","dateModified":"2020-10-26T23:26:12+01:00"},{"@type":"WebSite","@id":"https:\/\/eldigitaldeasturias.com\/radio\/#website","url":"https:\/\/eldigitaldeasturias.com\/radio\/","name":"El Digital de Asturias","description":"Diario de informaci\u00f3n y noticias","inLanguage":"es-ES","publisher":{"@id":"https:\/\/eldigitaldeasturias.com\/radio\/#organization"}}]},"og:locale":"es_ES","og:site_name":"El Digital de Asturias | Diario de informaci\u00f3n y noticias","og:type":"article","og:title":"Condena por estafa y falsedad en documento para Carlos Vicente, el impulsor de Lasser E\u00f3lica | El Digital de Asturias","og:description":"Nuevo golpe para Lasser Eolica. El Juzgado de lo Penal n\u00ba 7 de Zaragoza ya ha dictado sentencia por el juicio contra Carlos Vicente Claver\u00eda, en la que condena a 8 meses de prisi\u00f3n y pago de multa y costas, por los delitos de estafa y falsedad en documento mercantil. La condena, que es firme,","og:url":"https:\/\/eldigitaldeasturias.com\/radio\/condena-por-estafa-y-falsedad-en-documento-para-carlos-vicente-el-impulsor-de-lasser-eolica\/","og:image":"https:\/\/eldigitaldeasturias.com\/radio\/wp-content\/uploads\/2020\/10\/lasser.jpg","og:image:secure_url":"https:\/\/eldigitaldeasturias.com\/radio\/wp-content\/uploads\/2020\/10\/lasser.jpg","og:image:width":536,"og:image:height":200,"article:published_time":"2020-10-19T12:53:31+00:00","article:modified_time":"2020-10-26T23:26:12+00:00","twitter:card":"summary_large_image","twitter:site":"@bercodi","twitter:title":"Condena por estafa y falsedad en documento para Carlos Vicente, el impulsor de Lasser E\u00f3lica | El Digital de Asturias","twitter:description":"Nuevo golpe para Lasser Eolica. El Juzgado de lo Penal n\u00ba 7 de Zaragoza ya ha dictado sentencia por el juicio contra Carlos Vicente Claver\u00eda, en la que condena a 8 meses de prisi\u00f3n y pago de multa y costas, por los delitos de estafa y falsedad en documento mercantil. La condena, que es firme,","twitter:creator":"@bercodi","twitter:image":"https:\/\/eldigitaldeasturias.com\/radio\/wp-content\/uploads\/2020\/10\/lasser.jpg"},"aioseo_meta_data":{"post_id":"5216","title":null,"description":"","keywords":"","keyphrases":null,"primary_term":null,"canonical_url":"","og_title":null,"og_description":null,"og_object_type":"default","og_image_type":"default","og_image_url":null,"og_image_width":null,"og_image_height":null,"og_image_custom_url":null,"og_image_custom_fields":null,"og_video":null,"og_custom_url":null,"og_article_section":null,"og_article_tags":null,"twitter_use_og":false,"twitter_card":"default","twitter_image_type":"default","twitter_image_url":null,"twitter_image_custom_url":null,"twitter_image_custom_fields":null,"twitter_title":null,"twitter_description":null,"schema":{"blockGraphs":[],"customGraphs":[],"default":{"data":{"Article":[],"Course":[],"Dataset":[],"FAQPage":[],"Movie":[],"Person":[],"Product":[],"ProductReview":[],"Car":[],"Recipe":[],"Service":[],"SoftwareApplication":[],"WebPage":[]},"graphName":"","isEnabled":true},"graphs":[],"defaultGraph":"","defaultPostTypeGraph":""},"schema_type":null,"schema_type_options":null,"pillar_content":false,"robots_default":true,"robots_noindex":false,"robots_noarchive":false,"robots_nosnippet":false,"robots_nofollow":false,"robots_noimageindex":false,"robots_noodp":false,"robots_notranslate":false,"robots_max_snippet":null,"robots_max_videopreview":null,"robots_max_imagepreview":"large","priority":null,"frequency":null,"location":null,"local_seo":null,"seo_analyzer_scan_date":"2025-08-28 17:33:28","breadcrumb_settings":null,"limit_modified_date":false,"open_ai":null,"ai":null,"created":"2021-03-25 11:32:22","updated":"2025-08-28 17:33:28"},"aioseo_breadcrumb":"<div class=\"aioseo-breadcrumbs\"><span class=\"aioseo-breadcrumb\">\n\t<a href=\"https:\/\/eldigitaldeasturias.com\/radio\" title=\"Inicio\">Inicio<\/a>\n<\/span><span class=\"aioseo-breadcrumb-separator\">&ndash;<\/span><span class=\"aioseo-breadcrumb\">\n\t<a href=\"https:\/\/eldigitaldeasturias.com\/radio\/category\/noticias\/\" title=\"Noticias\">Noticias<\/a>\n<\/span><span class=\"aioseo-breadcrumb-separator\">&ndash;<\/span><span class=\"aioseo-breadcrumb\">\n\tCondena por estafa y falsedad en documento para Carlos Vicente, el impulsor de Lasser E\u00f3lica\n<\/span><\/div>","aioseo_breadcrumb_json":[{"label":"Inicio","link":"https:\/\/eldigitaldeasturias.com\/radio"},{"label":"Noticias","link":"https:\/\/eldigitaldeasturias.com\/radio\/category\/noticias\/"},{"label":"Condena por estafa y falsedad en documento para Carlos Vicente, el impulsor de Lasser E\u00f3lica","link":"https:\/\/eldigitaldeasturias.com\/radio\/condena-por-estafa-y-falsedad-en-documento-para-carlos-vicente-el-impulsor-de-lasser-eolica\/"}],"_links":{"self":[{"href":"https:\/\/eldigitaldeasturias.com\/radio\/wp-json\/wp\/v2\/posts\/5216","targetHints":{"allow":["GET"]}}],"collection":[{"href":"https:\/\/eldigitaldeasturias.com\/radio\/wp-json\/wp\/v2\/posts"}],"about":[{"href":"https:\/\/eldigitaldeasturias.com\/radio\/wp-json\/wp\/v2\/types\/post"}],"author":[{"embeddable":true,"href":"https:\/\/eldigitaldeasturias.com\/radio\/wp-json\/wp\/v2\/users\/1"}],"replies":[{"embeddable":true,"href":"https:\/\/eldigitaldeasturias.com\/radio\/wp-json\/wp\/v2\/comments?post=5216"}],"version-history":[{"count":0,"href":"https:\/\/eldigitaldeasturias.com\/radio\/wp-json\/wp\/v2\/posts\/5216\/revisions"}],"wp:featuredmedia":[{"embeddable":true,"href":"https:\/\/eldigitaldeasturias.com\/radio\/wp-json\/wp\/v2\/media\/5217"}],"wp:attachment":[{"href":"https:\/\/eldigitaldeasturias.com\/radio\/wp-json\/wp\/v2\/media?parent=5216"}],"wp:term":[{"taxonomy":"category","embeddable":true,"href":"https:\/\/eldigitaldeasturias.com\/radio\/wp-json\/wp\/v2\/categories?post=5216"},{"taxonomy":"post_tag","embeddable":true,"href":"https:\/\/eldigitaldeasturias.com\/radio\/wp-json\/wp\/v2\/tags?post=5216"}],"curies":[{"name":"wp","href":"https:\/\/api.w.org\/{rel}","templated":true}]}}