{"id":5213,"date":"2020-10-18T20:48:03","date_gmt":"2020-10-18T20:48:03","guid":{"rendered":"http:\/\/www.eldigitaldeasturias.com\/radio\/?p=5213"},"modified":"2020-10-18T20:48:03","modified_gmt":"2020-10-18T20:48:03","slug":"el-gobierno-aleman-designa-como-amenazas-a-91-islamistas-retornados-de-siria-e-irak","status":"publish","type":"post","link":"https:\/\/eldigitaldeasturias.com\/radio\/el-gobierno-aleman-designa-como-amenazas-a-91-islamistas-retornados-de-siria-e-irak\/","title":{"rendered":"El Gobierno alem\u00e1n designa como \u00abamenazas\u00bb a 91 islamistas retornados de Siria e Irak"},"content":{"rendered":"<p><img fetchpriority=\"high\" decoding=\"async\" class=\"alignleft size-medium wp-image-1439\" src=\"http:\/\/www.eldigitaldeasturias.com\/radio\/wp-content\/uploads\/2018\/10\/berlin-76509_960_720-360x270.jpg\" alt=\"\" width=\"360\" height=\"270\" srcset=\"https:\/\/eldigitaldeasturias.com\/radio\/wp-content\/uploads\/2018\/10\/berlin-76509_960_720-360x270.jpg 360w, https:\/\/eldigitaldeasturias.com\/radio\/wp-content\/uploads\/2018\/10\/berlin-76509_960_720-768x576.jpg 768w, https:\/\/eldigitaldeasturias.com\/radio\/wp-content\/uploads\/2018\/10\/berlin-76509_960_720.jpg 960w\" sizes=\"(max-width: 360px) 100vw, 360px\" \/>(Europa Press) &#8211;\u00a0El Ministerio del Interior alem\u00e1n ha designado a 91 islamistas retornados de Siria e Irak como \u00abamenazas\u00bb para la sociedad, y otras 66 personas han sido clasificadas como \u00abobjeto de inter\u00e9s\u00bb por su presunta relaci\u00f3n con casos de radicalizaci\u00f3n en todo el pa\u00eds hasta el 28 de septiembre de este a\u00f1o.<\/p>\n<p>Las autoridades alemanas emplean la designaci\u00f3n de amenaza a aquellas personas que considera capaces de llevar a cabo delitos de sangre por motivos ideol\u00f3gicos o pol\u00edticos, mientras que sobre los objetos de inter\u00e9s recae la sospecha de proporcionar apoyo log\u00edstico a estos posibles ataques.<\/p>\n<p>El pasado mes de junio, el Gobierno alem\u00e1n tom\u00f3 constancia de 61 islamistas descritos como amenazas, aunque se refiri\u00f3 a ellos como combatientes de la organizaci\u00f3n terrorista Estado Isl\u00e1mico.<\/p>\n<p>En t\u00e9rminos generales, la Polic\u00eda Federal de Alemania tiene conocimiento de 355 combatientes islamistas que regresaron al pa\u00eds desde Siria e Irak desde 2012.<\/p>\n<p>De los aproximadamente 1.070 que se marcharon a combatir, 266 han fallecido. Adem\u00e1s, hay 109 islamistas que viajaron desde Alemania detenidos en Siria y otros 10 en Irak.<\/p>\n","protected":false},"excerpt":{"rendered":"<p>(Europa Press) &#8211;\u00a0El Ministerio del Interior alem\u00e1n ha designado a 91 islamistas retornados de Siria e Irak como \u00abamenazas\u00bb para la sociedad, y otras 66 personas han sido clasificadas como \u00abobjeto de inter\u00e9s\u00bb por su presunta relaci\u00f3n con casos de radicalizaci\u00f3n en todo el pa\u00eds hasta el 28 de septiembre de este a\u00f1o. Las autoridades<\/p>\n","protected":false},"author":1,"featured_media":1439,"comment_status":"closed","ping_status":"closed","sticky":false,"template":"","format":"standard","meta":{"footnotes":""},"categories":[1],"tags":[],"class_list":{"0":"post-5213","1":"post","2":"type-post","3":"status-publish","4":"format-standard","5":"has-post-thumbnail","7":"category-noticias"},"aioseo_notices":[],"aioseo_head":"\n\t\t<!-- All in One SEO Pro 4.9.6.2 - aioseo.com -->\n\t<meta name=\"description\" content=\"(Europa Press) - El Ministerio del Interior alem\u00e1n ha designado a 91 islamistas retornados de Siria e Irak como &quot;amenazas&quot; para la sociedad, y otras 66 personas han sido clasificadas como &quot;objeto de inter\u00e9s&quot; por su presunta relaci\u00f3n con casos de radicalizaci\u00f3n en todo el pa\u00eds hasta el 28 de septiembre de este a\u00f1o. Las autoridades\" \/>\n\t<meta name=\"robots\" content=\"max-image-preview:large\" \/>\n\t<meta name=\"author\" content=\"NBAsturias\"\/>\n\t<meta name=\"google-site-verification\" content=\"UA-38556648-1\" \/>\n\t<meta name=\"keywords\" content=\"noticias\" \/>\n\t<link rel=\"canonical\" href=\"https:\/\/eldigitaldeasturias.com\/radio\/el-gobierno-aleman-designa-como-amenazas-a-91-islamistas-retornados-de-siria-e-irak\/\" \/>\n\t<meta name=\"generator\" content=\"All in One SEO Pro (AIOSEO) 4.9.6.2\" \/>\n\t\t<meta property=\"og:locale\" content=\"es_ES\" \/>\n\t\t<meta property=\"og:site_name\" content=\"El Digital de Asturias | Diario de informaci\u00f3n y noticias\" \/>\n\t\t<meta property=\"og:type\" content=\"article\" \/>\n\t\t<meta property=\"og:title\" content=\"El Gobierno alem\u00e1n designa como \u00abamenazas\u00bb a 91 islamistas retornados de Siria e Irak | El Digital de Asturias\" \/>\n\t\t<meta property=\"og:description\" content=\"(Europa Press) - El Ministerio del Interior alem\u00e1n ha designado a 91 islamistas retornados de Siria e Irak como &quot;amenazas&quot; para la sociedad, y otras 66 personas han sido clasificadas como &quot;objeto de inter\u00e9s&quot; por su presunta relaci\u00f3n con casos de radicalizaci\u00f3n en todo el pa\u00eds hasta el 28 de septiembre de este a\u00f1o. Las autoridades\" \/>\n\t\t<meta property=\"og:url\" content=\"https:\/\/eldigitaldeasturias.com\/radio\/el-gobierno-aleman-designa-como-amenazas-a-91-islamistas-retornados-de-siria-e-irak\/\" \/>\n\t\t<meta property=\"og:image\" content=\"https:\/\/eldigitaldeasturias.com\/radio\/wp-content\/uploads\/2018\/10\/berlin-76509_960_720.jpg\" \/>\n\t\t<meta property=\"og:image:secure_url\" content=\"https:\/\/eldigitaldeasturias.com\/radio\/wp-content\/uploads\/2018\/10\/berlin-76509_960_720.jpg\" \/>\n\t\t<meta property=\"og:image:width\" content=\"960\" \/>\n\t\t<meta property=\"og:image:height\" content=\"720\" \/>\n\t\t<meta property=\"article:published_time\" content=\"2020-10-18T20:48:03+00:00\" \/>\n\t\t<meta property=\"article:modified_time\" content=\"2020-10-18T20:48:03+00:00\" \/>\n\t\t<meta name=\"twitter:card\" content=\"summary_large_image\" \/>\n\t\t<meta name=\"twitter:site\" content=\"@bercodi\" \/>\n\t\t<meta name=\"twitter:title\" content=\"El Gobierno alem\u00e1n designa como \u00abamenazas\u00bb a 91 islamistas retornados de Siria e Irak | El Digital de Asturias\" \/>\n\t\t<meta name=\"twitter:description\" content=\"(Europa Press) - El Ministerio del Interior alem\u00e1n ha designado a 91 islamistas retornados de Siria e Irak como &quot;amenazas&quot; para la sociedad, y otras 66 personas han sido clasificadas como &quot;objeto de inter\u00e9s&quot; por su presunta relaci\u00f3n con casos de radicalizaci\u00f3n en todo el pa\u00eds hasta el 28 de septiembre de este a\u00f1o. Las autoridades\" \/>\n\t\t<meta name=\"twitter:creator\" content=\"@bercodi\" \/>\n\t\t<meta name=\"twitter:image\" content=\"https:\/\/eldigitaldeasturias.com\/radio\/wp-content\/uploads\/2018\/10\/berlin-76509_960_720.jpg\" \/>\n\t\t<script type=\"application\/ld+json\" class=\"aioseo-schema\">\n\t\t\t{\"@context\":\"https:\\\/\\\/schema.org\",\"@graph\":[{\"@type\":\"BreadcrumbList\",\"@id\":\"https:\\\/\\\/eldigitaldeasturias.com\\\/radio\\\/el-gobierno-aleman-designa-como-amenazas-a-91-islamistas-retornados-de-siria-e-irak\\\/#breadcrumblist\",\"itemListElement\":[{\"@type\":\"ListItem\",\"@id\":\"https:\\\/\\\/eldigitaldeasturias.com\\\/radio#listItem\",\"position\":1,\"name\":\"Inicio\",\"item\":\"https:\\\/\\\/eldigitaldeasturias.com\\\/radio\",\"nextItem\":{\"@type\":\"ListItem\",\"@id\":\"https:\\\/\\\/eldigitaldeasturias.com\\\/radio\\\/category\\\/noticias\\\/#listItem\",\"name\":\"Noticias\"}},{\"@type\":\"ListItem\",\"@id\":\"https:\\\/\\\/eldigitaldeasturias.com\\\/radio\\\/category\\\/noticias\\\/#listItem\",\"position\":2,\"name\":\"Noticias\",\"item\":\"https:\\\/\\\/eldigitaldeasturias.com\\\/radio\\\/category\\\/noticias\\\/\",\"nextItem\":{\"@type\":\"ListItem\",\"@id\":\"https:\\\/\\\/eldigitaldeasturias.com\\\/radio\\\/el-gobierno-aleman-designa-como-amenazas-a-91-islamistas-retornados-de-siria-e-irak\\\/#listItem\",\"name\":\"El Gobierno alem\\u00e1n designa como \\u00abamenazas\\u00bb a 91 islamistas retornados de Siria e Irak\"},\"previousItem\":{\"@type\":\"ListItem\",\"@id\":\"https:\\\/\\\/eldigitaldeasturias.com\\\/radio#listItem\",\"name\":\"Inicio\"}},{\"@type\":\"ListItem\",\"@id\":\"https:\\\/\\\/eldigitaldeasturias.com\\\/radio\\\/el-gobierno-aleman-designa-como-amenazas-a-91-islamistas-retornados-de-siria-e-irak\\\/#listItem\",\"position\":3,\"name\":\"El Gobierno alem\\u00e1n designa como \\u00abamenazas\\u00bb a 91 islamistas retornados de Siria e Irak\",\"previousItem\":{\"@type\":\"ListItem\",\"@id\":\"https:\\\/\\\/eldigitaldeasturias.com\\\/radio\\\/category\\\/noticias\\\/#listItem\",\"name\":\"Noticias\"}}]},{\"@type\":\"NewsArticle\",\"@id\":\"https:\\\/\\\/eldigitaldeasturias.com\\\/radio\\\/el-gobierno-aleman-designa-como-amenazas-a-91-islamistas-retornados-de-siria-e-irak\\\/#newsarticle\",\"name\":\"El Gobierno alem\\u00e1n designa como \\u00abamenazas\\u00bb a 91 islamistas retornados de Siria e Irak | El Digital de Asturias\",\"headline\":\"El Gobierno alem\\u00e1n designa como \\u00abamenazas\\u00bb a 91 islamistas retornados de Siria e Irak\",\"author\":{\"@id\":\"https:\\\/\\\/eldigitaldeasturias.com\\\/radio\\\/author\\\/nbasturias\\\/#author\"},\"publisher\":{\"@id\":\"https:\\\/\\\/eldigitaldeasturias.com\\\/radio\\\/#organization\"},\"image\":{\"@type\":\"ImageObject\",\"url\":\"https:\\\/\\\/eldigitaldeasturias.com\\\/radio\\\/wp-content\\\/uploads\\\/2018\\\/10\\\/berlin-76509_960_720.jpg\",\"width\":960,\"height\":720},\"datePublished\":\"2020-10-18T20:48:03+02:00\",\"dateModified\":\"2020-10-18T20:48:03+02:00\",\"inLanguage\":\"es-ES\",\"mainEntityOfPage\":{\"@id\":\"https:\\\/\\\/eldigitaldeasturias.com\\\/radio\\\/el-gobierno-aleman-designa-como-amenazas-a-91-islamistas-retornados-de-siria-e-irak\\\/#webpage\"},\"isPartOf\":{\"@id\":\"https:\\\/\\\/eldigitaldeasturias.com\\\/radio\\\/el-gobierno-aleman-designa-como-amenazas-a-91-islamistas-retornados-de-siria-e-irak\\\/#webpage\"},\"articleSection\":\"Noticias\",\"dateline\":\"Publicado el octubre 18, 2020.\"},{\"@type\":\"Organization\",\"@id\":\"https:\\\/\\\/eldigitaldeasturias.com\\\/radio\\\/#organization\",\"name\":\"El digital de Asturias Radio\",\"description\":\"Diario de informaci\\u00f3n y noticias\",\"url\":\"https:\\\/\\\/eldigitaldeasturias.com\\\/radio\\\/\",\"telephone\":\"+34652131393\",\"logo\":{\"@type\":\"ImageObject\",\"url\":\"https:\\\/\\\/www.eldigitaldeasturias.com\\\/radio\\\/wp-content\\\/uploads\\\/2021\\\/03\\\/EDA.jpg\",\"@id\":\"https:\\\/\\\/eldigitaldeasturias.com\\\/radio\\\/el-gobierno-aleman-designa-como-amenazas-a-91-islamistas-retornados-de-siria-e-irak\\\/#organizationLogo\"},\"image\":{\"@id\":\"https:\\\/\\\/eldigitaldeasturias.com\\\/radio\\\/el-gobierno-aleman-designa-como-amenazas-a-91-islamistas-retornados-de-siria-e-irak\\\/#organizationLogo\"},\"sameAs\":[\"https:\\\/\\\/www.facebook.com\\\/\",\"https:\\\/\\\/x.com\\\/bercodi\",\"https:\\\/\\\/www.instagram.com\\\/\",\"https:\\\/\\\/www.youtube.com\\\/channel\\\/UCZP-2wLEB9Rv6erhFmqVnvg\"]},{\"@type\":\"Person\",\"@id\":\"https:\\\/\\\/eldigitaldeasturias.com\\\/radio\\\/author\\\/nbasturias\\\/#author\",\"url\":\"https:\\\/\\\/eldigitaldeasturias.com\\\/radio\\\/author\\\/nbasturias\\\/\",\"name\":\"NBAsturias\",\"image\":{\"@type\":\"ImageObject\",\"@id\":\"https:\\\/\\\/eldigitaldeasturias.com\\\/radio\\\/el-gobierno-aleman-designa-como-amenazas-a-91-islamistas-retornados-de-siria-e-irak\\\/#authorImage\",\"url\":\"https:\\\/\\\/secure.gravatar.com\\\/avatar\\\/df2aeffc32bcd13f8d26072ef8a91b623d677766deac7f97ca815868cd41bf5e?s=96&d=mm&r=g\",\"width\":96,\"height\":96,\"caption\":\"NBAsturias\"}},{\"@type\":\"WebPage\",\"@id\":\"https:\\\/\\\/eldigitaldeasturias.com\\\/radio\\\/el-gobierno-aleman-designa-como-amenazas-a-91-islamistas-retornados-de-siria-e-irak\\\/#webpage\",\"url\":\"https:\\\/\\\/eldigitaldeasturias.com\\\/radio\\\/el-gobierno-aleman-designa-como-amenazas-a-91-islamistas-retornados-de-siria-e-irak\\\/\",\"name\":\"El Gobierno alem\\u00e1n designa como \\u00abamenazas\\u00bb a 91 islamistas retornados de Siria e Irak | El Digital de Asturias\",\"description\":\"(Europa Press) - El Ministerio del Interior alem\\u00e1n ha designado a 91 islamistas retornados de Siria e Irak como \\\"amenazas\\\" para la sociedad, y otras 66 personas han sido clasificadas como \\\"objeto de inter\\u00e9s\\\" por su presunta relaci\\u00f3n con casos de radicalizaci\\u00f3n en todo el pa\\u00eds hasta el 28 de septiembre de este a\\u00f1o. Las autoridades\",\"inLanguage\":\"es-ES\",\"isPartOf\":{\"@id\":\"https:\\\/\\\/eldigitaldeasturias.com\\\/radio\\\/#website\"},\"breadcrumb\":{\"@id\":\"https:\\\/\\\/eldigitaldeasturias.com\\\/radio\\\/el-gobierno-aleman-designa-como-amenazas-a-91-islamistas-retornados-de-siria-e-irak\\\/#breadcrumblist\"},\"author\":{\"@id\":\"https:\\\/\\\/eldigitaldeasturias.com\\\/radio\\\/author\\\/nbasturias\\\/#author\"},\"creator\":{\"@id\":\"https:\\\/\\\/eldigitaldeasturias.com\\\/radio\\\/author\\\/nbasturias\\\/#author\"},\"image\":{\"@type\":\"ImageObject\",\"url\":\"https:\\\/\\\/eldigitaldeasturias.com\\\/radio\\\/wp-content\\\/uploads\\\/2018\\\/10\\\/berlin-76509_960_720.jpg\",\"@id\":\"https:\\\/\\\/eldigitaldeasturias.com\\\/radio\\\/el-gobierno-aleman-designa-como-amenazas-a-91-islamistas-retornados-de-siria-e-irak\\\/#mainImage\",\"width\":960,\"height\":720},\"primaryImageOfPage\":{\"@id\":\"https:\\\/\\\/eldigitaldeasturias.com\\\/radio\\\/el-gobierno-aleman-designa-como-amenazas-a-91-islamistas-retornados-de-siria-e-irak\\\/#mainImage\"},\"datePublished\":\"2020-10-18T20:48:03+02:00\",\"dateModified\":\"2020-10-18T20:48:03+02:00\"},{\"@type\":\"WebSite\",\"@id\":\"https:\\\/\\\/eldigitaldeasturias.com\\\/radio\\\/#website\",\"url\":\"https:\\\/\\\/eldigitaldeasturias.com\\\/radio\\\/\",\"name\":\"El Digital de Asturias\",\"description\":\"Diario de informaci\\u00f3n y noticias\",\"inLanguage\":\"es-ES\",\"publisher\":{\"@id\":\"https:\\\/\\\/eldigitaldeasturias.com\\\/radio\\\/#organization\"}}]}\n\t\t<\/script>\n\t\t<!-- All in One SEO Pro -->\r\n\t\t<title>El Gobierno alem\u00e1n designa como \u00abamenazas\u00bb a 91 islamistas retornados de Siria e Irak | El Digital de Asturias<\/title>\n\n","aioseo_head_json":{"title":"El Gobierno alem\u00e1n designa como \u00abamenazas\u00bb a 91 islamistas retornados de Siria e Irak | El Digital de Asturias","description":"(Europa Press) - El Ministerio del Interior alem\u00e1n ha designado a 91 islamistas retornados de Siria e Irak como \"amenazas\" para la sociedad, y otras 66 personas han sido clasificadas como \"objeto de inter\u00e9s\" por su presunta relaci\u00f3n con casos de radicalizaci\u00f3n en todo el pa\u00eds hasta el 28 de septiembre de este a\u00f1o. Las autoridades","canonical_url":"https:\/\/eldigitaldeasturias.com\/radio\/el-gobierno-aleman-designa-como-amenazas-a-91-islamistas-retornados-de-siria-e-irak\/","robots":"max-image-preview:large","keywords":"noticias","webmasterTools":{"google-site-verification":"UA-38556648-1","miscellaneous":""},"schema":{"@context":"https:\/\/schema.org","@graph":[{"@type":"BreadcrumbList","@id":"https:\/\/eldigitaldeasturias.com\/radio\/el-gobierno-aleman-designa-como-amenazas-a-91-islamistas-retornados-de-siria-e-irak\/#breadcrumblist","itemListElement":[{"@type":"ListItem","@id":"https:\/\/eldigitaldeasturias.com\/radio#listItem","position":1,"name":"Inicio","item":"https:\/\/eldigitaldeasturias.com\/radio","nextItem":{"@type":"ListItem","@id":"https:\/\/eldigitaldeasturias.com\/radio\/category\/noticias\/#listItem","name":"Noticias"}},{"@type":"ListItem","@id":"https:\/\/eldigitaldeasturias.com\/radio\/category\/noticias\/#listItem","position":2,"name":"Noticias","item":"https:\/\/eldigitaldeasturias.com\/radio\/category\/noticias\/","nextItem":{"@type":"ListItem","@id":"https:\/\/eldigitaldeasturias.com\/radio\/el-gobierno-aleman-designa-como-amenazas-a-91-islamistas-retornados-de-siria-e-irak\/#listItem","name":"El Gobierno alem\u00e1n designa como \u00abamenazas\u00bb a 91 islamistas retornados de Siria e Irak"},"previousItem":{"@type":"ListItem","@id":"https:\/\/eldigitaldeasturias.com\/radio#listItem","name":"Inicio"}},{"@type":"ListItem","@id":"https:\/\/eldigitaldeasturias.com\/radio\/el-gobierno-aleman-designa-como-amenazas-a-91-islamistas-retornados-de-siria-e-irak\/#listItem","position":3,"name":"El Gobierno alem\u00e1n designa como \u00abamenazas\u00bb a 91 islamistas retornados de Siria e Irak","previousItem":{"@type":"ListItem","@id":"https:\/\/eldigitaldeasturias.com\/radio\/category\/noticias\/#listItem","name":"Noticias"}}]},{"@type":"NewsArticle","@id":"https:\/\/eldigitaldeasturias.com\/radio\/el-gobierno-aleman-designa-como-amenazas-a-91-islamistas-retornados-de-siria-e-irak\/#newsarticle","name":"El Gobierno alem\u00e1n designa como \u00abamenazas\u00bb a 91 islamistas retornados de Siria e Irak | El Digital de Asturias","headline":"El Gobierno alem\u00e1n designa como \u00abamenazas\u00bb a 91 islamistas retornados de Siria e Irak","author":{"@id":"https:\/\/eldigitaldeasturias.com\/radio\/author\/nbasturias\/#author"},"publisher":{"@id":"https:\/\/eldigitaldeasturias.com\/radio\/#organization"},"image":{"@type":"ImageObject","url":"https:\/\/eldigitaldeasturias.com\/radio\/wp-content\/uploads\/2018\/10\/berlin-76509_960_720.jpg","width":960,"height":720},"datePublished":"2020-10-18T20:48:03+02:00","dateModified":"2020-10-18T20:48:03+02:00","inLanguage":"es-ES","mainEntityOfPage":{"@id":"https:\/\/eldigitaldeasturias.com\/radio\/el-gobierno-aleman-designa-como-amenazas-a-91-islamistas-retornados-de-siria-e-irak\/#webpage"},"isPartOf":{"@id":"https:\/\/eldigitaldeasturias.com\/radio\/el-gobierno-aleman-designa-como-amenazas-a-91-islamistas-retornados-de-siria-e-irak\/#webpage"},"articleSection":"Noticias","dateline":"Publicado el octubre 18, 2020."},{"@type":"Organization","@id":"https:\/\/eldigitaldeasturias.com\/radio\/#organization","name":"El digital de Asturias Radio","description":"Diario de informaci\u00f3n y noticias","url":"https:\/\/eldigitaldeasturias.com\/radio\/","telephone":"+34652131393","logo":{"@type":"ImageObject","url":"https:\/\/www.eldigitaldeasturias.com\/radio\/wp-content\/uploads\/2021\/03\/EDA.jpg","@id":"https:\/\/eldigitaldeasturias.com\/radio\/el-gobierno-aleman-designa-como-amenazas-a-91-islamistas-retornados-de-siria-e-irak\/#organizationLogo"},"image":{"@id":"https:\/\/eldigitaldeasturias.com\/radio\/el-gobierno-aleman-designa-como-amenazas-a-91-islamistas-retornados-de-siria-e-irak\/#organizationLogo"},"sameAs":["https:\/\/www.facebook.com\/","https:\/\/x.com\/bercodi","https:\/\/www.instagram.com\/","https:\/\/www.youtube.com\/channel\/UCZP-2wLEB9Rv6erhFmqVnvg"]},{"@type":"Person","@id":"https:\/\/eldigitaldeasturias.com\/radio\/author\/nbasturias\/#author","url":"https:\/\/eldigitaldeasturias.com\/radio\/author\/nbasturias\/","name":"NBAsturias","image":{"@type":"ImageObject","@id":"https:\/\/eldigitaldeasturias.com\/radio\/el-gobierno-aleman-designa-como-amenazas-a-91-islamistas-retornados-de-siria-e-irak\/#authorImage","url":"https:\/\/secure.gravatar.com\/avatar\/df2aeffc32bcd13f8d26072ef8a91b623d677766deac7f97ca815868cd41bf5e?s=96&d=mm&r=g","width":96,"height":96,"caption":"NBAsturias"}},{"@type":"WebPage","@id":"https:\/\/eldigitaldeasturias.com\/radio\/el-gobierno-aleman-designa-como-amenazas-a-91-islamistas-retornados-de-siria-e-irak\/#webpage","url":"https:\/\/eldigitaldeasturias.com\/radio\/el-gobierno-aleman-designa-como-amenazas-a-91-islamistas-retornados-de-siria-e-irak\/","name":"El Gobierno alem\u00e1n designa como \u00abamenazas\u00bb a 91 islamistas retornados de Siria e Irak | El Digital de Asturias","description":"(Europa Press) - El Ministerio del Interior alem\u00e1n ha designado a 91 islamistas retornados de Siria e Irak como \"amenazas\" para la sociedad, y otras 66 personas han sido clasificadas como \"objeto de inter\u00e9s\" por su presunta relaci\u00f3n con casos de radicalizaci\u00f3n en todo el pa\u00eds hasta el 28 de septiembre de este a\u00f1o. Las autoridades","inLanguage":"es-ES","isPartOf":{"@id":"https:\/\/eldigitaldeasturias.com\/radio\/#website"},"breadcrumb":{"@id":"https:\/\/eldigitaldeasturias.com\/radio\/el-gobierno-aleman-designa-como-amenazas-a-91-islamistas-retornados-de-siria-e-irak\/#breadcrumblist"},"author":{"@id":"https:\/\/eldigitaldeasturias.com\/radio\/author\/nbasturias\/#author"},"creator":{"@id":"https:\/\/eldigitaldeasturias.com\/radio\/author\/nbasturias\/#author"},"image":{"@type":"ImageObject","url":"https:\/\/eldigitaldeasturias.com\/radio\/wp-content\/uploads\/2018\/10\/berlin-76509_960_720.jpg","@id":"https:\/\/eldigitaldeasturias.com\/radio\/el-gobierno-aleman-designa-como-amenazas-a-91-islamistas-retornados-de-siria-e-irak\/#mainImage","width":960,"height":720},"primaryImageOfPage":{"@id":"https:\/\/eldigitaldeasturias.com\/radio\/el-gobierno-aleman-designa-como-amenazas-a-91-islamistas-retornados-de-siria-e-irak\/#mainImage"},"datePublished":"2020-10-18T20:48:03+02:00","dateModified":"2020-10-18T20:48:03+02:00"},{"@type":"WebSite","@id":"https:\/\/eldigitaldeasturias.com\/radio\/#website","url":"https:\/\/eldigitaldeasturias.com\/radio\/","name":"El Digital de Asturias","description":"Diario de informaci\u00f3n y noticias","inLanguage":"es-ES","publisher":{"@id":"https:\/\/eldigitaldeasturias.com\/radio\/#organization"}}]},"og:locale":"es_ES","og:site_name":"El Digital de Asturias | Diario de informaci\u00f3n y noticias","og:type":"article","og:title":"El Gobierno alem\u00e1n designa como \u00abamenazas\u00bb a 91 islamistas retornados de Siria e Irak | El Digital de Asturias","og:description":"(Europa Press) - El Ministerio del Interior alem\u00e1n ha designado a 91 islamistas retornados de Siria e Irak como &quot;amenazas&quot; para la sociedad, y otras 66 personas han sido clasificadas como &quot;objeto de inter\u00e9s&quot; por su presunta relaci\u00f3n con casos de radicalizaci\u00f3n en todo el pa\u00eds hasta el 28 de septiembre de este a\u00f1o. Las autoridades","og:url":"https:\/\/eldigitaldeasturias.com\/radio\/el-gobierno-aleman-designa-como-amenazas-a-91-islamistas-retornados-de-siria-e-irak\/","og:image":"https:\/\/eldigitaldeasturias.com\/radio\/wp-content\/uploads\/2018\/10\/berlin-76509_960_720.jpg","og:image:secure_url":"https:\/\/eldigitaldeasturias.com\/radio\/wp-content\/uploads\/2018\/10\/berlin-76509_960_720.jpg","og:image:width":960,"og:image:height":720,"article:published_time":"2020-10-18T20:48:03+00:00","article:modified_time":"2020-10-18T20:48:03+00:00","twitter:card":"summary_large_image","twitter:site":"@bercodi","twitter:title":"El Gobierno alem\u00e1n designa como \u00abamenazas\u00bb a 91 islamistas retornados de Siria e Irak | El Digital de Asturias","twitter:description":"(Europa Press) - El Ministerio del Interior alem\u00e1n ha designado a 91 islamistas retornados de Siria e Irak como &quot;amenazas&quot; para la sociedad, y otras 66 personas han sido clasificadas como &quot;objeto de inter\u00e9s&quot; por su presunta relaci\u00f3n con casos de radicalizaci\u00f3n en todo el pa\u00eds hasta el 28 de septiembre de este a\u00f1o. Las autoridades","twitter:creator":"@bercodi","twitter:image":"https:\/\/eldigitaldeasturias.com\/radio\/wp-content\/uploads\/2018\/10\/berlin-76509_960_720.jpg"},"aioseo_meta_data":{"post_id":"5213","title":null,"description":"","keywords":"","keyphrases":null,"primary_term":null,"canonical_url":"","og_title":null,"og_description":null,"og_object_type":"default","og_image_type":"default","og_image_url":null,"og_image_width":null,"og_image_height":null,"og_image_custom_url":null,"og_image_custom_fields":null,"og_video":null,"og_custom_url":null,"og_article_section":null,"og_article_tags":null,"twitter_use_og":false,"twitter_card":"default","twitter_image_type":"default","twitter_image_url":null,"twitter_image_custom_url":null,"twitter_image_custom_fields":null,"twitter_title":null,"twitter_description":null,"schema":{"blockGraphs":[],"customGraphs":[],"default":{"data":{"Article":[],"Course":[],"Dataset":[],"FAQPage":[],"Movie":[],"Person":[],"Product":[],"ProductReview":[],"Car":[],"Recipe":[],"Service":[],"SoftwareApplication":[],"WebPage":[]},"graphName":"","isEnabled":true},"graphs":[],"defaultGraph":"","defaultPostTypeGraph":""},"schema_type":null,"schema_type_options":null,"pillar_content":false,"robots_default":true,"robots_noindex":false,"robots_noarchive":false,"robots_nosnippet":false,"robots_nofollow":false,"robots_noimageindex":false,"robots_noodp":false,"robots_notranslate":false,"robots_max_snippet":null,"robots_max_videopreview":null,"robots_max_imagepreview":"large","priority":null,"frequency":null,"location":null,"local_seo":null,"seo_analyzer_scan_date":"2025-08-28 17:33:27","breadcrumb_settings":null,"limit_modified_date":false,"open_ai":null,"ai":null,"created":"2021-03-25 11:32:22","updated":"2025-08-28 17:33:27"},"aioseo_breadcrumb":"<div class=\"aioseo-breadcrumbs\"><span class=\"aioseo-breadcrumb\">\n\t<a href=\"https:\/\/eldigitaldeasturias.com\/radio\" title=\"Inicio\">Inicio<\/a>\n<\/span><span class=\"aioseo-breadcrumb-separator\">&ndash;<\/span><span class=\"aioseo-breadcrumb\">\n\t<a href=\"https:\/\/eldigitaldeasturias.com\/radio\/category\/noticias\/\" title=\"Noticias\">Noticias<\/a>\n<\/span><span class=\"aioseo-breadcrumb-separator\">&ndash;<\/span><span class=\"aioseo-breadcrumb\">\n\tEl Gobierno alem\u00e1n designa como \u00abamenazas\u00bb a 91 islamistas retornados de Siria e Irak\n<\/span><\/div>","aioseo_breadcrumb_json":[{"label":"Inicio","link":"https:\/\/eldigitaldeasturias.com\/radio"},{"label":"Noticias","link":"https:\/\/eldigitaldeasturias.com\/radio\/category\/noticias\/"},{"label":"El Gobierno alem\u00e1n designa como \u00abamenazas\u00bb a 91 islamistas retornados de Siria e Irak","link":"https:\/\/eldigitaldeasturias.com\/radio\/el-gobierno-aleman-designa-como-amenazas-a-91-islamistas-retornados-de-siria-e-irak\/"}],"_links":{"self":[{"href":"https:\/\/eldigitaldeasturias.com\/radio\/wp-json\/wp\/v2\/posts\/5213","targetHints":{"allow":["GET"]}}],"collection":[{"href":"https:\/\/eldigitaldeasturias.com\/radio\/wp-json\/wp\/v2\/posts"}],"about":[{"href":"https:\/\/eldigitaldeasturias.com\/radio\/wp-json\/wp\/v2\/types\/post"}],"author":[{"embeddable":true,"href":"https:\/\/eldigitaldeasturias.com\/radio\/wp-json\/wp\/v2\/users\/1"}],"replies":[{"embeddable":true,"href":"https:\/\/eldigitaldeasturias.com\/radio\/wp-json\/wp\/v2\/comments?post=5213"}],"version-history":[{"count":0,"href":"https:\/\/eldigitaldeasturias.com\/radio\/wp-json\/wp\/v2\/posts\/5213\/revisions"}],"wp:featuredmedia":[{"embeddable":true,"href":"https:\/\/eldigitaldeasturias.com\/radio\/wp-json\/wp\/v2\/media\/1439"}],"wp:attachment":[{"href":"https:\/\/eldigitaldeasturias.com\/radio\/wp-json\/wp\/v2\/media?parent=5213"}],"wp:term":[{"taxonomy":"category","embeddable":true,"href":"https:\/\/eldigitaldeasturias.com\/radio\/wp-json\/wp\/v2\/categories?post=5213"},{"taxonomy":"post_tag","embeddable":true,"href":"https:\/\/eldigitaldeasturias.com\/radio\/wp-json\/wp\/v2\/tags?post=5213"}],"curies":[{"name":"wp","href":"https:\/\/api.w.org\/{rel}","templated":true}]}}