{"id":5193,"date":"2020-10-16T18:46:34","date_gmt":"2020-10-16T18:46:34","guid":{"rendered":"http:\/\/www.eldigitaldeasturias.com\/radio\/?p=5193"},"modified":"2020-10-16T18:46:34","modified_gmt":"2020-10-16T18:46:34","slug":"asturias-tambien-sufre-con-las-citas-previas","status":"publish","type":"post","link":"https:\/\/eldigitaldeasturias.com\/radio\/asturias-tambien-sufre-con-las-citas-previas\/","title":{"rendered":"Asturias tambi\u00e9n sufre con las citas previas"},"content":{"rendered":"<p><img fetchpriority=\"high\" decoding=\"async\" class=\"alignleft size-medium wp-image-5194\" src=\"http:\/\/www.eldigitaldeasturias.com\/radio\/wp-content\/uploads\/2020\/10\/car-1149997_640-360x240.jpg\" alt=\"\" width=\"360\" height=\"240\" srcset=\"https:\/\/eldigitaldeasturias.com\/radio\/wp-content\/uploads\/2020\/10\/car-1149997_640-360x240.jpg 360w, https:\/\/eldigitaldeasturias.com\/radio\/wp-content\/uploads\/2020\/10\/car-1149997_640.jpg 640w\" sizes=\"(max-width: 360px) 100vw, 360px\" \/>La nueva forma de abrir al p\u00fablico oficinas, locales y dem\u00e1s establecimientos ha hecho que no siempre sea sencillo poder agilizar los tr\u00e1mites.<\/p>\n<p>Se ha impuesto, v\u00eda telef\u00f3nica, telem\u00e1tica o a trav\u00e9s de app el poder hacer una petici\u00f3n de cita previa para evitar aglomeraciones en los espacios, colas en las calles o incluso para garantizar los horarios.<\/p>\n<p>Sin embargo, algo que, anteriormente, se pod\u00eda gestionar casi a demanda, ahora ha pasado, despu\u00e9s del atasco y la paralizaci\u00f3n de mucha atenci\u00f3n p\u00fablica durante el estado de alarma, a ser casi misi\u00f3n imposible saber pedir, por ejemplo, <a title=\"cita previa en la DGT de Asturias\" href=\"https:\/\/pedircitaprevia.online\/dgt\/asturias\/\" target=\"_blank\" rel=\"noopener noreferrer\"><strong><span style=\"color: #ff6600;\">cita previa en la DGT de Asturias<\/span><\/strong><\/a> y llegar dentro del plazo necesario.<\/p>\n<h2><strong>\u00bfC\u00f3mo conseguir cita para conseguir gestionar cualquier cosa relacionada con la DGT?<\/strong><\/h2>\n<p>Lo primero que hay que tener claro es que la mejor forma de poder acceder a un calendario y seleccionar fecha y hora para poder agendar la cita, pero tambi\u00e9n para saber cu\u00e1ndo se podr\u00eda gestionar.<\/p>\n<p>Basta con acceder a la p\u00e1gina web <span style=\"color: #ff6600;\"><strong><a style=\"color: #ff6600;\" title=\"https:\/\/pedircitaprevia.online\" href=\"https:\/\/pedircitaprevia.online\" target=\"_blank\" rel=\"noopener noreferrer\">https:\/\/pedircitaprevia.online<\/a><\/strong><\/span> para comenzar el proceso.<\/p>\n<p>Gracias a su dise\u00f1o, lo primero que se puede seleccionar es la oficina m\u00e1s cercana al domicilio para evitar desplazamientos adicionales. Una vez dentro, se selecciona tambi\u00e9n el tr\u00e1mite a llevar a cabo.<\/p>\n<p>Para conseguir la cita previa es necesario identificarse ya que, a no ser que sea gestor\u00eda o se tenga una autorizaci\u00f3n, los tr\u00e1mites los hace la persona registrada solicitante de la cita. Es probable que, adem\u00e1s de los datos personales, tambi\u00e9n sea necesario introducir, dependiendo del tr\u00e1mite, la informaci\u00f3n del veh\u00edculo, fechas, matr\u00edcula, modelo, etc. De ah\u00ed que sea importante contar con la documentaci\u00f3n delante para no perder m\u00e1s tiempo del necesario.<\/p>\n<h3><strong>Cuatro cosas que comprobar antes de aceptar la cita<\/strong><\/h3>\n<p>Lo primero, como se dec\u00eda, depende de la atenci\u00f3n.<\/p>\n<p>Hay que tener claro cu\u00e1l ser\u00e1 el tr\u00e1mite a solicitar. En realidad, en algunas ocasiones el error no llevar\u00eda a no ser atendido, pero podr\u00eda ahorrar tiempo de espera para conseguirla.<\/p>\n<p>La segunda cosa a tener en cuenta es tener toda la informaci\u00f3n que el sistema va a demandar y a prestar atenci\u00f3n en la introducci\u00f3n de los datos. Al generar la cita es habitual que env\u00eden la confirmaci\u00f3n bien al m\u00f3vil o al mail. Por eso es necesario introducirlo todo bien.<\/p>\n<p>El tercer punto a tener en cuenta es agendar bien la cita para que no quede colgada. En caso de necesitar cambiarla o cancelarla, es necesario hacerlo tambi\u00e9n a trav\u00e9s de la web para evitar que esa hora quede sin asistencia y otra persona pueda utilizarla.<\/p>\n<p>Finalmente, acudir el d\u00eda y hora establecido. Mientras que un pasado un peque\u00f1o retraso no supon\u00eda problema, actualmente es necesario apurar al m\u00e1ximo la puntualidad para conseguir solucionar el tr\u00e1mite en el d\u00eda y hora reservado.<\/p>\n<p>Esto, que a priori parece que no es demasiado dif\u00edcil, en realidad es lo que lleva meses colapsado en toda Espa\u00f1a, con citas que, en algunos casos como las de la Seguridad Social, Hacienda, los centros de salud o incluso las citas para ciertas especialidades m\u00e9dicas, tardan meses en poder concretarse. Y Asturias no es un caso aislado.<\/p>\n<p>&nbsp;<\/p>\n","protected":false},"excerpt":{"rendered":"<p>La nueva forma de abrir al p\u00fablico oficinas, locales y dem\u00e1s establecimientos ha hecho que no siempre sea sencillo poder agilizar los tr\u00e1mites. Se ha impuesto, v\u00eda telef\u00f3nica, telem\u00e1tica o a trav\u00e9s de app el poder hacer una petici\u00f3n de cita previa para evitar aglomeraciones en los espacios, colas en las calles o incluso para<\/p>\n","protected":false},"author":1,"featured_media":5194,"comment_status":"closed","ping_status":"closed","sticky":false,"template":"","format":"standard","meta":{"footnotes":""},"categories":[1],"tags":[],"class_list":{"0":"post-5193","1":"post","2":"type-post","3":"status-publish","4":"format-standard","5":"has-post-thumbnail","7":"category-noticias"},"aioseo_notices":[],"aioseo_head":"\n\t\t<!-- All in One SEO Pro 4.9.6.2 - aioseo.com -->\n\t<meta name=\"description\" content=\"La nueva forma de abrir al p\u00fablico oficinas, locales y dem\u00e1s establecimientos ha hecho que no siempre sea sencillo poder agilizar los tr\u00e1mites. Se ha impuesto, v\u00eda telef\u00f3nica, telem\u00e1tica o a trav\u00e9s de app el poder hacer una petici\u00f3n de cita previa para evitar aglomeraciones en los espacios, colas en las calles o incluso para\" \/>\n\t<meta name=\"robots\" content=\"max-image-preview:large\" \/>\n\t<meta name=\"author\" content=\"NBAsturias\"\/>\n\t<meta name=\"google-site-verification\" content=\"UA-38556648-1\" \/>\n\t<meta name=\"keywords\" content=\"noticias\" \/>\n\t<link rel=\"canonical\" href=\"https:\/\/eldigitaldeasturias.com\/radio\/asturias-tambien-sufre-con-las-citas-previas\/\" \/>\n\t<meta name=\"generator\" content=\"All in One SEO Pro (AIOSEO) 4.9.6.2\" \/>\n\t\t<meta property=\"og:locale\" content=\"es_ES\" \/>\n\t\t<meta property=\"og:site_name\" content=\"El Digital de Asturias | Diario de informaci\u00f3n y noticias\" \/>\n\t\t<meta property=\"og:type\" content=\"article\" \/>\n\t\t<meta property=\"og:title\" content=\"Asturias tambi\u00e9n sufre con las citas previas | El Digital de Asturias\" \/>\n\t\t<meta property=\"og:description\" content=\"La nueva forma de abrir al p\u00fablico oficinas, locales y dem\u00e1s establecimientos ha hecho que no siempre sea sencillo poder agilizar los tr\u00e1mites. Se ha impuesto, v\u00eda telef\u00f3nica, telem\u00e1tica o a trav\u00e9s de app el poder hacer una petici\u00f3n de cita previa para evitar aglomeraciones en los espacios, colas en las calles o incluso para\" \/>\n\t\t<meta property=\"og:url\" content=\"https:\/\/eldigitaldeasturias.com\/radio\/asturias-tambien-sufre-con-las-citas-previas\/\" \/>\n\t\t<meta property=\"og:image\" content=\"https:\/\/eldigitaldeasturias.com\/radio\/wp-content\/uploads\/2020\/10\/car-1149997_640.jpg\" \/>\n\t\t<meta property=\"og:image:secure_url\" content=\"https:\/\/eldigitaldeasturias.com\/radio\/wp-content\/uploads\/2020\/10\/car-1149997_640.jpg\" \/>\n\t\t<meta property=\"og:image:width\" content=\"640\" \/>\n\t\t<meta property=\"og:image:height\" content=\"426\" \/>\n\t\t<meta property=\"article:published_time\" content=\"2020-10-16T18:46:34+00:00\" \/>\n\t\t<meta property=\"article:modified_time\" content=\"2020-10-16T18:46:34+00:00\" \/>\n\t\t<meta name=\"twitter:card\" content=\"summary_large_image\" \/>\n\t\t<meta name=\"twitter:site\" content=\"@bercodi\" \/>\n\t\t<meta name=\"twitter:title\" content=\"Asturias tambi\u00e9n sufre con las citas previas | El Digital de Asturias\" \/>\n\t\t<meta name=\"twitter:description\" content=\"La nueva forma de abrir al p\u00fablico oficinas, locales y dem\u00e1s establecimientos ha hecho que no siempre sea sencillo poder agilizar los tr\u00e1mites. Se ha impuesto, v\u00eda telef\u00f3nica, telem\u00e1tica o a trav\u00e9s de app el poder hacer una petici\u00f3n de cita previa para evitar aglomeraciones en los espacios, colas en las calles o incluso para\" \/>\n\t\t<meta name=\"twitter:creator\" content=\"@bercodi\" \/>\n\t\t<meta name=\"twitter:image\" content=\"https:\/\/eldigitaldeasturias.com\/radio\/wp-content\/uploads\/2020\/10\/car-1149997_640.jpg\" \/>\n\t\t<script type=\"application\/ld+json\" class=\"aioseo-schema\">\n\t\t\t{\"@context\":\"https:\\\/\\\/schema.org\",\"@graph\":[{\"@type\":\"BreadcrumbList\",\"@id\":\"https:\\\/\\\/eldigitaldeasturias.com\\\/radio\\\/asturias-tambien-sufre-con-las-citas-previas\\\/#breadcrumblist\",\"itemListElement\":[{\"@type\":\"ListItem\",\"@id\":\"https:\\\/\\\/eldigitaldeasturias.com\\\/radio#listItem\",\"position\":1,\"name\":\"Inicio\",\"item\":\"https:\\\/\\\/eldigitaldeasturias.com\\\/radio\",\"nextItem\":{\"@type\":\"ListItem\",\"@id\":\"https:\\\/\\\/eldigitaldeasturias.com\\\/radio\\\/category\\\/noticias\\\/#listItem\",\"name\":\"Noticias\"}},{\"@type\":\"ListItem\",\"@id\":\"https:\\\/\\\/eldigitaldeasturias.com\\\/radio\\\/category\\\/noticias\\\/#listItem\",\"position\":2,\"name\":\"Noticias\",\"item\":\"https:\\\/\\\/eldigitaldeasturias.com\\\/radio\\\/category\\\/noticias\\\/\",\"nextItem\":{\"@type\":\"ListItem\",\"@id\":\"https:\\\/\\\/eldigitaldeasturias.com\\\/radio\\\/asturias-tambien-sufre-con-las-citas-previas\\\/#listItem\",\"name\":\"Asturias tambi\\u00e9n sufre con las citas previas\"},\"previousItem\":{\"@type\":\"ListItem\",\"@id\":\"https:\\\/\\\/eldigitaldeasturias.com\\\/radio#listItem\",\"name\":\"Inicio\"}},{\"@type\":\"ListItem\",\"@id\":\"https:\\\/\\\/eldigitaldeasturias.com\\\/radio\\\/asturias-tambien-sufre-con-las-citas-previas\\\/#listItem\",\"position\":3,\"name\":\"Asturias tambi\\u00e9n sufre con las citas previas\",\"previousItem\":{\"@type\":\"ListItem\",\"@id\":\"https:\\\/\\\/eldigitaldeasturias.com\\\/radio\\\/category\\\/noticias\\\/#listItem\",\"name\":\"Noticias\"}}]},{\"@type\":\"NewsArticle\",\"@id\":\"https:\\\/\\\/eldigitaldeasturias.com\\\/radio\\\/asturias-tambien-sufre-con-las-citas-previas\\\/#newsarticle\",\"name\":\"Asturias tambi\\u00e9n sufre con las citas previas | El Digital de Asturias\",\"headline\":\"Asturias tambi\\u00e9n sufre con las citas previas\",\"author\":{\"@id\":\"https:\\\/\\\/eldigitaldeasturias.com\\\/radio\\\/author\\\/nbasturias\\\/#author\"},\"publisher\":{\"@id\":\"https:\\\/\\\/eldigitaldeasturias.com\\\/radio\\\/#organization\"},\"image\":{\"@type\":\"ImageObject\",\"url\":\"https:\\\/\\\/eldigitaldeasturias.com\\\/radio\\\/wp-content\\\/uploads\\\/2020\\\/10\\\/car-1149997_640.jpg\",\"width\":640,\"height\":426},\"datePublished\":\"2020-10-16T18:46:34+02:00\",\"dateModified\":\"2020-10-16T18:46:34+02:00\",\"inLanguage\":\"es-ES\",\"mainEntityOfPage\":{\"@id\":\"https:\\\/\\\/eldigitaldeasturias.com\\\/radio\\\/asturias-tambien-sufre-con-las-citas-previas\\\/#webpage\"},\"isPartOf\":{\"@id\":\"https:\\\/\\\/eldigitaldeasturias.com\\\/radio\\\/asturias-tambien-sufre-con-las-citas-previas\\\/#webpage\"},\"articleSection\":\"Noticias\",\"dateline\":\"Publicado el octubre 16, 2020.\"},{\"@type\":\"Organization\",\"@id\":\"https:\\\/\\\/eldigitaldeasturias.com\\\/radio\\\/#organization\",\"name\":\"El digital de Asturias Radio\",\"description\":\"Diario de informaci\\u00f3n y noticias\",\"url\":\"https:\\\/\\\/eldigitaldeasturias.com\\\/radio\\\/\",\"telephone\":\"+34652131393\",\"logo\":{\"@type\":\"ImageObject\",\"url\":\"https:\\\/\\\/www.eldigitaldeasturias.com\\\/radio\\\/wp-content\\\/uploads\\\/2021\\\/03\\\/EDA.jpg\",\"@id\":\"https:\\\/\\\/eldigitaldeasturias.com\\\/radio\\\/asturias-tambien-sufre-con-las-citas-previas\\\/#organizationLogo\"},\"image\":{\"@id\":\"https:\\\/\\\/eldigitaldeasturias.com\\\/radio\\\/asturias-tambien-sufre-con-las-citas-previas\\\/#organizationLogo\"},\"sameAs\":[\"https:\\\/\\\/www.facebook.com\\\/\",\"https:\\\/\\\/x.com\\\/bercodi\",\"https:\\\/\\\/www.instagram.com\\\/\",\"https:\\\/\\\/www.youtube.com\\\/channel\\\/UCZP-2wLEB9Rv6erhFmqVnvg\"]},{\"@type\":\"Person\",\"@id\":\"https:\\\/\\\/eldigitaldeasturias.com\\\/radio\\\/author\\\/nbasturias\\\/#author\",\"url\":\"https:\\\/\\\/eldigitaldeasturias.com\\\/radio\\\/author\\\/nbasturias\\\/\",\"name\":\"NBAsturias\",\"image\":{\"@type\":\"ImageObject\",\"@id\":\"https:\\\/\\\/eldigitaldeasturias.com\\\/radio\\\/asturias-tambien-sufre-con-las-citas-previas\\\/#authorImage\",\"url\":\"https:\\\/\\\/secure.gravatar.com\\\/avatar\\\/df2aeffc32bcd13f8d26072ef8a91b623d677766deac7f97ca815868cd41bf5e?s=96&d=mm&r=g\",\"width\":96,\"height\":96,\"caption\":\"NBAsturias\"}},{\"@type\":\"WebPage\",\"@id\":\"https:\\\/\\\/eldigitaldeasturias.com\\\/radio\\\/asturias-tambien-sufre-con-las-citas-previas\\\/#webpage\",\"url\":\"https:\\\/\\\/eldigitaldeasturias.com\\\/radio\\\/asturias-tambien-sufre-con-las-citas-previas\\\/\",\"name\":\"Asturias tambi\\u00e9n sufre con las citas previas | El Digital de Asturias\",\"description\":\"La nueva forma de abrir al p\\u00fablico oficinas, locales y dem\\u00e1s establecimientos ha hecho que no siempre sea sencillo poder agilizar los tr\\u00e1mites. Se ha impuesto, v\\u00eda telef\\u00f3nica, telem\\u00e1tica o a trav\\u00e9s de app el poder hacer una petici\\u00f3n de cita previa para evitar aglomeraciones en los espacios, colas en las calles o incluso para\",\"inLanguage\":\"es-ES\",\"isPartOf\":{\"@id\":\"https:\\\/\\\/eldigitaldeasturias.com\\\/radio\\\/#website\"},\"breadcrumb\":{\"@id\":\"https:\\\/\\\/eldigitaldeasturias.com\\\/radio\\\/asturias-tambien-sufre-con-las-citas-previas\\\/#breadcrumblist\"},\"author\":{\"@id\":\"https:\\\/\\\/eldigitaldeasturias.com\\\/radio\\\/author\\\/nbasturias\\\/#author\"},\"creator\":{\"@id\":\"https:\\\/\\\/eldigitaldeasturias.com\\\/radio\\\/author\\\/nbasturias\\\/#author\"},\"image\":{\"@type\":\"ImageObject\",\"url\":\"https:\\\/\\\/eldigitaldeasturias.com\\\/radio\\\/wp-content\\\/uploads\\\/2020\\\/10\\\/car-1149997_640.jpg\",\"@id\":\"https:\\\/\\\/eldigitaldeasturias.com\\\/radio\\\/asturias-tambien-sufre-con-las-citas-previas\\\/#mainImage\",\"width\":640,\"height\":426},\"primaryImageOfPage\":{\"@id\":\"https:\\\/\\\/eldigitaldeasturias.com\\\/radio\\\/asturias-tambien-sufre-con-las-citas-previas\\\/#mainImage\"},\"datePublished\":\"2020-10-16T18:46:34+02:00\",\"dateModified\":\"2020-10-16T18:46:34+02:00\"},{\"@type\":\"WebSite\",\"@id\":\"https:\\\/\\\/eldigitaldeasturias.com\\\/radio\\\/#website\",\"url\":\"https:\\\/\\\/eldigitaldeasturias.com\\\/radio\\\/\",\"name\":\"El Digital de Asturias\",\"description\":\"Diario de informaci\\u00f3n y noticias\",\"inLanguage\":\"es-ES\",\"publisher\":{\"@id\":\"https:\\\/\\\/eldigitaldeasturias.com\\\/radio\\\/#organization\"}}]}\n\t\t<\/script>\n\t\t<!-- All in One SEO Pro -->\r\n\t\t<title>Asturias tambi\u00e9n sufre con las citas previas | El Digital de Asturias<\/title>\n\n","aioseo_head_json":{"title":"Asturias tambi\u00e9n sufre con las citas previas | El Digital de Asturias","description":"La nueva forma de abrir al p\u00fablico oficinas, locales y dem\u00e1s establecimientos ha hecho que no siempre sea sencillo poder agilizar los tr\u00e1mites. Se ha impuesto, v\u00eda telef\u00f3nica, telem\u00e1tica o a trav\u00e9s de app el poder hacer una petici\u00f3n de cita previa para evitar aglomeraciones en los espacios, colas en las calles o incluso para","canonical_url":"https:\/\/eldigitaldeasturias.com\/radio\/asturias-tambien-sufre-con-las-citas-previas\/","robots":"max-image-preview:large","keywords":"noticias","webmasterTools":{"google-site-verification":"UA-38556648-1","miscellaneous":""},"schema":{"@context":"https:\/\/schema.org","@graph":[{"@type":"BreadcrumbList","@id":"https:\/\/eldigitaldeasturias.com\/radio\/asturias-tambien-sufre-con-las-citas-previas\/#breadcrumblist","itemListElement":[{"@type":"ListItem","@id":"https:\/\/eldigitaldeasturias.com\/radio#listItem","position":1,"name":"Inicio","item":"https:\/\/eldigitaldeasturias.com\/radio","nextItem":{"@type":"ListItem","@id":"https:\/\/eldigitaldeasturias.com\/radio\/category\/noticias\/#listItem","name":"Noticias"}},{"@type":"ListItem","@id":"https:\/\/eldigitaldeasturias.com\/radio\/category\/noticias\/#listItem","position":2,"name":"Noticias","item":"https:\/\/eldigitaldeasturias.com\/radio\/category\/noticias\/","nextItem":{"@type":"ListItem","@id":"https:\/\/eldigitaldeasturias.com\/radio\/asturias-tambien-sufre-con-las-citas-previas\/#listItem","name":"Asturias tambi\u00e9n sufre con las citas previas"},"previousItem":{"@type":"ListItem","@id":"https:\/\/eldigitaldeasturias.com\/radio#listItem","name":"Inicio"}},{"@type":"ListItem","@id":"https:\/\/eldigitaldeasturias.com\/radio\/asturias-tambien-sufre-con-las-citas-previas\/#listItem","position":3,"name":"Asturias tambi\u00e9n sufre con las citas previas","previousItem":{"@type":"ListItem","@id":"https:\/\/eldigitaldeasturias.com\/radio\/category\/noticias\/#listItem","name":"Noticias"}}]},{"@type":"NewsArticle","@id":"https:\/\/eldigitaldeasturias.com\/radio\/asturias-tambien-sufre-con-las-citas-previas\/#newsarticle","name":"Asturias tambi\u00e9n sufre con las citas previas | El Digital de Asturias","headline":"Asturias tambi\u00e9n sufre con las citas previas","author":{"@id":"https:\/\/eldigitaldeasturias.com\/radio\/author\/nbasturias\/#author"},"publisher":{"@id":"https:\/\/eldigitaldeasturias.com\/radio\/#organization"},"image":{"@type":"ImageObject","url":"https:\/\/eldigitaldeasturias.com\/radio\/wp-content\/uploads\/2020\/10\/car-1149997_640.jpg","width":640,"height":426},"datePublished":"2020-10-16T18:46:34+02:00","dateModified":"2020-10-16T18:46:34+02:00","inLanguage":"es-ES","mainEntityOfPage":{"@id":"https:\/\/eldigitaldeasturias.com\/radio\/asturias-tambien-sufre-con-las-citas-previas\/#webpage"},"isPartOf":{"@id":"https:\/\/eldigitaldeasturias.com\/radio\/asturias-tambien-sufre-con-las-citas-previas\/#webpage"},"articleSection":"Noticias","dateline":"Publicado el octubre 16, 2020."},{"@type":"Organization","@id":"https:\/\/eldigitaldeasturias.com\/radio\/#organization","name":"El digital de Asturias Radio","description":"Diario de informaci\u00f3n y noticias","url":"https:\/\/eldigitaldeasturias.com\/radio\/","telephone":"+34652131393","logo":{"@type":"ImageObject","url":"https:\/\/www.eldigitaldeasturias.com\/radio\/wp-content\/uploads\/2021\/03\/EDA.jpg","@id":"https:\/\/eldigitaldeasturias.com\/radio\/asturias-tambien-sufre-con-las-citas-previas\/#organizationLogo"},"image":{"@id":"https:\/\/eldigitaldeasturias.com\/radio\/asturias-tambien-sufre-con-las-citas-previas\/#organizationLogo"},"sameAs":["https:\/\/www.facebook.com\/","https:\/\/x.com\/bercodi","https:\/\/www.instagram.com\/","https:\/\/www.youtube.com\/channel\/UCZP-2wLEB9Rv6erhFmqVnvg"]},{"@type":"Person","@id":"https:\/\/eldigitaldeasturias.com\/radio\/author\/nbasturias\/#author","url":"https:\/\/eldigitaldeasturias.com\/radio\/author\/nbasturias\/","name":"NBAsturias","image":{"@type":"ImageObject","@id":"https:\/\/eldigitaldeasturias.com\/radio\/asturias-tambien-sufre-con-las-citas-previas\/#authorImage","url":"https:\/\/secure.gravatar.com\/avatar\/df2aeffc32bcd13f8d26072ef8a91b623d677766deac7f97ca815868cd41bf5e?s=96&d=mm&r=g","width":96,"height":96,"caption":"NBAsturias"}},{"@type":"WebPage","@id":"https:\/\/eldigitaldeasturias.com\/radio\/asturias-tambien-sufre-con-las-citas-previas\/#webpage","url":"https:\/\/eldigitaldeasturias.com\/radio\/asturias-tambien-sufre-con-las-citas-previas\/","name":"Asturias tambi\u00e9n sufre con las citas previas | El Digital de Asturias","description":"La nueva forma de abrir al p\u00fablico oficinas, locales y dem\u00e1s establecimientos ha hecho que no siempre sea sencillo poder agilizar los tr\u00e1mites. Se ha impuesto, v\u00eda telef\u00f3nica, telem\u00e1tica o a trav\u00e9s de app el poder hacer una petici\u00f3n de cita previa para evitar aglomeraciones en los espacios, colas en las calles o incluso para","inLanguage":"es-ES","isPartOf":{"@id":"https:\/\/eldigitaldeasturias.com\/radio\/#website"},"breadcrumb":{"@id":"https:\/\/eldigitaldeasturias.com\/radio\/asturias-tambien-sufre-con-las-citas-previas\/#breadcrumblist"},"author":{"@id":"https:\/\/eldigitaldeasturias.com\/radio\/author\/nbasturias\/#author"},"creator":{"@id":"https:\/\/eldigitaldeasturias.com\/radio\/author\/nbasturias\/#author"},"image":{"@type":"ImageObject","url":"https:\/\/eldigitaldeasturias.com\/radio\/wp-content\/uploads\/2020\/10\/car-1149997_640.jpg","@id":"https:\/\/eldigitaldeasturias.com\/radio\/asturias-tambien-sufre-con-las-citas-previas\/#mainImage","width":640,"height":426},"primaryImageOfPage":{"@id":"https:\/\/eldigitaldeasturias.com\/radio\/asturias-tambien-sufre-con-las-citas-previas\/#mainImage"},"datePublished":"2020-10-16T18:46:34+02:00","dateModified":"2020-10-16T18:46:34+02:00"},{"@type":"WebSite","@id":"https:\/\/eldigitaldeasturias.com\/radio\/#website","url":"https:\/\/eldigitaldeasturias.com\/radio\/","name":"El Digital de Asturias","description":"Diario de informaci\u00f3n y noticias","inLanguage":"es-ES","publisher":{"@id":"https:\/\/eldigitaldeasturias.com\/radio\/#organization"}}]},"og:locale":"es_ES","og:site_name":"El Digital de Asturias | Diario de informaci\u00f3n y noticias","og:type":"article","og:title":"Asturias tambi\u00e9n sufre con las citas previas | El Digital de Asturias","og:description":"La nueva forma de abrir al p\u00fablico oficinas, locales y dem\u00e1s establecimientos ha hecho que no siempre sea sencillo poder agilizar los tr\u00e1mites. Se ha impuesto, v\u00eda telef\u00f3nica, telem\u00e1tica o a trav\u00e9s de app el poder hacer una petici\u00f3n de cita previa para evitar aglomeraciones en los espacios, colas en las calles o incluso para","og:url":"https:\/\/eldigitaldeasturias.com\/radio\/asturias-tambien-sufre-con-las-citas-previas\/","og:image":"https:\/\/eldigitaldeasturias.com\/radio\/wp-content\/uploads\/2020\/10\/car-1149997_640.jpg","og:image:secure_url":"https:\/\/eldigitaldeasturias.com\/radio\/wp-content\/uploads\/2020\/10\/car-1149997_640.jpg","og:image:width":640,"og:image:height":426,"article:published_time":"2020-10-16T18:46:34+00:00","article:modified_time":"2020-10-16T18:46:34+00:00","twitter:card":"summary_large_image","twitter:site":"@bercodi","twitter:title":"Asturias tambi\u00e9n sufre con las citas previas | El Digital de Asturias","twitter:description":"La nueva forma de abrir al p\u00fablico oficinas, locales y dem\u00e1s establecimientos ha hecho que no siempre sea sencillo poder agilizar los tr\u00e1mites. Se ha impuesto, v\u00eda telef\u00f3nica, telem\u00e1tica o a trav\u00e9s de app el poder hacer una petici\u00f3n de cita previa para evitar aglomeraciones en los espacios, colas en las calles o incluso para","twitter:creator":"@bercodi","twitter:image":"https:\/\/eldigitaldeasturias.com\/radio\/wp-content\/uploads\/2020\/10\/car-1149997_640.jpg"},"aioseo_meta_data":{"post_id":"5193","title":null,"description":"","keywords":"","keyphrases":null,"primary_term":null,"canonical_url":"","og_title":null,"og_description":null,"og_object_type":"default","og_image_type":"default","og_image_url":null,"og_image_width":null,"og_image_height":null,"og_image_custom_url":null,"og_image_custom_fields":null,"og_video":null,"og_custom_url":null,"og_article_section":null,"og_article_tags":null,"twitter_use_og":false,"twitter_card":"default","twitter_image_type":"default","twitter_image_url":null,"twitter_image_custom_url":null,"twitter_image_custom_fields":null,"twitter_title":null,"twitter_description":null,"schema":{"blockGraphs":[],"customGraphs":[],"default":{"data":{"Article":[],"Course":[],"Dataset":[],"FAQPage":[],"Movie":[],"Person":[],"Product":[],"ProductReview":[],"Car":[],"Recipe":[],"Service":[],"SoftwareApplication":[],"WebPage":[]},"graphName":"","isEnabled":true},"graphs":[],"defaultGraph":"","defaultPostTypeGraph":""},"schema_type":null,"schema_type_options":null,"pillar_content":false,"robots_default":true,"robots_noindex":false,"robots_noarchive":false,"robots_nosnippet":false,"robots_nofollow":false,"robots_noimageindex":false,"robots_noodp":false,"robots_notranslate":false,"robots_max_snippet":null,"robots_max_videopreview":null,"robots_max_imagepreview":"large","priority":null,"frequency":null,"location":null,"local_seo":null,"seo_analyzer_scan_date":"2025-08-28 17:31:57","breadcrumb_settings":null,"limit_modified_date":false,"open_ai":null,"ai":null,"created":"2021-03-25 11:32:22","updated":"2025-08-28 17:31:57"},"aioseo_breadcrumb":"<div class=\"aioseo-breadcrumbs\"><span class=\"aioseo-breadcrumb\">\n\t<a href=\"https:\/\/eldigitaldeasturias.com\/radio\" title=\"Inicio\">Inicio<\/a>\n<\/span><span class=\"aioseo-breadcrumb-separator\">&ndash;<\/span><span class=\"aioseo-breadcrumb\">\n\t<a href=\"https:\/\/eldigitaldeasturias.com\/radio\/category\/noticias\/\" title=\"Noticias\">Noticias<\/a>\n<\/span><span class=\"aioseo-breadcrumb-separator\">&ndash;<\/span><span class=\"aioseo-breadcrumb\">\n\tAsturias tambi\u00e9n sufre con las citas previas\n<\/span><\/div>","aioseo_breadcrumb_json":[{"label":"Inicio","link":"https:\/\/eldigitaldeasturias.com\/radio"},{"label":"Noticias","link":"https:\/\/eldigitaldeasturias.com\/radio\/category\/noticias\/"},{"label":"Asturias tambi\u00e9n sufre con las citas previas","link":"https:\/\/eldigitaldeasturias.com\/radio\/asturias-tambien-sufre-con-las-citas-previas\/"}],"_links":{"self":[{"href":"https:\/\/eldigitaldeasturias.com\/radio\/wp-json\/wp\/v2\/posts\/5193","targetHints":{"allow":["GET"]}}],"collection":[{"href":"https:\/\/eldigitaldeasturias.com\/radio\/wp-json\/wp\/v2\/posts"}],"about":[{"href":"https:\/\/eldigitaldeasturias.com\/radio\/wp-json\/wp\/v2\/types\/post"}],"author":[{"embeddable":true,"href":"https:\/\/eldigitaldeasturias.com\/radio\/wp-json\/wp\/v2\/users\/1"}],"replies":[{"embeddable":true,"href":"https:\/\/eldigitaldeasturias.com\/radio\/wp-json\/wp\/v2\/comments?post=5193"}],"version-history":[{"count":0,"href":"https:\/\/eldigitaldeasturias.com\/radio\/wp-json\/wp\/v2\/posts\/5193\/revisions"}],"wp:featuredmedia":[{"embeddable":true,"href":"https:\/\/eldigitaldeasturias.com\/radio\/wp-json\/wp\/v2\/media\/5194"}],"wp:attachment":[{"href":"https:\/\/eldigitaldeasturias.com\/radio\/wp-json\/wp\/v2\/media?parent=5193"}],"wp:term":[{"taxonomy":"category","embeddable":true,"href":"https:\/\/eldigitaldeasturias.com\/radio\/wp-json\/wp\/v2\/categories?post=5193"},{"taxonomy":"post_tag","embeddable":true,"href":"https:\/\/eldigitaldeasturias.com\/radio\/wp-json\/wp\/v2\/tags?post=5193"}],"curies":[{"name":"wp","href":"https:\/\/api.w.org\/{rel}","templated":true}]}}