{"id":5186,"date":"2020-10-13T15:57:18","date_gmt":"2020-10-13T15:57:18","guid":{"rendered":"http:\/\/www.eldigitaldeasturias.com\/radio\/?p=5186"},"modified":"2020-10-13T15:57:18","modified_gmt":"2020-10-13T15:57:18","slug":"douglas-costa-no-vivo-en-el-pasado-lo-que-paso-es-pasado-para-mi-el-tema-esta-cerrado","status":"publish","type":"post","link":"https:\/\/eldigitaldeasturias.com\/radio\/douglas-costa-no-vivo-en-el-pasado-lo-que-paso-es-pasado-para-mi-el-tema-esta-cerrado\/","title":{"rendered":"Douglas Costa: \u00abNo vivo en el pasado. Lo que pas\u00f3 es pasado para m\u00ed. El tema est\u00e1 cerrado\u00bb"},"content":{"rendered":"<figure id=\"attachment_5187\" aria-describedby=\"caption-attachment-5187\" style=\"width: 360px\" class=\"wp-caption alignleft\"><img fetchpriority=\"high\" decoding=\"async\" class=\"size-medium wp-image-5187\" src=\"http:\/\/www.eldigitaldeasturias.com\/radio\/wp-content\/uploads\/2020\/10\/Douglas-Costa-360x244.jpg\" alt=\"\" width=\"360\" height=\"244\" srcset=\"https:\/\/eldigitaldeasturias.com\/radio\/wp-content\/uploads\/2020\/10\/Douglas-Costa-360x244.jpg 360w, https:\/\/eldigitaldeasturias.com\/radio\/wp-content\/uploads\/2020\/10\/Douglas-Costa-768x520.jpg 768w, https:\/\/eldigitaldeasturias.com\/radio\/wp-content\/uploads\/2020\/10\/Douglas-Costa.jpg 969w\" sizes=\"(max-width: 360px) 100vw, 360px\" \/><figcaption id=\"caption-attachment-5187\" class=\"wp-caption-text\">Douglas Costa, jugador del Bayern M\u00fanich. Foto: picture alliance \/ Sven Hoppe\/dpa<\/figcaption><\/figure>\n<p>M\u00fanich, 13 oct (dpa) &#8211; El delantero del Bayern M\u00fanich, Douglas Costa, descart\u00f3 hoy referirse a las cr\u00edticas hechas por el ex presidente del club, Uli Hoeness, despu\u00e9s de su salida a la Juventus de Tur\u00edn en 2017, equipo por el cual ha sido cedido.<\/p>\n<p>\u00abNo vivo en el pasado. Lo que pas\u00f3 es pasado para m\u00ed. El tema est\u00e1 cerrado\u00bb, dijo el martes en una conferencia de prensa.<\/p>\n<p>Costa explic\u00f3 que no hab\u00eda hablado desde su regreso a M\u00fanich con Hoeness, quien en 2017 lo calific\u00f3 de \u00abmercenario\u00bb, pero a\u00f1adi\u00f3 que se hab\u00eda \u00abvuelto m\u00e1s maduro\u00bb durante su estancia en Italia.<\/p>\n<p>El brasile\u00f1o es ahora el cuarto jugador de banda capaz de ser titular en el Bayern junto con su compa\u00f1ero reci\u00e9n llegado Leroy San\u00e9, Kingsley Coman y Serge Gnabry. El club tambi\u00e9n tiene grandes esperanzas en la joven promesa Jamal Musiala, de 17 a\u00f1os.<\/p>\n<p>\u00abDouglas no es un reci\u00e9n llegado, es un viejo conocido\u00bb, dijo el director deportivo, Hasan Salihamidzic. \u00abSabemos lo bien que puede jugar\u00bb, a\u00f1adi\u00f3.<\/p>\n<p>El centrocampista espa\u00f1ol Marc Roca tambi\u00e9n tuvo hoy su acto de presentaci\u00f3n oficial, poco despu\u00e9s de unirse procedente del Espanyol de Barcelona. Ambos podr\u00edan debutar en el partido de Copa Alemana frente al D\u00fcren este jueves.<\/p>\n<p>\u00abTengo muchas ganas de jugar\u00bb, coment\u00f3 Roca.<\/p>\n","protected":false},"excerpt":{"rendered":"<p>M\u00fanich, 13 oct (dpa) &#8211; El delantero del Bayern M\u00fanich, Douglas Costa, descart\u00f3 hoy referirse a las cr\u00edticas hechas por el ex presidente del club, Uli Hoeness, despu\u00e9s de su salida a la Juventus de Tur\u00edn en 2017, equipo por el cual ha sido cedido. \u00abNo vivo en el pasado. Lo que pas\u00f3 es pasado<\/p>\n","protected":false},"author":1,"featured_media":5187,"comment_status":"closed","ping_status":"closed","sticky":false,"template":"","format":"standard","meta":{"footnotes":""},"categories":[1],"tags":[],"class_list":{"0":"post-5186","1":"post","2":"type-post","3":"status-publish","4":"format-standard","5":"has-post-thumbnail","7":"category-noticias"},"aioseo_notices":[],"aioseo_head":"\n\t\t<!-- All in One SEO Pro 4.9.6.2 - aioseo.com -->\n\t<meta name=\"description\" content=\"M\u00fanich, 13 oct (dpa) - El delantero del Bayern M\u00fanich, Douglas Costa, descart\u00f3 hoy referirse a las cr\u00edticas hechas por el ex presidente del club, Uli Hoeness, despu\u00e9s de su salida a la Juventus de Tur\u00edn en 2017, equipo por el cual ha sido cedido. &quot;No vivo en el pasado. Lo que pas\u00f3 es pasado\" \/>\n\t<meta name=\"robots\" content=\"max-image-preview:large\" \/>\n\t<meta name=\"author\" content=\"NBAsturias\"\/>\n\t<meta name=\"google-site-verification\" content=\"UA-38556648-1\" \/>\n\t<meta name=\"keywords\" content=\"noticias\" \/>\n\t<link rel=\"canonical\" href=\"https:\/\/eldigitaldeasturias.com\/radio\/douglas-costa-no-vivo-en-el-pasado-lo-que-paso-es-pasado-para-mi-el-tema-esta-cerrado\/\" \/>\n\t<meta name=\"generator\" content=\"All in One SEO Pro (AIOSEO) 4.9.6.2\" \/>\n\t\t<meta property=\"og:locale\" content=\"es_ES\" \/>\n\t\t<meta property=\"og:site_name\" content=\"El Digital de Asturias | Diario de informaci\u00f3n y noticias\" \/>\n\t\t<meta property=\"og:type\" content=\"article\" \/>\n\t\t<meta property=\"og:title\" content=\"Douglas Costa: \u00abNo vivo en el pasado. Lo que pas\u00f3 es pasado para m\u00ed. El tema est\u00e1 cerrado\u00bb | El Digital de Asturias\" \/>\n\t\t<meta property=\"og:description\" content=\"M\u00fanich, 13 oct (dpa) - El delantero del Bayern M\u00fanich, Douglas Costa, descart\u00f3 hoy referirse a las cr\u00edticas hechas por el ex presidente del club, Uli Hoeness, despu\u00e9s de su salida a la Juventus de Tur\u00edn en 2017, equipo por el cual ha sido cedido. &quot;No vivo en el pasado. Lo que pas\u00f3 es pasado\" \/>\n\t\t<meta property=\"og:url\" content=\"https:\/\/eldigitaldeasturias.com\/radio\/douglas-costa-no-vivo-en-el-pasado-lo-que-paso-es-pasado-para-mi-el-tema-esta-cerrado\/\" \/>\n\t\t<meta property=\"og:image\" content=\"https:\/\/eldigitaldeasturias.com\/radio\/wp-content\/uploads\/2020\/10\/Douglas-Costa.jpg\" \/>\n\t\t<meta property=\"og:image:secure_url\" content=\"https:\/\/eldigitaldeasturias.com\/radio\/wp-content\/uploads\/2020\/10\/Douglas-Costa.jpg\" \/>\n\t\t<meta property=\"og:image:width\" content=\"969\" \/>\n\t\t<meta property=\"og:image:height\" content=\"656\" \/>\n\t\t<meta property=\"article:published_time\" content=\"2020-10-13T15:57:18+00:00\" \/>\n\t\t<meta property=\"article:modified_time\" content=\"2020-10-13T15:57:18+00:00\" \/>\n\t\t<meta name=\"twitter:card\" content=\"summary_large_image\" \/>\n\t\t<meta name=\"twitter:site\" content=\"@bercodi\" \/>\n\t\t<meta name=\"twitter:title\" content=\"Douglas Costa: \u00abNo vivo en el pasado. Lo que pas\u00f3 es pasado para m\u00ed. El tema est\u00e1 cerrado\u00bb | El Digital de Asturias\" \/>\n\t\t<meta name=\"twitter:description\" content=\"M\u00fanich, 13 oct (dpa) - El delantero del Bayern M\u00fanich, Douglas Costa, descart\u00f3 hoy referirse a las cr\u00edticas hechas por el ex presidente del club, Uli Hoeness, despu\u00e9s de su salida a la Juventus de Tur\u00edn en 2017, equipo por el cual ha sido cedido. &quot;No vivo en el pasado. Lo que pas\u00f3 es pasado\" \/>\n\t\t<meta name=\"twitter:creator\" content=\"@bercodi\" \/>\n\t\t<meta name=\"twitter:image\" content=\"https:\/\/eldigitaldeasturias.com\/radio\/wp-content\/uploads\/2020\/10\/Douglas-Costa.jpg\" \/>\n\t\t<script type=\"application\/ld+json\" class=\"aioseo-schema\">\n\t\t\t{\"@context\":\"https:\\\/\\\/schema.org\",\"@graph\":[{\"@type\":\"BreadcrumbList\",\"@id\":\"https:\\\/\\\/eldigitaldeasturias.com\\\/radio\\\/douglas-costa-no-vivo-en-el-pasado-lo-que-paso-es-pasado-para-mi-el-tema-esta-cerrado\\\/#breadcrumblist\",\"itemListElement\":[{\"@type\":\"ListItem\",\"@id\":\"https:\\\/\\\/eldigitaldeasturias.com\\\/radio#listItem\",\"position\":1,\"name\":\"Inicio\",\"item\":\"https:\\\/\\\/eldigitaldeasturias.com\\\/radio\",\"nextItem\":{\"@type\":\"ListItem\",\"@id\":\"https:\\\/\\\/eldigitaldeasturias.com\\\/radio\\\/category\\\/noticias\\\/#listItem\",\"name\":\"Noticias\"}},{\"@type\":\"ListItem\",\"@id\":\"https:\\\/\\\/eldigitaldeasturias.com\\\/radio\\\/category\\\/noticias\\\/#listItem\",\"position\":2,\"name\":\"Noticias\",\"item\":\"https:\\\/\\\/eldigitaldeasturias.com\\\/radio\\\/category\\\/noticias\\\/\",\"nextItem\":{\"@type\":\"ListItem\",\"@id\":\"https:\\\/\\\/eldigitaldeasturias.com\\\/radio\\\/douglas-costa-no-vivo-en-el-pasado-lo-que-paso-es-pasado-para-mi-el-tema-esta-cerrado\\\/#listItem\",\"name\":\"Douglas Costa: \\u00abNo vivo en el pasado. Lo que pas\\u00f3 es pasado para m\\u00ed. El tema est\\u00e1 cerrado\\u00bb\"},\"previousItem\":{\"@type\":\"ListItem\",\"@id\":\"https:\\\/\\\/eldigitaldeasturias.com\\\/radio#listItem\",\"name\":\"Inicio\"}},{\"@type\":\"ListItem\",\"@id\":\"https:\\\/\\\/eldigitaldeasturias.com\\\/radio\\\/douglas-costa-no-vivo-en-el-pasado-lo-que-paso-es-pasado-para-mi-el-tema-esta-cerrado\\\/#listItem\",\"position\":3,\"name\":\"Douglas Costa: \\u00abNo vivo en el pasado. Lo que pas\\u00f3 es pasado para m\\u00ed. El tema est\\u00e1 cerrado\\u00bb\",\"previousItem\":{\"@type\":\"ListItem\",\"@id\":\"https:\\\/\\\/eldigitaldeasturias.com\\\/radio\\\/category\\\/noticias\\\/#listItem\",\"name\":\"Noticias\"}}]},{\"@type\":\"NewsArticle\",\"@id\":\"https:\\\/\\\/eldigitaldeasturias.com\\\/radio\\\/douglas-costa-no-vivo-en-el-pasado-lo-que-paso-es-pasado-para-mi-el-tema-esta-cerrado\\\/#newsarticle\",\"name\":\"Douglas Costa: \\u00abNo vivo en el pasado. Lo que pas\\u00f3 es pasado para m\\u00ed. El tema est\\u00e1 cerrado\\u00bb | El Digital de Asturias\",\"headline\":\"Douglas Costa: \\u00abNo vivo en el pasado. Lo que pas\\u00f3 es pasado para m\\u00ed. El tema est\\u00e1 cerrado\\u00bb\",\"author\":{\"@id\":\"https:\\\/\\\/eldigitaldeasturias.com\\\/radio\\\/author\\\/nbasturias\\\/#author\"},\"publisher\":{\"@id\":\"https:\\\/\\\/eldigitaldeasturias.com\\\/radio\\\/#organization\"},\"image\":{\"@type\":\"ImageObject\",\"url\":\"https:\\\/\\\/eldigitaldeasturias.com\\\/radio\\\/wp-content\\\/uploads\\\/2020\\\/10\\\/Douglas-Costa.jpg\",\"width\":969,\"height\":656,\"caption\":\"Douglas Costa, jugador del Bayern M\\u00fanich. Foto: picture alliance \\\/ Sven Hoppe\\\/dpa\"},\"datePublished\":\"2020-10-13T15:57:18+02:00\",\"dateModified\":\"2020-10-13T15:57:18+02:00\",\"inLanguage\":\"es-ES\",\"mainEntityOfPage\":{\"@id\":\"https:\\\/\\\/eldigitaldeasturias.com\\\/radio\\\/douglas-costa-no-vivo-en-el-pasado-lo-que-paso-es-pasado-para-mi-el-tema-esta-cerrado\\\/#webpage\"},\"isPartOf\":{\"@id\":\"https:\\\/\\\/eldigitaldeasturias.com\\\/radio\\\/douglas-costa-no-vivo-en-el-pasado-lo-que-paso-es-pasado-para-mi-el-tema-esta-cerrado\\\/#webpage\"},\"articleSection\":\"Noticias\",\"dateline\":\"Publicado el octubre 13, 2020.\"},{\"@type\":\"Organization\",\"@id\":\"https:\\\/\\\/eldigitaldeasturias.com\\\/radio\\\/#organization\",\"name\":\"El digital de Asturias Radio\",\"description\":\"Diario de informaci\\u00f3n y noticias\",\"url\":\"https:\\\/\\\/eldigitaldeasturias.com\\\/radio\\\/\",\"telephone\":\"+34652131393\",\"logo\":{\"@type\":\"ImageObject\",\"url\":\"https:\\\/\\\/www.eldigitaldeasturias.com\\\/radio\\\/wp-content\\\/uploads\\\/2021\\\/03\\\/EDA.jpg\",\"@id\":\"https:\\\/\\\/eldigitaldeasturias.com\\\/radio\\\/douglas-costa-no-vivo-en-el-pasado-lo-que-paso-es-pasado-para-mi-el-tema-esta-cerrado\\\/#organizationLogo\"},\"image\":{\"@id\":\"https:\\\/\\\/eldigitaldeasturias.com\\\/radio\\\/douglas-costa-no-vivo-en-el-pasado-lo-que-paso-es-pasado-para-mi-el-tema-esta-cerrado\\\/#organizationLogo\"},\"sameAs\":[\"https:\\\/\\\/www.facebook.com\\\/\",\"https:\\\/\\\/x.com\\\/bercodi\",\"https:\\\/\\\/www.instagram.com\\\/\",\"https:\\\/\\\/www.youtube.com\\\/channel\\\/UCZP-2wLEB9Rv6erhFmqVnvg\"]},{\"@type\":\"Person\",\"@id\":\"https:\\\/\\\/eldigitaldeasturias.com\\\/radio\\\/author\\\/nbasturias\\\/#author\",\"url\":\"https:\\\/\\\/eldigitaldeasturias.com\\\/radio\\\/author\\\/nbasturias\\\/\",\"name\":\"NBAsturias\",\"image\":{\"@type\":\"ImageObject\",\"@id\":\"https:\\\/\\\/eldigitaldeasturias.com\\\/radio\\\/douglas-costa-no-vivo-en-el-pasado-lo-que-paso-es-pasado-para-mi-el-tema-esta-cerrado\\\/#authorImage\",\"url\":\"https:\\\/\\\/secure.gravatar.com\\\/avatar\\\/df2aeffc32bcd13f8d26072ef8a91b623d677766deac7f97ca815868cd41bf5e?s=96&d=mm&r=g\",\"width\":96,\"height\":96,\"caption\":\"NBAsturias\"}},{\"@type\":\"WebPage\",\"@id\":\"https:\\\/\\\/eldigitaldeasturias.com\\\/radio\\\/douglas-costa-no-vivo-en-el-pasado-lo-que-paso-es-pasado-para-mi-el-tema-esta-cerrado\\\/#webpage\",\"url\":\"https:\\\/\\\/eldigitaldeasturias.com\\\/radio\\\/douglas-costa-no-vivo-en-el-pasado-lo-que-paso-es-pasado-para-mi-el-tema-esta-cerrado\\\/\",\"name\":\"Douglas Costa: \\u00abNo vivo en el pasado. Lo que pas\\u00f3 es pasado para m\\u00ed. El tema est\\u00e1 cerrado\\u00bb | El Digital de Asturias\",\"description\":\"M\\u00fanich, 13 oct (dpa) - El delantero del Bayern M\\u00fanich, Douglas Costa, descart\\u00f3 hoy referirse a las cr\\u00edticas hechas por el ex presidente del club, Uli Hoeness, despu\\u00e9s de su salida a la Juventus de Tur\\u00edn en 2017, equipo por el cual ha sido cedido. \\\"No vivo en el pasado. Lo que pas\\u00f3 es pasado\",\"inLanguage\":\"es-ES\",\"isPartOf\":{\"@id\":\"https:\\\/\\\/eldigitaldeasturias.com\\\/radio\\\/#website\"},\"breadcrumb\":{\"@id\":\"https:\\\/\\\/eldigitaldeasturias.com\\\/radio\\\/douglas-costa-no-vivo-en-el-pasado-lo-que-paso-es-pasado-para-mi-el-tema-esta-cerrado\\\/#breadcrumblist\"},\"author\":{\"@id\":\"https:\\\/\\\/eldigitaldeasturias.com\\\/radio\\\/author\\\/nbasturias\\\/#author\"},\"creator\":{\"@id\":\"https:\\\/\\\/eldigitaldeasturias.com\\\/radio\\\/author\\\/nbasturias\\\/#author\"},\"image\":{\"@type\":\"ImageObject\",\"url\":\"https:\\\/\\\/eldigitaldeasturias.com\\\/radio\\\/wp-content\\\/uploads\\\/2020\\\/10\\\/Douglas-Costa.jpg\",\"@id\":\"https:\\\/\\\/eldigitaldeasturias.com\\\/radio\\\/douglas-costa-no-vivo-en-el-pasado-lo-que-paso-es-pasado-para-mi-el-tema-esta-cerrado\\\/#mainImage\",\"width\":969,\"height\":656,\"caption\":\"Douglas Costa, jugador del Bayern M\\u00fanich. Foto: picture alliance \\\/ Sven Hoppe\\\/dpa\"},\"primaryImageOfPage\":{\"@id\":\"https:\\\/\\\/eldigitaldeasturias.com\\\/radio\\\/douglas-costa-no-vivo-en-el-pasado-lo-que-paso-es-pasado-para-mi-el-tema-esta-cerrado\\\/#mainImage\"},\"datePublished\":\"2020-10-13T15:57:18+02:00\",\"dateModified\":\"2020-10-13T15:57:18+02:00\"},{\"@type\":\"WebSite\",\"@id\":\"https:\\\/\\\/eldigitaldeasturias.com\\\/radio\\\/#website\",\"url\":\"https:\\\/\\\/eldigitaldeasturias.com\\\/radio\\\/\",\"name\":\"El Digital de Asturias\",\"description\":\"Diario de informaci\\u00f3n y noticias\",\"inLanguage\":\"es-ES\",\"publisher\":{\"@id\":\"https:\\\/\\\/eldigitaldeasturias.com\\\/radio\\\/#organization\"}}]}\n\t\t<\/script>\n\t\t<!-- All in One SEO Pro -->\r\n\t\t<title>Douglas Costa: \u00abNo vivo en el pasado. Lo que pas\u00f3 es pasado para m\u00ed. El tema est\u00e1 cerrado\u00bb | El Digital de Asturias<\/title>\n\n","aioseo_head_json":{"title":"Douglas Costa: \u00abNo vivo en el pasado. Lo que pas\u00f3 es pasado para m\u00ed. El tema est\u00e1 cerrado\u00bb | El Digital de Asturias","description":"M\u00fanich, 13 oct (dpa) - El delantero del Bayern M\u00fanich, Douglas Costa, descart\u00f3 hoy referirse a las cr\u00edticas hechas por el ex presidente del club, Uli Hoeness, despu\u00e9s de su salida a la Juventus de Tur\u00edn en 2017, equipo por el cual ha sido cedido. \"No vivo en el pasado. Lo que pas\u00f3 es pasado","canonical_url":"https:\/\/eldigitaldeasturias.com\/radio\/douglas-costa-no-vivo-en-el-pasado-lo-que-paso-es-pasado-para-mi-el-tema-esta-cerrado\/","robots":"max-image-preview:large","keywords":"noticias","webmasterTools":{"google-site-verification":"UA-38556648-1","miscellaneous":""},"schema":{"@context":"https:\/\/schema.org","@graph":[{"@type":"BreadcrumbList","@id":"https:\/\/eldigitaldeasturias.com\/radio\/douglas-costa-no-vivo-en-el-pasado-lo-que-paso-es-pasado-para-mi-el-tema-esta-cerrado\/#breadcrumblist","itemListElement":[{"@type":"ListItem","@id":"https:\/\/eldigitaldeasturias.com\/radio#listItem","position":1,"name":"Inicio","item":"https:\/\/eldigitaldeasturias.com\/radio","nextItem":{"@type":"ListItem","@id":"https:\/\/eldigitaldeasturias.com\/radio\/category\/noticias\/#listItem","name":"Noticias"}},{"@type":"ListItem","@id":"https:\/\/eldigitaldeasturias.com\/radio\/category\/noticias\/#listItem","position":2,"name":"Noticias","item":"https:\/\/eldigitaldeasturias.com\/radio\/category\/noticias\/","nextItem":{"@type":"ListItem","@id":"https:\/\/eldigitaldeasturias.com\/radio\/douglas-costa-no-vivo-en-el-pasado-lo-que-paso-es-pasado-para-mi-el-tema-esta-cerrado\/#listItem","name":"Douglas Costa: \u00abNo vivo en el pasado. Lo que pas\u00f3 es pasado para m\u00ed. El tema est\u00e1 cerrado\u00bb"},"previousItem":{"@type":"ListItem","@id":"https:\/\/eldigitaldeasturias.com\/radio#listItem","name":"Inicio"}},{"@type":"ListItem","@id":"https:\/\/eldigitaldeasturias.com\/radio\/douglas-costa-no-vivo-en-el-pasado-lo-que-paso-es-pasado-para-mi-el-tema-esta-cerrado\/#listItem","position":3,"name":"Douglas Costa: \u00abNo vivo en el pasado. Lo que pas\u00f3 es pasado para m\u00ed. El tema est\u00e1 cerrado\u00bb","previousItem":{"@type":"ListItem","@id":"https:\/\/eldigitaldeasturias.com\/radio\/category\/noticias\/#listItem","name":"Noticias"}}]},{"@type":"NewsArticle","@id":"https:\/\/eldigitaldeasturias.com\/radio\/douglas-costa-no-vivo-en-el-pasado-lo-que-paso-es-pasado-para-mi-el-tema-esta-cerrado\/#newsarticle","name":"Douglas Costa: \u00abNo vivo en el pasado. Lo que pas\u00f3 es pasado para m\u00ed. El tema est\u00e1 cerrado\u00bb | El Digital de Asturias","headline":"Douglas Costa: \u00abNo vivo en el pasado. Lo que pas\u00f3 es pasado para m\u00ed. El tema est\u00e1 cerrado\u00bb","author":{"@id":"https:\/\/eldigitaldeasturias.com\/radio\/author\/nbasturias\/#author"},"publisher":{"@id":"https:\/\/eldigitaldeasturias.com\/radio\/#organization"},"image":{"@type":"ImageObject","url":"https:\/\/eldigitaldeasturias.com\/radio\/wp-content\/uploads\/2020\/10\/Douglas-Costa.jpg","width":969,"height":656,"caption":"Douglas Costa, jugador del Bayern M\u00fanich. Foto: picture alliance \/ Sven Hoppe\/dpa"},"datePublished":"2020-10-13T15:57:18+02:00","dateModified":"2020-10-13T15:57:18+02:00","inLanguage":"es-ES","mainEntityOfPage":{"@id":"https:\/\/eldigitaldeasturias.com\/radio\/douglas-costa-no-vivo-en-el-pasado-lo-que-paso-es-pasado-para-mi-el-tema-esta-cerrado\/#webpage"},"isPartOf":{"@id":"https:\/\/eldigitaldeasturias.com\/radio\/douglas-costa-no-vivo-en-el-pasado-lo-que-paso-es-pasado-para-mi-el-tema-esta-cerrado\/#webpage"},"articleSection":"Noticias","dateline":"Publicado el octubre 13, 2020."},{"@type":"Organization","@id":"https:\/\/eldigitaldeasturias.com\/radio\/#organization","name":"El digital de Asturias Radio","description":"Diario de informaci\u00f3n y noticias","url":"https:\/\/eldigitaldeasturias.com\/radio\/","telephone":"+34652131393","logo":{"@type":"ImageObject","url":"https:\/\/www.eldigitaldeasturias.com\/radio\/wp-content\/uploads\/2021\/03\/EDA.jpg","@id":"https:\/\/eldigitaldeasturias.com\/radio\/douglas-costa-no-vivo-en-el-pasado-lo-que-paso-es-pasado-para-mi-el-tema-esta-cerrado\/#organizationLogo"},"image":{"@id":"https:\/\/eldigitaldeasturias.com\/radio\/douglas-costa-no-vivo-en-el-pasado-lo-que-paso-es-pasado-para-mi-el-tema-esta-cerrado\/#organizationLogo"},"sameAs":["https:\/\/www.facebook.com\/","https:\/\/x.com\/bercodi","https:\/\/www.instagram.com\/","https:\/\/www.youtube.com\/channel\/UCZP-2wLEB9Rv6erhFmqVnvg"]},{"@type":"Person","@id":"https:\/\/eldigitaldeasturias.com\/radio\/author\/nbasturias\/#author","url":"https:\/\/eldigitaldeasturias.com\/radio\/author\/nbasturias\/","name":"NBAsturias","image":{"@type":"ImageObject","@id":"https:\/\/eldigitaldeasturias.com\/radio\/douglas-costa-no-vivo-en-el-pasado-lo-que-paso-es-pasado-para-mi-el-tema-esta-cerrado\/#authorImage","url":"https:\/\/secure.gravatar.com\/avatar\/df2aeffc32bcd13f8d26072ef8a91b623d677766deac7f97ca815868cd41bf5e?s=96&d=mm&r=g","width":96,"height":96,"caption":"NBAsturias"}},{"@type":"WebPage","@id":"https:\/\/eldigitaldeasturias.com\/radio\/douglas-costa-no-vivo-en-el-pasado-lo-que-paso-es-pasado-para-mi-el-tema-esta-cerrado\/#webpage","url":"https:\/\/eldigitaldeasturias.com\/radio\/douglas-costa-no-vivo-en-el-pasado-lo-que-paso-es-pasado-para-mi-el-tema-esta-cerrado\/","name":"Douglas Costa: \u00abNo vivo en el pasado. Lo que pas\u00f3 es pasado para m\u00ed. El tema est\u00e1 cerrado\u00bb | El Digital de Asturias","description":"M\u00fanich, 13 oct (dpa) - El delantero del Bayern M\u00fanich, Douglas Costa, descart\u00f3 hoy referirse a las cr\u00edticas hechas por el ex presidente del club, Uli Hoeness, despu\u00e9s de su salida a la Juventus de Tur\u00edn en 2017, equipo por el cual ha sido cedido. \"No vivo en el pasado. Lo que pas\u00f3 es pasado","inLanguage":"es-ES","isPartOf":{"@id":"https:\/\/eldigitaldeasturias.com\/radio\/#website"},"breadcrumb":{"@id":"https:\/\/eldigitaldeasturias.com\/radio\/douglas-costa-no-vivo-en-el-pasado-lo-que-paso-es-pasado-para-mi-el-tema-esta-cerrado\/#breadcrumblist"},"author":{"@id":"https:\/\/eldigitaldeasturias.com\/radio\/author\/nbasturias\/#author"},"creator":{"@id":"https:\/\/eldigitaldeasturias.com\/radio\/author\/nbasturias\/#author"},"image":{"@type":"ImageObject","url":"https:\/\/eldigitaldeasturias.com\/radio\/wp-content\/uploads\/2020\/10\/Douglas-Costa.jpg","@id":"https:\/\/eldigitaldeasturias.com\/radio\/douglas-costa-no-vivo-en-el-pasado-lo-que-paso-es-pasado-para-mi-el-tema-esta-cerrado\/#mainImage","width":969,"height":656,"caption":"Douglas Costa, jugador del Bayern M\u00fanich. Foto: picture alliance \/ Sven Hoppe\/dpa"},"primaryImageOfPage":{"@id":"https:\/\/eldigitaldeasturias.com\/radio\/douglas-costa-no-vivo-en-el-pasado-lo-que-paso-es-pasado-para-mi-el-tema-esta-cerrado\/#mainImage"},"datePublished":"2020-10-13T15:57:18+02:00","dateModified":"2020-10-13T15:57:18+02:00"},{"@type":"WebSite","@id":"https:\/\/eldigitaldeasturias.com\/radio\/#website","url":"https:\/\/eldigitaldeasturias.com\/radio\/","name":"El Digital de Asturias","description":"Diario de informaci\u00f3n y noticias","inLanguage":"es-ES","publisher":{"@id":"https:\/\/eldigitaldeasturias.com\/radio\/#organization"}}]},"og:locale":"es_ES","og:site_name":"El Digital de Asturias | Diario de informaci\u00f3n y noticias","og:type":"article","og:title":"Douglas Costa: \u00abNo vivo en el pasado. Lo que pas\u00f3 es pasado para m\u00ed. El tema est\u00e1 cerrado\u00bb | El Digital de Asturias","og:description":"M\u00fanich, 13 oct (dpa) - El delantero del Bayern M\u00fanich, Douglas Costa, descart\u00f3 hoy referirse a las cr\u00edticas hechas por el ex presidente del club, Uli Hoeness, despu\u00e9s de su salida a la Juventus de Tur\u00edn en 2017, equipo por el cual ha sido cedido. &quot;No vivo en el pasado. Lo que pas\u00f3 es pasado","og:url":"https:\/\/eldigitaldeasturias.com\/radio\/douglas-costa-no-vivo-en-el-pasado-lo-que-paso-es-pasado-para-mi-el-tema-esta-cerrado\/","og:image":"https:\/\/eldigitaldeasturias.com\/radio\/wp-content\/uploads\/2020\/10\/Douglas-Costa.jpg","og:image:secure_url":"https:\/\/eldigitaldeasturias.com\/radio\/wp-content\/uploads\/2020\/10\/Douglas-Costa.jpg","og:image:width":969,"og:image:height":656,"article:published_time":"2020-10-13T15:57:18+00:00","article:modified_time":"2020-10-13T15:57:18+00:00","twitter:card":"summary_large_image","twitter:site":"@bercodi","twitter:title":"Douglas Costa: \u00abNo vivo en el pasado. Lo que pas\u00f3 es pasado para m\u00ed. El tema est\u00e1 cerrado\u00bb | El Digital de Asturias","twitter:description":"M\u00fanich, 13 oct (dpa) - El delantero del Bayern M\u00fanich, Douglas Costa, descart\u00f3 hoy referirse a las cr\u00edticas hechas por el ex presidente del club, Uli Hoeness, despu\u00e9s de su salida a la Juventus de Tur\u00edn en 2017, equipo por el cual ha sido cedido. &quot;No vivo en el pasado. Lo que pas\u00f3 es pasado","twitter:creator":"@bercodi","twitter:image":"https:\/\/eldigitaldeasturias.com\/radio\/wp-content\/uploads\/2020\/10\/Douglas-Costa.jpg"},"aioseo_meta_data":{"post_id":"5186","title":null,"description":"","keywords":"","keyphrases":null,"primary_term":null,"canonical_url":"","og_title":null,"og_description":null,"og_object_type":"default","og_image_type":"default","og_image_url":null,"og_image_width":null,"og_image_height":null,"og_image_custom_url":null,"og_image_custom_fields":null,"og_video":null,"og_custom_url":null,"og_article_section":null,"og_article_tags":null,"twitter_use_og":false,"twitter_card":"default","twitter_image_type":"default","twitter_image_url":null,"twitter_image_custom_url":null,"twitter_image_custom_fields":null,"twitter_title":null,"twitter_description":null,"schema":{"blockGraphs":[],"customGraphs":[],"default":{"data":{"Article":[],"Course":[],"Dataset":[],"FAQPage":[],"Movie":[],"Person":[],"Product":[],"ProductReview":[],"Car":[],"Recipe":[],"Service":[],"SoftwareApplication":[],"WebPage":[]},"graphName":"","isEnabled":true},"graphs":[],"defaultGraph":"","defaultPostTypeGraph":""},"schema_type":null,"schema_type_options":null,"pillar_content":false,"robots_default":true,"robots_noindex":false,"robots_noarchive":false,"robots_nosnippet":false,"robots_nofollow":false,"robots_noimageindex":false,"robots_noodp":false,"robots_notranslate":false,"robots_max_snippet":null,"robots_max_videopreview":null,"robots_max_imagepreview":"large","priority":null,"frequency":null,"location":null,"local_seo":null,"seo_analyzer_scan_date":"2025-08-28 17:31:55","breadcrumb_settings":null,"limit_modified_date":false,"open_ai":null,"ai":null,"created":"2021-03-25 11:32:22","updated":"2025-08-28 17:31:55"},"aioseo_breadcrumb":"<div class=\"aioseo-breadcrumbs\"><span class=\"aioseo-breadcrumb\">\n\t<a href=\"https:\/\/eldigitaldeasturias.com\/radio\" title=\"Inicio\">Inicio<\/a>\n<\/span><span class=\"aioseo-breadcrumb-separator\">&ndash;<\/span><span class=\"aioseo-breadcrumb\">\n\t<a href=\"https:\/\/eldigitaldeasturias.com\/radio\/category\/noticias\/\" title=\"Noticias\">Noticias<\/a>\n<\/span><span class=\"aioseo-breadcrumb-separator\">&ndash;<\/span><span class=\"aioseo-breadcrumb\">\n\tDouglas Costa: \u00abNo vivo en el pasado. Lo que pas\u00f3 es pasado para m\u00ed. El tema est\u00e1 cerrado\u00bb\n<\/span><\/div>","aioseo_breadcrumb_json":[{"label":"Inicio","link":"https:\/\/eldigitaldeasturias.com\/radio"},{"label":"Noticias","link":"https:\/\/eldigitaldeasturias.com\/radio\/category\/noticias\/"},{"label":"Douglas Costa: \u00abNo vivo en el pasado. Lo que pas\u00f3 es pasado para m\u00ed. El tema est\u00e1 cerrado\u00bb","link":"https:\/\/eldigitaldeasturias.com\/radio\/douglas-costa-no-vivo-en-el-pasado-lo-que-paso-es-pasado-para-mi-el-tema-esta-cerrado\/"}],"_links":{"self":[{"href":"https:\/\/eldigitaldeasturias.com\/radio\/wp-json\/wp\/v2\/posts\/5186","targetHints":{"allow":["GET"]}}],"collection":[{"href":"https:\/\/eldigitaldeasturias.com\/radio\/wp-json\/wp\/v2\/posts"}],"about":[{"href":"https:\/\/eldigitaldeasturias.com\/radio\/wp-json\/wp\/v2\/types\/post"}],"author":[{"embeddable":true,"href":"https:\/\/eldigitaldeasturias.com\/radio\/wp-json\/wp\/v2\/users\/1"}],"replies":[{"embeddable":true,"href":"https:\/\/eldigitaldeasturias.com\/radio\/wp-json\/wp\/v2\/comments?post=5186"}],"version-history":[{"count":0,"href":"https:\/\/eldigitaldeasturias.com\/radio\/wp-json\/wp\/v2\/posts\/5186\/revisions"}],"wp:featuredmedia":[{"embeddable":true,"href":"https:\/\/eldigitaldeasturias.com\/radio\/wp-json\/wp\/v2\/media\/5187"}],"wp:attachment":[{"href":"https:\/\/eldigitaldeasturias.com\/radio\/wp-json\/wp\/v2\/media?parent=5186"}],"wp:term":[{"taxonomy":"category","embeddable":true,"href":"https:\/\/eldigitaldeasturias.com\/radio\/wp-json\/wp\/v2\/categories?post=5186"},{"taxonomy":"post_tag","embeddable":true,"href":"https:\/\/eldigitaldeasturias.com\/radio\/wp-json\/wp\/v2\/tags?post=5186"}],"curies":[{"name":"wp","href":"https:\/\/api.w.org\/{rel}","templated":true}]}}