{"id":5184,"date":"2020-10-13T14:42:20","date_gmt":"2020-10-13T14:42:20","guid":{"rendered":"http:\/\/www.eldigitaldeasturias.com\/radio\/?p=5184"},"modified":"2020-10-13T14:42:20","modified_gmt":"2020-10-13T14:42:20","slug":"ministro-aleman-rree-viaja-a-grecia-y-chipre-como-muestra-de-apoyo","status":"publish","type":"post","link":"https:\/\/eldigitaldeasturias.com\/radio\/ministro-aleman-rree-viaja-a-grecia-y-chipre-como-muestra-de-apoyo\/","title":{"rendered":"Ministro alem\u00e1n RREE viaja a Grecia y Chipre como muestra de apoyo"},"content":{"rendered":"<p>Berl\u00edn, 13 oct (dpa) &#8211; El ministro alem\u00e1n de Relaciones Exteriores, Heiko Maas, parti\u00f3 hoy con destino a Chipre y Grecia con el objetivo de demostrar la \u00abtotal solidaridad\u00bb del Gobierno alem\u00e1n con ellos en su conflicto con Turqu\u00eda por las exploraciones de gas natural en aguas disputadas.<\/p>\n<p>\u00abHacemos un llamamiento a Turqu\u00eda para que se abstenga de cerrar la oportunidad de di\u00e1logo que acaba de abrirse con Grecia a trav\u00e9s de medidas unilaterales\u00bb, dijo Maas al salir de Berl\u00edn.<\/p>\n<p>\u00abLa reanudaci\u00f3n de las exploraciones de gas turco en las zonas en disputa en el Mediterr\u00e1neo oriental ser\u00eda un grave rev\u00e9s para los esfuerzos de desescalada, y por lo tanto para el desarrollo ulterior de las relaciones entre la Uni\u00f3n Europea y Turqu\u00eda\u00bb, a\u00f1adi\u00f3.<\/p>\n<p>El ministro alem\u00e1n no tiene planes de viajar a Turqu\u00eda para mediar entre los pa\u00edses mediterr\u00e1neos en conflicto.<\/p>\n<p>Grecia y Turqu\u00eda, ambos miembros de la OTAN, han estado enfrentados durante mucho tiempo por las reservas de gas natural en aguas del Mediterr\u00e1neo oriental que ambos reclaman como suyas, y por cuyos derechos de prospecci\u00f3n y perforaci\u00f3n est\u00e1n enfrentados.<\/p>\n","protected":false},"excerpt":{"rendered":"<p>Berl\u00edn, 13 oct (dpa) &#8211; El ministro alem\u00e1n de Relaciones Exteriores, Heiko Maas, parti\u00f3 hoy con destino a Chipre y Grecia con el objetivo de demostrar la \u00abtotal solidaridad\u00bb del Gobierno alem\u00e1n con ellos en su conflicto con Turqu\u00eda por las exploraciones de gas natural en aguas disputadas. \u00abHacemos un llamamiento a Turqu\u00eda para que<\/p>\n","protected":false},"author":1,"featured_media":4972,"comment_status":"closed","ping_status":"closed","sticky":false,"template":"","format":"standard","meta":{"footnotes":""},"categories":[1],"tags":[],"class_list":{"0":"post-5184","1":"post","2":"type-post","3":"status-publish","4":"format-standard","5":"has-post-thumbnail","7":"category-noticias"},"aioseo_notices":[],"aioseo_head":"\n\t\t<!-- All in One SEO Pro 4.9.6.2 - aioseo.com -->\n\t<meta name=\"description\" content=\"Berl\u00edn, 13 oct (dpa) - El ministro alem\u00e1n de Relaciones Exteriores, Heiko Maas, parti\u00f3 hoy con destino a Chipre y Grecia con el objetivo de demostrar la &quot;total solidaridad&quot; del Gobierno alem\u00e1n con ellos en su conflicto con Turqu\u00eda por las exploraciones de gas natural en aguas disputadas. &quot;Hacemos un llamamiento a Turqu\u00eda para que\" \/>\n\t<meta name=\"robots\" content=\"max-image-preview:large\" \/>\n\t<meta name=\"author\" content=\"NBAsturias\"\/>\n\t<meta name=\"google-site-verification\" content=\"UA-38556648-1\" \/>\n\t<meta name=\"keywords\" content=\"noticias\" \/>\n\t<link rel=\"canonical\" href=\"https:\/\/eldigitaldeasturias.com\/radio\/ministro-aleman-rree-viaja-a-grecia-y-chipre-como-muestra-de-apoyo\/\" \/>\n\t<meta name=\"generator\" content=\"All in One SEO Pro (AIOSEO) 4.9.6.2\" \/>\n\t\t<meta property=\"og:locale\" content=\"es_ES\" \/>\n\t\t<meta property=\"og:site_name\" content=\"El Digital de Asturias | Diario de informaci\u00f3n y noticias\" \/>\n\t\t<meta property=\"og:type\" content=\"article\" \/>\n\t\t<meta property=\"og:title\" content=\"Ministro alem\u00e1n RREE viaja a Grecia y Chipre como muestra de apoyo | El Digital de Asturias\" \/>\n\t\t<meta property=\"og:description\" content=\"Berl\u00edn, 13 oct (dpa) - El ministro alem\u00e1n de Relaciones Exteriores, Heiko Maas, parti\u00f3 hoy con destino a Chipre y Grecia con el objetivo de demostrar la &quot;total solidaridad&quot; del Gobierno alem\u00e1n con ellos en su conflicto con Turqu\u00eda por las exploraciones de gas natural en aguas disputadas. &quot;Hacemos un llamamiento a Turqu\u00eda para que\" \/>\n\t\t<meta property=\"og:url\" content=\"https:\/\/eldigitaldeasturias.com\/radio\/ministro-aleman-rree-viaja-a-grecia-y-chipre-como-muestra-de-apoyo\/\" \/>\n\t\t<meta property=\"og:image\" content=\"https:\/\/eldigitaldeasturias.com\/radio\/wp-content\/uploads\/2020\/08\/Noticias-Urgentes.jpg\" \/>\n\t\t<meta property=\"og:image:secure_url\" content=\"https:\/\/eldigitaldeasturias.com\/radio\/wp-content\/uploads\/2020\/08\/Noticias-Urgentes.jpg\" \/>\n\t\t<meta property=\"og:image:width\" content=\"640\" \/>\n\t\t<meta property=\"og:image:height\" content=\"400\" \/>\n\t\t<meta property=\"article:published_time\" content=\"2020-10-13T14:42:20+00:00\" \/>\n\t\t<meta property=\"article:modified_time\" content=\"2020-10-13T14:42:20+00:00\" \/>\n\t\t<meta name=\"twitter:card\" content=\"summary_large_image\" \/>\n\t\t<meta name=\"twitter:site\" content=\"@bercodi\" \/>\n\t\t<meta name=\"twitter:title\" content=\"Ministro alem\u00e1n RREE viaja a Grecia y Chipre como muestra de apoyo | El Digital de Asturias\" \/>\n\t\t<meta name=\"twitter:description\" content=\"Berl\u00edn, 13 oct (dpa) - El ministro alem\u00e1n de Relaciones Exteriores, Heiko Maas, parti\u00f3 hoy con destino a Chipre y Grecia con el objetivo de demostrar la &quot;total solidaridad&quot; del Gobierno alem\u00e1n con ellos en su conflicto con Turqu\u00eda por las exploraciones de gas natural en aguas disputadas. &quot;Hacemos un llamamiento a Turqu\u00eda para que\" \/>\n\t\t<meta name=\"twitter:creator\" content=\"@bercodi\" \/>\n\t\t<meta name=\"twitter:image\" content=\"https:\/\/eldigitaldeasturias.com\/radio\/wp-content\/uploads\/2020\/08\/Noticias-Urgentes.jpg\" \/>\n\t\t<script type=\"application\/ld+json\" class=\"aioseo-schema\">\n\t\t\t{\"@context\":\"https:\\\/\\\/schema.org\",\"@graph\":[{\"@type\":\"BreadcrumbList\",\"@id\":\"https:\\\/\\\/eldigitaldeasturias.com\\\/radio\\\/ministro-aleman-rree-viaja-a-grecia-y-chipre-como-muestra-de-apoyo\\\/#breadcrumblist\",\"itemListElement\":[{\"@type\":\"ListItem\",\"@id\":\"https:\\\/\\\/eldigitaldeasturias.com\\\/radio#listItem\",\"position\":1,\"name\":\"Inicio\",\"item\":\"https:\\\/\\\/eldigitaldeasturias.com\\\/radio\",\"nextItem\":{\"@type\":\"ListItem\",\"@id\":\"https:\\\/\\\/eldigitaldeasturias.com\\\/radio\\\/category\\\/noticias\\\/#listItem\",\"name\":\"Noticias\"}},{\"@type\":\"ListItem\",\"@id\":\"https:\\\/\\\/eldigitaldeasturias.com\\\/radio\\\/category\\\/noticias\\\/#listItem\",\"position\":2,\"name\":\"Noticias\",\"item\":\"https:\\\/\\\/eldigitaldeasturias.com\\\/radio\\\/category\\\/noticias\\\/\",\"nextItem\":{\"@type\":\"ListItem\",\"@id\":\"https:\\\/\\\/eldigitaldeasturias.com\\\/radio\\\/ministro-aleman-rree-viaja-a-grecia-y-chipre-como-muestra-de-apoyo\\\/#listItem\",\"name\":\"Ministro alem\\u00e1n RREE viaja a Grecia y Chipre como muestra de apoyo\"},\"previousItem\":{\"@type\":\"ListItem\",\"@id\":\"https:\\\/\\\/eldigitaldeasturias.com\\\/radio#listItem\",\"name\":\"Inicio\"}},{\"@type\":\"ListItem\",\"@id\":\"https:\\\/\\\/eldigitaldeasturias.com\\\/radio\\\/ministro-aleman-rree-viaja-a-grecia-y-chipre-como-muestra-de-apoyo\\\/#listItem\",\"position\":3,\"name\":\"Ministro alem\\u00e1n RREE viaja a Grecia y Chipre como muestra de apoyo\",\"previousItem\":{\"@type\":\"ListItem\",\"@id\":\"https:\\\/\\\/eldigitaldeasturias.com\\\/radio\\\/category\\\/noticias\\\/#listItem\",\"name\":\"Noticias\"}}]},{\"@type\":\"NewsArticle\",\"@id\":\"https:\\\/\\\/eldigitaldeasturias.com\\\/radio\\\/ministro-aleman-rree-viaja-a-grecia-y-chipre-como-muestra-de-apoyo\\\/#newsarticle\",\"name\":\"Ministro alem\\u00e1n RREE viaja a Grecia y Chipre como muestra de apoyo | El Digital de Asturias\",\"headline\":\"Ministro alem\\u00e1n RREE viaja a Grecia y Chipre como muestra de apoyo\",\"author\":{\"@id\":\"https:\\\/\\\/eldigitaldeasturias.com\\\/radio\\\/author\\\/nbasturias\\\/#author\"},\"publisher\":{\"@id\":\"https:\\\/\\\/eldigitaldeasturias.com\\\/radio\\\/#organization\"},\"image\":{\"@type\":\"ImageObject\",\"url\":\"https:\\\/\\\/eldigitaldeasturias.com\\\/radio\\\/wp-content\\\/uploads\\\/2020\\\/08\\\/Noticias-Urgentes.jpg\",\"width\":640,\"height\":400},\"datePublished\":\"2020-10-13T14:42:20+02:00\",\"dateModified\":\"2020-10-13T14:42:20+02:00\",\"inLanguage\":\"es-ES\",\"mainEntityOfPage\":{\"@id\":\"https:\\\/\\\/eldigitaldeasturias.com\\\/radio\\\/ministro-aleman-rree-viaja-a-grecia-y-chipre-como-muestra-de-apoyo\\\/#webpage\"},\"isPartOf\":{\"@id\":\"https:\\\/\\\/eldigitaldeasturias.com\\\/radio\\\/ministro-aleman-rree-viaja-a-grecia-y-chipre-como-muestra-de-apoyo\\\/#webpage\"},\"articleSection\":\"Noticias\",\"dateline\":\"Publicado el octubre 13, 2020.\"},{\"@type\":\"Organization\",\"@id\":\"https:\\\/\\\/eldigitaldeasturias.com\\\/radio\\\/#organization\",\"name\":\"El digital de Asturias Radio\",\"description\":\"Diario de informaci\\u00f3n y noticias\",\"url\":\"https:\\\/\\\/eldigitaldeasturias.com\\\/radio\\\/\",\"telephone\":\"+34652131393\",\"logo\":{\"@type\":\"ImageObject\",\"url\":\"https:\\\/\\\/www.eldigitaldeasturias.com\\\/radio\\\/wp-content\\\/uploads\\\/2021\\\/03\\\/EDA.jpg\",\"@id\":\"https:\\\/\\\/eldigitaldeasturias.com\\\/radio\\\/ministro-aleman-rree-viaja-a-grecia-y-chipre-como-muestra-de-apoyo\\\/#organizationLogo\"},\"image\":{\"@id\":\"https:\\\/\\\/eldigitaldeasturias.com\\\/radio\\\/ministro-aleman-rree-viaja-a-grecia-y-chipre-como-muestra-de-apoyo\\\/#organizationLogo\"},\"sameAs\":[\"https:\\\/\\\/www.facebook.com\\\/\",\"https:\\\/\\\/x.com\\\/bercodi\",\"https:\\\/\\\/www.instagram.com\\\/\",\"https:\\\/\\\/www.youtube.com\\\/channel\\\/UCZP-2wLEB9Rv6erhFmqVnvg\"]},{\"@type\":\"Person\",\"@id\":\"https:\\\/\\\/eldigitaldeasturias.com\\\/radio\\\/author\\\/nbasturias\\\/#author\",\"url\":\"https:\\\/\\\/eldigitaldeasturias.com\\\/radio\\\/author\\\/nbasturias\\\/\",\"name\":\"NBAsturias\",\"image\":{\"@type\":\"ImageObject\",\"@id\":\"https:\\\/\\\/eldigitaldeasturias.com\\\/radio\\\/ministro-aleman-rree-viaja-a-grecia-y-chipre-como-muestra-de-apoyo\\\/#authorImage\",\"url\":\"https:\\\/\\\/secure.gravatar.com\\\/avatar\\\/df2aeffc32bcd13f8d26072ef8a91b623d677766deac7f97ca815868cd41bf5e?s=96&d=mm&r=g\",\"width\":96,\"height\":96,\"caption\":\"NBAsturias\"}},{\"@type\":\"WebPage\",\"@id\":\"https:\\\/\\\/eldigitaldeasturias.com\\\/radio\\\/ministro-aleman-rree-viaja-a-grecia-y-chipre-como-muestra-de-apoyo\\\/#webpage\",\"url\":\"https:\\\/\\\/eldigitaldeasturias.com\\\/radio\\\/ministro-aleman-rree-viaja-a-grecia-y-chipre-como-muestra-de-apoyo\\\/\",\"name\":\"Ministro alem\\u00e1n RREE viaja a Grecia y Chipre como muestra de apoyo | El Digital de Asturias\",\"description\":\"Berl\\u00edn, 13 oct (dpa) - El ministro alem\\u00e1n de Relaciones Exteriores, Heiko Maas, parti\\u00f3 hoy con destino a Chipre y Grecia con el objetivo de demostrar la \\\"total solidaridad\\\" del Gobierno alem\\u00e1n con ellos en su conflicto con Turqu\\u00eda por las exploraciones de gas natural en aguas disputadas. \\\"Hacemos un llamamiento a Turqu\\u00eda para que\",\"inLanguage\":\"es-ES\",\"isPartOf\":{\"@id\":\"https:\\\/\\\/eldigitaldeasturias.com\\\/radio\\\/#website\"},\"breadcrumb\":{\"@id\":\"https:\\\/\\\/eldigitaldeasturias.com\\\/radio\\\/ministro-aleman-rree-viaja-a-grecia-y-chipre-como-muestra-de-apoyo\\\/#breadcrumblist\"},\"author\":{\"@id\":\"https:\\\/\\\/eldigitaldeasturias.com\\\/radio\\\/author\\\/nbasturias\\\/#author\"},\"creator\":{\"@id\":\"https:\\\/\\\/eldigitaldeasturias.com\\\/radio\\\/author\\\/nbasturias\\\/#author\"},\"image\":{\"@type\":\"ImageObject\",\"url\":\"https:\\\/\\\/eldigitaldeasturias.com\\\/radio\\\/wp-content\\\/uploads\\\/2020\\\/08\\\/Noticias-Urgentes.jpg\",\"@id\":\"https:\\\/\\\/eldigitaldeasturias.com\\\/radio\\\/ministro-aleman-rree-viaja-a-grecia-y-chipre-como-muestra-de-apoyo\\\/#mainImage\",\"width\":640,\"height\":400},\"primaryImageOfPage\":{\"@id\":\"https:\\\/\\\/eldigitaldeasturias.com\\\/radio\\\/ministro-aleman-rree-viaja-a-grecia-y-chipre-como-muestra-de-apoyo\\\/#mainImage\"},\"datePublished\":\"2020-10-13T14:42:20+02:00\",\"dateModified\":\"2020-10-13T14:42:20+02:00\"},{\"@type\":\"WebSite\",\"@id\":\"https:\\\/\\\/eldigitaldeasturias.com\\\/radio\\\/#website\",\"url\":\"https:\\\/\\\/eldigitaldeasturias.com\\\/radio\\\/\",\"name\":\"El Digital de Asturias\",\"description\":\"Diario de informaci\\u00f3n y noticias\",\"inLanguage\":\"es-ES\",\"publisher\":{\"@id\":\"https:\\\/\\\/eldigitaldeasturias.com\\\/radio\\\/#organization\"}}]}\n\t\t<\/script>\n\t\t<!-- All in One SEO Pro -->\r\n\t\t<title>Ministro alem\u00e1n RREE viaja a Grecia y Chipre como muestra de apoyo | El Digital de Asturias<\/title>\n\n","aioseo_head_json":{"title":"Ministro alem\u00e1n RREE viaja a Grecia y Chipre como muestra de apoyo | El Digital de Asturias","description":"Berl\u00edn, 13 oct (dpa) - El ministro alem\u00e1n de Relaciones Exteriores, Heiko Maas, parti\u00f3 hoy con destino a Chipre y Grecia con el objetivo de demostrar la \"total solidaridad\" del Gobierno alem\u00e1n con ellos en su conflicto con Turqu\u00eda por las exploraciones de gas natural en aguas disputadas. \"Hacemos un llamamiento a Turqu\u00eda para que","canonical_url":"https:\/\/eldigitaldeasturias.com\/radio\/ministro-aleman-rree-viaja-a-grecia-y-chipre-como-muestra-de-apoyo\/","robots":"max-image-preview:large","keywords":"noticias","webmasterTools":{"google-site-verification":"UA-38556648-1","miscellaneous":""},"schema":{"@context":"https:\/\/schema.org","@graph":[{"@type":"BreadcrumbList","@id":"https:\/\/eldigitaldeasturias.com\/radio\/ministro-aleman-rree-viaja-a-grecia-y-chipre-como-muestra-de-apoyo\/#breadcrumblist","itemListElement":[{"@type":"ListItem","@id":"https:\/\/eldigitaldeasturias.com\/radio#listItem","position":1,"name":"Inicio","item":"https:\/\/eldigitaldeasturias.com\/radio","nextItem":{"@type":"ListItem","@id":"https:\/\/eldigitaldeasturias.com\/radio\/category\/noticias\/#listItem","name":"Noticias"}},{"@type":"ListItem","@id":"https:\/\/eldigitaldeasturias.com\/radio\/category\/noticias\/#listItem","position":2,"name":"Noticias","item":"https:\/\/eldigitaldeasturias.com\/radio\/category\/noticias\/","nextItem":{"@type":"ListItem","@id":"https:\/\/eldigitaldeasturias.com\/radio\/ministro-aleman-rree-viaja-a-grecia-y-chipre-como-muestra-de-apoyo\/#listItem","name":"Ministro alem\u00e1n RREE viaja a Grecia y Chipre como muestra de apoyo"},"previousItem":{"@type":"ListItem","@id":"https:\/\/eldigitaldeasturias.com\/radio#listItem","name":"Inicio"}},{"@type":"ListItem","@id":"https:\/\/eldigitaldeasturias.com\/radio\/ministro-aleman-rree-viaja-a-grecia-y-chipre-como-muestra-de-apoyo\/#listItem","position":3,"name":"Ministro alem\u00e1n RREE viaja a Grecia y Chipre como muestra de apoyo","previousItem":{"@type":"ListItem","@id":"https:\/\/eldigitaldeasturias.com\/radio\/category\/noticias\/#listItem","name":"Noticias"}}]},{"@type":"NewsArticle","@id":"https:\/\/eldigitaldeasturias.com\/radio\/ministro-aleman-rree-viaja-a-grecia-y-chipre-como-muestra-de-apoyo\/#newsarticle","name":"Ministro alem\u00e1n RREE viaja a Grecia y Chipre como muestra de apoyo | El Digital de Asturias","headline":"Ministro alem\u00e1n RREE viaja a Grecia y Chipre como muestra de apoyo","author":{"@id":"https:\/\/eldigitaldeasturias.com\/radio\/author\/nbasturias\/#author"},"publisher":{"@id":"https:\/\/eldigitaldeasturias.com\/radio\/#organization"},"image":{"@type":"ImageObject","url":"https:\/\/eldigitaldeasturias.com\/radio\/wp-content\/uploads\/2020\/08\/Noticias-Urgentes.jpg","width":640,"height":400},"datePublished":"2020-10-13T14:42:20+02:00","dateModified":"2020-10-13T14:42:20+02:00","inLanguage":"es-ES","mainEntityOfPage":{"@id":"https:\/\/eldigitaldeasturias.com\/radio\/ministro-aleman-rree-viaja-a-grecia-y-chipre-como-muestra-de-apoyo\/#webpage"},"isPartOf":{"@id":"https:\/\/eldigitaldeasturias.com\/radio\/ministro-aleman-rree-viaja-a-grecia-y-chipre-como-muestra-de-apoyo\/#webpage"},"articleSection":"Noticias","dateline":"Publicado el octubre 13, 2020."},{"@type":"Organization","@id":"https:\/\/eldigitaldeasturias.com\/radio\/#organization","name":"El digital de Asturias Radio","description":"Diario de informaci\u00f3n y noticias","url":"https:\/\/eldigitaldeasturias.com\/radio\/","telephone":"+34652131393","logo":{"@type":"ImageObject","url":"https:\/\/www.eldigitaldeasturias.com\/radio\/wp-content\/uploads\/2021\/03\/EDA.jpg","@id":"https:\/\/eldigitaldeasturias.com\/radio\/ministro-aleman-rree-viaja-a-grecia-y-chipre-como-muestra-de-apoyo\/#organizationLogo"},"image":{"@id":"https:\/\/eldigitaldeasturias.com\/radio\/ministro-aleman-rree-viaja-a-grecia-y-chipre-como-muestra-de-apoyo\/#organizationLogo"},"sameAs":["https:\/\/www.facebook.com\/","https:\/\/x.com\/bercodi","https:\/\/www.instagram.com\/","https:\/\/www.youtube.com\/channel\/UCZP-2wLEB9Rv6erhFmqVnvg"]},{"@type":"Person","@id":"https:\/\/eldigitaldeasturias.com\/radio\/author\/nbasturias\/#author","url":"https:\/\/eldigitaldeasturias.com\/radio\/author\/nbasturias\/","name":"NBAsturias","image":{"@type":"ImageObject","@id":"https:\/\/eldigitaldeasturias.com\/radio\/ministro-aleman-rree-viaja-a-grecia-y-chipre-como-muestra-de-apoyo\/#authorImage","url":"https:\/\/secure.gravatar.com\/avatar\/df2aeffc32bcd13f8d26072ef8a91b623d677766deac7f97ca815868cd41bf5e?s=96&d=mm&r=g","width":96,"height":96,"caption":"NBAsturias"}},{"@type":"WebPage","@id":"https:\/\/eldigitaldeasturias.com\/radio\/ministro-aleman-rree-viaja-a-grecia-y-chipre-como-muestra-de-apoyo\/#webpage","url":"https:\/\/eldigitaldeasturias.com\/radio\/ministro-aleman-rree-viaja-a-grecia-y-chipre-como-muestra-de-apoyo\/","name":"Ministro alem\u00e1n RREE viaja a Grecia y Chipre como muestra de apoyo | El Digital de Asturias","description":"Berl\u00edn, 13 oct (dpa) - El ministro alem\u00e1n de Relaciones Exteriores, Heiko Maas, parti\u00f3 hoy con destino a Chipre y Grecia con el objetivo de demostrar la \"total solidaridad\" del Gobierno alem\u00e1n con ellos en su conflicto con Turqu\u00eda por las exploraciones de gas natural en aguas disputadas. \"Hacemos un llamamiento a Turqu\u00eda para que","inLanguage":"es-ES","isPartOf":{"@id":"https:\/\/eldigitaldeasturias.com\/radio\/#website"},"breadcrumb":{"@id":"https:\/\/eldigitaldeasturias.com\/radio\/ministro-aleman-rree-viaja-a-grecia-y-chipre-como-muestra-de-apoyo\/#breadcrumblist"},"author":{"@id":"https:\/\/eldigitaldeasturias.com\/radio\/author\/nbasturias\/#author"},"creator":{"@id":"https:\/\/eldigitaldeasturias.com\/radio\/author\/nbasturias\/#author"},"image":{"@type":"ImageObject","url":"https:\/\/eldigitaldeasturias.com\/radio\/wp-content\/uploads\/2020\/08\/Noticias-Urgentes.jpg","@id":"https:\/\/eldigitaldeasturias.com\/radio\/ministro-aleman-rree-viaja-a-grecia-y-chipre-como-muestra-de-apoyo\/#mainImage","width":640,"height":400},"primaryImageOfPage":{"@id":"https:\/\/eldigitaldeasturias.com\/radio\/ministro-aleman-rree-viaja-a-grecia-y-chipre-como-muestra-de-apoyo\/#mainImage"},"datePublished":"2020-10-13T14:42:20+02:00","dateModified":"2020-10-13T14:42:20+02:00"},{"@type":"WebSite","@id":"https:\/\/eldigitaldeasturias.com\/radio\/#website","url":"https:\/\/eldigitaldeasturias.com\/radio\/","name":"El Digital de Asturias","description":"Diario de informaci\u00f3n y noticias","inLanguage":"es-ES","publisher":{"@id":"https:\/\/eldigitaldeasturias.com\/radio\/#organization"}}]},"og:locale":"es_ES","og:site_name":"El Digital de Asturias | Diario de informaci\u00f3n y noticias","og:type":"article","og:title":"Ministro alem\u00e1n RREE viaja a Grecia y Chipre como muestra de apoyo | El Digital de Asturias","og:description":"Berl\u00edn, 13 oct (dpa) - El ministro alem\u00e1n de Relaciones Exteriores, Heiko Maas, parti\u00f3 hoy con destino a Chipre y Grecia con el objetivo de demostrar la &quot;total solidaridad&quot; del Gobierno alem\u00e1n con ellos en su conflicto con Turqu\u00eda por las exploraciones de gas natural en aguas disputadas. &quot;Hacemos un llamamiento a Turqu\u00eda para que","og:url":"https:\/\/eldigitaldeasturias.com\/radio\/ministro-aleman-rree-viaja-a-grecia-y-chipre-como-muestra-de-apoyo\/","og:image":"https:\/\/eldigitaldeasturias.com\/radio\/wp-content\/uploads\/2020\/08\/Noticias-Urgentes.jpg","og:image:secure_url":"https:\/\/eldigitaldeasturias.com\/radio\/wp-content\/uploads\/2020\/08\/Noticias-Urgentes.jpg","og:image:width":640,"og:image:height":400,"article:published_time":"2020-10-13T14:42:20+00:00","article:modified_time":"2020-10-13T14:42:20+00:00","twitter:card":"summary_large_image","twitter:site":"@bercodi","twitter:title":"Ministro alem\u00e1n RREE viaja a Grecia y Chipre como muestra de apoyo | El Digital de Asturias","twitter:description":"Berl\u00edn, 13 oct (dpa) - El ministro alem\u00e1n de Relaciones Exteriores, Heiko Maas, parti\u00f3 hoy con destino a Chipre y Grecia con el objetivo de demostrar la &quot;total solidaridad&quot; del Gobierno alem\u00e1n con ellos en su conflicto con Turqu\u00eda por las exploraciones de gas natural en aguas disputadas. &quot;Hacemos un llamamiento a Turqu\u00eda para que","twitter:creator":"@bercodi","twitter:image":"https:\/\/eldigitaldeasturias.com\/radio\/wp-content\/uploads\/2020\/08\/Noticias-Urgentes.jpg"},"aioseo_meta_data":{"post_id":"5184","title":null,"description":"","keywords":"","keyphrases":null,"primary_term":null,"canonical_url":"","og_title":null,"og_description":null,"og_object_type":"default","og_image_type":"default","og_image_url":null,"og_image_width":null,"og_image_height":null,"og_image_custom_url":null,"og_image_custom_fields":null,"og_video":null,"og_custom_url":null,"og_article_section":null,"og_article_tags":null,"twitter_use_og":false,"twitter_card":"default","twitter_image_type":"default","twitter_image_url":null,"twitter_image_custom_url":null,"twitter_image_custom_fields":null,"twitter_title":null,"twitter_description":null,"schema":{"blockGraphs":[],"customGraphs":[],"default":{"data":{"Article":[],"Course":[],"Dataset":[],"FAQPage":[],"Movie":[],"Person":[],"Product":[],"ProductReview":[],"Car":[],"Recipe":[],"Service":[],"SoftwareApplication":[],"WebPage":[]},"graphName":"","isEnabled":true},"graphs":[],"defaultGraph":"","defaultPostTypeGraph":""},"schema_type":null,"schema_type_options":null,"pillar_content":false,"robots_default":true,"robots_noindex":false,"robots_noarchive":false,"robots_nosnippet":false,"robots_nofollow":false,"robots_noimageindex":false,"robots_noodp":false,"robots_notranslate":false,"robots_max_snippet":null,"robots_max_videopreview":null,"robots_max_imagepreview":"large","priority":null,"frequency":null,"location":null,"local_seo":null,"seo_analyzer_scan_date":"2025-08-28 17:30:30","breadcrumb_settings":null,"limit_modified_date":false,"open_ai":null,"ai":null,"created":"2021-03-25 14:06:53","updated":"2025-08-28 17:30:30"},"aioseo_breadcrumb":"<div class=\"aioseo-breadcrumbs\"><span class=\"aioseo-breadcrumb\">\n\t<a href=\"https:\/\/eldigitaldeasturias.com\/radio\" title=\"Inicio\">Inicio<\/a>\n<\/span><span class=\"aioseo-breadcrumb-separator\">&ndash;<\/span><span class=\"aioseo-breadcrumb\">\n\t<a href=\"https:\/\/eldigitaldeasturias.com\/radio\/category\/noticias\/\" title=\"Noticias\">Noticias<\/a>\n<\/span><span class=\"aioseo-breadcrumb-separator\">&ndash;<\/span><span class=\"aioseo-breadcrumb\">\n\tMinistro alem\u00e1n RREE viaja a Grecia y Chipre como muestra de apoyo\n<\/span><\/div>","aioseo_breadcrumb_json":[{"label":"Inicio","link":"https:\/\/eldigitaldeasturias.com\/radio"},{"label":"Noticias","link":"https:\/\/eldigitaldeasturias.com\/radio\/category\/noticias\/"},{"label":"Ministro alem\u00e1n RREE viaja a Grecia y Chipre como muestra de apoyo","link":"https:\/\/eldigitaldeasturias.com\/radio\/ministro-aleman-rree-viaja-a-grecia-y-chipre-como-muestra-de-apoyo\/"}],"_links":{"self":[{"href":"https:\/\/eldigitaldeasturias.com\/radio\/wp-json\/wp\/v2\/posts\/5184","targetHints":{"allow":["GET"]}}],"collection":[{"href":"https:\/\/eldigitaldeasturias.com\/radio\/wp-json\/wp\/v2\/posts"}],"about":[{"href":"https:\/\/eldigitaldeasturias.com\/radio\/wp-json\/wp\/v2\/types\/post"}],"author":[{"embeddable":true,"href":"https:\/\/eldigitaldeasturias.com\/radio\/wp-json\/wp\/v2\/users\/1"}],"replies":[{"embeddable":true,"href":"https:\/\/eldigitaldeasturias.com\/radio\/wp-json\/wp\/v2\/comments?post=5184"}],"version-history":[{"count":0,"href":"https:\/\/eldigitaldeasturias.com\/radio\/wp-json\/wp\/v2\/posts\/5184\/revisions"}],"wp:featuredmedia":[{"embeddable":true,"href":"https:\/\/eldigitaldeasturias.com\/radio\/wp-json\/wp\/v2\/media\/4972"}],"wp:attachment":[{"href":"https:\/\/eldigitaldeasturias.com\/radio\/wp-json\/wp\/v2\/media?parent=5184"}],"wp:term":[{"taxonomy":"category","embeddable":true,"href":"https:\/\/eldigitaldeasturias.com\/radio\/wp-json\/wp\/v2\/categories?post=5184"},{"taxonomy":"post_tag","embeddable":true,"href":"https:\/\/eldigitaldeasturias.com\/radio\/wp-json\/wp\/v2\/tags?post=5184"}],"curies":[{"name":"wp","href":"https:\/\/api.w.org\/{rel}","templated":true}]}}