{"id":5180,"date":"2020-10-13T14:15:11","date_gmt":"2020-10-13T14:15:11","guid":{"rendered":"http:\/\/www.eldigitaldeasturias.com\/radio\/?p=5180"},"modified":"2020-10-13T14:15:11","modified_gmt":"2020-10-13T14:15:11","slug":"bayern-munich-se-prepara-para-duelo-en-copa-alemana-contra-el-duren","status":"publish","type":"post","link":"https:\/\/eldigitaldeasturias.com\/radio\/bayern-munich-se-prepara-para-duelo-en-copa-alemana-contra-el-duren\/","title":{"rendered":"Bayern M\u00fanich se prepara para duelo en Copa Alemana contra el D\u00fcren"},"content":{"rendered":"<p><img fetchpriority=\"high\" decoding=\"async\" class=\"alignleft size-medium wp-image-812\" src=\"http:\/\/www.eldigitaldeasturias.com\/radio\/wp-content\/uploads\/2018\/04\/arena-1181668_960_720-360x240.jpg\" alt=\"\" width=\"360\" height=\"240\" srcset=\"https:\/\/eldigitaldeasturias.com\/radio\/wp-content\/uploads\/2018\/04\/arena-1181668_960_720-360x240.jpg 360w, https:\/\/eldigitaldeasturias.com\/radio\/wp-content\/uploads\/2018\/04\/arena-1181668_960_720-768x512.jpg 768w, https:\/\/eldigitaldeasturias.com\/radio\/wp-content\/uploads\/2018\/04\/arena-1181668_960_720.jpg 960w\" sizes=\"(max-width: 360px) 100vw, 360px\" \/>Berl\u00edn, 13 oct (dpa) &#8211; Bundesliga, Supercopa de Europa, Bundesliga, Supercopa de Alemania, Bundesliga, compromisos internacionales, Copa de Alemania: el programa implacable de la temporada del Bayern M\u00fanich contin\u00faa este jueves con una prueba para el equipo recientemente ampliado.<\/p>\n<p>Apenas llegadas sus estrellas de su compromiso internacional por la Liga de Naciones, cuya jornada finaliza este mi\u00e9rcoles, el equipo se enfrentar\u00e1 al D\u00fcren por la primera ronda de la Copa de Alemania.<\/p>\n<p>Ser\u00e1 el siguiente paso en la defensa del triplete obtenido la temporada pasada, aunque el D\u00fcren, de la quinta divisi\u00f3n, no ser\u00e1 probablemente uno de los tests m\u00e1s duros a los que se enfrentar\u00e1n los hombres dirigidos por Hansi Flick.<\/p>\n<p>\u00abEste a\u00f1o tenemos un calendario que nos presenta tareas dif\u00edciles\u00bb, dijo el director deportivo, Hasan Salihamidzic. \u00abPor eso estuvimos activos en el mercado de pases y reforzamos muy bien la solidez de nuestro equipo\u00bb.<\/p>\n<p>Tras las tempranas adquisiciones de Leroy San\u00e9, Alexander N\u00fcbel y Tanguy Nianzou, el Bayern a\u00f1adi\u00f3 a Marc Roca, Eric Maxim Choupo-Moting, Bouna Sarr y Douglas Costa en los \u00faltimos dos d\u00edas del mercado de transferencias.<\/p>\n<p>\u00abNos esperan tiempos dif\u00edciles. Todos los clubes del mundo deben enfrentar eso de manera correcta\u00bb, declar\u00f3 Salihamidzic.<\/p>\n<p>Seguramente el Bayern no sentir\u00e1 de inmediato las presiones financieras de la crisis generada por la pandemia global, pero mentalmente ya se siente el esfuerzo de jugar cada semana.<\/p>\n<p>\u00abPodemos estar cansados, pero no en las piernas. Hicimos pruebas de rendimiento antes de volver. Todo est\u00e1 en la cabeza\u00bb, se\u00f1al\u00f3 previamente el jugador alem\u00e1n Thomas M\u00fcller.<\/p>\n<p>M\u00fcller qued\u00f3 fuera del equipo convocado por el seleccionador alem\u00e1n Joachim L\u00f6w, pero el capit\u00e1n Manuel Neuer, Niklas S\u00fcle, Joshua Kimmich, Serge Gnabry y Leon Goretzka fueron convocados todos para la reciente fecha. San\u00e9 no jug\u00f3 por lesi\u00f3n.<\/p>\n<p>Con otro partido de la Bundesliga el s\u00e1bado y el encuentro por la Champions League ante el Atl\u00e9tico de Madrid el 21 de octubre, Flick podr\u00eda dejar descansar a los jugadores que participaron en el compromiso internacional y echar mano de los nuevos.<\/p>\n<p>N\u00fcbel podr\u00eda salir del banco y ser ubicado en el arco mientras que el ex delantero del Paris Saint-Germain Choupo-Moting podr\u00eda reemplazar al atacante estrella Robert Lewandowski, sobre todo porque este se lesion\u00f3 contra Polonia.<\/p>\n<p>El D\u00fcren, a su vez, buscar\u00e1 inspiraci\u00f3n en clubes de divisiones m\u00e1s bajas como Drochtersen\/Assel y R\u00f6dinghausen que vencieron al Bayern por 1-0 y 2-1 en partidos de Copa en 2018. No tendr\u00e1n, sin embargo, la ventaja de ser locales, dado que se traslad\u00f3 el partido al Allianz Arena de M\u00fanich debido a las reglamentaciones respecto de la pandemia de coronavirus.<\/p>\n<p>\u00abToda la regi\u00f3n apoya a nuestro equipo y espera el partido del a\u00f1o\u00bb, dijo el presidente del D\u00fcren, Wolfgang Spelthahn, luego de que un patrocinador donara el autob\u00fas para viajar hasta M\u00fanich. \u00abNo vamos a M\u00fanich de paseo y creo que nuestro equipo bajar\u00e1 del autob\u00fas con confianza\u00bb.<\/p>\n<p>Por Derek Wilson (dpa)<\/p>\n","protected":false},"excerpt":{"rendered":"<p>Berl\u00edn, 13 oct (dpa) &#8211; Bundesliga, Supercopa de Europa, Bundesliga, Supercopa de Alemania, Bundesliga, compromisos internacionales, Copa de Alemania: el programa implacable de la temporada del Bayern M\u00fanich contin\u00faa este jueves con una prueba para el equipo recientemente ampliado. Apenas llegadas sus estrellas de su compromiso internacional por la Liga de Naciones, cuya jornada finaliza<\/p>\n","protected":false},"author":1,"featured_media":812,"comment_status":"closed","ping_status":"closed","sticky":false,"template":"","format":"standard","meta":{"footnotes":""},"categories":[1],"tags":[],"class_list":{"0":"post-5180","1":"post","2":"type-post","3":"status-publish","4":"format-standard","5":"has-post-thumbnail","7":"category-noticias"},"aioseo_notices":[],"aioseo_head":"\n\t\t<!-- All in One SEO Pro 4.9.6.2 - aioseo.com -->\n\t<meta name=\"description\" content=\"Berl\u00edn, 13 oct (dpa) - Bundesliga, Supercopa de Europa, Bundesliga, Supercopa de Alemania, Bundesliga, compromisos internacionales, Copa de Alemania: el programa implacable de la temporada del Bayern M\u00fanich contin\u00faa este jueves con una prueba para el equipo recientemente ampliado. Apenas llegadas sus estrellas de su compromiso internacional por la Liga de Naciones, cuya jornada finaliza\" \/>\n\t<meta name=\"robots\" content=\"max-image-preview:large\" \/>\n\t<meta name=\"author\" content=\"NBAsturias\"\/>\n\t<meta name=\"google-site-verification\" content=\"UA-38556648-1\" \/>\n\t<meta name=\"keywords\" content=\"noticias\" \/>\n\t<link rel=\"canonical\" href=\"https:\/\/eldigitaldeasturias.com\/radio\/bayern-munich-se-prepara-para-duelo-en-copa-alemana-contra-el-duren\/\" \/>\n\t<meta name=\"generator\" content=\"All in One SEO Pro (AIOSEO) 4.9.6.2\" \/>\n\t\t<meta property=\"og:locale\" content=\"es_ES\" \/>\n\t\t<meta property=\"og:site_name\" content=\"El Digital de Asturias | Diario de informaci\u00f3n y noticias\" \/>\n\t\t<meta property=\"og:type\" content=\"article\" \/>\n\t\t<meta property=\"og:title\" content=\"Bayern M\u00fanich se prepara para duelo en Copa Alemana contra el D\u00fcren | El Digital de Asturias\" \/>\n\t\t<meta property=\"og:description\" content=\"Berl\u00edn, 13 oct (dpa) - Bundesliga, Supercopa de Europa, Bundesliga, Supercopa de Alemania, Bundesliga, compromisos internacionales, Copa de Alemania: el programa implacable de la temporada del Bayern M\u00fanich contin\u00faa este jueves con una prueba para el equipo recientemente ampliado. Apenas llegadas sus estrellas de su compromiso internacional por la Liga de Naciones, cuya jornada finaliza\" \/>\n\t\t<meta property=\"og:url\" content=\"https:\/\/eldigitaldeasturias.com\/radio\/bayern-munich-se-prepara-para-duelo-en-copa-alemana-contra-el-duren\/\" \/>\n\t\t<meta property=\"og:image\" content=\"https:\/\/eldigitaldeasturias.com\/radio\/wp-content\/uploads\/2018\/04\/arena-1181668_960_720.jpg\" \/>\n\t\t<meta property=\"og:image:secure_url\" content=\"https:\/\/eldigitaldeasturias.com\/radio\/wp-content\/uploads\/2018\/04\/arena-1181668_960_720.jpg\" \/>\n\t\t<meta property=\"og:image:width\" content=\"960\" \/>\n\t\t<meta property=\"og:image:height\" content=\"640\" \/>\n\t\t<meta property=\"article:published_time\" content=\"2020-10-13T14:15:11+00:00\" \/>\n\t\t<meta property=\"article:modified_time\" content=\"2020-10-13T14:15:11+00:00\" \/>\n\t\t<meta name=\"twitter:card\" content=\"summary_large_image\" \/>\n\t\t<meta name=\"twitter:site\" content=\"@bercodi\" \/>\n\t\t<meta name=\"twitter:title\" content=\"Bayern M\u00fanich se prepara para duelo en Copa Alemana contra el D\u00fcren | El Digital de Asturias\" \/>\n\t\t<meta name=\"twitter:description\" content=\"Berl\u00edn, 13 oct (dpa) - Bundesliga, Supercopa de Europa, Bundesliga, Supercopa de Alemania, Bundesliga, compromisos internacionales, Copa de Alemania: el programa implacable de la temporada del Bayern M\u00fanich contin\u00faa este jueves con una prueba para el equipo recientemente ampliado. Apenas llegadas sus estrellas de su compromiso internacional por la Liga de Naciones, cuya jornada finaliza\" \/>\n\t\t<meta name=\"twitter:creator\" content=\"@bercodi\" \/>\n\t\t<meta name=\"twitter:image\" content=\"https:\/\/eldigitaldeasturias.com\/radio\/wp-content\/uploads\/2018\/04\/arena-1181668_960_720.jpg\" \/>\n\t\t<script type=\"application\/ld+json\" class=\"aioseo-schema\">\n\t\t\t{\"@context\":\"https:\\\/\\\/schema.org\",\"@graph\":[{\"@type\":\"BreadcrumbList\",\"@id\":\"https:\\\/\\\/eldigitaldeasturias.com\\\/radio\\\/bayern-munich-se-prepara-para-duelo-en-copa-alemana-contra-el-duren\\\/#breadcrumblist\",\"itemListElement\":[{\"@type\":\"ListItem\",\"@id\":\"https:\\\/\\\/eldigitaldeasturias.com\\\/radio#listItem\",\"position\":1,\"name\":\"Inicio\",\"item\":\"https:\\\/\\\/eldigitaldeasturias.com\\\/radio\",\"nextItem\":{\"@type\":\"ListItem\",\"@id\":\"https:\\\/\\\/eldigitaldeasturias.com\\\/radio\\\/category\\\/noticias\\\/#listItem\",\"name\":\"Noticias\"}},{\"@type\":\"ListItem\",\"@id\":\"https:\\\/\\\/eldigitaldeasturias.com\\\/radio\\\/category\\\/noticias\\\/#listItem\",\"position\":2,\"name\":\"Noticias\",\"item\":\"https:\\\/\\\/eldigitaldeasturias.com\\\/radio\\\/category\\\/noticias\\\/\",\"nextItem\":{\"@type\":\"ListItem\",\"@id\":\"https:\\\/\\\/eldigitaldeasturias.com\\\/radio\\\/bayern-munich-se-prepara-para-duelo-en-copa-alemana-contra-el-duren\\\/#listItem\",\"name\":\"Bayern M\\u00fanich se prepara para duelo en Copa Alemana contra el D\\u00fcren\"},\"previousItem\":{\"@type\":\"ListItem\",\"@id\":\"https:\\\/\\\/eldigitaldeasturias.com\\\/radio#listItem\",\"name\":\"Inicio\"}},{\"@type\":\"ListItem\",\"@id\":\"https:\\\/\\\/eldigitaldeasturias.com\\\/radio\\\/bayern-munich-se-prepara-para-duelo-en-copa-alemana-contra-el-duren\\\/#listItem\",\"position\":3,\"name\":\"Bayern M\\u00fanich se prepara para duelo en Copa Alemana contra el D\\u00fcren\",\"previousItem\":{\"@type\":\"ListItem\",\"@id\":\"https:\\\/\\\/eldigitaldeasturias.com\\\/radio\\\/category\\\/noticias\\\/#listItem\",\"name\":\"Noticias\"}}]},{\"@type\":\"NewsArticle\",\"@id\":\"https:\\\/\\\/eldigitaldeasturias.com\\\/radio\\\/bayern-munich-se-prepara-para-duelo-en-copa-alemana-contra-el-duren\\\/#newsarticle\",\"name\":\"Bayern M\\u00fanich se prepara para duelo en Copa Alemana contra el D\\u00fcren | El Digital de Asturias\",\"headline\":\"Bayern M\\u00fanich se prepara para duelo en Copa Alemana contra el D\\u00fcren\",\"author\":{\"@id\":\"https:\\\/\\\/eldigitaldeasturias.com\\\/radio\\\/author\\\/nbasturias\\\/#author\"},\"publisher\":{\"@id\":\"https:\\\/\\\/eldigitaldeasturias.com\\\/radio\\\/#organization\"},\"image\":{\"@type\":\"ImageObject\",\"url\":\"https:\\\/\\\/eldigitaldeasturias.com\\\/radio\\\/wp-content\\\/uploads\\\/2018\\\/04\\\/arena-1181668_960_720.jpg\",\"width\":960,\"height\":640},\"datePublished\":\"2020-10-13T14:15:11+02:00\",\"dateModified\":\"2020-10-13T14:15:11+02:00\",\"inLanguage\":\"es-ES\",\"mainEntityOfPage\":{\"@id\":\"https:\\\/\\\/eldigitaldeasturias.com\\\/radio\\\/bayern-munich-se-prepara-para-duelo-en-copa-alemana-contra-el-duren\\\/#webpage\"},\"isPartOf\":{\"@id\":\"https:\\\/\\\/eldigitaldeasturias.com\\\/radio\\\/bayern-munich-se-prepara-para-duelo-en-copa-alemana-contra-el-duren\\\/#webpage\"},\"articleSection\":\"Noticias\",\"dateline\":\"Publicado el octubre 13, 2020.\"},{\"@type\":\"Organization\",\"@id\":\"https:\\\/\\\/eldigitaldeasturias.com\\\/radio\\\/#organization\",\"name\":\"El digital de Asturias Radio\",\"description\":\"Diario de informaci\\u00f3n y noticias\",\"url\":\"https:\\\/\\\/eldigitaldeasturias.com\\\/radio\\\/\",\"telephone\":\"+34652131393\",\"logo\":{\"@type\":\"ImageObject\",\"url\":\"https:\\\/\\\/www.eldigitaldeasturias.com\\\/radio\\\/wp-content\\\/uploads\\\/2021\\\/03\\\/EDA.jpg\",\"@id\":\"https:\\\/\\\/eldigitaldeasturias.com\\\/radio\\\/bayern-munich-se-prepara-para-duelo-en-copa-alemana-contra-el-duren\\\/#organizationLogo\"},\"image\":{\"@id\":\"https:\\\/\\\/eldigitaldeasturias.com\\\/radio\\\/bayern-munich-se-prepara-para-duelo-en-copa-alemana-contra-el-duren\\\/#organizationLogo\"},\"sameAs\":[\"https:\\\/\\\/www.facebook.com\\\/\",\"https:\\\/\\\/x.com\\\/bercodi\",\"https:\\\/\\\/www.instagram.com\\\/\",\"https:\\\/\\\/www.youtube.com\\\/channel\\\/UCZP-2wLEB9Rv6erhFmqVnvg\"]},{\"@type\":\"Person\",\"@id\":\"https:\\\/\\\/eldigitaldeasturias.com\\\/radio\\\/author\\\/nbasturias\\\/#author\",\"url\":\"https:\\\/\\\/eldigitaldeasturias.com\\\/radio\\\/author\\\/nbasturias\\\/\",\"name\":\"NBAsturias\",\"image\":{\"@type\":\"ImageObject\",\"@id\":\"https:\\\/\\\/eldigitaldeasturias.com\\\/radio\\\/bayern-munich-se-prepara-para-duelo-en-copa-alemana-contra-el-duren\\\/#authorImage\",\"url\":\"https:\\\/\\\/secure.gravatar.com\\\/avatar\\\/df2aeffc32bcd13f8d26072ef8a91b623d677766deac7f97ca815868cd41bf5e?s=96&d=mm&r=g\",\"width\":96,\"height\":96,\"caption\":\"NBAsturias\"}},{\"@type\":\"WebPage\",\"@id\":\"https:\\\/\\\/eldigitaldeasturias.com\\\/radio\\\/bayern-munich-se-prepara-para-duelo-en-copa-alemana-contra-el-duren\\\/#webpage\",\"url\":\"https:\\\/\\\/eldigitaldeasturias.com\\\/radio\\\/bayern-munich-se-prepara-para-duelo-en-copa-alemana-contra-el-duren\\\/\",\"name\":\"Bayern M\\u00fanich se prepara para duelo en Copa Alemana contra el D\\u00fcren | El Digital de Asturias\",\"description\":\"Berl\\u00edn, 13 oct (dpa) - Bundesliga, Supercopa de Europa, Bundesliga, Supercopa de Alemania, Bundesliga, compromisos internacionales, Copa de Alemania: el programa implacable de la temporada del Bayern M\\u00fanich contin\\u00faa este jueves con una prueba para el equipo recientemente ampliado. Apenas llegadas sus estrellas de su compromiso internacional por la Liga de Naciones, cuya jornada finaliza\",\"inLanguage\":\"es-ES\",\"isPartOf\":{\"@id\":\"https:\\\/\\\/eldigitaldeasturias.com\\\/radio\\\/#website\"},\"breadcrumb\":{\"@id\":\"https:\\\/\\\/eldigitaldeasturias.com\\\/radio\\\/bayern-munich-se-prepara-para-duelo-en-copa-alemana-contra-el-duren\\\/#breadcrumblist\"},\"author\":{\"@id\":\"https:\\\/\\\/eldigitaldeasturias.com\\\/radio\\\/author\\\/nbasturias\\\/#author\"},\"creator\":{\"@id\":\"https:\\\/\\\/eldigitaldeasturias.com\\\/radio\\\/author\\\/nbasturias\\\/#author\"},\"image\":{\"@type\":\"ImageObject\",\"url\":\"https:\\\/\\\/eldigitaldeasturias.com\\\/radio\\\/wp-content\\\/uploads\\\/2018\\\/04\\\/arena-1181668_960_720.jpg\",\"@id\":\"https:\\\/\\\/eldigitaldeasturias.com\\\/radio\\\/bayern-munich-se-prepara-para-duelo-en-copa-alemana-contra-el-duren\\\/#mainImage\",\"width\":960,\"height\":640},\"primaryImageOfPage\":{\"@id\":\"https:\\\/\\\/eldigitaldeasturias.com\\\/radio\\\/bayern-munich-se-prepara-para-duelo-en-copa-alemana-contra-el-duren\\\/#mainImage\"},\"datePublished\":\"2020-10-13T14:15:11+02:00\",\"dateModified\":\"2020-10-13T14:15:11+02:00\"},{\"@type\":\"WebSite\",\"@id\":\"https:\\\/\\\/eldigitaldeasturias.com\\\/radio\\\/#website\",\"url\":\"https:\\\/\\\/eldigitaldeasturias.com\\\/radio\\\/\",\"name\":\"El Digital de Asturias\",\"description\":\"Diario de informaci\\u00f3n y noticias\",\"inLanguage\":\"es-ES\",\"publisher\":{\"@id\":\"https:\\\/\\\/eldigitaldeasturias.com\\\/radio\\\/#organization\"}}]}\n\t\t<\/script>\n\t\t<!-- All in One SEO Pro -->\r\n\t\t<title>Bayern M\u00fanich se prepara para duelo en Copa Alemana contra el D\u00fcren | El Digital de Asturias<\/title>\n\n","aioseo_head_json":{"title":"Bayern M\u00fanich se prepara para duelo en Copa Alemana contra el D\u00fcren | El Digital de Asturias","description":"Berl\u00edn, 13 oct (dpa) - Bundesliga, Supercopa de Europa, Bundesliga, Supercopa de Alemania, Bundesliga, compromisos internacionales, Copa de Alemania: el programa implacable de la temporada del Bayern M\u00fanich contin\u00faa este jueves con una prueba para el equipo recientemente ampliado. Apenas llegadas sus estrellas de su compromiso internacional por la Liga de Naciones, cuya jornada finaliza","canonical_url":"https:\/\/eldigitaldeasturias.com\/radio\/bayern-munich-se-prepara-para-duelo-en-copa-alemana-contra-el-duren\/","robots":"max-image-preview:large","keywords":"noticias","webmasterTools":{"google-site-verification":"UA-38556648-1","miscellaneous":""},"schema":{"@context":"https:\/\/schema.org","@graph":[{"@type":"BreadcrumbList","@id":"https:\/\/eldigitaldeasturias.com\/radio\/bayern-munich-se-prepara-para-duelo-en-copa-alemana-contra-el-duren\/#breadcrumblist","itemListElement":[{"@type":"ListItem","@id":"https:\/\/eldigitaldeasturias.com\/radio#listItem","position":1,"name":"Inicio","item":"https:\/\/eldigitaldeasturias.com\/radio","nextItem":{"@type":"ListItem","@id":"https:\/\/eldigitaldeasturias.com\/radio\/category\/noticias\/#listItem","name":"Noticias"}},{"@type":"ListItem","@id":"https:\/\/eldigitaldeasturias.com\/radio\/category\/noticias\/#listItem","position":2,"name":"Noticias","item":"https:\/\/eldigitaldeasturias.com\/radio\/category\/noticias\/","nextItem":{"@type":"ListItem","@id":"https:\/\/eldigitaldeasturias.com\/radio\/bayern-munich-se-prepara-para-duelo-en-copa-alemana-contra-el-duren\/#listItem","name":"Bayern M\u00fanich se prepara para duelo en Copa Alemana contra el D\u00fcren"},"previousItem":{"@type":"ListItem","@id":"https:\/\/eldigitaldeasturias.com\/radio#listItem","name":"Inicio"}},{"@type":"ListItem","@id":"https:\/\/eldigitaldeasturias.com\/radio\/bayern-munich-se-prepara-para-duelo-en-copa-alemana-contra-el-duren\/#listItem","position":3,"name":"Bayern M\u00fanich se prepara para duelo en Copa Alemana contra el D\u00fcren","previousItem":{"@type":"ListItem","@id":"https:\/\/eldigitaldeasturias.com\/radio\/category\/noticias\/#listItem","name":"Noticias"}}]},{"@type":"NewsArticle","@id":"https:\/\/eldigitaldeasturias.com\/radio\/bayern-munich-se-prepara-para-duelo-en-copa-alemana-contra-el-duren\/#newsarticle","name":"Bayern M\u00fanich se prepara para duelo en Copa Alemana contra el D\u00fcren | El Digital de Asturias","headline":"Bayern M\u00fanich se prepara para duelo en Copa Alemana contra el D\u00fcren","author":{"@id":"https:\/\/eldigitaldeasturias.com\/radio\/author\/nbasturias\/#author"},"publisher":{"@id":"https:\/\/eldigitaldeasturias.com\/radio\/#organization"},"image":{"@type":"ImageObject","url":"https:\/\/eldigitaldeasturias.com\/radio\/wp-content\/uploads\/2018\/04\/arena-1181668_960_720.jpg","width":960,"height":640},"datePublished":"2020-10-13T14:15:11+02:00","dateModified":"2020-10-13T14:15:11+02:00","inLanguage":"es-ES","mainEntityOfPage":{"@id":"https:\/\/eldigitaldeasturias.com\/radio\/bayern-munich-se-prepara-para-duelo-en-copa-alemana-contra-el-duren\/#webpage"},"isPartOf":{"@id":"https:\/\/eldigitaldeasturias.com\/radio\/bayern-munich-se-prepara-para-duelo-en-copa-alemana-contra-el-duren\/#webpage"},"articleSection":"Noticias","dateline":"Publicado el octubre 13, 2020."},{"@type":"Organization","@id":"https:\/\/eldigitaldeasturias.com\/radio\/#organization","name":"El digital de Asturias Radio","description":"Diario de informaci\u00f3n y noticias","url":"https:\/\/eldigitaldeasturias.com\/radio\/","telephone":"+34652131393","logo":{"@type":"ImageObject","url":"https:\/\/www.eldigitaldeasturias.com\/radio\/wp-content\/uploads\/2021\/03\/EDA.jpg","@id":"https:\/\/eldigitaldeasturias.com\/radio\/bayern-munich-se-prepara-para-duelo-en-copa-alemana-contra-el-duren\/#organizationLogo"},"image":{"@id":"https:\/\/eldigitaldeasturias.com\/radio\/bayern-munich-se-prepara-para-duelo-en-copa-alemana-contra-el-duren\/#organizationLogo"},"sameAs":["https:\/\/www.facebook.com\/","https:\/\/x.com\/bercodi","https:\/\/www.instagram.com\/","https:\/\/www.youtube.com\/channel\/UCZP-2wLEB9Rv6erhFmqVnvg"]},{"@type":"Person","@id":"https:\/\/eldigitaldeasturias.com\/radio\/author\/nbasturias\/#author","url":"https:\/\/eldigitaldeasturias.com\/radio\/author\/nbasturias\/","name":"NBAsturias","image":{"@type":"ImageObject","@id":"https:\/\/eldigitaldeasturias.com\/radio\/bayern-munich-se-prepara-para-duelo-en-copa-alemana-contra-el-duren\/#authorImage","url":"https:\/\/secure.gravatar.com\/avatar\/df2aeffc32bcd13f8d26072ef8a91b623d677766deac7f97ca815868cd41bf5e?s=96&d=mm&r=g","width":96,"height":96,"caption":"NBAsturias"}},{"@type":"WebPage","@id":"https:\/\/eldigitaldeasturias.com\/radio\/bayern-munich-se-prepara-para-duelo-en-copa-alemana-contra-el-duren\/#webpage","url":"https:\/\/eldigitaldeasturias.com\/radio\/bayern-munich-se-prepara-para-duelo-en-copa-alemana-contra-el-duren\/","name":"Bayern M\u00fanich se prepara para duelo en Copa Alemana contra el D\u00fcren | El Digital de Asturias","description":"Berl\u00edn, 13 oct (dpa) - Bundesliga, Supercopa de Europa, Bundesliga, Supercopa de Alemania, Bundesliga, compromisos internacionales, Copa de Alemania: el programa implacable de la temporada del Bayern M\u00fanich contin\u00faa este jueves con una prueba para el equipo recientemente ampliado. Apenas llegadas sus estrellas de su compromiso internacional por la Liga de Naciones, cuya jornada finaliza","inLanguage":"es-ES","isPartOf":{"@id":"https:\/\/eldigitaldeasturias.com\/radio\/#website"},"breadcrumb":{"@id":"https:\/\/eldigitaldeasturias.com\/radio\/bayern-munich-se-prepara-para-duelo-en-copa-alemana-contra-el-duren\/#breadcrumblist"},"author":{"@id":"https:\/\/eldigitaldeasturias.com\/radio\/author\/nbasturias\/#author"},"creator":{"@id":"https:\/\/eldigitaldeasturias.com\/radio\/author\/nbasturias\/#author"},"image":{"@type":"ImageObject","url":"https:\/\/eldigitaldeasturias.com\/radio\/wp-content\/uploads\/2018\/04\/arena-1181668_960_720.jpg","@id":"https:\/\/eldigitaldeasturias.com\/radio\/bayern-munich-se-prepara-para-duelo-en-copa-alemana-contra-el-duren\/#mainImage","width":960,"height":640},"primaryImageOfPage":{"@id":"https:\/\/eldigitaldeasturias.com\/radio\/bayern-munich-se-prepara-para-duelo-en-copa-alemana-contra-el-duren\/#mainImage"},"datePublished":"2020-10-13T14:15:11+02:00","dateModified":"2020-10-13T14:15:11+02:00"},{"@type":"WebSite","@id":"https:\/\/eldigitaldeasturias.com\/radio\/#website","url":"https:\/\/eldigitaldeasturias.com\/radio\/","name":"El Digital de Asturias","description":"Diario de informaci\u00f3n y noticias","inLanguage":"es-ES","publisher":{"@id":"https:\/\/eldigitaldeasturias.com\/radio\/#organization"}}]},"og:locale":"es_ES","og:site_name":"El Digital de Asturias | Diario de informaci\u00f3n y noticias","og:type":"article","og:title":"Bayern M\u00fanich se prepara para duelo en Copa Alemana contra el D\u00fcren | El Digital de Asturias","og:description":"Berl\u00edn, 13 oct (dpa) - Bundesliga, Supercopa de Europa, Bundesliga, Supercopa de Alemania, Bundesliga, compromisos internacionales, Copa de Alemania: el programa implacable de la temporada del Bayern M\u00fanich contin\u00faa este jueves con una prueba para el equipo recientemente ampliado. Apenas llegadas sus estrellas de su compromiso internacional por la Liga de Naciones, cuya jornada finaliza","og:url":"https:\/\/eldigitaldeasturias.com\/radio\/bayern-munich-se-prepara-para-duelo-en-copa-alemana-contra-el-duren\/","og:image":"https:\/\/eldigitaldeasturias.com\/radio\/wp-content\/uploads\/2018\/04\/arena-1181668_960_720.jpg","og:image:secure_url":"https:\/\/eldigitaldeasturias.com\/radio\/wp-content\/uploads\/2018\/04\/arena-1181668_960_720.jpg","og:image:width":960,"og:image:height":640,"article:published_time":"2020-10-13T14:15:11+00:00","article:modified_time":"2020-10-13T14:15:11+00:00","twitter:card":"summary_large_image","twitter:site":"@bercodi","twitter:title":"Bayern M\u00fanich se prepara para duelo en Copa Alemana contra el D\u00fcren | El Digital de Asturias","twitter:description":"Berl\u00edn, 13 oct (dpa) - Bundesliga, Supercopa de Europa, Bundesliga, Supercopa de Alemania, Bundesliga, compromisos internacionales, Copa de Alemania: el programa implacable de la temporada del Bayern M\u00fanich contin\u00faa este jueves con una prueba para el equipo recientemente ampliado. Apenas llegadas sus estrellas de su compromiso internacional por la Liga de Naciones, cuya jornada finaliza","twitter:creator":"@bercodi","twitter:image":"https:\/\/eldigitaldeasturias.com\/radio\/wp-content\/uploads\/2018\/04\/arena-1181668_960_720.jpg"},"aioseo_meta_data":{"post_id":"5180","title":null,"description":"","keywords":"","keyphrases":null,"primary_term":null,"canonical_url":"","og_title":null,"og_description":null,"og_object_type":"default","og_image_type":"default","og_image_url":null,"og_image_width":null,"og_image_height":null,"og_image_custom_url":null,"og_image_custom_fields":null,"og_video":null,"og_custom_url":null,"og_article_section":null,"og_article_tags":null,"twitter_use_og":false,"twitter_card":"default","twitter_image_type":"default","twitter_image_url":null,"twitter_image_custom_url":null,"twitter_image_custom_fields":null,"twitter_title":null,"twitter_description":null,"schema":{"blockGraphs":[],"customGraphs":[],"default":{"data":{"Article":[],"Course":[],"Dataset":[],"FAQPage":[],"Movie":[],"Person":[],"Product":[],"ProductReview":[],"Car":[],"Recipe":[],"Service":[],"SoftwareApplication":[],"WebPage":[]},"graphName":"","isEnabled":true},"graphs":[],"defaultGraph":"","defaultPostTypeGraph":""},"schema_type":null,"schema_type_options":null,"pillar_content":false,"robots_default":true,"robots_noindex":false,"robots_noarchive":false,"robots_nosnippet":false,"robots_nofollow":false,"robots_noimageindex":false,"robots_noodp":false,"robots_notranslate":false,"robots_max_snippet":null,"robots_max_videopreview":null,"robots_max_imagepreview":"large","priority":null,"frequency":null,"location":null,"local_seo":null,"seo_analyzer_scan_date":"2025-08-28 17:30:28","breadcrumb_settings":null,"limit_modified_date":false,"open_ai":null,"ai":null,"created":"2021-03-25 14:11:50","updated":"2025-08-28 17:30:28"},"aioseo_breadcrumb":"<div class=\"aioseo-breadcrumbs\"><span class=\"aioseo-breadcrumb\">\n\t<a href=\"https:\/\/eldigitaldeasturias.com\/radio\" title=\"Inicio\">Inicio<\/a>\n<\/span><span class=\"aioseo-breadcrumb-separator\">&ndash;<\/span><span class=\"aioseo-breadcrumb\">\n\t<a href=\"https:\/\/eldigitaldeasturias.com\/radio\/category\/noticias\/\" title=\"Noticias\">Noticias<\/a>\n<\/span><span class=\"aioseo-breadcrumb-separator\">&ndash;<\/span><span class=\"aioseo-breadcrumb\">\n\tBayern M\u00fanich se prepara para duelo en Copa Alemana contra el D\u00fcren\n<\/span><\/div>","aioseo_breadcrumb_json":[{"label":"Inicio","link":"https:\/\/eldigitaldeasturias.com\/radio"},{"label":"Noticias","link":"https:\/\/eldigitaldeasturias.com\/radio\/category\/noticias\/"},{"label":"Bayern M\u00fanich se prepara para duelo en Copa Alemana contra el D\u00fcren","link":"https:\/\/eldigitaldeasturias.com\/radio\/bayern-munich-se-prepara-para-duelo-en-copa-alemana-contra-el-duren\/"}],"_links":{"self":[{"href":"https:\/\/eldigitaldeasturias.com\/radio\/wp-json\/wp\/v2\/posts\/5180","targetHints":{"allow":["GET"]}}],"collection":[{"href":"https:\/\/eldigitaldeasturias.com\/radio\/wp-json\/wp\/v2\/posts"}],"about":[{"href":"https:\/\/eldigitaldeasturias.com\/radio\/wp-json\/wp\/v2\/types\/post"}],"author":[{"embeddable":true,"href":"https:\/\/eldigitaldeasturias.com\/radio\/wp-json\/wp\/v2\/users\/1"}],"replies":[{"embeddable":true,"href":"https:\/\/eldigitaldeasturias.com\/radio\/wp-json\/wp\/v2\/comments?post=5180"}],"version-history":[{"count":0,"href":"https:\/\/eldigitaldeasturias.com\/radio\/wp-json\/wp\/v2\/posts\/5180\/revisions"}],"wp:featuredmedia":[{"embeddable":true,"href":"https:\/\/eldigitaldeasturias.com\/radio\/wp-json\/wp\/v2\/media\/812"}],"wp:attachment":[{"href":"https:\/\/eldigitaldeasturias.com\/radio\/wp-json\/wp\/v2\/media?parent=5180"}],"wp:term":[{"taxonomy":"category","embeddable":true,"href":"https:\/\/eldigitaldeasturias.com\/radio\/wp-json\/wp\/v2\/categories?post=5180"},{"taxonomy":"post_tag","embeddable":true,"href":"https:\/\/eldigitaldeasturias.com\/radio\/wp-json\/wp\/v2\/tags?post=5180"}],"curies":[{"name":"wp","href":"https:\/\/api.w.org\/{rel}","templated":true}]}}