{"id":5175,"date":"2020-10-11T20:01:53","date_gmt":"2020-10-11T20:01:53","guid":{"rendered":"http:\/\/www.eldigitaldeasturias.com\/radio\/?p=5175"},"modified":"2020-10-11T20:01:53","modified_gmt":"2020-10-11T20:01:53","slug":"psicovid-la-linea-de-atencion-psicologica-del-principado","status":"publish","type":"post","link":"https:\/\/eldigitaldeasturias.com\/radio\/psicovid-la-linea-de-atencion-psicologica-del-principado\/","title":{"rendered":"Psicovid: la l\u00ednea de atenci\u00f3n psicol\u00f3gica del Principado"},"content":{"rendered":"<p><img fetchpriority=\"high\" decoding=\"async\" class=\"alignleft size-medium wp-image-4993\" src=\"http:\/\/www.eldigitaldeasturias.com\/radio\/wp-content\/uploads\/2020\/08\/coronavirus-4914026_640-360x203.jpg\" alt=\"\" width=\"360\" height=\"203\" srcset=\"https:\/\/eldigitaldeasturias.com\/radio\/wp-content\/uploads\/2020\/08\/coronavirus-4914026_640-360x203.jpg 360w, https:\/\/eldigitaldeasturias.com\/radio\/wp-content\/uploads\/2020\/08\/coronavirus-4914026_640-600x337.jpg 600w, https:\/\/eldigitaldeasturias.com\/radio\/wp-content\/uploads\/2020\/08\/coronavirus-4914026_640.jpg 640w\" sizes=\"(max-width: 360px) 100vw, 360px\" \/>Durante la primera ola de la crisis sanitaria, el Principado fue pionero en poner en marcha un <strong>programa espec\u00edfico de atenci\u00f3n psicol\u00f3gica, denominado Psicovid<\/strong>, que da servicio a cualquier usuario que refiera s\u00edntomas o malestar generados por la situaci\u00f3n de la pandemia. Los profesionales de atenci\u00f3n primaria detectan y derivan estos casos a los psic\u00f3logos cl\u00ednicos de Atenci\u00f3n Primaria y de la red de Salud Mental.<\/p>\n<p>Adem\u00e1s, se habilit\u00f3 una l\u00ednea telef\u00f3nica de atenci\u00f3n psicol\u00f3gica que estuvo operativa los dos primeros meses de confinamiento con el prop\u00f3sito de mitigar el impacto emocional de la crisis sanitaria en la poblaci\u00f3n general. En total atendi\u00f3 1.231 llamadas.<\/p>\n<p>As\u00ed, durante los meses de confinamiento se sustituy\u00f3 parte de la atenci\u00f3n presencial por la atenci\u00f3n telef\u00f3nica, siempre manteniendo las consultas presenciales en situaciones de urgencia.<\/p>\n<p>La red de Salud Mental trabaja con un enfoque comunitario y equipos multidisciplinares. De este modo, esta \u00e1rea sanitaria se aborda desde el marco biopsicosocial con una especial incidencia en la prevenci\u00f3n, la detecci\u00f3n precoz, la atenci\u00f3n y la posterior rehabilitaci\u00f3n de los pacientes.<\/p>\n<p><strong>Se estima que el 9% de la poblaci\u00f3n asturiana padece alg\u00fan trastorno mental<\/strong>. Asimismo, uno de cada cuatro residentes en el Principado padecer\u00e1 a lo largo de su vida un problema de salud mental.<\/p>\n","protected":false},"excerpt":{"rendered":"<p>Durante la primera ola de la crisis sanitaria, el Principado fue pionero en poner en marcha un programa espec\u00edfico de atenci\u00f3n psicol\u00f3gica, denominado Psicovid, que da servicio a cualquier usuario que refiera s\u00edntomas o malestar generados por la situaci\u00f3n de la pandemia. Los profesionales de atenci\u00f3n primaria detectan y derivan estos casos a los psic\u00f3logos<\/p>\n","protected":false},"author":1,"featured_media":4993,"comment_status":"closed","ping_status":"closed","sticky":false,"template":"","format":"standard","meta":{"footnotes":""},"categories":[1],"tags":[],"class_list":{"0":"post-5175","1":"post","2":"type-post","3":"status-publish","4":"format-standard","5":"has-post-thumbnail","7":"category-noticias"},"aioseo_notices":[],"aioseo_head":"\n\t\t<!-- All in One SEO Pro 4.9.6.2 - aioseo.com -->\n\t<meta name=\"description\" content=\"Durante la primera ola de la crisis sanitaria, el Principado fue pionero en poner en marcha un programa espec\u00edfico de atenci\u00f3n psicol\u00f3gica, denominado Psicovid, que da servicio a cualquier usuario que refiera s\u00edntomas o malestar generados por la situaci\u00f3n de la pandemia. Los profesionales de atenci\u00f3n primaria detectan y derivan estos casos a los psic\u00f3logos\" \/>\n\t<meta name=\"robots\" content=\"max-image-preview:large\" \/>\n\t<meta name=\"author\" content=\"NBAsturias\"\/>\n\t<meta name=\"google-site-verification\" content=\"UA-38556648-1\" \/>\n\t<meta name=\"keywords\" content=\"noticias\" \/>\n\t<link rel=\"canonical\" href=\"https:\/\/eldigitaldeasturias.com\/radio\/psicovid-la-linea-de-atencion-psicologica-del-principado\/\" \/>\n\t<meta name=\"generator\" content=\"All in One SEO Pro (AIOSEO) 4.9.6.2\" \/>\n\t\t<meta property=\"og:locale\" content=\"es_ES\" \/>\n\t\t<meta property=\"og:site_name\" content=\"El Digital de Asturias | Diario de informaci\u00f3n y noticias\" \/>\n\t\t<meta property=\"og:type\" content=\"article\" \/>\n\t\t<meta property=\"og:title\" content=\"Psicovid: la l\u00ednea de atenci\u00f3n psicol\u00f3gica del Principado | El Digital de Asturias\" \/>\n\t\t<meta property=\"og:description\" content=\"Durante la primera ola de la crisis sanitaria, el Principado fue pionero en poner en marcha un programa espec\u00edfico de atenci\u00f3n psicol\u00f3gica, denominado Psicovid, que da servicio a cualquier usuario que refiera s\u00edntomas o malestar generados por la situaci\u00f3n de la pandemia. Los profesionales de atenci\u00f3n primaria detectan y derivan estos casos a los psic\u00f3logos\" \/>\n\t\t<meta property=\"og:url\" content=\"https:\/\/eldigitaldeasturias.com\/radio\/psicovid-la-linea-de-atencion-psicologica-del-principado\/\" \/>\n\t\t<meta property=\"og:image\" content=\"https:\/\/eldigitaldeasturias.com\/radio\/wp-content\/uploads\/2020\/08\/coronavirus-4914026_640.jpg\" \/>\n\t\t<meta property=\"og:image:secure_url\" content=\"https:\/\/eldigitaldeasturias.com\/radio\/wp-content\/uploads\/2020\/08\/coronavirus-4914026_640.jpg\" \/>\n\t\t<meta property=\"og:image:width\" content=\"640\" \/>\n\t\t<meta property=\"og:image:height\" content=\"360\" \/>\n\t\t<meta property=\"article:published_time\" content=\"2020-10-11T20:01:53+00:00\" \/>\n\t\t<meta property=\"article:modified_time\" content=\"2020-10-11T20:01:53+00:00\" \/>\n\t\t<meta name=\"twitter:card\" content=\"summary_large_image\" \/>\n\t\t<meta name=\"twitter:site\" content=\"@bercodi\" \/>\n\t\t<meta name=\"twitter:title\" content=\"Psicovid: la l\u00ednea de atenci\u00f3n psicol\u00f3gica del Principado | El Digital de Asturias\" \/>\n\t\t<meta name=\"twitter:description\" content=\"Durante la primera ola de la crisis sanitaria, el Principado fue pionero en poner en marcha un programa espec\u00edfico de atenci\u00f3n psicol\u00f3gica, denominado Psicovid, que da servicio a cualquier usuario que refiera s\u00edntomas o malestar generados por la situaci\u00f3n de la pandemia. Los profesionales de atenci\u00f3n primaria detectan y derivan estos casos a los psic\u00f3logos\" \/>\n\t\t<meta name=\"twitter:creator\" content=\"@bercodi\" \/>\n\t\t<meta name=\"twitter:image\" content=\"https:\/\/eldigitaldeasturias.com\/radio\/wp-content\/uploads\/2020\/08\/coronavirus-4914026_640.jpg\" \/>\n\t\t<script type=\"application\/ld+json\" class=\"aioseo-schema\">\n\t\t\t{\"@context\":\"https:\\\/\\\/schema.org\",\"@graph\":[{\"@type\":\"BreadcrumbList\",\"@id\":\"https:\\\/\\\/eldigitaldeasturias.com\\\/radio\\\/psicovid-la-linea-de-atencion-psicologica-del-principado\\\/#breadcrumblist\",\"itemListElement\":[{\"@type\":\"ListItem\",\"@id\":\"https:\\\/\\\/eldigitaldeasturias.com\\\/radio#listItem\",\"position\":1,\"name\":\"Inicio\",\"item\":\"https:\\\/\\\/eldigitaldeasturias.com\\\/radio\",\"nextItem\":{\"@type\":\"ListItem\",\"@id\":\"https:\\\/\\\/eldigitaldeasturias.com\\\/radio\\\/category\\\/noticias\\\/#listItem\",\"name\":\"Noticias\"}},{\"@type\":\"ListItem\",\"@id\":\"https:\\\/\\\/eldigitaldeasturias.com\\\/radio\\\/category\\\/noticias\\\/#listItem\",\"position\":2,\"name\":\"Noticias\",\"item\":\"https:\\\/\\\/eldigitaldeasturias.com\\\/radio\\\/category\\\/noticias\\\/\",\"nextItem\":{\"@type\":\"ListItem\",\"@id\":\"https:\\\/\\\/eldigitaldeasturias.com\\\/radio\\\/psicovid-la-linea-de-atencion-psicologica-del-principado\\\/#listItem\",\"name\":\"Psicovid: la l\\u00ednea de atenci\\u00f3n psicol\\u00f3gica del Principado\"},\"previousItem\":{\"@type\":\"ListItem\",\"@id\":\"https:\\\/\\\/eldigitaldeasturias.com\\\/radio#listItem\",\"name\":\"Inicio\"}},{\"@type\":\"ListItem\",\"@id\":\"https:\\\/\\\/eldigitaldeasturias.com\\\/radio\\\/psicovid-la-linea-de-atencion-psicologica-del-principado\\\/#listItem\",\"position\":3,\"name\":\"Psicovid: la l\\u00ednea de atenci\\u00f3n psicol\\u00f3gica del Principado\",\"previousItem\":{\"@type\":\"ListItem\",\"@id\":\"https:\\\/\\\/eldigitaldeasturias.com\\\/radio\\\/category\\\/noticias\\\/#listItem\",\"name\":\"Noticias\"}}]},{\"@type\":\"NewsArticle\",\"@id\":\"https:\\\/\\\/eldigitaldeasturias.com\\\/radio\\\/psicovid-la-linea-de-atencion-psicologica-del-principado\\\/#newsarticle\",\"name\":\"Psicovid: la l\\u00ednea de atenci\\u00f3n psicol\\u00f3gica del Principado | El Digital de Asturias\",\"headline\":\"Psicovid: la l\\u00ednea de atenci\\u00f3n psicol\\u00f3gica del Principado\",\"author\":{\"@id\":\"https:\\\/\\\/eldigitaldeasturias.com\\\/radio\\\/author\\\/nbasturias\\\/#author\"},\"publisher\":{\"@id\":\"https:\\\/\\\/eldigitaldeasturias.com\\\/radio\\\/#organization\"},\"image\":{\"@type\":\"ImageObject\",\"url\":\"https:\\\/\\\/eldigitaldeasturias.com\\\/radio\\\/wp-content\\\/uploads\\\/2020\\\/08\\\/coronavirus-4914026_640.jpg\",\"width\":640,\"height\":360},\"datePublished\":\"2020-10-11T20:01:53+02:00\",\"dateModified\":\"2020-10-11T20:01:53+02:00\",\"inLanguage\":\"es-ES\",\"mainEntityOfPage\":{\"@id\":\"https:\\\/\\\/eldigitaldeasturias.com\\\/radio\\\/psicovid-la-linea-de-atencion-psicologica-del-principado\\\/#webpage\"},\"isPartOf\":{\"@id\":\"https:\\\/\\\/eldigitaldeasturias.com\\\/radio\\\/psicovid-la-linea-de-atencion-psicologica-del-principado\\\/#webpage\"},\"articleSection\":\"Noticias\",\"dateline\":\"Publicado el octubre 11, 2020.\"},{\"@type\":\"Organization\",\"@id\":\"https:\\\/\\\/eldigitaldeasturias.com\\\/radio\\\/#organization\",\"name\":\"El digital de Asturias Radio\",\"description\":\"Diario de informaci\\u00f3n y noticias\",\"url\":\"https:\\\/\\\/eldigitaldeasturias.com\\\/radio\\\/\",\"telephone\":\"+34652131393\",\"logo\":{\"@type\":\"ImageObject\",\"url\":\"https:\\\/\\\/www.eldigitaldeasturias.com\\\/radio\\\/wp-content\\\/uploads\\\/2021\\\/03\\\/EDA.jpg\",\"@id\":\"https:\\\/\\\/eldigitaldeasturias.com\\\/radio\\\/psicovid-la-linea-de-atencion-psicologica-del-principado\\\/#organizationLogo\"},\"image\":{\"@id\":\"https:\\\/\\\/eldigitaldeasturias.com\\\/radio\\\/psicovid-la-linea-de-atencion-psicologica-del-principado\\\/#organizationLogo\"},\"sameAs\":[\"https:\\\/\\\/www.facebook.com\\\/\",\"https:\\\/\\\/x.com\\\/bercodi\",\"https:\\\/\\\/www.instagram.com\\\/\",\"https:\\\/\\\/www.youtube.com\\\/channel\\\/UCZP-2wLEB9Rv6erhFmqVnvg\"]},{\"@type\":\"Person\",\"@id\":\"https:\\\/\\\/eldigitaldeasturias.com\\\/radio\\\/author\\\/nbasturias\\\/#author\",\"url\":\"https:\\\/\\\/eldigitaldeasturias.com\\\/radio\\\/author\\\/nbasturias\\\/\",\"name\":\"NBAsturias\",\"image\":{\"@type\":\"ImageObject\",\"@id\":\"https:\\\/\\\/eldigitaldeasturias.com\\\/radio\\\/psicovid-la-linea-de-atencion-psicologica-del-principado\\\/#authorImage\",\"url\":\"https:\\\/\\\/secure.gravatar.com\\\/avatar\\\/df2aeffc32bcd13f8d26072ef8a91b623d677766deac7f97ca815868cd41bf5e?s=96&d=mm&r=g\",\"width\":96,\"height\":96,\"caption\":\"NBAsturias\"}},{\"@type\":\"WebPage\",\"@id\":\"https:\\\/\\\/eldigitaldeasturias.com\\\/radio\\\/psicovid-la-linea-de-atencion-psicologica-del-principado\\\/#webpage\",\"url\":\"https:\\\/\\\/eldigitaldeasturias.com\\\/radio\\\/psicovid-la-linea-de-atencion-psicologica-del-principado\\\/\",\"name\":\"Psicovid: la l\\u00ednea de atenci\\u00f3n psicol\\u00f3gica del Principado | El Digital de Asturias\",\"description\":\"Durante la primera ola de la crisis sanitaria, el Principado fue pionero en poner en marcha un programa espec\\u00edfico de atenci\\u00f3n psicol\\u00f3gica, denominado Psicovid, que da servicio a cualquier usuario que refiera s\\u00edntomas o malestar generados por la situaci\\u00f3n de la pandemia. Los profesionales de atenci\\u00f3n primaria detectan y derivan estos casos a los psic\\u00f3logos\",\"inLanguage\":\"es-ES\",\"isPartOf\":{\"@id\":\"https:\\\/\\\/eldigitaldeasturias.com\\\/radio\\\/#website\"},\"breadcrumb\":{\"@id\":\"https:\\\/\\\/eldigitaldeasturias.com\\\/radio\\\/psicovid-la-linea-de-atencion-psicologica-del-principado\\\/#breadcrumblist\"},\"author\":{\"@id\":\"https:\\\/\\\/eldigitaldeasturias.com\\\/radio\\\/author\\\/nbasturias\\\/#author\"},\"creator\":{\"@id\":\"https:\\\/\\\/eldigitaldeasturias.com\\\/radio\\\/author\\\/nbasturias\\\/#author\"},\"image\":{\"@type\":\"ImageObject\",\"url\":\"https:\\\/\\\/eldigitaldeasturias.com\\\/radio\\\/wp-content\\\/uploads\\\/2020\\\/08\\\/coronavirus-4914026_640.jpg\",\"@id\":\"https:\\\/\\\/eldigitaldeasturias.com\\\/radio\\\/psicovid-la-linea-de-atencion-psicologica-del-principado\\\/#mainImage\",\"width\":640,\"height\":360},\"primaryImageOfPage\":{\"@id\":\"https:\\\/\\\/eldigitaldeasturias.com\\\/radio\\\/psicovid-la-linea-de-atencion-psicologica-del-principado\\\/#mainImage\"},\"datePublished\":\"2020-10-11T20:01:53+02:00\",\"dateModified\":\"2020-10-11T20:01:53+02:00\"},{\"@type\":\"WebSite\",\"@id\":\"https:\\\/\\\/eldigitaldeasturias.com\\\/radio\\\/#website\",\"url\":\"https:\\\/\\\/eldigitaldeasturias.com\\\/radio\\\/\",\"name\":\"El Digital de Asturias\",\"description\":\"Diario de informaci\\u00f3n y noticias\",\"inLanguage\":\"es-ES\",\"publisher\":{\"@id\":\"https:\\\/\\\/eldigitaldeasturias.com\\\/radio\\\/#organization\"}}]}\n\t\t<\/script>\n\t\t<!-- All in One SEO Pro -->\r\n\t\t<title>Psicovid: la l\u00ednea de atenci\u00f3n psicol\u00f3gica del Principado | El Digital de Asturias<\/title>\n\n","aioseo_head_json":{"title":"Psicovid: la l\u00ednea de atenci\u00f3n psicol\u00f3gica del Principado | El Digital de Asturias","description":"Durante la primera ola de la crisis sanitaria, el Principado fue pionero en poner en marcha un programa espec\u00edfico de atenci\u00f3n psicol\u00f3gica, denominado Psicovid, que da servicio a cualquier usuario que refiera s\u00edntomas o malestar generados por la situaci\u00f3n de la pandemia. Los profesionales de atenci\u00f3n primaria detectan y derivan estos casos a los psic\u00f3logos","canonical_url":"https:\/\/eldigitaldeasturias.com\/radio\/psicovid-la-linea-de-atencion-psicologica-del-principado\/","robots":"max-image-preview:large","keywords":"noticias","webmasterTools":{"google-site-verification":"UA-38556648-1","miscellaneous":""},"schema":{"@context":"https:\/\/schema.org","@graph":[{"@type":"BreadcrumbList","@id":"https:\/\/eldigitaldeasturias.com\/radio\/psicovid-la-linea-de-atencion-psicologica-del-principado\/#breadcrumblist","itemListElement":[{"@type":"ListItem","@id":"https:\/\/eldigitaldeasturias.com\/radio#listItem","position":1,"name":"Inicio","item":"https:\/\/eldigitaldeasturias.com\/radio","nextItem":{"@type":"ListItem","@id":"https:\/\/eldigitaldeasturias.com\/radio\/category\/noticias\/#listItem","name":"Noticias"}},{"@type":"ListItem","@id":"https:\/\/eldigitaldeasturias.com\/radio\/category\/noticias\/#listItem","position":2,"name":"Noticias","item":"https:\/\/eldigitaldeasturias.com\/radio\/category\/noticias\/","nextItem":{"@type":"ListItem","@id":"https:\/\/eldigitaldeasturias.com\/radio\/psicovid-la-linea-de-atencion-psicologica-del-principado\/#listItem","name":"Psicovid: la l\u00ednea de atenci\u00f3n psicol\u00f3gica del Principado"},"previousItem":{"@type":"ListItem","@id":"https:\/\/eldigitaldeasturias.com\/radio#listItem","name":"Inicio"}},{"@type":"ListItem","@id":"https:\/\/eldigitaldeasturias.com\/radio\/psicovid-la-linea-de-atencion-psicologica-del-principado\/#listItem","position":3,"name":"Psicovid: la l\u00ednea de atenci\u00f3n psicol\u00f3gica del Principado","previousItem":{"@type":"ListItem","@id":"https:\/\/eldigitaldeasturias.com\/radio\/category\/noticias\/#listItem","name":"Noticias"}}]},{"@type":"NewsArticle","@id":"https:\/\/eldigitaldeasturias.com\/radio\/psicovid-la-linea-de-atencion-psicologica-del-principado\/#newsarticle","name":"Psicovid: la l\u00ednea de atenci\u00f3n psicol\u00f3gica del Principado | El Digital de Asturias","headline":"Psicovid: la l\u00ednea de atenci\u00f3n psicol\u00f3gica del Principado","author":{"@id":"https:\/\/eldigitaldeasturias.com\/radio\/author\/nbasturias\/#author"},"publisher":{"@id":"https:\/\/eldigitaldeasturias.com\/radio\/#organization"},"image":{"@type":"ImageObject","url":"https:\/\/eldigitaldeasturias.com\/radio\/wp-content\/uploads\/2020\/08\/coronavirus-4914026_640.jpg","width":640,"height":360},"datePublished":"2020-10-11T20:01:53+02:00","dateModified":"2020-10-11T20:01:53+02:00","inLanguage":"es-ES","mainEntityOfPage":{"@id":"https:\/\/eldigitaldeasturias.com\/radio\/psicovid-la-linea-de-atencion-psicologica-del-principado\/#webpage"},"isPartOf":{"@id":"https:\/\/eldigitaldeasturias.com\/radio\/psicovid-la-linea-de-atencion-psicologica-del-principado\/#webpage"},"articleSection":"Noticias","dateline":"Publicado el octubre 11, 2020."},{"@type":"Organization","@id":"https:\/\/eldigitaldeasturias.com\/radio\/#organization","name":"El digital de Asturias Radio","description":"Diario de informaci\u00f3n y noticias","url":"https:\/\/eldigitaldeasturias.com\/radio\/","telephone":"+34652131393","logo":{"@type":"ImageObject","url":"https:\/\/www.eldigitaldeasturias.com\/radio\/wp-content\/uploads\/2021\/03\/EDA.jpg","@id":"https:\/\/eldigitaldeasturias.com\/radio\/psicovid-la-linea-de-atencion-psicologica-del-principado\/#organizationLogo"},"image":{"@id":"https:\/\/eldigitaldeasturias.com\/radio\/psicovid-la-linea-de-atencion-psicologica-del-principado\/#organizationLogo"},"sameAs":["https:\/\/www.facebook.com\/","https:\/\/x.com\/bercodi","https:\/\/www.instagram.com\/","https:\/\/www.youtube.com\/channel\/UCZP-2wLEB9Rv6erhFmqVnvg"]},{"@type":"Person","@id":"https:\/\/eldigitaldeasturias.com\/radio\/author\/nbasturias\/#author","url":"https:\/\/eldigitaldeasturias.com\/radio\/author\/nbasturias\/","name":"NBAsturias","image":{"@type":"ImageObject","@id":"https:\/\/eldigitaldeasturias.com\/radio\/psicovid-la-linea-de-atencion-psicologica-del-principado\/#authorImage","url":"https:\/\/secure.gravatar.com\/avatar\/df2aeffc32bcd13f8d26072ef8a91b623d677766deac7f97ca815868cd41bf5e?s=96&d=mm&r=g","width":96,"height":96,"caption":"NBAsturias"}},{"@type":"WebPage","@id":"https:\/\/eldigitaldeasturias.com\/radio\/psicovid-la-linea-de-atencion-psicologica-del-principado\/#webpage","url":"https:\/\/eldigitaldeasturias.com\/radio\/psicovid-la-linea-de-atencion-psicologica-del-principado\/","name":"Psicovid: la l\u00ednea de atenci\u00f3n psicol\u00f3gica del Principado | El Digital de Asturias","description":"Durante la primera ola de la crisis sanitaria, el Principado fue pionero en poner en marcha un programa espec\u00edfico de atenci\u00f3n psicol\u00f3gica, denominado Psicovid, que da servicio a cualquier usuario que refiera s\u00edntomas o malestar generados por la situaci\u00f3n de la pandemia. Los profesionales de atenci\u00f3n primaria detectan y derivan estos casos a los psic\u00f3logos","inLanguage":"es-ES","isPartOf":{"@id":"https:\/\/eldigitaldeasturias.com\/radio\/#website"},"breadcrumb":{"@id":"https:\/\/eldigitaldeasturias.com\/radio\/psicovid-la-linea-de-atencion-psicologica-del-principado\/#breadcrumblist"},"author":{"@id":"https:\/\/eldigitaldeasturias.com\/radio\/author\/nbasturias\/#author"},"creator":{"@id":"https:\/\/eldigitaldeasturias.com\/radio\/author\/nbasturias\/#author"},"image":{"@type":"ImageObject","url":"https:\/\/eldigitaldeasturias.com\/radio\/wp-content\/uploads\/2020\/08\/coronavirus-4914026_640.jpg","@id":"https:\/\/eldigitaldeasturias.com\/radio\/psicovid-la-linea-de-atencion-psicologica-del-principado\/#mainImage","width":640,"height":360},"primaryImageOfPage":{"@id":"https:\/\/eldigitaldeasturias.com\/radio\/psicovid-la-linea-de-atencion-psicologica-del-principado\/#mainImage"},"datePublished":"2020-10-11T20:01:53+02:00","dateModified":"2020-10-11T20:01:53+02:00"},{"@type":"WebSite","@id":"https:\/\/eldigitaldeasturias.com\/radio\/#website","url":"https:\/\/eldigitaldeasturias.com\/radio\/","name":"El Digital de Asturias","description":"Diario de informaci\u00f3n y noticias","inLanguage":"es-ES","publisher":{"@id":"https:\/\/eldigitaldeasturias.com\/radio\/#organization"}}]},"og:locale":"es_ES","og:site_name":"El Digital de Asturias | Diario de informaci\u00f3n y noticias","og:type":"article","og:title":"Psicovid: la l\u00ednea de atenci\u00f3n psicol\u00f3gica del Principado | El Digital de Asturias","og:description":"Durante la primera ola de la crisis sanitaria, el Principado fue pionero en poner en marcha un programa espec\u00edfico de atenci\u00f3n psicol\u00f3gica, denominado Psicovid, que da servicio a cualquier usuario que refiera s\u00edntomas o malestar generados por la situaci\u00f3n de la pandemia. Los profesionales de atenci\u00f3n primaria detectan y derivan estos casos a los psic\u00f3logos","og:url":"https:\/\/eldigitaldeasturias.com\/radio\/psicovid-la-linea-de-atencion-psicologica-del-principado\/","og:image":"https:\/\/eldigitaldeasturias.com\/radio\/wp-content\/uploads\/2020\/08\/coronavirus-4914026_640.jpg","og:image:secure_url":"https:\/\/eldigitaldeasturias.com\/radio\/wp-content\/uploads\/2020\/08\/coronavirus-4914026_640.jpg","og:image:width":640,"og:image:height":360,"article:published_time":"2020-10-11T20:01:53+00:00","article:modified_time":"2020-10-11T20:01:53+00:00","twitter:card":"summary_large_image","twitter:site":"@bercodi","twitter:title":"Psicovid: la l\u00ednea de atenci\u00f3n psicol\u00f3gica del Principado | El Digital de Asturias","twitter:description":"Durante la primera ola de la crisis sanitaria, el Principado fue pionero en poner en marcha un programa espec\u00edfico de atenci\u00f3n psicol\u00f3gica, denominado Psicovid, que da servicio a cualquier usuario que refiera s\u00edntomas o malestar generados por la situaci\u00f3n de la pandemia. Los profesionales de atenci\u00f3n primaria detectan y derivan estos casos a los psic\u00f3logos","twitter:creator":"@bercodi","twitter:image":"https:\/\/eldigitaldeasturias.com\/radio\/wp-content\/uploads\/2020\/08\/coronavirus-4914026_640.jpg"},"aioseo_meta_data":{"post_id":"5175","title":null,"description":"","keywords":"","keyphrases":null,"primary_term":null,"canonical_url":"","og_title":null,"og_description":null,"og_object_type":"default","og_image_type":"default","og_image_url":null,"og_image_width":null,"og_image_height":null,"og_image_custom_url":null,"og_image_custom_fields":null,"og_video":null,"og_custom_url":null,"og_article_section":null,"og_article_tags":null,"twitter_use_og":false,"twitter_card":"default","twitter_image_type":"default","twitter_image_url":null,"twitter_image_custom_url":null,"twitter_image_custom_fields":null,"twitter_title":null,"twitter_description":null,"schema":{"blockGraphs":[],"customGraphs":[],"default":{"data":{"Article":[],"Course":[],"Dataset":[],"FAQPage":[],"Movie":[],"Person":[],"Product":[],"ProductReview":[],"Car":[],"Recipe":[],"Service":[],"SoftwareApplication":[],"WebPage":[]},"graphName":"","isEnabled":true},"graphs":[],"defaultGraph":"","defaultPostTypeGraph":""},"schema_type":null,"schema_type_options":null,"pillar_content":false,"robots_default":true,"robots_noindex":false,"robots_noarchive":false,"robots_nosnippet":false,"robots_nofollow":false,"robots_noimageindex":false,"robots_noodp":false,"robots_notranslate":false,"robots_max_snippet":null,"robots_max_videopreview":null,"robots_max_imagepreview":"large","priority":null,"frequency":null,"location":null,"local_seo":null,"seo_analyzer_scan_date":"2025-08-28 17:30:23","breadcrumb_settings":null,"limit_modified_date":false,"open_ai":null,"ai":null,"created":"2021-03-25 11:04:02","updated":"2025-08-28 17:30:23"},"aioseo_breadcrumb":"<div class=\"aioseo-breadcrumbs\"><span class=\"aioseo-breadcrumb\">\n\t<a href=\"https:\/\/eldigitaldeasturias.com\/radio\" title=\"Inicio\">Inicio<\/a>\n<\/span><span class=\"aioseo-breadcrumb-separator\">&ndash;<\/span><span class=\"aioseo-breadcrumb\">\n\t<a href=\"https:\/\/eldigitaldeasturias.com\/radio\/category\/noticias\/\" title=\"Noticias\">Noticias<\/a>\n<\/span><span class=\"aioseo-breadcrumb-separator\">&ndash;<\/span><span class=\"aioseo-breadcrumb\">\n\tPsicovid: la l\u00ednea de atenci\u00f3n psicol\u00f3gica del Principado\n<\/span><\/div>","aioseo_breadcrumb_json":[{"label":"Inicio","link":"https:\/\/eldigitaldeasturias.com\/radio"},{"label":"Noticias","link":"https:\/\/eldigitaldeasturias.com\/radio\/category\/noticias\/"},{"label":"Psicovid: la l\u00ednea de atenci\u00f3n psicol\u00f3gica del Principado","link":"https:\/\/eldigitaldeasturias.com\/radio\/psicovid-la-linea-de-atencion-psicologica-del-principado\/"}],"_links":{"self":[{"href":"https:\/\/eldigitaldeasturias.com\/radio\/wp-json\/wp\/v2\/posts\/5175","targetHints":{"allow":["GET"]}}],"collection":[{"href":"https:\/\/eldigitaldeasturias.com\/radio\/wp-json\/wp\/v2\/posts"}],"about":[{"href":"https:\/\/eldigitaldeasturias.com\/radio\/wp-json\/wp\/v2\/types\/post"}],"author":[{"embeddable":true,"href":"https:\/\/eldigitaldeasturias.com\/radio\/wp-json\/wp\/v2\/users\/1"}],"replies":[{"embeddable":true,"href":"https:\/\/eldigitaldeasturias.com\/radio\/wp-json\/wp\/v2\/comments?post=5175"}],"version-history":[{"count":0,"href":"https:\/\/eldigitaldeasturias.com\/radio\/wp-json\/wp\/v2\/posts\/5175\/revisions"}],"wp:featuredmedia":[{"embeddable":true,"href":"https:\/\/eldigitaldeasturias.com\/radio\/wp-json\/wp\/v2\/media\/4993"}],"wp:attachment":[{"href":"https:\/\/eldigitaldeasturias.com\/radio\/wp-json\/wp\/v2\/media?parent=5175"}],"wp:term":[{"taxonomy":"category","embeddable":true,"href":"https:\/\/eldigitaldeasturias.com\/radio\/wp-json\/wp\/v2\/categories?post=5175"},{"taxonomy":"post_tag","embeddable":true,"href":"https:\/\/eldigitaldeasturias.com\/radio\/wp-json\/wp\/v2\/tags?post=5175"}],"curies":[{"name":"wp","href":"https:\/\/api.w.org\/{rel}","templated":true}]}}