{"id":5172,"date":"2020-10-11T19:56:59","date_gmt":"2020-10-11T19:56:59","guid":{"rendered":"http:\/\/www.eldigitaldeasturias.com\/radio\/?p=5172"},"modified":"2020-10-11T19:56:59","modified_gmt":"2020-10-11T19:56:59","slug":"el-principado-inicia-con-empresas-y-sindicatos-la-redaccion-de-la-estrategia-energetica-justa","status":"publish","type":"post","link":"https:\/\/eldigitaldeasturias.com\/radio\/el-principado-inicia-con-empresas-y-sindicatos-la-redaccion-de-la-estrategia-energetica-justa\/","title":{"rendered":"El Principado inicia con empresas y sindicatos la redacci\u00f3n de la Estrategia Energ\u00e9tica Justa"},"content":{"rendered":"<p><img fetchpriority=\"high\" decoding=\"async\" class=\"alignleft size-medium wp-image-5173\" src=\"http:\/\/www.eldigitaldeasturias.com\/radio\/wp-content\/uploads\/2020\/10\/success-2917048_640-360x225.jpg\" alt=\"\" width=\"360\" height=\"225\" srcset=\"https:\/\/eldigitaldeasturias.com\/radio\/wp-content\/uploads\/2020\/10\/success-2917048_640-360x225.jpg 360w, https:\/\/eldigitaldeasturias.com\/radio\/wp-content\/uploads\/2020\/10\/success-2917048_640.jpg 640w\" sizes=\"(max-width: 360px) 100vw, 360px\" \/>El Gobierno de Asturias ha iniciado la elaboraci\u00f3n de la Estrat\u00e9gica Energ\u00e9tica Justa de Asturias, la hoja de ruta que se enviar\u00e1 al Ejecutivo estatal y a la Uni\u00f3n Europea (UE) para optar a financiaci\u00f3n de los fondos de reconstrucci\u00f3n post-COVID y de transici\u00f3n justa, as\u00ed como del marco presupuestario 2021-2027. La redacci\u00f3n de este documento contar\u00e1 con una amplia participaci\u00f3n: patronal, sindicatos, Universidad y sociedades energ\u00e9ticas y electrointensivas. Tambi\u00e9n intervendr\u00e1n organismos especializados, como la Fundaci\u00f3n Asturiana de la Energ\u00eda, CSIC-Incar y el Club Espa\u00f1ol de la Energ\u00eda.<\/p>\n<p>La estrategia se establece con un horizonte temporal de 2030 y se armonizar\u00e1 con las prioridades del Gobierno central y de las orientaciones de la UE fijadas en el Green New Deal, sin descuidar al mismo tiempo las particularidades del Principado en materia energ\u00e9tica.<\/p>\n<p>Para la definici\u00f3n de esta hoja de ruta a trav\u00e9s de un modelo de gobernanza basado en el consenso se constituy\u00f3 ya la mesa regional en la que, junto con el Gobierno auton\u00f3mico, se integran todos los actores citados previamente. Este grupo de trabajo tomar\u00e1 como referencia los documentos elaborados por la comisi\u00f3n mixta para la evaluaci\u00f3n de la transici\u00f3n energ\u00e9tica en Asturias.<\/p>\n<p>La comisi\u00f3n realiz\u00f3 un profundo an\u00e1lisis de la situaci\u00f3n actual y de las perspectivas energ\u00e9ticas de la comunidad en generaci\u00f3n, distribuci\u00f3n y contribuci\u00f3n al PIB regional. Su primera recomendaci\u00f3n fue elaborar esta Estrat\u00e9gica Energ\u00e9tica 2030 para dar respuesta a las transformaciones previstas en el sector en ese tiempo y a los impactos que se prev\u00e9n en el tejido econ\u00f3mico e industrial de Asturias.<\/p>\n<p>Con esta planificaci\u00f3n se busca identificar el mejor modelo energ\u00e9tico que se adapte a las necesidades de Asturias y armonizarlo con otras estrategias regionales, nacionales y europeas. Adem\u00e1s, plantear\u00e1 los objetivos necesarios para conseguir que la transformaci\u00f3n del sector se oriente hacia este modelo.<\/p>\n<p>A partir de esta estrategia se definir\u00e1n los correspondientes planes para conseguir los objetivos de reducci\u00f3n de emisiones en 2030, teniendo como horizonte la senda de descarbonizaci\u00f3n planteada por la UE de cara a lograr la neutralidad clim\u00e1tica en 2050.<\/p>\n<p>La directora general de Energ\u00eda, Miner\u00eda y Reactivaci\u00f3n, Belarmina D\u00edaz, ha destacado que \u201ctodas las personas y entidades que integran la mesa regional conocen bien los procesos de transici\u00f3n y las necesidades de Asturias en materia de energ\u00eda, y adem\u00e1s contamos con un documento de gran valor, como el elaborado por la comisi\u00f3n mixta\u201d.<\/p>\n<p>Aparte, el Principado cuenta con el asesoramiento de la Direcci\u00f3n General de la Energ\u00eda de la UE y de la Plataforma de Regiones de Carb\u00f3n en Transici\u00f3n, a trav\u00e9s de su secretariado.<\/p>\n","protected":false},"excerpt":{"rendered":"<p>El Gobierno de Asturias ha iniciado la elaboraci\u00f3n de la Estrat\u00e9gica Energ\u00e9tica Justa de Asturias, la hoja de ruta que se enviar\u00e1 al Ejecutivo estatal y a la Uni\u00f3n Europea (UE) para optar a financiaci\u00f3n de los fondos de reconstrucci\u00f3n post-COVID y de transici\u00f3n justa, as\u00ed como del marco presupuestario 2021-2027. La redacci\u00f3n de este<\/p>\n","protected":false},"author":1,"featured_media":5173,"comment_status":"closed","ping_status":"closed","sticky":false,"template":"","format":"standard","meta":{"footnotes":""},"categories":[1],"tags":[],"class_list":{"0":"post-5172","1":"post","2":"type-post","3":"status-publish","4":"format-standard","5":"has-post-thumbnail","7":"category-noticias"},"aioseo_notices":[],"aioseo_head":"\n\t\t<!-- All in One SEO Pro 4.9.6.2 - aioseo.com -->\n\t<meta name=\"description\" content=\"El Gobierno de Asturias ha iniciado la elaboraci\u00f3n de la Estrat\u00e9gica Energ\u00e9tica Justa de Asturias, la hoja de ruta que se enviar\u00e1 al Ejecutivo estatal y a la Uni\u00f3n Europea (UE) para optar a financiaci\u00f3n de los fondos de reconstrucci\u00f3n post-COVID y de transici\u00f3n justa, as\u00ed como del marco presupuestario 2021-2027. La redacci\u00f3n de este\" \/>\n\t<meta name=\"robots\" content=\"max-image-preview:large\" \/>\n\t<meta name=\"author\" content=\"NBAsturias\"\/>\n\t<meta name=\"google-site-verification\" content=\"UA-38556648-1\" \/>\n\t<meta name=\"keywords\" content=\"noticias\" \/>\n\t<link rel=\"canonical\" href=\"https:\/\/eldigitaldeasturias.com\/radio\/el-principado-inicia-con-empresas-y-sindicatos-la-redaccion-de-la-estrategia-energetica-justa\/\" \/>\n\t<meta name=\"generator\" content=\"All in One SEO Pro (AIOSEO) 4.9.6.2\" \/>\n\t\t<meta property=\"og:locale\" content=\"es_ES\" \/>\n\t\t<meta property=\"og:site_name\" content=\"El Digital de Asturias | Diario de informaci\u00f3n y noticias\" \/>\n\t\t<meta property=\"og:type\" content=\"article\" \/>\n\t\t<meta property=\"og:title\" content=\"El Principado inicia con empresas y sindicatos la redacci\u00f3n de la Estrategia Energ\u00e9tica Justa | El Digital de Asturias\" \/>\n\t\t<meta property=\"og:description\" content=\"El Gobierno de Asturias ha iniciado la elaboraci\u00f3n de la Estrat\u00e9gica Energ\u00e9tica Justa de Asturias, la hoja de ruta que se enviar\u00e1 al Ejecutivo estatal y a la Uni\u00f3n Europea (UE) para optar a financiaci\u00f3n de los fondos de reconstrucci\u00f3n post-COVID y de transici\u00f3n justa, as\u00ed como del marco presupuestario 2021-2027. La redacci\u00f3n de este\" \/>\n\t\t<meta property=\"og:url\" content=\"https:\/\/eldigitaldeasturias.com\/radio\/el-principado-inicia-con-empresas-y-sindicatos-la-redaccion-de-la-estrategia-energetica-justa\/\" \/>\n\t\t<meta property=\"og:image\" content=\"https:\/\/eldigitaldeasturias.com\/radio\/wp-content\/uploads\/2020\/10\/success-2917048_640.jpg\" \/>\n\t\t<meta property=\"og:image:secure_url\" content=\"https:\/\/eldigitaldeasturias.com\/radio\/wp-content\/uploads\/2020\/10\/success-2917048_640.jpg\" \/>\n\t\t<meta property=\"og:image:width\" content=\"640\" \/>\n\t\t<meta property=\"og:image:height\" content=\"400\" \/>\n\t\t<meta property=\"article:published_time\" content=\"2020-10-11T19:56:59+00:00\" \/>\n\t\t<meta property=\"article:modified_time\" content=\"2020-10-11T19:56:59+00:00\" \/>\n\t\t<meta name=\"twitter:card\" content=\"summary_large_image\" \/>\n\t\t<meta name=\"twitter:site\" content=\"@bercodi\" \/>\n\t\t<meta name=\"twitter:title\" content=\"El Principado inicia con empresas y sindicatos la redacci\u00f3n de la Estrategia Energ\u00e9tica Justa | El Digital de Asturias\" \/>\n\t\t<meta name=\"twitter:description\" content=\"El Gobierno de Asturias ha iniciado la elaboraci\u00f3n de la Estrat\u00e9gica Energ\u00e9tica Justa de Asturias, la hoja de ruta que se enviar\u00e1 al Ejecutivo estatal y a la Uni\u00f3n Europea (UE) para optar a financiaci\u00f3n de los fondos de reconstrucci\u00f3n post-COVID y de transici\u00f3n justa, as\u00ed como del marco presupuestario 2021-2027. La redacci\u00f3n de este\" \/>\n\t\t<meta name=\"twitter:creator\" content=\"@bercodi\" \/>\n\t\t<meta name=\"twitter:image\" content=\"https:\/\/eldigitaldeasturias.com\/radio\/wp-content\/uploads\/2020\/10\/success-2917048_640.jpg\" \/>\n\t\t<script type=\"application\/ld+json\" class=\"aioseo-schema\">\n\t\t\t{\"@context\":\"https:\\\/\\\/schema.org\",\"@graph\":[{\"@type\":\"BreadcrumbList\",\"@id\":\"https:\\\/\\\/eldigitaldeasturias.com\\\/radio\\\/el-principado-inicia-con-empresas-y-sindicatos-la-redaccion-de-la-estrategia-energetica-justa\\\/#breadcrumblist\",\"itemListElement\":[{\"@type\":\"ListItem\",\"@id\":\"https:\\\/\\\/eldigitaldeasturias.com\\\/radio#listItem\",\"position\":1,\"name\":\"Inicio\",\"item\":\"https:\\\/\\\/eldigitaldeasturias.com\\\/radio\",\"nextItem\":{\"@type\":\"ListItem\",\"@id\":\"https:\\\/\\\/eldigitaldeasturias.com\\\/radio\\\/category\\\/noticias\\\/#listItem\",\"name\":\"Noticias\"}},{\"@type\":\"ListItem\",\"@id\":\"https:\\\/\\\/eldigitaldeasturias.com\\\/radio\\\/category\\\/noticias\\\/#listItem\",\"position\":2,\"name\":\"Noticias\",\"item\":\"https:\\\/\\\/eldigitaldeasturias.com\\\/radio\\\/category\\\/noticias\\\/\",\"nextItem\":{\"@type\":\"ListItem\",\"@id\":\"https:\\\/\\\/eldigitaldeasturias.com\\\/radio\\\/el-principado-inicia-con-empresas-y-sindicatos-la-redaccion-de-la-estrategia-energetica-justa\\\/#listItem\",\"name\":\"El Principado inicia con empresas y sindicatos la redacci\\u00f3n de la Estrategia Energ\\u00e9tica Justa\"},\"previousItem\":{\"@type\":\"ListItem\",\"@id\":\"https:\\\/\\\/eldigitaldeasturias.com\\\/radio#listItem\",\"name\":\"Inicio\"}},{\"@type\":\"ListItem\",\"@id\":\"https:\\\/\\\/eldigitaldeasturias.com\\\/radio\\\/el-principado-inicia-con-empresas-y-sindicatos-la-redaccion-de-la-estrategia-energetica-justa\\\/#listItem\",\"position\":3,\"name\":\"El Principado inicia con empresas y sindicatos la redacci\\u00f3n de la Estrategia Energ\\u00e9tica Justa\",\"previousItem\":{\"@type\":\"ListItem\",\"@id\":\"https:\\\/\\\/eldigitaldeasturias.com\\\/radio\\\/category\\\/noticias\\\/#listItem\",\"name\":\"Noticias\"}}]},{\"@type\":\"NewsArticle\",\"@id\":\"https:\\\/\\\/eldigitaldeasturias.com\\\/radio\\\/el-principado-inicia-con-empresas-y-sindicatos-la-redaccion-de-la-estrategia-energetica-justa\\\/#newsarticle\",\"name\":\"El Principado inicia con empresas y sindicatos la redacci\\u00f3n de la Estrategia Energ\\u00e9tica Justa | El Digital de Asturias\",\"headline\":\"El Principado inicia con empresas y sindicatos la redacci\\u00f3n de la Estrategia Energ\\u00e9tica Justa\",\"author\":{\"@id\":\"https:\\\/\\\/eldigitaldeasturias.com\\\/radio\\\/author\\\/nbasturias\\\/#author\"},\"publisher\":{\"@id\":\"https:\\\/\\\/eldigitaldeasturias.com\\\/radio\\\/#organization\"},\"image\":{\"@type\":\"ImageObject\",\"url\":\"https:\\\/\\\/eldigitaldeasturias.com\\\/radio\\\/wp-content\\\/uploads\\\/2020\\\/10\\\/success-2917048_640.jpg\",\"width\":640,\"height\":400},\"datePublished\":\"2020-10-11T19:56:59+02:00\",\"dateModified\":\"2020-10-11T19:56:59+02:00\",\"inLanguage\":\"es-ES\",\"mainEntityOfPage\":{\"@id\":\"https:\\\/\\\/eldigitaldeasturias.com\\\/radio\\\/el-principado-inicia-con-empresas-y-sindicatos-la-redaccion-de-la-estrategia-energetica-justa\\\/#webpage\"},\"isPartOf\":{\"@id\":\"https:\\\/\\\/eldigitaldeasturias.com\\\/radio\\\/el-principado-inicia-con-empresas-y-sindicatos-la-redaccion-de-la-estrategia-energetica-justa\\\/#webpage\"},\"articleSection\":\"Noticias\",\"dateline\":\"Publicado el octubre 11, 2020.\"},{\"@type\":\"Organization\",\"@id\":\"https:\\\/\\\/eldigitaldeasturias.com\\\/radio\\\/#organization\",\"name\":\"El digital de Asturias Radio\",\"description\":\"Diario de informaci\\u00f3n y noticias\",\"url\":\"https:\\\/\\\/eldigitaldeasturias.com\\\/radio\\\/\",\"telephone\":\"+34652131393\",\"logo\":{\"@type\":\"ImageObject\",\"url\":\"https:\\\/\\\/www.eldigitaldeasturias.com\\\/radio\\\/wp-content\\\/uploads\\\/2021\\\/03\\\/EDA.jpg\",\"@id\":\"https:\\\/\\\/eldigitaldeasturias.com\\\/radio\\\/el-principado-inicia-con-empresas-y-sindicatos-la-redaccion-de-la-estrategia-energetica-justa\\\/#organizationLogo\"},\"image\":{\"@id\":\"https:\\\/\\\/eldigitaldeasturias.com\\\/radio\\\/el-principado-inicia-con-empresas-y-sindicatos-la-redaccion-de-la-estrategia-energetica-justa\\\/#organizationLogo\"},\"sameAs\":[\"https:\\\/\\\/www.facebook.com\\\/\",\"https:\\\/\\\/x.com\\\/bercodi\",\"https:\\\/\\\/www.instagram.com\\\/\",\"https:\\\/\\\/www.youtube.com\\\/channel\\\/UCZP-2wLEB9Rv6erhFmqVnvg\"]},{\"@type\":\"Person\",\"@id\":\"https:\\\/\\\/eldigitaldeasturias.com\\\/radio\\\/author\\\/nbasturias\\\/#author\",\"url\":\"https:\\\/\\\/eldigitaldeasturias.com\\\/radio\\\/author\\\/nbasturias\\\/\",\"name\":\"NBAsturias\",\"image\":{\"@type\":\"ImageObject\",\"@id\":\"https:\\\/\\\/eldigitaldeasturias.com\\\/radio\\\/el-principado-inicia-con-empresas-y-sindicatos-la-redaccion-de-la-estrategia-energetica-justa\\\/#authorImage\",\"url\":\"https:\\\/\\\/secure.gravatar.com\\\/avatar\\\/df2aeffc32bcd13f8d26072ef8a91b623d677766deac7f97ca815868cd41bf5e?s=96&d=mm&r=g\",\"width\":96,\"height\":96,\"caption\":\"NBAsturias\"}},{\"@type\":\"WebPage\",\"@id\":\"https:\\\/\\\/eldigitaldeasturias.com\\\/radio\\\/el-principado-inicia-con-empresas-y-sindicatos-la-redaccion-de-la-estrategia-energetica-justa\\\/#webpage\",\"url\":\"https:\\\/\\\/eldigitaldeasturias.com\\\/radio\\\/el-principado-inicia-con-empresas-y-sindicatos-la-redaccion-de-la-estrategia-energetica-justa\\\/\",\"name\":\"El Principado inicia con empresas y sindicatos la redacci\\u00f3n de la Estrategia Energ\\u00e9tica Justa | El Digital de Asturias\",\"description\":\"El Gobierno de Asturias ha iniciado la elaboraci\\u00f3n de la Estrat\\u00e9gica Energ\\u00e9tica Justa de Asturias, la hoja de ruta que se enviar\\u00e1 al Ejecutivo estatal y a la Uni\\u00f3n Europea (UE) para optar a financiaci\\u00f3n de los fondos de reconstrucci\\u00f3n post-COVID y de transici\\u00f3n justa, as\\u00ed como del marco presupuestario 2021-2027. La redacci\\u00f3n de este\",\"inLanguage\":\"es-ES\",\"isPartOf\":{\"@id\":\"https:\\\/\\\/eldigitaldeasturias.com\\\/radio\\\/#website\"},\"breadcrumb\":{\"@id\":\"https:\\\/\\\/eldigitaldeasturias.com\\\/radio\\\/el-principado-inicia-con-empresas-y-sindicatos-la-redaccion-de-la-estrategia-energetica-justa\\\/#breadcrumblist\"},\"author\":{\"@id\":\"https:\\\/\\\/eldigitaldeasturias.com\\\/radio\\\/author\\\/nbasturias\\\/#author\"},\"creator\":{\"@id\":\"https:\\\/\\\/eldigitaldeasturias.com\\\/radio\\\/author\\\/nbasturias\\\/#author\"},\"image\":{\"@type\":\"ImageObject\",\"url\":\"https:\\\/\\\/eldigitaldeasturias.com\\\/radio\\\/wp-content\\\/uploads\\\/2020\\\/10\\\/success-2917048_640.jpg\",\"@id\":\"https:\\\/\\\/eldigitaldeasturias.com\\\/radio\\\/el-principado-inicia-con-empresas-y-sindicatos-la-redaccion-de-la-estrategia-energetica-justa\\\/#mainImage\",\"width\":640,\"height\":400},\"primaryImageOfPage\":{\"@id\":\"https:\\\/\\\/eldigitaldeasturias.com\\\/radio\\\/el-principado-inicia-con-empresas-y-sindicatos-la-redaccion-de-la-estrategia-energetica-justa\\\/#mainImage\"},\"datePublished\":\"2020-10-11T19:56:59+02:00\",\"dateModified\":\"2020-10-11T19:56:59+02:00\"},{\"@type\":\"WebSite\",\"@id\":\"https:\\\/\\\/eldigitaldeasturias.com\\\/radio\\\/#website\",\"url\":\"https:\\\/\\\/eldigitaldeasturias.com\\\/radio\\\/\",\"name\":\"El Digital de Asturias\",\"description\":\"Diario de informaci\\u00f3n y noticias\",\"inLanguage\":\"es-ES\",\"publisher\":{\"@id\":\"https:\\\/\\\/eldigitaldeasturias.com\\\/radio\\\/#organization\"}}]}\n\t\t<\/script>\n\t\t<!-- All in One SEO Pro -->\r\n\t\t<title>El Principado inicia con empresas y sindicatos la redacci\u00f3n de la Estrategia Energ\u00e9tica Justa | El Digital de Asturias<\/title>\n\n","aioseo_head_json":{"title":"El Principado inicia con empresas y sindicatos la redacci\u00f3n de la Estrategia Energ\u00e9tica Justa | El Digital de Asturias","description":"El Gobierno de Asturias ha iniciado la elaboraci\u00f3n de la Estrat\u00e9gica Energ\u00e9tica Justa de Asturias, la hoja de ruta que se enviar\u00e1 al Ejecutivo estatal y a la Uni\u00f3n Europea (UE) para optar a financiaci\u00f3n de los fondos de reconstrucci\u00f3n post-COVID y de transici\u00f3n justa, as\u00ed como del marco presupuestario 2021-2027. La redacci\u00f3n de este","canonical_url":"https:\/\/eldigitaldeasturias.com\/radio\/el-principado-inicia-con-empresas-y-sindicatos-la-redaccion-de-la-estrategia-energetica-justa\/","robots":"max-image-preview:large","keywords":"noticias","webmasterTools":{"google-site-verification":"UA-38556648-1","miscellaneous":""},"schema":{"@context":"https:\/\/schema.org","@graph":[{"@type":"BreadcrumbList","@id":"https:\/\/eldigitaldeasturias.com\/radio\/el-principado-inicia-con-empresas-y-sindicatos-la-redaccion-de-la-estrategia-energetica-justa\/#breadcrumblist","itemListElement":[{"@type":"ListItem","@id":"https:\/\/eldigitaldeasturias.com\/radio#listItem","position":1,"name":"Inicio","item":"https:\/\/eldigitaldeasturias.com\/radio","nextItem":{"@type":"ListItem","@id":"https:\/\/eldigitaldeasturias.com\/radio\/category\/noticias\/#listItem","name":"Noticias"}},{"@type":"ListItem","@id":"https:\/\/eldigitaldeasturias.com\/radio\/category\/noticias\/#listItem","position":2,"name":"Noticias","item":"https:\/\/eldigitaldeasturias.com\/radio\/category\/noticias\/","nextItem":{"@type":"ListItem","@id":"https:\/\/eldigitaldeasturias.com\/radio\/el-principado-inicia-con-empresas-y-sindicatos-la-redaccion-de-la-estrategia-energetica-justa\/#listItem","name":"El Principado inicia con empresas y sindicatos la redacci\u00f3n de la Estrategia Energ\u00e9tica Justa"},"previousItem":{"@type":"ListItem","@id":"https:\/\/eldigitaldeasturias.com\/radio#listItem","name":"Inicio"}},{"@type":"ListItem","@id":"https:\/\/eldigitaldeasturias.com\/radio\/el-principado-inicia-con-empresas-y-sindicatos-la-redaccion-de-la-estrategia-energetica-justa\/#listItem","position":3,"name":"El Principado inicia con empresas y sindicatos la redacci\u00f3n de la Estrategia Energ\u00e9tica Justa","previousItem":{"@type":"ListItem","@id":"https:\/\/eldigitaldeasturias.com\/radio\/category\/noticias\/#listItem","name":"Noticias"}}]},{"@type":"NewsArticle","@id":"https:\/\/eldigitaldeasturias.com\/radio\/el-principado-inicia-con-empresas-y-sindicatos-la-redaccion-de-la-estrategia-energetica-justa\/#newsarticle","name":"El Principado inicia con empresas y sindicatos la redacci\u00f3n de la Estrategia Energ\u00e9tica Justa | El Digital de Asturias","headline":"El Principado inicia con empresas y sindicatos la redacci\u00f3n de la Estrategia Energ\u00e9tica Justa","author":{"@id":"https:\/\/eldigitaldeasturias.com\/radio\/author\/nbasturias\/#author"},"publisher":{"@id":"https:\/\/eldigitaldeasturias.com\/radio\/#organization"},"image":{"@type":"ImageObject","url":"https:\/\/eldigitaldeasturias.com\/radio\/wp-content\/uploads\/2020\/10\/success-2917048_640.jpg","width":640,"height":400},"datePublished":"2020-10-11T19:56:59+02:00","dateModified":"2020-10-11T19:56:59+02:00","inLanguage":"es-ES","mainEntityOfPage":{"@id":"https:\/\/eldigitaldeasturias.com\/radio\/el-principado-inicia-con-empresas-y-sindicatos-la-redaccion-de-la-estrategia-energetica-justa\/#webpage"},"isPartOf":{"@id":"https:\/\/eldigitaldeasturias.com\/radio\/el-principado-inicia-con-empresas-y-sindicatos-la-redaccion-de-la-estrategia-energetica-justa\/#webpage"},"articleSection":"Noticias","dateline":"Publicado el octubre 11, 2020."},{"@type":"Organization","@id":"https:\/\/eldigitaldeasturias.com\/radio\/#organization","name":"El digital de Asturias Radio","description":"Diario de informaci\u00f3n y noticias","url":"https:\/\/eldigitaldeasturias.com\/radio\/","telephone":"+34652131393","logo":{"@type":"ImageObject","url":"https:\/\/www.eldigitaldeasturias.com\/radio\/wp-content\/uploads\/2021\/03\/EDA.jpg","@id":"https:\/\/eldigitaldeasturias.com\/radio\/el-principado-inicia-con-empresas-y-sindicatos-la-redaccion-de-la-estrategia-energetica-justa\/#organizationLogo"},"image":{"@id":"https:\/\/eldigitaldeasturias.com\/radio\/el-principado-inicia-con-empresas-y-sindicatos-la-redaccion-de-la-estrategia-energetica-justa\/#organizationLogo"},"sameAs":["https:\/\/www.facebook.com\/","https:\/\/x.com\/bercodi","https:\/\/www.instagram.com\/","https:\/\/www.youtube.com\/channel\/UCZP-2wLEB9Rv6erhFmqVnvg"]},{"@type":"Person","@id":"https:\/\/eldigitaldeasturias.com\/radio\/author\/nbasturias\/#author","url":"https:\/\/eldigitaldeasturias.com\/radio\/author\/nbasturias\/","name":"NBAsturias","image":{"@type":"ImageObject","@id":"https:\/\/eldigitaldeasturias.com\/radio\/el-principado-inicia-con-empresas-y-sindicatos-la-redaccion-de-la-estrategia-energetica-justa\/#authorImage","url":"https:\/\/secure.gravatar.com\/avatar\/df2aeffc32bcd13f8d26072ef8a91b623d677766deac7f97ca815868cd41bf5e?s=96&d=mm&r=g","width":96,"height":96,"caption":"NBAsturias"}},{"@type":"WebPage","@id":"https:\/\/eldigitaldeasturias.com\/radio\/el-principado-inicia-con-empresas-y-sindicatos-la-redaccion-de-la-estrategia-energetica-justa\/#webpage","url":"https:\/\/eldigitaldeasturias.com\/radio\/el-principado-inicia-con-empresas-y-sindicatos-la-redaccion-de-la-estrategia-energetica-justa\/","name":"El Principado inicia con empresas y sindicatos la redacci\u00f3n de la Estrategia Energ\u00e9tica Justa | El Digital de Asturias","description":"El Gobierno de Asturias ha iniciado la elaboraci\u00f3n de la Estrat\u00e9gica Energ\u00e9tica Justa de Asturias, la hoja de ruta que se enviar\u00e1 al Ejecutivo estatal y a la Uni\u00f3n Europea (UE) para optar a financiaci\u00f3n de los fondos de reconstrucci\u00f3n post-COVID y de transici\u00f3n justa, as\u00ed como del marco presupuestario 2021-2027. La redacci\u00f3n de este","inLanguage":"es-ES","isPartOf":{"@id":"https:\/\/eldigitaldeasturias.com\/radio\/#website"},"breadcrumb":{"@id":"https:\/\/eldigitaldeasturias.com\/radio\/el-principado-inicia-con-empresas-y-sindicatos-la-redaccion-de-la-estrategia-energetica-justa\/#breadcrumblist"},"author":{"@id":"https:\/\/eldigitaldeasturias.com\/radio\/author\/nbasturias\/#author"},"creator":{"@id":"https:\/\/eldigitaldeasturias.com\/radio\/author\/nbasturias\/#author"},"image":{"@type":"ImageObject","url":"https:\/\/eldigitaldeasturias.com\/radio\/wp-content\/uploads\/2020\/10\/success-2917048_640.jpg","@id":"https:\/\/eldigitaldeasturias.com\/radio\/el-principado-inicia-con-empresas-y-sindicatos-la-redaccion-de-la-estrategia-energetica-justa\/#mainImage","width":640,"height":400},"primaryImageOfPage":{"@id":"https:\/\/eldigitaldeasturias.com\/radio\/el-principado-inicia-con-empresas-y-sindicatos-la-redaccion-de-la-estrategia-energetica-justa\/#mainImage"},"datePublished":"2020-10-11T19:56:59+02:00","dateModified":"2020-10-11T19:56:59+02:00"},{"@type":"WebSite","@id":"https:\/\/eldigitaldeasturias.com\/radio\/#website","url":"https:\/\/eldigitaldeasturias.com\/radio\/","name":"El Digital de Asturias","description":"Diario de informaci\u00f3n y noticias","inLanguage":"es-ES","publisher":{"@id":"https:\/\/eldigitaldeasturias.com\/radio\/#organization"}}]},"og:locale":"es_ES","og:site_name":"El Digital de Asturias | Diario de informaci\u00f3n y noticias","og:type":"article","og:title":"El Principado inicia con empresas y sindicatos la redacci\u00f3n de la Estrategia Energ\u00e9tica Justa | El Digital de Asturias","og:description":"El Gobierno de Asturias ha iniciado la elaboraci\u00f3n de la Estrat\u00e9gica Energ\u00e9tica Justa de Asturias, la hoja de ruta que se enviar\u00e1 al Ejecutivo estatal y a la Uni\u00f3n Europea (UE) para optar a financiaci\u00f3n de los fondos de reconstrucci\u00f3n post-COVID y de transici\u00f3n justa, as\u00ed como del marco presupuestario 2021-2027. La redacci\u00f3n de este","og:url":"https:\/\/eldigitaldeasturias.com\/radio\/el-principado-inicia-con-empresas-y-sindicatos-la-redaccion-de-la-estrategia-energetica-justa\/","og:image":"https:\/\/eldigitaldeasturias.com\/radio\/wp-content\/uploads\/2020\/10\/success-2917048_640.jpg","og:image:secure_url":"https:\/\/eldigitaldeasturias.com\/radio\/wp-content\/uploads\/2020\/10\/success-2917048_640.jpg","og:image:width":640,"og:image:height":400,"article:published_time":"2020-10-11T19:56:59+00:00","article:modified_time":"2020-10-11T19:56:59+00:00","twitter:card":"summary_large_image","twitter:site":"@bercodi","twitter:title":"El Principado inicia con empresas y sindicatos la redacci\u00f3n de la Estrategia Energ\u00e9tica Justa | El Digital de Asturias","twitter:description":"El Gobierno de Asturias ha iniciado la elaboraci\u00f3n de la Estrat\u00e9gica Energ\u00e9tica Justa de Asturias, la hoja de ruta que se enviar\u00e1 al Ejecutivo estatal y a la Uni\u00f3n Europea (UE) para optar a financiaci\u00f3n de los fondos de reconstrucci\u00f3n post-COVID y de transici\u00f3n justa, as\u00ed como del marco presupuestario 2021-2027. La redacci\u00f3n de este","twitter:creator":"@bercodi","twitter:image":"https:\/\/eldigitaldeasturias.com\/radio\/wp-content\/uploads\/2020\/10\/success-2917048_640.jpg"},"aioseo_meta_data":{"post_id":"5172","title":null,"description":"","keywords":"","keyphrases":null,"primary_term":null,"canonical_url":"","og_title":null,"og_description":null,"og_object_type":"default","og_image_type":"default","og_image_url":null,"og_image_width":null,"og_image_height":null,"og_image_custom_url":null,"og_image_custom_fields":null,"og_video":null,"og_custom_url":null,"og_article_section":null,"og_article_tags":null,"twitter_use_og":false,"twitter_card":"default","twitter_image_type":"default","twitter_image_url":null,"twitter_image_custom_url":null,"twitter_image_custom_fields":null,"twitter_title":null,"twitter_description":null,"schema":{"blockGraphs":[],"customGraphs":[],"default":{"data":{"Article":[],"Course":[],"Dataset":[],"FAQPage":[],"Movie":[],"Person":[],"Product":[],"ProductReview":[],"Car":[],"Recipe":[],"Service":[],"SoftwareApplication":[],"WebPage":[]},"graphName":"","isEnabled":true},"graphs":[],"defaultGraph":"","defaultPostTypeGraph":""},"schema_type":null,"schema_type_options":null,"pillar_content":false,"robots_default":true,"robots_noindex":false,"robots_noarchive":false,"robots_nosnippet":false,"robots_nofollow":false,"robots_noimageindex":false,"robots_noodp":false,"robots_notranslate":false,"robots_max_snippet":null,"robots_max_videopreview":null,"robots_max_imagepreview":"large","priority":null,"frequency":null,"location":null,"local_seo":null,"seo_analyzer_scan_date":"2025-08-28 17:28:32","breadcrumb_settings":null,"limit_modified_date":false,"open_ai":null,"ai":null,"created":"2021-03-25 10:56:23","updated":"2025-08-28 17:28:32"},"aioseo_breadcrumb":"<div class=\"aioseo-breadcrumbs\"><span class=\"aioseo-breadcrumb\">\n\t<a href=\"https:\/\/eldigitaldeasturias.com\/radio\" title=\"Inicio\">Inicio<\/a>\n<\/span><span class=\"aioseo-breadcrumb-separator\">&ndash;<\/span><span class=\"aioseo-breadcrumb\">\n\t<a href=\"https:\/\/eldigitaldeasturias.com\/radio\/category\/noticias\/\" title=\"Noticias\">Noticias<\/a>\n<\/span><span class=\"aioseo-breadcrumb-separator\">&ndash;<\/span><span class=\"aioseo-breadcrumb\">\n\tEl Principado inicia con empresas y sindicatos la redacci\u00f3n de la Estrategia Energ\u00e9tica Justa\n<\/span><\/div>","aioseo_breadcrumb_json":[{"label":"Inicio","link":"https:\/\/eldigitaldeasturias.com\/radio"},{"label":"Noticias","link":"https:\/\/eldigitaldeasturias.com\/radio\/category\/noticias\/"},{"label":"El Principado inicia con empresas y sindicatos la redacci\u00f3n de la Estrategia Energ\u00e9tica Justa","link":"https:\/\/eldigitaldeasturias.com\/radio\/el-principado-inicia-con-empresas-y-sindicatos-la-redaccion-de-la-estrategia-energetica-justa\/"}],"_links":{"self":[{"href":"https:\/\/eldigitaldeasturias.com\/radio\/wp-json\/wp\/v2\/posts\/5172","targetHints":{"allow":["GET"]}}],"collection":[{"href":"https:\/\/eldigitaldeasturias.com\/radio\/wp-json\/wp\/v2\/posts"}],"about":[{"href":"https:\/\/eldigitaldeasturias.com\/radio\/wp-json\/wp\/v2\/types\/post"}],"author":[{"embeddable":true,"href":"https:\/\/eldigitaldeasturias.com\/radio\/wp-json\/wp\/v2\/users\/1"}],"replies":[{"embeddable":true,"href":"https:\/\/eldigitaldeasturias.com\/radio\/wp-json\/wp\/v2\/comments?post=5172"}],"version-history":[{"count":0,"href":"https:\/\/eldigitaldeasturias.com\/radio\/wp-json\/wp\/v2\/posts\/5172\/revisions"}],"wp:featuredmedia":[{"embeddable":true,"href":"https:\/\/eldigitaldeasturias.com\/radio\/wp-json\/wp\/v2\/media\/5173"}],"wp:attachment":[{"href":"https:\/\/eldigitaldeasturias.com\/radio\/wp-json\/wp\/v2\/media?parent=5172"}],"wp:term":[{"taxonomy":"category","embeddable":true,"href":"https:\/\/eldigitaldeasturias.com\/radio\/wp-json\/wp\/v2\/categories?post=5172"},{"taxonomy":"post_tag","embeddable":true,"href":"https:\/\/eldigitaldeasturias.com\/radio\/wp-json\/wp\/v2\/tags?post=5172"}],"curies":[{"name":"wp","href":"https:\/\/api.w.org\/{rel}","templated":true}]}}