{"id":5160,"date":"2020-09-20T12:42:06","date_gmt":"2020-09-20T12:42:06","guid":{"rendered":"http:\/\/www.eldigitaldeasturias.com\/radio\/?p=5160"},"modified":"2020-09-20T12:42:06","modified_gmt":"2020-09-20T12:42:06","slug":"alemania-falla-en-meta-de-reducir-residuos-en-baltico-y-mar-del-norte","status":"publish","type":"post","link":"https:\/\/eldigitaldeasturias.com\/radio\/alemania-falla-en-meta-de-reducir-residuos-en-baltico-y-mar-del-norte\/","title":{"rendered":"Alemania falla en meta de reducir residuos en B\u00e1ltico y mar del Norte"},"content":{"rendered":"<figure id=\"attachment_5161\" aria-describedby=\"caption-attachment-5161\" style=\"width: 360px\" class=\"wp-caption alignleft\"><img fetchpriority=\"high\" decoding=\"async\" class=\"size-medium wp-image-5161\" src=\"http:\/\/www.eldigitaldeasturias.com\/radio\/wp-content\/uploads\/2020\/09\/residuos-360x235.jpg\" alt=\"\" width=\"360\" height=\"235\" srcset=\"https:\/\/eldigitaldeasturias.com\/radio\/wp-content\/uploads\/2020\/09\/residuos-360x235.jpg 360w, https:\/\/eldigitaldeasturias.com\/radio\/wp-content\/uploads\/2020\/09\/residuos-768x501.jpg 768w, https:\/\/eldigitaldeasturias.com\/radio\/wp-content\/uploads\/2020\/09\/residuos.jpg 1002w\" sizes=\"(max-width: 360px) 100vw, 360px\" \/><figcaption id=\"caption-attachment-5161\" class=\"wp-caption-text\">Foto: Stefan Sauer\/dpa<\/figcaption><\/figure>\n<p>Berl\u00edn, 19 sep (dpa) &#8211; El Gobierno de Alemania no logr\u00f3 cumplir su meta de combatir el grado de residuos en los mares del Norte y B\u00e1ltico, seg\u00fan un informe oficial al que tuvo hoy acceso la agencia dpa.<\/p>\n<p>De acuerdo a la Directiva Europea de Estrategia Marina de 2008, se deb\u00eda alcanzar un \u00abbuen estado ecol\u00f3gico\u00bb en los mares de la Uni\u00f3n Europea (UE) hacia 2020, inform\u00f3 el Gobierno alem\u00e1n en respuesta a una pregunta del grupo parlamentario de Los Verdes.<\/p>\n<p>El lineamiento europeo establece que los residuos en el mar no deben tener consecuencias perjudiciales para los ambientes costeros y marinos. \u00abEste objetivo no se ha cumplido\u00bb, sostiene la respuesta oficial ante la consulta sobre \u00abresiduos pl\u00e1sticos en las costas del mar del Norte y el B\u00e1ltico\u00bb.<\/p>\n<p>\u00abEn comparaci\u00f3n con el resto de Europa, Alemania est\u00e1 al final de la lista en lo que se refiere a la prevenci\u00f3n del desperdicio de envases\u00bb, cuestion\u00f3 hoy Steffi Lemke, portavoz parlamentaria para el \u00e1rea de protecci\u00f3n de la naturaleza de Los Verdes.<\/p>\n<p>Este s\u00e1bado se celebra el d\u00eda internacional de la limpieza (\u00abCleanUp Day\u00bb) en el que miles de voluntarios retiran residuos pl\u00e1sticos de playas, costas, bosques y parques.<\/p>\n<p>Seg\u00fan informaron Los Verdes, varios funcionarios se comprometieron a colaborar en la recolecci\u00f3n de residuos, entre ellos el ministro de Medio Ambiente del estado federal de Schleswig Holstein, Jan-Phillip Albrecht.<\/p>\n","protected":false},"excerpt":{"rendered":"<p>Berl\u00edn, 19 sep (dpa) &#8211; El Gobierno de Alemania no logr\u00f3 cumplir su meta de combatir el grado de residuos en los mares del Norte y B\u00e1ltico, seg\u00fan un informe oficial al que tuvo hoy acceso la agencia dpa. De acuerdo a la Directiva Europea de Estrategia Marina de 2008, se deb\u00eda alcanzar un \u00abbuen<\/p>\n","protected":false},"author":1,"featured_media":5161,"comment_status":"closed","ping_status":"closed","sticky":false,"template":"","format":"standard","meta":{"footnotes":""},"categories":[1],"tags":[],"class_list":{"0":"post-5160","1":"post","2":"type-post","3":"status-publish","4":"format-standard","5":"has-post-thumbnail","7":"category-noticias"},"aioseo_notices":[],"aioseo_head":"\n\t\t<!-- All in One SEO Pro 4.9.6.2 - aioseo.com -->\n\t<meta name=\"description\" content=\"Berl\u00edn, 19 sep (dpa) - El Gobierno de Alemania no logr\u00f3 cumplir su meta de combatir el grado de residuos en los mares del Norte y B\u00e1ltico, seg\u00fan un informe oficial al que tuvo hoy acceso la agencia dpa. De acuerdo a la Directiva Europea de Estrategia Marina de 2008, se deb\u00eda alcanzar un &quot;buen\" \/>\n\t<meta name=\"robots\" content=\"max-image-preview:large\" \/>\n\t<meta name=\"author\" content=\"NBAsturias\"\/>\n\t<meta name=\"google-site-verification\" content=\"UA-38556648-1\" \/>\n\t<meta name=\"keywords\" content=\"noticias\" \/>\n\t<link rel=\"canonical\" href=\"https:\/\/eldigitaldeasturias.com\/radio\/alemania-falla-en-meta-de-reducir-residuos-en-baltico-y-mar-del-norte\/\" \/>\n\t<meta name=\"generator\" content=\"All in One SEO Pro (AIOSEO) 4.9.6.2\" \/>\n\t\t<meta property=\"og:locale\" content=\"es_ES\" \/>\n\t\t<meta property=\"og:site_name\" content=\"El Digital de Asturias | Diario de informaci\u00f3n y noticias\" \/>\n\t\t<meta property=\"og:type\" content=\"article\" \/>\n\t\t<meta property=\"og:title\" content=\"Alemania falla en meta de reducir residuos en B\u00e1ltico y mar del Norte | El Digital de Asturias\" \/>\n\t\t<meta property=\"og:description\" content=\"Berl\u00edn, 19 sep (dpa) - El Gobierno de Alemania no logr\u00f3 cumplir su meta de combatir el grado de residuos en los mares del Norte y B\u00e1ltico, seg\u00fan un informe oficial al que tuvo hoy acceso la agencia dpa. De acuerdo a la Directiva Europea de Estrategia Marina de 2008, se deb\u00eda alcanzar un &quot;buen\" \/>\n\t\t<meta property=\"og:url\" content=\"https:\/\/eldigitaldeasturias.com\/radio\/alemania-falla-en-meta-de-reducir-residuos-en-baltico-y-mar-del-norte\/\" \/>\n\t\t<meta property=\"og:image\" content=\"https:\/\/eldigitaldeasturias.com\/radio\/wp-content\/uploads\/2020\/09\/residuos.jpg\" \/>\n\t\t<meta property=\"og:image:secure_url\" content=\"https:\/\/eldigitaldeasturias.com\/radio\/wp-content\/uploads\/2020\/09\/residuos.jpg\" \/>\n\t\t<meta property=\"og:image:width\" content=\"1002\" \/>\n\t\t<meta property=\"og:image:height\" content=\"653\" \/>\n\t\t<meta property=\"article:published_time\" content=\"2020-09-20T12:42:06+00:00\" \/>\n\t\t<meta property=\"article:modified_time\" content=\"2020-09-20T12:42:06+00:00\" \/>\n\t\t<meta name=\"twitter:card\" content=\"summary_large_image\" \/>\n\t\t<meta name=\"twitter:site\" content=\"@bercodi\" \/>\n\t\t<meta name=\"twitter:title\" content=\"Alemania falla en meta de reducir residuos en B\u00e1ltico y mar del Norte | El Digital de Asturias\" \/>\n\t\t<meta name=\"twitter:description\" content=\"Berl\u00edn, 19 sep (dpa) - El Gobierno de Alemania no logr\u00f3 cumplir su meta de combatir el grado de residuos en los mares del Norte y B\u00e1ltico, seg\u00fan un informe oficial al que tuvo hoy acceso la agencia dpa. De acuerdo a la Directiva Europea de Estrategia Marina de 2008, se deb\u00eda alcanzar un &quot;buen\" \/>\n\t\t<meta name=\"twitter:creator\" content=\"@bercodi\" \/>\n\t\t<meta name=\"twitter:image\" content=\"https:\/\/eldigitaldeasturias.com\/radio\/wp-content\/uploads\/2020\/09\/residuos.jpg\" \/>\n\t\t<script type=\"application\/ld+json\" class=\"aioseo-schema\">\n\t\t\t{\"@context\":\"https:\\\/\\\/schema.org\",\"@graph\":[{\"@type\":\"BreadcrumbList\",\"@id\":\"https:\\\/\\\/eldigitaldeasturias.com\\\/radio\\\/alemania-falla-en-meta-de-reducir-residuos-en-baltico-y-mar-del-norte\\\/#breadcrumblist\",\"itemListElement\":[{\"@type\":\"ListItem\",\"@id\":\"https:\\\/\\\/eldigitaldeasturias.com\\\/radio#listItem\",\"position\":1,\"name\":\"Inicio\",\"item\":\"https:\\\/\\\/eldigitaldeasturias.com\\\/radio\",\"nextItem\":{\"@type\":\"ListItem\",\"@id\":\"https:\\\/\\\/eldigitaldeasturias.com\\\/radio\\\/category\\\/noticias\\\/#listItem\",\"name\":\"Noticias\"}},{\"@type\":\"ListItem\",\"@id\":\"https:\\\/\\\/eldigitaldeasturias.com\\\/radio\\\/category\\\/noticias\\\/#listItem\",\"position\":2,\"name\":\"Noticias\",\"item\":\"https:\\\/\\\/eldigitaldeasturias.com\\\/radio\\\/category\\\/noticias\\\/\",\"nextItem\":{\"@type\":\"ListItem\",\"@id\":\"https:\\\/\\\/eldigitaldeasturias.com\\\/radio\\\/alemania-falla-en-meta-de-reducir-residuos-en-baltico-y-mar-del-norte\\\/#listItem\",\"name\":\"Alemania falla en meta de reducir residuos en B\\u00e1ltico y mar del Norte\"},\"previousItem\":{\"@type\":\"ListItem\",\"@id\":\"https:\\\/\\\/eldigitaldeasturias.com\\\/radio#listItem\",\"name\":\"Inicio\"}},{\"@type\":\"ListItem\",\"@id\":\"https:\\\/\\\/eldigitaldeasturias.com\\\/radio\\\/alemania-falla-en-meta-de-reducir-residuos-en-baltico-y-mar-del-norte\\\/#listItem\",\"position\":3,\"name\":\"Alemania falla en meta de reducir residuos en B\\u00e1ltico y mar del Norte\",\"previousItem\":{\"@type\":\"ListItem\",\"@id\":\"https:\\\/\\\/eldigitaldeasturias.com\\\/radio\\\/category\\\/noticias\\\/#listItem\",\"name\":\"Noticias\"}}]},{\"@type\":\"NewsArticle\",\"@id\":\"https:\\\/\\\/eldigitaldeasturias.com\\\/radio\\\/alemania-falla-en-meta-de-reducir-residuos-en-baltico-y-mar-del-norte\\\/#newsarticle\",\"name\":\"Alemania falla en meta de reducir residuos en B\\u00e1ltico y mar del Norte | El Digital de Asturias\",\"headline\":\"Alemania falla en meta de reducir residuos en B\\u00e1ltico y mar del Norte\",\"author\":{\"@id\":\"https:\\\/\\\/eldigitaldeasturias.com\\\/radio\\\/author\\\/nbasturias\\\/#author\"},\"publisher\":{\"@id\":\"https:\\\/\\\/eldigitaldeasturias.com\\\/radio\\\/#organization\"},\"image\":{\"@type\":\"ImageObject\",\"url\":\"https:\\\/\\\/eldigitaldeasturias.com\\\/radio\\\/wp-content\\\/uploads\\\/2020\\\/09\\\/residuos.jpg\",\"width\":1002,\"height\":653,\"caption\":\"Foto: Stefan Sauer\\\/dpa\"},\"datePublished\":\"2020-09-20T12:42:06+02:00\",\"dateModified\":\"2020-09-20T12:42:06+02:00\",\"inLanguage\":\"es-ES\",\"mainEntityOfPage\":{\"@id\":\"https:\\\/\\\/eldigitaldeasturias.com\\\/radio\\\/alemania-falla-en-meta-de-reducir-residuos-en-baltico-y-mar-del-norte\\\/#webpage\"},\"isPartOf\":{\"@id\":\"https:\\\/\\\/eldigitaldeasturias.com\\\/radio\\\/alemania-falla-en-meta-de-reducir-residuos-en-baltico-y-mar-del-norte\\\/#webpage\"},\"articleSection\":\"Noticias\",\"dateline\":\"Publicado el septiembre 20, 2020.\"},{\"@type\":\"Organization\",\"@id\":\"https:\\\/\\\/eldigitaldeasturias.com\\\/radio\\\/#organization\",\"name\":\"El digital de Asturias Radio\",\"description\":\"Diario de informaci\\u00f3n y noticias\",\"url\":\"https:\\\/\\\/eldigitaldeasturias.com\\\/radio\\\/\",\"telephone\":\"+34652131393\",\"logo\":{\"@type\":\"ImageObject\",\"url\":\"https:\\\/\\\/www.eldigitaldeasturias.com\\\/radio\\\/wp-content\\\/uploads\\\/2021\\\/03\\\/EDA.jpg\",\"@id\":\"https:\\\/\\\/eldigitaldeasturias.com\\\/radio\\\/alemania-falla-en-meta-de-reducir-residuos-en-baltico-y-mar-del-norte\\\/#organizationLogo\"},\"image\":{\"@id\":\"https:\\\/\\\/eldigitaldeasturias.com\\\/radio\\\/alemania-falla-en-meta-de-reducir-residuos-en-baltico-y-mar-del-norte\\\/#organizationLogo\"},\"sameAs\":[\"https:\\\/\\\/www.facebook.com\\\/\",\"https:\\\/\\\/x.com\\\/bercodi\",\"https:\\\/\\\/www.instagram.com\\\/\",\"https:\\\/\\\/www.youtube.com\\\/channel\\\/UCZP-2wLEB9Rv6erhFmqVnvg\"]},{\"@type\":\"Person\",\"@id\":\"https:\\\/\\\/eldigitaldeasturias.com\\\/radio\\\/author\\\/nbasturias\\\/#author\",\"url\":\"https:\\\/\\\/eldigitaldeasturias.com\\\/radio\\\/author\\\/nbasturias\\\/\",\"name\":\"NBAsturias\",\"image\":{\"@type\":\"ImageObject\",\"@id\":\"https:\\\/\\\/eldigitaldeasturias.com\\\/radio\\\/alemania-falla-en-meta-de-reducir-residuos-en-baltico-y-mar-del-norte\\\/#authorImage\",\"url\":\"https:\\\/\\\/secure.gravatar.com\\\/avatar\\\/df2aeffc32bcd13f8d26072ef8a91b623d677766deac7f97ca815868cd41bf5e?s=96&d=mm&r=g\",\"width\":96,\"height\":96,\"caption\":\"NBAsturias\"}},{\"@type\":\"WebPage\",\"@id\":\"https:\\\/\\\/eldigitaldeasturias.com\\\/radio\\\/alemania-falla-en-meta-de-reducir-residuos-en-baltico-y-mar-del-norte\\\/#webpage\",\"url\":\"https:\\\/\\\/eldigitaldeasturias.com\\\/radio\\\/alemania-falla-en-meta-de-reducir-residuos-en-baltico-y-mar-del-norte\\\/\",\"name\":\"Alemania falla en meta de reducir residuos en B\\u00e1ltico y mar del Norte | El Digital de Asturias\",\"description\":\"Berl\\u00edn, 19 sep (dpa) - El Gobierno de Alemania no logr\\u00f3 cumplir su meta de combatir el grado de residuos en los mares del Norte y B\\u00e1ltico, seg\\u00fan un informe oficial al que tuvo hoy acceso la agencia dpa. De acuerdo a la Directiva Europea de Estrategia Marina de 2008, se deb\\u00eda alcanzar un \\\"buen\",\"inLanguage\":\"es-ES\",\"isPartOf\":{\"@id\":\"https:\\\/\\\/eldigitaldeasturias.com\\\/radio\\\/#website\"},\"breadcrumb\":{\"@id\":\"https:\\\/\\\/eldigitaldeasturias.com\\\/radio\\\/alemania-falla-en-meta-de-reducir-residuos-en-baltico-y-mar-del-norte\\\/#breadcrumblist\"},\"author\":{\"@id\":\"https:\\\/\\\/eldigitaldeasturias.com\\\/radio\\\/author\\\/nbasturias\\\/#author\"},\"creator\":{\"@id\":\"https:\\\/\\\/eldigitaldeasturias.com\\\/radio\\\/author\\\/nbasturias\\\/#author\"},\"image\":{\"@type\":\"ImageObject\",\"url\":\"https:\\\/\\\/eldigitaldeasturias.com\\\/radio\\\/wp-content\\\/uploads\\\/2020\\\/09\\\/residuos.jpg\",\"@id\":\"https:\\\/\\\/eldigitaldeasturias.com\\\/radio\\\/alemania-falla-en-meta-de-reducir-residuos-en-baltico-y-mar-del-norte\\\/#mainImage\",\"width\":1002,\"height\":653,\"caption\":\"Foto: Stefan Sauer\\\/dpa\"},\"primaryImageOfPage\":{\"@id\":\"https:\\\/\\\/eldigitaldeasturias.com\\\/radio\\\/alemania-falla-en-meta-de-reducir-residuos-en-baltico-y-mar-del-norte\\\/#mainImage\"},\"datePublished\":\"2020-09-20T12:42:06+02:00\",\"dateModified\":\"2020-09-20T12:42:06+02:00\"},{\"@type\":\"WebSite\",\"@id\":\"https:\\\/\\\/eldigitaldeasturias.com\\\/radio\\\/#website\",\"url\":\"https:\\\/\\\/eldigitaldeasturias.com\\\/radio\\\/\",\"name\":\"El Digital de Asturias\",\"description\":\"Diario de informaci\\u00f3n y noticias\",\"inLanguage\":\"es-ES\",\"publisher\":{\"@id\":\"https:\\\/\\\/eldigitaldeasturias.com\\\/radio\\\/#organization\"}}]}\n\t\t<\/script>\n\t\t<!-- All in One SEO Pro -->\r\n\t\t<title>Alemania falla en meta de reducir residuos en B\u00e1ltico y mar del Norte | El Digital de Asturias<\/title>\n\n","aioseo_head_json":{"title":"Alemania falla en meta de reducir residuos en B\u00e1ltico y mar del Norte | El Digital de Asturias","description":"Berl\u00edn, 19 sep (dpa) - El Gobierno de Alemania no logr\u00f3 cumplir su meta de combatir el grado de residuos en los mares del Norte y B\u00e1ltico, seg\u00fan un informe oficial al que tuvo hoy acceso la agencia dpa. De acuerdo a la Directiva Europea de Estrategia Marina de 2008, se deb\u00eda alcanzar un \"buen","canonical_url":"https:\/\/eldigitaldeasturias.com\/radio\/alemania-falla-en-meta-de-reducir-residuos-en-baltico-y-mar-del-norte\/","robots":"max-image-preview:large","keywords":"noticias","webmasterTools":{"google-site-verification":"UA-38556648-1","miscellaneous":""},"schema":{"@context":"https:\/\/schema.org","@graph":[{"@type":"BreadcrumbList","@id":"https:\/\/eldigitaldeasturias.com\/radio\/alemania-falla-en-meta-de-reducir-residuos-en-baltico-y-mar-del-norte\/#breadcrumblist","itemListElement":[{"@type":"ListItem","@id":"https:\/\/eldigitaldeasturias.com\/radio#listItem","position":1,"name":"Inicio","item":"https:\/\/eldigitaldeasturias.com\/radio","nextItem":{"@type":"ListItem","@id":"https:\/\/eldigitaldeasturias.com\/radio\/category\/noticias\/#listItem","name":"Noticias"}},{"@type":"ListItem","@id":"https:\/\/eldigitaldeasturias.com\/radio\/category\/noticias\/#listItem","position":2,"name":"Noticias","item":"https:\/\/eldigitaldeasturias.com\/radio\/category\/noticias\/","nextItem":{"@type":"ListItem","@id":"https:\/\/eldigitaldeasturias.com\/radio\/alemania-falla-en-meta-de-reducir-residuos-en-baltico-y-mar-del-norte\/#listItem","name":"Alemania falla en meta de reducir residuos en B\u00e1ltico y mar del Norte"},"previousItem":{"@type":"ListItem","@id":"https:\/\/eldigitaldeasturias.com\/radio#listItem","name":"Inicio"}},{"@type":"ListItem","@id":"https:\/\/eldigitaldeasturias.com\/radio\/alemania-falla-en-meta-de-reducir-residuos-en-baltico-y-mar-del-norte\/#listItem","position":3,"name":"Alemania falla en meta de reducir residuos en B\u00e1ltico y mar del Norte","previousItem":{"@type":"ListItem","@id":"https:\/\/eldigitaldeasturias.com\/radio\/category\/noticias\/#listItem","name":"Noticias"}}]},{"@type":"NewsArticle","@id":"https:\/\/eldigitaldeasturias.com\/radio\/alemania-falla-en-meta-de-reducir-residuos-en-baltico-y-mar-del-norte\/#newsarticle","name":"Alemania falla en meta de reducir residuos en B\u00e1ltico y mar del Norte | El Digital de Asturias","headline":"Alemania falla en meta de reducir residuos en B\u00e1ltico y mar del Norte","author":{"@id":"https:\/\/eldigitaldeasturias.com\/radio\/author\/nbasturias\/#author"},"publisher":{"@id":"https:\/\/eldigitaldeasturias.com\/radio\/#organization"},"image":{"@type":"ImageObject","url":"https:\/\/eldigitaldeasturias.com\/radio\/wp-content\/uploads\/2020\/09\/residuos.jpg","width":1002,"height":653,"caption":"Foto: Stefan Sauer\/dpa"},"datePublished":"2020-09-20T12:42:06+02:00","dateModified":"2020-09-20T12:42:06+02:00","inLanguage":"es-ES","mainEntityOfPage":{"@id":"https:\/\/eldigitaldeasturias.com\/radio\/alemania-falla-en-meta-de-reducir-residuos-en-baltico-y-mar-del-norte\/#webpage"},"isPartOf":{"@id":"https:\/\/eldigitaldeasturias.com\/radio\/alemania-falla-en-meta-de-reducir-residuos-en-baltico-y-mar-del-norte\/#webpage"},"articleSection":"Noticias","dateline":"Publicado el septiembre 20, 2020."},{"@type":"Organization","@id":"https:\/\/eldigitaldeasturias.com\/radio\/#organization","name":"El digital de Asturias Radio","description":"Diario de informaci\u00f3n y noticias","url":"https:\/\/eldigitaldeasturias.com\/radio\/","telephone":"+34652131393","logo":{"@type":"ImageObject","url":"https:\/\/www.eldigitaldeasturias.com\/radio\/wp-content\/uploads\/2021\/03\/EDA.jpg","@id":"https:\/\/eldigitaldeasturias.com\/radio\/alemania-falla-en-meta-de-reducir-residuos-en-baltico-y-mar-del-norte\/#organizationLogo"},"image":{"@id":"https:\/\/eldigitaldeasturias.com\/radio\/alemania-falla-en-meta-de-reducir-residuos-en-baltico-y-mar-del-norte\/#organizationLogo"},"sameAs":["https:\/\/www.facebook.com\/","https:\/\/x.com\/bercodi","https:\/\/www.instagram.com\/","https:\/\/www.youtube.com\/channel\/UCZP-2wLEB9Rv6erhFmqVnvg"]},{"@type":"Person","@id":"https:\/\/eldigitaldeasturias.com\/radio\/author\/nbasturias\/#author","url":"https:\/\/eldigitaldeasturias.com\/radio\/author\/nbasturias\/","name":"NBAsturias","image":{"@type":"ImageObject","@id":"https:\/\/eldigitaldeasturias.com\/radio\/alemania-falla-en-meta-de-reducir-residuos-en-baltico-y-mar-del-norte\/#authorImage","url":"https:\/\/secure.gravatar.com\/avatar\/df2aeffc32bcd13f8d26072ef8a91b623d677766deac7f97ca815868cd41bf5e?s=96&d=mm&r=g","width":96,"height":96,"caption":"NBAsturias"}},{"@type":"WebPage","@id":"https:\/\/eldigitaldeasturias.com\/radio\/alemania-falla-en-meta-de-reducir-residuos-en-baltico-y-mar-del-norte\/#webpage","url":"https:\/\/eldigitaldeasturias.com\/radio\/alemania-falla-en-meta-de-reducir-residuos-en-baltico-y-mar-del-norte\/","name":"Alemania falla en meta de reducir residuos en B\u00e1ltico y mar del Norte | El Digital de Asturias","description":"Berl\u00edn, 19 sep (dpa) - El Gobierno de Alemania no logr\u00f3 cumplir su meta de combatir el grado de residuos en los mares del Norte y B\u00e1ltico, seg\u00fan un informe oficial al que tuvo hoy acceso la agencia dpa. De acuerdo a la Directiva Europea de Estrategia Marina de 2008, se deb\u00eda alcanzar un \"buen","inLanguage":"es-ES","isPartOf":{"@id":"https:\/\/eldigitaldeasturias.com\/radio\/#website"},"breadcrumb":{"@id":"https:\/\/eldigitaldeasturias.com\/radio\/alemania-falla-en-meta-de-reducir-residuos-en-baltico-y-mar-del-norte\/#breadcrumblist"},"author":{"@id":"https:\/\/eldigitaldeasturias.com\/radio\/author\/nbasturias\/#author"},"creator":{"@id":"https:\/\/eldigitaldeasturias.com\/radio\/author\/nbasturias\/#author"},"image":{"@type":"ImageObject","url":"https:\/\/eldigitaldeasturias.com\/radio\/wp-content\/uploads\/2020\/09\/residuos.jpg","@id":"https:\/\/eldigitaldeasturias.com\/radio\/alemania-falla-en-meta-de-reducir-residuos-en-baltico-y-mar-del-norte\/#mainImage","width":1002,"height":653,"caption":"Foto: Stefan Sauer\/dpa"},"primaryImageOfPage":{"@id":"https:\/\/eldigitaldeasturias.com\/radio\/alemania-falla-en-meta-de-reducir-residuos-en-baltico-y-mar-del-norte\/#mainImage"},"datePublished":"2020-09-20T12:42:06+02:00","dateModified":"2020-09-20T12:42:06+02:00"},{"@type":"WebSite","@id":"https:\/\/eldigitaldeasturias.com\/radio\/#website","url":"https:\/\/eldigitaldeasturias.com\/radio\/","name":"El Digital de Asturias","description":"Diario de informaci\u00f3n y noticias","inLanguage":"es-ES","publisher":{"@id":"https:\/\/eldigitaldeasturias.com\/radio\/#organization"}}]},"og:locale":"es_ES","og:site_name":"El Digital de Asturias | Diario de informaci\u00f3n y noticias","og:type":"article","og:title":"Alemania falla en meta de reducir residuos en B\u00e1ltico y mar del Norte | El Digital de Asturias","og:description":"Berl\u00edn, 19 sep (dpa) - El Gobierno de Alemania no logr\u00f3 cumplir su meta de combatir el grado de residuos en los mares del Norte y B\u00e1ltico, seg\u00fan un informe oficial al que tuvo hoy acceso la agencia dpa. De acuerdo a la Directiva Europea de Estrategia Marina de 2008, se deb\u00eda alcanzar un &quot;buen","og:url":"https:\/\/eldigitaldeasturias.com\/radio\/alemania-falla-en-meta-de-reducir-residuos-en-baltico-y-mar-del-norte\/","og:image":"https:\/\/eldigitaldeasturias.com\/radio\/wp-content\/uploads\/2020\/09\/residuos.jpg","og:image:secure_url":"https:\/\/eldigitaldeasturias.com\/radio\/wp-content\/uploads\/2020\/09\/residuos.jpg","og:image:width":1002,"og:image:height":653,"article:published_time":"2020-09-20T12:42:06+00:00","article:modified_time":"2020-09-20T12:42:06+00:00","twitter:card":"summary_large_image","twitter:site":"@bercodi","twitter:title":"Alemania falla en meta de reducir residuos en B\u00e1ltico y mar del Norte | El Digital de Asturias","twitter:description":"Berl\u00edn, 19 sep (dpa) - El Gobierno de Alemania no logr\u00f3 cumplir su meta de combatir el grado de residuos en los mares del Norte y B\u00e1ltico, seg\u00fan un informe oficial al que tuvo hoy acceso la agencia dpa. De acuerdo a la Directiva Europea de Estrategia Marina de 2008, se deb\u00eda alcanzar un &quot;buen","twitter:creator":"@bercodi","twitter:image":"https:\/\/eldigitaldeasturias.com\/radio\/wp-content\/uploads\/2020\/09\/residuos.jpg"},"aioseo_meta_data":{"post_id":"5160","title":null,"description":"","keywords":"","keyphrases":null,"primary_term":null,"canonical_url":"","og_title":null,"og_description":null,"og_object_type":"default","og_image_type":"default","og_image_url":null,"og_image_width":null,"og_image_height":null,"og_image_custom_url":null,"og_image_custom_fields":null,"og_video":null,"og_custom_url":null,"og_article_section":null,"og_article_tags":null,"twitter_use_og":false,"twitter_card":"default","twitter_image_type":"default","twitter_image_url":null,"twitter_image_custom_url":null,"twitter_image_custom_fields":null,"twitter_title":null,"twitter_description":null,"schema":{"blockGraphs":[],"customGraphs":[],"default":{"data":{"Article":[],"Course":[],"Dataset":[],"FAQPage":[],"Movie":[],"Person":[],"Product":[],"ProductReview":[],"Car":[],"Recipe":[],"Service":[],"SoftwareApplication":[],"WebPage":[]},"graphName":"","isEnabled":true},"graphs":[],"defaultGraph":"","defaultPostTypeGraph":""},"schema_type":null,"schema_type_options":null,"pillar_content":false,"robots_default":true,"robots_noindex":false,"robots_noarchive":false,"robots_nosnippet":false,"robots_nofollow":false,"robots_noimageindex":false,"robots_noodp":false,"robots_notranslate":false,"robots_max_snippet":null,"robots_max_videopreview":null,"robots_max_imagepreview":"large","priority":null,"frequency":null,"location":null,"local_seo":null,"seo_analyzer_scan_date":"2025-08-28 17:28:30","breadcrumb_settings":null,"limit_modified_date":false,"open_ai":null,"ai":null,"created":"2021-03-25 10:40:59","updated":"2025-08-28 17:28:30"},"aioseo_breadcrumb":"<div class=\"aioseo-breadcrumbs\"><span class=\"aioseo-breadcrumb\">\n\t<a href=\"https:\/\/eldigitaldeasturias.com\/radio\" title=\"Inicio\">Inicio<\/a>\n<\/span><span class=\"aioseo-breadcrumb-separator\">&ndash;<\/span><span class=\"aioseo-breadcrumb\">\n\t<a href=\"https:\/\/eldigitaldeasturias.com\/radio\/category\/noticias\/\" title=\"Noticias\">Noticias<\/a>\n<\/span><span class=\"aioseo-breadcrumb-separator\">&ndash;<\/span><span class=\"aioseo-breadcrumb\">\n\tAlemania falla en meta de reducir residuos en B\u00e1ltico y mar del Norte\n<\/span><\/div>","aioseo_breadcrumb_json":[{"label":"Inicio","link":"https:\/\/eldigitaldeasturias.com\/radio"},{"label":"Noticias","link":"https:\/\/eldigitaldeasturias.com\/radio\/category\/noticias\/"},{"label":"Alemania falla en meta de reducir residuos en B\u00e1ltico y mar del Norte","link":"https:\/\/eldigitaldeasturias.com\/radio\/alemania-falla-en-meta-de-reducir-residuos-en-baltico-y-mar-del-norte\/"}],"_links":{"self":[{"href":"https:\/\/eldigitaldeasturias.com\/radio\/wp-json\/wp\/v2\/posts\/5160","targetHints":{"allow":["GET"]}}],"collection":[{"href":"https:\/\/eldigitaldeasturias.com\/radio\/wp-json\/wp\/v2\/posts"}],"about":[{"href":"https:\/\/eldigitaldeasturias.com\/radio\/wp-json\/wp\/v2\/types\/post"}],"author":[{"embeddable":true,"href":"https:\/\/eldigitaldeasturias.com\/radio\/wp-json\/wp\/v2\/users\/1"}],"replies":[{"embeddable":true,"href":"https:\/\/eldigitaldeasturias.com\/radio\/wp-json\/wp\/v2\/comments?post=5160"}],"version-history":[{"count":0,"href":"https:\/\/eldigitaldeasturias.com\/radio\/wp-json\/wp\/v2\/posts\/5160\/revisions"}],"wp:featuredmedia":[{"embeddable":true,"href":"https:\/\/eldigitaldeasturias.com\/radio\/wp-json\/wp\/v2\/media\/5161"}],"wp:attachment":[{"href":"https:\/\/eldigitaldeasturias.com\/radio\/wp-json\/wp\/v2\/media?parent=5160"}],"wp:term":[{"taxonomy":"category","embeddable":true,"href":"https:\/\/eldigitaldeasturias.com\/radio\/wp-json\/wp\/v2\/categories?post=5160"},{"taxonomy":"post_tag","embeddable":true,"href":"https:\/\/eldigitaldeasturias.com\/radio\/wp-json\/wp\/v2\/tags?post=5160"}],"curies":[{"name":"wp","href":"https:\/\/api.w.org\/{rel}","templated":true}]}}