{"id":5152,"date":"2020-09-19T18:32:45","date_gmt":"2020-09-19T18:32:45","guid":{"rendered":"http:\/\/www.eldigitaldeasturias.com\/radio\/?p=5152"},"modified":"2020-09-19T18:32:45","modified_gmt":"2020-09-19T18:32:45","slug":"encuentran-mas-casos-de-peste-porcina-africana-en-alemania","status":"publish","type":"post","link":"https:\/\/eldigitaldeasturias.com\/radio\/encuentran-mas-casos-de-peste-porcina-africana-en-alemania\/","title":{"rendered":"Encuentran m\u00e1s casos de peste porcina africana en Alemania"},"content":{"rendered":"<p><img fetchpriority=\"high\" decoding=\"async\" class=\"alignleft size-medium wp-image-4972\" src=\"http:\/\/www.eldigitaldeasturias.com\/radio\/wp-content\/uploads\/2020\/08\/Noticias-Urgentes-360x225.jpg\" alt=\"\" width=\"360\" height=\"225\" srcset=\"https:\/\/eldigitaldeasturias.com\/radio\/wp-content\/uploads\/2020\/08\/Noticias-Urgentes-360x225.jpg 360w, https:\/\/eldigitaldeasturias.com\/radio\/wp-content\/uploads\/2020\/08\/Noticias-Urgentes.jpg 640w\" sizes=\"(max-width: 360px) 100vw, 360px\" \/>Potsdam (Alemania), 15 sep (dpa) &#8211; La peste porcina africana amenaza con propagarse en Alemania, despu\u00e9s de que se confirmaron hoy nuevos casos de la enfermedad viral en jabal\u00edes en el estado federado de Brandeburgo, en el este del pa\u00eds.<\/p>\n<p>Pocos d\u00edas despu\u00e9s de que Alemania confirmara su primer caso, el Ministerio regional de protecci\u00f3n al consumidor comunic\u00f3 que se detectaron otros cinco jabal\u00edes portadores del virus. Cuatro de los animales fueron encontrados muertos.<\/p>\n<p>La titular de la cartera, Ursula Nonnemacher, inform\u00f3 que los nuevos casos fueron descubiertos en el distrito de Oder-Spree, al norte del distrito donde se encontr\u00f3 el primer caso. Ambas \u00e1reas son pr\u00f3ximas a la frontera con Polonia.<\/p>\n<p>Las pruebas iniciales en los laboratorios locales confirmaron la enfermedad, ahora ser\u00e1n revisadas por el Instituto Friedrich Loeffler (FLI), agencia gubernamental de investigaci\u00f3n sobre enfermedades infecciosas de los animales de granja.<\/p>\n<p>La peste porcina africana no es peligrosa para los humanos pero casi siempre es mortal para los animales infectados. Originaria de \u00c1frica, se ha extendido a partes de Asia y Europa en los \u00faltimos a\u00f1os.<\/p>\n<p>China, Corea del Sur, Jap\u00f3n, Singapur, Brasil y Argentina anunciaron entretanto la prohibici\u00f3n de las importaciones de carne de cerdo alemana despu\u00e9s de que se anunciara el primer caso, lo que suscit\u00f3 preocupaci\u00f3n por las repercusiones que un brote podr\u00eda tener en la agricultura y en la econom\u00eda alemana en general.<\/p>\n<p>El fin de semana se erigi\u00f3 una valla el\u00e9ctrica de 12 kil\u00f3metros de largo alrededor del lugar del primer hallazgo.<\/p>\n<p>Mientras tanto, el Gobierno alem\u00e1n espera negociar con los pa\u00edses que han detenido las importaciones para sustituir esas prohibiciones por restricciones m\u00e1s espec\u00edficas que se apliquen solo para la carne de las regiones afectadas, como acordado con pa\u00edses de la Uni\u00f3n Europea, a donde va el 70 por ciento de las exportaciones germanas de carne de cerdo.<\/p>\n","protected":false},"excerpt":{"rendered":"<p>Potsdam (Alemania), 15 sep (dpa) &#8211; La peste porcina africana amenaza con propagarse en Alemania, despu\u00e9s de que se confirmaron hoy nuevos casos de la enfermedad viral en jabal\u00edes en el estado federado de Brandeburgo, en el este del pa\u00eds. Pocos d\u00edas despu\u00e9s de que Alemania confirmara su primer caso, el Ministerio regional de protecci\u00f3n<\/p>\n","protected":false},"author":1,"featured_media":4972,"comment_status":"closed","ping_status":"closed","sticky":false,"template":"","format":"standard","meta":{"footnotes":""},"categories":[1],"tags":[],"class_list":{"0":"post-5152","1":"post","2":"type-post","3":"status-publish","4":"format-standard","5":"has-post-thumbnail","7":"category-noticias"},"aioseo_notices":[],"aioseo_head":"\n\t\t<!-- All in One SEO Pro 4.9.6.2 - aioseo.com -->\n\t<meta name=\"description\" content=\"Potsdam (Alemania), 15 sep (dpa) - La peste porcina africana amenaza con propagarse en Alemania, despu\u00e9s de que se confirmaron hoy nuevos casos de la enfermedad viral en jabal\u00edes en el estado federado de Brandeburgo, en el este del pa\u00eds. Pocos d\u00edas despu\u00e9s de que Alemania confirmara su primer caso, el Ministerio regional de protecci\u00f3n\" \/>\n\t<meta name=\"robots\" content=\"max-image-preview:large\" \/>\n\t<meta name=\"author\" content=\"NBAsturias\"\/>\n\t<meta name=\"google-site-verification\" content=\"UA-38556648-1\" \/>\n\t<meta name=\"keywords\" content=\"noticias\" \/>\n\t<link rel=\"canonical\" href=\"https:\/\/eldigitaldeasturias.com\/radio\/encuentran-mas-casos-de-peste-porcina-africana-en-alemania\/\" \/>\n\t<meta name=\"generator\" content=\"All in One SEO Pro (AIOSEO) 4.9.6.2\" \/>\n\t\t<meta property=\"og:locale\" content=\"es_ES\" \/>\n\t\t<meta property=\"og:site_name\" content=\"El Digital de Asturias | Diario de informaci\u00f3n y noticias\" \/>\n\t\t<meta property=\"og:type\" content=\"article\" \/>\n\t\t<meta property=\"og:title\" content=\"Encuentran m\u00e1s casos de peste porcina africana en Alemania | El Digital de Asturias\" \/>\n\t\t<meta property=\"og:description\" content=\"Potsdam (Alemania), 15 sep (dpa) - La peste porcina africana amenaza con propagarse en Alemania, despu\u00e9s de que se confirmaron hoy nuevos casos de la enfermedad viral en jabal\u00edes en el estado federado de Brandeburgo, en el este del pa\u00eds. Pocos d\u00edas despu\u00e9s de que Alemania confirmara su primer caso, el Ministerio regional de protecci\u00f3n\" \/>\n\t\t<meta property=\"og:url\" content=\"https:\/\/eldigitaldeasturias.com\/radio\/encuentran-mas-casos-de-peste-porcina-africana-en-alemania\/\" \/>\n\t\t<meta property=\"og:image\" content=\"https:\/\/eldigitaldeasturias.com\/radio\/wp-content\/uploads\/2020\/08\/Noticias-Urgentes.jpg\" \/>\n\t\t<meta property=\"og:image:secure_url\" content=\"https:\/\/eldigitaldeasturias.com\/radio\/wp-content\/uploads\/2020\/08\/Noticias-Urgentes.jpg\" \/>\n\t\t<meta property=\"og:image:width\" content=\"640\" \/>\n\t\t<meta property=\"og:image:height\" content=\"400\" \/>\n\t\t<meta property=\"article:published_time\" content=\"2020-09-19T18:32:45+00:00\" \/>\n\t\t<meta property=\"article:modified_time\" content=\"2020-09-19T18:32:45+00:00\" \/>\n\t\t<meta name=\"twitter:card\" content=\"summary_large_image\" \/>\n\t\t<meta name=\"twitter:site\" content=\"@bercodi\" \/>\n\t\t<meta name=\"twitter:title\" content=\"Encuentran m\u00e1s casos de peste porcina africana en Alemania | El Digital de Asturias\" \/>\n\t\t<meta name=\"twitter:description\" content=\"Potsdam (Alemania), 15 sep (dpa) - La peste porcina africana amenaza con propagarse en Alemania, despu\u00e9s de que se confirmaron hoy nuevos casos de la enfermedad viral en jabal\u00edes en el estado federado de Brandeburgo, en el este del pa\u00eds. Pocos d\u00edas despu\u00e9s de que Alemania confirmara su primer caso, el Ministerio regional de protecci\u00f3n\" \/>\n\t\t<meta name=\"twitter:creator\" content=\"@bercodi\" \/>\n\t\t<meta name=\"twitter:image\" content=\"https:\/\/eldigitaldeasturias.com\/radio\/wp-content\/uploads\/2020\/08\/Noticias-Urgentes.jpg\" \/>\n\t\t<script type=\"application\/ld+json\" class=\"aioseo-schema\">\n\t\t\t{\"@context\":\"https:\\\/\\\/schema.org\",\"@graph\":[{\"@type\":\"BreadcrumbList\",\"@id\":\"https:\\\/\\\/eldigitaldeasturias.com\\\/radio\\\/encuentran-mas-casos-de-peste-porcina-africana-en-alemania\\\/#breadcrumblist\",\"itemListElement\":[{\"@type\":\"ListItem\",\"@id\":\"https:\\\/\\\/eldigitaldeasturias.com\\\/radio#listItem\",\"position\":1,\"name\":\"Inicio\",\"item\":\"https:\\\/\\\/eldigitaldeasturias.com\\\/radio\",\"nextItem\":{\"@type\":\"ListItem\",\"@id\":\"https:\\\/\\\/eldigitaldeasturias.com\\\/radio\\\/category\\\/noticias\\\/#listItem\",\"name\":\"Noticias\"}},{\"@type\":\"ListItem\",\"@id\":\"https:\\\/\\\/eldigitaldeasturias.com\\\/radio\\\/category\\\/noticias\\\/#listItem\",\"position\":2,\"name\":\"Noticias\",\"item\":\"https:\\\/\\\/eldigitaldeasturias.com\\\/radio\\\/category\\\/noticias\\\/\",\"nextItem\":{\"@type\":\"ListItem\",\"@id\":\"https:\\\/\\\/eldigitaldeasturias.com\\\/radio\\\/encuentran-mas-casos-de-peste-porcina-africana-en-alemania\\\/#listItem\",\"name\":\"Encuentran m\\u00e1s casos de peste porcina africana en Alemania\"},\"previousItem\":{\"@type\":\"ListItem\",\"@id\":\"https:\\\/\\\/eldigitaldeasturias.com\\\/radio#listItem\",\"name\":\"Inicio\"}},{\"@type\":\"ListItem\",\"@id\":\"https:\\\/\\\/eldigitaldeasturias.com\\\/radio\\\/encuentran-mas-casos-de-peste-porcina-africana-en-alemania\\\/#listItem\",\"position\":3,\"name\":\"Encuentran m\\u00e1s casos de peste porcina africana en Alemania\",\"previousItem\":{\"@type\":\"ListItem\",\"@id\":\"https:\\\/\\\/eldigitaldeasturias.com\\\/radio\\\/category\\\/noticias\\\/#listItem\",\"name\":\"Noticias\"}}]},{\"@type\":\"NewsArticle\",\"@id\":\"https:\\\/\\\/eldigitaldeasturias.com\\\/radio\\\/encuentran-mas-casos-de-peste-porcina-africana-en-alemania\\\/#newsarticle\",\"name\":\"Encuentran m\\u00e1s casos de peste porcina africana en Alemania | El Digital de Asturias\",\"headline\":\"Encuentran m\\u00e1s casos de peste porcina africana en Alemania\",\"author\":{\"@id\":\"https:\\\/\\\/eldigitaldeasturias.com\\\/radio\\\/author\\\/nbasturias\\\/#author\"},\"publisher\":{\"@id\":\"https:\\\/\\\/eldigitaldeasturias.com\\\/radio\\\/#organization\"},\"image\":{\"@type\":\"ImageObject\",\"url\":\"https:\\\/\\\/eldigitaldeasturias.com\\\/radio\\\/wp-content\\\/uploads\\\/2020\\\/08\\\/Noticias-Urgentes.jpg\",\"width\":640,\"height\":400},\"datePublished\":\"2020-09-19T18:32:45+02:00\",\"dateModified\":\"2020-09-19T18:32:45+02:00\",\"inLanguage\":\"es-ES\",\"mainEntityOfPage\":{\"@id\":\"https:\\\/\\\/eldigitaldeasturias.com\\\/radio\\\/encuentran-mas-casos-de-peste-porcina-africana-en-alemania\\\/#webpage\"},\"isPartOf\":{\"@id\":\"https:\\\/\\\/eldigitaldeasturias.com\\\/radio\\\/encuentran-mas-casos-de-peste-porcina-africana-en-alemania\\\/#webpage\"},\"articleSection\":\"Noticias\",\"dateline\":\"Publicado el septiembre 19, 2020.\"},{\"@type\":\"Organization\",\"@id\":\"https:\\\/\\\/eldigitaldeasturias.com\\\/radio\\\/#organization\",\"name\":\"El digital de Asturias Radio\",\"description\":\"Diario de informaci\\u00f3n y noticias\",\"url\":\"https:\\\/\\\/eldigitaldeasturias.com\\\/radio\\\/\",\"telephone\":\"+34652131393\",\"logo\":{\"@type\":\"ImageObject\",\"url\":\"https:\\\/\\\/www.eldigitaldeasturias.com\\\/radio\\\/wp-content\\\/uploads\\\/2021\\\/03\\\/EDA.jpg\",\"@id\":\"https:\\\/\\\/eldigitaldeasturias.com\\\/radio\\\/encuentran-mas-casos-de-peste-porcina-africana-en-alemania\\\/#organizationLogo\"},\"image\":{\"@id\":\"https:\\\/\\\/eldigitaldeasturias.com\\\/radio\\\/encuentran-mas-casos-de-peste-porcina-africana-en-alemania\\\/#organizationLogo\"},\"sameAs\":[\"https:\\\/\\\/www.facebook.com\\\/\",\"https:\\\/\\\/x.com\\\/bercodi\",\"https:\\\/\\\/www.instagram.com\\\/\",\"https:\\\/\\\/www.youtube.com\\\/channel\\\/UCZP-2wLEB9Rv6erhFmqVnvg\"]},{\"@type\":\"Person\",\"@id\":\"https:\\\/\\\/eldigitaldeasturias.com\\\/radio\\\/author\\\/nbasturias\\\/#author\",\"url\":\"https:\\\/\\\/eldigitaldeasturias.com\\\/radio\\\/author\\\/nbasturias\\\/\",\"name\":\"NBAsturias\",\"image\":{\"@type\":\"ImageObject\",\"@id\":\"https:\\\/\\\/eldigitaldeasturias.com\\\/radio\\\/encuentran-mas-casos-de-peste-porcina-africana-en-alemania\\\/#authorImage\",\"url\":\"https:\\\/\\\/secure.gravatar.com\\\/avatar\\\/df2aeffc32bcd13f8d26072ef8a91b623d677766deac7f97ca815868cd41bf5e?s=96&d=mm&r=g\",\"width\":96,\"height\":96,\"caption\":\"NBAsturias\"}},{\"@type\":\"WebPage\",\"@id\":\"https:\\\/\\\/eldigitaldeasturias.com\\\/radio\\\/encuentran-mas-casos-de-peste-porcina-africana-en-alemania\\\/#webpage\",\"url\":\"https:\\\/\\\/eldigitaldeasturias.com\\\/radio\\\/encuentran-mas-casos-de-peste-porcina-africana-en-alemania\\\/\",\"name\":\"Encuentran m\\u00e1s casos de peste porcina africana en Alemania | El Digital de Asturias\",\"description\":\"Potsdam (Alemania), 15 sep (dpa) - La peste porcina africana amenaza con propagarse en Alemania, despu\\u00e9s de que se confirmaron hoy nuevos casos de la enfermedad viral en jabal\\u00edes en el estado federado de Brandeburgo, en el este del pa\\u00eds. Pocos d\\u00edas despu\\u00e9s de que Alemania confirmara su primer caso, el Ministerio regional de protecci\\u00f3n\",\"inLanguage\":\"es-ES\",\"isPartOf\":{\"@id\":\"https:\\\/\\\/eldigitaldeasturias.com\\\/radio\\\/#website\"},\"breadcrumb\":{\"@id\":\"https:\\\/\\\/eldigitaldeasturias.com\\\/radio\\\/encuentran-mas-casos-de-peste-porcina-africana-en-alemania\\\/#breadcrumblist\"},\"author\":{\"@id\":\"https:\\\/\\\/eldigitaldeasturias.com\\\/radio\\\/author\\\/nbasturias\\\/#author\"},\"creator\":{\"@id\":\"https:\\\/\\\/eldigitaldeasturias.com\\\/radio\\\/author\\\/nbasturias\\\/#author\"},\"image\":{\"@type\":\"ImageObject\",\"url\":\"https:\\\/\\\/eldigitaldeasturias.com\\\/radio\\\/wp-content\\\/uploads\\\/2020\\\/08\\\/Noticias-Urgentes.jpg\",\"@id\":\"https:\\\/\\\/eldigitaldeasturias.com\\\/radio\\\/encuentran-mas-casos-de-peste-porcina-africana-en-alemania\\\/#mainImage\",\"width\":640,\"height\":400},\"primaryImageOfPage\":{\"@id\":\"https:\\\/\\\/eldigitaldeasturias.com\\\/radio\\\/encuentran-mas-casos-de-peste-porcina-africana-en-alemania\\\/#mainImage\"},\"datePublished\":\"2020-09-19T18:32:45+02:00\",\"dateModified\":\"2020-09-19T18:32:45+02:00\"},{\"@type\":\"WebSite\",\"@id\":\"https:\\\/\\\/eldigitaldeasturias.com\\\/radio\\\/#website\",\"url\":\"https:\\\/\\\/eldigitaldeasturias.com\\\/radio\\\/\",\"name\":\"El Digital de Asturias\",\"description\":\"Diario de informaci\\u00f3n y noticias\",\"inLanguage\":\"es-ES\",\"publisher\":{\"@id\":\"https:\\\/\\\/eldigitaldeasturias.com\\\/radio\\\/#organization\"}}]}\n\t\t<\/script>\n\t\t<!-- All in One SEO Pro -->\r\n\t\t<title>Encuentran m\u00e1s casos de peste porcina africana en Alemania | El Digital de Asturias<\/title>\n\n","aioseo_head_json":{"title":"Encuentran m\u00e1s casos de peste porcina africana en Alemania | El Digital de Asturias","description":"Potsdam (Alemania), 15 sep (dpa) - La peste porcina africana amenaza con propagarse en Alemania, despu\u00e9s de que se confirmaron hoy nuevos casos de la enfermedad viral en jabal\u00edes en el estado federado de Brandeburgo, en el este del pa\u00eds. Pocos d\u00edas despu\u00e9s de que Alemania confirmara su primer caso, el Ministerio regional de protecci\u00f3n","canonical_url":"https:\/\/eldigitaldeasturias.com\/radio\/encuentran-mas-casos-de-peste-porcina-africana-en-alemania\/","robots":"max-image-preview:large","keywords":"noticias","webmasterTools":{"google-site-verification":"UA-38556648-1","miscellaneous":""},"schema":{"@context":"https:\/\/schema.org","@graph":[{"@type":"BreadcrumbList","@id":"https:\/\/eldigitaldeasturias.com\/radio\/encuentran-mas-casos-de-peste-porcina-africana-en-alemania\/#breadcrumblist","itemListElement":[{"@type":"ListItem","@id":"https:\/\/eldigitaldeasturias.com\/radio#listItem","position":1,"name":"Inicio","item":"https:\/\/eldigitaldeasturias.com\/radio","nextItem":{"@type":"ListItem","@id":"https:\/\/eldigitaldeasturias.com\/radio\/category\/noticias\/#listItem","name":"Noticias"}},{"@type":"ListItem","@id":"https:\/\/eldigitaldeasturias.com\/radio\/category\/noticias\/#listItem","position":2,"name":"Noticias","item":"https:\/\/eldigitaldeasturias.com\/radio\/category\/noticias\/","nextItem":{"@type":"ListItem","@id":"https:\/\/eldigitaldeasturias.com\/radio\/encuentran-mas-casos-de-peste-porcina-africana-en-alemania\/#listItem","name":"Encuentran m\u00e1s casos de peste porcina africana en Alemania"},"previousItem":{"@type":"ListItem","@id":"https:\/\/eldigitaldeasturias.com\/radio#listItem","name":"Inicio"}},{"@type":"ListItem","@id":"https:\/\/eldigitaldeasturias.com\/radio\/encuentran-mas-casos-de-peste-porcina-africana-en-alemania\/#listItem","position":3,"name":"Encuentran m\u00e1s casos de peste porcina africana en Alemania","previousItem":{"@type":"ListItem","@id":"https:\/\/eldigitaldeasturias.com\/radio\/category\/noticias\/#listItem","name":"Noticias"}}]},{"@type":"NewsArticle","@id":"https:\/\/eldigitaldeasturias.com\/radio\/encuentran-mas-casos-de-peste-porcina-africana-en-alemania\/#newsarticle","name":"Encuentran m\u00e1s casos de peste porcina africana en Alemania | El Digital de Asturias","headline":"Encuentran m\u00e1s casos de peste porcina africana en Alemania","author":{"@id":"https:\/\/eldigitaldeasturias.com\/radio\/author\/nbasturias\/#author"},"publisher":{"@id":"https:\/\/eldigitaldeasturias.com\/radio\/#organization"},"image":{"@type":"ImageObject","url":"https:\/\/eldigitaldeasturias.com\/radio\/wp-content\/uploads\/2020\/08\/Noticias-Urgentes.jpg","width":640,"height":400},"datePublished":"2020-09-19T18:32:45+02:00","dateModified":"2020-09-19T18:32:45+02:00","inLanguage":"es-ES","mainEntityOfPage":{"@id":"https:\/\/eldigitaldeasturias.com\/radio\/encuentran-mas-casos-de-peste-porcina-africana-en-alemania\/#webpage"},"isPartOf":{"@id":"https:\/\/eldigitaldeasturias.com\/radio\/encuentran-mas-casos-de-peste-porcina-africana-en-alemania\/#webpage"},"articleSection":"Noticias","dateline":"Publicado el septiembre 19, 2020."},{"@type":"Organization","@id":"https:\/\/eldigitaldeasturias.com\/radio\/#organization","name":"El digital de Asturias Radio","description":"Diario de informaci\u00f3n y noticias","url":"https:\/\/eldigitaldeasturias.com\/radio\/","telephone":"+34652131393","logo":{"@type":"ImageObject","url":"https:\/\/www.eldigitaldeasturias.com\/radio\/wp-content\/uploads\/2021\/03\/EDA.jpg","@id":"https:\/\/eldigitaldeasturias.com\/radio\/encuentran-mas-casos-de-peste-porcina-africana-en-alemania\/#organizationLogo"},"image":{"@id":"https:\/\/eldigitaldeasturias.com\/radio\/encuentran-mas-casos-de-peste-porcina-africana-en-alemania\/#organizationLogo"},"sameAs":["https:\/\/www.facebook.com\/","https:\/\/x.com\/bercodi","https:\/\/www.instagram.com\/","https:\/\/www.youtube.com\/channel\/UCZP-2wLEB9Rv6erhFmqVnvg"]},{"@type":"Person","@id":"https:\/\/eldigitaldeasturias.com\/radio\/author\/nbasturias\/#author","url":"https:\/\/eldigitaldeasturias.com\/radio\/author\/nbasturias\/","name":"NBAsturias","image":{"@type":"ImageObject","@id":"https:\/\/eldigitaldeasturias.com\/radio\/encuentran-mas-casos-de-peste-porcina-africana-en-alemania\/#authorImage","url":"https:\/\/secure.gravatar.com\/avatar\/df2aeffc32bcd13f8d26072ef8a91b623d677766deac7f97ca815868cd41bf5e?s=96&d=mm&r=g","width":96,"height":96,"caption":"NBAsturias"}},{"@type":"WebPage","@id":"https:\/\/eldigitaldeasturias.com\/radio\/encuentran-mas-casos-de-peste-porcina-africana-en-alemania\/#webpage","url":"https:\/\/eldigitaldeasturias.com\/radio\/encuentran-mas-casos-de-peste-porcina-africana-en-alemania\/","name":"Encuentran m\u00e1s casos de peste porcina africana en Alemania | El Digital de Asturias","description":"Potsdam (Alemania), 15 sep (dpa) - La peste porcina africana amenaza con propagarse en Alemania, despu\u00e9s de que se confirmaron hoy nuevos casos de la enfermedad viral en jabal\u00edes en el estado federado de Brandeburgo, en el este del pa\u00eds. Pocos d\u00edas despu\u00e9s de que Alemania confirmara su primer caso, el Ministerio regional de protecci\u00f3n","inLanguage":"es-ES","isPartOf":{"@id":"https:\/\/eldigitaldeasturias.com\/radio\/#website"},"breadcrumb":{"@id":"https:\/\/eldigitaldeasturias.com\/radio\/encuentran-mas-casos-de-peste-porcina-africana-en-alemania\/#breadcrumblist"},"author":{"@id":"https:\/\/eldigitaldeasturias.com\/radio\/author\/nbasturias\/#author"},"creator":{"@id":"https:\/\/eldigitaldeasturias.com\/radio\/author\/nbasturias\/#author"},"image":{"@type":"ImageObject","url":"https:\/\/eldigitaldeasturias.com\/radio\/wp-content\/uploads\/2020\/08\/Noticias-Urgentes.jpg","@id":"https:\/\/eldigitaldeasturias.com\/radio\/encuentran-mas-casos-de-peste-porcina-africana-en-alemania\/#mainImage","width":640,"height":400},"primaryImageOfPage":{"@id":"https:\/\/eldigitaldeasturias.com\/radio\/encuentran-mas-casos-de-peste-porcina-africana-en-alemania\/#mainImage"},"datePublished":"2020-09-19T18:32:45+02:00","dateModified":"2020-09-19T18:32:45+02:00"},{"@type":"WebSite","@id":"https:\/\/eldigitaldeasturias.com\/radio\/#website","url":"https:\/\/eldigitaldeasturias.com\/radio\/","name":"El Digital de Asturias","description":"Diario de informaci\u00f3n y noticias","inLanguage":"es-ES","publisher":{"@id":"https:\/\/eldigitaldeasturias.com\/radio\/#organization"}}]},"og:locale":"es_ES","og:site_name":"El Digital de Asturias | Diario de informaci\u00f3n y noticias","og:type":"article","og:title":"Encuentran m\u00e1s casos de peste porcina africana en Alemania | El Digital de Asturias","og:description":"Potsdam (Alemania), 15 sep (dpa) - La peste porcina africana amenaza con propagarse en Alemania, despu\u00e9s de que se confirmaron hoy nuevos casos de la enfermedad viral en jabal\u00edes en el estado federado de Brandeburgo, en el este del pa\u00eds. Pocos d\u00edas despu\u00e9s de que Alemania confirmara su primer caso, el Ministerio regional de protecci\u00f3n","og:url":"https:\/\/eldigitaldeasturias.com\/radio\/encuentran-mas-casos-de-peste-porcina-africana-en-alemania\/","og:image":"https:\/\/eldigitaldeasturias.com\/radio\/wp-content\/uploads\/2020\/08\/Noticias-Urgentes.jpg","og:image:secure_url":"https:\/\/eldigitaldeasturias.com\/radio\/wp-content\/uploads\/2020\/08\/Noticias-Urgentes.jpg","og:image:width":640,"og:image:height":400,"article:published_time":"2020-09-19T18:32:45+00:00","article:modified_time":"2020-09-19T18:32:45+00:00","twitter:card":"summary_large_image","twitter:site":"@bercodi","twitter:title":"Encuentran m\u00e1s casos de peste porcina africana en Alemania | El Digital de Asturias","twitter:description":"Potsdam (Alemania), 15 sep (dpa) - La peste porcina africana amenaza con propagarse en Alemania, despu\u00e9s de que se confirmaron hoy nuevos casos de la enfermedad viral en jabal\u00edes en el estado federado de Brandeburgo, en el este del pa\u00eds. Pocos d\u00edas despu\u00e9s de que Alemania confirmara su primer caso, el Ministerio regional de protecci\u00f3n","twitter:creator":"@bercodi","twitter:image":"https:\/\/eldigitaldeasturias.com\/radio\/wp-content\/uploads\/2020\/08\/Noticias-Urgentes.jpg"},"aioseo_meta_data":{"post_id":"5152","title":null,"description":"","keywords":"","keyphrases":null,"primary_term":null,"canonical_url":"","og_title":null,"og_description":null,"og_object_type":"default","og_image_type":"default","og_image_url":null,"og_image_width":null,"og_image_height":null,"og_image_custom_url":null,"og_image_custom_fields":null,"og_video":null,"og_custom_url":null,"og_article_section":null,"og_article_tags":null,"twitter_use_og":false,"twitter_card":"default","twitter_image_type":"default","twitter_image_url":null,"twitter_image_custom_url":null,"twitter_image_custom_fields":null,"twitter_title":null,"twitter_description":null,"schema":{"blockGraphs":[],"customGraphs":[],"default":{"data":{"Article":[],"Course":[],"Dataset":[],"FAQPage":[],"Movie":[],"Person":[],"Product":[],"ProductReview":[],"Car":[],"Recipe":[],"Service":[],"SoftwareApplication":[],"WebPage":[]},"graphName":"","isEnabled":true},"graphs":[],"defaultGraph":"","defaultPostTypeGraph":""},"schema_type":null,"schema_type_options":null,"pillar_content":false,"robots_default":true,"robots_noindex":false,"robots_noarchive":false,"robots_nosnippet":false,"robots_nofollow":false,"robots_noimageindex":false,"robots_noodp":false,"robots_notranslate":false,"robots_max_snippet":null,"robots_max_videopreview":null,"robots_max_imagepreview":"large","priority":null,"frequency":null,"location":null,"local_seo":null,"seo_analyzer_scan_date":"2025-08-28 17:26:29","breadcrumb_settings":null,"limit_modified_date":false,"open_ai":null,"ai":null,"created":"2021-03-25 20:36:37","updated":"2025-08-28 17:26:29"},"aioseo_breadcrumb":"<div class=\"aioseo-breadcrumbs\"><span class=\"aioseo-breadcrumb\">\n\t<a href=\"https:\/\/eldigitaldeasturias.com\/radio\" title=\"Inicio\">Inicio<\/a>\n<\/span><span class=\"aioseo-breadcrumb-separator\">&ndash;<\/span><span class=\"aioseo-breadcrumb\">\n\t<a href=\"https:\/\/eldigitaldeasturias.com\/radio\/category\/noticias\/\" title=\"Noticias\">Noticias<\/a>\n<\/span><span class=\"aioseo-breadcrumb-separator\">&ndash;<\/span><span class=\"aioseo-breadcrumb\">\n\tEncuentran m\u00e1s casos de peste porcina africana en Alemania\n<\/span><\/div>","aioseo_breadcrumb_json":[{"label":"Inicio","link":"https:\/\/eldigitaldeasturias.com\/radio"},{"label":"Noticias","link":"https:\/\/eldigitaldeasturias.com\/radio\/category\/noticias\/"},{"label":"Encuentran m\u00e1s casos de peste porcina africana en Alemania","link":"https:\/\/eldigitaldeasturias.com\/radio\/encuentran-mas-casos-de-peste-porcina-africana-en-alemania\/"}],"_links":{"self":[{"href":"https:\/\/eldigitaldeasturias.com\/radio\/wp-json\/wp\/v2\/posts\/5152","targetHints":{"allow":["GET"]}}],"collection":[{"href":"https:\/\/eldigitaldeasturias.com\/radio\/wp-json\/wp\/v2\/posts"}],"about":[{"href":"https:\/\/eldigitaldeasturias.com\/radio\/wp-json\/wp\/v2\/types\/post"}],"author":[{"embeddable":true,"href":"https:\/\/eldigitaldeasturias.com\/radio\/wp-json\/wp\/v2\/users\/1"}],"replies":[{"embeddable":true,"href":"https:\/\/eldigitaldeasturias.com\/radio\/wp-json\/wp\/v2\/comments?post=5152"}],"version-history":[{"count":0,"href":"https:\/\/eldigitaldeasturias.com\/radio\/wp-json\/wp\/v2\/posts\/5152\/revisions"}],"wp:featuredmedia":[{"embeddable":true,"href":"https:\/\/eldigitaldeasturias.com\/radio\/wp-json\/wp\/v2\/media\/4972"}],"wp:attachment":[{"href":"https:\/\/eldigitaldeasturias.com\/radio\/wp-json\/wp\/v2\/media?parent=5152"}],"wp:term":[{"taxonomy":"category","embeddable":true,"href":"https:\/\/eldigitaldeasturias.com\/radio\/wp-json\/wp\/v2\/categories?post=5152"},{"taxonomy":"post_tag","embeddable":true,"href":"https:\/\/eldigitaldeasturias.com\/radio\/wp-json\/wp\/v2\/tags?post=5152"}],"curies":[{"name":"wp","href":"https:\/\/api.w.org\/{rel}","templated":true}]}}