{"id":5148,"date":"2020-09-19T18:29:53","date_gmt":"2020-09-19T18:29:53","guid":{"rendered":"http:\/\/www.eldigitaldeasturias.com\/radio\/?p=5148"},"modified":"2020-09-19T18:29:53","modified_gmt":"2020-09-19T18:29:53","slug":"alemania-planea-acoger-a-1-553-migrantes-procedentes-de-grecia","status":"publish","type":"post","link":"https:\/\/eldigitaldeasturias.com\/radio\/alemania-planea-acoger-a-1-553-migrantes-procedentes-de-grecia\/","title":{"rendered":"Alemania planea acoger a 1.553 migrantes procedentes de Grecia"},"content":{"rendered":"<p><img fetchpriority=\"high\" decoding=\"async\" class=\"alignleft size-medium wp-image-1439\" src=\"http:\/\/www.eldigitaldeasturias.com\/radio\/wp-content\/uploads\/2018\/10\/berlin-76509_960_720-360x270.jpg\" alt=\"\" width=\"360\" height=\"270\" srcset=\"https:\/\/eldigitaldeasturias.com\/radio\/wp-content\/uploads\/2018\/10\/berlin-76509_960_720-360x270.jpg 360w, https:\/\/eldigitaldeasturias.com\/radio\/wp-content\/uploads\/2018\/10\/berlin-76509_960_720-768x576.jpg 768w, https:\/\/eldigitaldeasturias.com\/radio\/wp-content\/uploads\/2018\/10\/berlin-76509_960_720.jpg 960w\" sizes=\"(max-width: 360px) 100vw, 360px\" \/>Berl\u00edn, 14 sep (dpa) &#8211; El Gobierno alem\u00e1n acord\u00f3 hoy que Alemania acoja a 1.553 migrantes procedentes de los campos de refugiados en Grecia, seg\u00fan pudo conocer dpa.<\/p>\n<p>Anteriormente, la canciller alemana, Angela Merkel, y el ministro alem\u00e1n del Interior, Horst Seehofer, hab\u00edan llegado a un acuerdo similar, refrendado ahora por el Partido Socialdem\u00f3crata Alem\u00e1n (SPD), socio principal de la Uni\u00f3n Dem\u00f3crata Cristiana (CDU) en la coalici\u00f3n de Gobierno.<\/p>\n<p>La semana pasada, un incendio en el campo de refugiados de Moria, en la isla griega de Lesbos, dej\u00f3 sin alojamiento a m\u00e1s de 12.000 personas.<\/p>\n<p>Por el momento, se desconoce si el Partido Socialdem\u00f3crata Alem\u00e1n (SPD), socio principal de la Uni\u00f3n Dem\u00f3crata Cristiana (CDU) en la coalici\u00f3n de Gobierno, est\u00e1 de acuerdo con lo pactado por Merkel y Seehofer.<\/p>\n<p>El propio Seehofer anunci\u00f3 el viernes que Alemania acoger\u00eda entre 100 y 150 j\u00f3venes de un total de 400 menores no acompa\u00f1ados que ser\u00edan llevados de Grecia a otros pa\u00edses europeos. Tambi\u00e9n manifest\u00f3 que, en una segunda etapa, Alemania examinar\u00eda con el Gobierno griego la acogida de familias con hijos.<\/p>\n<p>El Ministerio que lidera pretende ahora enviar una delegaci\u00f3n a Lesbos para ver qui\u00e9n necesita protecci\u00f3n con m\u00e1s urgencia, en base a \u00abcriterios objetivos\u00bb con el fin de que surjan \u00abconsecuencias incontrolables\u00bb, seg\u00fan inform\u00f3 la instituci\u00f3n.<\/p>\n","protected":false},"excerpt":{"rendered":"<p>Berl\u00edn, 14 sep (dpa) &#8211; El Gobierno alem\u00e1n acord\u00f3 hoy que Alemania acoja a 1.553 migrantes procedentes de los campos de refugiados en Grecia, seg\u00fan pudo conocer dpa. Anteriormente, la canciller alemana, Angela Merkel, y el ministro alem\u00e1n del Interior, Horst Seehofer, hab\u00edan llegado a un acuerdo similar, refrendado ahora por el Partido Socialdem\u00f3crata Alem\u00e1n<\/p>\n","protected":false},"author":1,"featured_media":1439,"comment_status":"closed","ping_status":"closed","sticky":false,"template":"","format":"standard","meta":{"footnotes":""},"categories":[1],"tags":[],"class_list":{"0":"post-5148","1":"post","2":"type-post","3":"status-publish","4":"format-standard","5":"has-post-thumbnail","7":"category-noticias"},"aioseo_notices":[],"aioseo_head":"\n\t\t<!-- All in One SEO Pro 4.9.6.2 - aioseo.com -->\n\t<meta name=\"description\" content=\"Berl\u00edn, 14 sep (dpa) - El Gobierno alem\u00e1n acord\u00f3 hoy que Alemania acoja a 1.553 migrantes procedentes de los campos de refugiados en Grecia, seg\u00fan pudo conocer dpa. Anteriormente, la canciller alemana, Angela Merkel, y el ministro alem\u00e1n del Interior, Horst Seehofer, hab\u00edan llegado a un acuerdo similar, refrendado ahora por el Partido Socialdem\u00f3crata Alem\u00e1n\" \/>\n\t<meta name=\"robots\" content=\"max-image-preview:large\" \/>\n\t<meta name=\"author\" content=\"NBAsturias\"\/>\n\t<meta name=\"google-site-verification\" content=\"UA-38556648-1\" \/>\n\t<meta name=\"keywords\" content=\"noticias\" \/>\n\t<link rel=\"canonical\" href=\"https:\/\/eldigitaldeasturias.com\/radio\/alemania-planea-acoger-a-1-553-migrantes-procedentes-de-grecia\/\" \/>\n\t<meta name=\"generator\" content=\"All in One SEO Pro (AIOSEO) 4.9.6.2\" \/>\n\t\t<meta property=\"og:locale\" content=\"es_ES\" \/>\n\t\t<meta property=\"og:site_name\" content=\"El Digital de Asturias | Diario de informaci\u00f3n y noticias\" \/>\n\t\t<meta property=\"og:type\" content=\"article\" \/>\n\t\t<meta property=\"og:title\" content=\"Alemania planea acoger a 1.553 migrantes procedentes de Grecia | El Digital de Asturias\" \/>\n\t\t<meta property=\"og:description\" content=\"Berl\u00edn, 14 sep (dpa) - El Gobierno alem\u00e1n acord\u00f3 hoy que Alemania acoja a 1.553 migrantes procedentes de los campos de refugiados en Grecia, seg\u00fan pudo conocer dpa. Anteriormente, la canciller alemana, Angela Merkel, y el ministro alem\u00e1n del Interior, Horst Seehofer, hab\u00edan llegado a un acuerdo similar, refrendado ahora por el Partido Socialdem\u00f3crata Alem\u00e1n\" \/>\n\t\t<meta property=\"og:url\" content=\"https:\/\/eldigitaldeasturias.com\/radio\/alemania-planea-acoger-a-1-553-migrantes-procedentes-de-grecia\/\" \/>\n\t\t<meta property=\"og:image\" content=\"https:\/\/eldigitaldeasturias.com\/radio\/wp-content\/uploads\/2018\/10\/berlin-76509_960_720.jpg\" \/>\n\t\t<meta property=\"og:image:secure_url\" content=\"https:\/\/eldigitaldeasturias.com\/radio\/wp-content\/uploads\/2018\/10\/berlin-76509_960_720.jpg\" \/>\n\t\t<meta property=\"og:image:width\" content=\"960\" \/>\n\t\t<meta property=\"og:image:height\" content=\"720\" \/>\n\t\t<meta property=\"article:published_time\" content=\"2020-09-19T18:29:53+00:00\" \/>\n\t\t<meta property=\"article:modified_time\" content=\"2020-09-19T18:29:53+00:00\" \/>\n\t\t<meta name=\"twitter:card\" content=\"summary_large_image\" \/>\n\t\t<meta name=\"twitter:site\" content=\"@bercodi\" \/>\n\t\t<meta name=\"twitter:title\" content=\"Alemania planea acoger a 1.553 migrantes procedentes de Grecia | El Digital de Asturias\" \/>\n\t\t<meta name=\"twitter:description\" content=\"Berl\u00edn, 14 sep (dpa) - El Gobierno alem\u00e1n acord\u00f3 hoy que Alemania acoja a 1.553 migrantes procedentes de los campos de refugiados en Grecia, seg\u00fan pudo conocer dpa. Anteriormente, la canciller alemana, Angela Merkel, y el ministro alem\u00e1n del Interior, Horst Seehofer, hab\u00edan llegado a un acuerdo similar, refrendado ahora por el Partido Socialdem\u00f3crata Alem\u00e1n\" \/>\n\t\t<meta name=\"twitter:creator\" content=\"@bercodi\" \/>\n\t\t<meta name=\"twitter:image\" content=\"https:\/\/eldigitaldeasturias.com\/radio\/wp-content\/uploads\/2018\/10\/berlin-76509_960_720.jpg\" \/>\n\t\t<script type=\"application\/ld+json\" class=\"aioseo-schema\">\n\t\t\t{\"@context\":\"https:\\\/\\\/schema.org\",\"@graph\":[{\"@type\":\"BreadcrumbList\",\"@id\":\"https:\\\/\\\/eldigitaldeasturias.com\\\/radio\\\/alemania-planea-acoger-a-1-553-migrantes-procedentes-de-grecia\\\/#breadcrumblist\",\"itemListElement\":[{\"@type\":\"ListItem\",\"@id\":\"https:\\\/\\\/eldigitaldeasturias.com\\\/radio#listItem\",\"position\":1,\"name\":\"Inicio\",\"item\":\"https:\\\/\\\/eldigitaldeasturias.com\\\/radio\",\"nextItem\":{\"@type\":\"ListItem\",\"@id\":\"https:\\\/\\\/eldigitaldeasturias.com\\\/radio\\\/category\\\/noticias\\\/#listItem\",\"name\":\"Noticias\"}},{\"@type\":\"ListItem\",\"@id\":\"https:\\\/\\\/eldigitaldeasturias.com\\\/radio\\\/category\\\/noticias\\\/#listItem\",\"position\":2,\"name\":\"Noticias\",\"item\":\"https:\\\/\\\/eldigitaldeasturias.com\\\/radio\\\/category\\\/noticias\\\/\",\"nextItem\":{\"@type\":\"ListItem\",\"@id\":\"https:\\\/\\\/eldigitaldeasturias.com\\\/radio\\\/alemania-planea-acoger-a-1-553-migrantes-procedentes-de-grecia\\\/#listItem\",\"name\":\"Alemania planea acoger a 1.553 migrantes procedentes de Grecia\"},\"previousItem\":{\"@type\":\"ListItem\",\"@id\":\"https:\\\/\\\/eldigitaldeasturias.com\\\/radio#listItem\",\"name\":\"Inicio\"}},{\"@type\":\"ListItem\",\"@id\":\"https:\\\/\\\/eldigitaldeasturias.com\\\/radio\\\/alemania-planea-acoger-a-1-553-migrantes-procedentes-de-grecia\\\/#listItem\",\"position\":3,\"name\":\"Alemania planea acoger a 1.553 migrantes procedentes de Grecia\",\"previousItem\":{\"@type\":\"ListItem\",\"@id\":\"https:\\\/\\\/eldigitaldeasturias.com\\\/radio\\\/category\\\/noticias\\\/#listItem\",\"name\":\"Noticias\"}}]},{\"@type\":\"NewsArticle\",\"@id\":\"https:\\\/\\\/eldigitaldeasturias.com\\\/radio\\\/alemania-planea-acoger-a-1-553-migrantes-procedentes-de-grecia\\\/#newsarticle\",\"name\":\"Alemania planea acoger a 1.553 migrantes procedentes de Grecia | El Digital de Asturias\",\"headline\":\"Alemania planea acoger a 1.553 migrantes procedentes de Grecia\",\"author\":{\"@id\":\"https:\\\/\\\/eldigitaldeasturias.com\\\/radio\\\/author\\\/nbasturias\\\/#author\"},\"publisher\":{\"@id\":\"https:\\\/\\\/eldigitaldeasturias.com\\\/radio\\\/#organization\"},\"image\":{\"@type\":\"ImageObject\",\"url\":\"https:\\\/\\\/eldigitaldeasturias.com\\\/radio\\\/wp-content\\\/uploads\\\/2018\\\/10\\\/berlin-76509_960_720.jpg\",\"width\":960,\"height\":720},\"datePublished\":\"2020-09-19T18:29:53+02:00\",\"dateModified\":\"2020-09-19T18:29:53+02:00\",\"inLanguage\":\"es-ES\",\"mainEntityOfPage\":{\"@id\":\"https:\\\/\\\/eldigitaldeasturias.com\\\/radio\\\/alemania-planea-acoger-a-1-553-migrantes-procedentes-de-grecia\\\/#webpage\"},\"isPartOf\":{\"@id\":\"https:\\\/\\\/eldigitaldeasturias.com\\\/radio\\\/alemania-planea-acoger-a-1-553-migrantes-procedentes-de-grecia\\\/#webpage\"},\"articleSection\":\"Noticias\",\"dateline\":\"Publicado el septiembre 19, 2020.\"},{\"@type\":\"Organization\",\"@id\":\"https:\\\/\\\/eldigitaldeasturias.com\\\/radio\\\/#organization\",\"name\":\"El digital de Asturias Radio\",\"description\":\"Diario de informaci\\u00f3n y noticias\",\"url\":\"https:\\\/\\\/eldigitaldeasturias.com\\\/radio\\\/\",\"telephone\":\"+34652131393\",\"logo\":{\"@type\":\"ImageObject\",\"url\":\"https:\\\/\\\/www.eldigitaldeasturias.com\\\/radio\\\/wp-content\\\/uploads\\\/2021\\\/03\\\/EDA.jpg\",\"@id\":\"https:\\\/\\\/eldigitaldeasturias.com\\\/radio\\\/alemania-planea-acoger-a-1-553-migrantes-procedentes-de-grecia\\\/#organizationLogo\"},\"image\":{\"@id\":\"https:\\\/\\\/eldigitaldeasturias.com\\\/radio\\\/alemania-planea-acoger-a-1-553-migrantes-procedentes-de-grecia\\\/#organizationLogo\"},\"sameAs\":[\"https:\\\/\\\/www.facebook.com\\\/\",\"https:\\\/\\\/x.com\\\/bercodi\",\"https:\\\/\\\/www.instagram.com\\\/\",\"https:\\\/\\\/www.youtube.com\\\/channel\\\/UCZP-2wLEB9Rv6erhFmqVnvg\"]},{\"@type\":\"Person\",\"@id\":\"https:\\\/\\\/eldigitaldeasturias.com\\\/radio\\\/author\\\/nbasturias\\\/#author\",\"url\":\"https:\\\/\\\/eldigitaldeasturias.com\\\/radio\\\/author\\\/nbasturias\\\/\",\"name\":\"NBAsturias\",\"image\":{\"@type\":\"ImageObject\",\"@id\":\"https:\\\/\\\/eldigitaldeasturias.com\\\/radio\\\/alemania-planea-acoger-a-1-553-migrantes-procedentes-de-grecia\\\/#authorImage\",\"url\":\"https:\\\/\\\/secure.gravatar.com\\\/avatar\\\/df2aeffc32bcd13f8d26072ef8a91b623d677766deac7f97ca815868cd41bf5e?s=96&d=mm&r=g\",\"width\":96,\"height\":96,\"caption\":\"NBAsturias\"}},{\"@type\":\"WebPage\",\"@id\":\"https:\\\/\\\/eldigitaldeasturias.com\\\/radio\\\/alemania-planea-acoger-a-1-553-migrantes-procedentes-de-grecia\\\/#webpage\",\"url\":\"https:\\\/\\\/eldigitaldeasturias.com\\\/radio\\\/alemania-planea-acoger-a-1-553-migrantes-procedentes-de-grecia\\\/\",\"name\":\"Alemania planea acoger a 1.553 migrantes procedentes de Grecia | El Digital de Asturias\",\"description\":\"Berl\\u00edn, 14 sep (dpa) - El Gobierno alem\\u00e1n acord\\u00f3 hoy que Alemania acoja a 1.553 migrantes procedentes de los campos de refugiados en Grecia, seg\\u00fan pudo conocer dpa. Anteriormente, la canciller alemana, Angela Merkel, y el ministro alem\\u00e1n del Interior, Horst Seehofer, hab\\u00edan llegado a un acuerdo similar, refrendado ahora por el Partido Socialdem\\u00f3crata Alem\\u00e1n\",\"inLanguage\":\"es-ES\",\"isPartOf\":{\"@id\":\"https:\\\/\\\/eldigitaldeasturias.com\\\/radio\\\/#website\"},\"breadcrumb\":{\"@id\":\"https:\\\/\\\/eldigitaldeasturias.com\\\/radio\\\/alemania-planea-acoger-a-1-553-migrantes-procedentes-de-grecia\\\/#breadcrumblist\"},\"author\":{\"@id\":\"https:\\\/\\\/eldigitaldeasturias.com\\\/radio\\\/author\\\/nbasturias\\\/#author\"},\"creator\":{\"@id\":\"https:\\\/\\\/eldigitaldeasturias.com\\\/radio\\\/author\\\/nbasturias\\\/#author\"},\"image\":{\"@type\":\"ImageObject\",\"url\":\"https:\\\/\\\/eldigitaldeasturias.com\\\/radio\\\/wp-content\\\/uploads\\\/2018\\\/10\\\/berlin-76509_960_720.jpg\",\"@id\":\"https:\\\/\\\/eldigitaldeasturias.com\\\/radio\\\/alemania-planea-acoger-a-1-553-migrantes-procedentes-de-grecia\\\/#mainImage\",\"width\":960,\"height\":720},\"primaryImageOfPage\":{\"@id\":\"https:\\\/\\\/eldigitaldeasturias.com\\\/radio\\\/alemania-planea-acoger-a-1-553-migrantes-procedentes-de-grecia\\\/#mainImage\"},\"datePublished\":\"2020-09-19T18:29:53+02:00\",\"dateModified\":\"2020-09-19T18:29:53+02:00\"},{\"@type\":\"WebSite\",\"@id\":\"https:\\\/\\\/eldigitaldeasturias.com\\\/radio\\\/#website\",\"url\":\"https:\\\/\\\/eldigitaldeasturias.com\\\/radio\\\/\",\"name\":\"El Digital de Asturias\",\"description\":\"Diario de informaci\\u00f3n y noticias\",\"inLanguage\":\"es-ES\",\"publisher\":{\"@id\":\"https:\\\/\\\/eldigitaldeasturias.com\\\/radio\\\/#organization\"}}]}\n\t\t<\/script>\n\t\t<!-- All in One SEO Pro -->\r\n\t\t<title>Alemania planea acoger a 1.553 migrantes procedentes de Grecia | El Digital de Asturias<\/title>\n\n","aioseo_head_json":{"title":"Alemania planea acoger a 1.553 migrantes procedentes de Grecia | El Digital de Asturias","description":"Berl\u00edn, 14 sep (dpa) - El Gobierno alem\u00e1n acord\u00f3 hoy que Alemania acoja a 1.553 migrantes procedentes de los campos de refugiados en Grecia, seg\u00fan pudo conocer dpa. Anteriormente, la canciller alemana, Angela Merkel, y el ministro alem\u00e1n del Interior, Horst Seehofer, hab\u00edan llegado a un acuerdo similar, refrendado ahora por el Partido Socialdem\u00f3crata Alem\u00e1n","canonical_url":"https:\/\/eldigitaldeasturias.com\/radio\/alemania-planea-acoger-a-1-553-migrantes-procedentes-de-grecia\/","robots":"max-image-preview:large","keywords":"noticias","webmasterTools":{"google-site-verification":"UA-38556648-1","miscellaneous":""},"schema":{"@context":"https:\/\/schema.org","@graph":[{"@type":"BreadcrumbList","@id":"https:\/\/eldigitaldeasturias.com\/radio\/alemania-planea-acoger-a-1-553-migrantes-procedentes-de-grecia\/#breadcrumblist","itemListElement":[{"@type":"ListItem","@id":"https:\/\/eldigitaldeasturias.com\/radio#listItem","position":1,"name":"Inicio","item":"https:\/\/eldigitaldeasturias.com\/radio","nextItem":{"@type":"ListItem","@id":"https:\/\/eldigitaldeasturias.com\/radio\/category\/noticias\/#listItem","name":"Noticias"}},{"@type":"ListItem","@id":"https:\/\/eldigitaldeasturias.com\/radio\/category\/noticias\/#listItem","position":2,"name":"Noticias","item":"https:\/\/eldigitaldeasturias.com\/radio\/category\/noticias\/","nextItem":{"@type":"ListItem","@id":"https:\/\/eldigitaldeasturias.com\/radio\/alemania-planea-acoger-a-1-553-migrantes-procedentes-de-grecia\/#listItem","name":"Alemania planea acoger a 1.553 migrantes procedentes de Grecia"},"previousItem":{"@type":"ListItem","@id":"https:\/\/eldigitaldeasturias.com\/radio#listItem","name":"Inicio"}},{"@type":"ListItem","@id":"https:\/\/eldigitaldeasturias.com\/radio\/alemania-planea-acoger-a-1-553-migrantes-procedentes-de-grecia\/#listItem","position":3,"name":"Alemania planea acoger a 1.553 migrantes procedentes de Grecia","previousItem":{"@type":"ListItem","@id":"https:\/\/eldigitaldeasturias.com\/radio\/category\/noticias\/#listItem","name":"Noticias"}}]},{"@type":"NewsArticle","@id":"https:\/\/eldigitaldeasturias.com\/radio\/alemania-planea-acoger-a-1-553-migrantes-procedentes-de-grecia\/#newsarticle","name":"Alemania planea acoger a 1.553 migrantes procedentes de Grecia | El Digital de Asturias","headline":"Alemania planea acoger a 1.553 migrantes procedentes de Grecia","author":{"@id":"https:\/\/eldigitaldeasturias.com\/radio\/author\/nbasturias\/#author"},"publisher":{"@id":"https:\/\/eldigitaldeasturias.com\/radio\/#organization"},"image":{"@type":"ImageObject","url":"https:\/\/eldigitaldeasturias.com\/radio\/wp-content\/uploads\/2018\/10\/berlin-76509_960_720.jpg","width":960,"height":720},"datePublished":"2020-09-19T18:29:53+02:00","dateModified":"2020-09-19T18:29:53+02:00","inLanguage":"es-ES","mainEntityOfPage":{"@id":"https:\/\/eldigitaldeasturias.com\/radio\/alemania-planea-acoger-a-1-553-migrantes-procedentes-de-grecia\/#webpage"},"isPartOf":{"@id":"https:\/\/eldigitaldeasturias.com\/radio\/alemania-planea-acoger-a-1-553-migrantes-procedentes-de-grecia\/#webpage"},"articleSection":"Noticias","dateline":"Publicado el septiembre 19, 2020."},{"@type":"Organization","@id":"https:\/\/eldigitaldeasturias.com\/radio\/#organization","name":"El digital de Asturias Radio","description":"Diario de informaci\u00f3n y noticias","url":"https:\/\/eldigitaldeasturias.com\/radio\/","telephone":"+34652131393","logo":{"@type":"ImageObject","url":"https:\/\/www.eldigitaldeasturias.com\/radio\/wp-content\/uploads\/2021\/03\/EDA.jpg","@id":"https:\/\/eldigitaldeasturias.com\/radio\/alemania-planea-acoger-a-1-553-migrantes-procedentes-de-grecia\/#organizationLogo"},"image":{"@id":"https:\/\/eldigitaldeasturias.com\/radio\/alemania-planea-acoger-a-1-553-migrantes-procedentes-de-grecia\/#organizationLogo"},"sameAs":["https:\/\/www.facebook.com\/","https:\/\/x.com\/bercodi","https:\/\/www.instagram.com\/","https:\/\/www.youtube.com\/channel\/UCZP-2wLEB9Rv6erhFmqVnvg"]},{"@type":"Person","@id":"https:\/\/eldigitaldeasturias.com\/radio\/author\/nbasturias\/#author","url":"https:\/\/eldigitaldeasturias.com\/radio\/author\/nbasturias\/","name":"NBAsturias","image":{"@type":"ImageObject","@id":"https:\/\/eldigitaldeasturias.com\/radio\/alemania-planea-acoger-a-1-553-migrantes-procedentes-de-grecia\/#authorImage","url":"https:\/\/secure.gravatar.com\/avatar\/df2aeffc32bcd13f8d26072ef8a91b623d677766deac7f97ca815868cd41bf5e?s=96&d=mm&r=g","width":96,"height":96,"caption":"NBAsturias"}},{"@type":"WebPage","@id":"https:\/\/eldigitaldeasturias.com\/radio\/alemania-planea-acoger-a-1-553-migrantes-procedentes-de-grecia\/#webpage","url":"https:\/\/eldigitaldeasturias.com\/radio\/alemania-planea-acoger-a-1-553-migrantes-procedentes-de-grecia\/","name":"Alemania planea acoger a 1.553 migrantes procedentes de Grecia | El Digital de Asturias","description":"Berl\u00edn, 14 sep (dpa) - El Gobierno alem\u00e1n acord\u00f3 hoy que Alemania acoja a 1.553 migrantes procedentes de los campos de refugiados en Grecia, seg\u00fan pudo conocer dpa. Anteriormente, la canciller alemana, Angela Merkel, y el ministro alem\u00e1n del Interior, Horst Seehofer, hab\u00edan llegado a un acuerdo similar, refrendado ahora por el Partido Socialdem\u00f3crata Alem\u00e1n","inLanguage":"es-ES","isPartOf":{"@id":"https:\/\/eldigitaldeasturias.com\/radio\/#website"},"breadcrumb":{"@id":"https:\/\/eldigitaldeasturias.com\/radio\/alemania-planea-acoger-a-1-553-migrantes-procedentes-de-grecia\/#breadcrumblist"},"author":{"@id":"https:\/\/eldigitaldeasturias.com\/radio\/author\/nbasturias\/#author"},"creator":{"@id":"https:\/\/eldigitaldeasturias.com\/radio\/author\/nbasturias\/#author"},"image":{"@type":"ImageObject","url":"https:\/\/eldigitaldeasturias.com\/radio\/wp-content\/uploads\/2018\/10\/berlin-76509_960_720.jpg","@id":"https:\/\/eldigitaldeasturias.com\/radio\/alemania-planea-acoger-a-1-553-migrantes-procedentes-de-grecia\/#mainImage","width":960,"height":720},"primaryImageOfPage":{"@id":"https:\/\/eldigitaldeasturias.com\/radio\/alemania-planea-acoger-a-1-553-migrantes-procedentes-de-grecia\/#mainImage"},"datePublished":"2020-09-19T18:29:53+02:00","dateModified":"2020-09-19T18:29:53+02:00"},{"@type":"WebSite","@id":"https:\/\/eldigitaldeasturias.com\/radio\/#website","url":"https:\/\/eldigitaldeasturias.com\/radio\/","name":"El Digital de Asturias","description":"Diario de informaci\u00f3n y noticias","inLanguage":"es-ES","publisher":{"@id":"https:\/\/eldigitaldeasturias.com\/radio\/#organization"}}]},"og:locale":"es_ES","og:site_name":"El Digital de Asturias | Diario de informaci\u00f3n y noticias","og:type":"article","og:title":"Alemania planea acoger a 1.553 migrantes procedentes de Grecia | El Digital de Asturias","og:description":"Berl\u00edn, 14 sep (dpa) - El Gobierno alem\u00e1n acord\u00f3 hoy que Alemania acoja a 1.553 migrantes procedentes de los campos de refugiados en Grecia, seg\u00fan pudo conocer dpa. Anteriormente, la canciller alemana, Angela Merkel, y el ministro alem\u00e1n del Interior, Horst Seehofer, hab\u00edan llegado a un acuerdo similar, refrendado ahora por el Partido Socialdem\u00f3crata Alem\u00e1n","og:url":"https:\/\/eldigitaldeasturias.com\/radio\/alemania-planea-acoger-a-1-553-migrantes-procedentes-de-grecia\/","og:image":"https:\/\/eldigitaldeasturias.com\/radio\/wp-content\/uploads\/2018\/10\/berlin-76509_960_720.jpg","og:image:secure_url":"https:\/\/eldigitaldeasturias.com\/radio\/wp-content\/uploads\/2018\/10\/berlin-76509_960_720.jpg","og:image:width":960,"og:image:height":720,"article:published_time":"2020-09-19T18:29:53+00:00","article:modified_time":"2020-09-19T18:29:53+00:00","twitter:card":"summary_large_image","twitter:site":"@bercodi","twitter:title":"Alemania planea acoger a 1.553 migrantes procedentes de Grecia | El Digital de Asturias","twitter:description":"Berl\u00edn, 14 sep (dpa) - El Gobierno alem\u00e1n acord\u00f3 hoy que Alemania acoja a 1.553 migrantes procedentes de los campos de refugiados en Grecia, seg\u00fan pudo conocer dpa. Anteriormente, la canciller alemana, Angela Merkel, y el ministro alem\u00e1n del Interior, Horst Seehofer, hab\u00edan llegado a un acuerdo similar, refrendado ahora por el Partido Socialdem\u00f3crata Alem\u00e1n","twitter:creator":"@bercodi","twitter:image":"https:\/\/eldigitaldeasturias.com\/radio\/wp-content\/uploads\/2018\/10\/berlin-76509_960_720.jpg"},"aioseo_meta_data":{"post_id":"5148","title":null,"description":"","keywords":"","keyphrases":null,"primary_term":null,"canonical_url":"","og_title":null,"og_description":null,"og_object_type":"default","og_image_type":"default","og_image_url":null,"og_image_width":null,"og_image_height":null,"og_image_custom_url":null,"og_image_custom_fields":null,"og_video":null,"og_custom_url":null,"og_article_section":null,"og_article_tags":null,"twitter_use_og":false,"twitter_card":"default","twitter_image_type":"default","twitter_image_url":null,"twitter_image_custom_url":null,"twitter_image_custom_fields":null,"twitter_title":null,"twitter_description":null,"schema":{"blockGraphs":[],"customGraphs":[],"default":{"data":{"Article":[],"Course":[],"Dataset":[],"FAQPage":[],"Movie":[],"Person":[],"Product":[],"ProductReview":[],"Car":[],"Recipe":[],"Service":[],"SoftwareApplication":[],"WebPage":[]},"graphName":"","isEnabled":true},"graphs":[],"defaultGraph":"","defaultPostTypeGraph":""},"schema_type":null,"schema_type_options":null,"pillar_content":false,"robots_default":true,"robots_noindex":false,"robots_noarchive":false,"robots_nosnippet":false,"robots_nofollow":false,"robots_noimageindex":false,"robots_noodp":false,"robots_notranslate":false,"robots_max_snippet":null,"robots_max_videopreview":null,"robots_max_imagepreview":"large","priority":null,"frequency":null,"location":null,"local_seo":null,"seo_analyzer_scan_date":"2025-08-28 17:26:28","breadcrumb_settings":null,"limit_modified_date":false,"open_ai":null,"ai":null,"created":"2021-03-25 20:29:15","updated":"2025-08-28 17:26:28"},"aioseo_breadcrumb":"<div class=\"aioseo-breadcrumbs\"><span class=\"aioseo-breadcrumb\">\n\t<a href=\"https:\/\/eldigitaldeasturias.com\/radio\" title=\"Inicio\">Inicio<\/a>\n<\/span><span class=\"aioseo-breadcrumb-separator\">&ndash;<\/span><span class=\"aioseo-breadcrumb\">\n\t<a href=\"https:\/\/eldigitaldeasturias.com\/radio\/category\/noticias\/\" title=\"Noticias\">Noticias<\/a>\n<\/span><span class=\"aioseo-breadcrumb-separator\">&ndash;<\/span><span class=\"aioseo-breadcrumb\">\n\tAlemania planea acoger a 1.553 migrantes procedentes de Grecia\n<\/span><\/div>","aioseo_breadcrumb_json":[{"label":"Inicio","link":"https:\/\/eldigitaldeasturias.com\/radio"},{"label":"Noticias","link":"https:\/\/eldigitaldeasturias.com\/radio\/category\/noticias\/"},{"label":"Alemania planea acoger a 1.553 migrantes procedentes de Grecia","link":"https:\/\/eldigitaldeasturias.com\/radio\/alemania-planea-acoger-a-1-553-migrantes-procedentes-de-grecia\/"}],"_links":{"self":[{"href":"https:\/\/eldigitaldeasturias.com\/radio\/wp-json\/wp\/v2\/posts\/5148","targetHints":{"allow":["GET"]}}],"collection":[{"href":"https:\/\/eldigitaldeasturias.com\/radio\/wp-json\/wp\/v2\/posts"}],"about":[{"href":"https:\/\/eldigitaldeasturias.com\/radio\/wp-json\/wp\/v2\/types\/post"}],"author":[{"embeddable":true,"href":"https:\/\/eldigitaldeasturias.com\/radio\/wp-json\/wp\/v2\/users\/1"}],"replies":[{"embeddable":true,"href":"https:\/\/eldigitaldeasturias.com\/radio\/wp-json\/wp\/v2\/comments?post=5148"}],"version-history":[{"count":0,"href":"https:\/\/eldigitaldeasturias.com\/radio\/wp-json\/wp\/v2\/posts\/5148\/revisions"}],"wp:featuredmedia":[{"embeddable":true,"href":"https:\/\/eldigitaldeasturias.com\/radio\/wp-json\/wp\/v2\/media\/1439"}],"wp:attachment":[{"href":"https:\/\/eldigitaldeasturias.com\/radio\/wp-json\/wp\/v2\/media?parent=5148"}],"wp:term":[{"taxonomy":"category","embeddable":true,"href":"https:\/\/eldigitaldeasturias.com\/radio\/wp-json\/wp\/v2\/categories?post=5148"},{"taxonomy":"post_tag","embeddable":true,"href":"https:\/\/eldigitaldeasturias.com\/radio\/wp-json\/wp\/v2\/tags?post=5148"}],"curies":[{"name":"wp","href":"https:\/\/api.w.org\/{rel}","templated":true}]}}