{"id":5146,"date":"2020-09-19T18:28:41","date_gmt":"2020-09-19T18:28:41","guid":{"rendered":"http:\/\/www.eldigitaldeasturias.com\/radio\/?p=5146"},"modified":"2020-09-19T18:28:41","modified_gmt":"2020-09-19T18:28:41","slug":"claudio-pizarro-regresa-al-bayern-munich-como-embajador-del-club","status":"publish","type":"post","link":"https:\/\/eldigitaldeasturias.com\/radio\/claudio-pizarro-regresa-al-bayern-munich-como-embajador-del-club\/","title":{"rendered":"Claudio Pizarro regresa al Bayern M\u00fanich como embajador del club"},"content":{"rendered":"<p><img fetchpriority=\"high\" decoding=\"async\" class=\"alignleft size-medium wp-image-812\" src=\"http:\/\/www.eldigitaldeasturias.com\/radio\/wp-content\/uploads\/2018\/04\/arena-1181668_960_720-360x240.jpg\" alt=\"\" width=\"360\" height=\"240\" srcset=\"https:\/\/eldigitaldeasturias.com\/radio\/wp-content\/uploads\/2018\/04\/arena-1181668_960_720-360x240.jpg 360w, https:\/\/eldigitaldeasturias.com\/radio\/wp-content\/uploads\/2018\/04\/arena-1181668_960_720-768x512.jpg 768w, https:\/\/eldigitaldeasturias.com\/radio\/wp-content\/uploads\/2018\/04\/arena-1181668_960_720.jpg 960w\" sizes=\"(max-width: 360px) 100vw, 360px\" \/>M\u00fanich, 15 sep (dpa) &#8211; El legendario delantero peruano Claudio Pizarro regresar\u00e1 como embajador a su antiguo club, el Bayern M\u00fanich, inform\u00f3 hoy el actual campe\u00f3n alem\u00e1n.<\/p>\n<p>Despu\u00e9s de Giovane Elber, Lothar Matth\u00e4us y Bixente Lizarazu, el peruano de 41 a\u00f1os, que termin\u00f3 su carrera activa este verano en su segundo club m\u00e1s querido, el Werder Bremen, es el cuarto ex jugador en ser nombrado representante de los b\u00e1varos.<\/p>\n<p>\u00abEs un sue\u00f1o estar de vuelta en M\u00fanich. El Bayern siempre se define como una familia, y as\u00ed es exactamente como se lo siente\u00bb, dijo Pizarro.<\/p>\n<p>El delantero jug\u00f3 en el Bayern de 2001 a 2007 y de 2012 a 2015. En el Werder Bremen estuvo como jugador activo durante un total de diez a\u00f1os, repartidos en cuatro periodos.<\/p>\n<p>Tambi\u00e9n el Bremen quer\u00eda retenerlo como embajador del club al final de su carrera, pero Pizarro se mud\u00f3 a M\u00fanich este verano (boreal).<\/p>\n<p>\u00abComo jugador, Claudio era muy querido por el p\u00fablico y es muy apreciado por nuestros fans\u00bb, coment\u00f3 Andreas Jung, director de marketing del Bayern.<\/p>\n<p>Durante su carrera en Alemania, Pizarro marc\u00f3 197 goles en 490 partidos de la Bundesliga con el Bremen y el Bayern y gan\u00f3 seis campeonatos y seis copas.<\/p>\n","protected":false},"excerpt":{"rendered":"<p>M\u00fanich, 15 sep (dpa) &#8211; El legendario delantero peruano Claudio Pizarro regresar\u00e1 como embajador a su antiguo club, el Bayern M\u00fanich, inform\u00f3 hoy el actual campe\u00f3n alem\u00e1n. Despu\u00e9s de Giovane Elber, Lothar Matth\u00e4us y Bixente Lizarazu, el peruano de 41 a\u00f1os, que termin\u00f3 su carrera activa este verano en su segundo club m\u00e1s querido, el<\/p>\n","protected":false},"author":1,"featured_media":812,"comment_status":"closed","ping_status":"closed","sticky":false,"template":"","format":"standard","meta":{"footnotes":""},"categories":[1],"tags":[],"class_list":{"0":"post-5146","1":"post","2":"type-post","3":"status-publish","4":"format-standard","5":"has-post-thumbnail","7":"category-noticias"},"aioseo_notices":[],"aioseo_head":"\n\t\t<!-- All in One SEO Pro 4.9.6.2 - aioseo.com -->\n\t<meta name=\"description\" content=\"M\u00fanich, 15 sep (dpa) - El legendario delantero peruano Claudio Pizarro regresar\u00e1 como embajador a su antiguo club, el Bayern M\u00fanich, inform\u00f3 hoy el actual campe\u00f3n alem\u00e1n. Despu\u00e9s de Giovane Elber, Lothar Matth\u00e4us y Bixente Lizarazu, el peruano de 41 a\u00f1os, que termin\u00f3 su carrera activa este verano en su segundo club m\u00e1s querido, el\" \/>\n\t<meta name=\"robots\" content=\"max-image-preview:large\" \/>\n\t<meta name=\"author\" content=\"NBAsturias\"\/>\n\t<meta name=\"google-site-verification\" content=\"UA-38556648-1\" \/>\n\t<meta name=\"keywords\" content=\"noticias\" \/>\n\t<link rel=\"canonical\" href=\"https:\/\/eldigitaldeasturias.com\/radio\/claudio-pizarro-regresa-al-bayern-munich-como-embajador-del-club\/\" \/>\n\t<meta name=\"generator\" content=\"All in One SEO Pro (AIOSEO) 4.9.6.2\" \/>\n\t\t<meta property=\"og:locale\" content=\"es_ES\" \/>\n\t\t<meta property=\"og:site_name\" content=\"El Digital de Asturias | Diario de informaci\u00f3n y noticias\" \/>\n\t\t<meta property=\"og:type\" content=\"article\" \/>\n\t\t<meta property=\"og:title\" content=\"Claudio Pizarro regresa al Bayern M\u00fanich como embajador del club | El Digital de Asturias\" \/>\n\t\t<meta property=\"og:description\" content=\"M\u00fanich, 15 sep (dpa) - El legendario delantero peruano Claudio Pizarro regresar\u00e1 como embajador a su antiguo club, el Bayern M\u00fanich, inform\u00f3 hoy el actual campe\u00f3n alem\u00e1n. Despu\u00e9s de Giovane Elber, Lothar Matth\u00e4us y Bixente Lizarazu, el peruano de 41 a\u00f1os, que termin\u00f3 su carrera activa este verano en su segundo club m\u00e1s querido, el\" \/>\n\t\t<meta property=\"og:url\" content=\"https:\/\/eldigitaldeasturias.com\/radio\/claudio-pizarro-regresa-al-bayern-munich-como-embajador-del-club\/\" \/>\n\t\t<meta property=\"og:image\" content=\"https:\/\/eldigitaldeasturias.com\/radio\/wp-content\/uploads\/2018\/04\/arena-1181668_960_720.jpg\" \/>\n\t\t<meta property=\"og:image:secure_url\" content=\"https:\/\/eldigitaldeasturias.com\/radio\/wp-content\/uploads\/2018\/04\/arena-1181668_960_720.jpg\" \/>\n\t\t<meta property=\"og:image:width\" content=\"960\" \/>\n\t\t<meta property=\"og:image:height\" content=\"640\" \/>\n\t\t<meta property=\"article:published_time\" content=\"2020-09-19T18:28:41+00:00\" \/>\n\t\t<meta property=\"article:modified_time\" content=\"2020-09-19T18:28:41+00:00\" \/>\n\t\t<meta name=\"twitter:card\" content=\"summary_large_image\" \/>\n\t\t<meta name=\"twitter:site\" content=\"@bercodi\" \/>\n\t\t<meta name=\"twitter:title\" content=\"Claudio Pizarro regresa al Bayern M\u00fanich como embajador del club | El Digital de Asturias\" \/>\n\t\t<meta name=\"twitter:description\" content=\"M\u00fanich, 15 sep (dpa) - El legendario delantero peruano Claudio Pizarro regresar\u00e1 como embajador a su antiguo club, el Bayern M\u00fanich, inform\u00f3 hoy el actual campe\u00f3n alem\u00e1n. Despu\u00e9s de Giovane Elber, Lothar Matth\u00e4us y Bixente Lizarazu, el peruano de 41 a\u00f1os, que termin\u00f3 su carrera activa este verano en su segundo club m\u00e1s querido, el\" \/>\n\t\t<meta name=\"twitter:creator\" content=\"@bercodi\" \/>\n\t\t<meta name=\"twitter:image\" content=\"https:\/\/eldigitaldeasturias.com\/radio\/wp-content\/uploads\/2018\/04\/arena-1181668_960_720.jpg\" \/>\n\t\t<script type=\"application\/ld+json\" class=\"aioseo-schema\">\n\t\t\t{\"@context\":\"https:\\\/\\\/schema.org\",\"@graph\":[{\"@type\":\"BreadcrumbList\",\"@id\":\"https:\\\/\\\/eldigitaldeasturias.com\\\/radio\\\/claudio-pizarro-regresa-al-bayern-munich-como-embajador-del-club\\\/#breadcrumblist\",\"itemListElement\":[{\"@type\":\"ListItem\",\"@id\":\"https:\\\/\\\/eldigitaldeasturias.com\\\/radio#listItem\",\"position\":1,\"name\":\"Inicio\",\"item\":\"https:\\\/\\\/eldigitaldeasturias.com\\\/radio\",\"nextItem\":{\"@type\":\"ListItem\",\"@id\":\"https:\\\/\\\/eldigitaldeasturias.com\\\/radio\\\/category\\\/noticias\\\/#listItem\",\"name\":\"Noticias\"}},{\"@type\":\"ListItem\",\"@id\":\"https:\\\/\\\/eldigitaldeasturias.com\\\/radio\\\/category\\\/noticias\\\/#listItem\",\"position\":2,\"name\":\"Noticias\",\"item\":\"https:\\\/\\\/eldigitaldeasturias.com\\\/radio\\\/category\\\/noticias\\\/\",\"nextItem\":{\"@type\":\"ListItem\",\"@id\":\"https:\\\/\\\/eldigitaldeasturias.com\\\/radio\\\/claudio-pizarro-regresa-al-bayern-munich-como-embajador-del-club\\\/#listItem\",\"name\":\"Claudio Pizarro regresa al Bayern M\\u00fanich como embajador del club\"},\"previousItem\":{\"@type\":\"ListItem\",\"@id\":\"https:\\\/\\\/eldigitaldeasturias.com\\\/radio#listItem\",\"name\":\"Inicio\"}},{\"@type\":\"ListItem\",\"@id\":\"https:\\\/\\\/eldigitaldeasturias.com\\\/radio\\\/claudio-pizarro-regresa-al-bayern-munich-como-embajador-del-club\\\/#listItem\",\"position\":3,\"name\":\"Claudio Pizarro regresa al Bayern M\\u00fanich como embajador del club\",\"previousItem\":{\"@type\":\"ListItem\",\"@id\":\"https:\\\/\\\/eldigitaldeasturias.com\\\/radio\\\/category\\\/noticias\\\/#listItem\",\"name\":\"Noticias\"}}]},{\"@type\":\"NewsArticle\",\"@id\":\"https:\\\/\\\/eldigitaldeasturias.com\\\/radio\\\/claudio-pizarro-regresa-al-bayern-munich-como-embajador-del-club\\\/#newsarticle\",\"name\":\"Claudio Pizarro regresa al Bayern M\\u00fanich como embajador del club | El Digital de Asturias\",\"headline\":\"Claudio Pizarro regresa al Bayern M\\u00fanich como embajador del club\",\"author\":{\"@id\":\"https:\\\/\\\/eldigitaldeasturias.com\\\/radio\\\/author\\\/nbasturias\\\/#author\"},\"publisher\":{\"@id\":\"https:\\\/\\\/eldigitaldeasturias.com\\\/radio\\\/#organization\"},\"image\":{\"@type\":\"ImageObject\",\"url\":\"https:\\\/\\\/eldigitaldeasturias.com\\\/radio\\\/wp-content\\\/uploads\\\/2018\\\/04\\\/arena-1181668_960_720.jpg\",\"width\":960,\"height\":640},\"datePublished\":\"2020-09-19T18:28:41+02:00\",\"dateModified\":\"2020-09-19T18:28:41+02:00\",\"inLanguage\":\"es-ES\",\"mainEntityOfPage\":{\"@id\":\"https:\\\/\\\/eldigitaldeasturias.com\\\/radio\\\/claudio-pizarro-regresa-al-bayern-munich-como-embajador-del-club\\\/#webpage\"},\"isPartOf\":{\"@id\":\"https:\\\/\\\/eldigitaldeasturias.com\\\/radio\\\/claudio-pizarro-regresa-al-bayern-munich-como-embajador-del-club\\\/#webpage\"},\"articleSection\":\"Noticias\",\"dateline\":\"Publicado el septiembre 19, 2020.\"},{\"@type\":\"Organization\",\"@id\":\"https:\\\/\\\/eldigitaldeasturias.com\\\/radio\\\/#organization\",\"name\":\"El digital de Asturias Radio\",\"description\":\"Diario de informaci\\u00f3n y noticias\",\"url\":\"https:\\\/\\\/eldigitaldeasturias.com\\\/radio\\\/\",\"telephone\":\"+34652131393\",\"logo\":{\"@type\":\"ImageObject\",\"url\":\"https:\\\/\\\/www.eldigitaldeasturias.com\\\/radio\\\/wp-content\\\/uploads\\\/2021\\\/03\\\/EDA.jpg\",\"@id\":\"https:\\\/\\\/eldigitaldeasturias.com\\\/radio\\\/claudio-pizarro-regresa-al-bayern-munich-como-embajador-del-club\\\/#organizationLogo\"},\"image\":{\"@id\":\"https:\\\/\\\/eldigitaldeasturias.com\\\/radio\\\/claudio-pizarro-regresa-al-bayern-munich-como-embajador-del-club\\\/#organizationLogo\"},\"sameAs\":[\"https:\\\/\\\/www.facebook.com\\\/\",\"https:\\\/\\\/x.com\\\/bercodi\",\"https:\\\/\\\/www.instagram.com\\\/\",\"https:\\\/\\\/www.youtube.com\\\/channel\\\/UCZP-2wLEB9Rv6erhFmqVnvg\"]},{\"@type\":\"Person\",\"@id\":\"https:\\\/\\\/eldigitaldeasturias.com\\\/radio\\\/author\\\/nbasturias\\\/#author\",\"url\":\"https:\\\/\\\/eldigitaldeasturias.com\\\/radio\\\/author\\\/nbasturias\\\/\",\"name\":\"NBAsturias\",\"image\":{\"@type\":\"ImageObject\",\"@id\":\"https:\\\/\\\/eldigitaldeasturias.com\\\/radio\\\/claudio-pizarro-regresa-al-bayern-munich-como-embajador-del-club\\\/#authorImage\",\"url\":\"https:\\\/\\\/secure.gravatar.com\\\/avatar\\\/df2aeffc32bcd13f8d26072ef8a91b623d677766deac7f97ca815868cd41bf5e?s=96&d=mm&r=g\",\"width\":96,\"height\":96,\"caption\":\"NBAsturias\"}},{\"@type\":\"WebPage\",\"@id\":\"https:\\\/\\\/eldigitaldeasturias.com\\\/radio\\\/claudio-pizarro-regresa-al-bayern-munich-como-embajador-del-club\\\/#webpage\",\"url\":\"https:\\\/\\\/eldigitaldeasturias.com\\\/radio\\\/claudio-pizarro-regresa-al-bayern-munich-como-embajador-del-club\\\/\",\"name\":\"Claudio Pizarro regresa al Bayern M\\u00fanich como embajador del club | El Digital de Asturias\",\"description\":\"M\\u00fanich, 15 sep (dpa) - El legendario delantero peruano Claudio Pizarro regresar\\u00e1 como embajador a su antiguo club, el Bayern M\\u00fanich, inform\\u00f3 hoy el actual campe\\u00f3n alem\\u00e1n. Despu\\u00e9s de Giovane Elber, Lothar Matth\\u00e4us y Bixente Lizarazu, el peruano de 41 a\\u00f1os, que termin\\u00f3 su carrera activa este verano en su segundo club m\\u00e1s querido, el\",\"inLanguage\":\"es-ES\",\"isPartOf\":{\"@id\":\"https:\\\/\\\/eldigitaldeasturias.com\\\/radio\\\/#website\"},\"breadcrumb\":{\"@id\":\"https:\\\/\\\/eldigitaldeasturias.com\\\/radio\\\/claudio-pizarro-regresa-al-bayern-munich-como-embajador-del-club\\\/#breadcrumblist\"},\"author\":{\"@id\":\"https:\\\/\\\/eldigitaldeasturias.com\\\/radio\\\/author\\\/nbasturias\\\/#author\"},\"creator\":{\"@id\":\"https:\\\/\\\/eldigitaldeasturias.com\\\/radio\\\/author\\\/nbasturias\\\/#author\"},\"image\":{\"@type\":\"ImageObject\",\"url\":\"https:\\\/\\\/eldigitaldeasturias.com\\\/radio\\\/wp-content\\\/uploads\\\/2018\\\/04\\\/arena-1181668_960_720.jpg\",\"@id\":\"https:\\\/\\\/eldigitaldeasturias.com\\\/radio\\\/claudio-pizarro-regresa-al-bayern-munich-como-embajador-del-club\\\/#mainImage\",\"width\":960,\"height\":640},\"primaryImageOfPage\":{\"@id\":\"https:\\\/\\\/eldigitaldeasturias.com\\\/radio\\\/claudio-pizarro-regresa-al-bayern-munich-como-embajador-del-club\\\/#mainImage\"},\"datePublished\":\"2020-09-19T18:28:41+02:00\",\"dateModified\":\"2020-09-19T18:28:41+02:00\"},{\"@type\":\"WebSite\",\"@id\":\"https:\\\/\\\/eldigitaldeasturias.com\\\/radio\\\/#website\",\"url\":\"https:\\\/\\\/eldigitaldeasturias.com\\\/radio\\\/\",\"name\":\"El Digital de Asturias\",\"description\":\"Diario de informaci\\u00f3n y noticias\",\"inLanguage\":\"es-ES\",\"publisher\":{\"@id\":\"https:\\\/\\\/eldigitaldeasturias.com\\\/radio\\\/#organization\"}}]}\n\t\t<\/script>\n\t\t<!-- All in One SEO Pro -->\r\n\t\t<title>Claudio Pizarro regresa al Bayern M\u00fanich como embajador del club | El Digital de Asturias<\/title>\n\n","aioseo_head_json":{"title":"Claudio Pizarro regresa al Bayern M\u00fanich como embajador del club | El Digital de Asturias","description":"M\u00fanich, 15 sep (dpa) - El legendario delantero peruano Claudio Pizarro regresar\u00e1 como embajador a su antiguo club, el Bayern M\u00fanich, inform\u00f3 hoy el actual campe\u00f3n alem\u00e1n. Despu\u00e9s de Giovane Elber, Lothar Matth\u00e4us y Bixente Lizarazu, el peruano de 41 a\u00f1os, que termin\u00f3 su carrera activa este verano en su segundo club m\u00e1s querido, el","canonical_url":"https:\/\/eldigitaldeasturias.com\/radio\/claudio-pizarro-regresa-al-bayern-munich-como-embajador-del-club\/","robots":"max-image-preview:large","keywords":"noticias","webmasterTools":{"google-site-verification":"UA-38556648-1","miscellaneous":""},"schema":{"@context":"https:\/\/schema.org","@graph":[{"@type":"BreadcrumbList","@id":"https:\/\/eldigitaldeasturias.com\/radio\/claudio-pizarro-regresa-al-bayern-munich-como-embajador-del-club\/#breadcrumblist","itemListElement":[{"@type":"ListItem","@id":"https:\/\/eldigitaldeasturias.com\/radio#listItem","position":1,"name":"Inicio","item":"https:\/\/eldigitaldeasturias.com\/radio","nextItem":{"@type":"ListItem","@id":"https:\/\/eldigitaldeasturias.com\/radio\/category\/noticias\/#listItem","name":"Noticias"}},{"@type":"ListItem","@id":"https:\/\/eldigitaldeasturias.com\/radio\/category\/noticias\/#listItem","position":2,"name":"Noticias","item":"https:\/\/eldigitaldeasturias.com\/radio\/category\/noticias\/","nextItem":{"@type":"ListItem","@id":"https:\/\/eldigitaldeasturias.com\/radio\/claudio-pizarro-regresa-al-bayern-munich-como-embajador-del-club\/#listItem","name":"Claudio Pizarro regresa al Bayern M\u00fanich como embajador del club"},"previousItem":{"@type":"ListItem","@id":"https:\/\/eldigitaldeasturias.com\/radio#listItem","name":"Inicio"}},{"@type":"ListItem","@id":"https:\/\/eldigitaldeasturias.com\/radio\/claudio-pizarro-regresa-al-bayern-munich-como-embajador-del-club\/#listItem","position":3,"name":"Claudio Pizarro regresa al Bayern M\u00fanich como embajador del club","previousItem":{"@type":"ListItem","@id":"https:\/\/eldigitaldeasturias.com\/radio\/category\/noticias\/#listItem","name":"Noticias"}}]},{"@type":"NewsArticle","@id":"https:\/\/eldigitaldeasturias.com\/radio\/claudio-pizarro-regresa-al-bayern-munich-como-embajador-del-club\/#newsarticle","name":"Claudio Pizarro regresa al Bayern M\u00fanich como embajador del club | El Digital de Asturias","headline":"Claudio Pizarro regresa al Bayern M\u00fanich como embajador del club","author":{"@id":"https:\/\/eldigitaldeasturias.com\/radio\/author\/nbasturias\/#author"},"publisher":{"@id":"https:\/\/eldigitaldeasturias.com\/radio\/#organization"},"image":{"@type":"ImageObject","url":"https:\/\/eldigitaldeasturias.com\/radio\/wp-content\/uploads\/2018\/04\/arena-1181668_960_720.jpg","width":960,"height":640},"datePublished":"2020-09-19T18:28:41+02:00","dateModified":"2020-09-19T18:28:41+02:00","inLanguage":"es-ES","mainEntityOfPage":{"@id":"https:\/\/eldigitaldeasturias.com\/radio\/claudio-pizarro-regresa-al-bayern-munich-como-embajador-del-club\/#webpage"},"isPartOf":{"@id":"https:\/\/eldigitaldeasturias.com\/radio\/claudio-pizarro-regresa-al-bayern-munich-como-embajador-del-club\/#webpage"},"articleSection":"Noticias","dateline":"Publicado el septiembre 19, 2020."},{"@type":"Organization","@id":"https:\/\/eldigitaldeasturias.com\/radio\/#organization","name":"El digital de Asturias Radio","description":"Diario de informaci\u00f3n y noticias","url":"https:\/\/eldigitaldeasturias.com\/radio\/","telephone":"+34652131393","logo":{"@type":"ImageObject","url":"https:\/\/www.eldigitaldeasturias.com\/radio\/wp-content\/uploads\/2021\/03\/EDA.jpg","@id":"https:\/\/eldigitaldeasturias.com\/radio\/claudio-pizarro-regresa-al-bayern-munich-como-embajador-del-club\/#organizationLogo"},"image":{"@id":"https:\/\/eldigitaldeasturias.com\/radio\/claudio-pizarro-regresa-al-bayern-munich-como-embajador-del-club\/#organizationLogo"},"sameAs":["https:\/\/www.facebook.com\/","https:\/\/x.com\/bercodi","https:\/\/www.instagram.com\/","https:\/\/www.youtube.com\/channel\/UCZP-2wLEB9Rv6erhFmqVnvg"]},{"@type":"Person","@id":"https:\/\/eldigitaldeasturias.com\/radio\/author\/nbasturias\/#author","url":"https:\/\/eldigitaldeasturias.com\/radio\/author\/nbasturias\/","name":"NBAsturias","image":{"@type":"ImageObject","@id":"https:\/\/eldigitaldeasturias.com\/radio\/claudio-pizarro-regresa-al-bayern-munich-como-embajador-del-club\/#authorImage","url":"https:\/\/secure.gravatar.com\/avatar\/df2aeffc32bcd13f8d26072ef8a91b623d677766deac7f97ca815868cd41bf5e?s=96&d=mm&r=g","width":96,"height":96,"caption":"NBAsturias"}},{"@type":"WebPage","@id":"https:\/\/eldigitaldeasturias.com\/radio\/claudio-pizarro-regresa-al-bayern-munich-como-embajador-del-club\/#webpage","url":"https:\/\/eldigitaldeasturias.com\/radio\/claudio-pizarro-regresa-al-bayern-munich-como-embajador-del-club\/","name":"Claudio Pizarro regresa al Bayern M\u00fanich como embajador del club | El Digital de Asturias","description":"M\u00fanich, 15 sep (dpa) - El legendario delantero peruano Claudio Pizarro regresar\u00e1 como embajador a su antiguo club, el Bayern M\u00fanich, inform\u00f3 hoy el actual campe\u00f3n alem\u00e1n. Despu\u00e9s de Giovane Elber, Lothar Matth\u00e4us y Bixente Lizarazu, el peruano de 41 a\u00f1os, que termin\u00f3 su carrera activa este verano en su segundo club m\u00e1s querido, el","inLanguage":"es-ES","isPartOf":{"@id":"https:\/\/eldigitaldeasturias.com\/radio\/#website"},"breadcrumb":{"@id":"https:\/\/eldigitaldeasturias.com\/radio\/claudio-pizarro-regresa-al-bayern-munich-como-embajador-del-club\/#breadcrumblist"},"author":{"@id":"https:\/\/eldigitaldeasturias.com\/radio\/author\/nbasturias\/#author"},"creator":{"@id":"https:\/\/eldigitaldeasturias.com\/radio\/author\/nbasturias\/#author"},"image":{"@type":"ImageObject","url":"https:\/\/eldigitaldeasturias.com\/radio\/wp-content\/uploads\/2018\/04\/arena-1181668_960_720.jpg","@id":"https:\/\/eldigitaldeasturias.com\/radio\/claudio-pizarro-regresa-al-bayern-munich-como-embajador-del-club\/#mainImage","width":960,"height":640},"primaryImageOfPage":{"@id":"https:\/\/eldigitaldeasturias.com\/radio\/claudio-pizarro-regresa-al-bayern-munich-como-embajador-del-club\/#mainImage"},"datePublished":"2020-09-19T18:28:41+02:00","dateModified":"2020-09-19T18:28:41+02:00"},{"@type":"WebSite","@id":"https:\/\/eldigitaldeasturias.com\/radio\/#website","url":"https:\/\/eldigitaldeasturias.com\/radio\/","name":"El Digital de Asturias","description":"Diario de informaci\u00f3n y noticias","inLanguage":"es-ES","publisher":{"@id":"https:\/\/eldigitaldeasturias.com\/radio\/#organization"}}]},"og:locale":"es_ES","og:site_name":"El Digital de Asturias | Diario de informaci\u00f3n y noticias","og:type":"article","og:title":"Claudio Pizarro regresa al Bayern M\u00fanich como embajador del club | El Digital de Asturias","og:description":"M\u00fanich, 15 sep (dpa) - El legendario delantero peruano Claudio Pizarro regresar\u00e1 como embajador a su antiguo club, el Bayern M\u00fanich, inform\u00f3 hoy el actual campe\u00f3n alem\u00e1n. Despu\u00e9s de Giovane Elber, Lothar Matth\u00e4us y Bixente Lizarazu, el peruano de 41 a\u00f1os, que termin\u00f3 su carrera activa este verano en su segundo club m\u00e1s querido, el","og:url":"https:\/\/eldigitaldeasturias.com\/radio\/claudio-pizarro-regresa-al-bayern-munich-como-embajador-del-club\/","og:image":"https:\/\/eldigitaldeasturias.com\/radio\/wp-content\/uploads\/2018\/04\/arena-1181668_960_720.jpg","og:image:secure_url":"https:\/\/eldigitaldeasturias.com\/radio\/wp-content\/uploads\/2018\/04\/arena-1181668_960_720.jpg","og:image:width":960,"og:image:height":640,"article:published_time":"2020-09-19T18:28:41+00:00","article:modified_time":"2020-09-19T18:28:41+00:00","twitter:card":"summary_large_image","twitter:site":"@bercodi","twitter:title":"Claudio Pizarro regresa al Bayern M\u00fanich como embajador del club | El Digital de Asturias","twitter:description":"M\u00fanich, 15 sep (dpa) - El legendario delantero peruano Claudio Pizarro regresar\u00e1 como embajador a su antiguo club, el Bayern M\u00fanich, inform\u00f3 hoy el actual campe\u00f3n alem\u00e1n. Despu\u00e9s de Giovane Elber, Lothar Matth\u00e4us y Bixente Lizarazu, el peruano de 41 a\u00f1os, que termin\u00f3 su carrera activa este verano en su segundo club m\u00e1s querido, el","twitter:creator":"@bercodi","twitter:image":"https:\/\/eldigitaldeasturias.com\/radio\/wp-content\/uploads\/2018\/04\/arena-1181668_960_720.jpg"},"aioseo_meta_data":{"post_id":"5146","title":null,"description":"","keywords":"","keyphrases":null,"primary_term":null,"canonical_url":"","og_title":null,"og_description":null,"og_object_type":"default","og_image_type":"default","og_image_url":null,"og_image_width":null,"og_image_height":null,"og_image_custom_url":null,"og_image_custom_fields":null,"og_video":null,"og_custom_url":null,"og_article_section":null,"og_article_tags":null,"twitter_use_og":false,"twitter_card":"default","twitter_image_type":"default","twitter_image_url":null,"twitter_image_custom_url":null,"twitter_image_custom_fields":null,"twitter_title":null,"twitter_description":null,"schema":{"blockGraphs":[],"customGraphs":[],"default":{"data":{"Article":[],"Course":[],"Dataset":[],"FAQPage":[],"Movie":[],"Person":[],"Product":[],"ProductReview":[],"Car":[],"Recipe":[],"Service":[],"SoftwareApplication":[],"WebPage":[]},"graphName":"","isEnabled":true},"graphs":[],"defaultGraph":"","defaultPostTypeGraph":""},"schema_type":null,"schema_type_options":null,"pillar_content":false,"robots_default":true,"robots_noindex":false,"robots_noarchive":false,"robots_nosnippet":false,"robots_nofollow":false,"robots_noimageindex":false,"robots_noodp":false,"robots_notranslate":false,"robots_max_snippet":null,"robots_max_videopreview":null,"robots_max_imagepreview":"large","priority":null,"frequency":null,"location":null,"local_seo":null,"seo_analyzer_scan_date":"2025-08-28 17:26:26","breadcrumb_settings":null,"limit_modified_date":false,"open_ai":null,"ai":null,"created":"2021-03-25 11:13:50","updated":"2025-08-28 17:26:26"},"aioseo_breadcrumb":"<div class=\"aioseo-breadcrumbs\"><span class=\"aioseo-breadcrumb\">\n\t<a href=\"https:\/\/eldigitaldeasturias.com\/radio\" title=\"Inicio\">Inicio<\/a>\n<\/span><span class=\"aioseo-breadcrumb-separator\">&ndash;<\/span><span class=\"aioseo-breadcrumb\">\n\t<a href=\"https:\/\/eldigitaldeasturias.com\/radio\/category\/noticias\/\" title=\"Noticias\">Noticias<\/a>\n<\/span><span class=\"aioseo-breadcrumb-separator\">&ndash;<\/span><span class=\"aioseo-breadcrumb\">\n\tClaudio Pizarro regresa al Bayern M\u00fanich como embajador del club\n<\/span><\/div>","aioseo_breadcrumb_json":[{"label":"Inicio","link":"https:\/\/eldigitaldeasturias.com\/radio"},{"label":"Noticias","link":"https:\/\/eldigitaldeasturias.com\/radio\/category\/noticias\/"},{"label":"Claudio Pizarro regresa al Bayern M\u00fanich como embajador del club","link":"https:\/\/eldigitaldeasturias.com\/radio\/claudio-pizarro-regresa-al-bayern-munich-como-embajador-del-club\/"}],"_links":{"self":[{"href":"https:\/\/eldigitaldeasturias.com\/radio\/wp-json\/wp\/v2\/posts\/5146","targetHints":{"allow":["GET"]}}],"collection":[{"href":"https:\/\/eldigitaldeasturias.com\/radio\/wp-json\/wp\/v2\/posts"}],"about":[{"href":"https:\/\/eldigitaldeasturias.com\/radio\/wp-json\/wp\/v2\/types\/post"}],"author":[{"embeddable":true,"href":"https:\/\/eldigitaldeasturias.com\/radio\/wp-json\/wp\/v2\/users\/1"}],"replies":[{"embeddable":true,"href":"https:\/\/eldigitaldeasturias.com\/radio\/wp-json\/wp\/v2\/comments?post=5146"}],"version-history":[{"count":0,"href":"https:\/\/eldigitaldeasturias.com\/radio\/wp-json\/wp\/v2\/posts\/5146\/revisions"}],"wp:featuredmedia":[{"embeddable":true,"href":"https:\/\/eldigitaldeasturias.com\/radio\/wp-json\/wp\/v2\/media\/812"}],"wp:attachment":[{"href":"https:\/\/eldigitaldeasturias.com\/radio\/wp-json\/wp\/v2\/media?parent=5146"}],"wp:term":[{"taxonomy":"category","embeddable":true,"href":"https:\/\/eldigitaldeasturias.com\/radio\/wp-json\/wp\/v2\/categories?post=5146"},{"taxonomy":"post_tag","embeddable":true,"href":"https:\/\/eldigitaldeasturias.com\/radio\/wp-json\/wp\/v2\/tags?post=5146"}],"curies":[{"name":"wp","href":"https:\/\/api.w.org\/{rel}","templated":true}]}}