{"id":5134,"date":"2020-09-11T11:26:36","date_gmt":"2020-09-11T11:26:36","guid":{"rendered":"http:\/\/www.eldigitaldeasturias.com\/radio\/?p=5134"},"modified":"2020-09-11T11:26:36","modified_gmt":"2020-09-11T11:26:36","slug":"publicado-el-decreto-de-creacion-de-la-comision-interdepartamental-de-investigacion-desarrollo-tecnologico-e-innovacion","status":"publish","type":"post","link":"https:\/\/eldigitaldeasturias.com\/radio\/publicado-el-decreto-de-creacion-de-la-comision-interdepartamental-de-investigacion-desarrollo-tecnologico-e-innovacion\/","title":{"rendered":"Publicado el decreto de creaci\u00f3n de la Comisi\u00f3n Interdepartamental de Investigaci\u00f3n, Desarrollo Tecnol\u00f3gico e Innovaci\u00f3n"},"content":{"rendered":"<figure id=\"attachment_5135\" aria-describedby=\"caption-attachment-5135\" style=\"width: 360px\" class=\"wp-caption alignleft\"><img fetchpriority=\"high\" decoding=\"async\" class=\"size-medium wp-image-5135\" src=\"http:\/\/www.eldigitaldeasturias.com\/radio\/wp-content\/uploads\/2020\/09\/Borja-Sanchez-360x237.jpg\" alt=\"\" width=\"360\" height=\"237\" srcset=\"https:\/\/eldigitaldeasturias.com\/radio\/wp-content\/uploads\/2020\/09\/Borja-Sanchez-360x237.jpg 360w, https:\/\/eldigitaldeasturias.com\/radio\/wp-content\/uploads\/2020\/09\/Borja-Sanchez-768x505.jpg 768w, https:\/\/eldigitaldeasturias.com\/radio\/wp-content\/uploads\/2020\/09\/Borja-Sanchez.jpg 815w\" sizes=\"(max-width: 360px) 100vw, 360px\" \/><figcaption id=\"caption-attachment-5135\" class=\"wp-caption-text\">Borja S\u00e1nchez &#8211; GOBIERNO DE ASTURIAS<\/figcaption><\/figure>\n<p>(EUROPA PRESS) &#8211;\u00a0El Bolet\u00edn Oficial del Principado de Asturias (BOPA) ha publicado este mi\u00e9rcoles el decreto por el que se crea y regula la Comisi\u00f3n Interdepartamental de Investigaci\u00f3n, Desarrollo Tecnol\u00f3gico e Innovaci\u00f3n, que se constituir\u00e1 en el plazo m\u00e1ximo de un mes, a partir de la fecha de entrada en vigor de dicho decreto.<\/p>\n<p>Este \u00f3rgano colegiado se formula en el marco del vigente Plan de Ciencia, Tecnolog\u00eda e Innovaci\u00f3n 2018-2022, con el objetivo de centralizar y canalizar las actuaciones individuales de las diversas Consejer\u00edas en el Principado de Asturias y mejorar la comunicaci\u00f3n y la transferencia de conocimiento entre las mismas y con otros organismos.<\/p>\n<p>Desde el Gobierno del Principado de Asturias se argumenta que \u00aben momentos como el actual, m\u00e1s que nunca, se evidencia la importancia de contar con este tipo de \u00f3rganos que sirvan de apoyo al Gobierno para afrontar situaciones de emergencia, como la crisis sanitaria ocasionada por la COVID-19\u00bb.<\/p>\n<p>\u00abLa ciencia ha sido declarada como uno de los pilares estrat\u00e9gicos para la reconstrucci\u00f3n econ\u00f3mica, por lo que la investigaci\u00f3n cient\u00edfica y t\u00e9cnica, el desarrollo tecnol\u00f3gico y la innovaci\u00f3n se presentan como los factores indispensables del crecimiento de la regi\u00f3n. Por todo ello resulta clave la creaci\u00f3n de la citada Comisi\u00f3n Interdepartamental, en el plazo m\u00e1s breve posible; su puesta en funcionamiento permitir\u00e1 optimizar la coordinaci\u00f3n y ejecuci\u00f3n de las actividades en materia de I+D+i en la regi\u00f3n, as\u00ed como elaborar propuestas estrat\u00e9gicas y proponer medidas para el fomento de la I+D+i. La finalidad es minimizar el impacto econ\u00f3mico y social de la pandemia de la COVID-19, por ello y dado el car\u00e1cter organizativo interno se ha optado por su entrada en vigor inmediata\u00bb, se a\u00f1ade.<\/p>\n<p>Asimismo, se recuerda que a la Consejer\u00eda de Ciencia, Innovaci\u00f3n y Universidad se le atribuyen \u00ablas competencias en materia de investigaci\u00f3n, desarrollo tecnol\u00f3gico e innovaci\u00f3n, para el despliegue de una pol\u00edtica cient\u00edfica regional estable y una estrategia adecuada, que abarque todas las \u00e1reas de conocimiento, que permitan avanzar para situar a Asturias en la vanguardia de la Ciencia\u00bb.<\/p>\n<p>De este modo, la Comisi\u00f3n Interdepartamental de Investigaci\u00f3n, Desarrollo Tecnol\u00f3gico e Innovaci\u00f3n se crea \u00abcomo \u00f3rgano de planificaci\u00f3n, decisi\u00f3n estrat\u00e9gica y coordinaci\u00f3n de la pol\u00edtica de I+D+i del Principado de Asturias\u00bb y queda adscrita, como \u00f3rgano colegiado, a la Consejer\u00eda competente en materia de investigaci\u00f3n, desarrollo tecnol\u00f3gico e innovaci\u00f3n, aunque sin participar en la estructura jer\u00e1rquica de esta.<\/p>\n<p>La Comisi\u00f3n Interdepartamental de Investigaci\u00f3n, Desarrollo Tecnol\u00f3gico e Innovaci\u00f3n ser\u00e1 presidida por quien ostente la titularidad de la Consejer\u00eda con competencia general en materia de investigaci\u00f3n, desarrollo tecnol\u00f3gico e innovaci\u00f3n, o persona en quien delegue y podr\u00e1 funcionar en pleno o constituir en su seno comisiones. Adem\u00e1s quien ostente la titularidad de la Direcci\u00f3n General competente en la materia de investigaci\u00f3n e innovaci\u00f3n ejercer\u00e1 funciones de Vicepresidente y sustituir\u00e1 al Presidente en casos de ausencia, vacante o enfermedad.<\/p>\n<p>FUNCIONES<br \/>\nCon car\u00e1cter general, corresponde a la Comisi\u00f3n Interdepartamental de Investigaci\u00f3n, Desarrollo Tecnol\u00f3gico e Innovaci\u00f3n estudiar y formular las sugerencias que considere oportunas en relaci\u00f3n con las cuestiones que afecten al ejercicio coordinado de las competencias para el fomento de la I+D+i en la Comunidad Aut\u00f3noma.<\/p>\n<p>Adem\u00e1s, ser\u00e1n cometidos espec\u00edficos coordinar las actividades en materia de I+D+i que realicen las distintas Consejer\u00edas de la Administraci\u00f3n del Principado de Asturias, en el \u00e1mbito de sus competencias, as\u00ed como de los organismos, empresas y entes p\u00fablicos adscritos a las mismas y evaluar los recursos y necesidades presupuestarias.<\/p>\n<p>Del mismo modo, ser\u00e1 su competencia elaborar propuestas para el fomento de la investigaci\u00f3n, el desarrollo y la innovaci\u00f3n tecnol\u00f3gica en el Principado de Asturias y promover su difusi\u00f3n entre la sociedad asturiana; y crear grupos de trabajo especializados que se consideren necesarios para el an\u00e1lisis y seguimiento de las actuaciones que en materia de I+D+i se desarrollen en Asturias.<\/p>\n<p>Analizar las propuestas que se sometan a su valoraci\u00f3n relativas a la gesti\u00f3n de las ayudas en materia de investigaci\u00f3n cient\u00edfica e innovaci\u00f3n tecnol\u00f3gica, con el fin de mejorar su eficacia; y emitir un informe anual que analice las actuaciones que, en materia de investigaci\u00f3n, desarrollo e innovaci\u00f3n tecnol\u00f3gica, hayan realizado las diferentes consejer\u00edas que integran la Administraci\u00f3n del Principado de Asturias, ser\u00e1n otras de sus funciones.<\/p>\n<p>Igualmente, se encargar\u00e1 de estudiar y proponer medidas de car\u00e1cter estrat\u00e9gico para el fomento de la investigaci\u00f3n, el desarrollo y la innovaci\u00f3n tecnol\u00f3gica, que podr\u00e1n elevarse al Consejo de Gobierno por conducto del titular de la Consejer\u00eda competente en materia de investigaci\u00f3n, innovaci\u00f3n y desarrollo tecnol\u00f3gico; y elaborar y mantener actualizados cat\u00e1logos de las distintas actuaciones de I+D+i que las Consejer\u00edas y otros organismos p\u00fablicos desarrollen en relaci\u00f3n con las materias de su especialidad.<\/p>\n<p>Del mismo modo, va a informar, formulando propuestas y sugerencias con car\u00e1cter previo a su aprobaci\u00f3n, las convocatorias de apoyo y fomento a la I+D+i que sean total o parcialmente financiadas por la Administraci\u00f3n del Principado de Asturias.<\/p>\n","protected":false},"excerpt":{"rendered":"<p>(EUROPA PRESS) &#8211;\u00a0El Bolet\u00edn Oficial del Principado de Asturias (BOPA) ha publicado este mi\u00e9rcoles el decreto por el que se crea y regula la Comisi\u00f3n Interdepartamental de Investigaci\u00f3n, Desarrollo Tecnol\u00f3gico e Innovaci\u00f3n, que se constituir\u00e1 en el plazo m\u00e1ximo de un mes, a partir de la fecha de entrada en vigor de dicho decreto. Este<\/p>\n","protected":false},"author":1,"featured_media":5135,"comment_status":"closed","ping_status":"closed","sticky":false,"template":"","format":"standard","meta":{"footnotes":""},"categories":[1],"tags":[],"class_list":{"0":"post-5134","1":"post","2":"type-post","3":"status-publish","4":"format-standard","5":"has-post-thumbnail","7":"category-noticias"},"aioseo_notices":[],"aioseo_head":"\n\t\t<!-- All in One SEO Pro 4.9.6.2 - aioseo.com -->\n\t<meta name=\"description\" content=\"(EUROPA PRESS) - El Bolet\u00edn Oficial del Principado de Asturias (BOPA) ha publicado este mi\u00e9rcoles el decreto por el que se crea y regula la Comisi\u00f3n Interdepartamental de Investigaci\u00f3n, Desarrollo Tecnol\u00f3gico e Innovaci\u00f3n, que se constituir\u00e1 en el plazo m\u00e1ximo de un mes, a partir de la fecha de entrada en vigor de dicho decreto. Este\" \/>\n\t<meta name=\"robots\" content=\"max-image-preview:large\" \/>\n\t<meta name=\"author\" content=\"NBAsturias\"\/>\n\t<meta name=\"google-site-verification\" content=\"UA-38556648-1\" \/>\n\t<meta name=\"keywords\" content=\"noticias\" \/>\n\t<link rel=\"canonical\" href=\"https:\/\/eldigitaldeasturias.com\/radio\/publicado-el-decreto-de-creacion-de-la-comision-interdepartamental-de-investigacion-desarrollo-tecnologico-e-innovacion\/\" \/>\n\t<meta name=\"generator\" content=\"All in One SEO Pro (AIOSEO) 4.9.6.2\" \/>\n\t\t<meta property=\"og:locale\" content=\"es_ES\" \/>\n\t\t<meta property=\"og:site_name\" content=\"El Digital de Asturias | Diario de informaci\u00f3n y noticias\" \/>\n\t\t<meta property=\"og:type\" content=\"article\" \/>\n\t\t<meta property=\"og:title\" content=\"Publicado el decreto de creaci\u00f3n de la Comisi\u00f3n Interdepartamental de Investigaci\u00f3n, Desarrollo Tecnol\u00f3gico e Innovaci\u00f3n | El Digital de Asturias\" \/>\n\t\t<meta property=\"og:description\" content=\"(EUROPA PRESS) - El Bolet\u00edn Oficial del Principado de Asturias (BOPA) ha publicado este mi\u00e9rcoles el decreto por el que se crea y regula la Comisi\u00f3n Interdepartamental de Investigaci\u00f3n, Desarrollo Tecnol\u00f3gico e Innovaci\u00f3n, que se constituir\u00e1 en el plazo m\u00e1ximo de un mes, a partir de la fecha de entrada en vigor de dicho decreto. Este\" \/>\n\t\t<meta property=\"og:url\" content=\"https:\/\/eldigitaldeasturias.com\/radio\/publicado-el-decreto-de-creacion-de-la-comision-interdepartamental-de-investigacion-desarrollo-tecnologico-e-innovacion\/\" \/>\n\t\t<meta property=\"og:image\" content=\"https:\/\/eldigitaldeasturias.com\/radio\/wp-content\/uploads\/2020\/09\/Borja-Sanchez.jpg\" \/>\n\t\t<meta property=\"og:image:secure_url\" content=\"https:\/\/eldigitaldeasturias.com\/radio\/wp-content\/uploads\/2020\/09\/Borja-Sanchez.jpg\" \/>\n\t\t<meta property=\"og:image:width\" content=\"815\" \/>\n\t\t<meta property=\"og:image:height\" content=\"536\" \/>\n\t\t<meta property=\"article:published_time\" content=\"2020-09-11T11:26:36+00:00\" \/>\n\t\t<meta property=\"article:modified_time\" content=\"2020-09-11T11:26:36+00:00\" \/>\n\t\t<meta name=\"twitter:card\" content=\"summary_large_image\" \/>\n\t\t<meta name=\"twitter:site\" content=\"@bercodi\" \/>\n\t\t<meta name=\"twitter:title\" content=\"Publicado el decreto de creaci\u00f3n de la Comisi\u00f3n Interdepartamental de Investigaci\u00f3n, Desarrollo Tecnol\u00f3gico e Innovaci\u00f3n | El Digital de Asturias\" \/>\n\t\t<meta name=\"twitter:description\" content=\"(EUROPA PRESS) - El Bolet\u00edn Oficial del Principado de Asturias (BOPA) ha publicado este mi\u00e9rcoles el decreto por el que se crea y regula la Comisi\u00f3n Interdepartamental de Investigaci\u00f3n, Desarrollo Tecnol\u00f3gico e Innovaci\u00f3n, que se constituir\u00e1 en el plazo m\u00e1ximo de un mes, a partir de la fecha de entrada en vigor de dicho decreto. Este\" \/>\n\t\t<meta name=\"twitter:creator\" content=\"@bercodi\" \/>\n\t\t<meta name=\"twitter:image\" content=\"https:\/\/eldigitaldeasturias.com\/radio\/wp-content\/uploads\/2020\/09\/Borja-Sanchez.jpg\" \/>\n\t\t<script type=\"application\/ld+json\" class=\"aioseo-schema\">\n\t\t\t{\"@context\":\"https:\\\/\\\/schema.org\",\"@graph\":[{\"@type\":\"BreadcrumbList\",\"@id\":\"https:\\\/\\\/eldigitaldeasturias.com\\\/radio\\\/publicado-el-decreto-de-creacion-de-la-comision-interdepartamental-de-investigacion-desarrollo-tecnologico-e-innovacion\\\/#breadcrumblist\",\"itemListElement\":[{\"@type\":\"ListItem\",\"@id\":\"https:\\\/\\\/eldigitaldeasturias.com\\\/radio#listItem\",\"position\":1,\"name\":\"Inicio\",\"item\":\"https:\\\/\\\/eldigitaldeasturias.com\\\/radio\",\"nextItem\":{\"@type\":\"ListItem\",\"@id\":\"https:\\\/\\\/eldigitaldeasturias.com\\\/radio\\\/category\\\/noticias\\\/#listItem\",\"name\":\"Noticias\"}},{\"@type\":\"ListItem\",\"@id\":\"https:\\\/\\\/eldigitaldeasturias.com\\\/radio\\\/category\\\/noticias\\\/#listItem\",\"position\":2,\"name\":\"Noticias\",\"item\":\"https:\\\/\\\/eldigitaldeasturias.com\\\/radio\\\/category\\\/noticias\\\/\",\"nextItem\":{\"@type\":\"ListItem\",\"@id\":\"https:\\\/\\\/eldigitaldeasturias.com\\\/radio\\\/publicado-el-decreto-de-creacion-de-la-comision-interdepartamental-de-investigacion-desarrollo-tecnologico-e-innovacion\\\/#listItem\",\"name\":\"Publicado el decreto de creaci\\u00f3n de la Comisi\\u00f3n Interdepartamental de Investigaci\\u00f3n, Desarrollo Tecnol\\u00f3gico e Innovaci\\u00f3n\"},\"previousItem\":{\"@type\":\"ListItem\",\"@id\":\"https:\\\/\\\/eldigitaldeasturias.com\\\/radio#listItem\",\"name\":\"Inicio\"}},{\"@type\":\"ListItem\",\"@id\":\"https:\\\/\\\/eldigitaldeasturias.com\\\/radio\\\/publicado-el-decreto-de-creacion-de-la-comision-interdepartamental-de-investigacion-desarrollo-tecnologico-e-innovacion\\\/#listItem\",\"position\":3,\"name\":\"Publicado el decreto de creaci\\u00f3n de la Comisi\\u00f3n Interdepartamental de Investigaci\\u00f3n, Desarrollo Tecnol\\u00f3gico e Innovaci\\u00f3n\",\"previousItem\":{\"@type\":\"ListItem\",\"@id\":\"https:\\\/\\\/eldigitaldeasturias.com\\\/radio\\\/category\\\/noticias\\\/#listItem\",\"name\":\"Noticias\"}}]},{\"@type\":\"NewsArticle\",\"@id\":\"https:\\\/\\\/eldigitaldeasturias.com\\\/radio\\\/publicado-el-decreto-de-creacion-de-la-comision-interdepartamental-de-investigacion-desarrollo-tecnologico-e-innovacion\\\/#newsarticle\",\"name\":\"Publicado el decreto de creaci\\u00f3n de la Comisi\\u00f3n Interdepartamental de Investigaci\\u00f3n, Desarrollo Tecnol\\u00f3gico e Innovaci\\u00f3n | El Digital de Asturias\",\"headline\":\"Publicado el decreto de creaci\\u00f3n de la Comisi\\u00f3n Interdepartamental de Investigaci\\u00f3n, Desarrollo Tecnol\\u00f3gico e Innovaci\\u00f3n\",\"author\":{\"@id\":\"https:\\\/\\\/eldigitaldeasturias.com\\\/radio\\\/author\\\/nbasturias\\\/#author\"},\"publisher\":{\"@id\":\"https:\\\/\\\/eldigitaldeasturias.com\\\/radio\\\/#organization\"},\"image\":{\"@type\":\"ImageObject\",\"url\":\"https:\\\/\\\/eldigitaldeasturias.com\\\/radio\\\/wp-content\\\/uploads\\\/2020\\\/09\\\/Borja-Sanchez.jpg\",\"width\":815,\"height\":536,\"caption\":\"Borja S\\u00e1nchez - GOBIERNO DE ASTURIAS\"},\"datePublished\":\"2020-09-11T11:26:36+02:00\",\"dateModified\":\"2020-09-11T11:26:36+02:00\",\"inLanguage\":\"es-ES\",\"mainEntityOfPage\":{\"@id\":\"https:\\\/\\\/eldigitaldeasturias.com\\\/radio\\\/publicado-el-decreto-de-creacion-de-la-comision-interdepartamental-de-investigacion-desarrollo-tecnologico-e-innovacion\\\/#webpage\"},\"isPartOf\":{\"@id\":\"https:\\\/\\\/eldigitaldeasturias.com\\\/radio\\\/publicado-el-decreto-de-creacion-de-la-comision-interdepartamental-de-investigacion-desarrollo-tecnologico-e-innovacion\\\/#webpage\"},\"articleSection\":\"Noticias\",\"dateline\":\"Publicado el septiembre 11, 2020.\"},{\"@type\":\"Organization\",\"@id\":\"https:\\\/\\\/eldigitaldeasturias.com\\\/radio\\\/#organization\",\"name\":\"El digital de Asturias Radio\",\"description\":\"Diario de informaci\\u00f3n y noticias\",\"url\":\"https:\\\/\\\/eldigitaldeasturias.com\\\/radio\\\/\",\"telephone\":\"+34652131393\",\"logo\":{\"@type\":\"ImageObject\",\"url\":\"https:\\\/\\\/www.eldigitaldeasturias.com\\\/radio\\\/wp-content\\\/uploads\\\/2021\\\/03\\\/EDA.jpg\",\"@id\":\"https:\\\/\\\/eldigitaldeasturias.com\\\/radio\\\/publicado-el-decreto-de-creacion-de-la-comision-interdepartamental-de-investigacion-desarrollo-tecnologico-e-innovacion\\\/#organizationLogo\"},\"image\":{\"@id\":\"https:\\\/\\\/eldigitaldeasturias.com\\\/radio\\\/publicado-el-decreto-de-creacion-de-la-comision-interdepartamental-de-investigacion-desarrollo-tecnologico-e-innovacion\\\/#organizationLogo\"},\"sameAs\":[\"https:\\\/\\\/www.facebook.com\\\/\",\"https:\\\/\\\/x.com\\\/bercodi\",\"https:\\\/\\\/www.instagram.com\\\/\",\"https:\\\/\\\/www.youtube.com\\\/channel\\\/UCZP-2wLEB9Rv6erhFmqVnvg\"]},{\"@type\":\"Person\",\"@id\":\"https:\\\/\\\/eldigitaldeasturias.com\\\/radio\\\/author\\\/nbasturias\\\/#author\",\"url\":\"https:\\\/\\\/eldigitaldeasturias.com\\\/radio\\\/author\\\/nbasturias\\\/\",\"name\":\"NBAsturias\",\"image\":{\"@type\":\"ImageObject\",\"@id\":\"https:\\\/\\\/eldigitaldeasturias.com\\\/radio\\\/publicado-el-decreto-de-creacion-de-la-comision-interdepartamental-de-investigacion-desarrollo-tecnologico-e-innovacion\\\/#authorImage\",\"url\":\"https:\\\/\\\/secure.gravatar.com\\\/avatar\\\/df2aeffc32bcd13f8d26072ef8a91b623d677766deac7f97ca815868cd41bf5e?s=96&d=mm&r=g\",\"width\":96,\"height\":96,\"caption\":\"NBAsturias\"}},{\"@type\":\"WebPage\",\"@id\":\"https:\\\/\\\/eldigitaldeasturias.com\\\/radio\\\/publicado-el-decreto-de-creacion-de-la-comision-interdepartamental-de-investigacion-desarrollo-tecnologico-e-innovacion\\\/#webpage\",\"url\":\"https:\\\/\\\/eldigitaldeasturias.com\\\/radio\\\/publicado-el-decreto-de-creacion-de-la-comision-interdepartamental-de-investigacion-desarrollo-tecnologico-e-innovacion\\\/\",\"name\":\"Publicado el decreto de creaci\\u00f3n de la Comisi\\u00f3n Interdepartamental de Investigaci\\u00f3n, Desarrollo Tecnol\\u00f3gico e Innovaci\\u00f3n | El Digital de Asturias\",\"description\":\"(EUROPA PRESS) - El Bolet\\u00edn Oficial del Principado de Asturias (BOPA) ha publicado este mi\\u00e9rcoles el decreto por el que se crea y regula la Comisi\\u00f3n Interdepartamental de Investigaci\\u00f3n, Desarrollo Tecnol\\u00f3gico e Innovaci\\u00f3n, que se constituir\\u00e1 en el plazo m\\u00e1ximo de un mes, a partir de la fecha de entrada en vigor de dicho decreto. Este\",\"inLanguage\":\"es-ES\",\"isPartOf\":{\"@id\":\"https:\\\/\\\/eldigitaldeasturias.com\\\/radio\\\/#website\"},\"breadcrumb\":{\"@id\":\"https:\\\/\\\/eldigitaldeasturias.com\\\/radio\\\/publicado-el-decreto-de-creacion-de-la-comision-interdepartamental-de-investigacion-desarrollo-tecnologico-e-innovacion\\\/#breadcrumblist\"},\"author\":{\"@id\":\"https:\\\/\\\/eldigitaldeasturias.com\\\/radio\\\/author\\\/nbasturias\\\/#author\"},\"creator\":{\"@id\":\"https:\\\/\\\/eldigitaldeasturias.com\\\/radio\\\/author\\\/nbasturias\\\/#author\"},\"image\":{\"@type\":\"ImageObject\",\"url\":\"https:\\\/\\\/eldigitaldeasturias.com\\\/radio\\\/wp-content\\\/uploads\\\/2020\\\/09\\\/Borja-Sanchez.jpg\",\"@id\":\"https:\\\/\\\/eldigitaldeasturias.com\\\/radio\\\/publicado-el-decreto-de-creacion-de-la-comision-interdepartamental-de-investigacion-desarrollo-tecnologico-e-innovacion\\\/#mainImage\",\"width\":815,\"height\":536,\"caption\":\"Borja S\\u00e1nchez - GOBIERNO DE ASTURIAS\"},\"primaryImageOfPage\":{\"@id\":\"https:\\\/\\\/eldigitaldeasturias.com\\\/radio\\\/publicado-el-decreto-de-creacion-de-la-comision-interdepartamental-de-investigacion-desarrollo-tecnologico-e-innovacion\\\/#mainImage\"},\"datePublished\":\"2020-09-11T11:26:36+02:00\",\"dateModified\":\"2020-09-11T11:26:36+02:00\"},{\"@type\":\"WebSite\",\"@id\":\"https:\\\/\\\/eldigitaldeasturias.com\\\/radio\\\/#website\",\"url\":\"https:\\\/\\\/eldigitaldeasturias.com\\\/radio\\\/\",\"name\":\"El Digital de Asturias\",\"description\":\"Diario de informaci\\u00f3n y noticias\",\"inLanguage\":\"es-ES\",\"publisher\":{\"@id\":\"https:\\\/\\\/eldigitaldeasturias.com\\\/radio\\\/#organization\"}}]}\n\t\t<\/script>\n\t\t<!-- All in One SEO Pro -->\r\n\t\t<title>Publicado el decreto de creaci\u00f3n de la Comisi\u00f3n Interdepartamental de Investigaci\u00f3n, Desarrollo Tecnol\u00f3gico e Innovaci\u00f3n | El Digital de Asturias<\/title>\n\n","aioseo_head_json":{"title":"Publicado el decreto de creaci\u00f3n de la Comisi\u00f3n Interdepartamental de Investigaci\u00f3n, Desarrollo Tecnol\u00f3gico e Innovaci\u00f3n | El Digital de Asturias","description":"(EUROPA PRESS) - El Bolet\u00edn Oficial del Principado de Asturias (BOPA) ha publicado este mi\u00e9rcoles el decreto por el que se crea y regula la Comisi\u00f3n Interdepartamental de Investigaci\u00f3n, Desarrollo Tecnol\u00f3gico e Innovaci\u00f3n, que se constituir\u00e1 en el plazo m\u00e1ximo de un mes, a partir de la fecha de entrada en vigor de dicho decreto. Este","canonical_url":"https:\/\/eldigitaldeasturias.com\/radio\/publicado-el-decreto-de-creacion-de-la-comision-interdepartamental-de-investigacion-desarrollo-tecnologico-e-innovacion\/","robots":"max-image-preview:large","keywords":"noticias","webmasterTools":{"google-site-verification":"UA-38556648-1","miscellaneous":""},"schema":{"@context":"https:\/\/schema.org","@graph":[{"@type":"BreadcrumbList","@id":"https:\/\/eldigitaldeasturias.com\/radio\/publicado-el-decreto-de-creacion-de-la-comision-interdepartamental-de-investigacion-desarrollo-tecnologico-e-innovacion\/#breadcrumblist","itemListElement":[{"@type":"ListItem","@id":"https:\/\/eldigitaldeasturias.com\/radio#listItem","position":1,"name":"Inicio","item":"https:\/\/eldigitaldeasturias.com\/radio","nextItem":{"@type":"ListItem","@id":"https:\/\/eldigitaldeasturias.com\/radio\/category\/noticias\/#listItem","name":"Noticias"}},{"@type":"ListItem","@id":"https:\/\/eldigitaldeasturias.com\/radio\/category\/noticias\/#listItem","position":2,"name":"Noticias","item":"https:\/\/eldigitaldeasturias.com\/radio\/category\/noticias\/","nextItem":{"@type":"ListItem","@id":"https:\/\/eldigitaldeasturias.com\/radio\/publicado-el-decreto-de-creacion-de-la-comision-interdepartamental-de-investigacion-desarrollo-tecnologico-e-innovacion\/#listItem","name":"Publicado el decreto de creaci\u00f3n de la Comisi\u00f3n Interdepartamental de Investigaci\u00f3n, Desarrollo Tecnol\u00f3gico e Innovaci\u00f3n"},"previousItem":{"@type":"ListItem","@id":"https:\/\/eldigitaldeasturias.com\/radio#listItem","name":"Inicio"}},{"@type":"ListItem","@id":"https:\/\/eldigitaldeasturias.com\/radio\/publicado-el-decreto-de-creacion-de-la-comision-interdepartamental-de-investigacion-desarrollo-tecnologico-e-innovacion\/#listItem","position":3,"name":"Publicado el decreto de creaci\u00f3n de la Comisi\u00f3n Interdepartamental de Investigaci\u00f3n, Desarrollo Tecnol\u00f3gico e Innovaci\u00f3n","previousItem":{"@type":"ListItem","@id":"https:\/\/eldigitaldeasturias.com\/radio\/category\/noticias\/#listItem","name":"Noticias"}}]},{"@type":"NewsArticle","@id":"https:\/\/eldigitaldeasturias.com\/radio\/publicado-el-decreto-de-creacion-de-la-comision-interdepartamental-de-investigacion-desarrollo-tecnologico-e-innovacion\/#newsarticle","name":"Publicado el decreto de creaci\u00f3n de la Comisi\u00f3n Interdepartamental de Investigaci\u00f3n, Desarrollo Tecnol\u00f3gico e Innovaci\u00f3n | El Digital de Asturias","headline":"Publicado el decreto de creaci\u00f3n de la Comisi\u00f3n Interdepartamental de Investigaci\u00f3n, Desarrollo Tecnol\u00f3gico e Innovaci\u00f3n","author":{"@id":"https:\/\/eldigitaldeasturias.com\/radio\/author\/nbasturias\/#author"},"publisher":{"@id":"https:\/\/eldigitaldeasturias.com\/radio\/#organization"},"image":{"@type":"ImageObject","url":"https:\/\/eldigitaldeasturias.com\/radio\/wp-content\/uploads\/2020\/09\/Borja-Sanchez.jpg","width":815,"height":536,"caption":"Borja S\u00e1nchez - GOBIERNO DE ASTURIAS"},"datePublished":"2020-09-11T11:26:36+02:00","dateModified":"2020-09-11T11:26:36+02:00","inLanguage":"es-ES","mainEntityOfPage":{"@id":"https:\/\/eldigitaldeasturias.com\/radio\/publicado-el-decreto-de-creacion-de-la-comision-interdepartamental-de-investigacion-desarrollo-tecnologico-e-innovacion\/#webpage"},"isPartOf":{"@id":"https:\/\/eldigitaldeasturias.com\/radio\/publicado-el-decreto-de-creacion-de-la-comision-interdepartamental-de-investigacion-desarrollo-tecnologico-e-innovacion\/#webpage"},"articleSection":"Noticias","dateline":"Publicado el septiembre 11, 2020."},{"@type":"Organization","@id":"https:\/\/eldigitaldeasturias.com\/radio\/#organization","name":"El digital de Asturias Radio","description":"Diario de informaci\u00f3n y noticias","url":"https:\/\/eldigitaldeasturias.com\/radio\/","telephone":"+34652131393","logo":{"@type":"ImageObject","url":"https:\/\/www.eldigitaldeasturias.com\/radio\/wp-content\/uploads\/2021\/03\/EDA.jpg","@id":"https:\/\/eldigitaldeasturias.com\/radio\/publicado-el-decreto-de-creacion-de-la-comision-interdepartamental-de-investigacion-desarrollo-tecnologico-e-innovacion\/#organizationLogo"},"image":{"@id":"https:\/\/eldigitaldeasturias.com\/radio\/publicado-el-decreto-de-creacion-de-la-comision-interdepartamental-de-investigacion-desarrollo-tecnologico-e-innovacion\/#organizationLogo"},"sameAs":["https:\/\/www.facebook.com\/","https:\/\/x.com\/bercodi","https:\/\/www.instagram.com\/","https:\/\/www.youtube.com\/channel\/UCZP-2wLEB9Rv6erhFmqVnvg"]},{"@type":"Person","@id":"https:\/\/eldigitaldeasturias.com\/radio\/author\/nbasturias\/#author","url":"https:\/\/eldigitaldeasturias.com\/radio\/author\/nbasturias\/","name":"NBAsturias","image":{"@type":"ImageObject","@id":"https:\/\/eldigitaldeasturias.com\/radio\/publicado-el-decreto-de-creacion-de-la-comision-interdepartamental-de-investigacion-desarrollo-tecnologico-e-innovacion\/#authorImage","url":"https:\/\/secure.gravatar.com\/avatar\/df2aeffc32bcd13f8d26072ef8a91b623d677766deac7f97ca815868cd41bf5e?s=96&d=mm&r=g","width":96,"height":96,"caption":"NBAsturias"}},{"@type":"WebPage","@id":"https:\/\/eldigitaldeasturias.com\/radio\/publicado-el-decreto-de-creacion-de-la-comision-interdepartamental-de-investigacion-desarrollo-tecnologico-e-innovacion\/#webpage","url":"https:\/\/eldigitaldeasturias.com\/radio\/publicado-el-decreto-de-creacion-de-la-comision-interdepartamental-de-investigacion-desarrollo-tecnologico-e-innovacion\/","name":"Publicado el decreto de creaci\u00f3n de la Comisi\u00f3n Interdepartamental de Investigaci\u00f3n, Desarrollo Tecnol\u00f3gico e Innovaci\u00f3n | El Digital de Asturias","description":"(EUROPA PRESS) - El Bolet\u00edn Oficial del Principado de Asturias (BOPA) ha publicado este mi\u00e9rcoles el decreto por el que se crea y regula la Comisi\u00f3n Interdepartamental de Investigaci\u00f3n, Desarrollo Tecnol\u00f3gico e Innovaci\u00f3n, que se constituir\u00e1 en el plazo m\u00e1ximo de un mes, a partir de la fecha de entrada en vigor de dicho decreto. Este","inLanguage":"es-ES","isPartOf":{"@id":"https:\/\/eldigitaldeasturias.com\/radio\/#website"},"breadcrumb":{"@id":"https:\/\/eldigitaldeasturias.com\/radio\/publicado-el-decreto-de-creacion-de-la-comision-interdepartamental-de-investigacion-desarrollo-tecnologico-e-innovacion\/#breadcrumblist"},"author":{"@id":"https:\/\/eldigitaldeasturias.com\/radio\/author\/nbasturias\/#author"},"creator":{"@id":"https:\/\/eldigitaldeasturias.com\/radio\/author\/nbasturias\/#author"},"image":{"@type":"ImageObject","url":"https:\/\/eldigitaldeasturias.com\/radio\/wp-content\/uploads\/2020\/09\/Borja-Sanchez.jpg","@id":"https:\/\/eldigitaldeasturias.com\/radio\/publicado-el-decreto-de-creacion-de-la-comision-interdepartamental-de-investigacion-desarrollo-tecnologico-e-innovacion\/#mainImage","width":815,"height":536,"caption":"Borja S\u00e1nchez - GOBIERNO DE ASTURIAS"},"primaryImageOfPage":{"@id":"https:\/\/eldigitaldeasturias.com\/radio\/publicado-el-decreto-de-creacion-de-la-comision-interdepartamental-de-investigacion-desarrollo-tecnologico-e-innovacion\/#mainImage"},"datePublished":"2020-09-11T11:26:36+02:00","dateModified":"2020-09-11T11:26:36+02:00"},{"@type":"WebSite","@id":"https:\/\/eldigitaldeasturias.com\/radio\/#website","url":"https:\/\/eldigitaldeasturias.com\/radio\/","name":"El Digital de Asturias","description":"Diario de informaci\u00f3n y noticias","inLanguage":"es-ES","publisher":{"@id":"https:\/\/eldigitaldeasturias.com\/radio\/#organization"}}]},"og:locale":"es_ES","og:site_name":"El Digital de Asturias | Diario de informaci\u00f3n y noticias","og:type":"article","og:title":"Publicado el decreto de creaci\u00f3n de la Comisi\u00f3n Interdepartamental de Investigaci\u00f3n, Desarrollo Tecnol\u00f3gico e Innovaci\u00f3n | El Digital de Asturias","og:description":"(EUROPA PRESS) - El Bolet\u00edn Oficial del Principado de Asturias (BOPA) ha publicado este mi\u00e9rcoles el decreto por el que se crea y regula la Comisi\u00f3n Interdepartamental de Investigaci\u00f3n, Desarrollo Tecnol\u00f3gico e Innovaci\u00f3n, que se constituir\u00e1 en el plazo m\u00e1ximo de un mes, a partir de la fecha de entrada en vigor de dicho decreto. Este","og:url":"https:\/\/eldigitaldeasturias.com\/radio\/publicado-el-decreto-de-creacion-de-la-comision-interdepartamental-de-investigacion-desarrollo-tecnologico-e-innovacion\/","og:image":"https:\/\/eldigitaldeasturias.com\/radio\/wp-content\/uploads\/2020\/09\/Borja-Sanchez.jpg","og:image:secure_url":"https:\/\/eldigitaldeasturias.com\/radio\/wp-content\/uploads\/2020\/09\/Borja-Sanchez.jpg","og:image:width":815,"og:image:height":536,"article:published_time":"2020-09-11T11:26:36+00:00","article:modified_time":"2020-09-11T11:26:36+00:00","twitter:card":"summary_large_image","twitter:site":"@bercodi","twitter:title":"Publicado el decreto de creaci\u00f3n de la Comisi\u00f3n Interdepartamental de Investigaci\u00f3n, Desarrollo Tecnol\u00f3gico e Innovaci\u00f3n | El Digital de Asturias","twitter:description":"(EUROPA PRESS) - El Bolet\u00edn Oficial del Principado de Asturias (BOPA) ha publicado este mi\u00e9rcoles el decreto por el que se crea y regula la Comisi\u00f3n Interdepartamental de Investigaci\u00f3n, Desarrollo Tecnol\u00f3gico e Innovaci\u00f3n, que se constituir\u00e1 en el plazo m\u00e1ximo de un mes, a partir de la fecha de entrada en vigor de dicho decreto. Este","twitter:creator":"@bercodi","twitter:image":"https:\/\/eldigitaldeasturias.com\/radio\/wp-content\/uploads\/2020\/09\/Borja-Sanchez.jpg"},"aioseo_meta_data":{"post_id":"5134","title":null,"description":"","keywords":"","keyphrases":null,"primary_term":null,"canonical_url":"","og_title":null,"og_description":null,"og_object_type":"default","og_image_type":"default","og_image_url":null,"og_image_width":null,"og_image_height":null,"og_image_custom_url":null,"og_image_custom_fields":null,"og_video":null,"og_custom_url":null,"og_article_section":null,"og_article_tags":null,"twitter_use_og":false,"twitter_card":"default","twitter_image_type":"default","twitter_image_url":null,"twitter_image_custom_url":null,"twitter_image_custom_fields":null,"twitter_title":null,"twitter_description":null,"schema":{"blockGraphs":[],"customGraphs":[],"default":{"data":{"Article":[],"Course":[],"Dataset":[],"FAQPage":[],"Movie":[],"Person":[],"Product":[],"ProductReview":[],"Car":[],"Recipe":[],"Service":[],"SoftwareApplication":[],"WebPage":[]},"graphName":"","isEnabled":true},"graphs":[],"defaultGraph":"","defaultPostTypeGraph":""},"schema_type":null,"schema_type_options":null,"pillar_content":false,"robots_default":true,"robots_noindex":false,"robots_noarchive":false,"robots_nosnippet":false,"robots_nofollow":false,"robots_noimageindex":false,"robots_noodp":false,"robots_notranslate":false,"robots_max_snippet":null,"robots_max_videopreview":null,"robots_max_imagepreview":"large","priority":null,"frequency":null,"location":null,"local_seo":null,"seo_analyzer_scan_date":"2025-08-28 17:24:28","breadcrumb_settings":null,"limit_modified_date":false,"open_ai":null,"ai":null,"created":"2021-03-25 11:32:05","updated":"2025-08-28 17:24:28"},"aioseo_breadcrumb":"<div class=\"aioseo-breadcrumbs\"><span class=\"aioseo-breadcrumb\">\n\t<a href=\"https:\/\/eldigitaldeasturias.com\/radio\" title=\"Inicio\">Inicio<\/a>\n<\/span><span class=\"aioseo-breadcrumb-separator\">&ndash;<\/span><span class=\"aioseo-breadcrumb\">\n\t<a href=\"https:\/\/eldigitaldeasturias.com\/radio\/category\/noticias\/\" title=\"Noticias\">Noticias<\/a>\n<\/span><span class=\"aioseo-breadcrumb-separator\">&ndash;<\/span><span class=\"aioseo-breadcrumb\">\n\tPublicado el decreto de creaci\u00f3n de la Comisi\u00f3n Interdepartamental de Investigaci\u00f3n, Desarrollo Tecnol\u00f3gico e Innovaci\u00f3n\n<\/span><\/div>","aioseo_breadcrumb_json":[{"label":"Inicio","link":"https:\/\/eldigitaldeasturias.com\/radio"},{"label":"Noticias","link":"https:\/\/eldigitaldeasturias.com\/radio\/category\/noticias\/"},{"label":"Publicado el decreto de creaci\u00f3n de la Comisi\u00f3n Interdepartamental de Investigaci\u00f3n, Desarrollo Tecnol\u00f3gico e Innovaci\u00f3n","link":"https:\/\/eldigitaldeasturias.com\/radio\/publicado-el-decreto-de-creacion-de-la-comision-interdepartamental-de-investigacion-desarrollo-tecnologico-e-innovacion\/"}],"_links":{"self":[{"href":"https:\/\/eldigitaldeasturias.com\/radio\/wp-json\/wp\/v2\/posts\/5134","targetHints":{"allow":["GET"]}}],"collection":[{"href":"https:\/\/eldigitaldeasturias.com\/radio\/wp-json\/wp\/v2\/posts"}],"about":[{"href":"https:\/\/eldigitaldeasturias.com\/radio\/wp-json\/wp\/v2\/types\/post"}],"author":[{"embeddable":true,"href":"https:\/\/eldigitaldeasturias.com\/radio\/wp-json\/wp\/v2\/users\/1"}],"replies":[{"embeddable":true,"href":"https:\/\/eldigitaldeasturias.com\/radio\/wp-json\/wp\/v2\/comments?post=5134"}],"version-history":[{"count":0,"href":"https:\/\/eldigitaldeasturias.com\/radio\/wp-json\/wp\/v2\/posts\/5134\/revisions"}],"wp:featuredmedia":[{"embeddable":true,"href":"https:\/\/eldigitaldeasturias.com\/radio\/wp-json\/wp\/v2\/media\/5135"}],"wp:attachment":[{"href":"https:\/\/eldigitaldeasturias.com\/radio\/wp-json\/wp\/v2\/media?parent=5134"}],"wp:term":[{"taxonomy":"category","embeddable":true,"href":"https:\/\/eldigitaldeasturias.com\/radio\/wp-json\/wp\/v2\/categories?post=5134"},{"taxonomy":"post_tag","embeddable":true,"href":"https:\/\/eldigitaldeasturias.com\/radio\/wp-json\/wp\/v2\/tags?post=5134"}],"curies":[{"name":"wp","href":"https:\/\/api.w.org\/{rel}","templated":true}]}}