{"id":5132,"date":"2020-09-11T11:20:59","date_gmt":"2020-09-11T11:20:59","guid":{"rendered":"http:\/\/www.eldigitaldeasturias.com\/radio\/?p=5132"},"modified":"2020-09-11T11:20:59","modified_gmt":"2020-09-11T11:20:59","slug":"fade-reclama-revisar-la-estructura-publica-de-la-administracion","status":"publish","type":"post","link":"https:\/\/eldigitaldeasturias.com\/radio\/fade-reclama-revisar-la-estructura-publica-de-la-administracion\/","title":{"rendered":"FADE reclama revisar la estructura p\u00fablica de la Administraci\u00f3n"},"content":{"rendered":"<p><img fetchpriority=\"high\" decoding=\"async\" class=\"alignleft size-medium wp-image-5043\" src=\"http:\/\/www.eldigitaldeasturias.com\/radio\/wp-content\/uploads\/2020\/09\/startup-593341_1280-360x240.jpg\" alt=\"\" width=\"360\" height=\"240\" srcset=\"https:\/\/eldigitaldeasturias.com\/radio\/wp-content\/uploads\/2020\/09\/startup-593341_1280-360x240.jpg 360w, https:\/\/eldigitaldeasturias.com\/radio\/wp-content\/uploads\/2020\/09\/startup-593341_1280-1024x682.jpg 1024w, https:\/\/eldigitaldeasturias.com\/radio\/wp-content\/uploads\/2020\/09\/startup-593341_1280-768x512.jpg 768w, https:\/\/eldigitaldeasturias.com\/radio\/wp-content\/uploads\/2020\/09\/startup-593341_1280.jpg 1280w\" sizes=\"(max-width: 360px) 100vw, 360px\" \/>(EUROPA PRESS) &#8211; El director general de la Federaci\u00f3n Asturiana de Empresarios (FADE) Alberto Gonz\u00e1lez ha reclamado este mi\u00e9rcoles que se revise la estructura p\u00fablica de gesti\u00f3n de cara a su modernizaci\u00f3n, digitalizaci\u00f3n y mejorar su eficacia.<\/p>\n<p>As\u00ed lo ha indicado durante la Comisi\u00f3n de Estudio de la gesti\u00f3n de la crisis sanitaria COVID-19, donde ha destacado la necesidad de que Asturias cuente con unos presupuestos auton\u00f3micos para 2021 adaptados a la actual situaci\u00f3n y a paliar las consecuencias de la crisis sanitaria.<\/p>\n<p>En ese sentido, ha situado como prioridad la revisi\u00f3n de la estructura p\u00fablica de gesti\u00f3n para ver en qu\u00e9 medida se ha sabido adaptar a la situaci\u00f3n. Posteriormente, ha indicado, se deber\u00e1 dise\u00f1ar y planificar \u00abuna administraci\u00f3n moderna\u00bb y llevar a cabo su digitalizaci\u00f3n de cara a una gesti\u00f3n m\u00e1s eficaz.<\/p>\n<p>Del mismo modo, ha resaltado la necesidad de la colaboraci\u00f3n p\u00fablico-privada de cara al proceso de Transici\u00f3n Energ\u00e9tica y ha realizado un llamamiento al Gobierno asturiano y a la Junta General para alcanzar los mayores consensos posibles que permitan \u00abafrontar el futuro con confianza\u00bb.<\/p>\n<p>\u00abLos ciudadanos y las empresas lo merecen despu\u00e9s del esfuerzo realizado\u00bb, ha resaltado Alberto Gonz\u00e1lez.<\/p>\n","protected":false},"excerpt":{"rendered":"<p>(EUROPA PRESS) &#8211; El director general de la Federaci\u00f3n Asturiana de Empresarios (FADE) Alberto Gonz\u00e1lez ha reclamado este mi\u00e9rcoles que se revise la estructura p\u00fablica de gesti\u00f3n de cara a su modernizaci\u00f3n, digitalizaci\u00f3n y mejorar su eficacia. As\u00ed lo ha indicado durante la Comisi\u00f3n de Estudio de la gesti\u00f3n de la crisis sanitaria COVID-19, donde<\/p>\n","protected":false},"author":1,"featured_media":5043,"comment_status":"closed","ping_status":"closed","sticky":false,"template":"","format":"standard","meta":{"footnotes":""},"categories":[1],"tags":[],"class_list":{"0":"post-5132","1":"post","2":"type-post","3":"status-publish","4":"format-standard","5":"has-post-thumbnail","7":"category-noticias"},"aioseo_notices":[],"aioseo_head":"\n\t\t<!-- All in One SEO Pro 4.9.6.2 - aioseo.com -->\n\t<meta name=\"description\" content=\"(EUROPA PRESS) - El director general de la Federaci\u00f3n Asturiana de Empresarios (FADE) Alberto Gonz\u00e1lez ha reclamado este mi\u00e9rcoles que se revise la estructura p\u00fablica de gesti\u00f3n de cara a su modernizaci\u00f3n, digitalizaci\u00f3n y mejorar su eficacia. As\u00ed lo ha indicado durante la Comisi\u00f3n de Estudio de la gesti\u00f3n de la crisis sanitaria COVID-19, donde\" \/>\n\t<meta name=\"robots\" content=\"max-image-preview:large\" \/>\n\t<meta name=\"author\" content=\"NBAsturias\"\/>\n\t<meta name=\"google-site-verification\" content=\"UA-38556648-1\" \/>\n\t<meta name=\"keywords\" content=\"noticias\" \/>\n\t<link rel=\"canonical\" href=\"https:\/\/eldigitaldeasturias.com\/radio\/fade-reclama-revisar-la-estructura-publica-de-la-administracion\/\" \/>\n\t<meta name=\"generator\" content=\"All in One SEO Pro (AIOSEO) 4.9.6.2\" \/>\n\t\t<meta property=\"og:locale\" content=\"es_ES\" \/>\n\t\t<meta property=\"og:site_name\" content=\"El Digital de Asturias | Diario de informaci\u00f3n y noticias\" \/>\n\t\t<meta property=\"og:type\" content=\"article\" \/>\n\t\t<meta property=\"og:title\" content=\"FADE reclama revisar la estructura p\u00fablica de la Administraci\u00f3n | El Digital de Asturias\" \/>\n\t\t<meta property=\"og:description\" content=\"(EUROPA PRESS) - El director general de la Federaci\u00f3n Asturiana de Empresarios (FADE) Alberto Gonz\u00e1lez ha reclamado este mi\u00e9rcoles que se revise la estructura p\u00fablica de gesti\u00f3n de cara a su modernizaci\u00f3n, digitalizaci\u00f3n y mejorar su eficacia. As\u00ed lo ha indicado durante la Comisi\u00f3n de Estudio de la gesti\u00f3n de la crisis sanitaria COVID-19, donde\" \/>\n\t\t<meta property=\"og:url\" content=\"https:\/\/eldigitaldeasturias.com\/radio\/fade-reclama-revisar-la-estructura-publica-de-la-administracion\/\" \/>\n\t\t<meta property=\"og:image\" content=\"https:\/\/eldigitaldeasturias.com\/radio\/wp-content\/uploads\/2020\/09\/startup-593341_1280.jpg\" \/>\n\t\t<meta property=\"og:image:secure_url\" content=\"https:\/\/eldigitaldeasturias.com\/radio\/wp-content\/uploads\/2020\/09\/startup-593341_1280.jpg\" \/>\n\t\t<meta property=\"og:image:width\" content=\"1280\" \/>\n\t\t<meta property=\"og:image:height\" content=\"853\" \/>\n\t\t<meta property=\"article:published_time\" content=\"2020-09-11T11:20:59+00:00\" \/>\n\t\t<meta property=\"article:modified_time\" content=\"2020-09-11T11:20:59+00:00\" \/>\n\t\t<meta name=\"twitter:card\" content=\"summary_large_image\" \/>\n\t\t<meta name=\"twitter:site\" content=\"@bercodi\" \/>\n\t\t<meta name=\"twitter:title\" content=\"FADE reclama revisar la estructura p\u00fablica de la Administraci\u00f3n | El Digital de Asturias\" \/>\n\t\t<meta name=\"twitter:description\" content=\"(EUROPA PRESS) - El director general de la Federaci\u00f3n Asturiana de Empresarios (FADE) Alberto Gonz\u00e1lez ha reclamado este mi\u00e9rcoles que se revise la estructura p\u00fablica de gesti\u00f3n de cara a su modernizaci\u00f3n, digitalizaci\u00f3n y mejorar su eficacia. As\u00ed lo ha indicado durante la Comisi\u00f3n de Estudio de la gesti\u00f3n de la crisis sanitaria COVID-19, donde\" \/>\n\t\t<meta name=\"twitter:creator\" content=\"@bercodi\" \/>\n\t\t<meta name=\"twitter:image\" content=\"https:\/\/eldigitaldeasturias.com\/radio\/wp-content\/uploads\/2020\/09\/startup-593341_1280.jpg\" \/>\n\t\t<script type=\"application\/ld+json\" class=\"aioseo-schema\">\n\t\t\t{\"@context\":\"https:\\\/\\\/schema.org\",\"@graph\":[{\"@type\":\"BreadcrumbList\",\"@id\":\"https:\\\/\\\/eldigitaldeasturias.com\\\/radio\\\/fade-reclama-revisar-la-estructura-publica-de-la-administracion\\\/#breadcrumblist\",\"itemListElement\":[{\"@type\":\"ListItem\",\"@id\":\"https:\\\/\\\/eldigitaldeasturias.com\\\/radio#listItem\",\"position\":1,\"name\":\"Inicio\",\"item\":\"https:\\\/\\\/eldigitaldeasturias.com\\\/radio\",\"nextItem\":{\"@type\":\"ListItem\",\"@id\":\"https:\\\/\\\/eldigitaldeasturias.com\\\/radio\\\/category\\\/noticias\\\/#listItem\",\"name\":\"Noticias\"}},{\"@type\":\"ListItem\",\"@id\":\"https:\\\/\\\/eldigitaldeasturias.com\\\/radio\\\/category\\\/noticias\\\/#listItem\",\"position\":2,\"name\":\"Noticias\",\"item\":\"https:\\\/\\\/eldigitaldeasturias.com\\\/radio\\\/category\\\/noticias\\\/\",\"nextItem\":{\"@type\":\"ListItem\",\"@id\":\"https:\\\/\\\/eldigitaldeasturias.com\\\/radio\\\/fade-reclama-revisar-la-estructura-publica-de-la-administracion\\\/#listItem\",\"name\":\"FADE reclama revisar la estructura p\\u00fablica de la Administraci\\u00f3n\"},\"previousItem\":{\"@type\":\"ListItem\",\"@id\":\"https:\\\/\\\/eldigitaldeasturias.com\\\/radio#listItem\",\"name\":\"Inicio\"}},{\"@type\":\"ListItem\",\"@id\":\"https:\\\/\\\/eldigitaldeasturias.com\\\/radio\\\/fade-reclama-revisar-la-estructura-publica-de-la-administracion\\\/#listItem\",\"position\":3,\"name\":\"FADE reclama revisar la estructura p\\u00fablica de la Administraci\\u00f3n\",\"previousItem\":{\"@type\":\"ListItem\",\"@id\":\"https:\\\/\\\/eldigitaldeasturias.com\\\/radio\\\/category\\\/noticias\\\/#listItem\",\"name\":\"Noticias\"}}]},{\"@type\":\"NewsArticle\",\"@id\":\"https:\\\/\\\/eldigitaldeasturias.com\\\/radio\\\/fade-reclama-revisar-la-estructura-publica-de-la-administracion\\\/#newsarticle\",\"name\":\"FADE reclama revisar la estructura p\\u00fablica de la Administraci\\u00f3n | El Digital de Asturias\",\"headline\":\"FADE reclama revisar la estructura p\\u00fablica de la Administraci\\u00f3n\",\"author\":{\"@id\":\"https:\\\/\\\/eldigitaldeasturias.com\\\/radio\\\/author\\\/nbasturias\\\/#author\"},\"publisher\":{\"@id\":\"https:\\\/\\\/eldigitaldeasturias.com\\\/radio\\\/#organization\"},\"image\":{\"@type\":\"ImageObject\",\"url\":\"https:\\\/\\\/eldigitaldeasturias.com\\\/radio\\\/wp-content\\\/uploads\\\/2020\\\/09\\\/startup-593341_1280.jpg\",\"width\":1280,\"height\":853},\"datePublished\":\"2020-09-11T11:20:59+02:00\",\"dateModified\":\"2020-09-11T11:20:59+02:00\",\"inLanguage\":\"es-ES\",\"mainEntityOfPage\":{\"@id\":\"https:\\\/\\\/eldigitaldeasturias.com\\\/radio\\\/fade-reclama-revisar-la-estructura-publica-de-la-administracion\\\/#webpage\"},\"isPartOf\":{\"@id\":\"https:\\\/\\\/eldigitaldeasturias.com\\\/radio\\\/fade-reclama-revisar-la-estructura-publica-de-la-administracion\\\/#webpage\"},\"articleSection\":\"Noticias\",\"dateline\":\"Publicado el septiembre 11, 2020.\"},{\"@type\":\"Organization\",\"@id\":\"https:\\\/\\\/eldigitaldeasturias.com\\\/radio\\\/#organization\",\"name\":\"El digital de Asturias Radio\",\"description\":\"Diario de informaci\\u00f3n y noticias\",\"url\":\"https:\\\/\\\/eldigitaldeasturias.com\\\/radio\\\/\",\"telephone\":\"+34652131393\",\"logo\":{\"@type\":\"ImageObject\",\"url\":\"https:\\\/\\\/www.eldigitaldeasturias.com\\\/radio\\\/wp-content\\\/uploads\\\/2021\\\/03\\\/EDA.jpg\",\"@id\":\"https:\\\/\\\/eldigitaldeasturias.com\\\/radio\\\/fade-reclama-revisar-la-estructura-publica-de-la-administracion\\\/#organizationLogo\"},\"image\":{\"@id\":\"https:\\\/\\\/eldigitaldeasturias.com\\\/radio\\\/fade-reclama-revisar-la-estructura-publica-de-la-administracion\\\/#organizationLogo\"},\"sameAs\":[\"https:\\\/\\\/www.facebook.com\\\/\",\"https:\\\/\\\/x.com\\\/bercodi\",\"https:\\\/\\\/www.instagram.com\\\/\",\"https:\\\/\\\/www.youtube.com\\\/channel\\\/UCZP-2wLEB9Rv6erhFmqVnvg\"]},{\"@type\":\"Person\",\"@id\":\"https:\\\/\\\/eldigitaldeasturias.com\\\/radio\\\/author\\\/nbasturias\\\/#author\",\"url\":\"https:\\\/\\\/eldigitaldeasturias.com\\\/radio\\\/author\\\/nbasturias\\\/\",\"name\":\"NBAsturias\",\"image\":{\"@type\":\"ImageObject\",\"@id\":\"https:\\\/\\\/eldigitaldeasturias.com\\\/radio\\\/fade-reclama-revisar-la-estructura-publica-de-la-administracion\\\/#authorImage\",\"url\":\"https:\\\/\\\/secure.gravatar.com\\\/avatar\\\/df2aeffc32bcd13f8d26072ef8a91b623d677766deac7f97ca815868cd41bf5e?s=96&d=mm&r=g\",\"width\":96,\"height\":96,\"caption\":\"NBAsturias\"}},{\"@type\":\"WebPage\",\"@id\":\"https:\\\/\\\/eldigitaldeasturias.com\\\/radio\\\/fade-reclama-revisar-la-estructura-publica-de-la-administracion\\\/#webpage\",\"url\":\"https:\\\/\\\/eldigitaldeasturias.com\\\/radio\\\/fade-reclama-revisar-la-estructura-publica-de-la-administracion\\\/\",\"name\":\"FADE reclama revisar la estructura p\\u00fablica de la Administraci\\u00f3n | El Digital de Asturias\",\"description\":\"(EUROPA PRESS) - El director general de la Federaci\\u00f3n Asturiana de Empresarios (FADE) Alberto Gonz\\u00e1lez ha reclamado este mi\\u00e9rcoles que se revise la estructura p\\u00fablica de gesti\\u00f3n de cara a su modernizaci\\u00f3n, digitalizaci\\u00f3n y mejorar su eficacia. As\\u00ed lo ha indicado durante la Comisi\\u00f3n de Estudio de la gesti\\u00f3n de la crisis sanitaria COVID-19, donde\",\"inLanguage\":\"es-ES\",\"isPartOf\":{\"@id\":\"https:\\\/\\\/eldigitaldeasturias.com\\\/radio\\\/#website\"},\"breadcrumb\":{\"@id\":\"https:\\\/\\\/eldigitaldeasturias.com\\\/radio\\\/fade-reclama-revisar-la-estructura-publica-de-la-administracion\\\/#breadcrumblist\"},\"author\":{\"@id\":\"https:\\\/\\\/eldigitaldeasturias.com\\\/radio\\\/author\\\/nbasturias\\\/#author\"},\"creator\":{\"@id\":\"https:\\\/\\\/eldigitaldeasturias.com\\\/radio\\\/author\\\/nbasturias\\\/#author\"},\"image\":{\"@type\":\"ImageObject\",\"url\":\"https:\\\/\\\/eldigitaldeasturias.com\\\/radio\\\/wp-content\\\/uploads\\\/2020\\\/09\\\/startup-593341_1280.jpg\",\"@id\":\"https:\\\/\\\/eldigitaldeasturias.com\\\/radio\\\/fade-reclama-revisar-la-estructura-publica-de-la-administracion\\\/#mainImage\",\"width\":1280,\"height\":853},\"primaryImageOfPage\":{\"@id\":\"https:\\\/\\\/eldigitaldeasturias.com\\\/radio\\\/fade-reclama-revisar-la-estructura-publica-de-la-administracion\\\/#mainImage\"},\"datePublished\":\"2020-09-11T11:20:59+02:00\",\"dateModified\":\"2020-09-11T11:20:59+02:00\"},{\"@type\":\"WebSite\",\"@id\":\"https:\\\/\\\/eldigitaldeasturias.com\\\/radio\\\/#website\",\"url\":\"https:\\\/\\\/eldigitaldeasturias.com\\\/radio\\\/\",\"name\":\"El Digital de Asturias\",\"description\":\"Diario de informaci\\u00f3n y noticias\",\"inLanguage\":\"es-ES\",\"publisher\":{\"@id\":\"https:\\\/\\\/eldigitaldeasturias.com\\\/radio\\\/#organization\"}}]}\n\t\t<\/script>\n\t\t<!-- All in One SEO Pro -->\r\n\t\t<title>FADE reclama revisar la estructura p\u00fablica de la Administraci\u00f3n | El Digital de Asturias<\/title>\n\n","aioseo_head_json":{"title":"FADE reclama revisar la estructura p\u00fablica de la Administraci\u00f3n | El Digital de Asturias","description":"(EUROPA PRESS) - El director general de la Federaci\u00f3n Asturiana de Empresarios (FADE) Alberto Gonz\u00e1lez ha reclamado este mi\u00e9rcoles que se revise la estructura p\u00fablica de gesti\u00f3n de cara a su modernizaci\u00f3n, digitalizaci\u00f3n y mejorar su eficacia. As\u00ed lo ha indicado durante la Comisi\u00f3n de Estudio de la gesti\u00f3n de la crisis sanitaria COVID-19, donde","canonical_url":"https:\/\/eldigitaldeasturias.com\/radio\/fade-reclama-revisar-la-estructura-publica-de-la-administracion\/","robots":"max-image-preview:large","keywords":"noticias","webmasterTools":{"google-site-verification":"UA-38556648-1","miscellaneous":""},"schema":{"@context":"https:\/\/schema.org","@graph":[{"@type":"BreadcrumbList","@id":"https:\/\/eldigitaldeasturias.com\/radio\/fade-reclama-revisar-la-estructura-publica-de-la-administracion\/#breadcrumblist","itemListElement":[{"@type":"ListItem","@id":"https:\/\/eldigitaldeasturias.com\/radio#listItem","position":1,"name":"Inicio","item":"https:\/\/eldigitaldeasturias.com\/radio","nextItem":{"@type":"ListItem","@id":"https:\/\/eldigitaldeasturias.com\/radio\/category\/noticias\/#listItem","name":"Noticias"}},{"@type":"ListItem","@id":"https:\/\/eldigitaldeasturias.com\/radio\/category\/noticias\/#listItem","position":2,"name":"Noticias","item":"https:\/\/eldigitaldeasturias.com\/radio\/category\/noticias\/","nextItem":{"@type":"ListItem","@id":"https:\/\/eldigitaldeasturias.com\/radio\/fade-reclama-revisar-la-estructura-publica-de-la-administracion\/#listItem","name":"FADE reclama revisar la estructura p\u00fablica de la Administraci\u00f3n"},"previousItem":{"@type":"ListItem","@id":"https:\/\/eldigitaldeasturias.com\/radio#listItem","name":"Inicio"}},{"@type":"ListItem","@id":"https:\/\/eldigitaldeasturias.com\/radio\/fade-reclama-revisar-la-estructura-publica-de-la-administracion\/#listItem","position":3,"name":"FADE reclama revisar la estructura p\u00fablica de la Administraci\u00f3n","previousItem":{"@type":"ListItem","@id":"https:\/\/eldigitaldeasturias.com\/radio\/category\/noticias\/#listItem","name":"Noticias"}}]},{"@type":"NewsArticle","@id":"https:\/\/eldigitaldeasturias.com\/radio\/fade-reclama-revisar-la-estructura-publica-de-la-administracion\/#newsarticle","name":"FADE reclama revisar la estructura p\u00fablica de la Administraci\u00f3n | El Digital de Asturias","headline":"FADE reclama revisar la estructura p\u00fablica de la Administraci\u00f3n","author":{"@id":"https:\/\/eldigitaldeasturias.com\/radio\/author\/nbasturias\/#author"},"publisher":{"@id":"https:\/\/eldigitaldeasturias.com\/radio\/#organization"},"image":{"@type":"ImageObject","url":"https:\/\/eldigitaldeasturias.com\/radio\/wp-content\/uploads\/2020\/09\/startup-593341_1280.jpg","width":1280,"height":853},"datePublished":"2020-09-11T11:20:59+02:00","dateModified":"2020-09-11T11:20:59+02:00","inLanguage":"es-ES","mainEntityOfPage":{"@id":"https:\/\/eldigitaldeasturias.com\/radio\/fade-reclama-revisar-la-estructura-publica-de-la-administracion\/#webpage"},"isPartOf":{"@id":"https:\/\/eldigitaldeasturias.com\/radio\/fade-reclama-revisar-la-estructura-publica-de-la-administracion\/#webpage"},"articleSection":"Noticias","dateline":"Publicado el septiembre 11, 2020."},{"@type":"Organization","@id":"https:\/\/eldigitaldeasturias.com\/radio\/#organization","name":"El digital de Asturias Radio","description":"Diario de informaci\u00f3n y noticias","url":"https:\/\/eldigitaldeasturias.com\/radio\/","telephone":"+34652131393","logo":{"@type":"ImageObject","url":"https:\/\/www.eldigitaldeasturias.com\/radio\/wp-content\/uploads\/2021\/03\/EDA.jpg","@id":"https:\/\/eldigitaldeasturias.com\/radio\/fade-reclama-revisar-la-estructura-publica-de-la-administracion\/#organizationLogo"},"image":{"@id":"https:\/\/eldigitaldeasturias.com\/radio\/fade-reclama-revisar-la-estructura-publica-de-la-administracion\/#organizationLogo"},"sameAs":["https:\/\/www.facebook.com\/","https:\/\/x.com\/bercodi","https:\/\/www.instagram.com\/","https:\/\/www.youtube.com\/channel\/UCZP-2wLEB9Rv6erhFmqVnvg"]},{"@type":"Person","@id":"https:\/\/eldigitaldeasturias.com\/radio\/author\/nbasturias\/#author","url":"https:\/\/eldigitaldeasturias.com\/radio\/author\/nbasturias\/","name":"NBAsturias","image":{"@type":"ImageObject","@id":"https:\/\/eldigitaldeasturias.com\/radio\/fade-reclama-revisar-la-estructura-publica-de-la-administracion\/#authorImage","url":"https:\/\/secure.gravatar.com\/avatar\/df2aeffc32bcd13f8d26072ef8a91b623d677766deac7f97ca815868cd41bf5e?s=96&d=mm&r=g","width":96,"height":96,"caption":"NBAsturias"}},{"@type":"WebPage","@id":"https:\/\/eldigitaldeasturias.com\/radio\/fade-reclama-revisar-la-estructura-publica-de-la-administracion\/#webpage","url":"https:\/\/eldigitaldeasturias.com\/radio\/fade-reclama-revisar-la-estructura-publica-de-la-administracion\/","name":"FADE reclama revisar la estructura p\u00fablica de la Administraci\u00f3n | El Digital de Asturias","description":"(EUROPA PRESS) - El director general de la Federaci\u00f3n Asturiana de Empresarios (FADE) Alberto Gonz\u00e1lez ha reclamado este mi\u00e9rcoles que se revise la estructura p\u00fablica de gesti\u00f3n de cara a su modernizaci\u00f3n, digitalizaci\u00f3n y mejorar su eficacia. As\u00ed lo ha indicado durante la Comisi\u00f3n de Estudio de la gesti\u00f3n de la crisis sanitaria COVID-19, donde","inLanguage":"es-ES","isPartOf":{"@id":"https:\/\/eldigitaldeasturias.com\/radio\/#website"},"breadcrumb":{"@id":"https:\/\/eldigitaldeasturias.com\/radio\/fade-reclama-revisar-la-estructura-publica-de-la-administracion\/#breadcrumblist"},"author":{"@id":"https:\/\/eldigitaldeasturias.com\/radio\/author\/nbasturias\/#author"},"creator":{"@id":"https:\/\/eldigitaldeasturias.com\/radio\/author\/nbasturias\/#author"},"image":{"@type":"ImageObject","url":"https:\/\/eldigitaldeasturias.com\/radio\/wp-content\/uploads\/2020\/09\/startup-593341_1280.jpg","@id":"https:\/\/eldigitaldeasturias.com\/radio\/fade-reclama-revisar-la-estructura-publica-de-la-administracion\/#mainImage","width":1280,"height":853},"primaryImageOfPage":{"@id":"https:\/\/eldigitaldeasturias.com\/radio\/fade-reclama-revisar-la-estructura-publica-de-la-administracion\/#mainImage"},"datePublished":"2020-09-11T11:20:59+02:00","dateModified":"2020-09-11T11:20:59+02:00"},{"@type":"WebSite","@id":"https:\/\/eldigitaldeasturias.com\/radio\/#website","url":"https:\/\/eldigitaldeasturias.com\/radio\/","name":"El Digital de Asturias","description":"Diario de informaci\u00f3n y noticias","inLanguage":"es-ES","publisher":{"@id":"https:\/\/eldigitaldeasturias.com\/radio\/#organization"}}]},"og:locale":"es_ES","og:site_name":"El Digital de Asturias | Diario de informaci\u00f3n y noticias","og:type":"article","og:title":"FADE reclama revisar la estructura p\u00fablica de la Administraci\u00f3n | El Digital de Asturias","og:description":"(EUROPA PRESS) - El director general de la Federaci\u00f3n Asturiana de Empresarios (FADE) Alberto Gonz\u00e1lez ha reclamado este mi\u00e9rcoles que se revise la estructura p\u00fablica de gesti\u00f3n de cara a su modernizaci\u00f3n, digitalizaci\u00f3n y mejorar su eficacia. As\u00ed lo ha indicado durante la Comisi\u00f3n de Estudio de la gesti\u00f3n de la crisis sanitaria COVID-19, donde","og:url":"https:\/\/eldigitaldeasturias.com\/radio\/fade-reclama-revisar-la-estructura-publica-de-la-administracion\/","og:image":"https:\/\/eldigitaldeasturias.com\/radio\/wp-content\/uploads\/2020\/09\/startup-593341_1280.jpg","og:image:secure_url":"https:\/\/eldigitaldeasturias.com\/radio\/wp-content\/uploads\/2020\/09\/startup-593341_1280.jpg","og:image:width":1280,"og:image:height":853,"article:published_time":"2020-09-11T11:20:59+00:00","article:modified_time":"2020-09-11T11:20:59+00:00","twitter:card":"summary_large_image","twitter:site":"@bercodi","twitter:title":"FADE reclama revisar la estructura p\u00fablica de la Administraci\u00f3n | El Digital de Asturias","twitter:description":"(EUROPA PRESS) - El director general de la Federaci\u00f3n Asturiana de Empresarios (FADE) Alberto Gonz\u00e1lez ha reclamado este mi\u00e9rcoles que se revise la estructura p\u00fablica de gesti\u00f3n de cara a su modernizaci\u00f3n, digitalizaci\u00f3n y mejorar su eficacia. As\u00ed lo ha indicado durante la Comisi\u00f3n de Estudio de la gesti\u00f3n de la crisis sanitaria COVID-19, donde","twitter:creator":"@bercodi","twitter:image":"https:\/\/eldigitaldeasturias.com\/radio\/wp-content\/uploads\/2020\/09\/startup-593341_1280.jpg"},"aioseo_meta_data":{"post_id":"5132","title":null,"description":"","keywords":"","keyphrases":null,"primary_term":null,"canonical_url":"","og_title":null,"og_description":null,"og_object_type":"default","og_image_type":"default","og_image_url":null,"og_image_width":null,"og_image_height":null,"og_image_custom_url":null,"og_image_custom_fields":null,"og_video":null,"og_custom_url":null,"og_article_section":null,"og_article_tags":null,"twitter_use_og":false,"twitter_card":"default","twitter_image_type":"default","twitter_image_url":null,"twitter_image_custom_url":null,"twitter_image_custom_fields":null,"twitter_title":null,"twitter_description":null,"schema":{"blockGraphs":[],"customGraphs":[],"default":{"data":{"Article":[],"Course":[],"Dataset":[],"FAQPage":[],"Movie":[],"Person":[],"Product":[],"ProductReview":[],"Car":[],"Recipe":[],"Service":[],"SoftwareApplication":[],"WebPage":[]},"graphName":"","isEnabled":true},"graphs":[],"defaultGraph":"","defaultPostTypeGraph":""},"schema_type":null,"schema_type_options":null,"pillar_content":false,"robots_default":true,"robots_noindex":false,"robots_noarchive":false,"robots_nosnippet":false,"robots_nofollow":false,"robots_noimageindex":false,"robots_noodp":false,"robots_notranslate":false,"robots_max_snippet":null,"robots_max_videopreview":null,"robots_max_imagepreview":"large","priority":null,"frequency":null,"location":null,"local_seo":null,"seo_analyzer_scan_date":"2025-08-28 17:24:27","breadcrumb_settings":null,"limit_modified_date":false,"open_ai":null,"ai":null,"created":"2021-03-25 11:22:35","updated":"2025-08-28 17:24:27"},"aioseo_breadcrumb":"<div class=\"aioseo-breadcrumbs\"><span class=\"aioseo-breadcrumb\">\n\t<a href=\"https:\/\/eldigitaldeasturias.com\/radio\" title=\"Inicio\">Inicio<\/a>\n<\/span><span class=\"aioseo-breadcrumb-separator\">&ndash;<\/span><span class=\"aioseo-breadcrumb\">\n\t<a href=\"https:\/\/eldigitaldeasturias.com\/radio\/category\/noticias\/\" title=\"Noticias\">Noticias<\/a>\n<\/span><span class=\"aioseo-breadcrumb-separator\">&ndash;<\/span><span class=\"aioseo-breadcrumb\">\n\tFADE reclama revisar la estructura p\u00fablica de la Administraci\u00f3n\n<\/span><\/div>","aioseo_breadcrumb_json":[{"label":"Inicio","link":"https:\/\/eldigitaldeasturias.com\/radio"},{"label":"Noticias","link":"https:\/\/eldigitaldeasturias.com\/radio\/category\/noticias\/"},{"label":"FADE reclama revisar la estructura p\u00fablica de la Administraci\u00f3n","link":"https:\/\/eldigitaldeasturias.com\/radio\/fade-reclama-revisar-la-estructura-publica-de-la-administracion\/"}],"_links":{"self":[{"href":"https:\/\/eldigitaldeasturias.com\/radio\/wp-json\/wp\/v2\/posts\/5132","targetHints":{"allow":["GET"]}}],"collection":[{"href":"https:\/\/eldigitaldeasturias.com\/radio\/wp-json\/wp\/v2\/posts"}],"about":[{"href":"https:\/\/eldigitaldeasturias.com\/radio\/wp-json\/wp\/v2\/types\/post"}],"author":[{"embeddable":true,"href":"https:\/\/eldigitaldeasturias.com\/radio\/wp-json\/wp\/v2\/users\/1"}],"replies":[{"embeddable":true,"href":"https:\/\/eldigitaldeasturias.com\/radio\/wp-json\/wp\/v2\/comments?post=5132"}],"version-history":[{"count":0,"href":"https:\/\/eldigitaldeasturias.com\/radio\/wp-json\/wp\/v2\/posts\/5132\/revisions"}],"wp:featuredmedia":[{"embeddable":true,"href":"https:\/\/eldigitaldeasturias.com\/radio\/wp-json\/wp\/v2\/media\/5043"}],"wp:attachment":[{"href":"https:\/\/eldigitaldeasturias.com\/radio\/wp-json\/wp\/v2\/media?parent=5132"}],"wp:term":[{"taxonomy":"category","embeddable":true,"href":"https:\/\/eldigitaldeasturias.com\/radio\/wp-json\/wp\/v2\/categories?post=5132"},{"taxonomy":"post_tag","embeddable":true,"href":"https:\/\/eldigitaldeasturias.com\/radio\/wp-json\/wp\/v2\/tags?post=5132"}],"curies":[{"name":"wp","href":"https:\/\/api.w.org\/{rel}","templated":true}]}}