{"id":5129,"date":"2020-09-11T11:19:10","date_gmt":"2020-09-11T11:19:10","guid":{"rendered":"http:\/\/www.eldigitaldeasturias.com\/radio\/?p=5129"},"modified":"2020-09-11T11:19:10","modified_gmt":"2020-09-11T11:19:10","slug":"luis-carlos-fanjul-nuevo-presidente-de-la-comision-de-estudio-de-la-gestion-de-la-crisis-sanitaria","status":"publish","type":"post","link":"https:\/\/eldigitaldeasturias.com\/radio\/luis-carlos-fanjul-nuevo-presidente-de-la-comision-de-estudio-de-la-gestion-de-la-crisis-sanitaria\/","title":{"rendered":"Luis Carlos Fanjul nuevo presidente de la Comisi\u00f3n de Estudio de la gesti\u00f3n de la crisis sanitaria"},"content":{"rendered":"<figure id=\"attachment_5130\" aria-describedby=\"caption-attachment-5130\" style=\"width: 360px\" class=\"wp-caption alignleft\"><img fetchpriority=\"high\" decoding=\"async\" class=\"wp-image-5130 size-medium\" src=\"http:\/\/www.eldigitaldeasturias.com\/radio\/wp-content\/uploads\/2020\/09\/Fanjul-360x211.jpg\" alt=\"\" width=\"360\" height=\"211\" srcset=\"https:\/\/eldigitaldeasturias.com\/radio\/wp-content\/uploads\/2020\/09\/Fanjul-360x211.jpg 360w, https:\/\/eldigitaldeasturias.com\/radio\/wp-content\/uploads\/2020\/09\/Fanjul-768x451.jpg 768w, https:\/\/eldigitaldeasturias.com\/radio\/wp-content\/uploads\/2020\/09\/Fanjul.jpg 903w\" sizes=\"(max-width: 360px) 100vw, 360px\" \/><figcaption id=\"caption-attachment-5130\" class=\"wp-caption-text\">El diputado de Ciudadanos, Luis Fanjul interviene en el Pleno de la Junta. &#8211; CAPTURA WEB JGPA.<\/figcaption><\/figure>\n<p>(EUROPA PRESS) &#8211;\u00a0El diputado de Ciudadanos Luis Carlos Fanjul Vi\u00f1a ha sido escogido este mi\u00e9rcoles presidente de la Comisi\u00f3n de Estudio de la gesti\u00f3n de la crisis sanitaria COVID-19. El diputado sustituye as\u00ed a Laura P\u00e9rez Macho despu\u00e9s de que la semana pasada Ciudadanos la apartara de la portavoc\u00eda del grupo parlamentario.<\/p>\n<p><strong>Macho ha presentado su dimisi\u00f3n nada m\u00e1s comenzar la comisi\u00f3n, seg\u00fan ha afirmado por una cuesti\u00f3n \u00abde responsabilidad y coherencia\u00bb<\/strong>. Posteriormente, la comisi\u00f3n ha escogido por siete votos a favor y dos abstenciones a Luis Carlos Fanjul Vi\u00f1a como nuevo presidente.<\/p>\n<p>La formaci\u00f3n naranja fue la \u00fanica que present\u00f3 candidato a la presidencia de esta comisi\u00f3n, que tiene como funci\u00f3n analizar la gesti\u00f3n de la crisis del coronavirus y su impacto en la regi\u00f3n.<\/p>\n","protected":false},"excerpt":{"rendered":"<p>(EUROPA PRESS) &#8211;\u00a0El diputado de Ciudadanos Luis Carlos Fanjul Vi\u00f1a ha sido escogido este mi\u00e9rcoles presidente de la Comisi\u00f3n de Estudio de la gesti\u00f3n de la crisis sanitaria COVID-19. El diputado sustituye as\u00ed a Laura P\u00e9rez Macho despu\u00e9s de que la semana pasada Ciudadanos la apartara de la portavoc\u00eda del grupo parlamentario. Macho ha presentado<\/p>\n","protected":false},"author":1,"featured_media":5130,"comment_status":"closed","ping_status":"closed","sticky":false,"template":"","format":"standard","meta":{"footnotes":""},"categories":[1],"tags":[],"class_list":{"0":"post-5129","1":"post","2":"type-post","3":"status-publish","4":"format-standard","5":"has-post-thumbnail","7":"category-noticias"},"aioseo_notices":[],"aioseo_head":"\n\t\t<!-- All in One SEO Pro 4.9.6.2 - aioseo.com -->\n\t<meta name=\"description\" content=\"(EUROPA PRESS) - El diputado de Ciudadanos Luis Carlos Fanjul Vi\u00f1a ha sido escogido este mi\u00e9rcoles presidente de la Comisi\u00f3n de Estudio de la gesti\u00f3n de la crisis sanitaria COVID-19. El diputado sustituye as\u00ed a Laura P\u00e9rez Macho despu\u00e9s de que la semana pasada Ciudadanos la apartara de la portavoc\u00eda del grupo parlamentario. Macho ha presentado\" \/>\n\t<meta name=\"robots\" content=\"max-image-preview:large\" \/>\n\t<meta name=\"author\" content=\"NBAsturias\"\/>\n\t<meta name=\"google-site-verification\" content=\"UA-38556648-1\" \/>\n\t<meta name=\"keywords\" content=\"noticias\" \/>\n\t<link rel=\"canonical\" href=\"https:\/\/eldigitaldeasturias.com\/radio\/luis-carlos-fanjul-nuevo-presidente-de-la-comision-de-estudio-de-la-gestion-de-la-crisis-sanitaria\/\" \/>\n\t<meta name=\"generator\" content=\"All in One SEO Pro (AIOSEO) 4.9.6.2\" \/>\n\t\t<meta property=\"og:locale\" content=\"es_ES\" \/>\n\t\t<meta property=\"og:site_name\" content=\"El Digital de Asturias | Diario de informaci\u00f3n y noticias\" \/>\n\t\t<meta property=\"og:type\" content=\"article\" \/>\n\t\t<meta property=\"og:title\" content=\"Luis Carlos Fanjul nuevo presidente de la Comisi\u00f3n de Estudio de la gesti\u00f3n de la crisis sanitaria | El Digital de Asturias\" \/>\n\t\t<meta property=\"og:description\" content=\"(EUROPA PRESS) - El diputado de Ciudadanos Luis Carlos Fanjul Vi\u00f1a ha sido escogido este mi\u00e9rcoles presidente de la Comisi\u00f3n de Estudio de la gesti\u00f3n de la crisis sanitaria COVID-19. El diputado sustituye as\u00ed a Laura P\u00e9rez Macho despu\u00e9s de que la semana pasada Ciudadanos la apartara de la portavoc\u00eda del grupo parlamentario. Macho ha presentado\" \/>\n\t\t<meta property=\"og:url\" content=\"https:\/\/eldigitaldeasturias.com\/radio\/luis-carlos-fanjul-nuevo-presidente-de-la-comision-de-estudio-de-la-gestion-de-la-crisis-sanitaria\/\" \/>\n\t\t<meta property=\"og:image\" content=\"https:\/\/eldigitaldeasturias.com\/radio\/wp-content\/uploads\/2020\/09\/Fanjul.jpg\" \/>\n\t\t<meta property=\"og:image:secure_url\" content=\"https:\/\/eldigitaldeasturias.com\/radio\/wp-content\/uploads\/2020\/09\/Fanjul.jpg\" \/>\n\t\t<meta property=\"og:image:width\" content=\"903\" \/>\n\t\t<meta property=\"og:image:height\" content=\"530\" \/>\n\t\t<meta property=\"article:published_time\" content=\"2020-09-11T11:19:10+00:00\" \/>\n\t\t<meta property=\"article:modified_time\" content=\"2020-09-11T11:19:10+00:00\" \/>\n\t\t<meta name=\"twitter:card\" content=\"summary_large_image\" \/>\n\t\t<meta name=\"twitter:site\" content=\"@bercodi\" \/>\n\t\t<meta name=\"twitter:title\" content=\"Luis Carlos Fanjul nuevo presidente de la Comisi\u00f3n de Estudio de la gesti\u00f3n de la crisis sanitaria | El Digital de Asturias\" \/>\n\t\t<meta name=\"twitter:description\" content=\"(EUROPA PRESS) - El diputado de Ciudadanos Luis Carlos Fanjul Vi\u00f1a ha sido escogido este mi\u00e9rcoles presidente de la Comisi\u00f3n de Estudio de la gesti\u00f3n de la crisis sanitaria COVID-19. El diputado sustituye as\u00ed a Laura P\u00e9rez Macho despu\u00e9s de que la semana pasada Ciudadanos la apartara de la portavoc\u00eda del grupo parlamentario. Macho ha presentado\" \/>\n\t\t<meta name=\"twitter:creator\" content=\"@bercodi\" \/>\n\t\t<meta name=\"twitter:image\" content=\"https:\/\/eldigitaldeasturias.com\/radio\/wp-content\/uploads\/2020\/09\/Fanjul.jpg\" \/>\n\t\t<script type=\"application\/ld+json\" class=\"aioseo-schema\">\n\t\t\t{\"@context\":\"https:\\\/\\\/schema.org\",\"@graph\":[{\"@type\":\"BreadcrumbList\",\"@id\":\"https:\\\/\\\/eldigitaldeasturias.com\\\/radio\\\/luis-carlos-fanjul-nuevo-presidente-de-la-comision-de-estudio-de-la-gestion-de-la-crisis-sanitaria\\\/#breadcrumblist\",\"itemListElement\":[{\"@type\":\"ListItem\",\"@id\":\"https:\\\/\\\/eldigitaldeasturias.com\\\/radio#listItem\",\"position\":1,\"name\":\"Inicio\",\"item\":\"https:\\\/\\\/eldigitaldeasturias.com\\\/radio\",\"nextItem\":{\"@type\":\"ListItem\",\"@id\":\"https:\\\/\\\/eldigitaldeasturias.com\\\/radio\\\/category\\\/noticias\\\/#listItem\",\"name\":\"Noticias\"}},{\"@type\":\"ListItem\",\"@id\":\"https:\\\/\\\/eldigitaldeasturias.com\\\/radio\\\/category\\\/noticias\\\/#listItem\",\"position\":2,\"name\":\"Noticias\",\"item\":\"https:\\\/\\\/eldigitaldeasturias.com\\\/radio\\\/category\\\/noticias\\\/\",\"nextItem\":{\"@type\":\"ListItem\",\"@id\":\"https:\\\/\\\/eldigitaldeasturias.com\\\/radio\\\/luis-carlos-fanjul-nuevo-presidente-de-la-comision-de-estudio-de-la-gestion-de-la-crisis-sanitaria\\\/#listItem\",\"name\":\"Luis Carlos Fanjul nuevo presidente de la Comisi\\u00f3n de Estudio de la gesti\\u00f3n de la crisis sanitaria\"},\"previousItem\":{\"@type\":\"ListItem\",\"@id\":\"https:\\\/\\\/eldigitaldeasturias.com\\\/radio#listItem\",\"name\":\"Inicio\"}},{\"@type\":\"ListItem\",\"@id\":\"https:\\\/\\\/eldigitaldeasturias.com\\\/radio\\\/luis-carlos-fanjul-nuevo-presidente-de-la-comision-de-estudio-de-la-gestion-de-la-crisis-sanitaria\\\/#listItem\",\"position\":3,\"name\":\"Luis Carlos Fanjul nuevo presidente de la Comisi\\u00f3n de Estudio de la gesti\\u00f3n de la crisis sanitaria\",\"previousItem\":{\"@type\":\"ListItem\",\"@id\":\"https:\\\/\\\/eldigitaldeasturias.com\\\/radio\\\/category\\\/noticias\\\/#listItem\",\"name\":\"Noticias\"}}]},{\"@type\":\"NewsArticle\",\"@id\":\"https:\\\/\\\/eldigitaldeasturias.com\\\/radio\\\/luis-carlos-fanjul-nuevo-presidente-de-la-comision-de-estudio-de-la-gestion-de-la-crisis-sanitaria\\\/#newsarticle\",\"name\":\"Luis Carlos Fanjul nuevo presidente de la Comisi\\u00f3n de Estudio de la gesti\\u00f3n de la crisis sanitaria | El Digital de Asturias\",\"headline\":\"Luis Carlos Fanjul nuevo presidente de la Comisi\\u00f3n de Estudio de la gesti\\u00f3n de la crisis sanitaria\",\"author\":{\"@id\":\"https:\\\/\\\/eldigitaldeasturias.com\\\/radio\\\/author\\\/nbasturias\\\/#author\"},\"publisher\":{\"@id\":\"https:\\\/\\\/eldigitaldeasturias.com\\\/radio\\\/#organization\"},\"image\":{\"@type\":\"ImageObject\",\"url\":\"https:\\\/\\\/eldigitaldeasturias.com\\\/radio\\\/wp-content\\\/uploads\\\/2020\\\/09\\\/Fanjul.jpg\",\"width\":903,\"height\":530},\"datePublished\":\"2020-09-11T11:19:10+02:00\",\"dateModified\":\"2020-09-11T11:19:10+02:00\",\"inLanguage\":\"es-ES\",\"mainEntityOfPage\":{\"@id\":\"https:\\\/\\\/eldigitaldeasturias.com\\\/radio\\\/luis-carlos-fanjul-nuevo-presidente-de-la-comision-de-estudio-de-la-gestion-de-la-crisis-sanitaria\\\/#webpage\"},\"isPartOf\":{\"@id\":\"https:\\\/\\\/eldigitaldeasturias.com\\\/radio\\\/luis-carlos-fanjul-nuevo-presidente-de-la-comision-de-estudio-de-la-gestion-de-la-crisis-sanitaria\\\/#webpage\"},\"articleSection\":\"Noticias\",\"dateline\":\"Publicado el septiembre 11, 2020.\"},{\"@type\":\"Organization\",\"@id\":\"https:\\\/\\\/eldigitaldeasturias.com\\\/radio\\\/#organization\",\"name\":\"El digital de Asturias Radio\",\"description\":\"Diario de informaci\\u00f3n y noticias\",\"url\":\"https:\\\/\\\/eldigitaldeasturias.com\\\/radio\\\/\",\"telephone\":\"+34652131393\",\"logo\":{\"@type\":\"ImageObject\",\"url\":\"https:\\\/\\\/www.eldigitaldeasturias.com\\\/radio\\\/wp-content\\\/uploads\\\/2021\\\/03\\\/EDA.jpg\",\"@id\":\"https:\\\/\\\/eldigitaldeasturias.com\\\/radio\\\/luis-carlos-fanjul-nuevo-presidente-de-la-comision-de-estudio-de-la-gestion-de-la-crisis-sanitaria\\\/#organizationLogo\"},\"image\":{\"@id\":\"https:\\\/\\\/eldigitaldeasturias.com\\\/radio\\\/luis-carlos-fanjul-nuevo-presidente-de-la-comision-de-estudio-de-la-gestion-de-la-crisis-sanitaria\\\/#organizationLogo\"},\"sameAs\":[\"https:\\\/\\\/www.facebook.com\\\/\",\"https:\\\/\\\/x.com\\\/bercodi\",\"https:\\\/\\\/www.instagram.com\\\/\",\"https:\\\/\\\/www.youtube.com\\\/channel\\\/UCZP-2wLEB9Rv6erhFmqVnvg\"]},{\"@type\":\"Person\",\"@id\":\"https:\\\/\\\/eldigitaldeasturias.com\\\/radio\\\/author\\\/nbasturias\\\/#author\",\"url\":\"https:\\\/\\\/eldigitaldeasturias.com\\\/radio\\\/author\\\/nbasturias\\\/\",\"name\":\"NBAsturias\",\"image\":{\"@type\":\"ImageObject\",\"@id\":\"https:\\\/\\\/eldigitaldeasturias.com\\\/radio\\\/luis-carlos-fanjul-nuevo-presidente-de-la-comision-de-estudio-de-la-gestion-de-la-crisis-sanitaria\\\/#authorImage\",\"url\":\"https:\\\/\\\/secure.gravatar.com\\\/avatar\\\/df2aeffc32bcd13f8d26072ef8a91b623d677766deac7f97ca815868cd41bf5e?s=96&d=mm&r=g\",\"width\":96,\"height\":96,\"caption\":\"NBAsturias\"}},{\"@type\":\"WebPage\",\"@id\":\"https:\\\/\\\/eldigitaldeasturias.com\\\/radio\\\/luis-carlos-fanjul-nuevo-presidente-de-la-comision-de-estudio-de-la-gestion-de-la-crisis-sanitaria\\\/#webpage\",\"url\":\"https:\\\/\\\/eldigitaldeasturias.com\\\/radio\\\/luis-carlos-fanjul-nuevo-presidente-de-la-comision-de-estudio-de-la-gestion-de-la-crisis-sanitaria\\\/\",\"name\":\"Luis Carlos Fanjul nuevo presidente de la Comisi\\u00f3n de Estudio de la gesti\\u00f3n de la crisis sanitaria | El Digital de Asturias\",\"description\":\"(EUROPA PRESS) - El diputado de Ciudadanos Luis Carlos Fanjul Vi\\u00f1a ha sido escogido este mi\\u00e9rcoles presidente de la Comisi\\u00f3n de Estudio de la gesti\\u00f3n de la crisis sanitaria COVID-19. El diputado sustituye as\\u00ed a Laura P\\u00e9rez Macho despu\\u00e9s de que la semana pasada Ciudadanos la apartara de la portavoc\\u00eda del grupo parlamentario. Macho ha presentado\",\"inLanguage\":\"es-ES\",\"isPartOf\":{\"@id\":\"https:\\\/\\\/eldigitaldeasturias.com\\\/radio\\\/#website\"},\"breadcrumb\":{\"@id\":\"https:\\\/\\\/eldigitaldeasturias.com\\\/radio\\\/luis-carlos-fanjul-nuevo-presidente-de-la-comision-de-estudio-de-la-gestion-de-la-crisis-sanitaria\\\/#breadcrumblist\"},\"author\":{\"@id\":\"https:\\\/\\\/eldigitaldeasturias.com\\\/radio\\\/author\\\/nbasturias\\\/#author\"},\"creator\":{\"@id\":\"https:\\\/\\\/eldigitaldeasturias.com\\\/radio\\\/author\\\/nbasturias\\\/#author\"},\"image\":{\"@type\":\"ImageObject\",\"url\":\"https:\\\/\\\/eldigitaldeasturias.com\\\/radio\\\/wp-content\\\/uploads\\\/2020\\\/09\\\/Fanjul.jpg\",\"@id\":\"https:\\\/\\\/eldigitaldeasturias.com\\\/radio\\\/luis-carlos-fanjul-nuevo-presidente-de-la-comision-de-estudio-de-la-gestion-de-la-crisis-sanitaria\\\/#mainImage\",\"width\":903,\"height\":530},\"primaryImageOfPage\":{\"@id\":\"https:\\\/\\\/eldigitaldeasturias.com\\\/radio\\\/luis-carlos-fanjul-nuevo-presidente-de-la-comision-de-estudio-de-la-gestion-de-la-crisis-sanitaria\\\/#mainImage\"},\"datePublished\":\"2020-09-11T11:19:10+02:00\",\"dateModified\":\"2020-09-11T11:19:10+02:00\"},{\"@type\":\"WebSite\",\"@id\":\"https:\\\/\\\/eldigitaldeasturias.com\\\/radio\\\/#website\",\"url\":\"https:\\\/\\\/eldigitaldeasturias.com\\\/radio\\\/\",\"name\":\"El Digital de Asturias\",\"description\":\"Diario de informaci\\u00f3n y noticias\",\"inLanguage\":\"es-ES\",\"publisher\":{\"@id\":\"https:\\\/\\\/eldigitaldeasturias.com\\\/radio\\\/#organization\"}}]}\n\t\t<\/script>\n\t\t<!-- All in One SEO Pro -->\r\n\t\t<title>Luis Carlos Fanjul nuevo presidente de la Comisi\u00f3n de Estudio de la gesti\u00f3n de la crisis sanitaria | El Digital de Asturias<\/title>\n\n","aioseo_head_json":{"title":"Luis Carlos Fanjul nuevo presidente de la Comisi\u00f3n de Estudio de la gesti\u00f3n de la crisis sanitaria | El Digital de Asturias","description":"(EUROPA PRESS) - El diputado de Ciudadanos Luis Carlos Fanjul Vi\u00f1a ha sido escogido este mi\u00e9rcoles presidente de la Comisi\u00f3n de Estudio de la gesti\u00f3n de la crisis sanitaria COVID-19. El diputado sustituye as\u00ed a Laura P\u00e9rez Macho despu\u00e9s de que la semana pasada Ciudadanos la apartara de la portavoc\u00eda del grupo parlamentario. Macho ha presentado","canonical_url":"https:\/\/eldigitaldeasturias.com\/radio\/luis-carlos-fanjul-nuevo-presidente-de-la-comision-de-estudio-de-la-gestion-de-la-crisis-sanitaria\/","robots":"max-image-preview:large","keywords":"noticias","webmasterTools":{"google-site-verification":"UA-38556648-1","miscellaneous":""},"schema":{"@context":"https:\/\/schema.org","@graph":[{"@type":"BreadcrumbList","@id":"https:\/\/eldigitaldeasturias.com\/radio\/luis-carlos-fanjul-nuevo-presidente-de-la-comision-de-estudio-de-la-gestion-de-la-crisis-sanitaria\/#breadcrumblist","itemListElement":[{"@type":"ListItem","@id":"https:\/\/eldigitaldeasturias.com\/radio#listItem","position":1,"name":"Inicio","item":"https:\/\/eldigitaldeasturias.com\/radio","nextItem":{"@type":"ListItem","@id":"https:\/\/eldigitaldeasturias.com\/radio\/category\/noticias\/#listItem","name":"Noticias"}},{"@type":"ListItem","@id":"https:\/\/eldigitaldeasturias.com\/radio\/category\/noticias\/#listItem","position":2,"name":"Noticias","item":"https:\/\/eldigitaldeasturias.com\/radio\/category\/noticias\/","nextItem":{"@type":"ListItem","@id":"https:\/\/eldigitaldeasturias.com\/radio\/luis-carlos-fanjul-nuevo-presidente-de-la-comision-de-estudio-de-la-gestion-de-la-crisis-sanitaria\/#listItem","name":"Luis Carlos Fanjul nuevo presidente de la Comisi\u00f3n de Estudio de la gesti\u00f3n de la crisis sanitaria"},"previousItem":{"@type":"ListItem","@id":"https:\/\/eldigitaldeasturias.com\/radio#listItem","name":"Inicio"}},{"@type":"ListItem","@id":"https:\/\/eldigitaldeasturias.com\/radio\/luis-carlos-fanjul-nuevo-presidente-de-la-comision-de-estudio-de-la-gestion-de-la-crisis-sanitaria\/#listItem","position":3,"name":"Luis Carlos Fanjul nuevo presidente de la Comisi\u00f3n de Estudio de la gesti\u00f3n de la crisis sanitaria","previousItem":{"@type":"ListItem","@id":"https:\/\/eldigitaldeasturias.com\/radio\/category\/noticias\/#listItem","name":"Noticias"}}]},{"@type":"NewsArticle","@id":"https:\/\/eldigitaldeasturias.com\/radio\/luis-carlos-fanjul-nuevo-presidente-de-la-comision-de-estudio-de-la-gestion-de-la-crisis-sanitaria\/#newsarticle","name":"Luis Carlos Fanjul nuevo presidente de la Comisi\u00f3n de Estudio de la gesti\u00f3n de la crisis sanitaria | El Digital de Asturias","headline":"Luis Carlos Fanjul nuevo presidente de la Comisi\u00f3n de Estudio de la gesti\u00f3n de la crisis sanitaria","author":{"@id":"https:\/\/eldigitaldeasturias.com\/radio\/author\/nbasturias\/#author"},"publisher":{"@id":"https:\/\/eldigitaldeasturias.com\/radio\/#organization"},"image":{"@type":"ImageObject","url":"https:\/\/eldigitaldeasturias.com\/radio\/wp-content\/uploads\/2020\/09\/Fanjul.jpg","width":903,"height":530},"datePublished":"2020-09-11T11:19:10+02:00","dateModified":"2020-09-11T11:19:10+02:00","inLanguage":"es-ES","mainEntityOfPage":{"@id":"https:\/\/eldigitaldeasturias.com\/radio\/luis-carlos-fanjul-nuevo-presidente-de-la-comision-de-estudio-de-la-gestion-de-la-crisis-sanitaria\/#webpage"},"isPartOf":{"@id":"https:\/\/eldigitaldeasturias.com\/radio\/luis-carlos-fanjul-nuevo-presidente-de-la-comision-de-estudio-de-la-gestion-de-la-crisis-sanitaria\/#webpage"},"articleSection":"Noticias","dateline":"Publicado el septiembre 11, 2020."},{"@type":"Organization","@id":"https:\/\/eldigitaldeasturias.com\/radio\/#organization","name":"El digital de Asturias Radio","description":"Diario de informaci\u00f3n y noticias","url":"https:\/\/eldigitaldeasturias.com\/radio\/","telephone":"+34652131393","logo":{"@type":"ImageObject","url":"https:\/\/www.eldigitaldeasturias.com\/radio\/wp-content\/uploads\/2021\/03\/EDA.jpg","@id":"https:\/\/eldigitaldeasturias.com\/radio\/luis-carlos-fanjul-nuevo-presidente-de-la-comision-de-estudio-de-la-gestion-de-la-crisis-sanitaria\/#organizationLogo"},"image":{"@id":"https:\/\/eldigitaldeasturias.com\/radio\/luis-carlos-fanjul-nuevo-presidente-de-la-comision-de-estudio-de-la-gestion-de-la-crisis-sanitaria\/#organizationLogo"},"sameAs":["https:\/\/www.facebook.com\/","https:\/\/x.com\/bercodi","https:\/\/www.instagram.com\/","https:\/\/www.youtube.com\/channel\/UCZP-2wLEB9Rv6erhFmqVnvg"]},{"@type":"Person","@id":"https:\/\/eldigitaldeasturias.com\/radio\/author\/nbasturias\/#author","url":"https:\/\/eldigitaldeasturias.com\/radio\/author\/nbasturias\/","name":"NBAsturias","image":{"@type":"ImageObject","@id":"https:\/\/eldigitaldeasturias.com\/radio\/luis-carlos-fanjul-nuevo-presidente-de-la-comision-de-estudio-de-la-gestion-de-la-crisis-sanitaria\/#authorImage","url":"https:\/\/secure.gravatar.com\/avatar\/df2aeffc32bcd13f8d26072ef8a91b623d677766deac7f97ca815868cd41bf5e?s=96&d=mm&r=g","width":96,"height":96,"caption":"NBAsturias"}},{"@type":"WebPage","@id":"https:\/\/eldigitaldeasturias.com\/radio\/luis-carlos-fanjul-nuevo-presidente-de-la-comision-de-estudio-de-la-gestion-de-la-crisis-sanitaria\/#webpage","url":"https:\/\/eldigitaldeasturias.com\/radio\/luis-carlos-fanjul-nuevo-presidente-de-la-comision-de-estudio-de-la-gestion-de-la-crisis-sanitaria\/","name":"Luis Carlos Fanjul nuevo presidente de la Comisi\u00f3n de Estudio de la gesti\u00f3n de la crisis sanitaria | El Digital de Asturias","description":"(EUROPA PRESS) - El diputado de Ciudadanos Luis Carlos Fanjul Vi\u00f1a ha sido escogido este mi\u00e9rcoles presidente de la Comisi\u00f3n de Estudio de la gesti\u00f3n de la crisis sanitaria COVID-19. El diputado sustituye as\u00ed a Laura P\u00e9rez Macho despu\u00e9s de que la semana pasada Ciudadanos la apartara de la portavoc\u00eda del grupo parlamentario. Macho ha presentado","inLanguage":"es-ES","isPartOf":{"@id":"https:\/\/eldigitaldeasturias.com\/radio\/#website"},"breadcrumb":{"@id":"https:\/\/eldigitaldeasturias.com\/radio\/luis-carlos-fanjul-nuevo-presidente-de-la-comision-de-estudio-de-la-gestion-de-la-crisis-sanitaria\/#breadcrumblist"},"author":{"@id":"https:\/\/eldigitaldeasturias.com\/radio\/author\/nbasturias\/#author"},"creator":{"@id":"https:\/\/eldigitaldeasturias.com\/radio\/author\/nbasturias\/#author"},"image":{"@type":"ImageObject","url":"https:\/\/eldigitaldeasturias.com\/radio\/wp-content\/uploads\/2020\/09\/Fanjul.jpg","@id":"https:\/\/eldigitaldeasturias.com\/radio\/luis-carlos-fanjul-nuevo-presidente-de-la-comision-de-estudio-de-la-gestion-de-la-crisis-sanitaria\/#mainImage","width":903,"height":530},"primaryImageOfPage":{"@id":"https:\/\/eldigitaldeasturias.com\/radio\/luis-carlos-fanjul-nuevo-presidente-de-la-comision-de-estudio-de-la-gestion-de-la-crisis-sanitaria\/#mainImage"},"datePublished":"2020-09-11T11:19:10+02:00","dateModified":"2020-09-11T11:19:10+02:00"},{"@type":"WebSite","@id":"https:\/\/eldigitaldeasturias.com\/radio\/#website","url":"https:\/\/eldigitaldeasturias.com\/radio\/","name":"El Digital de Asturias","description":"Diario de informaci\u00f3n y noticias","inLanguage":"es-ES","publisher":{"@id":"https:\/\/eldigitaldeasturias.com\/radio\/#organization"}}]},"og:locale":"es_ES","og:site_name":"El Digital de Asturias | Diario de informaci\u00f3n y noticias","og:type":"article","og:title":"Luis Carlos Fanjul nuevo presidente de la Comisi\u00f3n de Estudio de la gesti\u00f3n de la crisis sanitaria | El Digital de Asturias","og:description":"(EUROPA PRESS) - El diputado de Ciudadanos Luis Carlos Fanjul Vi\u00f1a ha sido escogido este mi\u00e9rcoles presidente de la Comisi\u00f3n de Estudio de la gesti\u00f3n de la crisis sanitaria COVID-19. El diputado sustituye as\u00ed a Laura P\u00e9rez Macho despu\u00e9s de que la semana pasada Ciudadanos la apartara de la portavoc\u00eda del grupo parlamentario. Macho ha presentado","og:url":"https:\/\/eldigitaldeasturias.com\/radio\/luis-carlos-fanjul-nuevo-presidente-de-la-comision-de-estudio-de-la-gestion-de-la-crisis-sanitaria\/","og:image":"https:\/\/eldigitaldeasturias.com\/radio\/wp-content\/uploads\/2020\/09\/Fanjul.jpg","og:image:secure_url":"https:\/\/eldigitaldeasturias.com\/radio\/wp-content\/uploads\/2020\/09\/Fanjul.jpg","og:image:width":903,"og:image:height":530,"article:published_time":"2020-09-11T11:19:10+00:00","article:modified_time":"2020-09-11T11:19:10+00:00","twitter:card":"summary_large_image","twitter:site":"@bercodi","twitter:title":"Luis Carlos Fanjul nuevo presidente de la Comisi\u00f3n de Estudio de la gesti\u00f3n de la crisis sanitaria | El Digital de Asturias","twitter:description":"(EUROPA PRESS) - El diputado de Ciudadanos Luis Carlos Fanjul Vi\u00f1a ha sido escogido este mi\u00e9rcoles presidente de la Comisi\u00f3n de Estudio de la gesti\u00f3n de la crisis sanitaria COVID-19. El diputado sustituye as\u00ed a Laura P\u00e9rez Macho despu\u00e9s de que la semana pasada Ciudadanos la apartara de la portavoc\u00eda del grupo parlamentario. Macho ha presentado","twitter:creator":"@bercodi","twitter:image":"https:\/\/eldigitaldeasturias.com\/radio\/wp-content\/uploads\/2020\/09\/Fanjul.jpg"},"aioseo_meta_data":{"post_id":"5129","title":null,"description":"","keywords":"","keyphrases":null,"primary_term":null,"canonical_url":"","og_title":null,"og_description":null,"og_object_type":"default","og_image_type":"default","og_image_url":null,"og_image_width":null,"og_image_height":null,"og_image_custom_url":null,"og_image_custom_fields":null,"og_video":null,"og_custom_url":null,"og_article_section":null,"og_article_tags":null,"twitter_use_og":false,"twitter_card":"default","twitter_image_type":"default","twitter_image_url":null,"twitter_image_custom_url":null,"twitter_image_custom_fields":null,"twitter_title":null,"twitter_description":null,"schema":{"blockGraphs":[],"customGraphs":[],"default":{"data":{"Article":[],"Course":[],"Dataset":[],"FAQPage":[],"Movie":[],"Person":[],"Product":[],"ProductReview":[],"Car":[],"Recipe":[],"Service":[],"SoftwareApplication":[],"WebPage":[]},"graphName":"","isEnabled":true},"graphs":[],"defaultGraph":"","defaultPostTypeGraph":""},"schema_type":null,"schema_type_options":null,"pillar_content":false,"robots_default":true,"robots_noindex":false,"robots_noarchive":false,"robots_nosnippet":false,"robots_nofollow":false,"robots_noimageindex":false,"robots_noodp":false,"robots_notranslate":false,"robots_max_snippet":null,"robots_max_videopreview":null,"robots_max_imagepreview":"large","priority":null,"frequency":null,"location":null,"local_seo":null,"seo_analyzer_scan_date":"2025-08-28 17:24:27","breadcrumb_settings":null,"limit_modified_date":false,"open_ai":null,"ai":null,"created":"2021-03-25 14:03:10","updated":"2025-08-28 17:24:27"},"aioseo_breadcrumb":"<div class=\"aioseo-breadcrumbs\"><span class=\"aioseo-breadcrumb\">\n\t<a href=\"https:\/\/eldigitaldeasturias.com\/radio\" title=\"Inicio\">Inicio<\/a>\n<\/span><span class=\"aioseo-breadcrumb-separator\">&ndash;<\/span><span class=\"aioseo-breadcrumb\">\n\t<a href=\"https:\/\/eldigitaldeasturias.com\/radio\/category\/noticias\/\" title=\"Noticias\">Noticias<\/a>\n<\/span><span class=\"aioseo-breadcrumb-separator\">&ndash;<\/span><span class=\"aioseo-breadcrumb\">\n\tLuis Carlos Fanjul nuevo presidente de la Comisi\u00f3n de Estudio de la gesti\u00f3n de la crisis sanitaria\n<\/span><\/div>","aioseo_breadcrumb_json":[{"label":"Inicio","link":"https:\/\/eldigitaldeasturias.com\/radio"},{"label":"Noticias","link":"https:\/\/eldigitaldeasturias.com\/radio\/category\/noticias\/"},{"label":"Luis Carlos Fanjul nuevo presidente de la Comisi\u00f3n de Estudio de la gesti\u00f3n de la crisis sanitaria","link":"https:\/\/eldigitaldeasturias.com\/radio\/luis-carlos-fanjul-nuevo-presidente-de-la-comision-de-estudio-de-la-gestion-de-la-crisis-sanitaria\/"}],"_links":{"self":[{"href":"https:\/\/eldigitaldeasturias.com\/radio\/wp-json\/wp\/v2\/posts\/5129","targetHints":{"allow":["GET"]}}],"collection":[{"href":"https:\/\/eldigitaldeasturias.com\/radio\/wp-json\/wp\/v2\/posts"}],"about":[{"href":"https:\/\/eldigitaldeasturias.com\/radio\/wp-json\/wp\/v2\/types\/post"}],"author":[{"embeddable":true,"href":"https:\/\/eldigitaldeasturias.com\/radio\/wp-json\/wp\/v2\/users\/1"}],"replies":[{"embeddable":true,"href":"https:\/\/eldigitaldeasturias.com\/radio\/wp-json\/wp\/v2\/comments?post=5129"}],"version-history":[{"count":0,"href":"https:\/\/eldigitaldeasturias.com\/radio\/wp-json\/wp\/v2\/posts\/5129\/revisions"}],"wp:featuredmedia":[{"embeddable":true,"href":"https:\/\/eldigitaldeasturias.com\/radio\/wp-json\/wp\/v2\/media\/5130"}],"wp:attachment":[{"href":"https:\/\/eldigitaldeasturias.com\/radio\/wp-json\/wp\/v2\/media?parent=5129"}],"wp:term":[{"taxonomy":"category","embeddable":true,"href":"https:\/\/eldigitaldeasturias.com\/radio\/wp-json\/wp\/v2\/categories?post=5129"},{"taxonomy":"post_tag","embeddable":true,"href":"https:\/\/eldigitaldeasturias.com\/radio\/wp-json\/wp\/v2\/tags?post=5129"}],"curies":[{"name":"wp","href":"https:\/\/api.w.org\/{rel}","templated":true}]}}