{"id":5120,"date":"2020-09-09T14:12:21","date_gmt":"2020-09-09T14:12:21","guid":{"rendered":"http:\/\/www.eldigitaldeasturias.com\/radio\/?p=5120"},"modified":"2020-09-09T14:12:21","modified_gmt":"2020-09-09T14:12:21","slug":"como-aumentar-tu-productividad-en-revit-en-8-horas","status":"publish","type":"post","link":"https:\/\/eldigitaldeasturias.com\/radio\/como-aumentar-tu-productividad-en-revit-en-8-horas\/","title":{"rendered":"C\u00d3MO AUMENTAR TU PRODUCTIVIDAD EN REVIT EN 8 HORAS"},"content":{"rendered":"<p><img fetchpriority=\"high\" decoding=\"async\" class=\"alignleft size-medium wp-image-5121\" src=\"http:\/\/www.eldigitaldeasturias.com\/radio\/wp-content\/uploads\/2020\/09\/Revit-Graetec-IP-360x180.jpg\" alt=\"\" width=\"360\" height=\"180\" srcset=\"https:\/\/eldigitaldeasturias.com\/radio\/wp-content\/uploads\/2020\/09\/Revit-Graetec-IP-360x180.jpg 360w, https:\/\/eldigitaldeasturias.com\/radio\/wp-content\/uploads\/2020\/09\/Revit-Graetec-IP-768x384.jpg 768w, https:\/\/eldigitaldeasturias.com\/radio\/wp-content\/uploads\/2020\/09\/Revit-Graetec-IP.jpg 1024w\" sizes=\"(max-width: 360px) 100vw, 360px\" \/>Los pr\u00f3ximos 28, 29, 30 de septiembre y 1 de octubre, 2aCAD Graitec Group, partnerPlatinum de Autodesk, impartir\u00e1 el primer curso en espa\u00f1ol de Graitec PowerPackfor Revit, complemento para Autodesk Revit con contenido mejorado de localizaci\u00f3n y herramientas que ofrecen m\u00e1s funcionalidad, mejor control y m\u00e1s automatizaci\u00f3n para usuarios de Revit en todas las industrias.<\/p>\n<p>Con m\u00e1s de 50 funciones, <span style=\"color: #ff6600;\"><strong><a style=\"color: #ff6600;\" href=\"https:\/\/www.2acad.es\/wp-content\/uploads\/Paquetes-PowerPack-for-Revit-2021.pdf?utm_source=iberianpress&amp;utm_medium=notaprensa&amp;utm_campaign=CursoPP4R\" target=\"_blank\" rel=\"noopener noreferrer\">AdvancePowerPackfor Revit<\/a><\/strong><\/span> aumenta la productividad de ingenieros y dise\u00f1adores, ayuda a garantizar la fiabilidad de los datos, automatiza documentaci\u00f3n y mejora la coordinaci\u00f3n BIM.<\/p>\n<p>La formaci\u00f3n se impartir\u00e1 de forma online durante 4 d\u00edas consecutivos de 16:00-18:00. Un total de 8 horas que permitir\u00e1 a los usuarios de Revit aumentar su productividad en el uso del software.<\/p>\n<p>GraitecPowerPackfor Revit se ofrece de forma gratuita a todos los clientes de 2ACAD que tengan una suscripci\u00f3n a Autodesk Revit o una Collection de Arquitectura, Ingenier\u00eda y Construcci\u00f3n. Sin embargo, con motivo del curso, los 100 primeros inscritos a la formaci\u00f3n que no dispongan de PowerPackfor Revit, recibir\u00e1n de forma gratuita una licencia anual (valorada en 690\u20ac).<\/p>\n<p><span style=\"color: #ff6600;\"><strong><a style=\"color: #ff6600;\" href=\"https:\/\/www.2acad.es\/curso-de-graitec-powerpack-para-revit\/?utm_source=iberianpress&amp;utm_medium=notaprensa&amp;utm_campaign=CursoPP4R\" target=\"_blank\" rel=\"nofollow noopener noreferrer\">M\u00e1s informaci\u00f3n sobre la formaci\u00f3n de Graitec PowerPackforRevit<\/a><\/strong><\/span><\/p>\n<h3>Sobre <a href=\"http:\/\/www.2acad.es\/?utm_source=iberianpress&amp;utm_medium=notaprensa&amp;utm_campaign=CursoPP4R\">2ACAD Graitec Group<\/a><\/h3>\n<p>Con m\u00e1s de 35 a\u00f1os de experiencia en el sector, en 2019 pasa a formar parte del grupo multinacional Graitec, proveedor l\u00edder mundial de BIM que ayuda a los profesionales de arquitectura, construcci\u00f3n y fabricaci\u00f3n a digitalizar sus procesos para maximizar el retorno de la inversi\u00f3n de las tecnolog\u00edas de software.Autodesk PlatinumPartner en Europa y Gold Partner en EE.UU., Canad\u00e1 y Rusia, opera en 13 pa\u00edses a trav\u00e9s de m\u00e1s de 50 oficinas, 8 de ellas en Espa\u00f1a y 2 en Portugal.<\/p>\n","protected":false},"excerpt":{"rendered":"<p>Los pr\u00f3ximos 28, 29, 30 de septiembre y 1 de octubre, 2aCAD Graitec Group, partnerPlatinum de Autodesk, impartir\u00e1 el primer curso en espa\u00f1ol de Graitec PowerPackfor Revit, complemento para Autodesk Revit con contenido mejorado de localizaci\u00f3n y herramientas que ofrecen m\u00e1s funcionalidad, mejor control y m\u00e1s automatizaci\u00f3n para usuarios de Revit en todas las industrias.<\/p>\n","protected":false},"author":1,"featured_media":5121,"comment_status":"closed","ping_status":"closed","sticky":false,"template":"","format":"standard","meta":{"footnotes":""},"categories":[35],"tags":[],"class_list":{"0":"post-5120","1":"post","2":"type-post","3":"status-publish","4":"format-standard","5":"has-post-thumbnail","7":"category-negocios"},"aioseo_notices":[],"aioseo_head":"\n\t\t<!-- All in One SEO Pro 4.9.6.2 - aioseo.com -->\n\t<meta name=\"description\" content=\"Los pr\u00f3ximos 28, 29, 30 de septiembre y 1 de octubre, 2aCAD Graitec Group, partnerPlatinum de Autodesk, impartir\u00e1 el primer curso en espa\u00f1ol de Graitec PowerPackfor Revit, complemento para Autodesk Revit con contenido mejorado de localizaci\u00f3n y herramientas que ofrecen m\u00e1s funcionalidad, mejor control y m\u00e1s automatizaci\u00f3n para usuarios de Revit en todas las industrias.\" \/>\n\t<meta name=\"robots\" content=\"max-image-preview:large\" \/>\n\t<meta name=\"author\" content=\"NBAsturias\"\/>\n\t<meta name=\"google-site-verification\" content=\"UA-38556648-1\" \/>\n\t<meta name=\"keywords\" content=\"negocios\" \/>\n\t<link rel=\"canonical\" href=\"https:\/\/eldigitaldeasturias.com\/radio\/como-aumentar-tu-productividad-en-revit-en-8-horas\/\" \/>\n\t<meta name=\"generator\" content=\"All in One SEO Pro (AIOSEO) 4.9.6.2\" \/>\n\t\t<meta property=\"og:locale\" content=\"es_ES\" \/>\n\t\t<meta property=\"og:site_name\" content=\"El Digital de Asturias | Diario de informaci\u00f3n y noticias\" \/>\n\t\t<meta property=\"og:type\" content=\"article\" \/>\n\t\t<meta property=\"og:title\" content=\"C\u00d3MO AUMENTAR TU PRODUCTIVIDAD EN REVIT EN 8 HORAS | El Digital de Asturias\" \/>\n\t\t<meta property=\"og:description\" content=\"Los pr\u00f3ximos 28, 29, 30 de septiembre y 1 de octubre, 2aCAD Graitec Group, partnerPlatinum de Autodesk, impartir\u00e1 el primer curso en espa\u00f1ol de Graitec PowerPackfor Revit, complemento para Autodesk Revit con contenido mejorado de localizaci\u00f3n y herramientas que ofrecen m\u00e1s funcionalidad, mejor control y m\u00e1s automatizaci\u00f3n para usuarios de Revit en todas las industrias.\" \/>\n\t\t<meta property=\"og:url\" content=\"https:\/\/eldigitaldeasturias.com\/radio\/como-aumentar-tu-productividad-en-revit-en-8-horas\/\" \/>\n\t\t<meta property=\"og:image\" content=\"https:\/\/eldigitaldeasturias.com\/radio\/wp-content\/uploads\/2020\/09\/Revit-Graetec-IP.jpg\" \/>\n\t\t<meta property=\"og:image:secure_url\" content=\"https:\/\/eldigitaldeasturias.com\/radio\/wp-content\/uploads\/2020\/09\/Revit-Graetec-IP.jpg\" \/>\n\t\t<meta property=\"og:image:width\" content=\"1024\" \/>\n\t\t<meta property=\"og:image:height\" content=\"512\" \/>\n\t\t<meta property=\"article:published_time\" content=\"2020-09-09T14:12:21+00:00\" \/>\n\t\t<meta property=\"article:modified_time\" content=\"2020-09-09T14:12:21+00:00\" \/>\n\t\t<meta name=\"twitter:card\" content=\"summary_large_image\" \/>\n\t\t<meta name=\"twitter:site\" content=\"@bercodi\" \/>\n\t\t<meta name=\"twitter:title\" content=\"C\u00d3MO AUMENTAR TU PRODUCTIVIDAD EN REVIT EN 8 HORAS | El Digital de Asturias\" \/>\n\t\t<meta name=\"twitter:description\" content=\"Los pr\u00f3ximos 28, 29, 30 de septiembre y 1 de octubre, 2aCAD Graitec Group, partnerPlatinum de Autodesk, impartir\u00e1 el primer curso en espa\u00f1ol de Graitec PowerPackfor Revit, complemento para Autodesk Revit con contenido mejorado de localizaci\u00f3n y herramientas que ofrecen m\u00e1s funcionalidad, mejor control y m\u00e1s automatizaci\u00f3n para usuarios de Revit en todas las industrias.\" \/>\n\t\t<meta name=\"twitter:creator\" content=\"@bercodi\" \/>\n\t\t<meta name=\"twitter:image\" content=\"https:\/\/eldigitaldeasturias.com\/radio\/wp-content\/uploads\/2020\/09\/Revit-Graetec-IP.jpg\" \/>\n\t\t<script type=\"application\/ld+json\" class=\"aioseo-schema\">\n\t\t\t{\"@context\":\"https:\\\/\\\/schema.org\",\"@graph\":[{\"@type\":\"BreadcrumbList\",\"@id\":\"https:\\\/\\\/eldigitaldeasturias.com\\\/radio\\\/como-aumentar-tu-productividad-en-revit-en-8-horas\\\/#breadcrumblist\",\"itemListElement\":[{\"@type\":\"ListItem\",\"@id\":\"https:\\\/\\\/eldigitaldeasturias.com\\\/radio#listItem\",\"position\":1,\"name\":\"Inicio\",\"item\":\"https:\\\/\\\/eldigitaldeasturias.com\\\/radio\",\"nextItem\":{\"@type\":\"ListItem\",\"@id\":\"https:\\\/\\\/eldigitaldeasturias.com\\\/radio\\\/category\\\/negocios\\\/#listItem\",\"name\":\"Negocios\"}},{\"@type\":\"ListItem\",\"@id\":\"https:\\\/\\\/eldigitaldeasturias.com\\\/radio\\\/category\\\/negocios\\\/#listItem\",\"position\":2,\"name\":\"Negocios\",\"item\":\"https:\\\/\\\/eldigitaldeasturias.com\\\/radio\\\/category\\\/negocios\\\/\",\"nextItem\":{\"@type\":\"ListItem\",\"@id\":\"https:\\\/\\\/eldigitaldeasturias.com\\\/radio\\\/como-aumentar-tu-productividad-en-revit-en-8-horas\\\/#listItem\",\"name\":\"C\\u00d3MO AUMENTAR TU PRODUCTIVIDAD EN REVIT EN 8 HORAS\"},\"previousItem\":{\"@type\":\"ListItem\",\"@id\":\"https:\\\/\\\/eldigitaldeasturias.com\\\/radio#listItem\",\"name\":\"Inicio\"}},{\"@type\":\"ListItem\",\"@id\":\"https:\\\/\\\/eldigitaldeasturias.com\\\/radio\\\/como-aumentar-tu-productividad-en-revit-en-8-horas\\\/#listItem\",\"position\":3,\"name\":\"C\\u00d3MO AUMENTAR TU PRODUCTIVIDAD EN REVIT EN 8 HORAS\",\"previousItem\":{\"@type\":\"ListItem\",\"@id\":\"https:\\\/\\\/eldigitaldeasturias.com\\\/radio\\\/category\\\/negocios\\\/#listItem\",\"name\":\"Negocios\"}}]},{\"@type\":\"NewsArticle\",\"@id\":\"https:\\\/\\\/eldigitaldeasturias.com\\\/radio\\\/como-aumentar-tu-productividad-en-revit-en-8-horas\\\/#newsarticle\",\"name\":\"C\\u00d3MO AUMENTAR TU PRODUCTIVIDAD EN REVIT EN 8 HORAS | El Digital de Asturias\",\"headline\":\"C\\u00d3MO AUMENTAR TU PRODUCTIVIDAD EN REVIT EN 8 HORAS\",\"author\":{\"@id\":\"https:\\\/\\\/eldigitaldeasturias.com\\\/radio\\\/author\\\/nbasturias\\\/#author\"},\"publisher\":{\"@id\":\"https:\\\/\\\/eldigitaldeasturias.com\\\/radio\\\/#organization\"},\"image\":{\"@type\":\"ImageObject\",\"url\":\"https:\\\/\\\/eldigitaldeasturias.com\\\/radio\\\/wp-content\\\/uploads\\\/2020\\\/09\\\/Revit-Graetec-IP.jpg\",\"width\":1024,\"height\":512},\"datePublished\":\"2020-09-09T14:12:21+02:00\",\"dateModified\":\"2020-09-09T14:12:21+02:00\",\"inLanguage\":\"es-ES\",\"mainEntityOfPage\":{\"@id\":\"https:\\\/\\\/eldigitaldeasturias.com\\\/radio\\\/como-aumentar-tu-productividad-en-revit-en-8-horas\\\/#webpage\"},\"isPartOf\":{\"@id\":\"https:\\\/\\\/eldigitaldeasturias.com\\\/radio\\\/como-aumentar-tu-productividad-en-revit-en-8-horas\\\/#webpage\"},\"articleSection\":\"Negocios\",\"dateline\":\"Publicado el septiembre 9, 2020.\"},{\"@type\":\"Organization\",\"@id\":\"https:\\\/\\\/eldigitaldeasturias.com\\\/radio\\\/#organization\",\"name\":\"El digital de Asturias Radio\",\"description\":\"Diario de informaci\\u00f3n y noticias\",\"url\":\"https:\\\/\\\/eldigitaldeasturias.com\\\/radio\\\/\",\"telephone\":\"+34652131393\",\"logo\":{\"@type\":\"ImageObject\",\"url\":\"https:\\\/\\\/www.eldigitaldeasturias.com\\\/radio\\\/wp-content\\\/uploads\\\/2021\\\/03\\\/EDA.jpg\",\"@id\":\"https:\\\/\\\/eldigitaldeasturias.com\\\/radio\\\/como-aumentar-tu-productividad-en-revit-en-8-horas\\\/#organizationLogo\"},\"image\":{\"@id\":\"https:\\\/\\\/eldigitaldeasturias.com\\\/radio\\\/como-aumentar-tu-productividad-en-revit-en-8-horas\\\/#organizationLogo\"},\"sameAs\":[\"https:\\\/\\\/www.facebook.com\\\/\",\"https:\\\/\\\/x.com\\\/bercodi\",\"https:\\\/\\\/www.instagram.com\\\/\",\"https:\\\/\\\/www.youtube.com\\\/channel\\\/UCZP-2wLEB9Rv6erhFmqVnvg\"]},{\"@type\":\"Person\",\"@id\":\"https:\\\/\\\/eldigitaldeasturias.com\\\/radio\\\/author\\\/nbasturias\\\/#author\",\"url\":\"https:\\\/\\\/eldigitaldeasturias.com\\\/radio\\\/author\\\/nbasturias\\\/\",\"name\":\"NBAsturias\",\"image\":{\"@type\":\"ImageObject\",\"@id\":\"https:\\\/\\\/eldigitaldeasturias.com\\\/radio\\\/como-aumentar-tu-productividad-en-revit-en-8-horas\\\/#authorImage\",\"url\":\"https:\\\/\\\/secure.gravatar.com\\\/avatar\\\/df2aeffc32bcd13f8d26072ef8a91b623d677766deac7f97ca815868cd41bf5e?s=96&d=mm&r=g\",\"width\":96,\"height\":96,\"caption\":\"NBAsturias\"}},{\"@type\":\"WebPage\",\"@id\":\"https:\\\/\\\/eldigitaldeasturias.com\\\/radio\\\/como-aumentar-tu-productividad-en-revit-en-8-horas\\\/#webpage\",\"url\":\"https:\\\/\\\/eldigitaldeasturias.com\\\/radio\\\/como-aumentar-tu-productividad-en-revit-en-8-horas\\\/\",\"name\":\"C\\u00d3MO AUMENTAR TU PRODUCTIVIDAD EN REVIT EN 8 HORAS | El Digital de Asturias\",\"description\":\"Los pr\\u00f3ximos 28, 29, 30 de septiembre y 1 de octubre, 2aCAD Graitec Group, partnerPlatinum de Autodesk, impartir\\u00e1 el primer curso en espa\\u00f1ol de Graitec PowerPackfor Revit, complemento para Autodesk Revit con contenido mejorado de localizaci\\u00f3n y herramientas que ofrecen m\\u00e1s funcionalidad, mejor control y m\\u00e1s automatizaci\\u00f3n para usuarios de Revit en todas las industrias.\",\"inLanguage\":\"es-ES\",\"isPartOf\":{\"@id\":\"https:\\\/\\\/eldigitaldeasturias.com\\\/radio\\\/#website\"},\"breadcrumb\":{\"@id\":\"https:\\\/\\\/eldigitaldeasturias.com\\\/radio\\\/como-aumentar-tu-productividad-en-revit-en-8-horas\\\/#breadcrumblist\"},\"author\":{\"@id\":\"https:\\\/\\\/eldigitaldeasturias.com\\\/radio\\\/author\\\/nbasturias\\\/#author\"},\"creator\":{\"@id\":\"https:\\\/\\\/eldigitaldeasturias.com\\\/radio\\\/author\\\/nbasturias\\\/#author\"},\"image\":{\"@type\":\"ImageObject\",\"url\":\"https:\\\/\\\/eldigitaldeasturias.com\\\/radio\\\/wp-content\\\/uploads\\\/2020\\\/09\\\/Revit-Graetec-IP.jpg\",\"@id\":\"https:\\\/\\\/eldigitaldeasturias.com\\\/radio\\\/como-aumentar-tu-productividad-en-revit-en-8-horas\\\/#mainImage\",\"width\":1024,\"height\":512},\"primaryImageOfPage\":{\"@id\":\"https:\\\/\\\/eldigitaldeasturias.com\\\/radio\\\/como-aumentar-tu-productividad-en-revit-en-8-horas\\\/#mainImage\"},\"datePublished\":\"2020-09-09T14:12:21+02:00\",\"dateModified\":\"2020-09-09T14:12:21+02:00\"},{\"@type\":\"WebSite\",\"@id\":\"https:\\\/\\\/eldigitaldeasturias.com\\\/radio\\\/#website\",\"url\":\"https:\\\/\\\/eldigitaldeasturias.com\\\/radio\\\/\",\"name\":\"El Digital de Asturias\",\"description\":\"Diario de informaci\\u00f3n y noticias\",\"inLanguage\":\"es-ES\",\"publisher\":{\"@id\":\"https:\\\/\\\/eldigitaldeasturias.com\\\/radio\\\/#organization\"}}]}\n\t\t<\/script>\n\t\t<!-- All in One SEO Pro -->\r\n\t\t<title>C\u00d3MO AUMENTAR TU PRODUCTIVIDAD EN REVIT EN 8 HORAS | El Digital de Asturias<\/title>\n\n","aioseo_head_json":{"title":"C\u00d3MO AUMENTAR TU PRODUCTIVIDAD EN REVIT EN 8 HORAS | El Digital de Asturias","description":"Los pr\u00f3ximos 28, 29, 30 de septiembre y 1 de octubre, 2aCAD Graitec Group, partnerPlatinum de Autodesk, impartir\u00e1 el primer curso en espa\u00f1ol de Graitec PowerPackfor Revit, complemento para Autodesk Revit con contenido mejorado de localizaci\u00f3n y herramientas que ofrecen m\u00e1s funcionalidad, mejor control y m\u00e1s automatizaci\u00f3n para usuarios de Revit en todas las industrias.","canonical_url":"https:\/\/eldigitaldeasturias.com\/radio\/como-aumentar-tu-productividad-en-revit-en-8-horas\/","robots":"max-image-preview:large","keywords":"negocios","webmasterTools":{"google-site-verification":"UA-38556648-1","miscellaneous":""},"schema":{"@context":"https:\/\/schema.org","@graph":[{"@type":"BreadcrumbList","@id":"https:\/\/eldigitaldeasturias.com\/radio\/como-aumentar-tu-productividad-en-revit-en-8-horas\/#breadcrumblist","itemListElement":[{"@type":"ListItem","@id":"https:\/\/eldigitaldeasturias.com\/radio#listItem","position":1,"name":"Inicio","item":"https:\/\/eldigitaldeasturias.com\/radio","nextItem":{"@type":"ListItem","@id":"https:\/\/eldigitaldeasturias.com\/radio\/category\/negocios\/#listItem","name":"Negocios"}},{"@type":"ListItem","@id":"https:\/\/eldigitaldeasturias.com\/radio\/category\/negocios\/#listItem","position":2,"name":"Negocios","item":"https:\/\/eldigitaldeasturias.com\/radio\/category\/negocios\/","nextItem":{"@type":"ListItem","@id":"https:\/\/eldigitaldeasturias.com\/radio\/como-aumentar-tu-productividad-en-revit-en-8-horas\/#listItem","name":"C\u00d3MO AUMENTAR TU PRODUCTIVIDAD EN REVIT EN 8 HORAS"},"previousItem":{"@type":"ListItem","@id":"https:\/\/eldigitaldeasturias.com\/radio#listItem","name":"Inicio"}},{"@type":"ListItem","@id":"https:\/\/eldigitaldeasturias.com\/radio\/como-aumentar-tu-productividad-en-revit-en-8-horas\/#listItem","position":3,"name":"C\u00d3MO AUMENTAR TU PRODUCTIVIDAD EN REVIT EN 8 HORAS","previousItem":{"@type":"ListItem","@id":"https:\/\/eldigitaldeasturias.com\/radio\/category\/negocios\/#listItem","name":"Negocios"}}]},{"@type":"NewsArticle","@id":"https:\/\/eldigitaldeasturias.com\/radio\/como-aumentar-tu-productividad-en-revit-en-8-horas\/#newsarticle","name":"C\u00d3MO AUMENTAR TU PRODUCTIVIDAD EN REVIT EN 8 HORAS | El Digital de Asturias","headline":"C\u00d3MO AUMENTAR TU PRODUCTIVIDAD EN REVIT EN 8 HORAS","author":{"@id":"https:\/\/eldigitaldeasturias.com\/radio\/author\/nbasturias\/#author"},"publisher":{"@id":"https:\/\/eldigitaldeasturias.com\/radio\/#organization"},"image":{"@type":"ImageObject","url":"https:\/\/eldigitaldeasturias.com\/radio\/wp-content\/uploads\/2020\/09\/Revit-Graetec-IP.jpg","width":1024,"height":512},"datePublished":"2020-09-09T14:12:21+02:00","dateModified":"2020-09-09T14:12:21+02:00","inLanguage":"es-ES","mainEntityOfPage":{"@id":"https:\/\/eldigitaldeasturias.com\/radio\/como-aumentar-tu-productividad-en-revit-en-8-horas\/#webpage"},"isPartOf":{"@id":"https:\/\/eldigitaldeasturias.com\/radio\/como-aumentar-tu-productividad-en-revit-en-8-horas\/#webpage"},"articleSection":"Negocios","dateline":"Publicado el septiembre 9, 2020."},{"@type":"Organization","@id":"https:\/\/eldigitaldeasturias.com\/radio\/#organization","name":"El digital de Asturias Radio","description":"Diario de informaci\u00f3n y noticias","url":"https:\/\/eldigitaldeasturias.com\/radio\/","telephone":"+34652131393","logo":{"@type":"ImageObject","url":"https:\/\/www.eldigitaldeasturias.com\/radio\/wp-content\/uploads\/2021\/03\/EDA.jpg","@id":"https:\/\/eldigitaldeasturias.com\/radio\/como-aumentar-tu-productividad-en-revit-en-8-horas\/#organizationLogo"},"image":{"@id":"https:\/\/eldigitaldeasturias.com\/radio\/como-aumentar-tu-productividad-en-revit-en-8-horas\/#organizationLogo"},"sameAs":["https:\/\/www.facebook.com\/","https:\/\/x.com\/bercodi","https:\/\/www.instagram.com\/","https:\/\/www.youtube.com\/channel\/UCZP-2wLEB9Rv6erhFmqVnvg"]},{"@type":"Person","@id":"https:\/\/eldigitaldeasturias.com\/radio\/author\/nbasturias\/#author","url":"https:\/\/eldigitaldeasturias.com\/radio\/author\/nbasturias\/","name":"NBAsturias","image":{"@type":"ImageObject","@id":"https:\/\/eldigitaldeasturias.com\/radio\/como-aumentar-tu-productividad-en-revit-en-8-horas\/#authorImage","url":"https:\/\/secure.gravatar.com\/avatar\/df2aeffc32bcd13f8d26072ef8a91b623d677766deac7f97ca815868cd41bf5e?s=96&d=mm&r=g","width":96,"height":96,"caption":"NBAsturias"}},{"@type":"WebPage","@id":"https:\/\/eldigitaldeasturias.com\/radio\/como-aumentar-tu-productividad-en-revit-en-8-horas\/#webpage","url":"https:\/\/eldigitaldeasturias.com\/radio\/como-aumentar-tu-productividad-en-revit-en-8-horas\/","name":"C\u00d3MO AUMENTAR TU PRODUCTIVIDAD EN REVIT EN 8 HORAS | El Digital de Asturias","description":"Los pr\u00f3ximos 28, 29, 30 de septiembre y 1 de octubre, 2aCAD Graitec Group, partnerPlatinum de Autodesk, impartir\u00e1 el primer curso en espa\u00f1ol de Graitec PowerPackfor Revit, complemento para Autodesk Revit con contenido mejorado de localizaci\u00f3n y herramientas que ofrecen m\u00e1s funcionalidad, mejor control y m\u00e1s automatizaci\u00f3n para usuarios de Revit en todas las industrias.","inLanguage":"es-ES","isPartOf":{"@id":"https:\/\/eldigitaldeasturias.com\/radio\/#website"},"breadcrumb":{"@id":"https:\/\/eldigitaldeasturias.com\/radio\/como-aumentar-tu-productividad-en-revit-en-8-horas\/#breadcrumblist"},"author":{"@id":"https:\/\/eldigitaldeasturias.com\/radio\/author\/nbasturias\/#author"},"creator":{"@id":"https:\/\/eldigitaldeasturias.com\/radio\/author\/nbasturias\/#author"},"image":{"@type":"ImageObject","url":"https:\/\/eldigitaldeasturias.com\/radio\/wp-content\/uploads\/2020\/09\/Revit-Graetec-IP.jpg","@id":"https:\/\/eldigitaldeasturias.com\/radio\/como-aumentar-tu-productividad-en-revit-en-8-horas\/#mainImage","width":1024,"height":512},"primaryImageOfPage":{"@id":"https:\/\/eldigitaldeasturias.com\/radio\/como-aumentar-tu-productividad-en-revit-en-8-horas\/#mainImage"},"datePublished":"2020-09-09T14:12:21+02:00","dateModified":"2020-09-09T14:12:21+02:00"},{"@type":"WebSite","@id":"https:\/\/eldigitaldeasturias.com\/radio\/#website","url":"https:\/\/eldigitaldeasturias.com\/radio\/","name":"El Digital de Asturias","description":"Diario de informaci\u00f3n y noticias","inLanguage":"es-ES","publisher":{"@id":"https:\/\/eldigitaldeasturias.com\/radio\/#organization"}}]},"og:locale":"es_ES","og:site_name":"El Digital de Asturias | Diario de informaci\u00f3n y noticias","og:type":"article","og:title":"C\u00d3MO AUMENTAR TU PRODUCTIVIDAD EN REVIT EN 8 HORAS | El Digital de Asturias","og:description":"Los pr\u00f3ximos 28, 29, 30 de septiembre y 1 de octubre, 2aCAD Graitec Group, partnerPlatinum de Autodesk, impartir\u00e1 el primer curso en espa\u00f1ol de Graitec PowerPackfor Revit, complemento para Autodesk Revit con contenido mejorado de localizaci\u00f3n y herramientas que ofrecen m\u00e1s funcionalidad, mejor control y m\u00e1s automatizaci\u00f3n para usuarios de Revit en todas las industrias.","og:url":"https:\/\/eldigitaldeasturias.com\/radio\/como-aumentar-tu-productividad-en-revit-en-8-horas\/","og:image":"https:\/\/eldigitaldeasturias.com\/radio\/wp-content\/uploads\/2020\/09\/Revit-Graetec-IP.jpg","og:image:secure_url":"https:\/\/eldigitaldeasturias.com\/radio\/wp-content\/uploads\/2020\/09\/Revit-Graetec-IP.jpg","og:image:width":1024,"og:image:height":512,"article:published_time":"2020-09-09T14:12:21+00:00","article:modified_time":"2020-09-09T14:12:21+00:00","twitter:card":"summary_large_image","twitter:site":"@bercodi","twitter:title":"C\u00d3MO AUMENTAR TU PRODUCTIVIDAD EN REVIT EN 8 HORAS | El Digital de Asturias","twitter:description":"Los pr\u00f3ximos 28, 29, 30 de septiembre y 1 de octubre, 2aCAD Graitec Group, partnerPlatinum de Autodesk, impartir\u00e1 el primer curso en espa\u00f1ol de Graitec PowerPackfor Revit, complemento para Autodesk Revit con contenido mejorado de localizaci\u00f3n y herramientas que ofrecen m\u00e1s funcionalidad, mejor control y m\u00e1s automatizaci\u00f3n para usuarios de Revit en todas las industrias.","twitter:creator":"@bercodi","twitter:image":"https:\/\/eldigitaldeasturias.com\/radio\/wp-content\/uploads\/2020\/09\/Revit-Graetec-IP.jpg"},"aioseo_meta_data":{"post_id":"5120","title":null,"description":"","keywords":"","keyphrases":null,"primary_term":null,"canonical_url":"","og_title":null,"og_description":null,"og_object_type":"default","og_image_type":"default","og_image_url":null,"og_image_width":null,"og_image_height":null,"og_image_custom_url":null,"og_image_custom_fields":null,"og_video":null,"og_custom_url":null,"og_article_section":null,"og_article_tags":null,"twitter_use_og":false,"twitter_card":"default","twitter_image_type":"default","twitter_image_url":null,"twitter_image_custom_url":null,"twitter_image_custom_fields":null,"twitter_title":null,"twitter_description":null,"schema":{"blockGraphs":[],"customGraphs":[],"default":{"data":{"Article":[],"Course":[],"Dataset":[],"FAQPage":[],"Movie":[],"Person":[],"Product":[],"ProductReview":[],"Car":[],"Recipe":[],"Service":[],"SoftwareApplication":[],"WebPage":[]},"graphName":"","isEnabled":true},"graphs":[],"defaultGraph":"","defaultPostTypeGraph":""},"schema_type":null,"schema_type_options":null,"pillar_content":false,"robots_default":true,"robots_noindex":false,"robots_noarchive":false,"robots_nosnippet":false,"robots_nofollow":false,"robots_noimageindex":false,"robots_noodp":false,"robots_notranslate":false,"robots_max_snippet":null,"robots_max_videopreview":null,"robots_max_imagepreview":"large","priority":null,"frequency":null,"location":null,"local_seo":null,"seo_analyzer_scan_date":"2025-08-28 17:22:31","breadcrumb_settings":null,"limit_modified_date":false,"open_ai":null,"ai":null,"created":"2021-03-25 14:28:08","updated":"2025-08-28 17:22:31"},"aioseo_breadcrumb":"<div class=\"aioseo-breadcrumbs\"><span class=\"aioseo-breadcrumb\">\n\t<a href=\"https:\/\/eldigitaldeasturias.com\/radio\" title=\"Inicio\">Inicio<\/a>\n<\/span><span class=\"aioseo-breadcrumb-separator\">&ndash;<\/span><span class=\"aioseo-breadcrumb\">\n\t<a href=\"https:\/\/eldigitaldeasturias.com\/radio\/category\/negocios\/\" title=\"Negocios\">Negocios<\/a>\n<\/span><span class=\"aioseo-breadcrumb-separator\">&ndash;<\/span><span class=\"aioseo-breadcrumb\">\n\tC\u00d3MO AUMENTAR TU PRODUCTIVIDAD EN REVIT EN 8 HORAS\n<\/span><\/div>","aioseo_breadcrumb_json":[{"label":"Inicio","link":"https:\/\/eldigitaldeasturias.com\/radio"},{"label":"Negocios","link":"https:\/\/eldigitaldeasturias.com\/radio\/category\/negocios\/"},{"label":"C\u00d3MO AUMENTAR TU PRODUCTIVIDAD EN REVIT EN 8 HORAS","link":"https:\/\/eldigitaldeasturias.com\/radio\/como-aumentar-tu-productividad-en-revit-en-8-horas\/"}],"_links":{"self":[{"href":"https:\/\/eldigitaldeasturias.com\/radio\/wp-json\/wp\/v2\/posts\/5120","targetHints":{"allow":["GET"]}}],"collection":[{"href":"https:\/\/eldigitaldeasturias.com\/radio\/wp-json\/wp\/v2\/posts"}],"about":[{"href":"https:\/\/eldigitaldeasturias.com\/radio\/wp-json\/wp\/v2\/types\/post"}],"author":[{"embeddable":true,"href":"https:\/\/eldigitaldeasturias.com\/radio\/wp-json\/wp\/v2\/users\/1"}],"replies":[{"embeddable":true,"href":"https:\/\/eldigitaldeasturias.com\/radio\/wp-json\/wp\/v2\/comments?post=5120"}],"version-history":[{"count":0,"href":"https:\/\/eldigitaldeasturias.com\/radio\/wp-json\/wp\/v2\/posts\/5120\/revisions"}],"wp:featuredmedia":[{"embeddable":true,"href":"https:\/\/eldigitaldeasturias.com\/radio\/wp-json\/wp\/v2\/media\/5121"}],"wp:attachment":[{"href":"https:\/\/eldigitaldeasturias.com\/radio\/wp-json\/wp\/v2\/media?parent=5120"}],"wp:term":[{"taxonomy":"category","embeddable":true,"href":"https:\/\/eldigitaldeasturias.com\/radio\/wp-json\/wp\/v2\/categories?post=5120"},{"taxonomy":"post_tag","embeddable":true,"href":"https:\/\/eldigitaldeasturias.com\/radio\/wp-json\/wp\/v2\/tags?post=5120"}],"curies":[{"name":"wp","href":"https:\/\/api.w.org\/{rel}","templated":true}]}}