{"id":5112,"date":"2020-09-08T11:24:17","date_gmt":"2020-09-08T11:24:17","guid":{"rendered":"http:\/\/www.eldigitaldeasturias.com\/radio\/?p=5112"},"modified":"2020-09-08T11:24:17","modified_gmt":"2020-09-08T11:24:17","slug":"csif-dice-que-mas-de-la-mitad-de-los-docentes-comprometidos-por-las-ccaa-aun-no-se-han-incorporado-a-centros","status":"publish","type":"post","link":"https:\/\/eldigitaldeasturias.com\/radio\/csif-dice-que-mas-de-la-mitad-de-los-docentes-comprometidos-por-las-ccaa-aun-no-se-han-incorporado-a-centros\/","title":{"rendered":"CSIF dice que m\u00e1s de la mitad de los docentes comprometidos por las CCAA a\u00fan no se han incorporado a centros"},"content":{"rendered":"<p><img fetchpriority=\"high\" decoding=\"async\" class=\"alignleft size-medium wp-image-5094\" src=\"http:\/\/www.eldigitaldeasturias.com\/radio\/wp-content\/uploads\/2020\/09\/board-1666644_640-360x240.jpg\" alt=\"\" width=\"360\" height=\"240\" srcset=\"https:\/\/eldigitaldeasturias.com\/radio\/wp-content\/uploads\/2020\/09\/board-1666644_640-360x240.jpg 360w, https:\/\/eldigitaldeasturias.com\/radio\/wp-content\/uploads\/2020\/09\/board-1666644_640.jpg 640w\" sizes=\"(max-width: 360px) 100vw, 360px\" \/>(EUROPA PRESS) &#8211;\u00a0La Central Sindical Independiente y de Funcionarios (CSIF) ha avisado este lunes de que m\u00e1s de mitad de los docentes comprometidos por las comunidades aut\u00f3nomas para hacer frente a las necesidades del nuevo curso escolar en el marco de la pandemia del coronavirus a\u00fan no han llegado a los centros.<\/p>\n<p>As\u00ed lo ha denunciado el responsable de Educaci\u00f3n del sindicato, Mario Guti\u00e9rrez, en una rueda prensa ofrecida para advertir de las carencias detectadas en el inicio del curso escolar 2020\/2021.<\/p>\n<p>En concreto, CSIF estima que del cupo de 38.252 profesores anunciado por las administraciones auton\u00f3micas, faltan por llegar a los centros educativos un total de 22.999 docentes.<\/p>\n<p>En su intervenci\u00f3n, Mario Guti\u00e9rrez ha detallado los principales problemas detectados por el sindicato ante el comienzo del curso, que pasan por falta de personal, ratios elevadas, problemas de espacio y falta de material de protecci\u00f3n frente al Covid-19, como mascarillas transparentes para la docencia o term\u00f3metros para la medici\u00f3n de la temperatura.<\/p>\n","protected":false},"excerpt":{"rendered":"<p>(EUROPA PRESS) &#8211;\u00a0La Central Sindical Independiente y de Funcionarios (CSIF) ha avisado este lunes de que m\u00e1s de mitad de los docentes comprometidos por las comunidades aut\u00f3nomas para hacer frente a las necesidades del nuevo curso escolar en el marco de la pandemia del coronavirus a\u00fan no han llegado a los centros. As\u00ed lo ha<\/p>\n","protected":false},"author":1,"featured_media":5094,"comment_status":"closed","ping_status":"closed","sticky":false,"template":"","format":"standard","meta":{"footnotes":""},"categories":[1],"tags":[],"class_list":{"0":"post-5112","1":"post","2":"type-post","3":"status-publish","4":"format-standard","5":"has-post-thumbnail","7":"category-noticias"},"aioseo_notices":[],"aioseo_head":"\n\t\t<!-- All in One SEO Pro 4.9.6.2 - aioseo.com -->\n\t<meta name=\"description\" content=\"(EUROPA PRESS) - La Central Sindical Independiente y de Funcionarios (CSIF) ha avisado este lunes de que m\u00e1s de mitad de los docentes comprometidos por las comunidades aut\u00f3nomas para hacer frente a las necesidades del nuevo curso escolar en el marco de la pandemia del coronavirus a\u00fan no han llegado a los centros. As\u00ed lo ha\" \/>\n\t<meta name=\"robots\" content=\"max-image-preview:large\" \/>\n\t<meta name=\"author\" content=\"NBAsturias\"\/>\n\t<meta name=\"google-site-verification\" content=\"UA-38556648-1\" \/>\n\t<meta name=\"keywords\" content=\"noticias\" \/>\n\t<link rel=\"canonical\" href=\"https:\/\/eldigitaldeasturias.com\/radio\/csif-dice-que-mas-de-la-mitad-de-los-docentes-comprometidos-por-las-ccaa-aun-no-se-han-incorporado-a-centros\/\" \/>\n\t<meta name=\"generator\" content=\"All in One SEO Pro (AIOSEO) 4.9.6.2\" \/>\n\t\t<meta property=\"og:locale\" content=\"es_ES\" \/>\n\t\t<meta property=\"og:site_name\" content=\"El Digital de Asturias | Diario de informaci\u00f3n y noticias\" \/>\n\t\t<meta property=\"og:type\" content=\"article\" \/>\n\t\t<meta property=\"og:title\" content=\"CSIF dice que m\u00e1s de la mitad de los docentes comprometidos por las CCAA a\u00fan no se han incorporado a centros | El Digital de Asturias\" \/>\n\t\t<meta property=\"og:description\" content=\"(EUROPA PRESS) - La Central Sindical Independiente y de Funcionarios (CSIF) ha avisado este lunes de que m\u00e1s de mitad de los docentes comprometidos por las comunidades aut\u00f3nomas para hacer frente a las necesidades del nuevo curso escolar en el marco de la pandemia del coronavirus a\u00fan no han llegado a los centros. As\u00ed lo ha\" \/>\n\t\t<meta property=\"og:url\" content=\"https:\/\/eldigitaldeasturias.com\/radio\/csif-dice-que-mas-de-la-mitad-de-los-docentes-comprometidos-por-las-ccaa-aun-no-se-han-incorporado-a-centros\/\" \/>\n\t\t<meta property=\"og:image\" content=\"https:\/\/eldigitaldeasturias.com\/radio\/wp-content\/uploads\/2020\/09\/board-1666644_640.jpg\" \/>\n\t\t<meta property=\"og:image:secure_url\" content=\"https:\/\/eldigitaldeasturias.com\/radio\/wp-content\/uploads\/2020\/09\/board-1666644_640.jpg\" \/>\n\t\t<meta property=\"og:image:width\" content=\"640\" \/>\n\t\t<meta property=\"og:image:height\" content=\"426\" \/>\n\t\t<meta property=\"article:published_time\" content=\"2020-09-08T11:24:17+00:00\" \/>\n\t\t<meta property=\"article:modified_time\" content=\"2020-09-08T11:24:17+00:00\" \/>\n\t\t<meta name=\"twitter:card\" content=\"summary_large_image\" \/>\n\t\t<meta name=\"twitter:site\" content=\"@bercodi\" \/>\n\t\t<meta name=\"twitter:title\" content=\"CSIF dice que m\u00e1s de la mitad de los docentes comprometidos por las CCAA a\u00fan no se han incorporado a centros | El Digital de Asturias\" \/>\n\t\t<meta name=\"twitter:description\" content=\"(EUROPA PRESS) - La Central Sindical Independiente y de Funcionarios (CSIF) ha avisado este lunes de que m\u00e1s de mitad de los docentes comprometidos por las comunidades aut\u00f3nomas para hacer frente a las necesidades del nuevo curso escolar en el marco de la pandemia del coronavirus a\u00fan no han llegado a los centros. As\u00ed lo ha\" \/>\n\t\t<meta name=\"twitter:creator\" content=\"@bercodi\" \/>\n\t\t<meta name=\"twitter:image\" content=\"https:\/\/eldigitaldeasturias.com\/radio\/wp-content\/uploads\/2020\/09\/board-1666644_640.jpg\" \/>\n\t\t<script type=\"application\/ld+json\" class=\"aioseo-schema\">\n\t\t\t{\"@context\":\"https:\\\/\\\/schema.org\",\"@graph\":[{\"@type\":\"BreadcrumbList\",\"@id\":\"https:\\\/\\\/eldigitaldeasturias.com\\\/radio\\\/csif-dice-que-mas-de-la-mitad-de-los-docentes-comprometidos-por-las-ccaa-aun-no-se-han-incorporado-a-centros\\\/#breadcrumblist\",\"itemListElement\":[{\"@type\":\"ListItem\",\"@id\":\"https:\\\/\\\/eldigitaldeasturias.com\\\/radio#listItem\",\"position\":1,\"name\":\"Inicio\",\"item\":\"https:\\\/\\\/eldigitaldeasturias.com\\\/radio\",\"nextItem\":{\"@type\":\"ListItem\",\"@id\":\"https:\\\/\\\/eldigitaldeasturias.com\\\/radio\\\/category\\\/noticias\\\/#listItem\",\"name\":\"Noticias\"}},{\"@type\":\"ListItem\",\"@id\":\"https:\\\/\\\/eldigitaldeasturias.com\\\/radio\\\/category\\\/noticias\\\/#listItem\",\"position\":2,\"name\":\"Noticias\",\"item\":\"https:\\\/\\\/eldigitaldeasturias.com\\\/radio\\\/category\\\/noticias\\\/\",\"nextItem\":{\"@type\":\"ListItem\",\"@id\":\"https:\\\/\\\/eldigitaldeasturias.com\\\/radio\\\/csif-dice-que-mas-de-la-mitad-de-los-docentes-comprometidos-por-las-ccaa-aun-no-se-han-incorporado-a-centros\\\/#listItem\",\"name\":\"CSIF dice que m\\u00e1s de la mitad de los docentes comprometidos por las CCAA a\\u00fan no se han incorporado a centros\"},\"previousItem\":{\"@type\":\"ListItem\",\"@id\":\"https:\\\/\\\/eldigitaldeasturias.com\\\/radio#listItem\",\"name\":\"Inicio\"}},{\"@type\":\"ListItem\",\"@id\":\"https:\\\/\\\/eldigitaldeasturias.com\\\/radio\\\/csif-dice-que-mas-de-la-mitad-de-los-docentes-comprometidos-por-las-ccaa-aun-no-se-han-incorporado-a-centros\\\/#listItem\",\"position\":3,\"name\":\"CSIF dice que m\\u00e1s de la mitad de los docentes comprometidos por las CCAA a\\u00fan no se han incorporado a centros\",\"previousItem\":{\"@type\":\"ListItem\",\"@id\":\"https:\\\/\\\/eldigitaldeasturias.com\\\/radio\\\/category\\\/noticias\\\/#listItem\",\"name\":\"Noticias\"}}]},{\"@type\":\"NewsArticle\",\"@id\":\"https:\\\/\\\/eldigitaldeasturias.com\\\/radio\\\/csif-dice-que-mas-de-la-mitad-de-los-docentes-comprometidos-por-las-ccaa-aun-no-se-han-incorporado-a-centros\\\/#newsarticle\",\"name\":\"CSIF dice que m\\u00e1s de la mitad de los docentes comprometidos por las CCAA a\\u00fan no se han incorporado a centros | El Digital de Asturias\",\"headline\":\"CSIF dice que m\\u00e1s de la mitad de los docentes comprometidos por las CCAA a\\u00fan no se han incorporado a centros\",\"author\":{\"@id\":\"https:\\\/\\\/eldigitaldeasturias.com\\\/radio\\\/author\\\/nbasturias\\\/#author\"},\"publisher\":{\"@id\":\"https:\\\/\\\/eldigitaldeasturias.com\\\/radio\\\/#organization\"},\"image\":{\"@type\":\"ImageObject\",\"url\":\"https:\\\/\\\/eldigitaldeasturias.com\\\/radio\\\/wp-content\\\/uploads\\\/2020\\\/09\\\/board-1666644_640.jpg\",\"width\":640,\"height\":426},\"datePublished\":\"2020-09-08T11:24:17+02:00\",\"dateModified\":\"2020-09-08T11:24:17+02:00\",\"inLanguage\":\"es-ES\",\"mainEntityOfPage\":{\"@id\":\"https:\\\/\\\/eldigitaldeasturias.com\\\/radio\\\/csif-dice-que-mas-de-la-mitad-de-los-docentes-comprometidos-por-las-ccaa-aun-no-se-han-incorporado-a-centros\\\/#webpage\"},\"isPartOf\":{\"@id\":\"https:\\\/\\\/eldigitaldeasturias.com\\\/radio\\\/csif-dice-que-mas-de-la-mitad-de-los-docentes-comprometidos-por-las-ccaa-aun-no-se-han-incorporado-a-centros\\\/#webpage\"},\"articleSection\":\"Noticias\",\"dateline\":\"Publicado el septiembre 8, 2020.\"},{\"@type\":\"Organization\",\"@id\":\"https:\\\/\\\/eldigitaldeasturias.com\\\/radio\\\/#organization\",\"name\":\"El digital de Asturias Radio\",\"description\":\"Diario de informaci\\u00f3n y noticias\",\"url\":\"https:\\\/\\\/eldigitaldeasturias.com\\\/radio\\\/\",\"telephone\":\"+34652131393\",\"logo\":{\"@type\":\"ImageObject\",\"url\":\"https:\\\/\\\/www.eldigitaldeasturias.com\\\/radio\\\/wp-content\\\/uploads\\\/2021\\\/03\\\/EDA.jpg\",\"@id\":\"https:\\\/\\\/eldigitaldeasturias.com\\\/radio\\\/csif-dice-que-mas-de-la-mitad-de-los-docentes-comprometidos-por-las-ccaa-aun-no-se-han-incorporado-a-centros\\\/#organizationLogo\"},\"image\":{\"@id\":\"https:\\\/\\\/eldigitaldeasturias.com\\\/radio\\\/csif-dice-que-mas-de-la-mitad-de-los-docentes-comprometidos-por-las-ccaa-aun-no-se-han-incorporado-a-centros\\\/#organizationLogo\"},\"sameAs\":[\"https:\\\/\\\/www.facebook.com\\\/\",\"https:\\\/\\\/x.com\\\/bercodi\",\"https:\\\/\\\/www.instagram.com\\\/\",\"https:\\\/\\\/www.youtube.com\\\/channel\\\/UCZP-2wLEB9Rv6erhFmqVnvg\"]},{\"@type\":\"Person\",\"@id\":\"https:\\\/\\\/eldigitaldeasturias.com\\\/radio\\\/author\\\/nbasturias\\\/#author\",\"url\":\"https:\\\/\\\/eldigitaldeasturias.com\\\/radio\\\/author\\\/nbasturias\\\/\",\"name\":\"NBAsturias\",\"image\":{\"@type\":\"ImageObject\",\"@id\":\"https:\\\/\\\/eldigitaldeasturias.com\\\/radio\\\/csif-dice-que-mas-de-la-mitad-de-los-docentes-comprometidos-por-las-ccaa-aun-no-se-han-incorporado-a-centros\\\/#authorImage\",\"url\":\"https:\\\/\\\/secure.gravatar.com\\\/avatar\\\/df2aeffc32bcd13f8d26072ef8a91b623d677766deac7f97ca815868cd41bf5e?s=96&d=mm&r=g\",\"width\":96,\"height\":96,\"caption\":\"NBAsturias\"}},{\"@type\":\"WebPage\",\"@id\":\"https:\\\/\\\/eldigitaldeasturias.com\\\/radio\\\/csif-dice-que-mas-de-la-mitad-de-los-docentes-comprometidos-por-las-ccaa-aun-no-se-han-incorporado-a-centros\\\/#webpage\",\"url\":\"https:\\\/\\\/eldigitaldeasturias.com\\\/radio\\\/csif-dice-que-mas-de-la-mitad-de-los-docentes-comprometidos-por-las-ccaa-aun-no-se-han-incorporado-a-centros\\\/\",\"name\":\"CSIF dice que m\\u00e1s de la mitad de los docentes comprometidos por las CCAA a\\u00fan no se han incorporado a centros | El Digital de Asturias\",\"description\":\"(EUROPA PRESS) - La Central Sindical Independiente y de Funcionarios (CSIF) ha avisado este lunes de que m\\u00e1s de mitad de los docentes comprometidos por las comunidades aut\\u00f3nomas para hacer frente a las necesidades del nuevo curso escolar en el marco de la pandemia del coronavirus a\\u00fan no han llegado a los centros. As\\u00ed lo ha\",\"inLanguage\":\"es-ES\",\"isPartOf\":{\"@id\":\"https:\\\/\\\/eldigitaldeasturias.com\\\/radio\\\/#website\"},\"breadcrumb\":{\"@id\":\"https:\\\/\\\/eldigitaldeasturias.com\\\/radio\\\/csif-dice-que-mas-de-la-mitad-de-los-docentes-comprometidos-por-las-ccaa-aun-no-se-han-incorporado-a-centros\\\/#breadcrumblist\"},\"author\":{\"@id\":\"https:\\\/\\\/eldigitaldeasturias.com\\\/radio\\\/author\\\/nbasturias\\\/#author\"},\"creator\":{\"@id\":\"https:\\\/\\\/eldigitaldeasturias.com\\\/radio\\\/author\\\/nbasturias\\\/#author\"},\"image\":{\"@type\":\"ImageObject\",\"url\":\"https:\\\/\\\/eldigitaldeasturias.com\\\/radio\\\/wp-content\\\/uploads\\\/2020\\\/09\\\/board-1666644_640.jpg\",\"@id\":\"https:\\\/\\\/eldigitaldeasturias.com\\\/radio\\\/csif-dice-que-mas-de-la-mitad-de-los-docentes-comprometidos-por-las-ccaa-aun-no-se-han-incorporado-a-centros\\\/#mainImage\",\"width\":640,\"height\":426},\"primaryImageOfPage\":{\"@id\":\"https:\\\/\\\/eldigitaldeasturias.com\\\/radio\\\/csif-dice-que-mas-de-la-mitad-de-los-docentes-comprometidos-por-las-ccaa-aun-no-se-han-incorporado-a-centros\\\/#mainImage\"},\"datePublished\":\"2020-09-08T11:24:17+02:00\",\"dateModified\":\"2020-09-08T11:24:17+02:00\"},{\"@type\":\"WebSite\",\"@id\":\"https:\\\/\\\/eldigitaldeasturias.com\\\/radio\\\/#website\",\"url\":\"https:\\\/\\\/eldigitaldeasturias.com\\\/radio\\\/\",\"name\":\"El Digital de Asturias\",\"description\":\"Diario de informaci\\u00f3n y noticias\",\"inLanguage\":\"es-ES\",\"publisher\":{\"@id\":\"https:\\\/\\\/eldigitaldeasturias.com\\\/radio\\\/#organization\"}}]}\n\t\t<\/script>\n\t\t<!-- All in One SEO Pro -->\r\n\t\t<title>CSIF dice que m\u00e1s de la mitad de los docentes comprometidos por las CCAA a\u00fan no se han incorporado a centros | El Digital de Asturias<\/title>\n\n","aioseo_head_json":{"title":"CSIF dice que m\u00e1s de la mitad de los docentes comprometidos por las CCAA a\u00fan no se han incorporado a centros | El Digital de Asturias","description":"(EUROPA PRESS) - La Central Sindical Independiente y de Funcionarios (CSIF) ha avisado este lunes de que m\u00e1s de mitad de los docentes comprometidos por las comunidades aut\u00f3nomas para hacer frente a las necesidades del nuevo curso escolar en el marco de la pandemia del coronavirus a\u00fan no han llegado a los centros. As\u00ed lo ha","canonical_url":"https:\/\/eldigitaldeasturias.com\/radio\/csif-dice-que-mas-de-la-mitad-de-los-docentes-comprometidos-por-las-ccaa-aun-no-se-han-incorporado-a-centros\/","robots":"max-image-preview:large","keywords":"noticias","webmasterTools":{"google-site-verification":"UA-38556648-1","miscellaneous":""},"schema":{"@context":"https:\/\/schema.org","@graph":[{"@type":"BreadcrumbList","@id":"https:\/\/eldigitaldeasturias.com\/radio\/csif-dice-que-mas-de-la-mitad-de-los-docentes-comprometidos-por-las-ccaa-aun-no-se-han-incorporado-a-centros\/#breadcrumblist","itemListElement":[{"@type":"ListItem","@id":"https:\/\/eldigitaldeasturias.com\/radio#listItem","position":1,"name":"Inicio","item":"https:\/\/eldigitaldeasturias.com\/radio","nextItem":{"@type":"ListItem","@id":"https:\/\/eldigitaldeasturias.com\/radio\/category\/noticias\/#listItem","name":"Noticias"}},{"@type":"ListItem","@id":"https:\/\/eldigitaldeasturias.com\/radio\/category\/noticias\/#listItem","position":2,"name":"Noticias","item":"https:\/\/eldigitaldeasturias.com\/radio\/category\/noticias\/","nextItem":{"@type":"ListItem","@id":"https:\/\/eldigitaldeasturias.com\/radio\/csif-dice-que-mas-de-la-mitad-de-los-docentes-comprometidos-por-las-ccaa-aun-no-se-han-incorporado-a-centros\/#listItem","name":"CSIF dice que m\u00e1s de la mitad de los docentes comprometidos por las CCAA a\u00fan no se han incorporado a centros"},"previousItem":{"@type":"ListItem","@id":"https:\/\/eldigitaldeasturias.com\/radio#listItem","name":"Inicio"}},{"@type":"ListItem","@id":"https:\/\/eldigitaldeasturias.com\/radio\/csif-dice-que-mas-de-la-mitad-de-los-docentes-comprometidos-por-las-ccaa-aun-no-se-han-incorporado-a-centros\/#listItem","position":3,"name":"CSIF dice que m\u00e1s de la mitad de los docentes comprometidos por las CCAA a\u00fan no se han incorporado a centros","previousItem":{"@type":"ListItem","@id":"https:\/\/eldigitaldeasturias.com\/radio\/category\/noticias\/#listItem","name":"Noticias"}}]},{"@type":"NewsArticle","@id":"https:\/\/eldigitaldeasturias.com\/radio\/csif-dice-que-mas-de-la-mitad-de-los-docentes-comprometidos-por-las-ccaa-aun-no-se-han-incorporado-a-centros\/#newsarticle","name":"CSIF dice que m\u00e1s de la mitad de los docentes comprometidos por las CCAA a\u00fan no se han incorporado a centros | El Digital de Asturias","headline":"CSIF dice que m\u00e1s de la mitad de los docentes comprometidos por las CCAA a\u00fan no se han incorporado a centros","author":{"@id":"https:\/\/eldigitaldeasturias.com\/radio\/author\/nbasturias\/#author"},"publisher":{"@id":"https:\/\/eldigitaldeasturias.com\/radio\/#organization"},"image":{"@type":"ImageObject","url":"https:\/\/eldigitaldeasturias.com\/radio\/wp-content\/uploads\/2020\/09\/board-1666644_640.jpg","width":640,"height":426},"datePublished":"2020-09-08T11:24:17+02:00","dateModified":"2020-09-08T11:24:17+02:00","inLanguage":"es-ES","mainEntityOfPage":{"@id":"https:\/\/eldigitaldeasturias.com\/radio\/csif-dice-que-mas-de-la-mitad-de-los-docentes-comprometidos-por-las-ccaa-aun-no-se-han-incorporado-a-centros\/#webpage"},"isPartOf":{"@id":"https:\/\/eldigitaldeasturias.com\/radio\/csif-dice-que-mas-de-la-mitad-de-los-docentes-comprometidos-por-las-ccaa-aun-no-se-han-incorporado-a-centros\/#webpage"},"articleSection":"Noticias","dateline":"Publicado el septiembre 8, 2020."},{"@type":"Organization","@id":"https:\/\/eldigitaldeasturias.com\/radio\/#organization","name":"El digital de Asturias Radio","description":"Diario de informaci\u00f3n y noticias","url":"https:\/\/eldigitaldeasturias.com\/radio\/","telephone":"+34652131393","logo":{"@type":"ImageObject","url":"https:\/\/www.eldigitaldeasturias.com\/radio\/wp-content\/uploads\/2021\/03\/EDA.jpg","@id":"https:\/\/eldigitaldeasturias.com\/radio\/csif-dice-que-mas-de-la-mitad-de-los-docentes-comprometidos-por-las-ccaa-aun-no-se-han-incorporado-a-centros\/#organizationLogo"},"image":{"@id":"https:\/\/eldigitaldeasturias.com\/radio\/csif-dice-que-mas-de-la-mitad-de-los-docentes-comprometidos-por-las-ccaa-aun-no-se-han-incorporado-a-centros\/#organizationLogo"},"sameAs":["https:\/\/www.facebook.com\/","https:\/\/x.com\/bercodi","https:\/\/www.instagram.com\/","https:\/\/www.youtube.com\/channel\/UCZP-2wLEB9Rv6erhFmqVnvg"]},{"@type":"Person","@id":"https:\/\/eldigitaldeasturias.com\/radio\/author\/nbasturias\/#author","url":"https:\/\/eldigitaldeasturias.com\/radio\/author\/nbasturias\/","name":"NBAsturias","image":{"@type":"ImageObject","@id":"https:\/\/eldigitaldeasturias.com\/radio\/csif-dice-que-mas-de-la-mitad-de-los-docentes-comprometidos-por-las-ccaa-aun-no-se-han-incorporado-a-centros\/#authorImage","url":"https:\/\/secure.gravatar.com\/avatar\/df2aeffc32bcd13f8d26072ef8a91b623d677766deac7f97ca815868cd41bf5e?s=96&d=mm&r=g","width":96,"height":96,"caption":"NBAsturias"}},{"@type":"WebPage","@id":"https:\/\/eldigitaldeasturias.com\/radio\/csif-dice-que-mas-de-la-mitad-de-los-docentes-comprometidos-por-las-ccaa-aun-no-se-han-incorporado-a-centros\/#webpage","url":"https:\/\/eldigitaldeasturias.com\/radio\/csif-dice-que-mas-de-la-mitad-de-los-docentes-comprometidos-por-las-ccaa-aun-no-se-han-incorporado-a-centros\/","name":"CSIF dice que m\u00e1s de la mitad de los docentes comprometidos por las CCAA a\u00fan no se han incorporado a centros | El Digital de Asturias","description":"(EUROPA PRESS) - La Central Sindical Independiente y de Funcionarios (CSIF) ha avisado este lunes de que m\u00e1s de mitad de los docentes comprometidos por las comunidades aut\u00f3nomas para hacer frente a las necesidades del nuevo curso escolar en el marco de la pandemia del coronavirus a\u00fan no han llegado a los centros. As\u00ed lo ha","inLanguage":"es-ES","isPartOf":{"@id":"https:\/\/eldigitaldeasturias.com\/radio\/#website"},"breadcrumb":{"@id":"https:\/\/eldigitaldeasturias.com\/radio\/csif-dice-que-mas-de-la-mitad-de-los-docentes-comprometidos-por-las-ccaa-aun-no-se-han-incorporado-a-centros\/#breadcrumblist"},"author":{"@id":"https:\/\/eldigitaldeasturias.com\/radio\/author\/nbasturias\/#author"},"creator":{"@id":"https:\/\/eldigitaldeasturias.com\/radio\/author\/nbasturias\/#author"},"image":{"@type":"ImageObject","url":"https:\/\/eldigitaldeasturias.com\/radio\/wp-content\/uploads\/2020\/09\/board-1666644_640.jpg","@id":"https:\/\/eldigitaldeasturias.com\/radio\/csif-dice-que-mas-de-la-mitad-de-los-docentes-comprometidos-por-las-ccaa-aun-no-se-han-incorporado-a-centros\/#mainImage","width":640,"height":426},"primaryImageOfPage":{"@id":"https:\/\/eldigitaldeasturias.com\/radio\/csif-dice-que-mas-de-la-mitad-de-los-docentes-comprometidos-por-las-ccaa-aun-no-se-han-incorporado-a-centros\/#mainImage"},"datePublished":"2020-09-08T11:24:17+02:00","dateModified":"2020-09-08T11:24:17+02:00"},{"@type":"WebSite","@id":"https:\/\/eldigitaldeasturias.com\/radio\/#website","url":"https:\/\/eldigitaldeasturias.com\/radio\/","name":"El Digital de Asturias","description":"Diario de informaci\u00f3n y noticias","inLanguage":"es-ES","publisher":{"@id":"https:\/\/eldigitaldeasturias.com\/radio\/#organization"}}]},"og:locale":"es_ES","og:site_name":"El Digital de Asturias | Diario de informaci\u00f3n y noticias","og:type":"article","og:title":"CSIF dice que m\u00e1s de la mitad de los docentes comprometidos por las CCAA a\u00fan no se han incorporado a centros | El Digital de Asturias","og:description":"(EUROPA PRESS) - La Central Sindical Independiente y de Funcionarios (CSIF) ha avisado este lunes de que m\u00e1s de mitad de los docentes comprometidos por las comunidades aut\u00f3nomas para hacer frente a las necesidades del nuevo curso escolar en el marco de la pandemia del coronavirus a\u00fan no han llegado a los centros. As\u00ed lo ha","og:url":"https:\/\/eldigitaldeasturias.com\/radio\/csif-dice-que-mas-de-la-mitad-de-los-docentes-comprometidos-por-las-ccaa-aun-no-se-han-incorporado-a-centros\/","og:image":"https:\/\/eldigitaldeasturias.com\/radio\/wp-content\/uploads\/2020\/09\/board-1666644_640.jpg","og:image:secure_url":"https:\/\/eldigitaldeasturias.com\/radio\/wp-content\/uploads\/2020\/09\/board-1666644_640.jpg","og:image:width":640,"og:image:height":426,"article:published_time":"2020-09-08T11:24:17+00:00","article:modified_time":"2020-09-08T11:24:17+00:00","twitter:card":"summary_large_image","twitter:site":"@bercodi","twitter:title":"CSIF dice que m\u00e1s de la mitad de los docentes comprometidos por las CCAA a\u00fan no se han incorporado a centros | El Digital de Asturias","twitter:description":"(EUROPA PRESS) - La Central Sindical Independiente y de Funcionarios (CSIF) ha avisado este lunes de que m\u00e1s de mitad de los docentes comprometidos por las comunidades aut\u00f3nomas para hacer frente a las necesidades del nuevo curso escolar en el marco de la pandemia del coronavirus a\u00fan no han llegado a los centros. As\u00ed lo ha","twitter:creator":"@bercodi","twitter:image":"https:\/\/eldigitaldeasturias.com\/radio\/wp-content\/uploads\/2020\/09\/board-1666644_640.jpg"},"aioseo_meta_data":{"post_id":"5112","title":null,"description":"","keywords":"","keyphrases":null,"primary_term":null,"canonical_url":"","og_title":null,"og_description":null,"og_object_type":"default","og_image_type":"default","og_image_url":null,"og_image_width":null,"og_image_height":null,"og_image_custom_url":null,"og_image_custom_fields":null,"og_video":null,"og_custom_url":null,"og_article_section":null,"og_article_tags":null,"twitter_use_og":false,"twitter_card":"default","twitter_image_type":"default","twitter_image_url":null,"twitter_image_custom_url":null,"twitter_image_custom_fields":null,"twitter_title":null,"twitter_description":null,"schema":{"blockGraphs":[],"customGraphs":[],"default":{"data":{"Article":[],"Course":[],"Dataset":[],"FAQPage":[],"Movie":[],"Person":[],"Product":[],"ProductReview":[],"Car":[],"Recipe":[],"Service":[],"SoftwareApplication":[],"WebPage":[]},"graphName":"","isEnabled":true},"graphs":[],"defaultGraph":"","defaultPostTypeGraph":""},"schema_type":null,"schema_type_options":null,"pillar_content":false,"robots_default":true,"robots_noindex":false,"robots_noarchive":false,"robots_nosnippet":false,"robots_nofollow":false,"robots_noimageindex":false,"robots_noodp":false,"robots_notranslate":false,"robots_max_snippet":null,"robots_max_videopreview":null,"robots_max_imagepreview":"large","priority":null,"frequency":null,"location":null,"local_seo":null,"seo_analyzer_scan_date":"2025-08-28 17:20:28","breadcrumb_settings":null,"limit_modified_date":false,"open_ai":null,"ai":null,"created":"2021-03-25 14:28:08","updated":"2025-08-28 17:20:28"},"aioseo_breadcrumb":"<div class=\"aioseo-breadcrumbs\"><span class=\"aioseo-breadcrumb\">\n\t<a href=\"https:\/\/eldigitaldeasturias.com\/radio\" title=\"Inicio\">Inicio<\/a>\n<\/span><span class=\"aioseo-breadcrumb-separator\">&ndash;<\/span><span class=\"aioseo-breadcrumb\">\n\t<a href=\"https:\/\/eldigitaldeasturias.com\/radio\/category\/noticias\/\" title=\"Noticias\">Noticias<\/a>\n<\/span><span class=\"aioseo-breadcrumb-separator\">&ndash;<\/span><span class=\"aioseo-breadcrumb\">\n\tCSIF dice que m\u00e1s de la mitad de los docentes comprometidos por las CCAA a\u00fan no se han incorporado a centros\n<\/span><\/div>","aioseo_breadcrumb_json":[{"label":"Inicio","link":"https:\/\/eldigitaldeasturias.com\/radio"},{"label":"Noticias","link":"https:\/\/eldigitaldeasturias.com\/radio\/category\/noticias\/"},{"label":"CSIF dice que m\u00e1s de la mitad de los docentes comprometidos por las CCAA a\u00fan no se han incorporado a centros","link":"https:\/\/eldigitaldeasturias.com\/radio\/csif-dice-que-mas-de-la-mitad-de-los-docentes-comprometidos-por-las-ccaa-aun-no-se-han-incorporado-a-centros\/"}],"_links":{"self":[{"href":"https:\/\/eldigitaldeasturias.com\/radio\/wp-json\/wp\/v2\/posts\/5112","targetHints":{"allow":["GET"]}}],"collection":[{"href":"https:\/\/eldigitaldeasturias.com\/radio\/wp-json\/wp\/v2\/posts"}],"about":[{"href":"https:\/\/eldigitaldeasturias.com\/radio\/wp-json\/wp\/v2\/types\/post"}],"author":[{"embeddable":true,"href":"https:\/\/eldigitaldeasturias.com\/radio\/wp-json\/wp\/v2\/users\/1"}],"replies":[{"embeddable":true,"href":"https:\/\/eldigitaldeasturias.com\/radio\/wp-json\/wp\/v2\/comments?post=5112"}],"version-history":[{"count":0,"href":"https:\/\/eldigitaldeasturias.com\/radio\/wp-json\/wp\/v2\/posts\/5112\/revisions"}],"wp:featuredmedia":[{"embeddable":true,"href":"https:\/\/eldigitaldeasturias.com\/radio\/wp-json\/wp\/v2\/media\/5094"}],"wp:attachment":[{"href":"https:\/\/eldigitaldeasturias.com\/radio\/wp-json\/wp\/v2\/media?parent=5112"}],"wp:term":[{"taxonomy":"category","embeddable":true,"href":"https:\/\/eldigitaldeasturias.com\/radio\/wp-json\/wp\/v2\/categories?post=5112"},{"taxonomy":"post_tag","embeddable":true,"href":"https:\/\/eldigitaldeasturias.com\/radio\/wp-json\/wp\/v2\/tags?post=5112"}],"curies":[{"name":"wp","href":"https:\/\/api.w.org\/{rel}","templated":true}]}}