{"id":5109,"date":"2020-09-08T11:19:33","date_gmt":"2020-09-08T11:19:33","guid":{"rendered":"http:\/\/www.eldigitaldeasturias.com\/radio\/?p=5109"},"modified":"2020-09-08T11:19:33","modified_gmt":"2020-09-08T11:19:33","slug":"iberdrola-completa-las-contrataciones-en-su-primer-proyecto-eolico-marino-en-el-canal-de-la-mancha","status":"publish","type":"post","link":"https:\/\/eldigitaldeasturias.com\/radio\/iberdrola-completa-las-contrataciones-en-su-primer-proyecto-eolico-marino-en-el-canal-de-la-mancha\/","title":{"rendered":"Iberdrola completa las contrataciones en su primer proyecto e\u00f3lico marino en el canal de La Mancha"},"content":{"rendered":"<p><img fetchpriority=\"high\" decoding=\"async\" class=\"alignleft size-medium wp-image-5110\" src=\"http:\/\/www.eldigitaldeasturias.com\/radio\/wp-content\/uploads\/2020\/09\/nature-3414007_640-360x240.jpg\" alt=\"\" width=\"360\" height=\"240\" srcset=\"https:\/\/eldigitaldeasturias.com\/radio\/wp-content\/uploads\/2020\/09\/nature-3414007_640-360x240.jpg 360w, https:\/\/eldigitaldeasturias.com\/radio\/wp-content\/uploads\/2020\/09\/nature-3414007_640.jpg 640w\" sizes=\"(max-width: 360px) 100vw, 360px\" \/>(EUROPA PRESS) &#8211;\u00a0Iberdrola ha completado pr\u00e1cticamente las contrataciones en Saint-Brieuc, el primer proyecto e\u00f3lico marino que levanta en aguas francesas del canal de La Mancha, que supone una inversi\u00f3n de 2.400 millones de euros y contar\u00e1 con una potencia instalada de 496 MW, con la adjudicaci\u00f3n de la subestaci\u00f3n a la joint venture integrada por Eiffage M\u00e9tal y Engie Solutions, ha informado la compa\u00f1\u00eda.<\/p>\n<p>La primera de ellas realizar\u00e1 la ingenier\u00eda y construcci\u00f3n, tanto de la cimentaci\u00f3n como de la cubierta que alojar\u00e1 los transformadores y el resto de equipamientos el\u00e9ctricos. Por su parte, Engie Solutions llevar\u00e1 a cabo el ensamblaje final y su puesta en marcha.<\/p>\n<p>La subestaci\u00f3n es el n\u00facleo central del parque e\u00f3lico marino encargado de recoger y preparar, para su transmisi\u00f3n a tierra, la energ\u00eda el\u00e9ctrica producida por los 62 aerogeneradores que integrar\u00e1n la instalaci\u00f3n, estimada en unos 1.820 GWh al a\u00f1o; un volumen que atender\u00e1 las necesidades energ\u00e9ticas de una poblaci\u00f3n equivalente a 835.000 personas y evitar\u00e1 la emisi\u00f3n a la atm\u00f3sfera de 100.000 toneladas anuales de CO2.<\/p>\n<p>La estructura que la soporta est\u00e1 formada por una cimentaci\u00f3n -jacket- de 63 metros de altura y un peso de 1.630 toneladas, y una cubierta de 55 metros de largo, 31 de ancho y 23 de altura, con un peso total aproximado de 3.400 toneladas.<\/p>\n<p>La construcci\u00f3n de la subestaci\u00f3n estar\u00e1 finalizada a comienzos de 2022 y se desarrollar\u00e1 en los astilleros que la constructora Eiffage opera en B\u00e9lgica y Polonia. El montaje se realizar\u00e1 en los muelles de Engie Solutions en Holanda.<\/p>\n<p>Saint-Brieuc -como ya ocurriera con los proyectos e\u00f3licos marinos de Wikinger y m\u00e1s recientemente East Anglia One- se ha convertido en un nuevo ejemplo de c\u00f3mo la econom\u00eda verde sustentada en inversiones en renovables impulsa la industrializaci\u00f3n en sectores de futuro en Europa y act\u00faa como tractor del empleo sostenible y de calidad en empresas espa\u00f1olas y europeas.<\/p>\n<p>El pasado mes de junio, la UTE Navantia-Windar se adjudic\u00f3 la construcci\u00f3n de las 62 jackets, las plataformas, con sus respectivos pilotes, que anclan los aerogeneradores al lecho marino.<\/p>\n<p>El contrato, con un importe de 350 millones de euros, es el mayor pedido conseguido en su historia por la empresa conjunta Navantia-Windar en el sector de la e\u00f3lica marina y generar\u00e1 una carga de trabajo para unos 1.000 empleos, tanto en Asturias -donde se fabrican los pilotes- , como en Galicia, donde se realizan los jackets y el ensamblaje de todos los componentes.<\/p>\n<p>De hecho, en estos momentos, trabajan unas 15 empresas locales en la R\u00eda de Ferrol (Galicia) y en Avil\u00e9s (Asturias) en su fabricaci\u00f3n, y se estima que la cifra se duplicar\u00e1 en los pr\u00f3ximos meses.<\/p>\n<p>Asimismo, en las instalaciones del puerto de Brest, el contrato ha movilizado casi a una decena de empresas espa\u00f1olas.<\/p>\n<p>Desde marzo de 2020, Iberdrola ha cerrado casi todos los contratos de suministro de Saint-Brieuc, a falta de adjudicar los equipos el\u00e9ctricos de la subestaci\u00f3n.<\/p>\n<p>Los aerogeneradores est\u00e1n siendo fabricados por Siemens Gamesa, Prysmian se har\u00e1 cargo del cable submarino, Van Oord realizar\u00e1 el transporte de las cimentaciones -previsto para la primavera de 2021- y Saipem instalar\u00e1 la subestaci\u00f3n en el emplazamiento.<\/p>\n<p>La puesta en marcha del parque e\u00f3lico est\u00e1 prevista, previsiblemente, para 2023. Esta nueva instalaci\u00f3n muestra la apuesta de Iberdrola por el mercado franc\u00e9s, en el que la compa\u00f1\u00eda prev\u00e9 invertir hasta 4.000 millones de euros en los pr\u00f3ximos cuatro a\u00f1os.<\/p>\n<p>En el segmento de la e\u00f3lica marina, la compa\u00f1\u00eda ya tiene en operaci\u00f3n parques en los mares de Irlanda, el B\u00e1ltico en aguas alemanas y en el Reino Unido; trabaja en nuevos desarrollos en el Reino Unido y Estados Unidos, adem\u00e1s de Francia, y cuenta con una cartera de 12.000 MW.<\/p>\n<p>ACELERA INVERSIONES<\/p>\n<p>Iberdrola conf\u00eda en que la electrificaci\u00f3n actuar\u00e1 de palanca de cambio en el mundo postCovid y, por ello, ha acelerado inversiones para contribuir a la reactivaci\u00f3n de la actividad econ\u00f3mica y el empleo.<\/p>\n<p>Esta apuesta por la recuperaci\u00f3n en verde le ha llevado a comprometer inversiones r\u00e9cord este a\u00f1o de 10.000 millones de euros en energ\u00edas renovables, redes el\u00e9ctricas inteligentes y sistemas de almacenamiento a gran escala, despu\u00e9s de haber destinado 100.000 millones desde 2001 en el mundo.<\/p>\n<p>Al cierre de junio de 2020, Iberdrola operaba 32.695 MW renovables en el mundo y cuenta con una cartera de proyectos renovables que supera los 58.000 MW.<\/p>\n","protected":false},"excerpt":{"rendered":"<p>(EUROPA PRESS) &#8211;\u00a0Iberdrola ha completado pr\u00e1cticamente las contrataciones en Saint-Brieuc, el primer proyecto e\u00f3lico marino que levanta en aguas francesas del canal de La Mancha, que supone una inversi\u00f3n de 2.400 millones de euros y contar\u00e1 con una potencia instalada de 496 MW, con la adjudicaci\u00f3n de la subestaci\u00f3n a la joint venture integrada por<\/p>\n","protected":false},"author":1,"featured_media":5110,"comment_status":"closed","ping_status":"closed","sticky":false,"template":"","format":"standard","meta":{"footnotes":""},"categories":[35],"tags":[],"class_list":{"0":"post-5109","1":"post","2":"type-post","3":"status-publish","4":"format-standard","5":"has-post-thumbnail","7":"category-negocios"},"aioseo_notices":[],"aioseo_head":"\n\t\t<!-- All in One SEO Pro 4.9.6.2 - aioseo.com -->\n\t<meta name=\"description\" content=\"(EUROPA PRESS) - Iberdrola ha completado pr\u00e1cticamente las contrataciones en Saint-Brieuc, el primer proyecto e\u00f3lico marino que levanta en aguas francesas del canal de La Mancha, que supone una inversi\u00f3n de 2.400 millones de euros y contar\u00e1 con una potencia instalada de 496 MW, con la adjudicaci\u00f3n de la subestaci\u00f3n a la joint venture integrada por\" \/>\n\t<meta name=\"robots\" content=\"max-image-preview:large\" \/>\n\t<meta name=\"author\" content=\"NBAsturias\"\/>\n\t<meta name=\"google-site-verification\" content=\"UA-38556648-1\" \/>\n\t<meta name=\"keywords\" content=\"negocios\" \/>\n\t<link rel=\"canonical\" href=\"https:\/\/eldigitaldeasturias.com\/radio\/iberdrola-completa-las-contrataciones-en-su-primer-proyecto-eolico-marino-en-el-canal-de-la-mancha\/\" \/>\n\t<meta name=\"generator\" content=\"All in One SEO Pro (AIOSEO) 4.9.6.2\" \/>\n\t\t<meta property=\"og:locale\" content=\"es_ES\" \/>\n\t\t<meta property=\"og:site_name\" content=\"El Digital de Asturias | Diario de informaci\u00f3n y noticias\" \/>\n\t\t<meta property=\"og:type\" content=\"article\" \/>\n\t\t<meta property=\"og:title\" content=\"Iberdrola completa las contrataciones en su primer proyecto e\u00f3lico marino en el canal de La Mancha | El Digital de Asturias\" \/>\n\t\t<meta property=\"og:description\" content=\"(EUROPA PRESS) - Iberdrola ha completado pr\u00e1cticamente las contrataciones en Saint-Brieuc, el primer proyecto e\u00f3lico marino que levanta en aguas francesas del canal de La Mancha, que supone una inversi\u00f3n de 2.400 millones de euros y contar\u00e1 con una potencia instalada de 496 MW, con la adjudicaci\u00f3n de la subestaci\u00f3n a la joint venture integrada por\" \/>\n\t\t<meta property=\"og:url\" content=\"https:\/\/eldigitaldeasturias.com\/radio\/iberdrola-completa-las-contrataciones-en-su-primer-proyecto-eolico-marino-en-el-canal-de-la-mancha\/\" \/>\n\t\t<meta property=\"og:image\" content=\"https:\/\/eldigitaldeasturias.com\/radio\/wp-content\/uploads\/2020\/09\/nature-3414007_640.jpg\" \/>\n\t\t<meta property=\"og:image:secure_url\" content=\"https:\/\/eldigitaldeasturias.com\/radio\/wp-content\/uploads\/2020\/09\/nature-3414007_640.jpg\" \/>\n\t\t<meta property=\"og:image:width\" content=\"640\" \/>\n\t\t<meta property=\"og:image:height\" content=\"426\" \/>\n\t\t<meta property=\"article:published_time\" content=\"2020-09-08T11:19:33+00:00\" \/>\n\t\t<meta property=\"article:modified_time\" content=\"2020-09-08T11:19:33+00:00\" \/>\n\t\t<meta name=\"twitter:card\" content=\"summary_large_image\" \/>\n\t\t<meta name=\"twitter:site\" content=\"@bercodi\" \/>\n\t\t<meta name=\"twitter:title\" content=\"Iberdrola completa las contrataciones en su primer proyecto e\u00f3lico marino en el canal de La Mancha | El Digital de Asturias\" \/>\n\t\t<meta name=\"twitter:description\" content=\"(EUROPA PRESS) - Iberdrola ha completado pr\u00e1cticamente las contrataciones en Saint-Brieuc, el primer proyecto e\u00f3lico marino que levanta en aguas francesas del canal de La Mancha, que supone una inversi\u00f3n de 2.400 millones de euros y contar\u00e1 con una potencia instalada de 496 MW, con la adjudicaci\u00f3n de la subestaci\u00f3n a la joint venture integrada por\" \/>\n\t\t<meta name=\"twitter:creator\" content=\"@bercodi\" \/>\n\t\t<meta name=\"twitter:image\" content=\"https:\/\/eldigitaldeasturias.com\/radio\/wp-content\/uploads\/2020\/09\/nature-3414007_640.jpg\" \/>\n\t\t<script type=\"application\/ld+json\" class=\"aioseo-schema\">\n\t\t\t{\"@context\":\"https:\\\/\\\/schema.org\",\"@graph\":[{\"@type\":\"BreadcrumbList\",\"@id\":\"https:\\\/\\\/eldigitaldeasturias.com\\\/radio\\\/iberdrola-completa-las-contrataciones-en-su-primer-proyecto-eolico-marino-en-el-canal-de-la-mancha\\\/#breadcrumblist\",\"itemListElement\":[{\"@type\":\"ListItem\",\"@id\":\"https:\\\/\\\/eldigitaldeasturias.com\\\/radio#listItem\",\"position\":1,\"name\":\"Inicio\",\"item\":\"https:\\\/\\\/eldigitaldeasturias.com\\\/radio\",\"nextItem\":{\"@type\":\"ListItem\",\"@id\":\"https:\\\/\\\/eldigitaldeasturias.com\\\/radio\\\/category\\\/negocios\\\/#listItem\",\"name\":\"Negocios\"}},{\"@type\":\"ListItem\",\"@id\":\"https:\\\/\\\/eldigitaldeasturias.com\\\/radio\\\/category\\\/negocios\\\/#listItem\",\"position\":2,\"name\":\"Negocios\",\"item\":\"https:\\\/\\\/eldigitaldeasturias.com\\\/radio\\\/category\\\/negocios\\\/\",\"nextItem\":{\"@type\":\"ListItem\",\"@id\":\"https:\\\/\\\/eldigitaldeasturias.com\\\/radio\\\/iberdrola-completa-las-contrataciones-en-su-primer-proyecto-eolico-marino-en-el-canal-de-la-mancha\\\/#listItem\",\"name\":\"Iberdrola completa las contrataciones en su primer proyecto e\\u00f3lico marino en el canal de La Mancha\"},\"previousItem\":{\"@type\":\"ListItem\",\"@id\":\"https:\\\/\\\/eldigitaldeasturias.com\\\/radio#listItem\",\"name\":\"Inicio\"}},{\"@type\":\"ListItem\",\"@id\":\"https:\\\/\\\/eldigitaldeasturias.com\\\/radio\\\/iberdrola-completa-las-contrataciones-en-su-primer-proyecto-eolico-marino-en-el-canal-de-la-mancha\\\/#listItem\",\"position\":3,\"name\":\"Iberdrola completa las contrataciones en su primer proyecto e\\u00f3lico marino en el canal de La Mancha\",\"previousItem\":{\"@type\":\"ListItem\",\"@id\":\"https:\\\/\\\/eldigitaldeasturias.com\\\/radio\\\/category\\\/negocios\\\/#listItem\",\"name\":\"Negocios\"}}]},{\"@type\":\"NewsArticle\",\"@id\":\"https:\\\/\\\/eldigitaldeasturias.com\\\/radio\\\/iberdrola-completa-las-contrataciones-en-su-primer-proyecto-eolico-marino-en-el-canal-de-la-mancha\\\/#newsarticle\",\"name\":\"Iberdrola completa las contrataciones en su primer proyecto e\\u00f3lico marino en el canal de La Mancha | El Digital de Asturias\",\"headline\":\"Iberdrola completa las contrataciones en su primer proyecto e\\u00f3lico marino en el canal de La Mancha\",\"author\":{\"@id\":\"https:\\\/\\\/eldigitaldeasturias.com\\\/radio\\\/author\\\/nbasturias\\\/#author\"},\"publisher\":{\"@id\":\"https:\\\/\\\/eldigitaldeasturias.com\\\/radio\\\/#organization\"},\"image\":{\"@type\":\"ImageObject\",\"url\":\"https:\\\/\\\/eldigitaldeasturias.com\\\/radio\\\/wp-content\\\/uploads\\\/2020\\\/09\\\/nature-3414007_640.jpg\",\"width\":640,\"height\":426},\"datePublished\":\"2020-09-08T11:19:33+02:00\",\"dateModified\":\"2020-09-08T11:19:33+02:00\",\"inLanguage\":\"es-ES\",\"mainEntityOfPage\":{\"@id\":\"https:\\\/\\\/eldigitaldeasturias.com\\\/radio\\\/iberdrola-completa-las-contrataciones-en-su-primer-proyecto-eolico-marino-en-el-canal-de-la-mancha\\\/#webpage\"},\"isPartOf\":{\"@id\":\"https:\\\/\\\/eldigitaldeasturias.com\\\/radio\\\/iberdrola-completa-las-contrataciones-en-su-primer-proyecto-eolico-marino-en-el-canal-de-la-mancha\\\/#webpage\"},\"articleSection\":\"Negocios\",\"dateline\":\"Publicado el septiembre 8, 2020.\"},{\"@type\":\"Organization\",\"@id\":\"https:\\\/\\\/eldigitaldeasturias.com\\\/radio\\\/#organization\",\"name\":\"El digital de Asturias Radio\",\"description\":\"Diario de informaci\\u00f3n y noticias\",\"url\":\"https:\\\/\\\/eldigitaldeasturias.com\\\/radio\\\/\",\"telephone\":\"+34652131393\",\"logo\":{\"@type\":\"ImageObject\",\"url\":\"https:\\\/\\\/www.eldigitaldeasturias.com\\\/radio\\\/wp-content\\\/uploads\\\/2021\\\/03\\\/EDA.jpg\",\"@id\":\"https:\\\/\\\/eldigitaldeasturias.com\\\/radio\\\/iberdrola-completa-las-contrataciones-en-su-primer-proyecto-eolico-marino-en-el-canal-de-la-mancha\\\/#organizationLogo\"},\"image\":{\"@id\":\"https:\\\/\\\/eldigitaldeasturias.com\\\/radio\\\/iberdrola-completa-las-contrataciones-en-su-primer-proyecto-eolico-marino-en-el-canal-de-la-mancha\\\/#organizationLogo\"},\"sameAs\":[\"https:\\\/\\\/www.facebook.com\\\/\",\"https:\\\/\\\/x.com\\\/bercodi\",\"https:\\\/\\\/www.instagram.com\\\/\",\"https:\\\/\\\/www.youtube.com\\\/channel\\\/UCZP-2wLEB9Rv6erhFmqVnvg\"]},{\"@type\":\"Person\",\"@id\":\"https:\\\/\\\/eldigitaldeasturias.com\\\/radio\\\/author\\\/nbasturias\\\/#author\",\"url\":\"https:\\\/\\\/eldigitaldeasturias.com\\\/radio\\\/author\\\/nbasturias\\\/\",\"name\":\"NBAsturias\",\"image\":{\"@type\":\"ImageObject\",\"@id\":\"https:\\\/\\\/eldigitaldeasturias.com\\\/radio\\\/iberdrola-completa-las-contrataciones-en-su-primer-proyecto-eolico-marino-en-el-canal-de-la-mancha\\\/#authorImage\",\"url\":\"https:\\\/\\\/secure.gravatar.com\\\/avatar\\\/df2aeffc32bcd13f8d26072ef8a91b623d677766deac7f97ca815868cd41bf5e?s=96&d=mm&r=g\",\"width\":96,\"height\":96,\"caption\":\"NBAsturias\"}},{\"@type\":\"WebPage\",\"@id\":\"https:\\\/\\\/eldigitaldeasturias.com\\\/radio\\\/iberdrola-completa-las-contrataciones-en-su-primer-proyecto-eolico-marino-en-el-canal-de-la-mancha\\\/#webpage\",\"url\":\"https:\\\/\\\/eldigitaldeasturias.com\\\/radio\\\/iberdrola-completa-las-contrataciones-en-su-primer-proyecto-eolico-marino-en-el-canal-de-la-mancha\\\/\",\"name\":\"Iberdrola completa las contrataciones en su primer proyecto e\\u00f3lico marino en el canal de La Mancha | El Digital de Asturias\",\"description\":\"(EUROPA PRESS) - Iberdrola ha completado pr\\u00e1cticamente las contrataciones en Saint-Brieuc, el primer proyecto e\\u00f3lico marino que levanta en aguas francesas del canal de La Mancha, que supone una inversi\\u00f3n de 2.400 millones de euros y contar\\u00e1 con una potencia instalada de 496 MW, con la adjudicaci\\u00f3n de la subestaci\\u00f3n a la joint venture integrada por\",\"inLanguage\":\"es-ES\",\"isPartOf\":{\"@id\":\"https:\\\/\\\/eldigitaldeasturias.com\\\/radio\\\/#website\"},\"breadcrumb\":{\"@id\":\"https:\\\/\\\/eldigitaldeasturias.com\\\/radio\\\/iberdrola-completa-las-contrataciones-en-su-primer-proyecto-eolico-marino-en-el-canal-de-la-mancha\\\/#breadcrumblist\"},\"author\":{\"@id\":\"https:\\\/\\\/eldigitaldeasturias.com\\\/radio\\\/author\\\/nbasturias\\\/#author\"},\"creator\":{\"@id\":\"https:\\\/\\\/eldigitaldeasturias.com\\\/radio\\\/author\\\/nbasturias\\\/#author\"},\"image\":{\"@type\":\"ImageObject\",\"url\":\"https:\\\/\\\/eldigitaldeasturias.com\\\/radio\\\/wp-content\\\/uploads\\\/2020\\\/09\\\/nature-3414007_640.jpg\",\"@id\":\"https:\\\/\\\/eldigitaldeasturias.com\\\/radio\\\/iberdrola-completa-las-contrataciones-en-su-primer-proyecto-eolico-marino-en-el-canal-de-la-mancha\\\/#mainImage\",\"width\":640,\"height\":426},\"primaryImageOfPage\":{\"@id\":\"https:\\\/\\\/eldigitaldeasturias.com\\\/radio\\\/iberdrola-completa-las-contrataciones-en-su-primer-proyecto-eolico-marino-en-el-canal-de-la-mancha\\\/#mainImage\"},\"datePublished\":\"2020-09-08T11:19:33+02:00\",\"dateModified\":\"2020-09-08T11:19:33+02:00\"},{\"@type\":\"WebSite\",\"@id\":\"https:\\\/\\\/eldigitaldeasturias.com\\\/radio\\\/#website\",\"url\":\"https:\\\/\\\/eldigitaldeasturias.com\\\/radio\\\/\",\"name\":\"El Digital de Asturias\",\"description\":\"Diario de informaci\\u00f3n y noticias\",\"inLanguage\":\"es-ES\",\"publisher\":{\"@id\":\"https:\\\/\\\/eldigitaldeasturias.com\\\/radio\\\/#organization\"}}]}\n\t\t<\/script>\n\t\t<!-- All in One SEO Pro -->\r\n\t\t<title>Iberdrola completa las contrataciones en su primer proyecto e\u00f3lico marino en el canal de La Mancha | El Digital de Asturias<\/title>\n\n","aioseo_head_json":{"title":"Iberdrola completa las contrataciones en su primer proyecto e\u00f3lico marino en el canal de La Mancha | El Digital de Asturias","description":"(EUROPA PRESS) - Iberdrola ha completado pr\u00e1cticamente las contrataciones en Saint-Brieuc, el primer proyecto e\u00f3lico marino que levanta en aguas francesas del canal de La Mancha, que supone una inversi\u00f3n de 2.400 millones de euros y contar\u00e1 con una potencia instalada de 496 MW, con la adjudicaci\u00f3n de la subestaci\u00f3n a la joint venture integrada por","canonical_url":"https:\/\/eldigitaldeasturias.com\/radio\/iberdrola-completa-las-contrataciones-en-su-primer-proyecto-eolico-marino-en-el-canal-de-la-mancha\/","robots":"max-image-preview:large","keywords":"negocios","webmasterTools":{"google-site-verification":"UA-38556648-1","miscellaneous":""},"schema":{"@context":"https:\/\/schema.org","@graph":[{"@type":"BreadcrumbList","@id":"https:\/\/eldigitaldeasturias.com\/radio\/iberdrola-completa-las-contrataciones-en-su-primer-proyecto-eolico-marino-en-el-canal-de-la-mancha\/#breadcrumblist","itemListElement":[{"@type":"ListItem","@id":"https:\/\/eldigitaldeasturias.com\/radio#listItem","position":1,"name":"Inicio","item":"https:\/\/eldigitaldeasturias.com\/radio","nextItem":{"@type":"ListItem","@id":"https:\/\/eldigitaldeasturias.com\/radio\/category\/negocios\/#listItem","name":"Negocios"}},{"@type":"ListItem","@id":"https:\/\/eldigitaldeasturias.com\/radio\/category\/negocios\/#listItem","position":2,"name":"Negocios","item":"https:\/\/eldigitaldeasturias.com\/radio\/category\/negocios\/","nextItem":{"@type":"ListItem","@id":"https:\/\/eldigitaldeasturias.com\/radio\/iberdrola-completa-las-contrataciones-en-su-primer-proyecto-eolico-marino-en-el-canal-de-la-mancha\/#listItem","name":"Iberdrola completa las contrataciones en su primer proyecto e\u00f3lico marino en el canal de La Mancha"},"previousItem":{"@type":"ListItem","@id":"https:\/\/eldigitaldeasturias.com\/radio#listItem","name":"Inicio"}},{"@type":"ListItem","@id":"https:\/\/eldigitaldeasturias.com\/radio\/iberdrola-completa-las-contrataciones-en-su-primer-proyecto-eolico-marino-en-el-canal-de-la-mancha\/#listItem","position":3,"name":"Iberdrola completa las contrataciones en su primer proyecto e\u00f3lico marino en el canal de La Mancha","previousItem":{"@type":"ListItem","@id":"https:\/\/eldigitaldeasturias.com\/radio\/category\/negocios\/#listItem","name":"Negocios"}}]},{"@type":"NewsArticle","@id":"https:\/\/eldigitaldeasturias.com\/radio\/iberdrola-completa-las-contrataciones-en-su-primer-proyecto-eolico-marino-en-el-canal-de-la-mancha\/#newsarticle","name":"Iberdrola completa las contrataciones en su primer proyecto e\u00f3lico marino en el canal de La Mancha | El Digital de Asturias","headline":"Iberdrola completa las contrataciones en su primer proyecto e\u00f3lico marino en el canal de La Mancha","author":{"@id":"https:\/\/eldigitaldeasturias.com\/radio\/author\/nbasturias\/#author"},"publisher":{"@id":"https:\/\/eldigitaldeasturias.com\/radio\/#organization"},"image":{"@type":"ImageObject","url":"https:\/\/eldigitaldeasturias.com\/radio\/wp-content\/uploads\/2020\/09\/nature-3414007_640.jpg","width":640,"height":426},"datePublished":"2020-09-08T11:19:33+02:00","dateModified":"2020-09-08T11:19:33+02:00","inLanguage":"es-ES","mainEntityOfPage":{"@id":"https:\/\/eldigitaldeasturias.com\/radio\/iberdrola-completa-las-contrataciones-en-su-primer-proyecto-eolico-marino-en-el-canal-de-la-mancha\/#webpage"},"isPartOf":{"@id":"https:\/\/eldigitaldeasturias.com\/radio\/iberdrola-completa-las-contrataciones-en-su-primer-proyecto-eolico-marino-en-el-canal-de-la-mancha\/#webpage"},"articleSection":"Negocios","dateline":"Publicado el septiembre 8, 2020."},{"@type":"Organization","@id":"https:\/\/eldigitaldeasturias.com\/radio\/#organization","name":"El digital de Asturias Radio","description":"Diario de informaci\u00f3n y noticias","url":"https:\/\/eldigitaldeasturias.com\/radio\/","telephone":"+34652131393","logo":{"@type":"ImageObject","url":"https:\/\/www.eldigitaldeasturias.com\/radio\/wp-content\/uploads\/2021\/03\/EDA.jpg","@id":"https:\/\/eldigitaldeasturias.com\/radio\/iberdrola-completa-las-contrataciones-en-su-primer-proyecto-eolico-marino-en-el-canal-de-la-mancha\/#organizationLogo"},"image":{"@id":"https:\/\/eldigitaldeasturias.com\/radio\/iberdrola-completa-las-contrataciones-en-su-primer-proyecto-eolico-marino-en-el-canal-de-la-mancha\/#organizationLogo"},"sameAs":["https:\/\/www.facebook.com\/","https:\/\/x.com\/bercodi","https:\/\/www.instagram.com\/","https:\/\/www.youtube.com\/channel\/UCZP-2wLEB9Rv6erhFmqVnvg"]},{"@type":"Person","@id":"https:\/\/eldigitaldeasturias.com\/radio\/author\/nbasturias\/#author","url":"https:\/\/eldigitaldeasturias.com\/radio\/author\/nbasturias\/","name":"NBAsturias","image":{"@type":"ImageObject","@id":"https:\/\/eldigitaldeasturias.com\/radio\/iberdrola-completa-las-contrataciones-en-su-primer-proyecto-eolico-marino-en-el-canal-de-la-mancha\/#authorImage","url":"https:\/\/secure.gravatar.com\/avatar\/df2aeffc32bcd13f8d26072ef8a91b623d677766deac7f97ca815868cd41bf5e?s=96&d=mm&r=g","width":96,"height":96,"caption":"NBAsturias"}},{"@type":"WebPage","@id":"https:\/\/eldigitaldeasturias.com\/radio\/iberdrola-completa-las-contrataciones-en-su-primer-proyecto-eolico-marino-en-el-canal-de-la-mancha\/#webpage","url":"https:\/\/eldigitaldeasturias.com\/radio\/iberdrola-completa-las-contrataciones-en-su-primer-proyecto-eolico-marino-en-el-canal-de-la-mancha\/","name":"Iberdrola completa las contrataciones en su primer proyecto e\u00f3lico marino en el canal de La Mancha | El Digital de Asturias","description":"(EUROPA PRESS) - Iberdrola ha completado pr\u00e1cticamente las contrataciones en Saint-Brieuc, el primer proyecto e\u00f3lico marino que levanta en aguas francesas del canal de La Mancha, que supone una inversi\u00f3n de 2.400 millones de euros y contar\u00e1 con una potencia instalada de 496 MW, con la adjudicaci\u00f3n de la subestaci\u00f3n a la joint venture integrada por","inLanguage":"es-ES","isPartOf":{"@id":"https:\/\/eldigitaldeasturias.com\/radio\/#website"},"breadcrumb":{"@id":"https:\/\/eldigitaldeasturias.com\/radio\/iberdrola-completa-las-contrataciones-en-su-primer-proyecto-eolico-marino-en-el-canal-de-la-mancha\/#breadcrumblist"},"author":{"@id":"https:\/\/eldigitaldeasturias.com\/radio\/author\/nbasturias\/#author"},"creator":{"@id":"https:\/\/eldigitaldeasturias.com\/radio\/author\/nbasturias\/#author"},"image":{"@type":"ImageObject","url":"https:\/\/eldigitaldeasturias.com\/radio\/wp-content\/uploads\/2020\/09\/nature-3414007_640.jpg","@id":"https:\/\/eldigitaldeasturias.com\/radio\/iberdrola-completa-las-contrataciones-en-su-primer-proyecto-eolico-marino-en-el-canal-de-la-mancha\/#mainImage","width":640,"height":426},"primaryImageOfPage":{"@id":"https:\/\/eldigitaldeasturias.com\/radio\/iberdrola-completa-las-contrataciones-en-su-primer-proyecto-eolico-marino-en-el-canal-de-la-mancha\/#mainImage"},"datePublished":"2020-09-08T11:19:33+02:00","dateModified":"2020-09-08T11:19:33+02:00"},{"@type":"WebSite","@id":"https:\/\/eldigitaldeasturias.com\/radio\/#website","url":"https:\/\/eldigitaldeasturias.com\/radio\/","name":"El Digital de Asturias","description":"Diario de informaci\u00f3n y noticias","inLanguage":"es-ES","publisher":{"@id":"https:\/\/eldigitaldeasturias.com\/radio\/#organization"}}]},"og:locale":"es_ES","og:site_name":"El Digital de Asturias | Diario de informaci\u00f3n y noticias","og:type":"article","og:title":"Iberdrola completa las contrataciones en su primer proyecto e\u00f3lico marino en el canal de La Mancha | El Digital de Asturias","og:description":"(EUROPA PRESS) - Iberdrola ha completado pr\u00e1cticamente las contrataciones en Saint-Brieuc, el primer proyecto e\u00f3lico marino que levanta en aguas francesas del canal de La Mancha, que supone una inversi\u00f3n de 2.400 millones de euros y contar\u00e1 con una potencia instalada de 496 MW, con la adjudicaci\u00f3n de la subestaci\u00f3n a la joint venture integrada por","og:url":"https:\/\/eldigitaldeasturias.com\/radio\/iberdrola-completa-las-contrataciones-en-su-primer-proyecto-eolico-marino-en-el-canal-de-la-mancha\/","og:image":"https:\/\/eldigitaldeasturias.com\/radio\/wp-content\/uploads\/2020\/09\/nature-3414007_640.jpg","og:image:secure_url":"https:\/\/eldigitaldeasturias.com\/radio\/wp-content\/uploads\/2020\/09\/nature-3414007_640.jpg","og:image:width":640,"og:image:height":426,"article:published_time":"2020-09-08T11:19:33+00:00","article:modified_time":"2020-09-08T11:19:33+00:00","twitter:card":"summary_large_image","twitter:site":"@bercodi","twitter:title":"Iberdrola completa las contrataciones en su primer proyecto e\u00f3lico marino en el canal de La Mancha | El Digital de Asturias","twitter:description":"(EUROPA PRESS) - Iberdrola ha completado pr\u00e1cticamente las contrataciones en Saint-Brieuc, el primer proyecto e\u00f3lico marino que levanta en aguas francesas del canal de La Mancha, que supone una inversi\u00f3n de 2.400 millones de euros y contar\u00e1 con una potencia instalada de 496 MW, con la adjudicaci\u00f3n de la subestaci\u00f3n a la joint venture integrada por","twitter:creator":"@bercodi","twitter:image":"https:\/\/eldigitaldeasturias.com\/radio\/wp-content\/uploads\/2020\/09\/nature-3414007_640.jpg"},"aioseo_meta_data":{"post_id":"5109","title":null,"description":"","keywords":"","keyphrases":null,"primary_term":null,"canonical_url":"","og_title":null,"og_description":null,"og_object_type":"default","og_image_type":"default","og_image_url":null,"og_image_width":null,"og_image_height":null,"og_image_custom_url":null,"og_image_custom_fields":null,"og_video":null,"og_custom_url":null,"og_article_section":null,"og_article_tags":null,"twitter_use_og":false,"twitter_card":"default","twitter_image_type":"default","twitter_image_url":null,"twitter_image_custom_url":null,"twitter_image_custom_fields":null,"twitter_title":null,"twitter_description":null,"schema":{"blockGraphs":[],"customGraphs":[],"default":{"data":{"Article":[],"Course":[],"Dataset":[],"FAQPage":[],"Movie":[],"Person":[],"Product":[],"ProductReview":[],"Car":[],"Recipe":[],"Service":[],"SoftwareApplication":[],"WebPage":[]},"graphName":"","isEnabled":true},"graphs":[],"defaultGraph":"","defaultPostTypeGraph":""},"schema_type":null,"schema_type_options":null,"pillar_content":false,"robots_default":true,"robots_noindex":false,"robots_noarchive":false,"robots_nosnippet":false,"robots_nofollow":false,"robots_noimageindex":false,"robots_noodp":false,"robots_notranslate":false,"robots_max_snippet":null,"robots_max_videopreview":null,"robots_max_imagepreview":"large","priority":null,"frequency":null,"location":null,"local_seo":null,"seo_analyzer_scan_date":"2025-08-28 17:20:27","breadcrumb_settings":null,"limit_modified_date":false,"open_ai":null,"ai":null,"created":"2021-03-25 14:28:09","updated":"2025-08-28 17:20:27"},"aioseo_breadcrumb":"<div class=\"aioseo-breadcrumbs\"><span class=\"aioseo-breadcrumb\">\n\t<a href=\"https:\/\/eldigitaldeasturias.com\/radio\" title=\"Inicio\">Inicio<\/a>\n<\/span><span class=\"aioseo-breadcrumb-separator\">&ndash;<\/span><span class=\"aioseo-breadcrumb\">\n\t<a href=\"https:\/\/eldigitaldeasturias.com\/radio\/category\/negocios\/\" title=\"Negocios\">Negocios<\/a>\n<\/span><span class=\"aioseo-breadcrumb-separator\">&ndash;<\/span><span class=\"aioseo-breadcrumb\">\n\tIberdrola completa las contrataciones en su primer proyecto e\u00f3lico marino en el canal de La Mancha\n<\/span><\/div>","aioseo_breadcrumb_json":[{"label":"Inicio","link":"https:\/\/eldigitaldeasturias.com\/radio"},{"label":"Negocios","link":"https:\/\/eldigitaldeasturias.com\/radio\/category\/negocios\/"},{"label":"Iberdrola completa las contrataciones en su primer proyecto e\u00f3lico marino en el canal de La Mancha","link":"https:\/\/eldigitaldeasturias.com\/radio\/iberdrola-completa-las-contrataciones-en-su-primer-proyecto-eolico-marino-en-el-canal-de-la-mancha\/"}],"_links":{"self":[{"href":"https:\/\/eldigitaldeasturias.com\/radio\/wp-json\/wp\/v2\/posts\/5109","targetHints":{"allow":["GET"]}}],"collection":[{"href":"https:\/\/eldigitaldeasturias.com\/radio\/wp-json\/wp\/v2\/posts"}],"about":[{"href":"https:\/\/eldigitaldeasturias.com\/radio\/wp-json\/wp\/v2\/types\/post"}],"author":[{"embeddable":true,"href":"https:\/\/eldigitaldeasturias.com\/radio\/wp-json\/wp\/v2\/users\/1"}],"replies":[{"embeddable":true,"href":"https:\/\/eldigitaldeasturias.com\/radio\/wp-json\/wp\/v2\/comments?post=5109"}],"version-history":[{"count":0,"href":"https:\/\/eldigitaldeasturias.com\/radio\/wp-json\/wp\/v2\/posts\/5109\/revisions"}],"wp:featuredmedia":[{"embeddable":true,"href":"https:\/\/eldigitaldeasturias.com\/radio\/wp-json\/wp\/v2\/media\/5110"}],"wp:attachment":[{"href":"https:\/\/eldigitaldeasturias.com\/radio\/wp-json\/wp\/v2\/media?parent=5109"}],"wp:term":[{"taxonomy":"category","embeddable":true,"href":"https:\/\/eldigitaldeasturias.com\/radio\/wp-json\/wp\/v2\/categories?post=5109"},{"taxonomy":"post_tag","embeddable":true,"href":"https:\/\/eldigitaldeasturias.com\/radio\/wp-json\/wp\/v2\/tags?post=5109"}],"curies":[{"name":"wp","href":"https:\/\/api.w.org\/{rel}","templated":true}]}}