{"id":5103,"date":"2020-09-08T11:15:23","date_gmt":"2020-09-08T11:15:23","guid":{"rendered":"http:\/\/www.eldigitaldeasturias.com\/radio\/?p=5103"},"modified":"2020-09-08T11:15:23","modified_gmt":"2020-09-08T11:15:23","slug":"el-psoe-de-oviedo-acusa-al-ayuntamiento-de-falta-de-compromiso-con-los-eventos-culturales","status":"publish","type":"post","link":"https:\/\/eldigitaldeasturias.com\/radio\/el-psoe-de-oviedo-acusa-al-ayuntamiento-de-falta-de-compromiso-con-los-eventos-culturales\/","title":{"rendered":"El PSOE de Oviedo acusa al Ayuntamiento de \u00abfalta de compromiso\u00bb con los eventos culturales"},"content":{"rendered":"<figure id=\"attachment_5104\" aria-describedby=\"caption-attachment-5104\" style=\"width: 360px\" class=\"wp-caption alignleft\"><img fetchpriority=\"high\" decoding=\"async\" class=\"size-medium wp-image-5104\" src=\"http:\/\/www.eldigitaldeasturias.com\/radio\/wp-content\/uploads\/2020\/09\/PSOE-Oviedo-360x271.jpg\" alt=\"\" width=\"360\" height=\"271\" srcset=\"https:\/\/eldigitaldeasturias.com\/radio\/wp-content\/uploads\/2020\/09\/PSOE-Oviedo-360x271.jpg 360w, https:\/\/eldigitaldeasturias.com\/radio\/wp-content\/uploads\/2020\/09\/PSOE-Oviedo.jpg 653w\" sizes=\"(max-width: 360px) 100vw, 360px\" \/><figcaption id=\"caption-attachment-5104\" class=\"wp-caption-text\">Diego Vali\u00f1o y Lidia Falc\u00f3n. &#8211; EUROPA PRESS<\/figcaption><\/figure>\n<p>(EUROPA PRESS) &#8211;\u00a0La concejala del PSOE en Oviedo Lucia Falc\u00f3n ha acusado al responsable de Cultura, Jos\u00e9 Luis Costillas (Cs), de \u00abdescoordinaci\u00f3n\u00bb en los eventos culturales y festivos del verano y de una \u00abfalta de compromiso\u00bb con otras actividades ya cl\u00e1sicas del calendario, como el Otero Brutal Fest.<\/p>\n<p>En ese sentido, Falc\u00f3n ha recordado las criticas de la cantante Ainhoa Artera ante la falta de promoci\u00f3n del recital que ofreci\u00f3 hace unos d\u00edas en la ciudad.<\/p>\n<p>La concejala ha realizado estas declaraciones junto a su compa\u00f1ero de grupo, Diego Vali\u00f1o, este lunes tras la reuni\u00f3n de la Comisi\u00f3n Delegada de la Fundaci\u00f3n Municipal de Cultura, donde seg\u00fan ha asegurado, el concejal del ramo, Jos\u00e9 Luis Costillas, no les concret\u00f3 el n\u00famero de entradas que vendi\u00f3 Ainhoa Arteta, pero si el de otros conciertos realizados en la ciudad.<\/p>\n<p>Sobre la falta de publicidad del evento, Falc\u00f3n ha se\u00f1alado que se ha debido a la \u00abdescoordinaci\u00f3n\u00bb entre las diferentes actividades. Por eso, ha reclamado a Costillas el mismo trato a todos los creadores, sobre todo a los asturianos y ovetenses.<\/p>\n<p>Del mismo modo, ha se\u00f1alado que el Ayuntamiento se comprometi\u00f3 a ayudar a la organizaci\u00f3n del Otero Brutal Fest con 50.000 euros, pero que ahora la cifra va a ser de 26.000 euros, lo que su juicio supone una \u00abfalta de compromiso\u00bb con esta actividad. \u00abEst\u00e1 bien que se hagan cosas nuevas, pero el concejal no debe llevarse por sus gustos personales y debe tratar bien a otros eventos que son parte del patrimonio ovetense\u00bb, ha se\u00f1alado.<\/p>\n<p>Por otro lado, Diego Vali\u00f1o se ha referido a las actividades programadas para San Mateo, que seg\u00fan Festejos han tenido un presupuesto de 900.000 euros, lo que para Vali\u00f1o podr\u00eda haber permitido \u00abhacer mucho m\u00e1s\u00bb. \u00abPodr\u00eda haber actividades sin grandes aglomeraciones, con peque\u00f1as actuaciones de artistas locales en los barrios\u00bb, ha se\u00f1alado.<\/p>\n<p>\u00abAhora solo hay conciertos en el Auditorio y solo se pueden comprar entradas de dos en dos, seg\u00fan dicen por cuestiones t\u00e9cnicas. Son excusas para no hacer bien el trabajo\u00bb, ha afirmado, de la que ha indicado que tambi\u00e9n falta retransmitir online los conciertos.<\/p>\n","protected":false},"excerpt":{"rendered":"<p>(EUROPA PRESS) &#8211;\u00a0La concejala del PSOE en Oviedo Lucia Falc\u00f3n ha acusado al responsable de Cultura, Jos\u00e9 Luis Costillas (Cs), de \u00abdescoordinaci\u00f3n\u00bb en los eventos culturales y festivos del verano y de una \u00abfalta de compromiso\u00bb con otras actividades ya cl\u00e1sicas del calendario, como el Otero Brutal Fest. En ese sentido, Falc\u00f3n ha recordado las<\/p>\n","protected":false},"author":1,"featured_media":5104,"comment_status":"closed","ping_status":"closed","sticky":false,"template":"","format":"standard","meta":{"footnotes":""},"categories":[1],"tags":[],"class_list":{"0":"post-5103","1":"post","2":"type-post","3":"status-publish","4":"format-standard","5":"has-post-thumbnail","7":"category-noticias"},"aioseo_notices":[],"aioseo_head":"\n\t\t<!-- All in One SEO Pro 4.9.6.2 - aioseo.com -->\n\t<meta name=\"description\" content=\"(EUROPA PRESS) - La concejala del PSOE en Oviedo Lucia Falc\u00f3n ha acusado al responsable de Cultura, Jos\u00e9 Luis Costillas (Cs), de &quot;descoordinaci\u00f3n&quot; en los eventos culturales y festivos del verano y de una &quot;falta de compromiso&quot; con otras actividades ya cl\u00e1sicas del calendario, como el Otero Brutal Fest. En ese sentido, Falc\u00f3n ha recordado las\" \/>\n\t<meta name=\"robots\" content=\"max-image-preview:large\" \/>\n\t<meta name=\"author\" content=\"NBAsturias\"\/>\n\t<meta name=\"google-site-verification\" content=\"UA-38556648-1\" \/>\n\t<meta name=\"keywords\" content=\"noticias\" \/>\n\t<link rel=\"canonical\" href=\"https:\/\/eldigitaldeasturias.com\/radio\/el-psoe-de-oviedo-acusa-al-ayuntamiento-de-falta-de-compromiso-con-los-eventos-culturales\/\" \/>\n\t<meta name=\"generator\" content=\"All in One SEO Pro (AIOSEO) 4.9.6.2\" \/>\n\t\t<meta property=\"og:locale\" content=\"es_ES\" \/>\n\t\t<meta property=\"og:site_name\" content=\"El Digital de Asturias | Diario de informaci\u00f3n y noticias\" \/>\n\t\t<meta property=\"og:type\" content=\"article\" \/>\n\t\t<meta property=\"og:title\" content=\"El PSOE de Oviedo acusa al Ayuntamiento de \u00abfalta de compromiso\u00bb con los eventos culturales | El Digital de Asturias\" \/>\n\t\t<meta property=\"og:description\" content=\"(EUROPA PRESS) - La concejala del PSOE en Oviedo Lucia Falc\u00f3n ha acusado al responsable de Cultura, Jos\u00e9 Luis Costillas (Cs), de &quot;descoordinaci\u00f3n&quot; en los eventos culturales y festivos del verano y de una &quot;falta de compromiso&quot; con otras actividades ya cl\u00e1sicas del calendario, como el Otero Brutal Fest. En ese sentido, Falc\u00f3n ha recordado las\" \/>\n\t\t<meta property=\"og:url\" content=\"https:\/\/eldigitaldeasturias.com\/radio\/el-psoe-de-oviedo-acusa-al-ayuntamiento-de-falta-de-compromiso-con-los-eventos-culturales\/\" \/>\n\t\t<meta property=\"og:image\" content=\"https:\/\/eldigitaldeasturias.com\/radio\/wp-content\/uploads\/2020\/09\/PSOE-Oviedo.jpg\" \/>\n\t\t<meta property=\"og:image:secure_url\" content=\"https:\/\/eldigitaldeasturias.com\/radio\/wp-content\/uploads\/2020\/09\/PSOE-Oviedo.jpg\" \/>\n\t\t<meta property=\"og:image:width\" content=\"653\" \/>\n\t\t<meta property=\"og:image:height\" content=\"491\" \/>\n\t\t<meta property=\"article:published_time\" content=\"2020-09-08T11:15:23+00:00\" \/>\n\t\t<meta property=\"article:modified_time\" content=\"2020-09-08T11:15:23+00:00\" \/>\n\t\t<meta name=\"twitter:card\" content=\"summary_large_image\" \/>\n\t\t<meta name=\"twitter:site\" content=\"@bercodi\" \/>\n\t\t<meta name=\"twitter:title\" content=\"El PSOE de Oviedo acusa al Ayuntamiento de \u00abfalta de compromiso\u00bb con los eventos culturales | El Digital de Asturias\" \/>\n\t\t<meta name=\"twitter:description\" content=\"(EUROPA PRESS) - La concejala del PSOE en Oviedo Lucia Falc\u00f3n ha acusado al responsable de Cultura, Jos\u00e9 Luis Costillas (Cs), de &quot;descoordinaci\u00f3n&quot; en los eventos culturales y festivos del verano y de una &quot;falta de compromiso&quot; con otras actividades ya cl\u00e1sicas del calendario, como el Otero Brutal Fest. En ese sentido, Falc\u00f3n ha recordado las\" \/>\n\t\t<meta name=\"twitter:creator\" content=\"@bercodi\" \/>\n\t\t<meta name=\"twitter:image\" content=\"https:\/\/eldigitaldeasturias.com\/radio\/wp-content\/uploads\/2020\/09\/PSOE-Oviedo.jpg\" \/>\n\t\t<script type=\"application\/ld+json\" class=\"aioseo-schema\">\n\t\t\t{\"@context\":\"https:\\\/\\\/schema.org\",\"@graph\":[{\"@type\":\"BreadcrumbList\",\"@id\":\"https:\\\/\\\/eldigitaldeasturias.com\\\/radio\\\/el-psoe-de-oviedo-acusa-al-ayuntamiento-de-falta-de-compromiso-con-los-eventos-culturales\\\/#breadcrumblist\",\"itemListElement\":[{\"@type\":\"ListItem\",\"@id\":\"https:\\\/\\\/eldigitaldeasturias.com\\\/radio#listItem\",\"position\":1,\"name\":\"Inicio\",\"item\":\"https:\\\/\\\/eldigitaldeasturias.com\\\/radio\",\"nextItem\":{\"@type\":\"ListItem\",\"@id\":\"https:\\\/\\\/eldigitaldeasturias.com\\\/radio\\\/category\\\/noticias\\\/#listItem\",\"name\":\"Noticias\"}},{\"@type\":\"ListItem\",\"@id\":\"https:\\\/\\\/eldigitaldeasturias.com\\\/radio\\\/category\\\/noticias\\\/#listItem\",\"position\":2,\"name\":\"Noticias\",\"item\":\"https:\\\/\\\/eldigitaldeasturias.com\\\/radio\\\/category\\\/noticias\\\/\",\"nextItem\":{\"@type\":\"ListItem\",\"@id\":\"https:\\\/\\\/eldigitaldeasturias.com\\\/radio\\\/el-psoe-de-oviedo-acusa-al-ayuntamiento-de-falta-de-compromiso-con-los-eventos-culturales\\\/#listItem\",\"name\":\"El PSOE de Oviedo acusa al Ayuntamiento de \\u00abfalta de compromiso\\u00bb con los eventos culturales\"},\"previousItem\":{\"@type\":\"ListItem\",\"@id\":\"https:\\\/\\\/eldigitaldeasturias.com\\\/radio#listItem\",\"name\":\"Inicio\"}},{\"@type\":\"ListItem\",\"@id\":\"https:\\\/\\\/eldigitaldeasturias.com\\\/radio\\\/el-psoe-de-oviedo-acusa-al-ayuntamiento-de-falta-de-compromiso-con-los-eventos-culturales\\\/#listItem\",\"position\":3,\"name\":\"El PSOE de Oviedo acusa al Ayuntamiento de \\u00abfalta de compromiso\\u00bb con los eventos culturales\",\"previousItem\":{\"@type\":\"ListItem\",\"@id\":\"https:\\\/\\\/eldigitaldeasturias.com\\\/radio\\\/category\\\/noticias\\\/#listItem\",\"name\":\"Noticias\"}}]},{\"@type\":\"NewsArticle\",\"@id\":\"https:\\\/\\\/eldigitaldeasturias.com\\\/radio\\\/el-psoe-de-oviedo-acusa-al-ayuntamiento-de-falta-de-compromiso-con-los-eventos-culturales\\\/#newsarticle\",\"name\":\"El PSOE de Oviedo acusa al Ayuntamiento de \\u00abfalta de compromiso\\u00bb con los eventos culturales | El Digital de Asturias\",\"headline\":\"El PSOE de Oviedo acusa al Ayuntamiento de \\u00abfalta de compromiso\\u00bb con los eventos culturales\",\"author\":{\"@id\":\"https:\\\/\\\/eldigitaldeasturias.com\\\/radio\\\/author\\\/nbasturias\\\/#author\"},\"publisher\":{\"@id\":\"https:\\\/\\\/eldigitaldeasturias.com\\\/radio\\\/#organization\"},\"image\":{\"@type\":\"ImageObject\",\"url\":\"https:\\\/\\\/eldigitaldeasturias.com\\\/radio\\\/wp-content\\\/uploads\\\/2020\\\/09\\\/PSOE-Oviedo.jpg\",\"width\":653,\"height\":491,\"caption\":\"Diego Vali\\u00f1o y Lidia Falc\\u00f3n. - EUROPA PRESS\"},\"datePublished\":\"2020-09-08T11:15:23+02:00\",\"dateModified\":\"2020-09-08T11:15:23+02:00\",\"inLanguage\":\"es-ES\",\"mainEntityOfPage\":{\"@id\":\"https:\\\/\\\/eldigitaldeasturias.com\\\/radio\\\/el-psoe-de-oviedo-acusa-al-ayuntamiento-de-falta-de-compromiso-con-los-eventos-culturales\\\/#webpage\"},\"isPartOf\":{\"@id\":\"https:\\\/\\\/eldigitaldeasturias.com\\\/radio\\\/el-psoe-de-oviedo-acusa-al-ayuntamiento-de-falta-de-compromiso-con-los-eventos-culturales\\\/#webpage\"},\"articleSection\":\"Noticias\",\"dateline\":\"Publicado el septiembre 8, 2020.\"},{\"@type\":\"Organization\",\"@id\":\"https:\\\/\\\/eldigitaldeasturias.com\\\/radio\\\/#organization\",\"name\":\"El digital de Asturias Radio\",\"description\":\"Diario de informaci\\u00f3n y noticias\",\"url\":\"https:\\\/\\\/eldigitaldeasturias.com\\\/radio\\\/\",\"telephone\":\"+34652131393\",\"logo\":{\"@type\":\"ImageObject\",\"url\":\"https:\\\/\\\/www.eldigitaldeasturias.com\\\/radio\\\/wp-content\\\/uploads\\\/2021\\\/03\\\/EDA.jpg\",\"@id\":\"https:\\\/\\\/eldigitaldeasturias.com\\\/radio\\\/el-psoe-de-oviedo-acusa-al-ayuntamiento-de-falta-de-compromiso-con-los-eventos-culturales\\\/#organizationLogo\"},\"image\":{\"@id\":\"https:\\\/\\\/eldigitaldeasturias.com\\\/radio\\\/el-psoe-de-oviedo-acusa-al-ayuntamiento-de-falta-de-compromiso-con-los-eventos-culturales\\\/#organizationLogo\"},\"sameAs\":[\"https:\\\/\\\/www.facebook.com\\\/\",\"https:\\\/\\\/x.com\\\/bercodi\",\"https:\\\/\\\/www.instagram.com\\\/\",\"https:\\\/\\\/www.youtube.com\\\/channel\\\/UCZP-2wLEB9Rv6erhFmqVnvg\"]},{\"@type\":\"Person\",\"@id\":\"https:\\\/\\\/eldigitaldeasturias.com\\\/radio\\\/author\\\/nbasturias\\\/#author\",\"url\":\"https:\\\/\\\/eldigitaldeasturias.com\\\/radio\\\/author\\\/nbasturias\\\/\",\"name\":\"NBAsturias\",\"image\":{\"@type\":\"ImageObject\",\"@id\":\"https:\\\/\\\/eldigitaldeasturias.com\\\/radio\\\/el-psoe-de-oviedo-acusa-al-ayuntamiento-de-falta-de-compromiso-con-los-eventos-culturales\\\/#authorImage\",\"url\":\"https:\\\/\\\/secure.gravatar.com\\\/avatar\\\/df2aeffc32bcd13f8d26072ef8a91b623d677766deac7f97ca815868cd41bf5e?s=96&d=mm&r=g\",\"width\":96,\"height\":96,\"caption\":\"NBAsturias\"}},{\"@type\":\"WebPage\",\"@id\":\"https:\\\/\\\/eldigitaldeasturias.com\\\/radio\\\/el-psoe-de-oviedo-acusa-al-ayuntamiento-de-falta-de-compromiso-con-los-eventos-culturales\\\/#webpage\",\"url\":\"https:\\\/\\\/eldigitaldeasturias.com\\\/radio\\\/el-psoe-de-oviedo-acusa-al-ayuntamiento-de-falta-de-compromiso-con-los-eventos-culturales\\\/\",\"name\":\"El PSOE de Oviedo acusa al Ayuntamiento de \\u00abfalta de compromiso\\u00bb con los eventos culturales | El Digital de Asturias\",\"description\":\"(EUROPA PRESS) - La concejala del PSOE en Oviedo Lucia Falc\\u00f3n ha acusado al responsable de Cultura, Jos\\u00e9 Luis Costillas (Cs), de \\\"descoordinaci\\u00f3n\\\" en los eventos culturales y festivos del verano y de una \\\"falta de compromiso\\\" con otras actividades ya cl\\u00e1sicas del calendario, como el Otero Brutal Fest. En ese sentido, Falc\\u00f3n ha recordado las\",\"inLanguage\":\"es-ES\",\"isPartOf\":{\"@id\":\"https:\\\/\\\/eldigitaldeasturias.com\\\/radio\\\/#website\"},\"breadcrumb\":{\"@id\":\"https:\\\/\\\/eldigitaldeasturias.com\\\/radio\\\/el-psoe-de-oviedo-acusa-al-ayuntamiento-de-falta-de-compromiso-con-los-eventos-culturales\\\/#breadcrumblist\"},\"author\":{\"@id\":\"https:\\\/\\\/eldigitaldeasturias.com\\\/radio\\\/author\\\/nbasturias\\\/#author\"},\"creator\":{\"@id\":\"https:\\\/\\\/eldigitaldeasturias.com\\\/radio\\\/author\\\/nbasturias\\\/#author\"},\"image\":{\"@type\":\"ImageObject\",\"url\":\"https:\\\/\\\/eldigitaldeasturias.com\\\/radio\\\/wp-content\\\/uploads\\\/2020\\\/09\\\/PSOE-Oviedo.jpg\",\"@id\":\"https:\\\/\\\/eldigitaldeasturias.com\\\/radio\\\/el-psoe-de-oviedo-acusa-al-ayuntamiento-de-falta-de-compromiso-con-los-eventos-culturales\\\/#mainImage\",\"width\":653,\"height\":491,\"caption\":\"Diego Vali\\u00f1o y Lidia Falc\\u00f3n. - EUROPA PRESS\"},\"primaryImageOfPage\":{\"@id\":\"https:\\\/\\\/eldigitaldeasturias.com\\\/radio\\\/el-psoe-de-oviedo-acusa-al-ayuntamiento-de-falta-de-compromiso-con-los-eventos-culturales\\\/#mainImage\"},\"datePublished\":\"2020-09-08T11:15:23+02:00\",\"dateModified\":\"2020-09-08T11:15:23+02:00\"},{\"@type\":\"WebSite\",\"@id\":\"https:\\\/\\\/eldigitaldeasturias.com\\\/radio\\\/#website\",\"url\":\"https:\\\/\\\/eldigitaldeasturias.com\\\/radio\\\/\",\"name\":\"El Digital de Asturias\",\"description\":\"Diario de informaci\\u00f3n y noticias\",\"inLanguage\":\"es-ES\",\"publisher\":{\"@id\":\"https:\\\/\\\/eldigitaldeasturias.com\\\/radio\\\/#organization\"}}]}\n\t\t<\/script>\n\t\t<!-- All in One SEO Pro -->\r\n\t\t<title>El PSOE de Oviedo acusa al Ayuntamiento de \u00abfalta de compromiso\u00bb con los eventos culturales | El Digital de Asturias<\/title>\n\n","aioseo_head_json":{"title":"El PSOE de Oviedo acusa al Ayuntamiento de \u00abfalta de compromiso\u00bb con los eventos culturales | El Digital de Asturias","description":"(EUROPA PRESS) - La concejala del PSOE en Oviedo Lucia Falc\u00f3n ha acusado al responsable de Cultura, Jos\u00e9 Luis Costillas (Cs), de \"descoordinaci\u00f3n\" en los eventos culturales y festivos del verano y de una \"falta de compromiso\" con otras actividades ya cl\u00e1sicas del calendario, como el Otero Brutal Fest. En ese sentido, Falc\u00f3n ha recordado las","canonical_url":"https:\/\/eldigitaldeasturias.com\/radio\/el-psoe-de-oviedo-acusa-al-ayuntamiento-de-falta-de-compromiso-con-los-eventos-culturales\/","robots":"max-image-preview:large","keywords":"noticias","webmasterTools":{"google-site-verification":"UA-38556648-1","miscellaneous":""},"schema":{"@context":"https:\/\/schema.org","@graph":[{"@type":"BreadcrumbList","@id":"https:\/\/eldigitaldeasturias.com\/radio\/el-psoe-de-oviedo-acusa-al-ayuntamiento-de-falta-de-compromiso-con-los-eventos-culturales\/#breadcrumblist","itemListElement":[{"@type":"ListItem","@id":"https:\/\/eldigitaldeasturias.com\/radio#listItem","position":1,"name":"Inicio","item":"https:\/\/eldigitaldeasturias.com\/radio","nextItem":{"@type":"ListItem","@id":"https:\/\/eldigitaldeasturias.com\/radio\/category\/noticias\/#listItem","name":"Noticias"}},{"@type":"ListItem","@id":"https:\/\/eldigitaldeasturias.com\/radio\/category\/noticias\/#listItem","position":2,"name":"Noticias","item":"https:\/\/eldigitaldeasturias.com\/radio\/category\/noticias\/","nextItem":{"@type":"ListItem","@id":"https:\/\/eldigitaldeasturias.com\/radio\/el-psoe-de-oviedo-acusa-al-ayuntamiento-de-falta-de-compromiso-con-los-eventos-culturales\/#listItem","name":"El PSOE de Oviedo acusa al Ayuntamiento de \u00abfalta de compromiso\u00bb con los eventos culturales"},"previousItem":{"@type":"ListItem","@id":"https:\/\/eldigitaldeasturias.com\/radio#listItem","name":"Inicio"}},{"@type":"ListItem","@id":"https:\/\/eldigitaldeasturias.com\/radio\/el-psoe-de-oviedo-acusa-al-ayuntamiento-de-falta-de-compromiso-con-los-eventos-culturales\/#listItem","position":3,"name":"El PSOE de Oviedo acusa al Ayuntamiento de \u00abfalta de compromiso\u00bb con los eventos culturales","previousItem":{"@type":"ListItem","@id":"https:\/\/eldigitaldeasturias.com\/radio\/category\/noticias\/#listItem","name":"Noticias"}}]},{"@type":"NewsArticle","@id":"https:\/\/eldigitaldeasturias.com\/radio\/el-psoe-de-oviedo-acusa-al-ayuntamiento-de-falta-de-compromiso-con-los-eventos-culturales\/#newsarticle","name":"El PSOE de Oviedo acusa al Ayuntamiento de \u00abfalta de compromiso\u00bb con los eventos culturales | El Digital de Asturias","headline":"El PSOE de Oviedo acusa al Ayuntamiento de \u00abfalta de compromiso\u00bb con los eventos culturales","author":{"@id":"https:\/\/eldigitaldeasturias.com\/radio\/author\/nbasturias\/#author"},"publisher":{"@id":"https:\/\/eldigitaldeasturias.com\/radio\/#organization"},"image":{"@type":"ImageObject","url":"https:\/\/eldigitaldeasturias.com\/radio\/wp-content\/uploads\/2020\/09\/PSOE-Oviedo.jpg","width":653,"height":491,"caption":"Diego Vali\u00f1o y Lidia Falc\u00f3n. - EUROPA PRESS"},"datePublished":"2020-09-08T11:15:23+02:00","dateModified":"2020-09-08T11:15:23+02:00","inLanguage":"es-ES","mainEntityOfPage":{"@id":"https:\/\/eldigitaldeasturias.com\/radio\/el-psoe-de-oviedo-acusa-al-ayuntamiento-de-falta-de-compromiso-con-los-eventos-culturales\/#webpage"},"isPartOf":{"@id":"https:\/\/eldigitaldeasturias.com\/radio\/el-psoe-de-oviedo-acusa-al-ayuntamiento-de-falta-de-compromiso-con-los-eventos-culturales\/#webpage"},"articleSection":"Noticias","dateline":"Publicado el septiembre 8, 2020."},{"@type":"Organization","@id":"https:\/\/eldigitaldeasturias.com\/radio\/#organization","name":"El digital de Asturias Radio","description":"Diario de informaci\u00f3n y noticias","url":"https:\/\/eldigitaldeasturias.com\/radio\/","telephone":"+34652131393","logo":{"@type":"ImageObject","url":"https:\/\/www.eldigitaldeasturias.com\/radio\/wp-content\/uploads\/2021\/03\/EDA.jpg","@id":"https:\/\/eldigitaldeasturias.com\/radio\/el-psoe-de-oviedo-acusa-al-ayuntamiento-de-falta-de-compromiso-con-los-eventos-culturales\/#organizationLogo"},"image":{"@id":"https:\/\/eldigitaldeasturias.com\/radio\/el-psoe-de-oviedo-acusa-al-ayuntamiento-de-falta-de-compromiso-con-los-eventos-culturales\/#organizationLogo"},"sameAs":["https:\/\/www.facebook.com\/","https:\/\/x.com\/bercodi","https:\/\/www.instagram.com\/","https:\/\/www.youtube.com\/channel\/UCZP-2wLEB9Rv6erhFmqVnvg"]},{"@type":"Person","@id":"https:\/\/eldigitaldeasturias.com\/radio\/author\/nbasturias\/#author","url":"https:\/\/eldigitaldeasturias.com\/radio\/author\/nbasturias\/","name":"NBAsturias","image":{"@type":"ImageObject","@id":"https:\/\/eldigitaldeasturias.com\/radio\/el-psoe-de-oviedo-acusa-al-ayuntamiento-de-falta-de-compromiso-con-los-eventos-culturales\/#authorImage","url":"https:\/\/secure.gravatar.com\/avatar\/df2aeffc32bcd13f8d26072ef8a91b623d677766deac7f97ca815868cd41bf5e?s=96&d=mm&r=g","width":96,"height":96,"caption":"NBAsturias"}},{"@type":"WebPage","@id":"https:\/\/eldigitaldeasturias.com\/radio\/el-psoe-de-oviedo-acusa-al-ayuntamiento-de-falta-de-compromiso-con-los-eventos-culturales\/#webpage","url":"https:\/\/eldigitaldeasturias.com\/radio\/el-psoe-de-oviedo-acusa-al-ayuntamiento-de-falta-de-compromiso-con-los-eventos-culturales\/","name":"El PSOE de Oviedo acusa al Ayuntamiento de \u00abfalta de compromiso\u00bb con los eventos culturales | El Digital de Asturias","description":"(EUROPA PRESS) - La concejala del PSOE en Oviedo Lucia Falc\u00f3n ha acusado al responsable de Cultura, Jos\u00e9 Luis Costillas (Cs), de \"descoordinaci\u00f3n\" en los eventos culturales y festivos del verano y de una \"falta de compromiso\" con otras actividades ya cl\u00e1sicas del calendario, como el Otero Brutal Fest. En ese sentido, Falc\u00f3n ha recordado las","inLanguage":"es-ES","isPartOf":{"@id":"https:\/\/eldigitaldeasturias.com\/radio\/#website"},"breadcrumb":{"@id":"https:\/\/eldigitaldeasturias.com\/radio\/el-psoe-de-oviedo-acusa-al-ayuntamiento-de-falta-de-compromiso-con-los-eventos-culturales\/#breadcrumblist"},"author":{"@id":"https:\/\/eldigitaldeasturias.com\/radio\/author\/nbasturias\/#author"},"creator":{"@id":"https:\/\/eldigitaldeasturias.com\/radio\/author\/nbasturias\/#author"},"image":{"@type":"ImageObject","url":"https:\/\/eldigitaldeasturias.com\/radio\/wp-content\/uploads\/2020\/09\/PSOE-Oviedo.jpg","@id":"https:\/\/eldigitaldeasturias.com\/radio\/el-psoe-de-oviedo-acusa-al-ayuntamiento-de-falta-de-compromiso-con-los-eventos-culturales\/#mainImage","width":653,"height":491,"caption":"Diego Vali\u00f1o y Lidia Falc\u00f3n. - EUROPA PRESS"},"primaryImageOfPage":{"@id":"https:\/\/eldigitaldeasturias.com\/radio\/el-psoe-de-oviedo-acusa-al-ayuntamiento-de-falta-de-compromiso-con-los-eventos-culturales\/#mainImage"},"datePublished":"2020-09-08T11:15:23+02:00","dateModified":"2020-09-08T11:15:23+02:00"},{"@type":"WebSite","@id":"https:\/\/eldigitaldeasturias.com\/radio\/#website","url":"https:\/\/eldigitaldeasturias.com\/radio\/","name":"El Digital de Asturias","description":"Diario de informaci\u00f3n y noticias","inLanguage":"es-ES","publisher":{"@id":"https:\/\/eldigitaldeasturias.com\/radio\/#organization"}}]},"og:locale":"es_ES","og:site_name":"El Digital de Asturias | Diario de informaci\u00f3n y noticias","og:type":"article","og:title":"El PSOE de Oviedo acusa al Ayuntamiento de \u00abfalta de compromiso\u00bb con los eventos culturales | El Digital de Asturias","og:description":"(EUROPA PRESS) - La concejala del PSOE en Oviedo Lucia Falc\u00f3n ha acusado al responsable de Cultura, Jos\u00e9 Luis Costillas (Cs), de &quot;descoordinaci\u00f3n&quot; en los eventos culturales y festivos del verano y de una &quot;falta de compromiso&quot; con otras actividades ya cl\u00e1sicas del calendario, como el Otero Brutal Fest. En ese sentido, Falc\u00f3n ha recordado las","og:url":"https:\/\/eldigitaldeasturias.com\/radio\/el-psoe-de-oviedo-acusa-al-ayuntamiento-de-falta-de-compromiso-con-los-eventos-culturales\/","og:image":"https:\/\/eldigitaldeasturias.com\/radio\/wp-content\/uploads\/2020\/09\/PSOE-Oviedo.jpg","og:image:secure_url":"https:\/\/eldigitaldeasturias.com\/radio\/wp-content\/uploads\/2020\/09\/PSOE-Oviedo.jpg","og:image:width":653,"og:image:height":491,"article:published_time":"2020-09-08T11:15:23+00:00","article:modified_time":"2020-09-08T11:15:23+00:00","twitter:card":"summary_large_image","twitter:site":"@bercodi","twitter:title":"El PSOE de Oviedo acusa al Ayuntamiento de \u00abfalta de compromiso\u00bb con los eventos culturales | El Digital de Asturias","twitter:description":"(EUROPA PRESS) - La concejala del PSOE en Oviedo Lucia Falc\u00f3n ha acusado al responsable de Cultura, Jos\u00e9 Luis Costillas (Cs), de &quot;descoordinaci\u00f3n&quot; en los eventos culturales y festivos del verano y de una &quot;falta de compromiso&quot; con otras actividades ya cl\u00e1sicas del calendario, como el Otero Brutal Fest. En ese sentido, Falc\u00f3n ha recordado las","twitter:creator":"@bercodi","twitter:image":"https:\/\/eldigitaldeasturias.com\/radio\/wp-content\/uploads\/2020\/09\/PSOE-Oviedo.jpg"},"aioseo_meta_data":{"post_id":"5103","title":null,"description":"","keywords":"","keyphrases":null,"primary_term":null,"canonical_url":"","og_title":null,"og_description":null,"og_object_type":"default","og_image_type":"default","og_image_url":null,"og_image_width":null,"og_image_height":null,"og_image_custom_url":null,"og_image_custom_fields":null,"og_video":null,"og_custom_url":null,"og_article_section":null,"og_article_tags":null,"twitter_use_og":false,"twitter_card":"default","twitter_image_type":"default","twitter_image_url":null,"twitter_image_custom_url":null,"twitter_image_custom_fields":null,"twitter_title":null,"twitter_description":null,"schema":{"blockGraphs":[],"customGraphs":[],"default":{"data":{"Article":[],"Course":[],"Dataset":[],"FAQPage":[],"Movie":[],"Person":[],"Product":[],"ProductReview":[],"Car":[],"Recipe":[],"Service":[],"SoftwareApplication":[],"WebPage":[]},"graphName":"","isEnabled":true},"graphs":[],"defaultGraph":"","defaultPostTypeGraph":""},"schema_type":null,"schema_type_options":null,"pillar_content":false,"robots_default":true,"robots_noindex":false,"robots_noarchive":false,"robots_nosnippet":false,"robots_nofollow":false,"robots_noimageindex":false,"robots_noodp":false,"robots_notranslate":false,"robots_max_snippet":null,"robots_max_videopreview":null,"robots_max_imagepreview":"large","priority":null,"frequency":null,"location":null,"local_seo":null,"seo_analyzer_scan_date":"2025-08-28 17:20:25","breadcrumb_settings":null,"limit_modified_date":false,"open_ai":null,"ai":null,"created":"2021-03-25 18:48:37","updated":"2025-08-28 17:20:25"},"aioseo_breadcrumb":"<div class=\"aioseo-breadcrumbs\"><span class=\"aioseo-breadcrumb\">\n\t<a href=\"https:\/\/eldigitaldeasturias.com\/radio\" title=\"Inicio\">Inicio<\/a>\n<\/span><span class=\"aioseo-breadcrumb-separator\">&ndash;<\/span><span class=\"aioseo-breadcrumb\">\n\t<a href=\"https:\/\/eldigitaldeasturias.com\/radio\/category\/noticias\/\" title=\"Noticias\">Noticias<\/a>\n<\/span><span class=\"aioseo-breadcrumb-separator\">&ndash;<\/span><span class=\"aioseo-breadcrumb\">\n\tEl PSOE de Oviedo acusa al Ayuntamiento de \u00abfalta de compromiso\u00bb con los eventos culturales\n<\/span><\/div>","aioseo_breadcrumb_json":[{"label":"Inicio","link":"https:\/\/eldigitaldeasturias.com\/radio"},{"label":"Noticias","link":"https:\/\/eldigitaldeasturias.com\/radio\/category\/noticias\/"},{"label":"El PSOE de Oviedo acusa al Ayuntamiento de \u00abfalta de compromiso\u00bb con los eventos culturales","link":"https:\/\/eldigitaldeasturias.com\/radio\/el-psoe-de-oviedo-acusa-al-ayuntamiento-de-falta-de-compromiso-con-los-eventos-culturales\/"}],"_links":{"self":[{"href":"https:\/\/eldigitaldeasturias.com\/radio\/wp-json\/wp\/v2\/posts\/5103","targetHints":{"allow":["GET"]}}],"collection":[{"href":"https:\/\/eldigitaldeasturias.com\/radio\/wp-json\/wp\/v2\/posts"}],"about":[{"href":"https:\/\/eldigitaldeasturias.com\/radio\/wp-json\/wp\/v2\/types\/post"}],"author":[{"embeddable":true,"href":"https:\/\/eldigitaldeasturias.com\/radio\/wp-json\/wp\/v2\/users\/1"}],"replies":[{"embeddable":true,"href":"https:\/\/eldigitaldeasturias.com\/radio\/wp-json\/wp\/v2\/comments?post=5103"}],"version-history":[{"count":0,"href":"https:\/\/eldigitaldeasturias.com\/radio\/wp-json\/wp\/v2\/posts\/5103\/revisions"}],"wp:featuredmedia":[{"embeddable":true,"href":"https:\/\/eldigitaldeasturias.com\/radio\/wp-json\/wp\/v2\/media\/5104"}],"wp:attachment":[{"href":"https:\/\/eldigitaldeasturias.com\/radio\/wp-json\/wp\/v2\/media?parent=5103"}],"wp:term":[{"taxonomy":"category","embeddable":true,"href":"https:\/\/eldigitaldeasturias.com\/radio\/wp-json\/wp\/v2\/categories?post=5103"},{"taxonomy":"post_tag","embeddable":true,"href":"https:\/\/eldigitaldeasturias.com\/radio\/wp-json\/wp\/v2\/tags?post=5103"}],"curies":[{"name":"wp","href":"https:\/\/api.w.org\/{rel}","templated":true}]}}