{"id":5099,"date":"2020-09-08T11:11:30","date_gmt":"2020-09-08T11:11:30","guid":{"rendered":"http:\/\/www.eldigitaldeasturias.com\/radio\/?p=5099"},"modified":"2020-09-08T11:11:30","modified_gmt":"2020-09-08T11:11:30","slug":"sanchez-en-diciembre-podremos-vacunar-a-una-parte-de-la-poblacion","status":"publish","type":"post","link":"https:\/\/eldigitaldeasturias.com\/radio\/sanchez-en-diciembre-podremos-vacunar-a-una-parte-de-la-poblacion\/","title":{"rendered":"S\u00e1nchez: \u201cEn diciembre podremos vacunar a una parte de la poblaci\u00f3n\u201d"},"content":{"rendered":"<figure id=\"attachment_5097\" aria-describedby=\"caption-attachment-5097\" style=\"width: 360px\" class=\"wp-caption alignleft\"><img fetchpriority=\"high\" decoding=\"async\" class=\"size-medium wp-image-5097\" src=\"http:\/\/www.eldigitaldeasturias.com\/radio\/wp-content\/uploads\/2020\/09\/fotonoticia_20200907104314_1920-360x164.jpg\" alt=\"\" width=\"360\" height=\"164\" srcset=\"https:\/\/eldigitaldeasturias.com\/radio\/wp-content\/uploads\/2020\/09\/fotonoticia_20200907104314_1920-360x164.jpg 360w, https:\/\/eldigitaldeasturias.com\/radio\/wp-content\/uploads\/2020\/09\/fotonoticia_20200907104314_1920-1024x468.jpg 1024w, https:\/\/eldigitaldeasturias.com\/radio\/wp-content\/uploads\/2020\/09\/fotonoticia_20200907104314_1920-768x351.jpg 768w, https:\/\/eldigitaldeasturias.com\/radio\/wp-content\/uploads\/2020\/09\/fotonoticia_20200907104314_1920-1536x702.jpg 1536w, https:\/\/eldigitaldeasturias.com\/radio\/wp-content\/uploads\/2020\/09\/fotonoticia_20200907104314_1920.jpg 1920w\" sizes=\"(max-width: 360px) 100vw, 360px\" \/><figcaption id=\"caption-attachment-5097\" class=\"wp-caption-text\">Entrevista al presidente del Gobierno, Pedro S\u00e1nchez &#8211; RTVE<\/figcaption><\/figure>\n<p>(EUROPA PRESS) &#8211;\u00a0El presidente del Gobierno, Pedro S\u00e1nchez, ha comentado este lunes que espera que la vacuna contra el nuevo coronavirus pueda empezar a administrarse a determinados grupos poblacionales, consensuados con las comunidades aut\u00f3nomas, a partir del mes de septiembre.<\/p>\n<p>En una entrevista en TVE, recogida por Europa Press, S\u00e1nchez ha recordado que la Uni\u00f3n Europea es la que est\u00e1 gestionando la compra de las vacunas contra el nuevo coronavirus, siendo la desarrollada por la Universidad de Oxford (Reino Unido) y la compa\u00f1\u00eda AstraZeneca la que est\u00e1 m\u00e1s avanzada.<\/p>\n<p>\u00abAhora mismo, a nivel europeo, estamos cerrando contratos con distintas farmac\u00e9uticas. La accesibilidad va a ser para todos los ciudadanos europeos y el contrato que ya se ha cerrado es con AstraZeneca y Oxford ya que es la que es la que ahora mismo tiene los ensayos m\u00e1s avanzados, por lo que esperamos que en el mes de diciembre podamos empezar a vacunar a una parte de la poblaci\u00f3n en Espa\u00f1a\u00bb, ha recalcado S\u00e1nchez.<\/p>\n<p>De hecho, el presidente del Gobierno ha recordado que este mi\u00e9rcoles el Consejo Interterritorial del Sistema Nacional de Salud (CISNS), presidido por el ministro de Sanidad, Salvador Illa, y en el que participan todas las comunidades aut\u00f3nomas va a empezar a trabajar en los grupos de poblaci\u00f3n que recibir\u00e1n primero la futura vacuna contra el coronavirus.<\/p>\n<p>Asimismo, S\u00e1nchez ha asegurado que el \u00abhorizonte\u00bb de una respuesta contra el virus por parte de la ciencia, junto al mejor conocimiento que tienen los m\u00e9dicos sobre el manejo de la enfermedad, la mayor protecci\u00f3n de los profesionales sanitarios y el aumento de la concienciaci\u00f3n de los ciudadanos hace que se est\u00e9 \u00abmucho mejor preparados\u00bb contra el Covid-19 que en marzo o abril.<\/p>\n<p>\u00abCon independencia de que el n\u00famero de contagios sea equiparable a la situaci\u00f3n que ten\u00edamos en marzo y abril, la pandemia no es de las mismas caracter\u00edsticas de lo que desgraciadamente vivimos\u00bb, ha recalcado S\u00e1nchez, para avisar de que el coronavirus sigue siendo un \u00abgran desconocido y un adversario mort\u00edfero para el conjunto de la poblaci\u00f3n europea\u00bb.<\/p>\n","protected":false},"excerpt":{"rendered":"<p>(EUROPA PRESS) &#8211;\u00a0El presidente del Gobierno, Pedro S\u00e1nchez, ha comentado este lunes que espera que la vacuna contra el nuevo coronavirus pueda empezar a administrarse a determinados grupos poblacionales, consensuados con las comunidades aut\u00f3nomas, a partir del mes de septiembre. En una entrevista en TVE, recogida por Europa Press, S\u00e1nchez ha recordado que la Uni\u00f3n<\/p>\n","protected":false},"author":1,"featured_media":5097,"comment_status":"closed","ping_status":"closed","sticky":false,"template":"","format":"standard","meta":{"footnotes":""},"categories":[1],"tags":[],"class_list":{"0":"post-5099","1":"post","2":"type-post","3":"status-publish","4":"format-standard","5":"has-post-thumbnail","7":"category-noticias"},"aioseo_notices":[],"aioseo_head":"\n\t\t<!-- All in One SEO Pro 4.9.6.2 - aioseo.com -->\n\t<meta name=\"description\" content=\"(EUROPA PRESS) - El presidente del Gobierno, Pedro S\u00e1nchez, ha comentado este lunes que espera que la vacuna contra el nuevo coronavirus pueda empezar a administrarse a determinados grupos poblacionales, consensuados con las comunidades aut\u00f3nomas, a partir del mes de septiembre. En una entrevista en TVE, recogida por Europa Press, S\u00e1nchez ha recordado que la Uni\u00f3n\" \/>\n\t<meta name=\"robots\" content=\"max-image-preview:large\" \/>\n\t<meta name=\"author\" content=\"NBAsturias\"\/>\n\t<meta name=\"google-site-verification\" content=\"UA-38556648-1\" \/>\n\t<meta name=\"keywords\" content=\"noticias\" \/>\n\t<link rel=\"canonical\" href=\"https:\/\/eldigitaldeasturias.com\/radio\/sanchez-en-diciembre-podremos-vacunar-a-una-parte-de-la-poblacion\/\" \/>\n\t<meta name=\"generator\" content=\"All in One SEO Pro (AIOSEO) 4.9.6.2\" \/>\n\t\t<meta property=\"og:locale\" content=\"es_ES\" \/>\n\t\t<meta property=\"og:site_name\" content=\"El Digital de Asturias | Diario de informaci\u00f3n y noticias\" \/>\n\t\t<meta property=\"og:type\" content=\"article\" \/>\n\t\t<meta property=\"og:title\" content=\"S\u00e1nchez: \u201cEn diciembre podremos vacunar a una parte de la poblaci\u00f3n\u201d | El Digital de Asturias\" \/>\n\t\t<meta property=\"og:description\" content=\"(EUROPA PRESS) - El presidente del Gobierno, Pedro S\u00e1nchez, ha comentado este lunes que espera que la vacuna contra el nuevo coronavirus pueda empezar a administrarse a determinados grupos poblacionales, consensuados con las comunidades aut\u00f3nomas, a partir del mes de septiembre. En una entrevista en TVE, recogida por Europa Press, S\u00e1nchez ha recordado que la Uni\u00f3n\" \/>\n\t\t<meta property=\"og:url\" content=\"https:\/\/eldigitaldeasturias.com\/radio\/sanchez-en-diciembre-podremos-vacunar-a-una-parte-de-la-poblacion\/\" \/>\n\t\t<meta property=\"og:image\" content=\"https:\/\/eldigitaldeasturias.com\/radio\/wp-content\/uploads\/2020\/09\/fotonoticia_20200907104314_1920.jpg\" \/>\n\t\t<meta property=\"og:image:secure_url\" content=\"https:\/\/eldigitaldeasturias.com\/radio\/wp-content\/uploads\/2020\/09\/fotonoticia_20200907104314_1920.jpg\" \/>\n\t\t<meta property=\"og:image:width\" content=\"1920\" \/>\n\t\t<meta property=\"og:image:height\" content=\"877\" \/>\n\t\t<meta property=\"article:published_time\" content=\"2020-09-08T11:11:30+00:00\" \/>\n\t\t<meta property=\"article:modified_time\" content=\"2020-09-08T11:11:30+00:00\" \/>\n\t\t<meta name=\"twitter:card\" content=\"summary_large_image\" \/>\n\t\t<meta name=\"twitter:site\" content=\"@bercodi\" \/>\n\t\t<meta name=\"twitter:title\" content=\"S\u00e1nchez: \u201cEn diciembre podremos vacunar a una parte de la poblaci\u00f3n\u201d | El Digital de Asturias\" \/>\n\t\t<meta name=\"twitter:description\" content=\"(EUROPA PRESS) - El presidente del Gobierno, Pedro S\u00e1nchez, ha comentado este lunes que espera que la vacuna contra el nuevo coronavirus pueda empezar a administrarse a determinados grupos poblacionales, consensuados con las comunidades aut\u00f3nomas, a partir del mes de septiembre. En una entrevista en TVE, recogida por Europa Press, S\u00e1nchez ha recordado que la Uni\u00f3n\" \/>\n\t\t<meta name=\"twitter:creator\" content=\"@bercodi\" \/>\n\t\t<meta name=\"twitter:image\" content=\"https:\/\/eldigitaldeasturias.com\/radio\/wp-content\/uploads\/2020\/09\/fotonoticia_20200907104314_1920.jpg\" \/>\n\t\t<script type=\"application\/ld+json\" class=\"aioseo-schema\">\n\t\t\t{\"@context\":\"https:\\\/\\\/schema.org\",\"@graph\":[{\"@type\":\"BreadcrumbList\",\"@id\":\"https:\\\/\\\/eldigitaldeasturias.com\\\/radio\\\/sanchez-en-diciembre-podremos-vacunar-a-una-parte-de-la-poblacion\\\/#breadcrumblist\",\"itemListElement\":[{\"@type\":\"ListItem\",\"@id\":\"https:\\\/\\\/eldigitaldeasturias.com\\\/radio#listItem\",\"position\":1,\"name\":\"Inicio\",\"item\":\"https:\\\/\\\/eldigitaldeasturias.com\\\/radio\",\"nextItem\":{\"@type\":\"ListItem\",\"@id\":\"https:\\\/\\\/eldigitaldeasturias.com\\\/radio\\\/category\\\/noticias\\\/#listItem\",\"name\":\"Noticias\"}},{\"@type\":\"ListItem\",\"@id\":\"https:\\\/\\\/eldigitaldeasturias.com\\\/radio\\\/category\\\/noticias\\\/#listItem\",\"position\":2,\"name\":\"Noticias\",\"item\":\"https:\\\/\\\/eldigitaldeasturias.com\\\/radio\\\/category\\\/noticias\\\/\",\"nextItem\":{\"@type\":\"ListItem\",\"@id\":\"https:\\\/\\\/eldigitaldeasturias.com\\\/radio\\\/sanchez-en-diciembre-podremos-vacunar-a-una-parte-de-la-poblacion\\\/#listItem\",\"name\":\"S\\u00e1nchez: \\u201cEn diciembre podremos vacunar a una parte de la poblaci\\u00f3n\\u201d\"},\"previousItem\":{\"@type\":\"ListItem\",\"@id\":\"https:\\\/\\\/eldigitaldeasturias.com\\\/radio#listItem\",\"name\":\"Inicio\"}},{\"@type\":\"ListItem\",\"@id\":\"https:\\\/\\\/eldigitaldeasturias.com\\\/radio\\\/sanchez-en-diciembre-podremos-vacunar-a-una-parte-de-la-poblacion\\\/#listItem\",\"position\":3,\"name\":\"S\\u00e1nchez: \\u201cEn diciembre podremos vacunar a una parte de la poblaci\\u00f3n\\u201d\",\"previousItem\":{\"@type\":\"ListItem\",\"@id\":\"https:\\\/\\\/eldigitaldeasturias.com\\\/radio\\\/category\\\/noticias\\\/#listItem\",\"name\":\"Noticias\"}}]},{\"@type\":\"NewsArticle\",\"@id\":\"https:\\\/\\\/eldigitaldeasturias.com\\\/radio\\\/sanchez-en-diciembre-podremos-vacunar-a-una-parte-de-la-poblacion\\\/#newsarticle\",\"name\":\"S\\u00e1nchez: \\u201cEn diciembre podremos vacunar a una parte de la poblaci\\u00f3n\\u201d | El Digital de Asturias\",\"headline\":\"S\\u00e1nchez: \\u201cEn diciembre podremos vacunar a una parte de la poblaci\\u00f3n\\u201d\",\"author\":{\"@id\":\"https:\\\/\\\/eldigitaldeasturias.com\\\/radio\\\/author\\\/nbasturias\\\/#author\"},\"publisher\":{\"@id\":\"https:\\\/\\\/eldigitaldeasturias.com\\\/radio\\\/#organization\"},\"image\":{\"@type\":\"ImageObject\",\"url\":\"https:\\\/\\\/eldigitaldeasturias.com\\\/radio\\\/wp-content\\\/uploads\\\/2020\\\/09\\\/fotonoticia_20200907104314_1920.jpg\",\"width\":1920,\"height\":877,\"caption\":\"Entrevista al presidente del Gobierno, Pedro S\\u00e1nchez - RTVE\"},\"datePublished\":\"2020-09-08T11:11:30+02:00\",\"dateModified\":\"2020-09-08T11:11:30+02:00\",\"inLanguage\":\"es-ES\",\"mainEntityOfPage\":{\"@id\":\"https:\\\/\\\/eldigitaldeasturias.com\\\/radio\\\/sanchez-en-diciembre-podremos-vacunar-a-una-parte-de-la-poblacion\\\/#webpage\"},\"isPartOf\":{\"@id\":\"https:\\\/\\\/eldigitaldeasturias.com\\\/radio\\\/sanchez-en-diciembre-podremos-vacunar-a-una-parte-de-la-poblacion\\\/#webpage\"},\"articleSection\":\"Noticias\",\"dateline\":\"Publicado el septiembre 8, 2020.\"},{\"@type\":\"Organization\",\"@id\":\"https:\\\/\\\/eldigitaldeasturias.com\\\/radio\\\/#organization\",\"name\":\"El digital de Asturias Radio\",\"description\":\"Diario de informaci\\u00f3n y noticias\",\"url\":\"https:\\\/\\\/eldigitaldeasturias.com\\\/radio\\\/\",\"telephone\":\"+34652131393\",\"logo\":{\"@type\":\"ImageObject\",\"url\":\"https:\\\/\\\/www.eldigitaldeasturias.com\\\/radio\\\/wp-content\\\/uploads\\\/2021\\\/03\\\/EDA.jpg\",\"@id\":\"https:\\\/\\\/eldigitaldeasturias.com\\\/radio\\\/sanchez-en-diciembre-podremos-vacunar-a-una-parte-de-la-poblacion\\\/#organizationLogo\"},\"image\":{\"@id\":\"https:\\\/\\\/eldigitaldeasturias.com\\\/radio\\\/sanchez-en-diciembre-podremos-vacunar-a-una-parte-de-la-poblacion\\\/#organizationLogo\"},\"sameAs\":[\"https:\\\/\\\/www.facebook.com\\\/\",\"https:\\\/\\\/x.com\\\/bercodi\",\"https:\\\/\\\/www.instagram.com\\\/\",\"https:\\\/\\\/www.youtube.com\\\/channel\\\/UCZP-2wLEB9Rv6erhFmqVnvg\"]},{\"@type\":\"Person\",\"@id\":\"https:\\\/\\\/eldigitaldeasturias.com\\\/radio\\\/author\\\/nbasturias\\\/#author\",\"url\":\"https:\\\/\\\/eldigitaldeasturias.com\\\/radio\\\/author\\\/nbasturias\\\/\",\"name\":\"NBAsturias\",\"image\":{\"@type\":\"ImageObject\",\"@id\":\"https:\\\/\\\/eldigitaldeasturias.com\\\/radio\\\/sanchez-en-diciembre-podremos-vacunar-a-una-parte-de-la-poblacion\\\/#authorImage\",\"url\":\"https:\\\/\\\/secure.gravatar.com\\\/avatar\\\/df2aeffc32bcd13f8d26072ef8a91b623d677766deac7f97ca815868cd41bf5e?s=96&d=mm&r=g\",\"width\":96,\"height\":96,\"caption\":\"NBAsturias\"}},{\"@type\":\"WebPage\",\"@id\":\"https:\\\/\\\/eldigitaldeasturias.com\\\/radio\\\/sanchez-en-diciembre-podremos-vacunar-a-una-parte-de-la-poblacion\\\/#webpage\",\"url\":\"https:\\\/\\\/eldigitaldeasturias.com\\\/radio\\\/sanchez-en-diciembre-podremos-vacunar-a-una-parte-de-la-poblacion\\\/\",\"name\":\"S\\u00e1nchez: \\u201cEn diciembre podremos vacunar a una parte de la poblaci\\u00f3n\\u201d | El Digital de Asturias\",\"description\":\"(EUROPA PRESS) - El presidente del Gobierno, Pedro S\\u00e1nchez, ha comentado este lunes que espera que la vacuna contra el nuevo coronavirus pueda empezar a administrarse a determinados grupos poblacionales, consensuados con las comunidades aut\\u00f3nomas, a partir del mes de septiembre. En una entrevista en TVE, recogida por Europa Press, S\\u00e1nchez ha recordado que la Uni\\u00f3n\",\"inLanguage\":\"es-ES\",\"isPartOf\":{\"@id\":\"https:\\\/\\\/eldigitaldeasturias.com\\\/radio\\\/#website\"},\"breadcrumb\":{\"@id\":\"https:\\\/\\\/eldigitaldeasturias.com\\\/radio\\\/sanchez-en-diciembre-podremos-vacunar-a-una-parte-de-la-poblacion\\\/#breadcrumblist\"},\"author\":{\"@id\":\"https:\\\/\\\/eldigitaldeasturias.com\\\/radio\\\/author\\\/nbasturias\\\/#author\"},\"creator\":{\"@id\":\"https:\\\/\\\/eldigitaldeasturias.com\\\/radio\\\/author\\\/nbasturias\\\/#author\"},\"image\":{\"@type\":\"ImageObject\",\"url\":\"https:\\\/\\\/eldigitaldeasturias.com\\\/radio\\\/wp-content\\\/uploads\\\/2020\\\/09\\\/fotonoticia_20200907104314_1920.jpg\",\"@id\":\"https:\\\/\\\/eldigitaldeasturias.com\\\/radio\\\/sanchez-en-diciembre-podremos-vacunar-a-una-parte-de-la-poblacion\\\/#mainImage\",\"width\":1920,\"height\":877,\"caption\":\"Entrevista al presidente del Gobierno, Pedro S\\u00e1nchez - RTVE\"},\"primaryImageOfPage\":{\"@id\":\"https:\\\/\\\/eldigitaldeasturias.com\\\/radio\\\/sanchez-en-diciembre-podremos-vacunar-a-una-parte-de-la-poblacion\\\/#mainImage\"},\"datePublished\":\"2020-09-08T11:11:30+02:00\",\"dateModified\":\"2020-09-08T11:11:30+02:00\"},{\"@type\":\"WebSite\",\"@id\":\"https:\\\/\\\/eldigitaldeasturias.com\\\/radio\\\/#website\",\"url\":\"https:\\\/\\\/eldigitaldeasturias.com\\\/radio\\\/\",\"name\":\"El Digital de Asturias\",\"description\":\"Diario de informaci\\u00f3n y noticias\",\"inLanguage\":\"es-ES\",\"publisher\":{\"@id\":\"https:\\\/\\\/eldigitaldeasturias.com\\\/radio\\\/#organization\"}}]}\n\t\t<\/script>\n\t\t<!-- All in One SEO Pro -->\r\n\t\t<title>S\u00e1nchez: \u201cEn diciembre podremos vacunar a una parte de la poblaci\u00f3n\u201d | El Digital de Asturias<\/title>\n\n","aioseo_head_json":{"title":"S\u00e1nchez: \u201cEn diciembre podremos vacunar a una parte de la poblaci\u00f3n\u201d | El Digital de Asturias","description":"(EUROPA PRESS) - El presidente del Gobierno, Pedro S\u00e1nchez, ha comentado este lunes que espera que la vacuna contra el nuevo coronavirus pueda empezar a administrarse a determinados grupos poblacionales, consensuados con las comunidades aut\u00f3nomas, a partir del mes de septiembre. En una entrevista en TVE, recogida por Europa Press, S\u00e1nchez ha recordado que la Uni\u00f3n","canonical_url":"https:\/\/eldigitaldeasturias.com\/radio\/sanchez-en-diciembre-podremos-vacunar-a-una-parte-de-la-poblacion\/","robots":"max-image-preview:large","keywords":"noticias","webmasterTools":{"google-site-verification":"UA-38556648-1","miscellaneous":""},"schema":{"@context":"https:\/\/schema.org","@graph":[{"@type":"BreadcrumbList","@id":"https:\/\/eldigitaldeasturias.com\/radio\/sanchez-en-diciembre-podremos-vacunar-a-una-parte-de-la-poblacion\/#breadcrumblist","itemListElement":[{"@type":"ListItem","@id":"https:\/\/eldigitaldeasturias.com\/radio#listItem","position":1,"name":"Inicio","item":"https:\/\/eldigitaldeasturias.com\/radio","nextItem":{"@type":"ListItem","@id":"https:\/\/eldigitaldeasturias.com\/radio\/category\/noticias\/#listItem","name":"Noticias"}},{"@type":"ListItem","@id":"https:\/\/eldigitaldeasturias.com\/radio\/category\/noticias\/#listItem","position":2,"name":"Noticias","item":"https:\/\/eldigitaldeasturias.com\/radio\/category\/noticias\/","nextItem":{"@type":"ListItem","@id":"https:\/\/eldigitaldeasturias.com\/radio\/sanchez-en-diciembre-podremos-vacunar-a-una-parte-de-la-poblacion\/#listItem","name":"S\u00e1nchez: \u201cEn diciembre podremos vacunar a una parte de la poblaci\u00f3n\u201d"},"previousItem":{"@type":"ListItem","@id":"https:\/\/eldigitaldeasturias.com\/radio#listItem","name":"Inicio"}},{"@type":"ListItem","@id":"https:\/\/eldigitaldeasturias.com\/radio\/sanchez-en-diciembre-podremos-vacunar-a-una-parte-de-la-poblacion\/#listItem","position":3,"name":"S\u00e1nchez: \u201cEn diciembre podremos vacunar a una parte de la poblaci\u00f3n\u201d","previousItem":{"@type":"ListItem","@id":"https:\/\/eldigitaldeasturias.com\/radio\/category\/noticias\/#listItem","name":"Noticias"}}]},{"@type":"NewsArticle","@id":"https:\/\/eldigitaldeasturias.com\/radio\/sanchez-en-diciembre-podremos-vacunar-a-una-parte-de-la-poblacion\/#newsarticle","name":"S\u00e1nchez: \u201cEn diciembre podremos vacunar a una parte de la poblaci\u00f3n\u201d | El Digital de Asturias","headline":"S\u00e1nchez: \u201cEn diciembre podremos vacunar a una parte de la poblaci\u00f3n\u201d","author":{"@id":"https:\/\/eldigitaldeasturias.com\/radio\/author\/nbasturias\/#author"},"publisher":{"@id":"https:\/\/eldigitaldeasturias.com\/radio\/#organization"},"image":{"@type":"ImageObject","url":"https:\/\/eldigitaldeasturias.com\/radio\/wp-content\/uploads\/2020\/09\/fotonoticia_20200907104314_1920.jpg","width":1920,"height":877,"caption":"Entrevista al presidente del Gobierno, Pedro S\u00e1nchez - RTVE"},"datePublished":"2020-09-08T11:11:30+02:00","dateModified":"2020-09-08T11:11:30+02:00","inLanguage":"es-ES","mainEntityOfPage":{"@id":"https:\/\/eldigitaldeasturias.com\/radio\/sanchez-en-diciembre-podremos-vacunar-a-una-parte-de-la-poblacion\/#webpage"},"isPartOf":{"@id":"https:\/\/eldigitaldeasturias.com\/radio\/sanchez-en-diciembre-podremos-vacunar-a-una-parte-de-la-poblacion\/#webpage"},"articleSection":"Noticias","dateline":"Publicado el septiembre 8, 2020."},{"@type":"Organization","@id":"https:\/\/eldigitaldeasturias.com\/radio\/#organization","name":"El digital de Asturias Radio","description":"Diario de informaci\u00f3n y noticias","url":"https:\/\/eldigitaldeasturias.com\/radio\/","telephone":"+34652131393","logo":{"@type":"ImageObject","url":"https:\/\/www.eldigitaldeasturias.com\/radio\/wp-content\/uploads\/2021\/03\/EDA.jpg","@id":"https:\/\/eldigitaldeasturias.com\/radio\/sanchez-en-diciembre-podremos-vacunar-a-una-parte-de-la-poblacion\/#organizationLogo"},"image":{"@id":"https:\/\/eldigitaldeasturias.com\/radio\/sanchez-en-diciembre-podremos-vacunar-a-una-parte-de-la-poblacion\/#organizationLogo"},"sameAs":["https:\/\/www.facebook.com\/","https:\/\/x.com\/bercodi","https:\/\/www.instagram.com\/","https:\/\/www.youtube.com\/channel\/UCZP-2wLEB9Rv6erhFmqVnvg"]},{"@type":"Person","@id":"https:\/\/eldigitaldeasturias.com\/radio\/author\/nbasturias\/#author","url":"https:\/\/eldigitaldeasturias.com\/radio\/author\/nbasturias\/","name":"NBAsturias","image":{"@type":"ImageObject","@id":"https:\/\/eldigitaldeasturias.com\/radio\/sanchez-en-diciembre-podremos-vacunar-a-una-parte-de-la-poblacion\/#authorImage","url":"https:\/\/secure.gravatar.com\/avatar\/df2aeffc32bcd13f8d26072ef8a91b623d677766deac7f97ca815868cd41bf5e?s=96&d=mm&r=g","width":96,"height":96,"caption":"NBAsturias"}},{"@type":"WebPage","@id":"https:\/\/eldigitaldeasturias.com\/radio\/sanchez-en-diciembre-podremos-vacunar-a-una-parte-de-la-poblacion\/#webpage","url":"https:\/\/eldigitaldeasturias.com\/radio\/sanchez-en-diciembre-podremos-vacunar-a-una-parte-de-la-poblacion\/","name":"S\u00e1nchez: \u201cEn diciembre podremos vacunar a una parte de la poblaci\u00f3n\u201d | El Digital de Asturias","description":"(EUROPA PRESS) - El presidente del Gobierno, Pedro S\u00e1nchez, ha comentado este lunes que espera que la vacuna contra el nuevo coronavirus pueda empezar a administrarse a determinados grupos poblacionales, consensuados con las comunidades aut\u00f3nomas, a partir del mes de septiembre. En una entrevista en TVE, recogida por Europa Press, S\u00e1nchez ha recordado que la Uni\u00f3n","inLanguage":"es-ES","isPartOf":{"@id":"https:\/\/eldigitaldeasturias.com\/radio\/#website"},"breadcrumb":{"@id":"https:\/\/eldigitaldeasturias.com\/radio\/sanchez-en-diciembre-podremos-vacunar-a-una-parte-de-la-poblacion\/#breadcrumblist"},"author":{"@id":"https:\/\/eldigitaldeasturias.com\/radio\/author\/nbasturias\/#author"},"creator":{"@id":"https:\/\/eldigitaldeasturias.com\/radio\/author\/nbasturias\/#author"},"image":{"@type":"ImageObject","url":"https:\/\/eldigitaldeasturias.com\/radio\/wp-content\/uploads\/2020\/09\/fotonoticia_20200907104314_1920.jpg","@id":"https:\/\/eldigitaldeasturias.com\/radio\/sanchez-en-diciembre-podremos-vacunar-a-una-parte-de-la-poblacion\/#mainImage","width":1920,"height":877,"caption":"Entrevista al presidente del Gobierno, Pedro S\u00e1nchez - RTVE"},"primaryImageOfPage":{"@id":"https:\/\/eldigitaldeasturias.com\/radio\/sanchez-en-diciembre-podremos-vacunar-a-una-parte-de-la-poblacion\/#mainImage"},"datePublished":"2020-09-08T11:11:30+02:00","dateModified":"2020-09-08T11:11:30+02:00"},{"@type":"WebSite","@id":"https:\/\/eldigitaldeasturias.com\/radio\/#website","url":"https:\/\/eldigitaldeasturias.com\/radio\/","name":"El Digital de Asturias","description":"Diario de informaci\u00f3n y noticias","inLanguage":"es-ES","publisher":{"@id":"https:\/\/eldigitaldeasturias.com\/radio\/#organization"}}]},"og:locale":"es_ES","og:site_name":"El Digital de Asturias | Diario de informaci\u00f3n y noticias","og:type":"article","og:title":"S\u00e1nchez: \u201cEn diciembre podremos vacunar a una parte de la poblaci\u00f3n\u201d | El Digital de Asturias","og:description":"(EUROPA PRESS) - El presidente del Gobierno, Pedro S\u00e1nchez, ha comentado este lunes que espera que la vacuna contra el nuevo coronavirus pueda empezar a administrarse a determinados grupos poblacionales, consensuados con las comunidades aut\u00f3nomas, a partir del mes de septiembre. En una entrevista en TVE, recogida por Europa Press, S\u00e1nchez ha recordado que la Uni\u00f3n","og:url":"https:\/\/eldigitaldeasturias.com\/radio\/sanchez-en-diciembre-podremos-vacunar-a-una-parte-de-la-poblacion\/","og:image":"https:\/\/eldigitaldeasturias.com\/radio\/wp-content\/uploads\/2020\/09\/fotonoticia_20200907104314_1920.jpg","og:image:secure_url":"https:\/\/eldigitaldeasturias.com\/radio\/wp-content\/uploads\/2020\/09\/fotonoticia_20200907104314_1920.jpg","og:image:width":1920,"og:image:height":877,"article:published_time":"2020-09-08T11:11:30+00:00","article:modified_time":"2020-09-08T11:11:30+00:00","twitter:card":"summary_large_image","twitter:site":"@bercodi","twitter:title":"S\u00e1nchez: \u201cEn diciembre podremos vacunar a una parte de la poblaci\u00f3n\u201d | El Digital de Asturias","twitter:description":"(EUROPA PRESS) - El presidente del Gobierno, Pedro S\u00e1nchez, ha comentado este lunes que espera que la vacuna contra el nuevo coronavirus pueda empezar a administrarse a determinados grupos poblacionales, consensuados con las comunidades aut\u00f3nomas, a partir del mes de septiembre. En una entrevista en TVE, recogida por Europa Press, S\u00e1nchez ha recordado que la Uni\u00f3n","twitter:creator":"@bercodi","twitter:image":"https:\/\/eldigitaldeasturias.com\/radio\/wp-content\/uploads\/2020\/09\/fotonoticia_20200907104314_1920.jpg"},"aioseo_meta_data":{"post_id":"5099","title":null,"description":"","keywords":"","keyphrases":null,"primary_term":null,"canonical_url":"","og_title":null,"og_description":null,"og_object_type":"default","og_image_type":"default","og_image_url":null,"og_image_width":null,"og_image_height":null,"og_image_custom_url":null,"og_image_custom_fields":null,"og_video":null,"og_custom_url":null,"og_article_section":null,"og_article_tags":null,"twitter_use_og":false,"twitter_card":"default","twitter_image_type":"default","twitter_image_url":null,"twitter_image_custom_url":null,"twitter_image_custom_fields":null,"twitter_title":null,"twitter_description":null,"schema":{"blockGraphs":[],"customGraphs":[],"default":{"data":{"Article":[],"Course":[],"Dataset":[],"FAQPage":[],"Movie":[],"Person":[],"Product":[],"ProductReview":[],"Car":[],"Recipe":[],"Service":[],"SoftwareApplication":[],"WebPage":[]},"graphName":"","isEnabled":true},"graphs":[],"defaultGraph":"","defaultPostTypeGraph":""},"schema_type":null,"schema_type_options":null,"pillar_content":false,"robots_default":true,"robots_noindex":false,"robots_noarchive":false,"robots_nosnippet":false,"robots_nofollow":false,"robots_noimageindex":false,"robots_noodp":false,"robots_notranslate":false,"robots_max_snippet":null,"robots_max_videopreview":null,"robots_max_imagepreview":"large","priority":null,"frequency":null,"location":null,"local_seo":null,"seo_analyzer_scan_date":"2025-08-28 17:18:45","breadcrumb_settings":null,"limit_modified_date":false,"open_ai":null,"ai":null,"created":"2021-03-25 15:13:22","updated":"2025-08-28 17:18:45"},"aioseo_breadcrumb":"<div class=\"aioseo-breadcrumbs\"><span class=\"aioseo-breadcrumb\">\n\t<a href=\"https:\/\/eldigitaldeasturias.com\/radio\" title=\"Inicio\">Inicio<\/a>\n<\/span><span class=\"aioseo-breadcrumb-separator\">&ndash;<\/span><span class=\"aioseo-breadcrumb\">\n\t<a href=\"https:\/\/eldigitaldeasturias.com\/radio\/category\/noticias\/\" title=\"Noticias\">Noticias<\/a>\n<\/span><span class=\"aioseo-breadcrumb-separator\">&ndash;<\/span><span class=\"aioseo-breadcrumb\">\n\tS\u00e1nchez: \u201cEn diciembre podremos vacunar a una parte de la poblaci\u00f3n\u201d\n<\/span><\/div>","aioseo_breadcrumb_json":[{"label":"Inicio","link":"https:\/\/eldigitaldeasturias.com\/radio"},{"label":"Noticias","link":"https:\/\/eldigitaldeasturias.com\/radio\/category\/noticias\/"},{"label":"S\u00e1nchez: \u201cEn diciembre podremos vacunar a una parte de la poblaci\u00f3n\u201d","link":"https:\/\/eldigitaldeasturias.com\/radio\/sanchez-en-diciembre-podremos-vacunar-a-una-parte-de-la-poblacion\/"}],"_links":{"self":[{"href":"https:\/\/eldigitaldeasturias.com\/radio\/wp-json\/wp\/v2\/posts\/5099","targetHints":{"allow":["GET"]}}],"collection":[{"href":"https:\/\/eldigitaldeasturias.com\/radio\/wp-json\/wp\/v2\/posts"}],"about":[{"href":"https:\/\/eldigitaldeasturias.com\/radio\/wp-json\/wp\/v2\/types\/post"}],"author":[{"embeddable":true,"href":"https:\/\/eldigitaldeasturias.com\/radio\/wp-json\/wp\/v2\/users\/1"}],"replies":[{"embeddable":true,"href":"https:\/\/eldigitaldeasturias.com\/radio\/wp-json\/wp\/v2\/comments?post=5099"}],"version-history":[{"count":0,"href":"https:\/\/eldigitaldeasturias.com\/radio\/wp-json\/wp\/v2\/posts\/5099\/revisions"}],"wp:featuredmedia":[{"embeddable":true,"href":"https:\/\/eldigitaldeasturias.com\/radio\/wp-json\/wp\/v2\/media\/5097"}],"wp:attachment":[{"href":"https:\/\/eldigitaldeasturias.com\/radio\/wp-json\/wp\/v2\/media?parent=5099"}],"wp:term":[{"taxonomy":"category","embeddable":true,"href":"https:\/\/eldigitaldeasturias.com\/radio\/wp-json\/wp\/v2\/categories?post=5099"},{"taxonomy":"post_tag","embeddable":true,"href":"https:\/\/eldigitaldeasturias.com\/radio\/wp-json\/wp\/v2\/tags?post=5099"}],"curies":[{"name":"wp","href":"https:\/\/api.w.org\/{rel}","templated":true}]}}